{"id":99568,"date":"2025-08-07T08:29:00","date_gmt":"2025-08-07T11:29:00","guid":{"rendered":"https:\/\/cj.estrategia.com\/portal\/?p=99568"},"modified":"2025-12-17T20:06:58","modified_gmt":"2025-12-17T23:06:58","slug":"concurso-procurador-ares-pcj","status":"publish","type":"post","link":"https:\/\/cj.estrategia.com\/portal\/concurso-procurador-ares-pcj\/","title":{"rendered":"Concurso Procurador ARES PCJ: saiu a classifica\u00e7\u00e3o final"},"content":{"rendered":"<a id=\"cta-icon\" href=\"https:\/\/sndflw.com\/i\/procuradorias-grupo\" target=\"blank\" style=\"background:rgb(41,166,26)\">\n            <img decoding=\"async\" src=\"https:\/\/cj.estrategia.com\/portal\/wp-content\/uploads\/2023\/12\/07160657\/whatsapp_1385.webp\" alt=\"\" alt=\"whatsapp_1385\"><span > Acesse agora o Grupo de Estudos para Concurso de Procuradorias <\/span><\/a>\n\n\n\n<p>Est\u00e1 dispon\u00edvel a <strong>classifica\u00e7\u00e3o final <\/strong>do <strong>Concurso Procurador ARES PCJ <\/strong>(Ag\u00eancia Reguladora dos Servi\u00e7os de Saneamento das Bacias dos Rios Piracicaba, Capivari e Jundia\u00ed). Veja:<\/p>\n\n\n\n<ul class=\"wp-block-list\">\n<li><a href=\"https:\/\/cj.estrategia.com\/portal\/wp-content\/uploads\/2025\/07\/07090032\/ARES2401_306_20250806091143.pdf.pdf\" target=\"_blank\" >Classifica\u00e7\u00e3o final<\/a>.<\/li>\n<\/ul>\n\n\n\n<p>As provas foram realizadas no primeiro domingo de junho (01\/06). O certame oferta <strong>2 vagas<\/strong> para o cargo de <strong>Procurador Jur\u00eddico <\/strong>com vencimento inicial de <strong>R$ 13.056,00.<\/strong><\/p>\n\n\n\n<p>Para participar foi necess\u00e1rio ter n\u00edvel superior completo em direito e estar regularmente inscrito na Ordem dos Advogados do Brasil OAB.<\/p>\n\n\n\n<ul class=\"wp-block-list has-very-light-gray-to-cyan-bluish-gray-gradient-background has-background\">\n<li><strong>Concurso Procurador ARES PCJ<\/strong><\/li>\n\n\n\n<li><strong>Status:<\/strong> classifica\u00e7\u00e3o final divulgada<\/li>\n\n\n\n<li><strong>Banca<\/strong>: <a href=\"https:\/\/www.vunesp.com.br\/ARES2401\" target=\"_blank\" >Funda\u00e7\u00e3o VUNESP<\/a><\/li>\n\n\n\n<li><strong>Vagas:<\/strong> 2<\/li>\n\n\n\n<li><strong>Remunera\u00e7\u00e3o:<\/strong>&nbsp;R$ 13.056,00<\/li>\n\n\n\n<li><strong>Edital: <\/strong><a href=\"https:\/\/cj.estrategia.com\/portal\/wp-content\/uploads\/2025\/02\/26124858\/ARES2401_224_20250226112702.pdf.pdf\">ARES PCJ 2025<\/a><\/li>\n<\/ul>\n\n\n\n<div class=\"container\" id=\"boxes\">\n  <div class=\"row\">\n\n    <div class=\"col-sm\">\n      <div class=\"banner-estrategia-concursos-juridicos\" id=\"box-assinatura\">\n        <h2 id=\"curso-para-concurso-procurador-ares-pcj\" class=\"titulo-assinatura\"><span style=\"color: #ffffff; font-size: 23px; \">Curso para Concurso Procurador ARES PCJ<\/span><\/h2>\n        <p class=\"subtitulo-assinatura\">Cursos focados no edital do concurso<\/p>\n        <div class=\"box-botao\">\n          <a class=\"btn-assinatura-juridica\" target=\"_blank\" href=\"https:\/\/cj.estrategia.com\/cursos\/\" rel=\"noopener noreferrer\">Conhe\u00e7a mais<\/a>\n        <\/div>\n      <\/div>\n      <p class=\"texto-auxiliar\">Prepare-se com o melhor material e com quem mais aprova em concursos em todo o pa\u00eds. \n<\/p>\n    <\/div>\n\n  <\/div>\n<\/div>\n\n\n\n<div class=\"wp-block-yoast-seo-table-of-contents yoast-table-of-contents\"><h3 id=\"navegue-pelo-indice\">Navegue pelo \u00edndice:<\/h3><ul><li><a href=\"#h-concurso-procurador-ares-pcj-situacao-atual\" data-level=\"2\">Concurso Procurador ARES PCJ: situa\u00e7\u00e3o atual<\/a><ul><li><a href=\"#h-gabaritos-e-resultados\" data-level=\"3\">Gabaritos e resultados<\/a><\/li><li><a href=\"#h-documentos-importantes\" data-level=\"3\">Documentos importantes<\/a><\/li><\/ul><\/li><li><a href=\"#h-carreira-de-procurador-na-ares-pcj\" data-level=\"2\">Carreira de Procurador na ARES PCJ<\/a><ul><li><a href=\"#cargos\" data-level=\"3\">Cargos, vagas, remunera\u00e7\u00e3o e requisitos<\/a><\/li><li><a href=\"#carreira\" data-level=\"3\">Benef\u00edcios<\/a><\/li><\/ul><\/li><li><a href=\"#h-etapas-e-provas-concurso-procurador-ares-pcj\" data-level=\"2\">Etapas e provas concurso Procurador ARES PCJ<\/a><ul><li><a href=\"#h-prova-objetiva\" data-level=\"3\">Prova objetiva<\/a><\/li><li><a href=\"#h-prova-pratico-profissional\" data-level=\"3\">Prova pr\u00e1tico-profissional<\/a><\/li><li><a href=\"#h-prova-de-titulos\" data-level=\"3\">Prova de t\u00edtulos<\/a><\/li><\/ul><\/li><li><a href=\"#h-sobre-a-ares-pcj\" data-level=\"2\">Sobre a ARES PCJ<\/a><ul><li><a href=\"#h-principais-atribuicoes\" data-level=\"3\">Principais atribui\u00e7\u00f5es<\/a><\/li><\/ul><\/li><li><a href=\"#cursos\" data-level=\"2\">Quer saber tudo sobre concursos previstos? Confira nossos artigos!<\/a><\/li><li><a href=\"#cursos\" data-level=\"2\">CURSOS E ASSINATURAS<\/a><\/li><\/ul><\/div>\n\n\n\n<ul class=\"wp-block-list\">\n<li><\/li>\n<\/ul>\n\n\n\n<h2 class=\"wp-block-heading\" id=\"h-concurso-procurador-ares-pcj-situacao-atual\"><span id=\"concurso-procurador-ares-pcj-situacao-atual\">Concurso Procurador ARES PCJ: situa\u00e7\u00e3o atual<\/span><\/h2>\n\n\n\n<h3 class=\"wp-block-heading\" id=\"h-gabaritos-e-resultados\"><span id=\"gabaritos-e-resultados\">Gabaritos e resultados<\/span><\/h3>\n\n\n\n<ul class=\"wp-block-list\">\n<li><a href=\"https:\/\/cj.estrategia.com\/portal\/wp-content\/uploads\/2025\/06\/04150307\/ARES2401_306_20250602094255.pdf.pdf\" target=\"_blank\" rel=\"noreferrer noopener nofollow\">Gabaritos<\/a> e <a href=\"https:\/\/cj.estrategia.com\/portal\/wp-content\/uploads\/2025\/06\/04150322\/ARES2401_306_20250701075924.pdf.pdf\" target=\"_blank\" rel=\"noreferrer noopener nofollow\">resposta aos recursos interpostos<\/a>;<\/li>\n\n\n\n<li><a href=\"https:\/\/cj.estrategia.com\/portal\/wp-content\/uploads\/2025\/06\/04150042\/ARES2401_306_20250701080228.pdf-1.pdf\" target=\"_blank\" rel=\"noreferrer noopener nofollow\">Resultado da prova objetiva<\/a>;<\/li>\n\n\n\n<li><a href=\"https:\/\/cj.estrategia.com\/portal\/wp-content\/uploads\/2025\/07\/24212659\/ARES2401_306_20250721091306.pdf.pdf\" target=\"_blank\" rel=\"noreferrer noopener nofollow\">Resultado da avalia\u00e7\u00e3o de t\u00edtulos<\/a>;<\/li>\n\n\n\n<li><a href=\"https:\/\/cj.estrategia.com\/portal\/wp-content\/uploads\/2025\/07\/24212737\/ARES2401_306_20250721091402.pdf.pdf\" target=\"_blank\" rel=\"noreferrer noopener nofollow\">Resultado da prova pr\u00e1tico-profissional<\/a>; e<\/li>\n\n\n\n<li><a href=\"https:\/\/cj.estrategia.com\/portal\/wp-content\/uploads\/2025\/07\/24212802\/ARES2401_306_20250721091447.pdf.pdf\" target=\"_blank\" rel=\"noreferrer noopener nofollow\">Classifica\u00e7\u00e3o pr\u00e9via<\/a>.<\/li>\n<\/ul>\n\n\n\n<h3 class=\"wp-block-heading\" id=\"h-documentos-importantes\"><span id=\"documentos-importantes\">Documentos importantes<\/span><\/h3>\n\n\n\n<ul class=\"wp-block-list\">\n<li><a href=\"https:\/\/cj.estrategia.com\/portal\/wp-content\/uploads\/2025\/03\/26130844\/ARES2401_306_20250318132033.pdf.pdf\">Resultado da an\u00e1lise dos requerimentos de isen\u00e7\u00e3o do pagamento da taxa de inscri\u00e7\u00e3o<\/a>;<\/li>\n\n\n\n<li><a href=\"https:\/\/cj.estrategia.com\/portal\/wp-content\/uploads\/2025\/04\/24132605\/ARES2401_306_20250422110123.pdf.pdf\" target=\"_blank\" rel=\"noreferrer noopener nofollow\">Resultado das solicita\u00e7\u00f5es de atendimento especial e participa\u00e7\u00e3o na lista PCD<\/a>;<\/li>\n\n\n\n<li><a href=\"https:\/\/cj.estrategia.com\/portal\/wp-content\/uploads\/2025\/04\/24132640\/ARES2401_306_20250422112821.pdf.pdf\" target=\"_blank\" rel=\"noreferrer noopener nofollow\">Resultado da an\u00e1lise dos requerimentos de crit\u00e9rio de desempate<\/a>;<\/li>\n\n\n\n<li><a href=\"https:\/\/cj.estrategia.com\/portal\/wp-content\/uploads\/2025\/04\/21095335\/ARES2401_306_20250416093233.pdf-1.pdf\" target=\"_blank\" rel=\"noreferrer noopener nofollow\">641 candidatos inscritos<\/a>.<\/li>\n<\/ul>\n\n\n\n<h2 class=\"wp-block-heading\" id=\"h-carreira-de-procurador-na-ares-pcj\"><span id=\"carreira-de-procurador-na-ares-pcj\">Carreira de Procurador na ARES PCJ<\/span><\/h2>\n\n\n\n<h3 class=\"wp-block-heading\" id=\"cargos\"><span id=\"cargos-vagas-remuneracao-e-requisitos\">Cargos, vagas, remunera\u00e7\u00e3o e requisitos<\/span><\/h3>\n\n\n\n<figure class=\"wp-block-table is-style-stripes\"><table class=\"has-very-light-gray-to-cyan-bluish-gray-gradient-background has-background\"><thead><tr><th class=\"has-text-align-center\" data-align=\"center\">Cargos<\/th><th class=\"has-text-align-center\" data-align=\"center\">Vagas<\/th><th>Remunera\u00e7\u00e3o  <\/th><th>Requisitos<\/th><th class=\"has-text-align-center\" data-align=\"center\">Jornada de trabalho<\/th><\/tr><\/thead><tbody><tr><td class=\"has-text-align-center\" data-align=\"center\">Procurador Jur\u00eddico <\/td><td class=\"has-text-align-center\" data-align=\"center\">2<\/td><td>R$ 13.056,00<\/td><td>N\u00edvel superior em direito, regularmente inscrito na Ordem dos Advogados do Brasil OAB<\/td><td class=\"has-text-align-center\" data-align=\"center\">40h<\/td><\/tr><\/tbody><\/table><figcaption class=\"wp-element-caption\">Vagas, remunera\u00e7\u00e3o e requisitos do cargo de Procurador Jur\u00eddico<\/figcaption><\/figure>\n\n\n\n<h3 class=\"wp-block-heading\" id=\"carreira\"><span id=\"beneficios\">Benef\u00edcios<\/span><\/h3>\n\n\n\n<ul class=\"wp-block-list\">\n<li> Aux\u00edlio alimenta\u00e7\u00e3o no valor de R$ 1.000,00;<\/li>\n<\/ul>\n\n\n\n<ul class=\"wp-block-list\">\n<li>Aux\u00edlio transporte de R$ 300,00;<\/li>\n<\/ul>\n\n\n\n<ul class=\"wp-block-list\">\n<li>  Aux\u00edlio-Creche de R$ 520,96 para filhos at\u00e9 6 anos; e<\/li>\n<\/ul>\n\n\n\n<ul class=\"wp-block-list\">\n<li>Reembolso de plano m\u00e9dico para o titular e seus dependentes.<\/li>\n<\/ul>\n\n\n\n<h2 class=\"wp-block-heading\" id=\"h-etapas-e-provas-concurso-procurador-ares-pcj\"><span id=\"etapas-e-provas-concurso-procurador-ares-pcj\">Etapas e provas concurso Procurador ARES PCJ<\/span><\/h2>\n\n\n\n<p>Os candidatos foram avaliados por:<\/p>\n\n\n\n<ul class=\"wp-block-list\">\n<li><strong>Prova objetiva<\/strong>, de car\u00e1ter eliminat\u00f3rio e classificat\u00f3rio.<\/li>\n\n\n\n<li><strong>Prova pr\u00e1tico-profissional<\/strong>, de car\u00e1ter eliminat\u00f3rio e classificat\u00f3rio.<\/li>\n\n\n\n<li><strong>Prova de t\u00edtulos<\/strong>, de car\u00e1ter eliminat\u00f3rio e classificat\u00f3rio.<\/li>\n<\/ul>\n\n\n\n<p>A prova pr\u00e1tico-profissional foi aplicada junto com a prova objetiva e teve dura\u00e7\u00e3o de 5 horas.<\/p>\n\n\n\n<h3 class=\"wp-block-heading\" id=\"h-prova-objetiva\"><span id=\"prova-objetiva\">Prova objetiva<\/span><\/h3>\n\n\n\n<p>A <strong>prova objetiva <\/strong>foi avaliada na escala de 0 a 100 e conteve<strong> 50 quest\u00f5es de multipla escolha<\/strong> de Conhecimentos Espec\u00edficos com<strong> 5 alternativas cada uma.<\/strong><\/p>\n\n\n\n<h3 class=\"wp-block-heading\" id=\"h-prova-pratico-profissional\"><span id=\"prova-pratico-profissional\">Prova pr\u00e1tico-profissional<\/span><\/h3>\n\n\n\n<p>A <strong>prova pr\u00e1tico-profissional<\/strong> foi manuscrita, em letra leg\u00edvel, com caneta esferogr\u00e1fica transparente de tinta de cor preta.<\/p>\n\n\n\n<p>O uso de caneta de tinta de outra cor ou de l\u00e1pis no espa\u00e7o destinado ao texto definitivo acarretou a atribui\u00e7\u00e3o de nota zero \u00e0 prova.<\/p>\n\n\n\n<h3 class=\"wp-block-heading\" id=\"h-prova-de-titulos\"><span id=\"prova-de-titulos\">Prova de t\u00edtulos<\/span><\/h3>\n\n\n\n<p>Somente foram avaliados os t\u00edtulos dos melhores candidatos habilitados na prova objetiva e na prova pr\u00e1tico-profissional, incluindo os candidatos empatados, conforme o quadro abaixo:<\/p>\n\n\n\n<figure class=\"wp-block-table is-style-stripes\"><table class=\"has-very-light-gray-to-cyan-bluish-gray-gradient-background has-background\"><thead><tr><th>T\u00cdTULOS<\/th><th>COMPROVANTES<\/th><th>QUANTIDADE M\u00c1XIMA<\/th><th>VALOR UNIT\u00c1RIO<\/th><th>VALOR M\u00c1XIMO<\/th><\/tr><\/thead><tbody><tr><td>Doutor na \u00e1rea de atua\u00e7\u00e3o<\/td><td>Diploma devidamente registrado ou certificado\/declara\u00e7\u00e3o de conclus\u00e3o de curso.<\/td><td>01<\/td><td>3,0<\/td><td>3,0<\/td><\/tr><tr><td>Mestre na \u00e1rea de atua\u00e7\u00e3o conforme<\/td><td>Diploma devidamente registrado ou certificado\/declara\u00e7\u00e3o de conclus\u00e3o de curso.<\/td><td>01<\/td><td>2,0<\/td><td>2,0<\/td><\/tr><\/tbody><\/table><\/figure>\n\n\n\n<h2 class=\"wp-block-heading\" id=\"h-sobre-a-ares-pcj\"><span id=\"sobre-a-ares-pcj\">Sobre a ARES PCJ<\/span><\/h2>\n\n\n\n<p>A <strong>ARES-PCJ<\/strong> (Ag\u00eancia Reguladora dos Servi\u00e7os de Saneamento das Bacias dos Rios Piracicaba, Capivari e Jundia\u00ed) \u00e9 uma ag\u00eancia reguladora que fiscaliza e regula os servi\u00e7os de saneamento b\u00e1sico em munic\u00edpios localizados nas bacias dos rios <strong>Piracicaba, Capivari e Jundia\u00ed<\/strong>. <\/p>\n\n\n\n<p>Tem como principal fun\u00e7\u00e3o garantir a qualidade, a efici\u00eancia e a universaliza\u00e7\u00e3o dos servi\u00e7os de abastecimento de \u00e1gua, esgotamento sanit\u00e1rio, manejo de res\u00edduos s\u00f3lidos e drenagem urbana nos munic\u00edpios consorciados.<\/p>\n\n\n\n<h3 class=\"wp-block-heading\" id=\"h-principais-atribuicoes\"><span id=\"principais-atribuicoes\">Principais atribui\u00e7\u00f5es<\/span><\/h3>\n\n\n\n<ul class=\"wp-block-list\">\n<li><strong>Regula\u00e7\u00e3o e fiscaliza\u00e7\u00e3o<\/strong> dos servi\u00e7os de saneamento, estabelecendo normas e padr\u00f5es de qualidade para os prestadores de servi\u00e7o.<\/li>\n\n\n\n<li><strong>Defini\u00e7\u00e3o e revis\u00e3o de tarifas<\/strong> para garantir equil\u00edbrio entre a viabilidade econ\u00f4mica dos servi\u00e7os e a modicidade tarif\u00e1ria para os usu\u00e1rios.<\/li>\n\n\n\n<li><strong>Monitoramento e avalia\u00e7\u00e3o<\/strong> da qualidade dos servi\u00e7os prestados, aplicando san\u00e7\u00f5es quando necess\u00e1rio.<\/li>\n\n\n\n<li><strong>Apoio t\u00e9cnico e normativo<\/strong> aos munic\u00edpios e prestadores de servi\u00e7o para aprimorar a gest\u00e3o do saneamento.<\/li>\n\n\n\n<li><strong>Prote\u00e7\u00e3o dos direitos dos consumidores<\/strong>, garantindo que tenham acesso a servi\u00e7os adequados e a canais de reclama\u00e7\u00e3o.<\/li>\n<\/ul>\n\n\n\n<p>A ag\u00eancia atua principalmente nos munic\u00edpios que fazem parte do <strong>Cons\u00f3rcio PCJ<\/strong>, um grupo de cidades que compartilham a gest\u00e3o dos recursos h\u00eddricos na regi\u00e3o. Segue as diretrizes do <strong>Marco Legal do Saneamento B\u00e1sico (Lei n\u00ba 11.445\/2007)<\/strong> e tem autonomia para regular os servi\u00e7os nos munic\u00edpios consorciados.<\/p>\n\n\n\n<h2 class=\"wp-block-heading has-text-align-center\" id=\"cursos\"><span id=\"quer-saber-tudo-sobre-concursos-previstosconfira-nossos-artigos\">Quer saber tudo sobre concursos previstos?<br><strong>Confira nossos artigos!<\/strong><\/span><\/h2>\n\n\n\n<ul class=\"wp-block-list\">\n<li><a href=\"https:\/\/cj.estrategia.com\/portal\/concursos-abertos-carreiras-juridicas\/\" target=\"_blank\" >Concursos jur\u00eddicos abertos<\/a><\/li>\n<\/ul>\n\n\n\n<ul class=\"wp-block-list\">\n<li><a href=\"https:\/\/cj.estrategia.com\/portal\/concursos-juridicos-2026-prepare-se-para-os-proximos-editais\/\" target=\"_blank\" >Concursos Jur\u00eddicos 2026<\/a><\/li>\n\n\n\n<li><a href=\"https:\/\/cj.estrategia.com\/portal\/concursos-procuradorias\/\">Concursos procuradorias<\/a><\/li>\n<\/ul>\n\n\n\n<h2 class=\"wp-block-heading has-text-align-center\" id=\"cursos\"><span id=\"cursos-e-assinaturas\">CURSOS E ASSINATURAS<\/span><\/h2>\n\n\n\n<div class=\"wp-block-cover\" style=\"min-height:155px;aspect-ratio:unset;\"><img decoding=\"async\" width=\"1890\" height=\"351\" class=\"wp-block-cover__image-background wp-image-8669\" alt=\"Assinaturas Jur\u00eddicas\" src=\"https:\/\/cj.estrategia.com\/portal\/wp-content\/uploads\/2022\/06\/20151253\/concurso-carreiras-juridicas-assinatura-juridica.jpg\" style=\"object-position:78% 43%\" data-object-fit=\"cover\" data-object-position=\"78% 43%\" srcset=\"https:\/\/cj.estrategia.com\/portal\/wp-content\/uploads\/2022\/06\/20151253\/concurso-carreiras-juridicas-assinatura-juridica.jpg 1890w, https:\/\/cj.estrategia.com\/portal\/wp-content\/uploads\/2022\/06\/20151253\/concurso-carreiras-juridicas-assinatura-juridica-300x56.jpg 300w, https:\/\/cj.estrategia.com\/portal\/wp-content\/uploads\/2022\/06\/20151253\/concurso-carreiras-juridicas-assinatura-juridica-1024x190.jpg 1024w, https:\/\/cj.estrategia.com\/portal\/wp-content\/uploads\/2022\/06\/20151253\/concurso-carreiras-juridicas-assinatura-juridica-768x143.jpg 768w, https:\/\/cj.estrategia.com\/portal\/wp-content\/uploads\/2022\/06\/20151253\/concurso-carreiras-juridicas-assinatura-juridica-1536x285.jpg 1536w, https:\/\/cj.estrategia.com\/portal\/wp-content\/uploads\/2022\/06\/20151253\/concurso-carreiras-juridicas-assinatura-juridica-380x71.jpg 380w, https:\/\/cj.estrategia.com\/portal\/wp-content\/uploads\/2022\/06\/20151253\/concurso-carreiras-juridicas-assinatura-juridica-800x149.jpg 800w, https:\/\/cj.estrategia.com\/portal\/wp-content\/uploads\/2022\/06\/20151253\/concurso-carreiras-juridicas-assinatura-juridica-1160x215.jpg 1160w\" sizes=\"(max-width: 1890px) 100vw, 1890px\" \/><span aria-hidden=\"true\" class=\"wp-block-cover__background has-background-dim\"><\/span><div class=\"wp-block-cover__inner-container is-layout-flow wp-block-cover-is-layout-flow\">\n<h3 id=\"faca-a-sua-assinatura\" class=\"titulo-assinatura\"><span style=\"color: #ffffff;\">Fa\u00e7a a sua assinatura!<\/span><\/h3>\n<p class=\"subtitulo-assinatura\" style=\"display:block!important; line-height: 0;\"><span style=\"color: #ffffff;\">Escolha a sua \u00e1rea.<\/span><\/p>\n<a target=\"_blank\" href=\"https:\/\/www.estrategiaconcursos.com.br\/assinaturas-ecj\/\" rel=\"noopener\"><button style=\"border-radius: 10px; text-transform: capitalize;\">Acessar<\/button><\/a>\n<\/div><\/div>\n\n\n\n<figure class=\"wp-block-image size-large is-resized\"><img decoding=\"async\" src=\"https:\/\/dhg1h5j42swfq.cloudfront.net\/2021\/04\/14141837\/ficha-tecnica-133-1024x632.png\" alt=\"\" class=\"wp-image-714035\" style=\"width:204px;height:auto\"\/><\/figure>\n\n\n\n<h4 class=\"wp-block-heading\" id=\"ficha\"><span id=\"informacoes-do-concurso-procurador-ares-pcj\">Informa\u00e7\u00f5es do Concurso Procurador ARES PCJ<\/span><\/h4>\n\n\n\n<ul class=\"wp-block-list\">\n<li><strong><span style=\"color: #000000;\">Data das provas:<\/span><\/strong><s><strong> <\/strong>01\/06\/2025<\/s><\/li>\n\n\n\n<li><strong><span style=\"color: #000000;\">Vagas:<\/span> <\/strong>2<\/li>\n\n\n\n<li><strong><span style=\"color: #000000;\">Cargos:<\/span> <\/strong>Procurador Jur\u00eddico<\/li>\n\n\n\n<li><span style=\"color: #000000;\"><strong>Banca: <\/strong><\/span>Funda\u00e7\u00e3o VUNESP<\/li>\n\n\n\n<li><strong><span style=\"color: #000000;\">Escolaridade: <\/span><\/strong>Curso Superior em Direito + registro na OAB<\/li>\n\n\n\n<li><strong>Edital: <\/strong><a href=\"https:\/\/cj.estrategia.com\/portal\/wp-content\/uploads\/2025\/02\/26124858\/ARES2401_224_20250226112702.pdf.pdf\">ARES PCJ 2025<\/a><\/li>\n<\/ul>\n\n\n\n<p><\/p>\n","protected":false},"excerpt":{"rendered":"Est\u00e1 dispon\u00edvel a classifica\u00e7\u00e3o final do Concurso Procurador ARES PCJ (Ag\u00eancia Reguladora dos Servi\u00e7os de Saneamento das Bacias&hellip;\n","protected":false},"author":12,"featured_media":169991,"comment_status":"open","ping_status":"open","sticky":false,"template":"","format":"standard","meta":{"_jetpack_memberships_contains_paid_content":false,"footnotes":""},"categories":[24],"tags":[],"tax_estado":[41,56],"class_list":{"0":"post-99568","1":"post","2":"type-post","3":"status-publish","4":"format-standard","5":"has-post-thumbnail","7":"category-procuradoria","8":"tax_estado-mg","9":"tax_estado-sp"},"acf":[],"yoast_head":"<!-- This site is optimized with the Yoast SEO Premium plugin v27.4 (Yoast SEO v27.4) - https:\/\/yoast.com\/product\/yoast-seo-premium-wordpress\/ -->\n<title>Concurso Procurador ARES PCJ: saiu a classifica\u00e7\u00e3o final<\/title>\n<meta name=\"description\" content=\"Concurso Procurador ARES PCJ: s\u00e3o ofertadas 2 vagas com remunera\u00e7\u00e3o inicial de R$ 13 mil. Resultados e classifica\u00e7\u00e3o dispon\u00edveis!\" \/>\n<meta name=\"robots\" content=\"index, follow, max-snippet:-1, max-image-preview:large, max-video-preview:-1\" \/>\n<link rel=\"canonical\" href=\"https:\/\/cj.estrategia.com\/portal\/concurso-procurador-ares-pcj\/\" \/>\n<meta property=\"og:locale\" content=\"pt_BR\" \/>\n<meta property=\"og:type\" content=\"article\" \/>\n<meta property=\"og:title\" content=\"Concurso Procurador ARES PCJ: saiu a classifica\u00e7\u00e3o final\" \/>\n<meta property=\"og:description\" content=\"Concurso Procurador ARES PCJ: s\u00e3o ofertadas 2 vagas com remunera\u00e7\u00e3o inicial de R$ 13 mil. Resultados e classifica\u00e7\u00e3o dispon\u00edveis!\" \/>\n<meta property=\"og:url\" content=\"https:\/\/cj.estrategia.com\/portal\/concurso-procurador-ares-pcj\/\" \/>\n<meta property=\"og:site_name\" content=\"Blog - Carreiras Jur\u00eddicas - Estrat\u00e9gia\" \/>\n<meta property=\"article:publisher\" content=\"https:\/\/www.facebook.com\/estrategiacarreirajuridica\/\" \/>\n<meta property=\"article:published_time\" content=\"2025-08-07T11:29:00+00:00\" \/>\n<meta property=\"article:modified_time\" content=\"2025-12-17T23:06:58+00:00\" \/>\n<meta property=\"og:image\" content=\"https:\/\/cj.estrategia.com\/portal\/wp-content\/uploads\/2025\/12\/17195659\/Concursos-Procuradorias.jpg\" \/>\n\t<meta property=\"og:image:width\" content=\"768\" \/>\n\t<meta property=\"og:image:height\" content=\"432\" \/>\n\t<meta property=\"og:image:type\" content=\"image\/jpeg\" \/>\n<meta name=\"author\" content=\"Coordena\u00e7\u00e3o\" \/>\n<meta name=\"twitter:card\" content=\"summary_large_image\" \/>\n<meta name=\"twitter:creator\" content=\"@EstratJuridica\" \/>\n<meta name=\"twitter:site\" content=\"@EstratJuridica\" \/>\n<meta name=\"twitter:label1\" content=\"Escrito por\" \/>\n\t<meta name=\"twitter:data1\" content=\"Coordena\u00e7\u00e3o\" \/>\n\t<meta name=\"twitter:label2\" content=\"Est. tempo de leitura\" \/>\n\t<meta name=\"twitter:data2\" content=\"9 minutos\" \/>\n<script type=\"application\/ld+json\" class=\"yoast-schema-graph\">{\"@context\":\"https:\\\/\\\/schema.org\",\"@graph\":[{\"@type\":\"NewsArticle\",\"@id\":\"https:\\\/\\\/cj.estrategia.com\\\/portal\\\/concurso-procurador-ares-pcj\\\/#article\",\"isPartOf\":{\"@id\":\"https:\\\/\\\/cj.estrategia.com\\\/portal\\\/concurso-procurador-ares-pcj\\\/\"},\"author\":{\"name\":\"Coordena\u00e7\u00e3o\",\"@id\":\"https:\\\/\\\/cj.estrategia.com\\\/portal\\\/#\\\/schema\\\/person\\\/4d70317d31449932b99102916b6637f5\"},\"headline\":\"Concurso Procurador ARES PCJ: saiu a classifica\u00e7\u00e3o final\",\"datePublished\":\"2025-08-07T11:29:00+00:00\",\"dateModified\":\"2025-12-17T23:06:58+00:00\",\"mainEntityOfPage\":{\"@id\":\"https:\\\/\\\/cj.estrategia.com\\\/portal\\\/concurso-procurador-ares-pcj\\\/\"},\"wordCount\":896,\"commentCount\":0,\"publisher\":{\"@id\":\"https:\\\/\\\/cj.estrategia.com\\\/portal\\\/#organization\"},\"image\":{\"@id\":\"https:\\\/\\\/cj.estrategia.com\\\/portal\\\/concurso-procurador-ares-pcj\\\/#primaryimage\"},\"thumbnailUrl\":\"https:\\\/\\\/cj.estrategia.com\\\/portal\\\/wp-content\\\/uploads\\\/2025\\\/12\\\/17195659\\\/Concursos-Procuradorias.jpg\",\"articleSection\":[\"Procuradoria\"],\"inLanguage\":\"pt-BR\",\"potentialAction\":[{\"@type\":\"CommentAction\",\"name\":\"Comment\",\"target\":[\"https:\\\/\\\/cj.estrategia.com\\\/portal\\\/concurso-procurador-ares-pcj\\\/#respond\"]}],\"accessibilityFeature\":[\"tableOfContents\"]},{\"@type\":\"WebPage\",\"@id\":\"https:\\\/\\\/cj.estrategia.com\\\/portal\\\/concurso-procurador-ares-pcj\\\/\",\"url\":\"https:\\\/\\\/cj.estrategia.com\\\/portal\\\/concurso-procurador-ares-pcj\\\/\",\"name\":\"Concurso Procurador ARES PCJ: saiu a classifica\u00e7\u00e3o final\",\"isPartOf\":{\"@id\":\"https:\\\/\\\/cj.estrategia.com\\\/portal\\\/#website\"},\"primaryImageOfPage\":{\"@id\":\"https:\\\/\\\/cj.estrategia.com\\\/portal\\\/concurso-procurador-ares-pcj\\\/#primaryimage\"},\"image\":{\"@id\":\"https:\\\/\\\/cj.estrategia.com\\\/portal\\\/concurso-procurador-ares-pcj\\\/#primaryimage\"},\"thumbnailUrl\":\"https:\\\/\\\/cj.estrategia.com\\\/portal\\\/wp-content\\\/uploads\\\/2025\\\/12\\\/17195659\\\/Concursos-Procuradorias.jpg\",\"datePublished\":\"2025-08-07T11:29:00+00:00\",\"dateModified\":\"2025-12-17T23:06:58+00:00\",\"description\":\"Concurso Procurador ARES PCJ: s\u00e3o ofertadas 2 vagas com remunera\u00e7\u00e3o inicial de R$ 13 mil. Resultados e classifica\u00e7\u00e3o dispon\u00edveis!\",\"breadcrumb\":{\"@id\":\"https:\\\/\\\/cj.estrategia.com\\\/portal\\\/concurso-procurador-ares-pcj\\\/#breadcrumb\"},\"inLanguage\":\"pt-BR\",\"potentialAction\":[{\"@type\":\"ReadAction\",\"target\":[\"https:\\\/\\\/cj.estrategia.com\\\/portal\\\/concurso-procurador-ares-pcj\\\/\"]}]},{\"@type\":\"ImageObject\",\"inLanguage\":\"pt-BR\",\"@id\":\"https:\\\/\\\/cj.estrategia.com\\\/portal\\\/concurso-procurador-ares-pcj\\\/#primaryimage\",\"url\":\"https:\\\/\\\/cj.estrategia.com\\\/portal\\\/wp-content\\\/uploads\\\/2025\\\/12\\\/17195659\\\/Concursos-Procuradorias.jpg\",\"contentUrl\":\"https:\\\/\\\/cj.estrategia.com\\\/portal\\\/wp-content\\\/uploads\\\/2025\\\/12\\\/17195659\\\/Concursos-Procuradorias.jpg\",\"width\":768,\"height\":432},{\"@type\":\"BreadcrumbList\",\"@id\":\"https:\\\/\\\/cj.estrategia.com\\\/portal\\\/concurso-procurador-ares-pcj\\\/#breadcrumb\",\"itemListElement\":[{\"@type\":\"ListItem\",\"position\":1,\"name\":\"In\u00edcio\",\"item\":\"https:\\\/\\\/cj.estrategia.com\\\/portal\\\/\"},{\"@type\":\"ListItem\",\"position\":2,\"name\":\"Concurso Procurador ARES PCJ: saiu a classifica\u00e7\u00e3o final\"}]},{\"@type\":\"WebSite\",\"@id\":\"https:\\\/\\\/cj.estrategia.com\\\/portal\\\/#website\",\"url\":\"https:\\\/\\\/cj.estrategia.com\\\/portal\\\/\",\"name\":\"Blog - Carreiras Jur\u00eddicas - Estrat\u00e9gia\",\"description\":\"\",\"publisher\":{\"@id\":\"https:\\\/\\\/cj.estrategia.com\\\/portal\\\/#organization\"},\"potentialAction\":[{\"@type\":\"SearchAction\",\"target\":{\"@type\":\"EntryPoint\",\"urlTemplate\":\"https:\\\/\\\/cj.estrategia.com\\\/portal\\\/?s={search_term_string}\"},\"query-input\":{\"@type\":\"PropertyValueSpecification\",\"valueRequired\":true,\"valueName\":\"search_term_string\"}}],\"inLanguage\":\"pt-BR\"},{\"@type\":\"Organization\",\"@id\":\"https:\\\/\\\/cj.estrategia.com\\\/portal\\\/#organization\",\"name\":\"Estrat\u00e9gia - Carreiras Jur\u00eddicas\",\"url\":\"https:\\\/\\\/cj.estrategia.com\\\/portal\\\/\",\"logo\":{\"@type\":\"ImageObject\",\"inLanguage\":\"pt-BR\",\"@id\":\"https:\\\/\\\/cj.estrategia.com\\\/portal\\\/#\\\/schema\\\/logo\\\/image\\\/\",\"url\":\"https:\\\/\\\/cj.estrategia.com\\\/portal\\\/wp-content\\\/uploads\\\/2022\\\/03\\\/11151052\\\/cj-logo.png\",\"contentUrl\":\"https:\\\/\\\/cj.estrategia.com\\\/portal\\\/wp-content\\\/uploads\\\/2022\\\/03\\\/11151052\\\/cj-logo.png\",\"width\":150,\"height\":39,\"caption\":\"Estrat\u00e9gia - Carreiras Jur\u00eddicas\"},\"image\":{\"@id\":\"https:\\\/\\\/cj.estrategia.com\\\/portal\\\/#\\\/schema\\\/logo\\\/image\\\/\"},\"sameAs\":[\"https:\\\/\\\/www.facebook.com\\\/estrategiacarreirajuridica\\\/\",\"https:\\\/\\\/x.com\\\/EstratJuridica\",\"https:\\\/\\\/www.instagram.com\\\/estrategiacarreirajuridica\\\/\",\"https:\\\/\\\/www.youtube.com\\\/channel\\\/UClbMGuYbj2Mh1m3w144ETWQ\"]},{\"@type\":\"Person\",\"@id\":\"https:\\\/\\\/cj.estrategia.com\\\/portal\\\/#\\\/schema\\\/person\\\/4d70317d31449932b99102916b6637f5\",\"name\":\"Coordena\u00e7\u00e3o\",\"image\":{\"@type\":\"ImageObject\",\"inLanguage\":\"pt-BR\",\"@id\":\"https:\\\/\\\/cj.estrategia.com\\\/portal\\\/wp-content\\\/uploads\\\/2022\\\/05\\\/12164923\\\/estrategia-carreira-juridica-coordenacao-96x96.png\",\"url\":\"https:\\\/\\\/cj.estrategia.com\\\/portal\\\/wp-content\\\/uploads\\\/2022\\\/05\\\/12164923\\\/estrategia-carreira-juridica-coordenacao-96x96.png\",\"contentUrl\":\"https:\\\/\\\/cj.estrategia.com\\\/portal\\\/wp-content\\\/uploads\\\/2022\\\/05\\\/12164923\\\/estrategia-carreira-juridica-coordenacao-96x96.png\",\"caption\":\"Coordena\u00e7\u00e3o\"},\"url\":\"https:\\\/\\\/cj.estrategia.com\\\/portal\\\/author\\\/coordenacao\\\/\"}]}<\/script>\n<!-- \/ Yoast SEO Premium plugin. -->","yoast_head_json":{"title":"Concurso Procurador ARES PCJ: saiu a classifica\u00e7\u00e3o final","description":"Concurso Procurador ARES PCJ: s\u00e3o ofertadas 2 vagas com remunera\u00e7\u00e3o inicial de R$ 13 mil. Resultados e classifica\u00e7\u00e3o dispon\u00edveis!","robots":{"index":"index","follow":"follow","max-snippet":"max-snippet:-1","max-image-preview":"max-image-preview:large","max-video-preview":"max-video-preview:-1"},"canonical":"https:\/\/cj.estrategia.com\/portal\/concurso-procurador-ares-pcj\/","og_locale":"pt_BR","og_type":"article","og_title":"Concurso Procurador ARES PCJ: saiu a classifica\u00e7\u00e3o final","og_description":"Concurso Procurador ARES PCJ: s\u00e3o ofertadas 2 vagas com remunera\u00e7\u00e3o inicial de R$ 13 mil. Resultados e classifica\u00e7\u00e3o dispon\u00edveis!","og_url":"https:\/\/cj.estrategia.com\/portal\/concurso-procurador-ares-pcj\/","og_site_name":"Blog - Carreiras Jur\u00eddicas - Estrat\u00e9gia","article_publisher":"https:\/\/www.facebook.com\/estrategiacarreirajuridica\/","article_published_time":"2025-08-07T11:29:00+00:00","article_modified_time":"2025-12-17T23:06:58+00:00","og_image":[{"width":768,"height":432,"url":"https:\/\/cj.estrategia.com\/portal\/wp-content\/uploads\/2025\/12\/17195659\/Concursos-Procuradorias.jpg","type":"image\/jpeg"}],"author":"Coordena\u00e7\u00e3o","twitter_card":"summary_large_image","twitter_creator":"@EstratJuridica","twitter_site":"@EstratJuridica","twitter_misc":{"Escrito por":"Coordena\u00e7\u00e3o","Est. tempo de leitura":"9 minutos"},"schema":{"@context":"https:\/\/schema.org","@graph":[{"@type":"NewsArticle","@id":"https:\/\/cj.estrategia.com\/portal\/concurso-procurador-ares-pcj\/#article","isPartOf":{"@id":"https:\/\/cj.estrategia.com\/portal\/concurso-procurador-ares-pcj\/"},"author":{"name":"Coordena\u00e7\u00e3o","@id":"https:\/\/cj.estrategia.com\/portal\/#\/schema\/person\/4d70317d31449932b99102916b6637f5"},"headline":"Concurso Procurador ARES PCJ: saiu a classifica\u00e7\u00e3o final","datePublished":"2025-08-07T11:29:00+00:00","dateModified":"2025-12-17T23:06:58+00:00","mainEntityOfPage":{"@id":"https:\/\/cj.estrategia.com\/portal\/concurso-procurador-ares-pcj\/"},"wordCount":896,"commentCount":0,"publisher":{"@id":"https:\/\/cj.estrategia.com\/portal\/#organization"},"image":{"@id":"https:\/\/cj.estrategia.com\/portal\/concurso-procurador-ares-pcj\/#primaryimage"},"thumbnailUrl":"https:\/\/cj.estrategia.com\/portal\/wp-content\/uploads\/2025\/12\/17195659\/Concursos-Procuradorias.jpg","articleSection":["Procuradoria"],"inLanguage":"pt-BR","potentialAction":[{"@type":"CommentAction","name":"Comment","target":["https:\/\/cj.estrategia.com\/portal\/concurso-procurador-ares-pcj\/#respond"]}],"accessibilityFeature":["tableOfContents"]},{"@type":"WebPage","@id":"https:\/\/cj.estrategia.com\/portal\/concurso-procurador-ares-pcj\/","url":"https:\/\/cj.estrategia.com\/portal\/concurso-procurador-ares-pcj\/","name":"Concurso Procurador ARES PCJ: saiu a classifica\u00e7\u00e3o final","isPartOf":{"@id":"https:\/\/cj.estrategia.com\/portal\/#website"},"primaryImageOfPage":{"@id":"https:\/\/cj.estrategia.com\/portal\/concurso-procurador-ares-pcj\/#primaryimage"},"image":{"@id":"https:\/\/cj.estrategia.com\/portal\/concurso-procurador-ares-pcj\/#primaryimage"},"thumbnailUrl":"https:\/\/cj.estrategia.com\/portal\/wp-content\/uploads\/2025\/12\/17195659\/Concursos-Procuradorias.jpg","datePublished":"2025-08-07T11:29:00+00:00","dateModified":"2025-12-17T23:06:58+00:00","description":"Concurso Procurador ARES PCJ: s\u00e3o ofertadas 2 vagas com remunera\u00e7\u00e3o inicial de R$ 13 mil. Resultados e classifica\u00e7\u00e3o dispon\u00edveis!","breadcrumb":{"@id":"https:\/\/cj.estrategia.com\/portal\/concurso-procurador-ares-pcj\/#breadcrumb"},"inLanguage":"pt-BR","potentialAction":[{"@type":"ReadAction","target":["https:\/\/cj.estrategia.com\/portal\/concurso-procurador-ares-pcj\/"]}]},{"@type":"ImageObject","inLanguage":"pt-BR","@id":"https:\/\/cj.estrategia.com\/portal\/concurso-procurador-ares-pcj\/#primaryimage","url":"https:\/\/cj.estrategia.com\/portal\/wp-content\/uploads\/2025\/12\/17195659\/Concursos-Procuradorias.jpg","contentUrl":"https:\/\/cj.estrategia.com\/portal\/wp-content\/uploads\/2025\/12\/17195659\/Concursos-Procuradorias.jpg","width":768,"height":432},{"@type":"BreadcrumbList","@id":"https:\/\/cj.estrategia.com\/portal\/concurso-procurador-ares-pcj\/#breadcrumb","itemListElement":[{"@type":"ListItem","position":1,"name":"In\u00edcio","item":"https:\/\/cj.estrategia.com\/portal\/"},{"@type":"ListItem","position":2,"name":"Concurso Procurador ARES PCJ: saiu a classifica\u00e7\u00e3o final"}]},{"@type":"WebSite","@id":"https:\/\/cj.estrategia.com\/portal\/#website","url":"https:\/\/cj.estrategia.com\/portal\/","name":"Blog - Carreiras Jur\u00eddicas - Estrat\u00e9gia","description":"","publisher":{"@id":"https:\/\/cj.estrategia.com\/portal\/#organization"},"potentialAction":[{"@type":"SearchAction","target":{"@type":"EntryPoint","urlTemplate":"https:\/\/cj.estrategia.com\/portal\/?s={search_term_string}"},"query-input":{"@type":"PropertyValueSpecification","valueRequired":true,"valueName":"search_term_string"}}],"inLanguage":"pt-BR"},{"@type":"Organization","@id":"https:\/\/cj.estrategia.com\/portal\/#organization","name":"Estrat\u00e9gia - Carreiras Jur\u00eddicas","url":"https:\/\/cj.estrategia.com\/portal\/","logo":{"@type":"ImageObject","inLanguage":"pt-BR","@id":"https:\/\/cj.estrategia.com\/portal\/#\/schema\/logo\/image\/","url":"https:\/\/cj.estrategia.com\/portal\/wp-content\/uploads\/2022\/03\/11151052\/cj-logo.png","contentUrl":"https:\/\/cj.estrategia.com\/portal\/wp-content\/uploads\/2022\/03\/11151052\/cj-logo.png","width":150,"height":39,"caption":"Estrat\u00e9gia - Carreiras Jur\u00eddicas"},"image":{"@id":"https:\/\/cj.estrategia.com\/portal\/#\/schema\/logo\/image\/"},"sameAs":["https:\/\/www.facebook.com\/estrategiacarreirajuridica\/","https:\/\/x.com\/EstratJuridica","https:\/\/www.instagram.com\/estrategiacarreirajuridica\/","https:\/\/www.youtube.com\/channel\/UClbMGuYbj2Mh1m3w144ETWQ"]},{"@type":"Person","@id":"https:\/\/cj.estrategia.com\/portal\/#\/schema\/person\/4d70317d31449932b99102916b6637f5","name":"Coordena\u00e7\u00e3o","image":{"@type":"ImageObject","inLanguage":"pt-BR","@id":"https:\/\/cj.estrategia.com\/portal\/wp-content\/uploads\/2022\/05\/12164923\/estrategia-carreira-juridica-coordenacao-96x96.png","url":"https:\/\/cj.estrategia.com\/portal\/wp-content\/uploads\/2022\/05\/12164923\/estrategia-carreira-juridica-coordenacao-96x96.png","contentUrl":"https:\/\/cj.estrategia.com\/portal\/wp-content\/uploads\/2022\/05\/12164923\/estrategia-carreira-juridica-coordenacao-96x96.png","caption":"Coordena\u00e7\u00e3o"},"url":"https:\/\/cj.estrategia.com\/portal\/author\/coordenacao\/"}]}},"jetpack_featured_media_url":"https:\/\/cj.estrategia.com\/portal\/wp-content\/uploads\/2025\/12\/17195659\/Concursos-Procuradorias.jpg","jetpack_sharing_enabled":true,"_links":{"self":[{"href":"https:\/\/cj.estrategia.com\/portal\/wp-json\/wp\/v2\/posts\/99568","targetHints":{"allow":["GET"]}}],"collection":[{"href":"https:\/\/cj.estrategia.com\/portal\/wp-json\/wp\/v2\/posts"}],"about":[{"href":"https:\/\/cj.estrategia.com\/portal\/wp-json\/wp\/v2\/types\/post"}],"author":[{"embeddable":true,"href":"https:\/\/cj.estrategia.com\/portal\/wp-json\/wp\/v2\/users\/12"}],"replies":[{"embeddable":true,"href":"https:\/\/cj.estrategia.com\/portal\/wp-json\/wp\/v2\/comments?post=99568"}],"version-history":[{"count":71,"href":"https:\/\/cj.estrategia.com\/portal\/wp-json\/wp\/v2\/posts\/99568\/revisions"}],"predecessor-version":[{"id":169914,"href":"https:\/\/cj.estrategia.com\/portal\/wp-json\/wp\/v2\/posts\/99568\/revisions\/169914"}],"wp:featuredmedia":[{"embeddable":true,"href":"https:\/\/cj.estrategia.com\/portal\/wp-json\/wp\/v2\/media\/169991"}],"wp:attachment":[{"href":"https:\/\/cj.estrategia.com\/portal\/wp-json\/wp\/v2\/media?parent=99568"}],"wp:term":[{"taxonomy":"category","embeddable":true,"href":"https:\/\/cj.estrategia.com\/portal\/wp-json\/wp\/v2\/categories?post=99568"},{"taxonomy":"post_tag","embeddable":true,"href":"https:\/\/cj.estrategia.com\/portal\/wp-json\/wp\/v2\/tags?post=99568"},{"taxonomy":"tax_estado","embeddable":true,"href":"https:\/\/cj.estrategia.com\/portal\/wp-json\/wp\/v2\/tax_estado?post=99568"}],"curies":[{"name":"wp","href":"https:\/\/api.w.org\/{rel}","templated":true}]}}