{"id":98986,"date":"2025-02-20T20:29:30","date_gmt":"2025-02-20T23:29:30","guid":{"rendered":"https:\/\/cj.estrategia.com\/portal\/?p=98986"},"modified":"2025-05-17T17:23:12","modified_gmt":"2025-05-17T20:23:12","slug":"pagamento-de-pensao-alimenticia-para-cachorros","status":"publish","type":"post","link":"https:\/\/cj.estrategia.com\/portal\/pagamento-de-pensao-alimenticia-para-cachorros\/","title":{"rendered":"Fam\u00edlia multiesp\u00e9cie: Justi\u00e7a determina pens\u00e3o aliment\u00edcia para c\u00e3es"},"content":{"rendered":"\n<p class=\"has-small-font-size\">* Thiago de Paula Leite \u00e9 procurador do Estado de S\u00e3o Paulo e professor de direito ambiental e agr\u00e1rio do Estrat\u00e9gia.<\/p>\n\n\n\n<h2 class=\"wp-block-heading\" id=\"h-entenda-o-que-aconteceu\"><span id=\"entenda-o-que-aconteceu\">Entenda o que aconteceu<\/span><\/h2>\n\n\n\n<p>O Tribunal de Justi\u00e7a do Mato Grosso determinou que um m\u00e9dico pague R$ 500 em pens\u00e3o aliment\u00edcia para cinco c\u00e3es, ap\u00f3s o fim da uni\u00e3o est\u00e1vel entre ele e sua ex-companheira. A desembargadora Maria Helena P\u00f3voas assinou a decis\u00e3o.<\/p>\n\n\n\n<p>O valor dever\u00e1 ser entregue a ex-companheira para custear os gastos com os c\u00e3es. O valor corresponde a R$ 100 por cachorro, e sua defini\u00e7\u00e3o visa garantir os cuidados b\u00e1sicos dos animais, incluindo alimenta\u00e7\u00e3o, consultas veterin\u00e1rias e medicamentos.<\/p>\n\n\n\n<pre class=\"wp-block-verse\"><em>\u201c...n\u00e3o \u00e9 conceb\u00edvel que os pets do casal deixem de receber os cuidados necess\u00e1rios, o que inclui, basicamente, alimenta\u00e7\u00e3o e eventuais consultas e medicamentos\u201d<\/em>.<\/pre>\n\n\n\n<p>A desembargadora tamb\u00e9m estabeleceu o pagamento de tr\u00eas sal\u00e1rios-m\u00ednimos mensais para a mulher, que \u00e9 estudante de medicina em tempo integral, pelo per\u00edodo de dois anos, al\u00e9m do pagamento de cinco mensalidades do curso de medicina, no valor de R$ 11 mil.<\/p>\n\n\n\n<p>Tomou-se a decis\u00e3o com base na jurisprud\u00eancia recente do Superior Tribunal de Justi\u00e7a, que reconhece a rela\u00e7\u00e3o entre tutores e animais de estima\u00e7\u00e3o como parte do direito de propriedade e das normas que regem o regime de bens (tutela cautelar antecedente 499, de relatoria do ministro Marco Aur\u00e9lio Bellizze).<\/p>\n\n\n\n<figure class=\"wp-block-pullquote\"><blockquote><p><\/p><cite><em><em><mark style=\"background-color:rgba(0, 0, 0, 0)\" class=\"has-inline-color has-black-color\">Segundo o STJ, as despesas com a manuten\u00e7\u00e3o dos animais s\u00e3o obriga\u00e7\u00f5es inerentes \u00e0 condi\u00e7\u00e3o de propriet\u00e1rio, equiparando-se \u00e0 responsabilidade por bens em geral, com ainda maior relev\u00e2ncia em rela\u00e7\u00e3o aos pets, cuja subsist\u00eancia depende diretamente dos cuidados de seus donos.<\/mark><\/em><\/em><\/cite><\/blockquote><\/figure>\n\n\n\n<p class=\"has-text-align-center\"><em>Est\u00e1 pronto para come\u00e7ar a prepara\u00e7\u00e3o para concursos de Carreiras Jur\u00eddicas? Os cursos do <a href=\"https:\/\/cj.estrategia.com\/\" target=\"_blank\" >Estrat\u00e9gia Carreiras Jur\u00eddicas<\/a> s\u00e3o o que voc\u00ea precisa para alcan\u00e7ar a aprova\u00e7\u00e3o!<\/em><\/p>\n\n\n\n<div class=\"wp-block-cover\" style=\"min-height:155px;aspect-ratio:unset;\"><img decoding=\"async\" width=\"1890\" height=\"351\" class=\"wp-block-cover__image-background wp-image-8669\" alt=\"Assinaturas Jur\u00eddicas\" src=\"https:\/\/cj.estrategia.com\/portal\/wp-content\/uploads\/2022\/06\/20151253\/concurso-carreiras-juridicas-assinatura-juridica.jpg\" style=\"object-position:78% 43%\" data-object-fit=\"cover\" data-object-position=\"78% 43%\" srcset=\"https:\/\/cj.estrategia.com\/portal\/wp-content\/uploads\/2022\/06\/20151253\/concurso-carreiras-juridicas-assinatura-juridica.jpg 1890w, https:\/\/cj.estrategia.com\/portal\/wp-content\/uploads\/2022\/06\/20151253\/concurso-carreiras-juridicas-assinatura-juridica-300x56.jpg 300w, https:\/\/cj.estrategia.com\/portal\/wp-content\/uploads\/2022\/06\/20151253\/concurso-carreiras-juridicas-assinatura-juridica-1024x190.jpg 1024w, https:\/\/cj.estrategia.com\/portal\/wp-content\/uploads\/2022\/06\/20151253\/concurso-carreiras-juridicas-assinatura-juridica-768x143.jpg 768w, https:\/\/cj.estrategia.com\/portal\/wp-content\/uploads\/2022\/06\/20151253\/concurso-carreiras-juridicas-assinatura-juridica-1536x285.jpg 1536w, https:\/\/cj.estrategia.com\/portal\/wp-content\/uploads\/2022\/06\/20151253\/concurso-carreiras-juridicas-assinatura-juridica-380x71.jpg 380w, https:\/\/cj.estrategia.com\/portal\/wp-content\/uploads\/2022\/06\/20151253\/concurso-carreiras-juridicas-assinatura-juridica-800x149.jpg 800w, https:\/\/cj.estrategia.com\/portal\/wp-content\/uploads\/2022\/06\/20151253\/concurso-carreiras-juridicas-assinatura-juridica-1160x215.jpg 1160w\" sizes=\"(max-width: 1890px) 100vw, 1890px\" \/><span aria-hidden=\"true\" class=\"wp-block-cover__background has-background-dim\"><\/span><div class=\"wp-block-cover__inner-container is-layout-flow wp-block-cover-is-layout-flow\">\n<h3 id=\"faca-a-sua-assinatura\" class=\"titulo-assinatura\"><span style=\"color: #ffffff;\">Fa\u00e7a a sua assinatura!<\/span><\/h3>\n<p class=\"subtitulo-assinatura\" style=\"display:block!important; line-height: 0;\"><span style=\"color: #ffffff;\">Escolha a sua \u00e1rea.<\/span><\/p>\n<a target=\"_blank\" href=\"https:\/\/www.estrategiaconcursos.com.br\/assinaturas-ecj\/\" rel=\"noopener\"><button style=\"border-radius: 10px; text-transform: capitalize;\">Acessar<\/button><\/a>\n<\/div><\/div>\n\n\n\n<p><\/p>\n\n\n\n<h2 class=\"wp-block-heading\" id=\"h-natureza-juridica-dos-pets\"><span id=\"natureza-juridica-dos-pets\">Natureza jur\u00eddica dos pets<\/span><\/h2>\n\n\n\n<h3 class=\"wp-block-heading\" id=\"h-corrente-classica\"><span id=\"corrente-classica\">Corrente cl\u00e1ssica<\/span><\/h3>\n\n\n\n<p>Nas \u00faltimas d\u00e9cadas prevaleceu a <strong><mark style=\"background-color:rgba(0, 0, 0, 0)\" class=\"has-inline-color has-black-color\">corrente cl\u00e1ssica<\/mark><\/strong>&nbsp;de que os animais de estima\u00e7\u00e3o possu\u00edam natureza jur\u00eddica de <strong><mark style=\"background-color:rgba(0, 0, 0, 0)\" class=\"has-inline-color has-black-color\">coisa<\/mark><\/strong>, sendo um <strong><mark style=\"background-color:rgba(0, 0, 0, 0)\" class=\"has-inline-color has-black-color\">bem m\u00f3vel (semovente)<\/mark><\/strong>&nbsp;e, portanto, seriam simplesmente objetos de direitos, e n\u00e3o sujeitos de direito.<\/p>\n\n\n\n<p>Neste sentido, os bichos seriam apenas um item do patrim\u00f4nio de seu titular. N\u00e3o teriam direitos, de forma que suas garantias estariam relacionadas aos direitos de seus donos, e as discuss\u00f5es sobre eles estariam mais pr\u00f3ximas de institutos como a posse e a propriedade.<\/p>\n\n\n\n<p>Teria aplica\u00e7\u00e3o, portanto, do artigo 82 do c\u00f3digo civil:<\/p>\n\n\n\n<pre class=\"wp-block-preformatted\"><em>Art. 82. S\u00e3o m\u00f3veis os bens suscet\u00edveis de movimento pr\u00f3prio, ou de remo\u00e7\u00e3o por for\u00e7a alheia, sem altera\u00e7\u00e3o da subst\u00e2ncia ou da destina\u00e7\u00e3o econ\u00f4mico-social.<\/em><em><\/em><\/pre>\n\n\n\n<p>Ocorre que a realidade \u00e9 extremamente mut\u00e1vel, e o Direito precisa se adaptar para acompanhar a evolu\u00e7\u00e3o social.<\/p>\n\n\n\n<p>Presenciamos, nos \u00faltimos anos, novos fen\u00f4menos relacionados \u00e0 rela\u00e7\u00e3o entre as pessoas, chamados de \u201c<em>pais de pets<\/em>\u201d, e seus bichinhos de estima\u00e7\u00e3o: cria\u00e7\u00e3o de planos de sa\u00fade para pets, buffets especializados em organizar festas para os bichinhos, creches e hot\u00e9is para c\u00e3es e gatos, surgimento de profiss\u00f5es voltadas a esses animais e muito mais.<\/p>\n\n\n\n<p>Diante dessa inova\u00e7\u00e3o f\u00e1tica os operadores do direito tiveram que se adaptar na interpreta\u00e7\u00e3o e aplica\u00e7\u00e3o do ordenamento jur\u00eddico, pois a defini\u00e7\u00e3o como simples coisas n\u00e3o resolve mais as controv\u00e9rsias sobre os pets.<\/p>\n\n\n\n<h3 class=\"wp-block-heading\" id=\"h-corrente-moderna\"><span id=\"corrente-moderna\">Corrente moderna<\/span><\/h3>\n\n\n\n<p>Existe uma <strong><mark style=\"background-color:rgba(0, 0, 0, 0)\" class=\"has-inline-color has-black-color\">corrente moderna<\/mark><\/strong>, na qual considera os animais como <strong><mark style=\"background-color:rgba(0, 0, 0, 0)\" class=\"has-inline-color has-black-color\">sujeitos de direito<\/mark><\/strong>. Algumas decis\u00f5es judiciais j\u00e1 adotam essa vis\u00e3o, apesar de n\u00e3o serem majorit\u00e1rias.<\/p>\n\n\n\n<pre class=\"wp-block-preformatted\"><em>\u201cEm 2021, o Tribunal de Justi\u00e7a do Paran\u00e1 publicou a primeira decis\u00e3o que reconheceu os animais como sujeitos de direito no pa\u00eds. Na ocasi\u00e3o, o Tribunal votou a favor dos c\u00e3es Spike e Rambo \u2013 v\u00edtimas de maus tratos por parte de antigos donos \u2013 representados pela ONG Sou Amigo, da cidade de Cascavel. Na peti\u00e7\u00e3o, relatou-se que os c\u00e3es estavam sozinhos h\u00e1 29 dias em um im\u00f3vel e que alguns vizinhos, preocupados com a situa\u00e7\u00e3o, chamaram a ONG e a Pol\u00edcia Militar para verificar o caso.<\/em><br><br><em>Os dois cachorros foram resgatados e levados a uma cl\u00ednica veterin\u00e1ria, onde foi constatado que Spike apresentava les\u00f5es e feridas. Diante dos fatos, a ONG solicitou que os c\u00e3es fossem reconhecidos como parte autora do processo. Pediram, tamb\u00e9m, o ressarcimento dos valores gastos, al\u00e9m da condena\u00e7\u00e3o dos r\u00e9us ao pagamento de indeniza\u00e7\u00e3o por danos morais e uma pens\u00e3o mensal aos animais at\u00e9 que eles passassem para a guarda definitiva da organiza\u00e7\u00e3o.<br><br>Waleska Mendes Cardoso, uma das advogadas do caso, explica a <a href=\"https:\/\/www.ufsm.br\/midias\/arco\/animais-sujeitos-de-direito-legislacao-brasileira\">import\u00e2ncia da a\u00e7\u00e3o<\/a>: \u201cPela primeira vez no Brasil e provavelmente no mundo, os animais foram reconhecidos como autores da a\u00e7\u00e3o. Se reconheceu que o direito violado \u00e9 subjetivo do animal, ent\u00e3o o \u00fanico que teria capacidade de buscar repara\u00e7\u00e3o do direito violado era o pr\u00f3prio titular\u201d. A decis\u00e3o se tornou um precedente para futuras a\u00e7\u00f5es que argumentam em prol de animais como autores das a\u00e7\u00f5es e sujeitos de direito.\u201d<\/em><\/pre>\n\n\n\n<h3 class=\"wp-block-heading\" id=\"h-corrente-intermediaria\"><span id=\"corrente-intermediaria\">Corrente intermedi\u00e1ria<\/span><\/h3>\n\n\n\n<p>Mas o <strong>Superior Tribunal de Justi\u00e7a<\/strong>&nbsp;tem caminhado para adotar uma <strong><mark style=\"background-color:rgba(0, 0, 0, 0)\" class=\"has-inline-color has-black-color\">corrente intermedi\u00e1ria<\/mark><\/strong>, pela qual os animais de estima\u00e7\u00e3o seriam um &#8220;<strong><mark style=\"background-color:rgba(0, 0, 0, 0)\" class=\"has-inline-color has-black-color\">terceiro g\u00eanero<\/mark><\/strong>&#8220;. Para o ministro Lu\u00eds Felipe Salom\u00e3o, n\u00e3o se trata de humanizar o animal, tampouco de equiparar a posse dos bichos com a guarda de filhos, mas de considerar que o direito de propriedade sobre eles n\u00e3o pode ser exercido de maneira id\u00eantica \u00e0quele relativo \u00e0s coisas inanimadas ou que n\u00e3o s\u00e3o dotados de sensibilidade. Portanto, os animais seriam seres dotados de <strong>sensibilidade<\/strong>. Conferir o REsp 1.944.228.<\/p>\n\n\n\n<pre class=\"wp-block-preformatted\"><em>\u201c2. A solu\u00e7\u00e3o de quest\u00f5es que envolvem a ruptura da entidade familiar e o seu animal de estima\u00e7\u00e3o n\u00e3o pode, de modo algum, desconsiderar o ordenamento jur\u00eddico posto \u2013 o qual, sem preju\u00edzo de vindouro e oportuno aperfei\u00e7oamento legislativo, n\u00e3o apresenta lacuna e d\u00e1 respostas aceit\u00e1veis a tais demandas \u2013, devendo, todavia, o julgador, ao aplic\u00e1-lo, tomar como indispens\u00e1vel balizamento o aspecto afetivo que envolve a rela\u00e7\u00e3o das pessoas com o seu animal de estima\u00e7\u00e3o, bem como a prote\u00e7\u00e3o \u00e0 incolumidade f\u00edsica e \u00e0 seguran\u00e7a do pet, <\/em><strong><em><strong><em><mark style=\"background-color:rgba(0, 0, 0, 0)\" class=\"has-inline-color has-black-color\">concebido como ser dotado de sensibilidade e protegido de qualquer forma de crueldade<\/mark>.<\/em><\/strong><\/em><\/strong><br><br><em>2.1 A rela\u00e7\u00e3o entre o dono e o seu animal de estima\u00e7\u00e3o encontra-se inserida no direito de propriedade e no direito das coisas, com o correspondente reflexo nas normas que definem o regime de bens (no caso, o da uni\u00e3o est\u00e1vel). A aplica\u00e7\u00e3o de tais regramentos, contudo, <\/em><strong><em><strong><em><mark style=\"background-color:rgba(0, 0, 0, 0)\" class=\"has-inline-color has-black-color\">submete-se a um filtro de compatibilidade de seus termos com a natureza particular dos animais de estima\u00e7\u00e3o, seres que s\u00e3o dotados de sensibilidade, com \u00eanfase na prote\u00e7\u00e3o do afeto humano para com os animais<\/mark><\/em><\/strong><\/em><\/strong><em>.\u201d<\/em><\/pre>\n\n\n\n<p>Por essa vis\u00e3o, adotada pelo STJ, reconhece-se os animais como <strong><mark style=\"background-color:rgba(0, 0, 0, 0)\" class=\"has-inline-color has-black-color\">seres sencientes<\/mark><\/strong>. Mas o que s\u00e3o esses seres sencientes? Simples:<\/p>\n\n\n\n<figure class=\"wp-block-pullquote\"><blockquote><p><\/p><cite><em><em><mark style=\"background-color:rgba(0, 0, 0, 0)\" class=\"has-inline-color has-black-color\">Seres sencientes s\u00e3o seres que possuem a capacidade de sentir e perceber o mundo ao seu redor. Isso inclui a habilidade de experimentar emo\u00e7\u00f5es como dor, prazer, alegria e sofrimento.<\/mark> <\/em><\/em><\/cite><\/blockquote><\/figure>\n\n\n\n<p>O professor Jos\u00e9 Fernando Sim\u00e3o arremata:<\/p>\n\n\n\n<pre class=\"wp-block-preformatted\">O que se coloca \u00e9 saber se, por isso, animais n\u00e3o humanos e demais coisas devem receber tratamento id\u00eantico pelo C\u00f3digo Civil. Em outros termos, \u00e9 necess\u00e1rio definir se a propriedade de animais gera iguais efeitos \u00e0 propriedade das coisas inanimadas, como um carro, uma cadeira, uma casa.<br><br><strong>Evidentemente que a resposta \u00e9 negativa. A propriedade de animais n\u00e3o humanos passa por um filtro \u00f3bvio: <mark style=\"background-color:rgba(0, 0, 0, 0)\" class=\"has-inline-color has-black-color\">os animais n\u00e3o humanos s\u00e3o coisas especiais, pois s\u00e3o seres dotados de sensibilidade e pass\u00edveis de sofrimento e dor<\/mark>. \u00c9 por isso que o direito de propriedade sobre os animais, segundo interpreta\u00e7\u00e3o sistem\u00e1tica do C\u00f3digo Civil, n\u00e3o pode ser exercido de maneira id\u00eantica \u00e0quele que se exerce sobre coisas inanimadas ou n\u00e3o dotadas de sensibilidade.<\/strong><br><br>(Sim\u00e3o, Jos\u00e9 Fernando. Direito dos Animais: Natureza Jur\u00eddica. A Vis\u00e3o do Direito Civil. Revista Jur\u00eddica Luso-Brasileira, v. 4, ano 3, 2017, p. 899)<\/pre>\n\n\n\n<p>O Ministro do Supremo Tribunal Federal, Fl\u00e1vio Dino, em decis\u00e3o cautelar na ADI 7.704, arrematou:<\/p>\n\n\n\n<pre class=\"wp-block-verse\"><em>Ao se preocupar com outras formas de vida n\u00e3o humanas, a Constitui\u00e7\u00e3o incorporou uma vis\u00e3o mitigada do antropocentrismo, de modo a reconhecer que <\/em><strong><em><strong>seres n\u00e3o humanos podem ter valor e dignidade<\/strong><\/em><\/strong><sup data-fn=\"c0a99667-d72f-4408-ac74-706ecc69d04a\" class=\"fn\"><a id=\"c0a99667-d72f-4408-ac74-706ecc69d04a-link\" href=\"#c0a99667-d72f-4408-ac74-706ecc69d04a\">1<\/a><\/sup><em>. \u00c0 luz do texto constitucional, <\/em><strong><em><strong><mark style=\"background-color:rgba(0, 0, 0, 0)\" class=\"has-inline-color has-black-color\">a dignidade n\u00e3o \u00e9 um atributo exclusivo do ser humano<\/mark><\/strong><\/em><\/strong><em>.<\/em><\/pre>\n\n\n\n<p>Portanto, ser\u00e1 cada vez mais comum nos depararmos com quest\u00f5es envolvendo visita e guarda de pets, busca e apreens\u00e3o de animais e proibi\u00e7\u00e3o ou n\u00e3o de castra\u00e7\u00e3o dos bichinhos.<\/p>\n\n\n\n<p>Em resumo, quanto a vis\u00e3o acerca da natureza jur\u00eddica dos pets, temos:<\/p>\n\n\n\n<p>1) A corrente cl\u00e1ssica ou tradicional, que entende que o animal \u00e9 um <strong><mark style=\"background-color:rgba(0, 0, 0, 0)\" class=\"has-inline-color has-black-color\">bem semovente<\/mark><\/strong>, com fundamento antes mesmo do C\u00f3digo Civil;<\/p>\n\n\n\n<p>2) A corrente moderna, que entende que o animal deve ser considerado como um ser <strong><mark style=\"background-color:rgba(0, 0, 0, 0)\" class=\"has-inline-color has-black-color\">sujeito de direito<\/mark><\/strong>;<\/p>\n\n\n\n<p>3) A corrente intermedi\u00e1ria, adotada pelo STJ, pela qual o animal de estima\u00e7\u00e3o seria um &#8220;terceiro g\u00eanero&#8221;, dotado de sensibilidade, ou seja, um <strong><mark style=\"background-color:rgba(0, 0, 0, 0)\" class=\"has-inline-color has-black-color\">ser senciente<\/mark><\/strong>.<\/p>\n\n\n\n<p class=\"has-text-align-center\"><em>Est\u00e1 pronto para come\u00e7ar a prepara\u00e7\u00e3o para concursos de Carreiras Jur\u00eddicas? Os cursos do <a href=\"https:\/\/cj.estrategia.com\/\" target=\"_blank\" >Estrat\u00e9gia Carreiras Jur\u00eddicas<\/a> s\u00e3o o que voc\u00ea precisa para alcan\u00e7ar a aprova\u00e7\u00e3o!<\/em><\/p>\n\n\n\n<div class=\"wp-block-cover\" style=\"min-height:155px;aspect-ratio:unset;\"><img decoding=\"async\" width=\"1890\" height=\"351\" class=\"wp-block-cover__image-background wp-image-8669\" alt=\"Assinaturas Jur\u00eddicas\" src=\"https:\/\/cj.estrategia.com\/portal\/wp-content\/uploads\/2022\/06\/20151253\/concurso-carreiras-juridicas-assinatura-juridica.jpg\" style=\"object-position:78% 43%\" data-object-fit=\"cover\" data-object-position=\"78% 43%\" srcset=\"https:\/\/cj.estrategia.com\/portal\/wp-content\/uploads\/2022\/06\/20151253\/concurso-carreiras-juridicas-assinatura-juridica.jpg 1890w, https:\/\/cj.estrategia.com\/portal\/wp-content\/uploads\/2022\/06\/20151253\/concurso-carreiras-juridicas-assinatura-juridica-300x56.jpg 300w, https:\/\/cj.estrategia.com\/portal\/wp-content\/uploads\/2022\/06\/20151253\/concurso-carreiras-juridicas-assinatura-juridica-1024x190.jpg 1024w, https:\/\/cj.estrategia.com\/portal\/wp-content\/uploads\/2022\/06\/20151253\/concurso-carreiras-juridicas-assinatura-juridica-768x143.jpg 768w, https:\/\/cj.estrategia.com\/portal\/wp-content\/uploads\/2022\/06\/20151253\/concurso-carreiras-juridicas-assinatura-juridica-1536x285.jpg 1536w, https:\/\/cj.estrategia.com\/portal\/wp-content\/uploads\/2022\/06\/20151253\/concurso-carreiras-juridicas-assinatura-juridica-380x71.jpg 380w, https:\/\/cj.estrategia.com\/portal\/wp-content\/uploads\/2022\/06\/20151253\/concurso-carreiras-juridicas-assinatura-juridica-800x149.jpg 800w, https:\/\/cj.estrategia.com\/portal\/wp-content\/uploads\/2022\/06\/20151253\/concurso-carreiras-juridicas-assinatura-juridica-1160x215.jpg 1160w\" sizes=\"(max-width: 1890px) 100vw, 1890px\" \/><span aria-hidden=\"true\" class=\"wp-block-cover__background has-background-dim\"><\/span><div class=\"wp-block-cover__inner-container is-layout-flow wp-block-cover-is-layout-flow\">\n<h3 id=\"faca-a-sua-assinatura-2\" class=\"titulo-assinatura\"><span style=\"color: #ffffff;\">Fa\u00e7a a sua assinatura!<\/span><\/h3>\n<p class=\"subtitulo-assinatura\" style=\"display:block!important; line-height: 0;\"><span style=\"color: #ffffff;\">Escolha a sua \u00e1rea.<\/span><\/p>\n<a target=\"_blank\" href=\"https:\/\/www.estrategiaconcursos.com.br\/assinaturas-ecj\/\" rel=\"noopener\"><button style=\"border-radius: 10px; text-transform: capitalize;\">Acessar<\/button><\/a>\n<\/div><\/div>\n\n\n\n<p><\/p>\n\n\n\n<h2 class=\"wp-block-heading\" id=\"h-conceito-de-familia-multiespecie\"><span id=\"conceito-de-familia-multiespecie\">Conceito de fam\u00edlia multiesp\u00e9cie<\/span><\/h2>\n\n\n\n<p>A concess\u00e3o de pens\u00e3o aliment\u00edcia tamb\u00e9m tem por consequ\u00eancia o reconhecimento da <strong>fam\u00edlia multiesp\u00e9cie<\/strong>.<\/p>\n\n\n\n<p>Mas o que vem a ser essa nova configura\u00e7\u00e3o de fam\u00edlia? Vejamos.<\/p>\n\n\n<div class=\"wp-block-image\">\n<figure class=\"aligncenter size-full\"><img decoding=\"async\" width=\"587\" height=\"154\" src=\"https:\/\/cj.estrategia.com\/portal\/wp-content\/uploads\/2025\/02\/17185743\/familia-multiespecie.png\" alt=\"Fam\u00edlia multiesp\u00e9cie\" class=\"wp-image-99030\" srcset=\"https:\/\/cj.estrategia.com\/portal\/wp-content\/uploads\/2025\/02\/17185743\/familia-multiespecie.png 587w, https:\/\/cj.estrategia.com\/portal\/wp-content\/uploads\/2025\/02\/17185743\/familia-multiespecie-300x79.png 300w, https:\/\/cj.estrategia.com\/portal\/wp-content\/uploads\/2025\/02\/17185743\/familia-multiespecie-380x100.png 380w, https:\/\/cj.estrategia.com\/portal\/wp-content\/uploads\/2025\/02\/17185743\/familia-multiespecie-150x39.png 150w\" sizes=\"(max-width: 587px) 100vw, 587px\" \/><\/figure>\n<\/div>\n\n\n<p>No contexto da fam\u00edlia multiesp\u00e9cie, os animais de estima\u00e7\u00e3o n\u00e3o s\u00e3o considerados como coisas, e sim como parte integrante da fam\u00edlia, com emo\u00e7\u00f5es pr\u00f3prias (alegria, tristeza, ansiedade), e detentores de direitos b\u00e1sicos, como o de n\u00e3o sofrerem maus-tratos, o de poderem receber pens\u00e3o aliment\u00edcia de seus tutores, o de terem acesso a tratamento m\u00e9dico, e at\u00e9 o direito de visitas (n\u00e3o serem abandonados).<\/p>\n\n\n\n<p>A Constitui\u00e7\u00e3o Federal, em seu artigo 225, \u00a71\u00ba, VII, prev\u00ea que \u00e9 dever do poder p\u00fablico proteger a fauna e a flora, vedadas, na forma da lei, as pr\u00e1ticas que coloquem em risco sua fun\u00e7\u00e3o ecol\u00f3gica, provoquem a extin\u00e7\u00e3o de esp\u00e9cies ou <strong>submetam os animais a crueldade<\/strong>.<\/p>\n\n\n\n<p>Tramita na C\u00e2mara dos Deputados o Projeto de Lei 179\/23, que prev\u00ea uma s\u00e9rie de direitos para os animais de estima\u00e7\u00e3o e regulamenta o conceito de fam\u00edlia multiesp\u00e9cie como aquela formada pelo n\u00facleo familiar humano em conviv\u00eancia compartilhada com seus animais.<\/p>\n\n\n\n<p>O PL disciplina situa\u00e7\u00f5es relacionadas aos pets e seus tutores, tais como o fim da uni\u00e3o est\u00e1vel, o div\u00f3rcio, os pedidos de guarda e a regulamenta\u00e7\u00e3o de visitas, entre outras.<\/p>\n\n\n\n<p>Ponto central do projeto \u00e9 garantir aos animais de estima\u00e7\u00e3o o acesso \u00e0 Justi\u00e7a para defesa ou repara\u00e7\u00e3o de danos materiais, existenciais e morais aos seus direitos individuais e coletivos, cabendo ao tutor ou, na aus\u00eancia ou impedimento deste, \u00e0 Defensoria P\u00fablica e ao Minist\u00e9rio P\u00fablico represent\u00e1-lo em ju\u00edzo.<\/p>\n\n\n\n<p>Tema instigante e que cada vez mais \u00e9 cobrado em provas de direito constitucional, direito civil e processual civil. Importante acompanhar a evolu\u00e7\u00e3o do tema.<\/p>\n\n\n\n<hr class=\"wp-block-separator has-alpha-channel-opacity\"\/>\n\n\n<ol class=\"wp-block-footnotes\"><li id=\"c0a99667-d72f-4408-ac74-706ecc69d04a\">DIAS, Jefferson Aparecido; NELSON, Rocco Ant\u00f4nio Rangel Rosso. Do Direito dos animais n\u00e3o humanos &#8211; em busca de uma personalidade esquecida. <strong>Revista Brasileira de Direito Animal<\/strong>. UFBA. P. 35. <a href=\"#c0a99667-d72f-4408-ac74-706ecc69d04a-link\" aria-label=\"Ir para a refer\u00eancia 1 na nota de rodap\u00e9\">\u21a9\ufe0e<\/a><\/li><\/ol>\n\n\n<hr class=\"wp-block-separator has-alpha-channel-opacity\"\/>\n\n\n\n<h2 class=\"wp-block-heading has-text-align-center\" id=\"h-quer-saber-quais-serao-os-proximos-concursos\"><span id=\"quer-saber-quais-serao-os-proximos-concursos\">Quer saber quais ser\u00e3o os pr\u00f3ximos concursos?<\/span><\/h2>\n\n\n\n<p class=\"has-text-align-center has-white-color has-pale-cyan-blue-background-color has-text-color has-background has-link-color wp-elements-723b3278bf14a50a5e7b7e937b9a17d4\"><a href=\"https:\/\/cj.estrategia.com\/portal\/concursos-abertos-carreiras-juridicas\/\">Concursos jur\u00eddicos abertos<\/a><\/p>\n\n\n\n<p class=\"has-text-align-center has-white-color has-pale-cyan-blue-background-color has-text-color has-background has-link-color wp-elements-41349f36dc977263ca2129bf0f6dd541\"><a href=\"https:\/\/cj.estrategia.com\/portal\/concursos-2025-carreiras-juridicas\/\" target=\"_blank\" >Concursos jur\u00eddicos 2025<\/a><\/p>\n\n\n\n<p class=\"has-text-align-center\"><em>Est\u00e1 pronto para come\u00e7ar a prepara\u00e7\u00e3o para concursos de Carreiras Jur\u00eddicas? Os cursos do <a href=\"https:\/\/cj.estrategia.com\/\" target=\"_blank\" >Estrat\u00e9gia Carreiras Jur\u00eddicas<\/a> s\u00e3o o que voc\u00ea precisa para alcan\u00e7ar a aprova\u00e7\u00e3o!<\/em><\/p>\n\n\n\n<div class=\"wp-block-cover\" style=\"min-height:155px;aspect-ratio:unset;\"><img decoding=\"async\" width=\"1890\" height=\"351\" class=\"wp-block-cover__image-background wp-image-8669\" alt=\"Assinaturas Jur\u00eddicas\" src=\"https:\/\/cj.estrategia.com\/portal\/wp-content\/uploads\/2022\/06\/20151253\/concurso-carreiras-juridicas-assinatura-juridica.jpg\" style=\"object-position:78% 43%\" data-object-fit=\"cover\" data-object-position=\"78% 43%\" srcset=\"https:\/\/cj.estrategia.com\/portal\/wp-content\/uploads\/2022\/06\/20151253\/concurso-carreiras-juridicas-assinatura-juridica.jpg 1890w, https:\/\/cj.estrategia.com\/portal\/wp-content\/uploads\/2022\/06\/20151253\/concurso-carreiras-juridicas-assinatura-juridica-300x56.jpg 300w, https:\/\/cj.estrategia.com\/portal\/wp-content\/uploads\/2022\/06\/20151253\/concurso-carreiras-juridicas-assinatura-juridica-1024x190.jpg 1024w, https:\/\/cj.estrategia.com\/portal\/wp-content\/uploads\/2022\/06\/20151253\/concurso-carreiras-juridicas-assinatura-juridica-768x143.jpg 768w, https:\/\/cj.estrategia.com\/portal\/wp-content\/uploads\/2022\/06\/20151253\/concurso-carreiras-juridicas-assinatura-juridica-1536x285.jpg 1536w, https:\/\/cj.estrategia.com\/portal\/wp-content\/uploads\/2022\/06\/20151253\/concurso-carreiras-juridicas-assinatura-juridica-380x71.jpg 380w, https:\/\/cj.estrategia.com\/portal\/wp-content\/uploads\/2022\/06\/20151253\/concurso-carreiras-juridicas-assinatura-juridica-800x149.jpg 800w, https:\/\/cj.estrategia.com\/portal\/wp-content\/uploads\/2022\/06\/20151253\/concurso-carreiras-juridicas-assinatura-juridica-1160x215.jpg 1160w\" sizes=\"(max-width: 1890px) 100vw, 1890px\" \/><span aria-hidden=\"true\" class=\"wp-block-cover__background has-background-dim\"><\/span><div class=\"wp-block-cover__inner-container is-layout-flow wp-block-cover-is-layout-flow\">\n<h3 id=\"faca-a-sua-assinatura-3\" class=\"titulo-assinatura\"><span style=\"color: #ffffff;\">Fa\u00e7a a sua assinatura!<\/span><\/h3>\n<p class=\"subtitulo-assinatura\" style=\"display:block!important; line-height: 0;\"><span style=\"color: #ffffff;\">Escolha a sua \u00e1rea.<\/span><\/p>\n<a target=\"_blank\" href=\"https:\/\/www.estrategiaconcursos.com.br\/assinaturas-ecj\/\" rel=\"noopener\"><button style=\"border-radius: 10px; text-transform: capitalize;\">Acessar<\/button><\/a>\n<\/div><\/div>\n\n\n\n<p><\/p>\n\n\n\n<p><\/p>\n","protected":false},"excerpt":{"rendered":"* Thiago de Paula Leite \u00e9 procurador do Estado de S\u00e3o Paulo e professor de direito ambiental e&hellip;\n","protected":false},"author":81,"featured_media":99027,"comment_status":"open","ping_status":"open","sticky":false,"template":"","format":"standard","meta":{"_jetpack_memberships_contains_paid_content":false,"footnotes":"[{\"content\":\"DIAS, Jefferson Aparecido; NELSON, Rocco Ant\u00f4nio Rangel Rosso. Do Direito dos animais n\u00e3o humanos - em busca de uma personalidade esquecida. <strong>Revista Brasileira de Direito Animal<\/strong>. UFBA. P. 35.\",\"id\":\"c0a99667-d72f-4408-ac74-706ecc69d04a\"}]"},"categories":[1],"tags":[164,926,869,821,875,202,872,163],"tax_estado":[30,31,32,33,34,35,36,37,38,39,40,41,42,43,44,45,46,47,48,49,50,51,52,53,54,55,56,57],"class_list":{"0":"post-98986","1":"post","2":"type-post","3":"status-publish","4":"format-standard","5":"has-post-thumbnail","7":"category-carreiras-juridicas","8":"tag-codigo-civil","9":"tag-familia-multiespecie","10":"tag-natureza-juridica-dos-pets","11":"tag-pensao-alimenticia","12":"tag-seres-sencientes","13":"tag-stj","14":"tag-sujeito-de-direito","15":"tag-uniao-estavel","16":"tax_estado-ac","17":"tax_estado-al","18":"tax_estado-am","19":"tax_estado-ap","20":"tax_estado-ba","21":"tax_estado-ce","22":"tax_estado-concursos-federais","23":"tax_estado-df","24":"tax_estado-es","25":"tax_estado-go","26":"tax_estado-ma","27":"tax_estado-mg","28":"tax_estado-ms","29":"tax_estado-mt","30":"tax_estado-pa","31":"tax_estado-pb","32":"tax_estado-pe","33":"tax_estado-pi","34":"tax_estado-pr","35":"tax_estado-rj","36":"tax_estado-rn","37":"tax_estado-ro","38":"tax_estado-rr","39":"tax_estado-rs","40":"tax_estado-sc","41":"tax_estado-se","42":"tax_estado-sp","43":"tax_estado-to"},"acf":[],"yoast_head":"<!-- This site is optimized with the Yoast SEO Premium plugin v27.4 (Yoast SEO v27.4) - https:\/\/yoast.com\/product\/yoast-seo-premium-wordpress\/ -->\n<title>Fam\u00edlia multiesp\u00e9cie: pens\u00e3o aliment\u00edcia para c\u00e3es<\/title>\n<meta name=\"description\" content=\"Ap\u00f3s determina\u00e7\u00e3o da Justi\u00e7a, dever\u00e1 ser paga pens\u00e3o aliment\u00edcia para cinco c\u00e3es. Esse tema traz a tona o conceito de fam\u00edlia multiesp\u00e9cie!\" \/>\n<meta name=\"robots\" content=\"index, follow, max-snippet:-1, max-image-preview:large, max-video-preview:-1\" \/>\n<link rel=\"canonical\" href=\"https:\/\/cj.estrategia.com\/portal\/pagamento-de-pensao-alimenticia-para-cachorros\/\" \/>\n<meta property=\"og:locale\" content=\"pt_BR\" \/>\n<meta property=\"og:type\" content=\"article\" \/>\n<meta property=\"og:title\" content=\"Fam\u00edlia multiesp\u00e9cie: Justi\u00e7a determina pens\u00e3o aliment\u00edcia para c\u00e3es\" \/>\n<meta property=\"og:description\" content=\"Ap\u00f3s determina\u00e7\u00e3o da Justi\u00e7a, dever\u00e1 ser paga pens\u00e3o aliment\u00edcia para cinco c\u00e3es. Esse tema traz a tona o conceito de fam\u00edlia multiesp\u00e9cie!\" \/>\n<meta property=\"og:url\" content=\"https:\/\/cj.estrategia.com\/portal\/pagamento-de-pensao-alimenticia-para-cachorros\/\" \/>\n<meta property=\"og:site_name\" content=\"Blog - Carreiras Jur\u00eddicas - Estrat\u00e9gia\" \/>\n<meta property=\"article:publisher\" content=\"https:\/\/www.facebook.com\/estrategiacarreirajuridica\/\" \/>\n<meta property=\"article:published_time\" content=\"2025-02-20T23:29:30+00:00\" \/>\n<meta property=\"article:modified_time\" content=\"2025-05-17T20:23:12+00:00\" \/>\n<meta property=\"og:image\" content=\"https:\/\/cj.estrategia.com\/portal\/wp-content\/uploads\/2025\/02\/17184147\/cachorro-familia-multiespecie-pensao-alimenticia.png\" \/>\n\t<meta property=\"og:image:width\" content=\"900\" \/>\n\t<meta property=\"og:image:height\" content=\"598\" \/>\n\t<meta property=\"og:image:type\" content=\"image\/png\" \/>\n<meta name=\"author\" content=\"Thiago Leite\" \/>\n<meta name=\"twitter:card\" content=\"summary_large_image\" \/>\n<meta name=\"twitter:creator\" content=\"@EstratJuridica\" \/>\n<meta name=\"twitter:site\" content=\"@EstratJuridica\" \/>\n<meta name=\"twitter:label1\" content=\"Escrito por\" \/>\n\t<meta name=\"twitter:data1\" content=\"Thiago Leite\" \/>\n\t<meta name=\"twitter:label2\" content=\"Est. tempo de leitura\" \/>\n\t<meta name=\"twitter:data2\" content=\"24 minutos\" \/>\n<script type=\"application\/ld+json\" class=\"yoast-schema-graph\">{\"@context\":\"https:\\\/\\\/schema.org\",\"@graph\":[{\"@type\":\"NewsArticle\",\"@id\":\"https:\\\/\\\/cj.estrategia.com\\\/portal\\\/pagamento-de-pensao-alimenticia-para-cachorros\\\/#article\",\"isPartOf\":{\"@id\":\"https:\\\/\\\/cj.estrategia.com\\\/portal\\\/pagamento-de-pensao-alimenticia-para-cachorros\\\/\"},\"author\":{\"name\":\"Thiago Leite\",\"@id\":\"https:\\\/\\\/cj.estrategia.com\\\/portal\\\/#\\\/schema\\\/person\\\/7d7d2b1c8386e2eeacc0b09cfbc1d0ff\"},\"headline\":\"Fam\u00edlia multiesp\u00e9cie: Justi\u00e7a determina pens\u00e3o aliment\u00edcia para c\u00e3es\",\"datePublished\":\"2025-02-20T23:29:30+00:00\",\"dateModified\":\"2025-05-17T20:23:12+00:00\",\"mainEntityOfPage\":{\"@id\":\"https:\\\/\\\/cj.estrategia.com\\\/portal\\\/pagamento-de-pensao-alimenticia-para-cachorros\\\/\"},\"wordCount\":1282,\"commentCount\":0,\"publisher\":{\"@id\":\"https:\\\/\\\/cj.estrategia.com\\\/portal\\\/#organization\"},\"image\":{\"@id\":\"https:\\\/\\\/cj.estrategia.com\\\/portal\\\/pagamento-de-pensao-alimenticia-para-cachorros\\\/#primaryimage\"},\"thumbnailUrl\":\"https:\\\/\\\/cj.estrategia.com\\\/portal\\\/wp-content\\\/uploads\\\/2025\\\/02\\\/17184147\\\/cachorro-familia-multiespecie-pensao-alimenticia.png\",\"keywords\":[\"c\u00f3digo civil\",\"fam\u00edlia multiesp\u00e9cie\",\"natureza jur\u00eddica dos pets\",\"pens\u00e3o aliment\u00edcia\",\"seres sencientes\",\"STJ\",\"sujeito de direito\",\"uni\u00e3o est\u00e1vel\"],\"articleSection\":[\"Carreiras Jur\u00eddicas\"],\"inLanguage\":\"pt-BR\",\"potentialAction\":[{\"@type\":\"CommentAction\",\"name\":\"Comment\",\"target\":[\"https:\\\/\\\/cj.estrategia.com\\\/portal\\\/pagamento-de-pensao-alimenticia-para-cachorros\\\/#respond\"]}]},{\"@type\":\"WebPage\",\"@id\":\"https:\\\/\\\/cj.estrategia.com\\\/portal\\\/pagamento-de-pensao-alimenticia-para-cachorros\\\/\",\"url\":\"https:\\\/\\\/cj.estrategia.com\\\/portal\\\/pagamento-de-pensao-alimenticia-para-cachorros\\\/\",\"name\":\"Fam\u00edlia multiesp\u00e9cie: pens\u00e3o aliment\u00edcia para c\u00e3es\",\"isPartOf\":{\"@id\":\"https:\\\/\\\/cj.estrategia.com\\\/portal\\\/#website\"},\"primaryImageOfPage\":{\"@id\":\"https:\\\/\\\/cj.estrategia.com\\\/portal\\\/pagamento-de-pensao-alimenticia-para-cachorros\\\/#primaryimage\"},\"image\":{\"@id\":\"https:\\\/\\\/cj.estrategia.com\\\/portal\\\/pagamento-de-pensao-alimenticia-para-cachorros\\\/#primaryimage\"},\"thumbnailUrl\":\"https:\\\/\\\/cj.estrategia.com\\\/portal\\\/wp-content\\\/uploads\\\/2025\\\/02\\\/17184147\\\/cachorro-familia-multiespecie-pensao-alimenticia.png\",\"datePublished\":\"2025-02-20T23:29:30+00:00\",\"dateModified\":\"2025-05-17T20:23:12+00:00\",\"description\":\"Ap\u00f3s determina\u00e7\u00e3o da Justi\u00e7a, dever\u00e1 ser paga pens\u00e3o aliment\u00edcia para cinco c\u00e3es. Esse tema traz a tona o conceito de fam\u00edlia multiesp\u00e9cie!\",\"breadcrumb\":{\"@id\":\"https:\\\/\\\/cj.estrategia.com\\\/portal\\\/pagamento-de-pensao-alimenticia-para-cachorros\\\/#breadcrumb\"},\"inLanguage\":\"pt-BR\",\"potentialAction\":[{\"@type\":\"ReadAction\",\"target\":[\"https:\\\/\\\/cj.estrategia.com\\\/portal\\\/pagamento-de-pensao-alimenticia-para-cachorros\\\/\"]}]},{\"@type\":\"ImageObject\",\"inLanguage\":\"pt-BR\",\"@id\":\"https:\\\/\\\/cj.estrategia.com\\\/portal\\\/pagamento-de-pensao-alimenticia-para-cachorros\\\/#primaryimage\",\"url\":\"https:\\\/\\\/cj.estrategia.com\\\/portal\\\/wp-content\\\/uploads\\\/2025\\\/02\\\/17184147\\\/cachorro-familia-multiespecie-pensao-alimenticia.png\",\"contentUrl\":\"https:\\\/\\\/cj.estrategia.com\\\/portal\\\/wp-content\\\/uploads\\\/2025\\\/02\\\/17184147\\\/cachorro-familia-multiespecie-pensao-alimenticia.png\",\"width\":900,\"height\":598},{\"@type\":\"BreadcrumbList\",\"@id\":\"https:\\\/\\\/cj.estrategia.com\\\/portal\\\/pagamento-de-pensao-alimenticia-para-cachorros\\\/#breadcrumb\",\"itemListElement\":[{\"@type\":\"ListItem\",\"position\":1,\"name\":\"In\u00edcio\",\"item\":\"https:\\\/\\\/cj.estrategia.com\\\/portal\\\/\"},{\"@type\":\"ListItem\",\"position\":2,\"name\":\"Fam\u00edlia multiesp\u00e9cie: Justi\u00e7a determina pens\u00e3o aliment\u00edcia para c\u00e3es\"}]},{\"@type\":\"WebSite\",\"@id\":\"https:\\\/\\\/cj.estrategia.com\\\/portal\\\/#website\",\"url\":\"https:\\\/\\\/cj.estrategia.com\\\/portal\\\/\",\"name\":\"Blog - Carreiras Jur\u00eddicas - Estrat\u00e9gia\",\"description\":\"\",\"publisher\":{\"@id\":\"https:\\\/\\\/cj.estrategia.com\\\/portal\\\/#organization\"},\"potentialAction\":[{\"@type\":\"SearchAction\",\"target\":{\"@type\":\"EntryPoint\",\"urlTemplate\":\"https:\\\/\\\/cj.estrategia.com\\\/portal\\\/?s={search_term_string}\"},\"query-input\":{\"@type\":\"PropertyValueSpecification\",\"valueRequired\":true,\"valueName\":\"search_term_string\"}}],\"inLanguage\":\"pt-BR\"},{\"@type\":\"Organization\",\"@id\":\"https:\\\/\\\/cj.estrategia.com\\\/portal\\\/#organization\",\"name\":\"Estrat\u00e9gia - Carreiras Jur\u00eddicas\",\"url\":\"https:\\\/\\\/cj.estrategia.com\\\/portal\\\/\",\"logo\":{\"@type\":\"ImageObject\",\"inLanguage\":\"pt-BR\",\"@id\":\"https:\\\/\\\/cj.estrategia.com\\\/portal\\\/#\\\/schema\\\/logo\\\/image\\\/\",\"url\":\"https:\\\/\\\/cj.estrategia.com\\\/portal\\\/wp-content\\\/uploads\\\/2022\\\/03\\\/11151052\\\/cj-logo.png\",\"contentUrl\":\"https:\\\/\\\/cj.estrategia.com\\\/portal\\\/wp-content\\\/uploads\\\/2022\\\/03\\\/11151052\\\/cj-logo.png\",\"width\":150,\"height\":39,\"caption\":\"Estrat\u00e9gia - Carreiras Jur\u00eddicas\"},\"image\":{\"@id\":\"https:\\\/\\\/cj.estrategia.com\\\/portal\\\/#\\\/schema\\\/logo\\\/image\\\/\"},\"sameAs\":[\"https:\\\/\\\/www.facebook.com\\\/estrategiacarreirajuridica\\\/\",\"https:\\\/\\\/x.com\\\/EstratJuridica\",\"https:\\\/\\\/www.instagram.com\\\/estrategiacarreirajuridica\\\/\",\"https:\\\/\\\/www.youtube.com\\\/channel\\\/UClbMGuYbj2Mh1m3w144ETWQ\"]},{\"@type\":\"Person\",\"@id\":\"https:\\\/\\\/cj.estrategia.com\\\/portal\\\/#\\\/schema\\\/person\\\/7d7d2b1c8386e2eeacc0b09cfbc1d0ff\",\"name\":\"Thiago Leite\",\"image\":{\"@type\":\"ImageObject\",\"inLanguage\":\"pt-BR\",\"@id\":\"https:\\\/\\\/secure.gravatar.com\\\/avatar\\\/15ff5746ff9e313f1248fe2373ce03309054e96387bb9249055458d0c1aaa297?s=96&d=mm&r=g\",\"url\":\"https:\\\/\\\/secure.gravatar.com\\\/avatar\\\/15ff5746ff9e313f1248fe2373ce03309054e96387bb9249055458d0c1aaa297?s=96&d=mm&r=g\",\"contentUrl\":\"https:\\\/\\\/secure.gravatar.com\\\/avatar\\\/15ff5746ff9e313f1248fe2373ce03309054e96387bb9249055458d0c1aaa297?s=96&d=mm&r=g\",\"caption\":\"Thiago Leite\"},\"description\":\"Thiago de Paula Leite \u00e9 procurador do Estado de S\u00e3o Paulo e professor de direito ambiental e agr\u00e1rio do Estrat\u00e9gia.\",\"url\":\"https:\\\/\\\/cj.estrategia.com\\\/portal\\\/author\\\/thiago-leite\\\/\"}]}<\/script>\n<!-- \/ Yoast SEO Premium plugin. -->","yoast_head_json":{"title":"Fam\u00edlia multiesp\u00e9cie: pens\u00e3o aliment\u00edcia para c\u00e3es","description":"Ap\u00f3s determina\u00e7\u00e3o da Justi\u00e7a, dever\u00e1 ser paga pens\u00e3o aliment\u00edcia para cinco c\u00e3es. Esse tema traz a tona o conceito de fam\u00edlia multiesp\u00e9cie!","robots":{"index":"index","follow":"follow","max-snippet":"max-snippet:-1","max-image-preview":"max-image-preview:large","max-video-preview":"max-video-preview:-1"},"canonical":"https:\/\/cj.estrategia.com\/portal\/pagamento-de-pensao-alimenticia-para-cachorros\/","og_locale":"pt_BR","og_type":"article","og_title":"Fam\u00edlia multiesp\u00e9cie: Justi\u00e7a determina pens\u00e3o aliment\u00edcia para c\u00e3es","og_description":"Ap\u00f3s determina\u00e7\u00e3o da Justi\u00e7a, dever\u00e1 ser paga pens\u00e3o aliment\u00edcia para cinco c\u00e3es. Esse tema traz a tona o conceito de fam\u00edlia multiesp\u00e9cie!","og_url":"https:\/\/cj.estrategia.com\/portal\/pagamento-de-pensao-alimenticia-para-cachorros\/","og_site_name":"Blog - Carreiras Jur\u00eddicas - Estrat\u00e9gia","article_publisher":"https:\/\/www.facebook.com\/estrategiacarreirajuridica\/","article_published_time":"2025-02-20T23:29:30+00:00","article_modified_time":"2025-05-17T20:23:12+00:00","og_image":[{"width":900,"height":598,"url":"https:\/\/cj.estrategia.com\/portal\/wp-content\/uploads\/2025\/02\/17184147\/cachorro-familia-multiespecie-pensao-alimenticia.png","type":"image\/png"}],"author":"Thiago Leite","twitter_card":"summary_large_image","twitter_creator":"@EstratJuridica","twitter_site":"@EstratJuridica","twitter_misc":{"Escrito por":"Thiago Leite","Est. tempo de leitura":"24 minutos"},"schema":{"@context":"https:\/\/schema.org","@graph":[{"@type":"NewsArticle","@id":"https:\/\/cj.estrategia.com\/portal\/pagamento-de-pensao-alimenticia-para-cachorros\/#article","isPartOf":{"@id":"https:\/\/cj.estrategia.com\/portal\/pagamento-de-pensao-alimenticia-para-cachorros\/"},"author":{"name":"Thiago Leite","@id":"https:\/\/cj.estrategia.com\/portal\/#\/schema\/person\/7d7d2b1c8386e2eeacc0b09cfbc1d0ff"},"headline":"Fam\u00edlia multiesp\u00e9cie: Justi\u00e7a determina pens\u00e3o aliment\u00edcia para c\u00e3es","datePublished":"2025-02-20T23:29:30+00:00","dateModified":"2025-05-17T20:23:12+00:00","mainEntityOfPage":{"@id":"https:\/\/cj.estrategia.com\/portal\/pagamento-de-pensao-alimenticia-para-cachorros\/"},"wordCount":1282,"commentCount":0,"publisher":{"@id":"https:\/\/cj.estrategia.com\/portal\/#organization"},"image":{"@id":"https:\/\/cj.estrategia.com\/portal\/pagamento-de-pensao-alimenticia-para-cachorros\/#primaryimage"},"thumbnailUrl":"https:\/\/cj.estrategia.com\/portal\/wp-content\/uploads\/2025\/02\/17184147\/cachorro-familia-multiespecie-pensao-alimenticia.png","keywords":["c\u00f3digo civil","fam\u00edlia multiesp\u00e9cie","natureza jur\u00eddica dos pets","pens\u00e3o aliment\u00edcia","seres sencientes","STJ","sujeito de direito","uni\u00e3o est\u00e1vel"],"articleSection":["Carreiras Jur\u00eddicas"],"inLanguage":"pt-BR","potentialAction":[{"@type":"CommentAction","name":"Comment","target":["https:\/\/cj.estrategia.com\/portal\/pagamento-de-pensao-alimenticia-para-cachorros\/#respond"]}]},{"@type":"WebPage","@id":"https:\/\/cj.estrategia.com\/portal\/pagamento-de-pensao-alimenticia-para-cachorros\/","url":"https:\/\/cj.estrategia.com\/portal\/pagamento-de-pensao-alimenticia-para-cachorros\/","name":"Fam\u00edlia multiesp\u00e9cie: pens\u00e3o aliment\u00edcia para c\u00e3es","isPartOf":{"@id":"https:\/\/cj.estrategia.com\/portal\/#website"},"primaryImageOfPage":{"@id":"https:\/\/cj.estrategia.com\/portal\/pagamento-de-pensao-alimenticia-para-cachorros\/#primaryimage"},"image":{"@id":"https:\/\/cj.estrategia.com\/portal\/pagamento-de-pensao-alimenticia-para-cachorros\/#primaryimage"},"thumbnailUrl":"https:\/\/cj.estrategia.com\/portal\/wp-content\/uploads\/2025\/02\/17184147\/cachorro-familia-multiespecie-pensao-alimenticia.png","datePublished":"2025-02-20T23:29:30+00:00","dateModified":"2025-05-17T20:23:12+00:00","description":"Ap\u00f3s determina\u00e7\u00e3o da Justi\u00e7a, dever\u00e1 ser paga pens\u00e3o aliment\u00edcia para cinco c\u00e3es. Esse tema traz a tona o conceito de fam\u00edlia multiesp\u00e9cie!","breadcrumb":{"@id":"https:\/\/cj.estrategia.com\/portal\/pagamento-de-pensao-alimenticia-para-cachorros\/#breadcrumb"},"inLanguage":"pt-BR","potentialAction":[{"@type":"ReadAction","target":["https:\/\/cj.estrategia.com\/portal\/pagamento-de-pensao-alimenticia-para-cachorros\/"]}]},{"@type":"ImageObject","inLanguage":"pt-BR","@id":"https:\/\/cj.estrategia.com\/portal\/pagamento-de-pensao-alimenticia-para-cachorros\/#primaryimage","url":"https:\/\/cj.estrategia.com\/portal\/wp-content\/uploads\/2025\/02\/17184147\/cachorro-familia-multiespecie-pensao-alimenticia.png","contentUrl":"https:\/\/cj.estrategia.com\/portal\/wp-content\/uploads\/2025\/02\/17184147\/cachorro-familia-multiespecie-pensao-alimenticia.png","width":900,"height":598},{"@type":"BreadcrumbList","@id":"https:\/\/cj.estrategia.com\/portal\/pagamento-de-pensao-alimenticia-para-cachorros\/#breadcrumb","itemListElement":[{"@type":"ListItem","position":1,"name":"In\u00edcio","item":"https:\/\/cj.estrategia.com\/portal\/"},{"@type":"ListItem","position":2,"name":"Fam\u00edlia multiesp\u00e9cie: Justi\u00e7a determina pens\u00e3o aliment\u00edcia para c\u00e3es"}]},{"@type":"WebSite","@id":"https:\/\/cj.estrategia.com\/portal\/#website","url":"https:\/\/cj.estrategia.com\/portal\/","name":"Blog - Carreiras Jur\u00eddicas - Estrat\u00e9gia","description":"","publisher":{"@id":"https:\/\/cj.estrategia.com\/portal\/#organization"},"potentialAction":[{"@type":"SearchAction","target":{"@type":"EntryPoint","urlTemplate":"https:\/\/cj.estrategia.com\/portal\/?s={search_term_string}"},"query-input":{"@type":"PropertyValueSpecification","valueRequired":true,"valueName":"search_term_string"}}],"inLanguage":"pt-BR"},{"@type":"Organization","@id":"https:\/\/cj.estrategia.com\/portal\/#organization","name":"Estrat\u00e9gia - Carreiras Jur\u00eddicas","url":"https:\/\/cj.estrategia.com\/portal\/","logo":{"@type":"ImageObject","inLanguage":"pt-BR","@id":"https:\/\/cj.estrategia.com\/portal\/#\/schema\/logo\/image\/","url":"https:\/\/cj.estrategia.com\/portal\/wp-content\/uploads\/2022\/03\/11151052\/cj-logo.png","contentUrl":"https:\/\/cj.estrategia.com\/portal\/wp-content\/uploads\/2022\/03\/11151052\/cj-logo.png","width":150,"height":39,"caption":"Estrat\u00e9gia - Carreiras Jur\u00eddicas"},"image":{"@id":"https:\/\/cj.estrategia.com\/portal\/#\/schema\/logo\/image\/"},"sameAs":["https:\/\/www.facebook.com\/estrategiacarreirajuridica\/","https:\/\/x.com\/EstratJuridica","https:\/\/www.instagram.com\/estrategiacarreirajuridica\/","https:\/\/www.youtube.com\/channel\/UClbMGuYbj2Mh1m3w144ETWQ"]},{"@type":"Person","@id":"https:\/\/cj.estrategia.com\/portal\/#\/schema\/person\/7d7d2b1c8386e2eeacc0b09cfbc1d0ff","name":"Thiago Leite","image":{"@type":"ImageObject","inLanguage":"pt-BR","@id":"https:\/\/secure.gravatar.com\/avatar\/15ff5746ff9e313f1248fe2373ce03309054e96387bb9249055458d0c1aaa297?s=96&d=mm&r=g","url":"https:\/\/secure.gravatar.com\/avatar\/15ff5746ff9e313f1248fe2373ce03309054e96387bb9249055458d0c1aaa297?s=96&d=mm&r=g","contentUrl":"https:\/\/secure.gravatar.com\/avatar\/15ff5746ff9e313f1248fe2373ce03309054e96387bb9249055458d0c1aaa297?s=96&d=mm&r=g","caption":"Thiago Leite"},"description":"Thiago de Paula Leite \u00e9 procurador do Estado de S\u00e3o Paulo e professor de direito ambiental e agr\u00e1rio do Estrat\u00e9gia.","url":"https:\/\/cj.estrategia.com\/portal\/author\/thiago-leite\/"}]}},"jetpack_featured_media_url":"https:\/\/cj.estrategia.com\/portal\/wp-content\/uploads\/2025\/02\/17184147\/cachorro-familia-multiespecie-pensao-alimenticia.png","jetpack_sharing_enabled":true,"_links":{"self":[{"href":"https:\/\/cj.estrategia.com\/portal\/wp-json\/wp\/v2\/posts\/98986","targetHints":{"allow":["GET"]}}],"collection":[{"href":"https:\/\/cj.estrategia.com\/portal\/wp-json\/wp\/v2\/posts"}],"about":[{"href":"https:\/\/cj.estrategia.com\/portal\/wp-json\/wp\/v2\/types\/post"}],"author":[{"embeddable":true,"href":"https:\/\/cj.estrategia.com\/portal\/wp-json\/wp\/v2\/users\/81"}],"replies":[{"embeddable":true,"href":"https:\/\/cj.estrategia.com\/portal\/wp-json\/wp\/v2\/comments?post=98986"}],"version-history":[{"count":4,"href":"https:\/\/cj.estrategia.com\/portal\/wp-json\/wp\/v2\/posts\/98986\/revisions"}],"predecessor-version":[{"id":100014,"href":"https:\/\/cj.estrategia.com\/portal\/wp-json\/wp\/v2\/posts\/98986\/revisions\/100014"}],"wp:featuredmedia":[{"embeddable":true,"href":"https:\/\/cj.estrategia.com\/portal\/wp-json\/wp\/v2\/media\/99027"}],"wp:attachment":[{"href":"https:\/\/cj.estrategia.com\/portal\/wp-json\/wp\/v2\/media?parent=98986"}],"wp:term":[{"taxonomy":"category","embeddable":true,"href":"https:\/\/cj.estrategia.com\/portal\/wp-json\/wp\/v2\/categories?post=98986"},{"taxonomy":"post_tag","embeddable":true,"href":"https:\/\/cj.estrategia.com\/portal\/wp-json\/wp\/v2\/tags?post=98986"},{"taxonomy":"tax_estado","embeddable":true,"href":"https:\/\/cj.estrategia.com\/portal\/wp-json\/wp\/v2\/tax_estado?post=98986"}],"curies":[{"name":"wp","href":"https:\/\/api.w.org\/{rel}","templated":true}]}}