{"id":98619,"date":"2025-02-16T00:35:15","date_gmt":"2025-02-16T03:35:15","guid":{"rendered":"https:\/\/cj.estrategia.com\/portal\/?p=98619"},"modified":"2025-06-12T14:50:51","modified_gmt":"2025-06-12T17:50:51","slug":"juizes-aposentados-cobram-auxilio-pijama","status":"publish","type":"post","link":"https:\/\/cj.estrategia.com\/portal\/juizes-aposentados-cobram-auxilio-pijama\/","title":{"rendered":"Ju\u00edzes aposentados cobram &#8220;aux\u00edlio-pijama&#8221;"},"content":{"rendered":"\n<p><em>Ju\u00edzes aposentados pressionam pelo chamado &#8220;aux\u00edlio-pijama&#8221;, um benef\u00edcio pol\u00eamico que reacende debates sobre privil\u00e9gios no Judici\u00e1rio. Saiba mais!<\/em><\/p>\n\n\n\n<p><strong>* Thiago de Paula Leite \u00e9 procurador do Estado de S\u00e3o Paulo e professor de direito ambiental e agr\u00e1rio do Estrat\u00e9gia.<\/strong><\/p>\n\n\n\n<figure class=\"wp-block-image size-large\"><img decoding=\"async\" width=\"1024\" height=\"571\" src=\"https:\/\/cj.estrategia.com\/portal\/wp-content\/uploads\/2025\/02\/16003130\/pijama-1024x571.png\" alt=\"aux\u00edlio-pijama\" class=\"wp-image-98653\" srcset=\"https:\/\/cj.estrategia.com\/portal\/wp-content\/uploads\/2025\/02\/16003130\/pijama-1024x571.png 1024w, https:\/\/cj.estrategia.com\/portal\/wp-content\/uploads\/2025\/02\/16003130\/pijama-300x167.png 300w, https:\/\/cj.estrategia.com\/portal\/wp-content\/uploads\/2025\/02\/16003130\/pijama-768x428.png 768w, https:\/\/cj.estrategia.com\/portal\/wp-content\/uploads\/2025\/02\/16003130\/pijama-380x212.png 380w, https:\/\/cj.estrategia.com\/portal\/wp-content\/uploads\/2025\/02\/16003130\/pijama-800x446.png 800w, https:\/\/cj.estrategia.com\/portal\/wp-content\/uploads\/2025\/02\/16003130\/pijama-1160x647.png 1160w, https:\/\/cj.estrategia.com\/portal\/wp-content\/uploads\/2025\/02\/16003130\/pijama-150x84.png 150w, https:\/\/cj.estrategia.com\/portal\/wp-content\/uploads\/2025\/02\/16003130\/pijama.png 1232w\" sizes=\"(max-width: 1024px) 100vw, 1024px\" \/><\/figure>\n\n\n\n<h2 class=\"wp-block-heading\" id=\"h-entenda-o-que-aconteceu\" style=\"font-style:normal;font-weight:400\"><span id=\"entenda-o-que-aconteceu\"><strong>Entenda o que aconteceu<\/strong><\/span><\/h2>\n\n\n\n<p>Magistrados aposentados da Justi\u00e7a do Trabalho entraram com um pedido no Conselho Superior da Justi\u00e7a de Trabalho para receberem licen\u00e7a compensat\u00f3ria, que \u00e9 um direito previsto aos ju\u00edzes da ativa desde 2023.&nbsp;<\/p>\n\n\n\n<p>O pedido est\u00e1 sendo chamado de <mark style=\"background-color:rgba(0, 0, 0, 0)\" class=\"has-inline-color has-vivid-red-color\">\u201c<strong>Aux\u00edlio-pijama<\/strong>\u201d<\/mark>, j\u00e1 que \u00e9 direcionado aos ju\u00edzes aposentados.<\/p>\n\n\n\n<p>Os magistrados inativos alegam que t\u00eam direito ao benef\u00edcio em decorr\u00eancia da paridade, ou seja, eles devem receber o mesmo tratamento dos magistrados da ativa, que j\u00e1 recebem a licen\u00e7a compensat\u00f3ria.&nbsp;<\/p>\n\n\n\n<p>A Associa\u00e7\u00e3o Nacional de Magistrados Aposentados do Poder Judici\u00e1rio da Uni\u00e3o e de Procuradores Aposentados do Minist\u00e9rio P\u00fablico da Uni\u00e3o \u2013 ANAMPA tamb\u00e9m entrou com pedido no CSJT, argumentando que a licen\u00e7a compensat\u00f3ria det\u00e9m natureza jur\u00eddica remunerat\u00f3ria e deveria ter sido concedida tamb\u00e9m aos aposentados.<\/p>\n\n\n\n<p>O ministro Aloysio Corr\u00eaa da Veiga, presidente do Tribunal Superior do Trabalho e do Conselho Superior da Justi\u00e7a do Trabalho, considerou que a aplica\u00e7\u00e3o autom\u00e1tica \u00e0s magistradas e magistrados aposentados, em an\u00e1lise preliminar, parece extrapolar ao decidido pelo Conselho Nacional de Justi\u00e7a.<\/p>\n\n\n\n<h2 class=\"wp-block-heading\" id=\"h-paridade\" style=\"font-style:normal;font-weight:400\"><span id=\"paridade\"><strong>Paridade<\/strong><\/span><\/h2>\n\n\n\n<p>O principal fundamento do pedido dos magistrados aposentados \u00e9 a paridade constitucionalmente garantida. Vamos entender um pouco melhor.<\/p>\n\n\n\n<p>A paridade \u00e9 um direito constitucional que estende reajustes e benef\u00edcios dos ativos aos inativos. A paridade foi extinta com a EC&nbsp; 41\/2003.<\/p>\n\n\n\n<p>Com efeito, a EC 41\/2003 extinguiu o direito \u00e0 paridade dos proventos para os servidores que ingressaram no servi\u00e7o p\u00fablico ap\u00f3s a sua publica\u00e7\u00e3o, mas o garantiu aos que estavam na frui\u00e7\u00e3o da aposentadoria na data de sua publica\u00e7\u00e3o, estendendo-lhes quaisquer vantagens ou benef\u00edcios posteriormente concedidos aos servidores em atividade, inclusive quando decorrentes da transforma\u00e7\u00e3o ou reclassifica\u00e7\u00e3o do cargo ou fun\u00e7\u00e3o em que se deu a aposentadoria ou que serviu de refer\u00eancia para a concess\u00e3o da pens\u00e3o.<\/p>\n\n\n\n<p>Quanto \u00e0 situa\u00e7\u00e3o dos servidores que ingressaram no servi\u00e7o p\u00fablico antes da EC 41\/2003, mas que se aposentaram ap\u00f3s sua edi\u00e7\u00e3o, \u00e9 preciso observar a incid\u00eancia das regras de transi\u00e7\u00e3o estabelecidas pela EC 47\/2005.&nbsp;<\/p>\n\n\n\n<p>Esta Emenda complementou a reforma previdenci\u00e1ria com efeitos retroativos \u00e0 data de vig\u00eancia da EC 41\/2003. Nesses casos, duas situa\u00e7\u00f5es ensejam o direito \u00e0 paridade e \u00e0 integralidade de vencimentos:&nbsp;<\/p>\n\n\n\n<ul class=\"wp-block-list is-style-cnvs-list-styled-positive\">\n<li>Servidores que ingressaram, de modo geral, antes da EC 41\/2003; e<\/li>\n\n\n\n<li>Servidores que ingressaram antes da EC 20\/1998.<\/li>\n<\/ul>\n\n\n\n<p>Portanto, \u00e9 com base na regra da paridade que os magistrados aposentados pretendem receber o aux\u00edlio-pijama, a fim de equiparar com a licen\u00e7a compensat\u00f3ria dos ativos.<\/p>\n\n\n\n<h2 class=\"wp-block-heading\" id=\"h-licenca-compensatoria\" style=\"font-style:normal;font-weight:400\"><span id=\"licenca-compensatoria\"><strong>Licen\u00e7a Compensat\u00f3ria<\/strong><\/span><\/h2>\n\n\n\n<p>O grande desejo dos ju\u00edzes aposentados \u00e9 se beneficiarem da extens\u00e3o da licen\u00e7a compensat\u00f3ria dos ativos. Mas o que vem a ser essa licen\u00e7a? Vejamos de forma mais aprofundada.<\/p>\n\n\n\n<figure class=\"wp-block-image size-large\"><img decoding=\"async\" width=\"1024\" height=\"264\" src=\"https:\/\/cj.estrategia.com\/portal\/wp-content\/uploads\/2025\/02\/15235153\/licenca-compensatoria-1024x264.png\" alt=\"\" class=\"wp-image-98630\" srcset=\"https:\/\/cj.estrategia.com\/portal\/wp-content\/uploads\/2025\/02\/15235153\/licenca-compensatoria-1024x264.png 1024w, https:\/\/cj.estrategia.com\/portal\/wp-content\/uploads\/2025\/02\/15235153\/licenca-compensatoria-300x77.png 300w, https:\/\/cj.estrategia.com\/portal\/wp-content\/uploads\/2025\/02\/15235153\/licenca-compensatoria-768x198.png 768w, https:\/\/cj.estrategia.com\/portal\/wp-content\/uploads\/2025\/02\/15235153\/licenca-compensatoria-380x98.png 380w, https:\/\/cj.estrategia.com\/portal\/wp-content\/uploads\/2025\/02\/15235153\/licenca-compensatoria-800x206.png 800w, https:\/\/cj.estrategia.com\/portal\/wp-content\/uploads\/2025\/02\/15235153\/licenca-compensatoria-150x39.png 150w, https:\/\/cj.estrategia.com\/portal\/wp-content\/uploads\/2025\/02\/15235153\/licenca-compensatoria.png 1077w\" sizes=\"(max-width: 1024px) 100vw, 1024px\" \/><\/figure>\n\n\n\n<figure class=\"wp-block-image\"><img decoding=\"async\" src=\"https:\/\/lh7-rt.googleusercontent.com\/docsz\/AD_4nXeit5ANavQEAtk5LQ4QJf1C_47267nXbLTmQw0OOSNdlkSt2tXq4ZWyITVRZV_h8mfFcO7hNn7rj7uXPJ9RgpMWVANeH7TBWKQhNofn_ot1hrIvHPlkFjEa0jQWMs20nia_MFDHCmHuaSh_e_ulWQ?key=p9b7HIyCqDpGnGoEMzUZdmTH\" alt=\"Folgas magistrados\"\/><\/figure>\n\n\n\n<p><em>* Ilustra\u00e7\u00e3o feita pelo professor Jo\u00e3o Paulo Lawall Valle<\/em><\/p>\n\n\n\n<h2 class=\"wp-block-heading\" id=\"h-caracteristicas-da-licenca-compensatoria\" style=\"font-style:normal;font-weight:400\"><span id=\"caracteristicas-da-licenca-compensatoria\"><strong><mark style=\"background-color:rgba(0, 0, 0, 0)\" class=\"has-inline-color has-black-color\">Caracter\u00edsticas da licen\u00e7a compensat\u00f3ria:<\/mark><\/strong><\/span><\/h2>\n\n\n\n<div class=\"wp-block-group is-style-cnvs-block-bordered\"><div class=\"wp-block-group__inner-container is-layout-constrained wp-block-group-is-layout-constrained\">\n<div class=\"wp-block-group\"><div class=\"wp-block-group__inner-container is-layout-constrained wp-block-group-is-layout-constrained\">\n<ul class=\"wp-block-list is-style-cnvs-list-styled-positive\">\n<li><strong>As regras detalhadas da LC variam de acordo com cada tribunal ou Minist\u00e9rio P\u00fablico;<\/strong><\/li>\n<\/ul>\n\n\n\n<ul class=\"wp-block-list is-style-cnvs-list-styled-positive\">\n<li><strong>A cada 3 dias de trabalho em condi\u00e7\u00f5es especiais (ac\u00famulo de ju\u00edzo ou acervo processual) ganha-se 1 dia de LC, at\u00e9 o limite de 120 ao ano;<\/strong><\/li>\n<\/ul>\n\n\n\n<ul class=\"wp-block-list is-style-cnvs-list-styled-positive\">\n<li><strong>O benef\u00edcio pode ser convertido em pagamento ou em dias de folga;<\/strong><\/li>\n<\/ul>\n\n\n\n<ul class=\"wp-block-list is-style-cnvs-list-styled-positive\">\n<li><strong>Em caso de pagamento em pec\u00fania, o valor tem car\u00e1ter indenizat\u00f3rio;<\/strong><\/li>\n<\/ul>\n\n\n\n<ul class=\"wp-block-list is-style-cnvs-list-styled-positive\">\n<li><strong>N\u00e3o incide imposto de renda, contribui\u00e7\u00e3o previdenci\u00e1ria e n\u00e3o se submete ao teto constitucional.<\/strong><\/li>\n<\/ul>\n<\/div><\/div>\n<\/div><\/div>\n\n\n\n<div class=\"wp-block-group is-style-cnvs-block-single-border\"><div class=\"wp-block-group__inner-container is-layout-constrained wp-block-group-is-layout-constrained\">\n<div class=\"wp-block-media-text\" style=\"grid-template-columns:27% auto\"><figure class=\"wp-block-media-text__media\"><img decoding=\"async\" width=\"133\" height=\"110\" src=\"https:\/\/cj.estrategia.com\/portal\/wp-content\/uploads\/2025\/01\/31073943\/image-48.png\" alt=\"\" class=\"wp-image-94531 size-full\"\/><\/figure><div class=\"wp-block-media-text__content\">\n<p style=\"font-size:18px\"><strong><mark style=\"background-color:rgba(0, 0, 0, 0)\" class=\"has-inline-color has-vivid-red-color\">Teto constitucional:<\/mark><em><mark style=\"background-color:rgba(0, 0, 0, 0);color:#072fe3\" class=\"has-inline-color\"> <\/mark><\/em><\/strong><mark style=\"background-color:rgba(0, 0, 0, 0)\" class=\"has-inline-color has-black-color\">limite m\u00e1ximo de remunera\u00e7\u00e3o que os agentes p\u00fablicos podem receber, estabelecido pela CF\/88. O objetivo \u00e9 moralizar a administra\u00e7\u00e3o p\u00fablica e evitar que os servidores recebam remunera\u00e7\u00f5es desproporcionais ao trabalho realizado. As verbas indenizat\u00f3rias, entretanto, n\u00e3o se submetem ao teto constitucional.<\/mark><\/p>\n<\/div><\/div>\n<\/div><\/div>\n\n\n\n<p>Segundo preciosa li\u00e7\u00e3o do professor Jo\u00e3o Paulo Lawall, a licen\u00e7a compensat\u00f3ria originou-se na Resolu\u00e7\u00e3o n\u00ba 256\/2023, do Conselho Nacional do Minist\u00e9rio P\u00fablico, que regulamentou a cumula\u00e7\u00e3o de acervo processual, procedimental ou administrativo no \u00e2mbito do Minist\u00e9rio P\u00fablico da Uni\u00e3o.<\/p>\n\n\n\n<figure class=\"wp-block-table\"><table class=\"has-fixed-layout\"><tbody><tr><td class=\"has-text-align-center\" data-align=\"center\"><strong>Ac\u00famulo de acervo processual, procedimental ou administrativo<\/strong><strong>(Resolu\u00e7\u00e3o n\u00ba 256\/2023 do CNMP)<\/strong><\/td><\/tr><tr><td class=\"has-text-align-center\" data-align=\"center\"><strong>I \u2013 a atua\u00e7\u00e3o extraordin\u00e1ria, segundo crit\u00e9rios quantitativos e qualitativos, nos feitos que tramitem nos ramos do Minist\u00e9rio P\u00fablico da Uni\u00e3o;\u00a0<\/strong><br><strong>II \u2013 a cumula\u00e7\u00e3o de atividades administrativas e final\u00edsticas extraordin\u00e1rias, definidas nesta Resolu\u00e7\u00e3o ou em ato do respectivo Conselho Superior;\u00a0<\/strong><br><strong>III \u2013 o exerc\u00edcio de fun\u00e7\u00e3o relevante singular, ainda que em exclusividade.<\/strong><\/td><\/tr><\/tbody><\/table><\/figure>\n\n\n\n<p>O Conselho Nacional de Justi\u00e7a, ent\u00e3o, editou e publicou a Resolu\u00e7\u00e3o CNJ n\u00ba 528, de 20 de outubro de 2023, prevendo que os direitos e deveres validamente atribu\u00eddos aos membros da Magistratura ou do Minist\u00e9rio P\u00fablico aplicam-se aos integrantes de ambas as carreiras, no que couber. Ou seja, houve a regulamenta\u00e7\u00e3o da simetria constitucional entre as carreiras do Minist\u00e9rio P\u00fablico e da Magistratura.<\/p>\n\n\n\n<p>Neste cen\u00e1rio, diversos Tribunais de Justi\u00e7a do pa\u00eds se ajustaram \u00e0 Resolu\u00e7\u00e3o do Conselho Nacional de Justi\u00e7a, concedendo aos seus membros o benef\u00edcio da licen\u00e7a, com a possibilidade de convers\u00e3o em pec\u00fania.&nbsp;<\/p>\n\n\n\n<p>Ocorre que o fundamento do recebimento da licen\u00e7a compensat\u00f3ria \u00e9 o exerc\u00edcio de atividades extraordin\u00e1rias ou ac\u00famulo de servi\u00e7o, o que n\u00e3o existe para os aposentados.<\/p>\n\n\n\n<p>Portanto, como conciliar o recebimento de uma verba paga em raz\u00e3o de trabalho extra para um grupo de aposentados, que n\u00e3o exercem mais o cargo de magistrado?<\/p>\n\n\n\n<p>Por essa raz\u00e3o que o pedido dos inativos ficou conhecido como \u201c<strong>Aux\u00edlio-pijama<\/strong>\u201d.<\/p>\n\n\n\n<p>O STF, julgando o <strong>TEMA 484 (RE n\u00ba 650.898)<\/strong>, definiu o seguinte:<\/p>\n\n\n\n<div class=\"wp-block-group is-style-cnvs-block-bg-light\"><div class=\"wp-block-group__inner-container is-layout-constrained wp-block-group-is-layout-constrained\">\n<p>Para que se tipifique um gasto como indenizat\u00f3rio, n\u00e3o basta que a norma assim o considere. \u00c9 indispens\u00e1vel que a dic\u00e7\u00e3o formal da norma guarde compatibilidade com a real natureza desse disp\u00eandio. E indeniza\u00e7\u00e3o \u00e9 conceito jur\u00eddico com alcance bem determinado na sua formula\u00e7\u00e3o.<\/p>\n<\/div><\/div>\n\n\n\n<h2 class=\"wp-block-heading\" id=\"h-conclusao\" style=\"font-style:normal;font-weight:400\"><span id=\"conclusao\"><strong>Conclus\u00e3o<\/strong><\/span><\/h2>\n\n\n\n<p>A grande quest\u00e3o \u00e9 saber se esse pagamento, mesmo que seja previsto em regulamento pr\u00f3prio, afronta ou n\u00e3o o princ\u00edpio da moralidade administrativa.<\/p>\n\n\n\n<p>O artigo 37, da Constitui\u00e7\u00e3o Federal, traz uma s\u00e9rie de princ\u00edpios que devem ser observados pela Administra\u00e7\u00e3o P\u00fablica, a exemplo da legalidade, impessoalidade, moralidade, publicidade e efici\u00eancia.<\/p>\n\n\n\n<div class=\"wp-block-media-text\" style=\"grid-template-columns:18% auto\"><figure class=\"wp-block-media-text__media\"><img decoding=\"async\" width=\"500\" height=\"500\" src=\"https:\/\/cj.estrategia.com\/portal\/wp-content\/uploads\/2024\/12\/12012141\/Design-sem-nome-2.png\" alt=\"\" class=\"wp-image-86985 size-full\" srcset=\"https:\/\/cj.estrategia.com\/portal\/wp-content\/uploads\/2024\/12\/12012141\/Design-sem-nome-2.png 500w, https:\/\/cj.estrategia.com\/portal\/wp-content\/uploads\/2024\/12\/12012141\/Design-sem-nome-2-300x300.png 300w, https:\/\/cj.estrategia.com\/portal\/wp-content\/uploads\/2024\/12\/12012141\/Design-sem-nome-2-150x150.png 150w, https:\/\/cj.estrategia.com\/portal\/wp-content\/uploads\/2024\/12\/12012141\/Design-sem-nome-2-80x80.png 80w, https:\/\/cj.estrategia.com\/portal\/wp-content\/uploads\/2024\/12\/12012141\/Design-sem-nome-2-380x380.png 380w, https:\/\/cj.estrategia.com\/portal\/wp-content\/uploads\/2024\/12\/12012141\/Design-sem-nome-2-24x24.png 24w, https:\/\/cj.estrategia.com\/portal\/wp-content\/uploads\/2024\/12\/12012141\/Design-sem-nome-2-48x48.png 48w, https:\/\/cj.estrategia.com\/portal\/wp-content\/uploads\/2024\/12\/12012141\/Design-sem-nome-2-96x96.png 96w\" sizes=\"(max-width: 500px) 100vw, 500px\" \/><\/figure><div class=\"wp-block-media-text__content\">\n<p><mark style=\"background-color:rgba(0, 0, 0, 0)\" class=\"has-inline-color has-black-color\"><strong>O princ\u00edpio da moralidade administrativa exige que os agentes p\u00fablicos atuem de maneira \u00e9tica, proba, com boa-f\u00e9, sob pena de afronta \u00e0 Constitui\u00e7\u00e3o e cometimento de improbidade administrativa<\/strong>.<\/mark><\/p>\n<\/div><\/div>\n\n\n\n<p><strong>Maria Sylvia Zanella Di Pietro<\/strong>, de forma brilhante, leciona:<\/p>\n\n\n\n<div class=\"wp-block-group is-style-cnvs-block-bg-light\"><div class=\"wp-block-group__inner-container is-layout-constrained wp-block-group-is-layout-constrained\">\n<p><em>&nbsp;\u201cSempre que em mat\u00e9ria administrativa se verificar que o comportamento da Administra\u00e7\u00e3o ou do Administrado que com ela se relaciona juridicamente, embora em conson\u00e2ncia com a lei, ofende a moral, os bons costumes, as regras de boa administra\u00e7\u00e3o, os princ\u00edpios de justi\u00e7a e de equidade, a ideia de honestidade, estar\u00e1 havendo ofensa ao princ\u00edpio da moralidade administrativa\u201d<\/em><\/p>\n<\/div><\/div>\n\n\n\n<p>O princ\u00edpio da moralidade administrativa pode ser entendido sob tr\u00eas aspectos distintos\u00b9:<\/p>\n\n\n\n<div class=\"wp-block-group is-style-cnvs-block-bg-light has-background\" style=\"background-color:#fcd70052\"><div class=\"wp-block-group__inner-container is-layout-constrained wp-block-group-is-layout-constrained\">\n<p><strong>Dever de atua\u00e7\u00e3o \u00e9tica (princ\u00edpio da probidade): <\/strong>o agente p\u00fablico deve ter um comportamento \u00e9tico, transparente e honesto perante o administrado. Assim, o agente p\u00fablico n\u00e3o pode sonegar, violar nem prestar informa\u00e7\u00f5es incompletas com o objetivo de enganar os administrados. N\u00e3o pode um agente se utilizar do conhecimento limitado que as pessoas t\u00eam sobre a administra\u00e7\u00e3o para obter benef\u00edcios pessoais ou prejudicar indevidamente o administrado.<\/p>\n<\/div><\/div>\n\n\n\n<div class=\"wp-block-group is-style-cnvs-block-bg-light has-background\" style=\"background-color:#8dd2fc33\"><div class=\"wp-block-group__inner-container is-layout-constrained wp-block-group-is-layout-constrained\">\n<p><strong>Concretiza\u00e7\u00e3o dos valores consagrados na lei: <\/strong>o agente p\u00fablico n\u00e3o deve limitar-se \u00e0 aplica\u00e7\u00e3o da lei, mas buscar alcan\u00e7ar os valores por ela consagrados. Assim, quando a Constitui\u00e7\u00e3o institui o concurso p\u00fablico para possibilitar a isonomia na busca por um cargo p\u00fablico, o agente p\u00fablico que preparar um concurso dentro desses ditames (proporcionar a isonomia) estar\u00e1 tamb\u00e9m cumprindo o princ\u00edpio da moralidade.<\/p>\n<\/div><\/div>\n\n\n\n<div class=\"wp-block-group is-style-cnvs-block-bg-light has-background\" style=\"background-color:#f78da826\"><div class=\"wp-block-group__inner-container is-layout-constrained wp-block-group-is-layout-constrained\">\n<p><strong>Observ\u00e2ncia dos costumes administrativos: <\/strong>a validade da conduta administrativa se vincula \u00e0 observ\u00e2ncia dos costumes administrativos, ou seja, \u00e0s regras que surgem informalmente no cotidiano administrativo a partir de determinadas condutas da Administra\u00e7\u00e3o. Assim, desde que n\u00e3o infrinja alguma lei, as pr\u00e1ticas administrativas realizadas reiteradamente, devem vincular a Administra\u00e7\u00e3o, uma vez que causam no administrado um aspecto de legalidade.<\/p>\n<\/div><\/div>\n\n\n\n<p>A extens\u00e3o do benef\u00edcio aos inativos pode, portanto, ser vista como afronta ao princ\u00edpio da moralidade administrativa.<\/p>\n\n\n\n<p>Importante acompanhar a evolu\u00e7\u00e3o do pedido de equipara\u00e7\u00e3o feito pelos ju\u00edzes aposentados, e se eles, de fato, ir\u00e3o receber o aux\u00edlio-pijama.<\/p>\n\n\n\n<p>Tema quente para provas de direito constitucional e administrativo!\u00a0<\/p>\n\n\n\n<p>\u00b9 <a href=\"https:\/\/www.jusbrasil.com.br\/artigos\/o-principio-da-moralidade-administrativa\/433140195\">https\/\/www.jusbrasil.com.br\/artigos\/o-principio-da-moralidade-administrativa\/433140195<\/a><\/p>\n\n\n\n<h2 class=\"wp-block-heading has-text-align-center\" id=\"h-quer-saber-quais-serao-os-proximos-concursos\"><span id=\"quer-saber-quais-serao-os-proximos-concursos\">Quer saber quais ser\u00e3o os pr\u00f3ximos concursos?<\/span><\/h2>\n\n\n\n<p class=\"has-text-align-center\">Confira nossos&nbsp;<a href=\"https:\/\/cj.estrategia.com\/portal\/\" target=\"_blank\" >artigos para Carreiras Jur\u00eddicas<\/a>!<\/p>\n\n\n\n<p class=\"has-text-align-center has-white-color has-pale-cyan-blue-background-color has-text-color has-background has-link-color wp-elements-f3d5123bb0c8e11604d0c8c7f1ea8be8\"><a href=\"https:\/\/www.estrategiaconcursos.com.br\/blog\/concursos-abertos\/\" target=\"_blank\" >Confira os concursos p\u00fablicos abertos<\/a><\/p>\n\n\n\n<p class=\"has-text-align-center has-pale-cyan-blue-background-color has-background\"><a href=\"https:\/\/cj.estrategia.com\/portal\/concursos-2025-carreiras-juridicas\/\" target=\"_blank\" >Concursos 2025<\/a><\/p>\n","protected":false},"excerpt":{"rendered":"Ju\u00edzes aposentados pressionam pelo chamado &#8220;aux\u00edlio-pijama&#8221;, um benef\u00edcio pol\u00eamico que reacende debates sobre privil\u00e9gios no Judici\u00e1rio. Saiba mais!&hellip;\n","protected":false},"author":81,"featured_media":98653,"comment_status":"open","ping_status":"open","sticky":false,"template":"","format":"standard","meta":{"_jetpack_memberships_contains_paid_content":false,"footnotes":""},"categories":[1],"tags":[2046,1410,2045],"tax_estado":[30,31,32,33,34,35,36,37,38,39,40,41,42,43,44,45,46,47,48,49,50,51,52,53,54,55,56,57],"class_list":{"0":"post-98619","1":"post","2":"type-post","3":"status-publish","4":"format-standard","5":"has-post-thumbnail","7":"category-carreiras-juridicas","8":"tag-auxilio-pijama","9":"tag-licenca-compensatoria","10":"tag-magistrados","11":"tax_estado-ac","12":"tax_estado-al","13":"tax_estado-am","14":"tax_estado-ap","15":"tax_estado-ba","16":"tax_estado-ce","17":"tax_estado-concursos-federais","18":"tax_estado-df","19":"tax_estado-es","20":"tax_estado-go","21":"tax_estado-ma","22":"tax_estado-mg","23":"tax_estado-ms","24":"tax_estado-mt","25":"tax_estado-pa","26":"tax_estado-pb","27":"tax_estado-pe","28":"tax_estado-pi","29":"tax_estado-pr","30":"tax_estado-rj","31":"tax_estado-rn","32":"tax_estado-ro","33":"tax_estado-rr","34":"tax_estado-rs","35":"tax_estado-sc","36":"tax_estado-se","37":"tax_estado-sp","38":"tax_estado-to"},"acf":[],"yoast_head":"<!-- This site is optimized with the Yoast SEO Premium plugin v27.4 (Yoast SEO v27.4) - https:\/\/yoast.com\/product\/yoast-seo-premium-wordpress\/ -->\n<title>&quot;Aux\u00edlio-pijama&quot;: Entenda o benef\u00edcio que ju\u00edzes pleiteiam<\/title>\n<meta name=\"description\" content=\"Ju\u00edzes aposentados pressionam pelo chamado &quot;aux\u00edlio-pijama&quot;, um benef\u00edcio que reacende debates sobre privil\u00e9gios no Judici\u00e1rio. Saiba mais!\" \/>\n<meta name=\"robots\" content=\"index, follow, max-snippet:-1, max-image-preview:large, max-video-preview:-1\" \/>\n<link rel=\"canonical\" href=\"https:\/\/cj.estrategia.com\/portal\/juizes-aposentados-cobram-auxilio-pijama\/\" \/>\n<meta property=\"og:locale\" content=\"pt_BR\" \/>\n<meta property=\"og:type\" content=\"article\" \/>\n<meta property=\"og:title\" content=\"Ju\u00edzes aposentados cobram &quot;aux\u00edlio-pijama&quot;\" \/>\n<meta property=\"og:description\" content=\"Ju\u00edzes aposentados pressionam pelo chamado &quot;aux\u00edlio-pijama&quot;, um benef\u00edcio que reacende debates sobre privil\u00e9gios no Judici\u00e1rio. Saiba mais!\" \/>\n<meta property=\"og:url\" content=\"https:\/\/cj.estrategia.com\/portal\/juizes-aposentados-cobram-auxilio-pijama\/\" \/>\n<meta property=\"og:site_name\" content=\"Blog - Carreiras Jur\u00eddicas - Estrat\u00e9gia\" \/>\n<meta property=\"article:publisher\" content=\"https:\/\/www.facebook.com\/estrategiacarreirajuridica\/\" \/>\n<meta property=\"article:published_time\" content=\"2025-02-16T03:35:15+00:00\" \/>\n<meta property=\"article:modified_time\" content=\"2025-06-12T17:50:51+00:00\" \/>\n<meta property=\"og:image\" content=\"https:\/\/cj.estrategia.com\/portal\/wp-content\/uploads\/2025\/02\/16003130\/pijama.png\" \/>\n\t<meta property=\"og:image:width\" content=\"1232\" \/>\n\t<meta property=\"og:image:height\" content=\"687\" \/>\n\t<meta property=\"og:image:type\" content=\"image\/png\" \/>\n<meta name=\"author\" content=\"Thiago Leite\" \/>\n<meta name=\"twitter:card\" content=\"summary_large_image\" \/>\n<meta name=\"twitter:creator\" content=\"@EstratJuridica\" \/>\n<meta name=\"twitter:site\" content=\"@EstratJuridica\" \/>\n<meta name=\"twitter:label1\" content=\"Escrito por\" \/>\n\t<meta name=\"twitter:data1\" content=\"Thiago Leite\" \/>\n\t<meta name=\"twitter:label2\" content=\"Est. tempo de leitura\" \/>\n\t<meta name=\"twitter:data2\" content=\"9 minutos\" \/>\n<script type=\"application\/ld+json\" class=\"yoast-schema-graph\">{\"@context\":\"https:\\\/\\\/schema.org\",\"@graph\":[{\"@type\":\"NewsArticle\",\"@id\":\"https:\\\/\\\/cj.estrategia.com\\\/portal\\\/juizes-aposentados-cobram-auxilio-pijama\\\/#article\",\"isPartOf\":{\"@id\":\"https:\\\/\\\/cj.estrategia.com\\\/portal\\\/juizes-aposentados-cobram-auxilio-pijama\\\/\"},\"author\":{\"name\":\"Thiago Leite\",\"@id\":\"https:\\\/\\\/cj.estrategia.com\\\/portal\\\/#\\\/schema\\\/person\\\/7d7d2b1c8386e2eeacc0b09cfbc1d0ff\"},\"headline\":\"Ju\u00edzes aposentados cobram &#8220;aux\u00edlio-pijama&#8221;\",\"datePublished\":\"2025-02-16T03:35:15+00:00\",\"dateModified\":\"2025-06-12T17:50:51+00:00\",\"mainEntityOfPage\":{\"@id\":\"https:\\\/\\\/cj.estrategia.com\\\/portal\\\/juizes-aposentados-cobram-auxilio-pijama\\\/\"},\"wordCount\":1526,\"commentCount\":0,\"publisher\":{\"@id\":\"https:\\\/\\\/cj.estrategia.com\\\/portal\\\/#organization\"},\"image\":{\"@id\":\"https:\\\/\\\/cj.estrategia.com\\\/portal\\\/juizes-aposentados-cobram-auxilio-pijama\\\/#primaryimage\"},\"thumbnailUrl\":\"https:\\\/\\\/cj.estrategia.com\\\/portal\\\/wp-content\\\/uploads\\\/2025\\\/02\\\/16003130\\\/pijama.png\",\"keywords\":[\"Aux\u00edlio-Pijama\",\"licen\u00e7a compensat\u00f3ria\",\"Magistrados\"],\"articleSection\":[\"Carreiras Jur\u00eddicas\"],\"inLanguage\":\"pt-BR\",\"potentialAction\":[{\"@type\":\"CommentAction\",\"name\":\"Comment\",\"target\":[\"https:\\\/\\\/cj.estrategia.com\\\/portal\\\/juizes-aposentados-cobram-auxilio-pijama\\\/#respond\"]}]},{\"@type\":\"WebPage\",\"@id\":\"https:\\\/\\\/cj.estrategia.com\\\/portal\\\/juizes-aposentados-cobram-auxilio-pijama\\\/\",\"url\":\"https:\\\/\\\/cj.estrategia.com\\\/portal\\\/juizes-aposentados-cobram-auxilio-pijama\\\/\",\"name\":\"\\\"Aux\u00edlio-pijama\\\": Entenda o benef\u00edcio que ju\u00edzes pleiteiam\",\"isPartOf\":{\"@id\":\"https:\\\/\\\/cj.estrategia.com\\\/portal\\\/#website\"},\"primaryImageOfPage\":{\"@id\":\"https:\\\/\\\/cj.estrategia.com\\\/portal\\\/juizes-aposentados-cobram-auxilio-pijama\\\/#primaryimage\"},\"image\":{\"@id\":\"https:\\\/\\\/cj.estrategia.com\\\/portal\\\/juizes-aposentados-cobram-auxilio-pijama\\\/#primaryimage\"},\"thumbnailUrl\":\"https:\\\/\\\/cj.estrategia.com\\\/portal\\\/wp-content\\\/uploads\\\/2025\\\/02\\\/16003130\\\/pijama.png\",\"datePublished\":\"2025-02-16T03:35:15+00:00\",\"dateModified\":\"2025-06-12T17:50:51+00:00\",\"description\":\"Ju\u00edzes aposentados pressionam pelo chamado \\\"aux\u00edlio-pijama\\\", um benef\u00edcio que reacende debates sobre privil\u00e9gios no Judici\u00e1rio. Saiba mais!\",\"breadcrumb\":{\"@id\":\"https:\\\/\\\/cj.estrategia.com\\\/portal\\\/juizes-aposentados-cobram-auxilio-pijama\\\/#breadcrumb\"},\"inLanguage\":\"pt-BR\",\"potentialAction\":[{\"@type\":\"ReadAction\",\"target\":[\"https:\\\/\\\/cj.estrategia.com\\\/portal\\\/juizes-aposentados-cobram-auxilio-pijama\\\/\"]}]},{\"@type\":\"ImageObject\",\"inLanguage\":\"pt-BR\",\"@id\":\"https:\\\/\\\/cj.estrategia.com\\\/portal\\\/juizes-aposentados-cobram-auxilio-pijama\\\/#primaryimage\",\"url\":\"https:\\\/\\\/cj.estrategia.com\\\/portal\\\/wp-content\\\/uploads\\\/2025\\\/02\\\/16003130\\\/pijama.png\",\"contentUrl\":\"https:\\\/\\\/cj.estrategia.com\\\/portal\\\/wp-content\\\/uploads\\\/2025\\\/02\\\/16003130\\\/pijama.png\",\"width\":1232,\"height\":687},{\"@type\":\"BreadcrumbList\",\"@id\":\"https:\\\/\\\/cj.estrategia.com\\\/portal\\\/juizes-aposentados-cobram-auxilio-pijama\\\/#breadcrumb\",\"itemListElement\":[{\"@type\":\"ListItem\",\"position\":1,\"name\":\"In\u00edcio\",\"item\":\"https:\\\/\\\/cj.estrategia.com\\\/portal\\\/\"},{\"@type\":\"ListItem\",\"position\":2,\"name\":\"Ju\u00edzes aposentados cobram &#8220;aux\u00edlio-pijama&#8221;\"}]},{\"@type\":\"WebSite\",\"@id\":\"https:\\\/\\\/cj.estrategia.com\\\/portal\\\/#website\",\"url\":\"https:\\\/\\\/cj.estrategia.com\\\/portal\\\/\",\"name\":\"Blog - Carreiras Jur\u00eddicas - Estrat\u00e9gia\",\"description\":\"\",\"publisher\":{\"@id\":\"https:\\\/\\\/cj.estrategia.com\\\/portal\\\/#organization\"},\"potentialAction\":[{\"@type\":\"SearchAction\",\"target\":{\"@type\":\"EntryPoint\",\"urlTemplate\":\"https:\\\/\\\/cj.estrategia.com\\\/portal\\\/?s={search_term_string}\"},\"query-input\":{\"@type\":\"PropertyValueSpecification\",\"valueRequired\":true,\"valueName\":\"search_term_string\"}}],\"inLanguage\":\"pt-BR\"},{\"@type\":\"Organization\",\"@id\":\"https:\\\/\\\/cj.estrategia.com\\\/portal\\\/#organization\",\"name\":\"Estrat\u00e9gia - Carreiras Jur\u00eddicas\",\"url\":\"https:\\\/\\\/cj.estrategia.com\\\/portal\\\/\",\"logo\":{\"@type\":\"ImageObject\",\"inLanguage\":\"pt-BR\",\"@id\":\"https:\\\/\\\/cj.estrategia.com\\\/portal\\\/#\\\/schema\\\/logo\\\/image\\\/\",\"url\":\"https:\\\/\\\/cj.estrategia.com\\\/portal\\\/wp-content\\\/uploads\\\/2022\\\/03\\\/11151052\\\/cj-logo.png\",\"contentUrl\":\"https:\\\/\\\/cj.estrategia.com\\\/portal\\\/wp-content\\\/uploads\\\/2022\\\/03\\\/11151052\\\/cj-logo.png\",\"width\":150,\"height\":39,\"caption\":\"Estrat\u00e9gia - Carreiras Jur\u00eddicas\"},\"image\":{\"@id\":\"https:\\\/\\\/cj.estrategia.com\\\/portal\\\/#\\\/schema\\\/logo\\\/image\\\/\"},\"sameAs\":[\"https:\\\/\\\/www.facebook.com\\\/estrategiacarreirajuridica\\\/\",\"https:\\\/\\\/x.com\\\/EstratJuridica\",\"https:\\\/\\\/www.instagram.com\\\/estrategiacarreirajuridica\\\/\",\"https:\\\/\\\/www.youtube.com\\\/channel\\\/UClbMGuYbj2Mh1m3w144ETWQ\"]},{\"@type\":\"Person\",\"@id\":\"https:\\\/\\\/cj.estrategia.com\\\/portal\\\/#\\\/schema\\\/person\\\/7d7d2b1c8386e2eeacc0b09cfbc1d0ff\",\"name\":\"Thiago Leite\",\"image\":{\"@type\":\"ImageObject\",\"inLanguage\":\"pt-BR\",\"@id\":\"https:\\\/\\\/secure.gravatar.com\\\/avatar\\\/15ff5746ff9e313f1248fe2373ce03309054e96387bb9249055458d0c1aaa297?s=96&d=mm&r=g\",\"url\":\"https:\\\/\\\/secure.gravatar.com\\\/avatar\\\/15ff5746ff9e313f1248fe2373ce03309054e96387bb9249055458d0c1aaa297?s=96&d=mm&r=g\",\"contentUrl\":\"https:\\\/\\\/secure.gravatar.com\\\/avatar\\\/15ff5746ff9e313f1248fe2373ce03309054e96387bb9249055458d0c1aaa297?s=96&d=mm&r=g\",\"caption\":\"Thiago Leite\"},\"description\":\"Thiago de Paula Leite \u00e9 procurador do Estado de S\u00e3o Paulo e professor de direito ambiental e agr\u00e1rio do Estrat\u00e9gia.\",\"url\":\"https:\\\/\\\/cj.estrategia.com\\\/portal\\\/author\\\/thiago-leite\\\/\"}]}<\/script>\n<!-- \/ Yoast SEO Premium plugin. -->","yoast_head_json":{"title":"\"Aux\u00edlio-pijama\": Entenda o benef\u00edcio que ju\u00edzes pleiteiam","description":"Ju\u00edzes aposentados pressionam pelo chamado \"aux\u00edlio-pijama\", um benef\u00edcio que reacende debates sobre privil\u00e9gios no Judici\u00e1rio. Saiba mais!","robots":{"index":"index","follow":"follow","max-snippet":"max-snippet:-1","max-image-preview":"max-image-preview:large","max-video-preview":"max-video-preview:-1"},"canonical":"https:\/\/cj.estrategia.com\/portal\/juizes-aposentados-cobram-auxilio-pijama\/","og_locale":"pt_BR","og_type":"article","og_title":"Ju\u00edzes aposentados cobram \"aux\u00edlio-pijama\"","og_description":"Ju\u00edzes aposentados pressionam pelo chamado \"aux\u00edlio-pijama\", um benef\u00edcio que reacende debates sobre privil\u00e9gios no Judici\u00e1rio. Saiba mais!","og_url":"https:\/\/cj.estrategia.com\/portal\/juizes-aposentados-cobram-auxilio-pijama\/","og_site_name":"Blog - Carreiras Jur\u00eddicas - Estrat\u00e9gia","article_publisher":"https:\/\/www.facebook.com\/estrategiacarreirajuridica\/","article_published_time":"2025-02-16T03:35:15+00:00","article_modified_time":"2025-06-12T17:50:51+00:00","og_image":[{"width":1232,"height":687,"url":"https:\/\/cj.estrategia.com\/portal\/wp-content\/uploads\/2025\/02\/16003130\/pijama.png","type":"image\/png"}],"author":"Thiago Leite","twitter_card":"summary_large_image","twitter_creator":"@EstratJuridica","twitter_site":"@EstratJuridica","twitter_misc":{"Escrito por":"Thiago Leite","Est. tempo de leitura":"9 minutos"},"schema":{"@context":"https:\/\/schema.org","@graph":[{"@type":"NewsArticle","@id":"https:\/\/cj.estrategia.com\/portal\/juizes-aposentados-cobram-auxilio-pijama\/#article","isPartOf":{"@id":"https:\/\/cj.estrategia.com\/portal\/juizes-aposentados-cobram-auxilio-pijama\/"},"author":{"name":"Thiago Leite","@id":"https:\/\/cj.estrategia.com\/portal\/#\/schema\/person\/7d7d2b1c8386e2eeacc0b09cfbc1d0ff"},"headline":"Ju\u00edzes aposentados cobram &#8220;aux\u00edlio-pijama&#8221;","datePublished":"2025-02-16T03:35:15+00:00","dateModified":"2025-06-12T17:50:51+00:00","mainEntityOfPage":{"@id":"https:\/\/cj.estrategia.com\/portal\/juizes-aposentados-cobram-auxilio-pijama\/"},"wordCount":1526,"commentCount":0,"publisher":{"@id":"https:\/\/cj.estrategia.com\/portal\/#organization"},"image":{"@id":"https:\/\/cj.estrategia.com\/portal\/juizes-aposentados-cobram-auxilio-pijama\/#primaryimage"},"thumbnailUrl":"https:\/\/cj.estrategia.com\/portal\/wp-content\/uploads\/2025\/02\/16003130\/pijama.png","keywords":["Aux\u00edlio-Pijama","licen\u00e7a compensat\u00f3ria","Magistrados"],"articleSection":["Carreiras Jur\u00eddicas"],"inLanguage":"pt-BR","potentialAction":[{"@type":"CommentAction","name":"Comment","target":["https:\/\/cj.estrategia.com\/portal\/juizes-aposentados-cobram-auxilio-pijama\/#respond"]}]},{"@type":"WebPage","@id":"https:\/\/cj.estrategia.com\/portal\/juizes-aposentados-cobram-auxilio-pijama\/","url":"https:\/\/cj.estrategia.com\/portal\/juizes-aposentados-cobram-auxilio-pijama\/","name":"\"Aux\u00edlio-pijama\": Entenda o benef\u00edcio que ju\u00edzes pleiteiam","isPartOf":{"@id":"https:\/\/cj.estrategia.com\/portal\/#website"},"primaryImageOfPage":{"@id":"https:\/\/cj.estrategia.com\/portal\/juizes-aposentados-cobram-auxilio-pijama\/#primaryimage"},"image":{"@id":"https:\/\/cj.estrategia.com\/portal\/juizes-aposentados-cobram-auxilio-pijama\/#primaryimage"},"thumbnailUrl":"https:\/\/cj.estrategia.com\/portal\/wp-content\/uploads\/2025\/02\/16003130\/pijama.png","datePublished":"2025-02-16T03:35:15+00:00","dateModified":"2025-06-12T17:50:51+00:00","description":"Ju\u00edzes aposentados pressionam pelo chamado \"aux\u00edlio-pijama\", um benef\u00edcio que reacende debates sobre privil\u00e9gios no Judici\u00e1rio. Saiba mais!","breadcrumb":{"@id":"https:\/\/cj.estrategia.com\/portal\/juizes-aposentados-cobram-auxilio-pijama\/#breadcrumb"},"inLanguage":"pt-BR","potentialAction":[{"@type":"ReadAction","target":["https:\/\/cj.estrategia.com\/portal\/juizes-aposentados-cobram-auxilio-pijama\/"]}]},{"@type":"ImageObject","inLanguage":"pt-BR","@id":"https:\/\/cj.estrategia.com\/portal\/juizes-aposentados-cobram-auxilio-pijama\/#primaryimage","url":"https:\/\/cj.estrategia.com\/portal\/wp-content\/uploads\/2025\/02\/16003130\/pijama.png","contentUrl":"https:\/\/cj.estrategia.com\/portal\/wp-content\/uploads\/2025\/02\/16003130\/pijama.png","width":1232,"height":687},{"@type":"BreadcrumbList","@id":"https:\/\/cj.estrategia.com\/portal\/juizes-aposentados-cobram-auxilio-pijama\/#breadcrumb","itemListElement":[{"@type":"ListItem","position":1,"name":"In\u00edcio","item":"https:\/\/cj.estrategia.com\/portal\/"},{"@type":"ListItem","position":2,"name":"Ju\u00edzes aposentados cobram &#8220;aux\u00edlio-pijama&#8221;"}]},{"@type":"WebSite","@id":"https:\/\/cj.estrategia.com\/portal\/#website","url":"https:\/\/cj.estrategia.com\/portal\/","name":"Blog - Carreiras Jur\u00eddicas - Estrat\u00e9gia","description":"","publisher":{"@id":"https:\/\/cj.estrategia.com\/portal\/#organization"},"potentialAction":[{"@type":"SearchAction","target":{"@type":"EntryPoint","urlTemplate":"https:\/\/cj.estrategia.com\/portal\/?s={search_term_string}"},"query-input":{"@type":"PropertyValueSpecification","valueRequired":true,"valueName":"search_term_string"}}],"inLanguage":"pt-BR"},{"@type":"Organization","@id":"https:\/\/cj.estrategia.com\/portal\/#organization","name":"Estrat\u00e9gia - Carreiras Jur\u00eddicas","url":"https:\/\/cj.estrategia.com\/portal\/","logo":{"@type":"ImageObject","inLanguage":"pt-BR","@id":"https:\/\/cj.estrategia.com\/portal\/#\/schema\/logo\/image\/","url":"https:\/\/cj.estrategia.com\/portal\/wp-content\/uploads\/2022\/03\/11151052\/cj-logo.png","contentUrl":"https:\/\/cj.estrategia.com\/portal\/wp-content\/uploads\/2022\/03\/11151052\/cj-logo.png","width":150,"height":39,"caption":"Estrat\u00e9gia - Carreiras Jur\u00eddicas"},"image":{"@id":"https:\/\/cj.estrategia.com\/portal\/#\/schema\/logo\/image\/"},"sameAs":["https:\/\/www.facebook.com\/estrategiacarreirajuridica\/","https:\/\/x.com\/EstratJuridica","https:\/\/www.instagram.com\/estrategiacarreirajuridica\/","https:\/\/www.youtube.com\/channel\/UClbMGuYbj2Mh1m3w144ETWQ"]},{"@type":"Person","@id":"https:\/\/cj.estrategia.com\/portal\/#\/schema\/person\/7d7d2b1c8386e2eeacc0b09cfbc1d0ff","name":"Thiago Leite","image":{"@type":"ImageObject","inLanguage":"pt-BR","@id":"https:\/\/secure.gravatar.com\/avatar\/15ff5746ff9e313f1248fe2373ce03309054e96387bb9249055458d0c1aaa297?s=96&d=mm&r=g","url":"https:\/\/secure.gravatar.com\/avatar\/15ff5746ff9e313f1248fe2373ce03309054e96387bb9249055458d0c1aaa297?s=96&d=mm&r=g","contentUrl":"https:\/\/secure.gravatar.com\/avatar\/15ff5746ff9e313f1248fe2373ce03309054e96387bb9249055458d0c1aaa297?s=96&d=mm&r=g","caption":"Thiago Leite"},"description":"Thiago de Paula Leite \u00e9 procurador do Estado de S\u00e3o Paulo e professor de direito ambiental e agr\u00e1rio do Estrat\u00e9gia.","url":"https:\/\/cj.estrategia.com\/portal\/author\/thiago-leite\/"}]}},"jetpack_featured_media_url":"https:\/\/cj.estrategia.com\/portal\/wp-content\/uploads\/2025\/02\/16003130\/pijama.png","jetpack_sharing_enabled":true,"_links":{"self":[{"href":"https:\/\/cj.estrategia.com\/portal\/wp-json\/wp\/v2\/posts\/98619","targetHints":{"allow":["GET"]}}],"collection":[{"href":"https:\/\/cj.estrategia.com\/portal\/wp-json\/wp\/v2\/posts"}],"about":[{"href":"https:\/\/cj.estrategia.com\/portal\/wp-json\/wp\/v2\/types\/post"}],"author":[{"embeddable":true,"href":"https:\/\/cj.estrategia.com\/portal\/wp-json\/wp\/v2\/users\/81"}],"replies":[{"embeddable":true,"href":"https:\/\/cj.estrategia.com\/portal\/wp-json\/wp\/v2\/comments?post=98619"}],"version-history":[{"count":34,"href":"https:\/\/cj.estrategia.com\/portal\/wp-json\/wp\/v2\/posts\/98619\/revisions"}],"predecessor-version":[{"id":98655,"href":"https:\/\/cj.estrategia.com\/portal\/wp-json\/wp\/v2\/posts\/98619\/revisions\/98655"}],"wp:featuredmedia":[{"embeddable":true,"href":"https:\/\/cj.estrategia.com\/portal\/wp-json\/wp\/v2\/media\/98653"}],"wp:attachment":[{"href":"https:\/\/cj.estrategia.com\/portal\/wp-json\/wp\/v2\/media?parent=98619"}],"wp:term":[{"taxonomy":"category","embeddable":true,"href":"https:\/\/cj.estrategia.com\/portal\/wp-json\/wp\/v2\/categories?post=98619"},{"taxonomy":"post_tag","embeddable":true,"href":"https:\/\/cj.estrategia.com\/portal\/wp-json\/wp\/v2\/tags?post=98619"},{"taxonomy":"tax_estado","embeddable":true,"href":"https:\/\/cj.estrategia.com\/portal\/wp-json\/wp\/v2\/tax_estado?post=98619"}],"curies":[{"name":"wp","href":"https:\/\/api.w.org\/{rel}","templated":true}]}}