{"id":98246,"date":"2025-02-14T09:36:43","date_gmt":"2025-02-14T12:36:43","guid":{"rendered":"https:\/\/cj.estrategia.com\/portal\/?p=98246"},"modified":"2025-02-14T12:38:47","modified_gmt":"2025-02-14T15:38:47","slug":"edital-pgm-campinas","status":"publish","type":"post","link":"https:\/\/cj.estrategia.com\/portal\/edital-pgm-campinas\/","title":{"rendered":"Edital PGM Campinas: SAIU! 4 vagas e iniciais de R$ 10 mil!"},"content":{"rendered":"\n<p><strong>ATEN\u00c7\u00c3O!<\/strong> O edital do<strong> concurso PGM Campinas, <\/strong>organizado pela Vunesp, foi publicado. A sele\u00e7\u00e3o traz a oferta de <strong>04 vagas <\/strong>para o cargo de<strong> Procurador, <\/strong>com remunera\u00e7\u00e3o inicial de R$ 10.319,01.<\/p>\n\n\n\n<p>As inscri\u00e7\u00f5es estar\u00e3o abertas entre os dias <strong>06 de mar\u00e7o e  04 de abril de 2025.<\/strong> A taxa de inscri\u00e7\u00e3o foi fixada em R$ 98,80.<\/p>\n\n\n\n<p>A Prova Objetiva, primeira etapa do certame, ser\u00e1 aplicada em Campinas no dia <strong>29\/06\/2025. <\/strong>J\u00e1 a prova discursiva, est\u00e1 prevista para o dia <strong>24\/08\/2025!<\/strong><\/p>\n\n\n\n<p>Confira abaixo os principais detalhes deste edital e continue a sua prepara\u00e7\u00e3o:<\/p>\n\n\n\n<p class=\"has-pale-ocean-gradient-background has-background\"><strong>Edital PGM Campinas 2025<\/strong><br><strong>Status:<\/strong> edital publicado<br><strong>Inscri\u00e7\u00f5es:<\/strong> 06\/03 a 04\/04\/2025<br><strong>Taxa: <\/strong>R$ 98<br><strong>Banca: <\/strong>Vunesp<br><strong>Vagas:<\/strong> 4<br><strong>Sal\u00e1rio inicial: <\/strong>R$ 10.319,01.<br><strong>Prova Objetiva: <\/strong>29\/06\/2025<br><strong>Prova Dissertativa:<\/strong>  24\/08\/2025<br><strong><a href=\"https:\/\/cj.estrategia.com\/portal\/wp-content\/uploads\/2025\/02\/14090316\/pgm-campinas.pdf\">Edital PGM Campinas<\/a><\/strong><\/p>\n\n\n\n<h2 class=\"wp-block-heading\" id=\"h-edital-pgm-campinas-carreira\"><span id=\"edital-pgm-campinas-carreira\">Edital PGM Campinas: Carreira<\/span><\/h2>\n\n\n\n<h3 class=\"wp-block-heading\" id=\"h-cargos-vagas-e-remuneracao\"><span id=\"cargos-vagas-e-remuneracao\">Cargos, vagas e remunera\u00e7\u00e3o<\/span><\/h3>\n\n\n\n<figure class=\"wp-block-table is-style-stripes\"><table class=\"has-fixed-layout\"><tbody><tr><td><strong>Cargo<\/strong><\/td><td>Vagas<\/td><td><strong>Remunera\u00e7\u00e3o<\/strong><\/td><\/tr><tr><td>Procurador<\/td><td>4<\/td><td>R$ 10.319,01.<\/td><\/tr><\/tbody><\/table><\/figure>\n\n\n\n<p><\/p>\n\n\n\n<h3 class=\"wp-block-heading\" id=\"h-requisitos\"><span id=\"requisitos\">Requisitos<\/span><\/h3>\n\n\n\n<ul class=\"wp-block-list\">\n<li><strong>Bacharel em Direito e possuir Registro Profissional no Conselho de Classe da Categoria (OAB).<\/strong><\/li>\n\n\n\n<li>ter sido aprovado e classificado no Concurso P\u00fablico, na forma estabelecida neste Edital e seus Anexos;<\/li>\n\n\n\n<li>ter nacionalidade brasileira e, no caso de nacionalidade portuguesa, estar amparado pelo Estatuto de Igualdade entre brasileiros e portugueses, com reconhecimento do gozo dos direitos pol\u00edticos, nos termos do \u00a71\u00ba, art. 12 da Constitui\u00e7\u00e3o Federal e do Tratado de m Amizade, Coopera\u00e7\u00e3o e Consulta, promulgado no Brasil pelo Decreto Federal n\u00ba 3.927\/2001;<\/li>\n\n\n\n<li>gozar dos direitos pol\u00edticos;<\/li>\n\n\n\n<li>haver cumprido as obriga\u00e7\u00f5es eleitorais;<\/li>\n\n\n\n<li>haver cumprido as obriga\u00e7\u00f5es para com o Servi\u00e7o Militar, para os candidatos do sexom masculino;<\/li>\n\n\n\n<li>ter idade m\u00ednima de 18 (dezoito) anos completos e m\u00e1xima de 74 (setenta e quatro) no momento da posse;<\/li>\n\n\n\n<li>n\u00e3o registrar antecedentes criminais ou, no caso destes, ter cumprido integralmente as penas cominadas, sendo que os processos sem julgamento ser\u00e3o analisados individualmente;<\/li>\n\n\n\n<li>n\u00e3o ter sido condenado, com tr\u00e2nsito em julgado, por crimes previstos na Lei Maria da Penha, conforme Lei Municipal n\u00ba 15.810\/2019;<\/li>\n\n\n\n<li>n\u00e3o ter sido condenado por crime de racismo conforme Lei Municipal n\u00ba 16.667\/2024, desde a senten\u00e7a transitada em julgado at\u00e9 o comprovado cumprimento da pena;<\/li>\n\n\n\n<li>n\u00e3o ter sido demitido\/exonerado do servi\u00e7o p\u00fablico de qualquer esfera governamental por justa causa, em decorr\u00eancia de processo administrativo disciplinar e\/ou exonerado durante o est\u00e1gio probat\u00f3rio, ap\u00f3s avalia\u00e7\u00e3o especial de desempenho, por comiss\u00e3o devidamente constitu\u00edda;<\/li>\n\n\n\n<li>n\u00e3o ter sido demitido de \u00f3rg\u00e3os conveniados com a Prefeitura de Campinas, em decorr\u00eancia de processo administrativo disciplinar, enquanto prestava servi\u00e7os \u00e0 Prefeitura Municipal de Campinas;<\/li>\n\n\n\n<li>n\u00e3o ter sofrido san\u00e7\u00e3o disciplinar, nos \u00faltimos 05 (cinco) anos, na Prefeitura Municipal de Campinas;<\/li>\n\n\n\n<li>n\u00e3o ter sido, nos \u00faltimos 05 (cinco) anos, na forma da legisla\u00e7\u00e3o vigente, respons\u00e1vel por atos julgados irregulares por decis\u00e3o definitiva do Tribunal de Contas da Uni\u00e3o, Tribunais de Contas dos Estados, do Distrito Federal e\/ou de Munic\u00edpios, ou, ainda, de Conselhos de Contas dos Munic\u00edpios; punido, em decis\u00e3o da qual n\u00e3o caiba recurso administrativo, em processo disciplinar, por ato lesivo ao patrim\u00f4nio p\u00fablico de qualquer esfera do governo; condenado em processo criminal por pr\u00e1tica de crimes contra a Administra\u00e7\u00e3o P\u00fablica, capitulados nos t\u00edtulos II e XI da Parte Especial do C\u00f3digo Penal Brasileiro, na Lei Federal n\u00ba 7.492\/1986, e na Lei Federal n\u00ba 8.429\/1992;<\/li>\n\n\n\n<li>n\u00e3o ter ac\u00famulo ilegal, conforme descrito nos itens 2.10 e 2.11. Ap\u00f3s a nomea\u00e7\u00e3o, os pr\u00e9-requisitos especificados na tabela do item 2.2, bem como os descritos neste Cap\u00edtulo, dever\u00e3o ser comprovados mediante envio da documenta\u00e7\u00e3o atrav\u00e9s de sistema informatizado, acessado pelo link encaminhado ao e-mail pessoal, informado pelo candidato no momento de sua inscri\u00e7\u00e3o, com posterior apresenta\u00e7\u00e3o dos documentos originais, sendo exclu\u00eddo do concurso aquele que n\u00e3o os apresentar.<\/li>\n<\/ul>\n\n\n\n<h2 class=\"wp-block-heading\" id=\"h-etapas\"><span id=\"etapas\">Etapas<\/span><\/h2>\n\n\n\n<p>A sele\u00e7\u00e3o ser\u00e1 composta por tr\u00eas etapas: <strong>prova objetiva, prova discursiva e prova de t\u00edtulos<\/strong>. <\/p>\n\n\n\n<p><strong>Prova de t\u00edtulos <\/strong>(de car\u00e1ter classificat\u00f3rio). <\/p>\n\n\n\n<p><strong>Prova objetiva<\/strong> (de car\u00e1ter classificat\u00f3rio e eliminat\u00f3rio): composta por 100 quest\u00f5es com 5 alternativas;<\/p>\n\n\n\n<p><strong>Prova discursiva<\/strong> (de car\u00e1ter classificat\u00f3rio e eliminat\u00f3rio): contendo 8 quest\u00f5es dissertativas sobre o conte\u00fado program\u00e1tico, 1 Pe\u00e7a Processual e 1 Parecer; <\/p>\n\n\n\n<p class=\"has-text-align-center has-luminous-vivid-amber-to-luminous-vivid-orange-gradient-background has-background\"><a href=\"https:\/\/cj.estrategia.com\/portal\/concurso-pgm-campinas-sp\/\">Saiba mais: Concurso PGM Campinas<\/a><\/p>\n\n\n\n<h2 class=\"wp-block-heading has-text-align-center\" id=\"h-quer-saber-tudo-sobre-concursos-previstos-confira-nossos-artigos\"><span id=\"quer-saber-tudo-sobre-concursos-previstosconfira-nossos-artigos\">Quer saber tudo sobre concursos previstos?<br><strong>Confira nossos artigos!<\/strong><\/span><\/h2>\n\n\n\n<ul id=\"block-fc6848cb-0405-4f7b-8b25-37cfb1488fa9\" class=\"wp-block-list\">\n<li><a href=\"https:\/\/cj.estrategia.com\/portal\/concursos-abertos-carreiras-juridicas\/\" target=\"_blank\" >Concursos jur\u00eddicos abertos<\/a><\/li>\n\n\n\n<li><a href=\"https:\/\/cj.estrategia.com\/portal\/concursos-2025-carreiras-juridicas\/\" target=\"_blank\" >Concursos Jur\u00eddicos 2025<\/a><\/li>\n\n\n\n<li><a href=\"https:\/\/cj.estrategia.com\/portal\/concursos-procuradorias\/\" target=\"_blank\" >Concursos Procuradorias<\/a><\/li>\n<\/ul>\n\n\n\n<h2 class=\"wp-block-heading has-text-align-center\" id=\"cursos\"><span id=\"quer-estudar-para-concurso-pgm-campinas-sp\">Quer estudar para Concurso PGM Campinas SP?<\/span><\/h2>\n\n\n\n<p class=\"has-text-align-center\"><em>Gostou desta oportunidade e deseja come\u00e7ar se preparar agora mesmo? Ent\u00e3o, confira os nossos cursos e comece a estudar:<\/em><\/p>\n\n\n\n<div class=\"wp-block-cover\" style=\"min-height:155px;aspect-ratio:unset;\"><img decoding=\"async\" width=\"1890\" height=\"351\" class=\"wp-block-cover__image-background wp-image-8669\" alt=\"Assinaturas Jur\u00eddicas\" src=\"https:\/\/cj.estrategia.com\/portal\/wp-content\/uploads\/2022\/06\/20151253\/concurso-carreiras-juridicas-assinatura-juridica.jpg\" style=\"object-position:78% 43%\" data-object-fit=\"cover\" data-object-position=\"78% 43%\" srcset=\"https:\/\/cj.estrategia.com\/portal\/wp-content\/uploads\/2022\/06\/20151253\/concurso-carreiras-juridicas-assinatura-juridica.jpg 1890w, https:\/\/cj.estrategia.com\/portal\/wp-content\/uploads\/2022\/06\/20151253\/concurso-carreiras-juridicas-assinatura-juridica-300x56.jpg 300w, https:\/\/cj.estrategia.com\/portal\/wp-content\/uploads\/2022\/06\/20151253\/concurso-carreiras-juridicas-assinatura-juridica-1024x190.jpg 1024w, https:\/\/cj.estrategia.com\/portal\/wp-content\/uploads\/2022\/06\/20151253\/concurso-carreiras-juridicas-assinatura-juridica-768x143.jpg 768w, https:\/\/cj.estrategia.com\/portal\/wp-content\/uploads\/2022\/06\/20151253\/concurso-carreiras-juridicas-assinatura-juridica-1536x285.jpg 1536w, https:\/\/cj.estrategia.com\/portal\/wp-content\/uploads\/2022\/06\/20151253\/concurso-carreiras-juridicas-assinatura-juridica-380x71.jpg 380w, https:\/\/cj.estrategia.com\/portal\/wp-content\/uploads\/2022\/06\/20151253\/concurso-carreiras-juridicas-assinatura-juridica-800x149.jpg 800w, https:\/\/cj.estrategia.com\/portal\/wp-content\/uploads\/2022\/06\/20151253\/concurso-carreiras-juridicas-assinatura-juridica-1160x215.jpg 1160w\" sizes=\"(max-width: 1890px) 100vw, 1890px\" \/><span aria-hidden=\"true\" class=\"wp-block-cover__background has-background-dim\"><\/span><div class=\"wp-block-cover__inner-container is-layout-flow wp-block-cover-is-layout-flow\">\n<h3 id=\"faca-a-sua-assinatura\" class=\"titulo-assinatura\"><span style=\"color: #ffffff;\">Fa\u00e7a a sua assinatura!<\/span><\/h3>\n<p class=\"subtitulo-assinatura\" style=\"display:block!important; line-height: 0;\"><span style=\"color: #ffffff;\">Escolha a sua \u00e1rea.<\/span><\/p>\n<a target=\"_blank\" href=\"https:\/\/www.estrategiaconcursos.com.br\/assinaturas-ecj\/\" rel=\"noopener\"><button style=\"border-radius: 10px; text-transform: capitalize;\">Acessar<\/button><\/a>\n<\/div><\/div>\n\n\n\n<figure class=\"wp-block-image size-large is-resized\"><img decoding=\"async\" src=\"https:\/\/dhg1h5j42swfq.cloudfront.net\/2021\/04\/21143859\/ficha-tecnica-161-1024x632.png\" alt=\"concurso tjm mg ficha t\u00e9cnica\" class=\"wp-image-720407\" style=\"width:162px;height:100px\"\/><\/figure>\n\n\n\n<p><strong>Informa\u00e7\u00f5es do Concurso PGM Campinas<br><\/strong><span style=\"color: #000000;\"> \u25baData das provas:<\/span> 29\/06\/2025<br><span style=\"color: #000000;\"> \u25baVagas:<\/span> 04<br> <span style=\"color: #000000;\">\u25baCargos:<\/span> Procurador Municipal<br><span style=\"color: #000000;\"> \u25baBanca: <\/span>VUNESP<br><span style=\"color: #000000;\"> \u25baEscolaridade: n\u00edvel superior<\/span> em direito + OAB<\/p>\n","protected":false},"excerpt":{"rendered":"ATEN\u00c7\u00c3O! O edital do concurso PGM Campinas, organizado pela Vunesp, foi publicado. A sele\u00e7\u00e3o traz a oferta de&hellip;\n","protected":false},"author":135,"featured_media":67167,"comment_status":"open","ping_status":"open","sticky":false,"template":"","format":"standard","meta":{"_jetpack_memberships_contains_paid_content":false,"footnotes":""},"categories":[24],"tags":[],"tax_estado":[56],"class_list":{"0":"post-98246","1":"post","2":"type-post","3":"status-publish","4":"format-standard","5":"has-post-thumbnail","7":"category-procuradoria","8":"tax_estado-sp"},"acf":[],"yoast_head":"<!-- This site is optimized with the Yoast SEO Premium plugin v27.5 (Yoast SEO v27.5) - https:\/\/yoast.com\/product\/yoast-seo-premium-wordpress\/ -->\n<title>Edital PGM Campinas: SAIU! 4 vagas e iniciais de R$ 10 mil!<\/title>\n<meta name=\"description\" content=\"Edital PGM Campinas: confira AQUI os detalhes desta sele\u00e7\u00e3o com oportunidades para procurador municipal.\" \/>\n<meta name=\"robots\" content=\"index, follow, max-snippet:-1, max-image-preview:large, max-video-preview:-1\" \/>\n<link rel=\"canonical\" href=\"https:\/\/cj.estrategia.com\/portal\/edital-pgm-campinas\/\" \/>\n<meta property=\"og:locale\" content=\"pt_BR\" \/>\n<meta property=\"og:type\" content=\"article\" \/>\n<meta property=\"og:title\" content=\"Edital PGM Campinas: SAIU! 4 vagas e iniciais de R$ 10 mil!\" \/>\n<meta property=\"og:description\" content=\"Edital PGM Campinas: confira AQUI os detalhes desta sele\u00e7\u00e3o com oportunidades para procurador municipal.\" \/>\n<meta property=\"og:url\" content=\"https:\/\/cj.estrategia.com\/portal\/edital-pgm-campinas\/\" \/>\n<meta property=\"og:site_name\" content=\"Blog - Carreiras Jur\u00eddicas - Estrat\u00e9gia\" \/>\n<meta property=\"article:publisher\" content=\"https:\/\/www.facebook.com\/estrategiacarreirajuridica\/\" \/>\n<meta property=\"article:published_time\" content=\"2025-02-14T12:36:43+00:00\" \/>\n<meta property=\"article:modified_time\" content=\"2025-02-14T15:38:47+00:00\" \/>\n<meta property=\"og:image\" content=\"https:\/\/cj.estrategia.com\/portal\/wp-content\/uploads\/2024\/06\/26133417\/concurso_procuradorias.jpg\" \/>\n\t<meta property=\"og:image:width\" content=\"300\" \/>\n\t<meta property=\"og:image:height\" content=\"200\" \/>\n\t<meta property=\"og:image:type\" content=\"image\/jpeg\" \/>\n<meta name=\"author\" content=\"Tauana Silva\" \/>\n<meta name=\"twitter:card\" content=\"summary_large_image\" \/>\n<meta name=\"twitter:creator\" content=\"@EstratJuridica\" \/>\n<meta name=\"twitter:site\" content=\"@EstratJuridica\" \/>\n<meta name=\"twitter:label1\" content=\"Escrito por\" \/>\n\t<meta name=\"twitter:data1\" content=\"Tauana Silva\" \/>\n\t<meta name=\"twitter:label2\" content=\"Est. tempo de leitura\" \/>\n\t<meta name=\"twitter:data2\" content=\"9 minutos\" \/>\n<script type=\"application\/ld+json\" class=\"yoast-schema-graph\">{\"@context\":\"https:\\\/\\\/schema.org\",\"@graph\":[{\"@type\":\"NewsArticle\",\"@id\":\"https:\\\/\\\/cj.estrategia.com\\\/portal\\\/edital-pgm-campinas\\\/#article\",\"isPartOf\":{\"@id\":\"https:\\\/\\\/cj.estrategia.com\\\/portal\\\/edital-pgm-campinas\\\/\"},\"author\":{\"name\":\"Tauana Silva\",\"@id\":\"https:\\\/\\\/cj.estrategia.com\\\/portal\\\/#\\\/schema\\\/person\\\/cb116423095e5a9f157a839dc8a808eb\"},\"headline\":\"Edital PGM Campinas: SAIU! 4 vagas e iniciais de R$ 10 mil!\",\"datePublished\":\"2025-02-14T12:36:43+00:00\",\"dateModified\":\"2025-02-14T15:38:47+00:00\",\"mainEntityOfPage\":{\"@id\":\"https:\\\/\\\/cj.estrategia.com\\\/portal\\\/edital-pgm-campinas\\\/\"},\"wordCount\":778,\"commentCount\":0,\"publisher\":{\"@id\":\"https:\\\/\\\/cj.estrategia.com\\\/portal\\\/#organization\"},\"image\":{\"@id\":\"https:\\\/\\\/cj.estrategia.com\\\/portal\\\/edital-pgm-campinas\\\/#primaryimage\"},\"thumbnailUrl\":\"https:\\\/\\\/cj.estrategia.com\\\/portal\\\/wp-content\\\/uploads\\\/2024\\\/06\\\/26133417\\\/concurso_procuradorias.jpg\",\"articleSection\":[\"Procuradoria\"],\"inLanguage\":\"pt-BR\",\"potentialAction\":[{\"@type\":\"CommentAction\",\"name\":\"Comment\",\"target\":[\"https:\\\/\\\/cj.estrategia.com\\\/portal\\\/edital-pgm-campinas\\\/#respond\"]}]},{\"@type\":\"WebPage\",\"@id\":\"https:\\\/\\\/cj.estrategia.com\\\/portal\\\/edital-pgm-campinas\\\/\",\"url\":\"https:\\\/\\\/cj.estrategia.com\\\/portal\\\/edital-pgm-campinas\\\/\",\"name\":\"Edital PGM Campinas: SAIU! 4 vagas e iniciais de R$ 10 mil!\",\"isPartOf\":{\"@id\":\"https:\\\/\\\/cj.estrategia.com\\\/portal\\\/#website\"},\"primaryImageOfPage\":{\"@id\":\"https:\\\/\\\/cj.estrategia.com\\\/portal\\\/edital-pgm-campinas\\\/#primaryimage\"},\"image\":{\"@id\":\"https:\\\/\\\/cj.estrategia.com\\\/portal\\\/edital-pgm-campinas\\\/#primaryimage\"},\"thumbnailUrl\":\"https:\\\/\\\/cj.estrategia.com\\\/portal\\\/wp-content\\\/uploads\\\/2024\\\/06\\\/26133417\\\/concurso_procuradorias.jpg\",\"datePublished\":\"2025-02-14T12:36:43+00:00\",\"dateModified\":\"2025-02-14T15:38:47+00:00\",\"description\":\"Edital PGM Campinas: confira AQUI os detalhes desta sele\u00e7\u00e3o com oportunidades para procurador municipal.\",\"breadcrumb\":{\"@id\":\"https:\\\/\\\/cj.estrategia.com\\\/portal\\\/edital-pgm-campinas\\\/#breadcrumb\"},\"inLanguage\":\"pt-BR\",\"potentialAction\":[{\"@type\":\"ReadAction\",\"target\":[\"https:\\\/\\\/cj.estrategia.com\\\/portal\\\/edital-pgm-campinas\\\/\"]}]},{\"@type\":\"ImageObject\",\"inLanguage\":\"pt-BR\",\"@id\":\"https:\\\/\\\/cj.estrategia.com\\\/portal\\\/edital-pgm-campinas\\\/#primaryimage\",\"url\":\"https:\\\/\\\/cj.estrategia.com\\\/portal\\\/wp-content\\\/uploads\\\/2024\\\/06\\\/26133417\\\/concurso_procuradorias.jpg\",\"contentUrl\":\"https:\\\/\\\/cj.estrategia.com\\\/portal\\\/wp-content\\\/uploads\\\/2024\\\/06\\\/26133417\\\/concurso_procuradorias.jpg\",\"width\":300,\"height\":200},{\"@type\":\"BreadcrumbList\",\"@id\":\"https:\\\/\\\/cj.estrategia.com\\\/portal\\\/edital-pgm-campinas\\\/#breadcrumb\",\"itemListElement\":[{\"@type\":\"ListItem\",\"position\":1,\"name\":\"In\u00edcio\",\"item\":\"https:\\\/\\\/cj.estrategia.com\\\/portal\\\/\"},{\"@type\":\"ListItem\",\"position\":2,\"name\":\"Edital PGM Campinas: SAIU! 4 vagas e iniciais de R$ 10 mil!\"}]},{\"@type\":\"WebSite\",\"@id\":\"https:\\\/\\\/cj.estrategia.com\\\/portal\\\/#website\",\"url\":\"https:\\\/\\\/cj.estrategia.com\\\/portal\\\/\",\"name\":\"Blog - Carreiras Jur\u00eddicas - Estrat\u00e9gia\",\"description\":\"\",\"publisher\":{\"@id\":\"https:\\\/\\\/cj.estrategia.com\\\/portal\\\/#organization\"},\"potentialAction\":[{\"@type\":\"SearchAction\",\"target\":{\"@type\":\"EntryPoint\",\"urlTemplate\":\"https:\\\/\\\/cj.estrategia.com\\\/portal\\\/?s={search_term_string}\"},\"query-input\":{\"@type\":\"PropertyValueSpecification\",\"valueRequired\":true,\"valueName\":\"search_term_string\"}}],\"inLanguage\":\"pt-BR\"},{\"@type\":\"Organization\",\"@id\":\"https:\\\/\\\/cj.estrategia.com\\\/portal\\\/#organization\",\"name\":\"Estrat\u00e9gia - Carreiras Jur\u00eddicas\",\"url\":\"https:\\\/\\\/cj.estrategia.com\\\/portal\\\/\",\"logo\":{\"@type\":\"ImageObject\",\"inLanguage\":\"pt-BR\",\"@id\":\"https:\\\/\\\/cj.estrategia.com\\\/portal\\\/#\\\/schema\\\/logo\\\/image\\\/\",\"url\":\"https:\\\/\\\/cj.estrategia.com\\\/portal\\\/wp-content\\\/uploads\\\/2022\\\/03\\\/11151052\\\/cj-logo.png\",\"contentUrl\":\"https:\\\/\\\/cj.estrategia.com\\\/portal\\\/wp-content\\\/uploads\\\/2022\\\/03\\\/11151052\\\/cj-logo.png\",\"width\":150,\"height\":39,\"caption\":\"Estrat\u00e9gia - Carreiras Jur\u00eddicas\"},\"image\":{\"@id\":\"https:\\\/\\\/cj.estrategia.com\\\/portal\\\/#\\\/schema\\\/logo\\\/image\\\/\"},\"sameAs\":[\"https:\\\/\\\/www.facebook.com\\\/estrategiacarreirajuridica\\\/\",\"https:\\\/\\\/x.com\\\/EstratJuridica\",\"https:\\\/\\\/www.instagram.com\\\/estrategiacarreirajuridica\\\/\",\"https:\\\/\\\/www.youtube.com\\\/channel\\\/UClbMGuYbj2Mh1m3w144ETWQ\"]},{\"@type\":\"Person\",\"@id\":\"https:\\\/\\\/cj.estrategia.com\\\/portal\\\/#\\\/schema\\\/person\\\/cb116423095e5a9f157a839dc8a808eb\",\"name\":\"Tauana Silva\",\"image\":{\"@type\":\"ImageObject\",\"inLanguage\":\"pt-BR\",\"@id\":\"https:\\\/\\\/cj.estrategia.com\\\/portal\\\/wp-content\\\/uploads\\\/2024\\\/04\\\/05223156\\\/WhatsApp-Image-2024-12-05-at-22.30.41-96x96.jpeg\",\"url\":\"https:\\\/\\\/cj.estrategia.com\\\/portal\\\/wp-content\\\/uploads\\\/2024\\\/04\\\/05223156\\\/WhatsApp-Image-2024-12-05-at-22.30.41-96x96.jpeg\",\"contentUrl\":\"https:\\\/\\\/cj.estrategia.com\\\/portal\\\/wp-content\\\/uploads\\\/2024\\\/04\\\/05223156\\\/WhatsApp-Image-2024-12-05-at-22.30.41-96x96.jpeg\",\"caption\":\"Tauana Silva\"},\"description\":\"Jornalista com expertise em gest\u00e3o e marketing, acumulando mais de uma d\u00e9cada de experi\u00eancia, com foco especializado nos \u00faltimos cinco anos no setor de concursos p\u00fablicos. Habilidades s\u00f3lidas como social media, em reda\u00e7\u00e3o jornal\u00edstica, pr\u00e1ticas de SEO e copywriting.\",\"url\":\"https:\\\/\\\/cj.estrategia.com\\\/portal\\\/author\\\/tauanasilva\\\/\"}]}<\/script>\n<!-- \/ Yoast SEO Premium plugin. -->","yoast_head_json":{"title":"Edital PGM Campinas: SAIU! 4 vagas e iniciais de R$ 10 mil!","description":"Edital PGM Campinas: confira AQUI os detalhes desta sele\u00e7\u00e3o com oportunidades para procurador municipal.","robots":{"index":"index","follow":"follow","max-snippet":"max-snippet:-1","max-image-preview":"max-image-preview:large","max-video-preview":"max-video-preview:-1"},"canonical":"https:\/\/cj.estrategia.com\/portal\/edital-pgm-campinas\/","og_locale":"pt_BR","og_type":"article","og_title":"Edital PGM Campinas: SAIU! 4 vagas e iniciais de R$ 10 mil!","og_description":"Edital PGM Campinas: confira AQUI os detalhes desta sele\u00e7\u00e3o com oportunidades para procurador municipal.","og_url":"https:\/\/cj.estrategia.com\/portal\/edital-pgm-campinas\/","og_site_name":"Blog - Carreiras Jur\u00eddicas - Estrat\u00e9gia","article_publisher":"https:\/\/www.facebook.com\/estrategiacarreirajuridica\/","article_published_time":"2025-02-14T12:36:43+00:00","article_modified_time":"2025-02-14T15:38:47+00:00","og_image":[{"width":300,"height":200,"url":"https:\/\/cj.estrategia.com\/portal\/wp-content\/uploads\/2024\/06\/26133417\/concurso_procuradorias.jpg","type":"image\/jpeg"}],"author":"Tauana Silva","twitter_card":"summary_large_image","twitter_creator":"@EstratJuridica","twitter_site":"@EstratJuridica","twitter_misc":{"Escrito por":"Tauana Silva","Est. tempo de leitura":"9 minutos"},"schema":{"@context":"https:\/\/schema.org","@graph":[{"@type":"NewsArticle","@id":"https:\/\/cj.estrategia.com\/portal\/edital-pgm-campinas\/#article","isPartOf":{"@id":"https:\/\/cj.estrategia.com\/portal\/edital-pgm-campinas\/"},"author":{"name":"Tauana Silva","@id":"https:\/\/cj.estrategia.com\/portal\/#\/schema\/person\/cb116423095e5a9f157a839dc8a808eb"},"headline":"Edital PGM Campinas: SAIU! 4 vagas e iniciais de R$ 10 mil!","datePublished":"2025-02-14T12:36:43+00:00","dateModified":"2025-02-14T15:38:47+00:00","mainEntityOfPage":{"@id":"https:\/\/cj.estrategia.com\/portal\/edital-pgm-campinas\/"},"wordCount":778,"commentCount":0,"publisher":{"@id":"https:\/\/cj.estrategia.com\/portal\/#organization"},"image":{"@id":"https:\/\/cj.estrategia.com\/portal\/edital-pgm-campinas\/#primaryimage"},"thumbnailUrl":"https:\/\/cj.estrategia.com\/portal\/wp-content\/uploads\/2024\/06\/26133417\/concurso_procuradorias.jpg","articleSection":["Procuradoria"],"inLanguage":"pt-BR","potentialAction":[{"@type":"CommentAction","name":"Comment","target":["https:\/\/cj.estrategia.com\/portal\/edital-pgm-campinas\/#respond"]}]},{"@type":"WebPage","@id":"https:\/\/cj.estrategia.com\/portal\/edital-pgm-campinas\/","url":"https:\/\/cj.estrategia.com\/portal\/edital-pgm-campinas\/","name":"Edital PGM Campinas: SAIU! 4 vagas e iniciais de R$ 10 mil!","isPartOf":{"@id":"https:\/\/cj.estrategia.com\/portal\/#website"},"primaryImageOfPage":{"@id":"https:\/\/cj.estrategia.com\/portal\/edital-pgm-campinas\/#primaryimage"},"image":{"@id":"https:\/\/cj.estrategia.com\/portal\/edital-pgm-campinas\/#primaryimage"},"thumbnailUrl":"https:\/\/cj.estrategia.com\/portal\/wp-content\/uploads\/2024\/06\/26133417\/concurso_procuradorias.jpg","datePublished":"2025-02-14T12:36:43+00:00","dateModified":"2025-02-14T15:38:47+00:00","description":"Edital PGM Campinas: confira AQUI os detalhes desta sele\u00e7\u00e3o com oportunidades para procurador municipal.","breadcrumb":{"@id":"https:\/\/cj.estrategia.com\/portal\/edital-pgm-campinas\/#breadcrumb"},"inLanguage":"pt-BR","potentialAction":[{"@type":"ReadAction","target":["https:\/\/cj.estrategia.com\/portal\/edital-pgm-campinas\/"]}]},{"@type":"ImageObject","inLanguage":"pt-BR","@id":"https:\/\/cj.estrategia.com\/portal\/edital-pgm-campinas\/#primaryimage","url":"https:\/\/cj.estrategia.com\/portal\/wp-content\/uploads\/2024\/06\/26133417\/concurso_procuradorias.jpg","contentUrl":"https:\/\/cj.estrategia.com\/portal\/wp-content\/uploads\/2024\/06\/26133417\/concurso_procuradorias.jpg","width":300,"height":200},{"@type":"BreadcrumbList","@id":"https:\/\/cj.estrategia.com\/portal\/edital-pgm-campinas\/#breadcrumb","itemListElement":[{"@type":"ListItem","position":1,"name":"In\u00edcio","item":"https:\/\/cj.estrategia.com\/portal\/"},{"@type":"ListItem","position":2,"name":"Edital PGM Campinas: SAIU! 4 vagas e iniciais de R$ 10 mil!"}]},{"@type":"WebSite","@id":"https:\/\/cj.estrategia.com\/portal\/#website","url":"https:\/\/cj.estrategia.com\/portal\/","name":"Blog - Carreiras Jur\u00eddicas - Estrat\u00e9gia","description":"","publisher":{"@id":"https:\/\/cj.estrategia.com\/portal\/#organization"},"potentialAction":[{"@type":"SearchAction","target":{"@type":"EntryPoint","urlTemplate":"https:\/\/cj.estrategia.com\/portal\/?s={search_term_string}"},"query-input":{"@type":"PropertyValueSpecification","valueRequired":true,"valueName":"search_term_string"}}],"inLanguage":"pt-BR"},{"@type":"Organization","@id":"https:\/\/cj.estrategia.com\/portal\/#organization","name":"Estrat\u00e9gia - Carreiras Jur\u00eddicas","url":"https:\/\/cj.estrategia.com\/portal\/","logo":{"@type":"ImageObject","inLanguage":"pt-BR","@id":"https:\/\/cj.estrategia.com\/portal\/#\/schema\/logo\/image\/","url":"https:\/\/cj.estrategia.com\/portal\/wp-content\/uploads\/2022\/03\/11151052\/cj-logo.png","contentUrl":"https:\/\/cj.estrategia.com\/portal\/wp-content\/uploads\/2022\/03\/11151052\/cj-logo.png","width":150,"height":39,"caption":"Estrat\u00e9gia - Carreiras Jur\u00eddicas"},"image":{"@id":"https:\/\/cj.estrategia.com\/portal\/#\/schema\/logo\/image\/"},"sameAs":["https:\/\/www.facebook.com\/estrategiacarreirajuridica\/","https:\/\/x.com\/EstratJuridica","https:\/\/www.instagram.com\/estrategiacarreirajuridica\/","https:\/\/www.youtube.com\/channel\/UClbMGuYbj2Mh1m3w144ETWQ"]},{"@type":"Person","@id":"https:\/\/cj.estrategia.com\/portal\/#\/schema\/person\/cb116423095e5a9f157a839dc8a808eb","name":"Tauana Silva","image":{"@type":"ImageObject","inLanguage":"pt-BR","@id":"https:\/\/cj.estrategia.com\/portal\/wp-content\/uploads\/2024\/04\/05223156\/WhatsApp-Image-2024-12-05-at-22.30.41-96x96.jpeg","url":"https:\/\/cj.estrategia.com\/portal\/wp-content\/uploads\/2024\/04\/05223156\/WhatsApp-Image-2024-12-05-at-22.30.41-96x96.jpeg","contentUrl":"https:\/\/cj.estrategia.com\/portal\/wp-content\/uploads\/2024\/04\/05223156\/WhatsApp-Image-2024-12-05-at-22.30.41-96x96.jpeg","caption":"Tauana Silva"},"description":"Jornalista com expertise em gest\u00e3o e marketing, acumulando mais de uma d\u00e9cada de experi\u00eancia, com foco especializado nos \u00faltimos cinco anos no setor de concursos p\u00fablicos. Habilidades s\u00f3lidas como social media, em reda\u00e7\u00e3o jornal\u00edstica, pr\u00e1ticas de SEO e copywriting.","url":"https:\/\/cj.estrategia.com\/portal\/author\/tauanasilva\/"}]}},"jetpack_featured_media_url":"https:\/\/cj.estrategia.com\/portal\/wp-content\/uploads\/2024\/06\/26133417\/concurso_procuradorias.jpg","jetpack_sharing_enabled":true,"_links":{"self":[{"href":"https:\/\/cj.estrategia.com\/portal\/wp-json\/wp\/v2\/posts\/98246","targetHints":{"allow":["GET"]}}],"collection":[{"href":"https:\/\/cj.estrategia.com\/portal\/wp-json\/wp\/v2\/posts"}],"about":[{"href":"https:\/\/cj.estrategia.com\/portal\/wp-json\/wp\/v2\/types\/post"}],"author":[{"embeddable":true,"href":"https:\/\/cj.estrategia.com\/portal\/wp-json\/wp\/v2\/users\/135"}],"replies":[{"embeddable":true,"href":"https:\/\/cj.estrategia.com\/portal\/wp-json\/wp\/v2\/comments?post=98246"}],"version-history":[{"count":0,"href":"https:\/\/cj.estrategia.com\/portal\/wp-json\/wp\/v2\/posts\/98246\/revisions"}],"wp:featuredmedia":[{"embeddable":true,"href":"https:\/\/cj.estrategia.com\/portal\/wp-json\/wp\/v2\/media\/67167"}],"wp:attachment":[{"href":"https:\/\/cj.estrategia.com\/portal\/wp-json\/wp\/v2\/media?parent=98246"}],"wp:term":[{"taxonomy":"category","embeddable":true,"href":"https:\/\/cj.estrategia.com\/portal\/wp-json\/wp\/v2\/categories?post=98246"},{"taxonomy":"post_tag","embeddable":true,"href":"https:\/\/cj.estrategia.com\/portal\/wp-json\/wp\/v2\/tags?post=98246"},{"taxonomy":"tax_estado","embeddable":true,"href":"https:\/\/cj.estrategia.com\/portal\/wp-json\/wp\/v2\/tax_estado?post=98246"}],"curies":[{"name":"wp","href":"https:\/\/api.w.org\/{rel}","templated":true}]}}