{"id":97019,"date":"2025-02-11T18:00:00","date_gmt":"2025-02-11T21:00:00","guid":{"rendered":"https:\/\/cj.estrategia.com\/portal\/?p=97019"},"modified":"2025-02-11T12:57:39","modified_gmt":"2025-02-11T15:57:39","slug":"estudo-por-questoes-enac-cartorios","status":"publish","type":"post","link":"https:\/\/cj.estrategia.com\/portal\/estudo-por-questoes-enac-cartorios\/","title":{"rendered":"Estudo por quest\u00f5es &#8211; ENAC (Cart\u00f3rios)"},"content":{"rendered":"\n<p>As inscri\u00e7\u00f5es para o<strong> 1\u00ba Exame Nacional dos Cart\u00f3rios \u2013 ENAC<\/strong> j\u00e1 est\u00e3o abertas e seguem at\u00e9 o dia<strong> 27 de fevereiro de 2025<\/strong>! A\u00a0<strong>prova objetiva<\/strong>\u00a0do exame est\u00e1 prevista para acontecer no dia <strong>27\/04\/2025<\/strong>, com 100 quest\u00f5es, de car\u00e1ter apenas eliminat\u00f3rio e n\u00e3o classificat\u00f3rio.<\/p>\n\n\n\n<p>E para te ajudar a dominar as disciplinas que ser\u00e3o cobradas no exame, a equipe do Estrat\u00e9gia Carreira Jur\u00eddica preparou o evento <strong>Estudo por quest\u00f5es &#8211; ENAC (Cart\u00f3rios).<\/strong><\/p>\n\n\n\n<p>Se voc\u00ea quer consolidar seu conhecimento, entender como as quest\u00f5es s\u00e3o cobradas e garantir um desempenho de excel\u00eancia no exame, esse evento \u00e9 para voc\u00ea!<\/p>\n\n\n\n<p>Ser\u00e3o encontros intensivos, repletos de dicas estrat\u00e9gicas e resolu\u00e7\u00e3o de quest\u00f5es que far\u00e3o a diferen\u00e7a na sua prepara\u00e7\u00e3o.<\/p>\n\n\n\n<ul class=\"wp-block-list\">\n<li>Data do primeiro encontro: <strong>11\/02\/25<\/strong><em><strong> <\/strong><\/em>(Ter\u00e7a-feira)<\/li>\n\n\n\n<li>Data do \u00faltimo encontro: <strong>07\/03\/25<\/strong><em><strong> <\/strong><\/em>(Sexta-feira)<\/li>\n<\/ul>\n\n\n\n<figure class=\"wp-block-table is-style-stripes\"><table class=\"has-pale-cyan-blue-background-color has-background has-fixed-layout\"><tbody><tr><td class=\"has-text-align-center\" data-align=\"center\">Data<\/td><td class=\"has-text-align-center\" data-align=\"center\">Dia<\/td><td>Hor\u00e1rio<\/td><td>Disciplina<\/td><td>Professor<\/td><\/tr><tr><td class=\"has-text-align-center\" data-align=\"center\">11\/02\/25<\/td><td class=\"has-text-align-center\" data-align=\"center\">ter\u00e7a-feira<\/td><td>19:00<\/td><td>Direito Civil<\/td><td>Juliana Sampaio<\/td><\/tr><tr><td class=\"has-text-align-center\" data-align=\"center\">12\/02\/25<\/td><td class=\"has-text-align-center\" data-align=\"center\">quarta-feira<\/td><td>19:00<\/td><td>Tabelionato de Protestos<\/td><td>Adriano \u00c1lvares<\/td><\/tr><tr><td class=\"has-text-align-center\" data-align=\"center\">13\/02\/25<\/td><td class=\"has-text-align-center\" data-align=\"center\">quinta-feira<\/td><td>19:00<\/td><td>Direito Civil<\/td><td>Juliana Sampaio<\/td><\/tr><tr><td class=\"has-text-align-center\" data-align=\"center\">14\/02\/25<\/td><td class=\"has-text-align-center\" data-align=\"center\">sexta-feira<\/td><td>19:00<\/td><td>Teoria Geral dos atos notariais<\/td><td>Assuero Neto<\/td><\/tr><tr><td class=\"has-text-align-center\" data-align=\"center\">14\/02\/25<\/td><td class=\"has-text-align-center\" data-align=\"center\">sexta-feira<\/td><td>21:00<\/td><td>Teoria Geral dos atos notariais<\/td><td>Assuero Neto<\/td><\/tr><tr><td class=\"has-text-align-center\" data-align=\"center\">17\/02\/25<\/td><td class=\"has-text-align-center\" data-align=\"center\">segunda-feira<\/td><td>19:00<\/td><td>Tabelionato de Protestos<\/td><td>Adriano \u00c1lvares<\/td><\/tr><tr><td class=\"has-text-align-center\" data-align=\"center\">17\/02\/25<\/td><td class=\"has-text-align-center\" data-align=\"center\">segunda-feira<\/td><td>21:00<\/td><td>Conhecimentos Gerais<\/td><td>Rodolfo Gracioli<\/td><\/tr><tr><td class=\"has-text-align-center\" data-align=\"center\">18\/02\/25<\/td><td class=\"has-text-align-center\" data-align=\"center\">ter\u00e7a-feira<\/td><td>19:00<\/td><td>Direito Civil<\/td><td>Juliana Sampaio<\/td><\/tr><tr><td class=\"has-text-align-center\" data-align=\"center\">18\/02\/25<\/td><td class=\"has-text-align-center\" data-align=\"center\">ter\u00e7a-feira<\/td><td>21:00<\/td><td>Direito Constitucional<\/td><td>Danniel Adriano<\/td><\/tr><tr><td class=\"has-text-align-center\" data-align=\"center\">19\/02\/25<\/td><td class=\"has-text-align-center\" data-align=\"center\">quarta-feira<\/td><td>19:00<\/td><td>Direito Constitucional<\/td><td>Danniel Adriano<\/td><\/tr><tr><td class=\"has-text-align-center\" data-align=\"center\">19\/02\/25<\/td><td class=\"has-text-align-center\" data-align=\"center\">quarta-feira<\/td><td>21:00<\/td><td>Registro de Im\u00f3veis<\/td><td>Rafael Sp\u00ednola<\/td><\/tr><tr><td class=\"has-text-align-center\" data-align=\"center\">20\/02\/25<\/td><td class=\"has-text-align-center\" data-align=\"center\">quinta-feira<\/td><td>19:00<\/td><td>Tabelionato de Protestos<\/td><td>Adriano \u00c1lvares<\/td><\/tr><tr><td class=\"has-text-align-center\" data-align=\"center\">20\/02\/25<\/td><td class=\"has-text-align-center\" data-align=\"center\">quinta-feira<\/td><td>21:00<\/td><td>Direito Civil<\/td><td>Juliana Sampaio<\/td><\/tr><tr><td class=\"has-text-align-center\" data-align=\"center\">21\/02\/25<\/td><td class=\"has-text-align-center\" data-align=\"center\">sexta-feira<\/td><td>19:00<\/td><td>Tabelionato de Notas<\/td><td>Frank Chossani<\/td><\/tr><tr><td class=\"has-text-align-center\" data-align=\"center\">21\/02\/25<\/td><td class=\"has-text-align-center\" data-align=\"center\">sexta-feira<\/td><td>21:00<\/td><td>Teoria Geral dos atos notariais<\/td><td>Assuero Neto<\/td><\/tr><tr><td class=\"has-text-align-center\" data-align=\"center\">24\/02\/25<\/td><td class=\"has-text-align-center\" data-align=\"center\">segunda-feira<\/td><td>19:00<\/td><td>Direito Penal e Processual Penal<\/td><td>Adryan Juver<\/td><\/tr><tr><td class=\"has-text-align-center\" data-align=\"center\">24\/02\/25<\/td><td class=\"has-text-align-center\" data-align=\"center\">segunda-feira<\/td><td>21:00<\/td><td>Registro de Im\u00f3veis<\/td><td>Rafael Sp\u00ednola<\/td><\/tr><tr><td class=\"has-text-align-center\" data-align=\"center\">25\/02\/25<\/td><td class=\"has-text-align-center\" data-align=\"center\">ter\u00e7a-feira<\/td><td>19:00<\/td><td>Direito Constitucional<\/td><td>Danniel Adriano<\/td><\/tr><tr><td class=\"has-text-align-center\" data-align=\"center\">25\/02\/25<\/td><td class=\"has-text-align-center\" data-align=\"center\">ter\u00e7a-feira<\/td><td>21:00<\/td><td>Direito Empresarial<\/td><td>Nick Simonek<\/td><\/tr><tr><td class=\"has-text-align-center\" data-align=\"center\">26\/02\/25<\/td><td class=\"has-text-align-center\" data-align=\"center\">quarta-feira<\/td><td>19:00<\/td><td>Direito Administrativo<\/td><td>Igor Maciel<\/td><\/tr><tr><td class=\"has-text-align-center\" data-align=\"center\">26\/02\/25<\/td><td class=\"has-text-align-center\" data-align=\"center\">quarta-feira<\/td><td>21:00<\/td><td>Direito Empresarial<\/td><td>Nick Simonek<\/td><\/tr><tr><td class=\"has-text-align-center\" data-align=\"center\">27\/02\/25<\/td><td class=\"has-text-align-center\" data-align=\"center\">quinta-feira<\/td><td>19:00<\/td><td>Direito Administrativo<\/td><td>Igor Maciel<\/td><\/tr><tr><td class=\"has-text-align-center\" data-align=\"center\">27\/02\/25<\/td><td class=\"has-text-align-center\" data-align=\"center\">quinta-feira<\/td><td>21:00<\/td><td>Registro de Im\u00f3veis<\/td><td>Rafael Sp\u00ednola<\/td><\/tr><tr><td class=\"has-text-align-center\" data-align=\"center\">28\/02\/25<\/td><td class=\"has-text-align-center\" data-align=\"center\">sexta-feira<\/td><td>19:00<\/td><td>Tabelionato de Notas<\/td><td>Frank Chossani<\/td><\/tr><tr><td class=\"has-text-align-center\" data-align=\"center\">03\/03\/25<\/td><td class=\"has-text-align-center\" data-align=\"center\">segunda-feira<\/td><td>19:00<\/td><td>Direito Processual Civil<\/td><td>Rog\u00e9rio Cunha<\/td><\/tr><tr><td class=\"has-text-align-center\" data-align=\"center\">03\/03\/25<\/td><td class=\"has-text-align-center\" data-align=\"center\">segunda-feira<\/td><td>21:00<\/td><td>Registro Civil de Pessoas Jur\u00eddicas e T\u00edtulos e Documentos<\/td><td>Andrea Santiago<\/td><\/tr><tr><td class=\"has-text-align-center\" data-align=\"center\">04\/03\/25<\/td><td class=\"has-text-align-center\" data-align=\"center\">ter\u00e7a-feira<\/td><td>19:00<\/td><td>Tabelionato de Notas<\/td><td>Frank Chossani<\/td><\/tr><tr><td class=\"has-text-align-center\" data-align=\"center\">05\/03\/25<\/td><td class=\"has-text-align-center\" data-align=\"center\">quarta-feira<\/td><td>19:00<\/td><td>Direito Processual Civil<\/td><td>Rog\u00e9rio Cunha<\/td><\/tr><tr><td class=\"has-text-align-center\" data-align=\"center\">06\/03\/25<\/td><td class=\"has-text-align-center\" data-align=\"center\">quinta-feira<\/td><td>19:00<\/td><td>Registro Civil de Pessoas Naturais<\/td><td>Paloma Bertotti<\/td><\/tr><tr><td class=\"has-text-align-center\" data-align=\"center\">07\/03\/25<\/td><td class=\"has-text-align-center\" data-align=\"center\">sexta-feira<\/td><td>19:00<\/td><td>Registro Civil de Pessoas Naturais<\/td><td>Paloma Bertotti<\/td><\/tr><tr><td class=\"has-text-align-center\" data-align=\"center\">07\/03\/25<\/td><td class=\"has-text-align-center\" data-align=\"center\">sexta-feira<\/td><td>21:00<\/td><td>Registro Civil de Pessoas Naturais<\/td><td>Paloma Bertotti<\/td><\/tr><tr><td class=\"has-text-align-center\" data-align=\"center\">10\/03\/25<\/td><td class=\"has-text-align-center\" data-align=\"center\">segunda-feira<\/td><td>19:00<\/td><td>Registro Civil de Pessoas Jur\u00eddicas e T\u00edtulos e Documentos<\/td><td>Andrea Santiago<\/td><\/tr><tr><td class=\"has-text-align-center\" data-align=\"center\">10\/03\/25<\/td><td class=\"has-text-align-center\" data-align=\"center\">segunda-feira<\/td><td>21:00<\/td><td>Registro Civil de Pessoas Jur\u00eddicas e T\u00edtulos e Documentos<\/td><td>Andrea Santiago<\/td><\/tr><\/tbody><\/table><\/figure>\n\n\n\n<p><\/p>\n\n\n\n<p>N\u00e3o perca essa oportunidade de avan\u00e7ar nos estudos e se destacar entre os concorrentes!<\/p>\n\n\n\n<p><strong>Clique no v\u00eddeo abaixo e participe hoje \u00e0s 19h AO VIVO:<\/strong><\/p>\n\n\n\n<figure class=\"wp-block-embed is-type-video is-provider-youtube wp-block-embed-youtube wp-embed-aspect-16-9 wp-has-aspect-ratio\"><div class=\"wp-block-embed__wrapper\">\n<div class=\"cs-embed cs-embed-responsive\"><iframe title=\"Curso Estudo por quest\u00f5es - ENAC (Cart\u00f3rios)\" width=\"1200\" height=\"675\" src=\"https:\/\/www.youtube.com\/embed\/EJXnBHjSvjI?feature=oembed\" frameborder=\"0\" allow=\"accelerometer; autoplay; clipboard-write; encrypted-media; gyroscope; picture-in-picture; web-share\" referrerpolicy=\"strict-origin-when-cross-origin\" allowfullscreen><\/iframe><\/div>\n<\/div><\/figure>\n\n\n\n<p class=\"has-text-align-center has-pale-ocean-gradient-background has-background\"><a href=\"https:\/\/www.youtube.com\/live\/EJXnBHjSvjI\" target=\"_blank\" ><strong>PARTICIPE AO VIVO<\/strong>!<\/a><\/p>\n\n\n\n<h2 class=\"wp-block-heading\" id=\"h-faltam-2-meses-para-a-prova-como-esta-a-sua-preparacao\"><span id=\"faltam-2-meses-para-a-prova-como-esta-a-sua-preparacao\">Faltam 2 meses para a prova! Como est\u00e1 a sua prepara\u00e7\u00e3o?<\/span><\/h2>\n\n\n\n<p>A melhor prepara\u00e7\u00e3o para o ENAC est\u00e1 aqui! O Estrat\u00e9gia Carreiras Jur\u00eddicas oferece cursos completos, ministrados por professores especialistas na \u00e1rea notarial e registral. Com material atualizado, videoaulas, quest\u00f5es comentadas e simulados exclusivos, voc\u00ea ter\u00e1 todo o suporte necess\u00e1rio para alcan\u00e7ar a sua aprova\u00e7\u00e3o.<\/p>\n\n\n\n<p>N\u00e3o deixe sua prepara\u00e7\u00e3o para a \u00faltima hora! Acesse o site do Estrat\u00e9gia Carreiras Jur\u00eddicas e comece agora mesmo sua jornada rumo \u00e0 aprova\u00e7\u00e3o no ENAC!<\/p>\n\n\n\n<div class=\"container\" id=\"boxes\">\r\n  <div class=\"row\">\r\n\r\n    <div class=\"col-sm\">\r\n      <div class=\"banner-estrategia-concursos-juridicos\" id=\"box-assinatura\">\r\n        <h3 id=\"cursos-para-enac\" class=\"titulo-assinatura\">Cursos para ENAC<\/h3>\r\n        <p class=\"subtitulo-assinatura\">Conhe\u00e7a os cursos<\/p>\r\n        <div class=\"box-botao\">\r\n          <a class=\"btn-assinatura-juridica\" target=\"_blank\" href=\"https:\/\/cj.estrategia.com\/curso\/i-enac-pacote-teorico\/\" rel=\"noopener noreferrer\">Conhe\u00e7a mais<\/a>\r\n        <\/div>\r\n      <\/div>\r\n      <p class=\"texto-auxiliar\">Prepare-se com o melhor material e com quem mais aprova em Concursos P\u00fablicos em todo o pa\u00eds.<\/p>\r\n    <\/div>\r\n\r\n  <\/div>\r\n<\/div>\n\n\n\n<p class=\"has-text-align-center has-luminous-vivid-amber-background-color has-background\"><strong>Saiba mais: <a href=\"https:\/\/cj.estrategia.com\/portal\/exame-nacional-de-cartorios\/\" target=\"_blank\" >Exame Nacional de Cart\u00f3rios<\/a><\/strong><\/p>\n\n\n\n<h2 class=\"wp-block-heading has-text-align-center\" id=\"cursos\"><span id=\"quer-saber-tudo-sobre-concursos-previstos-confira-nossos-artigos\">Quer saber tudo sobre concursos previstos? <br>Confira nossos artigos!<\/span><\/h2>\n\n\n\n<ul class=\"wp-block-list\">\n<li><a href=\"https:\/\/cj.estrategia.com\/portal\/concursos-abertos-carreiras-juridicas\/\" target=\"_blank\" >Concursos abertos<\/a><\/li>\n\n\n\n<li><a href=\"https:\/\/cj.estrategia.com\/portal\/concursos-2025-carreiras-juridicas\/\" target=\"_blank\" >Concurso Jur\u00eddicos 2025<\/a><\/li>\n\n\n\n<li><a href=\"https:\/\/cj.estrategia.com\/portal\/concursos-de-cartorio\/\" target=\"_blank\" >Concurso Cart\u00f3rios<\/a><\/li>\n<\/ul>\n\n\n\n<h2 class=\"wp-block-heading has-text-align-center\" id=\"CURSO\"><span id=\"cursos-e-assinaturas\">CURSOS E ASSINATURAS<\/span><\/h2>\n\n\n\n<div class=\"wp-block-cover\" style=\"min-height:155px;aspect-ratio:unset;\"><img decoding=\"async\" width=\"1890\" height=\"351\" class=\"wp-block-cover__image-background wp-image-8669\" alt=\"Assinaturas Jur\u00eddicas\" src=\"https:\/\/cj.estrategia.com\/portal\/wp-content\/uploads\/2022\/06\/20151253\/concurso-carreiras-juridicas-assinatura-juridica.jpg\" style=\"object-position:78% 43%\" data-object-fit=\"cover\" data-object-position=\"78% 43%\" srcset=\"https:\/\/cj.estrategia.com\/portal\/wp-content\/uploads\/2022\/06\/20151253\/concurso-carreiras-juridicas-assinatura-juridica.jpg 1890w, https:\/\/cj.estrategia.com\/portal\/wp-content\/uploads\/2022\/06\/20151253\/concurso-carreiras-juridicas-assinatura-juridica-300x56.jpg 300w, https:\/\/cj.estrategia.com\/portal\/wp-content\/uploads\/2022\/06\/20151253\/concurso-carreiras-juridicas-assinatura-juridica-1024x190.jpg 1024w, https:\/\/cj.estrategia.com\/portal\/wp-content\/uploads\/2022\/06\/20151253\/concurso-carreiras-juridicas-assinatura-juridica-768x143.jpg 768w, https:\/\/cj.estrategia.com\/portal\/wp-content\/uploads\/2022\/06\/20151253\/concurso-carreiras-juridicas-assinatura-juridica-1536x285.jpg 1536w, https:\/\/cj.estrategia.com\/portal\/wp-content\/uploads\/2022\/06\/20151253\/concurso-carreiras-juridicas-assinatura-juridica-380x71.jpg 380w, https:\/\/cj.estrategia.com\/portal\/wp-content\/uploads\/2022\/06\/20151253\/concurso-carreiras-juridicas-assinatura-juridica-800x149.jpg 800w, https:\/\/cj.estrategia.com\/portal\/wp-content\/uploads\/2022\/06\/20151253\/concurso-carreiras-juridicas-assinatura-juridica-1160x215.jpg 1160w\" sizes=\"(max-width: 1890px) 100vw, 1890px\" \/><span aria-hidden=\"true\" class=\"wp-block-cover__background has-background-dim\"><\/span><div class=\"wp-block-cover__inner-container is-layout-flow wp-block-cover-is-layout-flow\">\n<h3 id=\"faca-a-sua-assinatura\" class=\"titulo-assinatura\"><span style=\"color: #ffffff;\">Fa\u00e7a a sua assinatura!<\/span><\/h3>\n<p class=\"subtitulo-assinatura\" style=\"display:block!important; line-height: 0;\"><span style=\"color: #ffffff;\">Escolha a sua \u00e1rea.<\/span><\/p>\n<a target=\"_blank\" href=\"https:\/\/www.estrategiaconcursos.com.br\/assinaturas-ecj\/\" rel=\"noopener\"><button style=\"border-radius: 10px; text-transform: capitalize;\">Acessar<\/button><\/a>\n<\/div><\/div>\n","protected":false},"excerpt":{"rendered":"As inscri\u00e7\u00f5es para o 1\u00ba Exame Nacional dos Cart\u00f3rios \u2013 ENAC j\u00e1 est\u00e3o abertas e seguem at\u00e9 o&hellip;\n","protected":false},"author":141,"featured_media":97020,"comment_status":"open","ping_status":"open","sticky":false,"template":"","format":"standard","meta":{"_jetpack_memberships_contains_paid_content":false,"footnotes":""},"categories":[1,29],"tags":[],"tax_estado":[36],"class_list":{"0":"post-97019","1":"post","2":"type-post","3":"status-publish","4":"format-standard","5":"has-post-thumbnail","7":"category-carreiras-juridicas","8":"category-cartorio","9":"tax_estado-concursos-federais"},"acf":[],"yoast_head":"<!-- This site is optimized with the Yoast SEO Premium plugin v27.4 (Yoast SEO v27.4) - https:\/\/yoast.com\/product\/yoast-seo-premium-wordpress\/ -->\n<title>Estudo por quest\u00f5es - ENAC (Cart\u00f3rios)<\/title>\n<meta name=\"description\" content=\"Estudo por quest\u00f5es - ENAC (Cart\u00f3rios): reforce sua prepara\u00e7\u00e3o para o exame com o evento que o Estrat\u00e9gia Carreira Jur\u00eddica preparou!\" \/>\n<meta name=\"robots\" content=\"index, follow, max-snippet:-1, max-image-preview:large, max-video-preview:-1\" \/>\n<link rel=\"canonical\" href=\"https:\/\/cj.estrategia.com\/portal\/estudo-por-questoes-enac-cartorios\/\" \/>\n<meta property=\"og:locale\" content=\"pt_BR\" \/>\n<meta property=\"og:type\" content=\"article\" \/>\n<meta property=\"og:title\" content=\"Estudo por quest\u00f5es - ENAC (Cart\u00f3rios)\" \/>\n<meta property=\"og:description\" content=\"Estudo por quest\u00f5es - ENAC (Cart\u00f3rios): reforce sua prepara\u00e7\u00e3o para o exame com o evento que o Estrat\u00e9gia Carreira Jur\u00eddica preparou!\" \/>\n<meta property=\"og:url\" content=\"https:\/\/cj.estrategia.com\/portal\/estudo-por-questoes-enac-cartorios\/\" \/>\n<meta property=\"og:site_name\" content=\"Blog - Carreiras Jur\u00eddicas - Estrat\u00e9gia\" \/>\n<meta property=\"article:publisher\" content=\"https:\/\/www.facebook.com\/estrategiacarreirajuridica\/\" \/>\n<meta property=\"article:published_time\" content=\"2025-02-11T21:00:00+00:00\" \/>\n<meta property=\"og:image\" content=\"https:\/\/cj.estrategia.com\/portal\/wp-content\/uploads\/2025\/02\/10214629\/YTBENACCartorio.jpg\" \/>\n\t<meta property=\"og:image:width\" content=\"1280\" \/>\n\t<meta property=\"og:image:height\" content=\"720\" \/>\n\t<meta property=\"og:image:type\" content=\"image\/jpeg\" \/>\n<meta name=\"author\" content=\"Carolina Jurado\" \/>\n<meta name=\"twitter:card\" content=\"summary_large_image\" \/>\n<meta name=\"twitter:creator\" content=\"@EstratJuridica\" \/>\n<meta name=\"twitter:site\" content=\"@EstratJuridica\" \/>\n<meta name=\"twitter:label1\" content=\"Escrito por\" \/>\n\t<meta name=\"twitter:data1\" content=\"Carolina Jurado\" \/>\n\t<meta name=\"twitter:label2\" content=\"Est. tempo de leitura\" \/>\n\t<meta name=\"twitter:data2\" content=\"7 minutos\" \/>\n<script type=\"application\/ld+json\" class=\"yoast-schema-graph\">{\"@context\":\"https:\\\/\\\/schema.org\",\"@graph\":[{\"@type\":\"NewsArticle\",\"@id\":\"https:\\\/\\\/cj.estrategia.com\\\/portal\\\/estudo-por-questoes-enac-cartorios\\\/#article\",\"isPartOf\":{\"@id\":\"https:\\\/\\\/cj.estrategia.com\\\/portal\\\/estudo-por-questoes-enac-cartorios\\\/\"},\"author\":{\"name\":\"Carolina Jurado\",\"@id\":\"https:\\\/\\\/cj.estrategia.com\\\/portal\\\/#\\\/schema\\\/person\\\/448bdaa83b34d80730e0a2c3d5636b39\"},\"headline\":\"Estudo por quest\u00f5es &#8211; ENAC (Cart\u00f3rios)\",\"datePublished\":\"2025-02-11T21:00:00+00:00\",\"mainEntityOfPage\":{\"@id\":\"https:\\\/\\\/cj.estrategia.com\\\/portal\\\/estudo-por-questoes-enac-cartorios\\\/\"},\"wordCount\":581,\"commentCount\":0,\"publisher\":{\"@id\":\"https:\\\/\\\/cj.estrategia.com\\\/portal\\\/#organization\"},\"image\":{\"@id\":\"https:\\\/\\\/cj.estrategia.com\\\/portal\\\/estudo-por-questoes-enac-cartorios\\\/#primaryimage\"},\"thumbnailUrl\":\"https:\\\/\\\/cj.estrategia.com\\\/portal\\\/wp-content\\\/uploads\\\/2025\\\/02\\\/10214629\\\/YTBENACCartorio.jpg\",\"articleSection\":[\"Carreiras Jur\u00eddicas\",\"Cart\u00f3rio\"],\"inLanguage\":\"pt-BR\",\"potentialAction\":[{\"@type\":\"CommentAction\",\"name\":\"Comment\",\"target\":[\"https:\\\/\\\/cj.estrategia.com\\\/portal\\\/estudo-por-questoes-enac-cartorios\\\/#respond\"]}]},{\"@type\":\"WebPage\",\"@id\":\"https:\\\/\\\/cj.estrategia.com\\\/portal\\\/estudo-por-questoes-enac-cartorios\\\/\",\"url\":\"https:\\\/\\\/cj.estrategia.com\\\/portal\\\/estudo-por-questoes-enac-cartorios\\\/\",\"name\":\"Estudo por quest\u00f5es - ENAC (Cart\u00f3rios)\",\"isPartOf\":{\"@id\":\"https:\\\/\\\/cj.estrategia.com\\\/portal\\\/#website\"},\"primaryImageOfPage\":{\"@id\":\"https:\\\/\\\/cj.estrategia.com\\\/portal\\\/estudo-por-questoes-enac-cartorios\\\/#primaryimage\"},\"image\":{\"@id\":\"https:\\\/\\\/cj.estrategia.com\\\/portal\\\/estudo-por-questoes-enac-cartorios\\\/#primaryimage\"},\"thumbnailUrl\":\"https:\\\/\\\/cj.estrategia.com\\\/portal\\\/wp-content\\\/uploads\\\/2025\\\/02\\\/10214629\\\/YTBENACCartorio.jpg\",\"datePublished\":\"2025-02-11T21:00:00+00:00\",\"description\":\"Estudo por quest\u00f5es - ENAC (Cart\u00f3rios): reforce sua prepara\u00e7\u00e3o para o exame com o evento que o Estrat\u00e9gia Carreira Jur\u00eddica preparou!\",\"breadcrumb\":{\"@id\":\"https:\\\/\\\/cj.estrategia.com\\\/portal\\\/estudo-por-questoes-enac-cartorios\\\/#breadcrumb\"},\"inLanguage\":\"pt-BR\",\"potentialAction\":[{\"@type\":\"ReadAction\",\"target\":[\"https:\\\/\\\/cj.estrategia.com\\\/portal\\\/estudo-por-questoes-enac-cartorios\\\/\"]}]},{\"@type\":\"ImageObject\",\"inLanguage\":\"pt-BR\",\"@id\":\"https:\\\/\\\/cj.estrategia.com\\\/portal\\\/estudo-por-questoes-enac-cartorios\\\/#primaryimage\",\"url\":\"https:\\\/\\\/cj.estrategia.com\\\/portal\\\/wp-content\\\/uploads\\\/2025\\\/02\\\/10214629\\\/YTBENACCartorio.jpg\",\"contentUrl\":\"https:\\\/\\\/cj.estrategia.com\\\/portal\\\/wp-content\\\/uploads\\\/2025\\\/02\\\/10214629\\\/YTBENACCartorio.jpg\",\"width\":1280,\"height\":720},{\"@type\":\"BreadcrumbList\",\"@id\":\"https:\\\/\\\/cj.estrategia.com\\\/portal\\\/estudo-por-questoes-enac-cartorios\\\/#breadcrumb\",\"itemListElement\":[{\"@type\":\"ListItem\",\"position\":1,\"name\":\"In\u00edcio\",\"item\":\"https:\\\/\\\/cj.estrategia.com\\\/portal\\\/\"},{\"@type\":\"ListItem\",\"position\":2,\"name\":\"Estudo por quest\u00f5es &#8211; ENAC (Cart\u00f3rios)\"}]},{\"@type\":\"WebSite\",\"@id\":\"https:\\\/\\\/cj.estrategia.com\\\/portal\\\/#website\",\"url\":\"https:\\\/\\\/cj.estrategia.com\\\/portal\\\/\",\"name\":\"Blog - Carreiras Jur\u00eddicas - Estrat\u00e9gia\",\"description\":\"\",\"publisher\":{\"@id\":\"https:\\\/\\\/cj.estrategia.com\\\/portal\\\/#organization\"},\"potentialAction\":[{\"@type\":\"SearchAction\",\"target\":{\"@type\":\"EntryPoint\",\"urlTemplate\":\"https:\\\/\\\/cj.estrategia.com\\\/portal\\\/?s={search_term_string}\"},\"query-input\":{\"@type\":\"PropertyValueSpecification\",\"valueRequired\":true,\"valueName\":\"search_term_string\"}}],\"inLanguage\":\"pt-BR\"},{\"@type\":\"Organization\",\"@id\":\"https:\\\/\\\/cj.estrategia.com\\\/portal\\\/#organization\",\"name\":\"Estrat\u00e9gia - Carreiras Jur\u00eddicas\",\"url\":\"https:\\\/\\\/cj.estrategia.com\\\/portal\\\/\",\"logo\":{\"@type\":\"ImageObject\",\"inLanguage\":\"pt-BR\",\"@id\":\"https:\\\/\\\/cj.estrategia.com\\\/portal\\\/#\\\/schema\\\/logo\\\/image\\\/\",\"url\":\"https:\\\/\\\/cj.estrategia.com\\\/portal\\\/wp-content\\\/uploads\\\/2022\\\/03\\\/11151052\\\/cj-logo.png\",\"contentUrl\":\"https:\\\/\\\/cj.estrategia.com\\\/portal\\\/wp-content\\\/uploads\\\/2022\\\/03\\\/11151052\\\/cj-logo.png\",\"width\":150,\"height\":39,\"caption\":\"Estrat\u00e9gia - Carreiras Jur\u00eddicas\"},\"image\":{\"@id\":\"https:\\\/\\\/cj.estrategia.com\\\/portal\\\/#\\\/schema\\\/logo\\\/image\\\/\"},\"sameAs\":[\"https:\\\/\\\/www.facebook.com\\\/estrategiacarreirajuridica\\\/\",\"https:\\\/\\\/x.com\\\/EstratJuridica\",\"https:\\\/\\\/www.instagram.com\\\/estrategiacarreirajuridica\\\/\",\"https:\\\/\\\/www.youtube.com\\\/channel\\\/UClbMGuYbj2Mh1m3w144ETWQ\"]},{\"@type\":\"Person\",\"@id\":\"https:\\\/\\\/cj.estrategia.com\\\/portal\\\/#\\\/schema\\\/person\\\/448bdaa83b34d80730e0a2c3d5636b39\",\"name\":\"Carolina Jurado\",\"image\":{\"@type\":\"ImageObject\",\"inLanguage\":\"pt-BR\",\"@id\":\"https:\\\/\\\/cj.estrategia.com\\\/portal\\\/wp-content\\\/uploads\\\/2024\\\/04\\\/06134840\\\/1679532598692-96x96.jpg\",\"url\":\"https:\\\/\\\/cj.estrategia.com\\\/portal\\\/wp-content\\\/uploads\\\/2024\\\/04\\\/06134840\\\/1679532598692-96x96.jpg\",\"contentUrl\":\"https:\\\/\\\/cj.estrategia.com\\\/portal\\\/wp-content\\\/uploads\\\/2024\\\/04\\\/06134840\\\/1679532598692-96x96.jpg\",\"caption\":\"Carolina Jurado\"},\"description\":\"Jornalista do Estrat\u00e9gia Carreira Jur\u00eddica e Estrat\u00e9gia OAB. Al\u00e9m disso, \u00e9 Mestra em Estudos da M\u00eddia pela UFRN, Bacharel em Jornalismo pela UFPB e desenvolve um projeto pessoal de turismo nas redes sociais.\",\"url\":\"https:\\\/\\\/cj.estrategia.com\\\/portal\\\/author\\\/ana-carolina-gomes\\\/\"}]}<\/script>\n<!-- \/ Yoast SEO Premium plugin. -->","yoast_head_json":{"title":"Estudo por quest\u00f5es - ENAC (Cart\u00f3rios)","description":"Estudo por quest\u00f5es - ENAC (Cart\u00f3rios): reforce sua prepara\u00e7\u00e3o para o exame com o evento que o Estrat\u00e9gia Carreira Jur\u00eddica preparou!","robots":{"index":"index","follow":"follow","max-snippet":"max-snippet:-1","max-image-preview":"max-image-preview:large","max-video-preview":"max-video-preview:-1"},"canonical":"https:\/\/cj.estrategia.com\/portal\/estudo-por-questoes-enac-cartorios\/","og_locale":"pt_BR","og_type":"article","og_title":"Estudo por quest\u00f5es - ENAC (Cart\u00f3rios)","og_description":"Estudo por quest\u00f5es - ENAC (Cart\u00f3rios): reforce sua prepara\u00e7\u00e3o para o exame com o evento que o Estrat\u00e9gia Carreira Jur\u00eddica preparou!","og_url":"https:\/\/cj.estrategia.com\/portal\/estudo-por-questoes-enac-cartorios\/","og_site_name":"Blog - Carreiras Jur\u00eddicas - Estrat\u00e9gia","article_publisher":"https:\/\/www.facebook.com\/estrategiacarreirajuridica\/","article_published_time":"2025-02-11T21:00:00+00:00","og_image":[{"width":1280,"height":720,"url":"https:\/\/cj.estrategia.com\/portal\/wp-content\/uploads\/2025\/02\/10214629\/YTBENACCartorio.jpg","type":"image\/jpeg"}],"author":"Carolina Jurado","twitter_card":"summary_large_image","twitter_creator":"@EstratJuridica","twitter_site":"@EstratJuridica","twitter_misc":{"Escrito por":"Carolina Jurado","Est. tempo de leitura":"7 minutos"},"schema":{"@context":"https:\/\/schema.org","@graph":[{"@type":"NewsArticle","@id":"https:\/\/cj.estrategia.com\/portal\/estudo-por-questoes-enac-cartorios\/#article","isPartOf":{"@id":"https:\/\/cj.estrategia.com\/portal\/estudo-por-questoes-enac-cartorios\/"},"author":{"name":"Carolina Jurado","@id":"https:\/\/cj.estrategia.com\/portal\/#\/schema\/person\/448bdaa83b34d80730e0a2c3d5636b39"},"headline":"Estudo por quest\u00f5es &#8211; ENAC (Cart\u00f3rios)","datePublished":"2025-02-11T21:00:00+00:00","mainEntityOfPage":{"@id":"https:\/\/cj.estrategia.com\/portal\/estudo-por-questoes-enac-cartorios\/"},"wordCount":581,"commentCount":0,"publisher":{"@id":"https:\/\/cj.estrategia.com\/portal\/#organization"},"image":{"@id":"https:\/\/cj.estrategia.com\/portal\/estudo-por-questoes-enac-cartorios\/#primaryimage"},"thumbnailUrl":"https:\/\/cj.estrategia.com\/portal\/wp-content\/uploads\/2025\/02\/10214629\/YTBENACCartorio.jpg","articleSection":["Carreiras Jur\u00eddicas","Cart\u00f3rio"],"inLanguage":"pt-BR","potentialAction":[{"@type":"CommentAction","name":"Comment","target":["https:\/\/cj.estrategia.com\/portal\/estudo-por-questoes-enac-cartorios\/#respond"]}]},{"@type":"WebPage","@id":"https:\/\/cj.estrategia.com\/portal\/estudo-por-questoes-enac-cartorios\/","url":"https:\/\/cj.estrategia.com\/portal\/estudo-por-questoes-enac-cartorios\/","name":"Estudo por quest\u00f5es - ENAC (Cart\u00f3rios)","isPartOf":{"@id":"https:\/\/cj.estrategia.com\/portal\/#website"},"primaryImageOfPage":{"@id":"https:\/\/cj.estrategia.com\/portal\/estudo-por-questoes-enac-cartorios\/#primaryimage"},"image":{"@id":"https:\/\/cj.estrategia.com\/portal\/estudo-por-questoes-enac-cartorios\/#primaryimage"},"thumbnailUrl":"https:\/\/cj.estrategia.com\/portal\/wp-content\/uploads\/2025\/02\/10214629\/YTBENACCartorio.jpg","datePublished":"2025-02-11T21:00:00+00:00","description":"Estudo por quest\u00f5es - ENAC (Cart\u00f3rios): reforce sua prepara\u00e7\u00e3o para o exame com o evento que o Estrat\u00e9gia Carreira Jur\u00eddica preparou!","breadcrumb":{"@id":"https:\/\/cj.estrategia.com\/portal\/estudo-por-questoes-enac-cartorios\/#breadcrumb"},"inLanguage":"pt-BR","potentialAction":[{"@type":"ReadAction","target":["https:\/\/cj.estrategia.com\/portal\/estudo-por-questoes-enac-cartorios\/"]}]},{"@type":"ImageObject","inLanguage":"pt-BR","@id":"https:\/\/cj.estrategia.com\/portal\/estudo-por-questoes-enac-cartorios\/#primaryimage","url":"https:\/\/cj.estrategia.com\/portal\/wp-content\/uploads\/2025\/02\/10214629\/YTBENACCartorio.jpg","contentUrl":"https:\/\/cj.estrategia.com\/portal\/wp-content\/uploads\/2025\/02\/10214629\/YTBENACCartorio.jpg","width":1280,"height":720},{"@type":"BreadcrumbList","@id":"https:\/\/cj.estrategia.com\/portal\/estudo-por-questoes-enac-cartorios\/#breadcrumb","itemListElement":[{"@type":"ListItem","position":1,"name":"In\u00edcio","item":"https:\/\/cj.estrategia.com\/portal\/"},{"@type":"ListItem","position":2,"name":"Estudo por quest\u00f5es &#8211; ENAC (Cart\u00f3rios)"}]},{"@type":"WebSite","@id":"https:\/\/cj.estrategia.com\/portal\/#website","url":"https:\/\/cj.estrategia.com\/portal\/","name":"Blog - Carreiras Jur\u00eddicas - Estrat\u00e9gia","description":"","publisher":{"@id":"https:\/\/cj.estrategia.com\/portal\/#organization"},"potentialAction":[{"@type":"SearchAction","target":{"@type":"EntryPoint","urlTemplate":"https:\/\/cj.estrategia.com\/portal\/?s={search_term_string}"},"query-input":{"@type":"PropertyValueSpecification","valueRequired":true,"valueName":"search_term_string"}}],"inLanguage":"pt-BR"},{"@type":"Organization","@id":"https:\/\/cj.estrategia.com\/portal\/#organization","name":"Estrat\u00e9gia - Carreiras Jur\u00eddicas","url":"https:\/\/cj.estrategia.com\/portal\/","logo":{"@type":"ImageObject","inLanguage":"pt-BR","@id":"https:\/\/cj.estrategia.com\/portal\/#\/schema\/logo\/image\/","url":"https:\/\/cj.estrategia.com\/portal\/wp-content\/uploads\/2022\/03\/11151052\/cj-logo.png","contentUrl":"https:\/\/cj.estrategia.com\/portal\/wp-content\/uploads\/2022\/03\/11151052\/cj-logo.png","width":150,"height":39,"caption":"Estrat\u00e9gia - Carreiras Jur\u00eddicas"},"image":{"@id":"https:\/\/cj.estrategia.com\/portal\/#\/schema\/logo\/image\/"},"sameAs":["https:\/\/www.facebook.com\/estrategiacarreirajuridica\/","https:\/\/x.com\/EstratJuridica","https:\/\/www.instagram.com\/estrategiacarreirajuridica\/","https:\/\/www.youtube.com\/channel\/UClbMGuYbj2Mh1m3w144ETWQ"]},{"@type":"Person","@id":"https:\/\/cj.estrategia.com\/portal\/#\/schema\/person\/448bdaa83b34d80730e0a2c3d5636b39","name":"Carolina Jurado","image":{"@type":"ImageObject","inLanguage":"pt-BR","@id":"https:\/\/cj.estrategia.com\/portal\/wp-content\/uploads\/2024\/04\/06134840\/1679532598692-96x96.jpg","url":"https:\/\/cj.estrategia.com\/portal\/wp-content\/uploads\/2024\/04\/06134840\/1679532598692-96x96.jpg","contentUrl":"https:\/\/cj.estrategia.com\/portal\/wp-content\/uploads\/2024\/04\/06134840\/1679532598692-96x96.jpg","caption":"Carolina Jurado"},"description":"Jornalista do Estrat\u00e9gia Carreira Jur\u00eddica e Estrat\u00e9gia OAB. Al\u00e9m disso, \u00e9 Mestra em Estudos da M\u00eddia pela UFRN, Bacharel em Jornalismo pela UFPB e desenvolve um projeto pessoal de turismo nas redes sociais.","url":"https:\/\/cj.estrategia.com\/portal\/author\/ana-carolina-gomes\/"}]}},"jetpack_featured_media_url":"https:\/\/cj.estrategia.com\/portal\/wp-content\/uploads\/2025\/02\/10214629\/YTBENACCartorio.jpg","jetpack_sharing_enabled":true,"_links":{"self":[{"href":"https:\/\/cj.estrategia.com\/portal\/wp-json\/wp\/v2\/posts\/97019","targetHints":{"allow":["GET"]}}],"collection":[{"href":"https:\/\/cj.estrategia.com\/portal\/wp-json\/wp\/v2\/posts"}],"about":[{"href":"https:\/\/cj.estrategia.com\/portal\/wp-json\/wp\/v2\/types\/post"}],"author":[{"embeddable":true,"href":"https:\/\/cj.estrategia.com\/portal\/wp-json\/wp\/v2\/users\/141"}],"replies":[{"embeddable":true,"href":"https:\/\/cj.estrategia.com\/portal\/wp-json\/wp\/v2\/comments?post=97019"}],"version-history":[{"count":7,"href":"https:\/\/cj.estrategia.com\/portal\/wp-json\/wp\/v2\/posts\/97019\/revisions"}],"predecessor-version":[{"id":97195,"href":"https:\/\/cj.estrategia.com\/portal\/wp-json\/wp\/v2\/posts\/97019\/revisions\/97195"}],"wp:featuredmedia":[{"embeddable":true,"href":"https:\/\/cj.estrategia.com\/portal\/wp-json\/wp\/v2\/media\/97020"}],"wp:attachment":[{"href":"https:\/\/cj.estrategia.com\/portal\/wp-json\/wp\/v2\/media?parent=97019"}],"wp:term":[{"taxonomy":"category","embeddable":true,"href":"https:\/\/cj.estrategia.com\/portal\/wp-json\/wp\/v2\/categories?post=97019"},{"taxonomy":"post_tag","embeddable":true,"href":"https:\/\/cj.estrategia.com\/portal\/wp-json\/wp\/v2\/tags?post=97019"},{"taxonomy":"tax_estado","embeddable":true,"href":"https:\/\/cj.estrategia.com\/portal\/wp-json\/wp\/v2\/tax_estado?post=97019"}],"curies":[{"name":"wp","href":"https:\/\/api.w.org\/{rel}","templated":true}]}}