{"id":96919,"date":"2025-02-10T16:14:25","date_gmt":"2025-02-10T19:14:25","guid":{"rendered":"https:\/\/cj.estrategia.com\/portal\/?p=96919"},"modified":"2025-02-10T16:14:31","modified_gmt":"2025-02-10T19:14:31","slug":"irpj-lucro-empresa-controlada-exterior","status":"publish","type":"post","link":"https:\/\/cj.estrategia.com\/portal\/irpj-lucro-empresa-controlada-exterior\/","title":{"rendered":"STF julga se h\u00e1 IRPJ\/CSLL sobre lucros auferidos por empresa situada no Brasil por interm\u00e9dio de empresa controlada sediada no exterior"},"content":{"rendered":"\n<p>Imagine a Vale, uma empresa brasileira, que tem empresas controladas em outros pa\u00edses (B\u00e9lgica, Dinamarca, Luxemburgo e Bermudas).<\/p>\n\n\n\n<p>Quando essas empresas controladas t\u00eam lucro, surge a quest\u00e3o: o Brasil pode cobrar impostos sobre esses lucros? E quando?<\/p>\n\n\n\n<figure class=\"wp-block-table\"><table><tbody><tr><td><strong>VALE (contra a tributa\u00e7\u00e3o)<\/strong><strong><\/strong><\/td><td><strong>FAZENDA NACIONAL (a favor da tributa\u00e7\u00e3o)<\/strong><strong><\/strong><\/td><\/tr><tr><td><strong>Argumento central:<\/strong>&nbsp;Os tratados internacionais assinados pelo Brasil pro\u00edbem a dupla tributa\u00e7\u00e3o do mesmo lucro.<\/td><td><strong>Argumento central:<\/strong>&nbsp;A tributa\u00e7\u00e3o incide sobre o aumento patrimonial da empresa brasileira, n\u00e3o sobre o lucro da empresa estrangeira.<\/td><\/tr><tr><td><strong>Como funciona:<\/strong>&nbsp;O lucro j\u00e1 \u00e9 tributado no pa\u00eds onde a empresa controlada est\u00e1 estabelecida (B\u00e9lgica, Dinamarca, Luxemburgo). A tributa\u00e7\u00e3o no Brasil s\u00f3 deveria ocorrer quando esse lucro for efetivamente distribu\u00eddo para c\u00e1.<\/td><td><strong>Como funciona:<\/strong>&nbsp;Quando a controlada no exterior obt\u00e9m lucro, o patrim\u00f4nio da controladora brasileira aumenta automaticamente, refletindo no balan\u00e7o atrav\u00e9s do M\u00e9todo de Equival\u00eancia Patrimonial (MEP). \u00c9 esse aumento patrimonial que deve ser tributado.<\/td><\/tr><tr><td><strong>Analogia usada:<\/strong>&nbsp;Similar a um trabalhador brasileiro no exterior &#8211; ele paga impostos no pa\u00eds onde trabalha e s\u00f3 pagaria impostos no Brasil quando trouxesse o dinheiro para c\u00e1.<\/td><td><strong>Analogia usada:<\/strong>&nbsp;Como uma pessoa com conta banc\u00e1ria no exterior &#8211; o Brasil n\u00e3o tributa o banco estrangeiro, mas tributa o titular da conta (residente no Brasil) pelo aumento do seu patrim\u00f4nio.<\/td><\/tr><tr><td><strong>Exce\u00e7\u00e3o reconhecida:<\/strong>&nbsp;Para a controlada nas Bermudas, como n\u00e3o h\u00e1 tratado internacional, a tributa\u00e7\u00e3o seria poss\u00edvel.<\/td><td><strong>Base legal:<\/strong>&nbsp;Utiliza o princ\u00edpio da universalidade do sistema tribut\u00e1rio brasileiro, que permite tributar residentes por seus rendimentos globais.<\/td><\/tr><\/tbody><\/table><\/figure>\n\n\n\n<h2 class=\"wp-block-heading\" id=\"h-contexto\"><span id=\"contexto\">Contexto<\/span><\/h2>\n\n\n\n<div class=\"wp-block-media-text is-stacked-on-mobile\" style=\"grid-template-columns:40% auto\"><figure class=\"wp-block-media-text__media\"><img decoding=\"async\" width=\"1024\" height=\"768\" src=\"https:\/\/cj.estrategia.com\/portal\/wp-content\/uploads\/2024\/10\/16142256\/atencao-aviso-1024x768.jpg\" alt=\"Lucro\" class=\"wp-image-80585 size-full\" srcset=\"https:\/\/cj.estrategia.com\/portal\/wp-content\/uploads\/2024\/10\/16142256\/atencao-aviso-1024x768.jpg 1024w, https:\/\/cj.estrategia.com\/portal\/wp-content\/uploads\/2024\/10\/16142256\/atencao-aviso-300x225.jpg 300w, https:\/\/cj.estrategia.com\/portal\/wp-content\/uploads\/2024\/10\/16142256\/atencao-aviso-768x576.jpg 768w, https:\/\/cj.estrategia.com\/portal\/wp-content\/uploads\/2024\/10\/16142256\/atencao-aviso-1536x1152.jpg 1536w, https:\/\/cj.estrategia.com\/portal\/wp-content\/uploads\/2024\/10\/16142256\/atencao-aviso-2048x1536.jpg 2048w, https:\/\/cj.estrategia.com\/portal\/wp-content\/uploads\/2024\/10\/16142256\/atencao-aviso-380x285.jpg 380w, https:\/\/cj.estrategia.com\/portal\/wp-content\/uploads\/2024\/10\/16142256\/atencao-aviso-800x600.jpg 800w, https:\/\/cj.estrategia.com\/portal\/wp-content\/uploads\/2024\/10\/16142256\/atencao-aviso-1160x870.jpg 1160w, https:\/\/cj.estrategia.com\/portal\/wp-content\/uploads\/2024\/10\/16142256\/atencao-aviso-150x113.jpg 150w, https:\/\/cj.estrategia.com\/portal\/wp-content\/uploads\/2024\/10\/16142256\/atencao-aviso-scaled.jpg 2560w\" sizes=\"(max-width: 1024px) 100vw, 1024px\" \/><\/figure><div class=\"wp-block-media-text__content\">\n<p>Qual \u00e9 o pano de fundo? A grande quest\u00e3o \u00e9: quando uma empresa controlada no exterior tem lucro, isso representa um aumento real do patrim\u00f4nio da empresa brasileira (que deveria ser tributado imediatamente) ou \u00e9 apenas um lucro estrangeiro que s\u00f3 deveria ser tributado quando vier para o Brasil?<\/p>\n<\/div><\/div>\n\n\n\n<p>O Supremo Tribunal Federal (STF) j\u00e1 tinha decidido que essa tributa\u00e7\u00e3o \u00e9 poss\u00edvel (na ADI 2.588 e outros casos). Por\u00e9m, o Superior Tribunal de Justi\u00e7a (STJ), no caso espec\u00edfico da Vale, entendeu diferente, dizendo que os tratados internacionais impediriam essa tributa\u00e7\u00e3o. Agora o STF est\u00e1 reanalisando a quest\u00e3o.<\/p>\n\n\n\n<pre class=\"wp-block-verse\">Para simplificar ainda mais: \u00e9 como se o debate fosse \"quando sua filha que mora no exterior ganha dinheiro, seu patrim\u00f4nio aumenta imediatamente (vis\u00e3o da Fazenda) ou s\u00f3 quando ela te mandar o dinheiro (vis\u00e3o da Vale)?\"<\/pre>\n\n\n\n<p>Em um dos casos mais relevantes em discuss\u00e3o no STF em 2025, envolvendo a tributa\u00e7\u00e3o de lucros auferidos no exterior por empresas brasileiras, temos como protagonista a Vale S\/A em um embate que movimenta cifras bilion\u00e1rias e princ\u00edpios fundamentais do direito tribut\u00e1rio internacional.<\/p>\n\n\n\n<p>Nessa linha, a Fazenda Nacional defendeu a tributa\u00e7\u00e3o desses lucros. Argumentou que o caso transcende a mera interpreta\u00e7\u00e3o de tratados internacionais, envolve a pr\u00f3pria efetividade do sistema constitucional tribut\u00e1rio brasileiro e a autoridade das decis\u00f5es do STF, que j\u00e1 reconheceu a constitucionalidade do art. 74 da Medida Provis\u00f3ria (MP) 2.158-35\/2001:<\/p>\n\n\n\n<h3 class=\"wp-block-heading\" id=\"h-decisoes\"><span id=\"decisoes\">Decis\u00f5es<\/span><\/h3>\n\n\n\n<pre class=\"wp-block-verse\">O STF, por maioria, julgou parcialmente procedente a a\u00e7\u00e3o, para conferir interpreta\u00e7\u00e3o conforme, no sentido de que o art.\u00a074\u00a0da MP n\u00ba\u00a02.158-35\/2001\u00a0n\u00e3o se aplica \u00e0s empresas \u201ccoligadas\u201d localizadas em pa\u00edses sem tributa\u00e7\u00e3o favorecida (n\u00e3o \u201cpara\u00edsos fiscais\u201d), e que o referido dispositivo se aplica \u00e0s empresas \u201ccontroladas\u201d localizadas em pa\u00edses de tributa\u00e7\u00e3o favorecida ou desprovidos de controles societ\u00e1rios e fiscais adequados (\"para\u00edsos fiscais\", assim definidos em lei).\n\nTamb\u00e9m, por maioria, o STF declarou inconstitucional a retroatividade prevista no par\u00e1grafo \u00fanico do art.\u00a074\u00a0da MP\u00a02.158-35, de 2001. O dispositivo prev\u00ea que \u201cos lucros apurados por controlada ou coligada no exterior at\u00e9 31 de dezembro de 2001 ser\u00e3o considerados disponibilizados em 31 de dezembro de 2002, salvo se ocorrida, antes desta data, qualquer das hip\u00f3teses de disponibiliza\u00e7\u00e3o previstas na legisla\u00e7\u00e3o em vigor\u201d. Nesse ponto, os Ministros destacaram que a retroatividade fica afastada tanto para controladas e coligadas situadas em para\u00edsos fiscais quanto para aquelas instaladas em pa\u00edses de tributa\u00e7\u00e3o n\u00e3o favorecida.\nSTF. Plen\u00e1rio. ADI 2588\/DF, rel. orig. Min. Ellen Gracie, red. p\/ o ac\u00f3rd\u00e3o Min. Joaquim Barbosa, 10\/4\/2013 (Informativo 701).<\/pre>\n\n\n\n<p>A quest\u00e3o central, segundo a argumenta\u00e7\u00e3o fazend\u00e1ria, n\u00e3o reside na tributa\u00e7\u00e3o da empresa estrangeira &#8211; o que de fato existe uma veda\u00e7\u00e3o pelos tratados internacionais &#8211; mas sim na <strong>tributa\u00e7\u00e3o do lucro da controladora brasileira<\/strong>, obtido atrav\u00e9s de suas controladas no exterior.<\/p>\n\n\n\n<p>O STF estabeleceu claramente este entendimento em diversos precedentes. Ressalta-se, especialmente, a ADI 2.588, o RE 611.586 (com repercuss\u00e3o geral &#8211; Tema 537) e o RE 541.090.<\/p>\n\n\n\n<p>No entanto, o Superior Tribunal de Justi\u00e7a, ao julgar o caso espec\u00edfico da Vale, entendeu pela preval\u00eancia dos tratados internacionais sobre a legisla\u00e7\u00e3o interna. Isso gerou uma interpreta\u00e7\u00e3o que, segundo a Fazenda Nacional, n\u00e3o apenas contraria os precedentes do STF, mas tamb\u00e9m viola diretamente diversos dispositivos constitucionais.<\/p>\n\n\n\n<pre class=\"wp-block-verse has-background\" style=\"background-color:#dddddd\">O caso ganha especial relev\u00e2ncia n\u00e3o apenas pelo valor envolvido - aproximadamente R$ 26 bilh\u00f5es - mas principalmente por seu potencial de definir os contornos da tributa\u00e7\u00e3o internacional no Brasil e a efetividade do sistema de precedentes.<\/pre>\n\n\n\n<h2 class=\"wp-block-heading\" id=\"h-argumentos-da-fazenda-nacional\"><span id=\"argumentos-da-fazenda-nacional\">Argumentos da Fazenda Nacional<\/span><\/h2>\n\n\n\n<p>De in\u00edcio, a principal discuss\u00e3o paira em torno do seguinte artigo:<\/p>\n\n\n\n<pre class=\"wp-block-preformatted\">Art\u00a074. Para fim de determina\u00e7\u00e3o\u00a0da\u00a0base de c\u00e1lculo do imposto de renda e\u00a0da\u00a0CSLL, nos termos do art. 25\u00a0da\u00a0Lei n\u00ba 9.249, de 26 de dezembro de 1995, e do art. 21 desta\u00a0Medida\u00a0Provis\u00f3ria, os lucros auferidos por controlada ou coligada no exterior ser\u00e3o considerados disponibilizados para a controladora ou coligada no Brasil\u00a0na data do balan\u00e7o no qual tiverem sido apurados, na forma do regulamento.\n\nPar\u00e1grafo \u00fanico. Os lucros apurados por controlada ou coligada no exterior at\u00e9 31 de dezembro de 2001 ser\u00e3o considerados disponibilizados em 31 de dezembro de 2002, salvo se ocorrida, antes desta data, qualquer das hip\u00f3teses de disponibiliza\u00e7\u00e3o previstas na legisla\u00e7\u00e3o em vigor.<\/pre>\n\n\n\n<p>Pode-se sintetizar o argumento central da Fazenda Nacional em uma <strong>premissa fundamental<\/strong>: o que se est\u00e1 tributando n\u00e3o \u00e9 o lucro da empresa estrangeira (controlada), mas sim o lucro da empresa brasileira (controladora).<\/p>\n\n\n\n<p>Este ponto \u00e9 crucial porque desmonta toda a constru\u00e7\u00e3o argumentativa contr\u00e1ria baseada nos tratados internacionais.<\/p>\n\n\n\n<p>Para entender melhor, vamos usar uma analogia: quando uma empresa brasileira tem uma filial no Brasil, o lucro dessa filial \u00e9 automaticamente considerado lucro da matriz, certo?<\/p>\n\n\n\n<p>O que a Fazenda Nacional argumenta \u00e9 que, no caso das controladas no exterior, ocorre algo semelhante. Isto \u00e9, atrav\u00e9s do <strong>M\u00e9todo de Equival\u00eancia Patrimonial (MEP)<\/strong>, o lucro da controlada no exterior passa a integrar o patrim\u00f4nio da controladora brasileira no <strong><mark style=\"background-color:rgba(0, 0, 0, 0)\" class=\"has-inline-color has-luminous-vivid-orange-color\">momento da apura\u00e7\u00e3o<\/mark><\/strong> do balan\u00e7o.<\/p>\n\n\n\n<p>O STF estabeleceu esta compreens\u00e3o em diversos precedentes, especialmente na ADI 2.588 e no RE 611.586. O Ministro Teori Zavascki foi muito claro ao afirmar que &#8220;a tributa\u00e7\u00e3o n\u00e3o est\u00e1 prevista para incidir sobre lucro obtido por empresa situada no exterior, mas, sim, sobre os lucros obtidos por empresa situada no Brasil, provenientes de fonte situada no exterior.&#8221;<\/p>\n\n\n\n<p>Assim, quando o STJ decide que os tratados internacionais impedem essa tributa\u00e7\u00e3o, ele comete dois equ\u00edvocos fundamentais segundo a Fazenda Nacional. <strong>Primeiro<\/strong>, ignora os precedentes vinculantes do STF. <strong>Segundo<\/strong>, ele parte de uma premissa equivocada de que se estaria tributando a empresa estrangeira, quando na verdade se tributa o acr\u00e9scimo patrimonial da empresa brasileira.<\/p>\n\n\n\n<pre class=\"wp-block-verse\">Isso significa que n\u00e3o h\u00e1 conflito real entre a legisla\u00e7\u00e3o brasileira e os tratados internacionais, pois estes pro\u00edbem a tributa\u00e7\u00e3o da empresa estrangeira (o que de fato n\u00e3o est\u00e1 ocorrendo), mas n\u00e3o impedem que o Brasil tribute o lucro de suas empresas nacionais, independentemente da origem desses lucros.<\/pre>\n\n\n\n<h2 class=\"wp-block-heading\" id=\"h-o-que-decidiu-o-stf-ate-agora\"><span id=\"o-que-decidiu-o-stf-ate-agora\"><em><em>O que decidiu o STF at\u00e9 agora?<\/em><\/em><\/span><\/h2>\n\n\n\n<h3 class=\"wp-block-heading\" id=\"h-argumentos-contra-a-tributacao\"><span id=\"argumentos-contra-a-tributacao\">Argumentos contra a tributa\u00e7\u00e3o<\/span><\/h3>\n\n\n\n<p class=\"has-background\" style=\"background-color:#dddddd\"><strong>O Ministro Andr\u00e9 Mendon\u00e7a votou contra a Fazenda Nacional impedindo a tributa\u00e7\u00e3o.<\/strong><strong><\/strong><\/p>\n\n\n\n<p>No m\u00e9rito, o ministro desenvolveu sua argumenta\u00e7\u00e3o em torno de alguns pontos fundamentais:<\/p>\n\n\n\n<ol class=\"wp-block-list\">\n<li><strong>Diferen\u00e7a entre as normas brasileiras e internacionais<\/strong>: enquanto outros pa\u00edses adotaram regras espec\u00edficas (CFC <em>rules<\/em>) para tributar apenas situa\u00e7\u00f5es suspeitas de evas\u00e3o fiscal, o Brasil optou por uma tributa\u00e7\u00e3o universal (<em>full inclusion<\/em>) de todos os lucros de empresas controladas no exterior, independentemente da natureza da opera\u00e7\u00e3o.<\/li>\n\n\n\n<li><strong>Preval\u00eancia dos tratados<\/strong>: os acordos internacionais firmados pelo Brasil com aqueles tr\u00eas pa\u00edses na d\u00e9cada de 1970 preveem expressamente que os lucros de uma empresa s\u00f3 podem ter tributa\u00e7\u00e3o no pa\u00eds onde ela est\u00e1 estabelecida (art. 7 dos tratados), salvo exce\u00e7\u00f5es espec\u00edficas.<\/li>\n\n\n\n<li><strong>M\u00e9todo de Equival\u00eancia Patrimonial (MEP)<\/strong>: o ministro rejeitou o argumento da Fazenda de que o MEP seria uma forma diferente de tributa\u00e7\u00e3o que n\u00e3o conflitaria com os tratados. Para ele, o MEP \u00e9 apenas um m\u00e9todo cont\u00e1bil neutro que n\u00e3o altera a natureza do que est\u00e1 sendo tributado &#8211; que continua sendo o lucro das empresas controladas.<\/li>\n\n\n\n<li><strong>Contextualiza\u00e7\u00e3o hist\u00f3rica<\/strong>: o ministro ressaltou que estes acordos foram firmados em um momento em que o Brasil buscava atrair investimentos estrangeiros. Ademais, eventual perda de arrecada\u00e7\u00e3o sobre empresas brasileiras seria compensada pela vinda de multinacionais.<\/li>\n\n\n\n<li><strong>Seguran\u00e7a jur\u00eddica<\/strong>: destacou que mudar a interpreta\u00e7\u00e3o dos tratados agora prejudicaria a confian\u00e7a dos contribuintes que estruturaram suas opera\u00e7\u00f5es com base na legisla\u00e7\u00e3o vigente \u00e0 \u00e9poca dos fatos.<\/li>\n<\/ol>\n\n\n\n<h4 class=\"wp-block-heading\" id=\"h-tratados-com-paises\"><span id=\"tratados-com-paises\">Tratados com pa\u00edses<\/span><\/h4>\n\n\n\n<p>Diante do caso concreto, quanto \u00e0 Vale, Andr\u00e9 Mendon\u00e7a referenciou que suas empresas controladas na B\u00e9lgica, Dinamarca e Luxemburgo est\u00e3o \u201cprotegidas\u201d pelos tratados contra a tributa\u00e7\u00e3o. Tais tratados impedem a aplica\u00e7\u00e3o da legisla\u00e7\u00e3o brasileira.<\/p>\n\n\n\n<p>Por outro lado, apenas para a controlada que esteja situada nas Bermudas (pa\u00eds com o qual n\u00e3o h\u00e1 acordo) se aplicaria a tributa\u00e7\u00e3o prevista no art. 74 da MP 2.158-35\/2001.<\/p>\n\n\n\n<p>De outra banda, o Ministro fez quest\u00e3o de ressaltar que sua decis\u00e3o n\u00e3o significa omiss\u00e3o com pr\u00e1ticas evasivas. Isto porque, apenas em casos de empresas estabelecidas em para\u00edsos fiscais ou com intuito comprovado de evas\u00e3o, a tributa\u00e7\u00e3o seria poss\u00edvel. Isso j\u00e1 \u00e9 uma decis\u00e3o do STF atrav\u00e9s da ADI 2.588\/DF.<\/p>\n\n\n\n<p>Por fim, concluiu que a pretens\u00e3o da Fazenda Nacional poderia prejudicar n\u00e3o apenas as rela\u00e7\u00f5es internacionais do Brasil, mas tamb\u00e9m o ambiente de neg\u00f3cios e a pr\u00f3pria credibilidade do sistema jur\u00eddico-tribut\u00e1rio brasileiro.<\/p>\n\n\n\n<h3 class=\"wp-block-heading\" id=\"h-argumentos-a-favor-da-tributacao\"><span id=\"argumentos-a-favor-da-tributacao\">Argumentos a favor da tributa\u00e7\u00e3o<\/span><\/h3>\n\n\n\n<p class=\"has-background\" style=\"background-color:#dddddd\"><strong>O Ministro Gilmar Mendes e Alexandre de Moraes votaram a favor da Fazenda Nacional permitindo a tributa\u00e7\u00e3o.<\/strong><strong><\/strong><\/p>\n\n\n\n<p>Ministro Gilmar Mendes argumentou que:<\/p>\n\n\n\n<pre class=\"wp-block-verse\">A quest\u00e3o \u00e9 constitucional e n\u00e3o meramente de interpreta\u00e7\u00e3o de tratados internacionais. Embora reconhe\u00e7a a import\u00e2ncia dos tratados internacionais tribut\u00e1rios para evitar a bitributa\u00e7\u00e3o, entende que n\u00e3o h\u00e1 conflito entre o artigo 74 da MP 2.158-35\/2001 e os tratados<strong>, pois a norma brasileira tributa o acr\u00e9scimo patrimonial da empresa controladora residente no Brasil, sem violar os tratados.<\/strong><\/pre>\n\n\n\n<p>Explicou que os tratados visam evitar apenas a dupla tributa\u00e7\u00e3o jur\u00eddica (mesmo sujeito, mesma renda), e n\u00e3o a tributa\u00e7\u00e3o econ\u00f4mica decorrente de diferentes situa\u00e7\u00f5es.<\/p>\n\n\n\n<p>Destacou que a pr\u00f3pria OCDE reconhece a validade das normas CFC (Controlled Foreign Company) como instrumentos leg\u00edtimos para proteger a base tribut\u00e1ria nacional.<\/p>\n\n\n\n<p>Ministro Alexandre de Moraes acompanhou o voto de Gilmar Mendes, acrescentando que:<\/p>\n\n\n\n<pre class=\"wp-block-verse\">A mat\u00e9ria \u00e9 constitucional e atrai a compet\u00eancia do STF. Citou precedentes do STF (RE 611.586-RG e RE 541.090) que j\u00e1 haviam reconhecido a constitucionalidade do artigo 74 da MP 2.158-35 para empresas controladas, mesmo as localizadas em pa\u00edses sem tributa\u00e7\u00e3o favorecida (n\u00e3o considerados para\u00edsos fiscais).<\/pre>\n\n\n\n<p>Concordou que n\u00e3o h\u00e1 conflito entre a legisla\u00e7\u00e3o brasileira e as diretrizes internacionais. Isso porque o sistema tribut\u00e1rio brasileiro se baseia no princ\u00edpio da universalidade. Assim, permite-se tributar empresas residentes por seus rendimentos globais. Destacou ainda que a n\u00e3o utiliza\u00e7\u00e3o do M\u00e9todo de Equival\u00eancia Patrimonial importaria em privil\u00e9gio anti-ison\u00f4mico \u00e0s empresas controladas.<\/p>\n\n\n\n<p>Ambos os ministros votaram pelo provimento do Agravo Regimental e do Recurso Extraordin\u00e1rio para restabelecer o ac\u00f3rd\u00e3o do TRF-2, que havia permitido a tributa\u00e7\u00e3o.<\/p>\n\n\n\n<h2 class=\"wp-block-heading\" id=\"h-resumo\"><span id=\"resumo\">Resumo<\/span><\/h2>\n\n\n\n<figure class=\"wp-block-table\"><table><tbody><tr><td><strong>A FAVOR da tributa\u00e7\u00e3o<\/strong><strong><\/strong><\/td><td><strong>CONTRA a tributa\u00e7\u00e3o<\/strong><strong><\/strong><\/td><\/tr><tr><td><strong>Gilmar Mendes:<\/strong>&nbsp;Entende que n\u00e3o h\u00e1 conflito entre o art. 74 da MP 2.158-35\/2001 e os tratados internacionais, pois a norma brasileira tributa o acr\u00e9scimo patrimonial da empresa controladora residente no Brasil. Os tratados visam evitar apenas a dupla tributa\u00e7\u00e3o jur\u00eddica, n\u00e3o a tributa\u00e7\u00e3o econ\u00f4mica.<\/td><td><strong>Andr\u00e9 Mendon\u00e7a:<\/strong>&nbsp;Defende que os acordos internacionais firmados pelo Brasil preveem expressamente que os lucros de uma empresa s\u00f3 podem ser tributados no pa\u00eds onde ela est\u00e1 estabelecida (artigo 7 dos tratados). O Brasil optou por uma tributa\u00e7\u00e3o universal enquanto outros pa\u00edses adotaram regras espec\u00edficas apenas para situa\u00e7\u00f5es suspeitas.<\/td><\/tr><tr><td><strong>Alexandre de Moraes:<\/strong>&nbsp;Acompanha Gilmar Mendes e acrescenta que o sistema tribut\u00e1rio brasileiro se baseia no princ\u00edpio da universalidade, permitindo tributar empresas residentes por seus rendimentos globais. Cita precedentes do STF que j\u00e1 reconheceram a constitucionalidade do artigo 74 da MP.<\/td><td>&nbsp;<\/td><\/tr><\/tbody><\/table><\/figure>\n\n\n\n<h2 class=\"wp-block-heading\" id=\"h-como-o-tema-ja-caiu-em-provas\"><span id=\"como-o-tema-ja-caiu-em-provas\">Como o tema j\u00e1 caiu em provas<\/span><\/h2>\n\n\n\n<pre class=\"wp-block-preformatted\"><strong>(ESAF 2013 Receita Federal)<\/strong> As filiais, sucursais, ag\u00eancias ou representa\u00e7\u00f5es no Pa\u00eds das pessoas jur\u00eddicas com sede no exterior sujeitam-se \u00e0 incid\u00eancia do Imposto de Renda sobre Pessoas Jur\u00eddicas - IRPJ. (<strong>Certo<\/strong>).<\/pre>\n\n\n\n<pre class=\"wp-block-preformatted\"><strong>(ESAF 2013 Receita Federal)<\/strong>\u00a0As sociedades coligadas e controladas, com sede no exterior, que tenham as respectivas pessoas jur\u00eddicas controladoras residentes ou domiciliadas no Brasil, n\u00e3o s\u00e3o sujeitos passivos do Imposto de Renda sobre Pessoas Jur\u00eddicas - IRPJ.\u00a0(<strong>Certo<\/strong>).<\/pre>\n\n\n\n<p>Isso cair\u00e1 em provas.<\/p>\n\n\n\n<p>Fique ligado!<\/p>\n\n\n\n<hr class=\"wp-block-separator has-alpha-channel-opacity\"\/>\n\n\n\n<h2 class=\"wp-block-heading has-text-align-center\" id=\"h-quer-saber-quais-serao-os-proximos-concursos\"><span id=\"quer-saber-quais-serao-os-proximos-concursos\">Quer saber quais ser\u00e3o os pr\u00f3ximos concursos?<\/span><\/h2>\n\n\n\n<p class=\"has-text-align-center\">Confira nossos&nbsp;<a href=\"https:\/\/cj.estrategia.com\/portal\/\" target=\"_blank\" >artigos para Carreiras Jur\u00eddicas<\/a>!<\/p>\n\n\n\n<p class=\"has-text-align-center has-white-color has-pale-cyan-blue-background-color has-text-color has-background has-link-color wp-elements-f3d5123bb0c8e11604d0c8c7f1ea8be8\"><a href=\"https:\/\/www.estrategiaconcursos.com.br\/blog\/concursos-abertos\/\" target=\"_blank\" >Confira os concursos p\u00fablicos abertos<\/a><\/p>\n\n\n\n<p class=\"has-text-align-center has-white-color has-pale-cyan-blue-background-color has-text-color has-background has-link-color wp-elements-0ddcc3bba7dead06242e688a17e9e277\"><a href=\"https:\/\/cj.estrategia.com\/portal\/concursos-2025-carreiras-juridicas\/\" target=\"_blank\" >Concursos 2025<\/a><\/p>\n","protected":false},"excerpt":{"rendered":"Imagine a Vale, uma empresa brasileira, que tem empresas controladas em outros pa\u00edses (B\u00e9lgica, Dinamarca, Luxemburgo e Bermudas).&hellip;\n","protected":false},"author":93,"featured_media":96967,"comment_status":"open","ping_status":"open","sticky":false,"template":"","format":"standard","meta":{"_jetpack_memberships_contains_paid_content":false,"footnotes":""},"categories":[1],"tags":[336,1126,1999,1102,523,1998,2001,134,202,1913,2000],"tax_estado":[30,31,32,33,34,35,36,37,38,39,40,41,42,43,44,45,46,47,48,49,50,51,52,53,54,55,56,57],"class_list":{"0":"post-96919","1":"post","2":"type-post","3":"status-publish","4":"format-standard","5":"has-post-thumbnail","7":"category-carreiras-juridicas","8":"tag-analise-juridica","9":"tag-csll","10":"tag-empresa-controlada","11":"tag-fazenda-nacional","12":"tag-imposto-de-renda","13":"tag-irpj","14":"tag-metodo-de-equivalencia-patrimonial-mep","15":"tag-stf","16":"tag-stj","17":"tag-tratados-e-acordos-internacionais","18":"tag-tributacao-sobre-os-lucros","19":"tax_estado-ac","20":"tax_estado-al","21":"tax_estado-am","22":"tax_estado-ap","23":"tax_estado-ba","24":"tax_estado-ce","25":"tax_estado-concursos-federais","26":"tax_estado-df","27":"tax_estado-es","28":"tax_estado-go","29":"tax_estado-ma","30":"tax_estado-mg","31":"tax_estado-ms","32":"tax_estado-mt","33":"tax_estado-pa","34":"tax_estado-pb","35":"tax_estado-pe","36":"tax_estado-pi","37":"tax_estado-pr","38":"tax_estado-rj","39":"tax_estado-rn","40":"tax_estado-ro","41":"tax_estado-rr","42":"tax_estado-rs","43":"tax_estado-sc","44":"tax_estado-se","45":"tax_estado-sp","46":"tax_estado-to"},"acf":[],"yoast_head":"<!-- This site is optimized with the Yoast SEO Premium plugin v27.4 (Yoast SEO v27.4) - https:\/\/yoast.com\/product\/yoast-seo-premium-wordpress\/ -->\n<title>Lucro de empresa controlada no exterior e o IRPJ\/CSLL<\/title>\n<meta name=\"description\" content=\"Quando uma empresa controlada no exterior tem lucro, surge a quest\u00e3o: o Brasil pode cobrar impostos sobre esses lucros? E quando?\" \/>\n<meta name=\"robots\" content=\"index, follow, max-snippet:-1, max-image-preview:large, max-video-preview:-1\" \/>\n<link rel=\"canonical\" href=\"https:\/\/cj.estrategia.com\/portal\/irpj-lucro-empresa-controlada-exterior\/\" \/>\n<meta property=\"og:locale\" content=\"pt_BR\" \/>\n<meta property=\"og:type\" content=\"article\" \/>\n<meta property=\"og:title\" content=\"STF julga se h\u00e1 IRPJ\/CSLL sobre lucros auferidos por empresa situada no Brasil por interm\u00e9dio de empresa controlada sediada no exterior\" \/>\n<meta property=\"og:description\" content=\"Quando uma empresa controlada no exterior tem lucro, surge a quest\u00e3o: o Brasil pode cobrar impostos sobre esses lucros? E quando?\" \/>\n<meta property=\"og:url\" content=\"https:\/\/cj.estrategia.com\/portal\/irpj-lucro-empresa-controlada-exterior\/\" \/>\n<meta property=\"og:site_name\" content=\"Blog - Carreiras Jur\u00eddicas - Estrat\u00e9gia\" \/>\n<meta property=\"article:publisher\" content=\"https:\/\/www.facebook.com\/estrategiacarreirajuridica\/\" \/>\n<meta property=\"article:published_time\" content=\"2025-02-10T19:14:25+00:00\" \/>\n<meta property=\"article:modified_time\" content=\"2025-02-10T19:14:31+00:00\" \/>\n<meta property=\"og:image\" content=\"https:\/\/cj.estrategia.com\/portal\/wp-content\/uploads\/2025\/02\/10160637\/lucro-empresa-exterior-irpj-csll-imposto-renda.png\" \/>\n\t<meta property=\"og:image:width\" content=\"1280\" \/>\n\t<meta property=\"og:image:height\" content=\"1280\" \/>\n\t<meta property=\"og:image:type\" content=\"image\/png\" \/>\n<meta name=\"author\" content=\"Felipe Duque\" \/>\n<meta name=\"twitter:card\" content=\"summary_large_image\" \/>\n<meta name=\"twitter:creator\" content=\"@https:\/\/x.com\/ProfessorDuque\" \/>\n<meta name=\"twitter:site\" content=\"@EstratJuridica\" \/>\n<meta name=\"twitter:label1\" content=\"Escrito por\" \/>\n\t<meta name=\"twitter:data1\" content=\"Felipe Duque\" \/>\n\t<meta name=\"twitter:label2\" content=\"Est. tempo de leitura\" \/>\n\t<meta name=\"twitter:data2\" content=\"9 minutos\" \/>\n<script type=\"application\/ld+json\" class=\"yoast-schema-graph\">{\"@context\":\"https:\\\/\\\/schema.org\",\"@graph\":[{\"@type\":\"NewsArticle\",\"@id\":\"https:\\\/\\\/cj.estrategia.com\\\/portal\\\/irpj-lucro-empresa-controlada-exterior\\\/#article\",\"isPartOf\":{\"@id\":\"https:\\\/\\\/cj.estrategia.com\\\/portal\\\/irpj-lucro-empresa-controlada-exterior\\\/\"},\"author\":{\"name\":\"Felipe Duque\",\"@id\":\"https:\\\/\\\/cj.estrategia.com\\\/portal\\\/#\\\/schema\\\/person\\\/b5b0253b269d7130d1f7770b1ba29285\"},\"headline\":\"STF julga se h\u00e1 IRPJ\\\/CSLL sobre lucros auferidos por empresa situada no Brasil por interm\u00e9dio de empresa controlada sediada no exterior\",\"datePublished\":\"2025-02-10T19:14:25+00:00\",\"dateModified\":\"2025-02-10T19:14:31+00:00\",\"mainEntityOfPage\":{\"@id\":\"https:\\\/\\\/cj.estrategia.com\\\/portal\\\/irpj-lucro-empresa-controlada-exterior\\\/\"},\"wordCount\":1732,\"commentCount\":0,\"publisher\":{\"@id\":\"https:\\\/\\\/cj.estrategia.com\\\/portal\\\/#organization\"},\"image\":{\"@id\":\"https:\\\/\\\/cj.estrategia.com\\\/portal\\\/irpj-lucro-empresa-controlada-exterior\\\/#primaryimage\"},\"thumbnailUrl\":\"https:\\\/\\\/cj.estrategia.com\\\/portal\\\/wp-content\\\/uploads\\\/2025\\\/02\\\/10160637\\\/lucro-empresa-exterior-irpj-csll-imposto-renda.png\",\"keywords\":[\"an\u00e1lise jur\u00eddica\",\"CSLL\",\"empresa controlada\",\"fazenda nacional\",\"imposto de renda\",\"IRPJ\",\"M\u00e9todo de Equival\u00eancia Patrimonial (MEP)\",\"STF\",\"STJ\",\"tratados e acordos internacionais\",\"tributa\u00e7\u00e3o sobre os lucros\"],\"articleSection\":[\"Carreiras Jur\u00eddicas\"],\"inLanguage\":\"pt-BR\",\"potentialAction\":[{\"@type\":\"CommentAction\",\"name\":\"Comment\",\"target\":[\"https:\\\/\\\/cj.estrategia.com\\\/portal\\\/irpj-lucro-empresa-controlada-exterior\\\/#respond\"]}]},{\"@type\":\"WebPage\",\"@id\":\"https:\\\/\\\/cj.estrategia.com\\\/portal\\\/irpj-lucro-empresa-controlada-exterior\\\/\",\"url\":\"https:\\\/\\\/cj.estrategia.com\\\/portal\\\/irpj-lucro-empresa-controlada-exterior\\\/\",\"name\":\"Lucro de empresa controlada no exterior e o IRPJ\\\/CSLL\",\"isPartOf\":{\"@id\":\"https:\\\/\\\/cj.estrategia.com\\\/portal\\\/#website\"},\"primaryImageOfPage\":{\"@id\":\"https:\\\/\\\/cj.estrategia.com\\\/portal\\\/irpj-lucro-empresa-controlada-exterior\\\/#primaryimage\"},\"image\":{\"@id\":\"https:\\\/\\\/cj.estrategia.com\\\/portal\\\/irpj-lucro-empresa-controlada-exterior\\\/#primaryimage\"},\"thumbnailUrl\":\"https:\\\/\\\/cj.estrategia.com\\\/portal\\\/wp-content\\\/uploads\\\/2025\\\/02\\\/10160637\\\/lucro-empresa-exterior-irpj-csll-imposto-renda.png\",\"datePublished\":\"2025-02-10T19:14:25+00:00\",\"dateModified\":\"2025-02-10T19:14:31+00:00\",\"description\":\"Quando uma empresa controlada no exterior tem lucro, surge a quest\u00e3o: o Brasil pode cobrar impostos sobre esses lucros? E quando?\",\"breadcrumb\":{\"@id\":\"https:\\\/\\\/cj.estrategia.com\\\/portal\\\/irpj-lucro-empresa-controlada-exterior\\\/#breadcrumb\"},\"inLanguage\":\"pt-BR\",\"potentialAction\":[{\"@type\":\"ReadAction\",\"target\":[\"https:\\\/\\\/cj.estrategia.com\\\/portal\\\/irpj-lucro-empresa-controlada-exterior\\\/\"]}]},{\"@type\":\"ImageObject\",\"inLanguage\":\"pt-BR\",\"@id\":\"https:\\\/\\\/cj.estrategia.com\\\/portal\\\/irpj-lucro-empresa-controlada-exterior\\\/#primaryimage\",\"url\":\"https:\\\/\\\/cj.estrategia.com\\\/portal\\\/wp-content\\\/uploads\\\/2025\\\/02\\\/10160637\\\/lucro-empresa-exterior-irpj-csll-imposto-renda.png\",\"contentUrl\":\"https:\\\/\\\/cj.estrategia.com\\\/portal\\\/wp-content\\\/uploads\\\/2025\\\/02\\\/10160637\\\/lucro-empresa-exterior-irpj-csll-imposto-renda.png\",\"width\":1280,\"height\":1280},{\"@type\":\"BreadcrumbList\",\"@id\":\"https:\\\/\\\/cj.estrategia.com\\\/portal\\\/irpj-lucro-empresa-controlada-exterior\\\/#breadcrumb\",\"itemListElement\":[{\"@type\":\"ListItem\",\"position\":1,\"name\":\"In\u00edcio\",\"item\":\"https:\\\/\\\/cj.estrategia.com\\\/portal\\\/\"},{\"@type\":\"ListItem\",\"position\":2,\"name\":\"STF julga se h\u00e1 IRPJ\\\/CSLL sobre lucros auferidos por empresa situada no Brasil por interm\u00e9dio de empresa controlada sediada no exterior\"}]},{\"@type\":\"WebSite\",\"@id\":\"https:\\\/\\\/cj.estrategia.com\\\/portal\\\/#website\",\"url\":\"https:\\\/\\\/cj.estrategia.com\\\/portal\\\/\",\"name\":\"Blog - Carreiras Jur\u00eddicas - Estrat\u00e9gia\",\"description\":\"\",\"publisher\":{\"@id\":\"https:\\\/\\\/cj.estrategia.com\\\/portal\\\/#organization\"},\"potentialAction\":[{\"@type\":\"SearchAction\",\"target\":{\"@type\":\"EntryPoint\",\"urlTemplate\":\"https:\\\/\\\/cj.estrategia.com\\\/portal\\\/?s={search_term_string}\"},\"query-input\":{\"@type\":\"PropertyValueSpecification\",\"valueRequired\":true,\"valueName\":\"search_term_string\"}}],\"inLanguage\":\"pt-BR\"},{\"@type\":\"Organization\",\"@id\":\"https:\\\/\\\/cj.estrategia.com\\\/portal\\\/#organization\",\"name\":\"Estrat\u00e9gia - Carreiras Jur\u00eddicas\",\"url\":\"https:\\\/\\\/cj.estrategia.com\\\/portal\\\/\",\"logo\":{\"@type\":\"ImageObject\",\"inLanguage\":\"pt-BR\",\"@id\":\"https:\\\/\\\/cj.estrategia.com\\\/portal\\\/#\\\/schema\\\/logo\\\/image\\\/\",\"url\":\"https:\\\/\\\/cj.estrategia.com\\\/portal\\\/wp-content\\\/uploads\\\/2022\\\/03\\\/11151052\\\/cj-logo.png\",\"contentUrl\":\"https:\\\/\\\/cj.estrategia.com\\\/portal\\\/wp-content\\\/uploads\\\/2022\\\/03\\\/11151052\\\/cj-logo.png\",\"width\":150,\"height\":39,\"caption\":\"Estrat\u00e9gia - Carreiras Jur\u00eddicas\"},\"image\":{\"@id\":\"https:\\\/\\\/cj.estrategia.com\\\/portal\\\/#\\\/schema\\\/logo\\\/image\\\/\"},\"sameAs\":[\"https:\\\/\\\/www.facebook.com\\\/estrategiacarreirajuridica\\\/\",\"https:\\\/\\\/x.com\\\/EstratJuridica\",\"https:\\\/\\\/www.instagram.com\\\/estrategiacarreirajuridica\\\/\",\"https:\\\/\\\/www.youtube.com\\\/channel\\\/UClbMGuYbj2Mh1m3w144ETWQ\"]},{\"@type\":\"Person\",\"@id\":\"https:\\\/\\\/cj.estrategia.com\\\/portal\\\/#\\\/schema\\\/person\\\/b5b0253b269d7130d1f7770b1ba29285\",\"name\":\"Felipe Duque\",\"image\":{\"@type\":\"ImageObject\",\"inLanguage\":\"pt-BR\",\"@id\":\"https:\\\/\\\/cj.estrategia.com\\\/portal\\\/wp-content\\\/uploads\\\/2024\\\/08\\\/06162009\\\/Captura-de-Tela-2024-08-06-as-16.19.26-96x96.png\",\"url\":\"https:\\\/\\\/cj.estrategia.com\\\/portal\\\/wp-content\\\/uploads\\\/2024\\\/08\\\/06162009\\\/Captura-de-Tela-2024-08-06-as-16.19.26-96x96.png\",\"contentUrl\":\"https:\\\/\\\/cj.estrategia.com\\\/portal\\\/wp-content\\\/uploads\\\/2024\\\/08\\\/06162009\\\/Captura-de-Tela-2024-08-06-as-16.19.26-96x96.png\",\"caption\":\"Felipe Duque\"},\"description\":\"Felipe Duque - Mestre em Direito Pol\u00edtico e Econ\u00f4mico na Mackenzie-SP. Graduado em Direito pela Universidade Cat\u00f3lica de Pernambuco, com conclus\u00e3o pelo regime de Aproveitamento Extraordin\u00e1rio nos Estudos (art. 47, \u00a7 2\u00ba, da Lei n\u00ba 9.394\\\/96). Ex-Assessor de Desembargador no TJPE. Procurador da Fazenda Nacional. Integra voluntariamente a Coordena\u00e7\u00e3o de Assuntos Estrat\u00e9gicos Judiciais da PGFN. Professor do Estrat\u00e9gia Carreira Jur\u00eddica, Estrat\u00e9gia OAB e Buscador Dizer o Direito. Autor do livro \u201cReforma Tribut\u00e1ria Comentada e Esquematizada\u201d, \\\"Manual de Processo Tribut\u00e1rio: Administrativo e Judicial\\\" pela editora Juspodivm Parecerista na Revista de Estudos Jur\u00eddicos do Superior Tribunal de Justi\u00e7a (REJuriSTJ)\",\"sameAs\":[\"http:\\\/\\\/lattes.cnpq.br\\\/5755137268084324\",\"https:\\\/\\\/www.instagram.com\\\/felipe_duque\\\/\",\"https:\\\/\\\/br.linkedin.com\\\/in\\\/felipe-duque-56954638\",\"https:\\\/\\\/x.com\\\/https:\\\/\\\/x.com\\\/ProfessorDuque\",\"https:\\\/\\\/www.youtube.com\\\/@felipeduque-experienciasco5797\"],\"url\":\"https:\\\/\\\/cj.estrategia.com\\\/portal\\\/author\\\/felipe-duque\\\/\"}]}<\/script>\n<!-- \/ Yoast SEO Premium plugin. -->","yoast_head_json":{"title":"Lucro de empresa controlada no exterior e o IRPJ\/CSLL","description":"Quando uma empresa controlada no exterior tem lucro, surge a quest\u00e3o: o Brasil pode cobrar impostos sobre esses lucros? E quando?","robots":{"index":"index","follow":"follow","max-snippet":"max-snippet:-1","max-image-preview":"max-image-preview:large","max-video-preview":"max-video-preview:-1"},"canonical":"https:\/\/cj.estrategia.com\/portal\/irpj-lucro-empresa-controlada-exterior\/","og_locale":"pt_BR","og_type":"article","og_title":"STF julga se h\u00e1 IRPJ\/CSLL sobre lucros auferidos por empresa situada no Brasil por interm\u00e9dio de empresa controlada sediada no exterior","og_description":"Quando uma empresa controlada no exterior tem lucro, surge a quest\u00e3o: o Brasil pode cobrar impostos sobre esses lucros? E quando?","og_url":"https:\/\/cj.estrategia.com\/portal\/irpj-lucro-empresa-controlada-exterior\/","og_site_name":"Blog - Carreiras Jur\u00eddicas - Estrat\u00e9gia","article_publisher":"https:\/\/www.facebook.com\/estrategiacarreirajuridica\/","article_published_time":"2025-02-10T19:14:25+00:00","article_modified_time":"2025-02-10T19:14:31+00:00","og_image":[{"width":1280,"height":1280,"url":"https:\/\/cj.estrategia.com\/portal\/wp-content\/uploads\/2025\/02\/10160637\/lucro-empresa-exterior-irpj-csll-imposto-renda.png","type":"image\/png"}],"author":"Felipe Duque","twitter_card":"summary_large_image","twitter_creator":"@https:\/\/x.com\/ProfessorDuque","twitter_site":"@EstratJuridica","twitter_misc":{"Escrito por":"Felipe Duque","Est. tempo de leitura":"9 minutos"},"schema":{"@context":"https:\/\/schema.org","@graph":[{"@type":"NewsArticle","@id":"https:\/\/cj.estrategia.com\/portal\/irpj-lucro-empresa-controlada-exterior\/#article","isPartOf":{"@id":"https:\/\/cj.estrategia.com\/portal\/irpj-lucro-empresa-controlada-exterior\/"},"author":{"name":"Felipe Duque","@id":"https:\/\/cj.estrategia.com\/portal\/#\/schema\/person\/b5b0253b269d7130d1f7770b1ba29285"},"headline":"STF julga se h\u00e1 IRPJ\/CSLL sobre lucros auferidos por empresa situada no Brasil por interm\u00e9dio de empresa controlada sediada no exterior","datePublished":"2025-02-10T19:14:25+00:00","dateModified":"2025-02-10T19:14:31+00:00","mainEntityOfPage":{"@id":"https:\/\/cj.estrategia.com\/portal\/irpj-lucro-empresa-controlada-exterior\/"},"wordCount":1732,"commentCount":0,"publisher":{"@id":"https:\/\/cj.estrategia.com\/portal\/#organization"},"image":{"@id":"https:\/\/cj.estrategia.com\/portal\/irpj-lucro-empresa-controlada-exterior\/#primaryimage"},"thumbnailUrl":"https:\/\/cj.estrategia.com\/portal\/wp-content\/uploads\/2025\/02\/10160637\/lucro-empresa-exterior-irpj-csll-imposto-renda.png","keywords":["an\u00e1lise jur\u00eddica","CSLL","empresa controlada","fazenda nacional","imposto de renda","IRPJ","M\u00e9todo de Equival\u00eancia Patrimonial (MEP)","STF","STJ","tratados e acordos internacionais","tributa\u00e7\u00e3o sobre os lucros"],"articleSection":["Carreiras Jur\u00eddicas"],"inLanguage":"pt-BR","potentialAction":[{"@type":"CommentAction","name":"Comment","target":["https:\/\/cj.estrategia.com\/portal\/irpj-lucro-empresa-controlada-exterior\/#respond"]}]},{"@type":"WebPage","@id":"https:\/\/cj.estrategia.com\/portal\/irpj-lucro-empresa-controlada-exterior\/","url":"https:\/\/cj.estrategia.com\/portal\/irpj-lucro-empresa-controlada-exterior\/","name":"Lucro de empresa controlada no exterior e o IRPJ\/CSLL","isPartOf":{"@id":"https:\/\/cj.estrategia.com\/portal\/#website"},"primaryImageOfPage":{"@id":"https:\/\/cj.estrategia.com\/portal\/irpj-lucro-empresa-controlada-exterior\/#primaryimage"},"image":{"@id":"https:\/\/cj.estrategia.com\/portal\/irpj-lucro-empresa-controlada-exterior\/#primaryimage"},"thumbnailUrl":"https:\/\/cj.estrategia.com\/portal\/wp-content\/uploads\/2025\/02\/10160637\/lucro-empresa-exterior-irpj-csll-imposto-renda.png","datePublished":"2025-02-10T19:14:25+00:00","dateModified":"2025-02-10T19:14:31+00:00","description":"Quando uma empresa controlada no exterior tem lucro, surge a quest\u00e3o: o Brasil pode cobrar impostos sobre esses lucros? E quando?","breadcrumb":{"@id":"https:\/\/cj.estrategia.com\/portal\/irpj-lucro-empresa-controlada-exterior\/#breadcrumb"},"inLanguage":"pt-BR","potentialAction":[{"@type":"ReadAction","target":["https:\/\/cj.estrategia.com\/portal\/irpj-lucro-empresa-controlada-exterior\/"]}]},{"@type":"ImageObject","inLanguage":"pt-BR","@id":"https:\/\/cj.estrategia.com\/portal\/irpj-lucro-empresa-controlada-exterior\/#primaryimage","url":"https:\/\/cj.estrategia.com\/portal\/wp-content\/uploads\/2025\/02\/10160637\/lucro-empresa-exterior-irpj-csll-imposto-renda.png","contentUrl":"https:\/\/cj.estrategia.com\/portal\/wp-content\/uploads\/2025\/02\/10160637\/lucro-empresa-exterior-irpj-csll-imposto-renda.png","width":1280,"height":1280},{"@type":"BreadcrumbList","@id":"https:\/\/cj.estrategia.com\/portal\/irpj-lucro-empresa-controlada-exterior\/#breadcrumb","itemListElement":[{"@type":"ListItem","position":1,"name":"In\u00edcio","item":"https:\/\/cj.estrategia.com\/portal\/"},{"@type":"ListItem","position":2,"name":"STF julga se h\u00e1 IRPJ\/CSLL sobre lucros auferidos por empresa situada no Brasil por interm\u00e9dio de empresa controlada sediada no exterior"}]},{"@type":"WebSite","@id":"https:\/\/cj.estrategia.com\/portal\/#website","url":"https:\/\/cj.estrategia.com\/portal\/","name":"Blog - Carreiras Jur\u00eddicas - Estrat\u00e9gia","description":"","publisher":{"@id":"https:\/\/cj.estrategia.com\/portal\/#organization"},"potentialAction":[{"@type":"SearchAction","target":{"@type":"EntryPoint","urlTemplate":"https:\/\/cj.estrategia.com\/portal\/?s={search_term_string}"},"query-input":{"@type":"PropertyValueSpecification","valueRequired":true,"valueName":"search_term_string"}}],"inLanguage":"pt-BR"},{"@type":"Organization","@id":"https:\/\/cj.estrategia.com\/portal\/#organization","name":"Estrat\u00e9gia - Carreiras Jur\u00eddicas","url":"https:\/\/cj.estrategia.com\/portal\/","logo":{"@type":"ImageObject","inLanguage":"pt-BR","@id":"https:\/\/cj.estrategia.com\/portal\/#\/schema\/logo\/image\/","url":"https:\/\/cj.estrategia.com\/portal\/wp-content\/uploads\/2022\/03\/11151052\/cj-logo.png","contentUrl":"https:\/\/cj.estrategia.com\/portal\/wp-content\/uploads\/2022\/03\/11151052\/cj-logo.png","width":150,"height":39,"caption":"Estrat\u00e9gia - Carreiras Jur\u00eddicas"},"image":{"@id":"https:\/\/cj.estrategia.com\/portal\/#\/schema\/logo\/image\/"},"sameAs":["https:\/\/www.facebook.com\/estrategiacarreirajuridica\/","https:\/\/x.com\/EstratJuridica","https:\/\/www.instagram.com\/estrategiacarreirajuridica\/","https:\/\/www.youtube.com\/channel\/UClbMGuYbj2Mh1m3w144ETWQ"]},{"@type":"Person","@id":"https:\/\/cj.estrategia.com\/portal\/#\/schema\/person\/b5b0253b269d7130d1f7770b1ba29285","name":"Felipe Duque","image":{"@type":"ImageObject","inLanguage":"pt-BR","@id":"https:\/\/cj.estrategia.com\/portal\/wp-content\/uploads\/2024\/08\/06162009\/Captura-de-Tela-2024-08-06-as-16.19.26-96x96.png","url":"https:\/\/cj.estrategia.com\/portal\/wp-content\/uploads\/2024\/08\/06162009\/Captura-de-Tela-2024-08-06-as-16.19.26-96x96.png","contentUrl":"https:\/\/cj.estrategia.com\/portal\/wp-content\/uploads\/2024\/08\/06162009\/Captura-de-Tela-2024-08-06-as-16.19.26-96x96.png","caption":"Felipe Duque"},"description":"Felipe Duque - Mestre em Direito Pol\u00edtico e Econ\u00f4mico na Mackenzie-SP. Graduado em Direito pela Universidade Cat\u00f3lica de Pernambuco, com conclus\u00e3o pelo regime de Aproveitamento Extraordin\u00e1rio nos Estudos (art. 47, \u00a7 2\u00ba, da Lei n\u00ba 9.394\/96). Ex-Assessor de Desembargador no TJPE. Procurador da Fazenda Nacional. Integra voluntariamente a Coordena\u00e7\u00e3o de Assuntos Estrat\u00e9gicos Judiciais da PGFN. Professor do Estrat\u00e9gia Carreira Jur\u00eddica, Estrat\u00e9gia OAB e Buscador Dizer o Direito. Autor do livro \u201cReforma Tribut\u00e1ria Comentada e Esquematizada\u201d, \"Manual de Processo Tribut\u00e1rio: Administrativo e Judicial\" pela editora Juspodivm Parecerista na Revista de Estudos Jur\u00eddicos do Superior Tribunal de Justi\u00e7a (REJuriSTJ)","sameAs":["http:\/\/lattes.cnpq.br\/5755137268084324","https:\/\/www.instagram.com\/felipe_duque\/","https:\/\/br.linkedin.com\/in\/felipe-duque-56954638","https:\/\/x.com\/https:\/\/x.com\/ProfessorDuque","https:\/\/www.youtube.com\/@felipeduque-experienciasco5797"],"url":"https:\/\/cj.estrategia.com\/portal\/author\/felipe-duque\/"}]}},"jetpack_featured_media_url":"https:\/\/cj.estrategia.com\/portal\/wp-content\/uploads\/2025\/02\/10160637\/lucro-empresa-exterior-irpj-csll-imposto-renda.png","jetpack_sharing_enabled":true,"_links":{"self":[{"href":"https:\/\/cj.estrategia.com\/portal\/wp-json\/wp\/v2\/posts\/96919","targetHints":{"allow":["GET"]}}],"collection":[{"href":"https:\/\/cj.estrategia.com\/portal\/wp-json\/wp\/v2\/posts"}],"about":[{"href":"https:\/\/cj.estrategia.com\/portal\/wp-json\/wp\/v2\/types\/post"}],"author":[{"embeddable":true,"href":"https:\/\/cj.estrategia.com\/portal\/wp-json\/wp\/v2\/users\/93"}],"replies":[{"embeddable":true,"href":"https:\/\/cj.estrategia.com\/portal\/wp-json\/wp\/v2\/comments?post=96919"}],"version-history":[{"count":6,"href":"https:\/\/cj.estrategia.com\/portal\/wp-json\/wp\/v2\/posts\/96919\/revisions"}],"predecessor-version":[{"id":96972,"href":"https:\/\/cj.estrategia.com\/portal\/wp-json\/wp\/v2\/posts\/96919\/revisions\/96972"}],"wp:featuredmedia":[{"embeddable":true,"href":"https:\/\/cj.estrategia.com\/portal\/wp-json\/wp\/v2\/media\/96967"}],"wp:attachment":[{"href":"https:\/\/cj.estrategia.com\/portal\/wp-json\/wp\/v2\/media?parent=96919"}],"wp:term":[{"taxonomy":"category","embeddable":true,"href":"https:\/\/cj.estrategia.com\/portal\/wp-json\/wp\/v2\/categories?post=96919"},{"taxonomy":"post_tag","embeddable":true,"href":"https:\/\/cj.estrategia.com\/portal\/wp-json\/wp\/v2\/tags?post=96919"},{"taxonomy":"tax_estado","embeddable":true,"href":"https:\/\/cj.estrategia.com\/portal\/wp-json\/wp\/v2\/tax_estado?post=96919"}],"curies":[{"name":"wp","href":"https:\/\/api.w.org\/{rel}","templated":true}]}}