{"id":9546,"date":"2022-08-08T00:00:00","date_gmt":"2022-08-08T03:00:00","guid":{"rendered":"https:\/\/cj.estrategia.com\/portal\/?p=9546"},"modified":"2022-08-09T09:28:04","modified_gmt":"2022-08-09T12:28:04","slug":"edital-procurador-camara-de-imperatriz","status":"publish","type":"post","link":"https:\/\/cj.estrategia.com\/portal\/edital-procurador-camara-de-imperatriz\/","title":{"rendered":"Edital Procurador C\u00e2mara de Imperatriz: inscri\u00e7\u00f5es encerradas!"},"content":{"rendered":"\n<p>Est\u00e3o encerradas as inscri\u00e7\u00f5es do Edital Procurador C\u00e2mara de Imperatriz<strong>.<\/strong> A prova objetiva do certame, por sua vez, foi alterada para o dia <strong>18 de setembro de 2022. <\/strong><\/p>\n\n\n\n<p>A entrega de t\u00edtulos deve ocorrer em 16 de outubro e a divulga\u00e7\u00e3o do resultado final, em 1\u00ba de novembro de 2022.<\/p>\n\n\n\n<ul class=\"has-background wp-block-list\" style=\"background:linear-gradient(135deg,rgb(200,183,132) 0%,rgb(251,251,251) 100%)\"><li><strong>Concurso Procurador C\u00e2mara de Imperatriz<\/strong><\/li><li><strong>Banca:<\/strong>\u00a0Funda\u00e7\u00e3o Sous\u00e2ndrade<\/li><li><strong>Vagas:<\/strong>\u00a01 + 9 CR<\/li><li><strong>Sal\u00e1rio inicial:<\/strong>\u00a0R$ 4.500,00<\/li><li><strong>Edital<\/strong>:\u00a0<a href=\"https:\/\/dhg1h5j42swfq.cloudfront.net\/2022\/06\/24121522\/1313_edital_abertura_camara_imperatriz.pdf\" target=\"_blank\" rel=\"noreferrer noopener nofollow\">C\u00e2mara de Imperatriz \u2013 2022<\/a><\/li><\/ul>\n\n\n\n<p>O documento oferta 1 vaga imediata, al\u00e9m de 9 oportunidades para forma\u00e7\u00e3o de cadastro de reserva. Neste artigo voc\u00ea encontrar\u00e1 tudo o que precisa saber sobre o concurso C\u00e2mara de Imperatriz. Nosso objetivo \u00e9 deixar voc\u00ea\u00a0100% atualizado. Acompanhe nos t\u00f3picos abaixo:<\/p>\n\n\n\n<h2 class=\"wp-block-heading\" id=\"infos\"><span id=\"situacao-do-edital-procurador-camara-de-imperatriz\">Situa\u00e7\u00e3o do edital Procurador C\u00e2mara de Imperatriz<\/span><\/h2>\n\n\n\n<h3 class=\"wp-block-heading\" id=\"principais-datas\">Principais datas<\/h3>\n\n\n\n<p class=\"has-background\" style=\"background-color:#f6ecce\"><strong>Inscri\u00e7\u00f5es<\/strong>: <s>28 de junho a 8 de agosto <\/s><br><strong>Isen\u00e7\u00e3o da taxa<\/strong>: <s>at\u00e9 1\u00ba de julho<\/s><br><strong>\u00daltimo dia para pagamento<\/strong>: at\u00e9 9 de agosto <br><strong>Prova<\/strong>: 18 de setembro <\/p>\n\n\n\n<h3 class=\"wp-block-heading\" id=\"cargo\"><span id=\"cargos-e-vagas-do-concurso\">Cargos e vagas do concurso <\/span><\/h3>\n\n\n\n<figure class=\"wp-block-table is-style-stripes\"><table class=\"has-background\" style=\"background:linear-gradient(135deg,rgb(247,238,197) 0%,rgb(255,249,244) 100%)\"><thead><tr><th class=\"has-text-align-center\" data-align=\"center\">CARGOS<\/th><th class=\"has-text-align-center\" data-align=\"center\">VAGAS<\/th><th class=\"has-text-align-center\" data-align=\"center\">SAL\u00c1RIO<\/th><\/tr><\/thead><tbody><tr><td class=\"has-text-align-center\" data-align=\"center\">Procurador Legislativo<\/td><td class=\"has-text-align-center\" data-align=\"center\">1 + 9 CR<\/td><td class=\"has-text-align-center\" data-align=\"center\">R$ 4.500,00<\/td><\/tr><\/tbody><\/table><\/figure>\n\n\n\n<h2 class=\"wp-block-heading\" id=\"carreira\"><span id=\"edital-procurador-camara-de-imperatriz-carreira\">Edital Procurador C\u00e2mara de Imperatriz: Carreira<\/span><\/h2>\n\n\n\n<h3 class=\"wp-block-heading\" id=\"requisitos\">Requisitos <\/h3>\n\n\n\n<p>Para concorrer o candidato dever\u00e1 comprovar ter conclu\u00eddo Bacharelado em Direito, estar inscrito na Ordem dos Advogados do Brasil \u2013 OAB e experi\u00eancia profissional de 3 anos de atividade jur\u00eddica.<\/p>\n\n\n\n<h3 class=\"wp-block-heading\" id=\"atribuicoes\">Atribui\u00e7\u00f5es <\/h3>\n\n\n\n<p>S\u00e3o atribui\u00e7\u00f5es do Procurador da C\u00e2mara Municipal de Imperatriz: <\/p>\n\n\n\n<ul class=\"wp-block-list\"><li>Representar judicialmente a C\u00e2mara Municipal de Imperatriz. <\/li><li>Prestar consultoria jur\u00eddica aos setores, secretarias e presid\u00eancia.<\/li><li>Oficiar nos atos administrativos referente ao controle interno e legalidade. <\/li><li>Emitir pareceres sobre contratos e mat\u00e9ria de pessoal ativo e inativo. <\/li><li>Planejar, orientar, coordenar, na condi\u00e7\u00e3o de procurador, os processos jur\u00eddicos de interesse da C\u00e2mara Municipal de Imperatriz. <\/li><li>Fazer estudos jur\u00eddicos e de consultoria, emitir pareceres. <\/li><li>Desempenhar atividades afins e correlatas. <\/li><li>Propor a\u00e7\u00f5es judiciais. <\/li><li>Elaborar defesas e recursos em processos administrativos e judiciais, emitir pareceres sobre editais de licita\u00e7\u00f5es, dispensa e inexigibilidade, bem como os contratos a serem firmados pela C\u00e2mara Municipal, orientar quanto ao aspecto jur\u00eddico, os processos administrativos e sindic\u00e2ncias instauradas pela Presid\u00eancia da C\u00e2mara Municipal. <\/li><li>Orientar os gestores da administra\u00e7\u00e3o da C\u00e2mara no desempenho de suas fun\u00e7\u00f5es e responsabilidades.<\/li><\/ul>\n\n\n\n<h2 class=\"wp-block-heading\" id=\"etapas\"><span id=\"etapas-do-edital-procurador-camara-de-imperatriz\">Etapas do edital Procurador C\u00e2mara de Imperatriz<\/span><\/h2>\n\n\n\n<p>O Concurso Procurador C\u00e2mara de Imperatriz MA constaria das seguintes provas:<\/p>\n\n\n\n<ol class=\"wp-block-list\"><li><strong>Prova Objetiva<\/strong>, de car\u00e1ter eliminat\u00f3rio e classificat\u00f3rio;<\/li><li><strong>Prova Pr\u00e1tica<\/strong>, de car\u00e1ter eliminat\u00f3rio e classificat\u00f3rio;<\/li><li><strong>Prova de T\u00edtulos, <\/strong>de car\u00e1ter classificat\u00f3rio.<\/li><\/ol>\n\n\n\n<h3 class=\"wp-block-heading\" id=\"objetiva\"><span id=\"prova-objetiva\">Prova Objetiva <\/span><\/h3>\n\n\n\n<p>A Prova Objetiva, ter\u00e1 dura\u00e7\u00e3o de 4 horas. Ela ter\u00e1 quest\u00f5es de m\u00faltipla escolha com 5 (cinco) op\u00e7\u00f5es de resposta cada uma, sendo apenas uma op\u00e7\u00e3o correta.<\/p>\n\n\n\n<figure class=\"wp-block-table is-style-stripes\"><table class=\"has-cyan-bluish-gray-background-color has-background has-fixed-layout\"><tbody><tr><td><strong>Disciplina <\/strong><\/td><td class=\"has-text-align-center\" data-align=\"center\"><strong>Qtd de Quest\u00f5es<\/strong><\/td><td class=\"has-text-align-center\" data-align=\"center\"><strong>Valor Unit\u00e1rio <\/strong><\/td><td><strong>Total<\/strong><\/td><\/tr><tr><td>L\u00edngua Portuguesa<\/td><td class=\"has-text-align-center\" data-align=\"center\">15<\/td><td class=\"has-text-align-center\" data-align=\"center\">2,5<\/td><td>37,5<\/td><\/tr><tr><td>No\u00e7\u00f5es de Inform\u00e1tica<\/td><td class=\"has-text-align-center\" data-align=\"center\">05<\/td><td class=\"has-text-align-center\" data-align=\"center\">2,5<\/td><td>12,5<\/td><\/tr><tr><td>Conhecimentos Espec\u00edficos<\/td><td class=\"has-text-align-center\" data-align=\"center\">20<\/td><td class=\"has-text-align-center\" data-align=\"center\">2,5<\/td><td>50<\/td><\/tr><tr><td><strong>TOTAL<\/strong><\/td><td class=\"has-text-align-center\" data-align=\"center\"><strong>40<\/strong><\/td><td class=\"has-text-align-center\" data-align=\"center\"><\/td><td><strong>100<\/strong><\/td><\/tr><\/tbody><\/table><\/figure>\n\n\n\n<h4 id=\"conhecimentos-especificos\" class=\"wp-block-heading\">Conhecimentos Espec\u00edficos: <\/h4>\n\n\n\n<ul class=\"wp-block-list\"><li>Direito Administrativo; <\/li><li>Direito Constitucional; <\/li><li>Direito Ambiental e Urban\u00edstico; <\/li><li>Direito Tribut\u00e1rio; <\/li><li>Direito Civil; <\/li><li>Direito Processual Civil; <\/li><li>Direito Penal; <\/li><li>Direito do Trabalho. <\/li><\/ul>\n\n\n\n<p>Ser\u00e1 eliminado do certame o candidato que se enquadrar em pelo menos uma das seguintes hip\u00f3teses:<\/p>\n\n\n\n<p>a) obtiver nota inferior a 40% dos pontos poss\u00edveis na Prova Objetiva;<br>b) considerando a ordem decrescente dos totais de pontos obtidos na Prova Objetiva, ficar al\u00e9m do limite do somat\u00f3rio do n\u00famero de vagas mais o cadastro reserva. <\/p>\n\n\n\n<h3 class=\"wp-block-heading\" id=\"pratica\"><span id=\"prova-pratica\">Prova Pr\u00e1tica<\/span><\/h3>\n\n\n\n<p>Prova Pr\u00e1tica ter\u00e1 car\u00e1ter eliminat\u00f3rio e classificat\u00f3rio, sendo procedida somente para os candidatos n\u00e3o eliminados na Prova Objetiva.<\/p>\n\n\n\n<p>A Prova ter\u00e1 a dura\u00e7\u00e3o de <strong>3 horas<\/strong> e valor total de 20 pontos. Os candidatos para ela selecionados ser\u00e3o convocados por Edital que ser\u00e1 publicado no site oficial do Concurso.<\/p>\n\n\n\n<p>A Prova Pr\u00e1tica consistir\u00e1 na <strong>elabora\u00e7\u00e3o de uma pe\u00e7a jur\u00eddica ou de um parecer jur\u00eddico relacionados com um dos assuntos previsto como Conhecimento Espec\u00edfico <\/strong>do cargo,  que dever\u00e1 ser manuscrita na Folha de Resposta pr\u00f3pria, numerada e codificada.<\/p>\n\n\n\n<p>Na corre\u00e7\u00e3o da Prova Pr\u00e1tica ser\u00e1 considerado o conte\u00fado, a capacidade de estrutura\u00e7\u00e3o l\u00f3gica, a t\u00e9cnica, a coer\u00eancia, a fundamenta\u00e7\u00e3o, o cumprimento dos requisitos legais e a gram\u00e1tica padr\u00e3o, de acordo com os crit\u00e9rios estabelecidos.<\/p>\n\n\n\n<p>Ser\u00e1 ELIMINADO do concurso o candidato que se enquadrar em pelo menos uma das seguintes hip\u00f3teses:<br>a) faltar na Prova Pr\u00e1tica;<br>b) obtiver aproveitamento inferior a 50% na Prova Pr\u00e1tica.<\/p>\n\n\n\n<h3 class=\"wp-block-heading\" id=\"titulos\"><span id=\"prova-de-titulos\">Prova de T\u00edtulos<\/span><\/h3>\n\n\n\n<p>A prova de t\u00edtulos, de car\u00e1ter classificat\u00f3rio, valer\u00e1 at\u00e9 <strong>15 pontos<\/strong>. As c\u00f3pias autenticadas dos documentos comprobat\u00f3rios dever\u00e3o ser entregues pelo candidato na data da realiza\u00e7\u00e3o da prova pr\u00e1tica, prevista para o dia 2 de outubro de 2022.<\/p>\n\n\n\n<figure class=\"wp-block-table is-style-stripes\"><table class=\"has-cyan-bluish-gray-background-color has-background has-fixed-layout\"><tbody><tr><td><strong>FORMA\u00c7\u00c3O CONTINUADA<\/strong><\/td><td class=\"has-text-align-center\" data-align=\"center\"><strong>Valor Unit\u00e1rio<\/strong><\/td><td class=\"has-text-align-center\" data-align=\"center\"><strong>Pontua\u00e7\u00e3o M\u00e1xima <\/strong><\/td><\/tr><tr><td>Doutorado na \u00e1rea jur\u00eddica<\/td><td class=\"has-text-align-center\" data-align=\"center\">5,0<\/td><td class=\"has-text-align-center\" data-align=\"center\">5,0<\/td><\/tr><tr><td>Mestrado na \u00e1rea jur\u00eddica<\/td><td class=\"has-text-align-center\" data-align=\"center\">3,0<\/td><td class=\"has-text-align-center\" data-align=\"center\">3,0<\/td><\/tr><tr><td>Curso de Especializa\u00e7\u00e3o na \u00e1rea jur\u00eddica com dura\u00e7\u00e3o m\u00ednima de 360 horas<\/td><td class=\"has-text-align-center\" data-align=\"center\">2,0<\/td><td class=\"has-text-align-center\" data-align=\"center\">2,0<\/td><\/tr><tr><td><strong>TOTAL<\/strong><\/td><td class=\"has-text-align-center\" data-align=\"center\"><\/td><td class=\"has-text-align-center\" data-align=\"center\"><strong>10,0<\/strong><\/td><\/tr><tr><td><strong>EXPERI\u00caNCIA PROFISSIONAL<\/strong><\/td><td class=\"has-text-align-center\" data-align=\"center\"><strong><strong>Valor Unit\u00e1rio<\/strong><\/strong><\/td><td class=\"has-text-align-center\" data-align=\"center\"><strong>Pontua\u00e7\u00e3o M\u00e1xima<\/strong><\/td><\/tr><tr><td>Experi\u00eancia na \u00e1rea jur\u00eddica no setor p\u00fablico<\/td><td class=\"has-text-align-center\" data-align=\"center\">1,0 para cada ano de<br>experi\u00eancia comprovada<\/td><td class=\"has-text-align-center\" data-align=\"center\">3,0<\/td><\/tr><tr><td>Experi\u00eancia na \u00e1rea jur\u00eddica no setor privado<\/td><td class=\"has-text-align-center\" data-align=\"center\">1,0 para cada ano de<br>experi\u00eancia comprovada<\/td><td class=\"has-text-align-center\" data-align=\"center\">2,0<\/td><\/tr><tr><td><strong>TOTAL<\/strong><\/td><td class=\"has-text-align-center\" data-align=\"center\"><\/td><td class=\"has-text-align-center\" data-align=\"center\"><strong>5,0<\/strong><\/td><\/tr><\/tbody><\/table><\/figure>\n\n\n\n<hr class=\"wp-block-separator has-css-opacity\"\/>\n\n\n\n<p class=\"has-text-align-center has-luminous-vivid-amber-background-color has-background has-medium-font-size\"><strong>Mais informa\u00e7\u00f5es, acesse: <a href=\"https:\/\/cj.estrategia.com\/portal\/concurso-procurador-camara-de-imperatriz\/\" target=\"_blank\" >Procurador Camara de Imperatriz<\/a> <\/strong><\/p>\n\n\n\n<h2 class=\"has-text-align-center wp-block-heading\" id=\"h-quer-saber-tudo-sobre-concursos-previstos-confira-nossos-artigos\"><span id=\"quer-saber-tudo-sobre-concursos-previstosconfira-nossos-artigos\">Quer saber tudo sobre concursos previstos?<br>Confira nossos artigos!<\/span><\/h2>\n\n\n\n<ul class=\"wp-block-list\"><li><a href=\"https:\/\/www.estrategiaconcursos.com.br\/blog\/concursos-abertos\/\" target=\"_blank\" >Concursos abertos<\/a><\/li><li><a href=\"https:\/\/www.estrategiaconcursos.com.br\/blog\/concursos-2022\/\" target=\"_blank\" >Concursos 2022<\/a><\/li><\/ul>\n\n\n\n<h2 class=\"has-text-align-center wp-block-heading\" id=\"cursos-assinatura\"><span id=\"cursos-para-o-edital-procurador-camara-de-imperatriz\">Cursos para o edital Procurador C\u00e2mara de Imperatriz<\/span><\/h2>\n\n\n\n<div id=\"boxes\" class=\"container\">\n<div class=\"row\">\n<div class=\"col-sm\">\n<div id=\"box-assinatura\" class=\"banner-ecj\">\n<h3 id=\"curso-para-carreiras-juridicas\" class=\"titulo-assinatura\">Curso para Carreiras Jur\u00eddicas<\/h3>\n<p class=\"subtitulo-assinatura\">Cursos focados no edital do concurso<\/p>\n<div class=\"box-botao\"><a class=\"btn-assinatura\" role=\"button\" href=\"https:\/\/www.estrategiaconcursos.com.br\/cursosPorConcurso\/carreira-juridica-regular\/\" target=\"_blank\" rel=\"noopener noreferrer\">Conhe\u00e7a mais<\/a><\/div>\n<\/div>\n<p class=\"texto-auxiliar\">Prepare-se com o melhor material e com quem mais aprova em concursos em todo o pa\u00eds.<\/p>\n<\/div>\n<\/div>\n<\/div>\n\n\n\n\n\n<div class=\"wp-block-cover\" style=\"min-height:155px;aspect-ratio:unset;\"><img decoding=\"async\" width=\"1890\" height=\"351\" class=\"wp-block-cover__image-background wp-image-8669\" alt=\"Assinaturas Jur\u00eddicas\" src=\"https:\/\/cj.estrategia.com\/portal\/wp-content\/uploads\/2022\/06\/20151253\/concurso-carreiras-juridicas-assinatura-juridica.jpg\" style=\"object-position:78% 43%\" data-object-fit=\"cover\" data-object-position=\"78% 43%\" srcset=\"https:\/\/cj.estrategia.com\/portal\/wp-content\/uploads\/2022\/06\/20151253\/concurso-carreiras-juridicas-assinatura-juridica.jpg 1890w, https:\/\/cj.estrategia.com\/portal\/wp-content\/uploads\/2022\/06\/20151253\/concurso-carreiras-juridicas-assinatura-juridica-300x56.jpg 300w, https:\/\/cj.estrategia.com\/portal\/wp-content\/uploads\/2022\/06\/20151253\/concurso-carreiras-juridicas-assinatura-juridica-1024x190.jpg 1024w, https:\/\/cj.estrategia.com\/portal\/wp-content\/uploads\/2022\/06\/20151253\/concurso-carreiras-juridicas-assinatura-juridica-768x143.jpg 768w, https:\/\/cj.estrategia.com\/portal\/wp-content\/uploads\/2022\/06\/20151253\/concurso-carreiras-juridicas-assinatura-juridica-1536x285.jpg 1536w, https:\/\/cj.estrategia.com\/portal\/wp-content\/uploads\/2022\/06\/20151253\/concurso-carreiras-juridicas-assinatura-juridica-380x71.jpg 380w, https:\/\/cj.estrategia.com\/portal\/wp-content\/uploads\/2022\/06\/20151253\/concurso-carreiras-juridicas-assinatura-juridica-800x149.jpg 800w, https:\/\/cj.estrategia.com\/portal\/wp-content\/uploads\/2022\/06\/20151253\/concurso-carreiras-juridicas-assinatura-juridica-1160x215.jpg 1160w\" sizes=\"(max-width: 1890px) 100vw, 1890px\" \/><span aria-hidden=\"true\" class=\"wp-block-cover__background has-background-dim\"><\/span><div class=\"wp-block-cover__inner-container is-layout-flow wp-block-cover-is-layout-flow\">\n<h3 id=\"faca-a-sua-assinatura\" class=\"titulo-assinatura\"><span style=\"color: #ffffff;\">Fa\u00e7a a sua assinatura!<\/span><\/h3>\n<p class=\"subtitulo-assinatura\" style=\"display:block!important; line-height: 0;\"><span style=\"color: #ffffff;\">Escolha a sua \u00e1rea.<\/span><\/p>\n<a target=\"_blank\" href=\"https:\/\/www.estrategiaconcursos.com.br\/assinaturas-ecj\/\" rel=\"noopener\"><button style=\"border-radius: 10px; text-transform: capitalize;\">Acessar<\/button><\/a>\n<\/div><\/div>\n\n\n\n<figure class=\"wp-block-image size-large is-resized\"><img decoding=\"async\" src=\"https:\/\/dhg1h5j42swfq.cloudfront.net\/2021\/08\/03114407\/ficha-tecnica-2-1024x632.png\" alt=\"\" class=\"wp-image-827694\" width=\"245\" height=\"151\"\/><\/figure>\n\n\n\n<h3 class=\"wp-block-heading\" id=\"ficha\"><span id=\"informacoes-sobre-o-concurso-procurador-camara-de-imperatriz\">Informa\u00e7\u00f5es sobre o concurso Procurador C\u00e2mara de Imperatriz <\/span><\/h3>\n\n\n\n<ul class=\"wp-block-list\"><li><strong>Vagas<\/strong>: 1 + 9 CR<\/li><li><strong>Cargos<\/strong>: Procurador Legislativo<\/li><li><strong>Banca<\/strong>: Funda\u00e7\u00e3o Sous\u00e2ndrade<\/li><li><strong>Escolaridade<\/strong>: Bacharelado em Direito, inscri\u00e7\u00e3o na OAB e 3 anos de atividade jur\u00eddica<\/li><li><strong>Edital<\/strong>:\u00a0<a href=\"https:\/\/dhg1h5j42swfq.cloudfront.net\/2022\/06\/24121522\/1313_edital_abertura_camara_imperatriz.pdf\" target=\"_blank\" rel=\"noreferrer noopener nofollow\">C\u00e2mara de Imperatriz \u2013 2022<\/a><\/li><\/ul>\n","protected":false},"excerpt":{"rendered":"Est\u00e3o encerradas as inscri\u00e7\u00f5es do Edital Procurador C\u00e2mara de Imperatriz. A prova objetiva do certame, por sua vez,&hellip;\n","protected":false},"author":12,"featured_media":9552,"comment_status":"open","ping_status":"open","sticky":false,"template":"","format":"standard","meta":{"_jetpack_memberships_contains_paid_content":false,"footnotes":""},"categories":[1,24],"tags":[],"tax_estado":[40],"class_list":{"0":"post-9546","1":"post","2":"type-post","3":"status-publish","4":"format-standard","5":"has-post-thumbnail","7":"category-carreiras-juridicas","8":"category-procuradoria","9":"tax_estado-ma"},"acf":[],"yoast_head":"<!-- This site is optimized with the Yoast SEO Premium plugin v27.5 (Yoast SEO v27.5) - https:\/\/yoast.com\/product\/yoast-seo-premium-wordpress\/ -->\n<title>Edital Procurador C\u00e2mara de Imperatriz: inscri\u00e7\u00f5es encerradas!<\/title>\n<meta name=\"description\" content=\"Edital Procurador C\u00e2mara de Imperatriz: inscri\u00e7\u00f5es encerradas! Edital oferta uma vaga direta para Procurador Legislativo.\" \/>\n<meta name=\"robots\" content=\"index, follow, max-snippet:-1, max-image-preview:large, max-video-preview:-1\" \/>\n<link rel=\"canonical\" href=\"https:\/\/cj.estrategia.com\/portal\/edital-procurador-camara-de-imperatriz\/\" \/>\n<meta property=\"og:locale\" content=\"pt_BR\" \/>\n<meta property=\"og:type\" content=\"article\" \/>\n<meta property=\"og:title\" content=\"Edital Procurador C\u00e2mara de Imperatriz: inscri\u00e7\u00f5es encerradas!\" \/>\n<meta property=\"og:description\" content=\"Edital Procurador C\u00e2mara de Imperatriz: inscri\u00e7\u00f5es encerradas! Edital oferta uma vaga direta para Procurador Legislativo.\" \/>\n<meta property=\"og:url\" content=\"https:\/\/cj.estrategia.com\/portal\/edital-procurador-camara-de-imperatriz\/\" \/>\n<meta property=\"og:site_name\" content=\"Blog - Carreiras Jur\u00eddicas - Estrat\u00e9gia\" \/>\n<meta property=\"article:publisher\" content=\"https:\/\/www.facebook.com\/estrategiacarreirajuridica\/\" \/>\n<meta property=\"article:published_time\" content=\"2022-08-08T03:00:00+00:00\" \/>\n<meta property=\"article:modified_time\" content=\"2022-08-09T12:28:04+00:00\" \/>\n<meta property=\"og:image\" content=\"https:\/\/cj.estrategia.com\/portal\/wp-content\/uploads\/2022\/06\/25115208\/9d1f39e4631769ae8178949871009f90.jpeg\" \/>\n\t<meta property=\"og:image:width\" content=\"777\" \/>\n\t<meta property=\"og:image:height\" content=\"437\" \/>\n\t<meta property=\"og:image:type\" content=\"image\/jpeg\" \/>\n<meta name=\"author\" content=\"Coordena\u00e7\u00e3o\" \/>\n<meta name=\"twitter:card\" content=\"summary_large_image\" \/>\n<meta name=\"twitter:creator\" content=\"@EstratJuridica\" \/>\n<meta name=\"twitter:site\" content=\"@EstratJuridica\" \/>\n<meta name=\"twitter:label1\" content=\"Escrito por\" \/>\n\t<meta name=\"twitter:data1\" content=\"Coordena\u00e7\u00e3o\" \/>\n\t<meta name=\"twitter:label2\" content=\"Est. tempo de leitura\" \/>\n\t<meta name=\"twitter:data2\" content=\"5 minutos\" \/>\n<script type=\"application\/ld+json\" class=\"yoast-schema-graph\">{\"@context\":\"https:\\\/\\\/schema.org\",\"@graph\":[{\"@type\":\"NewsArticle\",\"@id\":\"https:\\\/\\\/cj.estrategia.com\\\/portal\\\/edital-procurador-camara-de-imperatriz\\\/#article\",\"isPartOf\":{\"@id\":\"https:\\\/\\\/cj.estrategia.com\\\/portal\\\/edital-procurador-camara-de-imperatriz\\\/\"},\"author\":{\"name\":\"Coordena\u00e7\u00e3o\",\"@id\":\"https:\\\/\\\/cj.estrategia.com\\\/portal\\\/#\\\/schema\\\/person\\\/4d70317d31449932b99102916b6637f5\"},\"headline\":\"Edital Procurador C\u00e2mara de Imperatriz: inscri\u00e7\u00f5es encerradas!\",\"datePublished\":\"2022-08-08T03:00:00+00:00\",\"dateModified\":\"2022-08-09T12:28:04+00:00\",\"mainEntityOfPage\":{\"@id\":\"https:\\\/\\\/cj.estrategia.com\\\/portal\\\/edital-procurador-camara-de-imperatriz\\\/\"},\"wordCount\":968,\"commentCount\":0,\"publisher\":{\"@id\":\"https:\\\/\\\/cj.estrategia.com\\\/portal\\\/#organization\"},\"image\":{\"@id\":\"https:\\\/\\\/cj.estrategia.com\\\/portal\\\/edital-procurador-camara-de-imperatriz\\\/#primaryimage\"},\"thumbnailUrl\":\"https:\\\/\\\/cj.estrategia.com\\\/portal\\\/wp-content\\\/uploads\\\/2022\\\/06\\\/25115208\\\/9d1f39e4631769ae8178949871009f90.jpeg\",\"articleSection\":[\"Carreiras Jur\u00eddicas\",\"Procuradoria\"],\"inLanguage\":\"pt-BR\",\"potentialAction\":[{\"@type\":\"CommentAction\",\"name\":\"Comment\",\"target\":[\"https:\\\/\\\/cj.estrategia.com\\\/portal\\\/edital-procurador-camara-de-imperatriz\\\/#respond\"]}]},{\"@type\":\"WebPage\",\"@id\":\"https:\\\/\\\/cj.estrategia.com\\\/portal\\\/edital-procurador-camara-de-imperatriz\\\/\",\"url\":\"https:\\\/\\\/cj.estrategia.com\\\/portal\\\/edital-procurador-camara-de-imperatriz\\\/\",\"name\":\"Edital Procurador C\u00e2mara de Imperatriz: inscri\u00e7\u00f5es encerradas!\",\"isPartOf\":{\"@id\":\"https:\\\/\\\/cj.estrategia.com\\\/portal\\\/#website\"},\"primaryImageOfPage\":{\"@id\":\"https:\\\/\\\/cj.estrategia.com\\\/portal\\\/edital-procurador-camara-de-imperatriz\\\/#primaryimage\"},\"image\":{\"@id\":\"https:\\\/\\\/cj.estrategia.com\\\/portal\\\/edital-procurador-camara-de-imperatriz\\\/#primaryimage\"},\"thumbnailUrl\":\"https:\\\/\\\/cj.estrategia.com\\\/portal\\\/wp-content\\\/uploads\\\/2022\\\/06\\\/25115208\\\/9d1f39e4631769ae8178949871009f90.jpeg\",\"datePublished\":\"2022-08-08T03:00:00+00:00\",\"dateModified\":\"2022-08-09T12:28:04+00:00\",\"description\":\"Edital Procurador C\u00e2mara de Imperatriz: inscri\u00e7\u00f5es encerradas! Edital oferta uma vaga direta para Procurador Legislativo.\",\"breadcrumb\":{\"@id\":\"https:\\\/\\\/cj.estrategia.com\\\/portal\\\/edital-procurador-camara-de-imperatriz\\\/#breadcrumb\"},\"inLanguage\":\"pt-BR\",\"potentialAction\":[{\"@type\":\"ReadAction\",\"target\":[\"https:\\\/\\\/cj.estrategia.com\\\/portal\\\/edital-procurador-camara-de-imperatriz\\\/\"]}]},{\"@type\":\"ImageObject\",\"inLanguage\":\"pt-BR\",\"@id\":\"https:\\\/\\\/cj.estrategia.com\\\/portal\\\/edital-procurador-camara-de-imperatriz\\\/#primaryimage\",\"url\":\"https:\\\/\\\/cj.estrategia.com\\\/portal\\\/wp-content\\\/uploads\\\/2022\\\/06\\\/25115208\\\/9d1f39e4631769ae8178949871009f90.jpeg\",\"contentUrl\":\"https:\\\/\\\/cj.estrategia.com\\\/portal\\\/wp-content\\\/uploads\\\/2022\\\/06\\\/25115208\\\/9d1f39e4631769ae8178949871009f90.jpeg\",\"width\":777,\"height\":437,\"caption\":\"Edital C\u00e2mara de Imperatriz\"},{\"@type\":\"BreadcrumbList\",\"@id\":\"https:\\\/\\\/cj.estrategia.com\\\/portal\\\/edital-procurador-camara-de-imperatriz\\\/#breadcrumb\",\"itemListElement\":[{\"@type\":\"ListItem\",\"position\":1,\"name\":\"In\u00edcio\",\"item\":\"https:\\\/\\\/cj.estrategia.com\\\/portal\\\/\"},{\"@type\":\"ListItem\",\"position\":2,\"name\":\"Edital Procurador C\u00e2mara de Imperatriz: inscri\u00e7\u00f5es encerradas!\"}]},{\"@type\":\"WebSite\",\"@id\":\"https:\\\/\\\/cj.estrategia.com\\\/portal\\\/#website\",\"url\":\"https:\\\/\\\/cj.estrategia.com\\\/portal\\\/\",\"name\":\"Blog - Carreiras Jur\u00eddicas - Estrat\u00e9gia\",\"description\":\"\",\"publisher\":{\"@id\":\"https:\\\/\\\/cj.estrategia.com\\\/portal\\\/#organization\"},\"potentialAction\":[{\"@type\":\"SearchAction\",\"target\":{\"@type\":\"EntryPoint\",\"urlTemplate\":\"https:\\\/\\\/cj.estrategia.com\\\/portal\\\/?s={search_term_string}\"},\"query-input\":{\"@type\":\"PropertyValueSpecification\",\"valueRequired\":true,\"valueName\":\"search_term_string\"}}],\"inLanguage\":\"pt-BR\"},{\"@type\":\"Organization\",\"@id\":\"https:\\\/\\\/cj.estrategia.com\\\/portal\\\/#organization\",\"name\":\"Estrat\u00e9gia - Carreiras Jur\u00eddicas\",\"url\":\"https:\\\/\\\/cj.estrategia.com\\\/portal\\\/\",\"logo\":{\"@type\":\"ImageObject\",\"inLanguage\":\"pt-BR\",\"@id\":\"https:\\\/\\\/cj.estrategia.com\\\/portal\\\/#\\\/schema\\\/logo\\\/image\\\/\",\"url\":\"https:\\\/\\\/cj.estrategia.com\\\/portal\\\/wp-content\\\/uploads\\\/2022\\\/03\\\/11151052\\\/cj-logo.png\",\"contentUrl\":\"https:\\\/\\\/cj.estrategia.com\\\/portal\\\/wp-content\\\/uploads\\\/2022\\\/03\\\/11151052\\\/cj-logo.png\",\"width\":150,\"height\":39,\"caption\":\"Estrat\u00e9gia - Carreiras Jur\u00eddicas\"},\"image\":{\"@id\":\"https:\\\/\\\/cj.estrategia.com\\\/portal\\\/#\\\/schema\\\/logo\\\/image\\\/\"},\"sameAs\":[\"https:\\\/\\\/www.facebook.com\\\/estrategiacarreirajuridica\\\/\",\"https:\\\/\\\/x.com\\\/EstratJuridica\",\"https:\\\/\\\/www.instagram.com\\\/estrategiacarreirajuridica\\\/\",\"https:\\\/\\\/www.youtube.com\\\/channel\\\/UClbMGuYbj2Mh1m3w144ETWQ\"]},{\"@type\":\"Person\",\"@id\":\"https:\\\/\\\/cj.estrategia.com\\\/portal\\\/#\\\/schema\\\/person\\\/4d70317d31449932b99102916b6637f5\",\"name\":\"Coordena\u00e7\u00e3o\",\"image\":{\"@type\":\"ImageObject\",\"inLanguage\":\"pt-BR\",\"@id\":\"https:\\\/\\\/cj.estrategia.com\\\/portal\\\/wp-content\\\/uploads\\\/2022\\\/05\\\/12164923\\\/estrategia-carreira-juridica-coordenacao-96x96.png\",\"url\":\"https:\\\/\\\/cj.estrategia.com\\\/portal\\\/wp-content\\\/uploads\\\/2022\\\/05\\\/12164923\\\/estrategia-carreira-juridica-coordenacao-96x96.png\",\"contentUrl\":\"https:\\\/\\\/cj.estrategia.com\\\/portal\\\/wp-content\\\/uploads\\\/2022\\\/05\\\/12164923\\\/estrategia-carreira-juridica-coordenacao-96x96.png\",\"caption\":\"Coordena\u00e7\u00e3o\"},\"url\":\"https:\\\/\\\/cj.estrategia.com\\\/portal\\\/author\\\/coordenacao\\\/\"}]}<\/script>\n<!-- \/ Yoast SEO Premium plugin. -->","yoast_head_json":{"title":"Edital Procurador C\u00e2mara de Imperatriz: inscri\u00e7\u00f5es encerradas!","description":"Edital Procurador C\u00e2mara de Imperatriz: inscri\u00e7\u00f5es encerradas! Edital oferta uma vaga direta para Procurador Legislativo.","robots":{"index":"index","follow":"follow","max-snippet":"max-snippet:-1","max-image-preview":"max-image-preview:large","max-video-preview":"max-video-preview:-1"},"canonical":"https:\/\/cj.estrategia.com\/portal\/edital-procurador-camara-de-imperatriz\/","og_locale":"pt_BR","og_type":"article","og_title":"Edital Procurador C\u00e2mara de Imperatriz: inscri\u00e7\u00f5es encerradas!","og_description":"Edital Procurador C\u00e2mara de Imperatriz: inscri\u00e7\u00f5es encerradas! Edital oferta uma vaga direta para Procurador Legislativo.","og_url":"https:\/\/cj.estrategia.com\/portal\/edital-procurador-camara-de-imperatriz\/","og_site_name":"Blog - Carreiras Jur\u00eddicas - Estrat\u00e9gia","article_publisher":"https:\/\/www.facebook.com\/estrategiacarreirajuridica\/","article_published_time":"2022-08-08T03:00:00+00:00","article_modified_time":"2022-08-09T12:28:04+00:00","og_image":[{"width":777,"height":437,"url":"https:\/\/cj.estrategia.com\/portal\/wp-content\/uploads\/2022\/06\/25115208\/9d1f39e4631769ae8178949871009f90.jpeg","type":"image\/jpeg"}],"author":"Coordena\u00e7\u00e3o","twitter_card":"summary_large_image","twitter_creator":"@EstratJuridica","twitter_site":"@EstratJuridica","twitter_misc":{"Escrito por":"Coordena\u00e7\u00e3o","Est. tempo de leitura":"5 minutos"},"schema":{"@context":"https:\/\/schema.org","@graph":[{"@type":"NewsArticle","@id":"https:\/\/cj.estrategia.com\/portal\/edital-procurador-camara-de-imperatriz\/#article","isPartOf":{"@id":"https:\/\/cj.estrategia.com\/portal\/edital-procurador-camara-de-imperatriz\/"},"author":{"name":"Coordena\u00e7\u00e3o","@id":"https:\/\/cj.estrategia.com\/portal\/#\/schema\/person\/4d70317d31449932b99102916b6637f5"},"headline":"Edital Procurador C\u00e2mara de Imperatriz: inscri\u00e7\u00f5es encerradas!","datePublished":"2022-08-08T03:00:00+00:00","dateModified":"2022-08-09T12:28:04+00:00","mainEntityOfPage":{"@id":"https:\/\/cj.estrategia.com\/portal\/edital-procurador-camara-de-imperatriz\/"},"wordCount":968,"commentCount":0,"publisher":{"@id":"https:\/\/cj.estrategia.com\/portal\/#organization"},"image":{"@id":"https:\/\/cj.estrategia.com\/portal\/edital-procurador-camara-de-imperatriz\/#primaryimage"},"thumbnailUrl":"https:\/\/cj.estrategia.com\/portal\/wp-content\/uploads\/2022\/06\/25115208\/9d1f39e4631769ae8178949871009f90.jpeg","articleSection":["Carreiras Jur\u00eddicas","Procuradoria"],"inLanguage":"pt-BR","potentialAction":[{"@type":"CommentAction","name":"Comment","target":["https:\/\/cj.estrategia.com\/portal\/edital-procurador-camara-de-imperatriz\/#respond"]}]},{"@type":"WebPage","@id":"https:\/\/cj.estrategia.com\/portal\/edital-procurador-camara-de-imperatriz\/","url":"https:\/\/cj.estrategia.com\/portal\/edital-procurador-camara-de-imperatriz\/","name":"Edital Procurador C\u00e2mara de Imperatriz: inscri\u00e7\u00f5es encerradas!","isPartOf":{"@id":"https:\/\/cj.estrategia.com\/portal\/#website"},"primaryImageOfPage":{"@id":"https:\/\/cj.estrategia.com\/portal\/edital-procurador-camara-de-imperatriz\/#primaryimage"},"image":{"@id":"https:\/\/cj.estrategia.com\/portal\/edital-procurador-camara-de-imperatriz\/#primaryimage"},"thumbnailUrl":"https:\/\/cj.estrategia.com\/portal\/wp-content\/uploads\/2022\/06\/25115208\/9d1f39e4631769ae8178949871009f90.jpeg","datePublished":"2022-08-08T03:00:00+00:00","dateModified":"2022-08-09T12:28:04+00:00","description":"Edital Procurador C\u00e2mara de Imperatriz: inscri\u00e7\u00f5es encerradas! Edital oferta uma vaga direta para Procurador Legislativo.","breadcrumb":{"@id":"https:\/\/cj.estrategia.com\/portal\/edital-procurador-camara-de-imperatriz\/#breadcrumb"},"inLanguage":"pt-BR","potentialAction":[{"@type":"ReadAction","target":["https:\/\/cj.estrategia.com\/portal\/edital-procurador-camara-de-imperatriz\/"]}]},{"@type":"ImageObject","inLanguage":"pt-BR","@id":"https:\/\/cj.estrategia.com\/portal\/edital-procurador-camara-de-imperatriz\/#primaryimage","url":"https:\/\/cj.estrategia.com\/portal\/wp-content\/uploads\/2022\/06\/25115208\/9d1f39e4631769ae8178949871009f90.jpeg","contentUrl":"https:\/\/cj.estrategia.com\/portal\/wp-content\/uploads\/2022\/06\/25115208\/9d1f39e4631769ae8178949871009f90.jpeg","width":777,"height":437,"caption":"Edital C\u00e2mara de Imperatriz"},{"@type":"BreadcrumbList","@id":"https:\/\/cj.estrategia.com\/portal\/edital-procurador-camara-de-imperatriz\/#breadcrumb","itemListElement":[{"@type":"ListItem","position":1,"name":"In\u00edcio","item":"https:\/\/cj.estrategia.com\/portal\/"},{"@type":"ListItem","position":2,"name":"Edital Procurador C\u00e2mara de Imperatriz: inscri\u00e7\u00f5es encerradas!"}]},{"@type":"WebSite","@id":"https:\/\/cj.estrategia.com\/portal\/#website","url":"https:\/\/cj.estrategia.com\/portal\/","name":"Blog - Carreiras Jur\u00eddicas - Estrat\u00e9gia","description":"","publisher":{"@id":"https:\/\/cj.estrategia.com\/portal\/#organization"},"potentialAction":[{"@type":"SearchAction","target":{"@type":"EntryPoint","urlTemplate":"https:\/\/cj.estrategia.com\/portal\/?s={search_term_string}"},"query-input":{"@type":"PropertyValueSpecification","valueRequired":true,"valueName":"search_term_string"}}],"inLanguage":"pt-BR"},{"@type":"Organization","@id":"https:\/\/cj.estrategia.com\/portal\/#organization","name":"Estrat\u00e9gia - Carreiras Jur\u00eddicas","url":"https:\/\/cj.estrategia.com\/portal\/","logo":{"@type":"ImageObject","inLanguage":"pt-BR","@id":"https:\/\/cj.estrategia.com\/portal\/#\/schema\/logo\/image\/","url":"https:\/\/cj.estrategia.com\/portal\/wp-content\/uploads\/2022\/03\/11151052\/cj-logo.png","contentUrl":"https:\/\/cj.estrategia.com\/portal\/wp-content\/uploads\/2022\/03\/11151052\/cj-logo.png","width":150,"height":39,"caption":"Estrat\u00e9gia - Carreiras Jur\u00eddicas"},"image":{"@id":"https:\/\/cj.estrategia.com\/portal\/#\/schema\/logo\/image\/"},"sameAs":["https:\/\/www.facebook.com\/estrategiacarreirajuridica\/","https:\/\/x.com\/EstratJuridica","https:\/\/www.instagram.com\/estrategiacarreirajuridica\/","https:\/\/www.youtube.com\/channel\/UClbMGuYbj2Mh1m3w144ETWQ"]},{"@type":"Person","@id":"https:\/\/cj.estrategia.com\/portal\/#\/schema\/person\/4d70317d31449932b99102916b6637f5","name":"Coordena\u00e7\u00e3o","image":{"@type":"ImageObject","inLanguage":"pt-BR","@id":"https:\/\/cj.estrategia.com\/portal\/wp-content\/uploads\/2022\/05\/12164923\/estrategia-carreira-juridica-coordenacao-96x96.png","url":"https:\/\/cj.estrategia.com\/portal\/wp-content\/uploads\/2022\/05\/12164923\/estrategia-carreira-juridica-coordenacao-96x96.png","contentUrl":"https:\/\/cj.estrategia.com\/portal\/wp-content\/uploads\/2022\/05\/12164923\/estrategia-carreira-juridica-coordenacao-96x96.png","caption":"Coordena\u00e7\u00e3o"},"url":"https:\/\/cj.estrategia.com\/portal\/author\/coordenacao\/"}]}},"jetpack_featured_media_url":"https:\/\/cj.estrategia.com\/portal\/wp-content\/uploads\/2022\/06\/25115208\/9d1f39e4631769ae8178949871009f90.jpeg","jetpack_sharing_enabled":true,"_links":{"self":[{"href":"https:\/\/cj.estrategia.com\/portal\/wp-json\/wp\/v2\/posts\/9546","targetHints":{"allow":["GET"]}}],"collection":[{"href":"https:\/\/cj.estrategia.com\/portal\/wp-json\/wp\/v2\/posts"}],"about":[{"href":"https:\/\/cj.estrategia.com\/portal\/wp-json\/wp\/v2\/types\/post"}],"author":[{"embeddable":true,"href":"https:\/\/cj.estrategia.com\/portal\/wp-json\/wp\/v2\/users\/12"}],"replies":[{"embeddable":true,"href":"https:\/\/cj.estrategia.com\/portal\/wp-json\/wp\/v2\/comments?post=9546"}],"version-history":[{"count":0,"href":"https:\/\/cj.estrategia.com\/portal\/wp-json\/wp\/v2\/posts\/9546\/revisions"}],"wp:featuredmedia":[{"embeddable":true,"href":"https:\/\/cj.estrategia.com\/portal\/wp-json\/wp\/v2\/media\/9552"}],"wp:attachment":[{"href":"https:\/\/cj.estrategia.com\/portal\/wp-json\/wp\/v2\/media?parent=9546"}],"wp:term":[{"taxonomy":"category","embeddable":true,"href":"https:\/\/cj.estrategia.com\/portal\/wp-json\/wp\/v2\/categories?post=9546"},{"taxonomy":"post_tag","embeddable":true,"href":"https:\/\/cj.estrategia.com\/portal\/wp-json\/wp\/v2\/tags?post=9546"},{"taxonomy":"tax_estado","embeddable":true,"href":"https:\/\/cj.estrategia.com\/portal\/wp-json\/wp\/v2\/tax_estado?post=9546"}],"curies":[{"name":"wp","href":"https:\/\/api.w.org\/{rel}","templated":true}]}}