{"id":94303,"date":"2025-01-30T11:39:45","date_gmt":"2025-01-30T14:39:45","guid":{"rendered":"https:\/\/cj.estrategia.com\/portal\/?p=94303"},"modified":"2025-01-30T11:39:49","modified_gmt":"2025-01-30T14:39:49","slug":"curso-especifico-para-residencia-tjgo-pos-edital","status":"publish","type":"post","link":"https:\/\/cj.estrategia.com\/portal\/curso-especifico-para-residencia-tjgo-pos-edital\/","title":{"rendered":"Curso Espec\u00edfico para Resid\u00eancia TJGO p\u00f3s- edital"},"content":{"rendered":"<a id=\"cta-icon\" href=\"https:\/\/sndflw.com\/i\/magistratura-federal-grupo\" target=\"blank\" style=\"background:rgb(41,166,26)\">\n            <img decoding=\"async\" src=\"https:\/\/cj.estrategia.com\/portal\/wp-content\/uploads\/2023\/12\/07160657\/whatsapp_1385.webp\" alt=\"\" alt=\"whatsapp_1385\"><span > Acesse agora o Grupo de Estudos para Magistratura Federal <\/span><\/a>\n\n\n\n<p>Acontece de <strong>30\/01 a 06\/02\/2025<\/strong>, o <strong>Curso Espec\u00edfico para Resid\u00eancia TJGO p\u00f3s- edital<\/strong>. Essa \u00e9 a sua chance de refor\u00e7ar a prepara\u00e7\u00e3o e ganhar dicas valiosas para chegar preparado no dia do exame. <\/p>\n\n\n\n<ul class=\"wp-block-list\">\n<li>Veja abaixo: <\/li>\n<\/ul>\n\n\n\n<h3 class=\"wp-block-heading\" id=\"h-cronograma\"><span id=\"cronograma\">Cronograma<\/span><\/h3>\n\n\n\n<figure class=\"wp-block-table is-style-stripes\"><table class=\"has-light-green-cyan-background-color has-background\"><tbody><tr><td class=\"has-text-align-center\" data-align=\"center\">Data<\/td><td class=\"has-text-align-center\" data-align=\"center\">Dia<\/td><td>Hor\u00e1rio<\/td><td>Disciplina<\/td><td>Professor<\/td><\/tr><tr><td class=\"has-text-align-center\" data-align=\"center\">30\/01\/25<\/td><td class=\"has-text-align-center\" data-align=\"center\">quinta-feira<\/td><td>19:00<\/td><td>Direito Administrativo<\/td><td>Igor Maciel<\/td><\/tr><tr><td class=\"has-text-align-center\" data-align=\"center\">31\/01\/25<\/td><td class=\"has-text-align-center\" data-align=\"center\">sexta-feira<\/td><td>19:00<\/td><td>Direito Constitucional<\/td><td>Danniel Adriano<\/td><\/tr><tr><td class=\"has-text-align-center\" data-align=\"center\">03\/02\/25<\/td><td class=\"has-text-align-center\" data-align=\"center\">segunda-feira<\/td><td>19:00<\/td><td>Direito Processual Penal<\/td><td>Leonardo Tavares<\/td><\/tr><tr><td class=\"has-text-align-center\" data-align=\"center\">04\/02\/25<\/td><td class=\"has-text-align-center\" data-align=\"center\">ter\u00e7a-feira<\/td><td>19:00<\/td><td>Direito Penal<\/td><td>Michael Proc\u00f3pio<\/td><\/tr><tr><td class=\"has-text-align-center\" data-align=\"center\">05\/02\/25<\/td><td class=\"has-text-align-center\" data-align=\"center\">quarta-feira<\/td><td>19:00<\/td><td>Direito Civil<\/td><td>Paulo Sousa<\/td><\/tr><tr><td class=\"has-text-align-center\" data-align=\"center\">06\/02\/25<\/td><td class=\"has-text-align-center\" data-align=\"center\">quinta-feira<\/td><td>19:00<\/td><td>Direito Processual Civil<\/td><td>Rodrigo Vaslin<\/td><\/tr><\/tbody><\/table><\/figure>\n\n\n\n<h3 class=\"wp-block-heading\" id=\"h-evento-ao-vivo\"><span id=\"evento-ao-vivo\">Evento ao vivo <\/span><\/h3>\n\n\n\n<p class=\"has-text-align-center has-medium-font-size\"><strong>Youtube \u2013 <a href=\"https:\/\/www.youtube.com\/c\/Estrat%C3%A9giaCarreiraJur%C3%ADdica\/videos?view=2&sort=dd&live_view=502&shelf_id=1\" target=\"_blank\" >ASSISTA AO VIVO <\/a><\/strong><\/p>\n\n\n\n<h3 class=\"wp-block-heading\" id=\"h-sobre-o-certame\"><span id=\"sobre-o-certame\">Sobre o certame<\/span><\/h3>\n\n\n\n<p>O\u00a0<strong>edital de Resid\u00eancia Jur\u00eddica do Tribunal de Justi\u00e7a do Estado de Goi\u00e1s<\/strong>\u00a0oferta\u00a0<strong>1.000 + CR\u00a0<\/strong>para Residente Jur\u00eddico.<\/p>\n\n\n\n<p>As inscri\u00e7\u00f5es podem ser feitas de<strong>\u00a020 de janeiro a 18 de fevereiro de 2025<\/strong>\u00a0no\u00a0<a href=\"https:\/\/conhecimento.fgv.br\/concursos\/psstjgo2025\" target=\"_blank\" >site<\/a>\u00a0da banca,\u00a0a\u00a0<strong>FGV<\/strong>. A taxa de inscri\u00e7\u00e3o foi fixada em\u00a0R$ 60,00. As\u00a0provas objetiva\u00a0e\u00a0discursiva\u00a0est\u00e3o previstas para o\u00a0dia\u00a006 de abril de 2025.<\/p>\n\n\n\n<p class=\"has-text-align-center has-very-light-gray-to-cyan-bluish-gray-gradient-background has-background\"><strong>Saiba mais: <a href=\"https:\/\/cj.estrategia.com\/portal\/residencia-juridica-tj-go\/\" target=\"_blank\" >Resid\u00eancia TJ GO<\/a><\/strong><\/p>\n\n\n\n<h2 class=\"wp-block-heading has-text-align-center\" id=\"h-quer-saber-tudo-sobre-concursos-previstos-confira-nossos-artigos\"><span id=\"quer-saber-tudo-sobre-concursos-previstosconfira-nossos-artigos\">Quer saber tudo sobre concursos previstos?<br>Confira nossos artigos!<\/span><\/h2>\n\n\n\n<ul class=\"wp-block-list\">\n<li><a href=\"https:\/\/cj.estrategia.com\/portal\/concursos-abertos-carreiras-juridicas\/\" target=\"_blank\" ><strong>Concursos abertos<\/strong><\/a><\/li>\n<\/ul>\n\n\n\n<ul class=\"wp-block-list\">\n<li><a href=\"https:\/\/cj.estrategia.com\/portal\/concursos-2025-carreiras-juridicas\/\" target=\"_blank\" ><strong>Concursos Jur\u00eddicos 2025<\/strong><\/a><\/li>\n<\/ul>\n\n\n\n<ul class=\"wp-block-list\">\n<li><strong><a href=\"https:\/\/cj.estrategia.com\/portal\/concursos-magistratura\/\" target=\"_blank\" >Concursos Magistratura<\/a><\/strong><\/li>\n<\/ul>\n\n\n\n<h2 class=\"wp-block-heading has-text-align-center\" id=\"cursos\"><span id=\"quer-estudar-para-carreiras-juridicas\">Quer estudar para Carreiras Jur\u00eddicas?<\/span><\/h2>\n\n\n\n<p>O Estrat\u00e9gia Carreira Jur\u00eddica \u00e9 campe\u00e3o de aprova\u00e7\u00f5es nos concursos para Carreiras Jur\u00eddicas com um corpo docente qualificado e materiais completos. Conhe\u00e7a nossos cursos e garanta sua aprova\u00e7\u00e3o:<\/p>\n\n\n\n<div class=\"wp-block-cover\" style=\"min-height:155px;aspect-ratio:unset;\"><img decoding=\"async\" width=\"1890\" height=\"351\" class=\"wp-block-cover__image-background wp-image-8669\" alt=\"Assinaturas Jur\u00eddicas\" src=\"https:\/\/cj.estrategia.com\/portal\/wp-content\/uploads\/2022\/06\/20151253\/concurso-carreiras-juridicas-assinatura-juridica.jpg\" style=\"object-position:78% 43%\" data-object-fit=\"cover\" data-object-position=\"78% 43%\" srcset=\"https:\/\/cj.estrategia.com\/portal\/wp-content\/uploads\/2022\/06\/20151253\/concurso-carreiras-juridicas-assinatura-juridica.jpg 1890w, https:\/\/cj.estrategia.com\/portal\/wp-content\/uploads\/2022\/06\/20151253\/concurso-carreiras-juridicas-assinatura-juridica-300x56.jpg 300w, https:\/\/cj.estrategia.com\/portal\/wp-content\/uploads\/2022\/06\/20151253\/concurso-carreiras-juridicas-assinatura-juridica-1024x190.jpg 1024w, https:\/\/cj.estrategia.com\/portal\/wp-content\/uploads\/2022\/06\/20151253\/concurso-carreiras-juridicas-assinatura-juridica-768x143.jpg 768w, https:\/\/cj.estrategia.com\/portal\/wp-content\/uploads\/2022\/06\/20151253\/concurso-carreiras-juridicas-assinatura-juridica-1536x285.jpg 1536w, https:\/\/cj.estrategia.com\/portal\/wp-content\/uploads\/2022\/06\/20151253\/concurso-carreiras-juridicas-assinatura-juridica-380x71.jpg 380w, https:\/\/cj.estrategia.com\/portal\/wp-content\/uploads\/2022\/06\/20151253\/concurso-carreiras-juridicas-assinatura-juridica-800x149.jpg 800w, https:\/\/cj.estrategia.com\/portal\/wp-content\/uploads\/2022\/06\/20151253\/concurso-carreiras-juridicas-assinatura-juridica-1160x215.jpg 1160w\" sizes=\"(max-width: 1890px) 100vw, 1890px\" \/><span aria-hidden=\"true\" class=\"wp-block-cover__background has-background-dim\"><\/span><div class=\"wp-block-cover__inner-container is-layout-flow wp-block-cover-is-layout-flow\">\n<h3 id=\"faca-a-sua-assinatura\" class=\"titulo-assinatura\"><span style=\"color: #ffffff;\">Fa\u00e7a a sua assinatura!<\/span><\/h3>\n<p class=\"subtitulo-assinatura\" style=\"display:block!important; line-height: 0;\"><span style=\"color: #ffffff;\">Escolha a sua \u00e1rea.<\/span><\/p>\n<a target=\"_blank\" href=\"https:\/\/www.estrategiaconcursos.com.br\/assinaturas-ecj\/\" rel=\"noopener\"><button style=\"border-radius: 10px; text-transform: capitalize;\">Acessar<\/button><\/a>\n<\/div><\/div>\n","protected":false},"excerpt":{"rendered":"Acontece de 30\/01 a 06\/02\/2025, o Curso Espec\u00edfico para Resid\u00eancia TJGO p\u00f3s- edital. Essa \u00e9 a sua chance&hellip;\n","protected":false},"author":12,"featured_media":32256,"comment_status":"open","ping_status":"open","sticky":false,"template":"","format":"standard","meta":{"_jetpack_memberships_contains_paid_content":false,"footnotes":""},"categories":[26],"tags":[],"tax_estado":[39],"class_list":{"0":"post-94303","1":"post","2":"type-post","3":"status-publish","4":"format-standard","5":"has-post-thumbnail","7":"category-magistratura","8":"tax_estado-go"},"acf":[],"yoast_head":"<!-- This site is optimized with the Yoast SEO Premium plugin v27.5 (Yoast SEO v27.5) - https:\/\/yoast.com\/product\/yoast-seo-premium-wordpress\/ -->\n<title>Curso Espec\u00edfico para Resid\u00eancia TJGO p\u00f3s- edital<\/title>\n<meta name=\"description\" content=\"Prepare-se para a Resid\u00eancia TJGO com o Curso Espec\u00edfico p\u00f3s-edital. Aproveite essa oportunidade para refor\u00e7ar seus conhecimentos e receber dicas valiosas.\" \/>\n<meta name=\"robots\" content=\"index, follow, max-snippet:-1, max-image-preview:large, max-video-preview:-1\" \/>\n<link rel=\"canonical\" href=\"https:\/\/cj.estrategia.com\/portal\/curso-especifico-para-residencia-tjgo-pos-edital\/\" \/>\n<meta property=\"og:locale\" content=\"pt_BR\" \/>\n<meta property=\"og:type\" content=\"article\" \/>\n<meta property=\"og:title\" content=\"Curso Espec\u00edfico para Resid\u00eancia TJGO p\u00f3s- edital\" \/>\n<meta property=\"og:description\" content=\"Prepare-se para a Resid\u00eancia TJGO com o Curso Espec\u00edfico p\u00f3s-edital. Aproveite essa oportunidade para refor\u00e7ar seus conhecimentos e receber dicas valiosas.\" \/>\n<meta property=\"og:url\" content=\"https:\/\/cj.estrategia.com\/portal\/curso-especifico-para-residencia-tjgo-pos-edital\/\" \/>\n<meta property=\"og:site_name\" content=\"Blog - Carreiras Jur\u00eddicas - Estrat\u00e9gia\" \/>\n<meta property=\"article:publisher\" content=\"https:\/\/www.facebook.com\/estrategiacarreirajuridica\/\" \/>\n<meta property=\"article:published_time\" content=\"2025-01-30T14:39:45+00:00\" \/>\n<meta property=\"article:modified_time\" content=\"2025-01-30T14:39:49+00:00\" \/>\n<meta property=\"og:image\" content=\"https:\/\/cj.estrategia.com\/portal\/wp-content\/uploads\/2023\/03\/27140838\/concursos-juridicos-magistratura-go.jpg\" \/>\n\t<meta property=\"og:image:width\" content=\"960\" \/>\n\t<meta property=\"og:image:height\" content=\"540\" \/>\n\t<meta property=\"og:image:type\" content=\"image\/jpeg\" \/>\n<meta name=\"author\" content=\"Coordena\u00e7\u00e3o\" \/>\n<meta name=\"twitter:card\" content=\"summary_large_image\" \/>\n<meta name=\"twitter:creator\" content=\"@EstratJuridica\" \/>\n<meta name=\"twitter:site\" content=\"@EstratJuridica\" \/>\n<meta name=\"twitter:label1\" content=\"Escrito por\" \/>\n\t<meta name=\"twitter:data1\" content=\"Coordena\u00e7\u00e3o\" \/>\n\t<meta name=\"twitter:label2\" content=\"Est. tempo de leitura\" \/>\n\t<meta name=\"twitter:data2\" content=\"2 minutos\" \/>\n<script type=\"application\/ld+json\" class=\"yoast-schema-graph\">{\"@context\":\"https:\\\/\\\/schema.org\",\"@graph\":[{\"@type\":\"NewsArticle\",\"@id\":\"https:\\\/\\\/cj.estrategia.com\\\/portal\\\/curso-especifico-para-residencia-tjgo-pos-edital\\\/#article\",\"isPartOf\":{\"@id\":\"https:\\\/\\\/cj.estrategia.com\\\/portal\\\/curso-especifico-para-residencia-tjgo-pos-edital\\\/\"},\"author\":{\"name\":\"Coordena\u00e7\u00e3o\",\"@id\":\"https:\\\/\\\/cj.estrategia.com\\\/portal\\\/#\\\/schema\\\/person\\\/4d70317d31449932b99102916b6637f5\"},\"headline\":\"Curso Espec\u00edfico para Resid\u00eancia TJGO p\u00f3s- edital\",\"datePublished\":\"2025-01-30T14:39:45+00:00\",\"dateModified\":\"2025-01-30T14:39:49+00:00\",\"mainEntityOfPage\":{\"@id\":\"https:\\\/\\\/cj.estrategia.com\\\/portal\\\/curso-especifico-para-residencia-tjgo-pos-edital\\\/\"},\"wordCount\":233,\"commentCount\":0,\"publisher\":{\"@id\":\"https:\\\/\\\/cj.estrategia.com\\\/portal\\\/#organization\"},\"image\":{\"@id\":\"https:\\\/\\\/cj.estrategia.com\\\/portal\\\/curso-especifico-para-residencia-tjgo-pos-edital\\\/#primaryimage\"},\"thumbnailUrl\":\"https:\\\/\\\/cj.estrategia.com\\\/portal\\\/wp-content\\\/uploads\\\/2023\\\/03\\\/27140838\\\/concursos-juridicos-magistratura-go.jpg\",\"articleSection\":[\"Magistratura\"],\"inLanguage\":\"pt-BR\",\"potentialAction\":[{\"@type\":\"CommentAction\",\"name\":\"Comment\",\"target\":[\"https:\\\/\\\/cj.estrategia.com\\\/portal\\\/curso-especifico-para-residencia-tjgo-pos-edital\\\/#respond\"]}]},{\"@type\":\"WebPage\",\"@id\":\"https:\\\/\\\/cj.estrategia.com\\\/portal\\\/curso-especifico-para-residencia-tjgo-pos-edital\\\/\",\"url\":\"https:\\\/\\\/cj.estrategia.com\\\/portal\\\/curso-especifico-para-residencia-tjgo-pos-edital\\\/\",\"name\":\"Curso Espec\u00edfico para Resid\u00eancia TJGO p\u00f3s- edital\",\"isPartOf\":{\"@id\":\"https:\\\/\\\/cj.estrategia.com\\\/portal\\\/#website\"},\"primaryImageOfPage\":{\"@id\":\"https:\\\/\\\/cj.estrategia.com\\\/portal\\\/curso-especifico-para-residencia-tjgo-pos-edital\\\/#primaryimage\"},\"image\":{\"@id\":\"https:\\\/\\\/cj.estrategia.com\\\/portal\\\/curso-especifico-para-residencia-tjgo-pos-edital\\\/#primaryimage\"},\"thumbnailUrl\":\"https:\\\/\\\/cj.estrategia.com\\\/portal\\\/wp-content\\\/uploads\\\/2023\\\/03\\\/27140838\\\/concursos-juridicos-magistratura-go.jpg\",\"datePublished\":\"2025-01-30T14:39:45+00:00\",\"dateModified\":\"2025-01-30T14:39:49+00:00\",\"description\":\"Prepare-se para a Resid\u00eancia TJGO com o Curso Espec\u00edfico p\u00f3s-edital. Aproveite essa oportunidade para refor\u00e7ar seus conhecimentos e receber dicas valiosas.\",\"breadcrumb\":{\"@id\":\"https:\\\/\\\/cj.estrategia.com\\\/portal\\\/curso-especifico-para-residencia-tjgo-pos-edital\\\/#breadcrumb\"},\"inLanguage\":\"pt-BR\",\"potentialAction\":[{\"@type\":\"ReadAction\",\"target\":[\"https:\\\/\\\/cj.estrategia.com\\\/portal\\\/curso-especifico-para-residencia-tjgo-pos-edital\\\/\"]}]},{\"@type\":\"ImageObject\",\"inLanguage\":\"pt-BR\",\"@id\":\"https:\\\/\\\/cj.estrategia.com\\\/portal\\\/curso-especifico-para-residencia-tjgo-pos-edital\\\/#primaryimage\",\"url\":\"https:\\\/\\\/cj.estrategia.com\\\/portal\\\/wp-content\\\/uploads\\\/2023\\\/03\\\/27140838\\\/concursos-juridicos-magistratura-go.jpg\",\"contentUrl\":\"https:\\\/\\\/cj.estrategia.com\\\/portal\\\/wp-content\\\/uploads\\\/2023\\\/03\\\/27140838\\\/concursos-juridicos-magistratura-go.jpg\",\"width\":960,\"height\":540,\"caption\":\"concurso juiz GO\"},{\"@type\":\"BreadcrumbList\",\"@id\":\"https:\\\/\\\/cj.estrategia.com\\\/portal\\\/curso-especifico-para-residencia-tjgo-pos-edital\\\/#breadcrumb\",\"itemListElement\":[{\"@type\":\"ListItem\",\"position\":1,\"name\":\"In\u00edcio\",\"item\":\"https:\\\/\\\/cj.estrategia.com\\\/portal\\\/\"},{\"@type\":\"ListItem\",\"position\":2,\"name\":\"Curso Espec\u00edfico para Resid\u00eancia TJGO p\u00f3s- edital\"}]},{\"@type\":\"WebSite\",\"@id\":\"https:\\\/\\\/cj.estrategia.com\\\/portal\\\/#website\",\"url\":\"https:\\\/\\\/cj.estrategia.com\\\/portal\\\/\",\"name\":\"Blog - Carreiras Jur\u00eddicas - Estrat\u00e9gia\",\"description\":\"\",\"publisher\":{\"@id\":\"https:\\\/\\\/cj.estrategia.com\\\/portal\\\/#organization\"},\"potentialAction\":[{\"@type\":\"SearchAction\",\"target\":{\"@type\":\"EntryPoint\",\"urlTemplate\":\"https:\\\/\\\/cj.estrategia.com\\\/portal\\\/?s={search_term_string}\"},\"query-input\":{\"@type\":\"PropertyValueSpecification\",\"valueRequired\":true,\"valueName\":\"search_term_string\"}}],\"inLanguage\":\"pt-BR\"},{\"@type\":\"Organization\",\"@id\":\"https:\\\/\\\/cj.estrategia.com\\\/portal\\\/#organization\",\"name\":\"Estrat\u00e9gia - Carreiras Jur\u00eddicas\",\"url\":\"https:\\\/\\\/cj.estrategia.com\\\/portal\\\/\",\"logo\":{\"@type\":\"ImageObject\",\"inLanguage\":\"pt-BR\",\"@id\":\"https:\\\/\\\/cj.estrategia.com\\\/portal\\\/#\\\/schema\\\/logo\\\/image\\\/\",\"url\":\"https:\\\/\\\/cj.estrategia.com\\\/portal\\\/wp-content\\\/uploads\\\/2022\\\/03\\\/11151052\\\/cj-logo.png\",\"contentUrl\":\"https:\\\/\\\/cj.estrategia.com\\\/portal\\\/wp-content\\\/uploads\\\/2022\\\/03\\\/11151052\\\/cj-logo.png\",\"width\":150,\"height\":39,\"caption\":\"Estrat\u00e9gia - Carreiras Jur\u00eddicas\"},\"image\":{\"@id\":\"https:\\\/\\\/cj.estrategia.com\\\/portal\\\/#\\\/schema\\\/logo\\\/image\\\/\"},\"sameAs\":[\"https:\\\/\\\/www.facebook.com\\\/estrategiacarreirajuridica\\\/\",\"https:\\\/\\\/x.com\\\/EstratJuridica\",\"https:\\\/\\\/www.instagram.com\\\/estrategiacarreirajuridica\\\/\",\"https:\\\/\\\/www.youtube.com\\\/channel\\\/UClbMGuYbj2Mh1m3w144ETWQ\"]},{\"@type\":\"Person\",\"@id\":\"https:\\\/\\\/cj.estrategia.com\\\/portal\\\/#\\\/schema\\\/person\\\/4d70317d31449932b99102916b6637f5\",\"name\":\"Coordena\u00e7\u00e3o\",\"image\":{\"@type\":\"ImageObject\",\"inLanguage\":\"pt-BR\",\"@id\":\"https:\\\/\\\/cj.estrategia.com\\\/portal\\\/wp-content\\\/uploads\\\/2022\\\/05\\\/12164923\\\/estrategia-carreira-juridica-coordenacao-96x96.png\",\"url\":\"https:\\\/\\\/cj.estrategia.com\\\/portal\\\/wp-content\\\/uploads\\\/2022\\\/05\\\/12164923\\\/estrategia-carreira-juridica-coordenacao-96x96.png\",\"contentUrl\":\"https:\\\/\\\/cj.estrategia.com\\\/portal\\\/wp-content\\\/uploads\\\/2022\\\/05\\\/12164923\\\/estrategia-carreira-juridica-coordenacao-96x96.png\",\"caption\":\"Coordena\u00e7\u00e3o\"},\"url\":\"https:\\\/\\\/cj.estrategia.com\\\/portal\\\/author\\\/coordenacao\\\/\"}]}<\/script>\n<!-- \/ Yoast SEO Premium plugin. -->","yoast_head_json":{"title":"Curso Espec\u00edfico para Resid\u00eancia TJGO p\u00f3s- edital","description":"Prepare-se para a Resid\u00eancia TJGO com o Curso Espec\u00edfico p\u00f3s-edital. Aproveite essa oportunidade para refor\u00e7ar seus conhecimentos e receber dicas valiosas.","robots":{"index":"index","follow":"follow","max-snippet":"max-snippet:-1","max-image-preview":"max-image-preview:large","max-video-preview":"max-video-preview:-1"},"canonical":"https:\/\/cj.estrategia.com\/portal\/curso-especifico-para-residencia-tjgo-pos-edital\/","og_locale":"pt_BR","og_type":"article","og_title":"Curso Espec\u00edfico para Resid\u00eancia TJGO p\u00f3s- edital","og_description":"Prepare-se para a Resid\u00eancia TJGO com o Curso Espec\u00edfico p\u00f3s-edital. Aproveite essa oportunidade para refor\u00e7ar seus conhecimentos e receber dicas valiosas.","og_url":"https:\/\/cj.estrategia.com\/portal\/curso-especifico-para-residencia-tjgo-pos-edital\/","og_site_name":"Blog - Carreiras Jur\u00eddicas - Estrat\u00e9gia","article_publisher":"https:\/\/www.facebook.com\/estrategiacarreirajuridica\/","article_published_time":"2025-01-30T14:39:45+00:00","article_modified_time":"2025-01-30T14:39:49+00:00","og_image":[{"width":960,"height":540,"url":"https:\/\/cj.estrategia.com\/portal\/wp-content\/uploads\/2023\/03\/27140838\/concursos-juridicos-magistratura-go.jpg","type":"image\/jpeg"}],"author":"Coordena\u00e7\u00e3o","twitter_card":"summary_large_image","twitter_creator":"@EstratJuridica","twitter_site":"@EstratJuridica","twitter_misc":{"Escrito por":"Coordena\u00e7\u00e3o","Est. tempo de leitura":"2 minutos"},"schema":{"@context":"https:\/\/schema.org","@graph":[{"@type":"NewsArticle","@id":"https:\/\/cj.estrategia.com\/portal\/curso-especifico-para-residencia-tjgo-pos-edital\/#article","isPartOf":{"@id":"https:\/\/cj.estrategia.com\/portal\/curso-especifico-para-residencia-tjgo-pos-edital\/"},"author":{"name":"Coordena\u00e7\u00e3o","@id":"https:\/\/cj.estrategia.com\/portal\/#\/schema\/person\/4d70317d31449932b99102916b6637f5"},"headline":"Curso Espec\u00edfico para Resid\u00eancia TJGO p\u00f3s- edital","datePublished":"2025-01-30T14:39:45+00:00","dateModified":"2025-01-30T14:39:49+00:00","mainEntityOfPage":{"@id":"https:\/\/cj.estrategia.com\/portal\/curso-especifico-para-residencia-tjgo-pos-edital\/"},"wordCount":233,"commentCount":0,"publisher":{"@id":"https:\/\/cj.estrategia.com\/portal\/#organization"},"image":{"@id":"https:\/\/cj.estrategia.com\/portal\/curso-especifico-para-residencia-tjgo-pos-edital\/#primaryimage"},"thumbnailUrl":"https:\/\/cj.estrategia.com\/portal\/wp-content\/uploads\/2023\/03\/27140838\/concursos-juridicos-magistratura-go.jpg","articleSection":["Magistratura"],"inLanguage":"pt-BR","potentialAction":[{"@type":"CommentAction","name":"Comment","target":["https:\/\/cj.estrategia.com\/portal\/curso-especifico-para-residencia-tjgo-pos-edital\/#respond"]}]},{"@type":"WebPage","@id":"https:\/\/cj.estrategia.com\/portal\/curso-especifico-para-residencia-tjgo-pos-edital\/","url":"https:\/\/cj.estrategia.com\/portal\/curso-especifico-para-residencia-tjgo-pos-edital\/","name":"Curso Espec\u00edfico para Resid\u00eancia TJGO p\u00f3s- edital","isPartOf":{"@id":"https:\/\/cj.estrategia.com\/portal\/#website"},"primaryImageOfPage":{"@id":"https:\/\/cj.estrategia.com\/portal\/curso-especifico-para-residencia-tjgo-pos-edital\/#primaryimage"},"image":{"@id":"https:\/\/cj.estrategia.com\/portal\/curso-especifico-para-residencia-tjgo-pos-edital\/#primaryimage"},"thumbnailUrl":"https:\/\/cj.estrategia.com\/portal\/wp-content\/uploads\/2023\/03\/27140838\/concursos-juridicos-magistratura-go.jpg","datePublished":"2025-01-30T14:39:45+00:00","dateModified":"2025-01-30T14:39:49+00:00","description":"Prepare-se para a Resid\u00eancia TJGO com o Curso Espec\u00edfico p\u00f3s-edital. Aproveite essa oportunidade para refor\u00e7ar seus conhecimentos e receber dicas valiosas.","breadcrumb":{"@id":"https:\/\/cj.estrategia.com\/portal\/curso-especifico-para-residencia-tjgo-pos-edital\/#breadcrumb"},"inLanguage":"pt-BR","potentialAction":[{"@type":"ReadAction","target":["https:\/\/cj.estrategia.com\/portal\/curso-especifico-para-residencia-tjgo-pos-edital\/"]}]},{"@type":"ImageObject","inLanguage":"pt-BR","@id":"https:\/\/cj.estrategia.com\/portal\/curso-especifico-para-residencia-tjgo-pos-edital\/#primaryimage","url":"https:\/\/cj.estrategia.com\/portal\/wp-content\/uploads\/2023\/03\/27140838\/concursos-juridicos-magistratura-go.jpg","contentUrl":"https:\/\/cj.estrategia.com\/portal\/wp-content\/uploads\/2023\/03\/27140838\/concursos-juridicos-magistratura-go.jpg","width":960,"height":540,"caption":"concurso juiz GO"},{"@type":"BreadcrumbList","@id":"https:\/\/cj.estrategia.com\/portal\/curso-especifico-para-residencia-tjgo-pos-edital\/#breadcrumb","itemListElement":[{"@type":"ListItem","position":1,"name":"In\u00edcio","item":"https:\/\/cj.estrategia.com\/portal\/"},{"@type":"ListItem","position":2,"name":"Curso Espec\u00edfico para Resid\u00eancia TJGO p\u00f3s- edital"}]},{"@type":"WebSite","@id":"https:\/\/cj.estrategia.com\/portal\/#website","url":"https:\/\/cj.estrategia.com\/portal\/","name":"Blog - Carreiras Jur\u00eddicas - Estrat\u00e9gia","description":"","publisher":{"@id":"https:\/\/cj.estrategia.com\/portal\/#organization"},"potentialAction":[{"@type":"SearchAction","target":{"@type":"EntryPoint","urlTemplate":"https:\/\/cj.estrategia.com\/portal\/?s={search_term_string}"},"query-input":{"@type":"PropertyValueSpecification","valueRequired":true,"valueName":"search_term_string"}}],"inLanguage":"pt-BR"},{"@type":"Organization","@id":"https:\/\/cj.estrategia.com\/portal\/#organization","name":"Estrat\u00e9gia - Carreiras Jur\u00eddicas","url":"https:\/\/cj.estrategia.com\/portal\/","logo":{"@type":"ImageObject","inLanguage":"pt-BR","@id":"https:\/\/cj.estrategia.com\/portal\/#\/schema\/logo\/image\/","url":"https:\/\/cj.estrategia.com\/portal\/wp-content\/uploads\/2022\/03\/11151052\/cj-logo.png","contentUrl":"https:\/\/cj.estrategia.com\/portal\/wp-content\/uploads\/2022\/03\/11151052\/cj-logo.png","width":150,"height":39,"caption":"Estrat\u00e9gia - Carreiras Jur\u00eddicas"},"image":{"@id":"https:\/\/cj.estrategia.com\/portal\/#\/schema\/logo\/image\/"},"sameAs":["https:\/\/www.facebook.com\/estrategiacarreirajuridica\/","https:\/\/x.com\/EstratJuridica","https:\/\/www.instagram.com\/estrategiacarreirajuridica\/","https:\/\/www.youtube.com\/channel\/UClbMGuYbj2Mh1m3w144ETWQ"]},{"@type":"Person","@id":"https:\/\/cj.estrategia.com\/portal\/#\/schema\/person\/4d70317d31449932b99102916b6637f5","name":"Coordena\u00e7\u00e3o","image":{"@type":"ImageObject","inLanguage":"pt-BR","@id":"https:\/\/cj.estrategia.com\/portal\/wp-content\/uploads\/2022\/05\/12164923\/estrategia-carreira-juridica-coordenacao-96x96.png","url":"https:\/\/cj.estrategia.com\/portal\/wp-content\/uploads\/2022\/05\/12164923\/estrategia-carreira-juridica-coordenacao-96x96.png","contentUrl":"https:\/\/cj.estrategia.com\/portal\/wp-content\/uploads\/2022\/05\/12164923\/estrategia-carreira-juridica-coordenacao-96x96.png","caption":"Coordena\u00e7\u00e3o"},"url":"https:\/\/cj.estrategia.com\/portal\/author\/coordenacao\/"}]}},"jetpack_featured_media_url":"https:\/\/cj.estrategia.com\/portal\/wp-content\/uploads\/2023\/03\/27140838\/concursos-juridicos-magistratura-go.jpg","jetpack_sharing_enabled":true,"_links":{"self":[{"href":"https:\/\/cj.estrategia.com\/portal\/wp-json\/wp\/v2\/posts\/94303","targetHints":{"allow":["GET"]}}],"collection":[{"href":"https:\/\/cj.estrategia.com\/portal\/wp-json\/wp\/v2\/posts"}],"about":[{"href":"https:\/\/cj.estrategia.com\/portal\/wp-json\/wp\/v2\/types\/post"}],"author":[{"embeddable":true,"href":"https:\/\/cj.estrategia.com\/portal\/wp-json\/wp\/v2\/users\/12"}],"replies":[{"embeddable":true,"href":"https:\/\/cj.estrategia.com\/portal\/wp-json\/wp\/v2\/comments?post=94303"}],"version-history":[{"count":0,"href":"https:\/\/cj.estrategia.com\/portal\/wp-json\/wp\/v2\/posts\/94303\/revisions"}],"wp:featuredmedia":[{"embeddable":true,"href":"https:\/\/cj.estrategia.com\/portal\/wp-json\/wp\/v2\/media\/32256"}],"wp:attachment":[{"href":"https:\/\/cj.estrategia.com\/portal\/wp-json\/wp\/v2\/media?parent=94303"}],"wp:term":[{"taxonomy":"category","embeddable":true,"href":"https:\/\/cj.estrategia.com\/portal\/wp-json\/wp\/v2\/categories?post=94303"},{"taxonomy":"post_tag","embeddable":true,"href":"https:\/\/cj.estrategia.com\/portal\/wp-json\/wp\/v2\/tags?post=94303"},{"taxonomy":"tax_estado","embeddable":true,"href":"https:\/\/cj.estrategia.com\/portal\/wp-json\/wp\/v2\/tax_estado?post=94303"}],"curies":[{"name":"wp","href":"https:\/\/api.w.org\/{rel}","templated":true}]}}