{"id":9424,"date":"2025-08-09T15:05:00","date_gmt":"2025-08-09T18:05:00","guid":{"rendered":"https:\/\/cj.estrategia.com\/portal\/?p=9424"},"modified":"2025-12-17T21:11:05","modified_gmt":"2025-12-18T00:11:05","slug":"concurso-procurador-camara-de-imperatriz","status":"publish","type":"post","link":"https:\/\/cj.estrategia.com\/portal\/concurso-procurador-camara-de-imperatriz\/","title":{"rendered":"Concurso Procurador C\u00e2mara de Imperatriz: prorrogado!"},"content":{"rendered":"\n<p>Os aprovados no <strong>Concurso Procurador C\u00e2mara de Imperatriz<\/strong> foram <a href=\"https:\/\/www.fsaduconcursos.org.br\/c\/1313\/get_doc.php?id=36&amp;c=9fd7e4c934eae39d6eb7dcad66a72a2173f916bc\">convocados para a posse<\/a>. O documento foi publicado pela banca no dia 25 de janeiro de 2023.<\/p>\n\n\n\n<p>Ademais, em 29 de outubro de 2024 o certame teve seu <a href=\"https:\/\/cj.estrategia.com\/portal\/wp-content\/uploads\/2025\/03\/17151409\/1313_prorrogacao_concurso-1.pdf\" target=\"_blank\" rel=\"noreferrer noopener nofollow\">prazo de v\u00e1lidade prorrogado<\/a> por mais dois anos.<\/p>\n\n\n\n<p>O concurso ofertou <strong>1 vaga imediata, al\u00e9m de 9 em cadastro de reserva <\/strong>para o cargo de <strong>Procurador Legislativo<\/strong> com iniciais de <strong>R$ 4.500,00<\/strong>.<\/p>\n\n\n\n<p>Para concorrer o candidato teve de comprovar diploma de Bacharelado em Direito, inscri\u00e7\u00e3o na Ordem dos Advogados do Brasil \u2013 OAB e experi\u00eancia profissional de 3 anos de atividade jur\u00eddica.<\/p>\n\n\n\n<p>Confira mais detalhes no artigo!<\/p>\n\n\n\n<ul class=\"wp-block-list has-very-light-gray-to-cyan-bluish-gray-gradient-background has-background\">\n<li><strong>Concurso Procurador C\u00e2mara de Imperatriz<\/strong><\/li>\n\n\n\n<li><strong>Banca:<\/strong>&nbsp;<a href=\"https:\/\/www.fsaduconcursos.org.br\/c\/1313\/info.php\" target=\"_blank\" rel=\"noreferrer noopener nofollow\">Funda\u00e7\u00e3o Sous\u00e2ndrade<\/a><\/li>\n\n\n\n<li><strong>Vagas:<\/strong>&nbsp;1 + 9 CR<\/li>\n\n\n\n<li><strong>Sal\u00e1rio inicial:<\/strong>&nbsp;R$ 4.500,00<\/li>\n\n\n\n<li><strong>Edital<\/strong>:&nbsp;<a href=\"https:\/\/dhg1h5j42swfq.cloudfront.net\/2022\/06\/24121522\/1313_edital_abertura_camara_imperatriz.pdf\" target=\"_blank\" rel=\"noreferrer noopener nofollow\">C\u00e2mara de Imperatriz &#8211; 2022<\/a><\/li>\n<\/ul>\n\n\n\n<p><\/p>\n\n\n\n<div class=\"container\" id=\"boxes\">\n  <div class=\"row\">\n\n    <div class=\"col-sm\">\n      <div class=\"banner-estrategia-concursos-juridicos\" id=\"box-assinatura\">\n        <h2 id=\"curso-para-concurso-procurador-camara-de-imperatriz\" class=\"titulo-assinatura\"><span style=\"color: #ffffff; font-size: 23px; \">Curso para Concurso Procurador C\u00e2mara de Imperatriz<\/span><\/h2>\n        <p class=\"subtitulo-assinatura\">Cursos focados no edital do concurso<\/p>\n        <div class=\"box-botao\">\n          <a class=\"btn-assinatura-juridica\" target=\"_blank\" href=\"https:\/\/cj.estrategia.com\/cursos\/home\" role=\"button\" rel=\"noopener noreferrer\">Conhe\u00e7a mais<\/a>\n        <\/div>\n      <\/div>\n      <p class=\"texto-auxiliar\">Prepare-se com o melhor material e com quem mais aprova em concursos em todo o pa\u00eds. \n<\/p>\n    <\/div>\n\n  <\/div>\n<\/div>\n\n\n\n<p><\/p>\n\n\n\n<p>Nosso objetivo \u00e9 deixar voc\u00ea&nbsp;100% atualizado. Acompanhe nos t\u00f3picos abaixo:<\/p>\n\n\n\n<ul class=\"wp-block-list\">\n<li><a href=\"#infos\"><strong>Situa\u00e7\u00e3o atual do concurso<\/strong><\/a><\/li>\n\n\n\n<li><a href=\"#cargo\"><strong>Cargos e vagas<\/strong><\/a><\/li>\n\n\n\n<li><strong><a href=\"#carreira\">Carreira<\/a><\/strong>\n<ul class=\"wp-block-list\">\n<li><a href=\"#requisitos\">Requisitos<\/a><\/li>\n\n\n\n<li><a href=\"#atribuicoes\">Atribui\u00e7\u00f5es<\/a><\/li>\n<\/ul>\n<\/li>\n\n\n\n<li><strong><a href=\"#etapas\">Etapas e provas do concurso<\/a><\/strong>\n<ul class=\"wp-block-list\">\n<li><a href=\"#objetiva\">Prova Objetiva<\/a><\/li>\n\n\n\n<li><a href=\"#pratica\">Prova Pr\u00e1tica<\/a><\/li>\n\n\n\n<li><a href=\"http:\/\/titulos\">Prova de T\u00edtulos<\/a><\/li>\n<\/ul>\n<\/li>\n\n\n\n<li><strong><a href=\"#cursos-assinatura\">Cursos e assinatura<\/a><\/strong><\/li>\n\n\n\n<li><strong><a href=\"#ficha\">Ficha t\u00e9cnica<\/a><\/strong><\/li>\n<\/ul>\n\n\n\n<h2 class=\"wp-block-heading\" id=\"infos\"><span id=\"situacao-do-concurso-procurador-camara-de-imperatriz\">Situa\u00e7\u00e3o do concurso Procurador C\u00e2mara de Imperatriz<\/span><\/h2>\n\n\n\n<h3 class=\"wp-block-heading\" id=\"h-prorrogacao\"><span id=\"prorrogacao\">Prorroga\u00e7\u00e3o<\/span><\/h3>\n\n\n\n<p>Em 29 de outubro de 2024 o certame teve seu <a href=\"https:\/\/cj.estrategia.com\/portal\/wp-content\/uploads\/2025\/03\/17151409\/1313_prorrogacao_concurso-1.pdf\" target=\"_blank\" rel=\"noreferrer noopener nofollow\">prazo de v\u00e1lidade prorrogado<\/a> por mais dois anos.<\/p>\n\n\n\n<h3 class=\"wp-block-heading\" id=\"h-resultados\"><span id=\"resultados\">Resultados<\/span><\/h3>\n\n\n\n<ul class=\"wp-block-list\">\n<li><a href=\"https:\/\/www.fsaduconcursos.org.br\/c\/1313\/get_doc.php?id=35&amp;c=633f4557abd7eb21eb20aabe16fbff93d74193c5\" target=\"_blank\" >Resultado Final ap\u00f3s Fase Recursal<\/a><\/li>\n<\/ul>\n\n\n\n<ul class=\"wp-block-list\">\n<li><a href=\"https:\/\/www.fsaduconcursos.org.br\/c\/1313\/get_doc.php?id=32&amp;c=d5ef08729c01a543426016b5214e48dc11cfe381\" target=\"_blank\" >Resultado Final Preliminar<\/a><\/li>\n<\/ul>\n\n\n\n<ul class=\"wp-block-list\">\n<li><a href=\"https:\/\/www.fsaduconcursos.org.br\/c\/1313\/get_doc.php?id=27&amp;c=e1d478746a2891cc385838273a4558a1ea2e4f63\" target=\"_blank\" >Resultado da Prova de T\u00edtulos de Procurador Legislativo<\/a><\/li>\n<\/ul>\n\n\n\n<ul class=\"wp-block-list\">\n<li><a href=\"https:\/\/www.fsaduconcursos.org.br\/c\/1313\/get_doc.php?id=26&amp;c=6e9394e340ce82f698d74b321f4037e969339429\" target=\"_blank\" >Resultado da Prova Pr\u00e1tica de Procurador Legislativo<\/a><\/li>\n<\/ul>\n\n\n\n<ul class=\"wp-block-list\">\n<li><a href=\"https:\/\/www.fsaduconcursos.org.br\/c\/1313\/get_doc.php?id=21&amp;c=1c6a565023d8ea3135b4df45e52ab8afffaa8d16\" target=\"_blank\" >Resultado da Prova Objetiva ap\u00f3s Fase Recursal<\/a><\/li>\n<\/ul>\n\n\n\n<ul class=\"wp-block-list\">\n<li><a href=\"https:\/\/www.fsaduconcursos.org.br\/c\/1313\/get_doc.php?id=17&amp;c=e0dfdd59b7fc77c3073e305814536445988bcdcb\" target=\"_blank\" >Gabarito Preliminar<\/a><\/li>\n<\/ul>\n\n\n\n<h3 class=\"wp-block-heading\" id=\"cargo\"><span id=\"cargos-e-vagas-do-concurso\">Cargos e vagas do concurso <\/span><\/h3>\n\n\n\n<figure class=\"wp-block-table is-style-stripes\"><table class=\"has-very-light-gray-to-cyan-bluish-gray-gradient-background has-background\"><thead><tr><th class=\"has-text-align-center\" data-align=\"center\">CARGOS<\/th><th class=\"has-text-align-center\" data-align=\"center\">VAGAS<\/th><th class=\"has-text-align-center\" data-align=\"center\">SAL\u00c1RIO<\/th><\/tr><\/thead><tbody><tr><td class=\"has-text-align-center\" data-align=\"center\">Procurador Legislativo<\/td><td class=\"has-text-align-center\" data-align=\"center\">1 + 9 CR<\/td><td class=\"has-text-align-center\" data-align=\"center\">R$ 4.500,00<\/td><\/tr><\/tbody><\/table><\/figure>\n\n\n\n<h2 class=\"wp-block-heading\" id=\"carreira\"><span id=\"concurso-procurador-camara-de-imperatriz-carreira\">Concurso Procurador C\u00e2mara de Imperatriz: Carreira<\/span><\/h2>\n\n\n\n<h3 class=\"wp-block-heading\" id=\"requisitos\">Requisitos <\/h3>\n\n\n\n<ul class=\"wp-block-list\">\n<li>Bacharelado em Direito;<\/li>\n\n\n\n<li>OAB;<\/li>\n\n\n\n<li>3 anos de experi\u00eancia.<\/li>\n<\/ul>\n\n\n\n<h3 class=\"wp-block-heading\" id=\"atribuicoes\">Atribui\u00e7\u00f5es <\/h3>\n\n\n\n<p>S\u00e3o atribui\u00e7\u00f5es do Procurador da C\u00e2mara Municipal de Imperatriz: <\/p>\n\n\n\n<ul class=\"wp-block-list\">\n<li>Representar judicialmente a C\u00e2mara Municipal de Imperatriz. <\/li>\n\n\n\n<li>Prestar consultoria jur\u00eddica aos setores, secretarias e presid\u00eancia.<\/li>\n\n\n\n<li>Oficiar nos atos administrativos referente ao controle interno e legalidade. <\/li>\n\n\n\n<li>Emitir pareceres sobre contratos e mat\u00e9ria de pessoal ativo e inativo. <\/li>\n\n\n\n<li>Planejar, orientar, coordenar, na condi\u00e7\u00e3o de procurador, os processos jur\u00eddicos de interesse da C\u00e2mara Municipal de Imperatriz. <\/li>\n\n\n\n<li>Fazer estudos jur\u00eddicos e de consultoria, emitir pareceres. <\/li>\n\n\n\n<li>Desempenhar atividades afins e correlatas. <\/li>\n\n\n\n<li>Propor a\u00e7\u00f5es judiciais. <\/li>\n\n\n\n<li>Elaborar defesas e recursos em processos administrativos e judiciais, emitir pareceres sobre editais de licita\u00e7\u00f5es, dispensa e inexigibilidade, bem como os contratos a serem firmados pela C\u00e2mara Municipal, orientar quanto ao aspecto jur\u00eddico, os processos administrativos e sindic\u00e2ncias instauradas pela Presid\u00eancia da C\u00e2mara Municipal. <\/li>\n\n\n\n<li>Orientar os gestores da administra\u00e7\u00e3o da C\u00e2mara no desempenho de suas fun\u00e7\u00f5es e responsabilidades.<\/li>\n<\/ul>\n\n\n\n<h2 class=\"wp-block-heading\" id=\"etapas\"><span id=\"etapas-do-concurso-procurador-camara-de-imperatriz\">Etapas do concurso Procurador C\u00e2mara de Imperatriz<\/span><\/h2>\n\n\n\n<p>O Concurso Procurador C\u00e2mara de Imperatriz MA constou das seguintes provas:<\/p>\n\n\n\n<ol class=\"wp-block-list\">\n<li><strong>Prova Objetiva<\/strong>, de car\u00e1ter eliminat\u00f3rio e classificat\u00f3rio;<\/li>\n\n\n\n<li><strong>Prova Pr\u00e1tica<\/strong>, de car\u00e1ter eliminat\u00f3rio e classificat\u00f3rio;<\/li>\n\n\n\n<li><strong>Prova de T\u00edtulos, <\/strong>de car\u00e1ter classificat\u00f3rio.<\/li>\n<\/ol>\n\n\n\n<h3 class=\"wp-block-heading\" id=\"objetiva\"><span id=\"prova-objetiva\">Prova Objetiva <\/span><\/h3>\n\n\n\n<p>A Prova Objetiva, teve a dura\u00e7\u00e3o de 4 horas com 5 op\u00e7\u00f5es de resposta, sendo apenas uma op\u00e7\u00e3o correta.<\/p>\n\n\n\n<figure class=\"wp-block-table is-style-stripes\"><table class=\"has-very-light-gray-to-cyan-bluish-gray-gradient-background has-background\"><thead><tr><th>Disciplina <\/th><th class=\"has-text-align-center\" data-align=\"center\">Qtd de Quest\u00f5es<\/th><th class=\"has-text-align-center\" data-align=\"center\">Valor Unit\u00e1rio <\/th><th>Total<\/th><\/tr><\/thead><tbody><tr><td>L\u00edngua Portuguesa<\/td><td class=\"has-text-align-center\" data-align=\"center\">15<\/td><td class=\"has-text-align-center\" data-align=\"center\">2,5<\/td><td>37,5<\/td><\/tr><tr><td>No\u00e7\u00f5es de Inform\u00e1tica<\/td><td class=\"has-text-align-center\" data-align=\"center\">05<\/td><td class=\"has-text-align-center\" data-align=\"center\">2,5<\/td><td>12,5<\/td><\/tr><tr><td>Conhecimentos Espec\u00edficos<\/td><td class=\"has-text-align-center\" data-align=\"center\">20<\/td><td class=\"has-text-align-center\" data-align=\"center\">2,5<\/td><td>50<\/td><\/tr><tr><td><strong>TOTAL<\/strong><\/td><td class=\"has-text-align-center\" data-align=\"center\"><strong>40<\/strong><\/td><td class=\"has-text-align-center\" data-align=\"center\"><\/td><td><strong>100<\/strong><\/td><\/tr><\/tbody><\/table><\/figure>\n\n\n\n<h4 id=\"conhecimentos-especificos\" class=\"wp-block-heading\">Conhecimentos Espec\u00edficos: <\/h4>\n\n\n\n<ul class=\"wp-block-list\">\n<li>Direito Administrativo; <\/li>\n\n\n\n<li>Direito Constitucional; <\/li>\n\n\n\n<li>Direito Ambiental e Urban\u00edstico; <\/li>\n\n\n\n<li>Direito Tribut\u00e1rio; <\/li>\n\n\n\n<li>Direito Civil; <\/li>\n\n\n\n<li>Direito Processual Civil; <\/li>\n\n\n\n<li>Direito Penal; <\/li>\n\n\n\n<li>Direito do Trabalho. <\/li>\n<\/ul>\n\n\n\n<p>Foi eliminado do certame o candidato que se enquadrou em pelo menos uma das seguintes hip\u00f3teses:<\/p>\n\n\n\n<ul class=\"wp-block-list\">\n<li>Obteve nota inferior a 40% dos pontos poss\u00edveis na Prova Objetiva;<\/li>\n\n\n\n<li>Considerando a ordem decrescente dos totais de pontos obtidos na Prova Objetiva, ficou al\u00e9m do limite do somat\u00f3rio do n\u00famero de vagas mais o cadastro reserva.<\/li>\n<\/ul>\n\n\n\n<h3 class=\"wp-block-heading\" id=\"pratica\"><span id=\"prova-pratica\">Prova Pr\u00e1tica<\/span><\/h3>\n\n\n\n<p>A Prova Pr\u00e1tica teve car\u00e1ter eliminat\u00f3rio e classificat\u00f3rio, sendo procedida somente para os candidatos que n\u00e3o foram eliminados na Prova Objetiva.<\/p>\n\n\n\n<p>A Prova teve a dura\u00e7\u00e3o de 3 horas e valor total de 20 pontos. Os candidatos selecionados para ela foram convocados por Edital, que foi publicado no site oficial do Concurso.<\/p>\n\n\n\n<p>A Prova Pr\u00e1tica consistiu na elabora\u00e7\u00e3o de uma pe\u00e7a jur\u00eddica ou de um parecer jur\u00eddico relacionados com um dos assuntos previstos como Conhecimento Espec\u00edfico do cargo, que deveria ser manuscrita na Folha de Resposta pr\u00f3pria, numerada e codificada.<\/p>\n\n\n\n<p>Na corre\u00e7\u00e3o da Prova Pr\u00e1tica, foram considerados o conte\u00fado, a capacidade de estrutura\u00e7\u00e3o l\u00f3gica, a t\u00e9cnica, a coer\u00eancia, a fundamenta\u00e7\u00e3o, o cumprimento dos requisitos legais e a gram\u00e1tica padr\u00e3o, de acordo com os crit\u00e9rios estabelecidos.<\/p>\n\n\n\n<p>Foi ELIMINADO do concurso o candidato que se enquadrou em pelo menos uma das seguintes hip\u00f3teses:<\/p>\n\n\n\n<ul class=\"wp-block-list\">\n<li>Faltou na Prova Pr\u00e1tica;<\/li>\n\n\n\n<li>Obteve aproveitamento inferior a 50% na Prova Pr\u00e1tica.<\/li>\n<\/ul>\n\n\n\n<h3 class=\"wp-block-heading\" id=\"titulos\"><span id=\"prova-de-titulos\">Prova de T\u00edtulos<\/span><\/h3>\n\n\n\n<p>A prova de t\u00edtulos, de car\u00e1ter classificat\u00f3rio, valeu at\u00e9 <strong>15 pontos<\/strong>. As c\u00f3pias autenticadas dos documentos comprobat\u00f3rios tiveram de ser entregues pelo candidato na data da realiza\u00e7\u00e3o da prova pr\u00e1tica.<\/p>\n\n\n\n<figure class=\"wp-block-table is-style-stripes\"><table class=\"has-very-light-gray-to-cyan-bluish-gray-gradient-background has-background\"><thead><tr><th>FORMA\u00c7\u00c3O CONTINUADA<\/th><th class=\"has-text-align-center\" data-align=\"center\">Valor Unit\u00e1rio<\/th><th class=\"has-text-align-center\" data-align=\"center\">Pontua\u00e7\u00e3o M\u00e1xima <\/th><\/tr><\/thead><tbody><tr><td>Doutorado na \u00e1rea jur\u00eddica<\/td><td class=\"has-text-align-center\" data-align=\"center\">5,0<\/td><td class=\"has-text-align-center\" data-align=\"center\">5,0<\/td><\/tr><tr><td>Mestrado na \u00e1rea jur\u00eddica<\/td><td class=\"has-text-align-center\" data-align=\"center\">3,0<\/td><td class=\"has-text-align-center\" data-align=\"center\">3,0<\/td><\/tr><tr><td>Curso de Especializa\u00e7\u00e3o na \u00e1rea jur\u00eddica com dura\u00e7\u00e3o m\u00ednima de 360 horas<\/td><td class=\"has-text-align-center\" data-align=\"center\">2,0<\/td><td class=\"has-text-align-center\" data-align=\"center\">2,0<\/td><\/tr><tr><td><strong>TOTAL<\/strong><\/td><td class=\"has-text-align-center\" data-align=\"center\"><\/td><td class=\"has-text-align-center\" data-align=\"center\"><strong>10,0<\/strong><\/td><\/tr><tr><td><strong>EXPERI\u00caNCIA PROFISSIONAL<\/strong><\/td><td class=\"has-text-align-center\" data-align=\"center\"><strong><strong>Valor Unit\u00e1rio<\/strong><\/strong><\/td><td class=\"has-text-align-center\" data-align=\"center\"><strong>Pontua\u00e7\u00e3o M\u00e1xima<\/strong><\/td><\/tr><tr><td>Experi\u00eancia na \u00e1rea jur\u00eddica no setor p\u00fablico<\/td><td class=\"has-text-align-center\" data-align=\"center\">1,0 para cada ano de<br>experi\u00eancia comprovada<\/td><td class=\"has-text-align-center\" data-align=\"center\">3,0<\/td><\/tr><tr><td>Experi\u00eancia na \u00e1rea jur\u00eddica no setor privado<\/td><td class=\"has-text-align-center\" data-align=\"center\">1,0 para cada ano de<br>experi\u00eancia comprovada<\/td><td class=\"has-text-align-center\" data-align=\"center\">2,0<\/td><\/tr><tr><td><strong>TOTAL<\/strong><\/td><td class=\"has-text-align-center\" data-align=\"center\"><\/td><td class=\"has-text-align-center\" data-align=\"center\"><strong>5,0<\/strong><\/td><\/tr><\/tbody><\/table><\/figure>\n\n\n\n<hr class=\"wp-block-separator has-css-opacity\"\/>\n\n\n\n<h2 class=\"wp-block-heading has-text-align-center\" id=\"h-quer-saber-tudo-sobre-concursos-previstos-confira-nossos-artigos\"><span id=\"quer-saber-tudo-sobre-concursos-previstosconfira-nossos-artigos\">Quer saber tudo sobre concursos previstos?<br>Confira nossos artigos!<\/span><\/h2>\n\n\n\n<ul class=\"wp-block-list\">\n<li><a href=\"https:\/\/cj.estrategia.com\/portal\/concursos-abertos-carreiras-juridicas\/\" target=\"_blank\" >Concursos jur\u00eddicos abertos<\/a><\/li>\n\n\n\n<li><a href=\"https:\/\/cj.estrategia.com\/portal\/concursos-2025-carreiras-juridicas\/\" target=\"_blank\" ><a href=\"https:\/\/cj.estrategia.com\/portal\/concursos-2025-carreiras-juridicas\/\" target=\"_blank\" ><\/a><a href=\"https:\/\/cj.estrategia.com\/portal\/concursos-juridicos-2026-prepare-se-para-os-proximos-editais\/\" target=\"_blank\" >Concursos Jur\u00eddicos 2026<\/a><\/a><\/li>\n\n\n\n<li><a href=\"https:\/\/cj.estrategia.com\/portal\/concursos-procuradorias\/\" target=\"_blank\" >Concursos Procuradorias<\/a><\/li>\n<\/ul>\n\n\n\n<h2 class=\"wp-block-heading has-text-align-center\" id=\"cursos-assinatura\"><span id=\"cursos-para-o-concurso-procurador-camara-de-imperatriz\">Cursos para o concurso Procurador C\u00e2mara de Imperatriz<\/span><\/h2>\n\n\n\n<div class=\"wp-block-cover\" style=\"min-height:155px;aspect-ratio:unset;\"><img decoding=\"async\" width=\"1890\" height=\"351\" class=\"wp-block-cover__image-background wp-image-8669\" alt=\"Assinaturas Jur\u00eddicas\" src=\"https:\/\/cj.estrategia.com\/portal\/wp-content\/uploads\/2022\/06\/20151253\/concurso-carreiras-juridicas-assinatura-juridica.jpg\" style=\"object-position:78% 43%\" data-object-fit=\"cover\" data-object-position=\"78% 43%\" srcset=\"https:\/\/cj.estrategia.com\/portal\/wp-content\/uploads\/2022\/06\/20151253\/concurso-carreiras-juridicas-assinatura-juridica.jpg 1890w, https:\/\/cj.estrategia.com\/portal\/wp-content\/uploads\/2022\/06\/20151253\/concurso-carreiras-juridicas-assinatura-juridica-300x56.jpg 300w, https:\/\/cj.estrategia.com\/portal\/wp-content\/uploads\/2022\/06\/20151253\/concurso-carreiras-juridicas-assinatura-juridica-1024x190.jpg 1024w, https:\/\/cj.estrategia.com\/portal\/wp-content\/uploads\/2022\/06\/20151253\/concurso-carreiras-juridicas-assinatura-juridica-768x143.jpg 768w, https:\/\/cj.estrategia.com\/portal\/wp-content\/uploads\/2022\/06\/20151253\/concurso-carreiras-juridicas-assinatura-juridica-1536x285.jpg 1536w, https:\/\/cj.estrategia.com\/portal\/wp-content\/uploads\/2022\/06\/20151253\/concurso-carreiras-juridicas-assinatura-juridica-380x71.jpg 380w, https:\/\/cj.estrategia.com\/portal\/wp-content\/uploads\/2022\/06\/20151253\/concurso-carreiras-juridicas-assinatura-juridica-800x149.jpg 800w, https:\/\/cj.estrategia.com\/portal\/wp-content\/uploads\/2022\/06\/20151253\/concurso-carreiras-juridicas-assinatura-juridica-1160x215.jpg 1160w\" sizes=\"(max-width: 1890px) 100vw, 1890px\" \/><span aria-hidden=\"true\" class=\"wp-block-cover__background has-background-dim\"><\/span><div class=\"wp-block-cover__inner-container is-layout-flow wp-block-cover-is-layout-flow\">\n<h3 id=\"faca-a-sua-assinatura\" class=\"titulo-assinatura\"><span style=\"color: #ffffff;\">Fa\u00e7a a sua assinatura!<\/span><\/h3>\n<p class=\"subtitulo-assinatura\" style=\"display:block!important; line-height: 0;\"><span style=\"color: #ffffff;\">Escolha a sua \u00e1rea.<\/span><\/p>\n<a target=\"_blank\" href=\"https:\/\/www.estrategiaconcursos.com.br\/assinaturas-ecj\/\" rel=\"noopener\"><button style=\"border-radius: 10px; text-transform: capitalize;\">Acessar<\/button><\/a>\n<\/div><\/div>\n\n\n\n<figure class=\"wp-block-image size-large is-resized\"><img decoding=\"async\" src=\"https:\/\/dhg1h5j42swfq.cloudfront.net\/2021\/08\/03114407\/ficha-tecnica-2-1024x632.png\" alt=\"\" class=\"wp-image-827694\" style=\"width:233px;height:auto\"\/><\/figure>\n\n\n\n<h4 class=\"wp-block-heading\" id=\"ficha\"><span id=\"informacoes-sobre-o-concurso-procurador-camara-de-imperatriz\">Informa\u00e7\u00f5es sobre o concurso Procurador C\u00e2mara de Imperatriz <\/span><\/h4>\n\n\n\n<ul class=\"wp-block-list\">\n<li><strong>Vagas<\/strong>: 1 + 9 CR<\/li>\n\n\n\n<li><strong>Cargos<\/strong>: Procurador Legislativo<\/li>\n\n\n\n<li><strong>Banca<\/strong>: Funda\u00e7\u00e3o Sous\u00e2ndrade<\/li>\n\n\n\n<li><strong>Escolaridade<\/strong>: Bacharelado em Direito, inscri\u00e7\u00e3o na OAB e 3 anos de atividade jur\u00eddica<\/li>\n\n\n\n<li><strong>Edital<\/strong>:&nbsp;<a href=\"https:\/\/dhg1h5j42swfq.cloudfront.net\/2022\/06\/24121522\/1313_edital_abertura_camara_imperatriz.pdf\" target=\"_blank\" rel=\"noreferrer noopener nofollow\">C\u00e2mara de Imperatriz &#8211; 2022<\/a><\/li>\n<\/ul>\n","protected":false},"excerpt":{"rendered":"Os aprovados no Concurso Procurador C\u00e2mara de Imperatriz foram convocados para a posse. O documento foi publicado pela&hellip;\n","protected":false},"author":12,"featured_media":67167,"comment_status":"open","ping_status":"open","sticky":false,"template":"","format":"standard","meta":{"_jetpack_memberships_contains_paid_content":false,"footnotes":""},"categories":[1,24],"tags":[],"tax_estado":[40],"class_list":{"0":"post-9424","1":"post","2":"type-post","3":"status-publish","4":"format-standard","5":"has-post-thumbnail","7":"category-carreiras-juridicas","8":"category-procuradoria","9":"tax_estado-ma"},"acf":[],"yoast_head":"<!-- This site is optimized with the Yoast SEO Premium plugin v27.4 (Yoast SEO v27.4) - https:\/\/yoast.com\/product\/yoast-seo-premium-wordpress\/ -->\n<title>Concurso Procurador C\u00e2mara de Imperatriz: prorrogado!<\/title>\n<meta name=\"description\" content=\"Concurso Procurador C\u00e2mara Imperatriz: inscri\u00e7\u00f5es encerradas! Edital oferta de 1 vaga direta mais 9 para forma\u00e7\u00e3o de CR.\" \/>\n<meta name=\"robots\" content=\"index, follow, max-snippet:-1, max-image-preview:large, max-video-preview:-1\" \/>\n<link rel=\"canonical\" href=\"https:\/\/cj.estrategia.com\/portal\/concurso-procurador-camara-de-imperatriz\/\" \/>\n<meta property=\"og:locale\" content=\"pt_BR\" \/>\n<meta property=\"og:type\" content=\"article\" \/>\n<meta property=\"og:title\" content=\"Concurso Procurador C\u00e2mara de Imperatriz: prorrogado!\" \/>\n<meta property=\"og:description\" content=\"Concurso Procurador C\u00e2mara Imperatriz: inscri\u00e7\u00f5es encerradas! Edital oferta de 1 vaga direta mais 9 para forma\u00e7\u00e3o de CR.\" \/>\n<meta property=\"og:url\" content=\"https:\/\/cj.estrategia.com\/portal\/concurso-procurador-camara-de-imperatriz\/\" \/>\n<meta property=\"og:site_name\" content=\"Blog - Carreiras Jur\u00eddicas - Estrat\u00e9gia\" \/>\n<meta property=\"article:publisher\" content=\"https:\/\/www.facebook.com\/estrategiacarreirajuridica\/\" \/>\n<meta property=\"article:published_time\" content=\"2025-08-09T18:05:00+00:00\" \/>\n<meta property=\"article:modified_time\" content=\"2025-12-18T00:11:05+00:00\" \/>\n<meta property=\"og:image\" content=\"https:\/\/cj.estrategia.com\/portal\/wp-content\/uploads\/2024\/06\/26133417\/concurso_procuradorias.jpg\" \/>\n\t<meta property=\"og:image:width\" content=\"300\" \/>\n\t<meta property=\"og:image:height\" content=\"200\" \/>\n\t<meta property=\"og:image:type\" content=\"image\/jpeg\" \/>\n<meta name=\"author\" content=\"Coordena\u00e7\u00e3o\" \/>\n<meta name=\"twitter:card\" content=\"summary_large_image\" \/>\n<meta name=\"twitter:creator\" content=\"@EstratJuridica\" \/>\n<meta name=\"twitter:site\" content=\"@EstratJuridica\" \/>\n<meta name=\"twitter:label1\" content=\"Escrito por\" \/>\n\t<meta name=\"twitter:data1\" content=\"Coordena\u00e7\u00e3o\" \/>\n\t<meta name=\"twitter:label2\" content=\"Est. tempo de leitura\" \/>\n\t<meta name=\"twitter:data2\" content=\"11 minutos\" \/>\n<script type=\"application\/ld+json\" class=\"yoast-schema-graph\">{\"@context\":\"https:\\\/\\\/schema.org\",\"@graph\":[{\"@type\":\"NewsArticle\",\"@id\":\"https:\\\/\\\/cj.estrategia.com\\\/portal\\\/concurso-procurador-camara-de-imperatriz\\\/#article\",\"isPartOf\":{\"@id\":\"https:\\\/\\\/cj.estrategia.com\\\/portal\\\/concurso-procurador-camara-de-imperatriz\\\/\"},\"author\":{\"name\":\"Coordena\u00e7\u00e3o\",\"@id\":\"https:\\\/\\\/cj.estrategia.com\\\/portal\\\/#\\\/schema\\\/person\\\/4d70317d31449932b99102916b6637f5\"},\"headline\":\"Concurso Procurador C\u00e2mara de Imperatriz: prorrogado!\",\"datePublished\":\"2025-08-09T18:05:00+00:00\",\"dateModified\":\"2025-12-18T00:11:05+00:00\",\"mainEntityOfPage\":{\"@id\":\"https:\\\/\\\/cj.estrategia.com\\\/portal\\\/concurso-procurador-camara-de-imperatriz\\\/\"},\"wordCount\":1006,\"commentCount\":0,\"publisher\":{\"@id\":\"https:\\\/\\\/cj.estrategia.com\\\/portal\\\/#organization\"},\"image\":{\"@id\":\"https:\\\/\\\/cj.estrategia.com\\\/portal\\\/concurso-procurador-camara-de-imperatriz\\\/#primaryimage\"},\"thumbnailUrl\":\"https:\\\/\\\/cj.estrategia.com\\\/portal\\\/wp-content\\\/uploads\\\/2024\\\/06\\\/26133417\\\/concurso_procuradorias.jpg\",\"articleSection\":[\"Carreiras Jur\u00eddicas\",\"Procuradoria\"],\"inLanguage\":\"pt-BR\",\"potentialAction\":[{\"@type\":\"CommentAction\",\"name\":\"Comment\",\"target\":[\"https:\\\/\\\/cj.estrategia.com\\\/portal\\\/concurso-procurador-camara-de-imperatriz\\\/#respond\"]}]},{\"@type\":\"WebPage\",\"@id\":\"https:\\\/\\\/cj.estrategia.com\\\/portal\\\/concurso-procurador-camara-de-imperatriz\\\/\",\"url\":\"https:\\\/\\\/cj.estrategia.com\\\/portal\\\/concurso-procurador-camara-de-imperatriz\\\/\",\"name\":\"Concurso Procurador C\u00e2mara de Imperatriz: prorrogado!\",\"isPartOf\":{\"@id\":\"https:\\\/\\\/cj.estrategia.com\\\/portal\\\/#website\"},\"primaryImageOfPage\":{\"@id\":\"https:\\\/\\\/cj.estrategia.com\\\/portal\\\/concurso-procurador-camara-de-imperatriz\\\/#primaryimage\"},\"image\":{\"@id\":\"https:\\\/\\\/cj.estrategia.com\\\/portal\\\/concurso-procurador-camara-de-imperatriz\\\/#primaryimage\"},\"thumbnailUrl\":\"https:\\\/\\\/cj.estrategia.com\\\/portal\\\/wp-content\\\/uploads\\\/2024\\\/06\\\/26133417\\\/concurso_procuradorias.jpg\",\"datePublished\":\"2025-08-09T18:05:00+00:00\",\"dateModified\":\"2025-12-18T00:11:05+00:00\",\"description\":\"Concurso Procurador C\u00e2mara Imperatriz: inscri\u00e7\u00f5es encerradas! Edital oferta de 1 vaga direta mais 9 para forma\u00e7\u00e3o de CR.\",\"breadcrumb\":{\"@id\":\"https:\\\/\\\/cj.estrategia.com\\\/portal\\\/concurso-procurador-camara-de-imperatriz\\\/#breadcrumb\"},\"inLanguage\":\"pt-BR\",\"potentialAction\":[{\"@type\":\"ReadAction\",\"target\":[\"https:\\\/\\\/cj.estrategia.com\\\/portal\\\/concurso-procurador-camara-de-imperatriz\\\/\"]}]},{\"@type\":\"ImageObject\",\"inLanguage\":\"pt-BR\",\"@id\":\"https:\\\/\\\/cj.estrategia.com\\\/portal\\\/concurso-procurador-camara-de-imperatriz\\\/#primaryimage\",\"url\":\"https:\\\/\\\/cj.estrategia.com\\\/portal\\\/wp-content\\\/uploads\\\/2024\\\/06\\\/26133417\\\/concurso_procuradorias.jpg\",\"contentUrl\":\"https:\\\/\\\/cj.estrategia.com\\\/portal\\\/wp-content\\\/uploads\\\/2024\\\/06\\\/26133417\\\/concurso_procuradorias.jpg\",\"width\":300,\"height\":200},{\"@type\":\"BreadcrumbList\",\"@id\":\"https:\\\/\\\/cj.estrategia.com\\\/portal\\\/concurso-procurador-camara-de-imperatriz\\\/#breadcrumb\",\"itemListElement\":[{\"@type\":\"ListItem\",\"position\":1,\"name\":\"In\u00edcio\",\"item\":\"https:\\\/\\\/cj.estrategia.com\\\/portal\\\/\"},{\"@type\":\"ListItem\",\"position\":2,\"name\":\"Concurso Procurador C\u00e2mara de Imperatriz: prorrogado!\"}]},{\"@type\":\"WebSite\",\"@id\":\"https:\\\/\\\/cj.estrategia.com\\\/portal\\\/#website\",\"url\":\"https:\\\/\\\/cj.estrategia.com\\\/portal\\\/\",\"name\":\"Blog - Carreiras Jur\u00eddicas - Estrat\u00e9gia\",\"description\":\"\",\"publisher\":{\"@id\":\"https:\\\/\\\/cj.estrategia.com\\\/portal\\\/#organization\"},\"potentialAction\":[{\"@type\":\"SearchAction\",\"target\":{\"@type\":\"EntryPoint\",\"urlTemplate\":\"https:\\\/\\\/cj.estrategia.com\\\/portal\\\/?s={search_term_string}\"},\"query-input\":{\"@type\":\"PropertyValueSpecification\",\"valueRequired\":true,\"valueName\":\"search_term_string\"}}],\"inLanguage\":\"pt-BR\"},{\"@type\":\"Organization\",\"@id\":\"https:\\\/\\\/cj.estrategia.com\\\/portal\\\/#organization\",\"name\":\"Estrat\u00e9gia - Carreiras Jur\u00eddicas\",\"url\":\"https:\\\/\\\/cj.estrategia.com\\\/portal\\\/\",\"logo\":{\"@type\":\"ImageObject\",\"inLanguage\":\"pt-BR\",\"@id\":\"https:\\\/\\\/cj.estrategia.com\\\/portal\\\/#\\\/schema\\\/logo\\\/image\\\/\",\"url\":\"https:\\\/\\\/cj.estrategia.com\\\/portal\\\/wp-content\\\/uploads\\\/2022\\\/03\\\/11151052\\\/cj-logo.png\",\"contentUrl\":\"https:\\\/\\\/cj.estrategia.com\\\/portal\\\/wp-content\\\/uploads\\\/2022\\\/03\\\/11151052\\\/cj-logo.png\",\"width\":150,\"height\":39,\"caption\":\"Estrat\u00e9gia - Carreiras Jur\u00eddicas\"},\"image\":{\"@id\":\"https:\\\/\\\/cj.estrategia.com\\\/portal\\\/#\\\/schema\\\/logo\\\/image\\\/\"},\"sameAs\":[\"https:\\\/\\\/www.facebook.com\\\/estrategiacarreirajuridica\\\/\",\"https:\\\/\\\/x.com\\\/EstratJuridica\",\"https:\\\/\\\/www.instagram.com\\\/estrategiacarreirajuridica\\\/\",\"https:\\\/\\\/www.youtube.com\\\/channel\\\/UClbMGuYbj2Mh1m3w144ETWQ\"]},{\"@type\":\"Person\",\"@id\":\"https:\\\/\\\/cj.estrategia.com\\\/portal\\\/#\\\/schema\\\/person\\\/4d70317d31449932b99102916b6637f5\",\"name\":\"Coordena\u00e7\u00e3o\",\"image\":{\"@type\":\"ImageObject\",\"inLanguage\":\"pt-BR\",\"@id\":\"https:\\\/\\\/cj.estrategia.com\\\/portal\\\/wp-content\\\/uploads\\\/2022\\\/05\\\/12164923\\\/estrategia-carreira-juridica-coordenacao-96x96.png\",\"url\":\"https:\\\/\\\/cj.estrategia.com\\\/portal\\\/wp-content\\\/uploads\\\/2022\\\/05\\\/12164923\\\/estrategia-carreira-juridica-coordenacao-96x96.png\",\"contentUrl\":\"https:\\\/\\\/cj.estrategia.com\\\/portal\\\/wp-content\\\/uploads\\\/2022\\\/05\\\/12164923\\\/estrategia-carreira-juridica-coordenacao-96x96.png\",\"caption\":\"Coordena\u00e7\u00e3o\"},\"url\":\"https:\\\/\\\/cj.estrategia.com\\\/portal\\\/author\\\/coordenacao\\\/\"}]}<\/script>\n<!-- \/ Yoast SEO Premium plugin. -->","yoast_head_json":{"title":"Concurso Procurador C\u00e2mara de Imperatriz: prorrogado!","description":"Concurso Procurador C\u00e2mara Imperatriz: inscri\u00e7\u00f5es encerradas! Edital oferta de 1 vaga direta mais 9 para forma\u00e7\u00e3o de CR.","robots":{"index":"index","follow":"follow","max-snippet":"max-snippet:-1","max-image-preview":"max-image-preview:large","max-video-preview":"max-video-preview:-1"},"canonical":"https:\/\/cj.estrategia.com\/portal\/concurso-procurador-camara-de-imperatriz\/","og_locale":"pt_BR","og_type":"article","og_title":"Concurso Procurador C\u00e2mara de Imperatriz: prorrogado!","og_description":"Concurso Procurador C\u00e2mara Imperatriz: inscri\u00e7\u00f5es encerradas! Edital oferta de 1 vaga direta mais 9 para forma\u00e7\u00e3o de CR.","og_url":"https:\/\/cj.estrategia.com\/portal\/concurso-procurador-camara-de-imperatriz\/","og_site_name":"Blog - Carreiras Jur\u00eddicas - Estrat\u00e9gia","article_publisher":"https:\/\/www.facebook.com\/estrategiacarreirajuridica\/","article_published_time":"2025-08-09T18:05:00+00:00","article_modified_time":"2025-12-18T00:11:05+00:00","og_image":[{"width":300,"height":200,"url":"https:\/\/cj.estrategia.com\/portal\/wp-content\/uploads\/2024\/06\/26133417\/concurso_procuradorias.jpg","type":"image\/jpeg"}],"author":"Coordena\u00e7\u00e3o","twitter_card":"summary_large_image","twitter_creator":"@EstratJuridica","twitter_site":"@EstratJuridica","twitter_misc":{"Escrito por":"Coordena\u00e7\u00e3o","Est. tempo de leitura":"11 minutos"},"schema":{"@context":"https:\/\/schema.org","@graph":[{"@type":"NewsArticle","@id":"https:\/\/cj.estrategia.com\/portal\/concurso-procurador-camara-de-imperatriz\/#article","isPartOf":{"@id":"https:\/\/cj.estrategia.com\/portal\/concurso-procurador-camara-de-imperatriz\/"},"author":{"name":"Coordena\u00e7\u00e3o","@id":"https:\/\/cj.estrategia.com\/portal\/#\/schema\/person\/4d70317d31449932b99102916b6637f5"},"headline":"Concurso Procurador C\u00e2mara de Imperatriz: prorrogado!","datePublished":"2025-08-09T18:05:00+00:00","dateModified":"2025-12-18T00:11:05+00:00","mainEntityOfPage":{"@id":"https:\/\/cj.estrategia.com\/portal\/concurso-procurador-camara-de-imperatriz\/"},"wordCount":1006,"commentCount":0,"publisher":{"@id":"https:\/\/cj.estrategia.com\/portal\/#organization"},"image":{"@id":"https:\/\/cj.estrategia.com\/portal\/concurso-procurador-camara-de-imperatriz\/#primaryimage"},"thumbnailUrl":"https:\/\/cj.estrategia.com\/portal\/wp-content\/uploads\/2024\/06\/26133417\/concurso_procuradorias.jpg","articleSection":["Carreiras Jur\u00eddicas","Procuradoria"],"inLanguage":"pt-BR","potentialAction":[{"@type":"CommentAction","name":"Comment","target":["https:\/\/cj.estrategia.com\/portal\/concurso-procurador-camara-de-imperatriz\/#respond"]}]},{"@type":"WebPage","@id":"https:\/\/cj.estrategia.com\/portal\/concurso-procurador-camara-de-imperatriz\/","url":"https:\/\/cj.estrategia.com\/portal\/concurso-procurador-camara-de-imperatriz\/","name":"Concurso Procurador C\u00e2mara de Imperatriz: prorrogado!","isPartOf":{"@id":"https:\/\/cj.estrategia.com\/portal\/#website"},"primaryImageOfPage":{"@id":"https:\/\/cj.estrategia.com\/portal\/concurso-procurador-camara-de-imperatriz\/#primaryimage"},"image":{"@id":"https:\/\/cj.estrategia.com\/portal\/concurso-procurador-camara-de-imperatriz\/#primaryimage"},"thumbnailUrl":"https:\/\/cj.estrategia.com\/portal\/wp-content\/uploads\/2024\/06\/26133417\/concurso_procuradorias.jpg","datePublished":"2025-08-09T18:05:00+00:00","dateModified":"2025-12-18T00:11:05+00:00","description":"Concurso Procurador C\u00e2mara Imperatriz: inscri\u00e7\u00f5es encerradas! Edital oferta de 1 vaga direta mais 9 para forma\u00e7\u00e3o de CR.","breadcrumb":{"@id":"https:\/\/cj.estrategia.com\/portal\/concurso-procurador-camara-de-imperatriz\/#breadcrumb"},"inLanguage":"pt-BR","potentialAction":[{"@type":"ReadAction","target":["https:\/\/cj.estrategia.com\/portal\/concurso-procurador-camara-de-imperatriz\/"]}]},{"@type":"ImageObject","inLanguage":"pt-BR","@id":"https:\/\/cj.estrategia.com\/portal\/concurso-procurador-camara-de-imperatriz\/#primaryimage","url":"https:\/\/cj.estrategia.com\/portal\/wp-content\/uploads\/2024\/06\/26133417\/concurso_procuradorias.jpg","contentUrl":"https:\/\/cj.estrategia.com\/portal\/wp-content\/uploads\/2024\/06\/26133417\/concurso_procuradorias.jpg","width":300,"height":200},{"@type":"BreadcrumbList","@id":"https:\/\/cj.estrategia.com\/portal\/concurso-procurador-camara-de-imperatriz\/#breadcrumb","itemListElement":[{"@type":"ListItem","position":1,"name":"In\u00edcio","item":"https:\/\/cj.estrategia.com\/portal\/"},{"@type":"ListItem","position":2,"name":"Concurso Procurador C\u00e2mara de Imperatriz: prorrogado!"}]},{"@type":"WebSite","@id":"https:\/\/cj.estrategia.com\/portal\/#website","url":"https:\/\/cj.estrategia.com\/portal\/","name":"Blog - Carreiras Jur\u00eddicas - Estrat\u00e9gia","description":"","publisher":{"@id":"https:\/\/cj.estrategia.com\/portal\/#organization"},"potentialAction":[{"@type":"SearchAction","target":{"@type":"EntryPoint","urlTemplate":"https:\/\/cj.estrategia.com\/portal\/?s={search_term_string}"},"query-input":{"@type":"PropertyValueSpecification","valueRequired":true,"valueName":"search_term_string"}}],"inLanguage":"pt-BR"},{"@type":"Organization","@id":"https:\/\/cj.estrategia.com\/portal\/#organization","name":"Estrat\u00e9gia - Carreiras Jur\u00eddicas","url":"https:\/\/cj.estrategia.com\/portal\/","logo":{"@type":"ImageObject","inLanguage":"pt-BR","@id":"https:\/\/cj.estrategia.com\/portal\/#\/schema\/logo\/image\/","url":"https:\/\/cj.estrategia.com\/portal\/wp-content\/uploads\/2022\/03\/11151052\/cj-logo.png","contentUrl":"https:\/\/cj.estrategia.com\/portal\/wp-content\/uploads\/2022\/03\/11151052\/cj-logo.png","width":150,"height":39,"caption":"Estrat\u00e9gia - Carreiras Jur\u00eddicas"},"image":{"@id":"https:\/\/cj.estrategia.com\/portal\/#\/schema\/logo\/image\/"},"sameAs":["https:\/\/www.facebook.com\/estrategiacarreirajuridica\/","https:\/\/x.com\/EstratJuridica","https:\/\/www.instagram.com\/estrategiacarreirajuridica\/","https:\/\/www.youtube.com\/channel\/UClbMGuYbj2Mh1m3w144ETWQ"]},{"@type":"Person","@id":"https:\/\/cj.estrategia.com\/portal\/#\/schema\/person\/4d70317d31449932b99102916b6637f5","name":"Coordena\u00e7\u00e3o","image":{"@type":"ImageObject","inLanguage":"pt-BR","@id":"https:\/\/cj.estrategia.com\/portal\/wp-content\/uploads\/2022\/05\/12164923\/estrategia-carreira-juridica-coordenacao-96x96.png","url":"https:\/\/cj.estrategia.com\/portal\/wp-content\/uploads\/2022\/05\/12164923\/estrategia-carreira-juridica-coordenacao-96x96.png","contentUrl":"https:\/\/cj.estrategia.com\/portal\/wp-content\/uploads\/2022\/05\/12164923\/estrategia-carreira-juridica-coordenacao-96x96.png","caption":"Coordena\u00e7\u00e3o"},"url":"https:\/\/cj.estrategia.com\/portal\/author\/coordenacao\/"}]}},"jetpack_featured_media_url":"https:\/\/cj.estrategia.com\/portal\/wp-content\/uploads\/2024\/06\/26133417\/concurso_procuradorias.jpg","jetpack_sharing_enabled":true,"_links":{"self":[{"href":"https:\/\/cj.estrategia.com\/portal\/wp-json\/wp\/v2\/posts\/9424","targetHints":{"allow":["GET"]}}],"collection":[{"href":"https:\/\/cj.estrategia.com\/portal\/wp-json\/wp\/v2\/posts"}],"about":[{"href":"https:\/\/cj.estrategia.com\/portal\/wp-json\/wp\/v2\/types\/post"}],"author":[{"embeddable":true,"href":"https:\/\/cj.estrategia.com\/portal\/wp-json\/wp\/v2\/users\/12"}],"replies":[{"embeddable":true,"href":"https:\/\/cj.estrategia.com\/portal\/wp-json\/wp\/v2\/comments?post=9424"}],"version-history":[{"count":35,"href":"https:\/\/cj.estrategia.com\/portal\/wp-json\/wp\/v2\/posts\/9424\/revisions"}],"predecessor-version":[{"id":170092,"href":"https:\/\/cj.estrategia.com\/portal\/wp-json\/wp\/v2\/posts\/9424\/revisions\/170092"}],"wp:featuredmedia":[{"embeddable":true,"href":"https:\/\/cj.estrategia.com\/portal\/wp-json\/wp\/v2\/media\/67167"}],"wp:attachment":[{"href":"https:\/\/cj.estrategia.com\/portal\/wp-json\/wp\/v2\/media?parent=9424"}],"wp:term":[{"taxonomy":"category","embeddable":true,"href":"https:\/\/cj.estrategia.com\/portal\/wp-json\/wp\/v2\/categories?post=9424"},{"taxonomy":"post_tag","embeddable":true,"href":"https:\/\/cj.estrategia.com\/portal\/wp-json\/wp\/v2\/tags?post=9424"},{"taxonomy":"tax_estado","embeddable":true,"href":"https:\/\/cj.estrategia.com\/portal\/wp-json\/wp\/v2\/tax_estado?post=9424"}],"curies":[{"name":"wp","href":"https:\/\/api.w.org\/{rel}","templated":true}]}}