{"id":93797,"date":"2025-01-29T10:00:00","date_gmt":"2025-01-29T13:00:00","guid":{"rendered":"https:\/\/cj.estrategia.com\/portal\/?p=93797"},"modified":"2025-01-29T09:38:49","modified_gmt":"2025-01-29T12:38:49","slug":"o-que-voce-precisa-saber-sobre-a-2a-fase-do-concurso-magistratura-pe","status":"publish","type":"post","link":"https:\/\/cj.estrategia.com\/portal\/o-que-voce-precisa-saber-sobre-a-2a-fase-do-concurso-magistratura-pe\/","title":{"rendered":"O que voc\u00ea precisa saber sobre a 2\u00aa fase do Concurso Magistratura PE?"},"content":{"rendered":"<a id=\"cta-icon\" href=\"https:\/\/www.redirectmais.com\/wpp\/juiz-tj-pe-grupo\" target=\"blank\" style=\"background:rgb(41,166,26)\">\n            <img decoding=\"async\" src=\"https:\/\/cj.estrategia.com\/portal\/wp-content\/uploads\/2023\/12\/07160657\/whatsapp_1385.webp\" alt=\"\" alt=\"whatsapp_1385\"><span > Acesse agora o Grupo de Estudos para Magistratura PE<\/span><\/a>\n\n\n\n<p>As provas escritas (<strong>2\u00aa fase do concurso Magistratura PE<\/strong>) ser\u00e3o aplicadas nas datas prov\u00e1veis de\u00a0<strong>16 de fevereiro de 2025 e 17 de fevereiro de 2025<\/strong>.<\/p>\n\n\n\n<p>De acordo com o edital, a <strong>prova discursiva<\/strong> consistir\u00e1 em 5 (cinco) quest\u00f5es acerca de quaisquer dos pontos do programa das disciplinas constantes no Edital. Cada quest\u00e3o valer\u00e1 2,00 (dois) pontos.<\/p>\n\n\n\n<p>J\u00e1 a <strong>prova pr\u00e1tica <\/strong>consistir\u00e1 na lavratura de 2 (duas) senten\u00e7as, uma criminal e outra c\u00edvel, em dias distintos.<\/p>\n\n\n\n<p>Na prova de senten\u00e7a, exigir-se-\u00e1, para aprova\u00e7\u00e3o, <strong>nota m\u00ednima de 6,00 (seis) pontos em cada uma delas<\/strong>, sendo a nota de cada senten\u00e7a atribu\u00edda entre 0,00 (zero) e 10,00 (dez) e a nota da prova escrita pr\u00e1tica de senten\u00e7a obtida pela m\u00e9dia aritm\u00e9tica das notas obtidas nas senten\u00e7as criminal e c\u00edvel.<\/p>\n\n\n\n<h4 class=\"wp-block-heading\" id=\"h-veja-abaixo-o-cronograma-detalhado\"><span id=\"veja-abaixo-o-cronograma-detalhado\">Veja abaixo o cronograma detalhado: <\/span><\/h4>\n\n\n\n<ul class=\"wp-block-list\">\n<li><strong>PROVA DISCURSIVA<\/strong><\/li>\n<\/ul>\n\n\n\n<p><strong>Data:<\/strong>&nbsp;16\/02\/2025 (domingo)<br>Per\u00edodo da manh\u00e3, das 8h at\u00e9 12h (hor\u00e1rio oficial de Bras\u00edlia)<br><strong>Abertura dos port\u00f5es:&nbsp;<\/strong>06h30<br><strong>Fechamento dos port\u00f5es:&nbsp;<\/strong>7h30<br><strong>Dura\u00e7\u00e3o da Prova:<\/strong>&nbsp;4 (quatro) horas<\/p>\n\n\n\n<ul class=\"wp-block-list\">\n<li><strong>PROVA DE SENTEN\u00c7A C\u00cdVEL<\/strong><\/li>\n<\/ul>\n\n\n\n<p><strong>Data:&nbsp;<\/strong>16\/02\/2025 (domingo)<br>Per\u00edodo da tarde, das 15h at\u00e9 20h (hor\u00e1rio oficial de Bras\u00edlia)<br><strong>Abertura dos port\u00f5es:<\/strong>&nbsp;13h30<br><strong>Fechamento dos port\u00f5es:&nbsp;<\/strong>14h30<br><strong>Dura\u00e7\u00e3o da Prova:<\/strong>&nbsp;5 (cinco) horas<\/p>\n\n\n\n<ul class=\"wp-block-list\">\n<li><strong>PROVA DE SENTEN\u00c7A CRIMINAL<\/strong><\/li>\n<\/ul>\n\n\n\n<p><strong>Data:\u00a0<\/strong>17\/02\/2025 (segunda-feira)<br>Per\u00edodo da tarde, das 13h at\u00e9 18h (hor\u00e1rio oficial de Bras\u00edlia)<br><strong>Dura\u00e7\u00e3o da Prova:<\/strong>\u00a05 (cinco) horas<\/p>\n\n\n\n<p>A sele\u00e7\u00e3o oferta<strong>\u00a030 vagas + CR<\/strong>\u00a0para o cargo de Juiz Substituto que conta com remunera\u00e7\u00e3o inicial de\u00a0<strong>R$ 34.052,96<\/strong>.<\/p>\n\n\n\n<p class=\"has-text-align-center has-very-light-gray-to-cyan-bluish-gray-gradient-background has-background\"><strong>Saiba mais: <a href=\"https:\/\/cj.estrategia.com\/portal\/concurso-magistratura-pe\/\">TJ PE Juiz<\/a><\/strong><\/p>\n\n\n\n<h2 class=\"wp-block-heading has-text-align-center\" id=\"cursos\"><span id=\"quer-saber-tudo-sobre-concursos-previstos-confira-nossos-artigos\">Quer saber tudo sobre concursos previstos? <br>Confira nossos artigos!<\/span><\/h2>\n\n\n\n<ul class=\"wp-block-list\">\n<li><a href=\"https:\/\/cj.estrategia.com\/portal\/concursos-abertos-carreiras-juridicas\/\" target=\"_blank\" ><strong>Concursos jur\u00eddicos abertos<\/strong><\/a><\/li>\n\n\n\n<li><a href=\"https:\/\/cj.estrategia.com\/portal\/concursos-2025-carreiras-juridicas\/\" target=\"_blank\" ><strong>Concursos jur\u00eddicos 2025<\/strong><\/a><\/li>\n\n\n\n<li><strong><a href=\"https:\/\/cj.estrategia.com\/portal\/concursos-magistratura\/\" target=\"_blank\" >Concursos Magistratura<\/a><\/strong><\/li>\n<\/ul>\n\n\n\n<h2 class=\"wp-block-heading has-text-align-center\" id=\"cursos-assinatura-concurso-magistratura-pe\"><span id=\"cursos-e-assinaturas\">CURSOS E ASSINATURAS<\/span><\/h2>\n\n\n\n<div class=\"wp-block-cover\" style=\"min-height:155px;aspect-ratio:unset;\"><img decoding=\"async\" width=\"1890\" height=\"351\" class=\"wp-block-cover__image-background wp-image-8669\" alt=\"Assinaturas Jur\u00eddicas\" src=\"https:\/\/cj.estrategia.com\/portal\/wp-content\/uploads\/2022\/06\/20151253\/concurso-carreiras-juridicas-assinatura-juridica.jpg\" style=\"object-position:78% 43%\" data-object-fit=\"cover\" data-object-position=\"78% 43%\" srcset=\"https:\/\/cj.estrategia.com\/portal\/wp-content\/uploads\/2022\/06\/20151253\/concurso-carreiras-juridicas-assinatura-juridica.jpg 1890w, https:\/\/cj.estrategia.com\/portal\/wp-content\/uploads\/2022\/06\/20151253\/concurso-carreiras-juridicas-assinatura-juridica-300x56.jpg 300w, https:\/\/cj.estrategia.com\/portal\/wp-content\/uploads\/2022\/06\/20151253\/concurso-carreiras-juridicas-assinatura-juridica-1024x190.jpg 1024w, https:\/\/cj.estrategia.com\/portal\/wp-content\/uploads\/2022\/06\/20151253\/concurso-carreiras-juridicas-assinatura-juridica-768x143.jpg 768w, https:\/\/cj.estrategia.com\/portal\/wp-content\/uploads\/2022\/06\/20151253\/concurso-carreiras-juridicas-assinatura-juridica-1536x285.jpg 1536w, https:\/\/cj.estrategia.com\/portal\/wp-content\/uploads\/2022\/06\/20151253\/concurso-carreiras-juridicas-assinatura-juridica-380x71.jpg 380w, https:\/\/cj.estrategia.com\/portal\/wp-content\/uploads\/2022\/06\/20151253\/concurso-carreiras-juridicas-assinatura-juridica-800x149.jpg 800w, https:\/\/cj.estrategia.com\/portal\/wp-content\/uploads\/2022\/06\/20151253\/concurso-carreiras-juridicas-assinatura-juridica-1160x215.jpg 1160w\" sizes=\"(max-width: 1890px) 100vw, 1890px\" \/><span aria-hidden=\"true\" class=\"wp-block-cover__background has-background-dim\"><\/span><div class=\"wp-block-cover__inner-container is-layout-flow wp-block-cover-is-layout-flow\">\n<h3 id=\"faca-a-sua-assinatura\" class=\"titulo-assinatura\"><span style=\"color: #ffffff;\">Fa\u00e7a a sua assinatura!<\/span><\/h3>\n<p class=\"subtitulo-assinatura\" style=\"display:block!important; line-height: 0;\"><span style=\"color: #ffffff;\">Escolha a sua \u00e1rea.<\/span><\/p>\n<a target=\"_blank\" href=\"https:\/\/www.estrategiaconcursos.com.br\/assinaturas-ecj\/\" rel=\"noopener\"><button style=\"border-radius: 10px; text-transform: capitalize;\">Acessar<\/button><\/a>\n<\/div><\/div>\n","protected":false},"excerpt":{"rendered":"As provas escritas (2\u00aa fase do concurso Magistratura PE) ser\u00e3o aplicadas nas datas prov\u00e1veis de\u00a016 de fevereiro de&hellip;\n","protected":false},"author":12,"featured_media":32244,"comment_status":"open","ping_status":"open","sticky":false,"template":"","format":"standard","meta":{"_jetpack_memberships_contains_paid_content":false,"footnotes":""},"categories":[26],"tags":[],"tax_estado":[46],"class_list":{"0":"post-93797","1":"post","2":"type-post","3":"status-publish","4":"format-standard","5":"has-post-thumbnail","7":"category-magistratura","8":"tax_estado-pe"},"acf":[],"yoast_head":"<!-- This site is optimized with the Yoast SEO Premium plugin v27.4 (Yoast SEO v27.4) - https:\/\/yoast.com\/product\/yoast-seo-premium-wordpress\/ -->\n<title>O que voc\u00ea precisa saber sobre a 2\u00aa fase do Concurso Magistratura PE?<\/title>\n<meta name=\"description\" content=\"Saiba tudo sobre a 2\u00aa fase do Concurso Magistratura PE: datas das provas, formatos e crit\u00e9rios de avalia\u00e7\u00e3o.\" \/>\n<meta name=\"robots\" content=\"index, follow, max-snippet:-1, max-image-preview:large, max-video-preview:-1\" \/>\n<link rel=\"canonical\" href=\"https:\/\/cj.estrategia.com\/portal\/o-que-voce-precisa-saber-sobre-a-2a-fase-do-concurso-magistratura-pe\/\" \/>\n<meta property=\"og:locale\" content=\"pt_BR\" \/>\n<meta property=\"og:type\" content=\"article\" \/>\n<meta property=\"og:title\" content=\"O que voc\u00ea precisa saber sobre a 2\u00aa fase do Concurso Magistratura PE?\" \/>\n<meta property=\"og:description\" content=\"Saiba tudo sobre a 2\u00aa fase do Concurso Magistratura PE: datas das provas, formatos e crit\u00e9rios de avalia\u00e7\u00e3o.\" \/>\n<meta property=\"og:url\" content=\"https:\/\/cj.estrategia.com\/portal\/o-que-voce-precisa-saber-sobre-a-2a-fase-do-concurso-magistratura-pe\/\" \/>\n<meta property=\"og:site_name\" content=\"Blog - Carreiras Jur\u00eddicas - Estrat\u00e9gia\" \/>\n<meta property=\"article:publisher\" content=\"https:\/\/www.facebook.com\/estrategiacarreirajuridica\/\" \/>\n<meta property=\"article:published_time\" content=\"2025-01-29T13:00:00+00:00\" \/>\n<meta property=\"og:image\" content=\"https:\/\/cj.estrategia.com\/portal\/wp-content\/uploads\/2023\/03\/27125514\/concursos-juridicos-magistratura-pe.jpg\" \/>\n\t<meta property=\"og:image:width\" content=\"960\" \/>\n\t<meta property=\"og:image:height\" content=\"540\" \/>\n\t<meta property=\"og:image:type\" content=\"image\/jpeg\" \/>\n<meta name=\"author\" content=\"Coordena\u00e7\u00e3o\" \/>\n<meta name=\"twitter:card\" content=\"summary_large_image\" \/>\n<meta name=\"twitter:creator\" content=\"@EstratJuridica\" \/>\n<meta name=\"twitter:site\" content=\"@EstratJuridica\" \/>\n<meta name=\"twitter:label1\" content=\"Escrito por\" \/>\n\t<meta name=\"twitter:data1\" content=\"Coordena\u00e7\u00e3o\" \/>\n\t<meta name=\"twitter:label2\" content=\"Est. tempo de leitura\" \/>\n\t<meta name=\"twitter:data2\" content=\"2 minutos\" \/>\n<script type=\"application\/ld+json\" class=\"yoast-schema-graph\">{\"@context\":\"https:\\\/\\\/schema.org\",\"@graph\":[{\"@type\":\"NewsArticle\",\"@id\":\"https:\\\/\\\/cj.estrategia.com\\\/portal\\\/o-que-voce-precisa-saber-sobre-a-2a-fase-do-concurso-magistratura-pe\\\/#article\",\"isPartOf\":{\"@id\":\"https:\\\/\\\/cj.estrategia.com\\\/portal\\\/o-que-voce-precisa-saber-sobre-a-2a-fase-do-concurso-magistratura-pe\\\/\"},\"author\":{\"name\":\"Coordena\u00e7\u00e3o\",\"@id\":\"https:\\\/\\\/cj.estrategia.com\\\/portal\\\/#\\\/schema\\\/person\\\/4d70317d31449932b99102916b6637f5\"},\"headline\":\"O que voc\u00ea precisa saber sobre a 2\u00aa fase do Concurso Magistratura PE?\",\"datePublished\":\"2025-01-29T13:00:00+00:00\",\"mainEntityOfPage\":{\"@id\":\"https:\\\/\\\/cj.estrategia.com\\\/portal\\\/o-que-voce-precisa-saber-sobre-a-2a-fase-do-concurso-magistratura-pe\\\/\"},\"wordCount\":307,\"commentCount\":0,\"publisher\":{\"@id\":\"https:\\\/\\\/cj.estrategia.com\\\/portal\\\/#organization\"},\"image\":{\"@id\":\"https:\\\/\\\/cj.estrategia.com\\\/portal\\\/o-que-voce-precisa-saber-sobre-a-2a-fase-do-concurso-magistratura-pe\\\/#primaryimage\"},\"thumbnailUrl\":\"https:\\\/\\\/cj.estrategia.com\\\/portal\\\/wp-content\\\/uploads\\\/2023\\\/03\\\/27125514\\\/concursos-juridicos-magistratura-pe.jpg\",\"articleSection\":[\"Magistratura\"],\"inLanguage\":\"pt-BR\",\"potentialAction\":[{\"@type\":\"CommentAction\",\"name\":\"Comment\",\"target\":[\"https:\\\/\\\/cj.estrategia.com\\\/portal\\\/o-que-voce-precisa-saber-sobre-a-2a-fase-do-concurso-magistratura-pe\\\/#respond\"]}]},{\"@type\":\"WebPage\",\"@id\":\"https:\\\/\\\/cj.estrategia.com\\\/portal\\\/o-que-voce-precisa-saber-sobre-a-2a-fase-do-concurso-magistratura-pe\\\/\",\"url\":\"https:\\\/\\\/cj.estrategia.com\\\/portal\\\/o-que-voce-precisa-saber-sobre-a-2a-fase-do-concurso-magistratura-pe\\\/\",\"name\":\"O que voc\u00ea precisa saber sobre a 2\u00aa fase do Concurso Magistratura PE?\",\"isPartOf\":{\"@id\":\"https:\\\/\\\/cj.estrategia.com\\\/portal\\\/#website\"},\"primaryImageOfPage\":{\"@id\":\"https:\\\/\\\/cj.estrategia.com\\\/portal\\\/o-que-voce-precisa-saber-sobre-a-2a-fase-do-concurso-magistratura-pe\\\/#primaryimage\"},\"image\":{\"@id\":\"https:\\\/\\\/cj.estrategia.com\\\/portal\\\/o-que-voce-precisa-saber-sobre-a-2a-fase-do-concurso-magistratura-pe\\\/#primaryimage\"},\"thumbnailUrl\":\"https:\\\/\\\/cj.estrategia.com\\\/portal\\\/wp-content\\\/uploads\\\/2023\\\/03\\\/27125514\\\/concursos-juridicos-magistratura-pe.jpg\",\"datePublished\":\"2025-01-29T13:00:00+00:00\",\"description\":\"Saiba tudo sobre a 2\u00aa fase do Concurso Magistratura PE: datas das provas, formatos e crit\u00e9rios de avalia\u00e7\u00e3o.\",\"breadcrumb\":{\"@id\":\"https:\\\/\\\/cj.estrategia.com\\\/portal\\\/o-que-voce-precisa-saber-sobre-a-2a-fase-do-concurso-magistratura-pe\\\/#breadcrumb\"},\"inLanguage\":\"pt-BR\",\"potentialAction\":[{\"@type\":\"ReadAction\",\"target\":[\"https:\\\/\\\/cj.estrategia.com\\\/portal\\\/o-que-voce-precisa-saber-sobre-a-2a-fase-do-concurso-magistratura-pe\\\/\"]}]},{\"@type\":\"ImageObject\",\"inLanguage\":\"pt-BR\",\"@id\":\"https:\\\/\\\/cj.estrategia.com\\\/portal\\\/o-que-voce-precisa-saber-sobre-a-2a-fase-do-concurso-magistratura-pe\\\/#primaryimage\",\"url\":\"https:\\\/\\\/cj.estrategia.com\\\/portal\\\/wp-content\\\/uploads\\\/2023\\\/03\\\/27125514\\\/concursos-juridicos-magistratura-pe.jpg\",\"contentUrl\":\"https:\\\/\\\/cj.estrategia.com\\\/portal\\\/wp-content\\\/uploads\\\/2023\\\/03\\\/27125514\\\/concursos-juridicos-magistratura-pe.jpg\",\"width\":960,\"height\":540,\"caption\":\"concurso juiz pe - pernambuco\"},{\"@type\":\"BreadcrumbList\",\"@id\":\"https:\\\/\\\/cj.estrategia.com\\\/portal\\\/o-que-voce-precisa-saber-sobre-a-2a-fase-do-concurso-magistratura-pe\\\/#breadcrumb\",\"itemListElement\":[{\"@type\":\"ListItem\",\"position\":1,\"name\":\"In\u00edcio\",\"item\":\"https:\\\/\\\/cj.estrategia.com\\\/portal\\\/\"},{\"@type\":\"ListItem\",\"position\":2,\"name\":\"O que voc\u00ea precisa saber sobre a 2\u00aa fase do Concurso Magistratura PE?\"}]},{\"@type\":\"WebSite\",\"@id\":\"https:\\\/\\\/cj.estrategia.com\\\/portal\\\/#website\",\"url\":\"https:\\\/\\\/cj.estrategia.com\\\/portal\\\/\",\"name\":\"Blog - Carreiras Jur\u00eddicas - Estrat\u00e9gia\",\"description\":\"\",\"publisher\":{\"@id\":\"https:\\\/\\\/cj.estrategia.com\\\/portal\\\/#organization\"},\"potentialAction\":[{\"@type\":\"SearchAction\",\"target\":{\"@type\":\"EntryPoint\",\"urlTemplate\":\"https:\\\/\\\/cj.estrategia.com\\\/portal\\\/?s={search_term_string}\"},\"query-input\":{\"@type\":\"PropertyValueSpecification\",\"valueRequired\":true,\"valueName\":\"search_term_string\"}}],\"inLanguage\":\"pt-BR\"},{\"@type\":\"Organization\",\"@id\":\"https:\\\/\\\/cj.estrategia.com\\\/portal\\\/#organization\",\"name\":\"Estrat\u00e9gia - Carreiras Jur\u00eddicas\",\"url\":\"https:\\\/\\\/cj.estrategia.com\\\/portal\\\/\",\"logo\":{\"@type\":\"ImageObject\",\"inLanguage\":\"pt-BR\",\"@id\":\"https:\\\/\\\/cj.estrategia.com\\\/portal\\\/#\\\/schema\\\/logo\\\/image\\\/\",\"url\":\"https:\\\/\\\/cj.estrategia.com\\\/portal\\\/wp-content\\\/uploads\\\/2022\\\/03\\\/11151052\\\/cj-logo.png\",\"contentUrl\":\"https:\\\/\\\/cj.estrategia.com\\\/portal\\\/wp-content\\\/uploads\\\/2022\\\/03\\\/11151052\\\/cj-logo.png\",\"width\":150,\"height\":39,\"caption\":\"Estrat\u00e9gia - Carreiras Jur\u00eddicas\"},\"image\":{\"@id\":\"https:\\\/\\\/cj.estrategia.com\\\/portal\\\/#\\\/schema\\\/logo\\\/image\\\/\"},\"sameAs\":[\"https:\\\/\\\/www.facebook.com\\\/estrategiacarreirajuridica\\\/\",\"https:\\\/\\\/x.com\\\/EstratJuridica\",\"https:\\\/\\\/www.instagram.com\\\/estrategiacarreirajuridica\\\/\",\"https:\\\/\\\/www.youtube.com\\\/channel\\\/UClbMGuYbj2Mh1m3w144ETWQ\"]},{\"@type\":\"Person\",\"@id\":\"https:\\\/\\\/cj.estrategia.com\\\/portal\\\/#\\\/schema\\\/person\\\/4d70317d31449932b99102916b6637f5\",\"name\":\"Coordena\u00e7\u00e3o\",\"image\":{\"@type\":\"ImageObject\",\"inLanguage\":\"pt-BR\",\"@id\":\"https:\\\/\\\/cj.estrategia.com\\\/portal\\\/wp-content\\\/uploads\\\/2022\\\/05\\\/12164923\\\/estrategia-carreira-juridica-coordenacao-96x96.png\",\"url\":\"https:\\\/\\\/cj.estrategia.com\\\/portal\\\/wp-content\\\/uploads\\\/2022\\\/05\\\/12164923\\\/estrategia-carreira-juridica-coordenacao-96x96.png\",\"contentUrl\":\"https:\\\/\\\/cj.estrategia.com\\\/portal\\\/wp-content\\\/uploads\\\/2022\\\/05\\\/12164923\\\/estrategia-carreira-juridica-coordenacao-96x96.png\",\"caption\":\"Coordena\u00e7\u00e3o\"},\"url\":\"https:\\\/\\\/cj.estrategia.com\\\/portal\\\/author\\\/coordenacao\\\/\"}]}<\/script>\n<!-- \/ Yoast SEO Premium plugin. -->","yoast_head_json":{"title":"O que voc\u00ea precisa saber sobre a 2\u00aa fase do Concurso Magistratura PE?","description":"Saiba tudo sobre a 2\u00aa fase do Concurso Magistratura PE: datas das provas, formatos e crit\u00e9rios de avalia\u00e7\u00e3o.","robots":{"index":"index","follow":"follow","max-snippet":"max-snippet:-1","max-image-preview":"max-image-preview:large","max-video-preview":"max-video-preview:-1"},"canonical":"https:\/\/cj.estrategia.com\/portal\/o-que-voce-precisa-saber-sobre-a-2a-fase-do-concurso-magistratura-pe\/","og_locale":"pt_BR","og_type":"article","og_title":"O que voc\u00ea precisa saber sobre a 2\u00aa fase do Concurso Magistratura PE?","og_description":"Saiba tudo sobre a 2\u00aa fase do Concurso Magistratura PE: datas das provas, formatos e crit\u00e9rios de avalia\u00e7\u00e3o.","og_url":"https:\/\/cj.estrategia.com\/portal\/o-que-voce-precisa-saber-sobre-a-2a-fase-do-concurso-magistratura-pe\/","og_site_name":"Blog - Carreiras Jur\u00eddicas - Estrat\u00e9gia","article_publisher":"https:\/\/www.facebook.com\/estrategiacarreirajuridica\/","article_published_time":"2025-01-29T13:00:00+00:00","og_image":[{"width":960,"height":540,"url":"https:\/\/cj.estrategia.com\/portal\/wp-content\/uploads\/2023\/03\/27125514\/concursos-juridicos-magistratura-pe.jpg","type":"image\/jpeg"}],"author":"Coordena\u00e7\u00e3o","twitter_card":"summary_large_image","twitter_creator":"@EstratJuridica","twitter_site":"@EstratJuridica","twitter_misc":{"Escrito por":"Coordena\u00e7\u00e3o","Est. tempo de leitura":"2 minutos"},"schema":{"@context":"https:\/\/schema.org","@graph":[{"@type":"NewsArticle","@id":"https:\/\/cj.estrategia.com\/portal\/o-que-voce-precisa-saber-sobre-a-2a-fase-do-concurso-magistratura-pe\/#article","isPartOf":{"@id":"https:\/\/cj.estrategia.com\/portal\/o-que-voce-precisa-saber-sobre-a-2a-fase-do-concurso-magistratura-pe\/"},"author":{"name":"Coordena\u00e7\u00e3o","@id":"https:\/\/cj.estrategia.com\/portal\/#\/schema\/person\/4d70317d31449932b99102916b6637f5"},"headline":"O que voc\u00ea precisa saber sobre a 2\u00aa fase do Concurso Magistratura PE?","datePublished":"2025-01-29T13:00:00+00:00","mainEntityOfPage":{"@id":"https:\/\/cj.estrategia.com\/portal\/o-que-voce-precisa-saber-sobre-a-2a-fase-do-concurso-magistratura-pe\/"},"wordCount":307,"commentCount":0,"publisher":{"@id":"https:\/\/cj.estrategia.com\/portal\/#organization"},"image":{"@id":"https:\/\/cj.estrategia.com\/portal\/o-que-voce-precisa-saber-sobre-a-2a-fase-do-concurso-magistratura-pe\/#primaryimage"},"thumbnailUrl":"https:\/\/cj.estrategia.com\/portal\/wp-content\/uploads\/2023\/03\/27125514\/concursos-juridicos-magistratura-pe.jpg","articleSection":["Magistratura"],"inLanguage":"pt-BR","potentialAction":[{"@type":"CommentAction","name":"Comment","target":["https:\/\/cj.estrategia.com\/portal\/o-que-voce-precisa-saber-sobre-a-2a-fase-do-concurso-magistratura-pe\/#respond"]}]},{"@type":"WebPage","@id":"https:\/\/cj.estrategia.com\/portal\/o-que-voce-precisa-saber-sobre-a-2a-fase-do-concurso-magistratura-pe\/","url":"https:\/\/cj.estrategia.com\/portal\/o-que-voce-precisa-saber-sobre-a-2a-fase-do-concurso-magistratura-pe\/","name":"O que voc\u00ea precisa saber sobre a 2\u00aa fase do Concurso Magistratura PE?","isPartOf":{"@id":"https:\/\/cj.estrategia.com\/portal\/#website"},"primaryImageOfPage":{"@id":"https:\/\/cj.estrategia.com\/portal\/o-que-voce-precisa-saber-sobre-a-2a-fase-do-concurso-magistratura-pe\/#primaryimage"},"image":{"@id":"https:\/\/cj.estrategia.com\/portal\/o-que-voce-precisa-saber-sobre-a-2a-fase-do-concurso-magistratura-pe\/#primaryimage"},"thumbnailUrl":"https:\/\/cj.estrategia.com\/portal\/wp-content\/uploads\/2023\/03\/27125514\/concursos-juridicos-magistratura-pe.jpg","datePublished":"2025-01-29T13:00:00+00:00","description":"Saiba tudo sobre a 2\u00aa fase do Concurso Magistratura PE: datas das provas, formatos e crit\u00e9rios de avalia\u00e7\u00e3o.","breadcrumb":{"@id":"https:\/\/cj.estrategia.com\/portal\/o-que-voce-precisa-saber-sobre-a-2a-fase-do-concurso-magistratura-pe\/#breadcrumb"},"inLanguage":"pt-BR","potentialAction":[{"@type":"ReadAction","target":["https:\/\/cj.estrategia.com\/portal\/o-que-voce-precisa-saber-sobre-a-2a-fase-do-concurso-magistratura-pe\/"]}]},{"@type":"ImageObject","inLanguage":"pt-BR","@id":"https:\/\/cj.estrategia.com\/portal\/o-que-voce-precisa-saber-sobre-a-2a-fase-do-concurso-magistratura-pe\/#primaryimage","url":"https:\/\/cj.estrategia.com\/portal\/wp-content\/uploads\/2023\/03\/27125514\/concursos-juridicos-magistratura-pe.jpg","contentUrl":"https:\/\/cj.estrategia.com\/portal\/wp-content\/uploads\/2023\/03\/27125514\/concursos-juridicos-magistratura-pe.jpg","width":960,"height":540,"caption":"concurso juiz pe - pernambuco"},{"@type":"BreadcrumbList","@id":"https:\/\/cj.estrategia.com\/portal\/o-que-voce-precisa-saber-sobre-a-2a-fase-do-concurso-magistratura-pe\/#breadcrumb","itemListElement":[{"@type":"ListItem","position":1,"name":"In\u00edcio","item":"https:\/\/cj.estrategia.com\/portal\/"},{"@type":"ListItem","position":2,"name":"O que voc\u00ea precisa saber sobre a 2\u00aa fase do Concurso Magistratura PE?"}]},{"@type":"WebSite","@id":"https:\/\/cj.estrategia.com\/portal\/#website","url":"https:\/\/cj.estrategia.com\/portal\/","name":"Blog - Carreiras Jur\u00eddicas - Estrat\u00e9gia","description":"","publisher":{"@id":"https:\/\/cj.estrategia.com\/portal\/#organization"},"potentialAction":[{"@type":"SearchAction","target":{"@type":"EntryPoint","urlTemplate":"https:\/\/cj.estrategia.com\/portal\/?s={search_term_string}"},"query-input":{"@type":"PropertyValueSpecification","valueRequired":true,"valueName":"search_term_string"}}],"inLanguage":"pt-BR"},{"@type":"Organization","@id":"https:\/\/cj.estrategia.com\/portal\/#organization","name":"Estrat\u00e9gia - Carreiras Jur\u00eddicas","url":"https:\/\/cj.estrategia.com\/portal\/","logo":{"@type":"ImageObject","inLanguage":"pt-BR","@id":"https:\/\/cj.estrategia.com\/portal\/#\/schema\/logo\/image\/","url":"https:\/\/cj.estrategia.com\/portal\/wp-content\/uploads\/2022\/03\/11151052\/cj-logo.png","contentUrl":"https:\/\/cj.estrategia.com\/portal\/wp-content\/uploads\/2022\/03\/11151052\/cj-logo.png","width":150,"height":39,"caption":"Estrat\u00e9gia - Carreiras Jur\u00eddicas"},"image":{"@id":"https:\/\/cj.estrategia.com\/portal\/#\/schema\/logo\/image\/"},"sameAs":["https:\/\/www.facebook.com\/estrategiacarreirajuridica\/","https:\/\/x.com\/EstratJuridica","https:\/\/www.instagram.com\/estrategiacarreirajuridica\/","https:\/\/www.youtube.com\/channel\/UClbMGuYbj2Mh1m3w144ETWQ"]},{"@type":"Person","@id":"https:\/\/cj.estrategia.com\/portal\/#\/schema\/person\/4d70317d31449932b99102916b6637f5","name":"Coordena\u00e7\u00e3o","image":{"@type":"ImageObject","inLanguage":"pt-BR","@id":"https:\/\/cj.estrategia.com\/portal\/wp-content\/uploads\/2022\/05\/12164923\/estrategia-carreira-juridica-coordenacao-96x96.png","url":"https:\/\/cj.estrategia.com\/portal\/wp-content\/uploads\/2022\/05\/12164923\/estrategia-carreira-juridica-coordenacao-96x96.png","contentUrl":"https:\/\/cj.estrategia.com\/portal\/wp-content\/uploads\/2022\/05\/12164923\/estrategia-carreira-juridica-coordenacao-96x96.png","caption":"Coordena\u00e7\u00e3o"},"url":"https:\/\/cj.estrategia.com\/portal\/author\/coordenacao\/"}]}},"jetpack_featured_media_url":"https:\/\/cj.estrategia.com\/portal\/wp-content\/uploads\/2023\/03\/27125514\/concursos-juridicos-magistratura-pe.jpg","jetpack_sharing_enabled":true,"_links":{"self":[{"href":"https:\/\/cj.estrategia.com\/portal\/wp-json\/wp\/v2\/posts\/93797","targetHints":{"allow":["GET"]}}],"collection":[{"href":"https:\/\/cj.estrategia.com\/portal\/wp-json\/wp\/v2\/posts"}],"about":[{"href":"https:\/\/cj.estrategia.com\/portal\/wp-json\/wp\/v2\/types\/post"}],"author":[{"embeddable":true,"href":"https:\/\/cj.estrategia.com\/portal\/wp-json\/wp\/v2\/users\/12"}],"replies":[{"embeddable":true,"href":"https:\/\/cj.estrategia.com\/portal\/wp-json\/wp\/v2\/comments?post=93797"}],"version-history":[{"count":13,"href":"https:\/\/cj.estrategia.com\/portal\/wp-json\/wp\/v2\/posts\/93797\/revisions"}],"predecessor-version":[{"id":93817,"href":"https:\/\/cj.estrategia.com\/portal\/wp-json\/wp\/v2\/posts\/93797\/revisions\/93817"}],"wp:featuredmedia":[{"embeddable":true,"href":"https:\/\/cj.estrategia.com\/portal\/wp-json\/wp\/v2\/media\/32244"}],"wp:attachment":[{"href":"https:\/\/cj.estrategia.com\/portal\/wp-json\/wp\/v2\/media?parent=93797"}],"wp:term":[{"taxonomy":"category","embeddable":true,"href":"https:\/\/cj.estrategia.com\/portal\/wp-json\/wp\/v2\/categories?post=93797"},{"taxonomy":"post_tag","embeddable":true,"href":"https:\/\/cj.estrategia.com\/portal\/wp-json\/wp\/v2\/tags?post=93797"},{"taxonomy":"tax_estado","embeddable":true,"href":"https:\/\/cj.estrategia.com\/portal\/wp-json\/wp\/v2\/tax_estado?post=93797"}],"curies":[{"name":"wp","href":"https:\/\/api.w.org\/{rel}","templated":true}]}}