{"id":92792,"date":"2025-01-24T10:25:41","date_gmt":"2025-01-24T13:25:41","guid":{"rendered":"https:\/\/cj.estrategia.com\/portal\/?p=92792"},"modified":"2025-01-24T10:25:45","modified_gmt":"2025-01-24T13:25:45","slug":"como-foi-o-ultimo-concurso-pge-to-procurador","status":"publish","type":"post","link":"https:\/\/cj.estrategia.com\/portal\/como-foi-o-ultimo-concurso-pge-to-procurador\/","title":{"rendered":"Como foi o \u00faltimo concurso PGE TO Procurador?"},"content":{"rendered":"<a id=\"cta-icon\" href=\"https:\/\/sndflw.com\/i\/procuradorias-grupo\" target=\"blank\" style=\"background:rgb(41,166,26)\">\n            <img decoding=\"async\" src=\"https:\/\/cj.estrategia.com\/portal\/wp-content\/uploads\/2023\/12\/07160657\/whatsapp_1385.webp\" alt=\"\" alt=\"whatsapp_1385\"><span > Acesse agora o Grupo de Estudos para Concurso de Procuradorias <\/span><\/a>\n\n\n\n<p>O governador do Tocantins, Wanderlei Barbosa, autorizou e nomeou a comiss\u00e3o para organiza\u00e7\u00e3o do <strong><a href=\"https:\/\/cj.estrategia.com\/curso\/pge-to-procurador-do-estado-pacote-teorico\/\" target=\"_blank\" >IV concurso p\u00fablico<\/a> para o cargo de Procurador do Estado do Tocantins \u2013 N\u00edvel 1. <\/strong><\/p>\n\n\n\n<p>O \u00f3rg\u00e3o divulgar\u00e1 em breve mais informa\u00e7\u00f5es sobre vagas, sal\u00e1rio e banca organizadora. Mas, sabemos que \u00e9 necess\u00e1rio ter curso superior completo em\u00a0<strong><em>Direito<\/em><\/strong> e a PGE-TO n\u00e3o exige a comprova\u00e7\u00e3o de tempo m\u00ednimo de exerc\u00edcio de\u00a0<strong><em>atividade jur\u00eddica<\/em>.\u00a0<\/strong> <\/p>\n\n\n\n<p>Enquanto temos apenas essa informa\u00e7\u00e3o, vamos ver como <strong>\u00faltimo concurso PGE TO Procurador. <\/strong><\/p>\n\n\n\n<h3 class=\"wp-block-heading has-pale-pink-background-color has-background\" id=\"h-ultimo-concurso-procurador-to\"><span id=\"ultimo-concurso-procurador-to\">Ultimo concurso Procurador TO<\/span><\/h3>\n\n\n\n<p>O \u00faltimo concurso, realizado em 2018, foi dividido em tr\u00eas etapas e contou com 5.810 candidatos inscritos. Na ocasi\u00e3o, foram disponibilizadas 20 vagas para provimento imediato e outras 20 destinadas a cadastro de reserva. O sal\u00e1rio foi de R$ 26.125,17.<\/p>\n\n\n\n<p>As provas do\u00a0<strong><em>concurso PGE-TO Procurador<\/em><\/strong><strong>\u00a0<\/strong>se dividiram em tr\u00eas fases:<\/p>\n\n\n\n<p><strong>1)\u00a0Prova Objetiva\u00a0<\/strong>(classificat\u00f3ria e eliminat\u00f3ria):<\/p>\n\n\n\n<ul class=\"wp-block-list\">\n<li><em>Dura\u00e7\u00e3o (m\u00e1xima)<\/em>:\u00a0<strong><em>5 horas<\/em><\/strong><\/li>\n\n\n\n<li><em>N\u00famero de quest\u00f5es<\/em>:\u00a0<strong><em>100 quest\u00f5es objetivas\u00a0<\/em><\/strong>(m\u00faltipla escolha com\u00a0<strong><em>5 alternativas<\/em><\/strong>)<\/li>\n\n\n\n<li><em>Habilita\u00e7\u00e3o para a pr\u00f3xima fase<\/em>: m\u00ednimo de\u00a0<strong><em>60% de acertos\u00a0<\/em><\/strong>e estar entre os 80 melhores classificados.<\/li>\n\n\n\n<li><em>Pontos<\/em>:\u00a0<strong><em>100 pontos<\/em><\/strong>.<\/li>\n<\/ul>\n\n\n\n<p><em>Disciplinas<\/em>:<\/p>\n\n\n\n<ul class=\"wp-block-list\">\n<li>Direito Constitucional<\/li>\n\n\n\n<li>Direito Administrativo<\/li>\n\n\n\n<li>Direito Processual Civil<\/li>\n\n\n\n<li>Direitos Difusos, Coletivos e Individuais Homog\u00eaneos<\/li>\n\n\n\n<li>Direito Financeiro Tribut\u00e1rio<\/li>\n\n\n\n<li>Direito Penal<\/li>\n\n\n\n<li>Direito Processal Penal<\/li>\n\n\n\n<li>Direito do Trabalho<\/li>\n\n\n\n<li>Direito Processual do Trabalho<\/li>\n<\/ul>\n\n\n\n<p><strong>2)<\/strong>\u00a0<strong>Prova Escrita\u00a0<\/strong>(classificat\u00f3ria e eliminat\u00f3ria): compreendeu\u00a0<strong><em>duas provas<\/em><\/strong>. Vale\u00a0<strong><em>100 pontos<\/em><\/strong>\u00a0e foi dividida do seguinte modo:<\/p>\n\n\n\n<p>a)\u00a0<strong><em>1\u00aa Prova<\/em><\/strong>: Pe\u00e7a processual<\/p>\n\n\n\n<ul class=\"wp-block-list\">\n<li><em>Dura\u00e7\u00e3o (m\u00e1xima)<\/em>:\u00a0<strong><em>4 horas<\/em><\/strong><\/li>\n\n\n\n<li><em>Tipo de prova<\/em>:\u00a0elabora\u00e7\u00e3o de uma<strong><em>\u00a0pe\u00e7a processual<\/em><\/strong>.<\/li>\n\n\n\n<li><em>Habilita\u00e7\u00e3o para a pr\u00f3xima fase<\/em>: pontua\u00e7\u00e3o m\u00ednima de\u00a0<strong>50<em>%.<\/em><\/strong><\/li>\n\n\n\n<li><em>Pontos:<\/em><strong><em>\u00a060\u00a0pontos.<\/em><\/strong><\/li>\n<\/ul>\n\n\n\n<p>b)\u00a0<strong><em>2\u00aa Prova<\/em><\/strong>: Quest\u00f5es dissertativas<\/p>\n\n\n\n<ul class=\"wp-block-list\">\n<li><em>Dura\u00e7\u00e3o (m\u00e1xima)<\/em>:\u00a0<strong><em>4 horas<\/em><\/strong><\/li>\n\n\n\n<li><em>Tipo de prova<\/em>: resolu\u00e7\u00e3o de\u00a0<strong><em>4 quest\u00f5es dissertativas<\/em>.<\/strong><\/li>\n\n\n\n<li><em>Habilita\u00e7\u00e3o para a pr\u00f3xima fase<\/em>: pontua\u00e7\u00e3o m\u00ednima de\u00a0<strong>50<em>%.<\/em><\/strong><\/li>\n\n\n\n<li><em>Pontos:<\/em><strong><em>\u00a040 pontos<\/em><\/strong><em>\u00a0<\/em>(10 para cada quest\u00e3o).<\/li>\n<\/ul>\n\n\n\n<p><strong><em>Importante<\/em><\/strong>: para que o candidato fosse considerado habilitado \u00e0 Avalia\u00e7\u00e3o de T\u00edtulos, ele devia ter um aproveitamento m\u00ednimo de\u00a0<strong><em>50%<\/em><\/strong><strong>\u00a0<\/strong>de acertos em\u00a0<em>cada uma<\/em>\u00a0das provas escritas.<\/p>\n\n\n\n<p><strong>3\u00aa fase<\/strong>: Avalia\u00e7\u00e3o de T\u00edtulos (Classificat\u00f3ria):<\/p>\n\n\n\n<p><em>Pontos<\/em>:\u00a0<strong><em>4 pontos<\/em>\u00a0<\/strong>(no m\u00e1ximo).<\/p>\n\n\n\n<figure class=\"wp-block-table is-style-stripes\"><table class=\"has-pale-cyan-blue-background-color has-background\"><tbody><tr><td class=\"has-text-align-center\" data-align=\"center\"><strong>T\u00edtulo<\/strong><\/td><td class=\"has-text-align-center\" data-align=\"center\"><strong>Valor unit\u00e1rio<\/strong><\/td><td class=\"has-text-align-center\" data-align=\"center\"><strong>Valor m\u00e1ximo<\/strong><\/td><\/tr><tr><td class=\"has-text-align-center\" data-align=\"center\">Diploma ou certificado\/declara\u00e7\u00e3o de conclus\u00e3o de curso de P\u00f3s-Gradua\u00e7\u00e3o \u201c<em>stricto sensu<\/em>\u201c, em n\u00edvel de Doutorado em Direito, acompanhado do Hist\u00f3rico Escolar.<\/td><td class=\"has-text-align-center\" data-align=\"center\">2,0<\/td><td class=\"has-text-align-center\" data-align=\"center\">2,0<\/td><\/tr><tr><td class=\"has-text-align-center\" data-align=\"center\">Diploma ou certificado\/declara\u00e7\u00e3o de conclus\u00e3o de curso de P\u00f3s-Gradua\u00e7\u00e3o \u201c<em>stricto sensu<\/em>\u201c, em n\u00edvel de Mestrado em Direito, acompanhado do Hist\u00f3rico Escolar.<\/td><td class=\"has-text-align-center\" data-align=\"center\">1,5<\/td><td class=\"has-text-align-center\" data-align=\"center\">1,5<\/td><\/tr><tr><td class=\"has-text-align-center\" data-align=\"center\">Certificado de conclus\u00e3o de curso de P\u00f3s-Gradua\u00e7\u00e3o \u201c<em>lato sensu<\/em>\u201d, em n\u00edvel de especializa\u00e7\u00e3o, MBA e LLM, na \u00e1rea jur\u00eddica, com carga hor\u00e1ria m\u00ednima de 360h, acompanhado do Hist\u00f3rico Escolar onde constem disciplinas cursadas e respectiva carga hor\u00e1ria.<\/td><td class=\"has-text-align-center\" data-align=\"center\">0,5<\/td><td class=\"has-text-align-center\" data-align=\"center\">0,5<\/td><\/tr><tr><td class=\"has-text-align-center\" data-align=\"center\"><strong>Total m\u00e1ximo de pontos<\/strong><\/td><td class=\"has-text-align-center\" data-align=\"center\"><\/td><td class=\"has-text-align-center\" data-align=\"center\"><strong>4,0<\/strong><\/td><\/tr><\/tbody><\/table><\/figure>\n\n\n\n<p class=\"has-text-align-center has-background\" style=\"background-color:#d5d6d7\">Saiba mais: <a href=\"https:\/\/cj.estrategia.com\/portal\/concurso-pge-to-procurador\/\" target=\"_blank\" >Concurso PGE TO <\/a><\/p>\n\n\n\n<h2 class=\"wp-block-heading has-text-align-center\" id=\"cursos\"><span id=\"quer-saber-tudo-sobre-concursos-previstosconfira-nossos-artigos\">Quer saber tudo sobre concursos previstos?<br>Confira nossos artigos!<\/span><\/h2>\n\n\n\n<ul class=\"wp-block-list\">\n<li><a href=\"https:\/\/cj.estrategia.com\/portal\/concursos-abertos-carreiras-juridicas\/\">Concursos jur\u00eddicos abertos<\/a><\/li>\n\n\n\n<li><a href=\"https:\/\/cj.estrategia.com\/portal\/concursos-2025-carreiras-juridicas\/\">Concursos jur\u00eddicos 2025<\/a><\/li>\n\n\n\n<li><a href=\"https:\/\/cj.estrategia.com\/portal\/concursos-procuradorias\/\">Concursos procuradorias<\/a><\/li>\n<\/ul>\n\n\n\n<h2 class=\"wp-block-heading has-text-align-center\" id=\"cursos-ficha\"><span id=\"cursos-e-assinaturas\">Cursos e Assinaturas<\/span><\/h2>\n\n\n\n<p>O Estrat\u00e9gia Carreira Jur\u00eddica \u00e9 campe\u00e3o de aprova\u00e7\u00f5es nos concursos para Carreiras Jur\u00eddicas com um corpo docente qualificado e materiais completos. Conhe\u00e7a nossos cursos e garanta sua aprova\u00e7\u00e3o:<\/p>\n\n\n\n<div class=\"wp-block-cover\" style=\"min-height:155px;aspect-ratio:unset;\"><img decoding=\"async\" width=\"1890\" height=\"351\" class=\"wp-block-cover__image-background wp-image-8669\" alt=\"Assinaturas Jur\u00eddicas\" src=\"https:\/\/cj.estrategia.com\/portal\/wp-content\/uploads\/2022\/06\/20151253\/concurso-carreiras-juridicas-assinatura-juridica.jpg\" style=\"object-position:78% 43%\" data-object-fit=\"cover\" data-object-position=\"78% 43%\" srcset=\"https:\/\/cj.estrategia.com\/portal\/wp-content\/uploads\/2022\/06\/20151253\/concurso-carreiras-juridicas-assinatura-juridica.jpg 1890w, https:\/\/cj.estrategia.com\/portal\/wp-content\/uploads\/2022\/06\/20151253\/concurso-carreiras-juridicas-assinatura-juridica-300x56.jpg 300w, https:\/\/cj.estrategia.com\/portal\/wp-content\/uploads\/2022\/06\/20151253\/concurso-carreiras-juridicas-assinatura-juridica-1024x190.jpg 1024w, https:\/\/cj.estrategia.com\/portal\/wp-content\/uploads\/2022\/06\/20151253\/concurso-carreiras-juridicas-assinatura-juridica-768x143.jpg 768w, https:\/\/cj.estrategia.com\/portal\/wp-content\/uploads\/2022\/06\/20151253\/concurso-carreiras-juridicas-assinatura-juridica-1536x285.jpg 1536w, https:\/\/cj.estrategia.com\/portal\/wp-content\/uploads\/2022\/06\/20151253\/concurso-carreiras-juridicas-assinatura-juridica-380x71.jpg 380w, https:\/\/cj.estrategia.com\/portal\/wp-content\/uploads\/2022\/06\/20151253\/concurso-carreiras-juridicas-assinatura-juridica-800x149.jpg 800w, https:\/\/cj.estrategia.com\/portal\/wp-content\/uploads\/2022\/06\/20151253\/concurso-carreiras-juridicas-assinatura-juridica-1160x215.jpg 1160w\" sizes=\"(max-width: 1890px) 100vw, 1890px\" \/><span aria-hidden=\"true\" class=\"wp-block-cover__background has-background-dim\"><\/span><div class=\"wp-block-cover__inner-container is-layout-flow wp-block-cover-is-layout-flow\">\n<h3 id=\"faca-a-sua-assinatura\" class=\"titulo-assinatura\"><span style=\"color: #ffffff;\">Fa\u00e7a a sua assinatura!<\/span><\/h3>\n<p class=\"subtitulo-assinatura\" style=\"display:block!important; line-height: 0;\"><span style=\"color: #ffffff;\">Escolha a sua \u00e1rea.<\/span><\/p>\n<a target=\"_blank\" href=\"https:\/\/www.estrategiaconcursos.com.br\/assinaturas-ecj\/\" rel=\"noopener\"><button style=\"border-radius: 10px; text-transform: capitalize;\">Acessar<\/button><\/a>\n<\/div><\/div>\n","protected":false},"excerpt":{"rendered":"O governador do Tocantins, Wanderlei Barbosa, autorizou e nomeou a comiss\u00e3o para organiza\u00e7\u00e3o do IV concurso p\u00fablico para&hellip;\n","protected":false},"author":12,"featured_media":37837,"comment_status":"open","ping_status":"open","sticky":false,"template":"","format":"standard","meta":{"_jetpack_memberships_contains_paid_content":false,"footnotes":""},"categories":[24],"tags":[],"tax_estado":[57],"class_list":{"0":"post-92792","1":"post","2":"type-post","3":"status-publish","4":"format-standard","5":"has-post-thumbnail","7":"category-procuradoria","8":"tax_estado-to"},"acf":[],"yoast_head":"<!-- This site is optimized with the Yoast SEO Premium plugin v27.5 (Yoast SEO v27.5) - https:\/\/yoast.com\/product\/yoast-seo-premium-wordpress\/ -->\n<title>Como foi o \u00faltimo concurso PGE TO Procurador?<\/title>\n<meta name=\"description\" content=\"Saiba como foi o \u00faltimo concurso PGE TO Procurador: vagas, sal\u00e1rio, etapas e n\u00famero de candidatos inscritos.\" \/>\n<meta name=\"robots\" content=\"index, follow, max-snippet:-1, max-image-preview:large, max-video-preview:-1\" \/>\n<link rel=\"canonical\" href=\"https:\/\/cj.estrategia.com\/portal\/como-foi-o-ultimo-concurso-pge-to-procurador\/\" \/>\n<meta property=\"og:locale\" content=\"pt_BR\" \/>\n<meta property=\"og:type\" content=\"article\" \/>\n<meta property=\"og:title\" content=\"Como foi o \u00faltimo concurso PGE TO Procurador?\" \/>\n<meta property=\"og:description\" content=\"Saiba como foi o \u00faltimo concurso PGE TO Procurador: vagas, sal\u00e1rio, etapas e n\u00famero de candidatos inscritos.\" \/>\n<meta property=\"og:url\" content=\"https:\/\/cj.estrategia.com\/portal\/como-foi-o-ultimo-concurso-pge-to-procurador\/\" \/>\n<meta property=\"og:site_name\" content=\"Blog - Carreiras Jur\u00eddicas - Estrat\u00e9gia\" \/>\n<meta property=\"article:publisher\" content=\"https:\/\/www.facebook.com\/estrategiacarreirajuridica\/\" \/>\n<meta property=\"article:published_time\" content=\"2025-01-24T13:25:41+00:00\" \/>\n<meta property=\"article:modified_time\" content=\"2025-01-24T13:25:45+00:00\" \/>\n<meta property=\"og:image\" content=\"https:\/\/cj.estrategia.com\/portal\/wp-content\/uploads\/2023\/06\/01151759\/PGE-TO-Procurador.jpg\" \/>\n\t<meta property=\"og:image:width\" content=\"960\" \/>\n\t<meta property=\"og:image:height\" content=\"540\" \/>\n\t<meta property=\"og:image:type\" content=\"image\/jpeg\" \/>\n<meta name=\"author\" content=\"Coordena\u00e7\u00e3o\" \/>\n<meta name=\"twitter:card\" content=\"summary_large_image\" \/>\n<meta name=\"twitter:creator\" content=\"@EstratJuridica\" \/>\n<meta name=\"twitter:site\" content=\"@EstratJuridica\" \/>\n<meta name=\"twitter:label1\" content=\"Escrito por\" \/>\n\t<meta name=\"twitter:data1\" content=\"Coordena\u00e7\u00e3o\" \/>\n\t<meta name=\"twitter:label2\" content=\"Est. tempo de leitura\" \/>\n\t<meta name=\"twitter:data2\" content=\"4 minutos\" \/>\n<script type=\"application\/ld+json\" class=\"yoast-schema-graph\">{\"@context\":\"https:\\\/\\\/schema.org\",\"@graph\":[{\"@type\":\"NewsArticle\",\"@id\":\"https:\\\/\\\/cj.estrategia.com\\\/portal\\\/como-foi-o-ultimo-concurso-pge-to-procurador\\\/#article\",\"isPartOf\":{\"@id\":\"https:\\\/\\\/cj.estrategia.com\\\/portal\\\/como-foi-o-ultimo-concurso-pge-to-procurador\\\/\"},\"author\":{\"name\":\"Coordena\u00e7\u00e3o\",\"@id\":\"https:\\\/\\\/cj.estrategia.com\\\/portal\\\/#\\\/schema\\\/person\\\/4d70317d31449932b99102916b6637f5\"},\"headline\":\"Como foi o \u00faltimo concurso PGE TO Procurador?\",\"datePublished\":\"2025-01-24T13:25:41+00:00\",\"dateModified\":\"2025-01-24T13:25:45+00:00\",\"mainEntityOfPage\":{\"@id\":\"https:\\\/\\\/cj.estrategia.com\\\/portal\\\/como-foi-o-ultimo-concurso-pge-to-procurador\\\/\"},\"wordCount\":575,\"commentCount\":0,\"publisher\":{\"@id\":\"https:\\\/\\\/cj.estrategia.com\\\/portal\\\/#organization\"},\"image\":{\"@id\":\"https:\\\/\\\/cj.estrategia.com\\\/portal\\\/como-foi-o-ultimo-concurso-pge-to-procurador\\\/#primaryimage\"},\"thumbnailUrl\":\"https:\\\/\\\/cj.estrategia.com\\\/portal\\\/wp-content\\\/uploads\\\/2023\\\/06\\\/01151759\\\/PGE-TO-Procurador.jpg\",\"articleSection\":[\"Procuradoria\"],\"inLanguage\":\"pt-BR\",\"potentialAction\":[{\"@type\":\"CommentAction\",\"name\":\"Comment\",\"target\":[\"https:\\\/\\\/cj.estrategia.com\\\/portal\\\/como-foi-o-ultimo-concurso-pge-to-procurador\\\/#respond\"]}]},{\"@type\":\"WebPage\",\"@id\":\"https:\\\/\\\/cj.estrategia.com\\\/portal\\\/como-foi-o-ultimo-concurso-pge-to-procurador\\\/\",\"url\":\"https:\\\/\\\/cj.estrategia.com\\\/portal\\\/como-foi-o-ultimo-concurso-pge-to-procurador\\\/\",\"name\":\"Como foi o \u00faltimo concurso PGE TO Procurador?\",\"isPartOf\":{\"@id\":\"https:\\\/\\\/cj.estrategia.com\\\/portal\\\/#website\"},\"primaryImageOfPage\":{\"@id\":\"https:\\\/\\\/cj.estrategia.com\\\/portal\\\/como-foi-o-ultimo-concurso-pge-to-procurador\\\/#primaryimage\"},\"image\":{\"@id\":\"https:\\\/\\\/cj.estrategia.com\\\/portal\\\/como-foi-o-ultimo-concurso-pge-to-procurador\\\/#primaryimage\"},\"thumbnailUrl\":\"https:\\\/\\\/cj.estrategia.com\\\/portal\\\/wp-content\\\/uploads\\\/2023\\\/06\\\/01151759\\\/PGE-TO-Procurador.jpg\",\"datePublished\":\"2025-01-24T13:25:41+00:00\",\"dateModified\":\"2025-01-24T13:25:45+00:00\",\"description\":\"Saiba como foi o \u00faltimo concurso PGE TO Procurador: vagas, sal\u00e1rio, etapas e n\u00famero de candidatos inscritos.\",\"breadcrumb\":{\"@id\":\"https:\\\/\\\/cj.estrategia.com\\\/portal\\\/como-foi-o-ultimo-concurso-pge-to-procurador\\\/#breadcrumb\"},\"inLanguage\":\"pt-BR\",\"potentialAction\":[{\"@type\":\"ReadAction\",\"target\":[\"https:\\\/\\\/cj.estrategia.com\\\/portal\\\/como-foi-o-ultimo-concurso-pge-to-procurador\\\/\"]}]},{\"@type\":\"ImageObject\",\"inLanguage\":\"pt-BR\",\"@id\":\"https:\\\/\\\/cj.estrategia.com\\\/portal\\\/como-foi-o-ultimo-concurso-pge-to-procurador\\\/#primaryimage\",\"url\":\"https:\\\/\\\/cj.estrategia.com\\\/portal\\\/wp-content\\\/uploads\\\/2023\\\/06\\\/01151759\\\/PGE-TO-Procurador.jpg\",\"contentUrl\":\"https:\\\/\\\/cj.estrategia.com\\\/portal\\\/wp-content\\\/uploads\\\/2023\\\/06\\\/01151759\\\/PGE-TO-Procurador.jpg\",\"width\":960,\"height\":540},{\"@type\":\"BreadcrumbList\",\"@id\":\"https:\\\/\\\/cj.estrategia.com\\\/portal\\\/como-foi-o-ultimo-concurso-pge-to-procurador\\\/#breadcrumb\",\"itemListElement\":[{\"@type\":\"ListItem\",\"position\":1,\"name\":\"In\u00edcio\",\"item\":\"https:\\\/\\\/cj.estrategia.com\\\/portal\\\/\"},{\"@type\":\"ListItem\",\"position\":2,\"name\":\"Como foi o \u00faltimo concurso PGE TO Procurador?\"}]},{\"@type\":\"WebSite\",\"@id\":\"https:\\\/\\\/cj.estrategia.com\\\/portal\\\/#website\",\"url\":\"https:\\\/\\\/cj.estrategia.com\\\/portal\\\/\",\"name\":\"Blog - Carreiras Jur\u00eddicas - Estrat\u00e9gia\",\"description\":\"\",\"publisher\":{\"@id\":\"https:\\\/\\\/cj.estrategia.com\\\/portal\\\/#organization\"},\"potentialAction\":[{\"@type\":\"SearchAction\",\"target\":{\"@type\":\"EntryPoint\",\"urlTemplate\":\"https:\\\/\\\/cj.estrategia.com\\\/portal\\\/?s={search_term_string}\"},\"query-input\":{\"@type\":\"PropertyValueSpecification\",\"valueRequired\":true,\"valueName\":\"search_term_string\"}}],\"inLanguage\":\"pt-BR\"},{\"@type\":\"Organization\",\"@id\":\"https:\\\/\\\/cj.estrategia.com\\\/portal\\\/#organization\",\"name\":\"Estrat\u00e9gia - Carreiras Jur\u00eddicas\",\"url\":\"https:\\\/\\\/cj.estrategia.com\\\/portal\\\/\",\"logo\":{\"@type\":\"ImageObject\",\"inLanguage\":\"pt-BR\",\"@id\":\"https:\\\/\\\/cj.estrategia.com\\\/portal\\\/#\\\/schema\\\/logo\\\/image\\\/\",\"url\":\"https:\\\/\\\/cj.estrategia.com\\\/portal\\\/wp-content\\\/uploads\\\/2022\\\/03\\\/11151052\\\/cj-logo.png\",\"contentUrl\":\"https:\\\/\\\/cj.estrategia.com\\\/portal\\\/wp-content\\\/uploads\\\/2022\\\/03\\\/11151052\\\/cj-logo.png\",\"width\":150,\"height\":39,\"caption\":\"Estrat\u00e9gia - Carreiras Jur\u00eddicas\"},\"image\":{\"@id\":\"https:\\\/\\\/cj.estrategia.com\\\/portal\\\/#\\\/schema\\\/logo\\\/image\\\/\"},\"sameAs\":[\"https:\\\/\\\/www.facebook.com\\\/estrategiacarreirajuridica\\\/\",\"https:\\\/\\\/x.com\\\/EstratJuridica\",\"https:\\\/\\\/www.instagram.com\\\/estrategiacarreirajuridica\\\/\",\"https:\\\/\\\/www.youtube.com\\\/channel\\\/UClbMGuYbj2Mh1m3w144ETWQ\"]},{\"@type\":\"Person\",\"@id\":\"https:\\\/\\\/cj.estrategia.com\\\/portal\\\/#\\\/schema\\\/person\\\/4d70317d31449932b99102916b6637f5\",\"name\":\"Coordena\u00e7\u00e3o\",\"image\":{\"@type\":\"ImageObject\",\"inLanguage\":\"pt-BR\",\"@id\":\"https:\\\/\\\/cj.estrategia.com\\\/portal\\\/wp-content\\\/uploads\\\/2022\\\/05\\\/12164923\\\/estrategia-carreira-juridica-coordenacao-96x96.png\",\"url\":\"https:\\\/\\\/cj.estrategia.com\\\/portal\\\/wp-content\\\/uploads\\\/2022\\\/05\\\/12164923\\\/estrategia-carreira-juridica-coordenacao-96x96.png\",\"contentUrl\":\"https:\\\/\\\/cj.estrategia.com\\\/portal\\\/wp-content\\\/uploads\\\/2022\\\/05\\\/12164923\\\/estrategia-carreira-juridica-coordenacao-96x96.png\",\"caption\":\"Coordena\u00e7\u00e3o\"},\"url\":\"https:\\\/\\\/cj.estrategia.com\\\/portal\\\/author\\\/coordenacao\\\/\"}]}<\/script>\n<!-- \/ Yoast SEO Premium plugin. -->","yoast_head_json":{"title":"Como foi o \u00faltimo concurso PGE TO Procurador?","description":"Saiba como foi o \u00faltimo concurso PGE TO Procurador: vagas, sal\u00e1rio, etapas e n\u00famero de candidatos inscritos.","robots":{"index":"index","follow":"follow","max-snippet":"max-snippet:-1","max-image-preview":"max-image-preview:large","max-video-preview":"max-video-preview:-1"},"canonical":"https:\/\/cj.estrategia.com\/portal\/como-foi-o-ultimo-concurso-pge-to-procurador\/","og_locale":"pt_BR","og_type":"article","og_title":"Como foi o \u00faltimo concurso PGE TO Procurador?","og_description":"Saiba como foi o \u00faltimo concurso PGE TO Procurador: vagas, sal\u00e1rio, etapas e n\u00famero de candidatos inscritos.","og_url":"https:\/\/cj.estrategia.com\/portal\/como-foi-o-ultimo-concurso-pge-to-procurador\/","og_site_name":"Blog - Carreiras Jur\u00eddicas - Estrat\u00e9gia","article_publisher":"https:\/\/www.facebook.com\/estrategiacarreirajuridica\/","article_published_time":"2025-01-24T13:25:41+00:00","article_modified_time":"2025-01-24T13:25:45+00:00","og_image":[{"width":960,"height":540,"url":"https:\/\/cj.estrategia.com\/portal\/wp-content\/uploads\/2023\/06\/01151759\/PGE-TO-Procurador.jpg","type":"image\/jpeg"}],"author":"Coordena\u00e7\u00e3o","twitter_card":"summary_large_image","twitter_creator":"@EstratJuridica","twitter_site":"@EstratJuridica","twitter_misc":{"Escrito por":"Coordena\u00e7\u00e3o","Est. tempo de leitura":"4 minutos"},"schema":{"@context":"https:\/\/schema.org","@graph":[{"@type":"NewsArticle","@id":"https:\/\/cj.estrategia.com\/portal\/como-foi-o-ultimo-concurso-pge-to-procurador\/#article","isPartOf":{"@id":"https:\/\/cj.estrategia.com\/portal\/como-foi-o-ultimo-concurso-pge-to-procurador\/"},"author":{"name":"Coordena\u00e7\u00e3o","@id":"https:\/\/cj.estrategia.com\/portal\/#\/schema\/person\/4d70317d31449932b99102916b6637f5"},"headline":"Como foi o \u00faltimo concurso PGE TO Procurador?","datePublished":"2025-01-24T13:25:41+00:00","dateModified":"2025-01-24T13:25:45+00:00","mainEntityOfPage":{"@id":"https:\/\/cj.estrategia.com\/portal\/como-foi-o-ultimo-concurso-pge-to-procurador\/"},"wordCount":575,"commentCount":0,"publisher":{"@id":"https:\/\/cj.estrategia.com\/portal\/#organization"},"image":{"@id":"https:\/\/cj.estrategia.com\/portal\/como-foi-o-ultimo-concurso-pge-to-procurador\/#primaryimage"},"thumbnailUrl":"https:\/\/cj.estrategia.com\/portal\/wp-content\/uploads\/2023\/06\/01151759\/PGE-TO-Procurador.jpg","articleSection":["Procuradoria"],"inLanguage":"pt-BR","potentialAction":[{"@type":"CommentAction","name":"Comment","target":["https:\/\/cj.estrategia.com\/portal\/como-foi-o-ultimo-concurso-pge-to-procurador\/#respond"]}]},{"@type":"WebPage","@id":"https:\/\/cj.estrategia.com\/portal\/como-foi-o-ultimo-concurso-pge-to-procurador\/","url":"https:\/\/cj.estrategia.com\/portal\/como-foi-o-ultimo-concurso-pge-to-procurador\/","name":"Como foi o \u00faltimo concurso PGE TO Procurador?","isPartOf":{"@id":"https:\/\/cj.estrategia.com\/portal\/#website"},"primaryImageOfPage":{"@id":"https:\/\/cj.estrategia.com\/portal\/como-foi-o-ultimo-concurso-pge-to-procurador\/#primaryimage"},"image":{"@id":"https:\/\/cj.estrategia.com\/portal\/como-foi-o-ultimo-concurso-pge-to-procurador\/#primaryimage"},"thumbnailUrl":"https:\/\/cj.estrategia.com\/portal\/wp-content\/uploads\/2023\/06\/01151759\/PGE-TO-Procurador.jpg","datePublished":"2025-01-24T13:25:41+00:00","dateModified":"2025-01-24T13:25:45+00:00","description":"Saiba como foi o \u00faltimo concurso PGE TO Procurador: vagas, sal\u00e1rio, etapas e n\u00famero de candidatos inscritos.","breadcrumb":{"@id":"https:\/\/cj.estrategia.com\/portal\/como-foi-o-ultimo-concurso-pge-to-procurador\/#breadcrumb"},"inLanguage":"pt-BR","potentialAction":[{"@type":"ReadAction","target":["https:\/\/cj.estrategia.com\/portal\/como-foi-o-ultimo-concurso-pge-to-procurador\/"]}]},{"@type":"ImageObject","inLanguage":"pt-BR","@id":"https:\/\/cj.estrategia.com\/portal\/como-foi-o-ultimo-concurso-pge-to-procurador\/#primaryimage","url":"https:\/\/cj.estrategia.com\/portal\/wp-content\/uploads\/2023\/06\/01151759\/PGE-TO-Procurador.jpg","contentUrl":"https:\/\/cj.estrategia.com\/portal\/wp-content\/uploads\/2023\/06\/01151759\/PGE-TO-Procurador.jpg","width":960,"height":540},{"@type":"BreadcrumbList","@id":"https:\/\/cj.estrategia.com\/portal\/como-foi-o-ultimo-concurso-pge-to-procurador\/#breadcrumb","itemListElement":[{"@type":"ListItem","position":1,"name":"In\u00edcio","item":"https:\/\/cj.estrategia.com\/portal\/"},{"@type":"ListItem","position":2,"name":"Como foi o \u00faltimo concurso PGE TO Procurador?"}]},{"@type":"WebSite","@id":"https:\/\/cj.estrategia.com\/portal\/#website","url":"https:\/\/cj.estrategia.com\/portal\/","name":"Blog - Carreiras Jur\u00eddicas - Estrat\u00e9gia","description":"","publisher":{"@id":"https:\/\/cj.estrategia.com\/portal\/#organization"},"potentialAction":[{"@type":"SearchAction","target":{"@type":"EntryPoint","urlTemplate":"https:\/\/cj.estrategia.com\/portal\/?s={search_term_string}"},"query-input":{"@type":"PropertyValueSpecification","valueRequired":true,"valueName":"search_term_string"}}],"inLanguage":"pt-BR"},{"@type":"Organization","@id":"https:\/\/cj.estrategia.com\/portal\/#organization","name":"Estrat\u00e9gia - Carreiras Jur\u00eddicas","url":"https:\/\/cj.estrategia.com\/portal\/","logo":{"@type":"ImageObject","inLanguage":"pt-BR","@id":"https:\/\/cj.estrategia.com\/portal\/#\/schema\/logo\/image\/","url":"https:\/\/cj.estrategia.com\/portal\/wp-content\/uploads\/2022\/03\/11151052\/cj-logo.png","contentUrl":"https:\/\/cj.estrategia.com\/portal\/wp-content\/uploads\/2022\/03\/11151052\/cj-logo.png","width":150,"height":39,"caption":"Estrat\u00e9gia - Carreiras Jur\u00eddicas"},"image":{"@id":"https:\/\/cj.estrategia.com\/portal\/#\/schema\/logo\/image\/"},"sameAs":["https:\/\/www.facebook.com\/estrategiacarreirajuridica\/","https:\/\/x.com\/EstratJuridica","https:\/\/www.instagram.com\/estrategiacarreirajuridica\/","https:\/\/www.youtube.com\/channel\/UClbMGuYbj2Mh1m3w144ETWQ"]},{"@type":"Person","@id":"https:\/\/cj.estrategia.com\/portal\/#\/schema\/person\/4d70317d31449932b99102916b6637f5","name":"Coordena\u00e7\u00e3o","image":{"@type":"ImageObject","inLanguage":"pt-BR","@id":"https:\/\/cj.estrategia.com\/portal\/wp-content\/uploads\/2022\/05\/12164923\/estrategia-carreira-juridica-coordenacao-96x96.png","url":"https:\/\/cj.estrategia.com\/portal\/wp-content\/uploads\/2022\/05\/12164923\/estrategia-carreira-juridica-coordenacao-96x96.png","contentUrl":"https:\/\/cj.estrategia.com\/portal\/wp-content\/uploads\/2022\/05\/12164923\/estrategia-carreira-juridica-coordenacao-96x96.png","caption":"Coordena\u00e7\u00e3o"},"url":"https:\/\/cj.estrategia.com\/portal\/author\/coordenacao\/"}]}},"jetpack_featured_media_url":"https:\/\/cj.estrategia.com\/portal\/wp-content\/uploads\/2023\/06\/01151759\/PGE-TO-Procurador.jpg","jetpack_sharing_enabled":true,"_links":{"self":[{"href":"https:\/\/cj.estrategia.com\/portal\/wp-json\/wp\/v2\/posts\/92792","targetHints":{"allow":["GET"]}}],"collection":[{"href":"https:\/\/cj.estrategia.com\/portal\/wp-json\/wp\/v2\/posts"}],"about":[{"href":"https:\/\/cj.estrategia.com\/portal\/wp-json\/wp\/v2\/types\/post"}],"author":[{"embeddable":true,"href":"https:\/\/cj.estrategia.com\/portal\/wp-json\/wp\/v2\/users\/12"}],"replies":[{"embeddable":true,"href":"https:\/\/cj.estrategia.com\/portal\/wp-json\/wp\/v2\/comments?post=92792"}],"version-history":[{"count":0,"href":"https:\/\/cj.estrategia.com\/portal\/wp-json\/wp\/v2\/posts\/92792\/revisions"}],"wp:featuredmedia":[{"embeddable":true,"href":"https:\/\/cj.estrategia.com\/portal\/wp-json\/wp\/v2\/media\/37837"}],"wp:attachment":[{"href":"https:\/\/cj.estrategia.com\/portal\/wp-json\/wp\/v2\/media?parent=92792"}],"wp:term":[{"taxonomy":"category","embeddable":true,"href":"https:\/\/cj.estrategia.com\/portal\/wp-json\/wp\/v2\/categories?post=92792"},{"taxonomy":"post_tag","embeddable":true,"href":"https:\/\/cj.estrategia.com\/portal\/wp-json\/wp\/v2\/tags?post=92792"},{"taxonomy":"tax_estado","embeddable":true,"href":"https:\/\/cj.estrategia.com\/portal\/wp-json\/wp\/v2\/tax_estado?post=92792"}],"curies":[{"name":"wp","href":"https:\/\/api.w.org\/{rel}","templated":true}]}}