{"id":91601,"date":"2025-01-20T21:20:19","date_gmt":"2025-01-21T00:20:19","guid":{"rendered":"https:\/\/cj.estrategia.com\/portal\/?p=91601"},"modified":"2025-02-17T18:05:22","modified_gmt":"2025-02-17T21:05:22","slug":"projeto-gratuidade-justica-pacientes-deficiencia","status":"publish","type":"post","link":"https:\/\/cj.estrategia.com\/portal\/projeto-gratuidade-justica-pacientes-deficiencia\/","title":{"rendered":"Comiss\u00e3o aprova projeto que concede gratuidade de justi\u00e7a para pacientes com defici\u00eancia"},"content":{"rendered":"\n<p>Um recente projeto de lei aprovado na C\u00e2mara dos Deputados, trar\u00e1 uma altera\u00e7\u00e3o relevant\u00edssima.<\/p>\n\n\n\n<p>Trata-se do Projeto de Lei (PL) 917\/24 que altera o <a href=\"https:\/\/www2.camara.leg.br\/legin\/fed\/lei\/2015\/lei-13105-16-marco-2015-780273-norma-pl.html\" target=\"_blank\" ><u><strong>C\u00f3digo de Processo Civil<\/strong><\/u><\/a>&nbsp;(CPC) para prever o direito \u00e0 <strong><strong><span style=\"text-decoration: underline;\">gratuidade<\/span><\/strong><\/strong>&nbsp;da justi\u00e7a aos pacientes em tratamento de c\u00e2ncer, pessoas com <strong><strong><span style=\"text-decoration: underline;\">defici\u00eancia<\/span><\/strong><\/strong>&nbsp;f\u00edsica ou com transtorno do espectro autista (TEA).<\/p>\n\n\n\n<p>Bom, vamos entender de perto, o que seria essa mudan\u00e7a e tamb\u00e9m sobre o instituto da <strong>gratuidade da justi\u00e7a<\/strong>.<\/p>\n\n\n\n<h2 class=\"wp-block-heading\" id=\"h-qual-e-a-alteracao-legal-proposta\"><span id=\"qual-e-a-alteracao-legal-proposta\">Qual \u00e9 a altera\u00e7\u00e3o legal proposta?<\/span><\/h2>\n\n\n\n<p>Pois bem, a proposta prev\u00ea uma inclus\u00e3o no CPC do seguinte dispositivo:<\/p>\n\n\n\n<pre class=\"wp-block-preformatted\">\u201cArt. 98. [...]\n\nDa Gratuidade da Justi\u00e7a\n\n\u00a7 9\u00ba Ter\u00e1 direito \u00e0 gratuidade da justi\u00e7a os pacientes em tratamento do c\u00e2ncer, <strong><span style=\"text-decoration: underline;\">deficientes<\/span><\/strong> f\u00edsicos ou pessoas com transtorno do espectro autista (TEA) [...]\u201d<\/pre>\n\n\n\n<h3 class=\"wp-block-heading\" id=\"h-qual-e-o-fundamento-disso\"><span id=\"qual-e-o-fundamento-disso\">Qual \u00e9 o fundamento disso?<\/span><\/h3>\n\n\n\n<p>\u201cAo enfrentar condi\u00e7\u00f5es de sa\u00fade desafiadoras, tais como o c\u00e2ncer, ou viver com uma defici\u00eancia f\u00edsica ou transtorno do espectro autista, essas pessoas j\u00e1 lidam diariamente com obst\u00e1culos significativos\u201d, afirma o deputado Luciano Galego (PL-MA) que \u00e9 o relator do projeto.<\/p>\n\n\n\n<p>\u201cA necessidade de arcar com custas judiciais pode representar mais um entrave injusto em suas vidas, dificultando o acesso \u00e0 justi\u00e7a e \u00e0 prote\u00e7\u00e3o de seus direitos\u201d, acrescenta.&nbsp;<\/p>\n\n\n\n<h3 class=\"wp-block-heading\" id=\"h-como-funciona-a-gratuidade-da-justica-hoje\"><span id=\"como-funciona-a-gratuidade-da-justica-hoje\">Como funciona a gratuidade da justi\u00e7a hoje?<\/span><\/h3>\n\n\n\n<p>Primeiramente, \u00e9 importante fazer uma distin\u00e7\u00e3o relevante.<\/p>\n\n\n\n<p><strong>Isto porque, <\/strong>a CF\/88 prev\u00ea a garantia&nbsp;da&nbsp;assist\u00eancia jur\u00eddica integral e gratuita em seu art. 5\u00ba, LXXIV: \u201co Estado prestar\u00e1 assist\u00eancia jur\u00eddica integral e gratuita aos que comprovarem insufici\u00eancia de recursos\u201d.<\/p>\n\n\n\n<p>Entretanto, esse dispositivo constitucional consagra, na verdade, duas garantias:<\/p>\n\n\n\n<figure class=\"wp-block-table\"><table><tbody><tr><td><strong>I \u2013&nbsp;Assist\u00eancia jur\u00eddica integral e gratuita<\/strong><\/td><td><strong>II \u2013&nbsp;Gratuidade&nbsp;da justi\u00e7a (Assist\u00eancia Judici\u00e1ria Gratuita \u2013 AJG)<\/strong><\/td><\/tr><tr><td>Fornecimento pelo Estado de orienta\u00e7\u00e3o e defesa jur\u00eddica, de forma integral e gratuita, a ser prestada pela <strong><u><strong>Defensoria P\u00fablica,<\/strong><\/u><\/strong>&nbsp;em todos os graus, aos <strong><u><strong>necessitados<\/strong><\/u><\/strong>&nbsp;(art. 134&nbsp;da&nbsp;CF).<br>Regulada pela Lei Complementar 80\/94.<\/td><td><strong><u><strong>Isen\u00e7\u00e3o<\/strong><\/u><\/strong>&nbsp;das despesas que forem necess\u00e1rias para que a pessoa necessitada possa defender seus interesses em um <strong><u><strong>processo judicial<\/strong><\/u><\/strong>.<br>Era regulada pela Lei n\u00ba 1.060\/50, mas o CPC\/2015 passou a tratar sobre o tema, revogando quase toda essa lei.<\/td><\/tr><\/tbody><\/table><\/figure>\n\n\n\n<h3 class=\"wp-block-heading\" id=\"h-quem-tem-direito-a-nbsp-gratuidade-nbsp-da-nbsp-justica\"><span id=\"quem-tem-direito-a-gratuidade-da-justica\">Quem tem direito \u00e0&nbsp;gratuidade&nbsp;da&nbsp;justi\u00e7a?<\/span><\/h3>\n\n\n\n<p>Tem direito \u00e0&nbsp;gratuidade&nbsp;da&nbsp;justi\u00e7a&nbsp;a pessoa natural ou jur\u00eddica, <strong><u><strong>brasileira ou estrangeira<\/strong><\/u><\/strong>, com insufici\u00eancia de recursos para pagar as custas, as despesas processuais e os honor\u00e1rios advocat\u00edcios (art. 98 do CPC\/2015).<\/p>\n\n\n\n<h3 class=\"wp-block-heading\" id=\"h-quem-esta-abrangido-por-ela\"><span id=\"quem-esta-abrangido-por-ela\">Quem est\u00e1 abrangido por ela?<\/span><\/h3>\n\n\n\n<p>\u2022 pessoas f\u00edsicas (brasileiras ou estrangeiras);<\/p>\n\n\n\n<p>\u2022 pessoas jur\u00eddicas (brasileiras ou estrangeiras).<\/p>\n\n\n\n<p>Nesse sentido, veja algumas quest\u00f5es de concurso sobre o tema:<\/p>\n\n\n\n<pre class=\"wp-block-preformatted\">(<strong>Procurador Jur\u00eddico - C\u00e2mara de Nova Ben\u00e9cia\/ES - 2018 - Gualimp<\/strong>) Presume-se verdadeira a alega\u00e7\u00e3o de insufici\u00eancia deduzida por pessoa natural. (<strong>Correta<\/strong>)<\/pre>\n\n\n\n<pre class=\"wp-block-preformatted\">(<strong>Analista Judici\u00e1rio - TRF2R - 2017 - Consulplan<\/strong>) A&nbsp;gratuidade&nbsp;de&nbsp;justi\u00e7a&nbsp;poder\u00e1 ser concedida \u00e0 pessoa natural ou jur\u00eddica, nacional ou estrangeira, que comprove insufici\u00eancia de recursos para pagar as custas, as despesas processuais e os honor\u00e1rios advocat\u00edcios, na forma&nbsp;da&nbsp;lei. (<strong>Correta<\/strong>)<\/pre>\n\n\n\n<pre class=\"wp-block-preformatted\">(<strong>Defensor P\u00fablico - DPE\/AC - 2017 - Cespe<\/strong>) O benef\u00edcio&nbsp;da&nbsp;gratuidade&nbsp;da&nbsp;justi\u00e7a&nbsp;\u00e9 destinado somente \u00e0s pessoas naturais. (<strong>Incorreta<\/strong>)<\/pre>\n\n\n\n<pre class=\"wp-block-preformatted\">(<strong>Promotor de&nbsp;Justi\u00e7a&nbsp;- MPE\/PI - 2019 - Cespe<\/strong>) O benef\u00edcio&nbsp;da&nbsp;gratuidade&nbsp;de&nbsp;justi\u00e7a&nbsp;n\u00e3o poder\u00e1 ser concedido a estrangeiro n\u00e3o residente no Brasil. (<strong>Incorreta<\/strong>)<\/pre>\n\n\n\n<h3 class=\"wp-block-heading\" id=\"h-a-pessoa-beneficiada-pela-nbsp-justica-nbsp-gratuita-esta-dispensada-do-pagamento-de-quais-verbas\"><span id=\"a-pessoa-beneficiada-pela-justica-gratuita-esta-dispensada-do-pagamento-de-quais-verbas\">A pessoa beneficiada pela&nbsp;justi\u00e7a&nbsp;gratuita est\u00e1 dispensada do pagamento de quais verbas?<\/span><\/h3>\n\n\n\n<p>A&nbsp;gratuidade&nbsp;da&nbsp;justi\u00e7a&nbsp;compreende, vide art. 98 do CPC:<\/p>\n\n\n\n<pre class=\"wp-block-preformatted\">I -&nbsp;as taxas ou as custas judiciais;\nII -&nbsp;os selos postais;\nIII - as despesas com publica\u00e7\u00e3o na imprensa oficial, dispensando-se a publica\u00e7\u00e3o em outros meios;\nIV - a indeniza\u00e7\u00e3o devida \u00e0 testemunha que, quando empregada, receber\u00e1 do empregador sal\u00e1rio integral, como se em servi\u00e7o estivesse;\nV - as despesas com a realiza\u00e7\u00e3o de exame de c\u00f3digo gen\u00e9tico - DNA e de outros exames considerados essenciais;\nVI - os honor\u00e1rios do advogado e do perito e a remunera\u00e7\u00e3o do int\u00e9rprete ou do tradutor nomeado para apresenta\u00e7\u00e3o de vers\u00e3o em portugu\u00eas de documento redigido em l\u00edngua estrangeira;\nVII - o custo com a elabora\u00e7\u00e3o de mem\u00f3ria de c\u00e1lculo, quando exigida para instaura\u00e7\u00e3o&nbsp;da&nbsp;execu\u00e7\u00e3o;\nVIII - os dep\u00f3sitos previstos em lei para interposi\u00e7\u00e3o de recurso, para propositura de a\u00e7\u00e3o e para a pr\u00e1tica de outros atos processuais inerentes ao exerc\u00edcio&nbsp;da&nbsp;ampla defesa e do contradit\u00f3rio;\nIX - os emolumentos devidos a not\u00e1rios ou registradores em decorr\u00eancia&nbsp;da&nbsp;pr\u00e1tica de registro, averba\u00e7\u00e3o ou qualquer outro ato notarial necess\u00e1rio \u00e0 efetiva\u00e7\u00e3o de decis\u00e3o judicial ou \u00e0 continuidade de processo judicial no qual o benef\u00edcio tenha sido concedido.<\/pre>\n\n\n\n<p>Cuidado, pois esse rol acima \u00e9 muito explorado nas provas:<\/p>\n\n\n\n<pre class=\"wp-block-preformatted\">(<strong>Promotor de&nbsp;Justi\u00e7a&nbsp;- MPE\/SP - 2017<\/strong>) Abrange os emolumentos devidos a not\u00e1rios ou registradores em decorr\u00eancia de ato necess\u00e1rio \u00e0 efetiva\u00e7\u00e3o de decis\u00e3o judicial ou \u00e0 continuidade do processo no qual o benef\u00edcio tenha sido concedido. (<strong>Correta<\/strong>)<\/pre>\n\n\n\n<pre class=\"wp-block-preformatted\">(<strong>Procurador do Estado - PGE\/SE - 2017 - Cespe<\/strong>) Os emolumentos devidos a not\u00e1rio ou registrador em decorr\u00eancia&nbsp;da&nbsp;pr\u00e1tica de registro de ato notarial necess\u00e1rio \u00e0 efetiva\u00e7\u00e3o de decis\u00e3o judicial s\u00e3o alcan\u00e7ados pelo benef\u00edcio&nbsp;da&nbsp;gratuidade&nbsp;de&nbsp;justi\u00e7a&nbsp;que tenha sido concedido. (<strong>Correta<\/strong>)<\/pre>\n\n\n\n<pre class=\"wp-block-preformatted\">(<strong>T\u00e9cnico M\u00e9dio&nbsp;da&nbsp;Defensoria P\u00fablica - DPE\/RJ - 2019 - FGV<\/strong>) A&nbsp;gratuidade&nbsp;da&nbsp;justi\u00e7a&nbsp;compreende, dentre outras, as despesas com a realiza\u00e7\u00e3o de exame de c\u00f3digo gen\u00e9tico - DNA e de outros exames considerados essenciais. (<strong>Correta<\/strong>)<\/pre>\n\n\n\n<pre class=\"wp-block-preformatted\">(<strong>Analista - TJ\/MS - 2018 - PUC\/PR<\/strong>) A&nbsp;gratuidade&nbsp;da&nbsp;justi\u00e7a&nbsp;compreende as despesas com publica\u00e7\u00e3o na imprensa oficial, mas n\u00e3o dispensa a publica\u00e7\u00e3o em outros meios. (<strong>Incorreta<\/strong>)<\/pre>\n\n\n\n<h3 class=\"wp-block-heading\" id=\"h-e-possivel-a-dispensa-parcial\"><span id=\"e-possivel-a-dispensa-parcial\">\u00c9 poss\u00edvel a dispensa parcial?<\/span><\/h3>\n\n\n\n<p><strong><mark style=\"background-color:#fcb900\" class=\"has-inline-color\">Sim!<\/mark><\/strong> A&nbsp;gratuidade&nbsp;da&nbsp;justi\u00e7a&nbsp;poder\u00e1 ser concedida em rela\u00e7\u00e3o a algum ou a todos os atos processuais, ou pode consistir apenas na redu\u00e7\u00e3o percentual das despesas processuais que o benefici\u00e1rio tiver de adiantar no curso do procedimento (\u00a7 5\u00ba do art. 98 do CPC\/2015).<\/p>\n\n\n\n<pre class=\"wp-block-preformatted\">(<strong>Juiz Federal - TRF4R - 2016<\/strong>) O benef\u00edcio&nbsp;da&nbsp;gratuidade&nbsp;da&nbsp;justi\u00e7a&nbsp;pode ser concedido apenas parcialmente ou consistir na redu\u00e7\u00e3o percentual das despesas processuais iniciais ou ainda no parcelamento dessas despesas e n\u00e3o afasta o dever de o benefici\u00e1rio pagar as multas processuais que lhe sejam impostas. (<strong>Correta<\/strong>)<\/pre>\n\n\n\n<pre class=\"wp-block-preformatted\">(<strong>T\u00e9cnico Judici\u00e1rio - TJM\/SP - 2017 - Vunesp<\/strong>) A&nbsp;gratuidade&nbsp;poder\u00e1 ser concedida em rela\u00e7\u00e3o a algum ou a todos os atos processuais. (<strong>Correta<\/strong>)<\/pre>\n\n\n\n<h3 class=\"wp-block-heading\" id=\"h-e-possivel-fazer-o-parcelamento-do-pagamento\"><span id=\"e-possivel-fazer-o-parcelamento-do-pagamento\">\u00c9 poss\u00edvel fazer o parcelamento do pagamento?<\/span><\/h3>\n\n\n\n<p><strong><mark style=\"background-color:#fcb900\" class=\"has-inline-color\">Sim!<\/mark><\/strong><\/p>\n\n\n\n<p>A depender do caso concreto, o juiz poder\u00e1 conceder ao requerente o direito de parcelar as despesas processuais que tiver de adiantar no curso do procedimento, conforme o \u00a7 6\u00ba do art. 98 do CPC\/2015.<\/p>\n\n\n\n<pre class=\"wp-block-preformatted\">(<strong>Analista Judici\u00e1rio - TJ\/AL - 2018 - FGV<\/strong>) A&nbsp;gratuidade&nbsp;de&nbsp;justi\u00e7a&nbsp;pode abarcar um, alguns ou todos os atos, ou consistir na redu\u00e7\u00e3o percentual das despesas a cargo do benefici\u00e1rio. (<strong>Correta<\/strong>)<\/pre>\n\n\n\n<h3 class=\"wp-block-heading\" id=\"h-se-eu-tiver-a-gratuidade-significa-que-eu-nao-pago-as-despesas-processuais-e-honorarios-advocaticios-de-sucumbencia\"><span id=\"se-eu-tiver-a-gratuidade-significa-que-eu-nao-pago-as-despesas-processuais-e-honorarios-advocaticios-de-sucumbencia\">Se eu tiver a gratuidade significa que eu n\u00e3o pago as despesas processuais e honor\u00e1rios advocat\u00edcios de sucumb\u00eancia?<\/span><\/h3>\n\n\n\n<p><strong><mark style=\"background-color:#fcb900\" class=\"has-inline-color\">N\u00e3o \u00e9 bem assim<\/mark><\/strong>. Mesmo sendo benefici\u00e1ria&nbsp;da&nbsp;justi\u00e7a&nbsp;gratuita, a pessoa ter\u00e1 que pagar as despesas processuais e os honor\u00e1rios advocat\u00edcios decorrentes de sua sucumb\u00eancia (\u00a7 2\u00ba do art. 98 do CPC\/2015).<\/p>\n\n\n\n<div class=\"wp-block-media-text is-stacked-on-mobile\"><figure class=\"wp-block-media-text__media\"><img decoding=\"async\" width=\"1024\" height=\"915\" src=\"https:\/\/cj.estrategia.com\/portal\/wp-content\/uploads\/2024\/10\/22212431\/atencao-aviso-exclamacao-cuidado-1024x915.jpg\" alt=\"Gratuidade\" class=\"wp-image-81306 size-full\" srcset=\"https:\/\/cj.estrategia.com\/portal\/wp-content\/uploads\/2024\/10\/22212431\/atencao-aviso-exclamacao-cuidado-1024x915.jpg 1024w, https:\/\/cj.estrategia.com\/portal\/wp-content\/uploads\/2024\/10\/22212431\/atencao-aviso-exclamacao-cuidado-300x268.jpg 300w, https:\/\/cj.estrategia.com\/portal\/wp-content\/uploads\/2024\/10\/22212431\/atencao-aviso-exclamacao-cuidado-768x686.jpg 768w, https:\/\/cj.estrategia.com\/portal\/wp-content\/uploads\/2024\/10\/22212431\/atencao-aviso-exclamacao-cuidado-1536x1373.jpg 1536w, https:\/\/cj.estrategia.com\/portal\/wp-content\/uploads\/2024\/10\/22212431\/atencao-aviso-exclamacao-cuidado-2048x1830.jpg 2048w, https:\/\/cj.estrategia.com\/portal\/wp-content\/uploads\/2024\/10\/22212431\/atencao-aviso-exclamacao-cuidado-380x340.jpg 380w, https:\/\/cj.estrategia.com\/portal\/wp-content\/uploads\/2024\/10\/22212431\/atencao-aviso-exclamacao-cuidado-800x715.jpg 800w, https:\/\/cj.estrategia.com\/portal\/wp-content\/uploads\/2024\/10\/22212431\/atencao-aviso-exclamacao-cuidado-1160x1037.jpg 1160w, https:\/\/cj.estrategia.com\/portal\/wp-content\/uploads\/2024\/10\/22212431\/atencao-aviso-exclamacao-cuidado-150x134.jpg 150w, https:\/\/cj.estrategia.com\/portal\/wp-content\/uploads\/2024\/10\/22212431\/atencao-aviso-exclamacao-cuidado.jpg 2417w\" sizes=\"(max-width: 1024px) 100vw, 1024px\" \/><\/figure><div class=\"wp-block-media-text__content\">\n<p>No entanto, as obriga\u00e7\u00f5es decorrentes de sua sucumb\u00eancia ficar\u00e3o sob condi\u00e7\u00e3o <strong><u><strong>suspensiva<\/strong><\/u><\/strong>&nbsp;de exigibilidade e somente poder\u00e3o ser executadas se, <span style=\"text-decoration: underline;\"><strong>nos 5 anos subsequentes ao tr\u00e2nsito em julgado&nbsp;da&nbsp;decis\u00e3o que as certificou<\/strong><\/span>, o credor demonstrar que deixou de existir a situa\u00e7\u00e3o de insufici\u00eancia de recursos que justificou a concess\u00e3o de&nbsp;gratuidade.<\/p>\n<\/div><\/div>\n\n\n\n<p>Em outras palavras, em at\u00e9 5 anos, o credor dever\u00e1 demonstrar que o devedor passou a ter condi\u00e7\u00f5es de custear tais despesas.<\/p>\n\n\n\n<p>Passado esse prazo, tais obriga\u00e7\u00f5es do benefici\u00e1rio s\u00e3o consideradas extintas (\u00a7 3\u00ba do art. 98 do CPC\/2015).<\/p>\n\n\n\n<p>Cuidado! \u00c9 <strong><mark style=\"background-color:#fcb900\" class=\"has-inline-color\">extremamente alta<\/mark><\/strong> a incid\u00eancia desse ponto espec\u00edfico nas provas de concurso:<\/p>\n\n\n\n<pre class=\"wp-block-preformatted\">(<strong>Juiz Federal - TRF2R - 2018<\/strong>) A&nbsp;gratuidade&nbsp;da&nbsp;justi\u00e7a&nbsp;n\u00e3o compreende as obriga\u00e7\u00f5es decorrentes&nbsp;da&nbsp;sucumb\u00eancia, que ficar\u00e3o sob condi\u00e7\u00e3o suspensiva. (<strong>Correta<\/strong>)<\/pre>\n\n\n\n<pre class=\"wp-block-preformatted\">(<strong>Procurador Municipal - Jo\u00e3o Pessoa\/PB - 2018 - Cespe<\/strong>) O pedido de&nbsp;gratuidade&nbsp;da&nbsp;justi\u00e7a&nbsp;pode ser feito na inicial ou na contesta\u00e7\u00e3o, por\u00e9m, mesmo que deferido, n\u00e3o afastar\u00e1 das partes a responsabilidade pelos honor\u00e1rios advocat\u00edcios decorrentes&nbsp;da&nbsp;sucumb\u00eancia. (<strong>Correta<\/strong>)<\/pre>\n\n\n\n<pre class=\"wp-block-preformatted\">(<strong>Defensor P\u00fablico - DPE\/MG - 2019 - Fundep<\/strong>) A concess\u00e3o de&nbsp;gratuidade, amparada em ampla prova de insufici\u00eancia de recursos, n\u00e3o afasta a responsabilidade do benefici\u00e1rio pelas despesas processuais e pelos honor\u00e1rios advocat\u00edcios decorrentes de sua sucumb\u00eancia. (<strong>Correta<\/strong>)<\/pre>\n\n\n\n<pre class=\"wp-block-preformatted\">(<strong>T\u00e9cnico&nbsp;da&nbsp;Defensoria P\u00fablica - DPE\/RJ - 2019 - FGV<\/strong>) As obriga\u00e7\u00f5es decorrentes de sua sucumb\u00eancia ficar\u00e3o sob condi\u00e7\u00e3o suspensiva de exigibilidade e somente poder\u00e3o ser executadas se, nos 5 (cinco) anos subsequentes ao tr\u00e2nsito em julgado&nbsp;da&nbsp;decis\u00e3o que as certificou, o credor demonstrar que deixou de existir a situa\u00e7\u00e3o de insufici\u00eancia de recursos que justificou a concess\u00e3o de&nbsp;gratuidade. (<strong>Correta<\/strong>)<\/pre>\n\n\n\n<pre class=\"wp-block-preformatted\">(<strong>Analista - TCE\/PR - 2016 - Cespe<\/strong>) Proposta a a\u00e7\u00e3o, o r\u00e9u inadimplente, quando for eventualmente citado, poder\u00e1 requerer&nbsp;gratuidade&nbsp;de&nbsp;justi\u00e7a, mas a concess\u00e3o dessa&nbsp;gratuidade&nbsp;n\u00e3o afastar\u00e1 definitivamente a responsabilidade do requerente quanto a despesas processuais e honor\u00e1rios advocat\u00edcios no processo. (<strong>Correta<\/strong>)<\/pre>\n\n\n\n<pre class=\"wp-block-preformatted\">(<strong>Juiz Federal - TRF3R - 2018<\/strong>) Relativamente \u00e0&nbsp;gratuidade&nbsp;no processo civil, ela compreende, dentre outros, as taxas judiciais, os dep\u00f3sitos exigidos para interposi\u00e7\u00e3o de recurso ou propositura de a\u00e7\u00e3o e, ainda, os honor\u00e1rios de perito e advocat\u00edcios, inclusive aqueles decorrentes&nbsp;da&nbsp;sucumb\u00eancia. (<strong>Incorreta<\/strong>)<\/pre>\n\n\n\n<pre class=\"wp-block-preformatted\">(<strong>Juiz do Trabalho - TST - 2017 - FCC<\/strong>) A concess\u00e3o de&nbsp;gratuidade&nbsp;n\u00e3o afasta a responsabilidade do benefici\u00e1rio pelas despesas processuais e pelos honor\u00e1rios advocat\u00edcios decorrentes de sua sucumb\u00eancia, que ficar\u00e3o sob condi\u00e7\u00e3o suspensiva de exigibilidade e somente poder\u00e3o ser executados se, nos cinco anos subsequentes ao tr\u00e2nsito em julgado&nbsp;da&nbsp;decis\u00e3o que as certificou, o credor demonstrar que deixou de existir a situa\u00e7\u00e3o de insufici\u00eancia de recursos que justificou a concess\u00e3o de&nbsp;gratuidade, extinguindo-se, passado esse prazo, tais obriga\u00e7\u00f5es do benefici\u00e1rio. (<strong>Correta<\/strong>)<\/pre>\n\n\n\n<h3 class=\"wp-block-heading\" id=\"h-multas-processuais-podem-ser-impostas-ao-beneficiario-da-justica-gratuita\"><span id=\"multas-processuais-podem-ser-impostas-ao-beneficiario-da-justica-gratuita\">Multas processuais podem ser impostas ao benefici\u00e1rio da justi\u00e7a gratuita?<\/span><\/h3>\n\n\n\n<p><strong><mark style=\"background-color:#fcb900\" class=\"has-inline-color\">Sim!<\/mark><\/strong><\/p>\n\n\n\n<p>Mesmo sendo benefici\u00e1ria&nbsp;da&nbsp;justi\u00e7a&nbsp;gratuita, a pessoa ter\u00e1 o dever de pagar, ao final, as multas processuais que lhe foram impostas (\u00a7 4\u00ba do art. 98 do CPC\/2015). Ex.: multa por litig\u00e2ncia de m\u00e1-f\u00e9. Nesse sentido:<\/p>\n\n\n\n<pre class=\"wp-block-preformatted\">(<strong>Procurador Legislativo - C\u00e2mara de Aracruz\/ES - 2016 - Idecan<\/strong>) A&nbsp;gratuidade&nbsp;da&nbsp;justi\u00e7a&nbsp;N\u00c3O compreende multas processuais que lhe sejam impostas. (<strong>Correta<\/strong>)<\/pre>\n\n\n\n<h3 class=\"wp-block-heading\" id=\"h-por-fim-o-juiz-podera-conceder-de-oficio-o-beneficio-nbsp-da-nbsp-assistencia-judiciaria-gratuita\"><span id=\"por-fim-o-juiz-podera-conceder-de-oficio-o-beneficio-da-assistencia-judiciaria-gratuita\">Por fim, o juiz poder\u00e1 conceder de of\u00edcio o benef\u00edcio&nbsp;da&nbsp;assist\u00eancia judici\u00e1ria gratuita?<\/span><\/h3>\n\n\n\n<p><strong><mark style=\"background-color:#fcb900\" class=\"has-inline-color\">N\u00c3O<\/mark><\/strong>.<\/p>\n\n\n\n<pre class=\"wp-block-verse\">\u00c9 vedada a concess\u00e3o \u201cex officio\u201d do benef\u00edcio de assist\u00eancia judici\u00e1ria gratuita pelo magistrado. Assim, \u00e9 indispens\u00e1vel que haja pedido expresso&nbsp;da&nbsp;parte <strong>(STJ. 1\u00aa Turma. AgInt no REsp 1740075\/RJ, Rel. Min. Regina Helena Costa, julgado em 18\/09\/2018)<\/strong>.<\/pre>\n\n\n\n<pre class=\"wp-block-verse\">\"A concess\u00e3o de assist\u00eancia judici\u00e1ria gratuita est\u00e1 condicionada \u00e0 afirma\u00e7\u00e3o de que a parte n\u00e3o possui meios de arcar com as custas do processo, podendo o magistrado determinar a comprova\u00e7\u00e3o do estado de hipossufici\u00eancia para deferir o pedido.\" <strong>(AgInt no AREsp 1815775\/SP, Rel. Min. Ricardo Villas B\u00f4as Cueva, 3\u00aa Turma, DJe 01\/02\/2022)<\/strong><\/pre>\n\n\n\n<h3 class=\"wp-block-heading\" id=\"h-qual-e-o-momento-em-que-se-deve-formular-o-pedido-de-nbsp-justica-nbsp-gratuita\"><span id=\"qual-e-o-momento-em-que-se-deve-formular-o-pedido-de-justica-gratuita\">Qual \u00e9 o momento em que se deve formular o pedido de&nbsp;justi\u00e7a&nbsp;gratuita?<\/span><\/h3>\n\n\n\n<p>Normalmente, o pedido de&nbsp;justi\u00e7a&nbsp;gratuita se faz na pr\u00f3pria peti\u00e7\u00e3o inicial (no caso do autor) ou na contesta\u00e7\u00e3o (no caso do r\u00e9u). No entanto, o certo \u00e9 que o pedido de&nbsp;justi\u00e7a&nbsp;gratuita pode ser formulado a qualquer tempo.<\/p>\n\n\n\n<p>Assim, veja o que diz o \u00a7 1\u00ba do art. 99 do CPC\/2015:<\/p>\n\n\n\n<pre class=\"wp-block-preformatted\">Art. 99. O pedido de&nbsp;gratuidade&nbsp;da&nbsp;justi\u00e7a&nbsp;pode ser formulado na peti\u00e7\u00e3o inicial, na contesta\u00e7\u00e3o, na peti\u00e7\u00e3o para ingresso de terceiro no processo ou em recurso.\n\n\u00a7 1\u00ba Se superveniente \u00e0 primeira manifesta\u00e7\u00e3o&nbsp;da&nbsp;parte na inst\u00e2ncia, o pedido poder\u00e1 ser formulado por peti\u00e7\u00e3o simples, nos autos do pr\u00f3prio processo, e n\u00e3o suspender\u00e1 seu curso.\n\n(...)<\/pre>\n\n\n\n<pre class=\"wp-block-preformatted\">(<strong>Defensor P\u00fablico Federal - DPU - 2017 - Cespe<\/strong>) Segundo a jurisprud\u00eancia do STJ, o benef\u00edcio&nbsp;da&nbsp;assist\u00eancia judici\u00e1ria gratuita gera efeitos&nbsp;<em>ex nunc<\/em>&nbsp;e, uma vez concedido, afasta a necessidade de renova\u00e7\u00e3o do pedido em cada inst\u00e2ncia. (<strong>Correta<\/strong>)<\/pre>\n\n\n\n<h2 class=\"wp-block-heading\" id=\"h-quais-as-principais-mudancas-propostas-pelo-pl-917-2024\"><span id=\"quais-as-principais-mudancas-propostas-pelo-pl-917-2024\">Quais as principais mudan\u00e7as propostas pelo PL 917\/2024?<\/span><\/h2>\n\n\n\n<p>O projeto ent\u00e3o acrescenta o \u00a7 9\u00ba ao artigo 98 do CPC, estabelecendo tr\u00eas grupos com direito autom\u00e1tico \u00e0 gratuidade:<\/p>\n\n\n\n<ol class=\"wp-block-list\">\n<li>Pacientes em tratamento de c\u00e2ncer;<\/li>\n\n\n\n<li>Pessoas com defici\u00eancia f\u00edsica;<\/li>\n\n\n\n<li>Pessoas com Transtorno do Espectro Autista (TEA).<\/li>\n<\/ol>\n\n\n\n<p><strong>No fim, podemos dizer que <\/strong>essa proposta reconhece as vulnerabilidades espec\u00edficas destes grupos, considerando:<\/p>\n\n\n\n<ol class=\"wp-block-list\">\n<li>Os custos elevados do tratamento oncol\u00f3gico;<\/li>\n\n\n\n<li>As barreiras sociais e econ\u00f4micas enfrentadas por pessoas com defici\u00eancia;<\/li>\n\n\n\n<li>As necessidades especiais das pessoas com TEA no acesso \u00e0 justi\u00e7a.<\/li>\n<\/ol>\n\n\n\n<p><strong>Inclusive, <\/strong>o Tribunal de Justi\u00e7a de S\u00e3o Paulo j\u00e1 possui entendimento favor\u00e1vel \u00e0 concess\u00e3o da gratuidade em casos similares:<\/p>\n\n\n\n<pre class=\"wp-block-verse\">\"AGRAVO DE INSTRUMENTO. Gratuidade processual. Pessoa com c\u00e2ncer em tratamento. Demonstra\u00e7\u00e3o dos gastos com medicamentos e tratamento. Benef\u00edcio concedido. Decis\u00e3o reformada. Recurso provido.\" <strong>(TJSP, AI 2016699-74.2021.8.26.0000, Rel. Des. Carlos Dias Motta, 19\u00aa C\u00e2mara de Direito Privado, DJe 18\/03\/2021)<\/strong><\/pre>\n\n\n\n<p>Ufa, foi uma boa revis\u00e3o!<\/p>\n\n\n\n<p>Espero que voc\u00ea tenha entendido.<\/p>\n\n\n\n<h2 class=\"wp-block-heading\" id=\"h-referencia-bibliografica\"><span id=\"referencia-bibliografica\">Refer\u00eancia bibliogr\u00e1fica<\/span><\/h2>\n\n\n\n<p>CAVALCANTE, M\u00e1rcio Andr\u00e9 Lopes.&nbsp;<strong>\u00c9 inadmiss\u00edvel o indeferimento autom\u00e1tico do pedido de&nbsp;gratuidade&nbsp;da&nbsp;justi\u00e7a&nbsp;apenas por figurar a parte no polo passivo em processo de execu\u00e7\u00e3o<\/strong>. Buscador Dizer o Direito, Manaus. Dispon\u00edvel em: &lt;<a href=\"https:\/\/buscadordizerodireito.com.br\/jurisprudencia\/detalhes\/b6af2c9703f203a2794be03d443af2e3\" target=\"_blank\" ><u>https:\/\/buscadordizerodireito.com.br\/jurisprudencia\/detalhes\/b6af2c9703f203a2794be03d443af2e3<\/u><\/a>&gt;. Acesso em: 19 jan 2025.<\/p>\n\n\n\n<p>GALEGO, Luciano. <strong>PL 917\/2024<\/strong>. C\u00e2mara dos Deputados. Dispon\u00edvel em: &lt;<a href=\"https:\/\/www.camara.leg.br\/proposicoesWeb\/prop_mostrarintegra?codteor=2398257&amp;filename=PL%20917\/2024\" target=\"_blank\" >https:\/\/www.camara.leg.br\/proposicoesWeb\/prop_mostrarintegra?codteor=2398257&amp;filename=PL%20917\/2024<\/a>&gt;.<\/p>\n\n\n\n<p>HAJE, Lara. <strong>Projeto concede gratuidade na justi\u00e7a para pacientes em tratamento de c\u00e2ncer e pessoas com defici\u00eancia<\/strong>. C\u00e2mara dos Deputados. Dispon\u00edvel em: &lt;<a href=\"https:\/\/www.camara.leg.br\/noticias\/1051701-projeto-concede-gratuidade-na-justica-para-pacientes-em-tratamento-do-cancer-e-pessoas-com-deficiencia\" target=\"_blank\" >https:\/\/www.camara.leg.br\/noticias\/1051701-projeto-concede-gratuidade-na-justica-para-pacientes-em-tratamento-do-cancer-e-pessoas-com-deficiencia<\/a>&gt;.<\/p>\n\n\n\n<p>SOUZA, Murilo. <strong>Comiss\u00e3o aprova projeto que concede gratuidade na justi\u00e7a para pacientes com c\u00e2ncer e pessoas com defici\u00eancia<\/strong>. Direito News. Dispon\u00edvel em: &lt;<a href=\"https:\/\/www.direitonews.com.br\/2025\/01\/comissao-aprova-projeto-concede-gratuidade-justica-pacientes-cancer-pessoas-deficiencia.html?m=1\">https:\/\/www.direitonews.com.br\/2025\/01\/comissao-aprova-projeto-concede-gratuidade-justica-pacientes-cancer-pessoas-deficiencia.html?m=1<\/a>&gt;.<\/p>\n\n\n\n<hr class=\"wp-block-separator has-alpha-channel-opacity\"\/>\n\n\n\n<h2 class=\"wp-block-heading has-text-align-center\" id=\"h-quer-saber-quais-serao-os-proximos-concursos\"><span id=\"quer-saber-quais-serao-os-proximos-concursos\">Quer saber quais ser\u00e3o os pr\u00f3ximos concursos?<\/span><\/h2>\n\n\n\n<pre class=\"wp-block-verse has-text-align-center\">Confira nossos&nbsp;<a href=\"https:\/\/cj.estrategia.com\/portal\/\" target=\"_blank\" >artigos para Carreiras Jur\u00eddicas<\/a>!<\/pre>\n\n\n\n<p class=\"has-text-align-center has-white-color has-pale-cyan-blue-background-color has-text-color has-background has-link-color wp-elements-3ffc9057f2314ec15f13b132eefb20e4\"><a href=\"https:\/\/www.estrategiaconcursos.com.br\/blog\/concursos-abertos\/\" target=\"_blank\" >Concursos p\u00fablicos abertos<\/a><\/p>\n\n\n\n<p class=\"has-text-align-center has-white-color has-pale-cyan-blue-background-color has-text-color has-background has-link-color wp-elements-0ddcc3bba7dead06242e688a17e9e277\"><a href=\"https:\/\/cj.estrategia.com\/portal\/concursos-2025-carreiras-juridicas\/\" target=\"_blank\" >Concursos 2025<\/a><\/p>\n","protected":false},"excerpt":{"rendered":"O projeto de lei 917\/2024 prev\u00ea o direito \u00e0 gratuidade da justi\u00e7a para pacientes com c\u00e2ncer, PcDs ou com TEA\n","protected":false},"author":93,"featured_media":91608,"comment_status":"open","ping_status":"open","sticky":false,"template":"","format":"standard","meta":{"_jetpack_memberships_contains_paid_content":false,"footnotes":""},"categories":[1],"tags":[336,1845,247,1843,1841,1844,1842,1655,1846,255,1847,1500],"tax_estado":[30,31,32,33,34,35,36,37,38,39,40,41,42,43,44,45,46,47,48,49,50,51,52,53,54,55,56,57],"class_list":{"0":"post-91601","1":"post","2":"type-post","3":"status-publish","4":"format-standard","5":"has-post-thumbnail","7":"category-carreiras-juridicas","8":"tag-analise-juridica","9":"tag-assistencia-juridica-integral-e-gratuita","10":"tag-camara-dos-deputados","11":"tag-cancer","12":"tag-codigo-de-processo-civil-cpc","13":"tag-custas-judiciais","14":"tag-gratuidade-de-justica","15":"tag-honorarios-advocaticios","16":"tag-multas-processuais","17":"tag-pessoas-com-deficiencia","18":"tag-pl-917-2024","19":"tag-transtorno-do-espectro-autista-tea","20":"tax_estado-ac","21":"tax_estado-al","22":"tax_estado-am","23":"tax_estado-ap","24":"tax_estado-ba","25":"tax_estado-ce","26":"tax_estado-concursos-federais","27":"tax_estado-df","28":"tax_estado-es","29":"tax_estado-go","30":"tax_estado-ma","31":"tax_estado-mg","32":"tax_estado-ms","33":"tax_estado-mt","34":"tax_estado-pa","35":"tax_estado-pb","36":"tax_estado-pe","37":"tax_estado-pi","38":"tax_estado-pr","39":"tax_estado-rj","40":"tax_estado-rn","41":"tax_estado-ro","42":"tax_estado-rr","43":"tax_estado-rs","44":"tax_estado-sc","45":"tax_estado-se","46":"tax_estado-sp","47":"tax_estado-to"},"acf":[],"yoast_head":"<!-- This site is optimized with the Yoast SEO Premium plugin v27.4 (Yoast SEO v27.4) - https:\/\/yoast.com\/product\/yoast-seo-premium-wordpress\/ -->\n<title>Gratuidade de justi\u00e7a para pacientes com defici\u00eancia<\/title>\n<meta name=\"description\" content=\"O direito \u00e0 gratuidade\u00a0da justi\u00e7a se destinar\u00e1 aos pacientes em tratamento de c\u00e2ncer, pessoas com defici\u00eancia\u00a0f\u00edsica ou com TEA.\" \/>\n<meta name=\"robots\" content=\"index, follow, max-snippet:-1, max-image-preview:large, max-video-preview:-1\" \/>\n<link rel=\"canonical\" href=\"https:\/\/cj.estrategia.com\/portal\/projeto-gratuidade-justica-pacientes-deficiencia\/\" \/>\n<meta property=\"og:locale\" content=\"pt_BR\" \/>\n<meta property=\"og:type\" content=\"article\" \/>\n<meta property=\"og:title\" content=\"Comiss\u00e3o aprova projeto que concede gratuidade de justi\u00e7a para pacientes com defici\u00eancia\" \/>\n<meta property=\"og:description\" content=\"O direito \u00e0 gratuidade\u00a0da justi\u00e7a se destinar\u00e1 aos pacientes em tratamento de c\u00e2ncer, pessoas com defici\u00eancia\u00a0f\u00edsica ou com TEA.\" \/>\n<meta property=\"og:url\" content=\"https:\/\/cj.estrategia.com\/portal\/projeto-gratuidade-justica-pacientes-deficiencia\/\" \/>\n<meta property=\"og:site_name\" content=\"Blog - Carreiras Jur\u00eddicas - Estrat\u00e9gia\" \/>\n<meta property=\"article:publisher\" content=\"https:\/\/www.facebook.com\/estrategiacarreirajuridica\/\" \/>\n<meta property=\"article:published_time\" content=\"2025-01-21T00:20:19+00:00\" \/>\n<meta property=\"article:modified_time\" content=\"2025-02-17T21:05:22+00:00\" \/>\n<meta property=\"og:image\" content=\"https:\/\/cj.estrategia.com\/portal\/wp-content\/uploads\/2025\/01\/20211734\/pessoa-com-deficiencia-pcd-scaled.jpg\" \/>\n\t<meta property=\"og:image:width\" content=\"2560\" \/>\n\t<meta property=\"og:image:height\" content=\"1709\" \/>\n\t<meta property=\"og:image:type\" content=\"image\/jpeg\" \/>\n<meta name=\"author\" content=\"Felipe Duque\" \/>\n<meta name=\"twitter:card\" content=\"summary_large_image\" \/>\n<meta name=\"twitter:creator\" content=\"@https:\/\/x.com\/ProfessorDuque\" \/>\n<meta name=\"twitter:site\" content=\"@EstratJuridica\" \/>\n<meta name=\"twitter:label1\" content=\"Escrito por\" \/>\n\t<meta name=\"twitter:data1\" content=\"Felipe Duque\" \/>\n\t<meta name=\"twitter:label2\" content=\"Est. tempo de leitura\" \/>\n\t<meta name=\"twitter:data2\" content=\"6 minutos\" \/>\n<script type=\"application\/ld+json\" class=\"yoast-schema-graph\">{\"@context\":\"https:\\\/\\\/schema.org\",\"@graph\":[{\"@type\":\"NewsArticle\",\"@id\":\"https:\\\/\\\/cj.estrategia.com\\\/portal\\\/projeto-gratuidade-justica-pacientes-deficiencia\\\/#article\",\"isPartOf\":{\"@id\":\"https:\\\/\\\/cj.estrategia.com\\\/portal\\\/projeto-gratuidade-justica-pacientes-deficiencia\\\/\"},\"author\":{\"name\":\"Felipe Duque\",\"@id\":\"https:\\\/\\\/cj.estrategia.com\\\/portal\\\/#\\\/schema\\\/person\\\/b5b0253b269d7130d1f7770b1ba29285\"},\"headline\":\"Comiss\u00e3o aprova projeto que concede gratuidade de justi\u00e7a para pacientes com defici\u00eancia\",\"datePublished\":\"2025-01-21T00:20:19+00:00\",\"dateModified\":\"2025-02-17T21:05:22+00:00\",\"mainEntityOfPage\":{\"@id\":\"https:\\\/\\\/cj.estrategia.com\\\/portal\\\/projeto-gratuidade-justica-pacientes-deficiencia\\\/\"},\"wordCount\":1206,\"commentCount\":0,\"publisher\":{\"@id\":\"https:\\\/\\\/cj.estrategia.com\\\/portal\\\/#organization\"},\"image\":{\"@id\":\"https:\\\/\\\/cj.estrategia.com\\\/portal\\\/projeto-gratuidade-justica-pacientes-deficiencia\\\/#primaryimage\"},\"thumbnailUrl\":\"https:\\\/\\\/cj.estrategia.com\\\/portal\\\/wp-content\\\/uploads\\\/2025\\\/01\\\/20211734\\\/pessoa-com-deficiencia-pcd-scaled.jpg\",\"keywords\":[\"an\u00e1lise jur\u00eddica\",\"assist\u00eancia jur\u00eddica integral e gratuita\",\"c\u00e2mara dos deputados\",\"c\u00e2ncer\",\"C\u00f3digo de Processo Civil (CPC)\",\"custas judiciais\",\"gratuidade de justi\u00e7a\",\"honor\u00e1rios advocat\u00edcios\",\"multas processuais\",\"pessoas com defici\u00eancia\",\"PL 917\\\/2024\",\"Transtorno do Espectro Autista (TEA)\"],\"articleSection\":[\"Carreiras Jur\u00eddicas\"],\"inLanguage\":\"pt-BR\",\"potentialAction\":[{\"@type\":\"CommentAction\",\"name\":\"Comment\",\"target\":[\"https:\\\/\\\/cj.estrategia.com\\\/portal\\\/projeto-gratuidade-justica-pacientes-deficiencia\\\/#respond\"]}]},{\"@type\":\"WebPage\",\"@id\":\"https:\\\/\\\/cj.estrategia.com\\\/portal\\\/projeto-gratuidade-justica-pacientes-deficiencia\\\/\",\"url\":\"https:\\\/\\\/cj.estrategia.com\\\/portal\\\/projeto-gratuidade-justica-pacientes-deficiencia\\\/\",\"name\":\"Gratuidade de justi\u00e7a para pacientes com defici\u00eancia\",\"isPartOf\":{\"@id\":\"https:\\\/\\\/cj.estrategia.com\\\/portal\\\/#website\"},\"primaryImageOfPage\":{\"@id\":\"https:\\\/\\\/cj.estrategia.com\\\/portal\\\/projeto-gratuidade-justica-pacientes-deficiencia\\\/#primaryimage\"},\"image\":{\"@id\":\"https:\\\/\\\/cj.estrategia.com\\\/portal\\\/projeto-gratuidade-justica-pacientes-deficiencia\\\/#primaryimage\"},\"thumbnailUrl\":\"https:\\\/\\\/cj.estrategia.com\\\/portal\\\/wp-content\\\/uploads\\\/2025\\\/01\\\/20211734\\\/pessoa-com-deficiencia-pcd-scaled.jpg\",\"datePublished\":\"2025-01-21T00:20:19+00:00\",\"dateModified\":\"2025-02-17T21:05:22+00:00\",\"description\":\"O direito \u00e0 gratuidade\u00a0da justi\u00e7a se destinar\u00e1 aos pacientes em tratamento de c\u00e2ncer, pessoas com defici\u00eancia\u00a0f\u00edsica ou com TEA.\",\"breadcrumb\":{\"@id\":\"https:\\\/\\\/cj.estrategia.com\\\/portal\\\/projeto-gratuidade-justica-pacientes-deficiencia\\\/#breadcrumb\"},\"inLanguage\":\"pt-BR\",\"potentialAction\":[{\"@type\":\"ReadAction\",\"target\":[\"https:\\\/\\\/cj.estrategia.com\\\/portal\\\/projeto-gratuidade-justica-pacientes-deficiencia\\\/\"]}]},{\"@type\":\"ImageObject\",\"inLanguage\":\"pt-BR\",\"@id\":\"https:\\\/\\\/cj.estrategia.com\\\/portal\\\/projeto-gratuidade-justica-pacientes-deficiencia\\\/#primaryimage\",\"url\":\"https:\\\/\\\/cj.estrategia.com\\\/portal\\\/wp-content\\\/uploads\\\/2025\\\/01\\\/20211734\\\/pessoa-com-deficiencia-pcd-scaled.jpg\",\"contentUrl\":\"https:\\\/\\\/cj.estrategia.com\\\/portal\\\/wp-content\\\/uploads\\\/2025\\\/01\\\/20211734\\\/pessoa-com-deficiencia-pcd-scaled.jpg\",\"width\":2560,\"height\":1709},{\"@type\":\"BreadcrumbList\",\"@id\":\"https:\\\/\\\/cj.estrategia.com\\\/portal\\\/projeto-gratuidade-justica-pacientes-deficiencia\\\/#breadcrumb\",\"itemListElement\":[{\"@type\":\"ListItem\",\"position\":1,\"name\":\"In\u00edcio\",\"item\":\"https:\\\/\\\/cj.estrategia.com\\\/portal\\\/\"},{\"@type\":\"ListItem\",\"position\":2,\"name\":\"Comiss\u00e3o aprova projeto que concede gratuidade de justi\u00e7a para pacientes com defici\u00eancia\"}]},{\"@type\":\"WebSite\",\"@id\":\"https:\\\/\\\/cj.estrategia.com\\\/portal\\\/#website\",\"url\":\"https:\\\/\\\/cj.estrategia.com\\\/portal\\\/\",\"name\":\"Blog - Carreiras Jur\u00eddicas - Estrat\u00e9gia\",\"description\":\"\",\"publisher\":{\"@id\":\"https:\\\/\\\/cj.estrategia.com\\\/portal\\\/#organization\"},\"potentialAction\":[{\"@type\":\"SearchAction\",\"target\":{\"@type\":\"EntryPoint\",\"urlTemplate\":\"https:\\\/\\\/cj.estrategia.com\\\/portal\\\/?s={search_term_string}\"},\"query-input\":{\"@type\":\"PropertyValueSpecification\",\"valueRequired\":true,\"valueName\":\"search_term_string\"}}],\"inLanguage\":\"pt-BR\"},{\"@type\":\"Organization\",\"@id\":\"https:\\\/\\\/cj.estrategia.com\\\/portal\\\/#organization\",\"name\":\"Estrat\u00e9gia - Carreiras Jur\u00eddicas\",\"url\":\"https:\\\/\\\/cj.estrategia.com\\\/portal\\\/\",\"logo\":{\"@type\":\"ImageObject\",\"inLanguage\":\"pt-BR\",\"@id\":\"https:\\\/\\\/cj.estrategia.com\\\/portal\\\/#\\\/schema\\\/logo\\\/image\\\/\",\"url\":\"https:\\\/\\\/cj.estrategia.com\\\/portal\\\/wp-content\\\/uploads\\\/2022\\\/03\\\/11151052\\\/cj-logo.png\",\"contentUrl\":\"https:\\\/\\\/cj.estrategia.com\\\/portal\\\/wp-content\\\/uploads\\\/2022\\\/03\\\/11151052\\\/cj-logo.png\",\"width\":150,\"height\":39,\"caption\":\"Estrat\u00e9gia - Carreiras Jur\u00eddicas\"},\"image\":{\"@id\":\"https:\\\/\\\/cj.estrategia.com\\\/portal\\\/#\\\/schema\\\/logo\\\/image\\\/\"},\"sameAs\":[\"https:\\\/\\\/www.facebook.com\\\/estrategiacarreirajuridica\\\/\",\"https:\\\/\\\/x.com\\\/EstratJuridica\",\"https:\\\/\\\/www.instagram.com\\\/estrategiacarreirajuridica\\\/\",\"https:\\\/\\\/www.youtube.com\\\/channel\\\/UClbMGuYbj2Mh1m3w144ETWQ\"]},{\"@type\":\"Person\",\"@id\":\"https:\\\/\\\/cj.estrategia.com\\\/portal\\\/#\\\/schema\\\/person\\\/b5b0253b269d7130d1f7770b1ba29285\",\"name\":\"Felipe Duque\",\"image\":{\"@type\":\"ImageObject\",\"inLanguage\":\"pt-BR\",\"@id\":\"https:\\\/\\\/cj.estrategia.com\\\/portal\\\/wp-content\\\/uploads\\\/2024\\\/08\\\/06162009\\\/Captura-de-Tela-2024-08-06-as-16.19.26-96x96.png\",\"url\":\"https:\\\/\\\/cj.estrategia.com\\\/portal\\\/wp-content\\\/uploads\\\/2024\\\/08\\\/06162009\\\/Captura-de-Tela-2024-08-06-as-16.19.26-96x96.png\",\"contentUrl\":\"https:\\\/\\\/cj.estrategia.com\\\/portal\\\/wp-content\\\/uploads\\\/2024\\\/08\\\/06162009\\\/Captura-de-Tela-2024-08-06-as-16.19.26-96x96.png\",\"caption\":\"Felipe Duque\"},\"description\":\"Felipe Duque - Mestre em Direito Pol\u00edtico e Econ\u00f4mico na Mackenzie-SP. Graduado em Direito pela Universidade Cat\u00f3lica de Pernambuco, com conclus\u00e3o pelo regime de Aproveitamento Extraordin\u00e1rio nos Estudos (art. 47, \u00a7 2\u00ba, da Lei n\u00ba 9.394\\\/96). Ex-Assessor de Desembargador no TJPE. Procurador da Fazenda Nacional. Integra voluntariamente a Coordena\u00e7\u00e3o de Assuntos Estrat\u00e9gicos Judiciais da PGFN. Professor do Estrat\u00e9gia Carreira Jur\u00eddica, Estrat\u00e9gia OAB e Buscador Dizer o Direito. Autor do livro \u201cReforma Tribut\u00e1ria Comentada e Esquematizada\u201d, \\\"Manual de Processo Tribut\u00e1rio: Administrativo e Judicial\\\" pela editora Juspodivm Parecerista na Revista de Estudos Jur\u00eddicos do Superior Tribunal de Justi\u00e7a (REJuriSTJ)\",\"sameAs\":[\"http:\\\/\\\/lattes.cnpq.br\\\/5755137268084324\",\"https:\\\/\\\/www.instagram.com\\\/felipe_duque\\\/\",\"https:\\\/\\\/br.linkedin.com\\\/in\\\/felipe-duque-56954638\",\"https:\\\/\\\/x.com\\\/https:\\\/\\\/x.com\\\/ProfessorDuque\",\"https:\\\/\\\/www.youtube.com\\\/@felipeduque-experienciasco5797\"],\"url\":\"https:\\\/\\\/cj.estrategia.com\\\/portal\\\/author\\\/felipe-duque\\\/\"}]}<\/script>\n<!-- \/ Yoast SEO Premium plugin. -->","yoast_head_json":{"title":"Gratuidade de justi\u00e7a para pacientes com defici\u00eancia","description":"O direito \u00e0 gratuidade\u00a0da justi\u00e7a se destinar\u00e1 aos pacientes em tratamento de c\u00e2ncer, pessoas com defici\u00eancia\u00a0f\u00edsica ou com TEA.","robots":{"index":"index","follow":"follow","max-snippet":"max-snippet:-1","max-image-preview":"max-image-preview:large","max-video-preview":"max-video-preview:-1"},"canonical":"https:\/\/cj.estrategia.com\/portal\/projeto-gratuidade-justica-pacientes-deficiencia\/","og_locale":"pt_BR","og_type":"article","og_title":"Comiss\u00e3o aprova projeto que concede gratuidade de justi\u00e7a para pacientes com defici\u00eancia","og_description":"O direito \u00e0 gratuidade\u00a0da justi\u00e7a se destinar\u00e1 aos pacientes em tratamento de c\u00e2ncer, pessoas com defici\u00eancia\u00a0f\u00edsica ou com TEA.","og_url":"https:\/\/cj.estrategia.com\/portal\/projeto-gratuidade-justica-pacientes-deficiencia\/","og_site_name":"Blog - Carreiras Jur\u00eddicas - Estrat\u00e9gia","article_publisher":"https:\/\/www.facebook.com\/estrategiacarreirajuridica\/","article_published_time":"2025-01-21T00:20:19+00:00","article_modified_time":"2025-02-17T21:05:22+00:00","og_image":[{"width":2560,"height":1709,"url":"https:\/\/cj.estrategia.com\/portal\/wp-content\/uploads\/2025\/01\/20211734\/pessoa-com-deficiencia-pcd-scaled.jpg","type":"image\/jpeg"}],"author":"Felipe Duque","twitter_card":"summary_large_image","twitter_creator":"@https:\/\/x.com\/ProfessorDuque","twitter_site":"@EstratJuridica","twitter_misc":{"Escrito por":"Felipe Duque","Est. tempo de leitura":"6 minutos"},"schema":{"@context":"https:\/\/schema.org","@graph":[{"@type":"NewsArticle","@id":"https:\/\/cj.estrategia.com\/portal\/projeto-gratuidade-justica-pacientes-deficiencia\/#article","isPartOf":{"@id":"https:\/\/cj.estrategia.com\/portal\/projeto-gratuidade-justica-pacientes-deficiencia\/"},"author":{"name":"Felipe Duque","@id":"https:\/\/cj.estrategia.com\/portal\/#\/schema\/person\/b5b0253b269d7130d1f7770b1ba29285"},"headline":"Comiss\u00e3o aprova projeto que concede gratuidade de justi\u00e7a para pacientes com defici\u00eancia","datePublished":"2025-01-21T00:20:19+00:00","dateModified":"2025-02-17T21:05:22+00:00","mainEntityOfPage":{"@id":"https:\/\/cj.estrategia.com\/portal\/projeto-gratuidade-justica-pacientes-deficiencia\/"},"wordCount":1206,"commentCount":0,"publisher":{"@id":"https:\/\/cj.estrategia.com\/portal\/#organization"},"image":{"@id":"https:\/\/cj.estrategia.com\/portal\/projeto-gratuidade-justica-pacientes-deficiencia\/#primaryimage"},"thumbnailUrl":"https:\/\/cj.estrategia.com\/portal\/wp-content\/uploads\/2025\/01\/20211734\/pessoa-com-deficiencia-pcd-scaled.jpg","keywords":["an\u00e1lise jur\u00eddica","assist\u00eancia jur\u00eddica integral e gratuita","c\u00e2mara dos deputados","c\u00e2ncer","C\u00f3digo de Processo Civil (CPC)","custas judiciais","gratuidade de justi\u00e7a","honor\u00e1rios advocat\u00edcios","multas processuais","pessoas com defici\u00eancia","PL 917\/2024","Transtorno do Espectro Autista (TEA)"],"articleSection":["Carreiras Jur\u00eddicas"],"inLanguage":"pt-BR","potentialAction":[{"@type":"CommentAction","name":"Comment","target":["https:\/\/cj.estrategia.com\/portal\/projeto-gratuidade-justica-pacientes-deficiencia\/#respond"]}]},{"@type":"WebPage","@id":"https:\/\/cj.estrategia.com\/portal\/projeto-gratuidade-justica-pacientes-deficiencia\/","url":"https:\/\/cj.estrategia.com\/portal\/projeto-gratuidade-justica-pacientes-deficiencia\/","name":"Gratuidade de justi\u00e7a para pacientes com defici\u00eancia","isPartOf":{"@id":"https:\/\/cj.estrategia.com\/portal\/#website"},"primaryImageOfPage":{"@id":"https:\/\/cj.estrategia.com\/portal\/projeto-gratuidade-justica-pacientes-deficiencia\/#primaryimage"},"image":{"@id":"https:\/\/cj.estrategia.com\/portal\/projeto-gratuidade-justica-pacientes-deficiencia\/#primaryimage"},"thumbnailUrl":"https:\/\/cj.estrategia.com\/portal\/wp-content\/uploads\/2025\/01\/20211734\/pessoa-com-deficiencia-pcd-scaled.jpg","datePublished":"2025-01-21T00:20:19+00:00","dateModified":"2025-02-17T21:05:22+00:00","description":"O direito \u00e0 gratuidade\u00a0da justi\u00e7a se destinar\u00e1 aos pacientes em tratamento de c\u00e2ncer, pessoas com defici\u00eancia\u00a0f\u00edsica ou com TEA.","breadcrumb":{"@id":"https:\/\/cj.estrategia.com\/portal\/projeto-gratuidade-justica-pacientes-deficiencia\/#breadcrumb"},"inLanguage":"pt-BR","potentialAction":[{"@type":"ReadAction","target":["https:\/\/cj.estrategia.com\/portal\/projeto-gratuidade-justica-pacientes-deficiencia\/"]}]},{"@type":"ImageObject","inLanguage":"pt-BR","@id":"https:\/\/cj.estrategia.com\/portal\/projeto-gratuidade-justica-pacientes-deficiencia\/#primaryimage","url":"https:\/\/cj.estrategia.com\/portal\/wp-content\/uploads\/2025\/01\/20211734\/pessoa-com-deficiencia-pcd-scaled.jpg","contentUrl":"https:\/\/cj.estrategia.com\/portal\/wp-content\/uploads\/2025\/01\/20211734\/pessoa-com-deficiencia-pcd-scaled.jpg","width":2560,"height":1709},{"@type":"BreadcrumbList","@id":"https:\/\/cj.estrategia.com\/portal\/projeto-gratuidade-justica-pacientes-deficiencia\/#breadcrumb","itemListElement":[{"@type":"ListItem","position":1,"name":"In\u00edcio","item":"https:\/\/cj.estrategia.com\/portal\/"},{"@type":"ListItem","position":2,"name":"Comiss\u00e3o aprova projeto que concede gratuidade de justi\u00e7a para pacientes com defici\u00eancia"}]},{"@type":"WebSite","@id":"https:\/\/cj.estrategia.com\/portal\/#website","url":"https:\/\/cj.estrategia.com\/portal\/","name":"Blog - Carreiras Jur\u00eddicas - Estrat\u00e9gia","description":"","publisher":{"@id":"https:\/\/cj.estrategia.com\/portal\/#organization"},"potentialAction":[{"@type":"SearchAction","target":{"@type":"EntryPoint","urlTemplate":"https:\/\/cj.estrategia.com\/portal\/?s={search_term_string}"},"query-input":{"@type":"PropertyValueSpecification","valueRequired":true,"valueName":"search_term_string"}}],"inLanguage":"pt-BR"},{"@type":"Organization","@id":"https:\/\/cj.estrategia.com\/portal\/#organization","name":"Estrat\u00e9gia - Carreiras Jur\u00eddicas","url":"https:\/\/cj.estrategia.com\/portal\/","logo":{"@type":"ImageObject","inLanguage":"pt-BR","@id":"https:\/\/cj.estrategia.com\/portal\/#\/schema\/logo\/image\/","url":"https:\/\/cj.estrategia.com\/portal\/wp-content\/uploads\/2022\/03\/11151052\/cj-logo.png","contentUrl":"https:\/\/cj.estrategia.com\/portal\/wp-content\/uploads\/2022\/03\/11151052\/cj-logo.png","width":150,"height":39,"caption":"Estrat\u00e9gia - Carreiras Jur\u00eddicas"},"image":{"@id":"https:\/\/cj.estrategia.com\/portal\/#\/schema\/logo\/image\/"},"sameAs":["https:\/\/www.facebook.com\/estrategiacarreirajuridica\/","https:\/\/x.com\/EstratJuridica","https:\/\/www.instagram.com\/estrategiacarreirajuridica\/","https:\/\/www.youtube.com\/channel\/UClbMGuYbj2Mh1m3w144ETWQ"]},{"@type":"Person","@id":"https:\/\/cj.estrategia.com\/portal\/#\/schema\/person\/b5b0253b269d7130d1f7770b1ba29285","name":"Felipe Duque","image":{"@type":"ImageObject","inLanguage":"pt-BR","@id":"https:\/\/cj.estrategia.com\/portal\/wp-content\/uploads\/2024\/08\/06162009\/Captura-de-Tela-2024-08-06-as-16.19.26-96x96.png","url":"https:\/\/cj.estrategia.com\/portal\/wp-content\/uploads\/2024\/08\/06162009\/Captura-de-Tela-2024-08-06-as-16.19.26-96x96.png","contentUrl":"https:\/\/cj.estrategia.com\/portal\/wp-content\/uploads\/2024\/08\/06162009\/Captura-de-Tela-2024-08-06-as-16.19.26-96x96.png","caption":"Felipe Duque"},"description":"Felipe Duque - Mestre em Direito Pol\u00edtico e Econ\u00f4mico na Mackenzie-SP. Graduado em Direito pela Universidade Cat\u00f3lica de Pernambuco, com conclus\u00e3o pelo regime de Aproveitamento Extraordin\u00e1rio nos Estudos (art. 47, \u00a7 2\u00ba, da Lei n\u00ba 9.394\/96). Ex-Assessor de Desembargador no TJPE. Procurador da Fazenda Nacional. Integra voluntariamente a Coordena\u00e7\u00e3o de Assuntos Estrat\u00e9gicos Judiciais da PGFN. Professor do Estrat\u00e9gia Carreira Jur\u00eddica, Estrat\u00e9gia OAB e Buscador Dizer o Direito. Autor do livro \u201cReforma Tribut\u00e1ria Comentada e Esquematizada\u201d, \"Manual de Processo Tribut\u00e1rio: Administrativo e Judicial\" pela editora Juspodivm Parecerista na Revista de Estudos Jur\u00eddicos do Superior Tribunal de Justi\u00e7a (REJuriSTJ)","sameAs":["http:\/\/lattes.cnpq.br\/5755137268084324","https:\/\/www.instagram.com\/felipe_duque\/","https:\/\/br.linkedin.com\/in\/felipe-duque-56954638","https:\/\/x.com\/https:\/\/x.com\/ProfessorDuque","https:\/\/www.youtube.com\/@felipeduque-experienciasco5797"],"url":"https:\/\/cj.estrategia.com\/portal\/author\/felipe-duque\/"}]}},"jetpack_featured_media_url":"https:\/\/cj.estrategia.com\/portal\/wp-content\/uploads\/2025\/01\/20211734\/pessoa-com-deficiencia-pcd-scaled.jpg","jetpack_sharing_enabled":true,"_links":{"self":[{"href":"https:\/\/cj.estrategia.com\/portal\/wp-json\/wp\/v2\/posts\/91601","targetHints":{"allow":["GET"]}}],"collection":[{"href":"https:\/\/cj.estrategia.com\/portal\/wp-json\/wp\/v2\/posts"}],"about":[{"href":"https:\/\/cj.estrategia.com\/portal\/wp-json\/wp\/v2\/types\/post"}],"author":[{"embeddable":true,"href":"https:\/\/cj.estrategia.com\/portal\/wp-json\/wp\/v2\/users\/93"}],"replies":[{"embeddable":true,"href":"https:\/\/cj.estrategia.com\/portal\/wp-json\/wp\/v2\/comments?post=91601"}],"version-history":[{"count":7,"href":"https:\/\/cj.estrategia.com\/portal\/wp-json\/wp\/v2\/posts\/91601\/revisions"}],"predecessor-version":[{"id":99004,"href":"https:\/\/cj.estrategia.com\/portal\/wp-json\/wp\/v2\/posts\/91601\/revisions\/99004"}],"wp:featuredmedia":[{"embeddable":true,"href":"https:\/\/cj.estrategia.com\/portal\/wp-json\/wp\/v2\/media\/91608"}],"wp:attachment":[{"href":"https:\/\/cj.estrategia.com\/portal\/wp-json\/wp\/v2\/media?parent=91601"}],"wp:term":[{"taxonomy":"category","embeddable":true,"href":"https:\/\/cj.estrategia.com\/portal\/wp-json\/wp\/v2\/categories?post=91601"},{"taxonomy":"post_tag","embeddable":true,"href":"https:\/\/cj.estrategia.com\/portal\/wp-json\/wp\/v2\/tags?post=91601"},{"taxonomy":"tax_estado","embeddable":true,"href":"https:\/\/cj.estrategia.com\/portal\/wp-json\/wp\/v2\/tax_estado?post=91601"}],"curies":[{"name":"wp","href":"https:\/\/api.w.org\/{rel}","templated":true}]}}