{"id":91096,"date":"2025-01-15T22:51:09","date_gmt":"2025-01-16T01:51:09","guid":{"rendered":"https:\/\/cj.estrategia.com\/portal\/?p=91096"},"modified":"2025-01-15T22:51:14","modified_gmt":"2025-01-16T01:51:14","slug":"estacionamento-exclusivo-clientes","status":"publish","type":"post","link":"https:\/\/cj.estrategia.com\/portal\/estacionamento-exclusivo-clientes\/","title":{"rendered":"Estacionamento Exclusivo para Clientes: Pode ou N\u00e3o?"},"content":{"rendered":"\n<p><em>Saiba se \u00e9 permitido reservar vagas de estacionamento exclusivamente para clientes. Entenda a legalidade, direitos dos consumidores e regras aplic\u00e1veis!<\/em><\/p>\n\n\n\n<p><strong>* Thiago de Paula Leite \u00e9 procurador do Estado de S\u00e3o Paulo e professor de direito ambiental e agr\u00e1rio do Estrat\u00e9gia.<\/strong><\/p>\n\n\n\n<h2 class=\"wp-block-heading\" id=\"h-estrategia-de-marketing\" style=\"font-style:normal;font-weight:400\"><span id=\"estrategia-de-marketing\"><strong>Estrat\u00e9gia de Marketing<\/strong><\/span><\/h2>\n\n\n\n<div class=\"wp-block-media-text\" style=\"grid-template-columns:46% auto\"><figure class=\"wp-block-media-text__media\"><img decoding=\"async\" width=\"1024\" height=\"576\" src=\"https:\/\/cj.estrategia.com\/portal\/wp-content\/uploads\/2025\/01\/15220341\/Apresentacao-Basica-Simples-Manchas-Pastel-1-1024x576.png\" alt=\"Estacionamento Exclusivo\" class=\"wp-image-91101 size-full\" srcset=\"https:\/\/cj.estrategia.com\/portal\/wp-content\/uploads\/2025\/01\/15220341\/Apresentacao-Basica-Simples-Manchas-Pastel-1-1024x576.png 1024w, https:\/\/cj.estrategia.com\/portal\/wp-content\/uploads\/2025\/01\/15220341\/Apresentacao-Basica-Simples-Manchas-Pastel-1-300x169.png 300w, https:\/\/cj.estrategia.com\/portal\/wp-content\/uploads\/2025\/01\/15220341\/Apresentacao-Basica-Simples-Manchas-Pastel-1-768x432.png 768w, https:\/\/cj.estrategia.com\/portal\/wp-content\/uploads\/2025\/01\/15220341\/Apresentacao-Basica-Simples-Manchas-Pastel-1-1536x864.png 1536w, https:\/\/cj.estrategia.com\/portal\/wp-content\/uploads\/2025\/01\/15220341\/Apresentacao-Basica-Simples-Manchas-Pastel-1-960x540.png 960w, https:\/\/cj.estrategia.com\/portal\/wp-content\/uploads\/2025\/01\/15220341\/Apresentacao-Basica-Simples-Manchas-Pastel-1-380x214.png 380w, https:\/\/cj.estrategia.com\/portal\/wp-content\/uploads\/2025\/01\/15220341\/Apresentacao-Basica-Simples-Manchas-Pastel-1-800x450.png 800w, https:\/\/cj.estrategia.com\/portal\/wp-content\/uploads\/2025\/01\/15220341\/Apresentacao-Basica-Simples-Manchas-Pastel-1-1160x653.png 1160w, https:\/\/cj.estrategia.com\/portal\/wp-content\/uploads\/2025\/01\/15220341\/Apresentacao-Basica-Simples-Manchas-Pastel-1-150x84.png 150w, https:\/\/cj.estrategia.com\/portal\/wp-content\/uploads\/2025\/01\/15220341\/Apresentacao-Basica-Simples-Manchas-Pastel-1.png 1920w\" sizes=\"(max-width: 1024px) 100vw, 1024px\" \/><\/figure><div class=\"wp-block-media-text__content\">\n<p>\u00c9 muito comum nos depararmos com placas indicando que as vagas de estacionamento do estabelecimento s\u00e3o exclusivas para clientes.<\/p>\n<\/div><\/div>\n\n\n\n<p>A pr\u00e1tica \u00e9 utilizada como uma estrat\u00e9gia de marketing, a fim de atrair clientes atrav\u00e9s do oferecimento de uma facilidade para estacionar, e isso porque, principalmente nos grandes centros urbanos, um dos maiores problemas enfrentados pelos consumidores \u00e9 a dificuldade em estacionar seu autom\u00f3vel.<\/p>\n\n\n\n<p>Falta de vagas gratuitas para estacionar, pre\u00e7os altos cobrados por empresas de estacionamento, risco de multa por estacionar em local proibido. Tudo isso faz com que a exist\u00eancia de vagas de estacionamento exclusivas para clientes seja um dos principais atrativos na hora de chamar a aten\u00e7\u00e3o do cliente.&nbsp;<\/p>\n\n\n\n<h2 class=\"wp-block-heading\" id=\"h-analise-juridica\" style=\"font-style:normal;font-weight:400\"><span id=\"analise-juridica\"><strong>An\u00e1lise Jur\u00eddica<\/strong><\/span><\/h2>\n\n\n\n<p>Mas essa pr\u00e1tica \u00e9 legal? O que diz a lei a esse respeito?<\/p>\n\n\n\n<p><mark style=\"background-color:#e2e2e2\" class=\"has-inline-color has-black-color\">A resposta \u00e0 pergunta feita acima \u00e9: <\/mark><strong><mark style=\"background-color:#e2e2e2\" class=\"has-inline-color has-vivid-red-color\">DEPENDE!<\/mark><\/strong><\/p>\n\n\n\n<p>Isso mesmo. Depende de onde esteja localizado o estacionamento com a indica\u00e7\u00e3o de que as vagas s\u00e3o exclusivas para clientes.&nbsp;<\/p>\n\n\n\n<p>Mas antes de nos aprofundarmos nessa resposta, precisamos falar um pouco sobre pol\u00edtica urbana.<\/p>\n\n\n\n<h4 class=\"wp-block-heading\" id=\"h-politica-urbana\" style=\"font-style:normal;font-weight:400\"><span id=\"politica-urbana\"><strong>Pol\u00edtica Urbana<\/strong><\/span><\/h4>\n\n\n\n<p>A Pol\u00edtica Urbana est\u00e1 <strong>essencialmente relacionada com o meio ambiente artificial<\/strong>, uma das esp\u00e9cies de meio ambiente, que comp\u00f5em o conceito mais amplo de meio ambiente, conforme decidiu o STF na ADI 3540.<\/p>\n\n\n<div class=\"wp-block-image\">\n<figure class=\"aligncenter size-full is-resized\"><img decoding=\"async\" width=\"1021\" height=\"734\" src=\"https:\/\/cj.estrategia.com\/portal\/wp-content\/uploads\/2025\/01\/15223350\/MEIOAMBIENTE.png\" alt=\"\" class=\"wp-image-91121\" style=\"width:509px;height:auto\" srcset=\"https:\/\/cj.estrategia.com\/portal\/wp-content\/uploads\/2025\/01\/15223350\/MEIOAMBIENTE.png 1021w, https:\/\/cj.estrategia.com\/portal\/wp-content\/uploads\/2025\/01\/15223350\/MEIOAMBIENTE-300x216.png 300w, https:\/\/cj.estrategia.com\/portal\/wp-content\/uploads\/2025\/01\/15223350\/MEIOAMBIENTE-768x552.png 768w, https:\/\/cj.estrategia.com\/portal\/wp-content\/uploads\/2025\/01\/15223350\/MEIOAMBIENTE-380x273.png 380w, https:\/\/cj.estrategia.com\/portal\/wp-content\/uploads\/2025\/01\/15223350\/MEIOAMBIENTE-800x575.png 800w, https:\/\/cj.estrategia.com\/portal\/wp-content\/uploads\/2025\/01\/15223350\/MEIOAMBIENTE-150x108.png 150w\" sizes=\"(max-width: 1021px) 100vw, 1021px\" \/><\/figure>\n<\/div>\n\n\n<div class=\"wp-block-group\"><div class=\"wp-block-group__inner-container is-layout-constrained wp-block-group-is-layout-constrained\">\n<div class=\"wp-block-media-text has-background\" style=\"background-color:#05d1003d;grid-template-columns:32% auto\"><figure class=\"wp-block-media-text__media\"><img decoding=\"async\" width=\"500\" height=\"500\" src=\"https:\/\/cj.estrategia.com\/portal\/wp-content\/uploads\/2024\/12\/12012141\/Design-sem-nome-2.png\" alt=\"\" class=\"wp-image-86985 size-full\" srcset=\"https:\/\/cj.estrategia.com\/portal\/wp-content\/uploads\/2024\/12\/12012141\/Design-sem-nome-2.png 500w, https:\/\/cj.estrategia.com\/portal\/wp-content\/uploads\/2024\/12\/12012141\/Design-sem-nome-2-300x300.png 300w, https:\/\/cj.estrategia.com\/portal\/wp-content\/uploads\/2024\/12\/12012141\/Design-sem-nome-2-150x150.png 150w, https:\/\/cj.estrategia.com\/portal\/wp-content\/uploads\/2024\/12\/12012141\/Design-sem-nome-2-80x80.png 80w, https:\/\/cj.estrategia.com\/portal\/wp-content\/uploads\/2024\/12\/12012141\/Design-sem-nome-2-380x380.png 380w, https:\/\/cj.estrategia.com\/portal\/wp-content\/uploads\/2024\/12\/12012141\/Design-sem-nome-2-24x24.png 24w, https:\/\/cj.estrategia.com\/portal\/wp-content\/uploads\/2024\/12\/12012141\/Design-sem-nome-2-48x48.png 48w, https:\/\/cj.estrategia.com\/portal\/wp-content\/uploads\/2024\/12\/12012141\/Design-sem-nome-2-96x96.png 96w\" sizes=\"(max-width: 500px) 100vw, 500px\" \/><\/figure><div class=\"wp-block-media-text__content\">\n<p><strong>MEIO AMBIENTE ARTIFICIAL: <\/strong>Consiste no conjunto do espa\u00e7o urbano constru\u00eddo, compreendendo tanto as edifica\u00e7\u00f5es (espa\u00e7o urbano fechado) quanto os equipamentos p\u00fablicos (espa\u00e7o urbano aberto). Decorre diretamente da interven\u00e7\u00e3o humana (artigos 182 e 183 da CF e Estatuto da Cidade).<\/p>\n<\/div><\/div>\n<\/div><\/div>\n\n\n\n<pre class=\"wp-block-preformatted\"><em>\u201cA ATIVIDADE ECON\u00d4MICA N\u00c3O PODE SER EXERCIDA EM DESARMONIA COM OS PRINC\u00cdPIOS DESTINADOS A TORNAR EFETIVA A PROTE\u00c7\u00c3O AO MEIO AMBIENTE. - A incolumidade do meio ambiente n\u00e3o pode ser comprometida por interesses empresariais nem ficar dependente de motiva\u00e7\u00f5es de \u00edndole meramente econ\u00f4mica, ainda mais se se tiver presente que a atividade econ\u00f4mica, considerada a disciplina constitucional que a rege, est\u00e1 subordinada, dentre outros princ\u00edpios gerais, \u00e0quele que privilegia a \"defesa do meio ambiente\" (CF, art. 170, VI), que traduz conceito amplo e abrangente das no\u00e7\u00f5es de meio ambiente natural, de meio ambiente cultural, de meio ambiente artificial (espa\u00e7o urbano) e de meio ambiente laboral...\u201d (STF, ADI 3540)&nbsp;<\/em><\/pre>\n\n\n\n<p>A pol\u00edtica urbana \u00e9 executada especialmente pelos <strong>Munic\u00edpios (e DF)<\/strong>, e deve observar as diretrizes gerais insculpidas no plano diretor, como determina o artigo 182, \u00a71\u00ba, da CF\/88.<\/p>\n\n\n\n<h4 class=\"wp-block-heading\" id=\"h-plano-diretor\" style=\"font-style:normal;font-weight:400\"><span id=\"plano-diretor\"><strong>Plano diretor<\/strong><\/span><\/h4>\n\n\n\n<p>O plano diretor, obrigat\u00f3rio para cidades com mais de vinte mil habitantes, est\u00e1 relacionado \u00e0 seguran\u00e7a, moradia, lazer, tr\u00e2nsito, meio ambiente, ordenamento do solo etc.\u00a0<\/p>\n\n\n\n<p>Por sua vez, os planos diretores Municipais devem observar as diretrizes mais abrangentes constantes no Estatuto da Cidade (Lei Federal n\u00ba 10.257\/2001).<\/p>\n\n\n\n<p>O objetivo do plano diretor consiste em propiciar a cria\u00e7\u00e3o das bases materiais e legais indispens\u00e1veis para uma cidade eficiente, acolhedora, equilibrada, e socioambientalmente sustent\u00e1vel, contribuindo para o aumento da qualidade de vida dos seus moradores.&nbsp;<\/p>\n\n\n\n<p>N\u00e3o podemos deixar de ressaltar o papel de garantidor da transpar\u00eancia e da participa\u00e7\u00e3o na pol\u00edtica de planejamento urbano, j\u00e1 que ser\u00e3o necess\u00e1rios a participa\u00e7\u00e3o popular, os debates, as audi\u00eancias p\u00fablicas, e, ao final, a vota\u00e7\u00e3o do projeto pela C\u00e2mara de Vereadores, com posterior san\u00e7\u00e3o do Prefeito.<\/p>\n\n\n\n<div class=\"wp-block-group is-style-cnvs-block-bordered has-background\" style=\"background-color:#abb7c266\"><div class=\"wp-block-group__inner-container is-layout-constrained wp-block-group-is-layout-constrained\">\n<p><strong>O Estatuto da Cidade \u00e9 a Lei Federal n\u00ba 10.257\/2001, que regulamentou os artigos 182 e 183 da Constitui\u00e7\u00e3o Federal, e estabelece normas de ordem p\u00fablica e interesse social que regulam o uso da propriedade urbana em prol do bem coletivo, da seguran\u00e7a e bem-estar da popula\u00e7\u00e3o e da preserva\u00e7\u00e3o do meio ambiente<\/strong>.<\/p>\n<\/div><\/div>\n\n\n\n<h4 class=\"wp-block-heading\" id=\"h-urbanizacao\" style=\"font-style:normal;font-weight:400\"><span id=\"urbanizacao\"><strong>Urbaniza\u00e7\u00e3o<\/strong><\/span><\/h4>\n\n\n\n<p>O termo urbaniza\u00e7\u00e3o \u00e9 empregado para designar o processo pelo qual a popula\u00e7\u00e3o urbana cresce em propor\u00e7\u00f5es superiores \u00e0 popula\u00e7\u00e3o rural, gerando diversos problemas. Para solucionar tais problemas, \u00e9 necess\u00e1ria a interven\u00e7\u00e3o do Poder P\u00fablico, que o faz com o objetivo de transformar o ambiente urbano. Neste cen\u00e1rio \u00e9 que surge o urbanismo como t\u00e9cnica e ci\u00eancia.\u00a0<\/p>\n\n\n\n<p>Portanto, o urbanismo nasce da necessidade de mitigar ou solucionar problemas criados ou fomentados por uma urbaniza\u00e7\u00e3o na maioria das vezes desordenada, tais como precariza\u00e7\u00e3o da habita\u00e7\u00e3o, falta de saneamento b\u00e1sico adequado, mobilidade urbana prec\u00e1ria, m\u00e1 utiliza\u00e7\u00e3o dos recursos ambientais etc.<\/p>\n\n\n\n<p>Enfim, cabe aos Munic\u00edpios promover, no que couber, o adequado ordenamento territorial, mediante planejamento e controle do uso, do parcelamento e da ocupa\u00e7\u00e3o do solo urbano, como determina o artigo 30, VIII, da CF\/88.<\/p>\n\n\n\n<p>E o ordenamento do territ\u00f3rio urbano se d\u00e1 atrav\u00e9s da cria\u00e7\u00e3o e aplica\u00e7\u00e3o de normas de posturas municipais, a exemplo daquelas que tratam das cal\u00e7adas e passeios p\u00fablicos.<\/p>\n\n\n\n<p>Voltando \u00e0 quest\u00e3o das vagas de estacionamento exclusivas para clientes, temos que fazer uma diferencia\u00e7\u00e3o b\u00e1sica:<\/p>\n\n\n\n<h2 class=\"wp-block-heading\" id=\"h-estacionamento-em-calcada\" style=\"font-style:normal;font-weight:400\"><span id=\"estacionamento-em-calcada\"><strong>Estacionamento em cal\u00e7ada<\/strong><\/span><\/h2>\n\n\n\n<ul class=\"wp-block-list\"><\/ul>\n\n\n\n<p>A <strong>cal\u00e7ada \u00e9 um espa\u00e7o p\u00fablico<\/strong>, e o fato de estar sendo utilizado pelo lojista n\u00e3o transforma esse espa\u00e7o em privado, dessa forma <strong>qualquer pessoa pode estacionar nesse espa\u00e7o<\/strong>, que, repita-se \u00e0 exaust\u00e3o, \u00e9 p\u00fablico.<\/p>\n\n\n\n<p>O artigo 9\u00ba, da Resolu\u00e7\u00e3o CONTRAN n\u00ba 965\/2022, \u00e9 claro ao prescrever que <\/p>\n\n\n\n<div class=\"wp-block-group is-style-cnvs-block-bordered\"><div class=\"wp-block-group__inner-container is-layout-constrained wp-block-group-is-layout-constrained\">\n<p>\u201c<strong><em>fica vedado destinar parte da via para estacionamento privativo de qualquer ve\u00edculo em situa\u00e7\u00f5es de uso n\u00e3o previstas nesta Resolu\u00e7\u00e3o<\/em><\/strong>\u201d.<\/p>\n<\/div><\/div>\n\n\n\n<p>Importante observar que, geralmente, as cal\u00e7adas possuem meio fio elevado, e isso permite que ve\u00edculos estacionem paralelamente \u00e0s cal\u00e7adas. Quando o estacionamento de recuo \u00e9 criado, h\u00e1 o rebaixamento do meio fio, e isso impede os ve\u00edculos de estacionarem paralelamente, refor\u00e7ando que aquele espa\u00e7o \u00e9 p\u00fablico, j\u00e1 destinado ao estacionamento de ve\u00edculos para toda a popula\u00e7\u00e3o.<\/p>\n\n\n\n<p>Ou seja, o propriet\u00e1rio pode rebaixar o meio-fio e criar um estacionamento de recuo para que os clientes possam estacionar em frente ao seu estabelecimento (desde que respeitadas as normas de posturas). Por\u00e9m, essas vagas n\u00e3o podem ser exclusivas.<\/p>\n\n\n\n<p>Ao criar o estacionamento de recuo e colocar avisos de exclusividade para consumidores, as vagas que seriam destinadas a toda a popula\u00e7\u00e3o, paralelas \u00e0 guia do passeio, deixam de existir, prejudicando aqueles que usufru\u00edram delas.<\/p>\n\n\n\n<p>Portanto, <mark style=\"background-color:#f6f59a\" class=\"has-inline-color\"><strong>em regra, qualquer pessoa pode estacionar na cal\u00e7ada em frente a uma loja, por exemplo.\u00a0<\/strong><\/mark><\/p>\n\n\n\n<h2 class=\"wp-block-heading\" id=\"h-destinacao-especifica-de-vagas\" style=\"font-style:normal;font-weight:400\"><span id=\"destinacao-especifica-de-vagas\"><strong>Destina\u00e7\u00e3o espec\u00edfica de vagas <\/strong><\/span><\/h2>\n\n\n\n<p>Mas o artigo 3\u00ba, da Resolu\u00e7\u00e3o CONTRAN n\u00ba 965\/2022, permite a destina\u00e7\u00e3o espec\u00edfica de vagas para:<\/p>\n\n\n\n<div class=\"wp-block-group is-style-cnvs-block-bordered\"><div class=\"wp-block-group__inner-container is-layout-constrained wp-block-group-is-layout-constrained\">\n<ul class=\"is-style-cnvs-list-styled-positive wp-block-list\">\n<li><strong>Ve\u00edculo de aluguel (exclusivo para ve\u00edculos que prestam servi\u00e7os p\u00fablicos);<\/strong><\/li>\n\n\n\n<li><strong>Pessoa com defici\u00eancia f\u00edsica;<\/strong><\/li>\n\n\n\n<li><strong>Idoso;<\/strong><\/li>\n\n\n\n<li><strong>Opera\u00e7\u00e3o de carga e descarga;<\/strong><\/li>\n\n\n\n<li><strong>Ambul\u00e2ncia;<\/strong><\/li>\n\n\n\n<li><strong>Estacionamento rotativo;<\/strong><\/li>\n\n\n\n<li><strong>Estacionamento de curta dura\u00e7\u00e3o;<\/strong><\/li>\n\n\n\n<li><strong>Viaturas policiais; e<\/strong><\/li>\n\n\n\n<li><strong>Ve\u00edculos el\u00e9tricos<\/strong><\/li>\n<\/ul>\n<\/div><\/div>\n\n\n\n<p>A Resolu\u00e7\u00e3o CONTRAN n\u00ba 1.012\/2024 altera a Resolu\u00e7\u00e3o 965\/2022, modificando o regramento relacionado ao credenciamento daqueles que t\u00eam direito ao estacionamento reservado (lista acima).<\/p>\n\n\n\n<div class=\"wp-block-group is-style-cnvs-block-bg-light has-background\" style=\"background-color:#abb7c266\"><div class=\"wp-block-group__inner-container is-layout-constrained wp-block-group-is-layout-constrained\">\n<p><strong>A coloca\u00e7\u00e3o de cones, correntes, pneus e outros obst\u00e1culos para impedir a utiliza\u00e7\u00e3o, pela popula\u00e7\u00e3o, do estacionamento de recuo, <mark style=\"background-color:rgba(0, 0, 0, 0)\" class=\"has-inline-color has-vivid-red-color\">\u00e9 considerada demarca\u00e7\u00e3o irregular de estacionamento<\/mark>, estando sujeita \u00e0s penas previstas na legisla\u00e7\u00e3o<\/strong>.<\/p>\n<\/div><\/div>\n\n\n\n<pre class=\"wp-block-preformatted\"><strong>C\u00f3digo de Tr\u00e2nsito Brasileiro\n<\/strong>\n<em>Art. 26. Os usu\u00e1rios das vias terrestres devem:<\/em>\n\n<em>I \u2013 abster-se de todo ato que possa constituir perigo ou obst\u00e1culo para o tr\u00e2nsito de ve\u00edculos, de pessoas ou de animais, ou ainda causar danos a propriedades p\u00fablicas ou privadas;<\/em>\n\n<em>II \u2013 abster-se de obstruir o tr\u00e2nsito ou torn\u00e1-lo perigoso, atirando, depositando ou abandonando na via objetos ou subst\u00e2ncias, ou nela criando qualquer outro obst\u00e1culo\u201d.<\/em><\/pre>\n\n\n\n<h2 class=\"wp-block-heading\" id=\"h-estacionamentos-privados\" style=\"font-style:normal;font-weight:400\"><span id=\"estacionamentos-privados\"><strong>Estacionamentos privados<\/strong><\/span><\/h2>\n\n\n\n<ul class=\"wp-block-list\"><\/ul>\n\n\n\n<p>Diferente \u00e9 a situa\u00e7\u00e3o em que o <strong>estacionamento do estabelecimento \u00e9 formado por \u00e1rea exclusivamente privada.<\/strong> Neste caso, \u00e9 poss\u00edvel restringir as vagas de estacionamento apenas para os clientes em compras.<\/p>\n\n\n\n<p>Assim, o propriet\u00e1rio do local est\u00e1 destinando \u00e1rea que lhe pertence para proporcionar uma comodidade aos seus clientes, o que est\u00e1 dentro do conceito de uso, gozo e disposi\u00e7\u00e3o, inerentes ao direito de propriedade, como previsto no artigo 1.228, do c\u00f3digo civil.<\/p>\n\n\n\n<pre class=\"wp-block-preformatted\"><strong>C\u00f3digo Civil\n<\/strong><em>Art. 1.228. <\/em><strong><em>O propriet\u00e1rio tem a faculdade de usar, gozar e dispor da coisa, e o direito de reav\u00ea-la do poder de quem quer que injustamente a possua ou detenha.<\/em><\/strong>\n\n<em>\u00a7 1\u00ba O direito de propriedade deve ser exercido em conson\u00e2ncia com as suas finalidades econ\u00f4micas e sociais e de modo que sejam preservados, de conformidade com o estabelecido em lei especial, a flora, a fauna, as belezas naturais, o equil\u00edbrio ecol\u00f3gico e o patrim\u00f4nio hist\u00f3rico e art\u00edstico, bem como evitada a polui\u00e7\u00e3o do ar e das \u00e1guas.<\/em>\n<\/pre>\n\n\n\n<div class=\"wp-block-group is-style-cnvs-block-bordered\"><div class=\"wp-block-group__inner-container is-layout-constrained wp-block-group-is-layout-constrained\">\n<p><strong><mark style=\"background-color:rgba(0, 0, 0, 0)\" class=\"has-inline-color has-vivid-red-color\">RESUMINDO:<\/mark><\/strong> Por fim, a possibilidade ou n\u00e3o de destina\u00e7\u00e3o exclusiva de vagas de estacionamento para clientes <strong>depender\u00e1 do local em quest\u00e3o<\/strong> (cal\u00e7ada p\u00fablica ou \u00e1rea exclusivamente privada).<\/p>\n<\/div><\/div>\n\n\n\n<p>\u00d3timo tema para ser cobrado em prova de direito urban\u00edstico!<\/p>\n\n\n\n<h2 class=\"wp-block-heading has-text-align-center\" id=\"h-quer-saber-quais-serao-os-proximos-concursos\"><span id=\"quer-saber-quais-serao-os-proximos-concursos\">Quer saber quais ser\u00e3o os pr\u00f3ximos concursos?<\/span><\/h2>\n\n\n\n<p class=\"has-text-align-center\">Confira nossos&nbsp;<a href=\"https:\/\/cj.estrategia.com\/portal\/\" target=\"_blank\" >artigos para Carreiras Jur\u00eddicas<\/a>!<\/p>\n\n\n\n<p class=\"has-text-align-center has-white-color has-pale-cyan-blue-background-color has-text-color has-background has-link-color wp-elements-f3d5123bb0c8e11604d0c8c7f1ea8be8\"><a href=\"https:\/\/www.estrategiaconcursos.com.br\/blog\/concursos-abertos\/\" target=\"_blank\" >Confira os concursos p\u00fablicos abertos<\/a><\/p>\n\n\n\n<p class=\"has-text-align-center has-white-color has-pale-cyan-blue-background-color has-text-color has-background has-link-color wp-elements-0ddcc3bba7dead06242e688a17e9e277\"><a href=\"https:\/\/cj.estrategia.com\/portal\/concursos-2025-carreiras-juridicas\/\" target=\"_blank\" >Concursos 2025<\/a><\/p>\n","protected":false},"excerpt":{"rendered":"Saiba se \u00e9 permitido reservar vagas de estacionamento exclusivamente para clientes. Entenda a legalidade, direitos dos consumidores e&hellip;\n","protected":false},"author":81,"featured_media":91101,"comment_status":"open","ping_status":"open","sticky":false,"template":"","format":"standard","meta":{"_jetpack_memberships_contains_paid_content":false,"footnotes":"[]"},"categories":[1],"tags":[336,1816,1815,1814],"tax_estado":[30,31,32,33,34,35,36,37,38,39,40,41,42,43,44,45,46,47,48,49,50,51,52,53,54,55,56,57],"class_list":{"0":"post-91096","1":"post","2":"type-post","3":"status-publish","4":"format-standard","5":"has-post-thumbnail","7":"category-carreiras-juridicas","8":"tag-analise-juridica","9":"tag-estacionamento","10":"tag-meio-ambiente-artificial","11":"tag-politica-urbana","12":"tax_estado-ac","13":"tax_estado-al","14":"tax_estado-am","15":"tax_estado-ap","16":"tax_estado-ba","17":"tax_estado-ce","18":"tax_estado-concursos-federais","19":"tax_estado-df","20":"tax_estado-es","21":"tax_estado-go","22":"tax_estado-ma","23":"tax_estado-mg","24":"tax_estado-ms","25":"tax_estado-mt","26":"tax_estado-pa","27":"tax_estado-pb","28":"tax_estado-pe","29":"tax_estado-pi","30":"tax_estado-pr","31":"tax_estado-rj","32":"tax_estado-rn","33":"tax_estado-ro","34":"tax_estado-rr","35":"tax_estado-rs","36":"tax_estado-sc","37":"tax_estado-se","38":"tax_estado-sp","39":"tax_estado-to"},"acf":[],"yoast_head":"<!-- This site is optimized with the Yoast SEO Premium plugin v27.4 (Yoast SEO v27.4) - https:\/\/yoast.com\/product\/yoast-seo-premium-wordpress\/ -->\n<title>Estacionamento Exclusivo para Clientes: Pode ou N\u00e3o?<\/title>\n<meta name=\"description\" content=\"Estacionamento exclusivo? Saiba se \u00e9 permitido reservar vagas exclusivamente para clientes. Entenda a legalidade e regras aplic\u00e1veis!\" \/>\n<meta name=\"robots\" content=\"index, follow, max-snippet:-1, max-image-preview:large, max-video-preview:-1\" \/>\n<link rel=\"canonical\" href=\"https:\/\/cj.estrategia.com\/portal\/estacionamento-exclusivo-clientes\/\" \/>\n<meta property=\"og:locale\" content=\"pt_BR\" \/>\n<meta property=\"og:type\" content=\"article\" \/>\n<meta property=\"og:title\" content=\"Estacionamento Exclusivo para Clientes: Pode ou N\u00e3o?\" \/>\n<meta property=\"og:description\" content=\"Estacionamento exclusivo? Saiba se \u00e9 permitido reservar vagas exclusivamente para clientes. Entenda a legalidade e regras aplic\u00e1veis!\" \/>\n<meta property=\"og:url\" content=\"https:\/\/cj.estrategia.com\/portal\/estacionamento-exclusivo-clientes\/\" \/>\n<meta property=\"og:site_name\" content=\"Blog - Carreiras Jur\u00eddicas - Estrat\u00e9gia\" \/>\n<meta property=\"article:publisher\" content=\"https:\/\/www.facebook.com\/estrategiacarreirajuridica\/\" \/>\n<meta property=\"article:published_time\" content=\"2025-01-16T01:51:09+00:00\" \/>\n<meta property=\"article:modified_time\" content=\"2025-01-16T01:51:14+00:00\" \/>\n<meta property=\"og:image\" content=\"https:\/\/cj.estrategia.com\/portal\/wp-content\/uploads\/2025\/01\/15220341\/Apresentacao-Basica-Simples-Manchas-Pastel-1.png\" \/>\n\t<meta property=\"og:image:width\" content=\"1920\" \/>\n\t<meta property=\"og:image:height\" content=\"1080\" \/>\n\t<meta property=\"og:image:type\" content=\"image\/png\" \/>\n<meta name=\"author\" content=\"Thiago Leite\" \/>\n<meta name=\"twitter:card\" content=\"summary_large_image\" \/>\n<meta name=\"twitter:creator\" content=\"@EstratJuridica\" \/>\n<meta name=\"twitter:site\" content=\"@EstratJuridica\" \/>\n<meta name=\"twitter:label1\" content=\"Escrito por\" \/>\n\t<meta name=\"twitter:data1\" content=\"Thiago Leite\" \/>\n\t<meta name=\"twitter:label2\" content=\"Est. tempo de leitura\" \/>\n\t<meta name=\"twitter:data2\" content=\"8 minutos\" \/>\n<script type=\"application\/ld+json\" class=\"yoast-schema-graph\">{\"@context\":\"https:\\\/\\\/schema.org\",\"@graph\":[{\"@type\":\"NewsArticle\",\"@id\":\"https:\\\/\\\/cj.estrategia.com\\\/portal\\\/estacionamento-exclusivo-clientes\\\/#article\",\"isPartOf\":{\"@id\":\"https:\\\/\\\/cj.estrategia.com\\\/portal\\\/estacionamento-exclusivo-clientes\\\/\"},\"author\":{\"name\":\"Thiago Leite\",\"@id\":\"https:\\\/\\\/cj.estrategia.com\\\/portal\\\/#\\\/schema\\\/person\\\/7d7d2b1c8386e2eeacc0b09cfbc1d0ff\"},\"headline\":\"Estacionamento Exclusivo para Clientes: Pode ou N\u00e3o?\",\"datePublished\":\"2025-01-16T01:51:09+00:00\",\"dateModified\":\"2025-01-16T01:51:14+00:00\",\"mainEntityOfPage\":{\"@id\":\"https:\\\/\\\/cj.estrategia.com\\\/portal\\\/estacionamento-exclusivo-clientes\\\/\"},\"wordCount\":1251,\"commentCount\":0,\"publisher\":{\"@id\":\"https:\\\/\\\/cj.estrategia.com\\\/portal\\\/#organization\"},\"image\":{\"@id\":\"https:\\\/\\\/cj.estrategia.com\\\/portal\\\/estacionamento-exclusivo-clientes\\\/#primaryimage\"},\"thumbnailUrl\":\"https:\\\/\\\/cj.estrategia.com\\\/portal\\\/wp-content\\\/uploads\\\/2025\\\/01\\\/15220341\\\/Apresentacao-Basica-Simples-Manchas-Pastel-1.png\",\"keywords\":[\"an\u00e1lise jur\u00eddica\",\"estacionamento\",\"meio ambiente artificial\",\"pol\u00edtica urbana\"],\"articleSection\":[\"Carreiras Jur\u00eddicas\"],\"inLanguage\":\"pt-BR\",\"potentialAction\":[{\"@type\":\"CommentAction\",\"name\":\"Comment\",\"target\":[\"https:\\\/\\\/cj.estrategia.com\\\/portal\\\/estacionamento-exclusivo-clientes\\\/#respond\"]}]},{\"@type\":\"WebPage\",\"@id\":\"https:\\\/\\\/cj.estrategia.com\\\/portal\\\/estacionamento-exclusivo-clientes\\\/\",\"url\":\"https:\\\/\\\/cj.estrategia.com\\\/portal\\\/estacionamento-exclusivo-clientes\\\/\",\"name\":\"Estacionamento Exclusivo para Clientes: Pode ou N\u00e3o?\",\"isPartOf\":{\"@id\":\"https:\\\/\\\/cj.estrategia.com\\\/portal\\\/#website\"},\"primaryImageOfPage\":{\"@id\":\"https:\\\/\\\/cj.estrategia.com\\\/portal\\\/estacionamento-exclusivo-clientes\\\/#primaryimage\"},\"image\":{\"@id\":\"https:\\\/\\\/cj.estrategia.com\\\/portal\\\/estacionamento-exclusivo-clientes\\\/#primaryimage\"},\"thumbnailUrl\":\"https:\\\/\\\/cj.estrategia.com\\\/portal\\\/wp-content\\\/uploads\\\/2025\\\/01\\\/15220341\\\/Apresentacao-Basica-Simples-Manchas-Pastel-1.png\",\"datePublished\":\"2025-01-16T01:51:09+00:00\",\"dateModified\":\"2025-01-16T01:51:14+00:00\",\"description\":\"Estacionamento exclusivo? Saiba se \u00e9 permitido reservar vagas exclusivamente para clientes. Entenda a legalidade e regras aplic\u00e1veis!\",\"breadcrumb\":{\"@id\":\"https:\\\/\\\/cj.estrategia.com\\\/portal\\\/estacionamento-exclusivo-clientes\\\/#breadcrumb\"},\"inLanguage\":\"pt-BR\",\"potentialAction\":[{\"@type\":\"ReadAction\",\"target\":[\"https:\\\/\\\/cj.estrategia.com\\\/portal\\\/estacionamento-exclusivo-clientes\\\/\"]}]},{\"@type\":\"ImageObject\",\"inLanguage\":\"pt-BR\",\"@id\":\"https:\\\/\\\/cj.estrategia.com\\\/portal\\\/estacionamento-exclusivo-clientes\\\/#primaryimage\",\"url\":\"https:\\\/\\\/cj.estrategia.com\\\/portal\\\/wp-content\\\/uploads\\\/2025\\\/01\\\/15220341\\\/Apresentacao-Basica-Simples-Manchas-Pastel-1.png\",\"contentUrl\":\"https:\\\/\\\/cj.estrategia.com\\\/portal\\\/wp-content\\\/uploads\\\/2025\\\/01\\\/15220341\\\/Apresentacao-Basica-Simples-Manchas-Pastel-1.png\",\"width\":1920,\"height\":1080},{\"@type\":\"BreadcrumbList\",\"@id\":\"https:\\\/\\\/cj.estrategia.com\\\/portal\\\/estacionamento-exclusivo-clientes\\\/#breadcrumb\",\"itemListElement\":[{\"@type\":\"ListItem\",\"position\":1,\"name\":\"In\u00edcio\",\"item\":\"https:\\\/\\\/cj.estrategia.com\\\/portal\\\/\"},{\"@type\":\"ListItem\",\"position\":2,\"name\":\"Estacionamento Exclusivo para Clientes: Pode ou N\u00e3o?\"}]},{\"@type\":\"WebSite\",\"@id\":\"https:\\\/\\\/cj.estrategia.com\\\/portal\\\/#website\",\"url\":\"https:\\\/\\\/cj.estrategia.com\\\/portal\\\/\",\"name\":\"Blog - Carreiras Jur\u00eddicas - Estrat\u00e9gia\",\"description\":\"\",\"publisher\":{\"@id\":\"https:\\\/\\\/cj.estrategia.com\\\/portal\\\/#organization\"},\"potentialAction\":[{\"@type\":\"SearchAction\",\"target\":{\"@type\":\"EntryPoint\",\"urlTemplate\":\"https:\\\/\\\/cj.estrategia.com\\\/portal\\\/?s={search_term_string}\"},\"query-input\":{\"@type\":\"PropertyValueSpecification\",\"valueRequired\":true,\"valueName\":\"search_term_string\"}}],\"inLanguage\":\"pt-BR\"},{\"@type\":\"Organization\",\"@id\":\"https:\\\/\\\/cj.estrategia.com\\\/portal\\\/#organization\",\"name\":\"Estrat\u00e9gia - Carreiras Jur\u00eddicas\",\"url\":\"https:\\\/\\\/cj.estrategia.com\\\/portal\\\/\",\"logo\":{\"@type\":\"ImageObject\",\"inLanguage\":\"pt-BR\",\"@id\":\"https:\\\/\\\/cj.estrategia.com\\\/portal\\\/#\\\/schema\\\/logo\\\/image\\\/\",\"url\":\"https:\\\/\\\/cj.estrategia.com\\\/portal\\\/wp-content\\\/uploads\\\/2022\\\/03\\\/11151052\\\/cj-logo.png\",\"contentUrl\":\"https:\\\/\\\/cj.estrategia.com\\\/portal\\\/wp-content\\\/uploads\\\/2022\\\/03\\\/11151052\\\/cj-logo.png\",\"width\":150,\"height\":39,\"caption\":\"Estrat\u00e9gia - Carreiras Jur\u00eddicas\"},\"image\":{\"@id\":\"https:\\\/\\\/cj.estrategia.com\\\/portal\\\/#\\\/schema\\\/logo\\\/image\\\/\"},\"sameAs\":[\"https:\\\/\\\/www.facebook.com\\\/estrategiacarreirajuridica\\\/\",\"https:\\\/\\\/x.com\\\/EstratJuridica\",\"https:\\\/\\\/www.instagram.com\\\/estrategiacarreirajuridica\\\/\",\"https:\\\/\\\/www.youtube.com\\\/channel\\\/UClbMGuYbj2Mh1m3w144ETWQ\"]},{\"@type\":\"Person\",\"@id\":\"https:\\\/\\\/cj.estrategia.com\\\/portal\\\/#\\\/schema\\\/person\\\/7d7d2b1c8386e2eeacc0b09cfbc1d0ff\",\"name\":\"Thiago Leite\",\"image\":{\"@type\":\"ImageObject\",\"inLanguage\":\"pt-BR\",\"@id\":\"https:\\\/\\\/secure.gravatar.com\\\/avatar\\\/15ff5746ff9e313f1248fe2373ce03309054e96387bb9249055458d0c1aaa297?s=96&d=mm&r=g\",\"url\":\"https:\\\/\\\/secure.gravatar.com\\\/avatar\\\/15ff5746ff9e313f1248fe2373ce03309054e96387bb9249055458d0c1aaa297?s=96&d=mm&r=g\",\"contentUrl\":\"https:\\\/\\\/secure.gravatar.com\\\/avatar\\\/15ff5746ff9e313f1248fe2373ce03309054e96387bb9249055458d0c1aaa297?s=96&d=mm&r=g\",\"caption\":\"Thiago Leite\"},\"description\":\"Thiago de Paula Leite \u00e9 procurador do Estado de S\u00e3o Paulo e professor de direito ambiental e agr\u00e1rio do Estrat\u00e9gia.\",\"url\":\"https:\\\/\\\/cj.estrategia.com\\\/portal\\\/author\\\/thiago-leite\\\/\"}]}<\/script>\n<!-- \/ Yoast SEO Premium plugin. -->","yoast_head_json":{"title":"Estacionamento Exclusivo para Clientes: Pode ou N\u00e3o?","description":"Estacionamento exclusivo? Saiba se \u00e9 permitido reservar vagas exclusivamente para clientes. Entenda a legalidade e regras aplic\u00e1veis!","robots":{"index":"index","follow":"follow","max-snippet":"max-snippet:-1","max-image-preview":"max-image-preview:large","max-video-preview":"max-video-preview:-1"},"canonical":"https:\/\/cj.estrategia.com\/portal\/estacionamento-exclusivo-clientes\/","og_locale":"pt_BR","og_type":"article","og_title":"Estacionamento Exclusivo para Clientes: Pode ou N\u00e3o?","og_description":"Estacionamento exclusivo? Saiba se \u00e9 permitido reservar vagas exclusivamente para clientes. Entenda a legalidade e regras aplic\u00e1veis!","og_url":"https:\/\/cj.estrategia.com\/portal\/estacionamento-exclusivo-clientes\/","og_site_name":"Blog - Carreiras Jur\u00eddicas - Estrat\u00e9gia","article_publisher":"https:\/\/www.facebook.com\/estrategiacarreirajuridica\/","article_published_time":"2025-01-16T01:51:09+00:00","article_modified_time":"2025-01-16T01:51:14+00:00","og_image":[{"width":1920,"height":1080,"url":"https:\/\/cj.estrategia.com\/portal\/wp-content\/uploads\/2025\/01\/15220341\/Apresentacao-Basica-Simples-Manchas-Pastel-1.png","type":"image\/png"}],"author":"Thiago Leite","twitter_card":"summary_large_image","twitter_creator":"@EstratJuridica","twitter_site":"@EstratJuridica","twitter_misc":{"Escrito por":"Thiago Leite","Est. tempo de leitura":"8 minutos"},"schema":{"@context":"https:\/\/schema.org","@graph":[{"@type":"NewsArticle","@id":"https:\/\/cj.estrategia.com\/portal\/estacionamento-exclusivo-clientes\/#article","isPartOf":{"@id":"https:\/\/cj.estrategia.com\/portal\/estacionamento-exclusivo-clientes\/"},"author":{"name":"Thiago Leite","@id":"https:\/\/cj.estrategia.com\/portal\/#\/schema\/person\/7d7d2b1c8386e2eeacc0b09cfbc1d0ff"},"headline":"Estacionamento Exclusivo para Clientes: Pode ou N\u00e3o?","datePublished":"2025-01-16T01:51:09+00:00","dateModified":"2025-01-16T01:51:14+00:00","mainEntityOfPage":{"@id":"https:\/\/cj.estrategia.com\/portal\/estacionamento-exclusivo-clientes\/"},"wordCount":1251,"commentCount":0,"publisher":{"@id":"https:\/\/cj.estrategia.com\/portal\/#organization"},"image":{"@id":"https:\/\/cj.estrategia.com\/portal\/estacionamento-exclusivo-clientes\/#primaryimage"},"thumbnailUrl":"https:\/\/cj.estrategia.com\/portal\/wp-content\/uploads\/2025\/01\/15220341\/Apresentacao-Basica-Simples-Manchas-Pastel-1.png","keywords":["an\u00e1lise jur\u00eddica","estacionamento","meio ambiente artificial","pol\u00edtica urbana"],"articleSection":["Carreiras Jur\u00eddicas"],"inLanguage":"pt-BR","potentialAction":[{"@type":"CommentAction","name":"Comment","target":["https:\/\/cj.estrategia.com\/portal\/estacionamento-exclusivo-clientes\/#respond"]}]},{"@type":"WebPage","@id":"https:\/\/cj.estrategia.com\/portal\/estacionamento-exclusivo-clientes\/","url":"https:\/\/cj.estrategia.com\/portal\/estacionamento-exclusivo-clientes\/","name":"Estacionamento Exclusivo para Clientes: Pode ou N\u00e3o?","isPartOf":{"@id":"https:\/\/cj.estrategia.com\/portal\/#website"},"primaryImageOfPage":{"@id":"https:\/\/cj.estrategia.com\/portal\/estacionamento-exclusivo-clientes\/#primaryimage"},"image":{"@id":"https:\/\/cj.estrategia.com\/portal\/estacionamento-exclusivo-clientes\/#primaryimage"},"thumbnailUrl":"https:\/\/cj.estrategia.com\/portal\/wp-content\/uploads\/2025\/01\/15220341\/Apresentacao-Basica-Simples-Manchas-Pastel-1.png","datePublished":"2025-01-16T01:51:09+00:00","dateModified":"2025-01-16T01:51:14+00:00","description":"Estacionamento exclusivo? Saiba se \u00e9 permitido reservar vagas exclusivamente para clientes. Entenda a legalidade e regras aplic\u00e1veis!","breadcrumb":{"@id":"https:\/\/cj.estrategia.com\/portal\/estacionamento-exclusivo-clientes\/#breadcrumb"},"inLanguage":"pt-BR","potentialAction":[{"@type":"ReadAction","target":["https:\/\/cj.estrategia.com\/portal\/estacionamento-exclusivo-clientes\/"]}]},{"@type":"ImageObject","inLanguage":"pt-BR","@id":"https:\/\/cj.estrategia.com\/portal\/estacionamento-exclusivo-clientes\/#primaryimage","url":"https:\/\/cj.estrategia.com\/portal\/wp-content\/uploads\/2025\/01\/15220341\/Apresentacao-Basica-Simples-Manchas-Pastel-1.png","contentUrl":"https:\/\/cj.estrategia.com\/portal\/wp-content\/uploads\/2025\/01\/15220341\/Apresentacao-Basica-Simples-Manchas-Pastel-1.png","width":1920,"height":1080},{"@type":"BreadcrumbList","@id":"https:\/\/cj.estrategia.com\/portal\/estacionamento-exclusivo-clientes\/#breadcrumb","itemListElement":[{"@type":"ListItem","position":1,"name":"In\u00edcio","item":"https:\/\/cj.estrategia.com\/portal\/"},{"@type":"ListItem","position":2,"name":"Estacionamento Exclusivo para Clientes: Pode ou N\u00e3o?"}]},{"@type":"WebSite","@id":"https:\/\/cj.estrategia.com\/portal\/#website","url":"https:\/\/cj.estrategia.com\/portal\/","name":"Blog - Carreiras Jur\u00eddicas - Estrat\u00e9gia","description":"","publisher":{"@id":"https:\/\/cj.estrategia.com\/portal\/#organization"},"potentialAction":[{"@type":"SearchAction","target":{"@type":"EntryPoint","urlTemplate":"https:\/\/cj.estrategia.com\/portal\/?s={search_term_string}"},"query-input":{"@type":"PropertyValueSpecification","valueRequired":true,"valueName":"search_term_string"}}],"inLanguage":"pt-BR"},{"@type":"Organization","@id":"https:\/\/cj.estrategia.com\/portal\/#organization","name":"Estrat\u00e9gia - Carreiras Jur\u00eddicas","url":"https:\/\/cj.estrategia.com\/portal\/","logo":{"@type":"ImageObject","inLanguage":"pt-BR","@id":"https:\/\/cj.estrategia.com\/portal\/#\/schema\/logo\/image\/","url":"https:\/\/cj.estrategia.com\/portal\/wp-content\/uploads\/2022\/03\/11151052\/cj-logo.png","contentUrl":"https:\/\/cj.estrategia.com\/portal\/wp-content\/uploads\/2022\/03\/11151052\/cj-logo.png","width":150,"height":39,"caption":"Estrat\u00e9gia - Carreiras Jur\u00eddicas"},"image":{"@id":"https:\/\/cj.estrategia.com\/portal\/#\/schema\/logo\/image\/"},"sameAs":["https:\/\/www.facebook.com\/estrategiacarreirajuridica\/","https:\/\/x.com\/EstratJuridica","https:\/\/www.instagram.com\/estrategiacarreirajuridica\/","https:\/\/www.youtube.com\/channel\/UClbMGuYbj2Mh1m3w144ETWQ"]},{"@type":"Person","@id":"https:\/\/cj.estrategia.com\/portal\/#\/schema\/person\/7d7d2b1c8386e2eeacc0b09cfbc1d0ff","name":"Thiago Leite","image":{"@type":"ImageObject","inLanguage":"pt-BR","@id":"https:\/\/secure.gravatar.com\/avatar\/15ff5746ff9e313f1248fe2373ce03309054e96387bb9249055458d0c1aaa297?s=96&d=mm&r=g","url":"https:\/\/secure.gravatar.com\/avatar\/15ff5746ff9e313f1248fe2373ce03309054e96387bb9249055458d0c1aaa297?s=96&d=mm&r=g","contentUrl":"https:\/\/secure.gravatar.com\/avatar\/15ff5746ff9e313f1248fe2373ce03309054e96387bb9249055458d0c1aaa297?s=96&d=mm&r=g","caption":"Thiago Leite"},"description":"Thiago de Paula Leite \u00e9 procurador do Estado de S\u00e3o Paulo e professor de direito ambiental e agr\u00e1rio do Estrat\u00e9gia.","url":"https:\/\/cj.estrategia.com\/portal\/author\/thiago-leite\/"}]}},"jetpack_featured_media_url":"https:\/\/cj.estrategia.com\/portal\/wp-content\/uploads\/2025\/01\/15220341\/Apresentacao-Basica-Simples-Manchas-Pastel-1.png","jetpack_sharing_enabled":true,"_links":{"self":[{"href":"https:\/\/cj.estrategia.com\/portal\/wp-json\/wp\/v2\/posts\/91096","targetHints":{"allow":["GET"]}}],"collection":[{"href":"https:\/\/cj.estrategia.com\/portal\/wp-json\/wp\/v2\/posts"}],"about":[{"href":"https:\/\/cj.estrategia.com\/portal\/wp-json\/wp\/v2\/types\/post"}],"author":[{"embeddable":true,"href":"https:\/\/cj.estrategia.com\/portal\/wp-json\/wp\/v2\/users\/81"}],"replies":[{"embeddable":true,"href":"https:\/\/cj.estrategia.com\/portal\/wp-json\/wp\/v2\/comments?post=91096"}],"version-history":[{"count":40,"href":"https:\/\/cj.estrategia.com\/portal\/wp-json\/wp\/v2\/posts\/91096\/revisions"}],"predecessor-version":[{"id":91441,"href":"https:\/\/cj.estrategia.com\/portal\/wp-json\/wp\/v2\/posts\/91096\/revisions\/91441"}],"wp:featuredmedia":[{"embeddable":true,"href":"https:\/\/cj.estrategia.com\/portal\/wp-json\/wp\/v2\/media\/91101"}],"wp:attachment":[{"href":"https:\/\/cj.estrategia.com\/portal\/wp-json\/wp\/v2\/media?parent=91096"}],"wp:term":[{"taxonomy":"category","embeddable":true,"href":"https:\/\/cj.estrategia.com\/portal\/wp-json\/wp\/v2\/categories?post=91096"},{"taxonomy":"post_tag","embeddable":true,"href":"https:\/\/cj.estrategia.com\/portal\/wp-json\/wp\/v2\/tags?post=91096"},{"taxonomy":"tax_estado","embeddable":true,"href":"https:\/\/cj.estrategia.com\/portal\/wp-json\/wp\/v2\/tax_estado?post=91096"}],"curies":[{"name":"wp","href":"https:\/\/api.w.org\/{rel}","templated":true}]}}