{"id":90890,"date":"2025-01-14T17:33:54","date_gmt":"2025-01-14T20:33:54","guid":{"rendered":"https:\/\/cj.estrategia.com\/portal\/?p=90890"},"modified":"2025-01-14T17:33:58","modified_gmt":"2025-01-14T20:33:58","slug":"prova-comentada-direito-empresarial-magistratura-rj","status":"publish","type":"post","link":"https:\/\/cj.estrategia.com\/portal\/prova-comentada-direito-empresarial-magistratura-rj\/","title":{"rendered":"Prova comentada Direito Empresarial Magistratura RJ"},"content":{"rendered":"<a id=\"cta-icon\" href=\"https:\/\/www.redirectmais.com\/wpp\/juiz-tj-rj-grupo\" target=\"blank\" style=\"background:rgb(41,166,26)\">\n            <img decoding=\"async\" src=\"https:\/\/cj.estrategia.com\/portal\/wp-content\/uploads\/2023\/12\/07160657\/whatsapp_1385.webp\" alt=\"\" alt=\"whatsapp_1385\"><span > Acesse agora o Grupo de Estudos para o concurso Magistratura RJ<\/span><\/a>\n\n\n\n<p>Ol\u00e1, pessoal, tudo certo?!<\/p>\n\n\n\n<p>Em 12\/01\/2025, foi aplicada a prova objetiva do concurso p\u00fablico para o <strong>Tribunal de Justi\u00e7a do Estado do Rio de Janeiro<\/strong>. Assim que divulgados o caderno de provas e o gabarito preliminar oficial, nosso time de professores analisou cada uma das quest\u00f5es que agora ser\u00e3o apresentadas em nossa <strong>PROVA COMENTADA<\/strong>.<\/p>\n\n\n\n<p>Este material visa a auxili\u00e1-los na aferi\u00e7\u00e3o das notas, elabora\u00e7\u00e3o de eventuais recursos, verifica\u00e7\u00e3o das chances de avan\u00e7o para fase discursiva, bem como na revis\u00e3o do conte\u00fado cobrado no certame.<\/p>\n\n\n\n<p>Desde j\u00e1, destacamos que nosso time de professores <strong>identificou 1 quest\u00e3o pass\u00edvel de recurso<\/strong> e\/ou que deve se anulada, por apresentar duas ou nenhuma alternativa correta, como veremos adiante. No tipo de prova comentado, <strong>trata-se da quest\u00e3o 37.<\/strong><\/p>\n\n\n\n<p>De modo complementar, elaboramos tamb\u00e9m o <strong><a href=\"https:\/\/cj.estrategia.com\/rankings\/d62200ae-871f-42f2-b5b9-387615df808f\" target=\"_blank\" >RANKING do TJ-RJ<\/a><\/strong>, no qual qualquer um, mesmo que ainda n\u00e3o seja nosso aluno, poder\u00e1 inserir suas respostas \u00e0 prova, e, ao final, aferir sua nota, de acordo com o gabarito elaborado por nossos professores, e, posteriormente, conforme o gabarito preliminar e o gabarito definido.<\/p>\n\n\n\n<p>Com o ranking, poderemos estimar a nota de corte da 1\u00aa fase.<\/p>\n\n\n\n<p>Al\u00e9m disso, montamos um caderno para voc\u00ea, que \u00e9 nosso aluno e nossa aluna, futuros aprovados em carreiras jur\u00eddicas, no qual poder\u00e3o analisar os coment\u00e1rios longos \u00e0 prova, e, no futuro, os coment\u00e1rios em v\u00eddeo \u00e0s quest\u00f5es: <a href=\"https:\/\/cj.estrategia.com\/cadernos-e-simulados\/cadernos\/816d2e44-cabb-4724-abfd-d7d8f0f41498\" target=\"_blank\" >confira AQUI!<\/a><\/p>\n\n\n\n<p>Por fim, comentaremos a prova, as quest\u00f5es mais pol\u00eamicas, as possibilidades de recurso, bem como a estimativa da nota de corte no <strong>TERM\u00d4METRO P\u00d3S-PROVA<\/strong>, no nosso canal do Youtube. Inscreva-se e ative as notifica\u00e7\u00f5es! <a href=\"https:\/\/www.youtube.com\/@EstrategiaCarreiraJuridica\"><strong>Estrat\u00e9gia Carreira Jur\u00eddica \u2013 YouTube<\/strong><\/a><\/p>\n\n\n\n<p class=\"has-text-align-center has-pale-ocean-gradient-background has-background\"><a href=\"https:\/\/cj.estrategia.com\/portal\/provas-comentadas-concurso-magistratura-rj\/\" target=\"_blank\" ><strong>Confira AQUI os coment\u00e1rios de todas as disciplinas da prova objetiva concurso <\/strong><\/a><\/p>\n\n\n\n<h3 class=\"wp-block-heading has-vivid-red-color has-text-color has-link-color wp-elements-cf6edd1175ef1119197071db2a6e5909\" id=\"h-prova-comentada-direito-empresarial\"><span id=\"prova-comentada-direito-empresarial\">Prova Comentada Direito Empresarial<\/span><\/h3>\n\n\n\n<p><strong>QUEST\u00c3O 57. De acordo com a Lei n\u00ba 11.101\/2005, s\u00e3o vedadas a concilia\u00e7\u00e3o e a media\u00e7\u00e3o<\/strong><\/p>\n\n\n\n<p><strong>a) nas fases pr\u00e9-processual e processual de disputas entre os s\u00f3cios e acionistas de sociedade em dificuldade ou em recupera\u00e7\u00e3o judicial.\u00a0<\/strong><\/p>\n\n\n\n<p><strong>b) na hip\u00f3tese de haver cr\u00e9ditos extraconcursais contra empresas em recupera\u00e7\u00e3o judicial durante per\u00edodo de vig\u00eancia de estado de calamidade p\u00fablica, a fim de permitir a continuidade da presta\u00e7\u00e3o de servi\u00e7os essenciais.\u00a0<\/strong><\/p>\n\n\n\n<p><strong>c) em conflitos que envolverem concession\u00e1rias ou permission\u00e1rias de servi\u00e7os p\u00fablicos em recupera\u00e7\u00e3o judicial.\u00a0<\/strong><\/p>\n\n\n\n<p><strong>d) na hip\u00f3tese de negocia\u00e7\u00e3o de d\u00edvidas e respectivas formas de pagamento entre a empresa em dificuldade e seus credores, em car\u00e1ter antecedente ao ajuizamento de pedido de recupera\u00e7\u00e3o judicial.\u00a0<\/strong><\/p>\n\n\n\n<p><strong>e) sobre a natureza jur\u00eddica e a classifica\u00e7\u00e3o de cr\u00e9ditos, bem como sobre crit\u00e9rios de vota\u00e7\u00e3o em assembleia-geral de credores.\u00a0<\/strong><\/p>\n\n\n\n<p><strong>Coment\u00e1rios<\/strong><\/p>\n\n\n\n<p>A alternativa correta \u00e9 a <strong>letra E<\/strong>. A quest\u00e3o trata sobre a concilia\u00e7\u00e3o e a media\u00e7\u00e3o segundo a Lei n\u00ba 11.101\/2005.<\/p>\n\n\n\n<p>A alternativa A est\u00e1 incorreta. A concilia\u00e7\u00e3o e a media\u00e7\u00e3o podem ser utilizadas como mecanismos para resolver conflitos societ\u00e1rios, inclusive em empresas em recupera\u00e7\u00e3o judicial, n\u00e3o havendo veda\u00e7\u00e3o pela Lei n\u00ba 11.101\/2005 nesse sentido.<\/p>\n\n\n\n<p>A alternativa B est\u00e1 incorreta. A Lei n\u00ba 11.101\/2005 n\u00e3o menciona uma veda\u00e7\u00e3o espec\u00edfica \u00e0 concilia\u00e7\u00e3o e media\u00e7\u00e3o em casos de cr\u00e9ditos extraconcursais contra empresas em recupera\u00e7\u00e3o judicial durante per\u00edodos de calamidade p\u00fablica.<\/p>\n\n\n\n<p>A alternativa C est\u00e1 incorreta. A Lei n\u00ba 11.101\/2005 n\u00e3o faz uma veda\u00e7\u00e3o espec\u00edfica \u00e0 concilia\u00e7\u00e3o e media\u00e7\u00e3o para concession\u00e1rias ou permission\u00e1rias de servi\u00e7os p\u00fablicos em recupera\u00e7\u00e3o judicial.<\/p>\n\n\n\n<p>A alternativa D est\u00e1 incorreta. A Lei n\u00ba 11.101\/2005 n\u00e3o veda a concilia\u00e7\u00e3o e media\u00e7\u00e3o na fase de negocia\u00e7\u00e3o pr\u00e9via de d\u00edvidas entre a empresa em dificuldade e seus credores.<\/p>\n\n\n\n<p>A alternativa E est\u00e1 correta. De acordo com o art. 20-B, \u00a72\u00ba da Lei n\u00ba 11.101\/2005, \u00e9 vedada a concilia\u00e7\u00e3o e a media\u00e7\u00e3o sobre a natureza jur\u00eddica e a classifica\u00e7\u00e3o de cr\u00e9ditos, bem como sobre os crit\u00e9rios de vota\u00e7\u00e3o em assembleia-geral de credores. A saber: \u201c\u00a7 2\u00ba S\u00e3o vedadas a concilia\u00e7\u00e3o e a media\u00e7\u00e3o sobre a natureza jur\u00eddica e a classifica\u00e7\u00e3o de cr\u00e9ditos, bem como sobre crit\u00e9rios de vota\u00e7\u00e3o em assembleia-geral de credores.\u00a0 \u00a0 (Inclu\u00eddo pela Lei n\u00ba 14.112, de 2020)\u00a0 \u00a0 (Vig\u00eancia)\u201d<\/p>\n\n\n\n<p><strong>QUEST\u00c3O 58. A empresa de T\u00edcio foi contratada pela empresa de Caio, uma pessoa n\u00e3o ligada a ele em virtude de mandato, de presta\u00e7\u00e3o de servi\u00e7os ou por qualquer rela\u00e7\u00e3o de depend\u00eancia, obrigando-se a obter para a empresa de Caio um ou mais neg\u00f3cios, conforme as instru\u00e7\u00f5es recebidas. De acordo com os elementos trazidos pelo enunciado e a conceitua\u00e7\u00e3o do C\u00f3digo Civil Brasileiro, o contrato celebrado entre essas empresas \u00e9 um contrato de\u00a0<\/strong><\/p>\n\n\n\n<p><strong>a) Corretagem.\u00a0<\/strong><\/p>\n\n\n\n<p><strong>b) Ag\u00eancia.\u00a0<\/strong><\/p>\n\n\n\n<p><strong>c) Arredamento Mercantil.\u00a0<\/strong><\/p>\n\n\n\n<p><strong>d) Distribui\u00e7\u00e3o.\u00a0<\/strong><\/p>\n\n\n\n<p><strong>e) Comiss\u00e3o.\u00a0<\/strong><\/p>\n\n\n\n<p><strong>Coment\u00e1rios<\/strong><\/p>\n\n\n\n<p>A alternativa correta \u00e9 a <strong>letra A<\/strong>. A quest\u00e3o trata sobre a defini\u00e7\u00e3o de contratos no \u00e2mbito do C\u00f3digo Civil, de acordo com os elementos trazidos pelo caso narrado.<\/p>\n\n\n\n<p>A alternativa A est\u00e1 correta. A quest\u00e3o aborda a defini\u00e7\u00e3o de contratos de corretagem no C\u00f3digo Civil. Consoante o art. 722 do C\u00f3digo Civil, no contrato de corretagem, uma pessoa, n\u00e3o ligada a outra em virtude de mandato, de presta\u00e7\u00e3o de servi\u00e7os ou por qualquer rela\u00e7\u00e3o de depend\u00eancia, obriga-se a obter para esta um ou mais neg\u00f3cios, conforme as instru\u00e7\u00f5es recebidas.\u00a0<\/p>\n\n\n\n<p>Esta descri\u00e7\u00e3o se encaixa perfeitamente com a situa\u00e7\u00e3o descrita no enunciado, portanto, as demais alternativas est\u00e3o incorretas.\u00a0<\/p>\n\n\n\n<p><strong>QUEST\u00c3O 59. A empresa ALFA Ltda. pretende submeter em assembleia a fus\u00e3o com a empresa BETA Ltda. N\u00e3o h\u00e1 previs\u00e3o a respeito do qu\u00f3rum de aprova\u00e7\u00e3o em seu contrato social e o capital social foi integralmente integralizado. Assim, para aprova\u00e7\u00e3o dessa proposta, a delibera\u00e7\u00e3o dos s\u00f3cios, em primeira convoca\u00e7\u00e3o da assembleia, deve ser aprovada por\u00a0<\/strong><\/p>\n\n\n\n<p><strong>a) unanimidade dos s\u00f3cios.\u00a0<\/strong><\/p>\n\n\n\n<p><strong>b) maioria de votos dos presentes.<\/strong><\/p>\n\n\n\n<p><strong>c) votos correspondentes a mais da metade do capital social.\u00a0<\/strong><\/p>\n\n\n\n<p><strong>d) votos correspondentes a 2\/3 (dois ter\u00e7os) do capital social.\u00a0<\/strong><\/p>\n\n\n\n<p><strong>e) votos correspondentes a 2\/3 (dois ter\u00e7os) dos presentes.<\/strong><\/p>\n\n\n\n<p><strong>Coment\u00e1rios<\/strong><\/p>\n\n\n\n<p>A alternativa correta \u00e9 a <strong>letra C<\/strong>. A quest\u00e3o trata sobre o qu\u00f3rum necess\u00e1rio para a aprova\u00e7\u00e3o de uma fus\u00e3o de empresas em uma assembleia de s\u00f3cios.<\/p>\n\n\n\n<p>A alternativa C est\u00e1 correta. De acordo com o art. 1.076, III, do C\u00f3digo Civil, salvo disposi\u00e7\u00e3o em contr\u00e1rio no contrato social, a delibera\u00e7\u00e3o sobre fus\u00e3o de empresas deve ser aprovada por votos correspondentes a MAIS DA METADE do capital social. Portanto, essa alternativa est\u00e1 correta, consoante previs\u00e3o legal nesse sentido: \u201cArt. 1.076.\u00a0 Ressalvado o disposto no art. 1.061, as delibera\u00e7\u00f5es dos s\u00f3cios ser\u00e3o tomadas (Reda\u00e7\u00e3o dada pela Lei n\u00ba 13.792, de 2019) III \u2013 pela maioria de votos dos presentes, nos demais casos previstos na lei ou no contrato, se este n\u00e3o exigir maioria mais elevada.<\/p>\n\n\n\n<p>Portanto, sendo a alternativa correta a letra C, que trata da exig\u00eancia de votos correspondentes a mais da metade do capital social para aprovar a fus\u00e3o de empresas em primeira convoca\u00e7\u00e3o da assembleia, consoante a previs\u00e3o legal nesse sentido, as demais alternativas est\u00e3o incorretas.\u00a0<\/p>\n\n\n\n<p><strong>QUEST\u00c3O 60. Determinada sociedade inicia suas atividades sem a correta e adequada inscri\u00e7\u00e3o de seus atos constitutivos. Diante dessa situa\u00e7\u00e3o hipot\u00e9tica, assinale a afirma\u00e7\u00e3o correta.\u00a0<\/strong><\/p>\n\n\n\n<p><strong>a) Enquanto n\u00e3o inscritos os atos constitutivos, aplicam-se \u00e0 sociedade, subsidiariamente e no que com eles forem compat\u00edveis, as normas da sociedade limitada.\u00a0<\/strong><\/p>\n\n\n\n<p><strong>b) Os s\u00f3cios, nas rela\u00e7\u00f5es entre si ou com terceiros, podem provar a exist\u00eancia da sociedade por quaisquer meios de prova.\u00a0<\/strong><\/p>\n\n\n\n<p><strong>c) Todos os s\u00f3cios respondem solid\u00e1ria e ilimitadamente pelas obriga\u00e7\u00f5es sociais, exclu\u00eddos do benef\u00edcio de ordem, havendo ou n\u00e3o contratado pela sociedade.\u00a0<\/strong><\/p>\n\n\n\n<p><strong>d) Os bens sociais respondem pelos atos de gest\u00e3o praticados por qualquer dos s\u00f3cios, n\u00e3o sendo v\u00e1lidos, perante terceiros, pactos limitativos de poderes.\u00a0<\/strong><\/p>\n\n\n\n<p><strong>e) Os bens e d\u00edvidas sociais constituem patrim\u00f4nio especial, do qual os s\u00f3cios s\u00e3o titulares em comum.\u00a0<\/strong><\/p>\n\n\n\n<p><strong>Coment\u00e1rios<\/strong><\/p>\n\n\n\n<p>A alternativa correta \u00e9 a <strong>letra E<\/strong>. A quest\u00e3o trata sobre situa\u00e7\u00e3o de uma sociedade que inicia suas atividades sem a inscri\u00e7\u00e3o adequada de seus atos constitutivos e as consequ\u00eancias jur\u00eddicas dessa omiss\u00e3o.<\/p>\n\n\n\n<p>A alternativa A est\u00e1 incorreta. O C\u00f3digo Civil n\u00e3o estabelece que as normas da sociedade limitada se aplicam subsidiariamente a uma sociedade que n\u00e3o inscreveu corretamente seus atos constitutivos. Ou seja, n\u00e3o h\u00e1 base legal no C\u00f3digo Civil que estabele\u00e7a que normas da sociedade limitada se aplicam subsidiariamente a uma sociedade que n\u00e3o inscreveu corretamente seus atos constitutivos.<\/p>\n\n\n\n<p>A alternativa B est\u00e1 incorreta. A prova da exist\u00eancia da sociedade, nas rela\u00e7\u00f5es entre s\u00f3cios ou com terceiros, depende da correta inscri\u00e7\u00e3o dos atos constitutivos (art. 987, CC).<\/p>\n\n\n\n<p>A alternativa C est\u00e1 incorreta. No caso de sociedade em comum, os s\u00f3cios respondem solid\u00e1ria e ilimitadamente pelas obriga\u00e7\u00f5es sociais, conforme o art. 990 do C\u00f3digo Civil. No entanto, a exclus\u00e3o do benef\u00edcio de ordem n\u00e3o \u00e9 uma regra geral, dependendo do tipo de sociedade e da situa\u00e7\u00e3o espec\u00edfica.<\/p>\n\n\n\n<p>A alternativa D est\u00e1 incorreta.\u00a0 Os pactos limitativos de poderes s\u00e3o v\u00e1lidos perante terceiros, desde que devidamente registrados, sendo ineficaz em rela\u00e7\u00e3o a terceiros qualquer pacto separado, contr\u00e1rio ao disposto no instrumento do contrato, conforme se extrai do art. 997, par\u00e1grafo \u00fanico do C\u00f3digo Civil.<\/p>\n\n\n\n<p>A alternativa E est\u00e1 correta. De acordo com o art. 986 do C\u00f3digo Civil, se os atos constitutivos n\u00e3o forem inscritos, a sociedade ser\u00e1 considerada uma sociedade em comum, onde os bens e d\u00edvidas sociais formam um patrim\u00f4nio especial do qual os s\u00f3cios s\u00e3o titulares em comum, respondendo solid\u00e1ria e ilimitadamente pelas obriga\u00e7\u00f5es sociais. A saber: \u201cArt. 986. Enquanto n\u00e3o inscritos os atos constitutivos, reger-se-\u00e1 a sociedade, exceto por a\u00e7\u00f5es em organiza\u00e7\u00e3o, pelo disposto neste Cap\u00edtulo, observadas, subsidiariamente e no que com ele forem compat\u00edveis, as normas da sociedade simples.\u201d<\/p>\n\n\n\n<p><strong>QUEST\u00c3O 61. Sobre a liquida\u00e7\u00e3o extrajudicial da institui\u00e7\u00e3o financeira, \u00e9 correto afirmar que:\u00a0<\/strong><\/p>\n\n\n\n<p><strong>a) a liquida\u00e7\u00e3o extrajudicial da institui\u00e7\u00e3o financeira n\u00e3o poder\u00e1 ser decretada de ex officio.\u00a0<\/strong><\/p>\n\n\n\n<p><strong>b) a liquida\u00e7\u00e3o extrajudicial de institui\u00e7\u00e3o financeira ser\u00e1 encerrada por decis\u00e3o do Banco Central do Brasil no caso de pagamento de 75% (setenta e cinco porcento) dos credores quirograf\u00e1rios.\u00a0<\/strong><\/p>\n\n\n\n<p><strong>c) a decreta\u00e7\u00e3o da liquida\u00e7\u00e3o extrajudicial produzir\u00e1, de imediato, o atendimento das cl\u00e1usulas penais dos contratos unilaterais vencidos em virtude de sua decreta\u00e7\u00e3o.\u00a0<\/strong><\/p>\n\n\n\n<p><strong>d) com pr\u00e9via e expressa autoriza\u00e7\u00e3o do Banco Central do Brasil, poder\u00e1 o liquidante, em benef\u00edcio da massa, ultimar os neg\u00f3cios pendentes e, a qualquer tempo, onerar ou alienar seus bens, neste \u00faltimo caso atrav\u00e9s de licita\u00e7\u00f5es.\u00a0<\/strong><\/p>\n\n\n\n<p><strong>e) os credores ser\u00e3o notificados, por escrito, da decis\u00e3o do liquidante, os quais, a contar da data do recebimento da notifica\u00e7\u00e3o, ter\u00e3o o prazo de trinta dias para recorrer, ao Banco Central do Brasil, do ato que lhes pare\u00e7a desfavor\u00e1vel.<\/strong><\/p>\n\n\n\n<p><strong>Coment\u00e1rios<\/strong><\/p>\n\n\n\n<p>A alternativa correta \u00e9 a <strong>letra D<\/strong>. A quest\u00e3o trata sobre as disposi\u00e7\u00f5es legais relativas \u00e0 liquida\u00e7\u00e3o extrajudicial de institui\u00e7\u00f5es financeiras no Brasil, conforme estabelecido na Lei n\u00ba 6.024\/1974.<\/p>\n\n\n\n<p>A alternativa A est\u00e1 incorreta. Na hip\u00f3tese do art. 44 da Lei n\u00ba 6.024\/1974, o Banco Central do Brasil pode decretar a liquida\u00e7\u00e3o extrajudicial de of\u00edcio, conforme o par\u00e1grafo \u00fanico do referido artigo.<\/p>\n\n\n\n<p>A alternativa B est\u00e1 incorreta. N\u00e3o h\u00e1 previs\u00e3o na legisla\u00e7\u00e3o que determine o encerramento da liquida\u00e7\u00e3o extrajudicial com o pagamento de 75% dos credores quirograf\u00e1rios.<\/p>\n\n\n\n<p>A alternativa C est\u00e1 incorreta. A liquida\u00e7\u00e3o extrajudicial n\u00e3o implica o atendimento imediato de cl\u00e1usulas penais de contratos unilaterais.<\/p>\n\n\n\n<p>A alternativa D est\u00e1 correta. De acordo com o art. 16, \u00a71\u00ba da Lei n\u00ba 6.024\/1974, o liquidante, com pr\u00e9via e expressa autoriza\u00e7\u00e3o do Banco Central do Brasil, pode ultimar os neg\u00f3cios pendentes e alienar ou onerar bens da institui\u00e7\u00e3o financeira em liquida\u00e7\u00e3o, em benef\u00edcio da massa falida, devendo faz\u00ea-lo atrav\u00e9s de licita\u00e7\u00f5es: \u201c\u00a7 1\u00ba Com pr\u00e9via e expressa autoriza\u00e7\u00e3o do Banco Central do Brasil, poder\u00e1 o liquidante, em benef\u00edcio da massa, ultimar os neg\u00f3cios pendentes e, a qualquer tempo, onerar ou alienar seus bens, neste \u00faltimo caso atrav\u00e9s de licita\u00e7\u00f5es.\u201d<\/p>\n\n\n\n<p>A alternativa E est\u00e1 incorreta. N\u00e3o h\u00e1 previs\u00e3o espec\u00edfica na Lei n\u00ba 6.024\/1974 sobre a notifica\u00e7\u00e3o por escrito aos credores e o prazo de trinta dias para recorrer ao Banco Central do Brasil.<\/p>\n\n\n\n<p><strong>QUEST\u00c3O 62. A Lei no 9.279, de 14 de maio de 1996, regula direitos e obriga\u00e7\u00f5es relativos \u00e0 propriedade industrial, dentre outras disposi\u00e7\u00f5es. De acordo com o referido normativo,\u00a0<\/strong><\/p>\n\n\n\n<p><strong>a) o contrato de licen\u00e7a de uso de uma marca produz efeitos perante terceiros a partir da celebra\u00e7\u00e3o do neg\u00f3cio.\u00a0<\/strong><\/p>\n\n\n\n<p><strong>b) a marca de certifica\u00e7\u00e3o n\u00e3o se confunde com a marca do produto, estando aquela adstrita \u00e0 compatibilidade do produto ou servi\u00e7o com determinadas normas ou especifica\u00e7\u00f5es t\u00e9cnicas.<\/strong><\/p>\n\n\n\n<p><strong>c) a prote\u00e7\u00e3o de uma marca n\u00e3o est\u00e1 condicionada a pr\u00e9vio registro, ainda que n\u00e3o seja notoriamente conhecida em seu ramo de atividade.\u00a0<\/strong><\/p>\n\n\n\n<p><strong>d) para que tenha validade, a prorroga\u00e7\u00e3o do registro da marca deve ser formalizada at\u00e9 o termo final da vig\u00eancia do registro.\u00a0<\/strong><\/p>\n\n\n\n<p><strong>e) a declara\u00e7\u00e3o de nulidade do registro de marca pode ser total ou parcial, gerando efeitos desde a data de deferimento do pedido de registro.<\/strong><\/p>\n\n\n\n<p><strong>Coment\u00e1rios<\/strong><\/p>\n\n\n\n<p>A alternativa correta \u00e9 a <strong>letra B<\/strong>. A quest\u00e3o trata sobre direitos e obriga\u00e7\u00f5es relativos \u00e0 propriedade industrial.<\/p>\n\n\n\n<p>A alternativa A est\u00e1 incorreta. O contrato de licen\u00e7a de uso de marca s\u00f3 produz efeitos em rela\u00e7\u00e3o a terceiros ap\u00f3s a averba\u00e7\u00e3o no Instituto Nacional da Propriedade Industrial (INPI), conforme o art. 140 da Lei n\u00ba 9.279\/1996: \u201cArt. 140. O contrato de licen\u00e7a dever\u00e1 ser averbado no INPI para que produza efeitos em rela\u00e7\u00e3o a terceiros.\u201d<\/p>\n\n\n\n<p>A alternativa B est\u00e1 correta. Conforme o art. 123, II, da Lei n\u00ba 9.279\/1996, a marca de certifica\u00e7\u00e3o \u00e9 usada para atestar a conformidade do produto ou servi\u00e7o com determinadas normas ou especifica\u00e7\u00f5es t\u00e9cnicas. Vejamos: \u201cII \u2013 marca de certifica\u00e7\u00e3o: aquela usada para atestar a conformidade de um produto ou servi\u00e7o com determinadas normas ou especifica\u00e7\u00f5es t\u00e9cnicas, notadamente quanto \u00e0 qualidade, natureza, material utilizado e metodologia empregada\u201d<\/p>\n\n\n\n<p>A alternativa C est\u00e1 incorreta. De acordo com o art. 129 da Lei n\u00ba 9.279\/1996, a propriedade da marca se adquire pelo registro validamente expedido, sendo que a prote\u00e7\u00e3o da marca depende de seu pr\u00e9vio registro, exceto para marcas notoriamente conhecidas.<\/p>\n\n\n\n<p>A alternativa D est\u00e1 incorreta. Conforme se extrai do art. 133, \u00a72\u00ba da Lei n\u00ba 9.279\/1996, o pedido de prorroga\u00e7\u00e3o do registro da marca deve ser feito durante os \u00faltimos seis meses de vig\u00eancia do registro, podendo ser feito em at\u00e9 seis meses ap\u00f3s o termo final mediante pagamento de uma taxa adicional. Vejamos: \u201c\u00a7 2\u00ba Se o pedido de prorroga\u00e7\u00e3o n\u00e3o tiver sido efetuado at\u00e9 o termo final da vig\u00eancia do registro, o titular poder\u00e1 faz\u00ea-lo nos 6 (seis) meses subseq\u00fcentes, mediante o pagamento de retribui\u00e7\u00e3o adicional.\u201d<\/p>\n\n\n\n<p>A alternativa E est\u00e1 incorreta. De acordo com os art. 168 e 169 da Lei n\u00ba 9.279\/1996, a nulidade do registro pode ser declarada total ou parcialmente, sendo seus efeitos retroativos \u00e0 data do pedido de registro.<\/p>\n\n\n\n<p class=\"has-text-align-center has-luminous-vivid-amber-to-luminous-vivid-orange-gradient-background has-background\"><strong>Saiba mais:<\/strong> <a href=\"https:\/\/cj.estrategia.com\/portal\/concurso-magistratura-rj\/\">Concurso Magistratura RJ <\/a><\/p>\n\n\n\n<h2 class=\"wp-block-heading has-text-align-center\" id=\"cursos\"><span id=\"quer-saber-tudo-sobre-concursos-previstosconfira-nossos-artigos\">Quer saber tudo sobre concursos previstos?<br><strong>Confira nossos artigos!<\/strong><\/span><\/h2>\n\n\n\n<ul class=\"wp-block-list\">\n<li><a href=\"https:\/\/cj.estrategia.com\/portal\/concursos-abertos-carreiras-juridicas\/\" target=\"_blank\" ><strong>Concursos jur\u00eddicos abertos<\/strong><\/a><\/li>\n<\/ul>\n\n\n\n<ul class=\"wp-block-list\">\n<li><a href=\"https:\/\/cj.estrategia.com\/portal\/concursos-2025-carreiras-juridicas\/\" target=\"_blank\" ><strong>Concursos jur\u00eddicos 2025<\/strong><\/a><\/li>\n<\/ul>\n\n\n\n<ul class=\"wp-block-list\">\n<li><strong><a href=\"https:\/\/cj.estrategia.com\/portal\/concursos-magistratura\/\" target=\"_blank\" >Concursos Magistratura<\/a><\/strong><\/li>\n<\/ul>\n\n\n\n<h2 class=\"wp-block-heading has-text-align-center\" id=\"CURSO\"><span id=\"cursos-e-assinaturas\">CURSOS E ASSINATURAS<\/span><\/h2>\n\n\n\n<div class=\"wp-block-cover\" style=\"min-height:155px;aspect-ratio:unset;\"><img decoding=\"async\" width=\"1890\" height=\"351\" class=\"wp-block-cover__image-background wp-image-8669\" alt=\"Assinaturas Jur\u00eddicas\" src=\"https:\/\/cj.estrategia.com\/portal\/wp-content\/uploads\/2022\/06\/20151253\/concurso-carreiras-juridicas-assinatura-juridica.jpg\" style=\"object-position:78% 43%\" data-object-fit=\"cover\" data-object-position=\"78% 43%\" srcset=\"https:\/\/cj.estrategia.com\/portal\/wp-content\/uploads\/2022\/06\/20151253\/concurso-carreiras-juridicas-assinatura-juridica.jpg 1890w, https:\/\/cj.estrategia.com\/portal\/wp-content\/uploads\/2022\/06\/20151253\/concurso-carreiras-juridicas-assinatura-juridica-300x56.jpg 300w, https:\/\/cj.estrategia.com\/portal\/wp-content\/uploads\/2022\/06\/20151253\/concurso-carreiras-juridicas-assinatura-juridica-1024x190.jpg 1024w, https:\/\/cj.estrategia.com\/portal\/wp-content\/uploads\/2022\/06\/20151253\/concurso-carreiras-juridicas-assinatura-juridica-768x143.jpg 768w, https:\/\/cj.estrategia.com\/portal\/wp-content\/uploads\/2022\/06\/20151253\/concurso-carreiras-juridicas-assinatura-juridica-1536x285.jpg 1536w, https:\/\/cj.estrategia.com\/portal\/wp-content\/uploads\/2022\/06\/20151253\/concurso-carreiras-juridicas-assinatura-juridica-380x71.jpg 380w, https:\/\/cj.estrategia.com\/portal\/wp-content\/uploads\/2022\/06\/20151253\/concurso-carreiras-juridicas-assinatura-juridica-800x149.jpg 800w, https:\/\/cj.estrategia.com\/portal\/wp-content\/uploads\/2022\/06\/20151253\/concurso-carreiras-juridicas-assinatura-juridica-1160x215.jpg 1160w\" sizes=\"(max-width: 1890px) 100vw, 1890px\" \/><span aria-hidden=\"true\" class=\"wp-block-cover__background has-background-dim\"><\/span><div class=\"wp-block-cover__inner-container is-layout-flow wp-block-cover-is-layout-flow\">\n<h3 id=\"faca-a-sua-assinatura\" class=\"titulo-assinatura\"><span style=\"color: #ffffff;\">Fa\u00e7a a sua assinatura!<\/span><\/h3>\n<p class=\"subtitulo-assinatura\" style=\"display:block!important; line-height: 0;\"><span style=\"color: #ffffff;\">Escolha a sua \u00e1rea.<\/span><\/p>\n<a target=\"_blank\" href=\"https:\/\/www.estrategiaconcursos.com.br\/assinaturas-ecj\/\" rel=\"noopener\"><button style=\"border-radius: 10px; text-transform: capitalize;\">Acessar<\/button><\/a>\n<\/div><\/div>\n","protected":false},"excerpt":{"rendered":"Ol\u00e1, pessoal, tudo certo?! Em 12\/01\/2025, foi aplicada a prova objetiva do concurso p\u00fablico para o Tribunal de&hellip;\n","protected":false},"author":12,"featured_media":20815,"comment_status":"open","ping_status":"open","sticky":false,"template":"","format":"standard","meta":{"_jetpack_memberships_contains_paid_content":false,"footnotes":""},"categories":[26],"tags":[],"tax_estado":[49],"class_list":{"0":"post-90890","1":"post","2":"type-post","3":"status-publish","4":"format-standard","5":"has-post-thumbnail","7":"category-magistratura","8":"tax_estado-rj"},"acf":[],"yoast_head":"<!-- This site is optimized with the Yoast SEO Premium plugin v27.5 (Yoast SEO v27.5) - https:\/\/yoast.com\/product\/yoast-seo-premium-wordpress\/ -->\n<title>Prova comentada Direito Empresarial Magistratura RJ<\/title>\n<meta name=\"description\" content=\"Prova comentada Direito Empresarial Magistratura RJ: confira AQUI os coment\u00e1rios dos nossos professores e tire as suas d\u00favidas!\" \/>\n<meta name=\"robots\" content=\"index, follow, max-snippet:-1, max-image-preview:large, max-video-preview:-1\" \/>\n<link rel=\"canonical\" href=\"https:\/\/cj.estrategia.com\/portal\/prova-comentada-direito-empresarial-magistratura-rj\/\" \/>\n<meta property=\"og:locale\" content=\"pt_BR\" \/>\n<meta property=\"og:type\" content=\"article\" \/>\n<meta property=\"og:title\" content=\"Prova comentada Direito Empresarial Magistratura RJ\" \/>\n<meta property=\"og:description\" content=\"Prova comentada Direito Empresarial Magistratura RJ: confira AQUI os coment\u00e1rios dos nossos professores e tire as suas d\u00favidas!\" \/>\n<meta property=\"og:url\" content=\"https:\/\/cj.estrategia.com\/portal\/prova-comentada-direito-empresarial-magistratura-rj\/\" \/>\n<meta property=\"og:site_name\" content=\"Blog - Carreiras Jur\u00eddicas - Estrat\u00e9gia\" \/>\n<meta property=\"article:publisher\" content=\"https:\/\/www.facebook.com\/estrategiacarreirajuridica\/\" \/>\n<meta property=\"article:published_time\" content=\"2025-01-14T20:33:54+00:00\" \/>\n<meta property=\"article:modified_time\" content=\"2025-01-14T20:33:58+00:00\" \/>\n<meta property=\"og:image\" content=\"https:\/\/cj.estrategia.com\/portal\/wp-content\/uploads\/2022\/10\/04104559\/Magistratura-RJ.jpg\" \/>\n\t<meta property=\"og:image:width\" content=\"768\" \/>\n\t<meta property=\"og:image:height\" content=\"432\" \/>\n\t<meta property=\"og:image:type\" content=\"image\/jpeg\" \/>\n<meta name=\"author\" content=\"Coordena\u00e7\u00e3o\" \/>\n<meta name=\"twitter:card\" content=\"summary_large_image\" \/>\n<meta name=\"twitter:creator\" content=\"@EstratJuridica\" \/>\n<meta name=\"twitter:site\" content=\"@EstratJuridica\" \/>\n<meta name=\"twitter:label1\" content=\"Escrito por\" \/>\n\t<meta name=\"twitter:data1\" content=\"Coordena\u00e7\u00e3o\" \/>\n\t<meta name=\"twitter:label2\" content=\"Est. tempo de leitura\" \/>\n\t<meta name=\"twitter:data2\" content=\"14 minutos\" \/>\n<script type=\"application\/ld+json\" class=\"yoast-schema-graph\">{\"@context\":\"https:\\\/\\\/schema.org\",\"@graph\":[{\"@type\":\"NewsArticle\",\"@id\":\"https:\\\/\\\/cj.estrategia.com\\\/portal\\\/prova-comentada-direito-empresarial-magistratura-rj\\\/#article\",\"isPartOf\":{\"@id\":\"https:\\\/\\\/cj.estrategia.com\\\/portal\\\/prova-comentada-direito-empresarial-magistratura-rj\\\/\"},\"author\":{\"name\":\"Coordena\u00e7\u00e3o\",\"@id\":\"https:\\\/\\\/cj.estrategia.com\\\/portal\\\/#\\\/schema\\\/person\\\/4d70317d31449932b99102916b6637f5\"},\"headline\":\"Prova comentada Direito Empresarial Magistratura RJ\",\"datePublished\":\"2025-01-14T20:33:54+00:00\",\"dateModified\":\"2025-01-14T20:33:58+00:00\",\"mainEntityOfPage\":{\"@id\":\"https:\\\/\\\/cj.estrategia.com\\\/portal\\\/prova-comentada-direito-empresarial-magistratura-rj\\\/\"},\"wordCount\":2719,\"commentCount\":0,\"publisher\":{\"@id\":\"https:\\\/\\\/cj.estrategia.com\\\/portal\\\/#organization\"},\"image\":{\"@id\":\"https:\\\/\\\/cj.estrategia.com\\\/portal\\\/prova-comentada-direito-empresarial-magistratura-rj\\\/#primaryimage\"},\"thumbnailUrl\":\"https:\\\/\\\/cj.estrategia.com\\\/portal\\\/wp-content\\\/uploads\\\/2022\\\/10\\\/04104559\\\/Magistratura-RJ.jpg\",\"articleSection\":[\"Magistratura\"],\"inLanguage\":\"pt-BR\",\"potentialAction\":[{\"@type\":\"CommentAction\",\"name\":\"Comment\",\"target\":[\"https:\\\/\\\/cj.estrategia.com\\\/portal\\\/prova-comentada-direito-empresarial-magistratura-rj\\\/#respond\"]}]},{\"@type\":\"WebPage\",\"@id\":\"https:\\\/\\\/cj.estrategia.com\\\/portal\\\/prova-comentada-direito-empresarial-magistratura-rj\\\/\",\"url\":\"https:\\\/\\\/cj.estrategia.com\\\/portal\\\/prova-comentada-direito-empresarial-magistratura-rj\\\/\",\"name\":\"Prova comentada Direito Empresarial Magistratura RJ\",\"isPartOf\":{\"@id\":\"https:\\\/\\\/cj.estrategia.com\\\/portal\\\/#website\"},\"primaryImageOfPage\":{\"@id\":\"https:\\\/\\\/cj.estrategia.com\\\/portal\\\/prova-comentada-direito-empresarial-magistratura-rj\\\/#primaryimage\"},\"image\":{\"@id\":\"https:\\\/\\\/cj.estrategia.com\\\/portal\\\/prova-comentada-direito-empresarial-magistratura-rj\\\/#primaryimage\"},\"thumbnailUrl\":\"https:\\\/\\\/cj.estrategia.com\\\/portal\\\/wp-content\\\/uploads\\\/2022\\\/10\\\/04104559\\\/Magistratura-RJ.jpg\",\"datePublished\":\"2025-01-14T20:33:54+00:00\",\"dateModified\":\"2025-01-14T20:33:58+00:00\",\"description\":\"Prova comentada Direito Empresarial Magistratura RJ: confira AQUI os coment\u00e1rios dos nossos professores e tire as suas d\u00favidas!\",\"breadcrumb\":{\"@id\":\"https:\\\/\\\/cj.estrategia.com\\\/portal\\\/prova-comentada-direito-empresarial-magistratura-rj\\\/#breadcrumb\"},\"inLanguage\":\"pt-BR\",\"potentialAction\":[{\"@type\":\"ReadAction\",\"target\":[\"https:\\\/\\\/cj.estrategia.com\\\/portal\\\/prova-comentada-direito-empresarial-magistratura-rj\\\/\"]}]},{\"@type\":\"ImageObject\",\"inLanguage\":\"pt-BR\",\"@id\":\"https:\\\/\\\/cj.estrategia.com\\\/portal\\\/prova-comentada-direito-empresarial-magistratura-rj\\\/#primaryimage\",\"url\":\"https:\\\/\\\/cj.estrategia.com\\\/portal\\\/wp-content\\\/uploads\\\/2022\\\/10\\\/04104559\\\/Magistratura-RJ.jpg\",\"contentUrl\":\"https:\\\/\\\/cj.estrategia.com\\\/portal\\\/wp-content\\\/uploads\\\/2022\\\/10\\\/04104559\\\/Magistratura-RJ.jpg\",\"width\":768,\"height\":432,\"caption\":\"Concurso Juiz RJ\"},{\"@type\":\"BreadcrumbList\",\"@id\":\"https:\\\/\\\/cj.estrategia.com\\\/portal\\\/prova-comentada-direito-empresarial-magistratura-rj\\\/#breadcrumb\",\"itemListElement\":[{\"@type\":\"ListItem\",\"position\":1,\"name\":\"In\u00edcio\",\"item\":\"https:\\\/\\\/cj.estrategia.com\\\/portal\\\/\"},{\"@type\":\"ListItem\",\"position\":2,\"name\":\"Prova comentada Direito Empresarial Magistratura RJ\"}]},{\"@type\":\"WebSite\",\"@id\":\"https:\\\/\\\/cj.estrategia.com\\\/portal\\\/#website\",\"url\":\"https:\\\/\\\/cj.estrategia.com\\\/portal\\\/\",\"name\":\"Blog - Carreiras Jur\u00eddicas - Estrat\u00e9gia\",\"description\":\"\",\"publisher\":{\"@id\":\"https:\\\/\\\/cj.estrategia.com\\\/portal\\\/#organization\"},\"potentialAction\":[{\"@type\":\"SearchAction\",\"target\":{\"@type\":\"EntryPoint\",\"urlTemplate\":\"https:\\\/\\\/cj.estrategia.com\\\/portal\\\/?s={search_term_string}\"},\"query-input\":{\"@type\":\"PropertyValueSpecification\",\"valueRequired\":true,\"valueName\":\"search_term_string\"}}],\"inLanguage\":\"pt-BR\"},{\"@type\":\"Organization\",\"@id\":\"https:\\\/\\\/cj.estrategia.com\\\/portal\\\/#organization\",\"name\":\"Estrat\u00e9gia - Carreiras Jur\u00eddicas\",\"url\":\"https:\\\/\\\/cj.estrategia.com\\\/portal\\\/\",\"logo\":{\"@type\":\"ImageObject\",\"inLanguage\":\"pt-BR\",\"@id\":\"https:\\\/\\\/cj.estrategia.com\\\/portal\\\/#\\\/schema\\\/logo\\\/image\\\/\",\"url\":\"https:\\\/\\\/cj.estrategia.com\\\/portal\\\/wp-content\\\/uploads\\\/2022\\\/03\\\/11151052\\\/cj-logo.png\",\"contentUrl\":\"https:\\\/\\\/cj.estrategia.com\\\/portal\\\/wp-content\\\/uploads\\\/2022\\\/03\\\/11151052\\\/cj-logo.png\",\"width\":150,\"height\":39,\"caption\":\"Estrat\u00e9gia - Carreiras Jur\u00eddicas\"},\"image\":{\"@id\":\"https:\\\/\\\/cj.estrategia.com\\\/portal\\\/#\\\/schema\\\/logo\\\/image\\\/\"},\"sameAs\":[\"https:\\\/\\\/www.facebook.com\\\/estrategiacarreirajuridica\\\/\",\"https:\\\/\\\/x.com\\\/EstratJuridica\",\"https:\\\/\\\/www.instagram.com\\\/estrategiacarreirajuridica\\\/\",\"https:\\\/\\\/www.youtube.com\\\/channel\\\/UClbMGuYbj2Mh1m3w144ETWQ\"]},{\"@type\":\"Person\",\"@id\":\"https:\\\/\\\/cj.estrategia.com\\\/portal\\\/#\\\/schema\\\/person\\\/4d70317d31449932b99102916b6637f5\",\"name\":\"Coordena\u00e7\u00e3o\",\"image\":{\"@type\":\"ImageObject\",\"inLanguage\":\"pt-BR\",\"@id\":\"https:\\\/\\\/cj.estrategia.com\\\/portal\\\/wp-content\\\/uploads\\\/2022\\\/05\\\/12164923\\\/estrategia-carreira-juridica-coordenacao-96x96.png\",\"url\":\"https:\\\/\\\/cj.estrategia.com\\\/portal\\\/wp-content\\\/uploads\\\/2022\\\/05\\\/12164923\\\/estrategia-carreira-juridica-coordenacao-96x96.png\",\"contentUrl\":\"https:\\\/\\\/cj.estrategia.com\\\/portal\\\/wp-content\\\/uploads\\\/2022\\\/05\\\/12164923\\\/estrategia-carreira-juridica-coordenacao-96x96.png\",\"caption\":\"Coordena\u00e7\u00e3o\"},\"url\":\"https:\\\/\\\/cj.estrategia.com\\\/portal\\\/author\\\/coordenacao\\\/\"}]}<\/script>\n<!-- \/ Yoast SEO Premium plugin. -->","yoast_head_json":{"title":"Prova comentada Direito Empresarial Magistratura RJ","description":"Prova comentada Direito Empresarial Magistratura RJ: confira AQUI os coment\u00e1rios dos nossos professores e tire as suas d\u00favidas!","robots":{"index":"index","follow":"follow","max-snippet":"max-snippet:-1","max-image-preview":"max-image-preview:large","max-video-preview":"max-video-preview:-1"},"canonical":"https:\/\/cj.estrategia.com\/portal\/prova-comentada-direito-empresarial-magistratura-rj\/","og_locale":"pt_BR","og_type":"article","og_title":"Prova comentada Direito Empresarial Magistratura RJ","og_description":"Prova comentada Direito Empresarial Magistratura RJ: confira AQUI os coment\u00e1rios dos nossos professores e tire as suas d\u00favidas!","og_url":"https:\/\/cj.estrategia.com\/portal\/prova-comentada-direito-empresarial-magistratura-rj\/","og_site_name":"Blog - Carreiras Jur\u00eddicas - Estrat\u00e9gia","article_publisher":"https:\/\/www.facebook.com\/estrategiacarreirajuridica\/","article_published_time":"2025-01-14T20:33:54+00:00","article_modified_time":"2025-01-14T20:33:58+00:00","og_image":[{"width":768,"height":432,"url":"https:\/\/cj.estrategia.com\/portal\/wp-content\/uploads\/2022\/10\/04104559\/Magistratura-RJ.jpg","type":"image\/jpeg"}],"author":"Coordena\u00e7\u00e3o","twitter_card":"summary_large_image","twitter_creator":"@EstratJuridica","twitter_site":"@EstratJuridica","twitter_misc":{"Escrito por":"Coordena\u00e7\u00e3o","Est. tempo de leitura":"14 minutos"},"schema":{"@context":"https:\/\/schema.org","@graph":[{"@type":"NewsArticle","@id":"https:\/\/cj.estrategia.com\/portal\/prova-comentada-direito-empresarial-magistratura-rj\/#article","isPartOf":{"@id":"https:\/\/cj.estrategia.com\/portal\/prova-comentada-direito-empresarial-magistratura-rj\/"},"author":{"name":"Coordena\u00e7\u00e3o","@id":"https:\/\/cj.estrategia.com\/portal\/#\/schema\/person\/4d70317d31449932b99102916b6637f5"},"headline":"Prova comentada Direito Empresarial Magistratura RJ","datePublished":"2025-01-14T20:33:54+00:00","dateModified":"2025-01-14T20:33:58+00:00","mainEntityOfPage":{"@id":"https:\/\/cj.estrategia.com\/portal\/prova-comentada-direito-empresarial-magistratura-rj\/"},"wordCount":2719,"commentCount":0,"publisher":{"@id":"https:\/\/cj.estrategia.com\/portal\/#organization"},"image":{"@id":"https:\/\/cj.estrategia.com\/portal\/prova-comentada-direito-empresarial-magistratura-rj\/#primaryimage"},"thumbnailUrl":"https:\/\/cj.estrategia.com\/portal\/wp-content\/uploads\/2022\/10\/04104559\/Magistratura-RJ.jpg","articleSection":["Magistratura"],"inLanguage":"pt-BR","potentialAction":[{"@type":"CommentAction","name":"Comment","target":["https:\/\/cj.estrategia.com\/portal\/prova-comentada-direito-empresarial-magistratura-rj\/#respond"]}]},{"@type":"WebPage","@id":"https:\/\/cj.estrategia.com\/portal\/prova-comentada-direito-empresarial-magistratura-rj\/","url":"https:\/\/cj.estrategia.com\/portal\/prova-comentada-direito-empresarial-magistratura-rj\/","name":"Prova comentada Direito Empresarial Magistratura RJ","isPartOf":{"@id":"https:\/\/cj.estrategia.com\/portal\/#website"},"primaryImageOfPage":{"@id":"https:\/\/cj.estrategia.com\/portal\/prova-comentada-direito-empresarial-magistratura-rj\/#primaryimage"},"image":{"@id":"https:\/\/cj.estrategia.com\/portal\/prova-comentada-direito-empresarial-magistratura-rj\/#primaryimage"},"thumbnailUrl":"https:\/\/cj.estrategia.com\/portal\/wp-content\/uploads\/2022\/10\/04104559\/Magistratura-RJ.jpg","datePublished":"2025-01-14T20:33:54+00:00","dateModified":"2025-01-14T20:33:58+00:00","description":"Prova comentada Direito Empresarial Magistratura RJ: confira AQUI os coment\u00e1rios dos nossos professores e tire as suas d\u00favidas!","breadcrumb":{"@id":"https:\/\/cj.estrategia.com\/portal\/prova-comentada-direito-empresarial-magistratura-rj\/#breadcrumb"},"inLanguage":"pt-BR","potentialAction":[{"@type":"ReadAction","target":["https:\/\/cj.estrategia.com\/portal\/prova-comentada-direito-empresarial-magistratura-rj\/"]}]},{"@type":"ImageObject","inLanguage":"pt-BR","@id":"https:\/\/cj.estrategia.com\/portal\/prova-comentada-direito-empresarial-magistratura-rj\/#primaryimage","url":"https:\/\/cj.estrategia.com\/portal\/wp-content\/uploads\/2022\/10\/04104559\/Magistratura-RJ.jpg","contentUrl":"https:\/\/cj.estrategia.com\/portal\/wp-content\/uploads\/2022\/10\/04104559\/Magistratura-RJ.jpg","width":768,"height":432,"caption":"Concurso Juiz RJ"},{"@type":"BreadcrumbList","@id":"https:\/\/cj.estrategia.com\/portal\/prova-comentada-direito-empresarial-magistratura-rj\/#breadcrumb","itemListElement":[{"@type":"ListItem","position":1,"name":"In\u00edcio","item":"https:\/\/cj.estrategia.com\/portal\/"},{"@type":"ListItem","position":2,"name":"Prova comentada Direito Empresarial Magistratura RJ"}]},{"@type":"WebSite","@id":"https:\/\/cj.estrategia.com\/portal\/#website","url":"https:\/\/cj.estrategia.com\/portal\/","name":"Blog - Carreiras Jur\u00eddicas - Estrat\u00e9gia","description":"","publisher":{"@id":"https:\/\/cj.estrategia.com\/portal\/#organization"},"potentialAction":[{"@type":"SearchAction","target":{"@type":"EntryPoint","urlTemplate":"https:\/\/cj.estrategia.com\/portal\/?s={search_term_string}"},"query-input":{"@type":"PropertyValueSpecification","valueRequired":true,"valueName":"search_term_string"}}],"inLanguage":"pt-BR"},{"@type":"Organization","@id":"https:\/\/cj.estrategia.com\/portal\/#organization","name":"Estrat\u00e9gia - Carreiras Jur\u00eddicas","url":"https:\/\/cj.estrategia.com\/portal\/","logo":{"@type":"ImageObject","inLanguage":"pt-BR","@id":"https:\/\/cj.estrategia.com\/portal\/#\/schema\/logo\/image\/","url":"https:\/\/cj.estrategia.com\/portal\/wp-content\/uploads\/2022\/03\/11151052\/cj-logo.png","contentUrl":"https:\/\/cj.estrategia.com\/portal\/wp-content\/uploads\/2022\/03\/11151052\/cj-logo.png","width":150,"height":39,"caption":"Estrat\u00e9gia - Carreiras Jur\u00eddicas"},"image":{"@id":"https:\/\/cj.estrategia.com\/portal\/#\/schema\/logo\/image\/"},"sameAs":["https:\/\/www.facebook.com\/estrategiacarreirajuridica\/","https:\/\/x.com\/EstratJuridica","https:\/\/www.instagram.com\/estrategiacarreirajuridica\/","https:\/\/www.youtube.com\/channel\/UClbMGuYbj2Mh1m3w144ETWQ"]},{"@type":"Person","@id":"https:\/\/cj.estrategia.com\/portal\/#\/schema\/person\/4d70317d31449932b99102916b6637f5","name":"Coordena\u00e7\u00e3o","image":{"@type":"ImageObject","inLanguage":"pt-BR","@id":"https:\/\/cj.estrategia.com\/portal\/wp-content\/uploads\/2022\/05\/12164923\/estrategia-carreira-juridica-coordenacao-96x96.png","url":"https:\/\/cj.estrategia.com\/portal\/wp-content\/uploads\/2022\/05\/12164923\/estrategia-carreira-juridica-coordenacao-96x96.png","contentUrl":"https:\/\/cj.estrategia.com\/portal\/wp-content\/uploads\/2022\/05\/12164923\/estrategia-carreira-juridica-coordenacao-96x96.png","caption":"Coordena\u00e7\u00e3o"},"url":"https:\/\/cj.estrategia.com\/portal\/author\/coordenacao\/"}]}},"jetpack_featured_media_url":"https:\/\/cj.estrategia.com\/portal\/wp-content\/uploads\/2022\/10\/04104559\/Magistratura-RJ.jpg","jetpack_sharing_enabled":true,"_links":{"self":[{"href":"https:\/\/cj.estrategia.com\/portal\/wp-json\/wp\/v2\/posts\/90890","targetHints":{"allow":["GET"]}}],"collection":[{"href":"https:\/\/cj.estrategia.com\/portal\/wp-json\/wp\/v2\/posts"}],"about":[{"href":"https:\/\/cj.estrategia.com\/portal\/wp-json\/wp\/v2\/types\/post"}],"author":[{"embeddable":true,"href":"https:\/\/cj.estrategia.com\/portal\/wp-json\/wp\/v2\/users\/12"}],"replies":[{"embeddable":true,"href":"https:\/\/cj.estrategia.com\/portal\/wp-json\/wp\/v2\/comments?post=90890"}],"version-history":[{"count":0,"href":"https:\/\/cj.estrategia.com\/portal\/wp-json\/wp\/v2\/posts\/90890\/revisions"}],"wp:featuredmedia":[{"embeddable":true,"href":"https:\/\/cj.estrategia.com\/portal\/wp-json\/wp\/v2\/media\/20815"}],"wp:attachment":[{"href":"https:\/\/cj.estrategia.com\/portal\/wp-json\/wp\/v2\/media?parent=90890"}],"wp:term":[{"taxonomy":"category","embeddable":true,"href":"https:\/\/cj.estrategia.com\/portal\/wp-json\/wp\/v2\/categories?post=90890"},{"taxonomy":"post_tag","embeddable":true,"href":"https:\/\/cj.estrategia.com\/portal\/wp-json\/wp\/v2\/tags?post=90890"},{"taxonomy":"tax_estado","embeddable":true,"href":"https:\/\/cj.estrategia.com\/portal\/wp-json\/wp\/v2\/tax_estado?post=90890"}],"curies":[{"name":"wp","href":"https:\/\/api.w.org\/{rel}","templated":true}]}}