{"id":90490,"date":"2025-01-11T21:52:55","date_gmt":"2025-01-12T00:52:55","guid":{"rendered":"https:\/\/cj.estrategia.com\/portal\/?p=90490"},"modified":"2025-01-11T21:55:49","modified_gmt":"2025-01-12T00:55:49","slug":"herdeiras-silvio-santos-afastam-itcmd-17-milhoes","status":"publish","type":"post","link":"https:\/\/cj.estrategia.com\/portal\/herdeiras-silvio-santos-afastam-itcmd-17-milhoes\/","title":{"rendered":"Herdeiras de S\u00edlvio Santos afastam ITCMD de R$ 17 milh\u00f5es &#8211; An\u00e1lise Jur\u00eddica"},"content":{"rendered":"\n<p>Um caso envolvendo as herdeiras de Silvio Santos trouxe ao debate uma relevante discuss\u00e3o no \u00e2mbito do Direito Tribut\u00e1rio e em especial ap\u00f3s a Reforma Tribut\u00e1ria, isto \u00e9, sobre a constitucionalidade da cobran\u00e7a do Imposto sobre Transmiss\u00e3o Causa Mortis e Doa\u00e7\u00e3o (ITCMD) sobre bens localizados no exterior. Vamos entender melhor.<\/p>\n\n\n\n<figure class=\"wp-block-image\"><img decoding=\"async\" src=\"https:\/\/lh7-rt.googleusercontent.com\/docsz\/AD_4nXdqqeN-svoAQe3LnvKpr67jiEbQc2f2MY62eQbKsAAh22pEvODAk2mRM7JRcZW7QW0CYn86AFlL2FZzZNrdWixXAnk-upLb7R9017gnVw0GN4ooSFZqhxTVmbzMCW0fzB3NYB53bQ?key=ETNAKCZaHsPEYlmzHC9-d1qD\" alt=\"Herdeiras de S\u00edlvio Santos\"\/><\/figure>\n\n\n\n<p>Isto porque, a problem\u00e1tica \u00e9 que houve uma decis\u00e3o liminar proferida pela 16\u00aa Vara da Fazenda P\u00fablica de S\u00e3o Paulo, que <strong><mark style=\"background-color:rgba(0, 0, 0, 0)\" class=\"has-inline-color has-vivid-red-color\">suspendeu a exigibilidade de R$ 17 milh\u00f5es referentes ao ITCMD que seriam pagas pelas herdeiras de S\u00edlvio Santos.<\/mark><\/strong><\/p>\n\n\n\n<p>Ok, e qual \u00e9 nossa ideia? Nesse artigo, vamos te explicar juridicamente a decis\u00e3o e o tema central.<\/p>\n\n\n\n<h2 class=\"wp-block-heading\" id=\"h-entenda-o-caso-herdeiras-de-silvio-santos\" style=\"font-style:normal;font-weight:400\"><span id=\"entenda-o-caso-herdeiras-de-silvio-santos\"><strong>Entenda o caso<\/strong> <mark style=\"background-color:rgba(0, 0, 0, 0)\" class=\"has-inline-color has-white-color\">&#8211; <strong>Herdeiras de S\u00edlvio Santos<\/strong><\/mark><\/span><\/h2>\n\n\n\n<p>Em breve s\u00edntese, o processo originou-se da exig\u00eancia do Estado de S\u00e3o Paulo em cobrar ITCMD, que \u00e9 um imposto cobrado sobre as heran\u00e7as, sobre valores aproximados de R$ 429 milh\u00f5es. O grande questionamento \u00e9 que eles estavam sendo mantidos em institui\u00e7\u00e3o financeira nas<mark style=\"background-color:rgba(0, 0, 0, 0)\" class=\"has-inline-color has-vivid-red-color\"> <strong>Bahamas<\/strong><\/mark> (no exterior).\u00a0<\/p>\n\n\n\n<p>Logo, o cerne da quest\u00e3o central reside <strong><mark style=\"background-color:rgba(0, 0, 0, 0)\" class=\"has-inline-color has-vivid-red-color\">na suposta aus\u00eancia de lei complementar federal regulamentando<\/mark><\/strong> a hip\u00f3tese de incid\u00eancia do imposto sobre bens localizados <strong><mark style=\"background-color:rgba(0, 0, 0, 0)\" class=\"has-inline-color has-vivid-red-color\">no exterior<\/mark><\/strong>, conforme exig\u00eancia expressa do art. 155, \u00a71\u00ba, III, da Constitui\u00e7\u00e3o Federal.<\/p>\n\n\n\n<p>Ou seja, \u00e9 poss\u00edvel cobrar o ITCMD de pessoas que, mesmo domiciliadas no Brasil, possuem bens no exterior? Antes, vamos entender o porqu\u00ea da liminar suspender a exigibilidade do tributo pela suposta inconstitucionalidade.<\/p>\n\n\n\n<h2 class=\"wp-block-heading\" id=\"h-qual-foi-a-fundamentacao-da-decisao-judicial\" style=\"font-style:normal;font-weight:400\"><span id=\"qual-foi-a-fundamentacao-da-decisao-judicial\"><strong>Qual foi a fundamenta\u00e7\u00e3o da decis\u00e3o judicial?<\/strong><\/span><\/h2>\n\n\n\n<p>De in\u00edcio, o magistrado, em sua decis\u00e3o, fundamentou-se em duas vertentes.<\/p>\n\n\n\n<div class=\"wp-block-group is-style-cnvs-block-bg-light has-background\" style=\"background-color:#fde76a38\"><div class=\"wp-block-group__inner-container is-layout-constrained wp-block-group-is-layout-constrained\">\n<p>De in\u00edcio, reconheceu que haveria a <strong>inconstitucionalidade<\/strong> da cobran\u00e7a do ITCMD sobre bens no <strong>exterior<\/strong> sem a exist\u00eancia de lei complementar federal, alinhando-se ao entendimento firmado pelo STF no RE n\u00ba 851.108\/SP, que estabeleceu ser do STF quando decidiu que \u00e9: &#8220;vedado aos estados e ao Distrito Federal instituir o ITCMD nas hip\u00f3teses referidas no art. 155, \u00a7 1\u00ba, III, da Constitui\u00e7\u00e3o Federal sem a interven\u00e7\u00e3o da lei complementar exigida pelo referido dispositivo constitucional&#8221;:<\/p>\n\n\n\n<ul class=\"wp-block-list\"><\/ul>\n\n\n\n<p><strong><mark style=\"background-color:rgba(0, 0, 0, 0)\" class=\"has-inline-color has-vivid-red-color\">\u00c9 vedado aos estados e ao Distrito Federal instituir o Imposto sobre Transmiss\u00e3o Causa Mortis e Doa\u00e7\u00e3o (ITCMD) nas hip\u00f3teses dispostas no art. 155, \u00a7 1\u00ba, III, da Constitui\u00e7\u00e3o Federal, sem a edi\u00e7\u00e3o da lei complementar federal exigida pelo referido dispositivo constitucional.<\/mark><\/strong><\/p>\n\n\n\n<hr class=\"wp-block-separator has-alpha-channel-opacity\"\/>\n\n\n\n<p>Nesse sentido \u00e9 o <strong>Tema 825 (RE\u00a0851108\/SP)<\/strong>: \u00e9 vedado aos estados e ao Distrito Federal instituir o ITCMD nas hip\u00f3teses referidas no art. 155, \u00a7 1\u00ba, III, da Constitui\u00e7\u00e3o Federal sem a interven\u00e7\u00e3o da lei complementar exigida pelo referido dispositivo constitucional.<\/p>\n\n\n\n<p><em><strong>STF. Plen\u00e1rio. ADI 6828\/AL, Rel. Min. Andr\u00e9 Mendon\u00e7a, julgado em 28\/10\/2022 (Info 1074).<\/strong><\/em><\/p>\n<\/div><\/div>\n\n\n\n<div class=\"wp-block-group is-style-cnvs-block-bg-light has-background\" style=\"background-color:#fde76a38\"><div class=\"wp-block-group__inner-container is-layout-constrained wp-block-group-is-layout-constrained\">\n<p>Em <strong>segundo lugar<\/strong>, fundamentou em precedente do pr\u00f3prio Tribunal de Justi\u00e7a de S\u00e3o Paulo que, em sede de Argui\u00e7\u00e3o de Inconstitucionalidade (n\u00ba 0004604-24.2011.8.26.0053), declarou a inconstitucionalidade da cobran\u00e7a do ITCMD sobre a transmiss\u00e3o causa mortis de bem localizado no exterior.<\/p>\n<\/div><\/div>\n\n\n\n<h2 class=\"wp-block-heading\" id=\"h-e-a-reforma-tributaria-nao-mudou-nada\" style=\"font-style:normal;font-weight:400\"><span id=\"e-a-reforma-tributaria-nao-mudou-nada\"><strong>E a Reforma Tribut\u00e1ria n\u00e3o mudou nada?<\/strong><\/span><\/h2>\n\n\n\n<p><strong><mark style=\"background-color:#f8fb7b\" class=\"has-inline-color\">Mudou!<\/mark> <\/strong>Veja, de fato, passamos a\u00ed praticamente 2 anos sem cobrar nenhum ITCMD de pessoas que tinham bem no exterior.<\/p>\n\n\n\n<p>Mas, a Reforma Tribut\u00e1ria, EC 132\/2023 buscou \u201ctampar\u201d essa omiss\u00e3o, ap\u00f3s o STF definir que seria necess\u00e1rio uma lei complementar federal:<\/p>\n\n\n\n<pre class=\"wp-block-preformatted\">Art. 16. At\u00e9 que lei complementar regule o disposto no art. 155, \u00a7 1\u00ba, III, da Constitui\u00e7\u00e3o Federal, o imposto incidente nas hip\u00f3teses de que trata o referido dispositivo competir\u00e1:\n\nI \u2013 relativamente a bens im\u00f3veis e respectivos direitos, ao Estado da situa\u00e7\u00e3o do bem, ou ao Distrito Federal;\n\nII \u2013 se o doador tiver domic\u00edlio ou resid\u00eancia no exterior:\n\na) ao Estado onde tiver domic\u00edlio o donat\u00e1rio ou ao Distrito Federal;\n\nb) se o donat\u00e1rio tiver domic\u00edlio ou residir no exterior, ao Estado em que se encontrar o bem ou ao Distrito Federal;\n\nIII \u2013 relativamente aos bens do de cujus, ainda que situados no exterior, ao Estado onde era domiciliado, ou, se domiciliado ou residente no exterior, onde tiver domic\u00edlio o sucessor ou legat\u00e1rio, ou ao Distrito Federal.\u201d<\/pre>\n\n\n\n<p>A EC 132\/2023, atrav\u00e9s de seu artigo 16, estabeleceu um <strong>regime transit\u00f3rio<\/strong> que <strong>dispensa expressamente a necessidade de lei complementar<\/strong> para defini\u00e7\u00e3o da compet\u00eancia tribut\u00e1ria nas hip\u00f3teses de bens localizados no exterior.&nbsp;<\/p>\n\n\n\n<p>Em outras palavras, houve o preenchimento diretamente da lacuna que fundamentava as decis\u00f5es judiciais contr\u00e1rias \u00e0 cobran\u00e7a do ITCMD nesses casos.<\/p>\n\n\n\n<div class=\"wp-block-media-text\" style=\"grid-template-columns:29% auto\"><figure class=\"wp-block-media-text__media\"><img decoding=\"async\" width=\"500\" height=\"500\" src=\"https:\/\/cj.estrategia.com\/portal\/wp-content\/uploads\/2024\/12\/12012141\/Design-sem-nome-2.png\" alt=\"\" class=\"wp-image-86985 size-full\" srcset=\"https:\/\/cj.estrategia.com\/portal\/wp-content\/uploads\/2024\/12\/12012141\/Design-sem-nome-2.png 500w, https:\/\/cj.estrategia.com\/portal\/wp-content\/uploads\/2024\/12\/12012141\/Design-sem-nome-2-300x300.png 300w, https:\/\/cj.estrategia.com\/portal\/wp-content\/uploads\/2024\/12\/12012141\/Design-sem-nome-2-150x150.png 150w, https:\/\/cj.estrategia.com\/portal\/wp-content\/uploads\/2024\/12\/12012141\/Design-sem-nome-2-80x80.png 80w, https:\/\/cj.estrategia.com\/portal\/wp-content\/uploads\/2024\/12\/12012141\/Design-sem-nome-2-380x380.png 380w, https:\/\/cj.estrategia.com\/portal\/wp-content\/uploads\/2024\/12\/12012141\/Design-sem-nome-2-24x24.png 24w, https:\/\/cj.estrategia.com\/portal\/wp-content\/uploads\/2024\/12\/12012141\/Design-sem-nome-2-48x48.png 48w, https:\/\/cj.estrategia.com\/portal\/wp-content\/uploads\/2024\/12\/12012141\/Design-sem-nome-2-96x96.png 96w\" sizes=\"(max-width: 500px) 100vw, 500px\" \/><\/figure><div class=\"wp-block-media-text__content\">\n<p>No caso espec\u00edfico de <strong>Silvio Santos<\/strong>, sendo este <strong>domiciliado em S\u00e3o Paulo<\/strong> quando de seu falecimento, e considerando que <strong>parte dos bens em quest\u00e3o encontram-se nas Bahamas<\/strong> (aproximadamente R$ 429 milh\u00f5es), a compet\u00eancia para tributar, segundo o artigo 16, III da EC 132\/2023<strong>, seria inequivocamente do Estado de S\u00e3o Paulo<\/strong>, uma vez que o dispositivo estabelece que a compet\u00eancia ser\u00e1 &#8220;relativamente aos bens do de cujus, ainda que situados no exterior, ao Estado onde era domiciliado&#8221;.<\/p>\n<\/div><\/div>\n\n\n\n<h2 class=\"wp-block-heading\" id=\"h-superacao-do-precedente-do-stf-itcmd\" style=\"font-style:normal;font-weight:400\"><span id=\"superacao-do-precedente-do-stf-itcmd\"><strong>Supera\u00e7\u00e3o do Precedente do STF<\/strong> <mark style=\"background-color:rgba(0, 0, 0, 0)\" class=\"has-inline-color has-white-color\">&#8211; ITCMD<\/mark><\/span><\/h2>\n\n\n\n<p>Em s\u00edntese, perceba que o entendimento firmado pelo STF no RE n\u00ba 851.108\/SP, embora relevante, foi estabelecido em contexto constitucional diverso, anterior \u00e0 EC 132\/2023.&nbsp;<\/p>\n\n\n\n<div class=\"wp-block-group is-style-cnvs-block-shadow has-background\" style=\"background-color:#8dd2fc30\"><div class=\"wp-block-group__inner-container is-layout-constrained wp-block-group-is-layout-constrained\">\n<p>A nova sistem\u00e1tica constitucional supera a necessidade de lei complementar ao estabelecer regras transit\u00f3rias diretamente no texto constitucional, conferindo efetividade imediata \u00e0 compet\u00eancia tribut\u00e1ria dos Estados em rela\u00e7\u00e3o aos bens no exterior.<\/p>\n<\/div><\/div>\n\n\n\n<p>De uma outra maneira, enquanto n\u00e3o seja editada a lei complementar federal, vigora o art. 16 da EC 132\/2023, podendo assim ser mapeada:<\/p>\n\n\n\n<figure class=\"wp-block-image\"><img decoding=\"async\" src=\"https:\/\/lh7-rt.googleusercontent.com\/docsz\/AD_4nXdtop_HG7NZRguYnGfcpXhgUPOhzGhX61oBL1FOhOUT6dkvO62LjJC1zdVbCa3T9o6kg7GZYBSYQWIZ9OF3zHDsvSvoX4SNaPILzEmSo-oI0CjaurSp0BkYJru6gI-VUWuyU7lveQ?key=ETNAKCZaHsPEYlmzHC9-d1qD\" alt=\"Diagrama\n\nDescri\u00e7\u00e3o gerada automaticamente\"\/><\/figure>\n\n\n\n<p>Nessa linha, vale frisar que a decis\u00e3o judicial foi uma liminar, ou seja, o caso ainda ser\u00e1 decidido de maneira definitiva por senten\u00e7a, e sujeito \u00e0s esferas recursais. Pelo que constatamos, houve agravo de instrumento da PGE-SP pendente de aprecia\u00e7\u00e3o no TJ-SP.<\/p>\n\n\n\n<h2 class=\"wp-block-heading\" id=\"h-como-o-tema-ja-caiu-em-provas\" style=\"font-style:normal;font-weight:400\"><span id=\"como-o-tema-ja-caiu-em-provas\"><strong>Como o tema j\u00e1 caiu em provas:<\/strong><\/span><\/h2>\n\n\n\n<div class=\"wp-block-group is-style-cnvs-block-bordered\"><div class=\"wp-block-group__inner-container is-layout-constrained wp-block-group-is-layout-constrained\">\n<p><strong><mark style=\"background-color:#f8d969\" class=\"has-inline-color\">(Senado Federal &#8211; FGV &#8211; 2022 &#8211; Consultor Legislativo) <\/mark><\/strong><\/p>\n\n\n\n<p>Jo\u00e3o, que tinha bens no exterior, faleceu. Um dos seus herdeiros, ao adotar as provid\u00eancias necess\u00e1rias para o invent\u00e1rio, tomou conhecimento de que o Estado Alfa editara a Lei Complementar n\u00ba XX, dispondo sobre a cobran\u00e7a do Imposto de Transmiss\u00e3o Causa Mortis e Doa\u00e7\u00e3o (ITCMD).\u00a0O herdeiro tamb\u00e9m observou que, nesses casos, a ordem constitucional disp\u00f5e que a compet\u00eancia para a institui\u00e7\u00e3o do imposto ser\u00e1 \u201cregulada por lei complementar\u201d. Como a Uni\u00e3o ainda n\u00e3o editou essa lei complementar, o herdeiro argumentou com os agentes do Estado Alfa que o ITCMD n\u00e3o poderia ser cobrado.<\/p>\n\n\n\n<p>\u00c0 luz da sistem\u00e1tica constitucional, \u00e9 correto afirmar que o herdeiro est\u00e1<\/p>\n\n\n\n<p><strong>b) certo, pois \u00e9 a lei complementar editada pela Uni\u00e3o que fixar\u00e1, no \u00e2mbito nacional, a exata compet\u00eancia dos Estados para instituir o ITCMD.<\/strong> <strong><mark style=\"background-color:rgba(0, 0, 0, 0);color:#038909\" class=\"has-inline-color\">(Certo)<\/mark><\/strong><\/p>\n<\/div><\/div>\n\n\n\n<div class=\"wp-block-group is-style-cnvs-block-bordered\"><div class=\"wp-block-group__inner-container is-layout-constrained wp-block-group-is-layout-constrained\">\n<p><strong><mark style=\"background-color:#f8d969\" class=\"has-inline-color\">(PGE\/SE, Procurador do Estado, Cespe, 2023) <\/mark><br><\/strong><br>Em rela\u00e7\u00e3o ao imposto sobre transmiss\u00e3o causa mortis e doa\u00e7\u00e3o de quaisquer bens e direitos (ITCMD), assinale a op\u00e7\u00e3o correta, considerada a CF e a jurisprud\u00eancia do STF.<\/p>\n\n\n\n<p>a) A compet\u00eancia para instituir e cobrar o ITCMD, considerados os bens im\u00f3veis, \u00e9 do estado onde se processar o invent\u00e1rio ou arrolamento, ou naquele em que o doador tiver domic\u00edlio.<\/p>\n\n\n\n<p>b) O texto constitucional prev\u00ea mais de uma hip\u00f3tese de imunidade tribut\u00e1ria relativa ao ITCMD, sendo uma delas a n\u00e3o incid\u00eancia do imposto sobre as doa\u00e7\u00f5es destinadas \u00e0s institui\u00e7\u00f5es federais de ensino.<\/p>\n\n\n\n<p>c) Os estados podem fazer o uso da compet\u00eancia legislativa plena para disciplinar a cobran\u00e7a do ITCMD, nas hip\u00f3teses em que o doador tiver domic\u00edlio ou resid\u00eancia no exterior, enquanto n\u00e3o editada a legisla\u00e7\u00e3o nacional atinente \u00e0s normas gerais.<\/p>\n\n\n\n<p>d) Os estados, ap\u00f3s delibera\u00e7\u00e3o em conv\u00eanio, definir\u00e3o as al\u00edquotas m\u00e1ximas para a cobran\u00e7a do ITCMD.<\/p>\n\n\n\n<p>e) No caso de doa\u00e7\u00e3o de bens m\u00f3veis, a compet\u00eancia para exigir a ITCMD \u00e9 do estado da situa\u00e7\u00e3o do bem.<\/p>\n\n\n\n<p><strong><mark style=\"background-color:rgba(0, 0, 0, 0);color:#009e12\" class=\"has-inline-color\">Gabarito: Letra B<\/mark><\/strong><\/p>\n<\/div><\/div>\n\n\n\n<p><mark style=\"background-color:rgba(0, 0, 0, 0)\" class=\"has-inline-color has-white-color\">Herdeiras de S\u00edlvio Santos<\/mark><\/p>\n\n\n\n<h2 class=\"wp-block-heading has-text-align-center\" id=\"h-quer-saber-quais-serao-os-proximos-concursos\"><span id=\"quer-saber-quais-serao-os-proximos-concursos\">Quer saber quais ser\u00e3o os pr\u00f3ximos concursos?<\/span><\/h2>\n\n\n\n<p class=\"has-text-align-center\">Confira nossos&nbsp;<a href=\"https:\/\/cj.estrategia.com\/portal\/\" target=\"_blank\" >artigos para Carreiras Jur\u00eddicas<\/a>!<\/p>\n\n\n\n<p class=\"has-text-align-center has-white-color has-pale-cyan-blue-background-color has-text-color has-background has-link-color wp-elements-f3d5123bb0c8e11604d0c8c7f1ea8be8\"><a href=\"https:\/\/www.estrategiaconcursos.com.br\/blog\/concursos-abertos\/\" target=\"_blank\" >Confira os concursos p\u00fablicos abertos<\/a><\/p>\n\n\n\n<p class=\"has-text-align-center has-white-color has-pale-cyan-blue-background-color has-text-color has-background has-link-color wp-elements-726d644a58045568574d2c1541b18807\"><a href=\"https:\/\/cj.estrategia.com\/portal\/concursos-2025-carreiras-juridicas\/\" target=\"_blank\" >Concursos 2025<\/a><\/p>\n","protected":false},"excerpt":{"rendered":"Um caso envolvendo as herdeiras de Silvio Santos trouxe ao debate uma relevante discuss\u00e3o no \u00e2mbito do Direito&hellip;\n","protected":false},"author":93,"featured_media":90522,"comment_status":"open","ping_status":"open","sticky":false,"template":"","format":"standard","meta":{"_jetpack_memberships_contains_paid_content":false,"footnotes":""},"categories":[1],"tags":[336,1100,1455,246,530],"tax_estado":[30,31,32,33,34,35,36,37,38,39,40,41,42,43,44,45,46,47,48,49,50,51,52,53,54,55,56,57],"class_list":{"0":"post-90490","1":"post","2":"type-post","3":"status-publish","4":"format-standard","5":"has-post-thumbnail","7":"category-carreiras-juridicas","8":"tag-analise-juridica","9":"tag-direito-tributario","10":"tag-itcmd","11":"tag-reforma-tributaria","12":"tag-silvio-santos","13":"tax_estado-ac","14":"tax_estado-al","15":"tax_estado-am","16":"tax_estado-ap","17":"tax_estado-ba","18":"tax_estado-ce","19":"tax_estado-concursos-federais","20":"tax_estado-df","21":"tax_estado-es","22":"tax_estado-go","23":"tax_estado-ma","24":"tax_estado-mg","25":"tax_estado-ms","26":"tax_estado-mt","27":"tax_estado-pa","28":"tax_estado-pb","29":"tax_estado-pe","30":"tax_estado-pi","31":"tax_estado-pr","32":"tax_estado-rj","33":"tax_estado-rn","34":"tax_estado-ro","35":"tax_estado-rr","36":"tax_estado-rs","37":"tax_estado-sc","38":"tax_estado-se","39":"tax_estado-sp","40":"tax_estado-to"},"acf":[],"yoast_head":"<!-- This site is optimized with the Yoast SEO Premium plugin v27.4 (Yoast SEO v27.4) - https:\/\/yoast.com\/product\/yoast-seo-premium-wordpress\/ -->\n<title>Herdeiras de S\u00edlvio Santos afastam ITCMD de R$ 17 milh\u00f5es<\/title>\n<meta name=\"description\" content=\"Saiba como as herdeiras de S\u00edlvio Santos afastaram a cobran\u00e7a de R$ 17 milh\u00f5es em ITCMD, analisando os aspectos jur\u00eddicos do caso.\" \/>\n<meta name=\"robots\" content=\"index, follow, max-snippet:-1, max-image-preview:large, max-video-preview:-1\" \/>\n<link rel=\"canonical\" href=\"https:\/\/cj.estrategia.com\/portal\/herdeiras-silvio-santos-afastam-itcmd-17-milhoes\/\" \/>\n<meta property=\"og:locale\" content=\"pt_BR\" \/>\n<meta property=\"og:type\" content=\"article\" \/>\n<meta property=\"og:title\" content=\"Herdeiras de S\u00edlvio Santos afastam ITCMD de R$ 17 milh\u00f5es - An\u00e1lise Jur\u00eddica\" \/>\n<meta property=\"og:description\" content=\"Saiba como as herdeiras de S\u00edlvio Santos afastaram a cobran\u00e7a de R$ 17 milh\u00f5es em ITCMD, analisando os aspectos jur\u00eddicos do caso.\" \/>\n<meta property=\"og:url\" content=\"https:\/\/cj.estrategia.com\/portal\/herdeiras-silvio-santos-afastam-itcmd-17-milhoes\/\" \/>\n<meta property=\"og:site_name\" content=\"Blog - Carreiras Jur\u00eddicas - Estrat\u00e9gia\" \/>\n<meta property=\"article:publisher\" content=\"https:\/\/www.facebook.com\/estrategiacarreirajuridica\/\" \/>\n<meta property=\"article:published_time\" content=\"2025-01-12T00:52:55+00:00\" \/>\n<meta property=\"article:modified_time\" content=\"2025-01-12T00:55:49+00:00\" \/>\n<meta property=\"og:image\" content=\"https:\/\/cj.estrategia.com\/portal\/wp-content\/uploads\/2025\/01\/11215431\/unnamed.png\" \/>\n\t<meta property=\"og:image:width\" content=\"1301\" \/>\n\t<meta property=\"og:image:height\" content=\"731\" \/>\n\t<meta property=\"og:image:type\" content=\"image\/png\" \/>\n<meta name=\"author\" content=\"Felipe Duque\" \/>\n<meta name=\"twitter:card\" content=\"summary_large_image\" \/>\n<meta name=\"twitter:creator\" content=\"@https:\/\/x.com\/ProfessorDuque\" \/>\n<meta name=\"twitter:site\" content=\"@EstratJuridica\" \/>\n<meta name=\"twitter:label1\" content=\"Escrito por\" \/>\n\t<meta name=\"twitter:data1\" content=\"Felipe Duque\" \/>\n\t<meta name=\"twitter:label2\" content=\"Est. tempo de leitura\" \/>\n\t<meta name=\"twitter:data2\" content=\"7 minutos\" \/>\n<script type=\"application\/ld+json\" class=\"yoast-schema-graph\">{\"@context\":\"https:\\\/\\\/schema.org\",\"@graph\":[{\"@type\":\"NewsArticle\",\"@id\":\"https:\\\/\\\/cj.estrategia.com\\\/portal\\\/herdeiras-silvio-santos-afastam-itcmd-17-milhoes\\\/#article\",\"isPartOf\":{\"@id\":\"https:\\\/\\\/cj.estrategia.com\\\/portal\\\/herdeiras-silvio-santos-afastam-itcmd-17-milhoes\\\/\"},\"author\":{\"name\":\"Felipe Duque\",\"@id\":\"https:\\\/\\\/cj.estrategia.com\\\/portal\\\/#\\\/schema\\\/person\\\/b5b0253b269d7130d1f7770b1ba29285\"},\"headline\":\"Herdeiras de S\u00edlvio Santos afastam ITCMD de R$ 17 milh\u00f5es &#8211; An\u00e1lise Jur\u00eddica\",\"datePublished\":\"2025-01-12T00:52:55+00:00\",\"dateModified\":\"2025-01-12T00:55:49+00:00\",\"mainEntityOfPage\":{\"@id\":\"https:\\\/\\\/cj.estrategia.com\\\/portal\\\/herdeiras-silvio-santos-afastam-itcmd-17-milhoes\\\/\"},\"wordCount\":1228,\"commentCount\":0,\"publisher\":{\"@id\":\"https:\\\/\\\/cj.estrategia.com\\\/portal\\\/#organization\"},\"image\":{\"@id\":\"https:\\\/\\\/cj.estrategia.com\\\/portal\\\/herdeiras-silvio-santos-afastam-itcmd-17-milhoes\\\/#primaryimage\"},\"thumbnailUrl\":\"https:\\\/\\\/cj.estrategia.com\\\/portal\\\/wp-content\\\/uploads\\\/2025\\\/01\\\/11215431\\\/unnamed.png\",\"keywords\":[\"an\u00e1lise jur\u00eddica\",\"direito tribut\u00e1rio\",\"itcmd\",\"reforma tribut\u00e1ria\",\"Silvio Santos\"],\"articleSection\":[\"Carreiras Jur\u00eddicas\"],\"inLanguage\":\"pt-BR\",\"potentialAction\":[{\"@type\":\"CommentAction\",\"name\":\"Comment\",\"target\":[\"https:\\\/\\\/cj.estrategia.com\\\/portal\\\/herdeiras-silvio-santos-afastam-itcmd-17-milhoes\\\/#respond\"]}]},{\"@type\":\"WebPage\",\"@id\":\"https:\\\/\\\/cj.estrategia.com\\\/portal\\\/herdeiras-silvio-santos-afastam-itcmd-17-milhoes\\\/\",\"url\":\"https:\\\/\\\/cj.estrategia.com\\\/portal\\\/herdeiras-silvio-santos-afastam-itcmd-17-milhoes\\\/\",\"name\":\"Herdeiras de S\u00edlvio Santos afastam ITCMD de R$ 17 milh\u00f5es\",\"isPartOf\":{\"@id\":\"https:\\\/\\\/cj.estrategia.com\\\/portal\\\/#website\"},\"primaryImageOfPage\":{\"@id\":\"https:\\\/\\\/cj.estrategia.com\\\/portal\\\/herdeiras-silvio-santos-afastam-itcmd-17-milhoes\\\/#primaryimage\"},\"image\":{\"@id\":\"https:\\\/\\\/cj.estrategia.com\\\/portal\\\/herdeiras-silvio-santos-afastam-itcmd-17-milhoes\\\/#primaryimage\"},\"thumbnailUrl\":\"https:\\\/\\\/cj.estrategia.com\\\/portal\\\/wp-content\\\/uploads\\\/2025\\\/01\\\/11215431\\\/unnamed.png\",\"datePublished\":\"2025-01-12T00:52:55+00:00\",\"dateModified\":\"2025-01-12T00:55:49+00:00\",\"description\":\"Saiba como as herdeiras de S\u00edlvio Santos afastaram a cobran\u00e7a de R$ 17 milh\u00f5es em ITCMD, analisando os aspectos jur\u00eddicos do caso.\",\"breadcrumb\":{\"@id\":\"https:\\\/\\\/cj.estrategia.com\\\/portal\\\/herdeiras-silvio-santos-afastam-itcmd-17-milhoes\\\/#breadcrumb\"},\"inLanguage\":\"pt-BR\",\"potentialAction\":[{\"@type\":\"ReadAction\",\"target\":[\"https:\\\/\\\/cj.estrategia.com\\\/portal\\\/herdeiras-silvio-santos-afastam-itcmd-17-milhoes\\\/\"]}]},{\"@type\":\"ImageObject\",\"inLanguage\":\"pt-BR\",\"@id\":\"https:\\\/\\\/cj.estrategia.com\\\/portal\\\/herdeiras-silvio-santos-afastam-itcmd-17-milhoes\\\/#primaryimage\",\"url\":\"https:\\\/\\\/cj.estrategia.com\\\/portal\\\/wp-content\\\/uploads\\\/2025\\\/01\\\/11215431\\\/unnamed.png\",\"contentUrl\":\"https:\\\/\\\/cj.estrategia.com\\\/portal\\\/wp-content\\\/uploads\\\/2025\\\/01\\\/11215431\\\/unnamed.png\",\"width\":1301,\"height\":731},{\"@type\":\"BreadcrumbList\",\"@id\":\"https:\\\/\\\/cj.estrategia.com\\\/portal\\\/herdeiras-silvio-santos-afastam-itcmd-17-milhoes\\\/#breadcrumb\",\"itemListElement\":[{\"@type\":\"ListItem\",\"position\":1,\"name\":\"In\u00edcio\",\"item\":\"https:\\\/\\\/cj.estrategia.com\\\/portal\\\/\"},{\"@type\":\"ListItem\",\"position\":2,\"name\":\"Herdeiras de S\u00edlvio Santos afastam ITCMD de R$ 17 milh\u00f5es &#8211; An\u00e1lise Jur\u00eddica\"}]},{\"@type\":\"WebSite\",\"@id\":\"https:\\\/\\\/cj.estrategia.com\\\/portal\\\/#website\",\"url\":\"https:\\\/\\\/cj.estrategia.com\\\/portal\\\/\",\"name\":\"Blog - Carreiras Jur\u00eddicas - Estrat\u00e9gia\",\"description\":\"\",\"publisher\":{\"@id\":\"https:\\\/\\\/cj.estrategia.com\\\/portal\\\/#organization\"},\"potentialAction\":[{\"@type\":\"SearchAction\",\"target\":{\"@type\":\"EntryPoint\",\"urlTemplate\":\"https:\\\/\\\/cj.estrategia.com\\\/portal\\\/?s={search_term_string}\"},\"query-input\":{\"@type\":\"PropertyValueSpecification\",\"valueRequired\":true,\"valueName\":\"search_term_string\"}}],\"inLanguage\":\"pt-BR\"},{\"@type\":\"Organization\",\"@id\":\"https:\\\/\\\/cj.estrategia.com\\\/portal\\\/#organization\",\"name\":\"Estrat\u00e9gia - Carreiras Jur\u00eddicas\",\"url\":\"https:\\\/\\\/cj.estrategia.com\\\/portal\\\/\",\"logo\":{\"@type\":\"ImageObject\",\"inLanguage\":\"pt-BR\",\"@id\":\"https:\\\/\\\/cj.estrategia.com\\\/portal\\\/#\\\/schema\\\/logo\\\/image\\\/\",\"url\":\"https:\\\/\\\/cj.estrategia.com\\\/portal\\\/wp-content\\\/uploads\\\/2022\\\/03\\\/11151052\\\/cj-logo.png\",\"contentUrl\":\"https:\\\/\\\/cj.estrategia.com\\\/portal\\\/wp-content\\\/uploads\\\/2022\\\/03\\\/11151052\\\/cj-logo.png\",\"width\":150,\"height\":39,\"caption\":\"Estrat\u00e9gia - Carreiras Jur\u00eddicas\"},\"image\":{\"@id\":\"https:\\\/\\\/cj.estrategia.com\\\/portal\\\/#\\\/schema\\\/logo\\\/image\\\/\"},\"sameAs\":[\"https:\\\/\\\/www.facebook.com\\\/estrategiacarreirajuridica\\\/\",\"https:\\\/\\\/x.com\\\/EstratJuridica\",\"https:\\\/\\\/www.instagram.com\\\/estrategiacarreirajuridica\\\/\",\"https:\\\/\\\/www.youtube.com\\\/channel\\\/UClbMGuYbj2Mh1m3w144ETWQ\"]},{\"@type\":\"Person\",\"@id\":\"https:\\\/\\\/cj.estrategia.com\\\/portal\\\/#\\\/schema\\\/person\\\/b5b0253b269d7130d1f7770b1ba29285\",\"name\":\"Felipe Duque\",\"image\":{\"@type\":\"ImageObject\",\"inLanguage\":\"pt-BR\",\"@id\":\"https:\\\/\\\/cj.estrategia.com\\\/portal\\\/wp-content\\\/uploads\\\/2024\\\/08\\\/06162009\\\/Captura-de-Tela-2024-08-06-as-16.19.26-96x96.png\",\"url\":\"https:\\\/\\\/cj.estrategia.com\\\/portal\\\/wp-content\\\/uploads\\\/2024\\\/08\\\/06162009\\\/Captura-de-Tela-2024-08-06-as-16.19.26-96x96.png\",\"contentUrl\":\"https:\\\/\\\/cj.estrategia.com\\\/portal\\\/wp-content\\\/uploads\\\/2024\\\/08\\\/06162009\\\/Captura-de-Tela-2024-08-06-as-16.19.26-96x96.png\",\"caption\":\"Felipe Duque\"},\"description\":\"Felipe Duque - Mestre em Direito Pol\u00edtico e Econ\u00f4mico na Mackenzie-SP. Graduado em Direito pela Universidade Cat\u00f3lica de Pernambuco, com conclus\u00e3o pelo regime de Aproveitamento Extraordin\u00e1rio nos Estudos (art. 47, \u00a7 2\u00ba, da Lei n\u00ba 9.394\\\/96). Ex-Assessor de Desembargador no TJPE. Procurador da Fazenda Nacional. Integra voluntariamente a Coordena\u00e7\u00e3o de Assuntos Estrat\u00e9gicos Judiciais da PGFN. Professor do Estrat\u00e9gia Carreira Jur\u00eddica, Estrat\u00e9gia OAB e Buscador Dizer o Direito. Autor do livro \u201cReforma Tribut\u00e1ria Comentada e Esquematizada\u201d, \\\"Manual de Processo Tribut\u00e1rio: Administrativo e Judicial\\\" pela editora Juspodivm Parecerista na Revista de Estudos Jur\u00eddicos do Superior Tribunal de Justi\u00e7a (REJuriSTJ)\",\"sameAs\":[\"http:\\\/\\\/lattes.cnpq.br\\\/5755137268084324\",\"https:\\\/\\\/www.instagram.com\\\/felipe_duque\\\/\",\"https:\\\/\\\/br.linkedin.com\\\/in\\\/felipe-duque-56954638\",\"https:\\\/\\\/x.com\\\/https:\\\/\\\/x.com\\\/ProfessorDuque\",\"https:\\\/\\\/www.youtube.com\\\/@felipeduque-experienciasco5797\"],\"url\":\"https:\\\/\\\/cj.estrategia.com\\\/portal\\\/author\\\/felipe-duque\\\/\"}]}<\/script>\n<!-- \/ Yoast SEO Premium plugin. -->","yoast_head_json":{"title":"Herdeiras de S\u00edlvio Santos afastam ITCMD de R$ 17 milh\u00f5es","description":"Saiba como as herdeiras de S\u00edlvio Santos afastaram a cobran\u00e7a de R$ 17 milh\u00f5es em ITCMD, analisando os aspectos jur\u00eddicos do caso.","robots":{"index":"index","follow":"follow","max-snippet":"max-snippet:-1","max-image-preview":"max-image-preview:large","max-video-preview":"max-video-preview:-1"},"canonical":"https:\/\/cj.estrategia.com\/portal\/herdeiras-silvio-santos-afastam-itcmd-17-milhoes\/","og_locale":"pt_BR","og_type":"article","og_title":"Herdeiras de S\u00edlvio Santos afastam ITCMD de R$ 17 milh\u00f5es - An\u00e1lise Jur\u00eddica","og_description":"Saiba como as herdeiras de S\u00edlvio Santos afastaram a cobran\u00e7a de R$ 17 milh\u00f5es em ITCMD, analisando os aspectos jur\u00eddicos do caso.","og_url":"https:\/\/cj.estrategia.com\/portal\/herdeiras-silvio-santos-afastam-itcmd-17-milhoes\/","og_site_name":"Blog - Carreiras Jur\u00eddicas - Estrat\u00e9gia","article_publisher":"https:\/\/www.facebook.com\/estrategiacarreirajuridica\/","article_published_time":"2025-01-12T00:52:55+00:00","article_modified_time":"2025-01-12T00:55:49+00:00","og_image":[{"width":1301,"height":731,"url":"https:\/\/cj.estrategia.com\/portal\/wp-content\/uploads\/2025\/01\/11215431\/unnamed.png","type":"image\/png"}],"author":"Felipe Duque","twitter_card":"summary_large_image","twitter_creator":"@https:\/\/x.com\/ProfessorDuque","twitter_site":"@EstratJuridica","twitter_misc":{"Escrito por":"Felipe Duque","Est. tempo de leitura":"7 minutos"},"schema":{"@context":"https:\/\/schema.org","@graph":[{"@type":"NewsArticle","@id":"https:\/\/cj.estrategia.com\/portal\/herdeiras-silvio-santos-afastam-itcmd-17-milhoes\/#article","isPartOf":{"@id":"https:\/\/cj.estrategia.com\/portal\/herdeiras-silvio-santos-afastam-itcmd-17-milhoes\/"},"author":{"name":"Felipe Duque","@id":"https:\/\/cj.estrategia.com\/portal\/#\/schema\/person\/b5b0253b269d7130d1f7770b1ba29285"},"headline":"Herdeiras de S\u00edlvio Santos afastam ITCMD de R$ 17 milh\u00f5es &#8211; An\u00e1lise Jur\u00eddica","datePublished":"2025-01-12T00:52:55+00:00","dateModified":"2025-01-12T00:55:49+00:00","mainEntityOfPage":{"@id":"https:\/\/cj.estrategia.com\/portal\/herdeiras-silvio-santos-afastam-itcmd-17-milhoes\/"},"wordCount":1228,"commentCount":0,"publisher":{"@id":"https:\/\/cj.estrategia.com\/portal\/#organization"},"image":{"@id":"https:\/\/cj.estrategia.com\/portal\/herdeiras-silvio-santos-afastam-itcmd-17-milhoes\/#primaryimage"},"thumbnailUrl":"https:\/\/cj.estrategia.com\/portal\/wp-content\/uploads\/2025\/01\/11215431\/unnamed.png","keywords":["an\u00e1lise jur\u00eddica","direito tribut\u00e1rio","itcmd","reforma tribut\u00e1ria","Silvio Santos"],"articleSection":["Carreiras Jur\u00eddicas"],"inLanguage":"pt-BR","potentialAction":[{"@type":"CommentAction","name":"Comment","target":["https:\/\/cj.estrategia.com\/portal\/herdeiras-silvio-santos-afastam-itcmd-17-milhoes\/#respond"]}]},{"@type":"WebPage","@id":"https:\/\/cj.estrategia.com\/portal\/herdeiras-silvio-santos-afastam-itcmd-17-milhoes\/","url":"https:\/\/cj.estrategia.com\/portal\/herdeiras-silvio-santos-afastam-itcmd-17-milhoes\/","name":"Herdeiras de S\u00edlvio Santos afastam ITCMD de R$ 17 milh\u00f5es","isPartOf":{"@id":"https:\/\/cj.estrategia.com\/portal\/#website"},"primaryImageOfPage":{"@id":"https:\/\/cj.estrategia.com\/portal\/herdeiras-silvio-santos-afastam-itcmd-17-milhoes\/#primaryimage"},"image":{"@id":"https:\/\/cj.estrategia.com\/portal\/herdeiras-silvio-santos-afastam-itcmd-17-milhoes\/#primaryimage"},"thumbnailUrl":"https:\/\/cj.estrategia.com\/portal\/wp-content\/uploads\/2025\/01\/11215431\/unnamed.png","datePublished":"2025-01-12T00:52:55+00:00","dateModified":"2025-01-12T00:55:49+00:00","description":"Saiba como as herdeiras de S\u00edlvio Santos afastaram a cobran\u00e7a de R$ 17 milh\u00f5es em ITCMD, analisando os aspectos jur\u00eddicos do caso.","breadcrumb":{"@id":"https:\/\/cj.estrategia.com\/portal\/herdeiras-silvio-santos-afastam-itcmd-17-milhoes\/#breadcrumb"},"inLanguage":"pt-BR","potentialAction":[{"@type":"ReadAction","target":["https:\/\/cj.estrategia.com\/portal\/herdeiras-silvio-santos-afastam-itcmd-17-milhoes\/"]}]},{"@type":"ImageObject","inLanguage":"pt-BR","@id":"https:\/\/cj.estrategia.com\/portal\/herdeiras-silvio-santos-afastam-itcmd-17-milhoes\/#primaryimage","url":"https:\/\/cj.estrategia.com\/portal\/wp-content\/uploads\/2025\/01\/11215431\/unnamed.png","contentUrl":"https:\/\/cj.estrategia.com\/portal\/wp-content\/uploads\/2025\/01\/11215431\/unnamed.png","width":1301,"height":731},{"@type":"BreadcrumbList","@id":"https:\/\/cj.estrategia.com\/portal\/herdeiras-silvio-santos-afastam-itcmd-17-milhoes\/#breadcrumb","itemListElement":[{"@type":"ListItem","position":1,"name":"In\u00edcio","item":"https:\/\/cj.estrategia.com\/portal\/"},{"@type":"ListItem","position":2,"name":"Herdeiras de S\u00edlvio Santos afastam ITCMD de R$ 17 milh\u00f5es &#8211; An\u00e1lise Jur\u00eddica"}]},{"@type":"WebSite","@id":"https:\/\/cj.estrategia.com\/portal\/#website","url":"https:\/\/cj.estrategia.com\/portal\/","name":"Blog - Carreiras Jur\u00eddicas - Estrat\u00e9gia","description":"","publisher":{"@id":"https:\/\/cj.estrategia.com\/portal\/#organization"},"potentialAction":[{"@type":"SearchAction","target":{"@type":"EntryPoint","urlTemplate":"https:\/\/cj.estrategia.com\/portal\/?s={search_term_string}"},"query-input":{"@type":"PropertyValueSpecification","valueRequired":true,"valueName":"search_term_string"}}],"inLanguage":"pt-BR"},{"@type":"Organization","@id":"https:\/\/cj.estrategia.com\/portal\/#organization","name":"Estrat\u00e9gia - Carreiras Jur\u00eddicas","url":"https:\/\/cj.estrategia.com\/portal\/","logo":{"@type":"ImageObject","inLanguage":"pt-BR","@id":"https:\/\/cj.estrategia.com\/portal\/#\/schema\/logo\/image\/","url":"https:\/\/cj.estrategia.com\/portal\/wp-content\/uploads\/2022\/03\/11151052\/cj-logo.png","contentUrl":"https:\/\/cj.estrategia.com\/portal\/wp-content\/uploads\/2022\/03\/11151052\/cj-logo.png","width":150,"height":39,"caption":"Estrat\u00e9gia - Carreiras Jur\u00eddicas"},"image":{"@id":"https:\/\/cj.estrategia.com\/portal\/#\/schema\/logo\/image\/"},"sameAs":["https:\/\/www.facebook.com\/estrategiacarreirajuridica\/","https:\/\/x.com\/EstratJuridica","https:\/\/www.instagram.com\/estrategiacarreirajuridica\/","https:\/\/www.youtube.com\/channel\/UClbMGuYbj2Mh1m3w144ETWQ"]},{"@type":"Person","@id":"https:\/\/cj.estrategia.com\/portal\/#\/schema\/person\/b5b0253b269d7130d1f7770b1ba29285","name":"Felipe Duque","image":{"@type":"ImageObject","inLanguage":"pt-BR","@id":"https:\/\/cj.estrategia.com\/portal\/wp-content\/uploads\/2024\/08\/06162009\/Captura-de-Tela-2024-08-06-as-16.19.26-96x96.png","url":"https:\/\/cj.estrategia.com\/portal\/wp-content\/uploads\/2024\/08\/06162009\/Captura-de-Tela-2024-08-06-as-16.19.26-96x96.png","contentUrl":"https:\/\/cj.estrategia.com\/portal\/wp-content\/uploads\/2024\/08\/06162009\/Captura-de-Tela-2024-08-06-as-16.19.26-96x96.png","caption":"Felipe Duque"},"description":"Felipe Duque - Mestre em Direito Pol\u00edtico e Econ\u00f4mico na Mackenzie-SP. Graduado em Direito pela Universidade Cat\u00f3lica de Pernambuco, com conclus\u00e3o pelo regime de Aproveitamento Extraordin\u00e1rio nos Estudos (art. 47, \u00a7 2\u00ba, da Lei n\u00ba 9.394\/96). Ex-Assessor de Desembargador no TJPE. Procurador da Fazenda Nacional. Integra voluntariamente a Coordena\u00e7\u00e3o de Assuntos Estrat\u00e9gicos Judiciais da PGFN. Professor do Estrat\u00e9gia Carreira Jur\u00eddica, Estrat\u00e9gia OAB e Buscador Dizer o Direito. Autor do livro \u201cReforma Tribut\u00e1ria Comentada e Esquematizada\u201d, \"Manual de Processo Tribut\u00e1rio: Administrativo e Judicial\" pela editora Juspodivm Parecerista na Revista de Estudos Jur\u00eddicos do Superior Tribunal de Justi\u00e7a (REJuriSTJ)","sameAs":["http:\/\/lattes.cnpq.br\/5755137268084324","https:\/\/www.instagram.com\/felipe_duque\/","https:\/\/br.linkedin.com\/in\/felipe-duque-56954638","https:\/\/x.com\/https:\/\/x.com\/ProfessorDuque","https:\/\/www.youtube.com\/@felipeduque-experienciasco5797"],"url":"https:\/\/cj.estrategia.com\/portal\/author\/felipe-duque\/"}]}},"jetpack_featured_media_url":"https:\/\/cj.estrategia.com\/portal\/wp-content\/uploads\/2025\/01\/11215431\/unnamed.png","jetpack_sharing_enabled":true,"_links":{"self":[{"href":"https:\/\/cj.estrategia.com\/portal\/wp-json\/wp\/v2\/posts\/90490","targetHints":{"allow":["GET"]}}],"collection":[{"href":"https:\/\/cj.estrategia.com\/portal\/wp-json\/wp\/v2\/posts"}],"about":[{"href":"https:\/\/cj.estrategia.com\/portal\/wp-json\/wp\/v2\/types\/post"}],"author":[{"embeddable":true,"href":"https:\/\/cj.estrategia.com\/portal\/wp-json\/wp\/v2\/users\/93"}],"replies":[{"embeddable":true,"href":"https:\/\/cj.estrategia.com\/portal\/wp-json\/wp\/v2\/comments?post=90490"}],"version-history":[{"count":31,"href":"https:\/\/cj.estrategia.com\/portal\/wp-json\/wp\/v2\/posts\/90490\/revisions"}],"predecessor-version":[{"id":106656,"href":"https:\/\/cj.estrategia.com\/portal\/wp-json\/wp\/v2\/posts\/90490\/revisions\/106656"}],"wp:featuredmedia":[{"embeddable":true,"href":"https:\/\/cj.estrategia.com\/portal\/wp-json\/wp\/v2\/media\/90522"}],"wp:attachment":[{"href":"https:\/\/cj.estrategia.com\/portal\/wp-json\/wp\/v2\/media?parent=90490"}],"wp:term":[{"taxonomy":"category","embeddable":true,"href":"https:\/\/cj.estrategia.com\/portal\/wp-json\/wp\/v2\/categories?post=90490"},{"taxonomy":"post_tag","embeddable":true,"href":"https:\/\/cj.estrategia.com\/portal\/wp-json\/wp\/v2\/tags?post=90490"},{"taxonomy":"tax_estado","embeddable":true,"href":"https:\/\/cj.estrategia.com\/portal\/wp-json\/wp\/v2\/tax_estado?post=90490"}],"curies":[{"name":"wp","href":"https:\/\/api.w.org\/{rel}","templated":true}]}}