{"id":90352,"date":"2025-01-11T19:12:51","date_gmt":"2025-01-11T22:12:51","guid":{"rendered":"https:\/\/cj.estrategia.com\/portal\/?p=90352"},"modified":"2025-01-15T17:55:49","modified_gmt":"2025-01-15T20:55:49","slug":"pix-tributado-receita-federal","status":"publish","type":"post","link":"https:\/\/cj.estrategia.com\/portal\/pix-tributado-receita-federal\/","title":{"rendered":"PIX ser\u00e1 \u201ctributado\u201d pela Receita Federal em 2025? &#8211; An\u00e1lise Jur\u00eddica"},"content":{"rendered":"\n<p><em>Entenda neste artigo as mudan\u00e7as na fiscaliza\u00e7\u00e3o do PIX pela Receita em 2025 com a nova Instru\u00e7\u00e3o Normativa 2219\/2024.<\/em><\/p>\n\n\n\n<figure class=\"wp-block-image size-full\"><img decoding=\"async\" width=\"925\" height=\"513\" src=\"https:\/\/cj.estrategia.com\/portal\/wp-content\/uploads\/2025\/01\/11163602\/pix.png\" alt=\"PIX \" class=\"wp-image-90364\" srcset=\"https:\/\/cj.estrategia.com\/portal\/wp-content\/uploads\/2025\/01\/11163602\/pix.png 925w, https:\/\/cj.estrategia.com\/portal\/wp-content\/uploads\/2025\/01\/11163602\/pix-300x166.png 300w, https:\/\/cj.estrategia.com\/portal\/wp-content\/uploads\/2025\/01\/11163602\/pix-768x426.png 768w, https:\/\/cj.estrategia.com\/portal\/wp-content\/uploads\/2025\/01\/11163602\/pix-380x211.png 380w, https:\/\/cj.estrategia.com\/portal\/wp-content\/uploads\/2025\/01\/11163602\/pix-800x444.png 800w, https:\/\/cj.estrategia.com\/portal\/wp-content\/uploads\/2025\/01\/11163602\/pix-150x83.png 150w\" sizes=\"(max-width: 925px) 100vw, 925px\" \/><\/figure>\n\n\n\n<p>As not\u00edcias infelizmente distorcem os fatos. V\u00e1rias vezes isso acontece. Entretanto, vamos esclarecer do ponto de vista do Direito Tribut\u00e1rio o que foi que aconteceu&#8230;pois, no fundo, o Governo foi v\u00edtima de uma ampla desinforma\u00e7\u00e3o sobre o tema. N\u00e3o ser\u00e1 o seu caso =)<\/p>\n\n\n\n<p>Vale ressaltar que no dia 15\/01\/2024 o Governo Federal resolveu &#8220;revogar&#8221; o que aconteceu abaixo, ou seja, essa explica\u00e7\u00e3o perdera, em tese, o objeto:<\/p>\n\n\n\n<p><a href=\"https:\/\/g1.globo.com\/politica\/noticia\/2025\/01\/15\/receita-vai-revogar-mudanca-nas-regras-de-fiscalizacao-sobre-cartoes-e-pix.ghtml\">https:\/\/g1.globo.com\/politica\/noticia\/2025\/01\/15\/receita-vai-revogar-mudanca-nas-regras-de-fiscalizacao-sobre-cartoes-e-pix.ghtml<\/a><\/p>\n\n\n\n<p>Por\u00e9m, ainda assim, reputo como importante justamente para que voc\u00ea saiba mais sobre obriga\u00e7\u00e3o tribut\u00e1ria acess\u00f3ria, bem como, os motivos de &#8220;fake news&#8221; que levaram o Governo voltar atr\u00e1s na amplia\u00e7\u00e3o dos poderes da Receita Federal.<\/p>\n\n\n\n<p><strong>A manchete \u00e9 a seguinte:<\/strong><\/p>\n\n\n\n<div class=\"wp-block-group is-style-cnvs-block-bg-light has-background\" style=\"background-color:#00e79329\"><div class=\"wp-block-group__inner-container is-layout-constrained wp-block-group-is-layout-constrained\">\n<p>\u201cReceita Federal tributar\u00e1 PIX acima de R$ 5.000,00 para Pessoas F\u00edsicas e R$ 15.000,00 para pessoas jur\u00eddicas\u201d<\/p>\n<\/div><\/div>\n\n\n\n<p>Calma, n\u00e3o \u00e9 nada disso, mas vamos entender com profundidade.&nbsp;<\/p>\n\n\n\n<p>Em s\u00edntese, a Receita Federal do Brasil (RFB) inaugurou em 01\/01\/2025 uma amplia\u00e7\u00e3o de seu poder fiscalizat\u00f3rio sobre as movimenta\u00e7\u00f5es financeiras dos contribuintes.&nbsp;<\/p>\n\n\n\n<p>Por meio da Instru\u00e7\u00e3o Normativa 2219\/2024, o Fisco estabeleceu novos par\u00e2metros de monitoramento que afetam diretamente as transa\u00e7\u00f5es via Pix e cart\u00f5es de cr\u00e9dito.<\/p>\n\n\n\n<h3 class=\"wp-block-heading\" id=\"h-o-que-e-a-instrucao-normativa-2219-2024\" style=\"font-style:normal;font-weight:400\"><span id=\"o-que-e-a-instrucao-normativa-2219-2024\"><strong>O que \u00e9 a instru\u00e7\u00e3o normativa 2219\/2024?<\/strong><\/span><\/h3>\n\n\n\n<p>A Instru\u00e7\u00e3o Normativa disp\u00f5e sobre a <strong>obrigatoriedade de presta\u00e7\u00e3o de informa\u00e7\u00f5es<\/strong> relativas \u00e0s opera\u00e7\u00f5es financeiras de interesse da Secretaria Especial da Receita Federal do Brasil &#8211; RFB.<\/p>\n\n\n\n<p>Em s\u00edntese, ela tem <strong>respaldo em dois fundamentos<\/strong>:<\/p>\n\n\n\n<div class=\"wp-block-group is-style-default\"><div class=\"wp-block-group__inner-container is-layout-constrained wp-block-group-is-layout-constrained\">\n<ul class=\"is-style-cnvs-list-styled-positive wp-block-list\">\n<li>O <strong><mark style=\"background-color:#f8ef8d\" class=\"has-inline-color\">primeiro<\/mark><\/strong>, trata-se da cria\u00e7\u00e3o de uma obriga\u00e7\u00e3o acess\u00f3ria. Para tanto, vamos relembrar o que \u00e9 uma obriga\u00e7\u00e3o acess\u00f3ria pela \u00f3tica do CTN:<\/li>\n<\/ul>\n\n\n\n<pre class=\"wp-block-preformatted\">Art. 113. A obriga\u00e7\u00e3o tribut\u00e1ria \u00e9 principal ou acess\u00f3ria.\n\n\u00a7 2\u00ba A obriga\u00e7\u00e3o acess\u00f3ria decorre da legisla\u00e7\u00e3o tribut\u00e1ria e tem por objeto as presta\u00e7\u00f5es, positivas ou negativas, nela previstas no interesse da arrecada\u00e7\u00e3o ou da fiscaliza\u00e7\u00e3o dos tributos.<\/pre>\n\n\n\n<p>Em outras palavras, obriga\u00e7\u00e3o acess\u00f3ria \u00e9 quando se imp\u00f5e uma obriga\u00e7\u00e3o de fazer ou n\u00e3o fazer mas que seja \u00fatil ao interesse da arrecada\u00e7\u00e3o.<\/p>\n\n\n\n<p>Por exemplo, a Receita Federal pode determinar que os \u201ccart\u00f3rios\u201d comuniquem a elas mesmo sem serem contribuintes de determinado tributo, quais foram as opera\u00e7\u00f5es de compra e venda que aconteceram naquele m\u00eas.<\/p>\n\n\n\n<p>No caso da instru\u00e7\u00e3o normativa 2219\/2024 ela estabelece uma s\u00e9rie de obriga\u00e7\u00f5es, em especial, para institui\u00e7\u00f5es financeiras que comuniquem o Fisco quando aconteceram situa\u00e7\u00f5es que \u201cpodem\u201d configurar algum fato gerador.<\/p>\n<\/div><\/div>\n\n\n\n<div class=\"wp-block-group is-style-default\"><div class=\"wp-block-group__inner-container is-layout-constrained wp-block-group-is-layout-constrained\">\n<ul class=\"is-style-cnvs-list-styled-positive wp-block-list\">\n<li>O <strong><mark style=\"background-color:#f8ef8d\" class=\"has-inline-color\">segundo<\/mark><\/strong> fundamento trata-se no dever de colabora\u00e7\u00e3o com a Administra\u00e7\u00e3o Tribut\u00e1ria, isto porque, n\u00e3o sendo desproporcional, \u00e9 poss\u00edvel que qualquer pessoa que tenha alguma rela\u00e7\u00e3o com o fato gerador, embora n\u00e3o o pratique na condi\u00e7\u00e3o de contribuinte, possa prestar informa\u00e7\u00f5es \u00fateis \u00e0 Administra\u00e7\u00e3o Tribut\u00e1ria.<\/li>\n<\/ul>\n<\/div><\/div>\n\n\n\n<div class=\"wp-block-group is-style-cnvs-block-shadow\"><div class=\"wp-block-group__inner-container is-layout-constrained wp-block-group-is-layout-constrained\">\n<div class=\"wp-block-media-text\" style=\"grid-template-columns:26% auto\"><figure class=\"wp-block-media-text__media\"><img decoding=\"async\" width=\"500\" height=\"500\" src=\"https:\/\/cj.estrategia.com\/portal\/wp-content\/uploads\/2024\/12\/12012141\/Design-sem-nome-2.png\" alt=\"\" class=\"wp-image-86985 size-full\" srcset=\"https:\/\/cj.estrategia.com\/portal\/wp-content\/uploads\/2024\/12\/12012141\/Design-sem-nome-2.png 500w, https:\/\/cj.estrategia.com\/portal\/wp-content\/uploads\/2024\/12\/12012141\/Design-sem-nome-2-300x300.png 300w, https:\/\/cj.estrategia.com\/portal\/wp-content\/uploads\/2024\/12\/12012141\/Design-sem-nome-2-150x150.png 150w, https:\/\/cj.estrategia.com\/portal\/wp-content\/uploads\/2024\/12\/12012141\/Design-sem-nome-2-80x80.png 80w, https:\/\/cj.estrategia.com\/portal\/wp-content\/uploads\/2024\/12\/12012141\/Design-sem-nome-2-380x380.png 380w, https:\/\/cj.estrategia.com\/portal\/wp-content\/uploads\/2024\/12\/12012141\/Design-sem-nome-2-24x24.png 24w, https:\/\/cj.estrategia.com\/portal\/wp-content\/uploads\/2024\/12\/12012141\/Design-sem-nome-2-48x48.png 48w, https:\/\/cj.estrategia.com\/portal\/wp-content\/uploads\/2024\/12\/12012141\/Design-sem-nome-2-96x96.png 96w\" sizes=\"(max-width: 500px) 100vw, 500px\" \/><\/figure><div class=\"wp-block-media-text__content\">\n<h3 class=\"wp-block-heading\" id=\"h-o-que-mudou\" style=\"font-style:normal;font-weight:400\"><span id=\"o-que-mudou\"><strong>O que mudou?<\/strong> <\/span><\/h3>\n\n\n\n<p>Em s\u00edntese, se algu\u00e9m fizer alguma \u201cmovimenta\u00e7\u00e3o financeira\u201d de mais de R$5.000,00 sendo pessoa f\u00edsica e R$15.000,00 sendo pessoa jur\u00eddica (de maneira global no m\u00eas), ser\u00e1 comunicado pela \u201cinstitui\u00e7\u00e3o\u201d \u00e0 Receita Federal.<strong><mark class=\"has-inline-color has-white-color\">&#8211;<\/mark><\/strong><\/p>\n\n\n\n<p><strong><mark class=\"has-inline-color has-white-color\"> PIX<\/mark><\/strong><\/p>\n<\/div><\/div>\n<\/div><\/div>\n\n\n\n<p>Entretanto, vale frisar que antes da nova regra, as informa\u00e7\u00f5es j\u00e1 eram prestadas \u00e0 Receita Federal pelos bancos tradicionais, p\u00fablicos e privados. Agora as operadoras de <strong>cart\u00e3o de cr\u00e9dito<\/strong> e as <strong>institui\u00e7\u00f5es de pagamento<\/strong> tamb\u00e9m ser\u00e3o obrigadas a fornecerem esses dados.<\/p>\n\n\n\n<p>Confira:<\/p>\n\n\n\n<pre class=\"wp-block-preformatted\">Art. 15. As entidades a que se refere o art. 9\u00ba est\u00e3o obrigadas a prestar as informa\u00e7\u00f5es relativas \u00e0s opera\u00e7\u00f5es financeiras mencionadas no art. 10, caput, incisos I, II e VIII a XI, quando o montante global movimentado ou o saldo, em cada m\u00eas, por tipo de opera\u00e7\u00e3o financeira, for superior a:\n\nI - R$ 5.000,00 (cinco mil reais), no caso de pessoas f\u00edsicas; e\n\nII - R$15.000,00 (quinze mil reais), no caso de pessoas jur\u00eddicas.<\/pre>\n\n\n\n<h4 class=\"wp-block-heading\" id=\"h-nao-seria-uma-quebra-de-sigilo-pix\" style=\"font-style:normal;font-weight:400\"><span id=\"nao-seria-uma-quebra-de-sigilo-pix\"><strong>N\u00e3o seria uma quebra de sigilo?<\/strong> <mark class=\"has-inline-color has-white-color\">PIX<\/mark><\/span><\/h4>\n\n\n\n<p><strong><mark class=\"has-inline-color has-vivid-red-color\">N\u00e3o!<\/mark><\/strong><\/p>\n\n\n\n<p>No fundo, o STF j\u00e1 decidiu o tema de maneira an\u00e1loga quando analisou a constitucionalidade do art. 6\u00ba da LC 105\/2001.<\/p>\n\n\n\n<p style=\"font-size:20px\"><strong><mark class=\"has-inline-color has-vivid-red-color\"><em>O STF entendeu que esse repasse das informa\u00e7\u00f5es dos bancos para o Fisco n\u00e3o pode ser chamado&nbsp;de&nbsp;&#8220;quebra&nbsp;de&nbsp;sigilo banc\u00e1rio&#8221;.&nbsp;<\/em><\/mark><\/strong><\/p>\n\n\n\n<p>Isso porque as informa\u00e7\u00f5es s\u00e3o passadas para o Fisco (ex: Receita Federal) em car\u00e1ter sigiloso e permanecem&nbsp;de&nbsp;forma sigilosa na Administra\u00e7\u00e3o Tribut\u00e1ria.&nbsp;<\/p>\n\n\n\n<p>Logo, \u00e9 uma tramita\u00e7\u00e3o sigilosa entre os bancos e o Fisco e, por n\u00e3o ser acess\u00edvel a terceiros, n\u00e3o pode ser considerada viola\u00e7\u00e3o (quebra) do sigilo.<\/p>\n\n\n\n<p>Assim, repito, na vis\u00e3o do STF, o que o art. 6\u00ba da LC 105\/2001 faz n\u00e3o \u00e9 quebra&nbsp;de&nbsp;sigilo banc\u00e1rio, mas somente a \u201ctransfer\u00eancia&nbsp;de&nbsp;sigilo\u201d dos bancos ao Fisco.&nbsp;<\/p>\n\n\n\n<p>Os&nbsp;dados, at\u00e9 ent\u00e3o protegidos pelo sigilo banc\u00e1rio, prosseguem protegidos pelo sigilo fiscal.&nbsp;<\/p>\n\n\n\n<p>Para o STF, o simples fato&nbsp;de&nbsp;o Fisco ter acesso aos&nbsp;dados&nbsp;banc\u00e1rios do contribuinte n\u00e3o viola a garantia do sigilo banc\u00e1rio.&nbsp;<\/p>\n\n\n\n<p>S\u00f3 haver\u00e1 viola\u00e7\u00e3o se esses&nbsp;dados&nbsp;&#8220;vazarem&#8221; para pessoas estranhas ao \u00f3rg\u00e3o fazend\u00e1rio. A\u00ed sim haveria quebra do sigilo banc\u00e1rio por ter sido exposta a intimidade do contribuinte para terceiros.&nbsp;<\/p>\n\n\n\n<p>Em casos&nbsp;de&nbsp;vazamento, a LC 105\/2001 prev\u00ea puni\u00e7\u00f5es ao respons\u00e1vel, que estar\u00e1 sujeito \u00e0 pena&nbsp;de&nbsp;reclus\u00e3o&nbsp;de&nbsp;1 a 4 anos, mais multa, al\u00e9m&nbsp;de&nbsp;responsabiliza\u00e7\u00e3o civil, culminando com a perda do cargo (art. 10).<\/p>\n\n\n\n<div class=\"wp-block-group is-style-cnvs-block-bg-light has-background\" style=\"background-color:#00e79329\"><div class=\"wp-block-group__inner-container is-layout-constrained wp-block-group-is-layout-constrained\">\n<p><strong>As autoridades e os agentes fiscais tribut\u00e1rios da Uni\u00e3o, dos Estados, do Distrito Federal e dos Munic\u00edpios podem requisitar diretamente das&nbsp;institui\u00e7\u00f5es&nbsp;financeiras&nbsp;informa\u00e7\u00f5es sobre as movimenta\u00e7\u00f5es banc\u00e1rias dos contribuintes. Esta possibilidade encontra-se prevista no art. 6\u00ba da LC 105\/2001, que foi considerada constitucional pelo STF. Isso porque esta previs\u00e3o n\u00e3o se caracteriza como &#8220;quebra&#8221;&nbsp;de&nbsp;sigilo banc\u00e1rio, ocorrendo apenas a \u201ctransfer\u00eancia&nbsp;de&nbsp;sigilo\u201d dos bancos ao Fisco.<\/strong><\/p>\n\n\n\n<p><em>STF. Plen\u00e1rio. ADI 2390\/DF, ADI 2386\/DF, ADI 2397\/DF e ADI 2859\/DF, Rel. Min. Dias Toffoli, julgados em 24\/2\/2016 (Info 815).<\/em><\/p>\n\n\n\n<p><em>STF. Plen\u00e1rio. RE 601314\/SP, Rel. Min. Edson Fachin, julgado em 24\/2\/2016 (repercuss\u00e3o geral) (Info 815).<\/em><\/p>\n<\/div><\/div>\n\n\n\n<h4 class=\"wp-block-heading\" id=\"h-as-novas-regras-criam-um-novo-imposto\" style=\"font-style:normal;font-weight:400\"><span id=\"as-novas-regras-criam-um-novo-imposto\"><strong>As novas regras criam um novo imposto?<\/strong><\/span><\/h4>\n\n\n\n<p><strong><mark class=\"has-inline-color has-vivid-red-color\">N\u00e3o! <\/mark><\/strong><\/p>\n\n\n\n<p>O que h\u00e1 \u00e9 apenas um exerc\u00edcio mais rigoroso atrav\u00e9s de uma obriga\u00e7\u00e3o acess\u00f3ria com base no art.113 do CTN e com base no entendimento do STF para que todo tipo de institui\u00e7\u00e3o financeira comunique transa\u00e7\u00f5es realizadas \u00e0 Receita Federal.<\/p>\n\n\n\n<h4 class=\"wp-block-heading\" id=\"h-quem-movimentar-mais-de-r-5-mil-por-mes-tera-problemas-com-a-receita\" style=\"font-style:normal;font-weight:400\"><span id=\"quem-movimentar-mais-de-r5-mil-por-mes-tera-problemas-com-a-receita\"><strong>Quem movimentar mais de R$5 mil por m\u00eas ter\u00e1 problemas com a Receita?<\/strong><\/span><\/h4>\n\n\n\n<p><strong><mark class=\"has-inline-color has-vivid-red-color\">N\u00e3o necessariamente. <\/mark><\/strong><\/p>\n\n\n\n<p>No fundo, a Receita Federal ter\u00e1 os dados e pode investigar as pessoas que, por exemplo, soneguem imposto de renda ou apresentem movimenta\u00e7\u00f5es financeiras at\u00edpicas de acordo com a renda declarada.<\/p>\n\n\n\n<p>Por exemplo, imagine um \u201cinfluencer\u201d que movimenta R$500.000,00 no m\u00eas, mas que n\u00e3o possui nenhuma renda declarada. Com esses dados, ficar\u00e1 mais f\u00e1cil prevenir fraudes e sonega\u00e7\u00f5es.<\/p>\n\n\n\n<h2 class=\"wp-block-heading\" id=\"h-como-o-tema-ja-caiu-em-concursos-pix\" style=\"font-style:normal;font-weight:400\"><span id=\"como-o-tema-ja-caiu-em-concursos-pix\"><strong>Como o tema j\u00e1 caiu em concursos<\/strong><mark class=\"has-inline-color has-white-color\"> &#8211; Pix<\/mark><\/span><\/h2>\n\n\n\n<div class=\"wp-block-group is-style-cnvs-block-bordered\"><div class=\"wp-block-group__inner-container is-layout-constrained wp-block-group-is-layout-constrained\">\n<p><strong>(INSTITUTO AOCP &#8211; 2021 &#8211; C\u00e2mara&nbsp;de&nbsp;Teresina &#8211; PI &#8211; Procurador)<\/strong><\/p>\n\n\n\n<p>\u00c9 inadmiss\u00edvel que o Fisco requisite das&nbsp;institui\u00e7\u00f5es&nbsp;financeiras&nbsp;informa\u00e7\u00f5es banc\u00e1rias sobre os contribuintes sem interven\u00e7\u00e3o do Poder Judici\u00e1rio.<br><br><strong><mark class=\"has-inline-color has-vivid-red-color\">Gabarito: Errado<\/mark><\/strong><\/p>\n\n\n\n<p><strong>(PGM-NATAL-RN &#8211; CESPE &#8211; 2023) <\/strong><\/p>\n\n\n\n<p>A&nbsp;transfer\u00eancia&nbsp;de&nbsp;dados&nbsp;sigilosos das&nbsp;institui\u00e7\u00f5es&nbsp;financeiras&nbsp;para a administra\u00e7\u00e3o tribut\u00e1ria n\u00e3o est\u00e1 condicionada a reserva&nbsp;de&nbsp;jurisdi\u00e7\u00e3o.<\/p>\n\n\n\n<p><strong><mark style=\"color:#007a1a\" class=\"has-inline-color\">Gabarito: Certo<\/mark><\/strong><\/p>\n<\/div><\/div>\n\n\n\n<h2 class=\"wp-block-heading has-text-align-center\" id=\"h-quer-saber-quais-serao-os-proximos-concursos\"><span id=\"quer-saber-quais-serao-os-proximos-concursos\">Quer saber quais ser\u00e3o os pr\u00f3ximos concursos?<\/span><\/h2>\n\n\n\n<p class=\"has-text-align-center\">Confira nossos&nbsp;<a href=\"https:\/\/cj.estrategia.com\/portal\/\" target=\"_blank\" >artigos para Carreiras Jur\u00eddicas<\/a>!<\/p>\n\n\n\n<p class=\"has-text-align-center has-white-color has-pale-cyan-blue-background-color has-text-color has-background has-link-color wp-elements-f3d5123bb0c8e11604d0c8c7f1ea8be8\"><a href=\"https:\/\/www.estrategiaconcursos.com.br\/blog\/concursos-abertos\/\" target=\"_blank\" >Confira os concursos p\u00fablicos abertos<\/a><\/p>\n\n\n\n<p class=\"has-text-align-center has-white-color has-pale-cyan-blue-background-color has-text-color has-background has-link-color wp-elements-726d644a58045568574d2c1541b18807\"><a href=\"https:\/\/cj.estrategia.com\/portal\/concursos-2025-carreiras-juridicas\/\" target=\"_blank\" >Concursos 2025<\/a><\/p>\n","protected":false},"excerpt":{"rendered":"Entenda neste artigo as mudan\u00e7as na fiscaliza\u00e7\u00e3o do PIX pela Receita em 2025 com a nova Instru\u00e7\u00e3o Normativa&hellip;\n","protected":false},"author":93,"featured_media":90364,"comment_status":"open","ping_status":"open","sticky":false,"template":"","format":"standard","meta":{"_jetpack_memberships_contains_paid_content":false,"footnotes":""},"categories":[1],"tags":[336,1775,1511,1776],"tax_estado":[30,31,32,33,34,35,36,37,38,39,40,41,42,43,44,45,46,47,48,49,50,51,52,53,54,55,56,57],"class_list":{"0":"post-90352","1":"post","2":"type-post","3":"status-publish","4":"format-standard","5":"has-post-thumbnail","7":"category-carreiras-juridicas","8":"tag-analise-juridica","9":"tag-instrucao-normativa-2219-2024","10":"tag-receita-federal","11":"tag-tributacao-do-pix","12":"tax_estado-ac","13":"tax_estado-al","14":"tax_estado-am","15":"tax_estado-ap","16":"tax_estado-ba","17":"tax_estado-ce","18":"tax_estado-concursos-federais","19":"tax_estado-df","20":"tax_estado-es","21":"tax_estado-go","22":"tax_estado-ma","23":"tax_estado-mg","24":"tax_estado-ms","25":"tax_estado-mt","26":"tax_estado-pa","27":"tax_estado-pb","28":"tax_estado-pe","29":"tax_estado-pi","30":"tax_estado-pr","31":"tax_estado-rj","32":"tax_estado-rn","33":"tax_estado-ro","34":"tax_estado-rr","35":"tax_estado-rs","36":"tax_estado-sc","37":"tax_estado-se","38":"tax_estado-sp","39":"tax_estado-to"},"acf":[],"yoast_head":"<!-- This site is optimized with the Yoast SEO Premium plugin v27.4 (Yoast SEO v27.4) - https:\/\/yoast.com\/product\/yoast-seo-premium-wordpress\/ -->\n<title>PIX ser\u00e1 \u201ctributado\u201d pela Receita Federal em 2025?<\/title>\n<meta name=\"description\" content=\"Entenda neste artigo as mudan\u00e7as na fiscaliza\u00e7\u00e3o do PIX pela Receita em 2025 com a nova Instru\u00e7\u00e3o Normativa 2219\/2024.\" \/>\n<meta name=\"robots\" content=\"index, follow, max-snippet:-1, max-image-preview:large, max-video-preview:-1\" \/>\n<link rel=\"canonical\" href=\"https:\/\/cj.estrategia.com\/portal\/pix-tributado-receita-federal\/\" \/>\n<meta property=\"og:locale\" content=\"pt_BR\" \/>\n<meta property=\"og:type\" content=\"article\" \/>\n<meta property=\"og:title\" content=\"PIX ser\u00e1 \u201ctributado\u201d pela Receita Federal em 2025? - An\u00e1lise Jur\u00eddica\" \/>\n<meta property=\"og:description\" content=\"Entenda neste artigo as mudan\u00e7as na fiscaliza\u00e7\u00e3o do PIX pela Receita em 2025 com a nova Instru\u00e7\u00e3o Normativa 2219\/2024.\" \/>\n<meta property=\"og:url\" content=\"https:\/\/cj.estrategia.com\/portal\/pix-tributado-receita-federal\/\" \/>\n<meta property=\"og:site_name\" content=\"Blog - Carreiras Jur\u00eddicas - Estrat\u00e9gia\" \/>\n<meta property=\"article:publisher\" content=\"https:\/\/www.facebook.com\/estrategiacarreirajuridica\/\" \/>\n<meta property=\"article:published_time\" content=\"2025-01-11T22:12:51+00:00\" \/>\n<meta property=\"article:modified_time\" content=\"2025-01-15T20:55:49+00:00\" \/>\n<meta property=\"og:image\" content=\"https:\/\/cj.estrategia.com\/portal\/wp-content\/uploads\/2025\/01\/11163602\/pix.png\" \/>\n\t<meta property=\"og:image:width\" content=\"925\" \/>\n\t<meta property=\"og:image:height\" content=\"513\" \/>\n\t<meta property=\"og:image:type\" content=\"image\/png\" \/>\n<meta name=\"author\" content=\"Felipe Duque\" \/>\n<meta name=\"twitter:card\" content=\"summary_large_image\" \/>\n<meta name=\"twitter:creator\" content=\"@https:\/\/x.com\/ProfessorDuque\" \/>\n<meta name=\"twitter:site\" content=\"@EstratJuridica\" \/>\n<meta name=\"twitter:label1\" content=\"Escrito por\" \/>\n\t<meta name=\"twitter:data1\" content=\"Felipe Duque\" \/>\n\t<meta name=\"twitter:label2\" content=\"Est. tempo de leitura\" \/>\n\t<meta name=\"twitter:data2\" content=\"7 minutos\" \/>\n<script type=\"application\/ld+json\" class=\"yoast-schema-graph\">{\"@context\":\"https:\\\/\\\/schema.org\",\"@graph\":[{\"@type\":\"NewsArticle\",\"@id\":\"https:\\\/\\\/cj.estrategia.com\\\/portal\\\/pix-tributado-receita-federal\\\/#article\",\"isPartOf\":{\"@id\":\"https:\\\/\\\/cj.estrategia.com\\\/portal\\\/pix-tributado-receita-federal\\\/\"},\"author\":{\"name\":\"Felipe Duque\",\"@id\":\"https:\\\/\\\/cj.estrategia.com\\\/portal\\\/#\\\/schema\\\/person\\\/b5b0253b269d7130d1f7770b1ba29285\"},\"headline\":\"PIX ser\u00e1 \u201ctributado\u201d pela Receita Federal em 2025? &#8211; An\u00e1lise Jur\u00eddica\",\"datePublished\":\"2025-01-11T22:12:51+00:00\",\"dateModified\":\"2025-01-15T20:55:49+00:00\",\"mainEntityOfPage\":{\"@id\":\"https:\\\/\\\/cj.estrategia.com\\\/portal\\\/pix-tributado-receita-federal\\\/\"},\"wordCount\":1216,\"commentCount\":0,\"publisher\":{\"@id\":\"https:\\\/\\\/cj.estrategia.com\\\/portal\\\/#organization\"},\"image\":{\"@id\":\"https:\\\/\\\/cj.estrategia.com\\\/portal\\\/pix-tributado-receita-federal\\\/#primaryimage\"},\"thumbnailUrl\":\"https:\\\/\\\/cj.estrategia.com\\\/portal\\\/wp-content\\\/uploads\\\/2025\\\/01\\\/11163602\\\/pix.png\",\"keywords\":[\"an\u00e1lise jur\u00eddica\",\"instru\u00e7\u00e3o normativa 2219\\\/2024\",\"receita federal\",\"Tributa\u00e7\u00e3o do PIX\"],\"articleSection\":[\"Carreiras Jur\u00eddicas\"],\"inLanguage\":\"pt-BR\",\"potentialAction\":[{\"@type\":\"CommentAction\",\"name\":\"Comment\",\"target\":[\"https:\\\/\\\/cj.estrategia.com\\\/portal\\\/pix-tributado-receita-federal\\\/#respond\"]}]},{\"@type\":\"WebPage\",\"@id\":\"https:\\\/\\\/cj.estrategia.com\\\/portal\\\/pix-tributado-receita-federal\\\/\",\"url\":\"https:\\\/\\\/cj.estrategia.com\\\/portal\\\/pix-tributado-receita-federal\\\/\",\"name\":\"PIX ser\u00e1 \u201ctributado\u201d pela Receita Federal em 2025?\",\"isPartOf\":{\"@id\":\"https:\\\/\\\/cj.estrategia.com\\\/portal\\\/#website\"},\"primaryImageOfPage\":{\"@id\":\"https:\\\/\\\/cj.estrategia.com\\\/portal\\\/pix-tributado-receita-federal\\\/#primaryimage\"},\"image\":{\"@id\":\"https:\\\/\\\/cj.estrategia.com\\\/portal\\\/pix-tributado-receita-federal\\\/#primaryimage\"},\"thumbnailUrl\":\"https:\\\/\\\/cj.estrategia.com\\\/portal\\\/wp-content\\\/uploads\\\/2025\\\/01\\\/11163602\\\/pix.png\",\"datePublished\":\"2025-01-11T22:12:51+00:00\",\"dateModified\":\"2025-01-15T20:55:49+00:00\",\"description\":\"Entenda neste artigo as mudan\u00e7as na fiscaliza\u00e7\u00e3o do PIX pela Receita em 2025 com a nova Instru\u00e7\u00e3o Normativa 2219\\\/2024.\",\"breadcrumb\":{\"@id\":\"https:\\\/\\\/cj.estrategia.com\\\/portal\\\/pix-tributado-receita-federal\\\/#breadcrumb\"},\"inLanguage\":\"pt-BR\",\"potentialAction\":[{\"@type\":\"ReadAction\",\"target\":[\"https:\\\/\\\/cj.estrategia.com\\\/portal\\\/pix-tributado-receita-federal\\\/\"]}]},{\"@type\":\"ImageObject\",\"inLanguage\":\"pt-BR\",\"@id\":\"https:\\\/\\\/cj.estrategia.com\\\/portal\\\/pix-tributado-receita-federal\\\/#primaryimage\",\"url\":\"https:\\\/\\\/cj.estrategia.com\\\/portal\\\/wp-content\\\/uploads\\\/2025\\\/01\\\/11163602\\\/pix.png\",\"contentUrl\":\"https:\\\/\\\/cj.estrategia.com\\\/portal\\\/wp-content\\\/uploads\\\/2025\\\/01\\\/11163602\\\/pix.png\",\"width\":925,\"height\":513},{\"@type\":\"BreadcrumbList\",\"@id\":\"https:\\\/\\\/cj.estrategia.com\\\/portal\\\/pix-tributado-receita-federal\\\/#breadcrumb\",\"itemListElement\":[{\"@type\":\"ListItem\",\"position\":1,\"name\":\"In\u00edcio\",\"item\":\"https:\\\/\\\/cj.estrategia.com\\\/portal\\\/\"},{\"@type\":\"ListItem\",\"position\":2,\"name\":\"PIX ser\u00e1 \u201ctributado\u201d pela Receita Federal em 2025? &#8211; An\u00e1lise Jur\u00eddica\"}]},{\"@type\":\"WebSite\",\"@id\":\"https:\\\/\\\/cj.estrategia.com\\\/portal\\\/#website\",\"url\":\"https:\\\/\\\/cj.estrategia.com\\\/portal\\\/\",\"name\":\"Blog - Carreiras Jur\u00eddicas - Estrat\u00e9gia\",\"description\":\"\",\"publisher\":{\"@id\":\"https:\\\/\\\/cj.estrategia.com\\\/portal\\\/#organization\"},\"potentialAction\":[{\"@type\":\"SearchAction\",\"target\":{\"@type\":\"EntryPoint\",\"urlTemplate\":\"https:\\\/\\\/cj.estrategia.com\\\/portal\\\/?s={search_term_string}\"},\"query-input\":{\"@type\":\"PropertyValueSpecification\",\"valueRequired\":true,\"valueName\":\"search_term_string\"}}],\"inLanguage\":\"pt-BR\"},{\"@type\":\"Organization\",\"@id\":\"https:\\\/\\\/cj.estrategia.com\\\/portal\\\/#organization\",\"name\":\"Estrat\u00e9gia - Carreiras Jur\u00eddicas\",\"url\":\"https:\\\/\\\/cj.estrategia.com\\\/portal\\\/\",\"logo\":{\"@type\":\"ImageObject\",\"inLanguage\":\"pt-BR\",\"@id\":\"https:\\\/\\\/cj.estrategia.com\\\/portal\\\/#\\\/schema\\\/logo\\\/image\\\/\",\"url\":\"https:\\\/\\\/cj.estrategia.com\\\/portal\\\/wp-content\\\/uploads\\\/2022\\\/03\\\/11151052\\\/cj-logo.png\",\"contentUrl\":\"https:\\\/\\\/cj.estrategia.com\\\/portal\\\/wp-content\\\/uploads\\\/2022\\\/03\\\/11151052\\\/cj-logo.png\",\"width\":150,\"height\":39,\"caption\":\"Estrat\u00e9gia - Carreiras Jur\u00eddicas\"},\"image\":{\"@id\":\"https:\\\/\\\/cj.estrategia.com\\\/portal\\\/#\\\/schema\\\/logo\\\/image\\\/\"},\"sameAs\":[\"https:\\\/\\\/www.facebook.com\\\/estrategiacarreirajuridica\\\/\",\"https:\\\/\\\/x.com\\\/EstratJuridica\",\"https:\\\/\\\/www.instagram.com\\\/estrategiacarreirajuridica\\\/\",\"https:\\\/\\\/www.youtube.com\\\/channel\\\/UClbMGuYbj2Mh1m3w144ETWQ\"]},{\"@type\":\"Person\",\"@id\":\"https:\\\/\\\/cj.estrategia.com\\\/portal\\\/#\\\/schema\\\/person\\\/b5b0253b269d7130d1f7770b1ba29285\",\"name\":\"Felipe Duque\",\"image\":{\"@type\":\"ImageObject\",\"inLanguage\":\"pt-BR\",\"@id\":\"https:\\\/\\\/cj.estrategia.com\\\/portal\\\/wp-content\\\/uploads\\\/2024\\\/08\\\/06162009\\\/Captura-de-Tela-2024-08-06-as-16.19.26-96x96.png\",\"url\":\"https:\\\/\\\/cj.estrategia.com\\\/portal\\\/wp-content\\\/uploads\\\/2024\\\/08\\\/06162009\\\/Captura-de-Tela-2024-08-06-as-16.19.26-96x96.png\",\"contentUrl\":\"https:\\\/\\\/cj.estrategia.com\\\/portal\\\/wp-content\\\/uploads\\\/2024\\\/08\\\/06162009\\\/Captura-de-Tela-2024-08-06-as-16.19.26-96x96.png\",\"caption\":\"Felipe Duque\"},\"description\":\"Felipe Duque - Mestre em Direito Pol\u00edtico e Econ\u00f4mico na Mackenzie-SP. Graduado em Direito pela Universidade Cat\u00f3lica de Pernambuco, com conclus\u00e3o pelo regime de Aproveitamento Extraordin\u00e1rio nos Estudos (art. 47, \u00a7 2\u00ba, da Lei n\u00ba 9.394\\\/96). Ex-Assessor de Desembargador no TJPE. Procurador da Fazenda Nacional. Integra voluntariamente a Coordena\u00e7\u00e3o de Assuntos Estrat\u00e9gicos Judiciais da PGFN. Professor do Estrat\u00e9gia Carreira Jur\u00eddica, Estrat\u00e9gia OAB e Buscador Dizer o Direito. Autor do livro \u201cReforma Tribut\u00e1ria Comentada e Esquematizada\u201d, \\\"Manual de Processo Tribut\u00e1rio: Administrativo e Judicial\\\" pela editora Juspodivm Parecerista na Revista de Estudos Jur\u00eddicos do Superior Tribunal de Justi\u00e7a (REJuriSTJ)\",\"sameAs\":[\"http:\\\/\\\/lattes.cnpq.br\\\/5755137268084324\",\"https:\\\/\\\/www.instagram.com\\\/felipe_duque\\\/\",\"https:\\\/\\\/br.linkedin.com\\\/in\\\/felipe-duque-56954638\",\"https:\\\/\\\/x.com\\\/https:\\\/\\\/x.com\\\/ProfessorDuque\",\"https:\\\/\\\/www.youtube.com\\\/@felipeduque-experienciasco5797\"],\"url\":\"https:\\\/\\\/cj.estrategia.com\\\/portal\\\/author\\\/felipe-duque\\\/\"}]}<\/script>\n<!-- \/ Yoast SEO Premium plugin. -->","yoast_head_json":{"title":"PIX ser\u00e1 \u201ctributado\u201d pela Receita Federal em 2025?","description":"Entenda neste artigo as mudan\u00e7as na fiscaliza\u00e7\u00e3o do PIX pela Receita em 2025 com a nova Instru\u00e7\u00e3o Normativa 2219\/2024.","robots":{"index":"index","follow":"follow","max-snippet":"max-snippet:-1","max-image-preview":"max-image-preview:large","max-video-preview":"max-video-preview:-1"},"canonical":"https:\/\/cj.estrategia.com\/portal\/pix-tributado-receita-federal\/","og_locale":"pt_BR","og_type":"article","og_title":"PIX ser\u00e1 \u201ctributado\u201d pela Receita Federal em 2025? - An\u00e1lise Jur\u00eddica","og_description":"Entenda neste artigo as mudan\u00e7as na fiscaliza\u00e7\u00e3o do PIX pela Receita em 2025 com a nova Instru\u00e7\u00e3o Normativa 2219\/2024.","og_url":"https:\/\/cj.estrategia.com\/portal\/pix-tributado-receita-federal\/","og_site_name":"Blog - Carreiras Jur\u00eddicas - Estrat\u00e9gia","article_publisher":"https:\/\/www.facebook.com\/estrategiacarreirajuridica\/","article_published_time":"2025-01-11T22:12:51+00:00","article_modified_time":"2025-01-15T20:55:49+00:00","og_image":[{"width":925,"height":513,"url":"https:\/\/cj.estrategia.com\/portal\/wp-content\/uploads\/2025\/01\/11163602\/pix.png","type":"image\/png"}],"author":"Felipe Duque","twitter_card":"summary_large_image","twitter_creator":"@https:\/\/x.com\/ProfessorDuque","twitter_site":"@EstratJuridica","twitter_misc":{"Escrito por":"Felipe Duque","Est. tempo de leitura":"7 minutos"},"schema":{"@context":"https:\/\/schema.org","@graph":[{"@type":"NewsArticle","@id":"https:\/\/cj.estrategia.com\/portal\/pix-tributado-receita-federal\/#article","isPartOf":{"@id":"https:\/\/cj.estrategia.com\/portal\/pix-tributado-receita-federal\/"},"author":{"name":"Felipe Duque","@id":"https:\/\/cj.estrategia.com\/portal\/#\/schema\/person\/b5b0253b269d7130d1f7770b1ba29285"},"headline":"PIX ser\u00e1 \u201ctributado\u201d pela Receita Federal em 2025? &#8211; An\u00e1lise Jur\u00eddica","datePublished":"2025-01-11T22:12:51+00:00","dateModified":"2025-01-15T20:55:49+00:00","mainEntityOfPage":{"@id":"https:\/\/cj.estrategia.com\/portal\/pix-tributado-receita-federal\/"},"wordCount":1216,"commentCount":0,"publisher":{"@id":"https:\/\/cj.estrategia.com\/portal\/#organization"},"image":{"@id":"https:\/\/cj.estrategia.com\/portal\/pix-tributado-receita-federal\/#primaryimage"},"thumbnailUrl":"https:\/\/cj.estrategia.com\/portal\/wp-content\/uploads\/2025\/01\/11163602\/pix.png","keywords":["an\u00e1lise jur\u00eddica","instru\u00e7\u00e3o normativa 2219\/2024","receita federal","Tributa\u00e7\u00e3o do PIX"],"articleSection":["Carreiras Jur\u00eddicas"],"inLanguage":"pt-BR","potentialAction":[{"@type":"CommentAction","name":"Comment","target":["https:\/\/cj.estrategia.com\/portal\/pix-tributado-receita-federal\/#respond"]}]},{"@type":"WebPage","@id":"https:\/\/cj.estrategia.com\/portal\/pix-tributado-receita-federal\/","url":"https:\/\/cj.estrategia.com\/portal\/pix-tributado-receita-federal\/","name":"PIX ser\u00e1 \u201ctributado\u201d pela Receita Federal em 2025?","isPartOf":{"@id":"https:\/\/cj.estrategia.com\/portal\/#website"},"primaryImageOfPage":{"@id":"https:\/\/cj.estrategia.com\/portal\/pix-tributado-receita-federal\/#primaryimage"},"image":{"@id":"https:\/\/cj.estrategia.com\/portal\/pix-tributado-receita-federal\/#primaryimage"},"thumbnailUrl":"https:\/\/cj.estrategia.com\/portal\/wp-content\/uploads\/2025\/01\/11163602\/pix.png","datePublished":"2025-01-11T22:12:51+00:00","dateModified":"2025-01-15T20:55:49+00:00","description":"Entenda neste artigo as mudan\u00e7as na fiscaliza\u00e7\u00e3o do PIX pela Receita em 2025 com a nova Instru\u00e7\u00e3o Normativa 2219\/2024.","breadcrumb":{"@id":"https:\/\/cj.estrategia.com\/portal\/pix-tributado-receita-federal\/#breadcrumb"},"inLanguage":"pt-BR","potentialAction":[{"@type":"ReadAction","target":["https:\/\/cj.estrategia.com\/portal\/pix-tributado-receita-federal\/"]}]},{"@type":"ImageObject","inLanguage":"pt-BR","@id":"https:\/\/cj.estrategia.com\/portal\/pix-tributado-receita-federal\/#primaryimage","url":"https:\/\/cj.estrategia.com\/portal\/wp-content\/uploads\/2025\/01\/11163602\/pix.png","contentUrl":"https:\/\/cj.estrategia.com\/portal\/wp-content\/uploads\/2025\/01\/11163602\/pix.png","width":925,"height":513},{"@type":"BreadcrumbList","@id":"https:\/\/cj.estrategia.com\/portal\/pix-tributado-receita-federal\/#breadcrumb","itemListElement":[{"@type":"ListItem","position":1,"name":"In\u00edcio","item":"https:\/\/cj.estrategia.com\/portal\/"},{"@type":"ListItem","position":2,"name":"PIX ser\u00e1 \u201ctributado\u201d pela Receita Federal em 2025? &#8211; An\u00e1lise Jur\u00eddica"}]},{"@type":"WebSite","@id":"https:\/\/cj.estrategia.com\/portal\/#website","url":"https:\/\/cj.estrategia.com\/portal\/","name":"Blog - Carreiras Jur\u00eddicas - Estrat\u00e9gia","description":"","publisher":{"@id":"https:\/\/cj.estrategia.com\/portal\/#organization"},"potentialAction":[{"@type":"SearchAction","target":{"@type":"EntryPoint","urlTemplate":"https:\/\/cj.estrategia.com\/portal\/?s={search_term_string}"},"query-input":{"@type":"PropertyValueSpecification","valueRequired":true,"valueName":"search_term_string"}}],"inLanguage":"pt-BR"},{"@type":"Organization","@id":"https:\/\/cj.estrategia.com\/portal\/#organization","name":"Estrat\u00e9gia - Carreiras Jur\u00eddicas","url":"https:\/\/cj.estrategia.com\/portal\/","logo":{"@type":"ImageObject","inLanguage":"pt-BR","@id":"https:\/\/cj.estrategia.com\/portal\/#\/schema\/logo\/image\/","url":"https:\/\/cj.estrategia.com\/portal\/wp-content\/uploads\/2022\/03\/11151052\/cj-logo.png","contentUrl":"https:\/\/cj.estrategia.com\/portal\/wp-content\/uploads\/2022\/03\/11151052\/cj-logo.png","width":150,"height":39,"caption":"Estrat\u00e9gia - Carreiras Jur\u00eddicas"},"image":{"@id":"https:\/\/cj.estrategia.com\/portal\/#\/schema\/logo\/image\/"},"sameAs":["https:\/\/www.facebook.com\/estrategiacarreirajuridica\/","https:\/\/x.com\/EstratJuridica","https:\/\/www.instagram.com\/estrategiacarreirajuridica\/","https:\/\/www.youtube.com\/channel\/UClbMGuYbj2Mh1m3w144ETWQ"]},{"@type":"Person","@id":"https:\/\/cj.estrategia.com\/portal\/#\/schema\/person\/b5b0253b269d7130d1f7770b1ba29285","name":"Felipe Duque","image":{"@type":"ImageObject","inLanguage":"pt-BR","@id":"https:\/\/cj.estrategia.com\/portal\/wp-content\/uploads\/2024\/08\/06162009\/Captura-de-Tela-2024-08-06-as-16.19.26-96x96.png","url":"https:\/\/cj.estrategia.com\/portal\/wp-content\/uploads\/2024\/08\/06162009\/Captura-de-Tela-2024-08-06-as-16.19.26-96x96.png","contentUrl":"https:\/\/cj.estrategia.com\/portal\/wp-content\/uploads\/2024\/08\/06162009\/Captura-de-Tela-2024-08-06-as-16.19.26-96x96.png","caption":"Felipe Duque"},"description":"Felipe Duque - Mestre em Direito Pol\u00edtico e Econ\u00f4mico na Mackenzie-SP. Graduado em Direito pela Universidade Cat\u00f3lica de Pernambuco, com conclus\u00e3o pelo regime de Aproveitamento Extraordin\u00e1rio nos Estudos (art. 47, \u00a7 2\u00ba, da Lei n\u00ba 9.394\/96). Ex-Assessor de Desembargador no TJPE. Procurador da Fazenda Nacional. Integra voluntariamente a Coordena\u00e7\u00e3o de Assuntos Estrat\u00e9gicos Judiciais da PGFN. Professor do Estrat\u00e9gia Carreira Jur\u00eddica, Estrat\u00e9gia OAB e Buscador Dizer o Direito. Autor do livro \u201cReforma Tribut\u00e1ria Comentada e Esquematizada\u201d, \"Manual de Processo Tribut\u00e1rio: Administrativo e Judicial\" pela editora Juspodivm Parecerista na Revista de Estudos Jur\u00eddicos do Superior Tribunal de Justi\u00e7a (REJuriSTJ)","sameAs":["http:\/\/lattes.cnpq.br\/5755137268084324","https:\/\/www.instagram.com\/felipe_duque\/","https:\/\/br.linkedin.com\/in\/felipe-duque-56954638","https:\/\/x.com\/https:\/\/x.com\/ProfessorDuque","https:\/\/www.youtube.com\/@felipeduque-experienciasco5797"],"url":"https:\/\/cj.estrategia.com\/portal\/author\/felipe-duque\/"}]}},"jetpack_featured_media_url":"https:\/\/cj.estrategia.com\/portal\/wp-content\/uploads\/2025\/01\/11163602\/pix.png","jetpack_sharing_enabled":true,"_links":{"self":[{"href":"https:\/\/cj.estrategia.com\/portal\/wp-json\/wp\/v2\/posts\/90352","targetHints":{"allow":["GET"]}}],"collection":[{"href":"https:\/\/cj.estrategia.com\/portal\/wp-json\/wp\/v2\/posts"}],"about":[{"href":"https:\/\/cj.estrategia.com\/portal\/wp-json\/wp\/v2\/types\/post"}],"author":[{"embeddable":true,"href":"https:\/\/cj.estrategia.com\/portal\/wp-json\/wp\/v2\/users\/93"}],"replies":[{"embeddable":true,"href":"https:\/\/cj.estrategia.com\/portal\/wp-json\/wp\/v2\/comments?post=90352"}],"version-history":[{"count":45,"href":"https:\/\/cj.estrategia.com\/portal\/wp-json\/wp\/v2\/posts\/90352\/revisions"}],"predecessor-version":[{"id":91081,"href":"https:\/\/cj.estrategia.com\/portal\/wp-json\/wp\/v2\/posts\/90352\/revisions\/91081"}],"wp:featuredmedia":[{"embeddable":true,"href":"https:\/\/cj.estrategia.com\/portal\/wp-json\/wp\/v2\/media\/90364"}],"wp:attachment":[{"href":"https:\/\/cj.estrategia.com\/portal\/wp-json\/wp\/v2\/media?parent=90352"}],"wp:term":[{"taxonomy":"category","embeddable":true,"href":"https:\/\/cj.estrategia.com\/portal\/wp-json\/wp\/v2\/categories?post=90352"},{"taxonomy":"post_tag","embeddable":true,"href":"https:\/\/cj.estrategia.com\/portal\/wp-json\/wp\/v2\/tags?post=90352"},{"taxonomy":"tax_estado","embeddable":true,"href":"https:\/\/cj.estrategia.com\/portal\/wp-json\/wp\/v2\/tax_estado?post=90352"}],"curies":[{"name":"wp","href":"https:\/\/api.w.org\/{rel}","templated":true}]}}