{"id":90034,"date":"2025-01-09T20:00:56","date_gmt":"2025-01-09T23:00:56","guid":{"rendered":"https:\/\/cj.estrategia.com\/portal\/?p=90034"},"modified":"2025-01-12T08:00:21","modified_gmt":"2025-01-12T11:00:21","slug":"governo-regulamenta-aborto-em-criancas","status":"publish","type":"post","link":"https:\/\/cj.estrategia.com\/portal\/governo-regulamenta-aborto-em-criancas\/","title":{"rendered":"Governo regulamenta aborto em crian\u00e7as"},"content":{"rendered":"\n<p class=\"has-small-font-size\"><strong>* Thiago de Paula Leite \u00e9 procurador do Estado de S\u00e3o Paulo e professor de direito ambiental e agr\u00e1rio do Estrat\u00e9gia.<\/strong><strong><\/strong><\/p>\n\n\n\n<h2 class=\"wp-block-heading\" id=\"h-entenda-o-que-aconteceu\"><span id=\"entenda-o-que-aconteceu\">Entenda o que aconteceu <\/span><\/h2>\n\n\n\n<p>O Governo Federal publicou, no Di\u00e1rio Oficial da Uni\u00e3o, a resolu\u00e7\u00e3o do Conselho Nacional dos Direitos da Crian\u00e7a e do Adolescente, com <strong>orienta\u00e7\u00f5es para o aborto legal em crian\u00e7as e adolescentes<\/strong>&nbsp;(Resolu\u00e7\u00e3o CONANDA n\u00ba 258\/2024).<\/p>\n\n\n\n<p>O curioso \u00e9 que o Minist\u00e9rio dos Direitos Humanos e da Cidadania, do governo Lula, divulgou nota \u00e0 imprensa informando que os representantes do governo votaram contra a resolu\u00e7\u00e3o, o que n\u00e3o impediu sua aprova\u00e7\u00e3o pela maioria dos conselheiros.<\/p>\n\n\n\n<p>A aprova\u00e7\u00e3o da resolu\u00e7\u00e3o aconteceu em 23 de dezembro de 2024. Entretanto, ela foi suspensa por ordem do juiz federal Leonardo Tocchetto Pauperio, que atendeu a um pedido da senadora Damares Alves, ex-ministra no governo Bolsonaro.<\/p>\n\n\n\n<p>Mas o Tribunal Regional Federal da 1\u00aa Regi\u00e3o, em decis\u00e3o do desembargador Ney Bello, decidiu por autorizar a publica\u00e7\u00e3o no DOU com as orienta\u00e7\u00f5es para a interrup\u00e7\u00e3o da gesta\u00e7\u00e3o em crian\u00e7as e adolescentes.<\/p>\n\n\n\n<p>O desembargador ressaltou que a resolu\u00e7\u00e3o \u201c<em>limita-se a cumprir e organizar um direito que j\u00e1 est\u00e1 previsto em lei<\/em>\u201d.<\/p>\n\n\n\n<p>Ainda segundo Ney Bello:<\/p>\n\n\n\n<pre class=\"wp-block-verse\"><em>A resolu\u00e7\u00e3o tem \u201co potencial de <\/em><strong><em><strong>proteger milhares de meninas, v\u00edtimas de viol\u00eancia sexual todos os anos, que sofrem novas viol\u00eancias ao buscar amparo do Estado para proteger seus direitos<\/strong><\/em><\/strong><em>... Uma sociedade em que suas institui\u00e7\u00f5es privilegiam o embate ideol\u00f3gico e suas verdades pr\u00e9-concebidas, sobre a sanidade, a liberdade e prote\u00e7\u00e3o de menores v\u00edtimas de viol\u00eancia <\/em><strong><em><strong>est\u00e1 fadada ao fracasso<\/strong><\/em><\/strong><em>\u00a0enquanto aventura da modernidade racional\u201d.<\/em><\/pre>\n\n\n\n<p>A senadora Damares Alves, ex-ministra da Mulher, Fam\u00edlia e Direitos Humanos do governo Bolsonaro, j\u00e1 se pronunciou, afirmando que ir\u00e1 recorrer da decis\u00e3o na Justi\u00e7a. Ela disse tamb\u00e9m que deve propor um projeto de decreto legislativo para derrubar o ato do executivo.<\/p>\n\n\n\n<p>Disparou a senadora:<\/p>\n\n\n\n<pre class=\"wp-block-verse\"><em>\u201cEu vou continuar essa luta, eu vou recorrer. Eu me sinto leg\u00edtima pra fazer isso. Eu tenho legitimidade para recorrer e para continuar a luta. Eu entendo mais de crian\u00e7a que a CUT (Central \u00danica dos Trabalhadores), que faz parte do Conanda. Eu tenho uma trajet\u00f3ria que me legitima a continuar essa luta\u201d.<\/em><\/pre>\n\n\n\n<p>Recentemente, a Comiss\u00e3o de Constitui\u00e7\u00e3o e Justi\u00e7a da C\u00e2mara aprovou, por 35 votos a favor a 15 votos contr\u00e1rios, uma proposta de Emenda \u00e0 Constitui\u00e7\u00e3o que pro\u00edbe o aborto no Brasil, mesmo nas situa\u00e7\u00f5es j\u00e1 autorizadas em lei ou por decis\u00e3o do Supremo Tribunal Federal (PEC n\u00ba 164\/2012).<\/p>\n\n\n\n<p>A reda\u00e7\u00e3o do artigo 5\u00ba, em caso de aprova\u00e7\u00e3o da PEC, ficaria dessa forma:<\/p>\n\n\n\n<pre class=\"wp-block-preformatted\"><strong><em><strong><em>Art. 5\u00ba. Todos s\u00e3o iguais perante a lei, sem distin\u00e7\u00e3o de qualquer natureza, garantindo-se aos brasileiros e aos estrangeiros residentes no Pa\u00eds a inviolabilidade do direito \u00e0 vida, <mark style=\"background-color:rgba(0, 0, 0, 0)\" class=\"has-inline-color has-vivid-cyan-blue-color\">desde a concep\u00e7\u00e3o<\/mark>, \u00e0 liberdade, \u00e0 igualdade, \u00e0 seguran\u00e7a e \u00e0 propriedade, nos termos seguintes.\u00a0<\/em><\/strong><\/em><\/strong><\/pre>\n\n\n\n<p>Importante ressaltar que a PEC ainda tramita no Congresso Nacional, e encontra muita resist\u00eancia para ser aprovada.<\/p>\n\n\n\n<h3 class=\"wp-block-heading\" id=\"h-efeitos-na-pratica\"><span id=\"efeitos-na-pratica\">Efeitos na pr\u00e1tica<\/span><\/h3>\n\n\n\n<p>Mas, na pr\u00e1tica, em que consiste a Resolu\u00e7\u00e3o CONANDA n\u00ba 258\/2024, que regulamenta o aborto em crian\u00e7as?<\/p>\n\n\n\n<p>De forma objetiva, podemos dizer que a resolu\u00e7\u00e3o viabiliza o processo de interrup\u00e7\u00e3o da gravidez em crian\u00e7as e adolescentes que relatarem gesta\u00e7\u00e3o \u201c<em>resultante de abuso sexual ou em caso de risco de vida da gestante ou anencefalia do feto<\/em>\u201d.<\/p>\n\n\n\n<p>Entre as diretrizes est\u00e1 a prioridade ao desejo da crian\u00e7a ou adolescente em casos de diverg\u00eancia com os respons\u00e1veis legais, com suporte da Defensoria P\u00fablica ou Minist\u00e9rio P\u00fablico.<\/p>\n\n\n\n<p>A norma reafirma a interrup\u00e7\u00e3o legal da gesta\u00e7\u00e3o como um direito humano em casos previstos na legisla\u00e7\u00e3o, como gesta\u00e7\u00e3o decorrente de viol\u00eancia sexual, risco de vida para a gestante ou fetos anenc\u00e9falos.<\/p>\n\n\n\n<h2 class=\"wp-block-heading\" id=\"h-analise-juridica\"><span id=\"analise-juridica\">An\u00e1lise jur\u00eddica<\/span><\/h2>\n\n\n\n<p>Atualmente, no Brasil, o aborto \u00e9 permitido em tr\u00eas hip\u00f3teses:<\/p>\n\n\n<div class=\"wp-block-image\">\n<figure class=\"aligncenter size-full\"><img decoding=\"async\" width=\"371\" height=\"399\" src=\"https:\/\/cj.estrategia.com\/portal\/wp-content\/uploads\/2025\/01\/09191313\/aborto.png\" alt=\"\" class=\"wp-image-90037\" srcset=\"https:\/\/cj.estrategia.com\/portal\/wp-content\/uploads\/2025\/01\/09191313\/aborto.png 371w, https:\/\/cj.estrategia.com\/portal\/wp-content\/uploads\/2025\/01\/09191313\/aborto-279x300.png 279w, https:\/\/cj.estrategia.com\/portal\/wp-content\/uploads\/2025\/01\/09191313\/aborto-150x161.png 150w\" sizes=\"(max-width: 371px) 100vw, 371px\" \/><\/figure>\n<\/div>\n\n\n<p>Para os casos de gravidez de risco e anencefalia, \u00e9 necess\u00e1ria a comprova\u00e7\u00e3o da causa de justifica\u00e7\u00e3o. Tal comprova\u00e7\u00e3o poder\u00e1 ser atrav\u00e9s de um laudo m\u00e9dico, ou um exame de ultrassonografia com diagn\u00f3stico da anencefalia.<\/p>\n\n\n\n<p>E para o caso de estupro n\u00e3o h\u00e1 necessidade de apresenta\u00e7\u00e3o de Boletim de Ocorr\u00eancia ou algum exame que comprove o crime. O relato da v\u00edtima \u00e0 equipe m\u00e9dica \u00e9 suficiente.<\/p>\n\n\n\n<p>O c\u00f3digo penal trata do aborto nos artigos 124 a 128. Vejamos.<\/p>\n\n\n\n<pre class=\"wp-block-preformatted\"><em>CP<\/em>\n\n<em>Art. 124 - Provocar aborto em si mesma ou consentir que outrem lho provoque:<\/em>\n\n<em>Pena - deten\u00e7\u00e3o, de um a tr\u00eas anos.<\/em>\n\n...\n\n<strong><em><strong>Art. 128 - N\u00e3o se pune o aborto praticado por m\u00e9dico:<\/strong><\/em><\/strong>\n\n<strong><em><strong>Aborto necess\u00e1rio<\/strong><\/em><\/strong>\n\n<strong><em><strong>I - se n\u00e3o h\u00e1 outro meio de salvar a vida da gestante;<\/strong><\/em><\/strong>\n\n<strong><em><strong>Aborto no caso de gravidez resultante de estupro<\/strong><\/em><\/strong>\n\n<strong><em><strong>II - se a gravidez resulta de estupro e o aborto \u00e9 precedido de consentimento da gestante ou, quando incapaz, de seu representante legal.<\/strong><\/em><\/strong><\/pre>\n\n\n\n<p>Portanto, o direito positivado prev\u00ea duas hip\u00f3teses permitidas de aborto: risco para a m\u00e3e e gravidez resultante de estupro. A terceira hip\u00f3tese permissiva do aborto decorre de constru\u00e7\u00e3o jurisprudencial do Supremo Tribunal Federal, que, na ADPF 54, declarou inconstitucional interpreta\u00e7\u00e3o de a interrup\u00e7\u00e3o da gravidez de feto anenc\u00e9falo ser conduta tipificada nos artigos 124, 126 e 128, incisos I e II, do C\u00f3digo Penal.<\/p>\n\n\n\n<p>Em geral, a anencefalia impede a vida extrauterina do beb\u00ea, tornando a vida invi\u00e1vel.<\/p>\n\n\n\n<figure class=\"wp-block-pullquote\"><blockquote><p><\/p><cite><mark style=\"background-color:rgba(0, 0, 0, 0)\" class=\"has-inline-color has-vivid-cyan-blue-color\"><em><em>O cerne da discuss\u00e3o na ADPF 54 foi sopesar o aparente conflito entre os interesses daqueles que desejam proteger todos os seres humanos, desde a concep\u00e7\u00e3o, independentemente da condi\u00e7\u00e3o f\u00edsica ou viabilidade de sobreviv\u00eancia, e aqueles que desejam proteger os interesses leg\u00edtimos da mulher em ver respeitada sua dignidade, sua liberdade, sua autodetermina\u00e7\u00e3o, sua sa\u00fade e seus direitos sexuais e reprodutivos<\/em><\/em>.<\/mark><\/cite><\/blockquote><\/figure>\n\n\n\n<p>No final, ficou decidido que \u201c<em>A incolumidade f\u00edsica do feto anenc\u00e9falo, que, se sobreviver ao parto, o ser\u00e1 por poucas horas ou dias, n\u00e3o pode ser preservada a qualquer custo, em detrimento dos direitos b\u00e1sicos da mulher<\/em>\u201d.<\/p>\n\n\n\n<p>O debate acerca do <strong><mark style=\"background-color:rgba(0, 0, 0, 0)\" class=\"has-inline-color has-vivid-red-color\">direito \u00e0 vida x dignidade da mulher<\/mark><\/strong>\u00a0\u00e9 sempre acalorado. Geralmente passa-se por quest\u00f5es religiosas, j\u00e1 que um dos dogmas do cristianismo \u00e9 exatamente a prote\u00e7\u00e3o do direito a vida, o que, para muitos, come\u00e7a com a concep\u00e7\u00e3o, e n\u00e3o com o nascimento, motivo pelo qual a ementa da ADPF 54 come\u00e7a dessa forma:<\/p>\n\n\n\n<h3 class=\"wp-block-heading has-background has-small-font-size\" id=\"h-estado-laicidade-o-brasil-e-uma-republica-laica-surgindo-absolutamente-neutro-quanto-as-religioes-consideracoes\" style=\"background-color:#dddddd\"><span id=\"estado-laicidade-o-brasil-e-uma-republica-laica-surgindo-absolutamente-neutro-quanto-as-religioes-consideracoes\">ESTADO \u2013 LAICIDADE. O Brasil \u00e9 uma rep\u00fablica laica, surgindo absolutamente neutro quanto \u00e0s religi\u00f5es. Considera\u00e7\u00f5es.<\/span><\/h3>\n\n\n\n<p>A resolu\u00e7\u00e3o CONANDA n\u00ba 258\/2024 traz alguns conceitos importantes. Vejamos os principais:<\/p>\n\n\n<div class=\"wp-block-image\">\n<figure class=\"aligncenter size-full\"><img decoding=\"async\" width=\"784\" height=\"213\" src=\"https:\/\/cj.estrategia.com\/portal\/wp-content\/uploads\/2025\/01\/09193525\/interrupcao-gestacao-aborto.png\" alt=\"\" class=\"wp-image-90040\" srcset=\"https:\/\/cj.estrategia.com\/portal\/wp-content\/uploads\/2025\/01\/09193525\/interrupcao-gestacao-aborto.png 784w, https:\/\/cj.estrategia.com\/portal\/wp-content\/uploads\/2025\/01\/09193525\/interrupcao-gestacao-aborto-300x82.png 300w, https:\/\/cj.estrategia.com\/portal\/wp-content\/uploads\/2025\/01\/09193525\/interrupcao-gestacao-aborto-768x209.png 768w, https:\/\/cj.estrategia.com\/portal\/wp-content\/uploads\/2025\/01\/09193525\/interrupcao-gestacao-aborto-380x103.png 380w, https:\/\/cj.estrategia.com\/portal\/wp-content\/uploads\/2025\/01\/09193525\/interrupcao-gestacao-aborto-150x41.png 150w\" sizes=\"(max-width: 784px) 100vw, 784px\" \/><\/figure>\n<\/div>\n\n<div class=\"wp-block-image\">\n<figure class=\"aligncenter size-full\"><img decoding=\"async\" width=\"783\" height=\"218\" src=\"https:\/\/cj.estrategia.com\/portal\/wp-content\/uploads\/2025\/01\/09193539\/prioridade-aborto.png\" alt=\"governo regulamenta aborto\" class=\"wp-image-90041\" srcset=\"https:\/\/cj.estrategia.com\/portal\/wp-content\/uploads\/2025\/01\/09193539\/prioridade-aborto.png 783w, https:\/\/cj.estrategia.com\/portal\/wp-content\/uploads\/2025\/01\/09193539\/prioridade-aborto-300x84.png 300w, https:\/\/cj.estrategia.com\/portal\/wp-content\/uploads\/2025\/01\/09193539\/prioridade-aborto-768x214.png 768w, https:\/\/cj.estrategia.com\/portal\/wp-content\/uploads\/2025\/01\/09193539\/prioridade-aborto-380x106.png 380w, https:\/\/cj.estrategia.com\/portal\/wp-content\/uploads\/2025\/01\/09193539\/prioridade-aborto-150x42.png 150w\" sizes=\"(max-width: 783px) 100vw, 783px\" \/><\/figure>\n<\/div>\n\n<div class=\"wp-block-image\">\n<figure class=\"aligncenter size-full\"><img decoding=\"async\" width=\"780\" height=\"199\" src=\"https:\/\/cj.estrategia.com\/portal\/wp-content\/uploads\/2025\/01\/09193621\/violencia-institucional-aborto.png\" alt=\"governo regulamenta aborto\" class=\"wp-image-90042\" srcset=\"https:\/\/cj.estrategia.com\/portal\/wp-content\/uploads\/2025\/01\/09193621\/violencia-institucional-aborto.png 780w, https:\/\/cj.estrategia.com\/portal\/wp-content\/uploads\/2025\/01\/09193621\/violencia-institucional-aborto-300x77.png 300w, https:\/\/cj.estrategia.com\/portal\/wp-content\/uploads\/2025\/01\/09193621\/violencia-institucional-aborto-768x196.png 768w, https:\/\/cj.estrategia.com\/portal\/wp-content\/uploads\/2025\/01\/09193621\/violencia-institucional-aborto-380x97.png 380w, https:\/\/cj.estrategia.com\/portal\/wp-content\/uploads\/2025\/01\/09193621\/violencia-institucional-aborto-150x38.png 150w\" sizes=\"(max-width: 780px) 100vw, 780px\" \/><\/figure>\n<\/div>\n\n<div class=\"wp-block-image\">\n<figure class=\"aligncenter size-full\"><img decoding=\"async\" width=\"777\" height=\"208\" src=\"https:\/\/cj.estrategia.com\/portal\/wp-content\/uploads\/2025\/01\/09193745\/escuta-especializada-aborto.png\" alt=\"\" class=\"wp-image-90043\" srcset=\"https:\/\/cj.estrategia.com\/portal\/wp-content\/uploads\/2025\/01\/09193745\/escuta-especializada-aborto.png 777w, https:\/\/cj.estrategia.com\/portal\/wp-content\/uploads\/2025\/01\/09193745\/escuta-especializada-aborto-300x80.png 300w, https:\/\/cj.estrategia.com\/portal\/wp-content\/uploads\/2025\/01\/09193745\/escuta-especializada-aborto-768x206.png 768w, https:\/\/cj.estrategia.com\/portal\/wp-content\/uploads\/2025\/01\/09193745\/escuta-especializada-aborto-380x102.png 380w, https:\/\/cj.estrategia.com\/portal\/wp-content\/uploads\/2025\/01\/09193745\/escuta-especializada-aborto-150x40.png 150w\" sizes=\"(max-width: 777px) 100vw, 777px\" \/><\/figure>\n<\/div>\n\n\n<figure class=\"wp-block-image size-full\"><img decoding=\"async\" width=\"778\" height=\"190\" src=\"https:\/\/cj.estrategia.com\/portal\/wp-content\/uploads\/2025\/01\/09193836\/depoimento-especial-aborto.png\" alt=\"governo regulamenta aborto\" class=\"wp-image-90044\" srcset=\"https:\/\/cj.estrategia.com\/portal\/wp-content\/uploads\/2025\/01\/09193836\/depoimento-especial-aborto.png 778w, https:\/\/cj.estrategia.com\/portal\/wp-content\/uploads\/2025\/01\/09193836\/depoimento-especial-aborto-300x73.png 300w, https:\/\/cj.estrategia.com\/portal\/wp-content\/uploads\/2025\/01\/09193836\/depoimento-especial-aborto-768x188.png 768w, https:\/\/cj.estrategia.com\/portal\/wp-content\/uploads\/2025\/01\/09193836\/depoimento-especial-aborto-380x93.png 380w, https:\/\/cj.estrategia.com\/portal\/wp-content\/uploads\/2025\/01\/09193836\/depoimento-especial-aborto-150x37.png 150w\" sizes=\"(max-width: 778px) 100vw, 778px\" \/><\/figure>\n\n\n\n<p>A resolu\u00e7\u00e3o d\u00e1 especial destaque a medidas de acolhimento, como escuta especializada e depoimento especial, evitando sempre a revitimiza\u00e7\u00e3o, proibindo qualquer tipo de viol\u00eancia institucional.<\/p>\n\n\n\n<pre class=\"wp-block-verse has-background\" style=\"background-color:#dddddd\"><strong><mark style=\"background-color:rgba(0, 0, 0, 0)\" class=\"has-inline-color has-vivid-red-color\">Revitimiza\u00e7\u00e3o<\/mark>:\u00a0termo utilizado para definir o fen\u00f4meno de sistematiza\u00e7\u00e3o da viol\u00eancia, no qual a v\u00edtima experimenta um sofrimento continuado e repetitivo, mesmo ap\u00f3s cessada a viol\u00eancia originalmente sofrida.<\/strong><\/pre>\n\n\n\n<p>Al\u00e9m disso, a resolu\u00e7\u00e3o ainda apresenta protocolos, no atendimento \u00e0 sa\u00fade reprodutiva da crian\u00e7a e do adolescente. Eles asseguram acesso r\u00e1pido e seguro aos servi\u00e7os, com capacita\u00e7\u00e3o obrigat\u00f3ria de profissionais para atender casos de viol\u00eancia sexual de forma humanizada e respeitosa.<\/p>\n\n\n\n<figure class=\"wp-block-pullquote\"><blockquote><p><\/p><cite><mark style=\"background-color:rgba(0, 0, 0, 0)\" class=\"has-inline-color has-vivid-cyan-blue-color\"><em><em>A resolu\u00e7\u00e3o garante a autonomia da crian\u00e7a e do adolescente no processo de decis\u00e3o sobre interrup\u00e7\u00e3o legal da gesta\u00e7\u00e3o, assegurando privacidade e confidencialidade, vedando a transmiss\u00e3o de informa\u00e7\u00f5es pautadas em convic\u00e7\u00f5es morais, pol\u00edticas, religiosas e cren\u00e7as pessoais<\/em><\/em>.<\/mark><\/cite><\/blockquote><\/figure>\n\n\n\n<p>Portanto, havendo diverg\u00eancia entre a vontade da crian\u00e7a e a dos respons\u00e1veis, a resolu\u00e7\u00e3o determina que a prioridade seja o interesse da crian\u00e7a, com possibilidade de interven\u00e7\u00e3o do Minist\u00e9rio P\u00fablico e da Defensoria P\u00fablica.<\/p>\n\n\n\n<pre class=\"wp-block-preformatted\"><em>Resolu\u00e7\u00e3o 258\/2024<\/em>\n\n<em>Art. 26. Nos casos de diverg\u00eancia entre a vontade da crian\u00e7a e a dos genitores e\/ou respons\u00e1veis, os profissionais do SGDCA devem proporcionar um ambiente acolhedor e apropriado para ouvir os pais ou respons\u00e1veis legais, <\/em><strong><em><strong>sempre priorizando o apoio e o respeito \u00e0 vontade expressa pela crian\u00e7a ou adolescente.<\/strong><\/em><\/strong>\n\n<em>Par\u00e1grafo \u00danico. <\/em><strong><em><strong>Persistindo a diverg\u00eancia<\/strong><\/em><\/strong><em>, os profissionais devem acionar a Defensoria P\u00fablica e o Minist\u00e9rio P\u00fablico para a promo\u00e7\u00e3o de orienta\u00e7\u00f5es legais sobre os direitos da crian\u00e7a ou adolescente e os procedimentos a serem seguidos, adotando as medidas legais cab\u00edveis, caso o conflito seja insuper\u00e1vel.<\/em><\/pre>\n\n\n\n<p>A resolu\u00e7\u00e3o finaliza proibindo a imposi\u00e7\u00e3o de obst\u00e1culos de acesso \u00e0 interrup\u00e7\u00e3o legal da gesta\u00e7\u00e3o, j\u00e1 que a interrup\u00e7\u00e3o<mark style=\"background-color:rgba(0, 0, 0, 0)\" class=\"has-inline-color has-vivid-red-color\"> <strong><u><strong>n\u00e3o depender\u00e1<\/strong><\/u><\/strong><\/mark>:<\/p>\n\n\n\n<ul class=\"wp-block-list\">\n<li><strong>I &#8211; Da lavratura de boletim de ocorr\u00eancia relativo \u00e0 situa\u00e7\u00e3o de viol\u00eancia sexual;<\/strong><\/li>\n\n\n\n<li><strong>II &#8211; De decis\u00e3o judicial autorizativa do procedimento;<\/strong><\/li>\n\n\n\n<li><strong>III- Da comunica\u00e7\u00e3o ao Conselho Tutelar ou a outros \u00f3rg\u00e3os do Sistema de Garantia de Direitos da Crian\u00e7a e do Adolescente;<\/strong><\/li>\n\n\n\n<li><strong>IV &#8211; Da comunica\u00e7\u00e3o aos respons\u00e1veis legais quando isto puder ocasionar danos \u00e0 crian\u00e7a ou adolescente, nos casos em que houver suspeita de viol\u00eancia sexual ocorrida na fam\u00edlia.<\/strong><\/li>\n<\/ul>\n\n\n\n<p>O tema \u00e9 extremamente pol\u00eamico, mas com alta probabilidade de ser cobrado em prova de direito da crian\u00e7a e do adolescente e direito constitucional, o que requer aten\u00e7\u00e3o especial.<\/p>\n\n\n\n<hr class=\"wp-block-separator has-alpha-channel-opacity\"\/>\n\n\n\n<h2 class=\"wp-block-heading has-text-align-center\" id=\"h-quer-saber-quais-serao-os-proximos-concursos\"><span id=\"quer-saber-quais-serao-os-proximos-concursos\">Quer saber quais ser\u00e3o os pr\u00f3ximos concursos?<\/span><\/h2>\n\n\n\n<p class=\"has-text-align-center\">Confira nossos&nbsp;<a href=\"https:\/\/cj.estrategia.com\/portal\/\" target=\"_blank\" >artigos para Carreiras Jur\u00eddicas<\/a>!<\/p>\n\n\n\n<p class=\"has-text-align-center has-white-color has-pale-cyan-blue-background-color has-text-color has-background has-link-color wp-elements-f3d5123bb0c8e11604d0c8c7f1ea8be8\"><a href=\"https:\/\/www.estrategiaconcursos.com.br\/blog\/concursos-abertos\/\" target=\"_blank\" >Confira os concursos p\u00fablicos abertos<\/a><\/p>\n\n\n\n<p class=\"has-text-align-center has-white-color has-pale-cyan-blue-background-color has-text-color has-background has-link-color wp-elements-0ddcc3bba7dead06242e688a17e9e277\"><a href=\"https:\/\/cj.estrategia.com\/portal\/concursos-2025-carreiras-juridicas\/\" target=\"_blank\" >Concursos 2025<\/a><\/p>\n","protected":false},"excerpt":{"rendered":"* Thiago de Paula Leite \u00e9 procurador do Estado de S\u00e3o Paulo e professor de direito ambiental e&hellip;\n","protected":false},"author":81,"featured_media":90045,"comment_status":"open","ping_status":"open","sticky":false,"template":"","format":"standard","meta":{"_jetpack_memberships_contains_paid_content":false,"footnotes":""},"categories":[1],"tags":[151,1755,640,336,1758,338,1759,454,155,578,1761,1396,1757,1671,134,1760,1756],"tax_estado":[30,31,32,33,34,35,36,37,38,39,40,41,42,43,44,45,46,47,48,49,50,51,52,53,54,55,56,57],"class_list":{"0":"post-90034","1":"post","2":"type-post","3":"status-publish","4":"format-standard","5":"has-post-thumbnail","7":"category-carreiras-juridicas","8":"tag-aborto","9":"tag-aborto-em-criancas-e-adolescentes","10":"tag-adpf-54","11":"tag-analise-juridica","12":"tag-anencefalia-fetal","13":"tag-codigo-penal","14":"tag-depoimento-especial","15":"tag-dignidade","16":"tag-direito-a-vida","17":"tag-direitos-humanos","18":"tag-escuta-especializada","19":"tag-principio-da-laicidade-estatal","20":"tag-resolucao-conanda-no-258-2024","21":"tag-revitimizacao","22":"tag-stf","23":"tag-violencia-institucional","24":"tag-violencia-sexual","25":"tax_estado-ac","26":"tax_estado-al","27":"tax_estado-am","28":"tax_estado-ap","29":"tax_estado-ba","30":"tax_estado-ce","31":"tax_estado-concursos-federais","32":"tax_estado-df","33":"tax_estado-es","34":"tax_estado-go","35":"tax_estado-ma","36":"tax_estado-mg","37":"tax_estado-ms","38":"tax_estado-mt","39":"tax_estado-pa","40":"tax_estado-pb","41":"tax_estado-pe","42":"tax_estado-pi","43":"tax_estado-pr","44":"tax_estado-rj","45":"tax_estado-rn","46":"tax_estado-ro","47":"tax_estado-rr","48":"tax_estado-rs","49":"tax_estado-sc","50":"tax_estado-se","51":"tax_estado-sp","52":"tax_estado-to"},"acf":[],"yoast_head":"<!-- This site is optimized with the Yoast SEO Premium plugin v27.4 (Yoast SEO v27.4) - https:\/\/yoast.com\/product\/yoast-seo-premium-wordpress\/ -->\n<title>Aborto em crian\u00e7as \u00e9 regulamentado pelo Governo<\/title>\n<meta name=\"description\" content=\"O Governo Federal publicou, no Di\u00e1rio Oficial, a Resolu\u00e7\u00e3o CONANDA n\u00ba 258\/2024. Atualmente, no Brasil, o aborto \u00e9 permitido em tr\u00eas hip\u00f3teses.\" \/>\n<meta name=\"robots\" content=\"index, follow, max-snippet:-1, max-image-preview:large, max-video-preview:-1\" \/>\n<link rel=\"canonical\" href=\"https:\/\/cj.estrategia.com\/portal\/governo-regulamenta-aborto-em-criancas\/\" \/>\n<meta property=\"og:locale\" content=\"pt_BR\" \/>\n<meta property=\"og:type\" content=\"article\" \/>\n<meta property=\"og:title\" content=\"Governo regulamenta aborto em crian\u00e7as\" \/>\n<meta property=\"og:description\" content=\"O Governo Federal publicou, no Di\u00e1rio Oficial, a Resolu\u00e7\u00e3o CONANDA n\u00ba 258\/2024. Atualmente, no Brasil, o aborto \u00e9 permitido em tr\u00eas hip\u00f3teses.\" \/>\n<meta property=\"og:url\" content=\"https:\/\/cj.estrategia.com\/portal\/governo-regulamenta-aborto-em-criancas\/\" \/>\n<meta property=\"og:site_name\" content=\"Blog - Carreiras Jur\u00eddicas - Estrat\u00e9gia\" \/>\n<meta property=\"article:publisher\" content=\"https:\/\/www.facebook.com\/estrategiacarreirajuridica\/\" \/>\n<meta property=\"article:published_time\" content=\"2025-01-09T23:00:56+00:00\" \/>\n<meta property=\"article:modified_time\" content=\"2025-01-12T11:00:21+00:00\" \/>\n<meta property=\"og:image\" content=\"https:\/\/cj.estrategia.com\/portal\/wp-content\/uploads\/2025\/01\/09194527\/aborto-criancas.jpeg\" \/>\n\t<meta property=\"og:image:width\" content=\"878\" \/>\n\t<meta property=\"og:image:height\" content=\"498\" \/>\n\t<meta property=\"og:image:type\" content=\"image\/jpeg\" \/>\n<meta name=\"author\" content=\"Thiago Leite\" \/>\n<meta name=\"twitter:card\" content=\"summary_large_image\" \/>\n<meta name=\"twitter:creator\" content=\"@EstratJuridica\" \/>\n<meta name=\"twitter:site\" content=\"@EstratJuridica\" \/>\n<meta name=\"twitter:label1\" content=\"Escrito por\" \/>\n\t<meta name=\"twitter:data1\" content=\"Thiago Leite\" \/>\n\t<meta name=\"twitter:label2\" content=\"Est. tempo de leitura\" \/>\n\t<meta name=\"twitter:data2\" content=\"7 minutos\" \/>\n<script type=\"application\/ld+json\" class=\"yoast-schema-graph\">{\"@context\":\"https:\\\/\\\/schema.org\",\"@graph\":[{\"@type\":\"NewsArticle\",\"@id\":\"https:\\\/\\\/cj.estrategia.com\\\/portal\\\/governo-regulamenta-aborto-em-criancas\\\/#article\",\"isPartOf\":{\"@id\":\"https:\\\/\\\/cj.estrategia.com\\\/portal\\\/governo-regulamenta-aborto-em-criancas\\\/\"},\"author\":{\"name\":\"Thiago Leite\",\"@id\":\"https:\\\/\\\/cj.estrategia.com\\\/portal\\\/#\\\/schema\\\/person\\\/7d7d2b1c8386e2eeacc0b09cfbc1d0ff\"},\"headline\":\"Governo regulamenta aborto em crian\u00e7as\",\"datePublished\":\"2025-01-09T23:00:56+00:00\",\"dateModified\":\"2025-01-12T11:00:21+00:00\",\"mainEntityOfPage\":{\"@id\":\"https:\\\/\\\/cj.estrategia.com\\\/portal\\\/governo-regulamenta-aborto-em-criancas\\\/\"},\"wordCount\":1199,\"commentCount\":0,\"publisher\":{\"@id\":\"https:\\\/\\\/cj.estrategia.com\\\/portal\\\/#organization\"},\"image\":{\"@id\":\"https:\\\/\\\/cj.estrategia.com\\\/portal\\\/governo-regulamenta-aborto-em-criancas\\\/#primaryimage\"},\"thumbnailUrl\":\"https:\\\/\\\/cj.estrategia.com\\\/portal\\\/wp-content\\\/uploads\\\/2025\\\/01\\\/09194527\\\/aborto-criancas.jpeg\",\"keywords\":[\"aborto\",\"aborto em crian\u00e7as e adolescentes\",\"ADPF 54\",\"an\u00e1lise jur\u00eddica\",\"anencefalia fetal\",\"c\u00f3digo penal\",\"depoimento especial\",\"dignidade\",\"direito \u00e0 vida\",\"direitos humanos\",\"escuta especializada\",\"princ\u00edpio da laicidade estatal\",\"Resolu\u00e7\u00e3o CONANDA n\u00ba 258\\\/2024\",\"revitimiza\u00e7\u00e3o\",\"STF\",\"viol\u00eancia institucional\",\"viol\u00eancia sexual\"],\"articleSection\":[\"Carreiras Jur\u00eddicas\"],\"inLanguage\":\"pt-BR\",\"potentialAction\":[{\"@type\":\"CommentAction\",\"name\":\"Comment\",\"target\":[\"https:\\\/\\\/cj.estrategia.com\\\/portal\\\/governo-regulamenta-aborto-em-criancas\\\/#respond\"]}]},{\"@type\":\"WebPage\",\"@id\":\"https:\\\/\\\/cj.estrategia.com\\\/portal\\\/governo-regulamenta-aborto-em-criancas\\\/\",\"url\":\"https:\\\/\\\/cj.estrategia.com\\\/portal\\\/governo-regulamenta-aborto-em-criancas\\\/\",\"name\":\"Aborto em crian\u00e7as \u00e9 regulamentado pelo Governo\",\"isPartOf\":{\"@id\":\"https:\\\/\\\/cj.estrategia.com\\\/portal\\\/#website\"},\"primaryImageOfPage\":{\"@id\":\"https:\\\/\\\/cj.estrategia.com\\\/portal\\\/governo-regulamenta-aborto-em-criancas\\\/#primaryimage\"},\"image\":{\"@id\":\"https:\\\/\\\/cj.estrategia.com\\\/portal\\\/governo-regulamenta-aborto-em-criancas\\\/#primaryimage\"},\"thumbnailUrl\":\"https:\\\/\\\/cj.estrategia.com\\\/portal\\\/wp-content\\\/uploads\\\/2025\\\/01\\\/09194527\\\/aborto-criancas.jpeg\",\"datePublished\":\"2025-01-09T23:00:56+00:00\",\"dateModified\":\"2025-01-12T11:00:21+00:00\",\"description\":\"O Governo Federal publicou, no Di\u00e1rio Oficial, a Resolu\u00e7\u00e3o CONANDA n\u00ba 258\\\/2024. Atualmente, no Brasil, o aborto \u00e9 permitido em tr\u00eas hip\u00f3teses.\",\"breadcrumb\":{\"@id\":\"https:\\\/\\\/cj.estrategia.com\\\/portal\\\/governo-regulamenta-aborto-em-criancas\\\/#breadcrumb\"},\"inLanguage\":\"pt-BR\",\"potentialAction\":[{\"@type\":\"ReadAction\",\"target\":[\"https:\\\/\\\/cj.estrategia.com\\\/portal\\\/governo-regulamenta-aborto-em-criancas\\\/\"]}]},{\"@type\":\"ImageObject\",\"inLanguage\":\"pt-BR\",\"@id\":\"https:\\\/\\\/cj.estrategia.com\\\/portal\\\/governo-regulamenta-aborto-em-criancas\\\/#primaryimage\",\"url\":\"https:\\\/\\\/cj.estrategia.com\\\/portal\\\/wp-content\\\/uploads\\\/2025\\\/01\\\/09194527\\\/aborto-criancas.jpeg\",\"contentUrl\":\"https:\\\/\\\/cj.estrategia.com\\\/portal\\\/wp-content\\\/uploads\\\/2025\\\/01\\\/09194527\\\/aborto-criancas.jpeg\",\"width\":878,\"height\":498,\"caption\":\"Imagem: Cris Faga\\\/Dragonfly Press\\\/Folhapress\"},{\"@type\":\"BreadcrumbList\",\"@id\":\"https:\\\/\\\/cj.estrategia.com\\\/portal\\\/governo-regulamenta-aborto-em-criancas\\\/#breadcrumb\",\"itemListElement\":[{\"@type\":\"ListItem\",\"position\":1,\"name\":\"In\u00edcio\",\"item\":\"https:\\\/\\\/cj.estrategia.com\\\/portal\\\/\"},{\"@type\":\"ListItem\",\"position\":2,\"name\":\"Governo regulamenta aborto em crian\u00e7as\"}]},{\"@type\":\"WebSite\",\"@id\":\"https:\\\/\\\/cj.estrategia.com\\\/portal\\\/#website\",\"url\":\"https:\\\/\\\/cj.estrategia.com\\\/portal\\\/\",\"name\":\"Blog - Carreiras Jur\u00eddicas - Estrat\u00e9gia\",\"description\":\"\",\"publisher\":{\"@id\":\"https:\\\/\\\/cj.estrategia.com\\\/portal\\\/#organization\"},\"potentialAction\":[{\"@type\":\"SearchAction\",\"target\":{\"@type\":\"EntryPoint\",\"urlTemplate\":\"https:\\\/\\\/cj.estrategia.com\\\/portal\\\/?s={search_term_string}\"},\"query-input\":{\"@type\":\"PropertyValueSpecification\",\"valueRequired\":true,\"valueName\":\"search_term_string\"}}],\"inLanguage\":\"pt-BR\"},{\"@type\":\"Organization\",\"@id\":\"https:\\\/\\\/cj.estrategia.com\\\/portal\\\/#organization\",\"name\":\"Estrat\u00e9gia - Carreiras Jur\u00eddicas\",\"url\":\"https:\\\/\\\/cj.estrategia.com\\\/portal\\\/\",\"logo\":{\"@type\":\"ImageObject\",\"inLanguage\":\"pt-BR\",\"@id\":\"https:\\\/\\\/cj.estrategia.com\\\/portal\\\/#\\\/schema\\\/logo\\\/image\\\/\",\"url\":\"https:\\\/\\\/cj.estrategia.com\\\/portal\\\/wp-content\\\/uploads\\\/2022\\\/03\\\/11151052\\\/cj-logo.png\",\"contentUrl\":\"https:\\\/\\\/cj.estrategia.com\\\/portal\\\/wp-content\\\/uploads\\\/2022\\\/03\\\/11151052\\\/cj-logo.png\",\"width\":150,\"height\":39,\"caption\":\"Estrat\u00e9gia - Carreiras Jur\u00eddicas\"},\"image\":{\"@id\":\"https:\\\/\\\/cj.estrategia.com\\\/portal\\\/#\\\/schema\\\/logo\\\/image\\\/\"},\"sameAs\":[\"https:\\\/\\\/www.facebook.com\\\/estrategiacarreirajuridica\\\/\",\"https:\\\/\\\/x.com\\\/EstratJuridica\",\"https:\\\/\\\/www.instagram.com\\\/estrategiacarreirajuridica\\\/\",\"https:\\\/\\\/www.youtube.com\\\/channel\\\/UClbMGuYbj2Mh1m3w144ETWQ\"]},{\"@type\":\"Person\",\"@id\":\"https:\\\/\\\/cj.estrategia.com\\\/portal\\\/#\\\/schema\\\/person\\\/7d7d2b1c8386e2eeacc0b09cfbc1d0ff\",\"name\":\"Thiago Leite\",\"image\":{\"@type\":\"ImageObject\",\"inLanguage\":\"pt-BR\",\"@id\":\"https:\\\/\\\/secure.gravatar.com\\\/avatar\\\/15ff5746ff9e313f1248fe2373ce03309054e96387bb9249055458d0c1aaa297?s=96&d=mm&r=g\",\"url\":\"https:\\\/\\\/secure.gravatar.com\\\/avatar\\\/15ff5746ff9e313f1248fe2373ce03309054e96387bb9249055458d0c1aaa297?s=96&d=mm&r=g\",\"contentUrl\":\"https:\\\/\\\/secure.gravatar.com\\\/avatar\\\/15ff5746ff9e313f1248fe2373ce03309054e96387bb9249055458d0c1aaa297?s=96&d=mm&r=g\",\"caption\":\"Thiago Leite\"},\"description\":\"Thiago de Paula Leite \u00e9 procurador do Estado de S\u00e3o Paulo e professor de direito ambiental e agr\u00e1rio do Estrat\u00e9gia.\",\"url\":\"https:\\\/\\\/cj.estrategia.com\\\/portal\\\/author\\\/thiago-leite\\\/\"}]}<\/script>\n<!-- \/ Yoast SEO Premium plugin. -->","yoast_head_json":{"title":"Aborto em crian\u00e7as \u00e9 regulamentado pelo Governo","description":"O Governo Federal publicou, no Di\u00e1rio Oficial, a Resolu\u00e7\u00e3o CONANDA n\u00ba 258\/2024. Atualmente, no Brasil, o aborto \u00e9 permitido em tr\u00eas hip\u00f3teses.","robots":{"index":"index","follow":"follow","max-snippet":"max-snippet:-1","max-image-preview":"max-image-preview:large","max-video-preview":"max-video-preview:-1"},"canonical":"https:\/\/cj.estrategia.com\/portal\/governo-regulamenta-aborto-em-criancas\/","og_locale":"pt_BR","og_type":"article","og_title":"Governo regulamenta aborto em crian\u00e7as","og_description":"O Governo Federal publicou, no Di\u00e1rio Oficial, a Resolu\u00e7\u00e3o CONANDA n\u00ba 258\/2024. Atualmente, no Brasil, o aborto \u00e9 permitido em tr\u00eas hip\u00f3teses.","og_url":"https:\/\/cj.estrategia.com\/portal\/governo-regulamenta-aborto-em-criancas\/","og_site_name":"Blog - Carreiras Jur\u00eddicas - Estrat\u00e9gia","article_publisher":"https:\/\/www.facebook.com\/estrategiacarreirajuridica\/","article_published_time":"2025-01-09T23:00:56+00:00","article_modified_time":"2025-01-12T11:00:21+00:00","og_image":[{"width":878,"height":498,"url":"https:\/\/cj.estrategia.com\/portal\/wp-content\/uploads\/2025\/01\/09194527\/aborto-criancas.jpeg","type":"image\/jpeg"}],"author":"Thiago Leite","twitter_card":"summary_large_image","twitter_creator":"@EstratJuridica","twitter_site":"@EstratJuridica","twitter_misc":{"Escrito por":"Thiago Leite","Est. tempo de leitura":"7 minutos"},"schema":{"@context":"https:\/\/schema.org","@graph":[{"@type":"NewsArticle","@id":"https:\/\/cj.estrategia.com\/portal\/governo-regulamenta-aborto-em-criancas\/#article","isPartOf":{"@id":"https:\/\/cj.estrategia.com\/portal\/governo-regulamenta-aborto-em-criancas\/"},"author":{"name":"Thiago Leite","@id":"https:\/\/cj.estrategia.com\/portal\/#\/schema\/person\/7d7d2b1c8386e2eeacc0b09cfbc1d0ff"},"headline":"Governo regulamenta aborto em crian\u00e7as","datePublished":"2025-01-09T23:00:56+00:00","dateModified":"2025-01-12T11:00:21+00:00","mainEntityOfPage":{"@id":"https:\/\/cj.estrategia.com\/portal\/governo-regulamenta-aborto-em-criancas\/"},"wordCount":1199,"commentCount":0,"publisher":{"@id":"https:\/\/cj.estrategia.com\/portal\/#organization"},"image":{"@id":"https:\/\/cj.estrategia.com\/portal\/governo-regulamenta-aborto-em-criancas\/#primaryimage"},"thumbnailUrl":"https:\/\/cj.estrategia.com\/portal\/wp-content\/uploads\/2025\/01\/09194527\/aborto-criancas.jpeg","keywords":["aborto","aborto em crian\u00e7as e adolescentes","ADPF 54","an\u00e1lise jur\u00eddica","anencefalia fetal","c\u00f3digo penal","depoimento especial","dignidade","direito \u00e0 vida","direitos humanos","escuta especializada","princ\u00edpio da laicidade estatal","Resolu\u00e7\u00e3o CONANDA n\u00ba 258\/2024","revitimiza\u00e7\u00e3o","STF","viol\u00eancia institucional","viol\u00eancia sexual"],"articleSection":["Carreiras Jur\u00eddicas"],"inLanguage":"pt-BR","potentialAction":[{"@type":"CommentAction","name":"Comment","target":["https:\/\/cj.estrategia.com\/portal\/governo-regulamenta-aborto-em-criancas\/#respond"]}]},{"@type":"WebPage","@id":"https:\/\/cj.estrategia.com\/portal\/governo-regulamenta-aborto-em-criancas\/","url":"https:\/\/cj.estrategia.com\/portal\/governo-regulamenta-aborto-em-criancas\/","name":"Aborto em crian\u00e7as \u00e9 regulamentado pelo Governo","isPartOf":{"@id":"https:\/\/cj.estrategia.com\/portal\/#website"},"primaryImageOfPage":{"@id":"https:\/\/cj.estrategia.com\/portal\/governo-regulamenta-aborto-em-criancas\/#primaryimage"},"image":{"@id":"https:\/\/cj.estrategia.com\/portal\/governo-regulamenta-aborto-em-criancas\/#primaryimage"},"thumbnailUrl":"https:\/\/cj.estrategia.com\/portal\/wp-content\/uploads\/2025\/01\/09194527\/aborto-criancas.jpeg","datePublished":"2025-01-09T23:00:56+00:00","dateModified":"2025-01-12T11:00:21+00:00","description":"O Governo Federal publicou, no Di\u00e1rio Oficial, a Resolu\u00e7\u00e3o CONANDA n\u00ba 258\/2024. Atualmente, no Brasil, o aborto \u00e9 permitido em tr\u00eas hip\u00f3teses.","breadcrumb":{"@id":"https:\/\/cj.estrategia.com\/portal\/governo-regulamenta-aborto-em-criancas\/#breadcrumb"},"inLanguage":"pt-BR","potentialAction":[{"@type":"ReadAction","target":["https:\/\/cj.estrategia.com\/portal\/governo-regulamenta-aborto-em-criancas\/"]}]},{"@type":"ImageObject","inLanguage":"pt-BR","@id":"https:\/\/cj.estrategia.com\/portal\/governo-regulamenta-aborto-em-criancas\/#primaryimage","url":"https:\/\/cj.estrategia.com\/portal\/wp-content\/uploads\/2025\/01\/09194527\/aborto-criancas.jpeg","contentUrl":"https:\/\/cj.estrategia.com\/portal\/wp-content\/uploads\/2025\/01\/09194527\/aborto-criancas.jpeg","width":878,"height":498,"caption":"Imagem: Cris Faga\/Dragonfly Press\/Folhapress"},{"@type":"BreadcrumbList","@id":"https:\/\/cj.estrategia.com\/portal\/governo-regulamenta-aborto-em-criancas\/#breadcrumb","itemListElement":[{"@type":"ListItem","position":1,"name":"In\u00edcio","item":"https:\/\/cj.estrategia.com\/portal\/"},{"@type":"ListItem","position":2,"name":"Governo regulamenta aborto em crian\u00e7as"}]},{"@type":"WebSite","@id":"https:\/\/cj.estrategia.com\/portal\/#website","url":"https:\/\/cj.estrategia.com\/portal\/","name":"Blog - Carreiras Jur\u00eddicas - Estrat\u00e9gia","description":"","publisher":{"@id":"https:\/\/cj.estrategia.com\/portal\/#organization"},"potentialAction":[{"@type":"SearchAction","target":{"@type":"EntryPoint","urlTemplate":"https:\/\/cj.estrategia.com\/portal\/?s={search_term_string}"},"query-input":{"@type":"PropertyValueSpecification","valueRequired":true,"valueName":"search_term_string"}}],"inLanguage":"pt-BR"},{"@type":"Organization","@id":"https:\/\/cj.estrategia.com\/portal\/#organization","name":"Estrat\u00e9gia - Carreiras Jur\u00eddicas","url":"https:\/\/cj.estrategia.com\/portal\/","logo":{"@type":"ImageObject","inLanguage":"pt-BR","@id":"https:\/\/cj.estrategia.com\/portal\/#\/schema\/logo\/image\/","url":"https:\/\/cj.estrategia.com\/portal\/wp-content\/uploads\/2022\/03\/11151052\/cj-logo.png","contentUrl":"https:\/\/cj.estrategia.com\/portal\/wp-content\/uploads\/2022\/03\/11151052\/cj-logo.png","width":150,"height":39,"caption":"Estrat\u00e9gia - Carreiras Jur\u00eddicas"},"image":{"@id":"https:\/\/cj.estrategia.com\/portal\/#\/schema\/logo\/image\/"},"sameAs":["https:\/\/www.facebook.com\/estrategiacarreirajuridica\/","https:\/\/x.com\/EstratJuridica","https:\/\/www.instagram.com\/estrategiacarreirajuridica\/","https:\/\/www.youtube.com\/channel\/UClbMGuYbj2Mh1m3w144ETWQ"]},{"@type":"Person","@id":"https:\/\/cj.estrategia.com\/portal\/#\/schema\/person\/7d7d2b1c8386e2eeacc0b09cfbc1d0ff","name":"Thiago Leite","image":{"@type":"ImageObject","inLanguage":"pt-BR","@id":"https:\/\/secure.gravatar.com\/avatar\/15ff5746ff9e313f1248fe2373ce03309054e96387bb9249055458d0c1aaa297?s=96&d=mm&r=g","url":"https:\/\/secure.gravatar.com\/avatar\/15ff5746ff9e313f1248fe2373ce03309054e96387bb9249055458d0c1aaa297?s=96&d=mm&r=g","contentUrl":"https:\/\/secure.gravatar.com\/avatar\/15ff5746ff9e313f1248fe2373ce03309054e96387bb9249055458d0c1aaa297?s=96&d=mm&r=g","caption":"Thiago Leite"},"description":"Thiago de Paula Leite \u00e9 procurador do Estado de S\u00e3o Paulo e professor de direito ambiental e agr\u00e1rio do Estrat\u00e9gia.","url":"https:\/\/cj.estrategia.com\/portal\/author\/thiago-leite\/"}]}},"jetpack_featured_media_url":"https:\/\/cj.estrategia.com\/portal\/wp-content\/uploads\/2025\/01\/09194527\/aborto-criancas.jpeg","jetpack_sharing_enabled":true,"_links":{"self":[{"href":"https:\/\/cj.estrategia.com\/portal\/wp-json\/wp\/v2\/posts\/90034","targetHints":{"allow":["GET"]}}],"collection":[{"href":"https:\/\/cj.estrategia.com\/portal\/wp-json\/wp\/v2\/posts"}],"about":[{"href":"https:\/\/cj.estrategia.com\/portal\/wp-json\/wp\/v2\/types\/post"}],"author":[{"embeddable":true,"href":"https:\/\/cj.estrategia.com\/portal\/wp-json\/wp\/v2\/users\/81"}],"replies":[{"embeddable":true,"href":"https:\/\/cj.estrategia.com\/portal\/wp-json\/wp\/v2\/comments?post=90034"}],"version-history":[{"count":10,"href":"https:\/\/cj.estrategia.com\/portal\/wp-json\/wp\/v2\/posts\/90034\/revisions"}],"predecessor-version":[{"id":90055,"href":"https:\/\/cj.estrategia.com\/portal\/wp-json\/wp\/v2\/posts\/90034\/revisions\/90055"}],"wp:featuredmedia":[{"embeddable":true,"href":"https:\/\/cj.estrategia.com\/portal\/wp-json\/wp\/v2\/media\/90045"}],"wp:attachment":[{"href":"https:\/\/cj.estrategia.com\/portal\/wp-json\/wp\/v2\/media?parent=90034"}],"wp:term":[{"taxonomy":"category","embeddable":true,"href":"https:\/\/cj.estrategia.com\/portal\/wp-json\/wp\/v2\/categories?post=90034"},{"taxonomy":"post_tag","embeddable":true,"href":"https:\/\/cj.estrategia.com\/portal\/wp-json\/wp\/v2\/tags?post=90034"},{"taxonomy":"tax_estado","embeddable":true,"href":"https:\/\/cj.estrategia.com\/portal\/wp-json\/wp\/v2\/tax_estado?post=90034"}],"curies":[{"name":"wp","href":"https:\/\/api.w.org\/{rel}","templated":true}]}}