{"id":900,"date":"2025-04-27T10:29:08","date_gmt":"2025-04-27T13:29:08","guid":{"rendered":"https:\/\/cj.estrategia.com\/portal\/?p=900"},"modified":"2025-05-03T10:36:39","modified_gmt":"2025-05-03T13:36:39","slug":"concurso-mpm-promotor","status":"publish","type":"post","link":"https:\/\/cj.estrategia.com\/portal\/concurso-mpm-promotor\/","title":{"rendered":"Concurso MPM Promotor: mais de 4 anos sem um novo edital"},"content":{"rendered":"\n<p>O <strong>Minist\u00e9rio P\u00fablico Militar<\/strong> publicou seu \u00faltimo edital para promotor em 2020. Na ocasi\u00e3o, foram ofertadas seis (6) vagas com vencimento inicial de <strong>R$ 33.689,11. <\/strong><\/p>\n\n\n\n<p>O <a href=\"https:\/\/cj.estrategia.com\/portal\/wp-content\/uploads\/2023\/01\/16145342\/Resultado-final-MPM-Promotor-2020.pdf\" target=\"_blank\" >resultado final<\/a> do \u00faltimo <strong>Concurso MPM Promotor<\/strong> foi publicado em janeiro de 2023 e contou com 18 aprovados no certame. <\/p>\n\n\n\n<p>Para ingressar no Minist\u00e9rio P\u00fablico Militar, como promotor, \u00e9 necess\u00e1rio ser <strong>bacharel em Direito<\/strong> e contar, no tempo da <strong>inscri\u00e7\u00e3o definitiva<\/strong> do concurso, com <strong>tr\u00eas anos de atividade jur\u00eddica<\/strong>.<\/p>\n\n\n\n<ul class=\"wp-block-list has-very-light-gray-to-cyan-bluish-gray-gradient-background has-background\">\n<li><strong>Concurso MPM Promotor<\/strong><\/li>\n\n\n\n<li><strong>Status<\/strong>: previsto<\/li>\n\n\n\n<li><strong>Banca:<\/strong> MPM<\/li>\n\n\n\n<li><strong>Vagas:<\/strong> 06<\/li>\n\n\n\n<li><strong>Sal\u00e1rio:<\/strong> R$ 33.689,11<\/li>\n\n\n\n<li><a href=\"https:\/\/dhg1h5j42swfq.cloudfront.net\/2020\/01\/15085833\/Edital_MPM_Promotor_2020.pdf\" target=\"_blank\" >\u00daltimo Edital 2020<\/a><\/li>\n<\/ul>\n\n\n\n<div class=\"container\" id=\"boxes\">\n  <div class=\"row\">\n\n    <div class=\"col-sm\">\n      <div class=\"banner-estrategia-concursos-juridicos\" id=\"box-assinatura\">\n        <h2 id=\"curso-mpm-promotor\" class=\"titulo-assinatura\"><span style=\"color: #ffffff; font-size: 23px; \">Curso MPM Promotor <\/span><\/h2>\n        <p class=\"subtitulo-assinatura\">Conhe\u00e7a o curso<\/p>\n        <div class=\"box-botao\">\n          <a class=\"btn-assinatura-juridica\" target=\"_blank\" href=\"https:\/\/cj.estrategia.com\/cursos\/busca\/Concurso%20MPM%20Promotor\" role=\"button\" rel=\"noopener noreferrer\">Conhe\u00e7a mais<\/a>\n        <\/div>\n      <\/div>\n      <p class=\"texto-auxiliar\">Prepare-se com o melhor material e com quem mais aprova em Concursos P\u00fablicos em todo o pa\u00eds. Assine agora a nossa Assinatura Anual e tenha acesso ilimitado* a todos os nossos cursos.<\/p>\n    <\/div>\n\n  <\/div>\n<\/div>\n\n\n\n<div class=\"wp-block-yoast-seo-table-of-contents yoast-table-of-contents\"><h2 id=\"navegue-pelo-indice\">Navegue pelo \u00edndice:<\/h2><ul><li><a href=\"#situacao\" data-level=\"2\">Situa\u00e7\u00e3o atual do concurso MPM Promotor<\/a><ul><li><a href=\"#resultados\" data-level=\"3\">Resultados<\/a><\/li><\/ul><\/li><li><a href=\"#carreira\" data-level=\"2\">Carreira MPM Promotor<\/a><ul><li><a href=\"#cargo\" data-level=\"3\">Cargos\/Vagas e Remunera\u00e7\u00f5es<\/a><\/li><li><a href=\"#requisitos\" data-level=\"3\">Requisitos do cargo do concurso<\/a><\/li><li><a href=\"#atividade-juridica\" data-level=\"3\">Atividade jur\u00eddica<\/a><\/li><li><a href=\"#remuneracoes\" data-level=\"3\">Remunera\u00e7\u00e3o<\/a><\/li><\/ul><\/li><li><a href=\"#prova\" data-level=\"2\">Etapas de provas do concurso<\/a><ul><li><a href=\"#provas-objetivas\" data-level=\"3\">Provas objetivas<\/a><\/li><li><a href=\"#provas-escritas\" data-level=\"3\">Provas escritas<\/a><\/li><li><a href=\"#provas-orais\" data-level=\"3\">Provas orais<\/a><\/li><li><a href=\"#prova-titulos\" data-level=\"3\">Prova de t\u00edtulos<\/a><\/li><\/ul><\/li><li><a href=\"#ultimo-concurso\" data-level=\"2\">O \u00faltimo concurso MPM Promotor<\/a><\/li><li><a href=\"#cursos\" data-level=\"2\">Quer saber tudo sobre concursos previstos? Confira nossos artigos!<\/a><\/li><li><a href=\"#cursos-assinatura\" data-level=\"2\">CURSOS E ASSINATURAS<\/a><\/li><\/ul><\/div>\n\n\n\n<h2 class=\"wp-block-heading\" id=\"situacao\"><span id=\"situacao-atual-do-concurso-mpm-promotor\">Situa\u00e7\u00e3o atual do concurso MPM Promotor<\/span><\/h2>\n\n\n\n<h3 class=\"wp-block-heading\" id=\"resultados\">Resultados<\/h3>\n\n\n\n<ul class=\"wp-block-list\">\n<li>Foi publicado o <a href=\"https:\/\/www.in.gov.br\/en\/web\/dou\/-\/edital-de-20-de-setembro-de-2022-431094069\" target=\"_blank\" >resultado final<\/a> da prova escrita do concurso MPM Promotor. <\/li>\n<\/ul>\n\n\n\n<ul class=\"wp-block-list\">\n<li><a href=\"https:\/\/cj.estrategia.com\/portal\/wp-content\/uploads\/2022\/03\/31111008\/relacao-de-candidatos-habilitados.pdf\" target=\"_blank\" >Resultado definitivo das provas objetivas<\/a> <\/li>\n<\/ul>\n\n\n\n<h2 class=\"wp-block-heading\" id=\"carreira\"><span id=\"carreira-mpm-promotor\">Carreira MPM Promotor <\/span><\/h2>\n\n\n\n<h3 class=\"wp-block-heading\" id=\"cargo\"><span id=\"cargos-vagas-e-remuneracoes\">Cargos\/Vagas e Remunera\u00e7\u00f5es<\/span><\/h3>\n\n\n\n<figure class=\"wp-block-table is-style-stripes\"><table class=\"has-very-light-gray-to-cyan-bluish-gray-gradient-background has-background\"><thead><tr><th class=\"has-text-align-center\" data-align=\"center\">CARGOS<\/th><th class=\"has-text-align-center\" data-align=\"center\">VAGAS<\/th><th class=\"has-text-align-center\" data-align=\"center\">ESCOLARIDADE<\/th><th class=\"has-text-align-center\" data-align=\"center\">REMUNERA\u00c7\u00d5ES<\/th><\/tr><\/thead><tbody><tr><td class=\"has-text-align-center\" data-align=\"center\">Promotor de Justi\u00e7a Militar (RS)<\/td><td class=\"has-text-align-center\" data-align=\"center\">2 vagas<\/td><td class=\"has-text-align-center\" data-align=\"center\">N\u00edvel Superior  + 3 anos de atividade jur\u00eddica <\/td><td class=\"has-text-align-center\" data-align=\"center\"> R$ 33.689,11 <\/td><\/tr><tr><td class=\"has-text-align-center\" data-align=\"center\"> Promotor de Justi\u00e7a Militar (PA) <\/td><td class=\"has-text-align-center\" data-align=\"center\">1 vaga<\/td><td class=\"has-text-align-center\" data-align=\"center\">N\u00edvel Superior + 3 anos de atividade jur\u00eddica <\/td><td class=\"has-text-align-center\" data-align=\"center\"> R$ 33.689,11 <\/td><\/tr><tr><td class=\"has-text-align-center\" data-align=\"center\"> Promotor de Justi\u00e7a Militar (AM)<\/td><td class=\"has-text-align-center\" data-align=\"center\"> 1 vaga <\/td><td class=\"has-text-align-center\" data-align=\"center\"> N\u00edvel Superior  + 3 anos de atividade jur\u00eddica <\/td><td class=\"has-text-align-center\" data-align=\"center\"> R$ 33.689,11 <\/td><\/tr><tr><td class=\"has-text-align-center\" data-align=\"center\"> Promotor de Justi\u00e7a Militar (PE)<\/td><td class=\"has-text-align-center\" data-align=\"center\"> 1 vaga <\/td><td class=\"has-text-align-center\" data-align=\"center\"> N\u00edvel Superior + 3 anos de atividade jur\u00eddica  <\/td><td class=\"has-text-align-center\" data-align=\"center\"> R$ 33.689,11 <\/td><\/tr><tr><td class=\"has-text-align-center\" data-align=\"center\"> Promotor de Justi\u00e7a Militar (RJ)<\/td><td class=\"has-text-align-center\" data-align=\"center\"> 1 vaga <\/td><td class=\"has-text-align-center\" data-align=\"center\"> N\u00edvel Superior  + 3 anos de atividade jur\u00eddica <\/td><td class=\"has-text-align-center\" data-align=\"center\"> R$ 33.689,11 <\/td><\/tr><\/tbody><\/table><\/figure>\n\n\n\n<ul class=\"wp-block-list\">\n<li><strong>Aux\u00edlio-Alimenta\u00e7\u00e3o<\/strong>, no valor de&nbsp;<strong>R$ 910,08<\/strong>;<\/li>\n\n\n\n<li><strong>Assist\u00eancia Pr\u00e9-Escolar<\/strong>, no valor de&nbsp;<strong>R$ 719,62<\/strong>;<\/li>\n\n\n\n<li><strong>Aux\u00edlio-Transporte<\/strong>, no valor de&nbsp;<strong>R$ 239,20<\/strong>;<\/li>\n\n\n\n<li><strong>Exames Peri\u00f3dicos<\/strong>, no valor de&nbsp;<strong>R$ 210,72<\/strong>; <\/li>\n\n\n\n<li><strong>Assist\u00eancia M\u00e9dica e Odontol\u00f3gica \u2013 Participa\u00e7\u00e3o Uni\u00e3o<\/strong>, no valor de&nbsp;<strong>R$ 215,00<\/strong>.<\/li>\n<\/ul>\n\n\n\n<h3 class=\"wp-block-heading\" id=\"requisitos\"><span id=\"requisitos-do-cargo-do-concurso\">Requisitos do cargo do concurso<\/span><\/h3>\n\n\n\n<p>Para ingressar no Minist\u00e9rio P\u00fablico Militar \u00e9 necess\u00e1rio ser <strong>bacharel em Direito<\/strong> e contar, no tempo da <strong>inscri\u00e7\u00e3o definitiva<\/strong> do concurso, com <strong>tr\u00eas anos de atividade jur\u00eddica<\/strong>.<\/p>\n\n\n\n<h3 class=\"wp-block-heading\" id=\"atividade-juridica\">Atividade jur\u00eddica<\/h3>\n\n\n\n<p>A exig\u00eancia de atividade jur\u00eddica nos concursos do Minist\u00e9rio P\u00fablico est\u00e1 disciplinada na Resolu\u00e7\u00e3o 40\/ 2009 do CNMP. Confira abaixo um resumo:<\/p>\n\n\n\n<ul class=\"wp-block-list\">\n<li>Efetivo exerc\u00edcio da advocacia, com participa\u00e7\u00e3o anual m\u00ednima em pelo menos 5 atos privativos de advogado, em causas ou quest\u00f5es distintas.<\/li>\n\n\n\n<li>Exerc\u00edcio de cargo, empregou ou fun\u00e7\u00e3o que exija a utiliza\u00e7\u00e3o preponderante de conhecimentos jur\u00eddicos.<\/li>\n\n\n\n<li>Exerc\u00edcio da fun\u00e7\u00e3o de conciliador junto ao Poder Judici\u00e1rio de pelo menos 16 horas mensais por 1 ano.<\/li>\n\n\n\n<li>Exerc\u00edcio de media\u00e7\u00e3o ou arbitragem na composi\u00e7\u00e3o de lit\u00edgios, por 16 horas mensais por 1 ano.<\/li>\n\n\n\n<li>Um ano para p\u00f3s-gradua\u00e7\u00e3o&nbsp;<em>latu-sensu&nbsp;<\/em><strong>em Direito<\/strong><em>.<\/em><\/li>\n\n\n\n<li>Dois anos para Mestrado&nbsp;<strong>em Direito.<\/strong><\/li>\n\n\n\n<li>Tr\u00eas anos para Doutorado&nbsp;<strong>em Direito.<\/strong><\/li>\n<\/ul>\n\n\n\n<p>Quer saber mais sobre atividade jur\u00eddica em concursos p\u00fablicos?&nbsp;<a  href=\"https:\/\/www.estrategiaconcursos.com.br\/blog\/atividade-juridica-concursos-publicos\/\" target=\"_blank\">Confira aqui nosso guia completo.<\/a><\/p>\n\n\n\n<h3 class=\"wp-block-heading\" id=\"remuneracoes\"><span id=\"remuneracao\">Remunera\u00e7\u00e3o<\/span><\/h3>\n\n\n\n<p>O Minist\u00e9rio P\u00fablico Militar conta com tr\u00eas tipos de cargos, os quais s\u00e3o muito visados, devido \u00e0 farta remunera\u00e7\u00e3o recebida. Abaixo, voc\u00ea verifica os cargos e seus respectivos subs\u00eddios:<\/p>\n\n\n\n<p>\u2022<strong> Subprocuradores da Justi\u00e7a Militar <\/strong>&#8211; R$ 37.328,65 <\/p>\n\n\n\n<p>\u2022<strong> Procuradores da Justi\u00e7a Militar <\/strong>&#8211; R$ 35.462,22 <\/p>\n\n\n\n<p>\u2022<strong> Promotores da Justi\u00e7a Militar <\/strong>&#8211; R$ 33.689,11 <\/p>\n\n\n\n<h2 class=\"wp-block-heading\" id=\"prova\"><span id=\"etapas-de-provas-do-concurso\">Etapas de provas do concurso<\/span><\/h2>\n\n\n\n<p>O certame conta com as seguintes etapas:<\/p>\n\n\n\n<ul class=\"wp-block-list\">\n<li><strong>1\u00aa etapa<\/strong>: Prova escrita objetiva\n<ul class=\"wp-block-list\">\n<li>eliminat\u00f3ria e classificat\u00f3ria<\/li>\n<\/ul>\n<\/li>\n\n\n\n<li><strong>2\u00aa etapa<\/strong>: Quatro provas escritas subjetivas\n<ul class=\"wp-block-list\">\n<li>eliminat\u00f3rias e classificat\u00f3rias<\/li>\n<\/ul>\n<\/li>\n\n\n\n<li><strong>3\u00aa etapa<\/strong>: Quatro provas orais, uma para cada Grupo de Mat\u00e9rias, todas de car\u00e1ter eliminat\u00f3rio e classificat\u00f3rio <\/li>\n\n\n\n<li><strong>4\u00aa etapa<\/strong>: Quarta etapa &#8211; uma prova pr\u00e1tica, de car\u00e1ter classificat\u00f3rio; <\/li>\n\n\n\n<li><strong>5\u00aa etapa<\/strong>: Avalia\u00e7\u00e3o de t\u00edtulos, de car\u00e1ter classificat\u00f3rio <\/li>\n<\/ul>\n\n\n\n<h3 class=\"wp-block-heading\" id=\"provas-objetivas\">Provas objetivas<\/h3>\n\n\n\n<p>A primeira etapa do concurso MPM \u00e9 composta por uma&nbsp;<strong>prova objetiva<\/strong>&nbsp;com&nbsp;<strong>125 quest\u00f5es&nbsp;<\/strong>de m\u00faltipla escolha valendo&nbsp;<strong>0,8 ponto<\/strong>&nbsp;cada.<\/p>\n\n\n\n<p>As quest\u00f5es das provas s\u00e3o distribu\u00eddas entre os quatro grupos de disciplinas da seguinte forma:<\/p>\n\n\n\n<figure class=\"wp-block-table is-style-stripes\"><table class=\"has-very-light-gray-to-cyan-bluish-gray-gradient-background has-background\"><thead><tr><th class=\"has-text-align-center\" data-align=\"center\">GRUPO I<\/th><th class=\"has-text-align-center\" data-align=\"center\">GRIPO II\u00a0<\/th><th class=\"has-text-align-center\" data-align=\"center\">GRUPO III<\/th><th class=\"has-text-align-center\" data-align=\"center\">GRUPO IV<\/th><\/tr><\/thead><tbody><tr><td class=\"has-text-align-center\" data-align=\"center\">Direito Penal<\/td><td class=\"has-text-align-center\" data-align=\"center\">Direito Processual Penal Militar<\/td><td class=\"has-text-align-center\" data-align=\"center\">Direito Constitucional<\/td><td class=\"has-text-align-center\" data-align=\"center\">Direito Administrativo<\/td><\/tr><tr><td class=\"has-text-align-center\" data-align=\"center\">Direito Penal Militar<\/td><td class=\"has-text-align-center\" data-align=\"center\">Organiza\u00e7\u00e3o Judici\u00e1ria Militar<\/td><td class=\"has-text-align-center\" data-align=\"center\">Direitos Humanos<\/td><td class=\"has-text-align-center\" data-align=\"center\">Direito Administrativo Militar<\/td><\/tr><tr><td class=\"has-text-align-center\" data-align=\"center\">&nbsp;<\/td><td class=\"has-text-align-center\" data-align=\"center\">Minist\u00e9rio P\u00fablico da Uni\u00e3o<\/td><td class=\"has-text-align-center\" data-align=\"center\">Direito Internacional Penal<\/td><td class=\"has-text-align-center\" data-align=\"center\">Direito Civil<\/td><\/tr><tr><td class=\"has-text-align-center\" data-align=\"center\">&nbsp;<\/td><td class=\"has-text-align-center\" data-align=\"center\">&nbsp;<\/td><td class=\"has-text-align-center\" data-align=\"center\">Direito Internacional Humanit\u00e1rio<\/td><td class=\"has-text-align-center\" data-align=\"center\">Direito Processual Civil<\/td><\/tr><tr><td class=\"has-text-align-center\" data-align=\"center\"><strong>30 quest\u00f5es<\/strong><\/td><td class=\"has-text-align-center\" data-align=\"center\"><strong>35 quest\u00f5es<\/strong><\/td><td class=\"has-text-align-center\" data-align=\"center\"><strong>30 quest\u00f5es<\/strong><\/td><td class=\"has-text-align-center\" data-align=\"center\"><strong>30 quest\u00f5es<\/strong><\/td><\/tr><\/tbody><\/table><\/figure>\n\n\n\n<h4 class=\"wp-block-heading\" id=\"criterios-para-aprovacao\">Crit\u00e9rios para aprova\u00e7\u00e3o<\/h4>\n\n\n\n<ul class=\"wp-block-list\">\n<li>Nota m\u00ednima de 50% em&nbsp;<strong>cada grupo de disciplinas<\/strong>.<\/li>\n\n\n\n<li>Classificar-se: at\u00e9 a 100\u00aa posi\u00e7\u00e3o (AC), 20\u00aa posi\u00e7\u00e3o (Negros) e 20\u00aa posi\u00e7\u00e3o (PcD), respeitados os empates.<\/li>\n<\/ul>\n\n\n\n<h3 class=\"wp-block-heading\" id=\"provas-escritas\">Provas escritas<\/h3>\n\n\n\n<p>O concurso MPM tem&nbsp;<strong>quatro&nbsp;<\/strong>provas escritas&nbsp;<strong>subjetivas<\/strong>, sendo uma para cada grupo de disciplinas do programa do certame. As provas s\u00e3o compostas por&nbsp;<strong>duas partes<\/strong>:<\/p>\n\n\n\n<ul class=\"wp-block-list\">\n<li>Pe\u00e7a jur\u00eddica;<\/li>\n\n\n\n<li>Quest\u00f5es discursivas, disserta\u00e7\u00f5es ou pareceres.<\/li>\n<\/ul>\n\n\n\n<h4 class=\"wp-block-heading\" id=\"distribuicao-dos-pontos\">Distribui\u00e7\u00e3o dos pontos<\/h4>\n\n\n\n<p><strong>GRUPO I:<\/strong>&nbsp;100 pontos.<\/p>\n\n\n\n<p><strong>GRUPO II<\/strong>:<\/p>\n\n\n\n<ul class=\"wp-block-list\">\n<li>Direito Processual Penal Militar: 70 pontos;<\/li>\n\n\n\n<li>Organiza\u00e7\u00e3o Judici\u00e1ria Militar: 15 pontos;<\/li>\n\n\n\n<li>Minist\u00e9rio P\u00fablico da Uni\u00e3o: 15 pontos.<\/li>\n<\/ul>\n\n\n\n<p><strong>GRUPO III:<\/strong><\/p>\n\n\n\n<ul class=\"wp-block-list\">\n<li>Direito Constitucional e Direitos Humanos: 70 pontos;<\/li>\n\n\n\n<li>Direito Internacional Penal: 15 pontos;<\/li>\n\n\n\n<li>Direito Internacional Humanit\u00e1rio 15 pontos.<\/li>\n<\/ul>\n\n\n\n<p><strong>GRUPO IV<\/strong><\/p>\n\n\n\n<ul class=\"wp-block-list\">\n<li>Direito Administrativo: 55 pontos;<\/li>\n\n\n\n<li>Direito Administrativo Militar: 20 pontos;<\/li>\n\n\n\n<li>Direito Civil e Processo Civil: 25 pontos.<\/li>\n<\/ul>\n\n\n\n<h4 class=\"wp-block-heading\" id=\"nota-minima\">Nota m\u00ednima<\/h4>\n\n\n\n<p>Para ser aprovado nesta etapa, o candidato dever\u00e1 alcan\u00e7ar o aproveitamento m\u00ednimo de&nbsp;<strong>50 pontos em cada prova.<\/strong><\/p>\n\n\n\n<h3 class=\"wp-block-heading\" id=\"provas-orais\">Provas orais<\/h3>\n\n\n\n<p>As&nbsp;<strong>quatro provas orais<\/strong>&nbsp;do concurso ser\u00e3o realizadas em sess\u00e3o p\u00fablica em dias consecutivos (um para cada prova).<\/p>\n\n\n\n<p>Os candidatos ser\u00e3o arguidos pela comiss\u00e3o do concurso depois de pr\u00e9vio sorteio dos pontos da prova. Ap\u00f3s o sorteio dos pontos, o candidato poder\u00e1 meditar sobre a lista de temas por at\u00e9 30 minutos antes do in\u00edcio da argui\u00e7\u00e3o.<\/p>\n\n\n\n<p>Os examinadores atribuir\u00e3o nota de 0 a 100 pontos pelas argui\u00e7\u00f5es de cada grupo de disciplinas. Para ser aprovado nesta prova, \u00e9 necess\u00e1rio obter m\u00e9dio m\u00ednima de 50 pontos por grupo.<\/p>\n\n\n\n<h3 class=\"wp-block-heading\" id=\"prova-titulos\"><span id=\"prova-de-titulos\">Prova de t\u00edtulos<\/span><\/h3>\n\n\n\n<p><em>PRODU\u00c7\u00c3O CULTURAL DE AUTORIA INDIVIDUAL, NO \u00c2MBITO DA CI\u00caNCIA JUR\u00cdDICA, CONSTANTE DE PUBLICA\u00c7\u00c3O ESPECIALIZADA, tais como:<\/em><\/p>\n\n\n\n<ul class=\"wp-block-list\">\n<li>Artigos, ensaios, monografias, teses e livros: 01 ponto por produ\u00e7\u00e3o, at\u00e9 o m\u00e1ximo de 10 pontos.<\/li>\n<\/ul>\n\n\n\n<p><em>DIPLOMA DE MESTRE OU DOUTOR EM DIREITO, DEVIDAMENTE REGISTRADO<\/em><\/p>\n\n\n\n<ul class=\"wp-block-list\">\n<li>05 pontos por diploma, at\u00e9 o m\u00e1ximo de 20 pontos.<\/li>\n<\/ul>\n\n\n\n<p><em>DIPLOMA UNIVERSIT\u00c1RIO DE CURSO DE P\u00d3S-GRADUA\u00c7\u00c3O<\/em><\/p>\n\n\n\n<ul class=\"wp-block-list\">\n<li>m\u00ednimo de 360 horas, em n\u00edvel de especializa\u00e7\u00e3o na \u00e1rea jur\u00eddica nacional ou estrangeira, conferido ap\u00f3s atribui\u00e7\u00e3o de nota de aproveitamento, desde que devidamente reconhecido: 02 pontos por curso, at\u00e9 o m\u00e1ximo de 10 pontos.<\/li>\n<\/ul>\n\n\n\n<p><em>APROVA\u00c7\u00c3O EM CONCURSO P\u00daBLICO PRIVATIVO DE BACHAREL EM DIREITO<\/em><\/p>\n\n\n\n<ul class=\"wp-block-list\">\n<li>02 pontos por aprova\u00e7\u00e3o, at\u00e9 o m\u00e1ximo de 10 pontos<\/li>\n<\/ul>\n\n\n\n<h4 class=\"wp-block-heading\" id=\"nota-final\"><span id=\"concurso-mpm-promotor-nota-final\">Concurso MPM Promotor: Nota final<\/span><\/h4>\n\n\n\n<p> A classifica\u00e7\u00e3o final do candidato habilitado resultar\u00e1 da m\u00e9dia aritm\u00e9tica ponderada das m\u00e9dias obtidas nas provas escritas, orais e notas da prova pr\u00e1tica e de t\u00edtulos, aplicando-se os seguintes pesos: <\/p>\n\n\n\n<ul class=\"wp-block-list\">\n<li>M\u00e9dia das provas escritas: 5<\/li>\n\n\n\n<li>M\u00e9dia das provas orais:  4<\/li>\n\n\n\n<li> Soma das notas da prova pr\u00e1tica e de t\u00edtulos: 1<\/li>\n<\/ul>\n\n\n\n<p><strong>M\u00e9dia final m\u00ednima: <\/strong>50 pontos.<\/p>\n\n\n\n<h2 class=\"wp-block-heading\" id=\"ultimo-concurso\"><span id=\"o-ultimo-concurso-mpm-promotor\">O \u00faltimo concurso MPM Promotor<\/span><\/h2>\n\n\n\n<p>O \u00faltimo concurso de ingresso no MPM (11\u00ba) ocorreu em 2013 e foi organizado pelo pr\u00f3prio \u00f3rg\u00e3o. O certame, que ofereceu 9 vagas imediatas, teve <strong>14 aprovados<\/strong>, todos nomeados.<\/p>\n\n\n\n<h2 class=\"wp-block-heading has-text-align-center\" id=\"cursos\"><span id=\"quer-saber-tudo-sobre-concursos-previstosconfira-nossos-artigos\">Quer saber tudo sobre concursos previstos?<br><strong>Confira nossos artigos!<\/strong><\/span><\/h2>\n\n\n\n<ul class=\"wp-block-list\">\n<li><a href=\"https:\/\/cj.estrategia.com\/portal\/concursos-abertos-carreiras-juridicas\/\">Concursos jur\u00eddicos abertos<\/a><\/li>\n\n\n\n<li><a href=\"https:\/\/cj.estrategia.com\/portal\/concursos-advogados\/\">Concursos jur\u00eddicos 2025<\/a><\/li>\n\n\n\n<li><a href=\"https:\/\/cj.estrategia.com\/portal\/concursos-magistratura\/\">Concursos Magistratura<\/a><\/li>\n<\/ul>\n\n\n\n<h2 class=\"wp-block-heading has-text-align-center\" id=\"cursos-assinatura\"><span id=\"cursos-e-assinaturas\">CURSOS E ASSINATURAS<\/span><\/h2>\n\n\n\n<div class=\"wp-block-cover\" style=\"min-height:155px;aspect-ratio:unset;\"><img decoding=\"async\" width=\"1890\" height=\"351\" class=\"wp-block-cover__image-background wp-image-8669\" alt=\"Assinaturas Jur\u00eddicas\" src=\"https:\/\/cj.estrategia.com\/portal\/wp-content\/uploads\/2022\/06\/20151253\/concurso-carreiras-juridicas-assinatura-juridica.jpg\" style=\"object-position:78% 43%\" data-object-fit=\"cover\" data-object-position=\"78% 43%\" srcset=\"https:\/\/cj.estrategia.com\/portal\/wp-content\/uploads\/2022\/06\/20151253\/concurso-carreiras-juridicas-assinatura-juridica.jpg 1890w, https:\/\/cj.estrategia.com\/portal\/wp-content\/uploads\/2022\/06\/20151253\/concurso-carreiras-juridicas-assinatura-juridica-300x56.jpg 300w, https:\/\/cj.estrategia.com\/portal\/wp-content\/uploads\/2022\/06\/20151253\/concurso-carreiras-juridicas-assinatura-juridica-1024x190.jpg 1024w, https:\/\/cj.estrategia.com\/portal\/wp-content\/uploads\/2022\/06\/20151253\/concurso-carreiras-juridicas-assinatura-juridica-768x143.jpg 768w, https:\/\/cj.estrategia.com\/portal\/wp-content\/uploads\/2022\/06\/20151253\/concurso-carreiras-juridicas-assinatura-juridica-1536x285.jpg 1536w, https:\/\/cj.estrategia.com\/portal\/wp-content\/uploads\/2022\/06\/20151253\/concurso-carreiras-juridicas-assinatura-juridica-380x71.jpg 380w, https:\/\/cj.estrategia.com\/portal\/wp-content\/uploads\/2022\/06\/20151253\/concurso-carreiras-juridicas-assinatura-juridica-800x149.jpg 800w, https:\/\/cj.estrategia.com\/portal\/wp-content\/uploads\/2022\/06\/20151253\/concurso-carreiras-juridicas-assinatura-juridica-1160x215.jpg 1160w\" sizes=\"(max-width: 1890px) 100vw, 1890px\" \/><span aria-hidden=\"true\" class=\"wp-block-cover__background has-background-dim\"><\/span><div class=\"wp-block-cover__inner-container is-layout-flow wp-block-cover-is-layout-flow\">\n<h3 id=\"faca-a-sua-assinatura\" class=\"titulo-assinatura\"><span style=\"color: #ffffff;\">Fa\u00e7a a sua assinatura!<\/span><\/h3>\n<p class=\"subtitulo-assinatura\" style=\"display:block!important; line-height: 0;\"><span style=\"color: #ffffff;\">Escolha a sua \u00e1rea.<\/span><\/p>\n<a target=\"_blank\" href=\"https:\/\/www.estrategiaconcursos.com.br\/assinaturas-ecj\/\" rel=\"noopener\"><button style=\"border-radius: 10px; text-transform: capitalize;\">Acessar<\/button><\/a>\n<\/div><\/div>\n\n\n\n<p><em>Prepare-se com o melhor material e com quem mais aprova em Concursos P\u00fablicos em todo o pa\u00eds.<\/em><\/p>\n\n\n\n<figure class=\"wp-block-image size-large is-resized\"><img decoding=\"async\" src=\"https:\/\/dhg1h5j42swfq.cloudfront.net\/2021\/06\/30160901\/ficha-tecnica-8-1024x632.png\" alt=\"\" class=\"wp-image-781687\" style=\"width:214px;height:132px\"\/><\/figure>\n\n\n\n<h4 class=\"wp-block-heading\" id=\"ficha-tecnica\"><span id=\"informacoes-do-ultimo-concurso-mpm-promotor\">Informa\u00e7\u00f5es do \u00faltimo Concurso MPM Promotor<\/span><\/h4>\n\n\n\n<ul class=\"wp-block-list\">\n<li><strong>Data prevista:\u00a0<\/strong><s>24\/10\/2021<\/s><\/li>\n\n\n\n<li><strong>Vagas:\u00a0<\/strong>6 <\/li>\n\n\n\n<li><strong>Cargos:<\/strong>\u00a0Promotor de Justi\u00e7a Militar<\/li>\n\n\n\n<li><strong>Escolaridade:\u00a0<\/strong>N\u00edvel Superior em Direito + 3 anos de atividade jur\u00eddica<\/li>\n\n\n\n<li><strong>Lota\u00e7\u00f5es:<\/strong>\u00a0RJ, AM, PE, PA e RS<\/li>\n\n\n\n<li><strong>Banca:\u00a0<\/strong>MPM <\/li>\n\n\n\n<li><strong>Edital:<\/strong> <a href=\"https:\/\/dhg1h5j42swfq.cloudfront.net\/2020\/01\/15085833\/Edital_MPM_Promotor_2020.pdf\" target=\"_blank\" rel=\"noreferrer noopener nofollow\">Edital 2020<\/a><\/li>\n<\/ul>\n","protected":false},"excerpt":{"rendered":"O Minist\u00e9rio P\u00fablico Militar publicou seu \u00faltimo edital para promotor em 2020. Na ocasi\u00e3o, foram ofertadas seis (6)&hellip;\n","protected":false},"author":12,"featured_media":20784,"comment_status":"open","ping_status":"open","sticky":false,"template":"","format":"standard","meta":{"_jetpack_memberships_contains_paid_content":false,"footnotes":""},"categories":[1,25],"tags":[],"tax_estado":[36],"class_list":{"0":"post-900","1":"post","2":"type-post","3":"status-publish","4":"format-standard","5":"has-post-thumbnail","7":"category-carreiras-juridicas","8":"category-promotoria","9":"tax_estado-concursos-federais"},"acf":[],"yoast_head":"<!-- This site is optimized with the Yoast SEO Premium plugin v27.4 (Yoast SEO v27.4) - https:\/\/yoast.com\/product\/yoast-seo-premium-wordpress\/ -->\n<title>Concurso MPM Promotor: mais de 4 anos sem um novo edital<\/title>\n<meta name=\"description\" content=\"Concurso MPM Promotor: confira AQUI os principais detalhes desta sele\u00e7\u00e3o com expectativa de um novo edital em breve!\" \/>\n<meta name=\"robots\" content=\"index, follow, max-snippet:-1, max-image-preview:large, max-video-preview:-1\" \/>\n<link rel=\"canonical\" href=\"https:\/\/cj.estrategia.com\/portal\/concurso-mpm-promotor\/\" \/>\n<meta property=\"og:locale\" content=\"pt_BR\" \/>\n<meta property=\"og:type\" content=\"article\" \/>\n<meta property=\"og:title\" content=\"Concurso MPM Promotor: mais de 4 anos sem um novo edital\" \/>\n<meta property=\"og:description\" content=\"Concurso MPM Promotor: confira AQUI os principais detalhes desta sele\u00e7\u00e3o com expectativa de um novo edital em breve!\" \/>\n<meta property=\"og:url\" content=\"https:\/\/cj.estrategia.com\/portal\/concurso-mpm-promotor\/\" \/>\n<meta property=\"og:site_name\" content=\"Blog - Carreiras Jur\u00eddicas - Estrat\u00e9gia\" \/>\n<meta property=\"article:publisher\" content=\"https:\/\/www.facebook.com\/estrategiacarreirajuridica\/\" \/>\n<meta property=\"article:published_time\" content=\"2025-04-27T13:29:08+00:00\" \/>\n<meta property=\"article:modified_time\" content=\"2025-05-03T13:36:39+00:00\" \/>\n<meta property=\"og:image\" content=\"https:\/\/cj.estrategia.com\/portal\/wp-content\/uploads\/2022\/09\/04102722\/Concursos-Promotorias.jpg\" \/>\n\t<meta property=\"og:image:width\" content=\"768\" \/>\n\t<meta property=\"og:image:height\" content=\"432\" \/>\n\t<meta property=\"og:image:type\" content=\"image\/jpeg\" \/>\n<meta name=\"author\" content=\"Coordena\u00e7\u00e3o\" \/>\n<meta name=\"twitter:card\" content=\"summary_large_image\" \/>\n<meta name=\"twitter:creator\" content=\"@EstratJuridica\" \/>\n<meta name=\"twitter:site\" content=\"@EstratJuridica\" \/>\n<meta name=\"twitter:label1\" content=\"Escrito por\" \/>\n\t<meta name=\"twitter:data1\" content=\"Coordena\u00e7\u00e3o\" \/>\n\t<meta name=\"twitter:label2\" content=\"Est. tempo de leitura\" \/>\n\t<meta name=\"twitter:data2\" content=\"8 minutos\" \/>\n<script type=\"application\/ld+json\" class=\"yoast-schema-graph\">{\"@context\":\"https:\\\/\\\/schema.org\",\"@graph\":[{\"@type\":\"NewsArticle\",\"@id\":\"https:\\\/\\\/cj.estrategia.com\\\/portal\\\/concurso-mpm-promotor\\\/#article\",\"isPartOf\":{\"@id\":\"https:\\\/\\\/cj.estrategia.com\\\/portal\\\/concurso-mpm-promotor\\\/\"},\"author\":{\"name\":\"Coordena\u00e7\u00e3o\",\"@id\":\"https:\\\/\\\/cj.estrategia.com\\\/portal\\\/#\\\/schema\\\/person\\\/4d70317d31449932b99102916b6637f5\"},\"headline\":\"Concurso MPM Promotor: mais de 4 anos sem um novo edital\",\"datePublished\":\"2025-04-27T13:29:08+00:00\",\"dateModified\":\"2025-05-03T13:36:39+00:00\",\"mainEntityOfPage\":{\"@id\":\"https:\\\/\\\/cj.estrategia.com\\\/portal\\\/concurso-mpm-promotor\\\/\"},\"wordCount\":1365,\"commentCount\":0,\"publisher\":{\"@id\":\"https:\\\/\\\/cj.estrategia.com\\\/portal\\\/#organization\"},\"image\":{\"@id\":\"https:\\\/\\\/cj.estrategia.com\\\/portal\\\/concurso-mpm-promotor\\\/#primaryimage\"},\"thumbnailUrl\":\"https:\\\/\\\/cj.estrategia.com\\\/portal\\\/wp-content\\\/uploads\\\/2022\\\/09\\\/04102722\\\/Concursos-Promotorias.jpg\",\"articleSection\":[\"Carreiras Jur\u00eddicas\",\"Promotoria\"],\"inLanguage\":\"pt-BR\",\"potentialAction\":[{\"@type\":\"CommentAction\",\"name\":\"Comment\",\"target\":[\"https:\\\/\\\/cj.estrategia.com\\\/portal\\\/concurso-mpm-promotor\\\/#respond\"]}],\"accessibilityFeature\":[\"tableOfContents\"]},{\"@type\":\"WebPage\",\"@id\":\"https:\\\/\\\/cj.estrategia.com\\\/portal\\\/concurso-mpm-promotor\\\/\",\"url\":\"https:\\\/\\\/cj.estrategia.com\\\/portal\\\/concurso-mpm-promotor\\\/\",\"name\":\"Concurso MPM Promotor: mais de 4 anos sem um novo edital\",\"isPartOf\":{\"@id\":\"https:\\\/\\\/cj.estrategia.com\\\/portal\\\/#website\"},\"primaryImageOfPage\":{\"@id\":\"https:\\\/\\\/cj.estrategia.com\\\/portal\\\/concurso-mpm-promotor\\\/#primaryimage\"},\"image\":{\"@id\":\"https:\\\/\\\/cj.estrategia.com\\\/portal\\\/concurso-mpm-promotor\\\/#primaryimage\"},\"thumbnailUrl\":\"https:\\\/\\\/cj.estrategia.com\\\/portal\\\/wp-content\\\/uploads\\\/2022\\\/09\\\/04102722\\\/Concursos-Promotorias.jpg\",\"datePublished\":\"2025-04-27T13:29:08+00:00\",\"dateModified\":\"2025-05-03T13:36:39+00:00\",\"description\":\"Concurso MPM Promotor: confira AQUI os principais detalhes desta sele\u00e7\u00e3o com expectativa de um novo edital em breve!\",\"breadcrumb\":{\"@id\":\"https:\\\/\\\/cj.estrategia.com\\\/portal\\\/concurso-mpm-promotor\\\/#breadcrumb\"},\"inLanguage\":\"pt-BR\",\"potentialAction\":[{\"@type\":\"ReadAction\",\"target\":[\"https:\\\/\\\/cj.estrategia.com\\\/portal\\\/concurso-mpm-promotor\\\/\"]}]},{\"@type\":\"ImageObject\",\"inLanguage\":\"pt-BR\",\"@id\":\"https:\\\/\\\/cj.estrategia.com\\\/portal\\\/concurso-mpm-promotor\\\/#primaryimage\",\"url\":\"https:\\\/\\\/cj.estrategia.com\\\/portal\\\/wp-content\\\/uploads\\\/2022\\\/09\\\/04102722\\\/Concursos-Promotorias.jpg\",\"contentUrl\":\"https:\\\/\\\/cj.estrategia.com\\\/portal\\\/wp-content\\\/uploads\\\/2022\\\/09\\\/04102722\\\/Concursos-Promotorias.jpg\",\"width\":768,\"height\":432,\"caption\":\"Concurso MP Promotorias\"},{\"@type\":\"BreadcrumbList\",\"@id\":\"https:\\\/\\\/cj.estrategia.com\\\/portal\\\/concurso-mpm-promotor\\\/#breadcrumb\",\"itemListElement\":[{\"@type\":\"ListItem\",\"position\":1,\"name\":\"In\u00edcio\",\"item\":\"https:\\\/\\\/cj.estrategia.com\\\/portal\\\/\"},{\"@type\":\"ListItem\",\"position\":2,\"name\":\"Concurso MPM Promotor: mais de 4 anos sem um novo edital\"}]},{\"@type\":\"WebSite\",\"@id\":\"https:\\\/\\\/cj.estrategia.com\\\/portal\\\/#website\",\"url\":\"https:\\\/\\\/cj.estrategia.com\\\/portal\\\/\",\"name\":\"Blog - Carreiras Jur\u00eddicas - Estrat\u00e9gia\",\"description\":\"\",\"publisher\":{\"@id\":\"https:\\\/\\\/cj.estrategia.com\\\/portal\\\/#organization\"},\"potentialAction\":[{\"@type\":\"SearchAction\",\"target\":{\"@type\":\"EntryPoint\",\"urlTemplate\":\"https:\\\/\\\/cj.estrategia.com\\\/portal\\\/?s={search_term_string}\"},\"query-input\":{\"@type\":\"PropertyValueSpecification\",\"valueRequired\":true,\"valueName\":\"search_term_string\"}}],\"inLanguage\":\"pt-BR\"},{\"@type\":\"Organization\",\"@id\":\"https:\\\/\\\/cj.estrategia.com\\\/portal\\\/#organization\",\"name\":\"Estrat\u00e9gia - Carreiras Jur\u00eddicas\",\"url\":\"https:\\\/\\\/cj.estrategia.com\\\/portal\\\/\",\"logo\":{\"@type\":\"ImageObject\",\"inLanguage\":\"pt-BR\",\"@id\":\"https:\\\/\\\/cj.estrategia.com\\\/portal\\\/#\\\/schema\\\/logo\\\/image\\\/\",\"url\":\"https:\\\/\\\/cj.estrategia.com\\\/portal\\\/wp-content\\\/uploads\\\/2022\\\/03\\\/11151052\\\/cj-logo.png\",\"contentUrl\":\"https:\\\/\\\/cj.estrategia.com\\\/portal\\\/wp-content\\\/uploads\\\/2022\\\/03\\\/11151052\\\/cj-logo.png\",\"width\":150,\"height\":39,\"caption\":\"Estrat\u00e9gia - Carreiras Jur\u00eddicas\"},\"image\":{\"@id\":\"https:\\\/\\\/cj.estrategia.com\\\/portal\\\/#\\\/schema\\\/logo\\\/image\\\/\"},\"sameAs\":[\"https:\\\/\\\/www.facebook.com\\\/estrategiacarreirajuridica\\\/\",\"https:\\\/\\\/x.com\\\/EstratJuridica\",\"https:\\\/\\\/www.instagram.com\\\/estrategiacarreirajuridica\\\/\",\"https:\\\/\\\/www.youtube.com\\\/channel\\\/UClbMGuYbj2Mh1m3w144ETWQ\"]},{\"@type\":\"Person\",\"@id\":\"https:\\\/\\\/cj.estrategia.com\\\/portal\\\/#\\\/schema\\\/person\\\/4d70317d31449932b99102916b6637f5\",\"name\":\"Coordena\u00e7\u00e3o\",\"image\":{\"@type\":\"ImageObject\",\"inLanguage\":\"pt-BR\",\"@id\":\"https:\\\/\\\/cj.estrategia.com\\\/portal\\\/wp-content\\\/uploads\\\/2022\\\/05\\\/12164923\\\/estrategia-carreira-juridica-coordenacao-96x96.png\",\"url\":\"https:\\\/\\\/cj.estrategia.com\\\/portal\\\/wp-content\\\/uploads\\\/2022\\\/05\\\/12164923\\\/estrategia-carreira-juridica-coordenacao-96x96.png\",\"contentUrl\":\"https:\\\/\\\/cj.estrategia.com\\\/portal\\\/wp-content\\\/uploads\\\/2022\\\/05\\\/12164923\\\/estrategia-carreira-juridica-coordenacao-96x96.png\",\"caption\":\"Coordena\u00e7\u00e3o\"},\"url\":\"https:\\\/\\\/cj.estrategia.com\\\/portal\\\/author\\\/coordenacao\\\/\"}]}<\/script>\n<!-- \/ Yoast SEO Premium plugin. -->","yoast_head_json":{"title":"Concurso MPM Promotor: mais de 4 anos sem um novo edital","description":"Concurso MPM Promotor: confira AQUI os principais detalhes desta sele\u00e7\u00e3o com expectativa de um novo edital em breve!","robots":{"index":"index","follow":"follow","max-snippet":"max-snippet:-1","max-image-preview":"max-image-preview:large","max-video-preview":"max-video-preview:-1"},"canonical":"https:\/\/cj.estrategia.com\/portal\/concurso-mpm-promotor\/","og_locale":"pt_BR","og_type":"article","og_title":"Concurso MPM Promotor: mais de 4 anos sem um novo edital","og_description":"Concurso MPM Promotor: confira AQUI os principais detalhes desta sele\u00e7\u00e3o com expectativa de um novo edital em breve!","og_url":"https:\/\/cj.estrategia.com\/portal\/concurso-mpm-promotor\/","og_site_name":"Blog - Carreiras Jur\u00eddicas - Estrat\u00e9gia","article_publisher":"https:\/\/www.facebook.com\/estrategiacarreirajuridica\/","article_published_time":"2025-04-27T13:29:08+00:00","article_modified_time":"2025-05-03T13:36:39+00:00","og_image":[{"width":768,"height":432,"url":"https:\/\/cj.estrategia.com\/portal\/wp-content\/uploads\/2022\/09\/04102722\/Concursos-Promotorias.jpg","type":"image\/jpeg"}],"author":"Coordena\u00e7\u00e3o","twitter_card":"summary_large_image","twitter_creator":"@EstratJuridica","twitter_site":"@EstratJuridica","twitter_misc":{"Escrito por":"Coordena\u00e7\u00e3o","Est. tempo de leitura":"8 minutos"},"schema":{"@context":"https:\/\/schema.org","@graph":[{"@type":"NewsArticle","@id":"https:\/\/cj.estrategia.com\/portal\/concurso-mpm-promotor\/#article","isPartOf":{"@id":"https:\/\/cj.estrategia.com\/portal\/concurso-mpm-promotor\/"},"author":{"name":"Coordena\u00e7\u00e3o","@id":"https:\/\/cj.estrategia.com\/portal\/#\/schema\/person\/4d70317d31449932b99102916b6637f5"},"headline":"Concurso MPM Promotor: mais de 4 anos sem um novo edital","datePublished":"2025-04-27T13:29:08+00:00","dateModified":"2025-05-03T13:36:39+00:00","mainEntityOfPage":{"@id":"https:\/\/cj.estrategia.com\/portal\/concurso-mpm-promotor\/"},"wordCount":1365,"commentCount":0,"publisher":{"@id":"https:\/\/cj.estrategia.com\/portal\/#organization"},"image":{"@id":"https:\/\/cj.estrategia.com\/portal\/concurso-mpm-promotor\/#primaryimage"},"thumbnailUrl":"https:\/\/cj.estrategia.com\/portal\/wp-content\/uploads\/2022\/09\/04102722\/Concursos-Promotorias.jpg","articleSection":["Carreiras Jur\u00eddicas","Promotoria"],"inLanguage":"pt-BR","potentialAction":[{"@type":"CommentAction","name":"Comment","target":["https:\/\/cj.estrategia.com\/portal\/concurso-mpm-promotor\/#respond"]}],"accessibilityFeature":["tableOfContents"]},{"@type":"WebPage","@id":"https:\/\/cj.estrategia.com\/portal\/concurso-mpm-promotor\/","url":"https:\/\/cj.estrategia.com\/portal\/concurso-mpm-promotor\/","name":"Concurso MPM Promotor: mais de 4 anos sem um novo edital","isPartOf":{"@id":"https:\/\/cj.estrategia.com\/portal\/#website"},"primaryImageOfPage":{"@id":"https:\/\/cj.estrategia.com\/portal\/concurso-mpm-promotor\/#primaryimage"},"image":{"@id":"https:\/\/cj.estrategia.com\/portal\/concurso-mpm-promotor\/#primaryimage"},"thumbnailUrl":"https:\/\/cj.estrategia.com\/portal\/wp-content\/uploads\/2022\/09\/04102722\/Concursos-Promotorias.jpg","datePublished":"2025-04-27T13:29:08+00:00","dateModified":"2025-05-03T13:36:39+00:00","description":"Concurso MPM Promotor: confira AQUI os principais detalhes desta sele\u00e7\u00e3o com expectativa de um novo edital em breve!","breadcrumb":{"@id":"https:\/\/cj.estrategia.com\/portal\/concurso-mpm-promotor\/#breadcrumb"},"inLanguage":"pt-BR","potentialAction":[{"@type":"ReadAction","target":["https:\/\/cj.estrategia.com\/portal\/concurso-mpm-promotor\/"]}]},{"@type":"ImageObject","inLanguage":"pt-BR","@id":"https:\/\/cj.estrategia.com\/portal\/concurso-mpm-promotor\/#primaryimage","url":"https:\/\/cj.estrategia.com\/portal\/wp-content\/uploads\/2022\/09\/04102722\/Concursos-Promotorias.jpg","contentUrl":"https:\/\/cj.estrategia.com\/portal\/wp-content\/uploads\/2022\/09\/04102722\/Concursos-Promotorias.jpg","width":768,"height":432,"caption":"Concurso MP Promotorias"},{"@type":"BreadcrumbList","@id":"https:\/\/cj.estrategia.com\/portal\/concurso-mpm-promotor\/#breadcrumb","itemListElement":[{"@type":"ListItem","position":1,"name":"In\u00edcio","item":"https:\/\/cj.estrategia.com\/portal\/"},{"@type":"ListItem","position":2,"name":"Concurso MPM Promotor: mais de 4 anos sem um novo edital"}]},{"@type":"WebSite","@id":"https:\/\/cj.estrategia.com\/portal\/#website","url":"https:\/\/cj.estrategia.com\/portal\/","name":"Blog - Carreiras Jur\u00eddicas - Estrat\u00e9gia","description":"","publisher":{"@id":"https:\/\/cj.estrategia.com\/portal\/#organization"},"potentialAction":[{"@type":"SearchAction","target":{"@type":"EntryPoint","urlTemplate":"https:\/\/cj.estrategia.com\/portal\/?s={search_term_string}"},"query-input":{"@type":"PropertyValueSpecification","valueRequired":true,"valueName":"search_term_string"}}],"inLanguage":"pt-BR"},{"@type":"Organization","@id":"https:\/\/cj.estrategia.com\/portal\/#organization","name":"Estrat\u00e9gia - Carreiras Jur\u00eddicas","url":"https:\/\/cj.estrategia.com\/portal\/","logo":{"@type":"ImageObject","inLanguage":"pt-BR","@id":"https:\/\/cj.estrategia.com\/portal\/#\/schema\/logo\/image\/","url":"https:\/\/cj.estrategia.com\/portal\/wp-content\/uploads\/2022\/03\/11151052\/cj-logo.png","contentUrl":"https:\/\/cj.estrategia.com\/portal\/wp-content\/uploads\/2022\/03\/11151052\/cj-logo.png","width":150,"height":39,"caption":"Estrat\u00e9gia - Carreiras Jur\u00eddicas"},"image":{"@id":"https:\/\/cj.estrategia.com\/portal\/#\/schema\/logo\/image\/"},"sameAs":["https:\/\/www.facebook.com\/estrategiacarreirajuridica\/","https:\/\/x.com\/EstratJuridica","https:\/\/www.instagram.com\/estrategiacarreirajuridica\/","https:\/\/www.youtube.com\/channel\/UClbMGuYbj2Mh1m3w144ETWQ"]},{"@type":"Person","@id":"https:\/\/cj.estrategia.com\/portal\/#\/schema\/person\/4d70317d31449932b99102916b6637f5","name":"Coordena\u00e7\u00e3o","image":{"@type":"ImageObject","inLanguage":"pt-BR","@id":"https:\/\/cj.estrategia.com\/portal\/wp-content\/uploads\/2022\/05\/12164923\/estrategia-carreira-juridica-coordenacao-96x96.png","url":"https:\/\/cj.estrategia.com\/portal\/wp-content\/uploads\/2022\/05\/12164923\/estrategia-carreira-juridica-coordenacao-96x96.png","contentUrl":"https:\/\/cj.estrategia.com\/portal\/wp-content\/uploads\/2022\/05\/12164923\/estrategia-carreira-juridica-coordenacao-96x96.png","caption":"Coordena\u00e7\u00e3o"},"url":"https:\/\/cj.estrategia.com\/portal\/author\/coordenacao\/"}]}},"jetpack_featured_media_url":"https:\/\/cj.estrategia.com\/portal\/wp-content\/uploads\/2022\/09\/04102722\/Concursos-Promotorias.jpg","jetpack_sharing_enabled":true,"_links":{"self":[{"href":"https:\/\/cj.estrategia.com\/portal\/wp-json\/wp\/v2\/posts\/900","targetHints":{"allow":["GET"]}}],"collection":[{"href":"https:\/\/cj.estrategia.com\/portal\/wp-json\/wp\/v2\/posts"}],"about":[{"href":"https:\/\/cj.estrategia.com\/portal\/wp-json\/wp\/v2\/types\/post"}],"author":[{"embeddable":true,"href":"https:\/\/cj.estrategia.com\/portal\/wp-json\/wp\/v2\/users\/12"}],"replies":[{"embeddable":true,"href":"https:\/\/cj.estrategia.com\/portal\/wp-json\/wp\/v2\/comments?post=900"}],"version-history":[{"count":48,"href":"https:\/\/cj.estrategia.com\/portal\/wp-json\/wp\/v2\/posts\/900\/revisions"}],"predecessor-version":[{"id":117267,"href":"https:\/\/cj.estrategia.com\/portal\/wp-json\/wp\/v2\/posts\/900\/revisions\/117267"}],"wp:featuredmedia":[{"embeddable":true,"href":"https:\/\/cj.estrategia.com\/portal\/wp-json\/wp\/v2\/media\/20784"}],"wp:attachment":[{"href":"https:\/\/cj.estrategia.com\/portal\/wp-json\/wp\/v2\/media?parent=900"}],"wp:term":[{"taxonomy":"category","embeddable":true,"href":"https:\/\/cj.estrategia.com\/portal\/wp-json\/wp\/v2\/categories?post=900"},{"taxonomy":"post_tag","embeddable":true,"href":"https:\/\/cj.estrategia.com\/portal\/wp-json\/wp\/v2\/tags?post=900"},{"taxonomy":"tax_estado","embeddable":true,"href":"https:\/\/cj.estrategia.com\/portal\/wp-json\/wp\/v2\/tax_estado?post=900"}],"curies":[{"name":"wp","href":"https:\/\/api.w.org\/{rel}","templated":true}]}}