{"id":89122,"date":"2025-01-03T22:09:49","date_gmt":"2025-01-04T01:09:49","guid":{"rendered":"https:\/\/cj.estrategia.com\/portal\/?p=89122"},"modified":"2025-01-03T22:14:06","modified_gmt":"2025-01-04T01:14:06","slug":"gusttavo-lima-candidato-presidencia","status":"publish","type":"post","link":"https:\/\/cj.estrategia.com\/portal\/gusttavo-lima-candidato-presidencia\/","title":{"rendered":"Gusttavo Lima pode se candidatar a Presidente da Rep\u00fablica. Deolante Vice? Entenda o caso!"},"content":{"rendered":"\n<p><em>Gusttavo Lima na Presid\u00eancia e Deolane Vice? Entenda os requisitos constitucionais para a candidatura, as pol\u00eamicas envolvendo o cantor e os debates que essa ideia inusitada pode gerar.<\/em><\/p>\n\n\n\n<p>* Marcos Vin\u00edcius Manso Lopes Gomes. Defensor P\u00fablico do estado de S\u00e3o Paulo. Professor de Direito Constitucional do Estrat\u00e9gia Carreiras Jur\u00eddicas.<\/p>\n\n\n\n<figure class=\"wp-block-image size-full\"><img decoding=\"async\" width=\"750\" height=\"432\" src=\"https:\/\/cj.estrategia.com\/portal\/wp-content\/uploads\/2025\/01\/03205752\/gusttavo-lima.png\" alt=\"Gusttavo Lima\" class=\"wp-image-89124\" srcset=\"https:\/\/cj.estrategia.com\/portal\/wp-content\/uploads\/2025\/01\/03205752\/gusttavo-lima.png 750w, https:\/\/cj.estrategia.com\/portal\/wp-content\/uploads\/2025\/01\/03205752\/gusttavo-lima-300x173.png 300w, https:\/\/cj.estrategia.com\/portal\/wp-content\/uploads\/2025\/01\/03205752\/gusttavo-lima-380x219.png 380w, https:\/\/cj.estrategia.com\/portal\/wp-content\/uploads\/2025\/01\/03205752\/gusttavo-lima-150x86.png 150w\" sizes=\"(max-width: 750px) 100vw, 750px\" \/><\/figure>\n\n\n\n<h2 class=\"wp-block-heading\" id=\"h-candidatura-a-presidencia-da-republica\" style=\"font-style:normal;font-weight:400\"><span id=\"candidatura-a-presidencia-da-republica\"><strong>Candidatura \u00e0 Presid\u00eancia da Rep\u00fablica<\/strong><\/span><\/h2>\n\n\n\n<p>Conforme noticiado\u00b9, o cantor sertanejo Gusttavo Lima anunciou que ir\u00e1 se candidatar \u00e0 Presid\u00eancia da Rep\u00fablica em 2026. De acordo com o cantor, o Brasil precisa de alternativas, sendo certo que o cantor estaria cansado de ver o povo passando necessidades. De acordo com a not\u00edcia, Gusttavo Lima come\u00e7ar\u00e1 a conversar com grupos pol\u00edticos para tentar viabilizar seu projeto e ir\u00e1 procurar superar a divis\u00e3o entre esquerda e direita.\u00a0<\/p>\n\n\n\n<p>Posteriormente, a influenciadora Deolane Bezerra, em tom de brincadeira, disse que seria vice de Gusttavo Lima em sua chapa presidencial\u00b2. O cantor teria o apoio de Pablo Mar\u00e7al, que destacou a import\u00e2ncia de uma nova safra de pol\u00edticos\u00b3.<\/p>\n\n\n\n<h2 class=\"wp-block-heading\" id=\"h-requisitos-para-ser-presidente-da-republica\" style=\"font-style:normal;font-weight:400\"><span id=\"requisitos-para-ser-presidente-da-republica\"><strong>Requisitos para ser Presidente da Rep\u00fablica<\/strong><\/span><\/h2>\n\n\n\n<p>A Constitui\u00e7\u00e3o Federal estabelece alguns requisitos para a candidatura \u00e0 Presid\u00eancia da Rep\u00fablica. <\/p>\n\n\n\n<p>Assim, de acordo com a nossa Carta Magna, para ser Presidente da Rep\u00fablica, a pessoa, al\u00e9m de  precisar ser brasileiro nato, tamb\u00e9m precisa preencher outras condi\u00e7\u00f5es de elegibilidade.<\/p>\n\n\n\n<h4 class=\"wp-block-heading\" id=\"h-cargos-privativos-de-brasileiro-nato\" style=\"font-style:normal;font-weight:400\"><span id=\"cargos-privativos-de-brasileiro-nato\"><strong>Cargos Privativos de Brasileiro Nato<\/strong><\/span><\/h4>\n\n\n\n<p>De acordo com o Art. 12, \u00a7 3\u00ba, da CF,  <strong>s\u00e3o privativos de brasileiro nato os seguintes cargos:<\/strong><\/p>\n\n\n\n<div class=\"wp-block-group is-style-cnvs-block-shadow has-background\" style=\"background-color:#acf6b24a\"><div class=\"wp-block-group__inner-container is-layout-constrained wp-block-group-is-layout-constrained\">\n<ul class=\"is-style-cnvs-list-styled-positive wp-block-list\">\n<li>Presidente e Vice-Presidente da Rep\u00fablica<\/li>\n\n\n\n<li>Presidente da C\u00e2mara dos Deputados<\/li>\n\n\n\n<li>Presidente do Senado Federal<\/li>\n\n\n\n<li>Ministro do Supremo Tribunal Federal<\/li>\n\n\n\n<li>Carreira diplom\u00e1tica<\/li>\n\n\n\n<li>Oficial das For\u00e7as Armadas<\/li>\n\n\n\n<li>Ministro de Estado da Defesa.\u00a0\u00a0<\/li>\n<\/ul>\n<\/div><\/div>\n\n\n\n<h4 class=\"wp-block-heading\" id=\"h-condicoes-de-elegibilidade\" style=\"font-style:normal;font-weight:400\"><span id=\"condicoes-de-elegibilidade\"><strong>Condi\u00e7\u00f5es de Elegibilidade<\/strong><\/span><\/h4>\n\n\n\n<p>Por seu turno, tamb\u00e9m s\u00e3o necess\u00e1rias algumas condi\u00e7\u00f5es de elegibilidade, na forma do art. 14, \u00a73\u00ba, CF, conforme veremos abaixo:<\/p>\n\n\n\n<div class=\"wp-block-group is-style-cnvs-block-shadow has-background\" style=\"background-color:#acf6b24a\"><div class=\"wp-block-group__inner-container is-layout-constrained wp-block-group-is-layout-constrained\">\n<ol class=\"is-style-cnvs-list-styled-positive wp-block-list\">\n<li>Nacionalidade brasileira<\/li>\n\n\n\n<li>Pleno exerc\u00edcio dos direitos pol\u00edticos<\/li>\n\n\n\n<li>Alistamento eleitoral<\/li>\n\n\n\n<li>Domic\u00edlio eleitoral na circunscri\u00e7\u00e3o<\/li>\n\n\n\n<li>Filia\u00e7\u00e3o partid\u00e1ria;\u00a0\u00a0\u00a0\u00a0\u00a0\u00a0\u00a0\u00a0<\/li>\n\n\n\n<li>Idade m\u00ednima de:<br><br>a) trinta e cinco anos para Presidente e Vice-Presidente da Rep\u00fablica e Senador.\u00a0<\/li>\n<\/ol>\n<\/div><\/div>\n\n\n\n<p>De fato, o <strong>cantor Gusttavo Lima<\/strong>, ao que se tem not\u00edcia,<strong> preenche os referidos requisitos, destacando-se que <mark style=\"background-color:rgba(0, 0, 0, 0)\" class=\"has-inline-color has-vivid-red-color\">ele possui exatamente 35 anos de idade.<\/mark><\/strong><\/p>\n\n\n\n<h2 class=\"wp-block-heading\" id=\"h-escandalo-envolvendo-o-cantor-gusttavo-lima\" style=\"font-style:normal;font-weight:400\"><span id=\"escandalo-envolvendo-o-cantor-gusttavo-lima\"><strong>Esc\u00e2ndalo envolvendo o cantor<\/strong> <strong>Gusttavo Lima<\/strong><\/span><\/h2>\n\n\n\n<p>Recentemente, a m\u00eddia noticiou que o <strong><mark style=\"background-color:rgba(0, 0, 0, 0)\" class=\"has-inline-color has-vivid-red-color\">cantor foi indiciado por suposta lavagem de dinheiro e organiza\u00e7\u00e3o criminosa em investiga\u00e7\u00e3o sobre jogos ilegais <\/mark><mark style=\"background-color:rgba(0, 0, 0, 0)\" class=\"has-inline-color has-black-color\">\u2074<\/mark><\/strong><mark style=\"background-color:rgba(0, 0, 0, 0)\" class=\"has-inline-color has-black-color\">.<\/mark> Posteriormente, o Minist\u00e9rio P\u00fablico de Pernambuco arquivou a investiga\u00e7\u00e3o envolvendo o cantor, alegando n\u00e3o existirem provas que justifiquem o indiciamento do artista \u2075.<\/p>\n\n\n\n<p>Seguindo essa linha de racioc\u00ednio, ao que se tem not\u00edcias, nota-se que <strong><mark style=\"background-color:rgba(0, 0, 0, 0)\" class=\"has-inline-color has-vivid-red-color\">o cantor est\u00e1 em pleno exerc\u00edcio de seus direitos pol\u00edticos.<\/mark><\/strong> <\/p>\n\n\n\n<h4 class=\"wp-block-heading\" id=\"h-perda-ou-suspensao-de-direitos-politicos\" style=\"font-style:normal;font-weight:400\"><span id=\"perda-ou-suspensao-de-direitos-politicos\"><mark style=\"background-color:rgba(0, 0, 0, 0)\" class=\"has-inline-color has-black-color\"><strong>Perda ou suspens\u00e3o de direitos pol\u00edticos<\/strong><\/mark><\/span><\/h4>\n\n\n\n<p>Nos termos do art. 15 da Constitui\u00e7\u00e3o Federal, \u00e9 <strong><mark style=\"background-color:rgba(0, 0, 0, 0)\" class=\"has-inline-color has-vivid-red-color\">vedada a cassa\u00e7\u00e3o de direitos pol\u00edticos<\/mark><\/strong>, cuja perda ou suspens\u00e3o s\u00f3 se dar\u00e1 nos casos de: <\/p>\n\n\n\n<div class=\"wp-block-group is-style-cnvs-block-bg-light has-background\" style=\"background-color:#acf6b24a\"><div class=\"wp-block-group__inner-container is-layout-constrained wp-block-group-is-layout-constrained\">\n<ul class=\"is-style-cnvs-list-styled-positive wp-block-list\">\n<li>Cancelamento da naturaliza\u00e7\u00e3o por senten\u00e7a transitada em julgado; <\/li>\n\n\n\n<li>Incapacidade civil absoluta; <\/li>\n\n\n\n<li>Condena\u00e7\u00e3o criminal transitada em julgado, enquanto durarem seus efeitos; <\/li>\n\n\n\n<li>Recusa de cumprir obriga\u00e7\u00e3o a todos imposta ou presta\u00e7\u00e3o alternativa, nos termos do art. 5\u00ba, VIII; <\/li>\n\n\n\n<li>Improbidade administrativa, nos termos do art. 37, \u00a7 4\u00ba.<\/li>\n<\/ul>\n<\/div><\/div>\n\n\n\n<h2 class=\"wp-block-heading\" id=\"h-inelegibilidade\" style=\"font-style:normal;font-weight:400\"><span id=\"inelegibilidade\"><strong>Inelegibilidade<\/strong> <\/span><\/h2>\n\n\n\n<p>Importante destacar alguns casos em que, de acordo com a Lei Complementar n. 64\/1990 (Lei de Inelegibilidade), alterada posteriormente pela Lei Complementar n. 135\/2010 (Lei da Ficha Limpa)<strong> as pessoas s\u00e3o ineleg\u00edveis para qualquer cargo:\u00a0<\/strong><\/p>\n\n\n\n<div class=\"wp-block-group is-style-default has-background\" style=\"background-color:#00c016a1\"><div class=\"wp-block-group__inner-container is-layout-constrained wp-block-group-is-layout-constrained\">\n<p class=\"has-text-align-center is-style-cnvs-paragraph-callout\" style=\"font-size:20px\">1<\/p>\n<\/div><\/div>\n\n\n\n<div class=\"wp-block-group is-style-cnvs-block-bg-light\"><div class=\"wp-block-group__inner-container is-layout-constrained wp-block-group-is-layout-constrained\">\n<p>Os que forem <strong>condenados, em decis\u00e3o transitada em julgado ou proferida por \u00f3rg\u00e3o judicial colegiado<\/strong>, desde a condena\u00e7\u00e3o at\u00e9 o transcurso do prazo de 8 (oito) anos ap\u00f3s o cumprimento da pena, <strong>pelos crimes:\u00a0\u00a0<\/strong><br><br>a) contra a economia popular, a f\u00e9 p\u00fablica, a administra\u00e7\u00e3o p\u00fablica e o patrim\u00f4nio p\u00fablico;\u00a0\u00a0\u00a0\u00a0\u00a0\u00a0<br><br>b) contra o patrim\u00f4nio privado, o sistema financeiro, o mercado de capitais e os previstos na lei que regula a fal\u00eancia;\u00a0\u00a0\u00a0\u00a0\u00a0<br><br>c) contra o meio ambiente e a sa\u00fade p\u00fablica;\u00a0\u00a0\u00a0\u00a0\u00a0<br><br>d) eleitorais, para os quais a lei comine pena privativa de liberdade;\u00a0\u00a0\u00a0<br><br>e) de abuso de autoridade, nos casos em que houver condena\u00e7\u00e3o \u00e0 perda do cargo ou \u00e0 inabilita\u00e7\u00e3o para o exerc\u00edcio de fun\u00e7\u00e3o p\u00fablica;\u00a0\u00a0\u00a0\u00a0\u00a0\u00a0<br><br>f) de lavagem ou oculta\u00e7\u00e3o de bens, direitos e valores;\u00a0\u00a0<br><br>g) de tr\u00e1fico de entorpecentes e drogas afins, racismo, tortura, terrorismo e hediondos;\u00a0\u00a0\u00a0\u00a0\u00a0\u00a0<br><br>h) de redu\u00e7\u00e3o \u00e0 condi\u00e7\u00e3o an\u00e1loga \u00e0 de escravo;\u00a0\u00a0\u00a0\u00a0<br><br>i) contra a vida e a dignidade sexual;\u00a0<br><br>j) praticados por organiza\u00e7\u00e3o criminosa, quadrilha ou bando.<\/p>\n<\/div><\/div>\n\n\n\n<div class=\"wp-block-group is-style-default has-background\" style=\"background-color:#00c016a1\"><div class=\"wp-block-group__inner-container is-layout-constrained wp-block-group-is-layout-constrained\">\n<p class=\"has-text-align-center is-style-cnvs-paragraph-callout\" style=\"font-size:20px\">2<\/p>\n<\/div><\/div>\n\n\n\n<div class=\"wp-block-group is-style-cnvs-block-bg-light\"><div class=\"wp-block-group__inner-container is-layout-constrained wp-block-group-is-layout-constrained\">\n<p>os que forem <strong>condenados \u00e0 suspens\u00e3o dos direitos pol\u00edticos<\/strong>, em <strong>decis\u00e3o transitada em julgado ou proferida por \u00f3rg\u00e3o judicial colegiado<\/strong>, por<strong> ato doloso de improbidade administrativa<\/strong> que importe <strong>les\u00e3o ao patrim\u00f4nio p\u00fablico e enriquecimento il\u00edcito<\/strong>, desde a condena\u00e7\u00e3o ou o tr\u00e2nsito em julgado at\u00e9 o transcurso do prazo de 8 (oito) anos ap\u00f3s o cumprimento da pena.<\/p>\n<\/div><\/div>\n\n\n\n<div class=\"wp-block-group is-style-default has-background\" style=\"background-color:#00c016a1\"><div class=\"wp-block-group__inner-container is-layout-constrained wp-block-group-is-layout-constrained\">\n<p class=\"has-text-align-center is-style-cnvs-paragraph-callout\" style=\"font-size:20px\">3<\/p>\n<\/div><\/div>\n\n\n\n<div class=\"wp-block-group is-style-cnvs-block-bg-light\"><div class=\"wp-block-group__inner-container is-layout-constrained wp-block-group-is-layout-constrained\">\n<p>os que forem <strong>condenados, em decis\u00e3o transitada em julgado ou proferida por \u00f3rg\u00e3o colegiado da Justi\u00e7a Eleitoral<\/strong>, por <strong>corrup\u00e7\u00e3o eleitoral, por capta\u00e7\u00e3o il\u00edcita de sufr\u00e1gio, por doa\u00e7\u00e3o, capta\u00e7\u00e3o ou gastos il\u00edcitos de recursos de campanha ou por conduta vedada aos agentes p\u00fablicos em campanhas eleitorais <\/strong>que impliquem cassa\u00e7\u00e3o do registro ou do diploma, pelo prazo de 8 (oito) anos a contar da elei\u00e7\u00e3o.<\/p>\n<\/div><\/div>\n\n\n\n<div class=\"wp-block-group is-style-default has-background\" style=\"background-color:#00c016a1\"><div class=\"wp-block-group__inner-container is-layout-constrained wp-block-group-is-layout-constrained\">\n<p class=\"has-text-align-center is-style-cnvs-paragraph-callout\" style=\"font-size:20px\">4<\/p>\n<\/div><\/div>\n\n\n\n<div class=\"wp-block-group is-style-cnvs-block-bg-light\"><div class=\"wp-block-group__inner-container is-layout-constrained wp-block-group-is-layout-constrained\">\n<p>os <strong>inalist\u00e1veis<\/strong> e os <strong>analfabetos<\/strong>.<\/p>\n<\/div><\/div>\n\n\n\n<p>Assim, nota-se que o cantor est\u00e1 em pleno gozo dos seus direitos pol\u00edticos, n\u00e3o existindo, a partir do que se tem conhecimento at\u00e9 o momento, \u00f3bices para eventual candidatura. A candidatura ainda ir\u00e1 acarretar in\u00fameros debates, a exemplo de se o cantor poderia cantar em seus pr\u00f3prios com\u00edcios. Acompanhem o Estrat\u00e9gia Carreiras Jur\u00eddicas para maiores informa\u00e7\u00f5es e novidades!<\/p>\n\n\n\n<h2 class=\"wp-block-heading\" id=\"h-referencias\" style=\"font-style:normal;font-weight:400\"><span id=\"referencias\"><strong>Refer\u00eancias<\/strong><\/span><\/h2>\n\n\n\n<p>\u00b9 Dispon\u00edvel em <a href=\"https:\/\/www.metropoles.com\/colunas\/grande-angular\/gusttavo-lima-anuncia-que-vai-se-candidatar-a-presidencia-da-republica-em-2026\">https:\/\/www.metropoles.com\/colunas\/grande-angular\/gusttavo-lima-anuncia-que-vai-se-candidatar-a-presidencia-da-republica-em-2026<\/a>. Acesso em 03 de janeiro de 2025.<\/p>\n\n\n\n<p>\u00b2 \u00a0Dispon\u00edvel em <a href=\"https:\/\/www.metropoles.com\/celebridades\/deolane-diz-que-seria-vice-de-gusttavo-lima-em-chapa-presidencial\">https:\/\/www.metropoles.com\/celebridades\/deolane-diz-que-seria-vice-de-gusttavo-lima-em-chapa-presidencial<\/a>. Acesso em 03 de janeiro de 2025.<\/p>\n\n\n\n<p>\u00b3 \u00a0Dispon\u00edvel em <a href=\"https:\/\/www.cnnbrasil.com.br\/politica\/e-a-nova-safra-de-politicos-diz-marcal-sobre-gusttavo-lima-se-candidatar-a-presidencia\/\">https:\/\/www.cnnbrasil.com.br\/politica\/e-a-nova-safra-de-politicos-diz-marcal-sobre-gusttavo-lima-se-candidatar-a-presidencia\/<\/a>. Acesso em 03 de janeiro de 2025.<\/p>\n\n\n\n<p>\u2074 Dispon\u00edvel em <a href=\"https:\/\/g1.globo.com\/fantastico\/noticia\/2024\/09\/29\/gusttavo-lima-e-indiciado-por-lavagem-de-dinheiro-e-organizacao-criminosa-em-investigacao-sobre-jogos-ilegais.ghtml\">https:\/\/g1.globo.com\/fantastico\/noticia\/2024\/09\/29\/gusttavo-lima-e-indiciado-por-lavagem-de-dinheiro-e-organizacao-criminosa-em-investigacao-sobre-jogos-ilegais.ghtml<\/a>. Acesso em 03 de janeiro de 2025.\u00a0<\/p>\n\n\n\n<p>\u2075 Dispon\u00edvel em <a href=\"https:\/\/g1.globo.com\/pe\/pernambuco\/noticia\/2024\/11\/19\/mp-pede-arquivamento-de-investigacao-sobre-aviao-de-gusttavo-lima-e-recomenda-que-denuncias-sobre-lavagem-de-dinheiro-sigam-para-a-pb.ghtml\">https:\/\/g1.globo.com\/pe\/pernambuco\/noticia\/2024\/11\/19\/mp-pede-arquivamento-de-investigacao-sobre-aviao-de-gusttavo-lima-e-recomenda-que-denuncias-sobre-lavagem-de-dinheiro-sigam-para-a-pb.ghtml<\/a>. Acesso em 03 de janeiro de 2025.<\/p>\n\n\n\n<h2 class=\"wp-block-heading has-text-align-center\" id=\"h-quer-saber-quais-serao-os-proximos-concursos\"><span id=\"quer-saber-quais-serao-os-proximos-concursos\">Quer saber quais ser\u00e3o os pr\u00f3ximos concursos?<\/span><\/h2>\n\n\n\n<p class=\"has-text-align-center\">Confira nossos&nbsp;<a href=\"https:\/\/cj.estrategia.com\/portal\/\" target=\"_blank\" >artigos para Carreiras Jur\u00eddicas<\/a>!<\/p>\n\n\n\n<p class=\"has-text-align-center has-white-color has-pale-cyan-blue-background-color has-text-color has-background has-link-color wp-elements-f3d5123bb0c8e11604d0c8c7f1ea8be8\"><a href=\"https:\/\/www.estrategiaconcursos.com.br\/blog\/concursos-abertos\/\" target=\"_blank\" >Confira os concursos p\u00fablicos abertos<\/a><\/p>\n\n\n\n<p class=\"has-text-align-center has-white-color has-pale-cyan-blue-background-color has-text-color has-background has-link-color wp-elements-726d644a58045568574d2c1541b18807\"><a href=\"https:\/\/cj.estrategia.com\/portal\/concursos-2025-carreiras-juridicas\/\" target=\"_blank\" >Concursos 2025<\/a><\/p>\n","protected":false},"excerpt":{"rendered":"Gusttavo Lima na Presid\u00eancia e Deolane Vice? Entenda os requisitos constitucionais para a candidatura, as pol\u00eamicas envolvendo o&hellip;\n","protected":false},"author":54,"featured_media":89124,"comment_status":"open","ping_status":"open","sticky":false,"template":"","format":"standard","meta":{"_jetpack_memberships_contains_paid_content":false,"footnotes":""},"categories":[1],"tags":[336,1719,1720,1119,1031,1718],"tax_estado":[30,31,32,33,34,35,36,37,38,39,40,41,42,43,44,45,46,47,48,49,50,51,52,53,54,55,56,57],"class_list":{"0":"post-89122","1":"post","2":"type-post","3":"status-publish","4":"format-standard","5":"has-post-thumbnail","7":"category-carreiras-juridicas","8":"tag-analise-juridica","9":"tag-candidatura","10":"tag-condicoes-de-elegibilidade","11":"tag-direito-eleitoral","12":"tag-gusttavo-lima","13":"tag-presidencia-da-republica","14":"tax_estado-ac","15":"tax_estado-al","16":"tax_estado-am","17":"tax_estado-ap","18":"tax_estado-ba","19":"tax_estado-ce","20":"tax_estado-concursos-federais","21":"tax_estado-df","22":"tax_estado-es","23":"tax_estado-go","24":"tax_estado-ma","25":"tax_estado-mg","26":"tax_estado-ms","27":"tax_estado-mt","28":"tax_estado-pa","29":"tax_estado-pb","30":"tax_estado-pe","31":"tax_estado-pi","32":"tax_estado-pr","33":"tax_estado-rj","34":"tax_estado-rn","35":"tax_estado-ro","36":"tax_estado-rr","37":"tax_estado-rs","38":"tax_estado-sc","39":"tax_estado-se","40":"tax_estado-sp","41":"tax_estado-to"},"acf":[],"yoast_head":"<!-- This site is optimized with the Yoast SEO Premium plugin v27.4 (Yoast SEO v27.4) - https:\/\/yoast.com\/product\/yoast-seo-premium-wordpress\/ -->\n<title>Gusttavo Lima na Presid\u00eancia? Entenda o caso.<\/title>\n<meta name=\"description\" content=\"Gusttavo Lima na Presid\u00eancia? Entenda os requisitos constitucionais para a candidatura, as pol\u00eamicas envolvendo o cantor.\" \/>\n<meta name=\"robots\" content=\"index, follow, max-snippet:-1, max-image-preview:large, max-video-preview:-1\" \/>\n<link rel=\"canonical\" href=\"https:\/\/cj.estrategia.com\/portal\/gusttavo-lima-candidato-presidencia\/\" \/>\n<meta property=\"og:locale\" content=\"pt_BR\" \/>\n<meta property=\"og:type\" content=\"article\" \/>\n<meta property=\"og:title\" content=\"Gusttavo Lima pode se candidatar a Presidente da Rep\u00fablica. Deolante Vice? Entenda o caso!\" \/>\n<meta property=\"og:description\" content=\"Gusttavo Lima na Presid\u00eancia? Entenda os requisitos constitucionais para a candidatura, as pol\u00eamicas envolvendo o cantor.\" \/>\n<meta property=\"og:url\" content=\"https:\/\/cj.estrategia.com\/portal\/gusttavo-lima-candidato-presidencia\/\" \/>\n<meta property=\"og:site_name\" content=\"Blog - Carreiras Jur\u00eddicas - Estrat\u00e9gia\" \/>\n<meta property=\"article:publisher\" content=\"https:\/\/www.facebook.com\/estrategiacarreirajuridica\/\" \/>\n<meta property=\"article:published_time\" content=\"2025-01-04T01:09:49+00:00\" \/>\n<meta property=\"article:modified_time\" content=\"2025-01-04T01:14:06+00:00\" \/>\n<meta property=\"og:image\" content=\"https:\/\/cj.estrategia.com\/portal\/wp-content\/uploads\/2025\/01\/03205752\/gusttavo-lima.png\" \/>\n\t<meta property=\"og:image:width\" content=\"750\" \/>\n\t<meta property=\"og:image:height\" content=\"432\" \/>\n\t<meta property=\"og:image:type\" content=\"image\/png\" \/>\n<meta name=\"author\" content=\"Marcos Gomes\" \/>\n<meta name=\"twitter:card\" content=\"summary_large_image\" \/>\n<meta name=\"twitter:creator\" content=\"@EstratJuridica\" \/>\n<meta name=\"twitter:site\" content=\"@EstratJuridica\" \/>\n<meta name=\"twitter:label1\" content=\"Escrito por\" \/>\n\t<meta name=\"twitter:data1\" content=\"Marcos Gomes\" \/>\n\t<meta name=\"twitter:label2\" content=\"Est. tempo de leitura\" \/>\n\t<meta name=\"twitter:data2\" content=\"6 minutos\" \/>\n<script type=\"application\/ld+json\" class=\"yoast-schema-graph\">{\"@context\":\"https:\\\/\\\/schema.org\",\"@graph\":[{\"@type\":\"NewsArticle\",\"@id\":\"https:\\\/\\\/cj.estrategia.com\\\/portal\\\/gusttavo-lima-candidato-presidencia\\\/#article\",\"isPartOf\":{\"@id\":\"https:\\\/\\\/cj.estrategia.com\\\/portal\\\/gusttavo-lima-candidato-presidencia\\\/\"},\"author\":{\"name\":\"Marcos Gomes\",\"@id\":\"https:\\\/\\\/cj.estrategia.com\\\/portal\\\/#\\\/schema\\\/person\\\/aa7e4ed652b4a209e40869071fda4361\"},\"headline\":\"Gusttavo Lima pode se candidatar a Presidente da Rep\u00fablica. Deolante Vice? Entenda o caso!\",\"datePublished\":\"2025-01-04T01:09:49+00:00\",\"dateModified\":\"2025-01-04T01:14:06+00:00\",\"mainEntityOfPage\":{\"@id\":\"https:\\\/\\\/cj.estrategia.com\\\/portal\\\/gusttavo-lima-candidato-presidencia\\\/\"},\"wordCount\":1087,\"commentCount\":0,\"publisher\":{\"@id\":\"https:\\\/\\\/cj.estrategia.com\\\/portal\\\/#organization\"},\"image\":{\"@id\":\"https:\\\/\\\/cj.estrategia.com\\\/portal\\\/gusttavo-lima-candidato-presidencia\\\/#primaryimage\"},\"thumbnailUrl\":\"https:\\\/\\\/cj.estrategia.com\\\/portal\\\/wp-content\\\/uploads\\\/2025\\\/01\\\/03205752\\\/gusttavo-lima.png\",\"keywords\":[\"an\u00e1lise jur\u00eddica\",\"candidatura\",\"condi\u00e7\u00f5es de elegibilidade\",\"direito eleitoral\",\"Gusttavo Lima\",\"presid\u00eancia da rep\u00fablica\"],\"articleSection\":[\"Carreiras Jur\u00eddicas\"],\"inLanguage\":\"pt-BR\",\"potentialAction\":[{\"@type\":\"CommentAction\",\"name\":\"Comment\",\"target\":[\"https:\\\/\\\/cj.estrategia.com\\\/portal\\\/gusttavo-lima-candidato-presidencia\\\/#respond\"]}]},{\"@type\":\"WebPage\",\"@id\":\"https:\\\/\\\/cj.estrategia.com\\\/portal\\\/gusttavo-lima-candidato-presidencia\\\/\",\"url\":\"https:\\\/\\\/cj.estrategia.com\\\/portal\\\/gusttavo-lima-candidato-presidencia\\\/\",\"name\":\"Gusttavo Lima na Presid\u00eancia? Entenda o caso.\",\"isPartOf\":{\"@id\":\"https:\\\/\\\/cj.estrategia.com\\\/portal\\\/#website\"},\"primaryImageOfPage\":{\"@id\":\"https:\\\/\\\/cj.estrategia.com\\\/portal\\\/gusttavo-lima-candidato-presidencia\\\/#primaryimage\"},\"image\":{\"@id\":\"https:\\\/\\\/cj.estrategia.com\\\/portal\\\/gusttavo-lima-candidato-presidencia\\\/#primaryimage\"},\"thumbnailUrl\":\"https:\\\/\\\/cj.estrategia.com\\\/portal\\\/wp-content\\\/uploads\\\/2025\\\/01\\\/03205752\\\/gusttavo-lima.png\",\"datePublished\":\"2025-01-04T01:09:49+00:00\",\"dateModified\":\"2025-01-04T01:14:06+00:00\",\"description\":\"Gusttavo Lima na Presid\u00eancia? Entenda os requisitos constitucionais para a candidatura, as pol\u00eamicas envolvendo o cantor.\",\"breadcrumb\":{\"@id\":\"https:\\\/\\\/cj.estrategia.com\\\/portal\\\/gusttavo-lima-candidato-presidencia\\\/#breadcrumb\"},\"inLanguage\":\"pt-BR\",\"potentialAction\":[{\"@type\":\"ReadAction\",\"target\":[\"https:\\\/\\\/cj.estrategia.com\\\/portal\\\/gusttavo-lima-candidato-presidencia\\\/\"]}]},{\"@type\":\"ImageObject\",\"inLanguage\":\"pt-BR\",\"@id\":\"https:\\\/\\\/cj.estrategia.com\\\/portal\\\/gusttavo-lima-candidato-presidencia\\\/#primaryimage\",\"url\":\"https:\\\/\\\/cj.estrategia.com\\\/portal\\\/wp-content\\\/uploads\\\/2025\\\/01\\\/03205752\\\/gusttavo-lima.png\",\"contentUrl\":\"https:\\\/\\\/cj.estrategia.com\\\/portal\\\/wp-content\\\/uploads\\\/2025\\\/01\\\/03205752\\\/gusttavo-lima.png\",\"width\":750,\"height\":432},{\"@type\":\"BreadcrumbList\",\"@id\":\"https:\\\/\\\/cj.estrategia.com\\\/portal\\\/gusttavo-lima-candidato-presidencia\\\/#breadcrumb\",\"itemListElement\":[{\"@type\":\"ListItem\",\"position\":1,\"name\":\"In\u00edcio\",\"item\":\"https:\\\/\\\/cj.estrategia.com\\\/portal\\\/\"},{\"@type\":\"ListItem\",\"position\":2,\"name\":\"Gusttavo Lima pode se candidatar a Presidente da Rep\u00fablica. Deolante Vice? Entenda o caso!\"}]},{\"@type\":\"WebSite\",\"@id\":\"https:\\\/\\\/cj.estrategia.com\\\/portal\\\/#website\",\"url\":\"https:\\\/\\\/cj.estrategia.com\\\/portal\\\/\",\"name\":\"Blog - Carreiras Jur\u00eddicas - Estrat\u00e9gia\",\"description\":\"\",\"publisher\":{\"@id\":\"https:\\\/\\\/cj.estrategia.com\\\/portal\\\/#organization\"},\"potentialAction\":[{\"@type\":\"SearchAction\",\"target\":{\"@type\":\"EntryPoint\",\"urlTemplate\":\"https:\\\/\\\/cj.estrategia.com\\\/portal\\\/?s={search_term_string}\"},\"query-input\":{\"@type\":\"PropertyValueSpecification\",\"valueRequired\":true,\"valueName\":\"search_term_string\"}}],\"inLanguage\":\"pt-BR\"},{\"@type\":\"Organization\",\"@id\":\"https:\\\/\\\/cj.estrategia.com\\\/portal\\\/#organization\",\"name\":\"Estrat\u00e9gia - Carreiras Jur\u00eddicas\",\"url\":\"https:\\\/\\\/cj.estrategia.com\\\/portal\\\/\",\"logo\":{\"@type\":\"ImageObject\",\"inLanguage\":\"pt-BR\",\"@id\":\"https:\\\/\\\/cj.estrategia.com\\\/portal\\\/#\\\/schema\\\/logo\\\/image\\\/\",\"url\":\"https:\\\/\\\/cj.estrategia.com\\\/portal\\\/wp-content\\\/uploads\\\/2022\\\/03\\\/11151052\\\/cj-logo.png\",\"contentUrl\":\"https:\\\/\\\/cj.estrategia.com\\\/portal\\\/wp-content\\\/uploads\\\/2022\\\/03\\\/11151052\\\/cj-logo.png\",\"width\":150,\"height\":39,\"caption\":\"Estrat\u00e9gia - Carreiras Jur\u00eddicas\"},\"image\":{\"@id\":\"https:\\\/\\\/cj.estrategia.com\\\/portal\\\/#\\\/schema\\\/logo\\\/image\\\/\"},\"sameAs\":[\"https:\\\/\\\/www.facebook.com\\\/estrategiacarreirajuridica\\\/\",\"https:\\\/\\\/x.com\\\/EstratJuridica\",\"https:\\\/\\\/www.instagram.com\\\/estrategiacarreirajuridica\\\/\",\"https:\\\/\\\/www.youtube.com\\\/channel\\\/UClbMGuYbj2Mh1m3w144ETWQ\"]},{\"@type\":\"Person\",\"@id\":\"https:\\\/\\\/cj.estrategia.com\\\/portal\\\/#\\\/schema\\\/person\\\/aa7e4ed652b4a209e40869071fda4361\",\"name\":\"Marcos Gomes\",\"image\":{\"@type\":\"ImageObject\",\"inLanguage\":\"pt-BR\",\"@id\":\"https:\\\/\\\/cj.estrategia.com\\\/portal\\\/wp-content\\\/uploads\\\/2023\\\/06\\\/01191815\\\/IMG_8949-96x96.jpg\",\"url\":\"https:\\\/\\\/cj.estrategia.com\\\/portal\\\/wp-content\\\/uploads\\\/2023\\\/06\\\/01191815\\\/IMG_8949-96x96.jpg\",\"contentUrl\":\"https:\\\/\\\/cj.estrategia.com\\\/portal\\\/wp-content\\\/uploads\\\/2023\\\/06\\\/01191815\\\/IMG_8949-96x96.jpg\",\"caption\":\"Marcos Gomes\"},\"description\":\"Defensor P\u00fablico do Estado de S\u00e3o Paulo. Especialista em Direito P\u00fablico. Professor de Direito Constitucional e Princ\u00edpios Institucionais no Estrat\u00e9gia Carreiras Jur\u00eddicas. Coordenador da Cole\u00e7\u00e3o Defensoria Ponto a Ponto.\",\"url\":\"https:\\\/\\\/cj.estrategia.com\\\/portal\\\/author\\\/marcos-gomes\\\/\"}]}<\/script>\n<!-- \/ Yoast SEO Premium plugin. -->","yoast_head_json":{"title":"Gusttavo Lima na Presid\u00eancia? Entenda o caso.","description":"Gusttavo Lima na Presid\u00eancia? Entenda os requisitos constitucionais para a candidatura, as pol\u00eamicas envolvendo o cantor.","robots":{"index":"index","follow":"follow","max-snippet":"max-snippet:-1","max-image-preview":"max-image-preview:large","max-video-preview":"max-video-preview:-1"},"canonical":"https:\/\/cj.estrategia.com\/portal\/gusttavo-lima-candidato-presidencia\/","og_locale":"pt_BR","og_type":"article","og_title":"Gusttavo Lima pode se candidatar a Presidente da Rep\u00fablica. Deolante Vice? Entenda o caso!","og_description":"Gusttavo Lima na Presid\u00eancia? Entenda os requisitos constitucionais para a candidatura, as pol\u00eamicas envolvendo o cantor.","og_url":"https:\/\/cj.estrategia.com\/portal\/gusttavo-lima-candidato-presidencia\/","og_site_name":"Blog - Carreiras Jur\u00eddicas - Estrat\u00e9gia","article_publisher":"https:\/\/www.facebook.com\/estrategiacarreirajuridica\/","article_published_time":"2025-01-04T01:09:49+00:00","article_modified_time":"2025-01-04T01:14:06+00:00","og_image":[{"width":750,"height":432,"url":"https:\/\/cj.estrategia.com\/portal\/wp-content\/uploads\/2025\/01\/03205752\/gusttavo-lima.png","type":"image\/png"}],"author":"Marcos Gomes","twitter_card":"summary_large_image","twitter_creator":"@EstratJuridica","twitter_site":"@EstratJuridica","twitter_misc":{"Escrito por":"Marcos Gomes","Est. tempo de leitura":"6 minutos"},"schema":{"@context":"https:\/\/schema.org","@graph":[{"@type":"NewsArticle","@id":"https:\/\/cj.estrategia.com\/portal\/gusttavo-lima-candidato-presidencia\/#article","isPartOf":{"@id":"https:\/\/cj.estrategia.com\/portal\/gusttavo-lima-candidato-presidencia\/"},"author":{"name":"Marcos Gomes","@id":"https:\/\/cj.estrategia.com\/portal\/#\/schema\/person\/aa7e4ed652b4a209e40869071fda4361"},"headline":"Gusttavo Lima pode se candidatar a Presidente da Rep\u00fablica. Deolante Vice? Entenda o caso!","datePublished":"2025-01-04T01:09:49+00:00","dateModified":"2025-01-04T01:14:06+00:00","mainEntityOfPage":{"@id":"https:\/\/cj.estrategia.com\/portal\/gusttavo-lima-candidato-presidencia\/"},"wordCount":1087,"commentCount":0,"publisher":{"@id":"https:\/\/cj.estrategia.com\/portal\/#organization"},"image":{"@id":"https:\/\/cj.estrategia.com\/portal\/gusttavo-lima-candidato-presidencia\/#primaryimage"},"thumbnailUrl":"https:\/\/cj.estrategia.com\/portal\/wp-content\/uploads\/2025\/01\/03205752\/gusttavo-lima.png","keywords":["an\u00e1lise jur\u00eddica","candidatura","condi\u00e7\u00f5es de elegibilidade","direito eleitoral","Gusttavo Lima","presid\u00eancia da rep\u00fablica"],"articleSection":["Carreiras Jur\u00eddicas"],"inLanguage":"pt-BR","potentialAction":[{"@type":"CommentAction","name":"Comment","target":["https:\/\/cj.estrategia.com\/portal\/gusttavo-lima-candidato-presidencia\/#respond"]}]},{"@type":"WebPage","@id":"https:\/\/cj.estrategia.com\/portal\/gusttavo-lima-candidato-presidencia\/","url":"https:\/\/cj.estrategia.com\/portal\/gusttavo-lima-candidato-presidencia\/","name":"Gusttavo Lima na Presid\u00eancia? Entenda o caso.","isPartOf":{"@id":"https:\/\/cj.estrategia.com\/portal\/#website"},"primaryImageOfPage":{"@id":"https:\/\/cj.estrategia.com\/portal\/gusttavo-lima-candidato-presidencia\/#primaryimage"},"image":{"@id":"https:\/\/cj.estrategia.com\/portal\/gusttavo-lima-candidato-presidencia\/#primaryimage"},"thumbnailUrl":"https:\/\/cj.estrategia.com\/portal\/wp-content\/uploads\/2025\/01\/03205752\/gusttavo-lima.png","datePublished":"2025-01-04T01:09:49+00:00","dateModified":"2025-01-04T01:14:06+00:00","description":"Gusttavo Lima na Presid\u00eancia? Entenda os requisitos constitucionais para a candidatura, as pol\u00eamicas envolvendo o cantor.","breadcrumb":{"@id":"https:\/\/cj.estrategia.com\/portal\/gusttavo-lima-candidato-presidencia\/#breadcrumb"},"inLanguage":"pt-BR","potentialAction":[{"@type":"ReadAction","target":["https:\/\/cj.estrategia.com\/portal\/gusttavo-lima-candidato-presidencia\/"]}]},{"@type":"ImageObject","inLanguage":"pt-BR","@id":"https:\/\/cj.estrategia.com\/portal\/gusttavo-lima-candidato-presidencia\/#primaryimage","url":"https:\/\/cj.estrategia.com\/portal\/wp-content\/uploads\/2025\/01\/03205752\/gusttavo-lima.png","contentUrl":"https:\/\/cj.estrategia.com\/portal\/wp-content\/uploads\/2025\/01\/03205752\/gusttavo-lima.png","width":750,"height":432},{"@type":"BreadcrumbList","@id":"https:\/\/cj.estrategia.com\/portal\/gusttavo-lima-candidato-presidencia\/#breadcrumb","itemListElement":[{"@type":"ListItem","position":1,"name":"In\u00edcio","item":"https:\/\/cj.estrategia.com\/portal\/"},{"@type":"ListItem","position":2,"name":"Gusttavo Lima pode se candidatar a Presidente da Rep\u00fablica. Deolante Vice? Entenda o caso!"}]},{"@type":"WebSite","@id":"https:\/\/cj.estrategia.com\/portal\/#website","url":"https:\/\/cj.estrategia.com\/portal\/","name":"Blog - Carreiras Jur\u00eddicas - Estrat\u00e9gia","description":"","publisher":{"@id":"https:\/\/cj.estrategia.com\/portal\/#organization"},"potentialAction":[{"@type":"SearchAction","target":{"@type":"EntryPoint","urlTemplate":"https:\/\/cj.estrategia.com\/portal\/?s={search_term_string}"},"query-input":{"@type":"PropertyValueSpecification","valueRequired":true,"valueName":"search_term_string"}}],"inLanguage":"pt-BR"},{"@type":"Organization","@id":"https:\/\/cj.estrategia.com\/portal\/#organization","name":"Estrat\u00e9gia - Carreiras Jur\u00eddicas","url":"https:\/\/cj.estrategia.com\/portal\/","logo":{"@type":"ImageObject","inLanguage":"pt-BR","@id":"https:\/\/cj.estrategia.com\/portal\/#\/schema\/logo\/image\/","url":"https:\/\/cj.estrategia.com\/portal\/wp-content\/uploads\/2022\/03\/11151052\/cj-logo.png","contentUrl":"https:\/\/cj.estrategia.com\/portal\/wp-content\/uploads\/2022\/03\/11151052\/cj-logo.png","width":150,"height":39,"caption":"Estrat\u00e9gia - Carreiras Jur\u00eddicas"},"image":{"@id":"https:\/\/cj.estrategia.com\/portal\/#\/schema\/logo\/image\/"},"sameAs":["https:\/\/www.facebook.com\/estrategiacarreirajuridica\/","https:\/\/x.com\/EstratJuridica","https:\/\/www.instagram.com\/estrategiacarreirajuridica\/","https:\/\/www.youtube.com\/channel\/UClbMGuYbj2Mh1m3w144ETWQ"]},{"@type":"Person","@id":"https:\/\/cj.estrategia.com\/portal\/#\/schema\/person\/aa7e4ed652b4a209e40869071fda4361","name":"Marcos Gomes","image":{"@type":"ImageObject","inLanguage":"pt-BR","@id":"https:\/\/cj.estrategia.com\/portal\/wp-content\/uploads\/2023\/06\/01191815\/IMG_8949-96x96.jpg","url":"https:\/\/cj.estrategia.com\/portal\/wp-content\/uploads\/2023\/06\/01191815\/IMG_8949-96x96.jpg","contentUrl":"https:\/\/cj.estrategia.com\/portal\/wp-content\/uploads\/2023\/06\/01191815\/IMG_8949-96x96.jpg","caption":"Marcos Gomes"},"description":"Defensor P\u00fablico do Estado de S\u00e3o Paulo. Especialista em Direito P\u00fablico. Professor de Direito Constitucional e Princ\u00edpios Institucionais no Estrat\u00e9gia Carreiras Jur\u00eddicas. Coordenador da Cole\u00e7\u00e3o Defensoria Ponto a Ponto.","url":"https:\/\/cj.estrategia.com\/portal\/author\/marcos-gomes\/"}]}},"jetpack_featured_media_url":"https:\/\/cj.estrategia.com\/portal\/wp-content\/uploads\/2025\/01\/03205752\/gusttavo-lima.png","jetpack_sharing_enabled":true,"_links":{"self":[{"href":"https:\/\/cj.estrategia.com\/portal\/wp-json\/wp\/v2\/posts\/89122","targetHints":{"allow":["GET"]}}],"collection":[{"href":"https:\/\/cj.estrategia.com\/portal\/wp-json\/wp\/v2\/posts"}],"about":[{"href":"https:\/\/cj.estrategia.com\/portal\/wp-json\/wp\/v2\/types\/post"}],"author":[{"embeddable":true,"href":"https:\/\/cj.estrategia.com\/portal\/wp-json\/wp\/v2\/users\/54"}],"replies":[{"embeddable":true,"href":"https:\/\/cj.estrategia.com\/portal\/wp-json\/wp\/v2\/comments?post=89122"}],"version-history":[{"count":28,"href":"https:\/\/cj.estrategia.com\/portal\/wp-json\/wp\/v2\/posts\/89122\/revisions"}],"predecessor-version":[{"id":89156,"href":"https:\/\/cj.estrategia.com\/portal\/wp-json\/wp\/v2\/posts\/89122\/revisions\/89156"}],"wp:featuredmedia":[{"embeddable":true,"href":"https:\/\/cj.estrategia.com\/portal\/wp-json\/wp\/v2\/media\/89124"}],"wp:attachment":[{"href":"https:\/\/cj.estrategia.com\/portal\/wp-json\/wp\/v2\/media?parent=89122"}],"wp:term":[{"taxonomy":"category","embeddable":true,"href":"https:\/\/cj.estrategia.com\/portal\/wp-json\/wp\/v2\/categories?post=89122"},{"taxonomy":"post_tag","embeddable":true,"href":"https:\/\/cj.estrategia.com\/portal\/wp-json\/wp\/v2\/tags?post=89122"},{"taxonomy":"tax_estado","embeddable":true,"href":"https:\/\/cj.estrategia.com\/portal\/wp-json\/wp\/v2\/tax_estado?post=89122"}],"curies":[{"name":"wp","href":"https:\/\/api.w.org\/{rel}","templated":true}]}}