{"id":88933,"date":"2024-12-30T15:32:20","date_gmt":"2024-12-30T18:32:20","guid":{"rendered":"https:\/\/cj.estrategia.com\/portal\/?p=88933"},"modified":"2025-01-06T09:01:11","modified_gmt":"2025-01-06T12:01:11","slug":"edital-magistratura-am","status":"publish","type":"post","link":"https:\/\/cj.estrategia.com\/portal\/edital-magistratura-am\/","title":{"rendered":"Edital Magistratura AM: 26 vagas e iniciais de R$ 35 mil!"},"content":{"rendered":"\n<p>O edital do <strong>concurso Magistratura AM<\/strong>, organizado pela Funda\u00e7\u00e3o Get\u00falio Vargas (FGV), traz a oferta de <strong>26 vagas para o cargo de Juiz Substituto,<\/strong> com remunera\u00e7\u00e3o inicial de R$ 35.845,21.<\/p>\n\n\n\n<p>As inscri\u00e7\u00f5es estar\u00e3o abertas a partir do dia <strong>6 de janeiro e seguem at\u00e9 o dia 4 de fevereiro<\/strong>. A taxa de participa\u00e7\u00e3o ser\u00e1 de R$350,00.<\/p>\n\n\n\n<p>Este certame n\u00e3o contar\u00e1 com prova objetiva, uma vez que ser\u00e1 utilizada a&nbsp;<strong>aprova\u00e7\u00e3o no ENAM como etapa substitutiva.<\/strong><\/p>\n\n\n\n<p>A segunda etapa do concurso ser\u00e1 composta por&nbsp;<strong>duas provas escritas<\/strong>: uma discursiva e outra pr\u00e1tica, sendo esta \u00faltima dividida em uma prova pr\u00e1tica de senten\u00e7a c\u00edvel e uma de senten\u00e7a criminal.<\/p>\n\n\n\n<p><strong>Confira abaixo os principais detalhes deste edital e continue a sua prepara\u00e7\u00e3o:<\/strong><\/p>\n\n\n\n<p class=\"has-pale-ocean-gradient-background has-background\"><strong>Edital Magistratura AM 2025<\/strong><br><strong>Status:<\/strong>\u00a0edital publicado<br><strong>Inscri\u00e7\u00f5es:<\/strong> 06\/01 a 04\/02\/2025<br><strong>Taxa:<\/strong> R$350,00.<br><strong>Banca: <\/strong>FGV<br><strong>Vagas: <\/strong>26 + CR<br><strong>Sal\u00e1rio inicial:<\/strong> R$ 35.845,21<br><strong>Prova Objetiva:  <\/strong>Ser\u00e1 utilizado ENAM<br><strong>Prova Dissertativa: <\/strong>2, 8 e 9\/04\/2025<br><a href=\"https:\/\/cj.estrategia.com\/portal\/wp-content\/uploads\/2024\/12\/30131139\/edital-tj-am.pdf\" target=\"_blank\" >Edital  Magistratura AM 2025<\/a><\/p>\n\n\n\n<h2 class=\"wp-block-heading\" id=\"h-edital-delegado-mg-requisitos\"><span id=\"edital-delegado-mg-requisitos\">Edital Delegado MG: Requisitos<\/span><\/h2>\n\n\n\n<p>S\u00e3o requisitos para ingresso no cargo de Juiz de Direito Substituto:<\/p>\n\n\n\n<ul class=\"wp-block-list\">\n<li><strong>Ser aprovado no Exame Nacional da Magistratura \u2013 ENAM;<\/strong><\/li>\n\n\n\n<li>Ser brasileiro nato ou naturalizado, ou naturalidade portuguesa amparada pelo Decreto<br>n\u00ba 70.391\/1972;<\/li>\n\n\n\n<li>Ter menos de 65 (sessenta e cinco) anos na data da posse;<\/li>\n\n\n\n<li><strong>Ter conclu\u00eddo o curso de bacharelado em Direito, em institui\u00e7\u00e3o p\u00fablica ou particular reconhecida pelo MEC, h\u00e1 pelo menos 3 (tr\u00eas) anos;<\/strong><\/li>\n\n\n\n<li><strong>Ter exercido atividade jur\u00eddica pelo per\u00edodo m\u00ednimo de 3 (tr\u00eas) anos, contados a partir da obten\u00e7\u00e3o do grau de bacharel em Direito, nos termos do art. 93, I, da Constitui\u00e7\u00e3o Federal;<\/strong><\/li>\n\n\n\n<li>Estar quite com o servi\u00e7o militar, se do sexo masculino;<\/li>\n\n\n\n<li>Estar quite com as obriga\u00e7\u00f5es eleitorais;<\/li>\n\n\n\n<li>Estar no gozo dos direitos civis e pol\u00edticos;<\/li>\n\n\n\n<li>Possuir idoneidade moral e n\u00e3o registrar antecedentes criminais;<\/li>\n\n\n\n<li>Ter equil\u00edbrio psicoemocional para o exerc\u00edcio do cargo, demonstrado em exame<br>psicot\u00e9cnico;<\/li>\n\n\n\n<li>Gozar de sanidade f\u00edsica e mental, comprovada em exame de sa\u00fade;<\/li>\n\n\n\n<li>Ter, na investiga\u00e7\u00e3o social, comprovados bons antecedentes morais e sociais;<\/li>\n\n\n\n<li>Aprova\u00e7\u00e3o em todas as etapas do Concurso e<\/li>\n\n\n\n<li>Conhecer e estar de acordo com as exig\u00eancias contidas neste Edital.<\/li>\n<\/ul>\n\n\n\n<h2 class=\"wp-block-heading\" id=\"h-provas\"><span id=\"provas\">Provas<\/span><\/h2>\n\n\n\n<p>Este certame n\u00e3o contar\u00e1 com prova objetiva, uma vez que ser\u00e1 utilizada a&nbsp;<strong>aprova\u00e7\u00e3o no ENAM como etapa substitutiva.<\/strong><\/p>\n\n\n\n<p>A segunda etapa do concurso ser\u00e1 composta por&nbsp;<strong>duas provas escritas<\/strong>: uma discursiva e outra pr\u00e1tica, sendo esta \u00faltima dividida em uma prova pr\u00e1tica de senten\u00e7a c\u00edvel e uma de senten\u00e7a criminal.<\/p>\n\n\n\n<p>As provas est\u00e3o previstas para os dias\u00a0<strong>2, 8 e 9 de abril de 2025<\/strong>.<\/p>\n\n\n\n<h2 class=\"wp-block-heading has-text-align-center\" id=\"cursos\"><span id=\"quer-saber-tudo-sobre-concursos-previstosconfira-nossos-artigos\">Quer saber tudo sobre concursos previstos?<br><strong>Confira nossos artigos!<\/strong><\/span><\/h2>\n\n\n\n\n\n<h2 class=\"wp-block-heading has-text-align-center\" id=\"curso\"><span id=\"cursos-e-assinaturas\">CURSOS E ASSINATURAS<\/span><\/h2>\n\n\n\n\n\n<figure class=\"wp-block-image size-large is-resized\"><img decoding=\"async\" src=\"https:\/\/dhg1h5j42swfq.cloudfront.net\/2021\/04\/21143859\/ficha-tecnica-161-1024x632.png\" alt=\"concurso Juiz ES ficha t\u00e9cnica\" class=\"wp-image-720407\" style=\"width:215px;height:auto\"\/><\/figure>\n\n\n\n<p><strong>Informa\u00e7\u00f5es sobre o concurso Magistratura AM<\/strong><\/p>\n\n\n\n<p>\u25baData prevista: 2, 8 e 9\/04\/2025<br>\u25baVagas: 26 + CR<br>\u25baRemunera\u00e7\u00e3o inicial: R$ 35.845,21<br>\u25baBanca: FGV<br>\u25baRequisitos: Ensino Superior completo em Direito<br>\u25ba<a href=\"https:\/\/cj.estrategia.com\/portal\/wp-content\/uploads\/2024\/12\/30131139\/edital-tj-am.pdf\" target=\"_blank\" >Edital  Magistratura AM 2025<\/a><\/p>\n","protected":false},"excerpt":{"rendered":"O edital do concurso Magistratura AM, organizado pela Funda\u00e7\u00e3o Get\u00falio Vargas (FGV), traz a oferta de 26 vagas&hellip;\n","protected":false},"author":12,"featured_media":20811,"comment_status":"open","ping_status":"open","sticky":false,"template":"","format":"standard","meta":{"_jetpack_memberships_contains_paid_content":false,"footnotes":""},"categories":[26],"tags":[],"tax_estado":[32],"class_list":{"0":"post-88933","1":"post","2":"type-post","3":"status-publish","4":"format-standard","5":"has-post-thumbnail","7":"category-magistratura","8":"tax_estado-am"},"acf":[],"yoast_head":"<!-- This site is optimized with the Yoast SEO Premium plugin v27.4 (Yoast SEO v27.4) - https:\/\/yoast.com\/product\/yoast-seo-premium-wordpress\/ -->\n<title>Edital Magistratura AM: 26 vagas e iniciais de R$ 35 mil!<\/title>\n<meta name=\"description\" content=\"Edital Magistratura AM: Confira AQUI os detalhes desta sele\u00e7\u00e3o com oferta de 26 vagas para o cargo de Juiz!\" \/>\n<meta name=\"robots\" content=\"index, follow, max-snippet:-1, max-image-preview:large, max-video-preview:-1\" \/>\n<link rel=\"canonical\" href=\"https:\/\/cj.estrategia.com\/portal\/edital-magistratura-am\/\" \/>\n<meta property=\"og:locale\" content=\"pt_BR\" \/>\n<meta property=\"og:type\" content=\"article\" \/>\n<meta property=\"og:title\" content=\"Edital Magistratura AM: 26 vagas e iniciais de R$ 35 mil!\" \/>\n<meta property=\"og:description\" content=\"Edital Magistratura AM: Confira AQUI os detalhes desta sele\u00e7\u00e3o com oferta de 26 vagas para o cargo de Juiz!\" \/>\n<meta property=\"og:url\" content=\"https:\/\/cj.estrategia.com\/portal\/edital-magistratura-am\/\" \/>\n<meta property=\"og:site_name\" content=\"Blog - Carreiras Jur\u00eddicas - Estrat\u00e9gia\" \/>\n<meta property=\"article:publisher\" content=\"https:\/\/www.facebook.com\/estrategiacarreirajuridica\/\" \/>\n<meta property=\"article:published_time\" content=\"2024-12-30T18:32:20+00:00\" \/>\n<meta property=\"article:modified_time\" content=\"2025-01-06T12:01:11+00:00\" \/>\n<meta property=\"og:image\" content=\"https:\/\/cj.estrategia.com\/portal\/wp-content\/uploads\/2022\/07\/04104314\/Magistratura-AM.jpg\" \/>\n\t<meta property=\"og:image:width\" content=\"768\" \/>\n\t<meta property=\"og:image:height\" content=\"432\" \/>\n\t<meta property=\"og:image:type\" content=\"image\/jpeg\" \/>\n<meta name=\"author\" content=\"Coordena\u00e7\u00e3o\" \/>\n<meta name=\"twitter:card\" content=\"summary_large_image\" \/>\n<meta name=\"twitter:creator\" content=\"@EstratJuridica\" \/>\n<meta name=\"twitter:site\" content=\"@EstratJuridica\" \/>\n<meta name=\"twitter:label1\" content=\"Escrito por\" \/>\n\t<meta name=\"twitter:data1\" content=\"Coordena\u00e7\u00e3o\" \/>\n\t<meta name=\"twitter:label2\" content=\"Est. tempo de leitura\" \/>\n\t<meta name=\"twitter:data2\" content=\"9 minutos\" \/>\n<script type=\"application\/ld+json\" class=\"yoast-schema-graph\">{\"@context\":\"https:\\\/\\\/schema.org\",\"@graph\":[{\"@type\":\"NewsArticle\",\"@id\":\"https:\\\/\\\/cj.estrategia.com\\\/portal\\\/edital-magistratura-am\\\/#article\",\"isPartOf\":{\"@id\":\"https:\\\/\\\/cj.estrategia.com\\\/portal\\\/edital-magistratura-am\\\/\"},\"author\":{\"name\":\"Coordena\u00e7\u00e3o\",\"@id\":\"https:\\\/\\\/cj.estrategia.com\\\/portal\\\/#\\\/schema\\\/person\\\/4d70317d31449932b99102916b6637f5\"},\"headline\":\"Edital Magistratura AM: 26 vagas e iniciais de R$ 35 mil!\",\"datePublished\":\"2024-12-30T18:32:20+00:00\",\"dateModified\":\"2025-01-06T12:01:11+00:00\",\"mainEntityOfPage\":{\"@id\":\"https:\\\/\\\/cj.estrategia.com\\\/portal\\\/edital-magistratura-am\\\/\"},\"wordCount\":483,\"commentCount\":0,\"publisher\":{\"@id\":\"https:\\\/\\\/cj.estrategia.com\\\/portal\\\/#organization\"},\"image\":{\"@id\":\"https:\\\/\\\/cj.estrategia.com\\\/portal\\\/edital-magistratura-am\\\/#primaryimage\"},\"thumbnailUrl\":\"https:\\\/\\\/cj.estrategia.com\\\/portal\\\/wp-content\\\/uploads\\\/2022\\\/07\\\/04104314\\\/Magistratura-AM.jpg\",\"articleSection\":[\"Magistratura\"],\"inLanguage\":\"pt-BR\",\"potentialAction\":[{\"@type\":\"CommentAction\",\"name\":\"Comment\",\"target\":[\"https:\\\/\\\/cj.estrategia.com\\\/portal\\\/edital-magistratura-am\\\/#respond\"]}]},{\"@type\":\"WebPage\",\"@id\":\"https:\\\/\\\/cj.estrategia.com\\\/portal\\\/edital-magistratura-am\\\/\",\"url\":\"https:\\\/\\\/cj.estrategia.com\\\/portal\\\/edital-magistratura-am\\\/\",\"name\":\"Edital Magistratura AM: 26 vagas e iniciais de R$ 35 mil!\",\"isPartOf\":{\"@id\":\"https:\\\/\\\/cj.estrategia.com\\\/portal\\\/#website\"},\"primaryImageOfPage\":{\"@id\":\"https:\\\/\\\/cj.estrategia.com\\\/portal\\\/edital-magistratura-am\\\/#primaryimage\"},\"image\":{\"@id\":\"https:\\\/\\\/cj.estrategia.com\\\/portal\\\/edital-magistratura-am\\\/#primaryimage\"},\"thumbnailUrl\":\"https:\\\/\\\/cj.estrategia.com\\\/portal\\\/wp-content\\\/uploads\\\/2022\\\/07\\\/04104314\\\/Magistratura-AM.jpg\",\"datePublished\":\"2024-12-30T18:32:20+00:00\",\"dateModified\":\"2025-01-06T12:01:11+00:00\",\"description\":\"Edital Magistratura AM: Confira AQUI os detalhes desta sele\u00e7\u00e3o com oferta de 26 vagas para o cargo de Juiz!\",\"breadcrumb\":{\"@id\":\"https:\\\/\\\/cj.estrategia.com\\\/portal\\\/edital-magistratura-am\\\/#breadcrumb\"},\"inLanguage\":\"pt-BR\",\"potentialAction\":[{\"@type\":\"ReadAction\",\"target\":[\"https:\\\/\\\/cj.estrategia.com\\\/portal\\\/edital-magistratura-am\\\/\"]}]},{\"@type\":\"ImageObject\",\"inLanguage\":\"pt-BR\",\"@id\":\"https:\\\/\\\/cj.estrategia.com\\\/portal\\\/edital-magistratura-am\\\/#primaryimage\",\"url\":\"https:\\\/\\\/cj.estrategia.com\\\/portal\\\/wp-content\\\/uploads\\\/2022\\\/07\\\/04104314\\\/Magistratura-AM.jpg\",\"contentUrl\":\"https:\\\/\\\/cj.estrategia.com\\\/portal\\\/wp-content\\\/uploads\\\/2022\\\/07\\\/04104314\\\/Magistratura-AM.jpg\",\"width\":768,\"height\":432,\"caption\":\"Concurso Juiz AM\"},{\"@type\":\"BreadcrumbList\",\"@id\":\"https:\\\/\\\/cj.estrategia.com\\\/portal\\\/edital-magistratura-am\\\/#breadcrumb\",\"itemListElement\":[{\"@type\":\"ListItem\",\"position\":1,\"name\":\"In\u00edcio\",\"item\":\"https:\\\/\\\/cj.estrategia.com\\\/portal\\\/\"},{\"@type\":\"ListItem\",\"position\":2,\"name\":\"Edital Magistratura AM: 26 vagas e iniciais de R$ 35 mil!\"}]},{\"@type\":\"WebSite\",\"@id\":\"https:\\\/\\\/cj.estrategia.com\\\/portal\\\/#website\",\"url\":\"https:\\\/\\\/cj.estrategia.com\\\/portal\\\/\",\"name\":\"Blog - Carreiras Jur\u00eddicas - Estrat\u00e9gia\",\"description\":\"\",\"publisher\":{\"@id\":\"https:\\\/\\\/cj.estrategia.com\\\/portal\\\/#organization\"},\"potentialAction\":[{\"@type\":\"SearchAction\",\"target\":{\"@type\":\"EntryPoint\",\"urlTemplate\":\"https:\\\/\\\/cj.estrategia.com\\\/portal\\\/?s={search_term_string}\"},\"query-input\":{\"@type\":\"PropertyValueSpecification\",\"valueRequired\":true,\"valueName\":\"search_term_string\"}}],\"inLanguage\":\"pt-BR\"},{\"@type\":\"Organization\",\"@id\":\"https:\\\/\\\/cj.estrategia.com\\\/portal\\\/#organization\",\"name\":\"Estrat\u00e9gia - Carreiras Jur\u00eddicas\",\"url\":\"https:\\\/\\\/cj.estrategia.com\\\/portal\\\/\",\"logo\":{\"@type\":\"ImageObject\",\"inLanguage\":\"pt-BR\",\"@id\":\"https:\\\/\\\/cj.estrategia.com\\\/portal\\\/#\\\/schema\\\/logo\\\/image\\\/\",\"url\":\"https:\\\/\\\/cj.estrategia.com\\\/portal\\\/wp-content\\\/uploads\\\/2022\\\/03\\\/11151052\\\/cj-logo.png\",\"contentUrl\":\"https:\\\/\\\/cj.estrategia.com\\\/portal\\\/wp-content\\\/uploads\\\/2022\\\/03\\\/11151052\\\/cj-logo.png\",\"width\":150,\"height\":39,\"caption\":\"Estrat\u00e9gia - Carreiras Jur\u00eddicas\"},\"image\":{\"@id\":\"https:\\\/\\\/cj.estrategia.com\\\/portal\\\/#\\\/schema\\\/logo\\\/image\\\/\"},\"sameAs\":[\"https:\\\/\\\/www.facebook.com\\\/estrategiacarreirajuridica\\\/\",\"https:\\\/\\\/x.com\\\/EstratJuridica\",\"https:\\\/\\\/www.instagram.com\\\/estrategiacarreirajuridica\\\/\",\"https:\\\/\\\/www.youtube.com\\\/channel\\\/UClbMGuYbj2Mh1m3w144ETWQ\"]},{\"@type\":\"Person\",\"@id\":\"https:\\\/\\\/cj.estrategia.com\\\/portal\\\/#\\\/schema\\\/person\\\/4d70317d31449932b99102916b6637f5\",\"name\":\"Coordena\u00e7\u00e3o\",\"image\":{\"@type\":\"ImageObject\",\"inLanguage\":\"pt-BR\",\"@id\":\"https:\\\/\\\/cj.estrategia.com\\\/portal\\\/wp-content\\\/uploads\\\/2022\\\/05\\\/12164923\\\/estrategia-carreira-juridica-coordenacao-96x96.png\",\"url\":\"https:\\\/\\\/cj.estrategia.com\\\/portal\\\/wp-content\\\/uploads\\\/2022\\\/05\\\/12164923\\\/estrategia-carreira-juridica-coordenacao-96x96.png\",\"contentUrl\":\"https:\\\/\\\/cj.estrategia.com\\\/portal\\\/wp-content\\\/uploads\\\/2022\\\/05\\\/12164923\\\/estrategia-carreira-juridica-coordenacao-96x96.png\",\"caption\":\"Coordena\u00e7\u00e3o\"},\"url\":\"https:\\\/\\\/cj.estrategia.com\\\/portal\\\/author\\\/coordenacao\\\/\"}]}<\/script>\n<!-- \/ Yoast SEO Premium plugin. -->","yoast_head_json":{"title":"Edital Magistratura AM: 26 vagas e iniciais de R$ 35 mil!","description":"Edital Magistratura AM: Confira AQUI os detalhes desta sele\u00e7\u00e3o com oferta de 26 vagas para o cargo de Juiz!","robots":{"index":"index","follow":"follow","max-snippet":"max-snippet:-1","max-image-preview":"max-image-preview:large","max-video-preview":"max-video-preview:-1"},"canonical":"https:\/\/cj.estrategia.com\/portal\/edital-magistratura-am\/","og_locale":"pt_BR","og_type":"article","og_title":"Edital Magistratura AM: 26 vagas e iniciais de R$ 35 mil!","og_description":"Edital Magistratura AM: Confira AQUI os detalhes desta sele\u00e7\u00e3o com oferta de 26 vagas para o cargo de Juiz!","og_url":"https:\/\/cj.estrategia.com\/portal\/edital-magistratura-am\/","og_site_name":"Blog - Carreiras Jur\u00eddicas - Estrat\u00e9gia","article_publisher":"https:\/\/www.facebook.com\/estrategiacarreirajuridica\/","article_published_time":"2024-12-30T18:32:20+00:00","article_modified_time":"2025-01-06T12:01:11+00:00","og_image":[{"width":768,"height":432,"url":"https:\/\/cj.estrategia.com\/portal\/wp-content\/uploads\/2022\/07\/04104314\/Magistratura-AM.jpg","type":"image\/jpeg"}],"author":"Coordena\u00e7\u00e3o","twitter_card":"summary_large_image","twitter_creator":"@EstratJuridica","twitter_site":"@EstratJuridica","twitter_misc":{"Escrito por":"Coordena\u00e7\u00e3o","Est. tempo de leitura":"9 minutos"},"schema":{"@context":"https:\/\/schema.org","@graph":[{"@type":"NewsArticle","@id":"https:\/\/cj.estrategia.com\/portal\/edital-magistratura-am\/#article","isPartOf":{"@id":"https:\/\/cj.estrategia.com\/portal\/edital-magistratura-am\/"},"author":{"name":"Coordena\u00e7\u00e3o","@id":"https:\/\/cj.estrategia.com\/portal\/#\/schema\/person\/4d70317d31449932b99102916b6637f5"},"headline":"Edital Magistratura AM: 26 vagas e iniciais de R$ 35 mil!","datePublished":"2024-12-30T18:32:20+00:00","dateModified":"2025-01-06T12:01:11+00:00","mainEntityOfPage":{"@id":"https:\/\/cj.estrategia.com\/portal\/edital-magistratura-am\/"},"wordCount":483,"commentCount":0,"publisher":{"@id":"https:\/\/cj.estrategia.com\/portal\/#organization"},"image":{"@id":"https:\/\/cj.estrategia.com\/portal\/edital-magistratura-am\/#primaryimage"},"thumbnailUrl":"https:\/\/cj.estrategia.com\/portal\/wp-content\/uploads\/2022\/07\/04104314\/Magistratura-AM.jpg","articleSection":["Magistratura"],"inLanguage":"pt-BR","potentialAction":[{"@type":"CommentAction","name":"Comment","target":["https:\/\/cj.estrategia.com\/portal\/edital-magistratura-am\/#respond"]}]},{"@type":"WebPage","@id":"https:\/\/cj.estrategia.com\/portal\/edital-magistratura-am\/","url":"https:\/\/cj.estrategia.com\/portal\/edital-magistratura-am\/","name":"Edital Magistratura AM: 26 vagas e iniciais de R$ 35 mil!","isPartOf":{"@id":"https:\/\/cj.estrategia.com\/portal\/#website"},"primaryImageOfPage":{"@id":"https:\/\/cj.estrategia.com\/portal\/edital-magistratura-am\/#primaryimage"},"image":{"@id":"https:\/\/cj.estrategia.com\/portal\/edital-magistratura-am\/#primaryimage"},"thumbnailUrl":"https:\/\/cj.estrategia.com\/portal\/wp-content\/uploads\/2022\/07\/04104314\/Magistratura-AM.jpg","datePublished":"2024-12-30T18:32:20+00:00","dateModified":"2025-01-06T12:01:11+00:00","description":"Edital Magistratura AM: Confira AQUI os detalhes desta sele\u00e7\u00e3o com oferta de 26 vagas para o cargo de Juiz!","breadcrumb":{"@id":"https:\/\/cj.estrategia.com\/portal\/edital-magistratura-am\/#breadcrumb"},"inLanguage":"pt-BR","potentialAction":[{"@type":"ReadAction","target":["https:\/\/cj.estrategia.com\/portal\/edital-magistratura-am\/"]}]},{"@type":"ImageObject","inLanguage":"pt-BR","@id":"https:\/\/cj.estrategia.com\/portal\/edital-magistratura-am\/#primaryimage","url":"https:\/\/cj.estrategia.com\/portal\/wp-content\/uploads\/2022\/07\/04104314\/Magistratura-AM.jpg","contentUrl":"https:\/\/cj.estrategia.com\/portal\/wp-content\/uploads\/2022\/07\/04104314\/Magistratura-AM.jpg","width":768,"height":432,"caption":"Concurso Juiz AM"},{"@type":"BreadcrumbList","@id":"https:\/\/cj.estrategia.com\/portal\/edital-magistratura-am\/#breadcrumb","itemListElement":[{"@type":"ListItem","position":1,"name":"In\u00edcio","item":"https:\/\/cj.estrategia.com\/portal\/"},{"@type":"ListItem","position":2,"name":"Edital Magistratura AM: 26 vagas e iniciais de R$ 35 mil!"}]},{"@type":"WebSite","@id":"https:\/\/cj.estrategia.com\/portal\/#website","url":"https:\/\/cj.estrategia.com\/portal\/","name":"Blog - Carreiras Jur\u00eddicas - Estrat\u00e9gia","description":"","publisher":{"@id":"https:\/\/cj.estrategia.com\/portal\/#organization"},"potentialAction":[{"@type":"SearchAction","target":{"@type":"EntryPoint","urlTemplate":"https:\/\/cj.estrategia.com\/portal\/?s={search_term_string}"},"query-input":{"@type":"PropertyValueSpecification","valueRequired":true,"valueName":"search_term_string"}}],"inLanguage":"pt-BR"},{"@type":"Organization","@id":"https:\/\/cj.estrategia.com\/portal\/#organization","name":"Estrat\u00e9gia - Carreiras Jur\u00eddicas","url":"https:\/\/cj.estrategia.com\/portal\/","logo":{"@type":"ImageObject","inLanguage":"pt-BR","@id":"https:\/\/cj.estrategia.com\/portal\/#\/schema\/logo\/image\/","url":"https:\/\/cj.estrategia.com\/portal\/wp-content\/uploads\/2022\/03\/11151052\/cj-logo.png","contentUrl":"https:\/\/cj.estrategia.com\/portal\/wp-content\/uploads\/2022\/03\/11151052\/cj-logo.png","width":150,"height":39,"caption":"Estrat\u00e9gia - Carreiras Jur\u00eddicas"},"image":{"@id":"https:\/\/cj.estrategia.com\/portal\/#\/schema\/logo\/image\/"},"sameAs":["https:\/\/www.facebook.com\/estrategiacarreirajuridica\/","https:\/\/x.com\/EstratJuridica","https:\/\/www.instagram.com\/estrategiacarreirajuridica\/","https:\/\/www.youtube.com\/channel\/UClbMGuYbj2Mh1m3w144ETWQ"]},{"@type":"Person","@id":"https:\/\/cj.estrategia.com\/portal\/#\/schema\/person\/4d70317d31449932b99102916b6637f5","name":"Coordena\u00e7\u00e3o","image":{"@type":"ImageObject","inLanguage":"pt-BR","@id":"https:\/\/cj.estrategia.com\/portal\/wp-content\/uploads\/2022\/05\/12164923\/estrategia-carreira-juridica-coordenacao-96x96.png","url":"https:\/\/cj.estrategia.com\/portal\/wp-content\/uploads\/2022\/05\/12164923\/estrategia-carreira-juridica-coordenacao-96x96.png","contentUrl":"https:\/\/cj.estrategia.com\/portal\/wp-content\/uploads\/2022\/05\/12164923\/estrategia-carreira-juridica-coordenacao-96x96.png","caption":"Coordena\u00e7\u00e3o"},"url":"https:\/\/cj.estrategia.com\/portal\/author\/coordenacao\/"}]}},"jetpack_featured_media_url":"https:\/\/cj.estrategia.com\/portal\/wp-content\/uploads\/2022\/07\/04104314\/Magistratura-AM.jpg","jetpack_sharing_enabled":true,"_links":{"self":[{"href":"https:\/\/cj.estrategia.com\/portal\/wp-json\/wp\/v2\/posts\/88933","targetHints":{"allow":["GET"]}}],"collection":[{"href":"https:\/\/cj.estrategia.com\/portal\/wp-json\/wp\/v2\/posts"}],"about":[{"href":"https:\/\/cj.estrategia.com\/portal\/wp-json\/wp\/v2\/types\/post"}],"author":[{"embeddable":true,"href":"https:\/\/cj.estrategia.com\/portal\/wp-json\/wp\/v2\/users\/12"}],"replies":[{"embeddable":true,"href":"https:\/\/cj.estrategia.com\/portal\/wp-json\/wp\/v2\/comments?post=88933"}],"version-history":[{"count":3,"href":"https:\/\/cj.estrategia.com\/portal\/wp-json\/wp\/v2\/posts\/88933\/revisions"}],"predecessor-version":[{"id":89351,"href":"https:\/\/cj.estrategia.com\/portal\/wp-json\/wp\/v2\/posts\/88933\/revisions\/89351"}],"wp:featuredmedia":[{"embeddable":true,"href":"https:\/\/cj.estrategia.com\/portal\/wp-json\/wp\/v2\/media\/20811"}],"wp:attachment":[{"href":"https:\/\/cj.estrategia.com\/portal\/wp-json\/wp\/v2\/media?parent=88933"}],"wp:term":[{"taxonomy":"category","embeddable":true,"href":"https:\/\/cj.estrategia.com\/portal\/wp-json\/wp\/v2\/categories?post=88933"},{"taxonomy":"post_tag","embeddable":true,"href":"https:\/\/cj.estrategia.com\/portal\/wp-json\/wp\/v2\/tags?post=88933"},{"taxonomy":"tax_estado","embeddable":true,"href":"https:\/\/cj.estrategia.com\/portal\/wp-json\/wp\/v2\/tax_estado?post=88933"}],"curies":[{"name":"wp","href":"https:\/\/api.w.org\/{rel}","templated":true}]}}