{"id":88729,"date":"2024-12-27T17:05:14","date_gmt":"2024-12-27T20:05:14","guid":{"rendered":"https:\/\/cj.estrategia.com\/portal\/?p=88729"},"modified":"2025-01-07T18:12:01","modified_gmt":"2025-01-07T21:12:01","slug":"trafico-humano-mianmar","status":"publish","type":"post","link":"https:\/\/cj.estrategia.com\/portal\/trafico-humano-mianmar\/","title":{"rendered":"Tr\u00e1fico Humano em Mianmar"},"content":{"rendered":"\n<p><em>Entenda o caso de tr\u00e1fico humano envolvendo brasileiros em Mianmar, de acordo com a an\u00e1lise jur\u00eddica baseada no Protocolo de Palermo e na legisla\u00e7\u00e3o brasileira.<\/em><\/p>\n\n\n\n<p><strong>* Thiago de Paula Leite \u00e9 procurador do Estado de S\u00e3o Paulo e professor de direito ambiental e agr\u00e1rio do Estrat\u00e9gia.<\/strong><\/p>\n\n\n\n<figure class=\"wp-block-image size-large is-resized\"><img decoding=\"async\" width=\"1024\" height=\"576\" src=\"https:\/\/cj.estrategia.com\/portal\/wp-content\/uploads\/2024\/12\/27163002\/trafico-1024x576.png\" alt=\"\" class=\"wp-image-88735\" style=\"width:729px;height:auto\" srcset=\"https:\/\/cj.estrategia.com\/portal\/wp-content\/uploads\/2024\/12\/27163002\/trafico-1024x576.png 1024w, https:\/\/cj.estrategia.com\/portal\/wp-content\/uploads\/2024\/12\/27163002\/trafico-300x169.png 300w, https:\/\/cj.estrategia.com\/portal\/wp-content\/uploads\/2024\/12\/27163002\/trafico-768x432.png 768w, https:\/\/cj.estrategia.com\/portal\/wp-content\/uploads\/2024\/12\/27163002\/trafico-960x540.png 960w, https:\/\/cj.estrategia.com\/portal\/wp-content\/uploads\/2024\/12\/27163002\/trafico-380x214.png 380w, https:\/\/cj.estrategia.com\/portal\/wp-content\/uploads\/2024\/12\/27163002\/trafico-800x450.png 800w, https:\/\/cj.estrategia.com\/portal\/wp-content\/uploads\/2024\/12\/27163002\/trafico-1160x652.png 1160w, https:\/\/cj.estrategia.com\/portal\/wp-content\/uploads\/2024\/12\/27163002\/trafico-150x84.png 150w, https:\/\/cj.estrategia.com\/portal\/wp-content\/uploads\/2024\/12\/27163002\/trafico.png 1249w\" sizes=\"(max-width: 1024px) 100vw, 1024px\" \/><\/figure>\n\n\n\n<h2 class=\"wp-block-heading\" id=\"h-entenda-o-que-aconteceu-trafico-humano\"><span id=\"entenda-o-que-aconteceu-trafico-humano\"><strong>Entenda o que aconteceu<\/strong> <mark style=\"background-color:rgba(0, 0, 0, 0)\" class=\"has-inline-color has-white-color\">tr\u00e1fico humano<\/mark><\/span><\/h2>\n\n\n\n<p>Uma not\u00edcia assustadora preocupa o governo brasileiro: dois jovens brasileiros, que viajaram para Bangkok, capital tailandesa, com a promessa de trabalharem, se tornaram v\u00edtimas de tr\u00e1fico humano em Mianmar.&nbsp;<\/p>\n\n\n\n<div class=\"wp-block-media-text is-stacked-on-mobile\"><figure class=\"wp-block-media-text__media\"><img decoding=\"async\" width=\"673\" height=\"505\" src=\"https:\/\/cj.estrategia.com\/portal\/wp-content\/uploads\/2024\/12\/27163532\/trafico2.png\" alt=\"tr\u00e1fico humano\" class=\"wp-image-88738 size-full\" srcset=\"https:\/\/cj.estrategia.com\/portal\/wp-content\/uploads\/2024\/12\/27163532\/trafico2.png 673w, https:\/\/cj.estrategia.com\/portal\/wp-content\/uploads\/2024\/12\/27163532\/trafico2-300x225.png 300w, https:\/\/cj.estrategia.com\/portal\/wp-content\/uploads\/2024\/12\/27163532\/trafico2-380x285.png 380w, https:\/\/cj.estrategia.com\/portal\/wp-content\/uploads\/2024\/12\/27163532\/trafico2-150x113.png 150w\" sizes=\"(max-width: 673px) 100vw, 673px\" \/><\/figure><div class=\"wp-block-media-text__content\">\n<p><strong>Luckas Viana e Phelipe de Moura Ferreira<\/strong> foram chamados para trabalharem em um cassino e em um call center para uma empresa, mas, quando os brasileiros chegaram l\u00e1, foram sequestrados e for\u00e7ados a trabalhar.<\/p>\n\n\n\n<p>Parentes e amigos desconfiaram que os jovens estariam sendo levados para Mianmar, pa\u00eds que faz fronteira com a Tail\u00e2ndia e um dos principais destinos das v\u00edtimas de tr\u00e1fico humano, segundo autoridades internacionais.<\/p>\n<\/div><\/div>\n\n\n\n<p>Os dois brasileiros s\u00e3o v\u00edtimas da mesma empresa, a KK Park, que, conforme descri\u00e7\u00e3o das pr\u00f3prias v\u00edtimas, \u00e9 uma empresa de fachada, sendo, na verdade, uma verdadeira \u201cf\u00e1brica de golpes online\u201d, na qual estrangeiros s\u00e3o atra\u00eddos por falsas promessas de emprego e s\u00e3o obrigados a aplicar fraudes cibern\u00e9ticas atrav\u00e9s de perfis falsos.<\/p>\n\n\n\n<p>Foi por meio desses perfis que os brasileiros, escondidos dos sequestradores, conseguiram contactar os familiares, e denunciaram o crime.<\/p>\n\n\n\n<p>Os jovens acusam os sequestradores das seguintes pr\u00e1ticas:<\/p>\n\n\n\n<ul class=\"is-style-cnvs-list-styled-negative wp-block-list\">\n<li><strong>Trabalho escravo (at\u00e9 15 horas por dia);<\/strong><\/li>\n\n\n\n<li><strong>Agress\u00f5es;<\/strong><\/li>\n\n\n\n<li><strong>Amea\u00e7as de morte;<\/strong><\/li>\n\n\n\n<li><strong>Humilha\u00e7\u00e3o;<\/strong><\/li>\n\n\n\n<li><strong>Espancamento;<\/strong><\/li>\n\n\n\n<li><strong>Choques;<\/strong><\/li>\n\n\n\n<li><strong>Medo de retirada de \u00f3rg\u00e3os;<\/strong><\/li>\n\n\n\n<li><strong>Reten\u00e7\u00e3o de documentos, passaporte e celular.<\/strong><\/li>\n<\/ul>\n\n\n\n<p>Importante pontuar que Mianmar vive sob uma ditadura militar h\u00e1 quase quatro anos, sendo considerado uma zona de conflito armado, o que torna a opera\u00e7\u00e3o de resgate dos brasileiros bem mais delicada.<\/p>\n\n\n\n<p>Por isso, o governo brasileiro informou que apenas as autoridades locais de Mianmar poderiam resgatar os jovens.<\/p>\n\n\n\n<p>Mesmo diante de situa\u00e7\u00e3o delicada, o Itamaraty informou que acompanha o caso pelas embaixadas do Brasil em Bangkok e Yangon \u2014 em Mianmar, e que foram realizadas diversas \u201cgest\u00f5es\u201d junto ao governo de Mianmar, com o objetivo de tentar localizar e resgatar os jovens, mas que a opera\u00e7\u00e3o compete \u00e0s autoridades policiais locais.<\/p>\n\n\n\n<p>Em 2023, o Alto Comissariado das Na\u00e7\u00f5es Unidas para os Direitos Humanos afirmou que ao menos 120 mil pessoas, do mundo todo, estariam sendo mantidas nessa regi\u00e3o em Mianmar, passando cerca de 18 horas por dia atr\u00e1s de v\u00edtimas, \u00e0s vezes, conhecidas.<\/p>\n\n\n\n<h2 class=\"wp-block-heading\" id=\"h-analise-juridica-nbsp-trafico-humano\" style=\"font-style:normal;font-weight:400\"><span id=\"analise-juridica-trafico-humano\"><strong>An\u00e1lise Jur\u00eddica<\/strong><mark style=\"background-color:rgba(0, 0, 0, 0)\" class=\"has-inline-color has-white-color\"><strong> <\/strong>&nbsp;Tr\u00e1fico Humano<\/mark><\/span><\/h2>\n\n\n\n<p>O ponto de partida de todos esses crimes cometidos \u00e9 o <strong><mark style=\"background-color:rgba(0, 0, 0, 0)\" class=\"has-inline-color has-vivid-red-color\">tr\u00e1fico de pessoas, ou tr\u00e1fico humano<\/mark><\/strong>, que tem a seguinte din\u00e2mica:<\/p>\n\n\n\n<figure class=\"wp-block-image size-full\"><img decoding=\"async\" width=\"998\" height=\"438\" src=\"https:\/\/cj.estrategia.com\/portal\/wp-content\/uploads\/2024\/12\/27164723\/trafico3.png\" alt=\"tr\u00e1fico humano\" class=\"wp-image-88756\" srcset=\"https:\/\/cj.estrategia.com\/portal\/wp-content\/uploads\/2024\/12\/27164723\/trafico3.png 998w, https:\/\/cj.estrategia.com\/portal\/wp-content\/uploads\/2024\/12\/27164723\/trafico3-300x132.png 300w, https:\/\/cj.estrategia.com\/portal\/wp-content\/uploads\/2024\/12\/27164723\/trafico3-768x337.png 768w, https:\/\/cj.estrategia.com\/portal\/wp-content\/uploads\/2024\/12\/27164723\/trafico3-380x167.png 380w, https:\/\/cj.estrategia.com\/portal\/wp-content\/uploads\/2024\/12\/27164723\/trafico3-800x351.png 800w, https:\/\/cj.estrategia.com\/portal\/wp-content\/uploads\/2024\/12\/27164723\/trafico3-150x66.png 150w\" sizes=\"(max-width: 998px) 100vw, 998px\" \/><\/figure>\n\n\n\n<div class=\"wp-block-group is-style-cnvs-block-bordered\"><div class=\"wp-block-group__inner-container is-layout-constrained wp-block-group-is-layout-constrained\">\n<div class=\"wp-block-media-text\" style=\"grid-template-columns:28% auto\"><figure class=\"wp-block-media-text__media\"><img decoding=\"async\" width=\"500\" height=\"500\" src=\"https:\/\/cj.estrategia.com\/portal\/wp-content\/uploads\/2024\/12\/12012141\/Design-sem-nome-2.png\" alt=\"\" class=\"wp-image-86985 size-full\" srcset=\"https:\/\/cj.estrategia.com\/portal\/wp-content\/uploads\/2024\/12\/12012141\/Design-sem-nome-2.png 500w, https:\/\/cj.estrategia.com\/portal\/wp-content\/uploads\/2024\/12\/12012141\/Design-sem-nome-2-300x300.png 300w, https:\/\/cj.estrategia.com\/portal\/wp-content\/uploads\/2024\/12\/12012141\/Design-sem-nome-2-150x150.png 150w, https:\/\/cj.estrategia.com\/portal\/wp-content\/uploads\/2024\/12\/12012141\/Design-sem-nome-2-80x80.png 80w, https:\/\/cj.estrategia.com\/portal\/wp-content\/uploads\/2024\/12\/12012141\/Design-sem-nome-2-380x380.png 380w, https:\/\/cj.estrategia.com\/portal\/wp-content\/uploads\/2024\/12\/12012141\/Design-sem-nome-2-24x24.png 24w, https:\/\/cj.estrategia.com\/portal\/wp-content\/uploads\/2024\/12\/12012141\/Design-sem-nome-2-48x48.png 48w, https:\/\/cj.estrategia.com\/portal\/wp-content\/uploads\/2024\/12\/12012141\/Design-sem-nome-2-96x96.png 96w\" sizes=\"(max-width: 500px) 100vw, 500px\" \/><\/figure><div class=\"wp-block-media-text__content\">\n<p style=\"font-size:18px\"><mark style=\"background-color:rgba(0, 0, 0, 0)\" class=\"has-inline-color has-black-color\">Geralmente o tr\u00e1fico humano \u00e9 <strong>praticado para fins de explora\u00e7\u00e3o sexual<\/strong>, <strong>trabalho escravo<\/strong> ou <strong>retirada de \u00f3rg\u00e3os ou tecidos.<\/strong><\/mark><\/p>\n\n\n\n<p style=\"font-size:18px\"><strong><mark style=\"background-color:rgba(0, 0, 0, 0)\" class=\"has-inline-color has-vivid-red-color\">Estima-se que o tr\u00e1fico humano movimente em torno de 32 bilh\u00f5es de d\u00f3lares em todo o mundo (85% desse valor prov\u00eam da explora\u00e7\u00e3o sexual).<\/mark><\/strong><\/p>\n<\/div><\/div>\n<\/div><\/div>\n\n\n\n<p>O que caracteriza o tr\u00e1fico humano \u00e9 a retirada da pessoa de seu ambiente (cidade, estado, pa\u00eds), ficando com sua liberdade de locomo\u00e7\u00e3o limitada e submetida a explora\u00e7\u00e3o (sexual, laboral, retirada de \u00f3rg\u00e3os).<\/p>\n\n\n\n<p>A limita\u00e7\u00e3o da liberdade \u00e9 obtida de v\u00e1rias formas, em especial atrav\u00e9s da reten\u00e7\u00e3o de documentos, passaporte, celulares, agress\u00f5es, amea\u00e7as psicol\u00f3gicas, risco de morte de familiares.&nbsp;<\/p>\n\n\n\n<p>Por incr\u00edvel que possa parecer, em geral os aliciadores fazem parte do c\u00edrculo de amizades da v\u00edtima ou de membros da fam\u00edlia, apresentando boa escolaridade, sendo convincentes e at\u00e9 sedutores.<\/p>\n\n\n\n<div class=\"wp-block-group is-style-cnvs-block-bordered\"><div class=\"wp-block-group__inner-container is-layout-constrained wp-block-group-is-layout-constrained\">\n<p style=\"font-size:18px\"><mark style=\"background-color:rgba(0, 0, 0, 0)\" class=\"has-inline-color has-vivid-red-color\"><strong>No tr\u00e1fico para trabalho escravo, os aliciadores s\u00e3o chamados de \u201cgatos\u201d, e geralmente fazem propostas irrecus\u00e1veis de trabalho<\/strong>.<\/mark><\/p>\n<\/div><\/div>\n\n\n\n<div class=\"wp-block-group is-style-default has-background\" style=\"background-color:#abb7c24d\"><div class=\"wp-block-group__inner-container is-layout-constrained wp-block-group-is-layout-constrained\">\n<h4 class=\"wp-block-heading has-text-align-center\" id=\"h-\u00b9-marco-legal-internacional-protocolo-de-palermo\" style=\"font-style:normal;font-weight:400\"><span id=\"%c2%b9-marco-legal-internacional-protocolo-de-palermo\">\u00b9 <strong>Marco legal internacional &#8211; Protocolo de Palermo<\/strong><\/span><\/h4>\n<\/div><\/div>\n\n\n\n<p>No cen\u00e1rio internacional, com o objetivo de orientar as legisla\u00e7\u00f5es internas dos Estados no que se refere ao enfrentamento do tr\u00e1fico de pessoas, buscando criar ferramentas comuns de atua\u00e7\u00e3o e coopera\u00e7\u00e3o internacional, e, ao mesmo tempo, respeitar as soberanias nacionais, foi editado, como parte complementar da Conven\u00e7\u00e3o das Na\u00e7\u00f5es Unidas contra o Crime Organizado Transnacional, o Protocolo de Palermo.<\/p>\n\n\n\n<p>O Protocolo \u2013 que entrou em vigor em 2003 e conta atualmente com 175 Estados Partes \u2013 iniciou-se a partir da percep\u00e7\u00e3o da inexist\u00eancia de um instrumento universal que se destinasse a prevenir, reprimir e punir o tr\u00e1fico de pessoas.&nbsp;<\/p>\n\n\n\n<p>O tr\u00e1fico de pessoas conceituado no artigo 3\u00ba do Protocolo de Palermo como sendo:<\/p>\n\n\n\n<pre class=\"wp-block-preformatted\"><strong><em>\u201cO recrutamento, o transporte, a transfer\u00eancia, o alojamento ou o acolhimento de pessoas, recorrendo-se \u00e0 amea\u00e7a ou ao uso da for\u00e7a ou a outras formas de coa\u00e7\u00e3o, ao rapto, \u00e0 fraude, ao engano, ao abuso de autoridade ou \u00e0 situa\u00e7\u00e3o de vulnerabilidade ou \u00e0 entrega ou aceita\u00e7\u00e3o de pagamentos ou benef\u00edcios para obter o consentimento de uma pessoa que tenha autoridade sobre outra para fins de explora\u00e7\u00e3o.<\/em><\/strong>\n\n<strong><em>A explora\u00e7\u00e3o dever\u00e1 incluir, pelo menos, a explora\u00e7\u00e3o da prostitui\u00e7\u00e3o de outrem ou outras formas de explora\u00e7\u00e3o sexual, o trabalho ou servi\u00e7os for\u00e7ados, a escravatura ou pr\u00e1ticas similares \u00e0 escravatura, a servid\u00e3o ou a extra\u00e7\u00e3o de \u00f3rg\u00e3os.\u201d&nbsp;<\/em><\/strong><\/pre>\n\n\n\n<p>Importante ressaltar que as modalidades de explora\u00e7\u00e3o trazidas pelo Protocolo de Palermo s\u00e3o meramente exemplificativas, j\u00e1 que consta, no conceito, a express\u00e3o \u201cpelo menos\u201d antes da enumera\u00e7\u00e3o.<\/p>\n\n\n\n<p>Podemos citar como exemplos de finalidades do tr\u00e1fico humano a ado\u00e7\u00e3o ilegal e o casamento for\u00e7ado.<\/p>\n\n\n\n<p><em><em><em><em>\u00b9Minist\u00e9rio da Justi\u00e7a<\/em><\/em><\/em><\/em><\/p>\n\n\n\n<div class=\"wp-block-group has-background\" style=\"background-color:#abb7c280\"><div class=\"wp-block-group__inner-container is-layout-constrained wp-block-group-is-layout-constrained\">\n<h4 class=\"wp-block-heading has-text-align-center\" id=\"h-\u00b2-marco-legal-nacional-lei-n\u00ba-13-344-2016\" style=\"font-style:normal;font-weight:400\"><span id=\"%c2%b2-marco-legal-nacional-lei-no-13-344-2016\">\u00b2 <strong>Marco legal nacional &#8211; Lei n\u00ba 13.344\/2016<\/strong><\/span><\/h4>\n<\/div><\/div>\n\n\n\n<p>O Brasil ratificou, em 2004, o Protocolo de Palermo por meio do Decreto n\u00ba 5.017, de 12 de mar\u00e7o de 2004.&nbsp;<\/p>\n\n\n\n<p>A partir de ent\u00e3o, a norma contida no Protocolo de Palermo passou a ter vig\u00eancia no Brasil, pautando a legisla\u00e7\u00e3o nacional para a caracteriza\u00e7\u00e3o deste crime.&nbsp;<\/p>\n\n\n\n<p>Depois de muitos debates e press\u00e3o da sociedade, foram realizadas importantes altera\u00e7\u00f5es em sua tipifica\u00e7\u00e3o penal.<\/p>\n\n\n\n<p>A primeira lei espec\u00edfica sobre tr\u00e1fico de pessoas no pa\u00eds entra em vigor em 2016, com a Lei n\u00ba 13.344\/2016, que disp\u00f5e sobre preven\u00e7\u00e3o e repress\u00e3o ao tr\u00e1fico interno e internacional de pessoas, e tamb\u00e9m sobre medidas de aten\u00e7\u00e3o \u00e0s v\u00edtimas.<\/p>\n\n\n\n<p>A Lei segue os tr\u00eas eixos dispostos no Protocolo de Palermo, que s\u00e3o:&nbsp;<\/p>\n\n\n\n<ul class=\"is-style-cnvs-list-styled-positive wp-block-list\">\n<li><strong>Preven\u00e7\u00e3o,&nbsp;<\/strong><\/li>\n\n\n\n<li><strong>Repress\u00e3o ao crime e&nbsp;<\/strong><\/li>\n\n\n\n<li><strong>Prote\u00e7\u00e3o \u00e0s v\u00edtimas.<\/strong><\/li>\n<\/ul>\n\n\n\n<p>Vamos ver brevemente cada um dos eixos.<\/p>\n\n\n\n<h4 class=\"wp-block-heading\" id=\"h-prevencao\" style=\"font-style:normal;font-weight:400\"><span id=\"prevencao\"><mark style=\"background-color:rgba(0, 0, 0, 0)\" class=\"has-inline-color has-vivid-red-color\"><strong>Preven\u00e7\u00e3o<\/strong><\/mark><\/span><\/h4>\n\n\n\n<p>A <strong>preven\u00e7\u00e3o<\/strong> ao tr\u00e1fico de pessoas dar-se-\u00e1 por meio:<\/p>\n\n\n\n<div class=\"wp-block-group is-style-cnvs-block-bordered\"><div class=\"wp-block-group__inner-container is-layout-constrained wp-block-group-is-layout-constrained\">\n<p><strong>I &#8211; da implementa\u00e7\u00e3o de medidas intersetoriais e integradas nas \u00e1reas de sa\u00fade, educa\u00e7\u00e3o, trabalho, seguran\u00e7a p\u00fablica, justi\u00e7a, turismo, assist\u00eancia social, desenvolvimento rural, esportes, comunica\u00e7\u00e3o, cultura e direitos humanos;<\/strong><\/p>\n\n\n\n<p><strong>II &#8211; de campanhas socioeducativas e de conscientiza\u00e7\u00e3o, considerando as diferentes realidades e linguagens;<\/strong><\/p>\n\n\n\n<p><strong>III &#8211; de incentivo \u00e0 mobiliza\u00e7\u00e3o e \u00e0 participa\u00e7\u00e3o da sociedade civil; e<\/strong><\/p>\n\n\n\n<p><strong>IV &#8211; de incentivo a projetos de preven\u00e7\u00e3o ao tr\u00e1fico de pessoas.<\/strong><\/p>\n<\/div><\/div>\n\n\n\n<h4 class=\"wp-block-heading\" id=\"h-repressao\" style=\"font-style:normal;font-weight:400\"><span id=\"repressao\"><strong><mark style=\"background-color:rgba(0, 0, 0, 0)\" class=\"has-inline-color has-vivid-red-color\">Repress\u00e3o<\/mark><\/strong><\/span><\/h4>\n\n\n\n<p>Por sua vez, a <strong>repress\u00e3o<\/strong> ao tr\u00e1fico de pessoas dar-se-\u00e1 por meio:<\/p>\n\n\n\n<div class=\"wp-block-group is-style-cnvs-block-bordered\"><div class=\"wp-block-group__inner-container is-layout-constrained wp-block-group-is-layout-constrained\">\n<p><strong>I &#8211; da coopera\u00e7\u00e3o entre \u00f3rg\u00e3os do sistema de justi\u00e7a e seguran\u00e7a, nacionais e estrangeiros;<\/strong><\/p>\n\n\n\n<p><strong>II &#8211; da integra\u00e7\u00e3o de pol\u00edticas e a\u00e7\u00f5es de repress\u00e3o aos crimes correlatos e da responsabiliza\u00e7\u00e3o dos seus autores;<\/strong><\/p>\n\n\n\n<p><strong>III &#8211; da forma\u00e7\u00e3o de equipes conjuntas de investiga\u00e7\u00e3o.<\/strong><\/p>\n<\/div><\/div>\n\n\n\n<h4 class=\"wp-block-heading\" id=\"h-protecao\" style=\"font-style:normal;font-weight:400\"><span id=\"protecao\"><mark style=\"background-color:rgba(0, 0, 0, 0)\" class=\"has-inline-color has-vivid-red-color\"><strong>Prote\u00e7\u00e3o<\/strong><\/mark><\/span><\/h4>\n\n\n\n<p>A <strong>prote\u00e7\u00e3o<\/strong> e o atendimento \u00e0 v\u00edtima direta ou indireta do tr\u00e1fico de pessoas compreendem:<\/p>\n\n\n\n<div class=\"wp-block-group is-style-cnvs-block-bordered\"><div class=\"wp-block-group__inner-container is-layout-constrained wp-block-group-is-layout-constrained\">\n<p><strong>I &#8211; assist\u00eancia jur\u00eddica, social, de trabalho e emprego e de sa\u00fade;<\/strong><\/p>\n\n\n\n<p><strong>II &#8211; acolhimento e abrigo provis\u00f3rio;<\/strong><\/p>\n\n\n\n<p><strong>III &#8211; aten\u00e7\u00e3o \u00e0s suas necessidades espec\u00edficas, especialmente em rela\u00e7\u00e3o a quest\u00f5es de g\u00eanero, orienta\u00e7\u00e3o sexual, origem \u00e9tnica ou social, proced\u00eancia, nacionalidade, ra\u00e7a, religi\u00e3o, faixa et\u00e1ria, situa\u00e7\u00e3o migrat\u00f3ria, atua\u00e7\u00e3o profissional, diversidade cultural, linguagem, la\u00e7os sociais e familiares ou outro status ;<\/strong><\/p>\n\n\n\n<p><strong>IV &#8211; preserva\u00e7\u00e3o da intimidade e da identidade;<\/strong><\/p>\n\n\n\n<p><strong>V &#8211; preven\u00e7\u00e3o \u00e0 revitimiza\u00e7\u00e3o no atendimento e nos procedimentos investigat\u00f3rios e judiciais;<\/strong><\/p>\n\n\n\n<p><strong>VI &#8211; atendimento humanizado;<\/strong><\/p>\n\n\n\n<p><strong>VII &#8211; informa\u00e7\u00e3o sobre procedimentos administrativos e judiciais.<\/strong><\/p>\n<\/div><\/div>\n\n\n\n<p><em><em><em><em>\u00b2 Minist\u00e9rio da Justi\u00e7a<\/em><\/em><\/em><\/em><\/p>\n\n\n\n<h4 class=\"wp-block-heading\" id=\"h-tipificacao-do-crime-de-trafico-de-pessoas\" style=\"font-style:normal;font-weight:400\"><span id=\"tipificacao-do-crime-de-trafico-de-pessoas\"><strong>Tipifica\u00e7\u00e3o do crime de tr\u00e1fico de pessoas<\/strong><\/span><\/h4>\n\n\n\n<p>O crime de tr\u00e1fico de pessoas est\u00e1 previsto no artigo 149-A, do C\u00f3digo Penal:<\/p>\n\n\n\n<pre class=\"wp-block-preformatted\"><em>Art. 149-A.&nbsp; Agenciar, aliciar, recrutar, transportar, transferir, comprar, alojar ou acolher pessoa, mediante grave amea\u00e7a, viol\u00eancia, coa\u00e7\u00e3o, fraude ou abuso, com a finalidade de:&nbsp;&nbsp;&nbsp;&nbsp;&nbsp;&nbsp;&nbsp;&nbsp;&nbsp;<\/em>\n\n<em>I - remover-lhe \u00f3rg\u00e3os, tecidos ou partes do corpo;&nbsp;&nbsp;&nbsp;&nbsp;&nbsp;&nbsp;&nbsp;&nbsp;&nbsp;&nbsp;&nbsp;&nbsp;&nbsp;<\/em>\n\n<em>II - submet\u00ea-la a trabalho em condi\u00e7\u00f5es an\u00e1logas \u00e0 de escravo<\/em>\n\n<em>III - submet\u00ea-la a qualquer tipo de servid\u00e3o<\/em>\n\n<em>IV - ado\u00e7\u00e3o ilegal;&nbsp;<\/em>\n\n<em>V - explora\u00e7\u00e3o sexual<\/em>\n\n<em>Pena - reclus\u00e3o, de 4 (quatro) a 8 (oito) anos, e multa<\/em>\n\n<em>\u00a7 1\u00ba A pena \u00e9 aumentada de um ter\u00e7o at\u00e9 a metade se<\/em>\n\n<em>I - o crime for cometido por funcion\u00e1rio p\u00fablico no exerc\u00edcio de suas fun\u00e7\u00f5es ou a pretexto de exerc\u00ea-las;<\/em>\n\n<em>II - o crime for cometido contra crian\u00e7a, adolescente ou pessoa idosa ou com defici\u00eancia;<\/em>\n\n<em>III - o agente se prevalecer de rela\u00e7\u00f5es de parentesco, dom\u00e9sticas, de coabita\u00e7\u00e3o, de hospitalidade, de depend\u00eancia econ\u00f4mica, de autoridade ou de superioridade hier\u00e1rquica inerente ao exerc\u00edcio de emprego, cargo ou fun\u00e7\u00e3o;&nbsp;<\/em>\n\n<em>IV - a v\u00edtima do tr\u00e1fico de pessoas for retirada do territ\u00f3rio nacional<\/em>\n\n<em>\u00a7 2\u00ba A pena \u00e9 reduzida de um a dois ter\u00e7os se o agente for prim\u00e1rio e n\u00e3o integrar organiza\u00e7\u00e3o criminosa.<\/em><\/pre>\n\n\n\n<p>O tema \u00e9 extremamente relevante do ponto de vista social e jur\u00eddico, tendo grandes chances de ser cobrado em provas de direitos humanos, direito internacional, direito constitucional e direito penal.&nbsp;<\/p>\n\n\n\n<p>Portanto, muita aten\u00e7\u00e3o!<\/p>\n\n\n\n<h2 class=\"wp-block-heading has-text-align-center\" id=\"h-quer-saber-quais-serao-os-proximos-concursos\"><span id=\"quer-saber-quais-serao-os-proximos-concursos\">Quer saber quais ser\u00e3o os pr\u00f3ximos concursos?<\/span><\/h2>\n\n\n\n<p class=\"has-text-align-center\">Confira nossos&nbsp;<a href=\"https:\/\/cj.estrategia.com\/portal\/\" target=\"_blank\" >artigos para Carreiras Jur\u00eddicas<\/a>!<\/p>\n\n\n\n<p class=\"has-text-align-center has-white-color has-pale-cyan-blue-background-color has-text-color has-background has-link-color wp-elements-f3d5123bb0c8e11604d0c8c7f1ea8be8\"><a href=\"https:\/\/www.estrategiaconcursos.com.br\/blog\/concursos-abertos\/\" target=\"_blank\" >Confira os concursos p\u00fablicos abertos<\/a><\/p>\n\n\n\n<p class=\"has-text-align-center has-white-color has-pale-cyan-blue-background-color has-text-color has-background has-link-color wp-elements-726d644a58045568574d2c1541b18807\"><a href=\"https:\/\/cj.estrategia.com\/portal\/concursos-2025-carreiras-juridicas\/\" target=\"_blank\" >Concursos 2025<\/a><\/p>\n","protected":false},"excerpt":{"rendered":"Entenda o caso de tr\u00e1fico humano envolvendo brasileiros em Mianmar, de acordo com a an\u00e1lise jur\u00eddica baseada no&hellip;\n","protected":false},"author":81,"featured_media":88735,"comment_status":"open","ping_status":"open","sticky":false,"template":"","format":"standard","meta":{"_jetpack_memberships_contains_paid_content":false,"footnotes":""},"categories":[1],"tags":[336,982,1698,1697,1696,1695],"tax_estado":[30,31,32,33,34,35,36,37,38,39,40,41,42,43,44,45,46,47,48,49,50,51,52,53,54,55,56,57],"class_list":{"0":"post-88729","1":"post","2":"type-post","3":"status-publish","4":"format-standard","5":"has-post-thumbnail","7":"category-carreiras-juridicas","8":"tag-analise-juridica","9":"tag-exploracao-sexual","10":"tag-lei-no-13-344-2016","11":"tag-protocolo-de-palermo","12":"tag-trafico-de-pessoas","13":"tag-trafico-humano","14":"tax_estado-ac","15":"tax_estado-al","16":"tax_estado-am","17":"tax_estado-ap","18":"tax_estado-ba","19":"tax_estado-ce","20":"tax_estado-concursos-federais","21":"tax_estado-df","22":"tax_estado-es","23":"tax_estado-go","24":"tax_estado-ma","25":"tax_estado-mg","26":"tax_estado-ms","27":"tax_estado-mt","28":"tax_estado-pa","29":"tax_estado-pb","30":"tax_estado-pe","31":"tax_estado-pi","32":"tax_estado-pr","33":"tax_estado-rj","34":"tax_estado-rn","35":"tax_estado-ro","36":"tax_estado-rr","37":"tax_estado-rs","38":"tax_estado-sc","39":"tax_estado-se","40":"tax_estado-sp","41":"tax_estado-to"},"acf":[],"yoast_head":"<!-- This site is optimized with the Yoast SEO Premium plugin v27.4 (Yoast SEO v27.4) - https:\/\/yoast.com\/product\/yoast-seo-premium-wordpress\/ -->\n<title>Tr\u00e1fico Humano em Mianmar<\/title>\n<meta name=\"description\" content=\"Entenda o caso de tr\u00e1fico humano envolvendo brasileiros em Mianmar, baseado no Protocolo de Palermo e na legisla\u00e7\u00e3o brasileira.\" \/>\n<meta name=\"robots\" content=\"index, follow, max-snippet:-1, max-image-preview:large, max-video-preview:-1\" \/>\n<link rel=\"canonical\" href=\"https:\/\/cj.estrategia.com\/portal\/trafico-humano-mianmar\/\" \/>\n<meta property=\"og:locale\" content=\"pt_BR\" \/>\n<meta property=\"og:type\" content=\"article\" \/>\n<meta property=\"og:title\" content=\"Tr\u00e1fico Humano em Mianmar\" \/>\n<meta property=\"og:description\" content=\"Entenda o caso de tr\u00e1fico humano envolvendo brasileiros em Mianmar, baseado no Protocolo de Palermo e na legisla\u00e7\u00e3o brasileira.\" \/>\n<meta property=\"og:url\" content=\"https:\/\/cj.estrategia.com\/portal\/trafico-humano-mianmar\/\" \/>\n<meta property=\"og:site_name\" content=\"Blog - Carreiras Jur\u00eddicas - Estrat\u00e9gia\" \/>\n<meta property=\"article:publisher\" content=\"https:\/\/www.facebook.com\/estrategiacarreirajuridica\/\" \/>\n<meta property=\"article:published_time\" content=\"2024-12-27T20:05:14+00:00\" \/>\n<meta property=\"article:modified_time\" content=\"2025-01-07T21:12:01+00:00\" \/>\n<meta property=\"og:image\" content=\"https:\/\/cj.estrategia.com\/portal\/wp-content\/uploads\/2024\/12\/27163002\/trafico.png\" \/>\n\t<meta property=\"og:image:width\" content=\"1249\" \/>\n\t<meta property=\"og:image:height\" content=\"702\" \/>\n\t<meta property=\"og:image:type\" content=\"image\/png\" \/>\n<meta name=\"author\" content=\"Thiago Leite\" \/>\n<meta name=\"twitter:card\" content=\"summary_large_image\" \/>\n<meta name=\"twitter:creator\" content=\"@EstratJuridica\" \/>\n<meta name=\"twitter:site\" content=\"@EstratJuridica\" \/>\n<meta name=\"twitter:label1\" content=\"Escrito por\" \/>\n\t<meta name=\"twitter:data1\" content=\"Thiago Leite\" \/>\n\t<meta name=\"twitter:label2\" content=\"Est. tempo de leitura\" \/>\n\t<meta name=\"twitter:data2\" content=\"8 minutos\" \/>\n<script type=\"application\/ld+json\" class=\"yoast-schema-graph\">{\"@context\":\"https:\\\/\\\/schema.org\",\"@graph\":[{\"@type\":\"NewsArticle\",\"@id\":\"https:\\\/\\\/cj.estrategia.com\\\/portal\\\/trafico-humano-mianmar\\\/#article\",\"isPartOf\":{\"@id\":\"https:\\\/\\\/cj.estrategia.com\\\/portal\\\/trafico-humano-mianmar\\\/\"},\"author\":{\"name\":\"Thiago Leite\",\"@id\":\"https:\\\/\\\/cj.estrategia.com\\\/portal\\\/#\\\/schema\\\/person\\\/7d7d2b1c8386e2eeacc0b09cfbc1d0ff\"},\"headline\":\"Tr\u00e1fico Humano em Mianmar\",\"datePublished\":\"2024-12-27T20:05:14+00:00\",\"dateModified\":\"2025-01-07T21:12:01+00:00\",\"mainEntityOfPage\":{\"@id\":\"https:\\\/\\\/cj.estrategia.com\\\/portal\\\/trafico-humano-mianmar\\\/\"},\"wordCount\":1365,\"commentCount\":0,\"publisher\":{\"@id\":\"https:\\\/\\\/cj.estrategia.com\\\/portal\\\/#organization\"},\"image\":{\"@id\":\"https:\\\/\\\/cj.estrategia.com\\\/portal\\\/trafico-humano-mianmar\\\/#primaryimage\"},\"thumbnailUrl\":\"https:\\\/\\\/cj.estrategia.com\\\/portal\\\/wp-content\\\/uploads\\\/2024\\\/12\\\/27163002\\\/trafico.png\",\"keywords\":[\"an\u00e1lise jur\u00eddica\",\"explora\u00e7\u00e3o sexual\",\"Lei n\u00ba 13.344\\\/2016\",\"protocolo de palermo\",\"Tr\u00e1fico de pessoas\",\"tr\u00e1fico humano\"],\"articleSection\":[\"Carreiras Jur\u00eddicas\"],\"inLanguage\":\"pt-BR\",\"potentialAction\":[{\"@type\":\"CommentAction\",\"name\":\"Comment\",\"target\":[\"https:\\\/\\\/cj.estrategia.com\\\/portal\\\/trafico-humano-mianmar\\\/#respond\"]}]},{\"@type\":\"WebPage\",\"@id\":\"https:\\\/\\\/cj.estrategia.com\\\/portal\\\/trafico-humano-mianmar\\\/\",\"url\":\"https:\\\/\\\/cj.estrategia.com\\\/portal\\\/trafico-humano-mianmar\\\/\",\"name\":\"Tr\u00e1fico Humano em Mianmar\",\"isPartOf\":{\"@id\":\"https:\\\/\\\/cj.estrategia.com\\\/portal\\\/#website\"},\"primaryImageOfPage\":{\"@id\":\"https:\\\/\\\/cj.estrategia.com\\\/portal\\\/trafico-humano-mianmar\\\/#primaryimage\"},\"image\":{\"@id\":\"https:\\\/\\\/cj.estrategia.com\\\/portal\\\/trafico-humano-mianmar\\\/#primaryimage\"},\"thumbnailUrl\":\"https:\\\/\\\/cj.estrategia.com\\\/portal\\\/wp-content\\\/uploads\\\/2024\\\/12\\\/27163002\\\/trafico.png\",\"datePublished\":\"2024-12-27T20:05:14+00:00\",\"dateModified\":\"2025-01-07T21:12:01+00:00\",\"description\":\"Entenda o caso de tr\u00e1fico humano envolvendo brasileiros em Mianmar, baseado no Protocolo de Palermo e na legisla\u00e7\u00e3o brasileira.\",\"breadcrumb\":{\"@id\":\"https:\\\/\\\/cj.estrategia.com\\\/portal\\\/trafico-humano-mianmar\\\/#breadcrumb\"},\"inLanguage\":\"pt-BR\",\"potentialAction\":[{\"@type\":\"ReadAction\",\"target\":[\"https:\\\/\\\/cj.estrategia.com\\\/portal\\\/trafico-humano-mianmar\\\/\"]}]},{\"@type\":\"ImageObject\",\"inLanguage\":\"pt-BR\",\"@id\":\"https:\\\/\\\/cj.estrategia.com\\\/portal\\\/trafico-humano-mianmar\\\/#primaryimage\",\"url\":\"https:\\\/\\\/cj.estrategia.com\\\/portal\\\/wp-content\\\/uploads\\\/2024\\\/12\\\/27163002\\\/trafico.png\",\"contentUrl\":\"https:\\\/\\\/cj.estrategia.com\\\/portal\\\/wp-content\\\/uploads\\\/2024\\\/12\\\/27163002\\\/trafico.png\",\"width\":1249,\"height\":702},{\"@type\":\"BreadcrumbList\",\"@id\":\"https:\\\/\\\/cj.estrategia.com\\\/portal\\\/trafico-humano-mianmar\\\/#breadcrumb\",\"itemListElement\":[{\"@type\":\"ListItem\",\"position\":1,\"name\":\"In\u00edcio\",\"item\":\"https:\\\/\\\/cj.estrategia.com\\\/portal\\\/\"},{\"@type\":\"ListItem\",\"position\":2,\"name\":\"Tr\u00e1fico Humano em Mianmar\"}]},{\"@type\":\"WebSite\",\"@id\":\"https:\\\/\\\/cj.estrategia.com\\\/portal\\\/#website\",\"url\":\"https:\\\/\\\/cj.estrategia.com\\\/portal\\\/\",\"name\":\"Blog - Carreiras Jur\u00eddicas - Estrat\u00e9gia\",\"description\":\"\",\"publisher\":{\"@id\":\"https:\\\/\\\/cj.estrategia.com\\\/portal\\\/#organization\"},\"potentialAction\":[{\"@type\":\"SearchAction\",\"target\":{\"@type\":\"EntryPoint\",\"urlTemplate\":\"https:\\\/\\\/cj.estrategia.com\\\/portal\\\/?s={search_term_string}\"},\"query-input\":{\"@type\":\"PropertyValueSpecification\",\"valueRequired\":true,\"valueName\":\"search_term_string\"}}],\"inLanguage\":\"pt-BR\"},{\"@type\":\"Organization\",\"@id\":\"https:\\\/\\\/cj.estrategia.com\\\/portal\\\/#organization\",\"name\":\"Estrat\u00e9gia - Carreiras Jur\u00eddicas\",\"url\":\"https:\\\/\\\/cj.estrategia.com\\\/portal\\\/\",\"logo\":{\"@type\":\"ImageObject\",\"inLanguage\":\"pt-BR\",\"@id\":\"https:\\\/\\\/cj.estrategia.com\\\/portal\\\/#\\\/schema\\\/logo\\\/image\\\/\",\"url\":\"https:\\\/\\\/cj.estrategia.com\\\/portal\\\/wp-content\\\/uploads\\\/2022\\\/03\\\/11151052\\\/cj-logo.png\",\"contentUrl\":\"https:\\\/\\\/cj.estrategia.com\\\/portal\\\/wp-content\\\/uploads\\\/2022\\\/03\\\/11151052\\\/cj-logo.png\",\"width\":150,\"height\":39,\"caption\":\"Estrat\u00e9gia - Carreiras Jur\u00eddicas\"},\"image\":{\"@id\":\"https:\\\/\\\/cj.estrategia.com\\\/portal\\\/#\\\/schema\\\/logo\\\/image\\\/\"},\"sameAs\":[\"https:\\\/\\\/www.facebook.com\\\/estrategiacarreirajuridica\\\/\",\"https:\\\/\\\/x.com\\\/EstratJuridica\",\"https:\\\/\\\/www.instagram.com\\\/estrategiacarreirajuridica\\\/\",\"https:\\\/\\\/www.youtube.com\\\/channel\\\/UClbMGuYbj2Mh1m3w144ETWQ\"]},{\"@type\":\"Person\",\"@id\":\"https:\\\/\\\/cj.estrategia.com\\\/portal\\\/#\\\/schema\\\/person\\\/7d7d2b1c8386e2eeacc0b09cfbc1d0ff\",\"name\":\"Thiago Leite\",\"image\":{\"@type\":\"ImageObject\",\"inLanguage\":\"pt-BR\",\"@id\":\"https:\\\/\\\/secure.gravatar.com\\\/avatar\\\/15ff5746ff9e313f1248fe2373ce03309054e96387bb9249055458d0c1aaa297?s=96&d=mm&r=g\",\"url\":\"https:\\\/\\\/secure.gravatar.com\\\/avatar\\\/15ff5746ff9e313f1248fe2373ce03309054e96387bb9249055458d0c1aaa297?s=96&d=mm&r=g\",\"contentUrl\":\"https:\\\/\\\/secure.gravatar.com\\\/avatar\\\/15ff5746ff9e313f1248fe2373ce03309054e96387bb9249055458d0c1aaa297?s=96&d=mm&r=g\",\"caption\":\"Thiago Leite\"},\"description\":\"Thiago de Paula Leite \u00e9 procurador do Estado de S\u00e3o Paulo e professor de direito ambiental e agr\u00e1rio do Estrat\u00e9gia.\",\"url\":\"https:\\\/\\\/cj.estrategia.com\\\/portal\\\/author\\\/thiago-leite\\\/\"}]}<\/script>\n<!-- \/ Yoast SEO Premium plugin. -->","yoast_head_json":{"title":"Tr\u00e1fico Humano em Mianmar","description":"Entenda o caso de tr\u00e1fico humano envolvendo brasileiros em Mianmar, baseado no Protocolo de Palermo e na legisla\u00e7\u00e3o brasileira.","robots":{"index":"index","follow":"follow","max-snippet":"max-snippet:-1","max-image-preview":"max-image-preview:large","max-video-preview":"max-video-preview:-1"},"canonical":"https:\/\/cj.estrategia.com\/portal\/trafico-humano-mianmar\/","og_locale":"pt_BR","og_type":"article","og_title":"Tr\u00e1fico Humano em Mianmar","og_description":"Entenda o caso de tr\u00e1fico humano envolvendo brasileiros em Mianmar, baseado no Protocolo de Palermo e na legisla\u00e7\u00e3o brasileira.","og_url":"https:\/\/cj.estrategia.com\/portal\/trafico-humano-mianmar\/","og_site_name":"Blog - Carreiras Jur\u00eddicas - Estrat\u00e9gia","article_publisher":"https:\/\/www.facebook.com\/estrategiacarreirajuridica\/","article_published_time":"2024-12-27T20:05:14+00:00","article_modified_time":"2025-01-07T21:12:01+00:00","og_image":[{"width":1249,"height":702,"url":"https:\/\/cj.estrategia.com\/portal\/wp-content\/uploads\/2024\/12\/27163002\/trafico.png","type":"image\/png"}],"author":"Thiago Leite","twitter_card":"summary_large_image","twitter_creator":"@EstratJuridica","twitter_site":"@EstratJuridica","twitter_misc":{"Escrito por":"Thiago Leite","Est. tempo de leitura":"8 minutos"},"schema":{"@context":"https:\/\/schema.org","@graph":[{"@type":"NewsArticle","@id":"https:\/\/cj.estrategia.com\/portal\/trafico-humano-mianmar\/#article","isPartOf":{"@id":"https:\/\/cj.estrategia.com\/portal\/trafico-humano-mianmar\/"},"author":{"name":"Thiago Leite","@id":"https:\/\/cj.estrategia.com\/portal\/#\/schema\/person\/7d7d2b1c8386e2eeacc0b09cfbc1d0ff"},"headline":"Tr\u00e1fico Humano em Mianmar","datePublished":"2024-12-27T20:05:14+00:00","dateModified":"2025-01-07T21:12:01+00:00","mainEntityOfPage":{"@id":"https:\/\/cj.estrategia.com\/portal\/trafico-humano-mianmar\/"},"wordCount":1365,"commentCount":0,"publisher":{"@id":"https:\/\/cj.estrategia.com\/portal\/#organization"},"image":{"@id":"https:\/\/cj.estrategia.com\/portal\/trafico-humano-mianmar\/#primaryimage"},"thumbnailUrl":"https:\/\/cj.estrategia.com\/portal\/wp-content\/uploads\/2024\/12\/27163002\/trafico.png","keywords":["an\u00e1lise jur\u00eddica","explora\u00e7\u00e3o sexual","Lei n\u00ba 13.344\/2016","protocolo de palermo","Tr\u00e1fico de pessoas","tr\u00e1fico humano"],"articleSection":["Carreiras Jur\u00eddicas"],"inLanguage":"pt-BR","potentialAction":[{"@type":"CommentAction","name":"Comment","target":["https:\/\/cj.estrategia.com\/portal\/trafico-humano-mianmar\/#respond"]}]},{"@type":"WebPage","@id":"https:\/\/cj.estrategia.com\/portal\/trafico-humano-mianmar\/","url":"https:\/\/cj.estrategia.com\/portal\/trafico-humano-mianmar\/","name":"Tr\u00e1fico Humano em Mianmar","isPartOf":{"@id":"https:\/\/cj.estrategia.com\/portal\/#website"},"primaryImageOfPage":{"@id":"https:\/\/cj.estrategia.com\/portal\/trafico-humano-mianmar\/#primaryimage"},"image":{"@id":"https:\/\/cj.estrategia.com\/portal\/trafico-humano-mianmar\/#primaryimage"},"thumbnailUrl":"https:\/\/cj.estrategia.com\/portal\/wp-content\/uploads\/2024\/12\/27163002\/trafico.png","datePublished":"2024-12-27T20:05:14+00:00","dateModified":"2025-01-07T21:12:01+00:00","description":"Entenda o caso de tr\u00e1fico humano envolvendo brasileiros em Mianmar, baseado no Protocolo de Palermo e na legisla\u00e7\u00e3o brasileira.","breadcrumb":{"@id":"https:\/\/cj.estrategia.com\/portal\/trafico-humano-mianmar\/#breadcrumb"},"inLanguage":"pt-BR","potentialAction":[{"@type":"ReadAction","target":["https:\/\/cj.estrategia.com\/portal\/trafico-humano-mianmar\/"]}]},{"@type":"ImageObject","inLanguage":"pt-BR","@id":"https:\/\/cj.estrategia.com\/portal\/trafico-humano-mianmar\/#primaryimage","url":"https:\/\/cj.estrategia.com\/portal\/wp-content\/uploads\/2024\/12\/27163002\/trafico.png","contentUrl":"https:\/\/cj.estrategia.com\/portal\/wp-content\/uploads\/2024\/12\/27163002\/trafico.png","width":1249,"height":702},{"@type":"BreadcrumbList","@id":"https:\/\/cj.estrategia.com\/portal\/trafico-humano-mianmar\/#breadcrumb","itemListElement":[{"@type":"ListItem","position":1,"name":"In\u00edcio","item":"https:\/\/cj.estrategia.com\/portal\/"},{"@type":"ListItem","position":2,"name":"Tr\u00e1fico Humano em Mianmar"}]},{"@type":"WebSite","@id":"https:\/\/cj.estrategia.com\/portal\/#website","url":"https:\/\/cj.estrategia.com\/portal\/","name":"Blog - Carreiras Jur\u00eddicas - Estrat\u00e9gia","description":"","publisher":{"@id":"https:\/\/cj.estrategia.com\/portal\/#organization"},"potentialAction":[{"@type":"SearchAction","target":{"@type":"EntryPoint","urlTemplate":"https:\/\/cj.estrategia.com\/portal\/?s={search_term_string}"},"query-input":{"@type":"PropertyValueSpecification","valueRequired":true,"valueName":"search_term_string"}}],"inLanguage":"pt-BR"},{"@type":"Organization","@id":"https:\/\/cj.estrategia.com\/portal\/#organization","name":"Estrat\u00e9gia - Carreiras Jur\u00eddicas","url":"https:\/\/cj.estrategia.com\/portal\/","logo":{"@type":"ImageObject","inLanguage":"pt-BR","@id":"https:\/\/cj.estrategia.com\/portal\/#\/schema\/logo\/image\/","url":"https:\/\/cj.estrategia.com\/portal\/wp-content\/uploads\/2022\/03\/11151052\/cj-logo.png","contentUrl":"https:\/\/cj.estrategia.com\/portal\/wp-content\/uploads\/2022\/03\/11151052\/cj-logo.png","width":150,"height":39,"caption":"Estrat\u00e9gia - Carreiras Jur\u00eddicas"},"image":{"@id":"https:\/\/cj.estrategia.com\/portal\/#\/schema\/logo\/image\/"},"sameAs":["https:\/\/www.facebook.com\/estrategiacarreirajuridica\/","https:\/\/x.com\/EstratJuridica","https:\/\/www.instagram.com\/estrategiacarreirajuridica\/","https:\/\/www.youtube.com\/channel\/UClbMGuYbj2Mh1m3w144ETWQ"]},{"@type":"Person","@id":"https:\/\/cj.estrategia.com\/portal\/#\/schema\/person\/7d7d2b1c8386e2eeacc0b09cfbc1d0ff","name":"Thiago Leite","image":{"@type":"ImageObject","inLanguage":"pt-BR","@id":"https:\/\/secure.gravatar.com\/avatar\/15ff5746ff9e313f1248fe2373ce03309054e96387bb9249055458d0c1aaa297?s=96&d=mm&r=g","url":"https:\/\/secure.gravatar.com\/avatar\/15ff5746ff9e313f1248fe2373ce03309054e96387bb9249055458d0c1aaa297?s=96&d=mm&r=g","contentUrl":"https:\/\/secure.gravatar.com\/avatar\/15ff5746ff9e313f1248fe2373ce03309054e96387bb9249055458d0c1aaa297?s=96&d=mm&r=g","caption":"Thiago Leite"},"description":"Thiago de Paula Leite \u00e9 procurador do Estado de S\u00e3o Paulo e professor de direito ambiental e agr\u00e1rio do Estrat\u00e9gia.","url":"https:\/\/cj.estrategia.com\/portal\/author\/thiago-leite\/"}]}},"jetpack_featured_media_url":"https:\/\/cj.estrategia.com\/portal\/wp-content\/uploads\/2024\/12\/27163002\/trafico.png","jetpack_sharing_enabled":true,"_links":{"self":[{"href":"https:\/\/cj.estrategia.com\/portal\/wp-json\/wp\/v2\/posts\/88729","targetHints":{"allow":["GET"]}}],"collection":[{"href":"https:\/\/cj.estrategia.com\/portal\/wp-json\/wp\/v2\/posts"}],"about":[{"href":"https:\/\/cj.estrategia.com\/portal\/wp-json\/wp\/v2\/types\/post"}],"author":[{"embeddable":true,"href":"https:\/\/cj.estrategia.com\/portal\/wp-json\/wp\/v2\/users\/81"}],"replies":[{"embeddable":true,"href":"https:\/\/cj.estrategia.com\/portal\/wp-json\/wp\/v2\/comments?post=88729"}],"version-history":[{"count":36,"href":"https:\/\/cj.estrategia.com\/portal\/wp-json\/wp\/v2\/posts\/88729\/revisions"}],"predecessor-version":[{"id":88825,"href":"https:\/\/cj.estrategia.com\/portal\/wp-json\/wp\/v2\/posts\/88729\/revisions\/88825"}],"wp:featuredmedia":[{"embeddable":true,"href":"https:\/\/cj.estrategia.com\/portal\/wp-json\/wp\/v2\/media\/88735"}],"wp:attachment":[{"href":"https:\/\/cj.estrategia.com\/portal\/wp-json\/wp\/v2\/media?parent=88729"}],"wp:term":[{"taxonomy":"category","embeddable":true,"href":"https:\/\/cj.estrategia.com\/portal\/wp-json\/wp\/v2\/categories?post=88729"},{"taxonomy":"post_tag","embeddable":true,"href":"https:\/\/cj.estrategia.com\/portal\/wp-json\/wp\/v2\/tags?post=88729"},{"taxonomy":"tax_estado","embeddable":true,"href":"https:\/\/cj.estrategia.com\/portal\/wp-json\/wp\/v2\/tax_estado?post=88729"}],"curies":[{"name":"wp","href":"https:\/\/api.w.org\/{rel}","templated":true}]}}