{"id":88401,"date":"2024-12-20T13:16:58","date_gmt":"2024-12-20T16:16:58","guid":{"rendered":"https:\/\/cj.estrategia.com\/portal\/?p=88401"},"modified":"2025-01-07T16:41:19","modified_gmt":"2025-01-07T19:41:19","slug":"universidade-suspende-youtuber-gravava-aulas","status":"publish","type":"post","link":"https:\/\/cj.estrategia.com\/portal\/universidade-suspende-youtuber-gravava-aulas\/","title":{"rendered":"Universidade p\u00fablica suspende youtuber conservador por gravar e publicar as aulas"},"content":{"rendered":"\n<p class=\"has-small-font-size\"><strong>* Thiago de Paula Leite \u00e9 procurador do Estado de S\u00e3o Paulo e professor de direito ambiental e agr\u00e1rio do Estrat\u00e9gia.<\/strong><strong><\/strong><\/p>\n\n\n\n<h2 class=\"wp-block-heading\" id=\"h-entenda-o-que-aconteceu\"><span id=\"entenda-o-que-aconteceu\">Entenda o que aconteceu<\/span><\/h2>\n\n\n\n<div class=\"wp-block-media-text is-stacked-on-mobile\"><figure class=\"wp-block-media-text__media\"><img decoding=\"async\" width=\"984\" height=\"544\" src=\"https:\/\/cj.estrategia.com\/portal\/wp-content\/uploads\/2024\/12\/20123725\/aluno-universidade-grava-aulas-suspenso.png\" alt=\"Universidade suspende aluno\" class=\"wp-image-88404 size-full\" srcset=\"https:\/\/cj.estrategia.com\/portal\/wp-content\/uploads\/2024\/12\/20123725\/aluno-universidade-grava-aulas-suspenso.png 984w, https:\/\/cj.estrategia.com\/portal\/wp-content\/uploads\/2024\/12\/20123725\/aluno-universidade-grava-aulas-suspenso-300x166.png 300w, https:\/\/cj.estrategia.com\/portal\/wp-content\/uploads\/2024\/12\/20123725\/aluno-universidade-grava-aulas-suspenso-768x425.png 768w, https:\/\/cj.estrategia.com\/portal\/wp-content\/uploads\/2024\/12\/20123725\/aluno-universidade-grava-aulas-suspenso-380x210.png 380w, https:\/\/cj.estrategia.com\/portal\/wp-content\/uploads\/2024\/12\/20123725\/aluno-universidade-grava-aulas-suspenso-800x442.png 800w, https:\/\/cj.estrategia.com\/portal\/wp-content\/uploads\/2024\/12\/20123725\/aluno-universidade-grava-aulas-suspenso-150x83.png 150w\" sizes=\"(max-width: 984px) 100vw, 984px\" \/><\/figure><div class=\"wp-block-media-text__content\">\n<p>A Universidade de Bras\u00edlia, atrav\u00e9s de sua reitora, Rozana Naves, determinou a <strong>suspens\u00e3o cautelar do aluno Wilker Le\u00e3o de S\u00e1 de duas disciplinas do curso de hist\u00f3ria por 60 dias<\/strong>.<\/p>\n<\/div><\/div>\n\n\n\n<p>O youtuber est\u00e1 sendo acusado de gravar e divulgar debates ocorridos no ambiente acad\u00eamico sem autoriza\u00e7\u00e3o, provocando coment\u00e1rios racistas, machistas e homof\u00f3bicos nas redes sociais.<\/p>\n\n\n\n<p>Wilker tem um canal no YouTube com 885 mil seguidores. Em um de seus v\u00eddeos, ele disse que se matriculou em hist\u00f3ria \u201c<em>justamente por ser um dos cursos que a esquerda mais dominou com suas narrativas ideol\u00f3gicas e doutrin\u00e1rias\u2026 Combater isso \u00e9 o meu principal objetivo dentro da universidade federal\u201d.<\/em><\/p>\n\n\n\n<p>A Universidade decidiu por abrir um processo para apurar a conduta de Wilker Le\u00e3o, que consiste em \u201c<em>grava\u00e7\u00f5es sem a devida autoriza\u00e7\u00e3o, ocasionando preju\u00edzo ao regular andamento de disciplinas, resultando, inclusive, em suspens\u00e3o dessas aulas e, por consequ\u00eancia, ocasionando preju\u00edzo tamb\u00e9m aos estudantes matriculados nessas disciplinas<\/em>\u201d.<\/p>\n\n\n\n<p>Em decis\u00e3o cautelar, a reitora proibiu o youtuber de participar das aulas de hist\u00f3ria da \u00c1frica e hist\u00f3ria do Brasil, por dois meses.<\/p>\n\n\n\n<p>Wilker, n\u00e3o satisfeito, disse que iria recorrer da decis\u00e3o:<\/p>\n\n\n\n<figure class=\"wp-block-pullquote\"><blockquote><p><\/p><cite><em><em><mark style=\"background-color:rgba(0, 0, 0, 0)\" class=\"has-inline-color has-vivid-cyan-blue-color\">\u201cIsso confirma a minha tese: se voc\u00ea pensar de maneira divergente, por mais que seja com todo respeito do mundo, como eu tenho feito, voc\u00ea ser\u00e1 perseguido de todas as maneiras. Eu sou ou n\u00e3o uma v\u00edtima desse autoritarismo?\u201d<\/mark><\/em><\/em><\/cite><\/blockquote><\/figure>\n\n\n\n<h3 class=\"wp-block-heading\" id=\"h-polemicas\"><span id=\"polemicas\">Pol\u00eamicas<\/span><\/h3>\n\n\n\n<p>N\u00e3o \u00e9 a primeira vez que Wilker se envolve em pol\u00eamicas ideol\u00f3gicas. Em agosto de 2022, filmou e provocou o ex-presidente Jair Bolsonaro ap\u00f3s ele sair do Pal\u00e1cio da Alvorada, em Bras\u00edlia.<\/p>\n\n\n\n<p>Em agosto de 2024, uma professora do curso de hist\u00f3ria na UnB registrou boletim de ocorr\u00eancia na Pol\u00edcia Civil do Distrito Federal. Ela afirmou ser v\u00edtima de difama\u00e7\u00e3o por parte do influenciador, que publicou v\u00eddeos em que os dois debatiam dentro da sala de aula. Essas publica\u00e7\u00f5es teriam dado causa a ofensas e diversos coment\u00e1rios de \u00f3dio.<\/p>\n\n\n\n<p>O Centro Acad\u00eamico de Hist\u00f3ria da UnB decidiu expulsar o youtuber dos espa\u00e7os de conv\u00edvio promovidos pela entidade estudantil, como debates, rodas de conversa, eventos p\u00fablicos e espa\u00e7o f\u00edsico do Centro Acad\u00eamico.<\/p>\n\n\n\n<p>V\u00e1rios estudantes afirmaram, ap\u00f3s ter seus dados vazados atrav\u00e9s das publica\u00e7\u00f5es de Wilker, que foram v\u00edtimas de amea\u00e7as de viol\u00eancia f\u00edsica e coment\u00e1rios racistas, machistas e homof\u00f3bicos.<\/p>\n\n\n\n<h2 class=\"wp-block-heading\" id=\"h-analise-juridica\"><span id=\"analise-juridica\">An\u00e1lise jur\u00eddica<\/span><\/h2>\n\n\n\n<p>Quais as implica\u00e7\u00f5es jur\u00eddicas desse fato? O que diz o ordenamento jur\u00eddico sobre a possibilidade de o aluno gravar e divulgar as aulas do professor?<\/p>\n\n\n\n<p>Primeiro temos que fazer uma diferencia\u00e7\u00e3o: entre universidades privadas e universidades p\u00fablicas.<\/p>\n\n\n\n<p>Em seguida, outra diferencia\u00e7\u00e3o: entre grava\u00e7\u00e3o e publica\u00e7\u00e3o.<\/p>\n\n\n\n<h3 class=\"wp-block-heading\" id=\"h-universidades-privadas\"><span id=\"universidades-privadas\">Universidades privadas<\/span><\/h3>\n\n\n\n<p>Vamos come\u00e7ar pelas universidades privadas, onde o tema \u00e9 menos pol\u00eamico.<\/p>\n\n\n\n<p>A rela\u00e7\u00e3o entre o aluno e a universidade privada \u00e9 regido pelo direito privado, em que impera a autonomia da vontade, instrumentalizado atrav\u00e9s de um contrato de presta\u00e7\u00e3o de servi\u00e7os educacionais.<\/p>\n\n\n\n<pre class=\"wp-block-verse\">Portanto, se no contrato houver a previs\u00e3o da possibilidade de o aluno gravar as aulas para uso pessoal, para fins de estudo, sem intuito de lucro, n\u00e3o h\u00e1 problema, haja vista que as partes (universidade, professor e aluno) j\u00e1 sabem, de antem\u00e3o, dessa possibilidade, e houve acordo contratual neste sentido: <em>pacta sunt servanda<\/em>.<\/pre>\n\n\n\n<p>Em rela\u00e7\u00e3o \u00e0 divulga\u00e7\u00e3o dessas filmagens para fins comerciais, com intuito de lucro, ou para fins ideol\u00f3gico-pol\u00edticos, podemos perceber alguns empecilhos jur\u00eddicos. Isso porque envolve a cess\u00e3o do direito de imagem do professor, que \u00e9 um direito personal\u00edssimo do docente, al\u00e9m da possibilidade de gera\u00e7\u00e3o de danos morais atrav\u00e9s da edi\u00e7\u00e3o e descontextualiza\u00e7\u00e3o dos v\u00eddeos, que geralmente atraem coment\u00e1rios odiosos, preconceituosos e violentos.<\/p>\n\n\n\n<h4 class=\"wp-block-heading\" id=\"h-criacao-intelectual-e-propriedade-intelectual\"><span id=\"criacao-intelectual-e-propriedade-intelectual\">Cria\u00e7\u00e3o intelectual e propriedade intelectual<\/span><\/h4>\n\n\n\n<p>A aula pode ser considerada como uma <strong><mark style=\"background-color:rgba(0, 0, 0, 0)\" class=\"has-inline-color has-vivid-red-color\">cria\u00e7\u00e3o intelectual<\/mark><\/strong>, e, portanto, sujeita \u00e0 lei dos direitos autorais.<\/p>\n\n\n\n<figure class=\"wp-block-pullquote\"><blockquote><p><\/p><cite><mark style=\"background-color:rgba(0, 0, 0, 0)\" class=\"has-inline-color has-vivid-cyan-blue-color\"><em><em>Cria\u00e7\u00e3o intelectual \u00e9 toda aquela cria\u00e7\u00e3o intelectual que \u00e9 resultante de uma cria\u00e7\u00e3o do esp\u00edrito humano (intelecto), revestindo-se de originalidade, inventividade e car\u00e1ter \u00fanico e plasmada sobre um suporte material qualquer<\/em><\/em>.<\/mark><\/cite><\/blockquote><\/figure>\n\n\n\n<p>J\u00e1 a <strong>propriedade intelectual<\/strong>\u00a0\u00e9 o instrumento relacionado com a prote\u00e7\u00e3o legal e reconhecimento de autoria de obra de produ\u00e7\u00e3o intelectual tais como inven\u00e7\u00f5es, patentes, marcas, desenhos industriais, indica\u00e7\u00f5es geogr\u00e1ficas e cria\u00e7\u00f5es art\u00edsticas. Isso garante ao autor o direito, por um determinado per\u00edodo, de explorar economicamente sua pr\u00f3pria cria\u00e7\u00e3o.<\/p>\n\n\n\n<p>A pr\u00f3pria Lei n\u00ba 9.610\/98 (Lei dos Direitos Autorais) prev\u00ea, em seu art. 46, IV, que n\u00e3o constitui ofensa aos direitos autorais o apanhado de li\u00e7\u00f5es em estabelecimentos de ensino por aqueles a quem elas se dirigem, <strong><mark style=\"background-color:rgba(0, 0, 0, 0)\" class=\"has-inline-color has-vivid-cyan-blue-color\">vedada sua publica\u00e7\u00e3o, integral ou parcial, sem autoriza\u00e7\u00e3o pr\u00e9via e expressa de quem as ministrou<\/mark><\/strong>.<\/p>\n\n\n\n<p>Portanto, segundo a norma, h\u00e1 necessidade de autoriza\u00e7\u00e3o expressa do professor que ministrou a aula para que ela possa ser publicada.<\/p>\n\n\n\n<p>Al\u00e9m do mais, a Lei n\u00ba 9.394\/96 (Lei de Diretrizes e Bases da Educa\u00e7\u00e3o) prev\u00ea, em seu art. 3\u00ba, como princ\u00edpios do ensino no pa\u00eds, a liberdade de aprender, ensinar, pesquisar e divulgar a cultura, o pensamento, a arte e o saber, o pluralismo de ideias e de concep\u00e7\u00f5es pedag\u00f3gicas e o respeito \u00e0 liberdade e apre\u00e7o \u00e0 toler\u00e2ncia.<\/p>\n\n\n\n<p>A divulga\u00e7\u00e3o de aulas, principalmente sem a anu\u00eancia do professor, pode servir como um limitador da liberdade de ensino. Isso sem falar nas implica\u00e7\u00f5es de ordem moral, atraindo comportamentos intolerantes e odiosos.<\/p>\n\n\n\n<p>Nas institui\u00e7\u00f5es privadas de ensino, buscar o consentimento das partes (universidade e professor) parece ser o caminho mais justo, e menos espinhoso para a grava\u00e7\u00e3o e divulga\u00e7\u00e3o de aulas pelo aluno.<\/p>\n\n\n\n<h3 class=\"wp-block-heading\" id=\"h-universidades-publicas\"><span id=\"universidades-publicas\">Universidades p\u00fablicas<\/span><\/h3>\n\n\n\n<p>Quando falamos de universidades p\u00fablicas, o tema \u00e9 bem mais complexo. Isto \u00e9, al\u00e9m das implica\u00e7\u00f5es que j\u00e1 falamos em rela\u00e7\u00e3o \u00e0s institui\u00e7\u00f5es privadas (direito autoral, danos morais, direito de imagem), temos uma rela\u00e7\u00e3o de direito p\u00fablico aplic\u00e1vel, e n\u00e3o de direito privado.<\/p>\n\n\n\n<p>Aqui, o interesse p\u00fablico deve se sobrepor ao interesse privado. Estamos diante de uma rela\u00e7\u00e3o regida primordialmente n\u00e3o pela autonomia da vontade, mas pelos princ\u00edpios pr\u00f3prios da administra\u00e7\u00e3o p\u00fablica: legalidade, impessoalidade, moralidade, publicidade e efici\u00eancia, insculpidos no art. 37, da Constitui\u00e7\u00e3o Federal.<\/p>\n\n\n\n<p>A rela\u00e7\u00e3o entre aluno, professor e universidade p\u00fablica \u00e9 regida pelo conjunto de leis e princ\u00edpios pr\u00f3prios do servi\u00e7o p\u00fablico.<\/p>\n\n\n\n<p>Portanto, em tese, pode haver lei ou regulamento que permita a grava\u00e7\u00e3o das aulas para fins de estudo, sem intuito de lucro.<\/p>\n\n\n\n<p>Neste caso, o professor, ao tomar posse no cargo p\u00fablico, aceita o regime jur\u00eddico aplic\u00e1vel, n\u00e3o podendo, posteriormente, se opor.<\/p>\n\n\n\n<pre class=\"wp-block-verse\">Em rela\u00e7\u00e3o \u00e0 divulga\u00e7\u00e3o, cabem as mesmas preocupa\u00e7\u00f5es atinentes \u00e0s universidades privadas: explora\u00e7\u00e3o comercial (ainda mais quando se trata de um servi\u00e7o que \u00e9 prestado de forma gratuita pelo Estado), uso indevido do direito de imagem e politiza\u00e7\u00e3o do conte\u00fado pedag\u00f3gico, com o enorme potencial de gerar danos extrapatrimoniais ao professor (coment\u00e1rios racistas, preconceituosos, persegui\u00e7\u00e3o p\u00fablica).<\/pre>\n\n\n\n<p>Parte da doutrina ainda enxerga na <strong><mark style=\"background-color:rgba(0, 0, 0, 0)\" class=\"has-inline-color has-vivid-red-color\">teoria do \u00f3rg\u00e3o<\/mark><\/strong>\u00a0(ou teoria da imputa\u00e7\u00e3o volitiva) uma chancela para a possibilidade de grava\u00e7\u00e3o das aulas (mas n\u00e3o a publica\u00e7\u00e3o). Para essa corrente, nesse caso, a atua\u00e7\u00e3o \u00e9 imputada n\u00e3o \u00e0 pessoa f\u00edsica do professor, mas sim ao pr\u00f3prio Estado.<\/p>\n\n\n\n<figure class=\"wp-block-pullquote\"><blockquote><p><\/p><cite><em><em><mark style=\"background-color:rgba(0, 0, 0, 0)\" class=\"has-inline-color has-vivid-cyan-blue-color\">Teoria do \u00f3rg\u00e3o \u00e9 a teoria segundo a qual toda atua\u00e7\u00e3o do agente p\u00fablico deve ser imputada ao \u00f3rg\u00e3o que ele representa, ou seja, \u00e0 pessoa jur\u00eddica para a qual trabalha, e n\u00e3o \u00e0 sua pessoa.<\/mark><\/em><\/em><\/cite><\/blockquote><\/figure>\n\n\n\n<p>Ou seja, o aluno n\u00e3o estaria gravando o professor em si, mas o exerc\u00edcio de um servi\u00e7o p\u00fablico prestado pelo pr\u00f3prio Estado. H\u00e1, portanto, uma despersonifica\u00e7\u00e3o da atua\u00e7\u00e3o do professor, que n\u00e3o sofreria maiores preju\u00edzos.<\/p>\n\n\n\n<h2 class=\"wp-block-heading\" id=\"h-conclusao\"><span id=\"conclusao\">Conclus\u00e3o<\/span><\/h2>\n\n\n\n<p>O tema \u00e9 extremamente complexo, e cada vez mais necess\u00e1rio para reflex\u00e3o, haja vista o avan\u00e7o tecnol\u00f3gico apresentado, e sua inser\u00e7\u00e3o no contexto do ensino brasileiro, em especial no universit\u00e1rio.<\/p>\n\n\n\n<p>Em rela\u00e7\u00e3o \u00e0s universidades privadas, podemos tomar como ponto de partida o contrato de presta\u00e7\u00e3o de servi\u00e7os educacionais entre universidade e aluno. O consentimento e o acordo de vontades ser\u00e3o essenciais para resolver os problemas surgidos dessa grava\u00e7\u00e3o ou divulga\u00e7\u00e3o das aulas.<\/p>\n\n\n\n<p>Quanto \u00e0s institui\u00e7\u00f5es p\u00fablicas de ensino, a complexidade \u00e9 maior. Assim, o ponto de partida deve ser n\u00e3o a autonomia da vontade, mas a preponder\u00e2ncia do interesse p\u00fablico frente ao privado, al\u00e9m da aplica\u00e7\u00e3o de um regime jur\u00eddico pr\u00f3prio.<\/p>\n\n\n\n<p>\u00d3timo tema para provas de direito constitucional e direito civil. Portanto, muita aten\u00e7\u00e3o!<\/p>\n\n\n\n<hr class=\"wp-block-separator has-alpha-channel-opacity\"\/>\n\n\n\n<h2 class=\"wp-block-heading has-text-align-center\" id=\"h-quer-saber-quais-serao-os-proximos-concursos\"><span id=\"quer-saber-quais-serao-os-proximos-concursos\">Quer saber quais ser\u00e3o os pr\u00f3ximos concursos?<\/span><\/h2>\n\n\n\n<p class=\"has-text-align-center\">Confira nossos\u00a0<a href=\"https:\/\/cj.estrategia.com\/portal\/\" target=\"_blank\" >artigos para Carreiras Jur\u00eddicas<\/a>!<\/p>\n\n\n\n<p class=\"has-text-align-center has-white-color has-pale-cyan-blue-background-color has-text-color has-background has-link-color wp-elements-f3d5123bb0c8e11604d0c8c7f1ea8be8\"><a href=\"https:\/\/www.estrategiaconcursos.com.br\/blog\/concursos-abertos\/\" target=\"_blank\" >Confira os concursos p\u00fablicos abertos<\/a><\/p>\n\n\n\n<p class=\"has-text-align-center has-white-color has-pale-cyan-blue-background-color has-text-color has-background has-link-color wp-elements-94f2aad2f2b05ea3152ac5320a17d121\"><a href=\"https:\/\/cj.estrategia.com\/portal\/web-stories\/\" target=\"_blank\" >Concursos 2024<\/a><\/p>\n\n\n\n<p class=\"has-text-align-center has-white-color has-pale-cyan-blue-background-color has-text-color has-background has-link-color wp-elements-726d644a58045568574d2c1541b18807\"><a href=\"https:\/\/cj.estrategia.com\/portal\/concursos-2025-carreiras-juridicas\/\" target=\"_blank\" >Concursos 2025<\/a><\/p>\n","protected":false},"excerpt":{"rendered":"* Thiago de Paula Leite \u00e9 procurador do Estado de S\u00e3o Paulo e professor de direito ambiental e&hellip;\n","protected":false},"author":81,"featured_media":88405,"comment_status":"open","ping_status":"open","sticky":false,"template":"","format":"standard","meta":{"_jetpack_memberships_contains_paid_content":false,"footnotes":""},"categories":[1],"tags":[336,1674,1675,1677,318,1673,945,194,1676,1672],"tax_estado":[37],"class_list":{"0":"post-88401","1":"post","2":"type-post","3":"status-publish","4":"format-standard","5":"has-post-thumbnail","7":"category-carreiras-juridicas","8":"tag-analise-juridica","9":"tag-contrato-de-prestacao-de-servicos","10":"tag-criacao-intelectual","11":"tag-gravacao-e-divulgacao-de-aulas-por-aluno","12":"tag-influenciador-digital","13":"tag-pacta-sunt-servanda","14":"tag-propriedade-intelectual","15":"tag-redes-sociais","16":"tag-teoria-do-orgao","17":"tag-universidades-privadas-e-unidades-publicas","18":"tax_estado-df"},"acf":[],"yoast_head":"<!-- This site is optimized with the Yoast SEO Premium plugin v27.5 (Yoast SEO v27.5) - https:\/\/yoast.com\/product\/yoast-seo-premium-wordpress\/ -->\n<title>Universidade suspende youtuber conservador que gravava aulas<\/title>\n<meta name=\"description\" content=\"Veja as implica\u00e7\u00f5es jur\u00eddicas e o que diz o ordenamento jur\u00eddico sobre a possibilidade de o aluno gravar e divulgar aulas da universidade.\" \/>\n<meta name=\"robots\" content=\"index, follow, max-snippet:-1, max-image-preview:large, max-video-preview:-1\" \/>\n<link rel=\"canonical\" href=\"https:\/\/cj.estrategia.com\/portal\/universidade-suspende-youtuber-gravava-aulas\/\" \/>\n<meta property=\"og:locale\" content=\"pt_BR\" \/>\n<meta property=\"og:type\" content=\"article\" \/>\n<meta property=\"og:title\" content=\"Universidade p\u00fablica suspende youtuber conservador por gravar e publicar as aulas\" \/>\n<meta property=\"og:description\" content=\"Veja as implica\u00e7\u00f5es jur\u00eddicas e o que diz o ordenamento jur\u00eddico sobre a possibilidade de o aluno gravar e divulgar aulas da universidade.\" \/>\n<meta property=\"og:url\" content=\"https:\/\/cj.estrategia.com\/portal\/universidade-suspende-youtuber-gravava-aulas\/\" \/>\n<meta property=\"og:site_name\" content=\"Blog - Carreiras Jur\u00eddicas - Estrat\u00e9gia\" \/>\n<meta property=\"article:publisher\" content=\"https:\/\/www.facebook.com\/estrategiacarreirajuridica\/\" \/>\n<meta property=\"article:published_time\" content=\"2024-12-20T16:16:58+00:00\" \/>\n<meta property=\"article:modified_time\" content=\"2025-01-07T19:41:19+00:00\" \/>\n<meta property=\"og:image\" content=\"https:\/\/cj.estrategia.com\/portal\/wp-content\/uploads\/2024\/12\/20130615\/sala-de-aula-universidade-aluno-professor-scaled.jpg\" \/>\n\t<meta property=\"og:image:width\" content=\"2560\" \/>\n\t<meta property=\"og:image:height\" content=\"1707\" \/>\n\t<meta property=\"og:image:type\" content=\"image\/jpeg\" \/>\n<meta name=\"author\" content=\"Thiago Leite\" \/>\n<meta name=\"twitter:card\" content=\"summary_large_image\" \/>\n<meta name=\"twitter:creator\" content=\"@EstratJuridica\" \/>\n<meta name=\"twitter:site\" content=\"@EstratJuridica\" \/>\n<meta name=\"twitter:label1\" content=\"Escrito por\" \/>\n\t<meta name=\"twitter:data1\" content=\"Thiago Leite\" \/>\n\t<meta name=\"twitter:label2\" content=\"Est. tempo de leitura\" \/>\n\t<meta name=\"twitter:data2\" content=\"7 minutos\" \/>\n<script type=\"application\/ld+json\" class=\"yoast-schema-graph\">{\"@context\":\"https:\\\/\\\/schema.org\",\"@graph\":[{\"@type\":\"NewsArticle\",\"@id\":\"https:\\\/\\\/cj.estrategia.com\\\/portal\\\/universidade-suspende-youtuber-gravava-aulas\\\/#article\",\"isPartOf\":{\"@id\":\"https:\\\/\\\/cj.estrategia.com\\\/portal\\\/universidade-suspende-youtuber-gravava-aulas\\\/\"},\"author\":{\"name\":\"Thiago Leite\",\"@id\":\"https:\\\/\\\/cj.estrategia.com\\\/portal\\\/#\\\/schema\\\/person\\\/7d7d2b1c8386e2eeacc0b09cfbc1d0ff\"},\"headline\":\"Universidade p\u00fablica suspende youtuber conservador por gravar e publicar as aulas\",\"datePublished\":\"2024-12-20T16:16:58+00:00\",\"dateModified\":\"2025-01-07T19:41:19+00:00\",\"mainEntityOfPage\":{\"@id\":\"https:\\\/\\\/cj.estrategia.com\\\/portal\\\/universidade-suspende-youtuber-gravava-aulas\\\/\"},\"wordCount\":1452,\"commentCount\":0,\"publisher\":{\"@id\":\"https:\\\/\\\/cj.estrategia.com\\\/portal\\\/#organization\"},\"image\":{\"@id\":\"https:\\\/\\\/cj.estrategia.com\\\/portal\\\/universidade-suspende-youtuber-gravava-aulas\\\/#primaryimage\"},\"thumbnailUrl\":\"https:\\\/\\\/cj.estrategia.com\\\/portal\\\/wp-content\\\/uploads\\\/2024\\\/12\\\/20130615\\\/sala-de-aula-universidade-aluno-professor-scaled.jpg\",\"keywords\":[\"an\u00e1lise jur\u00eddica\",\"contrato de presta\u00e7\u00e3o de servi\u00e7os\",\"cria\u00e7\u00e3o intelectual\",\"grava\u00e7\u00e3o e divulga\u00e7\u00e3o de aulas por aluno\",\"influenciador digital\",\"pacta sunt servanda\",\"propriedade intelectual\",\"redes sociais\",\"teoria do \u00f3rg\u00e3o\",\"universidades privadas e unidades p\u00fablicas\"],\"articleSection\":[\"Carreiras Jur\u00eddicas\"],\"inLanguage\":\"pt-BR\",\"potentialAction\":[{\"@type\":\"CommentAction\",\"name\":\"Comment\",\"target\":[\"https:\\\/\\\/cj.estrategia.com\\\/portal\\\/universidade-suspende-youtuber-gravava-aulas\\\/#respond\"]}]},{\"@type\":\"WebPage\",\"@id\":\"https:\\\/\\\/cj.estrategia.com\\\/portal\\\/universidade-suspende-youtuber-gravava-aulas\\\/\",\"url\":\"https:\\\/\\\/cj.estrategia.com\\\/portal\\\/universidade-suspende-youtuber-gravava-aulas\\\/\",\"name\":\"Universidade suspende youtuber conservador que gravava aulas\",\"isPartOf\":{\"@id\":\"https:\\\/\\\/cj.estrategia.com\\\/portal\\\/#website\"},\"primaryImageOfPage\":{\"@id\":\"https:\\\/\\\/cj.estrategia.com\\\/portal\\\/universidade-suspende-youtuber-gravava-aulas\\\/#primaryimage\"},\"image\":{\"@id\":\"https:\\\/\\\/cj.estrategia.com\\\/portal\\\/universidade-suspende-youtuber-gravava-aulas\\\/#primaryimage\"},\"thumbnailUrl\":\"https:\\\/\\\/cj.estrategia.com\\\/portal\\\/wp-content\\\/uploads\\\/2024\\\/12\\\/20130615\\\/sala-de-aula-universidade-aluno-professor-scaled.jpg\",\"datePublished\":\"2024-12-20T16:16:58+00:00\",\"dateModified\":\"2025-01-07T19:41:19+00:00\",\"description\":\"Veja as implica\u00e7\u00f5es jur\u00eddicas e o que diz o ordenamento jur\u00eddico sobre a possibilidade de o aluno gravar e divulgar aulas da universidade.\",\"breadcrumb\":{\"@id\":\"https:\\\/\\\/cj.estrategia.com\\\/portal\\\/universidade-suspende-youtuber-gravava-aulas\\\/#breadcrumb\"},\"inLanguage\":\"pt-BR\",\"potentialAction\":[{\"@type\":\"ReadAction\",\"target\":[\"https:\\\/\\\/cj.estrategia.com\\\/portal\\\/universidade-suspende-youtuber-gravava-aulas\\\/\"]}]},{\"@type\":\"ImageObject\",\"inLanguage\":\"pt-BR\",\"@id\":\"https:\\\/\\\/cj.estrategia.com\\\/portal\\\/universidade-suspende-youtuber-gravava-aulas\\\/#primaryimage\",\"url\":\"https:\\\/\\\/cj.estrategia.com\\\/portal\\\/wp-content\\\/uploads\\\/2024\\\/12\\\/20130615\\\/sala-de-aula-universidade-aluno-professor-scaled.jpg\",\"contentUrl\":\"https:\\\/\\\/cj.estrategia.com\\\/portal\\\/wp-content\\\/uploads\\\/2024\\\/12\\\/20130615\\\/sala-de-aula-universidade-aluno-professor-scaled.jpg\",\"width\":2560,\"height\":1707},{\"@type\":\"BreadcrumbList\",\"@id\":\"https:\\\/\\\/cj.estrategia.com\\\/portal\\\/universidade-suspende-youtuber-gravava-aulas\\\/#breadcrumb\",\"itemListElement\":[{\"@type\":\"ListItem\",\"position\":1,\"name\":\"In\u00edcio\",\"item\":\"https:\\\/\\\/cj.estrategia.com\\\/portal\\\/\"},{\"@type\":\"ListItem\",\"position\":2,\"name\":\"Universidade p\u00fablica suspende youtuber conservador por gravar e publicar as aulas\"}]},{\"@type\":\"WebSite\",\"@id\":\"https:\\\/\\\/cj.estrategia.com\\\/portal\\\/#website\",\"url\":\"https:\\\/\\\/cj.estrategia.com\\\/portal\\\/\",\"name\":\"Blog - Carreiras Jur\u00eddicas - Estrat\u00e9gia\",\"description\":\"\",\"publisher\":{\"@id\":\"https:\\\/\\\/cj.estrategia.com\\\/portal\\\/#organization\"},\"potentialAction\":[{\"@type\":\"SearchAction\",\"target\":{\"@type\":\"EntryPoint\",\"urlTemplate\":\"https:\\\/\\\/cj.estrategia.com\\\/portal\\\/?s={search_term_string}\"},\"query-input\":{\"@type\":\"PropertyValueSpecification\",\"valueRequired\":true,\"valueName\":\"search_term_string\"}}],\"inLanguage\":\"pt-BR\"},{\"@type\":\"Organization\",\"@id\":\"https:\\\/\\\/cj.estrategia.com\\\/portal\\\/#organization\",\"name\":\"Estrat\u00e9gia - Carreiras Jur\u00eddicas\",\"url\":\"https:\\\/\\\/cj.estrategia.com\\\/portal\\\/\",\"logo\":{\"@type\":\"ImageObject\",\"inLanguage\":\"pt-BR\",\"@id\":\"https:\\\/\\\/cj.estrategia.com\\\/portal\\\/#\\\/schema\\\/logo\\\/image\\\/\",\"url\":\"https:\\\/\\\/cj.estrategia.com\\\/portal\\\/wp-content\\\/uploads\\\/2022\\\/03\\\/11151052\\\/cj-logo.png\",\"contentUrl\":\"https:\\\/\\\/cj.estrategia.com\\\/portal\\\/wp-content\\\/uploads\\\/2022\\\/03\\\/11151052\\\/cj-logo.png\",\"width\":150,\"height\":39,\"caption\":\"Estrat\u00e9gia - Carreiras Jur\u00eddicas\"},\"image\":{\"@id\":\"https:\\\/\\\/cj.estrategia.com\\\/portal\\\/#\\\/schema\\\/logo\\\/image\\\/\"},\"sameAs\":[\"https:\\\/\\\/www.facebook.com\\\/estrategiacarreirajuridica\\\/\",\"https:\\\/\\\/x.com\\\/EstratJuridica\",\"https:\\\/\\\/www.instagram.com\\\/estrategiacarreirajuridica\\\/\",\"https:\\\/\\\/www.youtube.com\\\/channel\\\/UClbMGuYbj2Mh1m3w144ETWQ\"]},{\"@type\":\"Person\",\"@id\":\"https:\\\/\\\/cj.estrategia.com\\\/portal\\\/#\\\/schema\\\/person\\\/7d7d2b1c8386e2eeacc0b09cfbc1d0ff\",\"name\":\"Thiago Leite\",\"image\":{\"@type\":\"ImageObject\",\"inLanguage\":\"pt-BR\",\"@id\":\"https:\\\/\\\/secure.gravatar.com\\\/avatar\\\/15ff5746ff9e313f1248fe2373ce03309054e96387bb9249055458d0c1aaa297?s=96&d=mm&r=g\",\"url\":\"https:\\\/\\\/secure.gravatar.com\\\/avatar\\\/15ff5746ff9e313f1248fe2373ce03309054e96387bb9249055458d0c1aaa297?s=96&d=mm&r=g\",\"contentUrl\":\"https:\\\/\\\/secure.gravatar.com\\\/avatar\\\/15ff5746ff9e313f1248fe2373ce03309054e96387bb9249055458d0c1aaa297?s=96&d=mm&r=g\",\"caption\":\"Thiago Leite\"},\"description\":\"Thiago de Paula Leite \u00e9 procurador do Estado de S\u00e3o Paulo e professor de direito ambiental e agr\u00e1rio do Estrat\u00e9gia.\",\"url\":\"https:\\\/\\\/cj.estrategia.com\\\/portal\\\/author\\\/thiago-leite\\\/\"}]}<\/script>\n<!-- \/ Yoast SEO Premium plugin. -->","yoast_head_json":{"title":"Universidade suspende youtuber conservador que gravava aulas","description":"Veja as implica\u00e7\u00f5es jur\u00eddicas e o que diz o ordenamento jur\u00eddico sobre a possibilidade de o aluno gravar e divulgar aulas da universidade.","robots":{"index":"index","follow":"follow","max-snippet":"max-snippet:-1","max-image-preview":"max-image-preview:large","max-video-preview":"max-video-preview:-1"},"canonical":"https:\/\/cj.estrategia.com\/portal\/universidade-suspende-youtuber-gravava-aulas\/","og_locale":"pt_BR","og_type":"article","og_title":"Universidade p\u00fablica suspende youtuber conservador por gravar e publicar as aulas","og_description":"Veja as implica\u00e7\u00f5es jur\u00eddicas e o que diz o ordenamento jur\u00eddico sobre a possibilidade de o aluno gravar e divulgar aulas da universidade.","og_url":"https:\/\/cj.estrategia.com\/portal\/universidade-suspende-youtuber-gravava-aulas\/","og_site_name":"Blog - Carreiras Jur\u00eddicas - Estrat\u00e9gia","article_publisher":"https:\/\/www.facebook.com\/estrategiacarreirajuridica\/","article_published_time":"2024-12-20T16:16:58+00:00","article_modified_time":"2025-01-07T19:41:19+00:00","og_image":[{"width":2560,"height":1707,"url":"https:\/\/cj.estrategia.com\/portal\/wp-content\/uploads\/2024\/12\/20130615\/sala-de-aula-universidade-aluno-professor-scaled.jpg","type":"image\/jpeg"}],"author":"Thiago Leite","twitter_card":"summary_large_image","twitter_creator":"@EstratJuridica","twitter_site":"@EstratJuridica","twitter_misc":{"Escrito por":"Thiago Leite","Est. tempo de leitura":"7 minutos"},"schema":{"@context":"https:\/\/schema.org","@graph":[{"@type":"NewsArticle","@id":"https:\/\/cj.estrategia.com\/portal\/universidade-suspende-youtuber-gravava-aulas\/#article","isPartOf":{"@id":"https:\/\/cj.estrategia.com\/portal\/universidade-suspende-youtuber-gravava-aulas\/"},"author":{"name":"Thiago Leite","@id":"https:\/\/cj.estrategia.com\/portal\/#\/schema\/person\/7d7d2b1c8386e2eeacc0b09cfbc1d0ff"},"headline":"Universidade p\u00fablica suspende youtuber conservador por gravar e publicar as aulas","datePublished":"2024-12-20T16:16:58+00:00","dateModified":"2025-01-07T19:41:19+00:00","mainEntityOfPage":{"@id":"https:\/\/cj.estrategia.com\/portal\/universidade-suspende-youtuber-gravava-aulas\/"},"wordCount":1452,"commentCount":0,"publisher":{"@id":"https:\/\/cj.estrategia.com\/portal\/#organization"},"image":{"@id":"https:\/\/cj.estrategia.com\/portal\/universidade-suspende-youtuber-gravava-aulas\/#primaryimage"},"thumbnailUrl":"https:\/\/cj.estrategia.com\/portal\/wp-content\/uploads\/2024\/12\/20130615\/sala-de-aula-universidade-aluno-professor-scaled.jpg","keywords":["an\u00e1lise jur\u00eddica","contrato de presta\u00e7\u00e3o de servi\u00e7os","cria\u00e7\u00e3o intelectual","grava\u00e7\u00e3o e divulga\u00e7\u00e3o de aulas por aluno","influenciador digital","pacta sunt servanda","propriedade intelectual","redes sociais","teoria do \u00f3rg\u00e3o","universidades privadas e unidades p\u00fablicas"],"articleSection":["Carreiras Jur\u00eddicas"],"inLanguage":"pt-BR","potentialAction":[{"@type":"CommentAction","name":"Comment","target":["https:\/\/cj.estrategia.com\/portal\/universidade-suspende-youtuber-gravava-aulas\/#respond"]}]},{"@type":"WebPage","@id":"https:\/\/cj.estrategia.com\/portal\/universidade-suspende-youtuber-gravava-aulas\/","url":"https:\/\/cj.estrategia.com\/portal\/universidade-suspende-youtuber-gravava-aulas\/","name":"Universidade suspende youtuber conservador que gravava aulas","isPartOf":{"@id":"https:\/\/cj.estrategia.com\/portal\/#website"},"primaryImageOfPage":{"@id":"https:\/\/cj.estrategia.com\/portal\/universidade-suspende-youtuber-gravava-aulas\/#primaryimage"},"image":{"@id":"https:\/\/cj.estrategia.com\/portal\/universidade-suspende-youtuber-gravava-aulas\/#primaryimage"},"thumbnailUrl":"https:\/\/cj.estrategia.com\/portal\/wp-content\/uploads\/2024\/12\/20130615\/sala-de-aula-universidade-aluno-professor-scaled.jpg","datePublished":"2024-12-20T16:16:58+00:00","dateModified":"2025-01-07T19:41:19+00:00","description":"Veja as implica\u00e7\u00f5es jur\u00eddicas e o que diz o ordenamento jur\u00eddico sobre a possibilidade de o aluno gravar e divulgar aulas da universidade.","breadcrumb":{"@id":"https:\/\/cj.estrategia.com\/portal\/universidade-suspende-youtuber-gravava-aulas\/#breadcrumb"},"inLanguage":"pt-BR","potentialAction":[{"@type":"ReadAction","target":["https:\/\/cj.estrategia.com\/portal\/universidade-suspende-youtuber-gravava-aulas\/"]}]},{"@type":"ImageObject","inLanguage":"pt-BR","@id":"https:\/\/cj.estrategia.com\/portal\/universidade-suspende-youtuber-gravava-aulas\/#primaryimage","url":"https:\/\/cj.estrategia.com\/portal\/wp-content\/uploads\/2024\/12\/20130615\/sala-de-aula-universidade-aluno-professor-scaled.jpg","contentUrl":"https:\/\/cj.estrategia.com\/portal\/wp-content\/uploads\/2024\/12\/20130615\/sala-de-aula-universidade-aluno-professor-scaled.jpg","width":2560,"height":1707},{"@type":"BreadcrumbList","@id":"https:\/\/cj.estrategia.com\/portal\/universidade-suspende-youtuber-gravava-aulas\/#breadcrumb","itemListElement":[{"@type":"ListItem","position":1,"name":"In\u00edcio","item":"https:\/\/cj.estrategia.com\/portal\/"},{"@type":"ListItem","position":2,"name":"Universidade p\u00fablica suspende youtuber conservador por gravar e publicar as aulas"}]},{"@type":"WebSite","@id":"https:\/\/cj.estrategia.com\/portal\/#website","url":"https:\/\/cj.estrategia.com\/portal\/","name":"Blog - Carreiras Jur\u00eddicas - Estrat\u00e9gia","description":"","publisher":{"@id":"https:\/\/cj.estrategia.com\/portal\/#organization"},"potentialAction":[{"@type":"SearchAction","target":{"@type":"EntryPoint","urlTemplate":"https:\/\/cj.estrategia.com\/portal\/?s={search_term_string}"},"query-input":{"@type":"PropertyValueSpecification","valueRequired":true,"valueName":"search_term_string"}}],"inLanguage":"pt-BR"},{"@type":"Organization","@id":"https:\/\/cj.estrategia.com\/portal\/#organization","name":"Estrat\u00e9gia - Carreiras Jur\u00eddicas","url":"https:\/\/cj.estrategia.com\/portal\/","logo":{"@type":"ImageObject","inLanguage":"pt-BR","@id":"https:\/\/cj.estrategia.com\/portal\/#\/schema\/logo\/image\/","url":"https:\/\/cj.estrategia.com\/portal\/wp-content\/uploads\/2022\/03\/11151052\/cj-logo.png","contentUrl":"https:\/\/cj.estrategia.com\/portal\/wp-content\/uploads\/2022\/03\/11151052\/cj-logo.png","width":150,"height":39,"caption":"Estrat\u00e9gia - Carreiras Jur\u00eddicas"},"image":{"@id":"https:\/\/cj.estrategia.com\/portal\/#\/schema\/logo\/image\/"},"sameAs":["https:\/\/www.facebook.com\/estrategiacarreirajuridica\/","https:\/\/x.com\/EstratJuridica","https:\/\/www.instagram.com\/estrategiacarreirajuridica\/","https:\/\/www.youtube.com\/channel\/UClbMGuYbj2Mh1m3w144ETWQ"]},{"@type":"Person","@id":"https:\/\/cj.estrategia.com\/portal\/#\/schema\/person\/7d7d2b1c8386e2eeacc0b09cfbc1d0ff","name":"Thiago Leite","image":{"@type":"ImageObject","inLanguage":"pt-BR","@id":"https:\/\/secure.gravatar.com\/avatar\/15ff5746ff9e313f1248fe2373ce03309054e96387bb9249055458d0c1aaa297?s=96&d=mm&r=g","url":"https:\/\/secure.gravatar.com\/avatar\/15ff5746ff9e313f1248fe2373ce03309054e96387bb9249055458d0c1aaa297?s=96&d=mm&r=g","contentUrl":"https:\/\/secure.gravatar.com\/avatar\/15ff5746ff9e313f1248fe2373ce03309054e96387bb9249055458d0c1aaa297?s=96&d=mm&r=g","caption":"Thiago Leite"},"description":"Thiago de Paula Leite \u00e9 procurador do Estado de S\u00e3o Paulo e professor de direito ambiental e agr\u00e1rio do Estrat\u00e9gia.","url":"https:\/\/cj.estrategia.com\/portal\/author\/thiago-leite\/"}]}},"jetpack_featured_media_url":"https:\/\/cj.estrategia.com\/portal\/wp-content\/uploads\/2024\/12\/20130615\/sala-de-aula-universidade-aluno-professor-scaled.jpg","jetpack_sharing_enabled":true,"_links":{"self":[{"href":"https:\/\/cj.estrategia.com\/portal\/wp-json\/wp\/v2\/posts\/88401","targetHints":{"allow":["GET"]}}],"collection":[{"href":"https:\/\/cj.estrategia.com\/portal\/wp-json\/wp\/v2\/posts"}],"about":[{"href":"https:\/\/cj.estrategia.com\/portal\/wp-json\/wp\/v2\/types\/post"}],"author":[{"embeddable":true,"href":"https:\/\/cj.estrategia.com\/portal\/wp-json\/wp\/v2\/users\/81"}],"replies":[{"embeddable":true,"href":"https:\/\/cj.estrategia.com\/portal\/wp-json\/wp\/v2\/comments?post=88401"}],"version-history":[{"count":0,"href":"https:\/\/cj.estrategia.com\/portal\/wp-json\/wp\/v2\/posts\/88401\/revisions"}],"wp:featuredmedia":[{"embeddable":true,"href":"https:\/\/cj.estrategia.com\/portal\/wp-json\/wp\/v2\/media\/88405"}],"wp:attachment":[{"href":"https:\/\/cj.estrategia.com\/portal\/wp-json\/wp\/v2\/media?parent=88401"}],"wp:term":[{"taxonomy":"category","embeddable":true,"href":"https:\/\/cj.estrategia.com\/portal\/wp-json\/wp\/v2\/categories?post=88401"},{"taxonomy":"post_tag","embeddable":true,"href":"https:\/\/cj.estrategia.com\/portal\/wp-json\/wp\/v2\/tags?post=88401"},{"taxonomy":"tax_estado","embeddable":true,"href":"https:\/\/cj.estrategia.com\/portal\/wp-json\/wp\/v2\/tax_estado?post=88401"}],"curies":[{"name":"wp","href":"https:\/\/api.w.org\/{rel}","templated":true}]}}