{"id":87858,"date":"2024-12-17T19:06:17","date_gmt":"2024-12-17T22:06:17","guid":{"rendered":"https:\/\/cj.estrategia.com\/portal\/?p=87858"},"modified":"2025-01-07T15:51:24","modified_gmt":"2025-01-07T18:51:24","slug":"vazamento-dados-pessoais-tv-globo","status":"publish","type":"post","link":"https:\/\/cj.estrategia.com\/portal\/vazamento-dados-pessoais-tv-globo\/","title":{"rendered":"Vazamento de dados pessoais na TV Globo gera dano moral?"},"content":{"rendered":"\n<p>Imagine a seguinte situa\u00e7\u00e3o hipot\u00e9tica:<\/p>\n\n\n\n<p>Voc\u00ea est\u00e1 em casa quando recebe uma mensagem de um amigo dizendo que seus dados pessoais acabam de ser expostos em rede nacional, isto \u00e9, foi divulgado o seu CPF, endere\u00e7o residencial, bem como outros dados quanto a tipo sangu\u00edneo\u2026<\/p>\n\n\n\n<p>Nessa linha, algo similar aconteceu com uma ex-funcion\u00e1ria da TV Globo, cujo <strong><u><strong>passaporte<\/strong><\/u><\/strong>\u00a0foi exibido durante o programa \u201cMais Voc\u00ea\u201d, em uma brincadeira aparentemente inocente do personagem Louro Man\u00e9.<\/p>\n\n\n\n<p>Nessa linha, a 42\u00aa Vara C\u00edvel do Foro Central de S\u00e3o Paulo julgou o caso, o que nos traz uma oportunidade de ensinar a aplica\u00e7\u00e3o pr\u00e1tica da <strong><mark style=\"background-color:rgba(0, 0, 0, 0)\" class=\"has-inline-color has-vivid-cyan-blue-color\">Lei Geral de Prote\u00e7\u00e3o de Dados (LGPD)<\/mark><\/strong> (Lei 13.709\/2018) no contexto do entretenimento televisivo.<\/p>\n\n\n\n<p>A quest\u00e3o \u00e9 o seguinte:<\/p>\n\n\n\n<p><mark style=\"background-color:#8ed1fc\" class=\"has-inline-color\"><em><strong>-Pode haver exposi\u00e7\u00e3o dos dados em rede nacional?<\/strong><\/em><\/mark><\/p>\n\n\n\n<p><mark style=\"background-color:#8ed1fc\" class=\"has-inline-color\"><strong><em>-Isso fere a LGPD? H\u00e1 danos morais?<\/em><\/strong><\/mark><\/p>\n\n\n\n<p>No fundo, o que vamos analisar \u00e9 como o <strong><mark style=\"background-color:rgba(0, 0, 0, 0)\" class=\"has-inline-color has-vivid-cyan-blue-color\">direito \u00e0 privacidade<\/mark><\/strong> se relaciona com a <strong><mark style=\"background-color:rgba(0, 0, 0, 0)\" class=\"has-inline-color has-vivid-cyan-blue-color\">liberdade de express\u00e3o<\/mark><\/strong>.<\/p>\n\n\n\n<h2 class=\"wp-block-heading\" id=\"h-lgpd\"><span id=\"lgpd\">LGPD<\/span><\/h2>\n\n\n\n<p>Em breve s\u00edntese, a LGPD estabelece em seu artigo 6\u00ba os princ\u00edpios fundamentais que devem nortear o tratamento de dados pessoais:<\/p>\n\n\n\n<pre class=\"wp-block-preformatted\">\"Art. 6\u00ba As atividades de tratamento de dados pessoais dever\u00e3o observar a boa-f\u00e9 e os seguintes princ\u00edpios:\n\nI - finalidade\nII - adequa\u00e7\u00e3o\nIII - necessidade\nIV - livre acesso\nV - qualidade dos dados\nVI - transpar\u00eancia\nVII - seguran\u00e7a\nVIII - preven\u00e7\u00e3o\nIX - n\u00e3o discrimina\u00e7\u00e3o\nX - responsabiliza\u00e7\u00e3o e presta\u00e7\u00e3o de contas\"<\/pre>\n\n\n\n<p>Por outro lado, o artigo 7\u00ba, por sua vez, \u00e9 categ\u00f3rico ao estabelecer que o tratamento de dados pessoais <strong><u><strong>somente poder\u00e1 ser realizado mediante o consentimento do titular. <\/strong><\/u><\/strong><strong><u><strong><\/strong><\/u><\/strong><\/p>\n\n\n\n<p>Veja, no caso em an\u00e1lise, como bem destacou o magistrado, houve clara viola\u00e7\u00e3o deste princ\u00edpio, <strong><span style=\"text-decoration: underline;\">uma vez que a exibi\u00e7\u00e3o do passaporte ocorreu sem qualquer autoriza\u00e7\u00e3o da titular dos dados<\/span><\/strong>.<\/p>\n\n\n\n<p>Ademais, os dados do passaporte s\u00e3o \u201csens\u00edveis\u201d, e isso faz toda a diferen\u00e7a para a presun\u00e7\u00e3o dos danos morais.<\/p>\n\n\n\n<p>Al\u00e9m disso, \u00e9 necess\u00e1rio considerar o que disp\u00f5e o artigo 5\u00ba, X da Constitui\u00e7\u00e3o Federal, que assegura a <strong><mark style=\"background-color:rgba(0, 0, 0, 0)\" class=\"has-inline-color has-vivid-cyan-blue-color\">inviolabilidade da intimidade e da vida privada<\/mark><\/strong>.<\/p>\n\n\n\n<p>Assim, como destacou a decis\u00e3o que a exposi\u00e7\u00e3o n\u00e3o autorizada de dados pessoais a milh\u00f5es de telespectadores constitui viola\u00e7\u00e3o direta ao artigo 5\u00ba, X da Constitui\u00e7\u00e3o Federal.<\/p>\n\n\n\n<p>Por fim, na decis\u00e3o, o juiz aplicou alguns <strong><mark style=\"background-color:rgba(0, 0, 0, 0)\" class=\"has-inline-color has-vivid-cyan-blue-color\">crit\u00e9rios objetivos<\/mark> para quantificar o dano moral<\/strong>, considerando:<\/p>\n\n\n\n<ol class=\"wp-block-list\">\n<li>A amplitude da exposi\u00e7\u00e3o (programa de alcance nacional);<\/li>\n\n\n\n<li>A continuidade do dano (disponibiliza\u00e7\u00e3o do conte\u00fado no Globoplay);<\/li>\n\n\n\n<li>A repercuss\u00e3o nas redes sociais;<\/li>\n\n\n\n<li>A desnecessidade de comprova\u00e7\u00e3o do preju\u00edzo em casos de dano moral.<\/li>\n<\/ol>\n\n\n\n<p>A fundamenta\u00e7\u00e3o do magistrado encontra respaldo na doutrina do Professor Carlos Alberto Bittar, que esclarece n\u00e3o ser necess\u00e1ria a comprova\u00e7\u00e3o concreta do dano moral, bastando a demonstra\u00e7\u00e3o do fato violador, isto \u00e9, trata-se de danos morais <em>in re ipsa<\/em>.<\/p>\n\n\n\n<p>Sendo assim, houve previs\u00e3o de indeniza\u00e7\u00e3o em danos morais no valor de R$ 20.000,00 (vinte mil reais).<\/p>\n\n\n\n<h3 class=\"wp-block-heading\" id=\"h-outros-temas-sobre-lgpd\"><span id=\"outros-temas-sobre-lgpd\">Outros temas sobre LGPD<\/span><\/h3>\n\n\n\n<h4 class=\"wp-block-heading\" id=\"h-1-suspensao-de-perfil-de-motorista-de-aplicativo\"><span id=\"1-suspensao-de-perfil-de-motorista-de-aplicativo\">1) Suspens\u00e3o de perfil de motorista de aplicativo<\/span><\/h4>\n\n\n\n<p>A 99 apurou que o motorista de aplicativo Jo\u00e3o, em duas oportunidades diferentes, sem justificativa, encerrou corridas em locais totalmente diversos dos solicitados pelos passageiros.<\/p>\n\n\n\n<div class=\"wp-block-media-text is-stacked-on-mobile\"><figure class=\"wp-block-media-text__media\"><img decoding=\"async\" width=\"1024\" height=\"1024\" src=\"https:\/\/cj.estrategia.com\/portal\/wp-content\/uploads\/2024\/12\/17190130\/negado-cancelado-bloqueado-erro-proibido-1024x1024.png\" alt=\"Vazamento de dados\" class=\"wp-image-87880 size-full\" srcset=\"https:\/\/cj.estrategia.com\/portal\/wp-content\/uploads\/2024\/12\/17190130\/negado-cancelado-bloqueado-erro-proibido-1024x1024.png 1024w, https:\/\/cj.estrategia.com\/portal\/wp-content\/uploads\/2024\/12\/17190130\/negado-cancelado-bloqueado-erro-proibido-300x300.png 300w, https:\/\/cj.estrategia.com\/portal\/wp-content\/uploads\/2024\/12\/17190130\/negado-cancelado-bloqueado-erro-proibido-150x150.png 150w, https:\/\/cj.estrategia.com\/portal\/wp-content\/uploads\/2024\/12\/17190130\/negado-cancelado-bloqueado-erro-proibido-768x768.png 768w, https:\/\/cj.estrategia.com\/portal\/wp-content\/uploads\/2024\/12\/17190130\/negado-cancelado-bloqueado-erro-proibido-1536x1536.png 1536w, https:\/\/cj.estrategia.com\/portal\/wp-content\/uploads\/2024\/12\/17190130\/negado-cancelado-bloqueado-erro-proibido-80x80.png 80w, https:\/\/cj.estrategia.com\/portal\/wp-content\/uploads\/2024\/12\/17190130\/negado-cancelado-bloqueado-erro-proibido-380x380.png 380w, https:\/\/cj.estrategia.com\/portal\/wp-content\/uploads\/2024\/12\/17190130\/negado-cancelado-bloqueado-erro-proibido-800x800.png 800w, https:\/\/cj.estrategia.com\/portal\/wp-content\/uploads\/2024\/12\/17190130\/negado-cancelado-bloqueado-erro-proibido-1160x1160.png 1160w, https:\/\/cj.estrategia.com\/portal\/wp-content\/uploads\/2024\/12\/17190130\/negado-cancelado-bloqueado-erro-proibido-24x24.png 24w, https:\/\/cj.estrategia.com\/portal\/wp-content\/uploads\/2024\/12\/17190130\/negado-cancelado-bloqueado-erro-proibido-48x48.png 48w, https:\/\/cj.estrategia.com\/portal\/wp-content\/uploads\/2024\/12\/17190130\/negado-cancelado-bloqueado-erro-proibido-96x96.png 96w, https:\/\/cj.estrategia.com\/portal\/wp-content\/uploads\/2024\/12\/17190130\/negado-cancelado-bloqueado-erro-proibido.png 2000w\" sizes=\"(max-width: 1024px) 100vw, 1024px\" \/><\/figure><div class=\"wp-block-media-text__content\">\n<p>Por essa raz\u00e3o, o acesso de Jo\u00e3o \u00e0 plataforma da 99 foi suspenso para que a situa\u00e7\u00e3o fosse apurada, como parte de um procedimento de seguran\u00e7a. Ap\u00f3s a conclus\u00e3o da apura\u00e7\u00e3o, decidiu-se pelo bloqueio definitivo do perfil.<\/p>\n<\/div><\/div>\n\n\n\n<p>Inconformado, Jo\u00e3o ajuizou a\u00e7\u00e3o contra a 99 pedindo que a exclus\u00e3o fosse declarada nula e que fosse reintegrado. O autor alegou, dentre outros argumentos, que:<\/p>\n\n\n\n<ul class=\"wp-block-list\">\n<li>houve uma viola\u00e7\u00e3o do <strong><mark style=\"background-color:rgba(0, 0, 0, 0)\" class=\"has-inline-color has-vivid-cyan-blue-color\">princ\u00edpio da ampla defesa<\/mark><\/strong>, j\u00e1 que a empresa n\u00e3o deu a ele oportunidade de se manifestar, tendo ocorrido uma interrup\u00e7\u00e3o abrupta no contrato;<\/li>\n\n\n\n<li>o desligamento do aplicativo, sem notifica\u00e7\u00e3o pr\u00e9via, violou disposi\u00e7\u00f5es da Lei de Prote\u00e7\u00e3o de Dados \u2013\u00a0LGPD\u00a0(Lei n\u00ba 13.709\/2018), contrariando os <strong><mark style=\"background-color:rgba(0, 0, 0, 0)\" class=\"has-inline-color has-vivid-cyan-blue-color\">princ\u00edpios da transpar\u00eancia<\/mark><\/strong>, <strong><mark style=\"background-color:rgba(0, 0, 0, 0)\" class=\"has-inline-color has-vivid-cyan-blue-color\">integridade de dados pessoais<\/mark><\/strong>, acesso a informa\u00e7\u00f5es e direito de revis\u00e3o da tomada de decis\u00e3o unilateral pelo controlador.<\/li>\n<\/ul>\n\n\n\n<p>E o que o Superior Tribunal de Justi\u00e7a (STJ), decidiu? <strong><mark style=\"background-color:#c9cdd0\" class=\"has-inline-color\">\u00c9 poss\u00edvel fazer o desligamento unilateralmente?<\/mark><\/strong><\/p>\n\n\n\n<p><strong><mark style=\"background-color:#fcb900\" class=\"has-inline-color\">Sim.<\/mark><\/strong><\/p>\n\n\n\n<pre class=\"wp-block-verse\">Conjugando a determina\u00e7\u00e3o do art. 20 da\u00a0LGPD\u00a0com a efic\u00e1cia dos direitos fundamentais nas rela\u00e7\u00f5es privadas, entende-se que o titular de dados pessoais deve ser informado sobre a raz\u00e3o da suspens\u00e3o de seu perfil, bem como pode requerer a revis\u00e3o dessa decis\u00e3o, garantido o seu direito de defesa.\n\nA plataforma pode suspender imediatamente o perfil do motorista quando entender que a acusa\u00e7\u00e3o \u00e9 suficientemente gravosa, informando-lhe a raz\u00e3o dessa medida, mas ele poder\u00e1 requerer a revis\u00e3o dessa decis\u00e3o, garantido o contradit\u00f3rio.\n\nSe tiver sido conferido o direito de defesa ao usu\u00e1rio e ainda assim a plataforma concluir que restou comprovada a viola\u00e7\u00e3o aos termos de conduta, n\u00e3o h\u00e1 abusividade no descredenciamento do perfil. At\u00e9 mesmo porque n\u00e3o se afasta a possibilidade de revis\u00e3o judicial da quest\u00e3o.\n\nSTJ. 3\u00aa Turma. REsp 2.135.783-DF, Rel. Min. Nancy Andrighi, julgado em 18\/6\/2024 (Informativo 817).<\/pre>\n\n\n\n<h4 class=\"wp-block-heading\" id=\"h-2-o-vazamento-de-dados-pessoais-nao-gera-dano-moral-presumido\"><span id=\"2-o-vazamento-de-dados-pessoais-nao-gera-dano-moral-presumido\"><em><em>2)\u00a0<\/em><\/em>O vazamento de dados pessoais n\u00e3o gera dano moral presumido<\/span><\/h4>\n\n\n\n<p>Caso concreto: um hacker invadiu o sistema informatizado da concession\u00e1ria de energia el\u00e9trica e de l\u00e1 copiou os dados pessoais de in\u00fameros consumidores.<\/p>\n\n\n\n<p>O hacker copiou os dados pessoais de Regina (nome completo, endere\u00e7o, n\u00famero do RG, data de nascimento, n\u00famero de telefone) e os vendeu para uma empresa de marketing.<\/p>\n\n\n\n<p>Regina ajuizou a\u00e7\u00e3o de indeniza\u00e7\u00e3o contra a concession\u00e1ria sustentando a tese de que o vazamento de dados pessoais gera dano moral presumido.<\/p>\n\n\n\n<p><br>O STJ n\u00e3o concordou com o argumento:<\/p>\n\n\n\n<pre class=\"wp-block-verse\">O art. 5\u00ba, II, da Lei 13.709\/2018(LGPD), prev\u00ea que determinados dados pessoais devem ser qualificados como \u201csens\u00edveis\u201d, exigindo exigir um tratamento diferenciado por parte de quem armazena essas informa\u00e7\u00f5es. S\u00e3o aqueles relacionados com origem racial ou \u00e9tnica, convic\u00e7\u00e3o religiosa, opini\u00e3o pol\u00edtica, filia\u00e7\u00e3o a sindicato ou a organiza\u00e7\u00e3o de car\u00e1ter religioso, filos\u00f3fico ou pol\u00edtico, dado referente \u00e0 sa\u00fade ou \u00e0 vida sexual, dado gen\u00e9tico ou biom\u00e9trico.\n\nOs dados que a concession\u00e1ria armazenava eram aqueles que se fornece em qualquer cadastro, inclusive nos sites consultados no dia a dia, n\u00e3o sendo, portanto, acobertados por sigilo. N\u00e3o eram, portanto, dados pessoais sens\u00edveis. O conhecimento desses dados \u201ccomuns\u201d por terceiro em nada violaria o direito de personalidade da autora.\n\nO vazamento de dados pessoais, a despeito de se tratar de falha indesej\u00e1vel no tratamento de dados de pessoa natural por pessoa jur\u00eddica, n\u00e3o tem o cond\u00e3o, por si s\u00f3, de gerar dano moral indeniz\u00e1vel.\nDesse modo, n\u00e3o se trata de dano moral presumido, sendo necess\u00e1rio, para que haja indeniza\u00e7\u00e3o, que o titular dos dados comprove qual foi o dano decorrente da exposi\u00e7\u00e3o dessas informa\u00e7\u00f5es.\n\nSTJ. 2\u00aa Turma. AREsp 2130619-SP, Rel. Min. Francisco Falc\u00e3o, julgado em 7\/3\/2023 (Informativo 766).<\/pre>\n\n\n\n<p><strong><em><strong><em><mark style=\"background-color:#fcb900\" class=\"has-inline-color\">Um alerta para n\u00e3o fazer confus\u00e3o.<\/mark><\/em><\/strong><\/em><\/strong><\/p>\n\n\n\n<p>Olha o que diz a LGPD:<\/p>\n\n\n\n<pre class=\"wp-block-preformatted\">Art. 5\u00ba Para os fins desta Lei, considera-se:\n\nI - dado pessoal: informa\u00e7\u00e3o relacionada a pessoa natural identificada ou identific\u00e1vel;\n\nII - dado pessoal sens\u00edvel: dado pessoal sobre origem racial ou \u00e9tnica, convic\u00e7\u00e3o religiosa, opini\u00e3o pol\u00edtica, filia\u00e7\u00e3o a sindicato ou a organiza\u00e7\u00e3o de car\u00e1ter religioso, filos\u00f3fico ou pol\u00edtico, dado referente \u00e0 sa\u00fade ou \u00e0 vida sexual, dado gen\u00e9tico ou biom\u00e9trico, quando vinculado a uma pessoa natural;\n\n(...)<\/pre>\n\n\n\n<p>A conclus\u00e3o seria diferente se estiv\u00e9ssemos diante de vazamento de dados sens\u00edveis, que dizem respeito \u00e0 intimidade da pessoa natural.<\/p>\n\n\n\n<p>Neste caso, poder\u00edamos falar em <strong><mark style=\"background-color:rgba(0, 0, 0, 0)\" class=\"has-inline-color has-vivid-cyan-blue-color\">dano moral presumido<\/mark><\/strong>.<\/p>\n\n\n\n<p>Portanto, n\u00e3o confunda:<\/p>\n\n\n\n<ul class=\"wp-block-list\">\n<li>o vazamento de dados pessoais <strong><mark style=\"background-color:#8ed1fc\" class=\"has-inline-color\">n\u00e3o gera<\/mark><\/strong> dano moral presumido;<\/li>\n\n\n\n<li>o vazamento de dados pessoais <span style=\"text-decoration: underline;\">sens\u00edveis<\/span> <strong><mark style=\"background-color:#8ed1fc\" class=\"has-inline-color\">gera<\/mark><\/strong> dano moral presumido.<\/li>\n<\/ul>\n\n\n\n<h2 class=\"wp-block-heading\" id=\"h-como-o-tema-ja-caiu-em-provas\"><span id=\"como-o-tema-ja-caiu-em-provas\">Como o tema j\u00e1 caiu em provas<\/span><\/h2>\n\n\n\n<pre class=\"wp-block-preformatted\"><strong>Prova:\u00a0FGV - 2024 - ENAM - 1\u00ba Exame Nacional da Magistratura<\/strong>\n\nUma sociedade empres\u00e1ria de telefonia sofreu ataque cibern\u00e9tico que levou ao vazamento dos dados pessoais de todos os seus usu\u00e1rios. Posteriormente, diversos usu\u00e1rios acionaram o Judici\u00e1rio, requerendo a condena\u00e7\u00e3o da sociedade empres\u00e1ria e o pagamento de danos morais, com base na alega\u00e7\u00e3o de que estavam sendo importunados com liga\u00e7\u00f5es de empresas de\u00a0telemarketing\u00a0ap\u00f3s o vazamento dos seus dados.\n\nDe acordo com o entendimento do Superior Tribunal de Justi\u00e7a quanto ao tema, analise as afirmativas a seguir.\n\nI. O vazamento de dados pessoais n\u00e3o tem o cond\u00e3o, por si s\u00f3, de gerar dano moral indeniz\u00e1vel, sendo necess\u00e1ria prova efetiva do dano ocorrido.\nII. O vazamento de dados pessoais gera para o prejudicado direito \u00e0 indeniza\u00e7\u00e3o, uma vez que o dano moral, em tais casos, \u00e9 presumido, podendo a empresa de telefonia fazer prova de que n\u00e3o houve preju\u00edzo ao titular dos dados expostos.\nIII. O vazamento de qualquer tipo de dado sem autoriza\u00e7\u00e3o do usu\u00e1rio configura viola\u00e7\u00e3o dos direitos \u00e0 intimidade e \u00e0 privacidade e enseja a condena\u00e7\u00e3o ao pagamento de danos morais.\n\nEst\u00e1 correto o que se afirma em\n\n<strong>Alternativas<\/strong>\n\nA) I, apenas.\nB) I e II, apenas.\u00a0\nC) I e III, apenas.\nD) II e III, apenas.\nE) I, II e III.\n\n<strong>Gabarito: A.<\/strong><\/pre>\n\n\n\n<hr class=\"wp-block-separator has-alpha-channel-opacity\"\/>\n\n\n\n<h2 class=\"wp-block-heading has-text-align-center\" id=\"h-quer-saber-quais-serao-os-proximos-concursos\"><span id=\"quer-saber-quais-serao-os-proximos-concursos\">Quer saber quais ser\u00e3o os pr\u00f3ximos concursos?<\/span><\/h2>\n\n\n\n<p class=\"has-text-align-center\">Confira nossos\u00a0<a href=\"https:\/\/cj.estrategia.com\/portal\/\" target=\"_blank\" >artigos para Carreiras Jur\u00eddicas<\/a>!<\/p>\n\n\n\n<p class=\"has-text-align-center has-white-color has-pale-cyan-blue-background-color has-text-color has-background has-link-color wp-elements-f3d5123bb0c8e11604d0c8c7f1ea8be8\"><a href=\"https:\/\/www.estrategiaconcursos.com.br\/blog\/concursos-abertos\/\" target=\"_blank\" >Confira os concursos p\u00fablicos abertos<\/a><\/p>\n\n\n\n<p class=\"has-text-align-center has-white-color has-pale-cyan-blue-background-color has-text-color has-background has-link-color wp-elements-94f2aad2f2b05ea3152ac5320a17d121\"><a href=\"https:\/\/cj.estrategia.com\/portal\/web-stories\/\" target=\"_blank\" >Concursos 2024<\/a><\/p>\n\n\n\n<p class=\"has-text-align-center has-white-color has-pale-cyan-blue-background-color has-text-color has-background has-link-color wp-elements-726d644a58045568574d2c1541b18807\"><a href=\"https:\/\/cj.estrategia.com\/portal\/concursos-2025-carreiras-juridicas\/\" target=\"_blank\" >Concursos 2025<\/a><\/p>\n","protected":false},"excerpt":{"rendered":"Imagine a seguinte situa\u00e7\u00e3o hipot\u00e9tica: Voc\u00ea est\u00e1 em casa quando recebe uma mensagem de um amigo dizendo que&hellip;\n","protected":false},"author":93,"featured_media":87879,"comment_status":"open","ping_status":"open","sticky":false,"template":"","format":"standard","meta":{"_jetpack_memberships_contains_paid_content":false,"footnotes":""},"categories":[1],"tags":[506,336,1662,449,1659,1661,1660,1658,198,202,1380],"tax_estado":[30,31,32,33,34,35,36,37,38,39,40,41,42,43,44,45,46,47,48,49,50,51,52,53,54,55,56,57],"class_list":{"0":"post-87858","1":"post","2":"type-post","3":"status-publish","4":"format-standard","5":"has-post-thumbnail","7":"category-carreiras-juridicas","8":"tag-ampla-defesa-e-contraditorio","9":"tag-analise-juridica","10":"tag-dano-moral-presumido","11":"tag-danos-morais","12":"tag-direito-a-privacidade","13":"tag-integridade-de-dados-pessoais","14":"tag-inviolabilidade-da-intimidade-e-da-vida-privada","15":"tag-lei-geral-de-protecao-de-dados-lgpd","16":"tag-liberdade-de-expressao","17":"tag-stj","18":"tag-transparencia","19":"tax_estado-ac","20":"tax_estado-al","21":"tax_estado-am","22":"tax_estado-ap","23":"tax_estado-ba","24":"tax_estado-ce","25":"tax_estado-concursos-federais","26":"tax_estado-df","27":"tax_estado-es","28":"tax_estado-go","29":"tax_estado-ma","30":"tax_estado-mg","31":"tax_estado-ms","32":"tax_estado-mt","33":"tax_estado-pa","34":"tax_estado-pb","35":"tax_estado-pe","36":"tax_estado-pi","37":"tax_estado-pr","38":"tax_estado-rj","39":"tax_estado-rn","40":"tax_estado-ro","41":"tax_estado-rr","42":"tax_estado-rs","43":"tax_estado-sc","44":"tax_estado-se","45":"tax_estado-sp","46":"tax_estado-to"},"acf":[],"yoast_head":"<!-- This site is optimized with the Yoast SEO Premium plugin v27.5 (Yoast SEO v27.5) - https:\/\/yoast.com\/product\/yoast-seo-premium-wordpress\/ -->\n<title>Vazamento de dados pessoais na TV Globo gera dano moral?<\/title>\n<meta name=\"description\" content=\"A exibi\u00e7\u00e3o de um passaporte em programa traz a oportunidade de ensinar a aplica\u00e7\u00e3o pr\u00e1tica da LGPD no contexto do entretenimento televisivo.\" \/>\n<meta name=\"robots\" content=\"index, follow, max-snippet:-1, max-image-preview:large, max-video-preview:-1\" \/>\n<link rel=\"canonical\" href=\"https:\/\/cj.estrategia.com\/portal\/vazamento-dados-pessoais-tv-globo\/\" \/>\n<meta property=\"og:locale\" content=\"pt_BR\" \/>\n<meta property=\"og:type\" content=\"article\" \/>\n<meta property=\"og:title\" content=\"Vazamento de dados pessoais na TV Globo gera dano moral?\" \/>\n<meta property=\"og:description\" content=\"A exibi\u00e7\u00e3o de um passaporte em programa traz a oportunidade de ensinar a aplica\u00e7\u00e3o pr\u00e1tica da LGPD no contexto do entretenimento televisivo.\" \/>\n<meta property=\"og:url\" content=\"https:\/\/cj.estrategia.com\/portal\/vazamento-dados-pessoais-tv-globo\/\" \/>\n<meta property=\"og:site_name\" content=\"Blog - Carreiras Jur\u00eddicas - Estrat\u00e9gia\" \/>\n<meta property=\"article:publisher\" content=\"https:\/\/www.facebook.com\/estrategiacarreirajuridica\/\" \/>\n<meta property=\"article:published_time\" content=\"2024-12-17T22:06:17+00:00\" \/>\n<meta property=\"article:modified_time\" content=\"2025-01-07T18:51:24+00:00\" \/>\n<meta property=\"og:image\" content=\"https:\/\/cj.estrategia.com\/portal\/wp-content\/uploads\/2024\/12\/17185627\/televisao-midia-lgpd-entretenimento-scaled.jpg\" \/>\n\t<meta property=\"og:image:width\" content=\"2560\" \/>\n\t<meta property=\"og:image:height\" content=\"1804\" \/>\n\t<meta property=\"og:image:type\" content=\"image\/jpeg\" \/>\n<meta name=\"author\" content=\"Felipe Duque\" \/>\n<meta name=\"twitter:card\" content=\"summary_large_image\" \/>\n<meta name=\"twitter:creator\" content=\"@https:\/\/x.com\/ProfessorDuque\" \/>\n<meta name=\"twitter:site\" content=\"@EstratJuridica\" \/>\n<meta name=\"twitter:label1\" content=\"Escrito por\" \/>\n\t<meta name=\"twitter:data1\" content=\"Felipe Duque\" \/>\n\t<meta name=\"twitter:label2\" content=\"Est. tempo de leitura\" \/>\n\t<meta name=\"twitter:data2\" content=\"5 minutos\" \/>\n<script type=\"application\/ld+json\" class=\"yoast-schema-graph\">{\"@context\":\"https:\\\/\\\/schema.org\",\"@graph\":[{\"@type\":\"NewsArticle\",\"@id\":\"https:\\\/\\\/cj.estrategia.com\\\/portal\\\/vazamento-dados-pessoais-tv-globo\\\/#article\",\"isPartOf\":{\"@id\":\"https:\\\/\\\/cj.estrategia.com\\\/portal\\\/vazamento-dados-pessoais-tv-globo\\\/\"},\"author\":{\"name\":\"Felipe Duque\",\"@id\":\"https:\\\/\\\/cj.estrategia.com\\\/portal\\\/#\\\/schema\\\/person\\\/b5b0253b269d7130d1f7770b1ba29285\"},\"headline\":\"Vazamento de dados pessoais na TV Globo gera dano moral?\",\"datePublished\":\"2024-12-17T22:06:17+00:00\",\"dateModified\":\"2025-01-07T18:51:24+00:00\",\"mainEntityOfPage\":{\"@id\":\"https:\\\/\\\/cj.estrategia.com\\\/portal\\\/vazamento-dados-pessoais-tv-globo\\\/\"},\"wordCount\":866,\"commentCount\":0,\"publisher\":{\"@id\":\"https:\\\/\\\/cj.estrategia.com\\\/portal\\\/#organization\"},\"image\":{\"@id\":\"https:\\\/\\\/cj.estrategia.com\\\/portal\\\/vazamento-dados-pessoais-tv-globo\\\/#primaryimage\"},\"thumbnailUrl\":\"https:\\\/\\\/cj.estrategia.com\\\/portal\\\/wp-content\\\/uploads\\\/2024\\\/12\\\/17185627\\\/televisao-midia-lgpd-entretenimento-scaled.jpg\",\"keywords\":[\"ampla defesa e contradit\u00f3rio\",\"an\u00e1lise jur\u00eddica\",\"dano moral presumido\",\"danos morais\",\"direito \u00e0 privacidade\",\"integridade de dados pessoais\",\"inviolabilidade da intimidade e da vida privada\",\"Lei Geral de Prote\u00e7\u00e3o de Dados (LGPD)\",\"liberdade de express\u00e3o\",\"STJ\",\"transpar\u00eancia\"],\"articleSection\":[\"Carreiras Jur\u00eddicas\"],\"inLanguage\":\"pt-BR\",\"potentialAction\":[{\"@type\":\"CommentAction\",\"name\":\"Comment\",\"target\":[\"https:\\\/\\\/cj.estrategia.com\\\/portal\\\/vazamento-dados-pessoais-tv-globo\\\/#respond\"]}]},{\"@type\":\"WebPage\",\"@id\":\"https:\\\/\\\/cj.estrategia.com\\\/portal\\\/vazamento-dados-pessoais-tv-globo\\\/\",\"url\":\"https:\\\/\\\/cj.estrategia.com\\\/portal\\\/vazamento-dados-pessoais-tv-globo\\\/\",\"name\":\"Vazamento de dados pessoais na TV Globo gera dano moral?\",\"isPartOf\":{\"@id\":\"https:\\\/\\\/cj.estrategia.com\\\/portal\\\/#website\"},\"primaryImageOfPage\":{\"@id\":\"https:\\\/\\\/cj.estrategia.com\\\/portal\\\/vazamento-dados-pessoais-tv-globo\\\/#primaryimage\"},\"image\":{\"@id\":\"https:\\\/\\\/cj.estrategia.com\\\/portal\\\/vazamento-dados-pessoais-tv-globo\\\/#primaryimage\"},\"thumbnailUrl\":\"https:\\\/\\\/cj.estrategia.com\\\/portal\\\/wp-content\\\/uploads\\\/2024\\\/12\\\/17185627\\\/televisao-midia-lgpd-entretenimento-scaled.jpg\",\"datePublished\":\"2024-12-17T22:06:17+00:00\",\"dateModified\":\"2025-01-07T18:51:24+00:00\",\"description\":\"A exibi\u00e7\u00e3o de um passaporte em programa traz a oportunidade de ensinar a aplica\u00e7\u00e3o pr\u00e1tica da LGPD no contexto do entretenimento televisivo.\",\"breadcrumb\":{\"@id\":\"https:\\\/\\\/cj.estrategia.com\\\/portal\\\/vazamento-dados-pessoais-tv-globo\\\/#breadcrumb\"},\"inLanguage\":\"pt-BR\",\"potentialAction\":[{\"@type\":\"ReadAction\",\"target\":[\"https:\\\/\\\/cj.estrategia.com\\\/portal\\\/vazamento-dados-pessoais-tv-globo\\\/\"]}]},{\"@type\":\"ImageObject\",\"inLanguage\":\"pt-BR\",\"@id\":\"https:\\\/\\\/cj.estrategia.com\\\/portal\\\/vazamento-dados-pessoais-tv-globo\\\/#primaryimage\",\"url\":\"https:\\\/\\\/cj.estrategia.com\\\/portal\\\/wp-content\\\/uploads\\\/2024\\\/12\\\/17185627\\\/televisao-midia-lgpd-entretenimento-scaled.jpg\",\"contentUrl\":\"https:\\\/\\\/cj.estrategia.com\\\/portal\\\/wp-content\\\/uploads\\\/2024\\\/12\\\/17185627\\\/televisao-midia-lgpd-entretenimento-scaled.jpg\",\"width\":2560,\"height\":1804},{\"@type\":\"BreadcrumbList\",\"@id\":\"https:\\\/\\\/cj.estrategia.com\\\/portal\\\/vazamento-dados-pessoais-tv-globo\\\/#breadcrumb\",\"itemListElement\":[{\"@type\":\"ListItem\",\"position\":1,\"name\":\"In\u00edcio\",\"item\":\"https:\\\/\\\/cj.estrategia.com\\\/portal\\\/\"},{\"@type\":\"ListItem\",\"position\":2,\"name\":\"Vazamento de dados pessoais na TV Globo gera dano moral?\"}]},{\"@type\":\"WebSite\",\"@id\":\"https:\\\/\\\/cj.estrategia.com\\\/portal\\\/#website\",\"url\":\"https:\\\/\\\/cj.estrategia.com\\\/portal\\\/\",\"name\":\"Blog - Carreiras Jur\u00eddicas - Estrat\u00e9gia\",\"description\":\"\",\"publisher\":{\"@id\":\"https:\\\/\\\/cj.estrategia.com\\\/portal\\\/#organization\"},\"potentialAction\":[{\"@type\":\"SearchAction\",\"target\":{\"@type\":\"EntryPoint\",\"urlTemplate\":\"https:\\\/\\\/cj.estrategia.com\\\/portal\\\/?s={search_term_string}\"},\"query-input\":{\"@type\":\"PropertyValueSpecification\",\"valueRequired\":true,\"valueName\":\"search_term_string\"}}],\"inLanguage\":\"pt-BR\"},{\"@type\":\"Organization\",\"@id\":\"https:\\\/\\\/cj.estrategia.com\\\/portal\\\/#organization\",\"name\":\"Estrat\u00e9gia - Carreiras Jur\u00eddicas\",\"url\":\"https:\\\/\\\/cj.estrategia.com\\\/portal\\\/\",\"logo\":{\"@type\":\"ImageObject\",\"inLanguage\":\"pt-BR\",\"@id\":\"https:\\\/\\\/cj.estrategia.com\\\/portal\\\/#\\\/schema\\\/logo\\\/image\\\/\",\"url\":\"https:\\\/\\\/cj.estrategia.com\\\/portal\\\/wp-content\\\/uploads\\\/2022\\\/03\\\/11151052\\\/cj-logo.png\",\"contentUrl\":\"https:\\\/\\\/cj.estrategia.com\\\/portal\\\/wp-content\\\/uploads\\\/2022\\\/03\\\/11151052\\\/cj-logo.png\",\"width\":150,\"height\":39,\"caption\":\"Estrat\u00e9gia - Carreiras Jur\u00eddicas\"},\"image\":{\"@id\":\"https:\\\/\\\/cj.estrategia.com\\\/portal\\\/#\\\/schema\\\/logo\\\/image\\\/\"},\"sameAs\":[\"https:\\\/\\\/www.facebook.com\\\/estrategiacarreirajuridica\\\/\",\"https:\\\/\\\/x.com\\\/EstratJuridica\",\"https:\\\/\\\/www.instagram.com\\\/estrategiacarreirajuridica\\\/\",\"https:\\\/\\\/www.youtube.com\\\/channel\\\/UClbMGuYbj2Mh1m3w144ETWQ\"]},{\"@type\":\"Person\",\"@id\":\"https:\\\/\\\/cj.estrategia.com\\\/portal\\\/#\\\/schema\\\/person\\\/b5b0253b269d7130d1f7770b1ba29285\",\"name\":\"Felipe Duque\",\"image\":{\"@type\":\"ImageObject\",\"inLanguage\":\"pt-BR\",\"@id\":\"https:\\\/\\\/cj.estrategia.com\\\/portal\\\/wp-content\\\/uploads\\\/2024\\\/08\\\/06162009\\\/Captura-de-Tela-2024-08-06-as-16.19.26-96x96.png\",\"url\":\"https:\\\/\\\/cj.estrategia.com\\\/portal\\\/wp-content\\\/uploads\\\/2024\\\/08\\\/06162009\\\/Captura-de-Tela-2024-08-06-as-16.19.26-96x96.png\",\"contentUrl\":\"https:\\\/\\\/cj.estrategia.com\\\/portal\\\/wp-content\\\/uploads\\\/2024\\\/08\\\/06162009\\\/Captura-de-Tela-2024-08-06-as-16.19.26-96x96.png\",\"caption\":\"Felipe Duque\"},\"description\":\"Felipe Duque - Mestre em Direito Pol\u00edtico e Econ\u00f4mico na Mackenzie-SP. Graduado em Direito pela Universidade Cat\u00f3lica de Pernambuco, com conclus\u00e3o pelo regime de Aproveitamento Extraordin\u00e1rio nos Estudos (art. 47, \u00a7 2\u00ba, da Lei n\u00ba 9.394\\\/96). Ex-Assessor de Desembargador no TJPE. Procurador da Fazenda Nacional. Integra voluntariamente a Coordena\u00e7\u00e3o de Assuntos Estrat\u00e9gicos Judiciais da PGFN. Professor do Estrat\u00e9gia Carreira Jur\u00eddica, Estrat\u00e9gia OAB e Buscador Dizer o Direito. Autor do livro \u201cReforma Tribut\u00e1ria Comentada e Esquematizada\u201d, \\\"Manual de Processo Tribut\u00e1rio: Administrativo e Judicial\\\" pela editora Juspodivm Parecerista na Revista de Estudos Jur\u00eddicos do Superior Tribunal de Justi\u00e7a (REJuriSTJ)\",\"sameAs\":[\"http:\\\/\\\/lattes.cnpq.br\\\/5755137268084324\",\"https:\\\/\\\/www.instagram.com\\\/felipe_duque\\\/\",\"https:\\\/\\\/br.linkedin.com\\\/in\\\/felipe-duque-56954638\",\"https:\\\/\\\/x.com\\\/https:\\\/\\\/x.com\\\/ProfessorDuque\",\"https:\\\/\\\/www.youtube.com\\\/@felipeduque-experienciasco5797\"],\"url\":\"https:\\\/\\\/cj.estrategia.com\\\/portal\\\/author\\\/felipe-duque\\\/\"}]}<\/script>\n<!-- \/ Yoast SEO Premium plugin. -->","yoast_head_json":{"title":"Vazamento de dados pessoais na TV Globo gera dano moral?","description":"A exibi\u00e7\u00e3o de um passaporte em programa traz a oportunidade de ensinar a aplica\u00e7\u00e3o pr\u00e1tica da LGPD no contexto do entretenimento televisivo.","robots":{"index":"index","follow":"follow","max-snippet":"max-snippet:-1","max-image-preview":"max-image-preview:large","max-video-preview":"max-video-preview:-1"},"canonical":"https:\/\/cj.estrategia.com\/portal\/vazamento-dados-pessoais-tv-globo\/","og_locale":"pt_BR","og_type":"article","og_title":"Vazamento de dados pessoais na TV Globo gera dano moral?","og_description":"A exibi\u00e7\u00e3o de um passaporte em programa traz a oportunidade de ensinar a aplica\u00e7\u00e3o pr\u00e1tica da LGPD no contexto do entretenimento televisivo.","og_url":"https:\/\/cj.estrategia.com\/portal\/vazamento-dados-pessoais-tv-globo\/","og_site_name":"Blog - Carreiras Jur\u00eddicas - Estrat\u00e9gia","article_publisher":"https:\/\/www.facebook.com\/estrategiacarreirajuridica\/","article_published_time":"2024-12-17T22:06:17+00:00","article_modified_time":"2025-01-07T18:51:24+00:00","og_image":[{"width":2560,"height":1804,"url":"https:\/\/cj.estrategia.com\/portal\/wp-content\/uploads\/2024\/12\/17185627\/televisao-midia-lgpd-entretenimento-scaled.jpg","type":"image\/jpeg"}],"author":"Felipe Duque","twitter_card":"summary_large_image","twitter_creator":"@https:\/\/x.com\/ProfessorDuque","twitter_site":"@EstratJuridica","twitter_misc":{"Escrito por":"Felipe Duque","Est. tempo de leitura":"5 minutos"},"schema":{"@context":"https:\/\/schema.org","@graph":[{"@type":"NewsArticle","@id":"https:\/\/cj.estrategia.com\/portal\/vazamento-dados-pessoais-tv-globo\/#article","isPartOf":{"@id":"https:\/\/cj.estrategia.com\/portal\/vazamento-dados-pessoais-tv-globo\/"},"author":{"name":"Felipe Duque","@id":"https:\/\/cj.estrategia.com\/portal\/#\/schema\/person\/b5b0253b269d7130d1f7770b1ba29285"},"headline":"Vazamento de dados pessoais na TV Globo gera dano moral?","datePublished":"2024-12-17T22:06:17+00:00","dateModified":"2025-01-07T18:51:24+00:00","mainEntityOfPage":{"@id":"https:\/\/cj.estrategia.com\/portal\/vazamento-dados-pessoais-tv-globo\/"},"wordCount":866,"commentCount":0,"publisher":{"@id":"https:\/\/cj.estrategia.com\/portal\/#organization"},"image":{"@id":"https:\/\/cj.estrategia.com\/portal\/vazamento-dados-pessoais-tv-globo\/#primaryimage"},"thumbnailUrl":"https:\/\/cj.estrategia.com\/portal\/wp-content\/uploads\/2024\/12\/17185627\/televisao-midia-lgpd-entretenimento-scaled.jpg","keywords":["ampla defesa e contradit\u00f3rio","an\u00e1lise jur\u00eddica","dano moral presumido","danos morais","direito \u00e0 privacidade","integridade de dados pessoais","inviolabilidade da intimidade e da vida privada","Lei Geral de Prote\u00e7\u00e3o de Dados (LGPD)","liberdade de express\u00e3o","STJ","transpar\u00eancia"],"articleSection":["Carreiras Jur\u00eddicas"],"inLanguage":"pt-BR","potentialAction":[{"@type":"CommentAction","name":"Comment","target":["https:\/\/cj.estrategia.com\/portal\/vazamento-dados-pessoais-tv-globo\/#respond"]}]},{"@type":"WebPage","@id":"https:\/\/cj.estrategia.com\/portal\/vazamento-dados-pessoais-tv-globo\/","url":"https:\/\/cj.estrategia.com\/portal\/vazamento-dados-pessoais-tv-globo\/","name":"Vazamento de dados pessoais na TV Globo gera dano moral?","isPartOf":{"@id":"https:\/\/cj.estrategia.com\/portal\/#website"},"primaryImageOfPage":{"@id":"https:\/\/cj.estrategia.com\/portal\/vazamento-dados-pessoais-tv-globo\/#primaryimage"},"image":{"@id":"https:\/\/cj.estrategia.com\/portal\/vazamento-dados-pessoais-tv-globo\/#primaryimage"},"thumbnailUrl":"https:\/\/cj.estrategia.com\/portal\/wp-content\/uploads\/2024\/12\/17185627\/televisao-midia-lgpd-entretenimento-scaled.jpg","datePublished":"2024-12-17T22:06:17+00:00","dateModified":"2025-01-07T18:51:24+00:00","description":"A exibi\u00e7\u00e3o de um passaporte em programa traz a oportunidade de ensinar a aplica\u00e7\u00e3o pr\u00e1tica da LGPD no contexto do entretenimento televisivo.","breadcrumb":{"@id":"https:\/\/cj.estrategia.com\/portal\/vazamento-dados-pessoais-tv-globo\/#breadcrumb"},"inLanguage":"pt-BR","potentialAction":[{"@type":"ReadAction","target":["https:\/\/cj.estrategia.com\/portal\/vazamento-dados-pessoais-tv-globo\/"]}]},{"@type":"ImageObject","inLanguage":"pt-BR","@id":"https:\/\/cj.estrategia.com\/portal\/vazamento-dados-pessoais-tv-globo\/#primaryimage","url":"https:\/\/cj.estrategia.com\/portal\/wp-content\/uploads\/2024\/12\/17185627\/televisao-midia-lgpd-entretenimento-scaled.jpg","contentUrl":"https:\/\/cj.estrategia.com\/portal\/wp-content\/uploads\/2024\/12\/17185627\/televisao-midia-lgpd-entretenimento-scaled.jpg","width":2560,"height":1804},{"@type":"BreadcrumbList","@id":"https:\/\/cj.estrategia.com\/portal\/vazamento-dados-pessoais-tv-globo\/#breadcrumb","itemListElement":[{"@type":"ListItem","position":1,"name":"In\u00edcio","item":"https:\/\/cj.estrategia.com\/portal\/"},{"@type":"ListItem","position":2,"name":"Vazamento de dados pessoais na TV Globo gera dano moral?"}]},{"@type":"WebSite","@id":"https:\/\/cj.estrategia.com\/portal\/#website","url":"https:\/\/cj.estrategia.com\/portal\/","name":"Blog - Carreiras Jur\u00eddicas - Estrat\u00e9gia","description":"","publisher":{"@id":"https:\/\/cj.estrategia.com\/portal\/#organization"},"potentialAction":[{"@type":"SearchAction","target":{"@type":"EntryPoint","urlTemplate":"https:\/\/cj.estrategia.com\/portal\/?s={search_term_string}"},"query-input":{"@type":"PropertyValueSpecification","valueRequired":true,"valueName":"search_term_string"}}],"inLanguage":"pt-BR"},{"@type":"Organization","@id":"https:\/\/cj.estrategia.com\/portal\/#organization","name":"Estrat\u00e9gia - Carreiras Jur\u00eddicas","url":"https:\/\/cj.estrategia.com\/portal\/","logo":{"@type":"ImageObject","inLanguage":"pt-BR","@id":"https:\/\/cj.estrategia.com\/portal\/#\/schema\/logo\/image\/","url":"https:\/\/cj.estrategia.com\/portal\/wp-content\/uploads\/2022\/03\/11151052\/cj-logo.png","contentUrl":"https:\/\/cj.estrategia.com\/portal\/wp-content\/uploads\/2022\/03\/11151052\/cj-logo.png","width":150,"height":39,"caption":"Estrat\u00e9gia - Carreiras Jur\u00eddicas"},"image":{"@id":"https:\/\/cj.estrategia.com\/portal\/#\/schema\/logo\/image\/"},"sameAs":["https:\/\/www.facebook.com\/estrategiacarreirajuridica\/","https:\/\/x.com\/EstratJuridica","https:\/\/www.instagram.com\/estrategiacarreirajuridica\/","https:\/\/www.youtube.com\/channel\/UClbMGuYbj2Mh1m3w144ETWQ"]},{"@type":"Person","@id":"https:\/\/cj.estrategia.com\/portal\/#\/schema\/person\/b5b0253b269d7130d1f7770b1ba29285","name":"Felipe Duque","image":{"@type":"ImageObject","inLanguage":"pt-BR","@id":"https:\/\/cj.estrategia.com\/portal\/wp-content\/uploads\/2024\/08\/06162009\/Captura-de-Tela-2024-08-06-as-16.19.26-96x96.png","url":"https:\/\/cj.estrategia.com\/portal\/wp-content\/uploads\/2024\/08\/06162009\/Captura-de-Tela-2024-08-06-as-16.19.26-96x96.png","contentUrl":"https:\/\/cj.estrategia.com\/portal\/wp-content\/uploads\/2024\/08\/06162009\/Captura-de-Tela-2024-08-06-as-16.19.26-96x96.png","caption":"Felipe Duque"},"description":"Felipe Duque - Mestre em Direito Pol\u00edtico e Econ\u00f4mico na Mackenzie-SP. Graduado em Direito pela Universidade Cat\u00f3lica de Pernambuco, com conclus\u00e3o pelo regime de Aproveitamento Extraordin\u00e1rio nos Estudos (art. 47, \u00a7 2\u00ba, da Lei n\u00ba 9.394\/96). Ex-Assessor de Desembargador no TJPE. Procurador da Fazenda Nacional. Integra voluntariamente a Coordena\u00e7\u00e3o de Assuntos Estrat\u00e9gicos Judiciais da PGFN. Professor do Estrat\u00e9gia Carreira Jur\u00eddica, Estrat\u00e9gia OAB e Buscador Dizer o Direito. Autor do livro \u201cReforma Tribut\u00e1ria Comentada e Esquematizada\u201d, \"Manual de Processo Tribut\u00e1rio: Administrativo e Judicial\" pela editora Juspodivm Parecerista na Revista de Estudos Jur\u00eddicos do Superior Tribunal de Justi\u00e7a (REJuriSTJ)","sameAs":["http:\/\/lattes.cnpq.br\/5755137268084324","https:\/\/www.instagram.com\/felipe_duque\/","https:\/\/br.linkedin.com\/in\/felipe-duque-56954638","https:\/\/x.com\/https:\/\/x.com\/ProfessorDuque","https:\/\/www.youtube.com\/@felipeduque-experienciasco5797"],"url":"https:\/\/cj.estrategia.com\/portal\/author\/felipe-duque\/"}]}},"jetpack_featured_media_url":"https:\/\/cj.estrategia.com\/portal\/wp-content\/uploads\/2024\/12\/17185627\/televisao-midia-lgpd-entretenimento-scaled.jpg","jetpack_sharing_enabled":true,"_links":{"self":[{"href":"https:\/\/cj.estrategia.com\/portal\/wp-json\/wp\/v2\/posts\/87858","targetHints":{"allow":["GET"]}}],"collection":[{"href":"https:\/\/cj.estrategia.com\/portal\/wp-json\/wp\/v2\/posts"}],"about":[{"href":"https:\/\/cj.estrategia.com\/portal\/wp-json\/wp\/v2\/types\/post"}],"author":[{"embeddable":true,"href":"https:\/\/cj.estrategia.com\/portal\/wp-json\/wp\/v2\/users\/93"}],"replies":[{"embeddable":true,"href":"https:\/\/cj.estrategia.com\/portal\/wp-json\/wp\/v2\/comments?post=87858"}],"version-history":[{"count":0,"href":"https:\/\/cj.estrategia.com\/portal\/wp-json\/wp\/v2\/posts\/87858\/revisions"}],"wp:featuredmedia":[{"embeddable":true,"href":"https:\/\/cj.estrategia.com\/portal\/wp-json\/wp\/v2\/media\/87879"}],"wp:attachment":[{"href":"https:\/\/cj.estrategia.com\/portal\/wp-json\/wp\/v2\/media?parent=87858"}],"wp:term":[{"taxonomy":"category","embeddable":true,"href":"https:\/\/cj.estrategia.com\/portal\/wp-json\/wp\/v2\/categories?post=87858"},{"taxonomy":"post_tag","embeddable":true,"href":"https:\/\/cj.estrategia.com\/portal\/wp-json\/wp\/v2\/tags?post=87858"},{"taxonomy":"tax_estado","embeddable":true,"href":"https:\/\/cj.estrategia.com\/portal\/wp-json\/wp\/v2\/tax_estado?post=87858"}],"curies":[{"name":"wp","href":"https:\/\/api.w.org\/{rel}","templated":true}]}}