{"id":871,"date":"2026-04-28T08:09:00","date_gmt":"2026-04-28T11:09:00","guid":{"rendered":"https:\/\/cj.estrategia.com\/portal\/?p=871"},"modified":"2026-04-28T08:23:22","modified_gmt":"2026-04-28T11:23:22","slug":"concurso-magistratura-rj","status":"publish","type":"post","link":"https:\/\/cj.estrategia.com\/portal\/concurso-magistratura-rj\/","title":{"rendered":"Concurso Magistratura RJ: 2\u00aa fase ser\u00e1 realizada em julho"},"content":{"rendered":"<a id=\"cta-icon\" href=\"https:\/\/www.redirectmais.com\/wpp\/juiz-tj-rj-grupo\" target=\"blank\" style=\"background:rgb(41,166,26)\">\n            <img decoding=\"async\" src=\"https:\/\/cj.estrategia.com\/portal\/wp-content\/uploads\/2023\/12\/07160657\/whatsapp_1385.webp\" alt=\"\" alt=\"whatsapp_1385\"><span > Acesse agora o Grupo de Estudos para o concurso Magistratura RJ<\/span><\/a>\n\n\n\n<p>As<strong> provas da 2\u00aa fase <\/strong>do concurso Magistratura RJ est\u00e3o com as datas definidas. De acordo com o portal do CNJ (Conselho Nacional de Justi\u00e7a), os exames ser\u00e3o realizados nos dias <strong>12 e 13 de julho de 2026. <\/strong><\/p>\n\n\n\n<p> A sele\u00e7\u00e3o visa <strong>formar cadastro de reserva para o cargo de Juiz Substituto<\/strong>. O subs\u00eddio inicial da carreira \u00e9 de <strong>R$ 35.877,28<\/strong>. Confira tosos os detalhes no artigo!<\/p>\n\n\n\n<ul class=\"wp-block-list has-very-light-gray-to-cyan-bluish-gray-gradient-background has-background\">\n<li><strong>Concurso Magistratura RJ<\/strong> <\/li>\n\n\n\n<li><strong>Status: <\/strong>prova discursiva em julho<\/li>\n\n\n\n<li><strong>Banca:<\/strong> <a href=\"https:\/\/www.vunesp.com.br\/TJRJ2503\" target=\"_blank\" >VUNESP<\/a><\/li>\n\n\n\n<li><strong>Vagas: <\/strong>CR<\/li>\n\n\n\n<li><strong>Sal\u00e1rio inicial:<\/strong> R$ 35.877,28<\/li>\n<\/ul>\n\n\n\n<div class=\"container\" id=\"boxes\">\n  <div class=\"row\">\n\n    <div class=\"col-sm\">\n      <div class=\"banner-ecj-magistratura\" id=\"box-assinatura\">\n        <h2 id=\"cursos-para-concurso-magistratura-rj\" class=\"titulo-assinatura\"><span style=\"color: #ffffff; font-size: 23px; \">Cursos para Concurso Magistratura RJ<\/span><\/h2>\n        <p class=\"subtitulo-assinatura\">Cursos focados no edital!<\/p>\n        <div class=\"box-botao\">\n          <a class=\"btn-assinatura-juridica\" target=\"_blank\" href=\"https:\/\/cj.estrategia.com\/concurso\/tj-rj\" role=\"button\" rel=\"noopener noreferrer\">CLIQUE AQUI<\/a>\n        <\/div>\n      <\/div>\n      <p class=\"texto-auxiliar\">Prepare-se com o melhor material e com quem mais aprova em concursos em todo o pa\u00eds. \n<\/p>\n    <\/div>\n\n  <\/div>\n<\/div>\n\n\n\n<div class=\"wp-block-yoast-seo-table-of-contents yoast-table-of-contents\"><ul><li><a href=\"#situacao-atual-pgm\" data-level=\"2\">51\u00ba Concurso Magistratura RJ: situa\u00e7\u00e3o atual<\/a><ul><li><a href=\"#h-qual-e-o-cronograma-datas-retificadas\" data-level=\"3\">Qual \u00e9 o cronograma (datas retificadas)?<\/a><\/li><li><a href=\"#h-documentos-importantes\" data-level=\"3\">Documentos importantes:<\/a><\/li><\/ul><\/li><li><a href=\"#situacao-atual-pgm\" data-level=\"2\">Como \u00e9 a carreira na Magistratura RJ?<\/a><ul><li><a href=\"#h-quanto-recebe-um-juiz-do-tj-rj\" data-level=\"3\">Quanto recebe um Juiz do TJ RJ?<\/a><\/li><li><a href=\"#h-quais-os-requisitos-do-cargo\" data-level=\"3\">Quais os requisitos do cargo?<\/a><\/li><\/ul><\/li><li><a href=\"#h-51\u00ba-concurso-magistratura-rj-quais-as-etapas\" data-level=\"2\">51\u00ba Concurso Magistratura RJ: quais as etapas?<\/a><ul><li><a href=\"#h-prova-escrita-objetiva\" data-level=\"3\">Prova Escrita Objetiva<\/a><\/li><li><a href=\"#h-provas-escritas-discursivas\" data-level=\"3\">Provas Escritas Discursivas<\/a><\/li><li><a href=\"#h-inscricao-definitiva-sindicancia-e-exames\" data-level=\"3\">Inscri\u00e7\u00e3o Definitiva, Sindic\u00e2ncia e Exames<\/a><\/li><li><a href=\"#h-prova-oral\" data-level=\"3\">Prova Oral<\/a><\/li><li><a href=\"#h-avaliacao-de-titulos\" data-level=\"3\">Avalia\u00e7\u00e3o de T\u00edtulos<\/a><\/li><\/ul><\/li><li><a href=\"#h-50\u00ba-concurso-magistratura-rj-como-foi-o-ultimo-certame\" data-level=\"2\">50\u00ba Concurso Magistratura RJ: como foi o \u00faltimo certame?<\/a><ul><li><a href=\"#h-provas-comentadas\" data-level=\"3\">Provas comentadas<\/a><\/li><\/ul><\/li><\/ul><\/div>\n\n\n\n<h2 class=\"wp-block-heading\" id=\"situacao-atual-pgm\"><span id=\"51o-concurso-magistratura-rj-situacao-atual\">51\u00ba Concurso Magistratura RJ: situa\u00e7\u00e3o atual<\/span><\/h2>\n\n\n\n<h3 class=\"wp-block-heading\" id=\"h-qual-e-o-cronograma-datas-retificadas\"><span id=\"qual-e-o-cronograma-datas-retificadas\">Qual \u00e9 o cronograma (datas retificadas)?<\/span><\/h3>\n\n\n\n<ul class=\"wp-block-list has-very-light-gray-to-cyan-bluish-gray-gradient-background has-background\">\n<li><strong>Inscri\u00e7\u00f5es:<\/strong> <s>08\/12\/2025 a 08\/01\/2026<\/s><\/li>\n\n\n\n<li><strong>Isen\u00e7\u00e3o de taxa:<\/strong> <s>08\/12\/2025 a 09\/12\/2025<\/s><\/li>\n\n\n\n<li><strong>Data da prova objetiva:<\/strong> <s>15\/03\/2026<\/s><\/li>\n\n\n\n<li><strong>Prova Discursiva: <\/strong>12 e 13\/07\/2026<\/li>\n<\/ul>\n\n\n\n<h3 class=\"wp-block-heading\" id=\"h-documentos-importantes\"><span id=\"documentos-importantes\">Documentos importantes:<\/span><\/h3>\n\n\n\n<ul class=\"wp-block-list\">\n<li><a href=\"https:\/\/cj.estrategia.com\/portal\/wp-content\/uploads\/2026\/04\/10160029\/Edital_09-2026_Prova_Objetiva_CANDIDATOS_HABILITADOS_A_PROVA_DISCURSIVA_POR_VAGA_AMPLA_NEGROS_INDIGENAS_OU_QUILOMBOLAS_PCD_E_HIPOSSUFICIENTES.pdf\" target=\"_blank\" >Resultado final da prova objetiva<\/a>;<\/li>\n\n\n\n<li><a href=\"https:\/\/cj.estrategia.com\/portal\/wp-content\/uploads\/2026\/04\/10145706\/gabaritos-magistratura-rj-mesclado.pdf\" target=\"_blank\" >Gabaritos da prova objetiva<\/a>;<\/li>\n\n\n\n<li><a href=\"https:\/\/cj.estrategia.com\/portal\/wp-content\/uploads\/2026\/04\/08135658\/20260408ADMDJETJRJ.pdf\" target=\"_blank\" >Sess\u00e3o p\u00fablica para resultado dos recursos da objetiva<\/a>;<\/li>\n\n\n\n<li><a href=\"https:\/\/cj.estrategia.com\/portal\/wp-content\/uploads\/2025\/11\/25194435\/Edital_n_01-2025_RETIFICACAO-EDITAL-DO-ABERTURA-PERIODO-DE-INSCRICOES.pdf\" target=\"_blank\" >Retifica\u00e7\u00e3o referente \u00e0s datas de inscri\u00e7\u00e3o<\/a>.<\/li>\n<\/ul>\n\n\n\n<h2 class=\"wp-block-heading\" id=\"situacao-atual-pgm\"><span id=\"como-e-a-carreira-na-magistratura-rj\">Como \u00e9 a carreira na Magistratura RJ?<\/span><\/h2>\n\n\n\n<h3 class=\"wp-block-heading\" id=\"h-quanto-recebe-um-juiz-do-tj-rj\"><span id=\"quanto-recebe-um-juiz-do-tj-rj\">Quanto recebe um Juiz do TJ RJ?<\/span><\/h3>\n\n\n\n<p>Confira a estrutura remunerat\u00f3ria da Magistratura no Tribunal de Justi\u00e7a do Rio de Janeiro (TJ RJ):<\/p>\n\n\n\n<figure class=\"wp-block-table is-style-stripes\"><table class=\"has-luminous-vivid-amber-background-color has-background\"><thead><tr><th class=\"has-text-align-center\" data-align=\"center\"><strong>Membros da Magistratura<\/strong><\/th><th class=\"has-text-align-center\" data-align=\"center\"><strong>Subs\u00eddio (R$)<\/strong><\/th><\/tr><\/thead><tbody><tr><td class=\"has-text-align-center\" data-align=\"center\">Desembargador<\/td><td class=\"has-text-align-center\" data-align=\"center\">R$ 41.845,49<\/td><\/tr><tr><td class=\"has-text-align-center\" data-align=\"center\">Juiz de Direito de 2\u00aa Entr\u00e2ncia<\/td><td class=\"has-text-align-center\" data-align=\"center\">R$ 39.753,22<\/td><\/tr><tr><td class=\"has-text-align-center\" data-align=\"center\">Juiz de Direito de 1\u00aa Entr\u00e2ncia<\/td><td class=\"has-text-align-center\" data-align=\"center\">R$ 37.765,56<\/td><\/tr><tr><td class=\"has-text-align-center\" data-align=\"center\">Juiz Substituto<\/td><td class=\"has-text-align-center\" data-align=\"center\">R$ 35.877,28<\/td><\/tr><\/tbody><\/table><\/figure>\n\n\n\n<h3 class=\"wp-block-heading\" id=\"h-quais-os-requisitos-do-cargo\"><span id=\"quais-os-requisitos-do-cargo\">Quais os requisitos do cargo?<\/span><\/h3>\n\n\n\n<p>Os requisitos b\u00e1sicos para ingresso na Magistratura s\u00e3o:<\/p>\n\n\n\n<ol class=\"wp-block-list\">\n<li>Ser bacharel em Direito h\u00e1, no m\u00ednimo, 3 anos, com diploma registrado pelo MEC.<\/li>\n\n\n\n<li>Comprovar 3 anos de atividade jur\u00eddica at\u00e9 a inscri\u00e7\u00e3o definitiva, conforme art. 93, I da CF e Resolu\u00e7\u00e3o 75\/2009 do CNJ.<\/li>\n\n\n\n<li>Certificado do ENAM.<\/li>\n<\/ol>\n\n\n\n<p><em>Acesse o nosso guia completo sobre <a href=\"https:\/\/cj.estrategia.com\/portal\/atividade-juridica\/\" target=\"_blank\" >atividade jur\u00eddica<\/a> em concursos p\u00fablicos.<\/em><\/p>\n\n\n\n<h2 class=\"wp-block-heading\" id=\"h-51\u00ba-concurso-magistratura-rj-quais-as-etapas\"><span id=\"51o-concurso-magistratura-rj-quais-as-etapas\">51\u00ba Concurso Magistratura RJ: quais as etapas?<\/span><\/h2>\n\n\n\n<p>As etapas do LI Concurso da Magistratura TJ RJ ser\u00e3o:<\/p>\n\n\n\n<ol class=\"wp-block-list\">\n<li><strong>Prova Escrita Objetiva<\/strong><\/li>\n\n\n\n<li><strong>Provas Escritas Discursivas (quest\u00f5es + pe\u00e7a pr\u00e1tica)<\/strong><\/li>\n\n\n\n<li><strong>Inscri\u00e7\u00e3o Definitiva, Sindic\u00e2ncia da Vida Pregressa e Exames de Sanidade F\u00edsica e Mental<\/strong><\/li>\n\n\n\n<li><strong>Prova Oral<\/strong><\/li>\n\n\n\n<li><strong>Avalia\u00e7\u00e3o de T\u00edtulos<\/strong><\/li>\n<\/ol>\n\n\n\n<h3 class=\"wp-block-heading\" id=\"h-prova-escrita-objetiva\"><span id=\"prova-escrita-objetiva\">Prova Escrita Objetiva<\/span><\/h3>\n\n\n\n<p>A primeira etapa consistiu na prova objetiva, voltada a aferir o dom\u00ednio do conte\u00fado jur\u00eddico essencial ao exerc\u00edcio da magistratura. \u00c9 eliminat\u00f3ria e classificat\u00f3ria, funcionando como triagem inicial dos candidatos com desempenho m\u00ednimo exigido pela banca.<\/p>\n\n\n\n<ul class=\"wp-block-list\">\n<li><strong>80 quest\u00f5es objetivas<\/strong>, valendo&nbsp;<strong>0,125<\/strong>&nbsp;cada.<\/li>\n\n\n\n<li><strong>Eliminat\u00f3ria e classificat\u00f3ria<\/strong>.<\/li>\n\n\n\n<li><strong>Tr\u00eas blocos<\/strong>:<\/li>\n\n\n\n<li><strong>Bloco I:<\/strong>&nbsp;Civil, Processo Civil, Organiza\u00e7\u00e3o Judici\u00e1ria, Consumidor, Crian\u00e7a e Adolescente.<\/li>\n\n\n\n<li><strong>Bloco II:<\/strong>&nbsp;Penal, Processo Penal, Constitucional, Eleitoral.<\/li>\n\n\n\n<li><strong>Bloco III:<\/strong>&nbsp;Empresarial, Tribut\u00e1rio, Ambiental, Administrativo, No\u00e7\u00f5es Gerais de Direito, Forma\u00e7\u00e3o Human\u00edstica, Direitos Humanos.<\/li>\n<\/ul>\n\n\n\n<h3 class=\"wp-block-heading\" id=\"h-provas-escritas-discursivas\"><span id=\"provas-escritas-discursivas\">Provas Escritas Discursivas<\/span><\/h3>\n\n\n\n<p>A segunda etapa envolve provas discursivas que exigem argumenta\u00e7\u00e3o jur\u00eddica estruturada, precis\u00e3o t\u00e9cnica e capacidade de resolu\u00e7\u00e3o de problemas. Inclui quest\u00f5es escritas e pe\u00e7a pr\u00e1tica, avaliando profundidade te\u00f3rica e clareza na exposi\u00e7\u00e3o.<\/p>\n\n\n\n<p>Detalhes das Provas Escritas:<\/p>\n\n\n\n<ul class=\"wp-block-list\">\n<li>Fim de semana; consulta s\u00f3 \u00e0 lei seca.<\/li>\n\n\n\n<li>Discursiva (4h) + duas senten\u00e7as: c\u00edvel e penal (4h cada).<\/li>\n\n\n\n<li>Manuscrita, caneta azul, sem identifica\u00e7\u00e3o.<\/li>\n\n\n\n<li>Comiss\u00e3o tira d\u00favidas na hora.<\/li>\n<\/ul>\n\n\n\n<h3 class=\"wp-block-heading\" id=\"h-inscricao-definitiva-sindicancia-e-exames\"><span id=\"inscricao-definitiva-sindicancia-e-exames\">Inscri\u00e7\u00e3o Definitiva, Sindic\u00e2ncia e Exames<\/span><\/h3>\n\n\n\n<p>A terceira etapa confirma requisitos pessoais, \u00e9ticos e f\u00edsicos necess\u00e1rios \u00e0 carreira. Compreende inscri\u00e7\u00e3o definitiva, sindic\u00e2ncia da vida pregressa e exames de sanidade f\u00edsica e mental, garantindo a idoneidade e aptid\u00e3o do candidato.<\/p>\n\n\n\n<h3 class=\"wp-block-heading\" id=\"h-prova-oral\"><span id=\"prova-oral\">Prova Oral<\/span><\/h3>\n\n\n\n<p>A prova oral analisa seguran\u00e7a jur\u00eddica, clareza, precis\u00e3o, postura e capacidade de racioc\u00ednio imediato. O candidato responde a questionamentos sobre temas jur\u00eddicos, demonstrando maturidade profissional.<\/p>\n\n\n\n<p>Como \u00e9 a prova oral do Concurso Magistratura RJ?<\/p>\n\n\n\n<ul class=\"wp-block-list\">\n<li>Sess\u00e3o p\u00fablica, um candidato por vez.<\/li>\n\n\n\n<li>Argui\u00e7\u00e3o gravada.<\/li>\n\n\n\n<li>Perguntas sobre mat\u00e9rias das provas escritas.<\/li>\n\n\n\n<li>Pontos sorteados com 24h de anteced\u00eancia.<\/li>\n\n\n\n<li>Cada examinador pergunta por at\u00e9 15 minutos.<\/li>\n\n\n\n<li>Permitida consulta a c\u00f3digos n\u00e3o comentados\/anotados (se a comiss\u00e3o autorizar).<\/li>\n<\/ul>\n\n\n\n<h3 class=\"wp-block-heading\" id=\"h-avaliacao-de-titulos\"><span id=\"avaliacao-de-titulos\">Avalia\u00e7\u00e3o de T\u00edtulos<\/span><\/h3>\n\n\n\n<p>A etapa final atribui pontua\u00e7\u00e3o por experi\u00eancia jur\u00eddica, produ\u00e7\u00e3o acad\u00eamica e forma\u00e7\u00e3o complementar. Confira a tabela de t\u00edtulos:<\/p>\n\n\n\n<figure class=\"wp-block-table is-style-stripes\"><table class=\"has-luminous-vivid-amber-background-color has-background\"><thead><tr><th class=\"has-text-align-center\" data-align=\"center\"><strong>T\u00cdTULO<\/strong><\/th><th class=\"has-text-align-center\" data-align=\"center\"><strong>PONTUA\u00c7\u00c3O<\/strong><\/th><\/tr><\/thead><tbody><tr><td class=\"has-text-align-center\" data-align=\"center\"><strong>Exerc\u00edcio de cargo\/emprego\/fun\u00e7\u00e3o privativa de bacharel em Direito (m\u00edn. 1 ano)<\/strong><\/td><td class=\"has-text-align-center\" data-align=\"center\"><\/td><\/tr><tr><td class=\"has-text-align-center\" data-align=\"center\">\u2014 Judicatura (Juiz) at\u00e9 3 anos<\/td><td class=\"has-text-align-center\" data-align=\"center\">2,0<\/td><\/tr><tr><td class=\"has-text-align-center\" data-align=\"center\">\u2014 Judicatura (Juiz) acima de 3 anos<\/td><td class=\"has-text-align-center\" data-align=\"center\">2,5<\/td><\/tr><tr><td class=\"has-text-align-center\" data-align=\"center\">\u2014 Pretor, MP, DP, AGU, Procuradorias at\u00e9 3 anos<\/td><td class=\"has-text-align-center\" data-align=\"center\">1,5<\/td><\/tr><tr><td class=\"has-text-align-center\" data-align=\"center\">\u2014 Pretor, MP, DP, AGU, Procuradorias acima de 3 anos<\/td><td class=\"has-text-align-center\" data-align=\"center\">2,0<\/td><\/tr><tr><td class=\"has-text-align-center\" data-align=\"center\"><strong>Magist\u00e9rio superior na \u00e1rea jur\u00eddica (m\u00edn. 5 anos)<\/strong><\/td><td class=\"has-text-align-center\" data-align=\"center\"><\/td><\/tr><tr><td class=\"has-text-align-center\" data-align=\"center\">\u2014 Admiss\u00e3o por concurso ou seletivo<\/td><td class=\"has-text-align-center\" data-align=\"center\">1,5<\/td><\/tr><tr><td class=\"has-text-align-center\" data-align=\"center\">\u2014 Admiss\u00e3o sem concurso<\/td><td class=\"has-text-align-center\" data-align=\"center\">0,5<\/td><\/tr><tr><td class=\"has-text-align-center\" data-align=\"center\"><strong>Outro cargo privativo de bacharel em Direito (m\u00edn. 1 ano)<\/strong><\/td><td class=\"has-text-align-center\" data-align=\"center\"><\/td><\/tr><tr><td class=\"has-text-align-center\" data-align=\"center\">\u2014 Com concurso, at\u00e9 3 anos<\/td><td class=\"has-text-align-center\" data-align=\"center\">0,5<\/td><\/tr><tr><td class=\"has-text-align-center\" data-align=\"center\">\u2014 Com concurso, acima de 3 anos<\/td><td class=\"has-text-align-center\" data-align=\"center\">1,0<\/td><\/tr><tr><td class=\"has-text-align-center\" data-align=\"center\">\u2014 Sem concurso, at\u00e9 3 anos<\/td><td class=\"has-text-align-center\" data-align=\"center\">0,25<\/td><\/tr><tr><td class=\"has-text-align-center\" data-align=\"center\">\u2014 Sem concurso, acima de 3 anos<\/td><td class=\"has-text-align-center\" data-align=\"center\">0,5<\/td><\/tr><tr><td class=\"has-text-align-center\" data-align=\"center\"><strong>Advocacia<\/strong><\/td><td class=\"has-text-align-center\" data-align=\"center\"><\/td><\/tr><tr><td class=\"has-text-align-center\" data-align=\"center\">\u2014 3 a 5 anos<\/td><td class=\"has-text-align-center\" data-align=\"center\">0,5<\/td><\/tr><tr><td class=\"has-text-align-center\" data-align=\"center\">\u2014 5 a 8 anos<\/td><td class=\"has-text-align-center\" data-align=\"center\">1,0<\/td><\/tr><tr><td class=\"has-text-align-center\" data-align=\"center\">\u2014 Acima de 8 anos<\/td><td class=\"has-text-align-center\" data-align=\"center\">1,5<\/td><\/tr><tr><td class=\"has-text-align-center\" data-align=\"center\"><strong>Aprova\u00e7\u00e3o em concurso p\u00fablico (n\u00e3o usado nos itens I e III)<\/strong><\/td><td class=\"has-text-align-center\" data-align=\"center\"><\/td><\/tr><tr><td class=\"has-text-align-center\" data-align=\"center\">\u2014 Magistratura, Pretor, MP, DP, AGU, Procuradorias<\/td><td class=\"has-text-align-center\" data-align=\"center\">0,5<\/td><\/tr><tr><td class=\"has-text-align-center\" data-align=\"center\">\u2014 Outro concurso privativo de Direito<\/td><td class=\"has-text-align-center\" data-align=\"center\">0,25<\/td><\/tr><tr><td class=\"has-text-align-center\" data-align=\"center\"><strong>P\u00f3s-gradua\u00e7\u00e3o<\/strong><\/td><td class=\"has-text-align-center\" data-align=\"center\"><\/td><\/tr><tr><td class=\"has-text-align-center\" data-align=\"center\">\u2014 Doutorado (Direito, Sociais ou Humanas)<\/td><td class=\"has-text-align-center\" data-align=\"center\">2,0<\/td><\/tr><tr><td class=\"has-text-align-center\" data-align=\"center\">\u2014 Mestrado (Direito, Sociais ou Humanas)<\/td><td class=\"has-text-align-center\" data-align=\"center\">1,5<\/td><\/tr><tr><td class=\"has-text-align-center\" data-align=\"center\">\u2014 Especializa\u00e7\u00e3o em Direito (m\u00edn. 360h + monografia)<\/td><td class=\"has-text-align-center\" data-align=\"center\">0,5<\/td><\/tr><tr><td class=\"has-text-align-center\" data-align=\"center\"><strong>Gradua\u00e7\u00e3o adicional ou Curso Regular de Prepara\u00e7\u00e3o (MP\/Magistratura)<\/strong><\/td><td class=\"has-text-align-center\" data-align=\"center\">0,5<\/td><\/tr><tr><td class=\"has-text-align-center\" data-align=\"center\"><strong>Curso de extens\u00e3o jur\u00eddica (&gt;100h, nota\/TCC, 75% freq.)<\/strong><\/td><td class=\"has-text-align-center\" data-align=\"center\">0,25<\/td><\/tr><tr><td class=\"has-text-align-center\" data-align=\"center\"><strong>Publica\u00e7\u00e3o jur\u00eddica<\/strong><\/td><td class=\"has-text-align-center\" data-align=\"center\"><\/td><\/tr><tr><td class=\"has-text-align-center\" data-align=\"center\">\u2014 Livro de autoria exclusiva<\/td><td class=\"has-text-align-center\" data-align=\"center\">0,75<\/td><\/tr><tr><td class=\"has-text-align-center\" data-align=\"center\">\u2014 Artigo\/trabalho em obra coletiva ou revista com conselho editorial<\/td><td class=\"has-text-align-center\" data-align=\"center\">0,25<\/td><\/tr><tr><td class=\"has-text-align-center\" data-align=\"center\"><strong>L\u00e1urea universit\u00e1ria (Direito)<\/strong><\/td><td class=\"has-text-align-center\" data-align=\"center\">0,5<\/td><\/tr><tr><td class=\"has-text-align-center\" data-align=\"center\"><strong>Participa\u00e7\u00e3o em banca examinadora (Magistratura\/MP\/AGP\/DP\/Doc\u00eancia p\u00fablica)<\/strong><\/td><td class=\"has-text-align-center\" data-align=\"center\">0,75<\/td><\/tr><tr><td class=\"has-text-align-center\" data-align=\"center\"><strong>Conciliador ou assist\u00eancia jur\u00eddica volunt\u00e1ria (m\u00edn. 1 ano)<\/strong><\/td><td class=\"has-text-align-center\" data-align=\"center\">0,5<\/td><\/tr><tr><td class=\"has-text-align-center\" data-align=\"center\"><strong>Resid\u00eancia jur\u00eddica (m\u00edn. 12 meses, institu\u00edda por Tribunal)<\/strong><\/td><td class=\"has-text-align-center\" data-align=\"center\">0,5<\/td><\/tr><\/tbody><\/table><\/figure>\n\n\n\n<h2 class=\"wp-block-heading\" id=\"h-50\u00ba-concurso-magistratura-rj-como-foi-o-ultimo-certame\"><span id=\"50o-concurso-magistratura-rj-como-foi-o-ultimo-certame\">50\u00ba Concurso  Magistratura RJ: como foi o \u00faltimo certame?<\/span><\/h2>\n\n\n\n<p>Os <strong>30 aprovados <\/strong>no 50\u00ba Concurso para a Magistratura <a href=\"https:\/\/cj.estrategia.com\/portal\/magistratura-rj-tj-empossa-30-novos-juizes-do-ultimo-concurso\/\" target=\"_blank\" >tomaram posse no dia 1\u00ba de setembro, <\/a>no Tribunal de Justi\u00e7a do Rio de Janeiro (TJ RJ).<\/p>\n\n\n\n<p>Os novos ju\u00edzes s\u00e3o oriundos de sete estados e formam uma turma com 18 homens e 12 mulheres. <\/p>\n\n\n\n<h3 class=\"wp-block-heading\" id=\"h-provas-comentadas\"><span id=\"provas-comentadas\">Provas comentadas<\/span><\/h3>\n\n\n\n<ul class=\"wp-block-list\">\n<li><a href=\"https:\/\/cj.estrategia.com\/portal\/wp-content\/uploads\/2025\/09\/26141220\/Prova-comentada-TJ-RJ.pdf\" target=\"_blank\" >Prova comentada TJ RJ \u2013 2025<\/a>;<\/li>\n\n\n\n<li><a href=\"https:\/\/cj.estrategia.com\/portal\/wp-content\/uploads\/2025\/09\/26132128\/Material-da-aula-1.pdf\" target=\"_blank\" >Prova comentada TJ RJ \u2013 2023<\/a>.<\/li>\n<\/ul>\n\n\n\n<p class=\"has-text-align-center has-medium-font-size\"><strong>Quer saber tudo sobre concursos previstos? Confira nossos artigos!<\/strong><\/p>\n\n\n\n<ul class=\"wp-block-list\">\n<li><a href=\"https:\/\/cj.estrategia.com\/portal\/concursos-abertos-carreiras-juridicas\/\" target=\"_blank\" >Concursos Jur\u00eddicos abertos<\/a><\/li>\n<\/ul>\n\n\n\n<ul class=\"wp-block-list\">\n<li><a href=\"https:\/\/cj.estrategia.com\/portal\/concursos-2025-carreiras-juridicas\/\" target=\"_blank\" ><\/a><a href=\"https:\/\/cj.estrategia.com\/portal\/concursos-juridicos-2026-prepare-se-para-os-proximos-editais\/\" target=\"_blank\" >Concursos Jur\u00eddicos 2026<\/a><\/li>\n<\/ul>\n\n\n\n<ul class=\"wp-block-list\">\n<li><a href=\"https:\/\/cj.estrategia.com\/portal\/concursos-magistratura\/\" target=\"_blank\" >Concursos Magistratura<\/a><\/li>\n<\/ul>\n\n\n\n<p class=\"has-text-align-center has-medium-font-size\"><strong>Assinaturas Carreiras Jur\u00eddicas <\/strong><\/p>\n\n\n\n<div class=\"wp-block-cover\" style=\"min-height:155px;aspect-ratio:unset;\"><img decoding=\"async\" width=\"1890\" height=\"351\" class=\"wp-block-cover__image-background wp-image-8669\" alt=\"Assinaturas Jur\u00eddicas\" src=\"https:\/\/cj.estrategia.com\/portal\/wp-content\/uploads\/2022\/06\/20151253\/concurso-carreiras-juridicas-assinatura-juridica.jpg\" style=\"object-position:78% 43%\" data-object-fit=\"cover\" data-object-position=\"78% 43%\" srcset=\"https:\/\/cj.estrategia.com\/portal\/wp-content\/uploads\/2022\/06\/20151253\/concurso-carreiras-juridicas-assinatura-juridica.jpg 1890w, https:\/\/cj.estrategia.com\/portal\/wp-content\/uploads\/2022\/06\/20151253\/concurso-carreiras-juridicas-assinatura-juridica-300x56.jpg 300w, https:\/\/cj.estrategia.com\/portal\/wp-content\/uploads\/2022\/06\/20151253\/concurso-carreiras-juridicas-assinatura-juridica-1024x190.jpg 1024w, https:\/\/cj.estrategia.com\/portal\/wp-content\/uploads\/2022\/06\/20151253\/concurso-carreiras-juridicas-assinatura-juridica-768x143.jpg 768w, https:\/\/cj.estrategia.com\/portal\/wp-content\/uploads\/2022\/06\/20151253\/concurso-carreiras-juridicas-assinatura-juridica-1536x285.jpg 1536w, https:\/\/cj.estrategia.com\/portal\/wp-content\/uploads\/2022\/06\/20151253\/concurso-carreiras-juridicas-assinatura-juridica-380x71.jpg 380w, https:\/\/cj.estrategia.com\/portal\/wp-content\/uploads\/2022\/06\/20151253\/concurso-carreiras-juridicas-assinatura-juridica-800x149.jpg 800w, https:\/\/cj.estrategia.com\/portal\/wp-content\/uploads\/2022\/06\/20151253\/concurso-carreiras-juridicas-assinatura-juridica-1160x215.jpg 1160w\" sizes=\"(max-width: 1890px) 100vw, 1890px\" \/><span aria-hidden=\"true\" class=\"wp-block-cover__background has-background-dim\"><\/span><div class=\"wp-block-cover__inner-container is-layout-flow wp-block-cover-is-layout-flow\">\n<h3 id=\"faca-a-sua-assinatura\" class=\"titulo-assinatura\"><span style=\"color: #ffffff;\">Fa\u00e7a a sua assinatura!<\/span><\/h3>\n<p class=\"subtitulo-assinatura\" style=\"display:block!important; line-height: 0;\"><span style=\"color: #ffffff;\">Escolha a sua \u00e1rea.<\/span><\/p>\n<a target=\"_blank\" href=\"https:\/\/www.estrategiaconcursos.com.br\/assinaturas-ecj\/\" rel=\"noopener\"><button style=\"border-radius: 10px; text-transform: capitalize;\">Acessar<\/button><\/a>\n<\/div><\/div>\n\n\n\n<p><em>Prepare-se com o melhor material e com quem mais aprova em concursos em todo o pa\u00eds.<\/em><\/p>\n\n\n\n<figure class=\"wp-block-image is-resized\"><img decoding=\"async\" src=\"https:\/\/dhg1h5j42swfq.cloudfront.net\/2021\/04\/06115621\/ficha-tecnica-75-1024x632.png\" alt=\"Ficha do concurso Magistratura RJ\" class=\"wp-image-708413\" style=\"width:239px;height:147px\"\/><\/figure>\n\n\n\n<h4 class=\"wp-block-heading\" id=\"h-informacoes-sobre-o-51\u00ba-concurso-magistratura-rj-2025\"><span id=\"informacoes-sobre-o-51o-concurso-magistratura-rj-2025\">Informa\u00e7\u00f5es sobre o 51\u00ba Concurso Magistratura RJ &#8211; 2025<\/span><\/h4>\n\n\n\n<ul class=\"wp-block-list\">\n<li><strong>Vagas<\/strong>: CR<\/li>\n\n\n\n<li><strong>Cargos<\/strong>: Juiz Substituto<\/li>\n\n\n\n<li><strong>Lota\u00e7\u00f5es<\/strong>: Rio de Janeiro<\/li>\n\n\n\n<li><strong>Banca<\/strong>: VUNESP<\/li>\n\n\n\n<li><strong>Escolaridade<\/strong>: Bacharelado em Direito + 3 anos de atividade jur\u00eddica.<\/li>\n\n\n\n<li><strong>Edital<\/strong>: <a href=\"https:\/\/cj.estrategia.com\/portal\/wp-content\/uploads\/2025\/11\/19215358\/edital_magistratura-rj.pdf\" target=\"_blank\" >Magistratura RJ 2025<\/a><\/li>\n\n\n\n<li><strong>Edital anterior:<\/strong> <a href=\"https:\/\/cj.estrategia.com\/portal\/wp-content\/uploads\/2024\/09\/27145049\/Edital-Magistratura-RJ-2.pdf\" target=\"_blank\" >Magistratura RJ 2024<\/a><\/li>\n<\/ul>\n","protected":false},"excerpt":{"rendered":"Concurso Magistratura RJ: edital oferta vagas em CR para Juiz Substituto com remunera\u00e7\u00e3o de R$ 35,8 mil. Saiba mais!\n","protected":false},"author":12,"featured_media":177745,"comment_status":"open","ping_status":"open","sticky":false,"template":"","format":"standard","meta":{"_jetpack_memberships_contains_paid_content":false,"footnotes":""},"categories":[1,26],"tags":[],"tax_estado":[49],"class_list":{"0":"post-871","1":"post","2":"type-post","3":"status-publish","4":"format-standard","5":"has-post-thumbnail","7":"category-carreiras-juridicas","8":"category-magistratura","9":"tax_estado-rj"},"acf":[],"yoast_head":"<!-- This site is optimized with the Yoast SEO Premium plugin v27.4 (Yoast SEO v27.4) - https:\/\/yoast.com\/product\/yoast-seo-premium-wordpress\/ -->\n<title>Concurso Magistratura RJ: 2\u00aa fase ser\u00e1 realizada em julho<\/title>\n<meta name=\"description\" content=\"Concurso Magistratura RJ: edital oferta vagas em CR para Juiz Substituto com remunera\u00e7\u00e3o de R$ 35,8 mil. Saiba mais!\" \/>\n<meta name=\"robots\" content=\"index, follow, max-snippet:-1, max-image-preview:large, max-video-preview:-1\" \/>\n<link rel=\"canonical\" href=\"https:\/\/cj.estrategia.com\/portal\/concurso-magistratura-rj\/\" \/>\n<meta property=\"og:locale\" content=\"pt_BR\" \/>\n<meta property=\"og:type\" content=\"article\" \/>\n<meta property=\"og:title\" content=\"Concurso Magistratura RJ: 2\u00aa fase ser\u00e1 realizada em julho\" \/>\n<meta property=\"og:description\" content=\"Concurso Magistratura RJ: edital oferta vagas em CR para Juiz Substituto com remunera\u00e7\u00e3o de R$ 35,8 mil. Saiba mais!\" \/>\n<meta property=\"og:url\" content=\"https:\/\/cj.estrategia.com\/portal\/concurso-magistratura-rj\/\" \/>\n<meta property=\"og:site_name\" content=\"Blog - Carreiras Jur\u00eddicas - Estrat\u00e9gia\" \/>\n<meta property=\"article:publisher\" content=\"https:\/\/www.facebook.com\/estrategiacarreirajuridica\/\" \/>\n<meta property=\"article:published_time\" content=\"2026-04-28T11:09:00+00:00\" \/>\n<meta property=\"article:modified_time\" content=\"2026-04-28T11:23:22+00:00\" \/>\n<meta property=\"og:image\" content=\"https:\/\/cj.estrategia.com\/portal\/wp-content\/uploads\/2026\/02\/04110838\/juiz.jpg\" \/>\n\t<meta property=\"og:image:width\" content=\"2459\" \/>\n\t<meta property=\"og:image:height\" content=\"1383\" \/>\n\t<meta property=\"og:image:type\" content=\"image\/jpeg\" \/>\n<meta name=\"author\" content=\"Coordena\u00e7\u00e3o\" \/>\n<meta name=\"twitter:card\" content=\"summary_large_image\" \/>\n<meta name=\"twitter:creator\" content=\"@EstratJuridica\" \/>\n<meta name=\"twitter:site\" content=\"@EstratJuridica\" \/>\n<meta name=\"twitter:label1\" content=\"Escrito por\" \/>\n\t<meta name=\"twitter:data1\" content=\"Coordena\u00e7\u00e3o\" \/>\n\t<meta name=\"twitter:label2\" content=\"Est. tempo de leitura\" \/>\n\t<meta name=\"twitter:data2\" content=\"7 minutos\" \/>\n<script type=\"application\/ld+json\" class=\"yoast-schema-graph\">{\"@context\":\"https:\\\/\\\/schema.org\",\"@graph\":[{\"@type\":\"NewsArticle\",\"@id\":\"https:\\\/\\\/cj.estrategia.com\\\/portal\\\/concurso-magistratura-rj\\\/#article\",\"isPartOf\":{\"@id\":\"https:\\\/\\\/cj.estrategia.com\\\/portal\\\/concurso-magistratura-rj\\\/\"},\"author\":{\"name\":\"Coordena\u00e7\u00e3o\",\"@id\":\"https:\\\/\\\/cj.estrategia.com\\\/portal\\\/#\\\/schema\\\/person\\\/4d70317d31449932b99102916b6637f5\"},\"headline\":\"Concurso Magistratura RJ: 2\u00aa fase ser\u00e1 realizada em julho\",\"datePublished\":\"2026-04-28T11:09:00+00:00\",\"dateModified\":\"2026-04-28T11:23:22+00:00\",\"mainEntityOfPage\":{\"@id\":\"https:\\\/\\\/cj.estrategia.com\\\/portal\\\/concurso-magistratura-rj\\\/\"},\"wordCount\":1118,\"commentCount\":0,\"publisher\":{\"@id\":\"https:\\\/\\\/cj.estrategia.com\\\/portal\\\/#organization\"},\"image\":{\"@id\":\"https:\\\/\\\/cj.estrategia.com\\\/portal\\\/concurso-magistratura-rj\\\/#primaryimage\"},\"thumbnailUrl\":\"https:\\\/\\\/cj.estrategia.com\\\/portal\\\/wp-content\\\/uploads\\\/2026\\\/02\\\/04110838\\\/juiz.jpg\",\"articleSection\":[\"Carreiras Jur\u00eddicas\",\"Magistratura\"],\"inLanguage\":\"pt-BR\",\"potentialAction\":[{\"@type\":\"CommentAction\",\"name\":\"Comment\",\"target\":[\"https:\\\/\\\/cj.estrategia.com\\\/portal\\\/concurso-magistratura-rj\\\/#respond\"]}],\"accessibilityFeature\":[\"tableOfContents\"]},{\"@type\":\"WebPage\",\"@id\":\"https:\\\/\\\/cj.estrategia.com\\\/portal\\\/concurso-magistratura-rj\\\/\",\"url\":\"https:\\\/\\\/cj.estrategia.com\\\/portal\\\/concurso-magistratura-rj\\\/\",\"name\":\"Concurso Magistratura RJ: 2\u00aa fase ser\u00e1 realizada em julho\",\"isPartOf\":{\"@id\":\"https:\\\/\\\/cj.estrategia.com\\\/portal\\\/#website\"},\"primaryImageOfPage\":{\"@id\":\"https:\\\/\\\/cj.estrategia.com\\\/portal\\\/concurso-magistratura-rj\\\/#primaryimage\"},\"image\":{\"@id\":\"https:\\\/\\\/cj.estrategia.com\\\/portal\\\/concurso-magistratura-rj\\\/#primaryimage\"},\"thumbnailUrl\":\"https:\\\/\\\/cj.estrategia.com\\\/portal\\\/wp-content\\\/uploads\\\/2026\\\/02\\\/04110838\\\/juiz.jpg\",\"datePublished\":\"2026-04-28T11:09:00+00:00\",\"dateModified\":\"2026-04-28T11:23:22+00:00\",\"description\":\"Concurso Magistratura RJ: edital oferta vagas em CR para Juiz Substituto com remunera\u00e7\u00e3o de R$ 35,8 mil. Saiba mais!\",\"breadcrumb\":{\"@id\":\"https:\\\/\\\/cj.estrategia.com\\\/portal\\\/concurso-magistratura-rj\\\/#breadcrumb\"},\"inLanguage\":\"pt-BR\",\"potentialAction\":[{\"@type\":\"ReadAction\",\"target\":[\"https:\\\/\\\/cj.estrategia.com\\\/portal\\\/concurso-magistratura-rj\\\/\"]}]},{\"@type\":\"ImageObject\",\"inLanguage\":\"pt-BR\",\"@id\":\"https:\\\/\\\/cj.estrategia.com\\\/portal\\\/concurso-magistratura-rj\\\/#primaryimage\",\"url\":\"https:\\\/\\\/cj.estrategia.com\\\/portal\\\/wp-content\\\/uploads\\\/2026\\\/02\\\/04110838\\\/juiz.jpg\",\"contentUrl\":\"https:\\\/\\\/cj.estrategia.com\\\/portal\\\/wp-content\\\/uploads\\\/2026\\\/02\\\/04110838\\\/juiz.jpg\",\"width\":2459,\"height\":1383},{\"@type\":\"BreadcrumbList\",\"@id\":\"https:\\\/\\\/cj.estrategia.com\\\/portal\\\/concurso-magistratura-rj\\\/#breadcrumb\",\"itemListElement\":[{\"@type\":\"ListItem\",\"position\":1,\"name\":\"In\u00edcio\",\"item\":\"https:\\\/\\\/cj.estrategia.com\\\/portal\\\/\"},{\"@type\":\"ListItem\",\"position\":2,\"name\":\"Concurso Magistratura RJ: 2\u00aa fase ser\u00e1 realizada em julho\"}]},{\"@type\":\"WebSite\",\"@id\":\"https:\\\/\\\/cj.estrategia.com\\\/portal\\\/#website\",\"url\":\"https:\\\/\\\/cj.estrategia.com\\\/portal\\\/\",\"name\":\"Blog - Carreiras Jur\u00eddicas - Estrat\u00e9gia\",\"description\":\"\",\"publisher\":{\"@id\":\"https:\\\/\\\/cj.estrategia.com\\\/portal\\\/#organization\"},\"potentialAction\":[{\"@type\":\"SearchAction\",\"target\":{\"@type\":\"EntryPoint\",\"urlTemplate\":\"https:\\\/\\\/cj.estrategia.com\\\/portal\\\/?s={search_term_string}\"},\"query-input\":{\"@type\":\"PropertyValueSpecification\",\"valueRequired\":true,\"valueName\":\"search_term_string\"}}],\"inLanguage\":\"pt-BR\"},{\"@type\":\"Organization\",\"@id\":\"https:\\\/\\\/cj.estrategia.com\\\/portal\\\/#organization\",\"name\":\"Estrat\u00e9gia - Carreiras Jur\u00eddicas\",\"url\":\"https:\\\/\\\/cj.estrategia.com\\\/portal\\\/\",\"logo\":{\"@type\":\"ImageObject\",\"inLanguage\":\"pt-BR\",\"@id\":\"https:\\\/\\\/cj.estrategia.com\\\/portal\\\/#\\\/schema\\\/logo\\\/image\\\/\",\"url\":\"https:\\\/\\\/cj.estrategia.com\\\/portal\\\/wp-content\\\/uploads\\\/2022\\\/03\\\/11151052\\\/cj-logo.png\",\"contentUrl\":\"https:\\\/\\\/cj.estrategia.com\\\/portal\\\/wp-content\\\/uploads\\\/2022\\\/03\\\/11151052\\\/cj-logo.png\",\"width\":150,\"height\":39,\"caption\":\"Estrat\u00e9gia - Carreiras Jur\u00eddicas\"},\"image\":{\"@id\":\"https:\\\/\\\/cj.estrategia.com\\\/portal\\\/#\\\/schema\\\/logo\\\/image\\\/\"},\"sameAs\":[\"https:\\\/\\\/www.facebook.com\\\/estrategiacarreirajuridica\\\/\",\"https:\\\/\\\/x.com\\\/EstratJuridica\",\"https:\\\/\\\/www.instagram.com\\\/estrategiacarreirajuridica\\\/\",\"https:\\\/\\\/www.youtube.com\\\/channel\\\/UClbMGuYbj2Mh1m3w144ETWQ\"]},{\"@type\":\"Person\",\"@id\":\"https:\\\/\\\/cj.estrategia.com\\\/portal\\\/#\\\/schema\\\/person\\\/4d70317d31449932b99102916b6637f5\",\"name\":\"Coordena\u00e7\u00e3o\",\"image\":{\"@type\":\"ImageObject\",\"inLanguage\":\"pt-BR\",\"@id\":\"https:\\\/\\\/cj.estrategia.com\\\/portal\\\/wp-content\\\/uploads\\\/2022\\\/05\\\/12164923\\\/estrategia-carreira-juridica-coordenacao-96x96.png\",\"url\":\"https:\\\/\\\/cj.estrategia.com\\\/portal\\\/wp-content\\\/uploads\\\/2022\\\/05\\\/12164923\\\/estrategia-carreira-juridica-coordenacao-96x96.png\",\"contentUrl\":\"https:\\\/\\\/cj.estrategia.com\\\/portal\\\/wp-content\\\/uploads\\\/2022\\\/05\\\/12164923\\\/estrategia-carreira-juridica-coordenacao-96x96.png\",\"caption\":\"Coordena\u00e7\u00e3o\"},\"url\":\"https:\\\/\\\/cj.estrategia.com\\\/portal\\\/author\\\/coordenacao\\\/\"}]}<\/script>\n<!-- \/ Yoast SEO Premium plugin. -->","yoast_head_json":{"title":"Concurso Magistratura RJ: 2\u00aa fase ser\u00e1 realizada em julho","description":"Concurso Magistratura RJ: edital oferta vagas em CR para Juiz Substituto com remunera\u00e7\u00e3o de R$ 35,8 mil. Saiba mais!","robots":{"index":"index","follow":"follow","max-snippet":"max-snippet:-1","max-image-preview":"max-image-preview:large","max-video-preview":"max-video-preview:-1"},"canonical":"https:\/\/cj.estrategia.com\/portal\/concurso-magistratura-rj\/","og_locale":"pt_BR","og_type":"article","og_title":"Concurso Magistratura RJ: 2\u00aa fase ser\u00e1 realizada em julho","og_description":"Concurso Magistratura RJ: edital oferta vagas em CR para Juiz Substituto com remunera\u00e7\u00e3o de R$ 35,8 mil. Saiba mais!","og_url":"https:\/\/cj.estrategia.com\/portal\/concurso-magistratura-rj\/","og_site_name":"Blog - Carreiras Jur\u00eddicas - Estrat\u00e9gia","article_publisher":"https:\/\/www.facebook.com\/estrategiacarreirajuridica\/","article_published_time":"2026-04-28T11:09:00+00:00","article_modified_time":"2026-04-28T11:23:22+00:00","og_image":[{"width":2459,"height":1383,"url":"https:\/\/cj.estrategia.com\/portal\/wp-content\/uploads\/2026\/02\/04110838\/juiz.jpg","type":"image\/jpeg"}],"author":"Coordena\u00e7\u00e3o","twitter_card":"summary_large_image","twitter_creator":"@EstratJuridica","twitter_site":"@EstratJuridica","twitter_misc":{"Escrito por":"Coordena\u00e7\u00e3o","Est. tempo de leitura":"7 minutos"},"schema":{"@context":"https:\/\/schema.org","@graph":[{"@type":"NewsArticle","@id":"https:\/\/cj.estrategia.com\/portal\/concurso-magistratura-rj\/#article","isPartOf":{"@id":"https:\/\/cj.estrategia.com\/portal\/concurso-magistratura-rj\/"},"author":{"name":"Coordena\u00e7\u00e3o","@id":"https:\/\/cj.estrategia.com\/portal\/#\/schema\/person\/4d70317d31449932b99102916b6637f5"},"headline":"Concurso Magistratura RJ: 2\u00aa fase ser\u00e1 realizada em julho","datePublished":"2026-04-28T11:09:00+00:00","dateModified":"2026-04-28T11:23:22+00:00","mainEntityOfPage":{"@id":"https:\/\/cj.estrategia.com\/portal\/concurso-magistratura-rj\/"},"wordCount":1118,"commentCount":0,"publisher":{"@id":"https:\/\/cj.estrategia.com\/portal\/#organization"},"image":{"@id":"https:\/\/cj.estrategia.com\/portal\/concurso-magistratura-rj\/#primaryimage"},"thumbnailUrl":"https:\/\/cj.estrategia.com\/portal\/wp-content\/uploads\/2026\/02\/04110838\/juiz.jpg","articleSection":["Carreiras Jur\u00eddicas","Magistratura"],"inLanguage":"pt-BR","potentialAction":[{"@type":"CommentAction","name":"Comment","target":["https:\/\/cj.estrategia.com\/portal\/concurso-magistratura-rj\/#respond"]}],"accessibilityFeature":["tableOfContents"]},{"@type":"WebPage","@id":"https:\/\/cj.estrategia.com\/portal\/concurso-magistratura-rj\/","url":"https:\/\/cj.estrategia.com\/portal\/concurso-magistratura-rj\/","name":"Concurso Magistratura RJ: 2\u00aa fase ser\u00e1 realizada em julho","isPartOf":{"@id":"https:\/\/cj.estrategia.com\/portal\/#website"},"primaryImageOfPage":{"@id":"https:\/\/cj.estrategia.com\/portal\/concurso-magistratura-rj\/#primaryimage"},"image":{"@id":"https:\/\/cj.estrategia.com\/portal\/concurso-magistratura-rj\/#primaryimage"},"thumbnailUrl":"https:\/\/cj.estrategia.com\/portal\/wp-content\/uploads\/2026\/02\/04110838\/juiz.jpg","datePublished":"2026-04-28T11:09:00+00:00","dateModified":"2026-04-28T11:23:22+00:00","description":"Concurso Magistratura RJ: edital oferta vagas em CR para Juiz Substituto com remunera\u00e7\u00e3o de R$ 35,8 mil. Saiba mais!","breadcrumb":{"@id":"https:\/\/cj.estrategia.com\/portal\/concurso-magistratura-rj\/#breadcrumb"},"inLanguage":"pt-BR","potentialAction":[{"@type":"ReadAction","target":["https:\/\/cj.estrategia.com\/portal\/concurso-magistratura-rj\/"]}]},{"@type":"ImageObject","inLanguage":"pt-BR","@id":"https:\/\/cj.estrategia.com\/portal\/concurso-magistratura-rj\/#primaryimage","url":"https:\/\/cj.estrategia.com\/portal\/wp-content\/uploads\/2026\/02\/04110838\/juiz.jpg","contentUrl":"https:\/\/cj.estrategia.com\/portal\/wp-content\/uploads\/2026\/02\/04110838\/juiz.jpg","width":2459,"height":1383},{"@type":"BreadcrumbList","@id":"https:\/\/cj.estrategia.com\/portal\/concurso-magistratura-rj\/#breadcrumb","itemListElement":[{"@type":"ListItem","position":1,"name":"In\u00edcio","item":"https:\/\/cj.estrategia.com\/portal\/"},{"@type":"ListItem","position":2,"name":"Concurso Magistratura RJ: 2\u00aa fase ser\u00e1 realizada em julho"}]},{"@type":"WebSite","@id":"https:\/\/cj.estrategia.com\/portal\/#website","url":"https:\/\/cj.estrategia.com\/portal\/","name":"Blog - Carreiras Jur\u00eddicas - Estrat\u00e9gia","description":"","publisher":{"@id":"https:\/\/cj.estrategia.com\/portal\/#organization"},"potentialAction":[{"@type":"SearchAction","target":{"@type":"EntryPoint","urlTemplate":"https:\/\/cj.estrategia.com\/portal\/?s={search_term_string}"},"query-input":{"@type":"PropertyValueSpecification","valueRequired":true,"valueName":"search_term_string"}}],"inLanguage":"pt-BR"},{"@type":"Organization","@id":"https:\/\/cj.estrategia.com\/portal\/#organization","name":"Estrat\u00e9gia - Carreiras Jur\u00eddicas","url":"https:\/\/cj.estrategia.com\/portal\/","logo":{"@type":"ImageObject","inLanguage":"pt-BR","@id":"https:\/\/cj.estrategia.com\/portal\/#\/schema\/logo\/image\/","url":"https:\/\/cj.estrategia.com\/portal\/wp-content\/uploads\/2022\/03\/11151052\/cj-logo.png","contentUrl":"https:\/\/cj.estrategia.com\/portal\/wp-content\/uploads\/2022\/03\/11151052\/cj-logo.png","width":150,"height":39,"caption":"Estrat\u00e9gia - Carreiras Jur\u00eddicas"},"image":{"@id":"https:\/\/cj.estrategia.com\/portal\/#\/schema\/logo\/image\/"},"sameAs":["https:\/\/www.facebook.com\/estrategiacarreirajuridica\/","https:\/\/x.com\/EstratJuridica","https:\/\/www.instagram.com\/estrategiacarreirajuridica\/","https:\/\/www.youtube.com\/channel\/UClbMGuYbj2Mh1m3w144ETWQ"]},{"@type":"Person","@id":"https:\/\/cj.estrategia.com\/portal\/#\/schema\/person\/4d70317d31449932b99102916b6637f5","name":"Coordena\u00e7\u00e3o","image":{"@type":"ImageObject","inLanguage":"pt-BR","@id":"https:\/\/cj.estrategia.com\/portal\/wp-content\/uploads\/2022\/05\/12164923\/estrategia-carreira-juridica-coordenacao-96x96.png","url":"https:\/\/cj.estrategia.com\/portal\/wp-content\/uploads\/2022\/05\/12164923\/estrategia-carreira-juridica-coordenacao-96x96.png","contentUrl":"https:\/\/cj.estrategia.com\/portal\/wp-content\/uploads\/2022\/05\/12164923\/estrategia-carreira-juridica-coordenacao-96x96.png","caption":"Coordena\u00e7\u00e3o"},"url":"https:\/\/cj.estrategia.com\/portal\/author\/coordenacao\/"}]}},"jetpack_featured_media_url":"https:\/\/cj.estrategia.com\/portal\/wp-content\/uploads\/2026\/02\/04110838\/juiz.jpg","jetpack_sharing_enabled":true,"_links":{"self":[{"href":"https:\/\/cj.estrategia.com\/portal\/wp-json\/wp\/v2\/posts\/871","targetHints":{"allow":["GET"]}}],"collection":[{"href":"https:\/\/cj.estrategia.com\/portal\/wp-json\/wp\/v2\/posts"}],"about":[{"href":"https:\/\/cj.estrategia.com\/portal\/wp-json\/wp\/v2\/types\/post"}],"author":[{"embeddable":true,"href":"https:\/\/cj.estrategia.com\/portal\/wp-json\/wp\/v2\/users\/12"}],"replies":[{"embeddable":true,"href":"https:\/\/cj.estrategia.com\/portal\/wp-json\/wp\/v2\/comments?post=871"}],"version-history":[{"count":338,"href":"https:\/\/cj.estrategia.com\/portal\/wp-json\/wp\/v2\/posts\/871\/revisions"}],"predecessor-version":[{"id":187747,"href":"https:\/\/cj.estrategia.com\/portal\/wp-json\/wp\/v2\/posts\/871\/revisions\/187747"}],"wp:featuredmedia":[{"embeddable":true,"href":"https:\/\/cj.estrategia.com\/portal\/wp-json\/wp\/v2\/media\/177745"}],"wp:attachment":[{"href":"https:\/\/cj.estrategia.com\/portal\/wp-json\/wp\/v2\/media?parent=871"}],"wp:term":[{"taxonomy":"category","embeddable":true,"href":"https:\/\/cj.estrategia.com\/portal\/wp-json\/wp\/v2\/categories?post=871"},{"taxonomy":"post_tag","embeddable":true,"href":"https:\/\/cj.estrategia.com\/portal\/wp-json\/wp\/v2\/tags?post=871"},{"taxonomy":"tax_estado","embeddable":true,"href":"https:\/\/cj.estrategia.com\/portal\/wp-json\/wp\/v2\/tax_estado?post=871"}],"curies":[{"name":"wp","href":"https:\/\/api.w.org\/{rel}","templated":true}]}}