{"id":86979,"date":"2024-12-12T07:58:11","date_gmt":"2024-12-12T10:58:11","guid":{"rendered":"https:\/\/cj.estrategia.com\/portal\/?p=86979"},"modified":"2025-01-05T11:29:04","modified_gmt":"2025-01-05T14:29:04","slug":"cirurgias-esteticas-resultado-decisao-stj","status":"publish","type":"post","link":"https:\/\/cj.estrategia.com\/portal\/cirurgias-esteticas-resultado-decisao-stj\/","title":{"rendered":"Cirurgias est\u00e9ticas s\u00e3o de resultado, o que significa isso? \u2013 Decis\u00e3o do STJ"},"content":{"rendered":"\n<p>Meu m\u00e9dico do nariz fala direto para mim: \u201c<em>Felipe, seu nariz \u00e9 ideal para fazermos uma pl\u00e1stica<\/em>\u201d.<\/p>\n\n\n\n<div class=\"wp-block-media-text is-stacked-on-mobile\" style=\"grid-template-columns:48% auto\"><figure class=\"wp-block-media-text__media\"><img decoding=\"async\" width=\"1024\" height=\"1024\" src=\"https:\/\/cj.estrategia.com\/portal\/wp-content\/uploads\/2024\/09\/12203646\/fala-discurso-declaracao-comentario-1024x1024.jpg\" alt=\"cirurgia\" class=\"wp-image-75647 size-full\" srcset=\"https:\/\/cj.estrategia.com\/portal\/wp-content\/uploads\/2024\/09\/12203646\/fala-discurso-declaracao-comentario-1024x1024.jpg 1024w, https:\/\/cj.estrategia.com\/portal\/wp-content\/uploads\/2024\/09\/12203646\/fala-discurso-declaracao-comentario-300x300.jpg 300w, https:\/\/cj.estrategia.com\/portal\/wp-content\/uploads\/2024\/09\/12203646\/fala-discurso-declaracao-comentario-150x150.jpg 150w, https:\/\/cj.estrategia.com\/portal\/wp-content\/uploads\/2024\/09\/12203646\/fala-discurso-declaracao-comentario-768x768.jpg 768w, https:\/\/cj.estrategia.com\/portal\/wp-content\/uploads\/2024\/09\/12203646\/fala-discurso-declaracao-comentario-1536x1536.jpg 1536w, https:\/\/cj.estrategia.com\/portal\/wp-content\/uploads\/2024\/09\/12203646\/fala-discurso-declaracao-comentario-2048x2048.jpg 2048w, https:\/\/cj.estrategia.com\/portal\/wp-content\/uploads\/2024\/09\/12203646\/fala-discurso-declaracao-comentario-80x80.jpg 80w, https:\/\/cj.estrategia.com\/portal\/wp-content\/uploads\/2024\/09\/12203646\/fala-discurso-declaracao-comentario-380x380.jpg 380w, https:\/\/cj.estrategia.com\/portal\/wp-content\/uploads\/2024\/09\/12203646\/fala-discurso-declaracao-comentario-800x800.jpg 800w, https:\/\/cj.estrategia.com\/portal\/wp-content\/uploads\/2024\/09\/12203646\/fala-discurso-declaracao-comentario-1160x1160.jpg 1160w, https:\/\/cj.estrategia.com\/portal\/wp-content\/uploads\/2024\/09\/12203646\/fala-discurso-declaracao-comentario-24x24.jpg 24w, https:\/\/cj.estrategia.com\/portal\/wp-content\/uploads\/2024\/09\/12203646\/fala-discurso-declaracao-comentario-48x48.jpg 48w, https:\/\/cj.estrategia.com\/portal\/wp-content\/uploads\/2024\/09\/12203646\/fala-discurso-declaracao-comentario-96x96.jpg 96w, https:\/\/cj.estrategia.com\/portal\/wp-content\/uploads\/2024\/09\/12203646\/fala-discurso-declaracao-comentario-scaled.jpg 2560w\" sizes=\"(max-width: 1024px) 100vw, 1024px\" \/><\/figure><div class=\"wp-block-media-text__content\">\n<p>E eu j\u00e1 disse a ele: \u201c<em>Olhe, eu t\u00f4 satisfeito com ele\u2026 quero cirurgia pl\u00e1stica nenhuma<\/em>\u201c. Na verdade, meu nariz \u00e9 todo ruim, eu j\u00e1 operei umas 3 (tr\u00eas) vezes porque tenho problema cr\u00f4nico de septo\u2026 <em><strong>Ah, e o que isso tem rela\u00e7\u00e3o com o que vamos discutir aqui, professor?<\/strong><\/em><\/p>\n<\/div><\/div>\n\n\n\n<p><strong><mark style=\"background-color:#fcb900\" class=\"has-inline-color\">Tudo\u2026<\/mark><\/strong><\/p>\n\n\n\n<p>Veja, por exemplo, o Ministro do STJ (Superior Tribunal de Justi\u00e7a) no meio da discuss\u00e3o disse num coment\u00e1rio espirituoso aqui que \u201cfoi eleito o Ministro mais bonito\u201d, ap\u00f3s outro dizer que a cirurgia dele foi um grande sucesso, ser\u00e1 que ele fez pl\u00e1stica?<\/p>\n\n\n\n<p><strong><a href=\"https:\/\/www.migalhas.com.br\/quentes\/421347\/fui-eleito-o-ministro-mais-bonito-do-stj--diz-joao-otavio-de-noronha\" target=\"_blank\" >\u201cFui eleito o ministro mais bonito do STJ\u201d, diz Jo\u00e3o Ot\u00e1vio de Noronha<\/a><\/strong><\/p>\n\n\n\n<p>Bixo, professor, mas qual \u00e9 a rela\u00e7\u00e3o com o tema?<\/p>\n\n\n\n<p>Veja, o que chegou no STJ sobre as cirurgias pl\u00e1sticas. E voc\u00ea sabe, elas n\u00e3o s\u00e3o baratas, por isso h\u00e1 algo diferente.<\/p>\n\n\n\n<p>Tanto \u00e9 assim que, geralmente, o m\u00e9dico promete um resultado espec\u00edfico, acaba mostrando fotos de outros pacientes e garante que sua apar\u00eancia ser\u00e1 exatamente como o planejado (ou pelo menos parecida)\u2026<\/p>\n\n\n\n<p>No entanto, ap\u00f3s a cirurgia, o resultado ficou bem longe do prometido. Vamos l\u00e1.<\/p>\n\n\n\n<p class=\"has-pale-cyan-blue-background-color has-background\"><strong>Primeira pergunta: o m\u00e9dico tinha obriga\u00e7\u00e3o de entregar aquele resultado? <\/strong><strong><\/strong><\/p>\n\n\n\n<p class=\"has-pale-cyan-blue-background-color has-background\"><strong>Segunda pergunta: de quem \u00e9 a culpa ou melhor, quem deve provar que houve falha no procedimento?<\/strong><strong><\/strong><\/p>\n\n\n\n<p>Neste descort\u00ednio, os temas acima chegaram ao STJ atrav\u00e9s do <strong>REsp 1.395.254<\/strong>, que aprofundou em uma decis\u00e3o relevante sobre a responsabilidade m\u00e9dica em procedimentos est\u00e9ticos.<\/p>\n\n\n\n<p>Ali\u00e1s, pode ser que a cirurgia deu errado porque o paciente n\u00e3o fez um \u201cbom p\u00f3s operat\u00f3rio\u201d, ou seja, descumpriu as regras do m\u00e9dico tamb\u00e9m, e isso acontece em cirurgias est\u00e9ticas\u2026<\/p>\n\n\n\n<p>Mas, o fato \u00e9 que precisamos resolver uma coisa.<\/p>\n\n\n\n<h2 class=\"wp-block-heading\" id=\"h-quem-deve-provar-que-o-procedimento-medico-deu-errado-antes-vamos-diferenciar-uma-coisa\"><span id=\"quem-deve-provar-que-o-procedimento-medico-deu-errado-antes-vamos-diferenciar-uma-coisa\"><em>Quem deve provar que o procedimento m\u00e9dico deu errado? Antes, vamos diferenciar uma coisa\u2026<\/em><\/span><\/h2>\n\n\n\n<p>Quanto ao <strong>\u00f4nus da prova da culpa<\/strong>, a obriga\u00e7\u00e3o pode se dividir em:<\/p>\n\n\n\n<p>a)\u00a0<em>Obriga\u00e7\u00e3o de <\/em><strong><em><strong><em><mark style=\"background-color:rgba(0, 0, 0, 0)\" class=\"has-inline-color has-vivid-cyan-blue-color\">meio<\/mark><\/em><\/strong><\/em><\/strong>: ocorre quando o devedor n\u00e3o se responsabiliza pelo resultado e se obriga apenas a empregar todos os meios ao seu alcance para consegui-lo. Se n\u00e3o alcan\u00e7ar o resultado, mas for diligente nos meios, o devedor n\u00e3o ser\u00e1 considerado inadimplente (exs: advogados, m\u00e9dicos como regra).<\/p>\n\n\n\n<p>b)\u00a0<em>Obriga\u00e7\u00e3o <\/em><strong><em><strong><em><mark style=\"background-color:rgba(0, 0, 0, 0)\" class=\"has-inline-color has-vivid-cyan-blue-color\">de resultado<\/mark><\/em><\/strong><\/em><\/strong>: ocorre quando o devedor se responsabiliza pelo atingimento do resultado. Se o resultado n\u00e3o for obtido, o devedor ser\u00e1 considerado inadimplente (ex: m\u00e9dico que faz cirurgia pl\u00e1stica embelezadora; se a cirurgia pl\u00e1stica for para corrigir doen\u00e7a, ser\u00e1 obriga\u00e7\u00e3o de meio).<\/p>\n\n\n\n<p><strong>Assim, como regra geral segundo o STJ temos que:<\/strong><strong><\/strong><\/p>\n\n\n\n<ul class=\"wp-block-list\">\n<li>Na obriga\u00e7\u00e3o de <strong><mark style=\"background-color:rgba(0, 0, 0, 0)\" class=\"has-inline-color has-vivid-cyan-blue-color\">meio<\/mark><\/strong>, o credor (consumidor) dever\u00e1 comprovar que o devedor falhou ao n\u00e3o empregar todos os meios ao seu alcance para conseguir atingir o resultado.<\/li>\n\n\n\n<li>Na obriga\u00e7\u00e3o de <strong><mark style=\"background-color:rgba(0, 0, 0, 0)\" class=\"has-inline-color has-vivid-cyan-blue-color\">resultado<\/mark><\/strong>, presume-se a culpa do devedor e incumbe a ele afastar a sua culpa, demonstrando a exist\u00eancia de uma causa diversa que impediu que ele alcan\u00e7asse o resultado prometido. H\u00e1, portanto, responsabilidade do devedor com culpa presumida.<\/li>\n<\/ul>\n\n\n\n<p>No pertinente, a Ministra Nancy Andrighi , registrou essa observa\u00e7\u00e3o interessante: <strong><mark style=\"background-color:rgba(0, 0, 0, 0)\" class=\"has-inline-color has-vivid-cyan-blue-color\">em cirurgias est\u00e9ticas<\/mark><\/strong>, diferentemente de outros procedimentos m\u00e9dicos, a obriga\u00e7\u00e3o assumida \u00e9 de <strong><mark style=\"background-color:rgba(0, 0, 0, 0)\" class=\"has-inline-color has-vivid-cyan-blue-color\">resultado<\/mark><\/strong>, n\u00e3o apenas de meio. Perceba, esta distin\u00e7\u00e3o \u00e9 fundamental porque altera a din\u00e2mica probat\u00f3ria do processo.<\/p>\n\n\n\n<p>Neste contexto, para entendermos melhor esta diferen\u00e7a,<strong> <mark style=\"background-color:#d6dee6\" class=\"has-inline-color\">imaginemos dois cen\u00e1rios<\/mark><\/strong>.<\/p>\n\n\n\n<p>No <strong>primeiro<\/strong>, um paciente busca tratamento para uma apendicite.\u00a0Assim, o m\u00e9dico se compromete a usar as melhores t\u00e9cnicas dispon\u00edveis para tratar o problema, mas n\u00e3o pode garantir o resultado. Perceba que estamos diante de uma obriga\u00e7\u00e3o de meio.<\/p>\n\n\n\n<p>Por outro lado, <strong>em outro caso<\/strong> estamos diante de uma rinoplastia est\u00e9tica (meu m\u00e9dico querendo me operar, rsrs), e a\u00ed o m\u00e9dico se compromete com um resultado espec\u00edfico, mostrando inclusive como ficar\u00e1 o nariz ap\u00f3s a cirurgia (nariz retinho lindo). Esta \u00e9 uma obriga\u00e7\u00e3o de resultado.<\/p>\n\n\n\n<h2 class=\"wp-block-heading\" id=\"h-qual-a-diferenca\"><span id=\"qual-a-diferenca\"><em><em>Qual a diferen\u00e7a?<\/em><\/em><\/span><\/h2>\n\n\n\n<p>Quando a obriga\u00e7\u00e3o \u00e9 <strong><mark style=\"background-color:rgba(0, 0, 0, 0)\" class=\"has-inline-color has-vivid-cyan-blue-color\">de resultado<\/mark><\/strong>, n\u00e3o cabe ao paciente provar que o m\u00e9dico agiu com neglig\u00eancia. Se algo deu errado, o m\u00e9dico que comprove porque deu errado.<\/p>\n\n\n\n<p>Para o consumidor, basta demonstrar que o resultado prometido n\u00e3o foi alcan\u00e7ado.<\/p>\n\n\n\n<p>Repito, cabe ao m\u00e9dico, ent\u00e3o, provar que o insucesso ocorreu por fatores alheios \u00e0 sua atua\u00e7\u00e3o profissional. Ent\u00e3o, cabe, por exemplo, ao m\u00e9dico dizer que o paciente n\u00e3o seguiu o \u201cprotocolo\u201d p\u00f3s-operat\u00f3rio, n\u00e3o fez determinada fisioterapia, ou compareceu ao seu escrit\u00f3rio para tratar das recomenda\u00e7\u00f5es p\u00f3s cir\u00fargicas\u2026<\/p>\n\n\n\n<p>Logo, segundo o entendimento do STJ, a rela\u00e7\u00e3o entre m\u00e9dico e paciente \u00e9 contratual e encerra, de modo geral, obriga\u00e7\u00e3o <strong><mark style=\"background-color:rgba(0, 0, 0, 0)\" class=\"has-inline-color has-vivid-cyan-blue-color\">de meio<\/mark><\/strong>, salvo em casos de cirurgias pl\u00e1sticas de natureza exclusivamente est\u00e9tica (<strong>REsp 819.008\/PR<\/strong>).<\/p>\n\n\n\n<p>Nessa linha, a obriga\u00e7\u00e3o nas cirurgias meramente est\u00e9ticas \u00e9 <strong><mark style=\"background-color:rgba(0, 0, 0, 0)\" class=\"has-inline-color has-vivid-cyan-blue-color\">de\u00a0resultado<\/mark><\/strong>, comprometendo-se o m\u00e9dico com o efeito embelezador prometido.<\/p>\n\n\n\n<p>Vale ressaltar, no entanto, que, embora a obriga\u00e7\u00e3o seja de resultado, a <strong>responsabilidade do m\u00e9dico permanece subjetiva<\/strong>, com <strong>invers\u00e3o do \u00f4nus da prova<\/strong>, cabendo-lhe comprovar que os danos suportados pelo paciente advieram de fatores externos e alheios \u00e0 sua atua\u00e7\u00e3o profissional.<\/p>\n\n\n\n<p>Trata-se, portanto, de <strong><mark style=\"background-color:rgba(0, 0, 0, 0)\" class=\"has-inline-color has-vivid-cyan-blue-color\">responsabilidade subjetiva com culpa presumida<\/mark><\/strong>. N\u00e3o \u00e9 caso de responsabilidade objetiva. Aplica-se, na hip\u00f3tese, o \u00a7 3\u00ba do art. 14 do CDC:<\/p>\n\n\n\n<pre class=\"wp-block-preformatted\">Art. 14 (...) \u00a7 4\u00ba - A responsabilidade pessoal dos profissionais liberais ser\u00e1 apurada mediante a verifica\u00e7\u00e3o de culpa.<\/pre>\n\n\n\n<p>A responsabilidade com culpa presumida permite que o devedor (no caso, o cirurgi\u00e3o pl\u00e1stico), prove que ocorreu um <strong>fato imponder\u00e1vel<\/strong> que fez com que ele n\u00e3o pudesse atingir o resultado pactuado. Conseguindo provar esta circunst\u00e2ncia, ele se exime do dever de indenizar.<\/p>\n\n\n\n<p><strong><mark style=\"background-color:rgba(0, 0, 0, 0)\" class=\"has-inline-color has-vivid-cyan-blue-color\">O caso fortuito e a for\u00e7a maior<\/mark><\/strong>, apesar de n\u00e3o estarem expressamente previstos no \u00a7 3\u00ba do art. 14 do CDC, podem ser invocados como causas excludentes de responsabilidade dos fornecedores de servi\u00e7os.<\/p>\n\n\n\n<p>Desse modo, se o cirurgi\u00e3o conseguir provar que n\u00e3o atingiu o resultado por conta de um caso fortuito ou for\u00e7a maior, ele n\u00e3o precisa indenizar o paciente.<\/p>\n\n\n\n<h2 class=\"wp-block-heading\" id=\"h-como-e-a-responsabilidade-do-medico-nos-casos-de-cirurgia-que-seja-tanto-reparadora-como-tambem-estetica\"><span id=\"como-e-a-responsabilidade-do-medico-nos-casos-de-cirurgia-que-seja-tanto-reparadora-como-tambem-estetica\">Como \u00e9 a responsabilidade do m\u00e9dico nos casos de cirurgia que seja tanto reparadora como tamb\u00e9m est\u00e9tica?<\/span><\/h2>\n\n\n\n<p>Nas cirurgias de natureza mista (est\u00e9tica e reparadora), como no caso de redu\u00e7\u00e3o de mama, a responsabilidade do m\u00e9dico n\u00e3o pode ser generalizada, devendo ser analisada de forma fracionada, conforme cada finalidade da interven\u00e7\u00e3o. Assim, a responsabilidade do m\u00e9dico ser\u00e1 de resultado em rela\u00e7\u00e3o \u00e0 parcela est\u00e9tica da interven\u00e7\u00e3o e de meio em rela\u00e7\u00e3o \u00e0 sua parcela reparadora (STJ. 3\u00aa Turma, REsp 1.097.955-MG, Rel. Min. Nancy Andrighi, julgado em 27\/9\/2011).<\/p>\n\n\n\n<p>Veja como j\u00e1 decidiu o STJ:<\/p>\n\n\n\n<pre class=\"wp-block-preformatted\">I \u2014 A obriga\u00e7\u00e3o nas cirurgias meramente est\u00e9ticas \u00e9 de resultado, comprometendo-se o m\u00e9dico com o efeito embelezador prometido.\n\nII \u2014 Embora a obriga\u00e7\u00e3o seja de resultado, a responsabilidade do cirurgi\u00e3o pl\u00e1stico permanece subjetiva, com invers\u00e3o do \u00f4nus da prova (responsabilidade com culpa presumida) (n\u00e3o \u00e9 responsabilidade objetiva).\n\nIII \u2014 O caso fortuito e a for\u00e7a maior, apesar de n\u00e3o estarem expressamente previstos no CDC, podem ser invocados como causas excludentes de responsabilidade.\n\nSTJ. 4\u00aa Turma. REsp 985888-SP, Min. Luis Felipe Salom\u00e3o, julgado em 16\/2\/2012 (Info 491).<\/pre>\n\n\n\n<h2 class=\"wp-block-heading\" id=\"h-como-o-tema-ja-caiu-em-provas\"><span id=\"como-o-tema-ja-caiu-em-provas\">Como o tema j\u00e1 caiu em provas<\/span><\/h2>\n\n\n\n<pre class=\"wp-block-preformatted\"><strong>Prova:\u00a0FCC - 2022 - DPE-CE - Defensor(a) P\u00fablico(a) de Entr\u00e2ncia Inicial\n<\/strong>\nAdriana se submeteu a uma cirurgia pl\u00e1stica de abdominoplastia de fins meramente est\u00e9ticos, a qual foi executada pelo m\u00e9dico Tiago. Ap\u00f3s a realiza\u00e7\u00e3o do procedimento, o resultado n\u00e3o saiu como o esperado, e seu abd\u00f4men ficou com assimetrias e diversas cicatrizes com forma\u00e7\u00e3o de queloide. Considerando o posicionamento majorit\u00e1rio do Superior Tribunal de Justi\u00e7a sobre o assunto, em eventual demanda de repara\u00e7\u00e3o civil dos danos decorrentes dessa situa\u00e7\u00e3o hipot\u00e9tica,\n\n<strong>Alternativas<\/strong>\n\nA) Adriana dever\u00e1 demonstrar que o m\u00e9dico agiu com imper\u00edcia, neglig\u00eancia ou imprud\u00eancia, tendo em vista que a aludida rela\u00e7\u00e3o contratual encerra obriga\u00e7\u00e3o de meio.\u00a0\n\nB) ser\u00e1 poss\u00edvel a invers\u00e3o do \u00f4nus da prova, por se tratar de obriga\u00e7\u00e3o de resultado.\u00a0\n\nC) a rela\u00e7\u00e3o, caracterizada como obriga\u00e7\u00e3o de meio, dever\u00e1 ser regida exclusivamente pelo C\u00f3digo Civil, porquanto as disposi\u00e7\u00f5es do C\u00f3digo de Defesa do Consumidor n\u00e3o se aplicam aos contratos celebrados entre m\u00e9dicos e pacientes.\u00a0\n\nD) haver\u00e1 presun\u00e7\u00e3o absoluta de culpa do m\u00e9dico, j\u00e1 que se trata de obriga\u00e7\u00e3o de resultado.\n\nE) Adriana far\u00e1 jus aos danos materiais, independentemente da demonstra\u00e7\u00e3o de culpa de Tiago. No entanto, a paciente dever\u00e1 comprovar que o m\u00e9dico agiu com imprud\u00eancia, neglig\u00eancia ou imper\u00edcia para a obten\u00e7\u00e3o dos danos morais.\u00a0\u00a0\n\n<strong>Gabarito: B.<\/strong><\/pre>\n\n\n\n<hr class=\"wp-block-separator has-alpha-channel-opacity\"\/>\n\n\n\n<h2 class=\"wp-block-heading has-text-align-center\" id=\"h-quer-saber-quais-serao-os-proximos-concursos\"><span id=\"quer-saber-quais-serao-os-proximos-concursos\">Quer saber quais ser\u00e3o os pr\u00f3ximos concursos?<\/span><\/h2>\n\n\n\n<p class=\"has-text-align-center\">Confira nossos\u00a0<a href=\"https:\/\/cj.estrategia.com\/portal\/\" target=\"_blank\" >artigos para Carreiras Jur\u00eddicas<\/a>!<\/p>\n\n\n\n<p class=\"has-text-align-center has-white-color has-pale-cyan-blue-background-color has-text-color has-background has-link-color wp-elements-f3d5123bb0c8e11604d0c8c7f1ea8be8\"><a href=\"https:\/\/www.estrategiaconcursos.com.br\/blog\/concursos-abertos\/\" target=\"_blank\" >Confira os concursos p\u00fablicos abertos<\/a><\/p>\n\n\n\n<p class=\"has-text-align-center has-white-color has-pale-cyan-blue-background-color has-text-color has-background has-link-color wp-elements-94f2aad2f2b05ea3152ac5320a17d121\"><a href=\"https:\/\/cj.estrategia.com\/portal\/web-stories\/\" target=\"_blank\" >Concursos 2024<\/a><\/p>\n\n\n\n<p class=\"has-text-align-center has-white-color has-pale-cyan-blue-background-color has-text-color has-background has-link-color wp-elements-726d644a58045568574d2c1541b18807\"><a href=\"https:\/\/cj.estrategia.com\/portal\/concursos-2025-carreiras-juridicas\/\" target=\"_blank\" >Concursos 2025<\/a><\/p>\n","protected":false},"excerpt":{"rendered":"Meu m\u00e9dico do nariz fala direto para mim: \u201cFelipe, seu nariz \u00e9 ideal para fazermos uma pl\u00e1stica\u201d. E&hellip;\n","protected":false},"author":93,"featured_media":87037,"comment_status":"open","ping_status":"open","sticky":false,"template":"","format":"standard","meta":{"_jetpack_memberships_contains_paid_content":false,"footnotes":""},"categories":[1],"tags":[336,627,1631,1632,1634,1635,1633,1636,1637,202],"tax_estado":[30,31,32,33,34,35,36,37,38,39,40,41,42,43,44,45,46,47,48,49,50,51,52,53,54,55,56,57],"class_list":{"0":"post-86979","1":"post","2":"type-post","3":"status-publish","4":"format-standard","5":"has-post-thumbnail","7":"category-carreiras-juridicas","8":"tag-analise-juridica","9":"tag-caso-fortuito-ou-forca-maior","10":"tag-cirurgia-estetica","11":"tag-cirurgia-plastica","12":"tag-obrigacao-de-meio","13":"tag-obrigacao-de-resultado","14":"tag-resp-1-395-254","15":"tag-resp-819-008-pr","16":"tag-responsabilidade-subjetiva-com-culpa-presumida","17":"tag-stj","18":"tax_estado-ac","19":"tax_estado-al","20":"tax_estado-am","21":"tax_estado-ap","22":"tax_estado-ba","23":"tax_estado-ce","24":"tax_estado-concursos-federais","25":"tax_estado-df","26":"tax_estado-es","27":"tax_estado-go","28":"tax_estado-ma","29":"tax_estado-mg","30":"tax_estado-ms","31":"tax_estado-mt","32":"tax_estado-pa","33":"tax_estado-pb","34":"tax_estado-pe","35":"tax_estado-pi","36":"tax_estado-pr","37":"tax_estado-rj","38":"tax_estado-rn","39":"tax_estado-ro","40":"tax_estado-rr","41":"tax_estado-rs","42":"tax_estado-sc","43":"tax_estado-se","44":"tax_estado-sp","45":"tax_estado-to"},"acf":[],"yoast_head":"<!-- This site is optimized with the Yoast SEO Premium plugin v27.5 (Yoast SEO v27.5) - https:\/\/yoast.com\/product\/yoast-seo-premium-wordpress\/ -->\n<title>Cirurgias est\u00e9ticas s\u00e3o de resultado, decide o STJ<\/title>\n<meta name=\"description\" content=\"O tema das cirurgias pl\u00e1sticas j\u00e1 chegou ao STJ, que aprofundou sobre a responsabilidade m\u00e9dica em procedimentos est\u00e9ticos.\" \/>\n<meta name=\"robots\" content=\"index, follow, max-snippet:-1, max-image-preview:large, max-video-preview:-1\" \/>\n<link rel=\"canonical\" href=\"https:\/\/cj.estrategia.com\/portal\/cirurgias-esteticas-resultado-decisao-stj\/\" \/>\n<meta property=\"og:locale\" content=\"pt_BR\" \/>\n<meta property=\"og:type\" content=\"article\" \/>\n<meta property=\"og:title\" content=\"Cirurgias est\u00e9ticas s\u00e3o de resultado, o que significa isso? \u2013 Decis\u00e3o do STJ\" \/>\n<meta property=\"og:description\" content=\"O tema das cirurgias pl\u00e1sticas j\u00e1 chegou ao STJ, que aprofundou sobre a responsabilidade m\u00e9dica em procedimentos est\u00e9ticos.\" \/>\n<meta property=\"og:url\" content=\"https:\/\/cj.estrategia.com\/portal\/cirurgias-esteticas-resultado-decisao-stj\/\" \/>\n<meta property=\"og:site_name\" content=\"Blog - Carreiras Jur\u00eddicas - Estrat\u00e9gia\" \/>\n<meta property=\"article:publisher\" content=\"https:\/\/www.facebook.com\/estrategiacarreirajuridica\/\" \/>\n<meta property=\"article:published_time\" content=\"2024-12-12T10:58:11+00:00\" \/>\n<meta property=\"article:modified_time\" content=\"2025-01-05T14:29:04+00:00\" \/>\n<meta property=\"og:image\" content=\"https:\/\/cj.estrategia.com\/portal\/wp-content\/uploads\/2024\/12\/12074827\/cirurgia-plastica-harmonizacao-facial-procedimento-medico-scaled.jpg\" \/>\n\t<meta property=\"og:image:width\" content=\"2560\" \/>\n\t<meta property=\"og:image:height\" content=\"1707\" \/>\n\t<meta property=\"og:image:type\" content=\"image\/jpeg\" \/>\n<meta name=\"author\" content=\"Felipe Duque\" \/>\n<meta name=\"twitter:card\" content=\"summary_large_image\" \/>\n<meta name=\"twitter:creator\" content=\"@https:\/\/x.com\/ProfessorDuque\" \/>\n<meta name=\"twitter:site\" content=\"@EstratJuridica\" \/>\n<meta name=\"twitter:label1\" content=\"Escrito por\" \/>\n\t<meta name=\"twitter:data1\" content=\"Felipe Duque\" \/>\n\t<meta name=\"twitter:label2\" content=\"Est. tempo de leitura\" \/>\n\t<meta name=\"twitter:data2\" content=\"7 minutos\" \/>\n<script type=\"application\/ld+json\" class=\"yoast-schema-graph\">{\"@context\":\"https:\\\/\\\/schema.org\",\"@graph\":[{\"@type\":\"NewsArticle\",\"@id\":\"https:\\\/\\\/cj.estrategia.com\\\/portal\\\/cirurgias-esteticas-resultado-decisao-stj\\\/#article\",\"isPartOf\":{\"@id\":\"https:\\\/\\\/cj.estrategia.com\\\/portal\\\/cirurgias-esteticas-resultado-decisao-stj\\\/\"},\"author\":{\"name\":\"Felipe Duque\",\"@id\":\"https:\\\/\\\/cj.estrategia.com\\\/portal\\\/#\\\/schema\\\/person\\\/b5b0253b269d7130d1f7770b1ba29285\"},\"headline\":\"Cirurgias est\u00e9ticas s\u00e3o de resultado, o que significa isso? \u2013 Decis\u00e3o do STJ\",\"datePublished\":\"2024-12-12T10:58:11+00:00\",\"dateModified\":\"2025-01-05T14:29:04+00:00\",\"mainEntityOfPage\":{\"@id\":\"https:\\\/\\\/cj.estrategia.com\\\/portal\\\/cirurgias-esteticas-resultado-decisao-stj\\\/\"},\"wordCount\":1182,\"commentCount\":0,\"publisher\":{\"@id\":\"https:\\\/\\\/cj.estrategia.com\\\/portal\\\/#organization\"},\"image\":{\"@id\":\"https:\\\/\\\/cj.estrategia.com\\\/portal\\\/cirurgias-esteticas-resultado-decisao-stj\\\/#primaryimage\"},\"thumbnailUrl\":\"https:\\\/\\\/cj.estrategia.com\\\/portal\\\/wp-content\\\/uploads\\\/2024\\\/12\\\/12074827\\\/cirurgia-plastica-harmonizacao-facial-procedimento-medico-scaled.jpg\",\"keywords\":[\"an\u00e1lise jur\u00eddica\",\"caso fortuito ou for\u00e7a maior\",\"cirurgia est\u00e9tica\",\"cirurgia pl\u00e1stica\",\"obriga\u00e7\u00e3o de meio\",\"obriga\u00e7\u00e3o de resultado\",\"REsp 1.395.254\",\"REsp 819.008\\\/PR\",\"responsabilidade subjetiva com culpa presumida\",\"STJ\"],\"articleSection\":[\"Carreiras Jur\u00eddicas\"],\"inLanguage\":\"pt-BR\",\"potentialAction\":[{\"@type\":\"CommentAction\",\"name\":\"Comment\",\"target\":[\"https:\\\/\\\/cj.estrategia.com\\\/portal\\\/cirurgias-esteticas-resultado-decisao-stj\\\/#respond\"]}]},{\"@type\":\"WebPage\",\"@id\":\"https:\\\/\\\/cj.estrategia.com\\\/portal\\\/cirurgias-esteticas-resultado-decisao-stj\\\/\",\"url\":\"https:\\\/\\\/cj.estrategia.com\\\/portal\\\/cirurgias-esteticas-resultado-decisao-stj\\\/\",\"name\":\"Cirurgias est\u00e9ticas s\u00e3o de resultado, decide o STJ\",\"isPartOf\":{\"@id\":\"https:\\\/\\\/cj.estrategia.com\\\/portal\\\/#website\"},\"primaryImageOfPage\":{\"@id\":\"https:\\\/\\\/cj.estrategia.com\\\/portal\\\/cirurgias-esteticas-resultado-decisao-stj\\\/#primaryimage\"},\"image\":{\"@id\":\"https:\\\/\\\/cj.estrategia.com\\\/portal\\\/cirurgias-esteticas-resultado-decisao-stj\\\/#primaryimage\"},\"thumbnailUrl\":\"https:\\\/\\\/cj.estrategia.com\\\/portal\\\/wp-content\\\/uploads\\\/2024\\\/12\\\/12074827\\\/cirurgia-plastica-harmonizacao-facial-procedimento-medico-scaled.jpg\",\"datePublished\":\"2024-12-12T10:58:11+00:00\",\"dateModified\":\"2025-01-05T14:29:04+00:00\",\"description\":\"O tema das cirurgias pl\u00e1sticas j\u00e1 chegou ao STJ, que aprofundou sobre a responsabilidade m\u00e9dica em procedimentos est\u00e9ticos.\",\"breadcrumb\":{\"@id\":\"https:\\\/\\\/cj.estrategia.com\\\/portal\\\/cirurgias-esteticas-resultado-decisao-stj\\\/#breadcrumb\"},\"inLanguage\":\"pt-BR\",\"potentialAction\":[{\"@type\":\"ReadAction\",\"target\":[\"https:\\\/\\\/cj.estrategia.com\\\/portal\\\/cirurgias-esteticas-resultado-decisao-stj\\\/\"]}]},{\"@type\":\"ImageObject\",\"inLanguage\":\"pt-BR\",\"@id\":\"https:\\\/\\\/cj.estrategia.com\\\/portal\\\/cirurgias-esteticas-resultado-decisao-stj\\\/#primaryimage\",\"url\":\"https:\\\/\\\/cj.estrategia.com\\\/portal\\\/wp-content\\\/uploads\\\/2024\\\/12\\\/12074827\\\/cirurgia-plastica-harmonizacao-facial-procedimento-medico-scaled.jpg\",\"contentUrl\":\"https:\\\/\\\/cj.estrategia.com\\\/portal\\\/wp-content\\\/uploads\\\/2024\\\/12\\\/12074827\\\/cirurgia-plastica-harmonizacao-facial-procedimento-medico-scaled.jpg\",\"width\":2560,\"height\":1707},{\"@type\":\"BreadcrumbList\",\"@id\":\"https:\\\/\\\/cj.estrategia.com\\\/portal\\\/cirurgias-esteticas-resultado-decisao-stj\\\/#breadcrumb\",\"itemListElement\":[{\"@type\":\"ListItem\",\"position\":1,\"name\":\"In\u00edcio\",\"item\":\"https:\\\/\\\/cj.estrategia.com\\\/portal\\\/\"},{\"@type\":\"ListItem\",\"position\":2,\"name\":\"Cirurgias est\u00e9ticas s\u00e3o de resultado, o que significa isso? \u2013 Decis\u00e3o do STJ\"}]},{\"@type\":\"WebSite\",\"@id\":\"https:\\\/\\\/cj.estrategia.com\\\/portal\\\/#website\",\"url\":\"https:\\\/\\\/cj.estrategia.com\\\/portal\\\/\",\"name\":\"Blog - Carreiras Jur\u00eddicas - Estrat\u00e9gia\",\"description\":\"\",\"publisher\":{\"@id\":\"https:\\\/\\\/cj.estrategia.com\\\/portal\\\/#organization\"},\"potentialAction\":[{\"@type\":\"SearchAction\",\"target\":{\"@type\":\"EntryPoint\",\"urlTemplate\":\"https:\\\/\\\/cj.estrategia.com\\\/portal\\\/?s={search_term_string}\"},\"query-input\":{\"@type\":\"PropertyValueSpecification\",\"valueRequired\":true,\"valueName\":\"search_term_string\"}}],\"inLanguage\":\"pt-BR\"},{\"@type\":\"Organization\",\"@id\":\"https:\\\/\\\/cj.estrategia.com\\\/portal\\\/#organization\",\"name\":\"Estrat\u00e9gia - Carreiras Jur\u00eddicas\",\"url\":\"https:\\\/\\\/cj.estrategia.com\\\/portal\\\/\",\"logo\":{\"@type\":\"ImageObject\",\"inLanguage\":\"pt-BR\",\"@id\":\"https:\\\/\\\/cj.estrategia.com\\\/portal\\\/#\\\/schema\\\/logo\\\/image\\\/\",\"url\":\"https:\\\/\\\/cj.estrategia.com\\\/portal\\\/wp-content\\\/uploads\\\/2022\\\/03\\\/11151052\\\/cj-logo.png\",\"contentUrl\":\"https:\\\/\\\/cj.estrategia.com\\\/portal\\\/wp-content\\\/uploads\\\/2022\\\/03\\\/11151052\\\/cj-logo.png\",\"width\":150,\"height\":39,\"caption\":\"Estrat\u00e9gia - Carreiras Jur\u00eddicas\"},\"image\":{\"@id\":\"https:\\\/\\\/cj.estrategia.com\\\/portal\\\/#\\\/schema\\\/logo\\\/image\\\/\"},\"sameAs\":[\"https:\\\/\\\/www.facebook.com\\\/estrategiacarreirajuridica\\\/\",\"https:\\\/\\\/x.com\\\/EstratJuridica\",\"https:\\\/\\\/www.instagram.com\\\/estrategiacarreirajuridica\\\/\",\"https:\\\/\\\/www.youtube.com\\\/channel\\\/UClbMGuYbj2Mh1m3w144ETWQ\"]},{\"@type\":\"Person\",\"@id\":\"https:\\\/\\\/cj.estrategia.com\\\/portal\\\/#\\\/schema\\\/person\\\/b5b0253b269d7130d1f7770b1ba29285\",\"name\":\"Felipe Duque\",\"image\":{\"@type\":\"ImageObject\",\"inLanguage\":\"pt-BR\",\"@id\":\"https:\\\/\\\/cj.estrategia.com\\\/portal\\\/wp-content\\\/uploads\\\/2024\\\/08\\\/06162009\\\/Captura-de-Tela-2024-08-06-as-16.19.26-96x96.png\",\"url\":\"https:\\\/\\\/cj.estrategia.com\\\/portal\\\/wp-content\\\/uploads\\\/2024\\\/08\\\/06162009\\\/Captura-de-Tela-2024-08-06-as-16.19.26-96x96.png\",\"contentUrl\":\"https:\\\/\\\/cj.estrategia.com\\\/portal\\\/wp-content\\\/uploads\\\/2024\\\/08\\\/06162009\\\/Captura-de-Tela-2024-08-06-as-16.19.26-96x96.png\",\"caption\":\"Felipe Duque\"},\"description\":\"Felipe Duque - Mestre em Direito Pol\u00edtico e Econ\u00f4mico na Mackenzie-SP. Graduado em Direito pela Universidade Cat\u00f3lica de Pernambuco, com conclus\u00e3o pelo regime de Aproveitamento Extraordin\u00e1rio nos Estudos (art. 47, \u00a7 2\u00ba, da Lei n\u00ba 9.394\\\/96). Ex-Assessor de Desembargador no TJPE. Procurador da Fazenda Nacional. Integra voluntariamente a Coordena\u00e7\u00e3o de Assuntos Estrat\u00e9gicos Judiciais da PGFN. Professor do Estrat\u00e9gia Carreira Jur\u00eddica, Estrat\u00e9gia OAB e Buscador Dizer o Direito. Autor do livro \u201cReforma Tribut\u00e1ria Comentada e Esquematizada\u201d, \\\"Manual de Processo Tribut\u00e1rio: Administrativo e Judicial\\\" pela editora Juspodivm Parecerista na Revista de Estudos Jur\u00eddicos do Superior Tribunal de Justi\u00e7a (REJuriSTJ)\",\"sameAs\":[\"http:\\\/\\\/lattes.cnpq.br\\\/5755137268084324\",\"https:\\\/\\\/www.instagram.com\\\/felipe_duque\\\/\",\"https:\\\/\\\/br.linkedin.com\\\/in\\\/felipe-duque-56954638\",\"https:\\\/\\\/x.com\\\/https:\\\/\\\/x.com\\\/ProfessorDuque\",\"https:\\\/\\\/www.youtube.com\\\/@felipeduque-experienciasco5797\"],\"url\":\"https:\\\/\\\/cj.estrategia.com\\\/portal\\\/author\\\/felipe-duque\\\/\"}]}<\/script>\n<!-- \/ Yoast SEO Premium plugin. -->","yoast_head_json":{"title":"Cirurgias est\u00e9ticas s\u00e3o de resultado, decide o STJ","description":"O tema das cirurgias pl\u00e1sticas j\u00e1 chegou ao STJ, que aprofundou sobre a responsabilidade m\u00e9dica em procedimentos est\u00e9ticos.","robots":{"index":"index","follow":"follow","max-snippet":"max-snippet:-1","max-image-preview":"max-image-preview:large","max-video-preview":"max-video-preview:-1"},"canonical":"https:\/\/cj.estrategia.com\/portal\/cirurgias-esteticas-resultado-decisao-stj\/","og_locale":"pt_BR","og_type":"article","og_title":"Cirurgias est\u00e9ticas s\u00e3o de resultado, o que significa isso? \u2013 Decis\u00e3o do STJ","og_description":"O tema das cirurgias pl\u00e1sticas j\u00e1 chegou ao STJ, que aprofundou sobre a responsabilidade m\u00e9dica em procedimentos est\u00e9ticos.","og_url":"https:\/\/cj.estrategia.com\/portal\/cirurgias-esteticas-resultado-decisao-stj\/","og_site_name":"Blog - Carreiras Jur\u00eddicas - Estrat\u00e9gia","article_publisher":"https:\/\/www.facebook.com\/estrategiacarreirajuridica\/","article_published_time":"2024-12-12T10:58:11+00:00","article_modified_time":"2025-01-05T14:29:04+00:00","og_image":[{"width":2560,"height":1707,"url":"https:\/\/cj.estrategia.com\/portal\/wp-content\/uploads\/2024\/12\/12074827\/cirurgia-plastica-harmonizacao-facial-procedimento-medico-scaled.jpg","type":"image\/jpeg"}],"author":"Felipe Duque","twitter_card":"summary_large_image","twitter_creator":"@https:\/\/x.com\/ProfessorDuque","twitter_site":"@EstratJuridica","twitter_misc":{"Escrito por":"Felipe Duque","Est. tempo de leitura":"7 minutos"},"schema":{"@context":"https:\/\/schema.org","@graph":[{"@type":"NewsArticle","@id":"https:\/\/cj.estrategia.com\/portal\/cirurgias-esteticas-resultado-decisao-stj\/#article","isPartOf":{"@id":"https:\/\/cj.estrategia.com\/portal\/cirurgias-esteticas-resultado-decisao-stj\/"},"author":{"name":"Felipe Duque","@id":"https:\/\/cj.estrategia.com\/portal\/#\/schema\/person\/b5b0253b269d7130d1f7770b1ba29285"},"headline":"Cirurgias est\u00e9ticas s\u00e3o de resultado, o que significa isso? \u2013 Decis\u00e3o do STJ","datePublished":"2024-12-12T10:58:11+00:00","dateModified":"2025-01-05T14:29:04+00:00","mainEntityOfPage":{"@id":"https:\/\/cj.estrategia.com\/portal\/cirurgias-esteticas-resultado-decisao-stj\/"},"wordCount":1182,"commentCount":0,"publisher":{"@id":"https:\/\/cj.estrategia.com\/portal\/#organization"},"image":{"@id":"https:\/\/cj.estrategia.com\/portal\/cirurgias-esteticas-resultado-decisao-stj\/#primaryimage"},"thumbnailUrl":"https:\/\/cj.estrategia.com\/portal\/wp-content\/uploads\/2024\/12\/12074827\/cirurgia-plastica-harmonizacao-facial-procedimento-medico-scaled.jpg","keywords":["an\u00e1lise jur\u00eddica","caso fortuito ou for\u00e7a maior","cirurgia est\u00e9tica","cirurgia pl\u00e1stica","obriga\u00e7\u00e3o de meio","obriga\u00e7\u00e3o de resultado","REsp 1.395.254","REsp 819.008\/PR","responsabilidade subjetiva com culpa presumida","STJ"],"articleSection":["Carreiras Jur\u00eddicas"],"inLanguage":"pt-BR","potentialAction":[{"@type":"CommentAction","name":"Comment","target":["https:\/\/cj.estrategia.com\/portal\/cirurgias-esteticas-resultado-decisao-stj\/#respond"]}]},{"@type":"WebPage","@id":"https:\/\/cj.estrategia.com\/portal\/cirurgias-esteticas-resultado-decisao-stj\/","url":"https:\/\/cj.estrategia.com\/portal\/cirurgias-esteticas-resultado-decisao-stj\/","name":"Cirurgias est\u00e9ticas s\u00e3o de resultado, decide o STJ","isPartOf":{"@id":"https:\/\/cj.estrategia.com\/portal\/#website"},"primaryImageOfPage":{"@id":"https:\/\/cj.estrategia.com\/portal\/cirurgias-esteticas-resultado-decisao-stj\/#primaryimage"},"image":{"@id":"https:\/\/cj.estrategia.com\/portal\/cirurgias-esteticas-resultado-decisao-stj\/#primaryimage"},"thumbnailUrl":"https:\/\/cj.estrategia.com\/portal\/wp-content\/uploads\/2024\/12\/12074827\/cirurgia-plastica-harmonizacao-facial-procedimento-medico-scaled.jpg","datePublished":"2024-12-12T10:58:11+00:00","dateModified":"2025-01-05T14:29:04+00:00","description":"O tema das cirurgias pl\u00e1sticas j\u00e1 chegou ao STJ, que aprofundou sobre a responsabilidade m\u00e9dica em procedimentos est\u00e9ticos.","breadcrumb":{"@id":"https:\/\/cj.estrategia.com\/portal\/cirurgias-esteticas-resultado-decisao-stj\/#breadcrumb"},"inLanguage":"pt-BR","potentialAction":[{"@type":"ReadAction","target":["https:\/\/cj.estrategia.com\/portal\/cirurgias-esteticas-resultado-decisao-stj\/"]}]},{"@type":"ImageObject","inLanguage":"pt-BR","@id":"https:\/\/cj.estrategia.com\/portal\/cirurgias-esteticas-resultado-decisao-stj\/#primaryimage","url":"https:\/\/cj.estrategia.com\/portal\/wp-content\/uploads\/2024\/12\/12074827\/cirurgia-plastica-harmonizacao-facial-procedimento-medico-scaled.jpg","contentUrl":"https:\/\/cj.estrategia.com\/portal\/wp-content\/uploads\/2024\/12\/12074827\/cirurgia-plastica-harmonizacao-facial-procedimento-medico-scaled.jpg","width":2560,"height":1707},{"@type":"BreadcrumbList","@id":"https:\/\/cj.estrategia.com\/portal\/cirurgias-esteticas-resultado-decisao-stj\/#breadcrumb","itemListElement":[{"@type":"ListItem","position":1,"name":"In\u00edcio","item":"https:\/\/cj.estrategia.com\/portal\/"},{"@type":"ListItem","position":2,"name":"Cirurgias est\u00e9ticas s\u00e3o de resultado, o que significa isso? \u2013 Decis\u00e3o do STJ"}]},{"@type":"WebSite","@id":"https:\/\/cj.estrategia.com\/portal\/#website","url":"https:\/\/cj.estrategia.com\/portal\/","name":"Blog - Carreiras Jur\u00eddicas - Estrat\u00e9gia","description":"","publisher":{"@id":"https:\/\/cj.estrategia.com\/portal\/#organization"},"potentialAction":[{"@type":"SearchAction","target":{"@type":"EntryPoint","urlTemplate":"https:\/\/cj.estrategia.com\/portal\/?s={search_term_string}"},"query-input":{"@type":"PropertyValueSpecification","valueRequired":true,"valueName":"search_term_string"}}],"inLanguage":"pt-BR"},{"@type":"Organization","@id":"https:\/\/cj.estrategia.com\/portal\/#organization","name":"Estrat\u00e9gia - Carreiras Jur\u00eddicas","url":"https:\/\/cj.estrategia.com\/portal\/","logo":{"@type":"ImageObject","inLanguage":"pt-BR","@id":"https:\/\/cj.estrategia.com\/portal\/#\/schema\/logo\/image\/","url":"https:\/\/cj.estrategia.com\/portal\/wp-content\/uploads\/2022\/03\/11151052\/cj-logo.png","contentUrl":"https:\/\/cj.estrategia.com\/portal\/wp-content\/uploads\/2022\/03\/11151052\/cj-logo.png","width":150,"height":39,"caption":"Estrat\u00e9gia - Carreiras Jur\u00eddicas"},"image":{"@id":"https:\/\/cj.estrategia.com\/portal\/#\/schema\/logo\/image\/"},"sameAs":["https:\/\/www.facebook.com\/estrategiacarreirajuridica\/","https:\/\/x.com\/EstratJuridica","https:\/\/www.instagram.com\/estrategiacarreirajuridica\/","https:\/\/www.youtube.com\/channel\/UClbMGuYbj2Mh1m3w144ETWQ"]},{"@type":"Person","@id":"https:\/\/cj.estrategia.com\/portal\/#\/schema\/person\/b5b0253b269d7130d1f7770b1ba29285","name":"Felipe Duque","image":{"@type":"ImageObject","inLanguage":"pt-BR","@id":"https:\/\/cj.estrategia.com\/portal\/wp-content\/uploads\/2024\/08\/06162009\/Captura-de-Tela-2024-08-06-as-16.19.26-96x96.png","url":"https:\/\/cj.estrategia.com\/portal\/wp-content\/uploads\/2024\/08\/06162009\/Captura-de-Tela-2024-08-06-as-16.19.26-96x96.png","contentUrl":"https:\/\/cj.estrategia.com\/portal\/wp-content\/uploads\/2024\/08\/06162009\/Captura-de-Tela-2024-08-06-as-16.19.26-96x96.png","caption":"Felipe Duque"},"description":"Felipe Duque - Mestre em Direito Pol\u00edtico e Econ\u00f4mico na Mackenzie-SP. Graduado em Direito pela Universidade Cat\u00f3lica de Pernambuco, com conclus\u00e3o pelo regime de Aproveitamento Extraordin\u00e1rio nos Estudos (art. 47, \u00a7 2\u00ba, da Lei n\u00ba 9.394\/96). Ex-Assessor de Desembargador no TJPE. Procurador da Fazenda Nacional. Integra voluntariamente a Coordena\u00e7\u00e3o de Assuntos Estrat\u00e9gicos Judiciais da PGFN. Professor do Estrat\u00e9gia Carreira Jur\u00eddica, Estrat\u00e9gia OAB e Buscador Dizer o Direito. Autor do livro \u201cReforma Tribut\u00e1ria Comentada e Esquematizada\u201d, \"Manual de Processo Tribut\u00e1rio: Administrativo e Judicial\" pela editora Juspodivm Parecerista na Revista de Estudos Jur\u00eddicos do Superior Tribunal de Justi\u00e7a (REJuriSTJ)","sameAs":["http:\/\/lattes.cnpq.br\/5755137268084324","https:\/\/www.instagram.com\/felipe_duque\/","https:\/\/br.linkedin.com\/in\/felipe-duque-56954638","https:\/\/x.com\/https:\/\/x.com\/ProfessorDuque","https:\/\/www.youtube.com\/@felipeduque-experienciasco5797"],"url":"https:\/\/cj.estrategia.com\/portal\/author\/felipe-duque\/"}]}},"jetpack_featured_media_url":"https:\/\/cj.estrategia.com\/portal\/wp-content\/uploads\/2024\/12\/12074827\/cirurgia-plastica-harmonizacao-facial-procedimento-medico-scaled.jpg","jetpack_sharing_enabled":true,"_links":{"self":[{"href":"https:\/\/cj.estrategia.com\/portal\/wp-json\/wp\/v2\/posts\/86979","targetHints":{"allow":["GET"]}}],"collection":[{"href":"https:\/\/cj.estrategia.com\/portal\/wp-json\/wp\/v2\/posts"}],"about":[{"href":"https:\/\/cj.estrategia.com\/portal\/wp-json\/wp\/v2\/types\/post"}],"author":[{"embeddable":true,"href":"https:\/\/cj.estrategia.com\/portal\/wp-json\/wp\/v2\/users\/93"}],"replies":[{"embeddable":true,"href":"https:\/\/cj.estrategia.com\/portal\/wp-json\/wp\/v2\/comments?post=86979"}],"version-history":[{"count":0,"href":"https:\/\/cj.estrategia.com\/portal\/wp-json\/wp\/v2\/posts\/86979\/revisions"}],"wp:featuredmedia":[{"embeddable":true,"href":"https:\/\/cj.estrategia.com\/portal\/wp-json\/wp\/v2\/media\/87037"}],"wp:attachment":[{"href":"https:\/\/cj.estrategia.com\/portal\/wp-json\/wp\/v2\/media?parent=86979"}],"wp:term":[{"taxonomy":"category","embeddable":true,"href":"https:\/\/cj.estrategia.com\/portal\/wp-json\/wp\/v2\/categories?post=86979"},{"taxonomy":"post_tag","embeddable":true,"href":"https:\/\/cj.estrategia.com\/portal\/wp-json\/wp\/v2\/tags?post=86979"},{"taxonomy":"tax_estado","embeddable":true,"href":"https:\/\/cj.estrategia.com\/portal\/wp-json\/wp\/v2\/tax_estado?post=86979"}],"curies":[{"name":"wp","href":"https:\/\/api.w.org\/{rel}","templated":true}]}}