{"id":86966,"date":"2024-12-12T00:32:07","date_gmt":"2024-12-12T03:32:07","guid":{"rendered":"https:\/\/cj.estrategia.com\/portal\/?p=86966"},"modified":"2025-01-05T11:33:49","modified_gmt":"2025-01-05T14:33:49","slug":"juri-mae-reagiu-abuso-sexual","status":"publish","type":"post","link":"https:\/\/cj.estrategia.com\/portal\/juri-mae-reagiu-abuso-sexual\/","title":{"rendered":"J\u00fari Popular absolve m\u00e3e que esfaqueou mulher ap\u00f3s abuso sexual contra filha de tr\u00eas anos"},"content":{"rendered":"\n<p>No dia 28 de novembro de 2024, um j\u00fari popular absolveu uma m\u00e3e acusada de <strong><mark style=\"background-color:rgba(0, 0, 0, 0);color:#0c8209\" class=\"has-inline-color\">tentativa de homic\u00eddio<\/mark><\/strong> contra uma mulher que abusou sexualmente de sua filha de tr\u00eas anos em 2013.<\/p>\n\n\n\n<p>O caso ocorreu na cidade de Crate\u00fas, no interior do Cear\u00e1, e trouxe \u00e0 tona quest\u00f5es sobre a rea\u00e7\u00e3o desesperada de uma m\u00e3e diante de uma situa\u00e7\u00e3o de viol\u00eancia extrema.<\/p>\n\n\n\n<p>Ap\u00f3s 11 anos respondendo ao processo, a mulher, defendida pela Defensoria P\u00fablica do Cear\u00e1 (DPCE), teve sua inoc\u00eancia reconhecida.<\/p>\n\n\n\n<h2 class=\"wp-block-heading\" id=\"h-o-caso-e-os-fatos-apurados\"><span id=\"o-caso-e-os-fatos-apurados\">O caso e os fatos apurados<\/span><\/h2>\n\n\n\n<p>Em junho de 2013, a m\u00e3e, \u00e0 \u00e9poca com 35 anos, estava trabalhando como faxineira em uma casa e precisou levar sua filha ao local por n\u00e3o ter com quem deix\u00e1-la.<\/p>\n\n\n\n<p>Durante o trabalho, enquanto tomava banho antes de ir embora, ouviu o choro da filha e, ao sair, encontrou a menina ferida, com evidentes sinais de viol\u00eancia sexual.<\/p>\n\n\n\n<p>A agressora era uma mulher que frequentava a casa, descrita pela Defensoria P\u00fablica como um espa\u00e7o onde o propriet\u00e1rio permitia o uso de drogas por pessoas em situa\u00e7\u00e3o de prostitui\u00e7\u00e3o.<\/p>\n\n\n\n<p>Ao presenciar o estado da filha, a m\u00e3e reagiu imediatamente e desferiu duas facadas contra a agressora, em um ato de desespero.<\/p>\n\n\n\n<h2 class=\"wp-block-heading\" id=\"h-julgamento-e-defesa-juridica\"><span id=\"julgamento-e-defesa-juridica\">Julgamento e defesa jur\u00eddica<\/span><\/h2>\n\n\n\n<p>O <strong><mark style=\"background-color:rgba(0, 0, 0, 0);color:#0c8209\" class=\"has-inline-color\">Tribunal do J\u00fari<\/mark><\/strong> \u00e9 respons\u00e1vel pelo julgamento dos crimes dolosos contra a vida, e, por for\u00e7a da norma contida no art. 78, I, do CPP, tamb\u00e9m dos crimes conexos.<\/p>\n\n\n\n<pre class=\"wp-block-verse has-background\" style=\"background-color:#95f373\">H\u00e1 que sustente que a justificativa da escolha de nosso constituinte decorre do fato de que o homic\u00eddio \u00e9 um crime que qualquer um de n\u00f3s poderia cometer, ainda que amparado por alguma justificante ou dirimente da culpabilidade, diferentemente do furto, do roubo e do tr\u00e1fico de drogas.<\/pre>\n\n\n\n<p>Ao conselho de senten\u00e7a, integrado por cidad\u00e3os do povo, maiores de 18 anos e com not\u00f3ria idoneidade (art. 436, do CPP), cabe a an\u00e1lise de quest\u00f5es f\u00e1ticas, decidindo, de acordo com a sua \u00edntima convic\u00e7\u00e3o, pela condena\u00e7\u00e3o ou absolvi\u00e7\u00e3o do acusado.<\/p>\n\n\n\n<p>Dois detalhes importantes nesse contexto. <strong>Primeiro<\/strong>, que o jurado n\u00e3o precisa justificar o seu voto, que ali\u00e1s, sequer \u00e9 revelado. O sigilo das vota\u00e7\u00f5es e a pr\u00f3pria din\u00e2mica da vota\u00e7\u00e3o garante ao jurado a isen\u00e7\u00e3o para julgar de acordo com a sua convic\u00e7\u00e3o e com a prova dos autos.<\/p>\n\n\n\n<p><strong>Segundo<\/strong>, que o jurado, n\u00e3o tendo que justificar o seu voto e indicar os fundamentos de seu veredicto, pode absolver por clem\u00eancia, \u00e9 dizer, pode perdoar o acusado.<\/p>\n\n\n\n<p>Surgiu, inclusive, intenso debate a respeito da <strong>recorribilidade da decis\u00e3o absolut\u00f3ria<\/strong> proferida pelo conselho de senten\u00e7a. Oportunidade em que o STF afirmou a possiblidade de interposi\u00e7\u00e3o de recurso, salientando, no entanto, que:<\/p>\n\n\n\n<pre class=\"wp-block-verse\">\u201cO Tribunal somente ir\u00e1 determinar a realiza\u00e7\u00e3o de um novo julgamento se a clem\u00eancia concedida ao acusado se basear em uma tese apresentada pela defesa que seja incompat\u00edvel com a Constitui\u00e7\u00e3o, com os precedentes obrigat\u00f3rios do Supremo Tribunal Federal e com os fatos descritos no processo. Isso pode ocorrer, por exemplo, se as teses da defesa forem baseadas em homofobia, racismo ou machismo (na \u201cleg\u00edtima defesa da honra\u201d). Essa an\u00e1lise ser\u00e1 feita com base na ata de julgamento, documento que registra as falas das partes e dos advogados.\u201d<\/pre>\n\n\n\n<p>Com isso, frequentemente as partes alegam teses metajur\u00eddicas em plen\u00e1rio, \u00e9 dizer, teses que n\u00e3o tem respaldo na lei, buscando convencer os jurados sobre a necessidade de condena\u00e7\u00e3o ou de absolvi\u00e7\u00e3o, como por exemplo, o argumento de que os pres\u00eddios est\u00e3o lotados, que o sistema prisional n\u00e3o ressocializa, mas ao contr\u00e1rio funciona como uma \u201cescola do crime\u201d.<\/p>\n\n\n\n<h2 class=\"wp-block-heading\" id=\"h-possiveis-teses-juridicas\"><span id=\"possiveis-teses-juridicas\">Poss\u00edveis teses jur\u00eddicas<\/span><\/h2>\n\n\n\n<p>No caso narrado, <strong><mark style=\"background-color:#d4d8dc\" class=\"has-inline-color\">haveria espa\u00e7o para alguma tese jur\u00eddica?<\/mark><\/strong><\/p>\n\n\n\n<p><strong>a) Leg\u00edtima defesa<\/strong><\/p>\n\n\n\n<p>O artigo 25, do CP disp\u00f5e que<\/p>\n\n\n\n<pre class=\"wp-block-preformatted\">\u201cEntende-se em leg\u00edtima defesa quem, usando moderadamente dos meios necess\u00e1rios, repele injusta agress\u00e3o, atual ou iminente, a direito seu ou de outrem\u201d.<\/pre>\n\n\n\n<p>A <strong><mark style=\"background-color:rgba(0, 0, 0, 0);color:#0c8209\" class=\"has-inline-color\">leg\u00edtima defesa pode ser pr\u00f3pria ou de terceiro<\/mark><\/strong>, pressupondo, em qualquer caso, que a agress\u00e3o injusta seja atual ou iminente.<\/p>\n\n\n\n<p>E a\u00ed vem o questionamento: <strong><mark style=\"background-color:#d4d8dc\" class=\"has-inline-color\">estaria a m\u00e3e amparada pela leg\u00edtima defesa de terceiro?<\/mark><\/strong><\/p>\n\n\n\n<p>N\u00e3o parece ser o caso, j\u00e1 que a agress\u00e3o (o abuso) j\u00e1 teria se concretizado!<\/p>\n\n\n\n<p>Do ponto de vista t\u00e9cnico, portanto, n\u00e3o h\u00e1 leg\u00edtima defesa.<\/p>\n\n\n\n<p><strong>b) Inexigibilidade de conduta diversa?<\/strong><\/p>\n\n\n\n<p>Bom, a inexigibilidade de conduta diversa \u00e9 uma <strong><mark style=\"background-color:rgba(0, 0, 0, 0);color:#0c8209\" class=\"has-inline-color\">exculpante<\/mark><\/strong>. O fato, embora t\u00edpico e il\u00edcito, n\u00e3o seria culp\u00e1vel.<\/p>\n\n\n\n<p>A pergunta que se faz \u00e9: <strong><mark style=\"background-color:#d4d8dc\" class=\"has-inline-color\">poder\u00edamos exigir da acusada uma conduta diferente?<\/mark><\/strong><\/p>\n\n\n\n<p>Talvez esse tenha sido o fundamento para que os jurados acatassem a tese de absolvi\u00e7\u00e3o sustentada.<\/p>\n\n\n\n<p>Embora n\u00e3o nos seja dado \u201cfazer justi\u00e7a com as pr\u00f3prias m\u00e3os\u201d (o que inclusive \u00e9 crime), a situa\u00e7\u00e3o de nervosismo talvez tenha retirado, ainda que momentaneamente, o discernimento da acusada.<\/p>\n\n\n\n<p>Fa\u00e7o a afirma\u00e7\u00e3o, analisando o tema do ponto de vista jur\u00eddico e n\u00e3o como Promotor de Justi\u00e7a!<\/p>\n\n\n\n<p><strong>c) Seria o caso de incid\u00eancia do privil\u00e9gio?<\/strong><\/p>\n\n\n\n<p>O \u00a71\u00ba, do artigo 121, do CP diz que<\/p>\n\n\n\n<pre class=\"wp-block-preformatted\">\u201cSe o agente comete o crime impelido por motivo de relevante valor social ou moral, ou sob o dom\u00ednio de violenta emo\u00e7\u00e3o, logo em seguida a injusta provoca\u00e7\u00e3o da v\u00edtima, o juiz pode reduzir a pena de um sexto a um ter\u00e7o.\u201d<\/pre>\n\n\n\n<p>O caso narrado \u00e9 cl\u00e1ssico exemplo de <strong><mark style=\"background-color:rgba(0, 0, 0, 0);color:#0c8209\" class=\"has-inline-color\">incid\u00eancia do privil\u00e9gio<\/mark><\/strong>, pois a acusada agiu indiscutivelmente dominada por violenta emo\u00e7\u00e3o, diante da constata\u00e7\u00e3o de que a sua filha havia sido violentada!<\/p>\n\n\n\n<h2 class=\"wp-block-heading\" id=\"h-a-votacao\"><span id=\"a-votacao\">A vota\u00e7\u00e3o<\/span><\/h2>\n\n\n\n<p>De acordo com a reportagem, o conselho de senten\u00e7a absolveu a r\u00e9, de modo que eventual <strong>tese de privil\u00e9gio n\u00e3o chegou sequer a ser apreciada<\/strong> pelo conselho de senten\u00e7a.<\/p>\n\n\n\n<p>Os quesitos devem ser elaborados pelo magistrado em observ\u00e2ncia ao artigo 483, do CPP. Questiona-se materialidade, autoria, se o jurado absolve o acusado, para, em seguida, formular questionamentos em torno de eventual privil\u00e9gio e qualificadoras.<\/p>\n\n\n\n<p>Como houve absolvi\u00e7\u00e3o, todos os quesitos subsequentes (incluindo o privil\u00e9gio) ficam prejudicados.<\/p>\n\n\n\n<p>N\u00e3o podemos afirmar qual foi o motivo da absolvi\u00e7\u00e3o, diante do sistema de vota\u00e7\u00e3o, que n\u00e3o nos permite perquirir os fundamentos do voto de cada jurado. Pode ter sido por inexigibilidade de conduta diversa, clem\u00eancia ou mesmo a leg\u00edtima defesa de terceiro.<\/p>\n\n\n\n<p>Vamos lembrar que os jurados n\u00e3o s\u00e3o necessariamente versados em direito e podem se confundir com quest\u00f5es t\u00e9cnicas. Assim, podem ter se convencido de que ali havia uma agress\u00e3o atual&#8230; o que n\u00e3o nos parece razo\u00e1vel diante do que foi contado na reportagem.<\/p>\n\n\n\n<h2 class=\"wp-block-heading\" id=\"h-tempo-e-sofrimento-11-anos-de-espera-por-justica\"><span id=\"tempo-e-sofrimento-11-anos-de-espera-por-justica\">Tempo e sofrimento: 11 anos de espera por justi\u00e7a<\/span><\/h2>\n\n\n\n<p>A demora no desfecho do caso trouxe sofrimento adicional \u00e0 m\u00e3e, que enfrentou um longo processo penal enquanto cuidava da filha, v\u00edtima de viol\u00eancia.<\/p>\n\n\n\n<div class=\"wp-block-media-text is-stacked-on-mobile\"><figure class=\"wp-block-media-text__media\"><img decoding=\"async\" width=\"1024\" height=\"683\" src=\"https:\/\/cj.estrategia.com\/portal\/wp-content\/uploads\/2024\/12\/12002953\/prazo-tempo-processo-julgamento-justica-1024x683.jpg\" alt=\"M\u00e3e, justi\u00e7a, tempo\" class=\"wp-image-86977 size-full\" srcset=\"https:\/\/cj.estrategia.com\/portal\/wp-content\/uploads\/2024\/12\/12002953\/prazo-tempo-processo-julgamento-justica-1024x683.jpg 1024w, https:\/\/cj.estrategia.com\/portal\/wp-content\/uploads\/2024\/12\/12002953\/prazo-tempo-processo-julgamento-justica-300x200.jpg 300w, https:\/\/cj.estrategia.com\/portal\/wp-content\/uploads\/2024\/12\/12002953\/prazo-tempo-processo-julgamento-justica-768x512.jpg 768w, https:\/\/cj.estrategia.com\/portal\/wp-content\/uploads\/2024\/12\/12002953\/prazo-tempo-processo-julgamento-justica-1536x1024.jpg 1536w, https:\/\/cj.estrategia.com\/portal\/wp-content\/uploads\/2024\/12\/12002953\/prazo-tempo-processo-julgamento-justica-2048x1365.jpg 2048w, https:\/\/cj.estrategia.com\/portal\/wp-content\/uploads\/2024\/12\/12002953\/prazo-tempo-processo-julgamento-justica-380x253.jpg 380w, https:\/\/cj.estrategia.com\/portal\/wp-content\/uploads\/2024\/12\/12002953\/prazo-tempo-processo-julgamento-justica-800x533.jpg 800w, https:\/\/cj.estrategia.com\/portal\/wp-content\/uploads\/2024\/12\/12002953\/prazo-tempo-processo-julgamento-justica-1160x773.jpg 1160w, https:\/\/cj.estrategia.com\/portal\/wp-content\/uploads\/2024\/12\/12002953\/prazo-tempo-processo-julgamento-justica-150x100.jpg 150w, https:\/\/cj.estrategia.com\/portal\/wp-content\/uploads\/2024\/12\/12002953\/prazo-tempo-processo-julgamento-justica-scaled.jpg 2560w\" sizes=\"(max-width: 1024px) 100vw, 1024px\" \/><\/figure><div class=\"wp-block-media-text__content\">\n<p>Esse tempo n\u00e3o apenas impacta emocionalmente, mas tamb\u00e9m levanta quest\u00f5es sobre a morosidade do sistema judicial e a necessidade de mecanismos que garantam uma resposta mais c\u00e9lere em casos que envolvem contextos sociais e emocionais t\u00e3o delicados.<\/p>\n<\/div><\/div>\n\n\n\n<h2 class=\"wp-block-heading\" id=\"h-reflexoes-e-repercussoes\"><span id=\"reflexoes-e-repercussoes\">Reflex\u00f5es e repercuss\u00f5es<\/span><\/h2>\n\n\n\n<p>O caso repercute fortemente na sociedade por envolver dois crimes de alta gravidade: o <strong><mark style=\"background-color:rgba(0, 0, 0, 0);color:#0c8209\" class=\"has-inline-color\">abuso sexual<\/mark><\/strong> contra uma crian\u00e7a e a <strong><mark style=\"background-color:rgba(0, 0, 0, 0);color:#0c8209\" class=\"has-inline-color\">tentativa de homic\u00eddio<\/mark><\/strong> em rea\u00e7\u00e3o ao crime.<\/p>\n\n\n\n<p>A decis\u00e3o do j\u00fari, entretanto, reafirma a import\u00e2ncia de analisar o contexto de forma ampla, levando em conta as circunst\u00e2ncias que envolvem os atos.<\/p>\n\n\n\n<pre class=\"wp-block-verse has-background\" style=\"background-color:#95f373\"><strong>E a pergunta que n\u00e3o cala: foi feita justi\u00e7a no caso concreto?<\/strong><\/pre>\n\n\n\n<hr class=\"wp-block-separator has-alpha-channel-opacity\"\/>\n\n\n\n<h2 class=\"wp-block-heading has-text-align-center\" id=\"h-quer-saber-quais-serao-os-proximos-concursos\"><span id=\"quer-saber-quais-serao-os-proximos-concursos\">Quer saber quais ser\u00e3o os pr\u00f3ximos concursos?<\/span><\/h2>\n\n\n\n<p class=\"has-text-align-center\">Confira nossos&nbsp;<a href=\"https:\/\/cj.estrategia.com\/portal\/\" target=\"_blank\" >artigos para Carreiras Jur\u00eddicas<\/a>!<\/p>\n\n\n\n<p class=\"has-text-align-center has-white-color has-pale-cyan-blue-background-color has-text-color has-background has-link-color wp-elements-f3d5123bb0c8e11604d0c8c7f1ea8be8\"><a href=\"https:\/\/www.estrategiaconcursos.com.br\/blog\/concursos-abertos\/\" target=\"_blank\" >Confira os concursos p\u00fablicos abertos<\/a><\/p>\n\n\n\n<p class=\"has-text-align-center has-white-color has-pale-cyan-blue-background-color has-text-color has-background has-link-color wp-elements-94f2aad2f2b05ea3152ac5320a17d121\"><a href=\"https:\/\/cj.estrategia.com\/portal\/web-stories\/\" target=\"_blank\" >Concursos 2024<\/a><\/p>\n\n\n\n<p class=\"has-text-align-center has-white-color has-pale-cyan-blue-background-color has-text-color has-background has-link-color wp-elements-726d644a58045568574d2c1541b18807\"><a href=\"https:\/\/cj.estrategia.com\/portal\/concursos-2025-carreiras-juridicas\/\" target=\"_blank\" >Concursos 2025<\/a><\/p>\n","protected":false},"excerpt":{"rendered":"No dia 28 de novembro de 2024, um j\u00fari popular absolveu uma m\u00e3e acusada de tentativa de homic\u00eddio&hellip;\n","protected":false},"author":63,"featured_media":61157,"comment_status":"open","ping_status":"open","sticky":false,"template":"","format":"standard","meta":{"_jetpack_memberships_contains_paid_content":false,"footnotes":""},"categories":[1],"tags":[710,1628,1627,1342,187,1626,501],"tax_estado":[30,31,32,33,34,35,36,37,38,39,40,41,42,43,44,45,46,47,48,49,50,51,52,53,54,55,56,57],"class_list":{"0":"post-86966","1":"post","2":"type-post","3":"status-publish","4":"format-standard","5":"has-post-thumbnail","7":"category-carreiras-juridicas","8":"tag-abuso-sexual","9":"tag-incidencia-do-privilegio","10":"tag-inexigibilidade-de-conduta-diversa","11":"tag-juri-popular","12":"tag-legitima-defesa","13":"tag-tentativa-de-homicidio","14":"tag-tribunal-do-juri","15":"tax_estado-ac","16":"tax_estado-al","17":"tax_estado-am","18":"tax_estado-ap","19":"tax_estado-ba","20":"tax_estado-ce","21":"tax_estado-concursos-federais","22":"tax_estado-df","23":"tax_estado-es","24":"tax_estado-go","25":"tax_estado-ma","26":"tax_estado-mg","27":"tax_estado-ms","28":"tax_estado-mt","29":"tax_estado-pa","30":"tax_estado-pb","31":"tax_estado-pe","32":"tax_estado-pi","33":"tax_estado-pr","34":"tax_estado-rj","35":"tax_estado-rn","36":"tax_estado-ro","37":"tax_estado-rr","38":"tax_estado-rs","39":"tax_estado-sc","40":"tax_estado-se","41":"tax_estado-sp","42":"tax_estado-to"},"acf":[],"yoast_head":"<!-- This site is optimized with the Yoast SEO Premium plugin v27.4 (Yoast SEO v27.4) - https:\/\/yoast.com\/product\/yoast-seo-premium-wordpress\/ -->\n<title>M\u00e3e que reagiu contra abuso sexual \u00e9 absolvida por J\u00fari Popular<\/title>\n<meta name=\"description\" content=\"O caso repercute por envolver crimes muito graves: o abuso sexual contra uma crian\u00e7a e a tentativa de homic\u00eddio na rea\u00e7\u00e3o da m\u00e3e ao crime.\" \/>\n<meta name=\"robots\" content=\"index, follow, max-snippet:-1, max-image-preview:large, max-video-preview:-1\" \/>\n<link rel=\"canonical\" href=\"https:\/\/cj.estrategia.com\/portal\/juri-mae-reagiu-abuso-sexual\/\" \/>\n<meta property=\"og:locale\" content=\"pt_BR\" \/>\n<meta property=\"og:type\" content=\"article\" \/>\n<meta property=\"og:title\" content=\"J\u00fari Popular absolve m\u00e3e que esfaqueou mulher ap\u00f3s abuso sexual contra filha de tr\u00eas anos\" \/>\n<meta property=\"og:description\" content=\"O caso repercute por envolver crimes muito graves: o abuso sexual contra uma crian\u00e7a e a tentativa de homic\u00eddio na rea\u00e7\u00e3o da m\u00e3e ao crime.\" \/>\n<meta property=\"og:url\" content=\"https:\/\/cj.estrategia.com\/portal\/juri-mae-reagiu-abuso-sexual\/\" \/>\n<meta property=\"og:site_name\" content=\"Blog - Carreiras Jur\u00eddicas - Estrat\u00e9gia\" \/>\n<meta property=\"article:publisher\" content=\"https:\/\/www.facebook.com\/estrategiacarreirajuridica\/\" \/>\n<meta property=\"article:published_time\" content=\"2024-12-12T03:32:07+00:00\" \/>\n<meta property=\"article:modified_time\" content=\"2025-01-05T14:33:49+00:00\" \/>\n<meta property=\"og:image\" content=\"https:\/\/cj.estrategia.com\/portal\/wp-content\/uploads\/2024\/04\/19104814\/wooden-courtroom-featuring-black-leather-seating-scaled.jpg\" \/>\n\t<meta property=\"og:image:width\" content=\"2560\" \/>\n\t<meta property=\"og:image:height\" content=\"1281\" \/>\n\t<meta property=\"og:image:type\" content=\"image\/jpeg\" \/>\n<meta name=\"author\" content=\"Guilherme Rezende\" \/>\n<meta name=\"twitter:card\" content=\"summary_large_image\" \/>\n<meta name=\"twitter:creator\" content=\"@EstratJuridica\" \/>\n<meta name=\"twitter:site\" content=\"@EstratJuridica\" \/>\n<meta name=\"twitter:label1\" content=\"Escrito por\" \/>\n\t<meta name=\"twitter:data1\" content=\"Guilherme Rezende\" \/>\n\t<meta name=\"twitter:label2\" content=\"Est. tempo de leitura\" \/>\n\t<meta name=\"twitter:data2\" content=\"6 minutos\" \/>\n<script type=\"application\/ld+json\" class=\"yoast-schema-graph\">{\"@context\":\"https:\\\/\\\/schema.org\",\"@graph\":[{\"@type\":\"NewsArticle\",\"@id\":\"https:\\\/\\\/cj.estrategia.com\\\/portal\\\/juri-mae-reagiu-abuso-sexual\\\/#article\",\"isPartOf\":{\"@id\":\"https:\\\/\\\/cj.estrategia.com\\\/portal\\\/juri-mae-reagiu-abuso-sexual\\\/\"},\"author\":{\"name\":\"Guilherme Rezende\",\"@id\":\"https:\\\/\\\/cj.estrategia.com\\\/portal\\\/#\\\/schema\\\/person\\\/b8eb01d117c3441103d953565489f91a\"},\"headline\":\"J\u00fari Popular absolve m\u00e3e que esfaqueou mulher ap\u00f3s abuso sexual contra filha de tr\u00eas anos\",\"datePublished\":\"2024-12-12T03:32:07+00:00\",\"dateModified\":\"2025-01-05T14:33:49+00:00\",\"mainEntityOfPage\":{\"@id\":\"https:\\\/\\\/cj.estrategia.com\\\/portal\\\/juri-mae-reagiu-abuso-sexual\\\/\"},\"wordCount\":1113,\"commentCount\":0,\"publisher\":{\"@id\":\"https:\\\/\\\/cj.estrategia.com\\\/portal\\\/#organization\"},\"image\":{\"@id\":\"https:\\\/\\\/cj.estrategia.com\\\/portal\\\/juri-mae-reagiu-abuso-sexual\\\/#primaryimage\"},\"thumbnailUrl\":\"https:\\\/\\\/cj.estrategia.com\\\/portal\\\/wp-content\\\/uploads\\\/2024\\\/04\\\/19104814\\\/wooden-courtroom-featuring-black-leather-seating-scaled.jpg\",\"keywords\":[\"abuso sexual\",\"incid\u00eancia do privil\u00e9gio\",\"inexigibilidade de conduta diversa\",\"J\u00fari Popular\",\"leg\u00edtima defesa\",\"tentativa de homic\u00eddio\",\"Tribunal do J\u00fari\"],\"articleSection\":[\"Carreiras Jur\u00eddicas\"],\"inLanguage\":\"pt-BR\",\"potentialAction\":[{\"@type\":\"CommentAction\",\"name\":\"Comment\",\"target\":[\"https:\\\/\\\/cj.estrategia.com\\\/portal\\\/juri-mae-reagiu-abuso-sexual\\\/#respond\"]}]},{\"@type\":\"WebPage\",\"@id\":\"https:\\\/\\\/cj.estrategia.com\\\/portal\\\/juri-mae-reagiu-abuso-sexual\\\/\",\"url\":\"https:\\\/\\\/cj.estrategia.com\\\/portal\\\/juri-mae-reagiu-abuso-sexual\\\/\",\"name\":\"M\u00e3e que reagiu contra abuso sexual \u00e9 absolvida por J\u00fari Popular\",\"isPartOf\":{\"@id\":\"https:\\\/\\\/cj.estrategia.com\\\/portal\\\/#website\"},\"primaryImageOfPage\":{\"@id\":\"https:\\\/\\\/cj.estrategia.com\\\/portal\\\/juri-mae-reagiu-abuso-sexual\\\/#primaryimage\"},\"image\":{\"@id\":\"https:\\\/\\\/cj.estrategia.com\\\/portal\\\/juri-mae-reagiu-abuso-sexual\\\/#primaryimage\"},\"thumbnailUrl\":\"https:\\\/\\\/cj.estrategia.com\\\/portal\\\/wp-content\\\/uploads\\\/2024\\\/04\\\/19104814\\\/wooden-courtroom-featuring-black-leather-seating-scaled.jpg\",\"datePublished\":\"2024-12-12T03:32:07+00:00\",\"dateModified\":\"2025-01-05T14:33:49+00:00\",\"description\":\"O caso repercute por envolver crimes muito graves: o abuso sexual contra uma crian\u00e7a e a tentativa de homic\u00eddio na rea\u00e7\u00e3o da m\u00e3e ao crime.\",\"breadcrumb\":{\"@id\":\"https:\\\/\\\/cj.estrategia.com\\\/portal\\\/juri-mae-reagiu-abuso-sexual\\\/#breadcrumb\"},\"inLanguage\":\"pt-BR\",\"potentialAction\":[{\"@type\":\"ReadAction\",\"target\":[\"https:\\\/\\\/cj.estrategia.com\\\/portal\\\/juri-mae-reagiu-abuso-sexual\\\/\"]}]},{\"@type\":\"ImageObject\",\"inLanguage\":\"pt-BR\",\"@id\":\"https:\\\/\\\/cj.estrategia.com\\\/portal\\\/juri-mae-reagiu-abuso-sexual\\\/#primaryimage\",\"url\":\"https:\\\/\\\/cj.estrategia.com\\\/portal\\\/wp-content\\\/uploads\\\/2024\\\/04\\\/19104814\\\/wooden-courtroom-featuring-black-leather-seating-scaled.jpg\",\"contentUrl\":\"https:\\\/\\\/cj.estrategia.com\\\/portal\\\/wp-content\\\/uploads\\\/2024\\\/04\\\/19104814\\\/wooden-courtroom-featuring-black-leather-seating-scaled.jpg\",\"width\":2560,\"height\":1281},{\"@type\":\"BreadcrumbList\",\"@id\":\"https:\\\/\\\/cj.estrategia.com\\\/portal\\\/juri-mae-reagiu-abuso-sexual\\\/#breadcrumb\",\"itemListElement\":[{\"@type\":\"ListItem\",\"position\":1,\"name\":\"In\u00edcio\",\"item\":\"https:\\\/\\\/cj.estrategia.com\\\/portal\\\/\"},{\"@type\":\"ListItem\",\"position\":2,\"name\":\"J\u00fari Popular absolve m\u00e3e que esfaqueou mulher ap\u00f3s abuso sexual contra filha de tr\u00eas anos\"}]},{\"@type\":\"WebSite\",\"@id\":\"https:\\\/\\\/cj.estrategia.com\\\/portal\\\/#website\",\"url\":\"https:\\\/\\\/cj.estrategia.com\\\/portal\\\/\",\"name\":\"Blog - Carreiras Jur\u00eddicas - Estrat\u00e9gia\",\"description\":\"\",\"publisher\":{\"@id\":\"https:\\\/\\\/cj.estrategia.com\\\/portal\\\/#organization\"},\"potentialAction\":[{\"@type\":\"SearchAction\",\"target\":{\"@type\":\"EntryPoint\",\"urlTemplate\":\"https:\\\/\\\/cj.estrategia.com\\\/portal\\\/?s={search_term_string}\"},\"query-input\":{\"@type\":\"PropertyValueSpecification\",\"valueRequired\":true,\"valueName\":\"search_term_string\"}}],\"inLanguage\":\"pt-BR\"},{\"@type\":\"Organization\",\"@id\":\"https:\\\/\\\/cj.estrategia.com\\\/portal\\\/#organization\",\"name\":\"Estrat\u00e9gia - Carreiras Jur\u00eddicas\",\"url\":\"https:\\\/\\\/cj.estrategia.com\\\/portal\\\/\",\"logo\":{\"@type\":\"ImageObject\",\"inLanguage\":\"pt-BR\",\"@id\":\"https:\\\/\\\/cj.estrategia.com\\\/portal\\\/#\\\/schema\\\/logo\\\/image\\\/\",\"url\":\"https:\\\/\\\/cj.estrategia.com\\\/portal\\\/wp-content\\\/uploads\\\/2022\\\/03\\\/11151052\\\/cj-logo.png\",\"contentUrl\":\"https:\\\/\\\/cj.estrategia.com\\\/portal\\\/wp-content\\\/uploads\\\/2022\\\/03\\\/11151052\\\/cj-logo.png\",\"width\":150,\"height\":39,\"caption\":\"Estrat\u00e9gia - Carreiras Jur\u00eddicas\"},\"image\":{\"@id\":\"https:\\\/\\\/cj.estrategia.com\\\/portal\\\/#\\\/schema\\\/logo\\\/image\\\/\"},\"sameAs\":[\"https:\\\/\\\/www.facebook.com\\\/estrategiacarreirajuridica\\\/\",\"https:\\\/\\\/x.com\\\/EstratJuridica\",\"https:\\\/\\\/www.instagram.com\\\/estrategiacarreirajuridica\\\/\",\"https:\\\/\\\/www.youtube.com\\\/channel\\\/UClbMGuYbj2Mh1m3w144ETWQ\"]},{\"@type\":\"Person\",\"@id\":\"https:\\\/\\\/cj.estrategia.com\\\/portal\\\/#\\\/schema\\\/person\\\/b8eb01d117c3441103d953565489f91a\",\"name\":\"Guilherme Rezende\",\"image\":{\"@type\":\"ImageObject\",\"inLanguage\":\"pt-BR\",\"@id\":\"https:\\\/\\\/cj.estrategia.com\\\/portal\\\/wp-content\\\/uploads\\\/2024\\\/02\\\/22174655\\\/professor-guilherme-resende-estrategia-concursos-ecj-96x96.jpeg\",\"url\":\"https:\\\/\\\/cj.estrategia.com\\\/portal\\\/wp-content\\\/uploads\\\/2024\\\/02\\\/22174655\\\/professor-guilherme-resende-estrategia-concursos-ecj-96x96.jpeg\",\"contentUrl\":\"https:\\\/\\\/cj.estrategia.com\\\/portal\\\/wp-content\\\/uploads\\\/2024\\\/02\\\/22174655\\\/professor-guilherme-resende-estrategia-concursos-ecj-96x96.jpeg\",\"caption\":\"Guilherme Rezende\"},\"description\":\"Professor Guilherme Rezende \u00e9 promotor de justi\u00e7a no Paran\u00e1, com uma carreira s\u00f3lida e impactante no campo jur\u00eddico. Al\u00e9m de sua atua\u00e7\u00e3o como promotor, ele possui mestrado em Direito e acumula experi\u00eancia como Ex-Procurador da Fazenda Nacional, Ex-Defensor P\u00fablico da Uni\u00e3o e Ex-Oficial de Apoio Judicial no TJMG. Destaca-se tamb\u00e9m por ter sido aprovado nos concursos de analista do TRF-1 e do MPU, consolidando sua compet\u00eancia e dedica\u00e7\u00e3o no universo jur\u00eddico.\",\"url\":\"https:\\\/\\\/cj.estrategia.com\\\/portal\\\/author\\\/guilherme-rezende\\\/\"}]}<\/script>\n<!-- \/ Yoast SEO Premium plugin. -->","yoast_head_json":{"title":"M\u00e3e que reagiu contra abuso sexual \u00e9 absolvida por J\u00fari Popular","description":"O caso repercute por envolver crimes muito graves: o abuso sexual contra uma crian\u00e7a e a tentativa de homic\u00eddio na rea\u00e7\u00e3o da m\u00e3e ao crime.","robots":{"index":"index","follow":"follow","max-snippet":"max-snippet:-1","max-image-preview":"max-image-preview:large","max-video-preview":"max-video-preview:-1"},"canonical":"https:\/\/cj.estrategia.com\/portal\/juri-mae-reagiu-abuso-sexual\/","og_locale":"pt_BR","og_type":"article","og_title":"J\u00fari Popular absolve m\u00e3e que esfaqueou mulher ap\u00f3s abuso sexual contra filha de tr\u00eas anos","og_description":"O caso repercute por envolver crimes muito graves: o abuso sexual contra uma crian\u00e7a e a tentativa de homic\u00eddio na rea\u00e7\u00e3o da m\u00e3e ao crime.","og_url":"https:\/\/cj.estrategia.com\/portal\/juri-mae-reagiu-abuso-sexual\/","og_site_name":"Blog - Carreiras Jur\u00eddicas - Estrat\u00e9gia","article_publisher":"https:\/\/www.facebook.com\/estrategiacarreirajuridica\/","article_published_time":"2024-12-12T03:32:07+00:00","article_modified_time":"2025-01-05T14:33:49+00:00","og_image":[{"width":2560,"height":1281,"url":"https:\/\/cj.estrategia.com\/portal\/wp-content\/uploads\/2024\/04\/19104814\/wooden-courtroom-featuring-black-leather-seating-scaled.jpg","type":"image\/jpeg"}],"author":"Guilherme Rezende","twitter_card":"summary_large_image","twitter_creator":"@EstratJuridica","twitter_site":"@EstratJuridica","twitter_misc":{"Escrito por":"Guilherme Rezende","Est. tempo de leitura":"6 minutos"},"schema":{"@context":"https:\/\/schema.org","@graph":[{"@type":"NewsArticle","@id":"https:\/\/cj.estrategia.com\/portal\/juri-mae-reagiu-abuso-sexual\/#article","isPartOf":{"@id":"https:\/\/cj.estrategia.com\/portal\/juri-mae-reagiu-abuso-sexual\/"},"author":{"name":"Guilherme Rezende","@id":"https:\/\/cj.estrategia.com\/portal\/#\/schema\/person\/b8eb01d117c3441103d953565489f91a"},"headline":"J\u00fari Popular absolve m\u00e3e que esfaqueou mulher ap\u00f3s abuso sexual contra filha de tr\u00eas anos","datePublished":"2024-12-12T03:32:07+00:00","dateModified":"2025-01-05T14:33:49+00:00","mainEntityOfPage":{"@id":"https:\/\/cj.estrategia.com\/portal\/juri-mae-reagiu-abuso-sexual\/"},"wordCount":1113,"commentCount":0,"publisher":{"@id":"https:\/\/cj.estrategia.com\/portal\/#organization"},"image":{"@id":"https:\/\/cj.estrategia.com\/portal\/juri-mae-reagiu-abuso-sexual\/#primaryimage"},"thumbnailUrl":"https:\/\/cj.estrategia.com\/portal\/wp-content\/uploads\/2024\/04\/19104814\/wooden-courtroom-featuring-black-leather-seating-scaled.jpg","keywords":["abuso sexual","incid\u00eancia do privil\u00e9gio","inexigibilidade de conduta diversa","J\u00fari Popular","leg\u00edtima defesa","tentativa de homic\u00eddio","Tribunal do J\u00fari"],"articleSection":["Carreiras Jur\u00eddicas"],"inLanguage":"pt-BR","potentialAction":[{"@type":"CommentAction","name":"Comment","target":["https:\/\/cj.estrategia.com\/portal\/juri-mae-reagiu-abuso-sexual\/#respond"]}]},{"@type":"WebPage","@id":"https:\/\/cj.estrategia.com\/portal\/juri-mae-reagiu-abuso-sexual\/","url":"https:\/\/cj.estrategia.com\/portal\/juri-mae-reagiu-abuso-sexual\/","name":"M\u00e3e que reagiu contra abuso sexual \u00e9 absolvida por J\u00fari Popular","isPartOf":{"@id":"https:\/\/cj.estrategia.com\/portal\/#website"},"primaryImageOfPage":{"@id":"https:\/\/cj.estrategia.com\/portal\/juri-mae-reagiu-abuso-sexual\/#primaryimage"},"image":{"@id":"https:\/\/cj.estrategia.com\/portal\/juri-mae-reagiu-abuso-sexual\/#primaryimage"},"thumbnailUrl":"https:\/\/cj.estrategia.com\/portal\/wp-content\/uploads\/2024\/04\/19104814\/wooden-courtroom-featuring-black-leather-seating-scaled.jpg","datePublished":"2024-12-12T03:32:07+00:00","dateModified":"2025-01-05T14:33:49+00:00","description":"O caso repercute por envolver crimes muito graves: o abuso sexual contra uma crian\u00e7a e a tentativa de homic\u00eddio na rea\u00e7\u00e3o da m\u00e3e ao crime.","breadcrumb":{"@id":"https:\/\/cj.estrategia.com\/portal\/juri-mae-reagiu-abuso-sexual\/#breadcrumb"},"inLanguage":"pt-BR","potentialAction":[{"@type":"ReadAction","target":["https:\/\/cj.estrategia.com\/portal\/juri-mae-reagiu-abuso-sexual\/"]}]},{"@type":"ImageObject","inLanguage":"pt-BR","@id":"https:\/\/cj.estrategia.com\/portal\/juri-mae-reagiu-abuso-sexual\/#primaryimage","url":"https:\/\/cj.estrategia.com\/portal\/wp-content\/uploads\/2024\/04\/19104814\/wooden-courtroom-featuring-black-leather-seating-scaled.jpg","contentUrl":"https:\/\/cj.estrategia.com\/portal\/wp-content\/uploads\/2024\/04\/19104814\/wooden-courtroom-featuring-black-leather-seating-scaled.jpg","width":2560,"height":1281},{"@type":"BreadcrumbList","@id":"https:\/\/cj.estrategia.com\/portal\/juri-mae-reagiu-abuso-sexual\/#breadcrumb","itemListElement":[{"@type":"ListItem","position":1,"name":"In\u00edcio","item":"https:\/\/cj.estrategia.com\/portal\/"},{"@type":"ListItem","position":2,"name":"J\u00fari Popular absolve m\u00e3e que esfaqueou mulher ap\u00f3s abuso sexual contra filha de tr\u00eas anos"}]},{"@type":"WebSite","@id":"https:\/\/cj.estrategia.com\/portal\/#website","url":"https:\/\/cj.estrategia.com\/portal\/","name":"Blog - Carreiras Jur\u00eddicas - Estrat\u00e9gia","description":"","publisher":{"@id":"https:\/\/cj.estrategia.com\/portal\/#organization"},"potentialAction":[{"@type":"SearchAction","target":{"@type":"EntryPoint","urlTemplate":"https:\/\/cj.estrategia.com\/portal\/?s={search_term_string}"},"query-input":{"@type":"PropertyValueSpecification","valueRequired":true,"valueName":"search_term_string"}}],"inLanguage":"pt-BR"},{"@type":"Organization","@id":"https:\/\/cj.estrategia.com\/portal\/#organization","name":"Estrat\u00e9gia - Carreiras Jur\u00eddicas","url":"https:\/\/cj.estrategia.com\/portal\/","logo":{"@type":"ImageObject","inLanguage":"pt-BR","@id":"https:\/\/cj.estrategia.com\/portal\/#\/schema\/logo\/image\/","url":"https:\/\/cj.estrategia.com\/portal\/wp-content\/uploads\/2022\/03\/11151052\/cj-logo.png","contentUrl":"https:\/\/cj.estrategia.com\/portal\/wp-content\/uploads\/2022\/03\/11151052\/cj-logo.png","width":150,"height":39,"caption":"Estrat\u00e9gia - Carreiras Jur\u00eddicas"},"image":{"@id":"https:\/\/cj.estrategia.com\/portal\/#\/schema\/logo\/image\/"},"sameAs":["https:\/\/www.facebook.com\/estrategiacarreirajuridica\/","https:\/\/x.com\/EstratJuridica","https:\/\/www.instagram.com\/estrategiacarreirajuridica\/","https:\/\/www.youtube.com\/channel\/UClbMGuYbj2Mh1m3w144ETWQ"]},{"@type":"Person","@id":"https:\/\/cj.estrategia.com\/portal\/#\/schema\/person\/b8eb01d117c3441103d953565489f91a","name":"Guilherme Rezende","image":{"@type":"ImageObject","inLanguage":"pt-BR","@id":"https:\/\/cj.estrategia.com\/portal\/wp-content\/uploads\/2024\/02\/22174655\/professor-guilherme-resende-estrategia-concursos-ecj-96x96.jpeg","url":"https:\/\/cj.estrategia.com\/portal\/wp-content\/uploads\/2024\/02\/22174655\/professor-guilherme-resende-estrategia-concursos-ecj-96x96.jpeg","contentUrl":"https:\/\/cj.estrategia.com\/portal\/wp-content\/uploads\/2024\/02\/22174655\/professor-guilherme-resende-estrategia-concursos-ecj-96x96.jpeg","caption":"Guilherme Rezende"},"description":"Professor Guilherme Rezende \u00e9 promotor de justi\u00e7a no Paran\u00e1, com uma carreira s\u00f3lida e impactante no campo jur\u00eddico. Al\u00e9m de sua atua\u00e7\u00e3o como promotor, ele possui mestrado em Direito e acumula experi\u00eancia como Ex-Procurador da Fazenda Nacional, Ex-Defensor P\u00fablico da Uni\u00e3o e Ex-Oficial de Apoio Judicial no TJMG. Destaca-se tamb\u00e9m por ter sido aprovado nos concursos de analista do TRF-1 e do MPU, consolidando sua compet\u00eancia e dedica\u00e7\u00e3o no universo jur\u00eddico.","url":"https:\/\/cj.estrategia.com\/portal\/author\/guilherme-rezende\/"}]}},"jetpack_featured_media_url":"https:\/\/cj.estrategia.com\/portal\/wp-content\/uploads\/2024\/04\/19104814\/wooden-courtroom-featuring-black-leather-seating-scaled.jpg","jetpack_sharing_enabled":true,"_links":{"self":[{"href":"https:\/\/cj.estrategia.com\/portal\/wp-json\/wp\/v2\/posts\/86966","targetHints":{"allow":["GET"]}}],"collection":[{"href":"https:\/\/cj.estrategia.com\/portal\/wp-json\/wp\/v2\/posts"}],"about":[{"href":"https:\/\/cj.estrategia.com\/portal\/wp-json\/wp\/v2\/types\/post"}],"author":[{"embeddable":true,"href":"https:\/\/cj.estrategia.com\/portal\/wp-json\/wp\/v2\/users\/63"}],"replies":[{"embeddable":true,"href":"https:\/\/cj.estrategia.com\/portal\/wp-json\/wp\/v2\/comments?post=86966"}],"version-history":[{"count":5,"href":"https:\/\/cj.estrategia.com\/portal\/wp-json\/wp\/v2\/posts\/86966\/revisions"}],"predecessor-version":[{"id":86978,"href":"https:\/\/cj.estrategia.com\/portal\/wp-json\/wp\/v2\/posts\/86966\/revisions\/86978"}],"wp:featuredmedia":[{"embeddable":true,"href":"https:\/\/cj.estrategia.com\/portal\/wp-json\/wp\/v2\/media\/61157"}],"wp:attachment":[{"href":"https:\/\/cj.estrategia.com\/portal\/wp-json\/wp\/v2\/media?parent=86966"}],"wp:term":[{"taxonomy":"category","embeddable":true,"href":"https:\/\/cj.estrategia.com\/portal\/wp-json\/wp\/v2\/categories?post=86966"},{"taxonomy":"post_tag","embeddable":true,"href":"https:\/\/cj.estrategia.com\/portal\/wp-json\/wp\/v2\/tags?post=86966"},{"taxonomy":"tax_estado","embeddable":true,"href":"https:\/\/cj.estrategia.com\/portal\/wp-json\/wp\/v2\/tax_estado?post=86966"}],"curies":[{"name":"wp","href":"https:\/\/api.w.org\/{rel}","templated":true}]}}