{"id":86086,"date":"2025-02-13T15:27:26","date_gmt":"2025-02-13T18:27:26","guid":{"rendered":"https:\/\/cj.estrategia.com\/portal\/?p=86086"},"modified":"2025-12-17T20:17:58","modified_gmt":"2025-12-17T23:17:58","slug":"concurso-procurador-camara-de-ariquemes-ro","status":"publish","type":"post","link":"https:\/\/cj.estrategia.com\/portal\/concurso-procurador-camara-de-ariquemes-ro\/","title":{"rendered":"Concurso Procurador C\u00e2mara de Ariquemes RO: edital em 2025!"},"content":{"rendered":"<a id=\"cta-icon\" href=\"https:\/\/sndflw.com\/i\/procuradorias-grupo\" target=\"blank\" style=\"background:rgb(41,166,26)\">\n            <img decoding=\"async\" src=\"https:\/\/cj.estrategia.com\/portal\/wp-content\/uploads\/2023\/12\/07160657\/whatsapp_1385.webp\" alt=\"\" alt=\"whatsapp_1385\"><span > Acesse agora o Grupo de Estudos para Concurso de Procuradorias <\/span><\/a>\n\n\n\n<p>A <strong>C\u00e2mara Municipal de Ariquemes<\/strong>, em Rond\u00f4nia, aprovou no dia 03 de dezembro o projeto de lei que autoriza a realiza\u00e7\u00e3o de um<strong> Concurso Procurador C\u00e2mara de Ariquemes RO<\/strong> ap\u00f3s 17 anos de espera. <\/p>\n\n\n\n<p>O certame oferecer\u00e1 cerca de <strong>40 vagas<\/strong> para cargos de n\u00edveis m\u00e9dio e superior, com previs\u00e3o de realiza\u00e7\u00e3o em 2025. Entre os destaques est\u00e1 o cargo de <strong>Procurador Legislativo<\/strong>, voltado para profissionais do Direito.<\/p>\n\n\n\n<p>De acordo com o presidente da C\u00e2mara, vereador Renato Padeiro, o concurso representa uma oportunidade crucial para fortalecer a estrutura administrativa e melhorar a efici\u00eancia no atendimento \u00e0s demandas da popula\u00e7\u00e3o. <\/p>\n\n\n\n<p>Al\u00e9m do cargo de Procurador Legislativo, outras oportunidades de n\u00edvel superior incluem fun\u00e7\u00f5es estrat\u00e9gicas como Analista de Tecnologia da Informa\u00e7\u00e3o, Contador, Controlador, Analista de Gest\u00e3o P\u00fablica e Ouvidor.  <\/p>\n\n\n\n<p>J\u00e1 para n\u00edvel m\u00e9dio, as vagas abrangem \u00e1reas como T\u00e9cnico Legislativo, T\u00e9cnico de Inform\u00e1tica, Agente Administrativo e Operador Audiovisual. Os detalhes sobre inscri\u00e7\u00f5es e datas de provas ser\u00e3o divulgados em 2025.<\/p>\n\n\n\n<ul class=\"wp-block-list has-very-light-gray-to-cyan-bluish-gray-gradient-background has-background\">\n<li><strong>Concurso Procurador C\u00e2mara de Ariquemes RO<\/strong><\/li>\n\n\n\n<li><strong>Status:<\/strong> projeto de lei aprovada<\/li>\n\n\n\n<li><strong>Banca<\/strong>: a definir<\/li>\n\n\n\n<li><strong>Vagas:<\/strong> a definir<\/li>\n\n\n\n<li><strong>Remunera\u00e7\u00e3o:<\/strong>&nbsp;R$ 19.993,57<\/li>\n<\/ul>\n\n\n\n<div class=\"container\" id=\"boxes\">\n  <div class=\"row\">\n\n    <div class=\"col-sm\">\n      <div class=\"banner-estrategia-concursos-juridicos\" id=\"box-assinatura\">\n        <h2 id=\"curso-para-procurador-camara-de-ariquemes-ro\" class=\"titulo-assinatura\"><span style=\"color: #ffffff; font-size: 23px; \">Curso para Procurador C\u00e2mara de Ariquemes RO<\/span><\/h2>\n        <p class=\"subtitulo-assinatura\">Cursos focados no edital do concurso<\/p>\n        <div class=\"box-botao\">\n          <a class=\"btn-assinatura-juridica\" target=\"_blank\" href=\"https:\/\/cj.estrategia.com\/cursos\/\" role=\"button\" rel=\"noopener noreferrer\">Conhe\u00e7a mais<\/a>\n        <\/div>\n      <\/div>\n      <p class=\"texto-auxiliar\">Prepare-se com o melhor material e com quem mais aprova em concursos em todo o pa\u00eds. \n<\/p>\n    <\/div>\n\n  <\/div>\n<\/div>\n\n\n\n<ul class=\"wp-block-list\">\n<li><a href=\"#h-situacao-atual\">Situa\u00e7\u00e3o atual<\/a><\/li>\n\n\n\n<li><a href=\"#h-carreira\">Carreira<\/a><\/li>\n\n\n\n<li><a href=\"#curso\">Cursos e Assinaturas<\/a><\/li>\n\n\n\n<li><a href=\"#ficha\">Ficha T\u00e9cnica<\/a><\/li>\n<\/ul>\n\n\n\n<h2 class=\"wp-block-heading\" id=\"h-concurso-procurador-camara-de-ariquemes-situacao-atual\"><span id=\"concurso-procurador-camara-de-ariquemes-situacao-atual\">Concurso Procurador C\u00e2mara de Ariquemes: situa\u00e7\u00e3o atual<\/span><\/h2>\n\n\n\n<h3 class=\"wp-block-heading\" id=\"projeto-de-lei-aprovado\">Projeto de Lei aprovado<\/h3>\n\n\n\n<p>Foi aprovado o projeto de lei que prev\u00ea a realiza\u00e7\u00e3o de um novo concurso p\u00fablico para a C\u00e2mara de Ariquemes em 2025. Ser\u00e3o ofertadas 40 vagas para diferentes cargos nos n\u00edveis m\u00e9dio e superior.<\/p>\n\n\n\n<h2 class=\"wp-block-heading\" id=\"h-carreira-de-procurador-na-camara-de-ariquemes\"><span id=\"carreira-de-procurador-na-camara-de-ariquemes\">Carreira de Procurador na C\u00e2mara de Ariquemes<\/span><\/h2>\n\n\n\n<h3 class=\"wp-block-heading\" id=\"cargos\"><span id=\"cargos-vagas-remuneracao-e-requisitos\">Cargos, Vagas, Remunera\u00e7\u00e3o e Requisitos<\/span><\/h3>\n\n\n\n<figure class=\"wp-block-table is-style-stripes\"><table><tbody><tr><td class=\"has-text-align-center\" data-align=\"center\"><strong>Cargos<\/strong><\/td><td class=\"has-text-align-center\" data-align=\"center\"><strong>Vagas<\/strong><\/td><td><strong>Remunera\u00e7\u00e3o  <\/strong><\/td><td><strong>Requisitos<\/strong><\/td><\/tr><tr><td class=\"has-text-align-center\" data-align=\"center\"><strong>Procurador Legislativo<\/strong><\/td><td class=\"has-text-align-center\" data-align=\"center\">a definir<\/td><td>R$ 19.993,57<\/td><td>N\u00edvel superior em direito,<br>regularmente inscrito na<br>Ordem dos Advogados do<br>Brasil OAB<\/td><\/tr><\/tbody><\/table><figcaption class=\"wp-element-caption\">Detalhes da carreira de Procurador<\/figcaption><\/figure>\n\n\n\n<h2 class=\"wp-block-heading has-text-align-center\" id=\"cursos\"><span id=\"quer-saber-tudo-sobre-concursos-previstosconfira-nossos-artigos\">Quer saber tudo sobre concursos previstos?<br><strong>Confira nossos artigos!<\/strong><\/span><\/h2>\n\n\n\n<ul class=\"wp-block-list\">\n<li><a href=\"https:\/\/cj.estrategia.com\/portal\/concursos-abertos-carreiras-juridicas\/\">Concursos jur\u00eddicos abertos<\/a><\/li>\n\n\n\n<li><a href=\"https:\/\/cj.estrategia.com\/portal\/concursos-juridicos-2026-prepare-se-para-os-proximos-editais\/\" target=\"_blank\" >Concursos Jur\u00eddicos 2026<\/a><\/li>\n\n\n\n<li><a href=\"https:\/\/cj.estrategia.com\/portal\/concursos-procuradorias\/\">Concursos Procuradorias<\/a><\/li>\n<\/ul>\n\n\n\n<h2 class=\"wp-block-heading has-text-align-center\" id=\"curso\"><span id=\"cursos-e-assinaturas\">CURSOS E ASSINATURAS<\/span><\/h2>\n\n\n\n<div class=\"wp-block-cover\" style=\"min-height:155px;aspect-ratio:unset;\"><img decoding=\"async\" width=\"1890\" height=\"351\" class=\"wp-block-cover__image-background wp-image-8669\" alt=\"Assinaturas Jur\u00eddicas\" src=\"https:\/\/cj.estrategia.com\/portal\/wp-content\/uploads\/2022\/06\/20151253\/concurso-carreiras-juridicas-assinatura-juridica.jpg\" style=\"object-position:78% 43%\" data-object-fit=\"cover\" data-object-position=\"78% 43%\" srcset=\"https:\/\/cj.estrategia.com\/portal\/wp-content\/uploads\/2022\/06\/20151253\/concurso-carreiras-juridicas-assinatura-juridica.jpg 1890w, https:\/\/cj.estrategia.com\/portal\/wp-content\/uploads\/2022\/06\/20151253\/concurso-carreiras-juridicas-assinatura-juridica-300x56.jpg 300w, https:\/\/cj.estrategia.com\/portal\/wp-content\/uploads\/2022\/06\/20151253\/concurso-carreiras-juridicas-assinatura-juridica-1024x190.jpg 1024w, https:\/\/cj.estrategia.com\/portal\/wp-content\/uploads\/2022\/06\/20151253\/concurso-carreiras-juridicas-assinatura-juridica-768x143.jpg 768w, https:\/\/cj.estrategia.com\/portal\/wp-content\/uploads\/2022\/06\/20151253\/concurso-carreiras-juridicas-assinatura-juridica-1536x285.jpg 1536w, https:\/\/cj.estrategia.com\/portal\/wp-content\/uploads\/2022\/06\/20151253\/concurso-carreiras-juridicas-assinatura-juridica-380x71.jpg 380w, https:\/\/cj.estrategia.com\/portal\/wp-content\/uploads\/2022\/06\/20151253\/concurso-carreiras-juridicas-assinatura-juridica-800x149.jpg 800w, https:\/\/cj.estrategia.com\/portal\/wp-content\/uploads\/2022\/06\/20151253\/concurso-carreiras-juridicas-assinatura-juridica-1160x215.jpg 1160w\" sizes=\"(max-width: 1890px) 100vw, 1890px\" \/><span aria-hidden=\"true\" class=\"wp-block-cover__background has-background-dim\"><\/span><div class=\"wp-block-cover__inner-container is-layout-flow wp-block-cover-is-layout-flow\">\n<h3 id=\"faca-a-sua-assinatura\" class=\"titulo-assinatura\"><span style=\"color: #ffffff;\">Fa\u00e7a a sua assinatura!<\/span><\/h3>\n<p class=\"subtitulo-assinatura\" style=\"display:block!important; line-height: 0;\"><span style=\"color: #ffffff;\">Escolha a sua \u00e1rea.<\/span><\/p>\n<a target=\"_blank\" href=\"https:\/\/www.estrategiaconcursos.com.br\/assinaturas-ecj\/\" rel=\"noopener\"><button style=\"border-radius: 10px; text-transform: capitalize;\">Acessar<\/button><\/a>\n<\/div><\/div>\n\n\n\n<figure class=\"wp-block-image size-large is-resized\"><img decoding=\"async\" src=\"https:\/\/dhg1h5j42swfq.cloudfront.net\/2021\/04\/19202624\/ficha-tecnica-1-1024x632-1-3.png\" alt=\"Ficha t\u00e9cnica do concurso Delegado ES\" class=\"wp-image-717343\" style=\"width:246px;height:152px\"\/><\/figure>\n\n\n\n<h4 class=\"wp-block-heading\" id=\"ficha\"><span id=\"informacoes-do-concurso-procurador-camara-de-ariquemes-ro\">Informa\u00e7\u00f5es do Concurso Procurador C\u00e2mara de Ariquemes RO<\/span><\/h4>\n\n\n\n<p><span style=\"color: #000000;\">\u25baData das provas:<\/span> a definir<br><span style=\"color: #000000;\"> \u25baVagas:<\/span> a definir<br> <span style=\"color: #000000;\">\u25baCargos:<\/span> Procurador Legislativo<br><span style=\"color: #000000;\"> \u25baBanca: <\/span>a definir<br><span style=\"color: #000000;\"> \u25baEscolaridade: <\/span>Curso Superior em Direito + registro na OAB<\/p>\n","protected":false},"excerpt":{"rendered":"A C\u00e2mara Municipal de Ariquemes, em Rond\u00f4nia, aprovou no dia 03 de dezembro o projeto de lei que&hellip;\n","protected":false},"author":12,"featured_media":169991,"comment_status":"open","ping_status":"open","sticky":false,"template":"","format":"standard","meta":{"_jetpack_memberships_contains_paid_content":false,"footnotes":""},"categories":[24],"tags":[],"tax_estado":[51],"class_list":{"0":"post-86086","1":"post","2":"type-post","3":"status-publish","4":"format-standard","5":"has-post-thumbnail","7":"category-procuradoria","8":"tax_estado-ro"},"acf":[],"yoast_head":"<!-- This site is optimized with the Yoast SEO Premium plugin v27.4 (Yoast SEO v27.4) - https:\/\/yoast.com\/product\/yoast-seo-premium-wordpress\/ -->\n<title>Concurso Procurador C\u00e2mara de Ariquemes RO: edital em 2025!<\/title>\n<meta name=\"description\" content=\"Concurso Procurador C\u00e2mara de Ariquemes RO: novo edital deve ser publicado em 2025 com oferta de vagas para Procurador Legislativo.\" \/>\n<meta name=\"robots\" content=\"index, follow, max-snippet:-1, max-image-preview:large, max-video-preview:-1\" \/>\n<link rel=\"canonical\" href=\"https:\/\/cj.estrategia.com\/portal\/concurso-procurador-camara-de-ariquemes-ro\/\" \/>\n<meta property=\"og:locale\" content=\"pt_BR\" \/>\n<meta property=\"og:type\" content=\"article\" \/>\n<meta property=\"og:title\" content=\"Concurso Procurador C\u00e2mara de Ariquemes RO: edital em 2025!\" \/>\n<meta property=\"og:description\" content=\"Concurso Procurador C\u00e2mara de Ariquemes RO: novo edital deve ser publicado em 2025 com oferta de vagas para Procurador Legislativo.\" \/>\n<meta property=\"og:url\" content=\"https:\/\/cj.estrategia.com\/portal\/concurso-procurador-camara-de-ariquemes-ro\/\" \/>\n<meta property=\"og:site_name\" content=\"Blog - Carreiras Jur\u00eddicas - Estrat\u00e9gia\" \/>\n<meta property=\"article:publisher\" content=\"https:\/\/www.facebook.com\/estrategiacarreirajuridica\/\" \/>\n<meta property=\"article:published_time\" content=\"2025-02-13T18:27:26+00:00\" \/>\n<meta property=\"article:modified_time\" content=\"2025-12-17T23:17:58+00:00\" \/>\n<meta property=\"og:image\" content=\"https:\/\/cj.estrategia.com\/portal\/wp-content\/uploads\/2025\/12\/17195659\/Concursos-Procuradorias.jpg\" \/>\n\t<meta property=\"og:image:width\" content=\"768\" \/>\n\t<meta property=\"og:image:height\" content=\"432\" \/>\n\t<meta property=\"og:image:type\" content=\"image\/jpeg\" \/>\n<meta name=\"author\" content=\"Coordena\u00e7\u00e3o\" \/>\n<meta name=\"twitter:card\" content=\"summary_large_image\" \/>\n<meta name=\"twitter:creator\" content=\"@EstratJuridica\" \/>\n<meta name=\"twitter:site\" content=\"@EstratJuridica\" \/>\n<meta name=\"twitter:label1\" content=\"Escrito por\" \/>\n\t<meta name=\"twitter:data1\" content=\"Coordena\u00e7\u00e3o\" \/>\n\t<meta name=\"twitter:label2\" content=\"Est. tempo de leitura\" \/>\n\t<meta name=\"twitter:data2\" content=\"5 minutos\" \/>\n<script type=\"application\/ld+json\" class=\"yoast-schema-graph\">{\"@context\":\"https:\\\/\\\/schema.org\",\"@graph\":[{\"@type\":\"NewsArticle\",\"@id\":\"https:\\\/\\\/cj.estrategia.com\\\/portal\\\/concurso-procurador-camara-de-ariquemes-ro\\\/#article\",\"isPartOf\":{\"@id\":\"https:\\\/\\\/cj.estrategia.com\\\/portal\\\/concurso-procurador-camara-de-ariquemes-ro\\\/\"},\"author\":{\"name\":\"Coordena\u00e7\u00e3o\",\"@id\":\"https:\\\/\\\/cj.estrategia.com\\\/portal\\\/#\\\/schema\\\/person\\\/4d70317d31449932b99102916b6637f5\"},\"headline\":\"Concurso Procurador C\u00e2mara de Ariquemes RO: edital em 2025!\",\"datePublished\":\"2025-02-13T18:27:26+00:00\",\"dateModified\":\"2025-12-17T23:17:58+00:00\",\"mainEntityOfPage\":{\"@id\":\"https:\\\/\\\/cj.estrategia.com\\\/portal\\\/concurso-procurador-camara-de-ariquemes-ro\\\/\"},\"wordCount\":402,\"commentCount\":0,\"publisher\":{\"@id\":\"https:\\\/\\\/cj.estrategia.com\\\/portal\\\/#organization\"},\"image\":{\"@id\":\"https:\\\/\\\/cj.estrategia.com\\\/portal\\\/concurso-procurador-camara-de-ariquemes-ro\\\/#primaryimage\"},\"thumbnailUrl\":\"https:\\\/\\\/cj.estrategia.com\\\/portal\\\/wp-content\\\/uploads\\\/2025\\\/12\\\/17195659\\\/Concursos-Procuradorias.jpg\",\"articleSection\":[\"Procuradoria\"],\"inLanguage\":\"pt-BR\",\"potentialAction\":[{\"@type\":\"CommentAction\",\"name\":\"Comment\",\"target\":[\"https:\\\/\\\/cj.estrategia.com\\\/portal\\\/concurso-procurador-camara-de-ariquemes-ro\\\/#respond\"]}]},{\"@type\":\"WebPage\",\"@id\":\"https:\\\/\\\/cj.estrategia.com\\\/portal\\\/concurso-procurador-camara-de-ariquemes-ro\\\/\",\"url\":\"https:\\\/\\\/cj.estrategia.com\\\/portal\\\/concurso-procurador-camara-de-ariquemes-ro\\\/\",\"name\":\"Concurso Procurador C\u00e2mara de Ariquemes RO: edital em 2025!\",\"isPartOf\":{\"@id\":\"https:\\\/\\\/cj.estrategia.com\\\/portal\\\/#website\"},\"primaryImageOfPage\":{\"@id\":\"https:\\\/\\\/cj.estrategia.com\\\/portal\\\/concurso-procurador-camara-de-ariquemes-ro\\\/#primaryimage\"},\"image\":{\"@id\":\"https:\\\/\\\/cj.estrategia.com\\\/portal\\\/concurso-procurador-camara-de-ariquemes-ro\\\/#primaryimage\"},\"thumbnailUrl\":\"https:\\\/\\\/cj.estrategia.com\\\/portal\\\/wp-content\\\/uploads\\\/2025\\\/12\\\/17195659\\\/Concursos-Procuradorias.jpg\",\"datePublished\":\"2025-02-13T18:27:26+00:00\",\"dateModified\":\"2025-12-17T23:17:58+00:00\",\"description\":\"Concurso Procurador C\u00e2mara de Ariquemes RO: novo edital deve ser publicado em 2025 com oferta de vagas para Procurador Legislativo.\",\"breadcrumb\":{\"@id\":\"https:\\\/\\\/cj.estrategia.com\\\/portal\\\/concurso-procurador-camara-de-ariquemes-ro\\\/#breadcrumb\"},\"inLanguage\":\"pt-BR\",\"potentialAction\":[{\"@type\":\"ReadAction\",\"target\":[\"https:\\\/\\\/cj.estrategia.com\\\/portal\\\/concurso-procurador-camara-de-ariquemes-ro\\\/\"]}]},{\"@type\":\"ImageObject\",\"inLanguage\":\"pt-BR\",\"@id\":\"https:\\\/\\\/cj.estrategia.com\\\/portal\\\/concurso-procurador-camara-de-ariquemes-ro\\\/#primaryimage\",\"url\":\"https:\\\/\\\/cj.estrategia.com\\\/portal\\\/wp-content\\\/uploads\\\/2025\\\/12\\\/17195659\\\/Concursos-Procuradorias.jpg\",\"contentUrl\":\"https:\\\/\\\/cj.estrategia.com\\\/portal\\\/wp-content\\\/uploads\\\/2025\\\/12\\\/17195659\\\/Concursos-Procuradorias.jpg\",\"width\":768,\"height\":432},{\"@type\":\"BreadcrumbList\",\"@id\":\"https:\\\/\\\/cj.estrategia.com\\\/portal\\\/concurso-procurador-camara-de-ariquemes-ro\\\/#breadcrumb\",\"itemListElement\":[{\"@type\":\"ListItem\",\"position\":1,\"name\":\"In\u00edcio\",\"item\":\"https:\\\/\\\/cj.estrategia.com\\\/portal\\\/\"},{\"@type\":\"ListItem\",\"position\":2,\"name\":\"Concurso Procurador C\u00e2mara de Ariquemes RO: edital em 2025!\"}]},{\"@type\":\"WebSite\",\"@id\":\"https:\\\/\\\/cj.estrategia.com\\\/portal\\\/#website\",\"url\":\"https:\\\/\\\/cj.estrategia.com\\\/portal\\\/\",\"name\":\"Blog - Carreiras Jur\u00eddicas - Estrat\u00e9gia\",\"description\":\"\",\"publisher\":{\"@id\":\"https:\\\/\\\/cj.estrategia.com\\\/portal\\\/#organization\"},\"potentialAction\":[{\"@type\":\"SearchAction\",\"target\":{\"@type\":\"EntryPoint\",\"urlTemplate\":\"https:\\\/\\\/cj.estrategia.com\\\/portal\\\/?s={search_term_string}\"},\"query-input\":{\"@type\":\"PropertyValueSpecification\",\"valueRequired\":true,\"valueName\":\"search_term_string\"}}],\"inLanguage\":\"pt-BR\"},{\"@type\":\"Organization\",\"@id\":\"https:\\\/\\\/cj.estrategia.com\\\/portal\\\/#organization\",\"name\":\"Estrat\u00e9gia - Carreiras Jur\u00eddicas\",\"url\":\"https:\\\/\\\/cj.estrategia.com\\\/portal\\\/\",\"logo\":{\"@type\":\"ImageObject\",\"inLanguage\":\"pt-BR\",\"@id\":\"https:\\\/\\\/cj.estrategia.com\\\/portal\\\/#\\\/schema\\\/logo\\\/image\\\/\",\"url\":\"https:\\\/\\\/cj.estrategia.com\\\/portal\\\/wp-content\\\/uploads\\\/2022\\\/03\\\/11151052\\\/cj-logo.png\",\"contentUrl\":\"https:\\\/\\\/cj.estrategia.com\\\/portal\\\/wp-content\\\/uploads\\\/2022\\\/03\\\/11151052\\\/cj-logo.png\",\"width\":150,\"height\":39,\"caption\":\"Estrat\u00e9gia - Carreiras Jur\u00eddicas\"},\"image\":{\"@id\":\"https:\\\/\\\/cj.estrategia.com\\\/portal\\\/#\\\/schema\\\/logo\\\/image\\\/\"},\"sameAs\":[\"https:\\\/\\\/www.facebook.com\\\/estrategiacarreirajuridica\\\/\",\"https:\\\/\\\/x.com\\\/EstratJuridica\",\"https:\\\/\\\/www.instagram.com\\\/estrategiacarreirajuridica\\\/\",\"https:\\\/\\\/www.youtube.com\\\/channel\\\/UClbMGuYbj2Mh1m3w144ETWQ\"]},{\"@type\":\"Person\",\"@id\":\"https:\\\/\\\/cj.estrategia.com\\\/portal\\\/#\\\/schema\\\/person\\\/4d70317d31449932b99102916b6637f5\",\"name\":\"Coordena\u00e7\u00e3o\",\"image\":{\"@type\":\"ImageObject\",\"inLanguage\":\"pt-BR\",\"@id\":\"https:\\\/\\\/cj.estrategia.com\\\/portal\\\/wp-content\\\/uploads\\\/2022\\\/05\\\/12164923\\\/estrategia-carreira-juridica-coordenacao-96x96.png\",\"url\":\"https:\\\/\\\/cj.estrategia.com\\\/portal\\\/wp-content\\\/uploads\\\/2022\\\/05\\\/12164923\\\/estrategia-carreira-juridica-coordenacao-96x96.png\",\"contentUrl\":\"https:\\\/\\\/cj.estrategia.com\\\/portal\\\/wp-content\\\/uploads\\\/2022\\\/05\\\/12164923\\\/estrategia-carreira-juridica-coordenacao-96x96.png\",\"caption\":\"Coordena\u00e7\u00e3o\"},\"url\":\"https:\\\/\\\/cj.estrategia.com\\\/portal\\\/author\\\/coordenacao\\\/\"}]}<\/script>\n<!-- \/ Yoast SEO Premium plugin. -->","yoast_head_json":{"title":"Concurso Procurador C\u00e2mara de Ariquemes RO: edital em 2025!","description":"Concurso Procurador C\u00e2mara de Ariquemes RO: novo edital deve ser publicado em 2025 com oferta de vagas para Procurador Legislativo.","robots":{"index":"index","follow":"follow","max-snippet":"max-snippet:-1","max-image-preview":"max-image-preview:large","max-video-preview":"max-video-preview:-1"},"canonical":"https:\/\/cj.estrategia.com\/portal\/concurso-procurador-camara-de-ariquemes-ro\/","og_locale":"pt_BR","og_type":"article","og_title":"Concurso Procurador C\u00e2mara de Ariquemes RO: edital em 2025!","og_description":"Concurso Procurador C\u00e2mara de Ariquemes RO: novo edital deve ser publicado em 2025 com oferta de vagas para Procurador Legislativo.","og_url":"https:\/\/cj.estrategia.com\/portal\/concurso-procurador-camara-de-ariquemes-ro\/","og_site_name":"Blog - Carreiras Jur\u00eddicas - Estrat\u00e9gia","article_publisher":"https:\/\/www.facebook.com\/estrategiacarreirajuridica\/","article_published_time":"2025-02-13T18:27:26+00:00","article_modified_time":"2025-12-17T23:17:58+00:00","og_image":[{"width":768,"height":432,"url":"https:\/\/cj.estrategia.com\/portal\/wp-content\/uploads\/2025\/12\/17195659\/Concursos-Procuradorias.jpg","type":"image\/jpeg"}],"author":"Coordena\u00e7\u00e3o","twitter_card":"summary_large_image","twitter_creator":"@EstratJuridica","twitter_site":"@EstratJuridica","twitter_misc":{"Escrito por":"Coordena\u00e7\u00e3o","Est. tempo de leitura":"5 minutos"},"schema":{"@context":"https:\/\/schema.org","@graph":[{"@type":"NewsArticle","@id":"https:\/\/cj.estrategia.com\/portal\/concurso-procurador-camara-de-ariquemes-ro\/#article","isPartOf":{"@id":"https:\/\/cj.estrategia.com\/portal\/concurso-procurador-camara-de-ariquemes-ro\/"},"author":{"name":"Coordena\u00e7\u00e3o","@id":"https:\/\/cj.estrategia.com\/portal\/#\/schema\/person\/4d70317d31449932b99102916b6637f5"},"headline":"Concurso Procurador C\u00e2mara de Ariquemes RO: edital em 2025!","datePublished":"2025-02-13T18:27:26+00:00","dateModified":"2025-12-17T23:17:58+00:00","mainEntityOfPage":{"@id":"https:\/\/cj.estrategia.com\/portal\/concurso-procurador-camara-de-ariquemes-ro\/"},"wordCount":402,"commentCount":0,"publisher":{"@id":"https:\/\/cj.estrategia.com\/portal\/#organization"},"image":{"@id":"https:\/\/cj.estrategia.com\/portal\/concurso-procurador-camara-de-ariquemes-ro\/#primaryimage"},"thumbnailUrl":"https:\/\/cj.estrategia.com\/portal\/wp-content\/uploads\/2025\/12\/17195659\/Concursos-Procuradorias.jpg","articleSection":["Procuradoria"],"inLanguage":"pt-BR","potentialAction":[{"@type":"CommentAction","name":"Comment","target":["https:\/\/cj.estrategia.com\/portal\/concurso-procurador-camara-de-ariquemes-ro\/#respond"]}]},{"@type":"WebPage","@id":"https:\/\/cj.estrategia.com\/portal\/concurso-procurador-camara-de-ariquemes-ro\/","url":"https:\/\/cj.estrategia.com\/portal\/concurso-procurador-camara-de-ariquemes-ro\/","name":"Concurso Procurador C\u00e2mara de Ariquemes RO: edital em 2025!","isPartOf":{"@id":"https:\/\/cj.estrategia.com\/portal\/#website"},"primaryImageOfPage":{"@id":"https:\/\/cj.estrategia.com\/portal\/concurso-procurador-camara-de-ariquemes-ro\/#primaryimage"},"image":{"@id":"https:\/\/cj.estrategia.com\/portal\/concurso-procurador-camara-de-ariquemes-ro\/#primaryimage"},"thumbnailUrl":"https:\/\/cj.estrategia.com\/portal\/wp-content\/uploads\/2025\/12\/17195659\/Concursos-Procuradorias.jpg","datePublished":"2025-02-13T18:27:26+00:00","dateModified":"2025-12-17T23:17:58+00:00","description":"Concurso Procurador C\u00e2mara de Ariquemes RO: novo edital deve ser publicado em 2025 com oferta de vagas para Procurador Legislativo.","breadcrumb":{"@id":"https:\/\/cj.estrategia.com\/portal\/concurso-procurador-camara-de-ariquemes-ro\/#breadcrumb"},"inLanguage":"pt-BR","potentialAction":[{"@type":"ReadAction","target":["https:\/\/cj.estrategia.com\/portal\/concurso-procurador-camara-de-ariquemes-ro\/"]}]},{"@type":"ImageObject","inLanguage":"pt-BR","@id":"https:\/\/cj.estrategia.com\/portal\/concurso-procurador-camara-de-ariquemes-ro\/#primaryimage","url":"https:\/\/cj.estrategia.com\/portal\/wp-content\/uploads\/2025\/12\/17195659\/Concursos-Procuradorias.jpg","contentUrl":"https:\/\/cj.estrategia.com\/portal\/wp-content\/uploads\/2025\/12\/17195659\/Concursos-Procuradorias.jpg","width":768,"height":432},{"@type":"BreadcrumbList","@id":"https:\/\/cj.estrategia.com\/portal\/concurso-procurador-camara-de-ariquemes-ro\/#breadcrumb","itemListElement":[{"@type":"ListItem","position":1,"name":"In\u00edcio","item":"https:\/\/cj.estrategia.com\/portal\/"},{"@type":"ListItem","position":2,"name":"Concurso Procurador C\u00e2mara de Ariquemes RO: edital em 2025!"}]},{"@type":"WebSite","@id":"https:\/\/cj.estrategia.com\/portal\/#website","url":"https:\/\/cj.estrategia.com\/portal\/","name":"Blog - Carreiras Jur\u00eddicas - Estrat\u00e9gia","description":"","publisher":{"@id":"https:\/\/cj.estrategia.com\/portal\/#organization"},"potentialAction":[{"@type":"SearchAction","target":{"@type":"EntryPoint","urlTemplate":"https:\/\/cj.estrategia.com\/portal\/?s={search_term_string}"},"query-input":{"@type":"PropertyValueSpecification","valueRequired":true,"valueName":"search_term_string"}}],"inLanguage":"pt-BR"},{"@type":"Organization","@id":"https:\/\/cj.estrategia.com\/portal\/#organization","name":"Estrat\u00e9gia - Carreiras Jur\u00eddicas","url":"https:\/\/cj.estrategia.com\/portal\/","logo":{"@type":"ImageObject","inLanguage":"pt-BR","@id":"https:\/\/cj.estrategia.com\/portal\/#\/schema\/logo\/image\/","url":"https:\/\/cj.estrategia.com\/portal\/wp-content\/uploads\/2022\/03\/11151052\/cj-logo.png","contentUrl":"https:\/\/cj.estrategia.com\/portal\/wp-content\/uploads\/2022\/03\/11151052\/cj-logo.png","width":150,"height":39,"caption":"Estrat\u00e9gia - Carreiras Jur\u00eddicas"},"image":{"@id":"https:\/\/cj.estrategia.com\/portal\/#\/schema\/logo\/image\/"},"sameAs":["https:\/\/www.facebook.com\/estrategiacarreirajuridica\/","https:\/\/x.com\/EstratJuridica","https:\/\/www.instagram.com\/estrategiacarreirajuridica\/","https:\/\/www.youtube.com\/channel\/UClbMGuYbj2Mh1m3w144ETWQ"]},{"@type":"Person","@id":"https:\/\/cj.estrategia.com\/portal\/#\/schema\/person\/4d70317d31449932b99102916b6637f5","name":"Coordena\u00e7\u00e3o","image":{"@type":"ImageObject","inLanguage":"pt-BR","@id":"https:\/\/cj.estrategia.com\/portal\/wp-content\/uploads\/2022\/05\/12164923\/estrategia-carreira-juridica-coordenacao-96x96.png","url":"https:\/\/cj.estrategia.com\/portal\/wp-content\/uploads\/2022\/05\/12164923\/estrategia-carreira-juridica-coordenacao-96x96.png","contentUrl":"https:\/\/cj.estrategia.com\/portal\/wp-content\/uploads\/2022\/05\/12164923\/estrategia-carreira-juridica-coordenacao-96x96.png","caption":"Coordena\u00e7\u00e3o"},"url":"https:\/\/cj.estrategia.com\/portal\/author\/coordenacao\/"}]}},"jetpack_featured_media_url":"https:\/\/cj.estrategia.com\/portal\/wp-content\/uploads\/2025\/12\/17195659\/Concursos-Procuradorias.jpg","jetpack_sharing_enabled":true,"_links":{"self":[{"href":"https:\/\/cj.estrategia.com\/portal\/wp-json\/wp\/v2\/posts\/86086","targetHints":{"allow":["GET"]}}],"collection":[{"href":"https:\/\/cj.estrategia.com\/portal\/wp-json\/wp\/v2\/posts"}],"about":[{"href":"https:\/\/cj.estrategia.com\/portal\/wp-json\/wp\/v2\/types\/post"}],"author":[{"embeddable":true,"href":"https:\/\/cj.estrategia.com\/portal\/wp-json\/wp\/v2\/users\/12"}],"replies":[{"embeddable":true,"href":"https:\/\/cj.estrategia.com\/portal\/wp-json\/wp\/v2\/comments?post=86086"}],"version-history":[{"count":11,"href":"https:\/\/cj.estrategia.com\/portal\/wp-json\/wp\/v2\/posts\/86086\/revisions"}],"predecessor-version":[{"id":169927,"href":"https:\/\/cj.estrategia.com\/portal\/wp-json\/wp\/v2\/posts\/86086\/revisions\/169927"}],"wp:featuredmedia":[{"embeddable":true,"href":"https:\/\/cj.estrategia.com\/portal\/wp-json\/wp\/v2\/media\/169991"}],"wp:attachment":[{"href":"https:\/\/cj.estrategia.com\/portal\/wp-json\/wp\/v2\/media?parent=86086"}],"wp:term":[{"taxonomy":"category","embeddable":true,"href":"https:\/\/cj.estrategia.com\/portal\/wp-json\/wp\/v2\/categories?post=86086"},{"taxonomy":"post_tag","embeddable":true,"href":"https:\/\/cj.estrategia.com\/portal\/wp-json\/wp\/v2\/tags?post=86086"},{"taxonomy":"tax_estado","embeddable":true,"href":"https:\/\/cj.estrategia.com\/portal\/wp-json\/wp\/v2\/tax_estado?post=86086"}],"curies":[{"name":"wp","href":"https:\/\/api.w.org\/{rel}","templated":true}]}}