{"id":86034,"date":"2024-12-03T15:28:16","date_gmt":"2024-12-03T18:28:16","guid":{"rendered":"https:\/\/cj.estrategia.com\/portal\/?p=86034"},"modified":"2024-12-03T15:28:19","modified_gmt":"2024-12-03T18:28:19","slug":"prova-comentada-direito-tributario-e-financeiro-magistratura-pe","status":"publish","type":"post","link":"https:\/\/cj.estrategia.com\/portal\/prova-comentada-direito-tributario-e-financeiro-magistratura-pe\/","title":{"rendered":"Prova comentada Direito Tribut\u00e1rio e Financeiro Magistratura PE"},"content":{"rendered":"\n<p>Ol\u00e1, pessoal, tudo certo?!<\/p>\n\n\n\n<p>Em 01\/12\/2024, foi aplicada a prova objetiva do concurso p\u00fablico para o <strong>Tribunal de Justi\u00e7a do Estado de Pernambuco<\/strong>. Assim que divulgados o caderno de provas e o gabarito preliminar oficial, nosso time de professores analisou cada uma das quest\u00f5es que agora ser\u00e3o apresentadas em nossa <strong>PROVA COMENTADA<\/strong>.<\/p>\n\n\n\n<p>Este material visa a auxili\u00e1-los na aferi\u00e7\u00e3o das notas, elabora\u00e7\u00e3o de eventuais recursos, verifica\u00e7\u00e3o das chances de avan\u00e7o para fase discursiva, bem como na revis\u00e3o do conte\u00fado cobrado no certame.<\/p>\n\n\n\n<p>Desde j\u00e1, destacamos que nosso time de professores identificou 3 quest\u00f5es pass\u00edveis de recurso e\/ou que devem ser anuladas, por apresentarem duas ou nenhuma alternativa correta, como veremos adiante. No tipo de prova comentado, trata-se das quest\u00f5es 03, 05 e 60.<\/p>\n\n\n\n<p>De modo complementar, elaboramos tamb\u00e9m o<a href=\"https:\/\/cj.estrategia.com\/rankings\/ca2b85e1-11d9-401e-8f94-4e929794e1d4\" target=\"_blank\" > <strong>RANKING do TJ-PE<\/strong><\/a><strong> <\/strong>em que nossos alunos e seguidores poder\u00e3o inserir suas respostas \u00e0 prova, e, ao final, aferir sua nota, de acordo com o gabarito elaborado por nossos professores. Atrav\u00e9s do ranking, tamb\u00e9m poderemos estimar a nota de corte da 1\u00ba fase. Essa ferramenta \u00e9 gratuita!<\/p>\n\n\n\n<p>Al\u00e9m disso, montamos um caderno para nossos seguidores, alunos ou n\u00e3o, verem os coment\u00e1rios e comentar as quest\u00f5es da prova: <a href=\"https:\/\/cj.estrategia.com\/cadernos-e-simulados\/cadernos\/a1f754e9-1ca9-4054-86c1-033268e4935b\" target=\"_blank\" >confira AQUI<\/a><\/p>\n\n\n\n<p>Por fim, comentaremos a prova, as quest\u00f5es mais pol\u00eamicas, as possibilidades de recurso, bem como a estimativa da nota de corte no <strong>TERM\u00d4METRO P\u00d3S-PROVA<\/strong>, no nosso canal do Youtube. Inscreva-se e ative as notifica\u00e7\u00f5es! <a href=\"https:\/\/www.youtube.com\/@EstrategiaCarreiraJuridica\" target=\"_blank\" ><strong>Estrat\u00e9gia Carreira Jur\u00eddica &#8211; YouTube<\/strong><\/a><\/p>\n\n\n\n<p class=\"has-text-align-center has-pale-ocean-gradient-background has-background\"><strong><a href=\"https:\/\/cj.estrategia.com\/portal\/gabarito-extraoficial-magistratura-pe-2024\/\" target=\"_blank\" >Confira AQUI as provas comentadas de todas as disciplinas<\/a><\/strong><\/p>\n\n\n\n<h3 class=\"wp-block-heading has-vivid-red-color has-text-color has-link-color wp-elements-a2159449f022cc690c06e0a8cee910d5\" id=\"h-prova-comentada-direito-tributario-e-financeiro\"><span id=\"prova-comentada-direito-tributario-e-financeiro\">Prova comentada Direito Tribut\u00e1rio e Financeiro<\/span><\/h3>\n\n\n\n<p><strong>QUEST\u00c3O 77. A empresa ABC Ltda., sediada em munic\u00edpio pernambucano, apurou e pagou antecipadamente os valores relativos ao imposto sobre servi\u00e7os de qualquer natureza (ISS), tributo submetido a regime de lan\u00e7amento por homologa\u00e7\u00e3o, referente ao exerc\u00edcio de 2018. No \u00e2mbito de fiscaliza\u00e7\u00e3o realizada pelo Fisco municipal no ano de 2024, a autoridade fazend\u00e1ria constatou que o pagamento foi realizado corretamente, mas n\u00e3o houve homologa\u00e7\u00e3o expressa pela administra\u00e7\u00e3o tribut\u00e1ria municipal A despeito disso, identificou que a empresa omitira valores do tributo em 2018, n\u00e3o constatando a presen\u00e7a de dolo, fraude ou simula\u00e7\u00e3o na omiss\u00e3o. Sendo assim, a Fazenda municipal procedeu em 2024 \u00e0 constitui\u00e7\u00e3o do cr\u00e9dito tribut\u00e1rio para os valores n\u00e3o pagos.<\/strong><\/p>\n\n\n\n<p><strong>Diante da situa\u00e7\u00e3o descrita e na esteira do C\u00f3digo Tribut\u00e1rio Nacional e da jurisprud\u00eancia do Superior Tribunal de Justi\u00e7a, \u00e9 correto afirmar que:<\/strong><\/p>\n\n\n\n<p><strong>a) os cr\u00e9ditos tribut\u00e1rios referentes aos valores pagos antecipadamente e aos n\u00e3o pagos em 2018 foram extintos, pois o prazo decadencial para a homologa\u00e7\u00e3o do lan\u00e7amento se iniciou em 2018 e expirou em 2023; logo, n\u00e3o podem ser revistos pela Fazenda municipal;<\/strong><\/p>\n\n\n\n<p><strong>b) o cr\u00e9dito tribut\u00e1rio referente aos valores n\u00e3o pagos ainda pode ser constitu\u00eddo pela Fazenda municipal em 2024, pois o prazo decadencial conta-se a partir do primeiro dia do exerc\u00edcio de 2019;<\/strong><\/p>\n\n\n\n<p><strong>c) o cr\u00e9dito tribut\u00e1rio referente aos valores pagos antecipadamente pode ser revisto pela Fazenda municipal em 2024, pois o pagamento antecipado extingue o cr\u00e9dito sob condi\u00e7\u00e3o resolut\u00f3ria;<\/strong><\/p>\n\n\n\n<p><strong>d) o cr\u00e9dito tribut\u00e1rio referente aos valores pagos antecipadamente pode ser revisto pela Fazenda municipal em 2024, pois o prazo decadencial inicia-se com a homologa\u00e7\u00e3o expressa pela administra\u00e7\u00e3o tribut\u00e1ria;<\/strong><\/p>\n\n\n\n<p><strong>e) o cr\u00e9dito tribut\u00e1rio referente aos valores n\u00e3o pagos em 2018 est\u00e1 sujeito \u00e0 contagem do prazo decadencial a partir da ocorr\u00eancia do fato gerador, encerrando-se em 2023, pois n\u00e3o houve dolo, fraude ou simula\u00e7\u00e3o na omiss\u00e3o.<\/strong><\/p>\n\n\n\n<p><strong>Coment\u00e1rios<\/strong><\/p>\n\n\n\n<p>A alternativa correta \u00e9 a <strong>letra E<\/strong>. A quest\u00e3o trata do tema constitui\u00e7\u00e3o do cr\u00e9dito tribut\u00e1rio.<\/p>\n\n\n\n<p>A alternativa A est\u00e1 incorreta. Conta-se o prazo a partir do fato gerador;<\/p>\n\n\n\n<p>A alternativa B est\u00e1 incorreta. Conforme entendimento sumulado pelo STJ, s\u00famula 555, a contagem ser\u00e1 a partir do fato gerador.<\/p>\n\n\n\n<p>A alternativa C est\u00e1 incorreta. Conforme entendimento sumulado pelo STJ, s\u00famula 555, a contagem ser\u00e1 a partir do fato gerador.<\/p>\n\n\n\n<p>A alternativa D est\u00e1 incorreta. Conforme entendimento sumulado pelo STJ, s\u00famula 555, a contagem ser\u00e1 a partir do fato gerador.<\/p>\n\n\n\n<p>A alternativa E est\u00e1 correta. Entendimento de acordo com a s\u00famula 555 do STJ, que assim disp\u00f5e: \u201cQuando n\u00e3o houver declara\u00e7\u00e3o do d\u00e9bito, o prazo decadencial quinquenal para o Fisco constituir o cr\u00e9dito tribut\u00e1rio conta-se exclusivamente na forma do art. 173, I, do CTN, nos casos em que a legisla\u00e7\u00e3o atribui ao sujeito passivo o dever de antecipar o pagamento sem pr\u00e9vio exame da autoridade administrativa.\u201d.<\/p>\n\n\n\n<p><strong>QUEST\u00c3O 78. Um magistrado vinculado ao Tribunal de Justi\u00e7a do Estado de Pernambuco deve controlar a conduta fiscalizat\u00f3ria de um auditor-fiscal do Tesouro Estadual no que toca ao direito fundamental ao sigilo e \u00e0 reserva de jurisdi\u00e7\u00e3o com o intuito de aferir a realiza\u00e7\u00e3o de fato gerador do imposto sobre transmiss\u00e3o causa mortis e doa\u00e7\u00e3o, o agente fazend\u00e1rio requisitou o compartilhamento de uma s\u00e9rie de informa\u00e7\u00f5es banc\u00e1rias e fiscais, sem autoriza\u00e7\u00e3o judicial pr\u00e9via.<\/strong><\/p>\n\n\n\n<p><strong>Diante do questionamento em sede judicial pelo contribuinte fiscalizado desses atos, compete ao juiz declarar a invalidade do compartilhamento de dados banc\u00e1rios e fiscais, ainda que comprovada a instaura\u00e7\u00e3o regular de processo administrativo e mediante solicita\u00e7\u00e3o do auditor estadual, por parte de:<\/strong><\/p>\n\n\n\n<p><strong>a) auditor-fiscal da Receita Federal do Brasil sobre o patrim\u00f4nio e os rendimentos do fiscalizado, havendo ind\u00edcios de infra\u00e7\u00e3o administrativa;<\/strong><\/p>\n\n\n\n<p><strong>b) auditor-fiscal da Receita Federal do Brasil sobre il\u00edcitos descritos em representa\u00e7\u00e3o fiscal para fins penais encaminhada ao Minist\u00e9rio P\u00fablico;<\/strong><\/p>\n\n\n\n<p><strong>c) institui\u00e7\u00f5es e intermediadores financeiros e de pagamento acerca de transa\u00e7\u00f5es de mercadoria ou servi\u00e7o entre consumidor e benefici\u00e1rio de pagamentos realizadas via PIX;<\/strong><\/p>\n\n\n\n<p><strong>d) institui\u00e7\u00f5es financeiras constantes em seus registros na hip\u00f3tese de o contribuinte ter sido notificado do expediente e o pedido de acesso ter sido avalizado por superior hier\u00e1rquico do requerente;<\/strong><\/p>\n\n\n\n<p><strong>e) auditor-fiscal da Receita Federal do Brasil sobre informa\u00e7\u00f5es prestadas pelo contribuinte aderente a programa de repatria\u00e7\u00e3o de ativos, cuja lei instituidora equipare a divulga\u00e7\u00e3o dessas informa\u00e7\u00f5es \u00e0 quebra de sigilo fiscal.<\/strong><\/p>\n\n\n\n<p><strong>Coment\u00e1rios<\/strong><\/p>\n\n\n\n<p>A alternativa correta \u00e9 a <strong>letra A<\/strong>. A quest\u00e3o trata do tema transfer\u00eancia de dados banc\u00e1rios e direito \u00e0 intimidade.<\/p>\n\n\n\n<p>A alternativa A est\u00e1 correta. Com o ind\u00edcio de infra\u00e7\u00e3o administrativa se torna inv\u00e1lido o compartilhamento de dados;<\/p>\n\n\n\n<p>&nbsp;A alternativa B est\u00e1 incorreta. N\u00e3o se trata de hip\u00f3tese de invalidade do compartilhamento, haja vista a representa\u00e7\u00e3o fiscal para fins penais realizada pelo Minist\u00e9rio P\u00fablico;<\/p>\n\n\n\n<p>A alternativa C est\u00e1 incorreta. As opera\u00e7\u00f5es realizadas via pix n\u00e3o constituem exce\u00e7\u00e3o ao poder de fiscaliza\u00e7\u00e3o;<\/p>\n\n\n\n<p>A alternativa D est\u00e1 incorreta. Na hip\u00f3tese houve a comunica\u00e7\u00e3o ao contribuinte e a autoriza\u00e7\u00e3o do superior hier\u00e1rquico, afastada a invalidade portanto;<\/p>\n\n\n\n<p>A alternativa E est\u00e1 incorreta. N\u00e3o afasta a incid\u00eancia do entendimento jurisprudencial o fato de ser transa\u00e7\u00e3o referente \u00e0 repatria\u00e7\u00e3o de ativos.<\/p>\n\n\n\n<p><strong>QUEST\u00c3O 79. Uma entidade religiosa com sede e atua\u00e7\u00e3o em um munic\u00edpio pernambucano foi notificada pela fazenda municipal sobre a lavratura de auto de infra\u00e7\u00e3o. A fiscaliza\u00e7\u00e3o envolveu tr\u00eas im\u00f3veis. O primeiro foi um templo onde a entidade realiza suas atividades religiosas, localizado em um edif\u00edcio alugado no Centro da cidade. O segundo referiu-se a uma ch\u00e1cara doada \u00e0 entidade, que atualmente utiliza o local para tratamento de dependentes qu\u00edmicos, localizada em \u00e1rea urbana. O terceiro consistiu em um apartamento que faz parte do patrim\u00f4nio da entidade e \u00e9 destinado \u00e0 resid\u00eancia de uma autoridade religiosa.<\/strong><\/p>\n\n\n\n<p><strong>Diante dessa situa\u00e7\u00e3o e com base na Constitui\u00e7\u00e3o Federal de 1988, no C\u00f3digo Tribut\u00e1rio Nacional e na jurisprud\u00eancia do Supremo Tribunal Federal, o auto de infra\u00e7\u00e3o pode ser legitimamente justificado com os seguintes fundamentos f\u00e1ticos- jur\u00eddicos:<\/strong><\/p>\n\n\n\n<p><strong>a) n\u00e3o pagamento de IPTU em rela\u00e7\u00e3o ao templo, dado que a entidade n\u00e3o \u00e9 propriet\u00e1ria do im\u00f3vel;<\/strong><\/p>\n\n\n\n<p><strong>b) n\u00e3o pagamento de IPTU em rela\u00e7\u00e3o ao apartamento, dado que o local n\u00e3o se destina \u00e0 realiza\u00e7\u00e3o de atos religiosos;<\/strong><\/p>\n\n\n\n<p><strong>c) n\u00e3o exibi\u00e7\u00e3o de documentos e pap\u00e9is relativos a colaborador da entidade, quando a fiscaliza\u00e7\u00e3o busca averiguar o cumprimento de obriga\u00e7\u00f5es tribut\u00e1rias por terceiros;<\/strong><\/p>\n\n\n\n<p><strong>d) n\u00e3o pagamento de IPTU em rela\u00e7\u00e3o \u00e0 ch\u00e1cara, dado que o uso para tratamento de dependentes qu\u00edmicos n\u00e3o est\u00e1 vinculado \u00e0s suas finalidades essenciais;<\/strong><\/p>\n\n\n\n<p><strong>e) n\u00e3o exibi\u00e7\u00e3o, por conta da aus\u00eancia de conserva\u00e7\u00e3o, de livros obrigat\u00f3rios relativos a fatos, cujos cr\u00e9ditos tribut\u00e1rios decorrentes estariam prescritos ao tempo da fiscaliza\u00e7\u00e3o.<\/strong><\/p>\n\n\n\n<p><strong>Coment\u00e1rios<\/strong><\/p>\n\n\n\n<p>A alternativa correta \u00e9 a <strong>letra C<\/strong>. A quest\u00e3o trata do tema imunidade tribut\u00e1ria.<\/p>\n\n\n\n<p>A alternativa A est\u00e1 incorreta. A imunidade tribut\u00e1ria n\u00e3o \u00e9 afastada neste caso.<\/p>\n\n\n\n<p>&nbsp;A alternativa B est\u00e1 incorreta. O apartamento, por ser destinado \u00e0 moradia de autoridade religiosa, est\u00e1 abarcado pela imunidade tribut\u00e1ria;<\/p>\n\n\n\n<p>A alternativa C est\u00e1 correta. A imunidade tribut\u00e1ria n\u00e3o afasta o poder de fiscaliza\u00e7\u00e3o da Fazenda Municipal;<\/p>\n\n\n\n<p>A alternativa D est\u00e1 incorreta. N\u00e3o se afasta a imunidade tribut\u00e1ria no caso concreto, pois a ch\u00e1cara \u00e9 utilizada pela entidade religiosa;<\/p>\n\n\n\n<p>A alternativa E est\u00e1 incorreta. Trata-se de cr\u00e9ditos prescritos ao tempo da fiscaliza\u00e7\u00e3o.<\/p>\n\n\n\n<p><strong>QUEST\u00c3O 80. Um munic\u00edpio pernambucano ajuizou execu\u00e7\u00e3o fiscal em face de uma empresa sediada em seu territ\u00f3rio para a cobran\u00e7a de cr\u00e9dito tribut\u00e1rio em valor inferior a um sal\u00e1rio-m\u00ednimo. Diante da lide tribut\u00e1ria, o magistrado da comarca decidiu por extinguir o processo, sem resolu\u00e7\u00e3o do m\u00e9rito, sob o fundamento de aus\u00eancia de interesse de agir do munic\u00edpio. Em recurso interposto em face dessa decis\u00e3o, a procuradoria municipal alegou que, embora a execu\u00e7\u00e3o fiscal seja de baixo valor, possui milhares de contribuintes inscritos em sua d\u00edvida em situa\u00e7\u00e3o semelhante, de modo que, a prevalecer o entendimento do ju\u00edzo, haveria incentivo \u00e0 inadimpl\u00eancia e comprometimento da arrecada\u00e7\u00e3o tribut\u00e1ria.<\/strong><\/p>\n\n\n\n<p><strong>\u00c0 luz da situa\u00e7\u00e3o descrita, segundo a jurisprud\u00eancia dos Tribunais Superiores, a decis\u00e3o do magistrado da comarca est\u00e1:<\/strong><\/p>\n\n\n\n<p><strong>a) correta, caso precedida de tentativa de concilia\u00e7\u00e3o ou ado\u00e7\u00e3o de solu\u00e7\u00e3o administrativa, assim como de protesto do t\u00edtulo;<\/strong><\/p>\n\n\n\n<p><strong>b) correta, independentemente do protesto do t\u00edtulo, caso a tentativa de concilia\u00e7\u00e3o ou ado\u00e7\u00e3o de solu\u00e7\u00e3o administrativa tenha se revelado frustrada;<\/strong><\/p>\n\n\n\n<p><strong>c) correta, independentemente de qualquer provid\u00eancia administrativa pr\u00e9via, por for\u00e7a do princ\u00edpio constitucional da efici\u00eancia;<\/strong><\/p>\n\n\n\n<p><strong>d) incorreta, pois a tutela jurisdicional caracteriza-se como uma san\u00e7\u00e3o pol\u00edtica em mat\u00e9ria tribut\u00e1ria em desfavor da Fazenda municipal;<\/strong><\/p>\n\n\n\n<p><strong>e) incorreta, porque, na aus\u00eancia de autoriza\u00e7\u00e3o legal, a autonomia financeira do munic\u00edpio pernambucano garante ao Poder Executivo a faculdade de perseguir seus cr\u00e9ditos tribut\u00e1rios mediante execu\u00e7\u00e3o fiscal.<\/strong><\/p>\n\n\n\n<p><strong>Coment\u00e1rios<\/strong><\/p>\n\n\n\n<p>A alternativa correta \u00e9 a <strong>letra B<\/strong>.&nbsp;<\/p>\n\n\n\n<p>A alternativa A est\u00e1 incorreta. Conforme fixado pelo STF, tema 1184, n\u00e3o haver\u00e1 protesto no caso concreto, pois n\u00e3o atende o princ\u00edpio da efici\u00eancia o protesto de d\u00edvida de baixo valor.<\/p>\n\n\n\n<p>&nbsp;A alternativa B est\u00e1 correta.&nbsp; Conforme tese fixada pelo STF, tema 1184: \u201c\u00c9 leg\u00edtima a extin\u00e7\u00e3o de execu\u00e7\u00e3o fiscal de baixo valor pela aus\u00eancia de interesse de agir tendo em vista o princ\u00edpio constitucional da efici\u00eancia administrativa, respeitada a compet\u00eancia constitucional de cada ente federado.\u201d;<\/p>\n\n\n\n<p>A alternativa C est\u00e1 incorreta. \u00c9 necess\u00e1rio que haja a tentativa de concilia\u00e7\u00e3o ou ado\u00e7\u00e3o de solu\u00e7\u00e3o administrativa, conforme Tema 1184 do STF;<\/p>\n\n\n\n<p>A alternativa D est\u00e1 incorreta. A tutela jurisdicional n\u00e3o se caracteriza como uma san\u00e7\u00e3o pol\u00edtica.<\/p>\n\n\n\n<p>A alternativa E est\u00e1 incorreta. H\u00e1 ofensa ao princ\u00edpio da efici\u00eancia, consubstanciado no artigo 37 da Constitui\u00e7\u00e3o como um princ\u00edpio da Administra\u00e7\u00e3o P\u00fablica.<\/p>\n\n\n\n<p><strong>QUEST\u00c3O 81. O Estado Fiscal caracteriza-se pela arrecada\u00e7\u00e3o de receitas p\u00fablicas predominantemente derivada de impostos, e pela produ\u00e7\u00e3o de riquezas realizada pelos contribuintes O recolhimento dos impostos corresponde \u00e0 principal fonte de recursos para a realiza\u00e7\u00e3o das despesas gerais do Estado. Nesse contexto, o direito brasileiro adota o princ\u00edpio da n\u00e3o vincula\u00e7\u00e3o das receitas de impostos, estabelecendo que, em regra, tais receitas n\u00e3o devem ser vinculadas a despesas espec\u00edficas, exceto em algumas hip\u00f3teses expressamente previstas na Constitui\u00e7\u00e3o.<\/strong><\/p>\n\n\n\n<p><strong>Com base na Constitui\u00e7\u00e3o Federal de 1988, corresponde a uma exce\u00e7\u00e3o \u00e0 regra da n\u00e3o afeta\u00e7\u00e3o dos impostos, no \u00e2mbito dos estados e do Distrito Federal, a hip\u00f3tese de:<\/strong><\/p>\n\n\n\n<p><strong>a) vincula\u00e7\u00e3o de percentual das receitas de impostos estaduais para pagamento de d\u00e9bitos com os fornecedores do estado;<\/strong><\/p>\n\n\n\n<p><strong>b) vincula\u00e7\u00e3o de percentual das receitas de impostos estaduais \u00e0s a\u00e7\u00f5es e servi\u00e7os para manuten\u00e7\u00e3o e desenvolvimento do turismo;<\/strong><\/p>\n\n\n\n<p><strong>c) vincula\u00e7\u00e3o das receitas de impostos estaduais para pagamento de servidores p\u00fablicos pertencentes \u00e0s carreiras das pol\u00edcias civis e militares;<\/strong><\/p>\n\n\n\n<p><strong>d) vincula\u00e7\u00e3o de percentual da receita tribut\u00e1ria l\u00edquida ao financiamento de programas e projetos culturais, por meio de fundo estadual de fomento \u00e0 cultura e exercitada essa faculdade pelo ente estadual;<\/strong><\/p>\n\n\n\n<p><strong>e) vincula\u00e7\u00e3o de percentual da receita or\u00e7ament\u00e1ria a entidades desportivas dirigentes e associa\u00e7\u00f5es.<\/strong><\/p>\n\n\n\n<p><strong>Coment\u00e1rios<\/strong><\/p>\n\n\n\n<p>A alternativa correta \u00e9 a <strong>letra D<\/strong>. A quest\u00e3o trata do tema princ\u00edpio da n\u00e3o vincula\u00e7\u00e3o de receita.<\/p>\n\n\n\n<p>A alternativa A est\u00e1 incorreta. N\u00e3o se trata de uma exce\u00e7\u00e3o ao princ\u00edpio da n\u00e3o vincula\u00e7\u00e3o de receita;<\/p>\n\n\n\n<p>&nbsp;A alternativa B est\u00e1 incorreta. N\u00e3o se trata de uma exce\u00e7\u00e3o ao princ\u00edpio da n\u00e3o vincula\u00e7\u00e3o de receita;<\/p>\n\n\n\n<p>A alternativa C est\u00e1 correta.N\u00e3o se trata de uma exce\u00e7\u00e3o ao princ\u00edpio da n\u00e3o vincula\u00e7\u00e3o de receita;<\/p>\n\n\n\n<p>A alternativa D est\u00e1 correta. Tal exce\u00e7\u00e3o ao princ\u00edpio da n\u00e3o vincula\u00e7\u00e3o foi introduzida pela EC 42\/03 e incluiu no texto constitucional, art. 216 o \u00a7 6\u00b0 \u201c\u00c9 facultado aos Estados e ao Distrito Federal vincular a fundo estadual de fomento \u00e0 cultura at\u00e9 cinco d\u00e9cimos por cento de sua receita tribut\u00e1ria l\u00edquida, para o financiamento de programas e projetos culturais\u2026\u201d;<\/p>\n\n\n\n<p>A alternativa E est\u00e1 incorreta. N\u00e3o se trata de uma exce\u00e7\u00e3o ao princ\u00edpio da n\u00e3o vincula\u00e7\u00e3o de receita.<\/p>\n\n\n\n<p class=\"has-text-align-center has-luminous-vivid-amber-background-color has-background has-medium-font-size\"><a href=\"https:\/\/cj.estrategia.com\/portal\/concurso-magistratura-pe\/\" target=\"_blank\" ><strong>Saiba mais:<\/strong> Concurso Magistratura PE<\/a><\/p>\n\n\n\n<h2 class=\"wp-block-heading has-text-align-center\" id=\"cursos\"><span id=\"quer-saber-tudo-sobre-concursos-previstosconfira-nossos-artigos\">Quer saber tudo sobre concursos previstos?<br>Confira nossos artigos!<\/span><\/h2>\n\n\n\n\n\n<h2 class=\"wp-block-heading has-text-align-center\" id=\"cursos-ficha\"><span id=\"cursos-e-assinaturas\">Cursos e Assinaturas<\/span><\/h2>\n\n\n\n<p>O Estrat\u00e9gia Carreira Jur\u00eddica \u00e9 campe\u00e3o de aprova\u00e7\u00f5es nos concursos para Carreiras Jur\u00eddicas com um corpo docente qualificado e materiais completos. Conhe\u00e7a nossos cursos e garanta sua aprova\u00e7\u00e3o:<\/p>\n\n\n\n<div class=\"wp-block-cover\" style=\"min-height:155px;aspect-ratio:unset;\"><img decoding=\"async\" width=\"1890\" height=\"351\" class=\"wp-block-cover__image-background wp-image-8669\" alt=\"Assinaturas Jur\u00eddicas\" src=\"https:\/\/cj.estrategia.com\/portal\/wp-content\/uploads\/2022\/06\/20151253\/concurso-carreiras-juridicas-assinatura-juridica.jpg\" style=\"object-position:78% 43%\" data-object-fit=\"cover\" data-object-position=\"78% 43%\" srcset=\"https:\/\/cj.estrategia.com\/portal\/wp-content\/uploads\/2022\/06\/20151253\/concurso-carreiras-juridicas-assinatura-juridica.jpg 1890w, https:\/\/cj.estrategia.com\/portal\/wp-content\/uploads\/2022\/06\/20151253\/concurso-carreiras-juridicas-assinatura-juridica-300x56.jpg 300w, https:\/\/cj.estrategia.com\/portal\/wp-content\/uploads\/2022\/06\/20151253\/concurso-carreiras-juridicas-assinatura-juridica-1024x190.jpg 1024w, https:\/\/cj.estrategia.com\/portal\/wp-content\/uploads\/2022\/06\/20151253\/concurso-carreiras-juridicas-assinatura-juridica-768x143.jpg 768w, https:\/\/cj.estrategia.com\/portal\/wp-content\/uploads\/2022\/06\/20151253\/concurso-carreiras-juridicas-assinatura-juridica-1536x285.jpg 1536w, https:\/\/cj.estrategia.com\/portal\/wp-content\/uploads\/2022\/06\/20151253\/concurso-carreiras-juridicas-assinatura-juridica-380x71.jpg 380w, https:\/\/cj.estrategia.com\/portal\/wp-content\/uploads\/2022\/06\/20151253\/concurso-carreiras-juridicas-assinatura-juridica-800x149.jpg 800w, https:\/\/cj.estrategia.com\/portal\/wp-content\/uploads\/2022\/06\/20151253\/concurso-carreiras-juridicas-assinatura-juridica-1160x215.jpg 1160w\" sizes=\"(max-width: 1890px) 100vw, 1890px\" \/><span aria-hidden=\"true\" class=\"wp-block-cover__background has-background-dim\"><\/span><div class=\"wp-block-cover__inner-container is-layout-flow wp-block-cover-is-layout-flow\">\n<h3 id=\"faca-a-sua-assinatura\" class=\"titulo-assinatura\"><span style=\"color: #ffffff;\">Fa\u00e7a a sua assinatura!<\/span><\/h3>\n<p class=\"subtitulo-assinatura\" style=\"display:block!important; line-height: 0;\"><span style=\"color: #ffffff;\">Escolha a sua \u00e1rea.<\/span><\/p>\n<a target=\"_blank\" href=\"https:\/\/www.estrategiaconcursos.com.br\/assinaturas-ecj\/\" rel=\"noopener\"><button style=\"border-radius: 10px; text-transform: capitalize;\">Acessar<\/button><\/a>\n<\/div><\/div>\n\n\n\n<p><\/p>\n","protected":false},"excerpt":{"rendered":"Ol\u00e1, pessoal, tudo certo?! Em 01\/12\/2024, foi aplicada a prova objetiva do concurso p\u00fablico para o Tribunal de&hellip;\n","protected":false},"author":12,"featured_media":32244,"comment_status":"open","ping_status":"open","sticky":false,"template":"","format":"standard","meta":{"_jetpack_memberships_contains_paid_content":false,"footnotes":""},"categories":[26],"tags":[],"tax_estado":[46],"class_list":{"0":"post-86034","1":"post","2":"type-post","3":"status-publish","4":"format-standard","5":"has-post-thumbnail","7":"category-magistratura","8":"tax_estado-pe"},"acf":[],"yoast_head":"<!-- This site is optimized with the Yoast SEO Premium plugin v27.4 (Yoast SEO v27.4) - https:\/\/yoast.com\/product\/yoast-seo-premium-wordpress\/ -->\n<title>Prova comentada Direito Tribut\u00e1rio e Financeiro Magistratura PE<\/title>\n<meta name=\"description\" content=\"Prova comentada Direito Tribut\u00e1rio e Financeiro Magistratura PE: confira AQUI os coment\u00e1rios dos nossos professores e tire as suas d\u00favidas!\" \/>\n<meta name=\"robots\" content=\"index, follow, max-snippet:-1, max-image-preview:large, max-video-preview:-1\" \/>\n<link rel=\"canonical\" href=\"https:\/\/cj.estrategia.com\/portal\/prova-comentada-direito-tributario-e-financeiro-magistratura-pe\/\" \/>\n<meta property=\"og:locale\" content=\"pt_BR\" \/>\n<meta property=\"og:type\" content=\"article\" \/>\n<meta property=\"og:title\" content=\"Prova comentada Direito Tribut\u00e1rio e Financeiro Magistratura PE\" \/>\n<meta property=\"og:description\" content=\"Prova comentada Direito Tribut\u00e1rio e Financeiro Magistratura PE: confira AQUI os coment\u00e1rios dos nossos professores e tire as suas d\u00favidas!\" \/>\n<meta property=\"og:url\" content=\"https:\/\/cj.estrategia.com\/portal\/prova-comentada-direito-tributario-e-financeiro-magistratura-pe\/\" \/>\n<meta property=\"og:site_name\" content=\"Blog - Carreiras Jur\u00eddicas - Estrat\u00e9gia\" \/>\n<meta property=\"article:publisher\" content=\"https:\/\/www.facebook.com\/estrategiacarreirajuridica\/\" \/>\n<meta property=\"article:published_time\" content=\"2024-12-03T18:28:16+00:00\" \/>\n<meta property=\"article:modified_time\" content=\"2024-12-03T18:28:19+00:00\" \/>\n<meta property=\"og:image\" content=\"https:\/\/cj.estrategia.com\/portal\/wp-content\/uploads\/2023\/03\/27125514\/concursos-juridicos-magistratura-pe.jpg\" \/>\n\t<meta property=\"og:image:width\" content=\"960\" \/>\n\t<meta property=\"og:image:height\" content=\"540\" \/>\n\t<meta property=\"og:image:type\" content=\"image\/jpeg\" \/>\n<meta name=\"author\" content=\"Coordena\u00e7\u00e3o\" \/>\n<meta name=\"twitter:card\" content=\"summary_large_image\" \/>\n<meta name=\"twitter:creator\" content=\"@EstratJuridica\" \/>\n<meta name=\"twitter:site\" content=\"@EstratJuridica\" \/>\n<meta name=\"twitter:label1\" content=\"Escrito por\" \/>\n\t<meta name=\"twitter:data1\" content=\"Coordena\u00e7\u00e3o\" \/>\n\t<meta name=\"twitter:label2\" content=\"Est. tempo de leitura\" \/>\n\t<meta name=\"twitter:data2\" content=\"13 minutos\" \/>\n<script type=\"application\/ld+json\" class=\"yoast-schema-graph\">{\"@context\":\"https:\\\/\\\/schema.org\",\"@graph\":[{\"@type\":\"NewsArticle\",\"@id\":\"https:\\\/\\\/cj.estrategia.com\\\/portal\\\/prova-comentada-direito-tributario-e-financeiro-magistratura-pe\\\/#article\",\"isPartOf\":{\"@id\":\"https:\\\/\\\/cj.estrategia.com\\\/portal\\\/prova-comentada-direito-tributario-e-financeiro-magistratura-pe\\\/\"},\"author\":{\"name\":\"Coordena\u00e7\u00e3o\",\"@id\":\"https:\\\/\\\/cj.estrategia.com\\\/portal\\\/#\\\/schema\\\/person\\\/4d70317d31449932b99102916b6637f5\"},\"headline\":\"Prova comentada Direito Tribut\u00e1rio e Financeiro Magistratura PE\",\"datePublished\":\"2024-12-03T18:28:16+00:00\",\"dateModified\":\"2024-12-03T18:28:19+00:00\",\"mainEntityOfPage\":{\"@id\":\"https:\\\/\\\/cj.estrategia.com\\\/portal\\\/prova-comentada-direito-tributario-e-financeiro-magistratura-pe\\\/\"},\"wordCount\":2506,\"commentCount\":0,\"publisher\":{\"@id\":\"https:\\\/\\\/cj.estrategia.com\\\/portal\\\/#organization\"},\"image\":{\"@id\":\"https:\\\/\\\/cj.estrategia.com\\\/portal\\\/prova-comentada-direito-tributario-e-financeiro-magistratura-pe\\\/#primaryimage\"},\"thumbnailUrl\":\"https:\\\/\\\/cj.estrategia.com\\\/portal\\\/wp-content\\\/uploads\\\/2023\\\/03\\\/27125514\\\/concursos-juridicos-magistratura-pe.jpg\",\"articleSection\":[\"Magistratura\"],\"inLanguage\":\"pt-BR\",\"potentialAction\":[{\"@type\":\"CommentAction\",\"name\":\"Comment\",\"target\":[\"https:\\\/\\\/cj.estrategia.com\\\/portal\\\/prova-comentada-direito-tributario-e-financeiro-magistratura-pe\\\/#respond\"]}]},{\"@type\":\"WebPage\",\"@id\":\"https:\\\/\\\/cj.estrategia.com\\\/portal\\\/prova-comentada-direito-tributario-e-financeiro-magistratura-pe\\\/\",\"url\":\"https:\\\/\\\/cj.estrategia.com\\\/portal\\\/prova-comentada-direito-tributario-e-financeiro-magistratura-pe\\\/\",\"name\":\"Prova comentada Direito Tribut\u00e1rio e Financeiro Magistratura PE\",\"isPartOf\":{\"@id\":\"https:\\\/\\\/cj.estrategia.com\\\/portal\\\/#website\"},\"primaryImageOfPage\":{\"@id\":\"https:\\\/\\\/cj.estrategia.com\\\/portal\\\/prova-comentada-direito-tributario-e-financeiro-magistratura-pe\\\/#primaryimage\"},\"image\":{\"@id\":\"https:\\\/\\\/cj.estrategia.com\\\/portal\\\/prova-comentada-direito-tributario-e-financeiro-magistratura-pe\\\/#primaryimage\"},\"thumbnailUrl\":\"https:\\\/\\\/cj.estrategia.com\\\/portal\\\/wp-content\\\/uploads\\\/2023\\\/03\\\/27125514\\\/concursos-juridicos-magistratura-pe.jpg\",\"datePublished\":\"2024-12-03T18:28:16+00:00\",\"dateModified\":\"2024-12-03T18:28:19+00:00\",\"description\":\"Prova comentada Direito Tribut\u00e1rio e Financeiro Magistratura PE: confira AQUI os coment\u00e1rios dos nossos professores e tire as suas d\u00favidas!\",\"breadcrumb\":{\"@id\":\"https:\\\/\\\/cj.estrategia.com\\\/portal\\\/prova-comentada-direito-tributario-e-financeiro-magistratura-pe\\\/#breadcrumb\"},\"inLanguage\":\"pt-BR\",\"potentialAction\":[{\"@type\":\"ReadAction\",\"target\":[\"https:\\\/\\\/cj.estrategia.com\\\/portal\\\/prova-comentada-direito-tributario-e-financeiro-magistratura-pe\\\/\"]}]},{\"@type\":\"ImageObject\",\"inLanguage\":\"pt-BR\",\"@id\":\"https:\\\/\\\/cj.estrategia.com\\\/portal\\\/prova-comentada-direito-tributario-e-financeiro-magistratura-pe\\\/#primaryimage\",\"url\":\"https:\\\/\\\/cj.estrategia.com\\\/portal\\\/wp-content\\\/uploads\\\/2023\\\/03\\\/27125514\\\/concursos-juridicos-magistratura-pe.jpg\",\"contentUrl\":\"https:\\\/\\\/cj.estrategia.com\\\/portal\\\/wp-content\\\/uploads\\\/2023\\\/03\\\/27125514\\\/concursos-juridicos-magistratura-pe.jpg\",\"width\":960,\"height\":540,\"caption\":\"concurso juiz pe - pernambuco\"},{\"@type\":\"BreadcrumbList\",\"@id\":\"https:\\\/\\\/cj.estrategia.com\\\/portal\\\/prova-comentada-direito-tributario-e-financeiro-magistratura-pe\\\/#breadcrumb\",\"itemListElement\":[{\"@type\":\"ListItem\",\"position\":1,\"name\":\"In\u00edcio\",\"item\":\"https:\\\/\\\/cj.estrategia.com\\\/portal\\\/\"},{\"@type\":\"ListItem\",\"position\":2,\"name\":\"Prova comentada Direito Tribut\u00e1rio e Financeiro Magistratura PE\"}]},{\"@type\":\"WebSite\",\"@id\":\"https:\\\/\\\/cj.estrategia.com\\\/portal\\\/#website\",\"url\":\"https:\\\/\\\/cj.estrategia.com\\\/portal\\\/\",\"name\":\"Blog - Carreiras Jur\u00eddicas - Estrat\u00e9gia\",\"description\":\"\",\"publisher\":{\"@id\":\"https:\\\/\\\/cj.estrategia.com\\\/portal\\\/#organization\"},\"potentialAction\":[{\"@type\":\"SearchAction\",\"target\":{\"@type\":\"EntryPoint\",\"urlTemplate\":\"https:\\\/\\\/cj.estrategia.com\\\/portal\\\/?s={search_term_string}\"},\"query-input\":{\"@type\":\"PropertyValueSpecification\",\"valueRequired\":true,\"valueName\":\"search_term_string\"}}],\"inLanguage\":\"pt-BR\"},{\"@type\":\"Organization\",\"@id\":\"https:\\\/\\\/cj.estrategia.com\\\/portal\\\/#organization\",\"name\":\"Estrat\u00e9gia - Carreiras Jur\u00eddicas\",\"url\":\"https:\\\/\\\/cj.estrategia.com\\\/portal\\\/\",\"logo\":{\"@type\":\"ImageObject\",\"inLanguage\":\"pt-BR\",\"@id\":\"https:\\\/\\\/cj.estrategia.com\\\/portal\\\/#\\\/schema\\\/logo\\\/image\\\/\",\"url\":\"https:\\\/\\\/cj.estrategia.com\\\/portal\\\/wp-content\\\/uploads\\\/2022\\\/03\\\/11151052\\\/cj-logo.png\",\"contentUrl\":\"https:\\\/\\\/cj.estrategia.com\\\/portal\\\/wp-content\\\/uploads\\\/2022\\\/03\\\/11151052\\\/cj-logo.png\",\"width\":150,\"height\":39,\"caption\":\"Estrat\u00e9gia - Carreiras Jur\u00eddicas\"},\"image\":{\"@id\":\"https:\\\/\\\/cj.estrategia.com\\\/portal\\\/#\\\/schema\\\/logo\\\/image\\\/\"},\"sameAs\":[\"https:\\\/\\\/www.facebook.com\\\/estrategiacarreirajuridica\\\/\",\"https:\\\/\\\/x.com\\\/EstratJuridica\",\"https:\\\/\\\/www.instagram.com\\\/estrategiacarreirajuridica\\\/\",\"https:\\\/\\\/www.youtube.com\\\/channel\\\/UClbMGuYbj2Mh1m3w144ETWQ\"]},{\"@type\":\"Person\",\"@id\":\"https:\\\/\\\/cj.estrategia.com\\\/portal\\\/#\\\/schema\\\/person\\\/4d70317d31449932b99102916b6637f5\",\"name\":\"Coordena\u00e7\u00e3o\",\"image\":{\"@type\":\"ImageObject\",\"inLanguage\":\"pt-BR\",\"@id\":\"https:\\\/\\\/cj.estrategia.com\\\/portal\\\/wp-content\\\/uploads\\\/2022\\\/05\\\/12164923\\\/estrategia-carreira-juridica-coordenacao-96x96.png\",\"url\":\"https:\\\/\\\/cj.estrategia.com\\\/portal\\\/wp-content\\\/uploads\\\/2022\\\/05\\\/12164923\\\/estrategia-carreira-juridica-coordenacao-96x96.png\",\"contentUrl\":\"https:\\\/\\\/cj.estrategia.com\\\/portal\\\/wp-content\\\/uploads\\\/2022\\\/05\\\/12164923\\\/estrategia-carreira-juridica-coordenacao-96x96.png\",\"caption\":\"Coordena\u00e7\u00e3o\"},\"url\":\"https:\\\/\\\/cj.estrategia.com\\\/portal\\\/author\\\/coordenacao\\\/\"}]}<\/script>\n<!-- \/ Yoast SEO Premium plugin. -->","yoast_head_json":{"title":"Prova comentada Direito Tribut\u00e1rio e Financeiro Magistratura PE","description":"Prova comentada Direito Tribut\u00e1rio e Financeiro Magistratura PE: confira AQUI os coment\u00e1rios dos nossos professores e tire as suas d\u00favidas!","robots":{"index":"index","follow":"follow","max-snippet":"max-snippet:-1","max-image-preview":"max-image-preview:large","max-video-preview":"max-video-preview:-1"},"canonical":"https:\/\/cj.estrategia.com\/portal\/prova-comentada-direito-tributario-e-financeiro-magistratura-pe\/","og_locale":"pt_BR","og_type":"article","og_title":"Prova comentada Direito Tribut\u00e1rio e Financeiro Magistratura PE","og_description":"Prova comentada Direito Tribut\u00e1rio e Financeiro Magistratura PE: confira AQUI os coment\u00e1rios dos nossos professores e tire as suas d\u00favidas!","og_url":"https:\/\/cj.estrategia.com\/portal\/prova-comentada-direito-tributario-e-financeiro-magistratura-pe\/","og_site_name":"Blog - Carreiras Jur\u00eddicas - Estrat\u00e9gia","article_publisher":"https:\/\/www.facebook.com\/estrategiacarreirajuridica\/","article_published_time":"2024-12-03T18:28:16+00:00","article_modified_time":"2024-12-03T18:28:19+00:00","og_image":[{"width":960,"height":540,"url":"https:\/\/cj.estrategia.com\/portal\/wp-content\/uploads\/2023\/03\/27125514\/concursos-juridicos-magistratura-pe.jpg","type":"image\/jpeg"}],"author":"Coordena\u00e7\u00e3o","twitter_card":"summary_large_image","twitter_creator":"@EstratJuridica","twitter_site":"@EstratJuridica","twitter_misc":{"Escrito por":"Coordena\u00e7\u00e3o","Est. tempo de leitura":"13 minutos"},"schema":{"@context":"https:\/\/schema.org","@graph":[{"@type":"NewsArticle","@id":"https:\/\/cj.estrategia.com\/portal\/prova-comentada-direito-tributario-e-financeiro-magistratura-pe\/#article","isPartOf":{"@id":"https:\/\/cj.estrategia.com\/portal\/prova-comentada-direito-tributario-e-financeiro-magistratura-pe\/"},"author":{"name":"Coordena\u00e7\u00e3o","@id":"https:\/\/cj.estrategia.com\/portal\/#\/schema\/person\/4d70317d31449932b99102916b6637f5"},"headline":"Prova comentada Direito Tribut\u00e1rio e Financeiro Magistratura PE","datePublished":"2024-12-03T18:28:16+00:00","dateModified":"2024-12-03T18:28:19+00:00","mainEntityOfPage":{"@id":"https:\/\/cj.estrategia.com\/portal\/prova-comentada-direito-tributario-e-financeiro-magistratura-pe\/"},"wordCount":2506,"commentCount":0,"publisher":{"@id":"https:\/\/cj.estrategia.com\/portal\/#organization"},"image":{"@id":"https:\/\/cj.estrategia.com\/portal\/prova-comentada-direito-tributario-e-financeiro-magistratura-pe\/#primaryimage"},"thumbnailUrl":"https:\/\/cj.estrategia.com\/portal\/wp-content\/uploads\/2023\/03\/27125514\/concursos-juridicos-magistratura-pe.jpg","articleSection":["Magistratura"],"inLanguage":"pt-BR","potentialAction":[{"@type":"CommentAction","name":"Comment","target":["https:\/\/cj.estrategia.com\/portal\/prova-comentada-direito-tributario-e-financeiro-magistratura-pe\/#respond"]}]},{"@type":"WebPage","@id":"https:\/\/cj.estrategia.com\/portal\/prova-comentada-direito-tributario-e-financeiro-magistratura-pe\/","url":"https:\/\/cj.estrategia.com\/portal\/prova-comentada-direito-tributario-e-financeiro-magistratura-pe\/","name":"Prova comentada Direito Tribut\u00e1rio e Financeiro Magistratura PE","isPartOf":{"@id":"https:\/\/cj.estrategia.com\/portal\/#website"},"primaryImageOfPage":{"@id":"https:\/\/cj.estrategia.com\/portal\/prova-comentada-direito-tributario-e-financeiro-magistratura-pe\/#primaryimage"},"image":{"@id":"https:\/\/cj.estrategia.com\/portal\/prova-comentada-direito-tributario-e-financeiro-magistratura-pe\/#primaryimage"},"thumbnailUrl":"https:\/\/cj.estrategia.com\/portal\/wp-content\/uploads\/2023\/03\/27125514\/concursos-juridicos-magistratura-pe.jpg","datePublished":"2024-12-03T18:28:16+00:00","dateModified":"2024-12-03T18:28:19+00:00","description":"Prova comentada Direito Tribut\u00e1rio e Financeiro Magistratura PE: confira AQUI os coment\u00e1rios dos nossos professores e tire as suas d\u00favidas!","breadcrumb":{"@id":"https:\/\/cj.estrategia.com\/portal\/prova-comentada-direito-tributario-e-financeiro-magistratura-pe\/#breadcrumb"},"inLanguage":"pt-BR","potentialAction":[{"@type":"ReadAction","target":["https:\/\/cj.estrategia.com\/portal\/prova-comentada-direito-tributario-e-financeiro-magistratura-pe\/"]}]},{"@type":"ImageObject","inLanguage":"pt-BR","@id":"https:\/\/cj.estrategia.com\/portal\/prova-comentada-direito-tributario-e-financeiro-magistratura-pe\/#primaryimage","url":"https:\/\/cj.estrategia.com\/portal\/wp-content\/uploads\/2023\/03\/27125514\/concursos-juridicos-magistratura-pe.jpg","contentUrl":"https:\/\/cj.estrategia.com\/portal\/wp-content\/uploads\/2023\/03\/27125514\/concursos-juridicos-magistratura-pe.jpg","width":960,"height":540,"caption":"concurso juiz pe - pernambuco"},{"@type":"BreadcrumbList","@id":"https:\/\/cj.estrategia.com\/portal\/prova-comentada-direito-tributario-e-financeiro-magistratura-pe\/#breadcrumb","itemListElement":[{"@type":"ListItem","position":1,"name":"In\u00edcio","item":"https:\/\/cj.estrategia.com\/portal\/"},{"@type":"ListItem","position":2,"name":"Prova comentada Direito Tribut\u00e1rio e Financeiro Magistratura PE"}]},{"@type":"WebSite","@id":"https:\/\/cj.estrategia.com\/portal\/#website","url":"https:\/\/cj.estrategia.com\/portal\/","name":"Blog - Carreiras Jur\u00eddicas - Estrat\u00e9gia","description":"","publisher":{"@id":"https:\/\/cj.estrategia.com\/portal\/#organization"},"potentialAction":[{"@type":"SearchAction","target":{"@type":"EntryPoint","urlTemplate":"https:\/\/cj.estrategia.com\/portal\/?s={search_term_string}"},"query-input":{"@type":"PropertyValueSpecification","valueRequired":true,"valueName":"search_term_string"}}],"inLanguage":"pt-BR"},{"@type":"Organization","@id":"https:\/\/cj.estrategia.com\/portal\/#organization","name":"Estrat\u00e9gia - Carreiras Jur\u00eddicas","url":"https:\/\/cj.estrategia.com\/portal\/","logo":{"@type":"ImageObject","inLanguage":"pt-BR","@id":"https:\/\/cj.estrategia.com\/portal\/#\/schema\/logo\/image\/","url":"https:\/\/cj.estrategia.com\/portal\/wp-content\/uploads\/2022\/03\/11151052\/cj-logo.png","contentUrl":"https:\/\/cj.estrategia.com\/portal\/wp-content\/uploads\/2022\/03\/11151052\/cj-logo.png","width":150,"height":39,"caption":"Estrat\u00e9gia - Carreiras Jur\u00eddicas"},"image":{"@id":"https:\/\/cj.estrategia.com\/portal\/#\/schema\/logo\/image\/"},"sameAs":["https:\/\/www.facebook.com\/estrategiacarreirajuridica\/","https:\/\/x.com\/EstratJuridica","https:\/\/www.instagram.com\/estrategiacarreirajuridica\/","https:\/\/www.youtube.com\/channel\/UClbMGuYbj2Mh1m3w144ETWQ"]},{"@type":"Person","@id":"https:\/\/cj.estrategia.com\/portal\/#\/schema\/person\/4d70317d31449932b99102916b6637f5","name":"Coordena\u00e7\u00e3o","image":{"@type":"ImageObject","inLanguage":"pt-BR","@id":"https:\/\/cj.estrategia.com\/portal\/wp-content\/uploads\/2022\/05\/12164923\/estrategia-carreira-juridica-coordenacao-96x96.png","url":"https:\/\/cj.estrategia.com\/portal\/wp-content\/uploads\/2022\/05\/12164923\/estrategia-carreira-juridica-coordenacao-96x96.png","contentUrl":"https:\/\/cj.estrategia.com\/portal\/wp-content\/uploads\/2022\/05\/12164923\/estrategia-carreira-juridica-coordenacao-96x96.png","caption":"Coordena\u00e7\u00e3o"},"url":"https:\/\/cj.estrategia.com\/portal\/author\/coordenacao\/"}]}},"jetpack_featured_media_url":"https:\/\/cj.estrategia.com\/portal\/wp-content\/uploads\/2023\/03\/27125514\/concursos-juridicos-magistratura-pe.jpg","jetpack_sharing_enabled":true,"_links":{"self":[{"href":"https:\/\/cj.estrategia.com\/portal\/wp-json\/wp\/v2\/posts\/86034","targetHints":{"allow":["GET"]}}],"collection":[{"href":"https:\/\/cj.estrategia.com\/portal\/wp-json\/wp\/v2\/posts"}],"about":[{"href":"https:\/\/cj.estrategia.com\/portal\/wp-json\/wp\/v2\/types\/post"}],"author":[{"embeddable":true,"href":"https:\/\/cj.estrategia.com\/portal\/wp-json\/wp\/v2\/users\/12"}],"replies":[{"embeddable":true,"href":"https:\/\/cj.estrategia.com\/portal\/wp-json\/wp\/v2\/comments?post=86034"}],"version-history":[{"count":1,"href":"https:\/\/cj.estrategia.com\/portal\/wp-json\/wp\/v2\/posts\/86034\/revisions"}],"predecessor-version":[{"id":86049,"href":"https:\/\/cj.estrategia.com\/portal\/wp-json\/wp\/v2\/posts\/86034\/revisions\/86049"}],"wp:featuredmedia":[{"embeddable":true,"href":"https:\/\/cj.estrategia.com\/portal\/wp-json\/wp\/v2\/media\/32244"}],"wp:attachment":[{"href":"https:\/\/cj.estrategia.com\/portal\/wp-json\/wp\/v2\/media?parent=86034"}],"wp:term":[{"taxonomy":"category","embeddable":true,"href":"https:\/\/cj.estrategia.com\/portal\/wp-json\/wp\/v2\/categories?post=86034"},{"taxonomy":"post_tag","embeddable":true,"href":"https:\/\/cj.estrategia.com\/portal\/wp-json\/wp\/v2\/tags?post=86034"},{"taxonomy":"tax_estado","embeddable":true,"href":"https:\/\/cj.estrategia.com\/portal\/wp-json\/wp\/v2\/tax_estado?post=86034"}],"curies":[{"name":"wp","href":"https:\/\/api.w.org\/{rel}","templated":true}]}}