{"id":85884,"date":"2024-12-03T07:06:18","date_gmt":"2024-12-03T10:06:18","guid":{"rendered":"https:\/\/cj.estrategia.com\/portal\/?p=85884"},"modified":"2024-12-03T07:06:21","modified_gmt":"2024-12-03T10:06:21","slug":"como-sera-a-prova-objetiva-do-concurso-procurador-tcdf","status":"publish","type":"post","link":"https:\/\/cj.estrategia.com\/portal\/como-sera-a-prova-objetiva-do-concurso-procurador-tcdf\/","title":{"rendered":"Como ser\u00e1 a prova objetiva do Concurso Procurador TCDF?"},"content":{"rendered":"<a id=\"cta-icon\" href=\"https:\/\/www.redirectmais.com\/wpp\/procurador-tc-df-grupo\" target=\"blank\" style=\"background:rgb(41,166,26)\">\n            <img decoding=\"async\" src=\"https:\/\/cj.estrategia.com\/portal\/wp-content\/uploads\/2023\/12\/07160657\/whatsapp_1385.webp\" alt=\"\" alt=\"whatsapp_1385\"><span > Acesse agora o Grupo de Estudos para o concurso Procurador TCDF<\/span><\/a>\n\n\n\n<p>Os candidatos do\u00a0<strong>concurso Procurador TCDF (Tribunal De Contas Do Distrito Federal)<\/strong> v\u00e3o realizar a <strong>prova objetiva<\/strong> no dia 15\/12, \u00e0s 13h30. <\/p>\n\n\n\n<p>A prova de car\u00e1ter <strong>eliminat\u00f3rio e classificat\u00f3rio<\/strong>, ter\u00e1 a <strong>dura\u00e7\u00e3o de 5 horas<\/strong> e valer\u00e1 <strong>100,00 pontos.<\/strong> De acordo com o edital, o exame ser\u00e1 dividido em duas partes. Veja abaixo:<\/p>\n\n\n\n<h4 class=\"wp-block-heading\" id=\"conhecimentos-i-70-questoes\">Conhecimentos I \u2013 70 quest\u00f5es<\/h4>\n\n\n\n<ul class=\"wp-block-list\">\n<li>Direito Ambiental;<\/li>\n\n\n\n<li>Direito Civil;<\/li>\n\n\n\n<li>Direito Penal;<\/li>\n\n\n\n<li>Direito Previdenci\u00e1rio;<\/li>\n\n\n\n<li>Direito do Trabalho;<\/li>\n\n\n\n<li>Direito Tribut\u00e1rio;<\/li>\n\n\n\n<li>Conhecimentos sobre o Distrito Federal.<\/li>\n<\/ul>\n\n\n\n<h4 class=\"wp-block-heading\" id=\"conhecimentos-ii-130-itens\">Conhecimentos II \u2013 130 itens<\/h4>\n\n\n\n<ul class=\"wp-block-list\">\n<li>Controle externo da administra\u00e7\u00e3o p\u00fablica e Legisla\u00e7\u00e3o Institucional;<\/li>\n\n\n\n<li>Direito Administrativo;<\/li>\n\n\n\n<li>Direito Constitucional;<\/li>\n\n\n\n<li>Direito Empresarial;<\/li>\n\n\n\n<li>Direito Financeiro e Direito Econ\u00f4mico;<\/li>\n\n\n\n<li>Direito Processual de Contas;<\/li>\n\n\n\n<li>Direito Processual Civil.<\/li>\n<\/ul>\n\n\n\n<h3 class=\"wp-block-heading\" id=\"h-correcao-da-prova\"><span id=\"correcao-da-prova\">Corre\u00e7\u00e3o da Prova<\/span><\/h3>\n\n\n\n<p>A nota em cada item da prova objetiva, feita com base nas marca\u00e7\u00f5es da folha de respostas, ser\u00e1 igual a: 100 \u00f7 (200 &#8211; n) ponto, caso a resposta do candidato esteja em concord\u00e2ncia com o gabarito oficial definitivo da prova; 100 \u00f7 (200 &#8211; n) ponto negativo, caso a resposta do candidato esteja em discord\u00e2ncia com o gabarito oficial definitivo da prova; 0,00 ponto, caso n\u00e3o haja marca\u00e7\u00e3o ou haja marca\u00e7\u00e3o dupla (C e E), em que n representa o n\u00famero de itens anulados da prova objetiva. <\/p>\n\n\n\n<p>Para a prova objetiva, ser\u00e1 calculado o n\u00famero N por meio da seguinte f\u00f3rmula: N = (100 \u2212n) \u00d7 0,3, em que n representa o n\u00famero de itens anulados da prova objetiva. O n\u00famero M ser\u00e1, ent\u00e3o, obtido desprezando-se a parte n\u00e3o inteira, caso exista, do n\u00famero N.<\/p>\n\n\n\n<h3 class=\"wp-block-heading\" id=\"h-sobre-o-concurso\"><span id=\"sobre-o-concurso\">Sobre o concurso<\/span><\/h3>\n\n\n\n<p>O edital oferta\u00a0<strong>1 vaga<\/strong>\u00a0imediata para o cargo de<strong>\u00a0Procurador<\/strong>, al\u00e9m da forma\u00e7\u00e3o de cadastro de reserva. O sal\u00e1rio inicial \u00e9 de\u00a0<strong>R$37.731,80<\/strong>.<\/p>\n\n\n\n<p>Para participar, os interessados dever\u00e3o apresentar diploma em Direito, e possuir, no m\u00ednimo, tr\u00eas anos de atividade jur\u00eddica, desempenhada exclusivamente ap\u00f3s a obten\u00e7\u00e3o do grau de bacharel.<\/p>\n\n\n\n<p class=\"has-text-align-center has-very-light-gray-to-cyan-bluish-gray-gradient-background has-background\"><strong>Saiba mais: <a href=\"https:\/\/cj.estrategia.com\/portal\/concurso-procurador-tcdf\/\" target=\"_blank\" >Concurso Procurador TCDF<\/a><\/strong><\/p>\n\n\n\n<h2 class=\"wp-block-heading has-text-align-center\" id=\"cursos\"><span id=\"quer-saber-tudo-sobre-concursos-previstosconfira-nossos-artigos\">Quer saber tudo sobre concursos previstos?<br>Confira nossos artigos!<\/span><\/h2>\n\n\n\n\n\n<h2 class=\"wp-block-heading has-text-align-center\" id=\"cursos-mpc-sc\"><span id=\"cursos-para-o-concurso-procurador-tcdf\">Cursos para o concurso Procurador TCDF<\/span><\/h2>\n\n\n","protected":false},"excerpt":{"rendered":"Os candidatos do\u00a0concurso Procurador TCDF (Tribunal De Contas Do Distrito Federal) v\u00e3o realizar a prova objetiva no dia&hellip;\n","protected":false},"author":12,"featured_media":73066,"comment_status":"open","ping_status":"open","sticky":false,"template":"","format":"standard","meta":{"_jetpack_memberships_contains_paid_content":false,"footnotes":""},"categories":[24],"tags":[],"tax_estado":[37],"class_list":{"0":"post-85884","1":"post","2":"type-post","3":"status-publish","4":"format-standard","5":"has-post-thumbnail","7":"category-procuradoria","8":"tax_estado-df"},"acf":[],"yoast_head":"<!-- This site is optimized with the Yoast SEO Premium plugin v27.4 (Yoast SEO v27.4) - https:\/\/yoast.com\/product\/yoast-seo-premium-wordpress\/ -->\n<title>Como ser\u00e1 a prova objetiva do Concurso Procurador TCDF?<\/title>\n<meta name=\"description\" content=\"Prepare-se para a prova objetiva do Concurso Procurador TCDF. Conhe\u00e7a todo os detalhes!\" \/>\n<meta name=\"robots\" content=\"index, follow, max-snippet:-1, max-image-preview:large, max-video-preview:-1\" \/>\n<link rel=\"canonical\" href=\"https:\/\/cj.estrategia.com\/portal\/como-sera-a-prova-objetiva-do-concurso-procurador-tcdf\/\" \/>\n<meta property=\"og:locale\" content=\"pt_BR\" \/>\n<meta property=\"og:type\" content=\"article\" \/>\n<meta property=\"og:title\" content=\"Como ser\u00e1 a prova objetiva do Concurso Procurador TCDF?\" \/>\n<meta property=\"og:description\" content=\"Prepare-se para a prova objetiva do Concurso Procurador TCDF. Conhe\u00e7a todo os detalhes!\" \/>\n<meta property=\"og:url\" content=\"https:\/\/cj.estrategia.com\/portal\/como-sera-a-prova-objetiva-do-concurso-procurador-tcdf\/\" \/>\n<meta property=\"og:site_name\" content=\"Blog - Carreiras Jur\u00eddicas - Estrat\u00e9gia\" \/>\n<meta property=\"article:publisher\" content=\"https:\/\/www.facebook.com\/estrategiacarreirajuridica\/\" \/>\n<meta property=\"article:published_time\" content=\"2024-12-03T10:06:18+00:00\" \/>\n<meta property=\"article:modified_time\" content=\"2024-12-03T10:06:21+00:00\" \/>\n<meta property=\"og:image\" content=\"https:\/\/cj.estrategia.com\/portal\/wp-content\/uploads\/2024\/08\/19171535\/estrategia-concurso-procurador-tcdf.jpg\" \/>\n\t<meta property=\"og:image:width\" content=\"960\" \/>\n\t<meta property=\"og:image:height\" content=\"540\" \/>\n\t<meta property=\"og:image:type\" content=\"image\/jpeg\" \/>\n<meta name=\"author\" content=\"Coordena\u00e7\u00e3o\" \/>\n<meta name=\"twitter:card\" content=\"summary_large_image\" \/>\n<meta name=\"twitter:creator\" content=\"@EstratJuridica\" \/>\n<meta name=\"twitter:site\" content=\"@EstratJuridica\" \/>\n<meta name=\"twitter:label1\" content=\"Escrito por\" \/>\n\t<meta name=\"twitter:data1\" content=\"Coordena\u00e7\u00e3o\" \/>\n\t<meta name=\"twitter:label2\" content=\"Est. tempo de leitura\" \/>\n\t<meta name=\"twitter:data2\" content=\"3 minutos\" \/>\n<script type=\"application\/ld+json\" class=\"yoast-schema-graph\">{\"@context\":\"https:\\\/\\\/schema.org\",\"@graph\":[{\"@type\":\"NewsArticle\",\"@id\":\"https:\\\/\\\/cj.estrategia.com\\\/portal\\\/como-sera-a-prova-objetiva-do-concurso-procurador-tcdf\\\/#article\",\"isPartOf\":{\"@id\":\"https:\\\/\\\/cj.estrategia.com\\\/portal\\\/como-sera-a-prova-objetiva-do-concurso-procurador-tcdf\\\/\"},\"author\":{\"name\":\"Coordena\u00e7\u00e3o\",\"@id\":\"https:\\\/\\\/cj.estrategia.com\\\/portal\\\/#\\\/schema\\\/person\\\/4d70317d31449932b99102916b6637f5\"},\"headline\":\"Como ser\u00e1 a prova objetiva do Concurso Procurador TCDF?\",\"datePublished\":\"2024-12-03T10:06:18+00:00\",\"dateModified\":\"2024-12-03T10:06:21+00:00\",\"mainEntityOfPage\":{\"@id\":\"https:\\\/\\\/cj.estrategia.com\\\/portal\\\/como-sera-a-prova-objetiva-do-concurso-procurador-tcdf\\\/\"},\"wordCount\":348,\"commentCount\":0,\"publisher\":{\"@id\":\"https:\\\/\\\/cj.estrategia.com\\\/portal\\\/#organization\"},\"image\":{\"@id\":\"https:\\\/\\\/cj.estrategia.com\\\/portal\\\/como-sera-a-prova-objetiva-do-concurso-procurador-tcdf\\\/#primaryimage\"},\"thumbnailUrl\":\"https:\\\/\\\/cj.estrategia.com\\\/portal\\\/wp-content\\\/uploads\\\/2024\\\/08\\\/19171535\\\/estrategia-concurso-procurador-tcdf.jpg\",\"articleSection\":[\"Procuradoria\"],\"inLanguage\":\"pt-BR\",\"potentialAction\":[{\"@type\":\"CommentAction\",\"name\":\"Comment\",\"target\":[\"https:\\\/\\\/cj.estrategia.com\\\/portal\\\/como-sera-a-prova-objetiva-do-concurso-procurador-tcdf\\\/#respond\"]}]},{\"@type\":\"WebPage\",\"@id\":\"https:\\\/\\\/cj.estrategia.com\\\/portal\\\/como-sera-a-prova-objetiva-do-concurso-procurador-tcdf\\\/\",\"url\":\"https:\\\/\\\/cj.estrategia.com\\\/portal\\\/como-sera-a-prova-objetiva-do-concurso-procurador-tcdf\\\/\",\"name\":\"Como ser\u00e1 a prova objetiva do Concurso Procurador TCDF?\",\"isPartOf\":{\"@id\":\"https:\\\/\\\/cj.estrategia.com\\\/portal\\\/#website\"},\"primaryImageOfPage\":{\"@id\":\"https:\\\/\\\/cj.estrategia.com\\\/portal\\\/como-sera-a-prova-objetiva-do-concurso-procurador-tcdf\\\/#primaryimage\"},\"image\":{\"@id\":\"https:\\\/\\\/cj.estrategia.com\\\/portal\\\/como-sera-a-prova-objetiva-do-concurso-procurador-tcdf\\\/#primaryimage\"},\"thumbnailUrl\":\"https:\\\/\\\/cj.estrategia.com\\\/portal\\\/wp-content\\\/uploads\\\/2024\\\/08\\\/19171535\\\/estrategia-concurso-procurador-tcdf.jpg\",\"datePublished\":\"2024-12-03T10:06:18+00:00\",\"dateModified\":\"2024-12-03T10:06:21+00:00\",\"description\":\"Prepare-se para a prova objetiva do Concurso Procurador TCDF. Conhe\u00e7a todo os detalhes!\",\"breadcrumb\":{\"@id\":\"https:\\\/\\\/cj.estrategia.com\\\/portal\\\/como-sera-a-prova-objetiva-do-concurso-procurador-tcdf\\\/#breadcrumb\"},\"inLanguage\":\"pt-BR\",\"potentialAction\":[{\"@type\":\"ReadAction\",\"target\":[\"https:\\\/\\\/cj.estrategia.com\\\/portal\\\/como-sera-a-prova-objetiva-do-concurso-procurador-tcdf\\\/\"]}]},{\"@type\":\"ImageObject\",\"inLanguage\":\"pt-BR\",\"@id\":\"https:\\\/\\\/cj.estrategia.com\\\/portal\\\/como-sera-a-prova-objetiva-do-concurso-procurador-tcdf\\\/#primaryimage\",\"url\":\"https:\\\/\\\/cj.estrategia.com\\\/portal\\\/wp-content\\\/uploads\\\/2024\\\/08\\\/19171535\\\/estrategia-concurso-procurador-tcdf.jpg\",\"contentUrl\":\"https:\\\/\\\/cj.estrategia.com\\\/portal\\\/wp-content\\\/uploads\\\/2024\\\/08\\\/19171535\\\/estrategia-concurso-procurador-tcdf.jpg\",\"width\":960,\"height\":540,\"caption\":\"Concurso Procurador TCDF\"},{\"@type\":\"BreadcrumbList\",\"@id\":\"https:\\\/\\\/cj.estrategia.com\\\/portal\\\/como-sera-a-prova-objetiva-do-concurso-procurador-tcdf\\\/#breadcrumb\",\"itemListElement\":[{\"@type\":\"ListItem\",\"position\":1,\"name\":\"In\u00edcio\",\"item\":\"https:\\\/\\\/cj.estrategia.com\\\/portal\\\/\"},{\"@type\":\"ListItem\",\"position\":2,\"name\":\"Como ser\u00e1 a prova objetiva do Concurso Procurador TCDF?\"}]},{\"@type\":\"WebSite\",\"@id\":\"https:\\\/\\\/cj.estrategia.com\\\/portal\\\/#website\",\"url\":\"https:\\\/\\\/cj.estrategia.com\\\/portal\\\/\",\"name\":\"Blog - Carreiras Jur\u00eddicas - Estrat\u00e9gia\",\"description\":\"\",\"publisher\":{\"@id\":\"https:\\\/\\\/cj.estrategia.com\\\/portal\\\/#organization\"},\"potentialAction\":[{\"@type\":\"SearchAction\",\"target\":{\"@type\":\"EntryPoint\",\"urlTemplate\":\"https:\\\/\\\/cj.estrategia.com\\\/portal\\\/?s={search_term_string}\"},\"query-input\":{\"@type\":\"PropertyValueSpecification\",\"valueRequired\":true,\"valueName\":\"search_term_string\"}}],\"inLanguage\":\"pt-BR\"},{\"@type\":\"Organization\",\"@id\":\"https:\\\/\\\/cj.estrategia.com\\\/portal\\\/#organization\",\"name\":\"Estrat\u00e9gia - Carreiras Jur\u00eddicas\",\"url\":\"https:\\\/\\\/cj.estrategia.com\\\/portal\\\/\",\"logo\":{\"@type\":\"ImageObject\",\"inLanguage\":\"pt-BR\",\"@id\":\"https:\\\/\\\/cj.estrategia.com\\\/portal\\\/#\\\/schema\\\/logo\\\/image\\\/\",\"url\":\"https:\\\/\\\/cj.estrategia.com\\\/portal\\\/wp-content\\\/uploads\\\/2022\\\/03\\\/11151052\\\/cj-logo.png\",\"contentUrl\":\"https:\\\/\\\/cj.estrategia.com\\\/portal\\\/wp-content\\\/uploads\\\/2022\\\/03\\\/11151052\\\/cj-logo.png\",\"width\":150,\"height\":39,\"caption\":\"Estrat\u00e9gia - Carreiras Jur\u00eddicas\"},\"image\":{\"@id\":\"https:\\\/\\\/cj.estrategia.com\\\/portal\\\/#\\\/schema\\\/logo\\\/image\\\/\"},\"sameAs\":[\"https:\\\/\\\/www.facebook.com\\\/estrategiacarreirajuridica\\\/\",\"https:\\\/\\\/x.com\\\/EstratJuridica\",\"https:\\\/\\\/www.instagram.com\\\/estrategiacarreirajuridica\\\/\",\"https:\\\/\\\/www.youtube.com\\\/channel\\\/UClbMGuYbj2Mh1m3w144ETWQ\"]},{\"@type\":\"Person\",\"@id\":\"https:\\\/\\\/cj.estrategia.com\\\/portal\\\/#\\\/schema\\\/person\\\/4d70317d31449932b99102916b6637f5\",\"name\":\"Coordena\u00e7\u00e3o\",\"image\":{\"@type\":\"ImageObject\",\"inLanguage\":\"pt-BR\",\"@id\":\"https:\\\/\\\/cj.estrategia.com\\\/portal\\\/wp-content\\\/uploads\\\/2022\\\/05\\\/12164923\\\/estrategia-carreira-juridica-coordenacao-96x96.png\",\"url\":\"https:\\\/\\\/cj.estrategia.com\\\/portal\\\/wp-content\\\/uploads\\\/2022\\\/05\\\/12164923\\\/estrategia-carreira-juridica-coordenacao-96x96.png\",\"contentUrl\":\"https:\\\/\\\/cj.estrategia.com\\\/portal\\\/wp-content\\\/uploads\\\/2022\\\/05\\\/12164923\\\/estrategia-carreira-juridica-coordenacao-96x96.png\",\"caption\":\"Coordena\u00e7\u00e3o\"},\"url\":\"https:\\\/\\\/cj.estrategia.com\\\/portal\\\/author\\\/coordenacao\\\/\"}]}<\/script>\n<!-- \/ Yoast SEO Premium plugin. -->","yoast_head_json":{"title":"Como ser\u00e1 a prova objetiva do Concurso Procurador TCDF?","description":"Prepare-se para a prova objetiva do Concurso Procurador TCDF. Conhe\u00e7a todo os detalhes!","robots":{"index":"index","follow":"follow","max-snippet":"max-snippet:-1","max-image-preview":"max-image-preview:large","max-video-preview":"max-video-preview:-1"},"canonical":"https:\/\/cj.estrategia.com\/portal\/como-sera-a-prova-objetiva-do-concurso-procurador-tcdf\/","og_locale":"pt_BR","og_type":"article","og_title":"Como ser\u00e1 a prova objetiva do Concurso Procurador TCDF?","og_description":"Prepare-se para a prova objetiva do Concurso Procurador TCDF. Conhe\u00e7a todo os detalhes!","og_url":"https:\/\/cj.estrategia.com\/portal\/como-sera-a-prova-objetiva-do-concurso-procurador-tcdf\/","og_site_name":"Blog - Carreiras Jur\u00eddicas - Estrat\u00e9gia","article_publisher":"https:\/\/www.facebook.com\/estrategiacarreirajuridica\/","article_published_time":"2024-12-03T10:06:18+00:00","article_modified_time":"2024-12-03T10:06:21+00:00","og_image":[{"width":960,"height":540,"url":"https:\/\/cj.estrategia.com\/portal\/wp-content\/uploads\/2024\/08\/19171535\/estrategia-concurso-procurador-tcdf.jpg","type":"image\/jpeg"}],"author":"Coordena\u00e7\u00e3o","twitter_card":"summary_large_image","twitter_creator":"@EstratJuridica","twitter_site":"@EstratJuridica","twitter_misc":{"Escrito por":"Coordena\u00e7\u00e3o","Est. tempo de leitura":"3 minutos"},"schema":{"@context":"https:\/\/schema.org","@graph":[{"@type":"NewsArticle","@id":"https:\/\/cj.estrategia.com\/portal\/como-sera-a-prova-objetiva-do-concurso-procurador-tcdf\/#article","isPartOf":{"@id":"https:\/\/cj.estrategia.com\/portal\/como-sera-a-prova-objetiva-do-concurso-procurador-tcdf\/"},"author":{"name":"Coordena\u00e7\u00e3o","@id":"https:\/\/cj.estrategia.com\/portal\/#\/schema\/person\/4d70317d31449932b99102916b6637f5"},"headline":"Como ser\u00e1 a prova objetiva do Concurso Procurador TCDF?","datePublished":"2024-12-03T10:06:18+00:00","dateModified":"2024-12-03T10:06:21+00:00","mainEntityOfPage":{"@id":"https:\/\/cj.estrategia.com\/portal\/como-sera-a-prova-objetiva-do-concurso-procurador-tcdf\/"},"wordCount":348,"commentCount":0,"publisher":{"@id":"https:\/\/cj.estrategia.com\/portal\/#organization"},"image":{"@id":"https:\/\/cj.estrategia.com\/portal\/como-sera-a-prova-objetiva-do-concurso-procurador-tcdf\/#primaryimage"},"thumbnailUrl":"https:\/\/cj.estrategia.com\/portal\/wp-content\/uploads\/2024\/08\/19171535\/estrategia-concurso-procurador-tcdf.jpg","articleSection":["Procuradoria"],"inLanguage":"pt-BR","potentialAction":[{"@type":"CommentAction","name":"Comment","target":["https:\/\/cj.estrategia.com\/portal\/como-sera-a-prova-objetiva-do-concurso-procurador-tcdf\/#respond"]}]},{"@type":"WebPage","@id":"https:\/\/cj.estrategia.com\/portal\/como-sera-a-prova-objetiva-do-concurso-procurador-tcdf\/","url":"https:\/\/cj.estrategia.com\/portal\/como-sera-a-prova-objetiva-do-concurso-procurador-tcdf\/","name":"Como ser\u00e1 a prova objetiva do Concurso Procurador TCDF?","isPartOf":{"@id":"https:\/\/cj.estrategia.com\/portal\/#website"},"primaryImageOfPage":{"@id":"https:\/\/cj.estrategia.com\/portal\/como-sera-a-prova-objetiva-do-concurso-procurador-tcdf\/#primaryimage"},"image":{"@id":"https:\/\/cj.estrategia.com\/portal\/como-sera-a-prova-objetiva-do-concurso-procurador-tcdf\/#primaryimage"},"thumbnailUrl":"https:\/\/cj.estrategia.com\/portal\/wp-content\/uploads\/2024\/08\/19171535\/estrategia-concurso-procurador-tcdf.jpg","datePublished":"2024-12-03T10:06:18+00:00","dateModified":"2024-12-03T10:06:21+00:00","description":"Prepare-se para a prova objetiva do Concurso Procurador TCDF. Conhe\u00e7a todo os detalhes!","breadcrumb":{"@id":"https:\/\/cj.estrategia.com\/portal\/como-sera-a-prova-objetiva-do-concurso-procurador-tcdf\/#breadcrumb"},"inLanguage":"pt-BR","potentialAction":[{"@type":"ReadAction","target":["https:\/\/cj.estrategia.com\/portal\/como-sera-a-prova-objetiva-do-concurso-procurador-tcdf\/"]}]},{"@type":"ImageObject","inLanguage":"pt-BR","@id":"https:\/\/cj.estrategia.com\/portal\/como-sera-a-prova-objetiva-do-concurso-procurador-tcdf\/#primaryimage","url":"https:\/\/cj.estrategia.com\/portal\/wp-content\/uploads\/2024\/08\/19171535\/estrategia-concurso-procurador-tcdf.jpg","contentUrl":"https:\/\/cj.estrategia.com\/portal\/wp-content\/uploads\/2024\/08\/19171535\/estrategia-concurso-procurador-tcdf.jpg","width":960,"height":540,"caption":"Concurso Procurador TCDF"},{"@type":"BreadcrumbList","@id":"https:\/\/cj.estrategia.com\/portal\/como-sera-a-prova-objetiva-do-concurso-procurador-tcdf\/#breadcrumb","itemListElement":[{"@type":"ListItem","position":1,"name":"In\u00edcio","item":"https:\/\/cj.estrategia.com\/portal\/"},{"@type":"ListItem","position":2,"name":"Como ser\u00e1 a prova objetiva do Concurso Procurador TCDF?"}]},{"@type":"WebSite","@id":"https:\/\/cj.estrategia.com\/portal\/#website","url":"https:\/\/cj.estrategia.com\/portal\/","name":"Blog - Carreiras Jur\u00eddicas - Estrat\u00e9gia","description":"","publisher":{"@id":"https:\/\/cj.estrategia.com\/portal\/#organization"},"potentialAction":[{"@type":"SearchAction","target":{"@type":"EntryPoint","urlTemplate":"https:\/\/cj.estrategia.com\/portal\/?s={search_term_string}"},"query-input":{"@type":"PropertyValueSpecification","valueRequired":true,"valueName":"search_term_string"}}],"inLanguage":"pt-BR"},{"@type":"Organization","@id":"https:\/\/cj.estrategia.com\/portal\/#organization","name":"Estrat\u00e9gia - Carreiras Jur\u00eddicas","url":"https:\/\/cj.estrategia.com\/portal\/","logo":{"@type":"ImageObject","inLanguage":"pt-BR","@id":"https:\/\/cj.estrategia.com\/portal\/#\/schema\/logo\/image\/","url":"https:\/\/cj.estrategia.com\/portal\/wp-content\/uploads\/2022\/03\/11151052\/cj-logo.png","contentUrl":"https:\/\/cj.estrategia.com\/portal\/wp-content\/uploads\/2022\/03\/11151052\/cj-logo.png","width":150,"height":39,"caption":"Estrat\u00e9gia - Carreiras Jur\u00eddicas"},"image":{"@id":"https:\/\/cj.estrategia.com\/portal\/#\/schema\/logo\/image\/"},"sameAs":["https:\/\/www.facebook.com\/estrategiacarreirajuridica\/","https:\/\/x.com\/EstratJuridica","https:\/\/www.instagram.com\/estrategiacarreirajuridica\/","https:\/\/www.youtube.com\/channel\/UClbMGuYbj2Mh1m3w144ETWQ"]},{"@type":"Person","@id":"https:\/\/cj.estrategia.com\/portal\/#\/schema\/person\/4d70317d31449932b99102916b6637f5","name":"Coordena\u00e7\u00e3o","image":{"@type":"ImageObject","inLanguage":"pt-BR","@id":"https:\/\/cj.estrategia.com\/portal\/wp-content\/uploads\/2022\/05\/12164923\/estrategia-carreira-juridica-coordenacao-96x96.png","url":"https:\/\/cj.estrategia.com\/portal\/wp-content\/uploads\/2022\/05\/12164923\/estrategia-carreira-juridica-coordenacao-96x96.png","contentUrl":"https:\/\/cj.estrategia.com\/portal\/wp-content\/uploads\/2022\/05\/12164923\/estrategia-carreira-juridica-coordenacao-96x96.png","caption":"Coordena\u00e7\u00e3o"},"url":"https:\/\/cj.estrategia.com\/portal\/author\/coordenacao\/"}]}},"jetpack_featured_media_url":"https:\/\/cj.estrategia.com\/portal\/wp-content\/uploads\/2024\/08\/19171535\/estrategia-concurso-procurador-tcdf.jpg","jetpack_sharing_enabled":true,"_links":{"self":[{"href":"https:\/\/cj.estrategia.com\/portal\/wp-json\/wp\/v2\/posts\/85884","targetHints":{"allow":["GET"]}}],"collection":[{"href":"https:\/\/cj.estrategia.com\/portal\/wp-json\/wp\/v2\/posts"}],"about":[{"href":"https:\/\/cj.estrategia.com\/portal\/wp-json\/wp\/v2\/types\/post"}],"author":[{"embeddable":true,"href":"https:\/\/cj.estrategia.com\/portal\/wp-json\/wp\/v2\/users\/12"}],"replies":[{"embeddable":true,"href":"https:\/\/cj.estrategia.com\/portal\/wp-json\/wp\/v2\/comments?post=85884"}],"version-history":[{"count":10,"href":"https:\/\/cj.estrategia.com\/portal\/wp-json\/wp\/v2\/posts\/85884\/revisions"}],"predecessor-version":[{"id":85894,"href":"https:\/\/cj.estrategia.com\/portal\/wp-json\/wp\/v2\/posts\/85884\/revisions\/85894"}],"wp:featuredmedia":[{"embeddable":true,"href":"https:\/\/cj.estrategia.com\/portal\/wp-json\/wp\/v2\/media\/73066"}],"wp:attachment":[{"href":"https:\/\/cj.estrategia.com\/portal\/wp-json\/wp\/v2\/media?parent=85884"}],"wp:term":[{"taxonomy":"category","embeddable":true,"href":"https:\/\/cj.estrategia.com\/portal\/wp-json\/wp\/v2\/categories?post=85884"},{"taxonomy":"post_tag","embeddable":true,"href":"https:\/\/cj.estrategia.com\/portal\/wp-json\/wp\/v2\/tags?post=85884"},{"taxonomy":"tax_estado","embeddable":true,"href":"https:\/\/cj.estrategia.com\/portal\/wp-json\/wp\/v2\/tax_estado?post=85884"}],"curies":[{"name":"wp","href":"https:\/\/api.w.org\/{rel}","templated":true}]}}