{"id":85829,"date":"2024-12-02T21:24:23","date_gmt":"2024-12-03T00:24:23","guid":{"rendered":"https:\/\/cj.estrategia.com\/portal\/?p=85829"},"modified":"2025-01-07T18:17:28","modified_gmt":"2025-01-07T21:17:28","slug":"post-advogada-prisao-nego-di","status":"publish","type":"post","link":"https:\/\/cj.estrategia.com\/portal\/post-advogada-prisao-nego-di\/","title":{"rendered":"Post de Advogada pode levar Nego Di de volta para a pris\u00e3o"},"content":{"rendered":"\n<p><em>Post pol\u00eamico de advogada pode causar a volta de Nego Di \u00e0 pris\u00e3o. Saiba como uma medida cautelar do STJ e alega\u00e7\u00f5es de estelionato est\u00e3o no centro dessa controv\u00e9rsia.<\/em><\/p>\n\n\n\n<p><strong>* Thiago de Paula Leite \u00e9 procurador do Estado de S\u00e3o Paulo e professor de direito ambiental e agr\u00e1rio do Estrat\u00e9gia.<\/strong><\/p>\n\n\n\n<figure class=\"wp-block-image size-full\"><img decoding=\"async\" width=\"661\" height=\"391\" src=\"https:\/\/cj.estrategia.com\/portal\/wp-content\/uploads\/2024\/12\/02211203\/Captura-de-tela-2024-12-02-211131.png\" alt=\"Nego Di\" class=\"wp-image-85849\" srcset=\"https:\/\/cj.estrategia.com\/portal\/wp-content\/uploads\/2024\/12\/02211203\/Captura-de-tela-2024-12-02-211131.png 661w, https:\/\/cj.estrategia.com\/portal\/wp-content\/uploads\/2024\/12\/02211203\/Captura-de-tela-2024-12-02-211131-300x177.png 300w, https:\/\/cj.estrategia.com\/portal\/wp-content\/uploads\/2024\/12\/02211203\/Captura-de-tela-2024-12-02-211131-380x225.png 380w, https:\/\/cj.estrategia.com\/portal\/wp-content\/uploads\/2024\/12\/02211203\/Captura-de-tela-2024-12-02-211131-150x89.png 150w\" sizes=\"(max-width: 661px) 100vw, 661px\" \/><\/figure>\n\n\n\n<h2 class=\"wp-block-heading\" id=\"h-reviravolta-no-caso-nego-di\" style=\"font-style:normal;font-weight:400\"><span id=\"reviravolta-no-caso-nego-di\"><strong>Reviravolta no caso Nego Di?<\/strong><\/span><\/h2>\n\n\n\n<p>O influencer e ex-BBB conhecido como Nego Di, que estava preso sob suspeita de participar de fraude em rifa virtual (estelionato), obteve liberdade provis\u00f3ria no Superior Tribunal de Justi\u00e7a.&nbsp;<\/p>\n\n\n\n<p>Ocorre que <strong><mark style=\"background-color:rgba(0, 0, 0, 0)\" class=\"has-inline-color has-vivid-red-color\">um post publicado por sua advogada pode levar Nego Di de volta para a cadeia<\/mark><\/strong>, e isso porque uma das medidas cautelares impostas pelo STJ o pro\u00edbe de utilizar redes sociais at\u00e9 o julgamento do m\u00e9rito de seu HC.&nbsp;<\/p>\n\n\n\n<p>No post publicado pela advogada, Nego Di aparece ao lado dela, sorrindo. A foto traz, ainda, a seguinte legenda: &#8220;<em>Como esperamos para postar este retrato<\/em>&#8220;.<\/p>\n\n\n\n<p>A advogada Tatiana Borsa, que representava o influencer, foi demitida ap\u00f3s esse post pol\u00eamico.<\/p>\n\n\n\n<p>Conforme a atual defesa de Nego Di, a destitui\u00e7\u00e3o da advogada &#8220;<em>foi uma decis\u00e3o do cliente, externando seu descontentamento pela postagem sem autoriza\u00e7\u00e3o e pela conduta desta p\u00f3s repercuss\u00e3o negativa do fato<\/em>&#8220;.<\/p>\n\n\n\n<h2 class=\"wp-block-heading\" id=\"h-entenda-o-caso-nbsp\" style=\"font-style:normal;font-weight:400\"><span id=\"entenda-o-caso\"><strong>Entenda o Caso&nbsp;<\/strong><\/span><\/h2>\n\n\n\n<p>Em julho de 2024, Nego Di foi acusado de ter cometido estelionato ao vender rifas e n\u00e3o entregar o pr\u00eamio, que seria uma Porsche avaliada em meio milh\u00e3o de reais.&nbsp;<\/p>\n\n\n\n<p>Assim reza o C\u00f3digo Penal:<\/p>\n\n\n\n<div class=\"wp-block-group is-style-cnvs-block-bordered\"><div class=\"wp-block-group__inner-container is-layout-constrained wp-block-group-is-layout-constrained\">\n<p><strong><mark style=\"background-color:rgba(0, 0, 0, 0)\" class=\"has-inline-color has-vivid-red-color\">Estelionato<\/mark><\/strong><\/p>\n\n\n\n<p><em>Art. 171 &#8211; Obter, para si ou para outrem, vantagem il\u00edcita, em preju\u00edzo alheio, induzindo ou mantendo algu\u00e9m em erro, mediante artif\u00edcio, ardil, ou qualquer outro meio fraudulento:<\/em><br><em>Pena &#8211; reclus\u00e3o, de um a cinco anos, e multa, de quinhentos mil r\u00e9is a dez contos de r\u00e9is.<\/em><\/p>\n<\/div><\/div>\n\n\n\n<div class=\"wp-block-group is-style-cnvs-block-bordered\"><div class=\"wp-block-group__inner-container is-layout-constrained wp-block-group-is-layout-constrained\">\n<p><strong><mark style=\"background-color:rgba(0, 0, 0, 0)\" class=\"has-inline-color has-vivid-red-color\">Fraude eletr\u00f4nica<\/mark><\/strong><\/p>\n\n\n\n<p><em>\u00a7 2\u00ba-A. A pena \u00e9 de reclus\u00e3o, de 4 (quatro) a 8 (oito) anos, e multa, se a fraude \u00e9 cometida com a utiliza\u00e7\u00e3o de informa\u00e7\u00f5es fornecidas pela v\u00edtima ou por terceiro induzido a erro por meio de redes sociais, contatos telef\u00f4nicos ou envio de correio eletr\u00f4nico fraudulento, ou por qualquer outro meio fraudulento an\u00e1logo.&nbsp;&nbsp;&nbsp;&nbsp;&nbsp;&nbsp;<\/em><\/p>\n<\/div><\/div>\n\n\n\n<p>As investiga\u00e7\u00f5es apontaram que Nego Di e o s\u00f3cio ofereciam produtos como TVs, celulares e ar-condicionado com pre\u00e7os bem abaixo do valor de mercado, mas as mercadorias nunca eram entregues aos clientes.&nbsp;<\/p>\n\n\n\n<p>Suspeita-se que <mark style=\"background-color:#fdf384\" class=\"has-inline-color\">ele tenha cometido em torno de 370 crimes de estelionato<\/mark>.<\/p>\n\n\n\n<p>A quebra do sigilo banc\u00e1rio do influencer mostrou, ainda, que ele mentiu ao dizer que doou R$1 milh\u00e3o a uma vaquinha destinada a ajudar as v\u00edtimas das enchentes no Rio Grande do Sul, quando, na verdade, s\u00f3 doou R$100.<\/p>\n\n\n\n<figure class=\"wp-block-pullquote\"><blockquote><p><strong><mark style=\"background-color:rgba(0, 0, 0, 0)\" class=\"has-inline-color has-vivid-red-color\">Para que se configure o estelionato, inclusive na modalidade qualificada, \u00e9 necess\u00e1rio que haja a inten\u00e7\u00e3o de enganar e de obter vantagem il\u00edcita.<\/mark><\/strong><\/p><\/blockquote><\/figure>\n\n\n\n<p>Ao final, ele foi denunciado por <strong><mark style=\"background-color:rgba(0, 0, 0, 0)\" class=\"has-inline-color has-vivid-red-color\">estelionato, lavagem de dinheiro e uso de documento falso<\/mark><\/strong>, e estava preso desde 17 de julho de 2024.<\/p>\n\n\n\n<p>Ao manter a pris\u00e3o, o Tribunal de Justi\u00e7a do Rio Grande do Sul destacou que o influenciador \u2013 que \u00e0 \u00e9poca tinha mais de dez milh\u00f5es de seguidores \u2013 usava a sua imagem para divulgar em redes sociais produtos de uma empresa que, na verdade, seria utilizada para a pr\u00e1tica de golpes.<\/p>\n\n\n\n<h2 class=\"wp-block-heading\" id=\"h-polemicas-envolvendo-nego-di\" style=\"font-style:normal;font-weight:400\"><span id=\"polemicas-envolvendo-nego-di\"><strong>Pol\u00eamicas envolvendo Nego Di<\/strong><\/span><\/h2>\n\n\n\n<p>Esse fato da fraude na rifa virtual e a falsa doa\u00e7\u00e3o aos desabrigados das enchentes do Rio Grande do Sul n\u00e3o s\u00e3o as \u00fanicas pol\u00eamicas envolvendo Nego Di.<\/p>\n\n\n\n<p>O ex-BBB tamb\u00e9m foi acusado de espalhar fake News (desinforma\u00e7\u00e3o) ao afirmar que o governo do Rio Grande do Sul e a brigada militar estariam impedindo que barcos e jet-skis realizassem salvamentos e resgates.<\/p>\n\n\n\n<p>A justi\u00e7a ga\u00facha proibiu Nego Di de reiterar essas alega\u00e7\u00f5es falsas, sob pena de multa de R$100 mil.&nbsp;<\/p>\n\n\n\n<p>A ju\u00edza do caso, levando em conta a situa\u00e7\u00e3o de calamidade p\u00fablica, foi incisiva:<\/p>\n\n\n\n<div class=\"wp-block-group is-style-cnvs-block-bordered has-background\" style=\"background-color:#fdf384\"><div class=\"wp-block-group__inner-container is-layout-constrained wp-block-group-is-layout-constrained\">\n<p><em>\u201cA dissemina\u00e7\u00e3o de informa\u00e7\u00f5es inver\u00eddicas, sem embasamento na realidade sobre a atua\u00e7\u00e3o estatal, atrapalha&nbsp;o delicado trabalho de socorro, gerando incerteza e inseguran\u00e7a \u00e0 popula\u00e7\u00e3o, com potencial de desestimular a ajuda da sociedade civil.\u201d<\/em><\/p>\n<\/div><\/div>\n\n\n\n<h2 class=\"wp-block-heading\" id=\"h-nego-di-pode-voltar-para-a-cadeia\" style=\"font-style:normal;font-weight:400\"><span id=\"nego-di-pode-voltar-para-a-cadeia\"><strong>Nego Di pode voltar para a cadeia?<\/strong><\/span><\/h2>\n\n\n\n<p>O Superior Tribunal de Justi\u00e7a concedeu, atrav\u00e9s de liminar da lavra do Ministro Reynaldo Soares da Fonseca, liberdade provis\u00f3ria ao ex-BBB Dilson Alves da Silva Neto, conhecido como Nego Di (<strong>HC 963675<\/strong>).&nbsp;<\/p>\n\n\n\n<p>Para a soltura de Nego Di, o ministro Reynaldo Fonseca levou em considera\u00e7\u00e3o os seguintes argumentos:<\/p>\n\n\n\n<div class=\"wp-block-group is-style-cnvs-block-bordered\"><div class=\"wp-block-group__inner-container is-layout-constrained wp-block-group-is-layout-constrained\">\n<ul class=\"is-style-cnvs-list-styled-positive wp-block-list\">\n<li><strong>Apesar do n\u00famero de registros policiais citado pelo TJRS, a den\u00fancia contra o influenciador aponta apenas 18 v\u00edtimas \u2013 e, segundo a defesa, essas pessoas foram ressarcidas dos preju\u00edzos com as compras;<\/strong><\/li>\n\n\n\n<li><strong>Em rela\u00e7\u00e3o a um poss\u00edvel risco de continuidade das atividades tidas por criminosas, destacou que o tribunal estadual n\u00e3o conseguiu descrever com precis\u00e3o quais pr\u00e1ticas diretamente relacionadas a Nego Di justificariam a manuten\u00e7\u00e3o de sua pris\u00e3o.<\/strong><\/li>\n\n\n\n<li><strong>Os fatos denunciados s\u00e3o de 2022, a investiga\u00e7\u00e3o j\u00e1 foi conclu\u00edda, a a\u00e7\u00e3o penal est\u00e1 em curso e os supostos crimes n\u00e3o envolveram viol\u00eancia ou grave amea\u00e7a.&nbsp;&nbsp;<\/strong><\/li>\n\n\n\n<li><strong>O influencer demonstra condi\u00e7\u00f5es pessoais favor\u00e1veis, tais como primariedade e resid\u00eancia fixa.<\/strong><\/li>\n<\/ul>\n<\/div><\/div>\n\n\n\n<p>O ministro, por\u00e9m, fixou uma s\u00e9rie de <strong><mark style=\"background-color:rgba(0, 0, 0, 0)\" class=\"has-inline-color has-vivid-red-color\">medidas cautelares<\/mark><\/strong> para a soltura de Nego Di. Vejamos:<\/p>\n\n\n\n<div class=\"wp-block-group is-style-cnvs-block-bordered\"><div class=\"wp-block-group__inner-container is-layout-constrained wp-block-group-is-layout-constrained\">\n<ul class=\"is-style-cnvs-list-styled-positive wp-block-list\">\n<li><strong>Comparecimento peri\u00f3dico em ju\u00edzo para justificar suas atividades;<\/strong><\/li>\n\n\n\n<li><strong>Proibi\u00e7\u00e3o de mudar de endere\u00e7o sem autoriza\u00e7\u00e3o judicial;<\/strong><\/li>\n\n\n\n<li><strong>Proibi\u00e7\u00e3o de se ausentar da comarca sem pr\u00e9via comunica\u00e7\u00e3o ao ju\u00edzo;<\/strong><\/li>\n\n\n\n<li><strong>Proibi\u00e7\u00e3o de frequentar\/usar redes sociais;<\/strong><\/li>\n\n\n\n<li><strong>Recolhimento do passaporte<\/strong><\/li>\n<\/ul>\n<\/div><\/div>\n\n\n\n<figure class=\"wp-block-table\"><table class=\"has-background\" style=\"background-color:#fdf384\"><tbody><tr><td class=\"has-text-align-center\" data-align=\"center\"><strong>Aqui \u00e9 onde come\u00e7a a pol\u00e9mica!<\/strong><\/td><\/tr><\/tbody><\/table><\/figure>\n\n\n\n<p>O post publicado pela advogada de Nego Di pode ser considerado uma quebra da medida cautelar de proibi\u00e7\u00e3o de frequentar\/usar redes sociais?<\/p>\n\n\n\n<p>Se a resposta for sim, como pode entender o Minist\u00e9rio P\u00fablico do Rio Grande do Sul, o influencer pode ser considerado como descumpridor das condicionantes de sua liberdade, podendo, em tese, voltar para a cadeia.<\/p>\n\n\n\n<p>Se a resposta for n\u00e3o, como entende sua defesa, Nego Di permanece em liberdade provis\u00f3ria.&nbsp;<\/p>\n\n\n\n<p>A advogada Tatiana Borsa, autora do post, afirmou ao jornal O Globo que n\u00e3o via problema na publica\u00e7\u00e3o, j\u00e1 que foi feita em seu pr\u00f3prio perfil, n\u00e3o na conta de Nego Di.<\/p>\n\n\n\n<p>Quem defende que o influencer n\u00e3o descumpriu a medida cautelar, a exemplo do advogado especialista em Direito Digital&nbsp;Luiz Augusto D&#8217;Urso, argumenta que o fato de a publica\u00e7\u00e3o ter sido feita na conta de um terceiro (no caso, sua advogada), \u00e9 suficiente para afastar sua responsabilidade. Ele n\u00e3o teria usado a rede social.&nbsp;<\/p>\n\n\n\n<p>Nesses casos, o juiz deveria avaliar se o r\u00e9u est\u00e1 se utilizando da conta de terceiro para burlar a determina\u00e7\u00e3o judicial: <strong>\u201c<em>Isso n\u00e3o parece ser o caso aqui. Ele apenas aparece em um v\u00eddeo publicado pelas advogadas, sem evid\u00eancias de que utilizou o espa\u00e7o para se manifestar ou driblar a ordem judicial<\/em>\u201d.<\/strong><\/p>\n\n\n\n<p>J\u00e1 quem defende que Nego Di descumpriu a medida cautelar de n\u00e3o usar redes sociais argumenta que ele se utilizou de terceiro (sua advogada) para mandar um recado, uma mensagem, desobedecendo a ordem judicial de se abster de utilizar as redes sociais.<\/p>\n\n\n\n<p>Na verdade, caber\u00e1 ao magistrado avaliar, no caso concreto, se est\u00e1 patente essa inten\u00e7\u00e3o de quebra da medida cautelar.<\/p>\n\n\n\n<div class=\"wp-block-group is-style-cnvs-block-bordered has-background\" style=\"background-color:#fdf384\"><div class=\"wp-block-group__inner-container is-layout-constrained wp-block-group-is-layout-constrained\">\n<p><strong><em>O STJ tem entendido que as medidas cautelares diversas da pris\u00e3o podem durar por tempo indeterminado, enquanto se mantiverem os requisitos do artigo 282 do C\u00f3digo de Processo Penal, observadas as particularidades do caso e do acusado<\/em><\/strong>.<\/p>\n<\/div><\/div>\n\n\n\n<p>Tema muito interessante, e que pode ser cobrado principalmente em prova de direito processual penal. Recomendo acompanhar o desenrolar do processo (<strong>HC 963675<\/strong>).<\/p>\n\n\n\n<h2 class=\"wp-block-heading has-text-align-center\" id=\"h-quer-saber-quais-serao-os-proximos-concursos\"><span id=\"quer-saber-quais-serao-os-proximos-concursos\">Quer saber quais ser\u00e3o os pr\u00f3ximos concursos?<\/span><\/h2>\n\n\n\n<p class=\"has-text-align-center\">Confira nossos&nbsp;<a href=\"https:\/\/cj.estrategia.com\/portal\/\" target=\"_blank\" >artigos para Carreiras Jur\u00eddicas<\/a>!<\/p>\n\n\n\n<p class=\"has-text-align-center has-white-color has-pale-cyan-blue-background-color has-text-color has-background has-link-color wp-elements-f3d5123bb0c8e11604d0c8c7f1ea8be8\"><a href=\"https:\/\/www.estrategiaconcursos.com.br\/blog\/concursos-abertos\/\" target=\"_blank\" >Confira os concursos p\u00fablicos abertos<\/a><\/p>\n\n\n\n<p class=\"has-text-align-center has-white-color has-pale-cyan-blue-background-color has-text-color has-background has-link-color wp-elements-726d644a58045568574d2c1541b18807\"><a href=\"https:\/\/cj.estrategia.com\/portal\/concursos-2025-carreiras-juridicas\/\" target=\"_blank\" >Concursos 2025<\/a><\/p>\n","protected":false},"excerpt":{"rendered":"Post pol\u00eamico de advogada pode causar a volta de Nego Di \u00e0 pris\u00e3o. Saiba como uma medida cautelar&hellip;\n","protected":false},"author":81,"featured_media":85849,"comment_status":"open","ping_status":"open","sticky":false,"template":"","format":"standard","meta":{"_jetpack_memberships_contains_paid_content":false,"footnotes":""},"categories":[1],"tags":[336,319,324,1373,1533,317,1534],"tax_estado":[30,31,32,33,34,35,36,37,38,39,40,41,42,43,44,45,46,47,48,49,50,51,52,53,54,55,56,57],"class_list":{"0":"post-85829","1":"post","2":"type-post","3":"status-publish","4":"format-standard","5":"has-post-thumbnail","7":"category-carreiras-juridicas","8":"tag-analise-juridica","9":"tag-estelionato","10":"tag-fraude-eletronica","11":"tag-liberdade-provisoria","12":"tag-medida-cautelar","13":"tag-nego-di","14":"tag-rifa","15":"tax_estado-ac","16":"tax_estado-al","17":"tax_estado-am","18":"tax_estado-ap","19":"tax_estado-ba","20":"tax_estado-ce","21":"tax_estado-concursos-federais","22":"tax_estado-df","23":"tax_estado-es","24":"tax_estado-go","25":"tax_estado-ma","26":"tax_estado-mg","27":"tax_estado-ms","28":"tax_estado-mt","29":"tax_estado-pa","30":"tax_estado-pb","31":"tax_estado-pe","32":"tax_estado-pi","33":"tax_estado-pr","34":"tax_estado-rj","35":"tax_estado-rn","36":"tax_estado-ro","37":"tax_estado-rr","38":"tax_estado-rs","39":"tax_estado-sc","40":"tax_estado-se","41":"tax_estado-sp","42":"tax_estado-to"},"acf":[],"yoast_head":"<!-- This site is optimized with the Yoast SEO Premium plugin v27.4 (Yoast SEO v27.4) - https:\/\/yoast.com\/product\/yoast-seo-premium-wordpress\/ -->\n<title>Nego Di pode voltar \u00e0 pris\u00e3o ap\u00f3s post de advogada<\/title>\n<meta name=\"description\" content=\"Post de advogada pode levar Nego Di \u00e0 pris\u00e3o. Entenda como a medida cautelar do STJ e acusa\u00e7\u00f5es de estelionato est\u00e3o na controv\u00e9rsia.\" \/>\n<meta name=\"robots\" content=\"index, follow, max-snippet:-1, max-image-preview:large, max-video-preview:-1\" \/>\n<link rel=\"canonical\" href=\"https:\/\/cj.estrategia.com\/portal\/post-advogada-prisao-nego-di\/\" \/>\n<meta property=\"og:locale\" content=\"pt_BR\" \/>\n<meta property=\"og:type\" content=\"article\" \/>\n<meta property=\"og:title\" content=\"Post de Advogada pode levar Nego Di de volta para a pris\u00e3o\" \/>\n<meta property=\"og:description\" content=\"Post de advogada pode levar Nego Di \u00e0 pris\u00e3o. Entenda como a medida cautelar do STJ e acusa\u00e7\u00f5es de estelionato est\u00e3o na controv\u00e9rsia.\" \/>\n<meta property=\"og:url\" content=\"https:\/\/cj.estrategia.com\/portal\/post-advogada-prisao-nego-di\/\" \/>\n<meta property=\"og:site_name\" content=\"Blog - Carreiras Jur\u00eddicas - Estrat\u00e9gia\" \/>\n<meta property=\"article:publisher\" content=\"https:\/\/www.facebook.com\/estrategiacarreirajuridica\/\" \/>\n<meta property=\"article:published_time\" content=\"2024-12-03T00:24:23+00:00\" \/>\n<meta property=\"article:modified_time\" content=\"2025-01-07T21:17:28+00:00\" \/>\n<meta property=\"og:image\" content=\"https:\/\/cj.estrategia.com\/portal\/wp-content\/uploads\/2024\/12\/02211203\/Captura-de-tela-2024-12-02-211131.png\" \/>\n\t<meta property=\"og:image:width\" content=\"661\" \/>\n\t<meta property=\"og:image:height\" content=\"391\" \/>\n\t<meta property=\"og:image:type\" content=\"image\/png\" \/>\n<meta name=\"author\" content=\"Thiago Leite\" \/>\n<meta name=\"twitter:card\" content=\"summary_large_image\" \/>\n<meta name=\"twitter:creator\" content=\"@EstratJuridica\" \/>\n<meta name=\"twitter:site\" content=\"@EstratJuridica\" \/>\n<meta name=\"twitter:label1\" content=\"Escrito por\" \/>\n\t<meta name=\"twitter:data1\" content=\"Thiago Leite\" \/>\n\t<meta name=\"twitter:label2\" content=\"Est. tempo de leitura\" \/>\n\t<meta name=\"twitter:data2\" content=\"7 minutos\" \/>\n<script type=\"application\/ld+json\" class=\"yoast-schema-graph\">{\"@context\":\"https:\\\/\\\/schema.org\",\"@graph\":[{\"@type\":\"NewsArticle\",\"@id\":\"https:\\\/\\\/cj.estrategia.com\\\/portal\\\/post-advogada-prisao-nego-di\\\/#article\",\"isPartOf\":{\"@id\":\"https:\\\/\\\/cj.estrategia.com\\\/portal\\\/post-advogada-prisao-nego-di\\\/\"},\"author\":{\"name\":\"Thiago Leite\",\"@id\":\"https:\\\/\\\/cj.estrategia.com\\\/portal\\\/#\\\/schema\\\/person\\\/7d7d2b1c8386e2eeacc0b09cfbc1d0ff\"},\"headline\":\"Post de Advogada pode levar Nego Di de volta para a pris\u00e3o\",\"datePublished\":\"2024-12-03T00:24:23+00:00\",\"dateModified\":\"2025-01-07T21:17:28+00:00\",\"mainEntityOfPage\":{\"@id\":\"https:\\\/\\\/cj.estrategia.com\\\/portal\\\/post-advogada-prisao-nego-di\\\/\"},\"wordCount\":1366,\"commentCount\":0,\"publisher\":{\"@id\":\"https:\\\/\\\/cj.estrategia.com\\\/portal\\\/#organization\"},\"image\":{\"@id\":\"https:\\\/\\\/cj.estrategia.com\\\/portal\\\/post-advogada-prisao-nego-di\\\/#primaryimage\"},\"thumbnailUrl\":\"https:\\\/\\\/cj.estrategia.com\\\/portal\\\/wp-content\\\/uploads\\\/2024\\\/12\\\/02211203\\\/Captura-de-tela-2024-12-02-211131.png\",\"keywords\":[\"an\u00e1lise jur\u00eddica\",\"estelionato\",\"fraude eletr\u00f4nica\",\"liberdade provis\u00f3ria\",\"medida cautelar\",\"nego di\",\"rifa\"],\"articleSection\":[\"Carreiras Jur\u00eddicas\"],\"inLanguage\":\"pt-BR\",\"potentialAction\":[{\"@type\":\"CommentAction\",\"name\":\"Comment\",\"target\":[\"https:\\\/\\\/cj.estrategia.com\\\/portal\\\/post-advogada-prisao-nego-di\\\/#respond\"]}]},{\"@type\":\"WebPage\",\"@id\":\"https:\\\/\\\/cj.estrategia.com\\\/portal\\\/post-advogada-prisao-nego-di\\\/\",\"url\":\"https:\\\/\\\/cj.estrategia.com\\\/portal\\\/post-advogada-prisao-nego-di\\\/\",\"name\":\"Nego Di pode voltar \u00e0 pris\u00e3o ap\u00f3s post de advogada\",\"isPartOf\":{\"@id\":\"https:\\\/\\\/cj.estrategia.com\\\/portal\\\/#website\"},\"primaryImageOfPage\":{\"@id\":\"https:\\\/\\\/cj.estrategia.com\\\/portal\\\/post-advogada-prisao-nego-di\\\/#primaryimage\"},\"image\":{\"@id\":\"https:\\\/\\\/cj.estrategia.com\\\/portal\\\/post-advogada-prisao-nego-di\\\/#primaryimage\"},\"thumbnailUrl\":\"https:\\\/\\\/cj.estrategia.com\\\/portal\\\/wp-content\\\/uploads\\\/2024\\\/12\\\/02211203\\\/Captura-de-tela-2024-12-02-211131.png\",\"datePublished\":\"2024-12-03T00:24:23+00:00\",\"dateModified\":\"2025-01-07T21:17:28+00:00\",\"description\":\"Post de advogada pode levar Nego Di \u00e0 pris\u00e3o. Entenda como a medida cautelar do STJ e acusa\u00e7\u00f5es de estelionato est\u00e3o na controv\u00e9rsia.\",\"breadcrumb\":{\"@id\":\"https:\\\/\\\/cj.estrategia.com\\\/portal\\\/post-advogada-prisao-nego-di\\\/#breadcrumb\"},\"inLanguage\":\"pt-BR\",\"potentialAction\":[{\"@type\":\"ReadAction\",\"target\":[\"https:\\\/\\\/cj.estrategia.com\\\/portal\\\/post-advogada-prisao-nego-di\\\/\"]}]},{\"@type\":\"ImageObject\",\"inLanguage\":\"pt-BR\",\"@id\":\"https:\\\/\\\/cj.estrategia.com\\\/portal\\\/post-advogada-prisao-nego-di\\\/#primaryimage\",\"url\":\"https:\\\/\\\/cj.estrategia.com\\\/portal\\\/wp-content\\\/uploads\\\/2024\\\/12\\\/02211203\\\/Captura-de-tela-2024-12-02-211131.png\",\"contentUrl\":\"https:\\\/\\\/cj.estrategia.com\\\/portal\\\/wp-content\\\/uploads\\\/2024\\\/12\\\/02211203\\\/Captura-de-tela-2024-12-02-211131.png\",\"width\":661,\"height\":391},{\"@type\":\"BreadcrumbList\",\"@id\":\"https:\\\/\\\/cj.estrategia.com\\\/portal\\\/post-advogada-prisao-nego-di\\\/#breadcrumb\",\"itemListElement\":[{\"@type\":\"ListItem\",\"position\":1,\"name\":\"In\u00edcio\",\"item\":\"https:\\\/\\\/cj.estrategia.com\\\/portal\\\/\"},{\"@type\":\"ListItem\",\"position\":2,\"name\":\"Post de Advogada pode levar Nego Di de volta para a pris\u00e3o\"}]},{\"@type\":\"WebSite\",\"@id\":\"https:\\\/\\\/cj.estrategia.com\\\/portal\\\/#website\",\"url\":\"https:\\\/\\\/cj.estrategia.com\\\/portal\\\/\",\"name\":\"Blog - Carreiras Jur\u00eddicas - Estrat\u00e9gia\",\"description\":\"\",\"publisher\":{\"@id\":\"https:\\\/\\\/cj.estrategia.com\\\/portal\\\/#organization\"},\"potentialAction\":[{\"@type\":\"SearchAction\",\"target\":{\"@type\":\"EntryPoint\",\"urlTemplate\":\"https:\\\/\\\/cj.estrategia.com\\\/portal\\\/?s={search_term_string}\"},\"query-input\":{\"@type\":\"PropertyValueSpecification\",\"valueRequired\":true,\"valueName\":\"search_term_string\"}}],\"inLanguage\":\"pt-BR\"},{\"@type\":\"Organization\",\"@id\":\"https:\\\/\\\/cj.estrategia.com\\\/portal\\\/#organization\",\"name\":\"Estrat\u00e9gia - Carreiras Jur\u00eddicas\",\"url\":\"https:\\\/\\\/cj.estrategia.com\\\/portal\\\/\",\"logo\":{\"@type\":\"ImageObject\",\"inLanguage\":\"pt-BR\",\"@id\":\"https:\\\/\\\/cj.estrategia.com\\\/portal\\\/#\\\/schema\\\/logo\\\/image\\\/\",\"url\":\"https:\\\/\\\/cj.estrategia.com\\\/portal\\\/wp-content\\\/uploads\\\/2022\\\/03\\\/11151052\\\/cj-logo.png\",\"contentUrl\":\"https:\\\/\\\/cj.estrategia.com\\\/portal\\\/wp-content\\\/uploads\\\/2022\\\/03\\\/11151052\\\/cj-logo.png\",\"width\":150,\"height\":39,\"caption\":\"Estrat\u00e9gia - Carreiras Jur\u00eddicas\"},\"image\":{\"@id\":\"https:\\\/\\\/cj.estrategia.com\\\/portal\\\/#\\\/schema\\\/logo\\\/image\\\/\"},\"sameAs\":[\"https:\\\/\\\/www.facebook.com\\\/estrategiacarreirajuridica\\\/\",\"https:\\\/\\\/x.com\\\/EstratJuridica\",\"https:\\\/\\\/www.instagram.com\\\/estrategiacarreirajuridica\\\/\",\"https:\\\/\\\/www.youtube.com\\\/channel\\\/UClbMGuYbj2Mh1m3w144ETWQ\"]},{\"@type\":\"Person\",\"@id\":\"https:\\\/\\\/cj.estrategia.com\\\/portal\\\/#\\\/schema\\\/person\\\/7d7d2b1c8386e2eeacc0b09cfbc1d0ff\",\"name\":\"Thiago Leite\",\"image\":{\"@type\":\"ImageObject\",\"inLanguage\":\"pt-BR\",\"@id\":\"https:\\\/\\\/secure.gravatar.com\\\/avatar\\\/15ff5746ff9e313f1248fe2373ce03309054e96387bb9249055458d0c1aaa297?s=96&d=mm&r=g\",\"url\":\"https:\\\/\\\/secure.gravatar.com\\\/avatar\\\/15ff5746ff9e313f1248fe2373ce03309054e96387bb9249055458d0c1aaa297?s=96&d=mm&r=g\",\"contentUrl\":\"https:\\\/\\\/secure.gravatar.com\\\/avatar\\\/15ff5746ff9e313f1248fe2373ce03309054e96387bb9249055458d0c1aaa297?s=96&d=mm&r=g\",\"caption\":\"Thiago Leite\"},\"description\":\"Thiago de Paula Leite \u00e9 procurador do Estado de S\u00e3o Paulo e professor de direito ambiental e agr\u00e1rio do Estrat\u00e9gia.\",\"url\":\"https:\\\/\\\/cj.estrategia.com\\\/portal\\\/author\\\/thiago-leite\\\/\"}]}<\/script>\n<!-- \/ Yoast SEO Premium plugin. -->","yoast_head_json":{"title":"Nego Di pode voltar \u00e0 pris\u00e3o ap\u00f3s post de advogada","description":"Post de advogada pode levar Nego Di \u00e0 pris\u00e3o. Entenda como a medida cautelar do STJ e acusa\u00e7\u00f5es de estelionato est\u00e3o na controv\u00e9rsia.","robots":{"index":"index","follow":"follow","max-snippet":"max-snippet:-1","max-image-preview":"max-image-preview:large","max-video-preview":"max-video-preview:-1"},"canonical":"https:\/\/cj.estrategia.com\/portal\/post-advogada-prisao-nego-di\/","og_locale":"pt_BR","og_type":"article","og_title":"Post de Advogada pode levar Nego Di de volta para a pris\u00e3o","og_description":"Post de advogada pode levar Nego Di \u00e0 pris\u00e3o. Entenda como a medida cautelar do STJ e acusa\u00e7\u00f5es de estelionato est\u00e3o na controv\u00e9rsia.","og_url":"https:\/\/cj.estrategia.com\/portal\/post-advogada-prisao-nego-di\/","og_site_name":"Blog - Carreiras Jur\u00eddicas - Estrat\u00e9gia","article_publisher":"https:\/\/www.facebook.com\/estrategiacarreirajuridica\/","article_published_time":"2024-12-03T00:24:23+00:00","article_modified_time":"2025-01-07T21:17:28+00:00","og_image":[{"width":661,"height":391,"url":"https:\/\/cj.estrategia.com\/portal\/wp-content\/uploads\/2024\/12\/02211203\/Captura-de-tela-2024-12-02-211131.png","type":"image\/png"}],"author":"Thiago Leite","twitter_card":"summary_large_image","twitter_creator":"@EstratJuridica","twitter_site":"@EstratJuridica","twitter_misc":{"Escrito por":"Thiago Leite","Est. tempo de leitura":"7 minutos"},"schema":{"@context":"https:\/\/schema.org","@graph":[{"@type":"NewsArticle","@id":"https:\/\/cj.estrategia.com\/portal\/post-advogada-prisao-nego-di\/#article","isPartOf":{"@id":"https:\/\/cj.estrategia.com\/portal\/post-advogada-prisao-nego-di\/"},"author":{"name":"Thiago Leite","@id":"https:\/\/cj.estrategia.com\/portal\/#\/schema\/person\/7d7d2b1c8386e2eeacc0b09cfbc1d0ff"},"headline":"Post de Advogada pode levar Nego Di de volta para a pris\u00e3o","datePublished":"2024-12-03T00:24:23+00:00","dateModified":"2025-01-07T21:17:28+00:00","mainEntityOfPage":{"@id":"https:\/\/cj.estrategia.com\/portal\/post-advogada-prisao-nego-di\/"},"wordCount":1366,"commentCount":0,"publisher":{"@id":"https:\/\/cj.estrategia.com\/portal\/#organization"},"image":{"@id":"https:\/\/cj.estrategia.com\/portal\/post-advogada-prisao-nego-di\/#primaryimage"},"thumbnailUrl":"https:\/\/cj.estrategia.com\/portal\/wp-content\/uploads\/2024\/12\/02211203\/Captura-de-tela-2024-12-02-211131.png","keywords":["an\u00e1lise jur\u00eddica","estelionato","fraude eletr\u00f4nica","liberdade provis\u00f3ria","medida cautelar","nego di","rifa"],"articleSection":["Carreiras Jur\u00eddicas"],"inLanguage":"pt-BR","potentialAction":[{"@type":"CommentAction","name":"Comment","target":["https:\/\/cj.estrategia.com\/portal\/post-advogada-prisao-nego-di\/#respond"]}]},{"@type":"WebPage","@id":"https:\/\/cj.estrategia.com\/portal\/post-advogada-prisao-nego-di\/","url":"https:\/\/cj.estrategia.com\/portal\/post-advogada-prisao-nego-di\/","name":"Nego Di pode voltar \u00e0 pris\u00e3o ap\u00f3s post de advogada","isPartOf":{"@id":"https:\/\/cj.estrategia.com\/portal\/#website"},"primaryImageOfPage":{"@id":"https:\/\/cj.estrategia.com\/portal\/post-advogada-prisao-nego-di\/#primaryimage"},"image":{"@id":"https:\/\/cj.estrategia.com\/portal\/post-advogada-prisao-nego-di\/#primaryimage"},"thumbnailUrl":"https:\/\/cj.estrategia.com\/portal\/wp-content\/uploads\/2024\/12\/02211203\/Captura-de-tela-2024-12-02-211131.png","datePublished":"2024-12-03T00:24:23+00:00","dateModified":"2025-01-07T21:17:28+00:00","description":"Post de advogada pode levar Nego Di \u00e0 pris\u00e3o. Entenda como a medida cautelar do STJ e acusa\u00e7\u00f5es de estelionato est\u00e3o na controv\u00e9rsia.","breadcrumb":{"@id":"https:\/\/cj.estrategia.com\/portal\/post-advogada-prisao-nego-di\/#breadcrumb"},"inLanguage":"pt-BR","potentialAction":[{"@type":"ReadAction","target":["https:\/\/cj.estrategia.com\/portal\/post-advogada-prisao-nego-di\/"]}]},{"@type":"ImageObject","inLanguage":"pt-BR","@id":"https:\/\/cj.estrategia.com\/portal\/post-advogada-prisao-nego-di\/#primaryimage","url":"https:\/\/cj.estrategia.com\/portal\/wp-content\/uploads\/2024\/12\/02211203\/Captura-de-tela-2024-12-02-211131.png","contentUrl":"https:\/\/cj.estrategia.com\/portal\/wp-content\/uploads\/2024\/12\/02211203\/Captura-de-tela-2024-12-02-211131.png","width":661,"height":391},{"@type":"BreadcrumbList","@id":"https:\/\/cj.estrategia.com\/portal\/post-advogada-prisao-nego-di\/#breadcrumb","itemListElement":[{"@type":"ListItem","position":1,"name":"In\u00edcio","item":"https:\/\/cj.estrategia.com\/portal\/"},{"@type":"ListItem","position":2,"name":"Post de Advogada pode levar Nego Di de volta para a pris\u00e3o"}]},{"@type":"WebSite","@id":"https:\/\/cj.estrategia.com\/portal\/#website","url":"https:\/\/cj.estrategia.com\/portal\/","name":"Blog - Carreiras Jur\u00eddicas - Estrat\u00e9gia","description":"","publisher":{"@id":"https:\/\/cj.estrategia.com\/portal\/#organization"},"potentialAction":[{"@type":"SearchAction","target":{"@type":"EntryPoint","urlTemplate":"https:\/\/cj.estrategia.com\/portal\/?s={search_term_string}"},"query-input":{"@type":"PropertyValueSpecification","valueRequired":true,"valueName":"search_term_string"}}],"inLanguage":"pt-BR"},{"@type":"Organization","@id":"https:\/\/cj.estrategia.com\/portal\/#organization","name":"Estrat\u00e9gia - Carreiras Jur\u00eddicas","url":"https:\/\/cj.estrategia.com\/portal\/","logo":{"@type":"ImageObject","inLanguage":"pt-BR","@id":"https:\/\/cj.estrategia.com\/portal\/#\/schema\/logo\/image\/","url":"https:\/\/cj.estrategia.com\/portal\/wp-content\/uploads\/2022\/03\/11151052\/cj-logo.png","contentUrl":"https:\/\/cj.estrategia.com\/portal\/wp-content\/uploads\/2022\/03\/11151052\/cj-logo.png","width":150,"height":39,"caption":"Estrat\u00e9gia - Carreiras Jur\u00eddicas"},"image":{"@id":"https:\/\/cj.estrategia.com\/portal\/#\/schema\/logo\/image\/"},"sameAs":["https:\/\/www.facebook.com\/estrategiacarreirajuridica\/","https:\/\/x.com\/EstratJuridica","https:\/\/www.instagram.com\/estrategiacarreirajuridica\/","https:\/\/www.youtube.com\/channel\/UClbMGuYbj2Mh1m3w144ETWQ"]},{"@type":"Person","@id":"https:\/\/cj.estrategia.com\/portal\/#\/schema\/person\/7d7d2b1c8386e2eeacc0b09cfbc1d0ff","name":"Thiago Leite","image":{"@type":"ImageObject","inLanguage":"pt-BR","@id":"https:\/\/secure.gravatar.com\/avatar\/15ff5746ff9e313f1248fe2373ce03309054e96387bb9249055458d0c1aaa297?s=96&d=mm&r=g","url":"https:\/\/secure.gravatar.com\/avatar\/15ff5746ff9e313f1248fe2373ce03309054e96387bb9249055458d0c1aaa297?s=96&d=mm&r=g","contentUrl":"https:\/\/secure.gravatar.com\/avatar\/15ff5746ff9e313f1248fe2373ce03309054e96387bb9249055458d0c1aaa297?s=96&d=mm&r=g","caption":"Thiago Leite"},"description":"Thiago de Paula Leite \u00e9 procurador do Estado de S\u00e3o Paulo e professor de direito ambiental e agr\u00e1rio do Estrat\u00e9gia.","url":"https:\/\/cj.estrategia.com\/portal\/author\/thiago-leite\/"}]}},"jetpack_featured_media_url":"https:\/\/cj.estrategia.com\/portal\/wp-content\/uploads\/2024\/12\/02211203\/Captura-de-tela-2024-12-02-211131.png","jetpack_sharing_enabled":true,"_links":{"self":[{"href":"https:\/\/cj.estrategia.com\/portal\/wp-json\/wp\/v2\/posts\/85829","targetHints":{"allow":["GET"]}}],"collection":[{"href":"https:\/\/cj.estrategia.com\/portal\/wp-json\/wp\/v2\/posts"}],"about":[{"href":"https:\/\/cj.estrategia.com\/portal\/wp-json\/wp\/v2\/types\/post"}],"author":[{"embeddable":true,"href":"https:\/\/cj.estrategia.com\/portal\/wp-json\/wp\/v2\/users\/81"}],"replies":[{"embeddable":true,"href":"https:\/\/cj.estrategia.com\/portal\/wp-json\/wp\/v2\/comments?post=85829"}],"version-history":[{"count":32,"href":"https:\/\/cj.estrategia.com\/portal\/wp-json\/wp\/v2\/posts\/85829\/revisions"}],"predecessor-version":[{"id":88847,"href":"https:\/\/cj.estrategia.com\/portal\/wp-json\/wp\/v2\/posts\/85829\/revisions\/88847"}],"wp:featuredmedia":[{"embeddable":true,"href":"https:\/\/cj.estrategia.com\/portal\/wp-json\/wp\/v2\/media\/85849"}],"wp:attachment":[{"href":"https:\/\/cj.estrategia.com\/portal\/wp-json\/wp\/v2\/media?parent=85829"}],"wp:term":[{"taxonomy":"category","embeddable":true,"href":"https:\/\/cj.estrategia.com\/portal\/wp-json\/wp\/v2\/categories?post=85829"},{"taxonomy":"post_tag","embeddable":true,"href":"https:\/\/cj.estrategia.com\/portal\/wp-json\/wp\/v2\/tags?post=85829"},{"taxonomy":"tax_estado","embeddable":true,"href":"https:\/\/cj.estrategia.com\/portal\/wp-json\/wp\/v2\/tax_estado?post=85829"}],"curies":[{"name":"wp","href":"https:\/\/api.w.org\/{rel}","templated":true}]}}