{"id":85449,"date":"2024-11-27T19:13:48","date_gmt":"2024-11-27T22:13:48","guid":{"rendered":"https:\/\/cj.estrategia.com\/portal\/?p=85449"},"modified":"2024-11-27T19:13:51","modified_gmt":"2024-11-27T22:13:51","slug":"prova-comentada-eca-mp-ms-promotor","status":"publish","type":"post","link":"https:\/\/cj.estrategia.com\/portal\/prova-comentada-eca-mp-ms-promotor\/","title":{"rendered":"Prova comentada ECA MP MS Promotor"},"content":{"rendered":"\n<p>Ol\u00e1, pessoal, tudo certo?!<\/p>\n\n\n\n<p>Em 24\/11\/2024, foi aplicada a prova objetiva do concurso p\u00fablico para o <strong>Minist\u00e9rio P\u00fablico do Estado de Mato Grosso do Sul<\/strong>. Assim que divulgados o caderno de provas e o gabarito preliminar oficial, nosso time de professores analisou cada uma das quest\u00f5es que agora ser\u00e3o apresentadas em nossa <strong>PROVA COMENTADA<\/strong>.<\/p>\n\n\n\n<p>Este material visa a auxili\u00e1-los na aferi\u00e7\u00e3o das notas, elabora\u00e7\u00e3o de eventuais recursos, verifica\u00e7\u00e3o das chances de avan\u00e7o para fase discursiva, bem como na revis\u00e3o do conte\u00fado cobrado no certame.<\/p>\n\n\n\n<p>De modo complementar, elaboramos tamb\u00e9m o <strong><a href=\"https:\/\/cj.estrategia.com\/rankings\/3ff80d75-53af-4ba9-874e-2fbf8c2b2048\" target=\"_blank\" >RANKING do MP-MS<\/a><\/strong>, em que nossos alunos e seguidores poder\u00e3o inserir suas respostas \u00e0 prova, e, ao final, aferir sua nota, de acordo com o gabarito elaborado por nossos professores. Atrav\u00e9s do ranking, tamb\u00e9m poderemos estimar a nota de corte da 1\u00ba fase. Essa ferramenta \u00e9 gratuita!<\/p>\n\n\n\n<p>Al\u00e9m disso, montamos um caderno para nossos seguidores, alunos ou n\u00e3o, verem os coment\u00e1rios e comentar as quest\u00f5es da prova: confira <a href=\"https:\/\/cj.estrategia.com\/cadernos-e-simulados\/cadernos\/45deaef5-adc8-4eea-865b-f287638e9dca\/\">AQUI!<\/a><\/p>\n\n\n\n<p class=\"has-text-align-center has-very-light-gray-to-cyan-bluish-gray-gradient-background has-background\"><a href=\"https:\/\/cj.estrategia.com\/portal\/provas-comentadas-mp-ms-promotor\/\" target=\"_blank\" >Confira AQUI as provas comentadas de todas as disciplinas <\/a><\/p>\n\n\n\n<h2 class=\"wp-block-heading\" id=\"h-prova-comentada-eca\"><span id=\"prova-comentada-eca\">Prova comentada ECA<\/span><\/h2>\n\n\n\n<p><strong>QUEST\u00c3O 75. Em rela\u00e7\u00e3o ao Estatuto da Crian\u00e7a e do Adolescente, leia as assertivas a seguir:<\/strong><\/p>\n\n\n\n<p><strong>I. O art. 208, inciso I, da Constitui\u00e7\u00e3o Federal prev\u00ea que o dever do Estado \u00e0 educa\u00e7\u00e3o ser\u00e1 efetivado mediante a Educa\u00e7\u00e3o B\u00e1sica obrigat\u00f3ria e gratuita. Nesse contexto, a recusa da municipalidade \u00e0 constru\u00e7\u00e3o de creches, por comprovada falta de dota\u00e7\u00e3o or\u00e7ament\u00e1ria, constitui omiss\u00e3o do ente p\u00fablico por cumprir \u00e0 municipalidade, ente governamental, oferecer, de forma absolutamente priorit\u00e1ria, meios concretos para a garantia da crian\u00e7a \u00e0 Educa\u00e7\u00e3o B\u00e1sica.<\/strong><\/p>\n\n\n\n<p><strong>II. O art. 227 da CF e o art. 4\u00ba da Lei n\u00ba 8.069\/90 disp\u00f5em que a educa\u00e7\u00e3o deve ser tratada pelo Estado com absoluta prioridade. No mesmo sentido, o art. 54 do Estatuto da Crian\u00e7a e do Adolescente prescreve que \u00e9 dever do Estado assegurar \u00e0s crian\u00e7as de zero a 6 (seis) anos de idade o atendimento em creche e em pr\u00e9-escola.<\/strong><\/p>\n\n\n\n<p><strong>III. Compete ao Minist\u00e9rio P\u00fablico impetrar mandado de seguran\u00e7a, de injun\u00e7\u00e3o e <em>habeas corpus<\/em>, em qualquer ju\u00edzo, inst\u00e2ncia ou tribunal, na defesa dos interesses sociais e individuais indispon\u00edveis afetos \u00e0 crian\u00e7a e ao adolescente, devendo haver, exclusivamente nas a\u00e7\u00f5es constitucionais, intima\u00e7\u00e3o pessoal do Minist\u00e9rio P\u00fablico.<\/strong><\/p>\n\n\n\n<p><strong>IV. Nos casos em que o Minist\u00e9rio P\u00fablico promove a a\u00e7\u00e3o de destitui\u00e7\u00e3o do poder familiar ou de acolhimento institucional, n\u00e3o \u00e9 obrigat\u00f3ria a nomea\u00e7\u00e3o da Defensoria P\u00fablica como curadora especial.<\/strong><\/p>\n\n\n\n<p><strong>V. O consentimento dos pais \u00e0 ado\u00e7\u00e3o, prestado em ju\u00edzo na presen\u00e7a do Minist\u00e9rio P\u00fablico, \u00e9 retrat\u00e1vel at\u00e9 a publica\u00e7\u00e3o da senten\u00e7a constitutiva da ado\u00e7\u00e3o, nos moldes do art. 166, \u00a75\u00b0, do ECA.<\/strong><\/p>\n\n\n\n<p><strong>Est\u00e3o corretas as seguintes afirmativas:<\/strong><\/p>\n\n\n\n<p><strong>a) I, II e IV, apenas.<\/strong><\/p>\n\n\n\n<p><strong>b) I e IV, apenas.<\/strong><\/p>\n\n\n\n<p><strong>c) II, III e V, apenas.<\/strong><\/p>\n\n\n\n<p><strong>d) III, IV e V, apenas.<\/strong><\/p>\n\n\n\n<p><strong>e) I, IV e V, apenas.<\/strong><\/p>\n\n\n\n<p><strong>Coment\u00e1rios<\/strong><\/p>\n\n\n\n<p>A alternativa correta \u00e9 a <strong>letra B<\/strong>.<\/p>\n\n\n\n<p>A afirma\u00e7\u00e3o I est\u00e1 correta, por estar em conformidade ao entendimento do Superior Tribunal de Justi\u00e7a no julgamento do AgRg no AGRAVO EM RECURSO ESPECIAL N\u00ba 790.767 &#8211; MG (2015\/0248784-0), vejamos: &#8220;(&#8230;) 9. Eis a raz\u00e3o pela qual o art. 227 da CF e o art. 4\u00ba da Lei n. 8.069\/90 disp\u00f5em que a educa\u00e7\u00e3o deve ser tratada pelo Estado com absoluta prioridade. No mesmo sentido, o art. 54 do Estatuto da Crian\u00e7a e do Adolescente prescreve que \u00e9 dever do Estado assegurar \u00e0s crian\u00e7as de zero a seis anos de idade o atendimento em creche e pr\u00e9-escola. Portanto, o pleito do Minist\u00e9rio P\u00fablico encontra respaldo legal e jurisprudencial. Precedentes: REsp 511.645\/SP, Rel. Min. Herman Benjamin, Segunda Turma, julgado em 18.8.2009, DJe 27.8.2009; RE 410.715 AgR\/SP \u2013 Rel. Min. Celso de Mello, julgado em 22.11.2005, DJ 3.2.2006, p. 76&#8221;.<\/p>\n\n\n\n<p>A afirma\u00e7\u00e3o II est\u00e1 incorreta, tendo em vista que o art. 54 do ECA trata do dever do Estado de assegurar o ensino a crian\u00e7as e adolescentes, e, nesse diapas\u00e3o, o de garantir atendimento em creche e pr\u00e9-escola \u00e0s crian\u00e7as de zero a cinco anos de idade, vejamos: &#8220;Art. 54. (&#8230;) IV \u2013 atendimento em creche e pr\u00e9-escola \u00e0s crian\u00e7as de zero a cinco anos de idade; (Reda\u00e7\u00e3o dada pela Lei n\u00ba 13.306, de 2016)&#8221;.<\/p>\n\n\n\n<p>A afirma\u00e7\u00e3o III est\u00e1 incorreta, pois a intima\u00e7\u00e3o do Minist\u00e9rio P\u00fablico ser\u00e1 pessoal em qualquer caso, nos termos do art. 203, do ECA. Vejamos: &#8220;Art. 203. A intima\u00e7\u00e3o do Minist\u00e9rio P\u00fablico, em qualquer caso, ser\u00e1 feita pessoalmente.&#8221;<\/p>\n\n\n\n<p>A afirma\u00e7\u00e3o IV est\u00e1 correta, por ser o teor da Tese firmada pelo STJ, na 27\u00aa edi\u00e7\u00e3o da Jurisprud\u00eancia em Teses, vejamos: &#8220;10) Nos casos em que o Minist\u00e9rio P\u00fablico promove a a\u00e7\u00e3o de destitui\u00e7\u00e3o do poder familiar ou de acolhimento institucional n\u00e3o \u00e9 obrigat\u00f3ria a nomea\u00e7\u00e3o da Defensoria P\u00fablica como curadora especial.&#8221;<\/p>\n\n\n\n<p>A afirma\u00e7\u00e3o V est\u00e1 incorreta, pois contraria o que determina o art. 166 do ECA, veja: &#8220;Se os pais forem falecidos, tiverem sido destitu\u00eddos ou suspensos do poder familiar, ou houverem aderido expressamente ao pedido de coloca\u00e7\u00e3o em fam\u00edlia substituta, este poder\u00e1 ser formulado diretamente em cart\u00f3rio, em peti\u00e7\u00e3o assinada pelos pr\u00f3prios requerentes, dispensada a assist\u00eancia de advogado. (Reda\u00e7\u00e3o dada pela Lei n\u00ba 12.010, de 2009) Vig\u00eancia (&#8230;) \u00a7 5\u00ba O consentimento \u00e9 retrat\u00e1vel at\u00e9 a data da realiza\u00e7\u00e3o da audi\u00eancia especificada no \u00a7 1\u00ba deste artigo, e os pais podem exercer o arrependimento no prazo de 10 (dez) dias, contado da data de prola\u00e7\u00e3o da senten\u00e7a de extin\u00e7\u00e3o do poder familiar. (Reda\u00e7\u00e3o dada pela Lei n\u00ba 13.509, de 2017).&#8221; J\u00e1 o \u00a71\u00ba traz: &#8220;Na hip\u00f3tese de concord\u00e2ncia dos pais, o juiz: (Reda\u00e7\u00e3o dada pela Lei n\u00ba 13.509, de 2017) I &#8211; na presen\u00e7a do Minist\u00e9rio P\u00fablico, ouvir\u00e1 as partes, devidamente assistidas por advogado ou por defensor p\u00fablico, para verificar sua concord\u00e2ncia com a ado\u00e7\u00e3o, no prazo m\u00e1ximo de 10 (dez) dias, contado da data do protocolo da peti\u00e7\u00e3o ou da entrega da crian\u00e7a em ju\u00edzo, tomando por termo as declara\u00e7\u00f5es; e (Inclu\u00eddo pela Lei n\u00ba 13.509, de 2017) II &#8211; declarar\u00e1 a extin\u00e7\u00e3o do poder familiar. (Inclu\u00eddo pela Lei n\u00ba 13.509, de 2017)&#8221;.<\/p>\n\n\n\n<p>Assim sendo, a alternativa B est\u00e1 correta, por ser a \u00fanica a trazer apenas itens corretos, a saber I e IV, estando as demais, letras A, C, D e E, automaticamente, incorretas.<\/p>\n\n\n\n<p><strong>QUEST\u00c3O 77. Com rela\u00e7\u00e3o \u00e0 Lei n\u00ba 13.431\/2017, que estabelece o sistema de garantia de direitos da crian\u00e7a e do adolescente v\u00edtima ou testemunha de viol\u00eancia, qual das alternativas est\u00e1 incorreta?<\/strong><\/p>\n\n\n\n<p><strong>a) Depoimento especial \u00e9 o procedimento de oitiva de crian\u00e7a ou adolescente v\u00edtima ou testemunha de viol\u00eancia perante autoridade policial ou judici\u00e1ria.<\/strong><\/p>\n\n\n\n<p><strong>b) A escuta especializada e o depoimento especial ser\u00e3o realizados em local apropriado e acolhedor, com infraestrutura e espa\u00e7o f\u00edsico que garantam a privacidade da crian\u00e7a ou do adolescente v\u00edtima ou testemunha de viol\u00eancia.<\/strong><\/p>\n\n\n\n<p><strong>c) O depoimento especial reger-se-\u00e1 por protocolos e ser\u00e1 realizado sempre que as partes dos processos entenderem necess\u00e1rios, em sede de produ\u00e7\u00e3o antecipada de prova judicial, garantida a ampla defesa do investigado.<\/strong><\/p>\n\n\n\n<p><strong>d) O depoimento especial seguir\u00e1 o rito cautelar de antecipa\u00e7\u00e3o de prova t\u00e3o somente: I &#8211; quando a crian\u00e7a ou o adolescente tiver menos de 7 (sete) anos; e II &#8211; em caso de viol\u00eancia sexual.<\/strong><\/p>\n\n\n\n<p><strong>e) O depoimento especial ser\u00e1 colhido conforme o seguinte procedimento: I &#8211; os profissionais especializados esclarecer\u00e3o a crian\u00e7a ou o adolescente sobre a tomada do depoimento especial, informando-lhes os seus direitos e os procedimentos a serem adotados e planejando sua participa\u00e7\u00e3o, sendo vedada a leitura da den\u00fancia ou de outras pe\u00e7as processuais; II &#8211; \u00e9 assegurada \u00e0 crian\u00e7a ou ao adolescente a livre narrativa sobre a situa\u00e7\u00e3o de viol\u00eancia, podendo o profissional especializado intervir quando necess\u00e1rio, utilizando t\u00e9cnicas que permitam a elucida\u00e7\u00e3o dos fatos; III &#8211; no curso do processo judicial, o depoimento especial ser\u00e1 transmitido em tempo real para a sala de audi\u00eancia, preservado o sigilo; IV &#8211; findo o procedimento previsto no inciso II desse artigo, o juiz, ap\u00f3s consultar o Minist\u00e9rio P\u00fablico, o defensor e os assistentes t\u00e9cnicos, avaliar\u00e1 a pertin\u00eancia de perguntas complementares, organizadas em bloco; V &#8211; o profissional especializado poder\u00e1 adaptar as perguntas \u00e0 linguagem de melhor compreens\u00e3o da crian\u00e7a ou do adolescente; e VI &#8211; o depoimento especial ser\u00e1 gravado em \u00e1udio e v\u00eddeo.<\/strong><\/p>\n\n\n\n<p><strong>Coment\u00e1rios<\/strong><\/p>\n\n\n\n<p>A alternativa incorreta \u00e9 a <strong>letra C<\/strong>.<\/p>\n\n\n\n<p>A alternativa A est\u00e1 correta, pois est\u00e1 em conformidade com a Lei n\u00ba 13.431\/2017, que determina: &#8220;Art. 1\u00ba Esta Lei normatiza e organiza o sistema de garantia de direitos da crian\u00e7a e do adolescente v\u00edtima ou testemunha de viol\u00eancia, cria mecanismos para prevenir e coibir a viol\u00eancia, nos termos do art. 227 da Constitui\u00e7\u00e3o Federal , da Conven\u00e7\u00e3o sobre os Direitos da Crian\u00e7a e seus protocolos adicionais, da Resolu\u00e7\u00e3o n\u00ba 20\/2005 do Conselho Econ\u00f4mico e Social das Na\u00e7\u00f5es Unidas e de outros diplomas internacionais, e estabelece medidas de assist\u00eancia e prote\u00e7\u00e3o \u00e0 crian\u00e7a e ao adolescente em situa\u00e7\u00e3o de viol\u00eancia. (&#8230;) \u00a7 1\u00ba Para os efeitos desta Lei, a crian\u00e7a e o adolescente ser\u00e3o ouvidos sobre a situa\u00e7\u00e3o de viol\u00eancia por meio de escuta especializada e depoimento especial.&#8221;<\/p>\n\n\n\n<p>A alternativa B est\u00e1 correta, pois \u00e9 o que determina o art. 10 da Lei n\u00ba 13.431\/2017, veja: &#8220;A escuta especializada e o depoimento especial ser\u00e3o realizados em local apropriado e acolhedor, com infraestrutura e espa\u00e7o f\u00edsico que garantam a privacidade da crian\u00e7a ou do adolescente v\u00edtima ou testemunha de viol\u00eancia.&#8221;<\/p>\n\n\n\n<p>A alternativa C est\u00e1 incorreta, pois contraria o art. 11 da Lei n\u00ba 13.431\/2017, que determina sua realiza\u00e7\u00e3o, sempre que poss\u00edvel, uma \u00fanica vez, veja: &#8220;O depoimento especial reger-se-\u00e1 por protocolos e, sempre que poss\u00edvel, ser\u00e1 realizado uma \u00fanica vez, em sede de produ\u00e7\u00e3o antecipada de prova judicial, garantida a ampla defesa do investigado.&#8221;<\/p>\n\n\n\n<p>A alternativa D est\u00e1 correta, por ser o que determina a Lei n\u00ba 13.431\/2017, veja: &#8220;Art. 11. O depoimento especial reger-se-\u00e1 por protocolos e, sempre que poss\u00edvel, ser\u00e1 realizado uma \u00fanica vez, em sede de produ\u00e7\u00e3o antecipada de prova judicial, garantida a ampla defesa do investigado. \u00a7 1\u00ba O depoimento especial seguir\u00e1 o rito cautelar de antecipa\u00e7\u00e3o de prova: I &#8211; quando a crian\u00e7a ou o adolescente tiver menos de 7 (sete) anos; II &#8211; em caso de viol\u00eancia sexual.&#8221;<\/p>\n\n\n\n<p>A alternativa E est\u00e1 correta, por ser precisamente o que determina o art. 12 da Lei n\u00ba 13.431\/2017, veja: &#8220;O depoimento especial ser\u00e1 colhido conforme o seguinte procedimento: I &#8211; os profissionais especializados esclarecer\u00e3o a crian\u00e7a ou o adolescente sobre a tomada do depoimento especial, informando-lhe os seus direitos e os procedimentos a serem adotados e planejando sua participa\u00e7\u00e3o, sendo vedada a leitura da den\u00fancia ou de outras pe\u00e7as processuais; II &#8211; \u00e9 assegurada \u00e0 crian\u00e7a ou ao adolescente a livre narrativa sobre a situa\u00e7\u00e3o de viol\u00eancia, podendo o profissional especializado intervir quando necess\u00e1rio, utilizando t\u00e9cnicas que permitam a elucida\u00e7\u00e3o dos fatos; III &#8211; no curso do processo judicial, o depoimento especial ser\u00e1 transmitido em tempo real para a sala de audi\u00eancia, preservado o sigilo; IV &#8211; findo o procedimento previsto no inciso II deste artigo, o juiz, ap\u00f3s consultar o Minist\u00e9rio P\u00fablico, o defensor e os assistentes t\u00e9cnicos, avaliar\u00e1 a pertin\u00eancia de perguntas complementares, organizadas em bloco; V &#8211; o profissional especializado poder\u00e1 adaptar as perguntas \u00e0 linguagem de melhor compreens\u00e3o da crian\u00e7a ou do adolescente; VI &#8211; o depoimento especial ser\u00e1 gravado em \u00e1udio e v\u00eddeo.&#8221;<\/p>\n\n\n\n<p class=\"has-text-align-center has-very-light-gray-to-cyan-bluish-gray-gradient-background has-background\">Saiba mais: <a href=\"https:\/\/cj.estrategia.com\/portal\/concurso-mp-ms-promotor\/\" target=\"_blank\" >concurso MP MS Promotor<\/a><\/p>\n\n\n\n<h2 class=\"wp-block-heading has-text-align-center\" id=\"cursos\"><span id=\"quer-saber-tudo-sobre-concursos-previstosconfira-nossos-artigos\">Quer saber tudo sobre concursos previstos?<br><strong>Confira nossos artigos!<\/strong><\/span><\/h2>\n\n\n\n\n\n<h2 class=\"wp-block-heading has-text-align-center\" id=\"curso\"><span id=\"cursos-para-o-concurso-mp-ms\">Cursos para o concurso MP MS<\/span><\/h2>\n\n\n\n<p class=\"has-text-align-center\"><em><strong>Gostou desta oportunidade e quer come\u00e7ar a se preparar agora mesmo para este concurso? Clique no link abaixo e confira os cursos que o Estrat\u00e9gia Carreira Jur\u00eddica possui para refor\u00e7ar seus estudos. Os nossos professores j\u00e1 est\u00e3o trabalhando em materiais espec\u00edficos para este certame.<\/strong><\/em><\/p>\n\n\n\n<h3 id=\"faca-a-sua-assinatura\" class=\"titulo-assinatura\"><span style=\"color: #ffffff;\">Fa\u00e7a a sua assinatura!<\/span><\/h3>\r\n<p class=\"subtitulo-assinatura\" style=\"display:block!important; line-height: 0;\"><span style=\"color: #ffffff;\">Escolha a sua \u00e1rea.<\/span><\/p>\r\n<a target=\"_blank\" href=\"https:\/\/www.estrategiaconcursos.com.br\/assinaturas-ecj\/\" rel=\"noopener\"><button style=\"border-radius: 10px; text-transform: capitalize;\">Acessar<\/button><\/a>\n","protected":false},"excerpt":{"rendered":"Ol\u00e1, pessoal, tudo certo?! Em 24\/11\/2024, foi aplicada a prova objetiva do concurso p\u00fablico para o Minist\u00e9rio P\u00fablico&hellip;\n","protected":false},"author":12,"featured_media":20823,"comment_status":"open","ping_status":"open","sticky":false,"template":"","format":"standard","meta":{"_jetpack_memberships_contains_paid_content":false,"footnotes":""},"categories":[1,25],"tags":[],"tax_estado":[42],"class_list":{"0":"post-85449","1":"post","2":"type-post","3":"status-publish","4":"format-standard","5":"has-post-thumbnail","7":"category-carreiras-juridicas","8":"category-promotoria","9":"tax_estado-ms"},"acf":[],"yoast_head":"<!-- This site is optimized with the Yoast SEO Premium plugin v27.4 (Yoast SEO v27.4) - https:\/\/yoast.com\/product\/yoast-seo-premium-wordpress\/ -->\n<title>Prova comentada ECA MP MS Promotor<\/title>\n<meta name=\"description\" content=\"Prova comentada ECA MP MS Promotor: confira os coment\u00e1rios dos nossos professores e tire suas d\u00favidas.\" \/>\n<meta name=\"robots\" content=\"index, follow, max-snippet:-1, max-image-preview:large, max-video-preview:-1\" \/>\n<link rel=\"canonical\" href=\"https:\/\/cj.estrategia.com\/portal\/prova-comentada-eca-mp-ms-promotor\/\" \/>\n<meta property=\"og:locale\" content=\"pt_BR\" \/>\n<meta property=\"og:type\" content=\"article\" \/>\n<meta property=\"og:title\" content=\"Prova comentada ECA MP MS Promotor\" \/>\n<meta property=\"og:description\" content=\"Prova comentada ECA MP MS Promotor: confira os coment\u00e1rios dos nossos professores e tire suas d\u00favidas.\" \/>\n<meta property=\"og:url\" content=\"https:\/\/cj.estrategia.com\/portal\/prova-comentada-eca-mp-ms-promotor\/\" \/>\n<meta property=\"og:site_name\" content=\"Blog - Carreiras Jur\u00eddicas - Estrat\u00e9gia\" \/>\n<meta property=\"article:publisher\" content=\"https:\/\/www.facebook.com\/estrategiacarreirajuridica\/\" \/>\n<meta property=\"article:published_time\" content=\"2024-11-27T22:13:48+00:00\" \/>\n<meta property=\"article:modified_time\" content=\"2024-11-27T22:13:51+00:00\" \/>\n<meta property=\"og:image\" content=\"https:\/\/cj.estrategia.com\/portal\/wp-content\/uploads\/2022\/09\/04105129\/MP-MS-Promotor.jpg\" \/>\n\t<meta property=\"og:image:width\" content=\"768\" \/>\n\t<meta property=\"og:image:height\" content=\"432\" \/>\n\t<meta property=\"og:image:type\" content=\"image\/jpeg\" \/>\n<meta name=\"author\" content=\"Coordena\u00e7\u00e3o\" \/>\n<meta name=\"twitter:card\" content=\"summary_large_image\" \/>\n<meta name=\"twitter:creator\" content=\"@EstratJuridica\" \/>\n<meta name=\"twitter:site\" content=\"@EstratJuridica\" \/>\n<meta name=\"twitter:label1\" content=\"Escrito por\" \/>\n\t<meta name=\"twitter:data1\" content=\"Coordena\u00e7\u00e3o\" \/>\n\t<meta name=\"twitter:label2\" content=\"Est. tempo de leitura\" \/>\n\t<meta name=\"twitter:data2\" content=\"11 minutos\" \/>\n<script type=\"application\/ld+json\" class=\"yoast-schema-graph\">{\"@context\":\"https:\\\/\\\/schema.org\",\"@graph\":[{\"@type\":\"NewsArticle\",\"@id\":\"https:\\\/\\\/cj.estrategia.com\\\/portal\\\/prova-comentada-eca-mp-ms-promotor\\\/#article\",\"isPartOf\":{\"@id\":\"https:\\\/\\\/cj.estrategia.com\\\/portal\\\/prova-comentada-eca-mp-ms-promotor\\\/\"},\"author\":{\"name\":\"Coordena\u00e7\u00e3o\",\"@id\":\"https:\\\/\\\/cj.estrategia.com\\\/portal\\\/#\\\/schema\\\/person\\\/4d70317d31449932b99102916b6637f5\"},\"headline\":\"Prova comentada ECA MP MS Promotor\",\"datePublished\":\"2024-11-27T22:13:48+00:00\",\"dateModified\":\"2024-11-27T22:13:51+00:00\",\"mainEntityOfPage\":{\"@id\":\"https:\\\/\\\/cj.estrategia.com\\\/portal\\\/prova-comentada-eca-mp-ms-promotor\\\/\"},\"wordCount\":2080,\"commentCount\":0,\"publisher\":{\"@id\":\"https:\\\/\\\/cj.estrategia.com\\\/portal\\\/#organization\"},\"image\":{\"@id\":\"https:\\\/\\\/cj.estrategia.com\\\/portal\\\/prova-comentada-eca-mp-ms-promotor\\\/#primaryimage\"},\"thumbnailUrl\":\"https:\\\/\\\/cj.estrategia.com\\\/portal\\\/wp-content\\\/uploads\\\/2022\\\/09\\\/04105129\\\/MP-MS-Promotor.jpg\",\"articleSection\":[\"Carreiras Jur\u00eddicas\",\"Promotoria\"],\"inLanguage\":\"pt-BR\",\"potentialAction\":[{\"@type\":\"CommentAction\",\"name\":\"Comment\",\"target\":[\"https:\\\/\\\/cj.estrategia.com\\\/portal\\\/prova-comentada-eca-mp-ms-promotor\\\/#respond\"]}]},{\"@type\":\"WebPage\",\"@id\":\"https:\\\/\\\/cj.estrategia.com\\\/portal\\\/prova-comentada-eca-mp-ms-promotor\\\/\",\"url\":\"https:\\\/\\\/cj.estrategia.com\\\/portal\\\/prova-comentada-eca-mp-ms-promotor\\\/\",\"name\":\"Prova comentada ECA MP MS Promotor\",\"isPartOf\":{\"@id\":\"https:\\\/\\\/cj.estrategia.com\\\/portal\\\/#website\"},\"primaryImageOfPage\":{\"@id\":\"https:\\\/\\\/cj.estrategia.com\\\/portal\\\/prova-comentada-eca-mp-ms-promotor\\\/#primaryimage\"},\"image\":{\"@id\":\"https:\\\/\\\/cj.estrategia.com\\\/portal\\\/prova-comentada-eca-mp-ms-promotor\\\/#primaryimage\"},\"thumbnailUrl\":\"https:\\\/\\\/cj.estrategia.com\\\/portal\\\/wp-content\\\/uploads\\\/2022\\\/09\\\/04105129\\\/MP-MS-Promotor.jpg\",\"datePublished\":\"2024-11-27T22:13:48+00:00\",\"dateModified\":\"2024-11-27T22:13:51+00:00\",\"description\":\"Prova comentada ECA MP MS Promotor: confira os coment\u00e1rios dos nossos professores e tire suas d\u00favidas.\",\"breadcrumb\":{\"@id\":\"https:\\\/\\\/cj.estrategia.com\\\/portal\\\/prova-comentada-eca-mp-ms-promotor\\\/#breadcrumb\"},\"inLanguage\":\"pt-BR\",\"potentialAction\":[{\"@type\":\"ReadAction\",\"target\":[\"https:\\\/\\\/cj.estrategia.com\\\/portal\\\/prova-comentada-eca-mp-ms-promotor\\\/\"]}]},{\"@type\":\"ImageObject\",\"inLanguage\":\"pt-BR\",\"@id\":\"https:\\\/\\\/cj.estrategia.com\\\/portal\\\/prova-comentada-eca-mp-ms-promotor\\\/#primaryimage\",\"url\":\"https:\\\/\\\/cj.estrategia.com\\\/portal\\\/wp-content\\\/uploads\\\/2022\\\/09\\\/04105129\\\/MP-MS-Promotor.jpg\",\"contentUrl\":\"https:\\\/\\\/cj.estrategia.com\\\/portal\\\/wp-content\\\/uploads\\\/2022\\\/09\\\/04105129\\\/MP-MS-Promotor.jpg\",\"width\":768,\"height\":432,\"caption\":\"Concurso MP MS Promotor\"},{\"@type\":\"BreadcrumbList\",\"@id\":\"https:\\\/\\\/cj.estrategia.com\\\/portal\\\/prova-comentada-eca-mp-ms-promotor\\\/#breadcrumb\",\"itemListElement\":[{\"@type\":\"ListItem\",\"position\":1,\"name\":\"In\u00edcio\",\"item\":\"https:\\\/\\\/cj.estrategia.com\\\/portal\\\/\"},{\"@type\":\"ListItem\",\"position\":2,\"name\":\"Prova comentada ECA MP MS Promotor\"}]},{\"@type\":\"WebSite\",\"@id\":\"https:\\\/\\\/cj.estrategia.com\\\/portal\\\/#website\",\"url\":\"https:\\\/\\\/cj.estrategia.com\\\/portal\\\/\",\"name\":\"Blog - Carreiras Jur\u00eddicas - Estrat\u00e9gia\",\"description\":\"\",\"publisher\":{\"@id\":\"https:\\\/\\\/cj.estrategia.com\\\/portal\\\/#organization\"},\"potentialAction\":[{\"@type\":\"SearchAction\",\"target\":{\"@type\":\"EntryPoint\",\"urlTemplate\":\"https:\\\/\\\/cj.estrategia.com\\\/portal\\\/?s={search_term_string}\"},\"query-input\":{\"@type\":\"PropertyValueSpecification\",\"valueRequired\":true,\"valueName\":\"search_term_string\"}}],\"inLanguage\":\"pt-BR\"},{\"@type\":\"Organization\",\"@id\":\"https:\\\/\\\/cj.estrategia.com\\\/portal\\\/#organization\",\"name\":\"Estrat\u00e9gia - Carreiras Jur\u00eddicas\",\"url\":\"https:\\\/\\\/cj.estrategia.com\\\/portal\\\/\",\"logo\":{\"@type\":\"ImageObject\",\"inLanguage\":\"pt-BR\",\"@id\":\"https:\\\/\\\/cj.estrategia.com\\\/portal\\\/#\\\/schema\\\/logo\\\/image\\\/\",\"url\":\"https:\\\/\\\/cj.estrategia.com\\\/portal\\\/wp-content\\\/uploads\\\/2022\\\/03\\\/11151052\\\/cj-logo.png\",\"contentUrl\":\"https:\\\/\\\/cj.estrategia.com\\\/portal\\\/wp-content\\\/uploads\\\/2022\\\/03\\\/11151052\\\/cj-logo.png\",\"width\":150,\"height\":39,\"caption\":\"Estrat\u00e9gia - Carreiras Jur\u00eddicas\"},\"image\":{\"@id\":\"https:\\\/\\\/cj.estrategia.com\\\/portal\\\/#\\\/schema\\\/logo\\\/image\\\/\"},\"sameAs\":[\"https:\\\/\\\/www.facebook.com\\\/estrategiacarreirajuridica\\\/\",\"https:\\\/\\\/x.com\\\/EstratJuridica\",\"https:\\\/\\\/www.instagram.com\\\/estrategiacarreirajuridica\\\/\",\"https:\\\/\\\/www.youtube.com\\\/channel\\\/UClbMGuYbj2Mh1m3w144ETWQ\"]},{\"@type\":\"Person\",\"@id\":\"https:\\\/\\\/cj.estrategia.com\\\/portal\\\/#\\\/schema\\\/person\\\/4d70317d31449932b99102916b6637f5\",\"name\":\"Coordena\u00e7\u00e3o\",\"image\":{\"@type\":\"ImageObject\",\"inLanguage\":\"pt-BR\",\"@id\":\"https:\\\/\\\/cj.estrategia.com\\\/portal\\\/wp-content\\\/uploads\\\/2022\\\/05\\\/12164923\\\/estrategia-carreira-juridica-coordenacao-96x96.png\",\"url\":\"https:\\\/\\\/cj.estrategia.com\\\/portal\\\/wp-content\\\/uploads\\\/2022\\\/05\\\/12164923\\\/estrategia-carreira-juridica-coordenacao-96x96.png\",\"contentUrl\":\"https:\\\/\\\/cj.estrategia.com\\\/portal\\\/wp-content\\\/uploads\\\/2022\\\/05\\\/12164923\\\/estrategia-carreira-juridica-coordenacao-96x96.png\",\"caption\":\"Coordena\u00e7\u00e3o\"},\"url\":\"https:\\\/\\\/cj.estrategia.com\\\/portal\\\/author\\\/coordenacao\\\/\"}]}<\/script>\n<!-- \/ Yoast SEO Premium plugin. -->","yoast_head_json":{"title":"Prova comentada ECA MP MS Promotor","description":"Prova comentada ECA MP MS Promotor: confira os coment\u00e1rios dos nossos professores e tire suas d\u00favidas.","robots":{"index":"index","follow":"follow","max-snippet":"max-snippet:-1","max-image-preview":"max-image-preview:large","max-video-preview":"max-video-preview:-1"},"canonical":"https:\/\/cj.estrategia.com\/portal\/prova-comentada-eca-mp-ms-promotor\/","og_locale":"pt_BR","og_type":"article","og_title":"Prova comentada ECA MP MS Promotor","og_description":"Prova comentada ECA MP MS Promotor: confira os coment\u00e1rios dos nossos professores e tire suas d\u00favidas.","og_url":"https:\/\/cj.estrategia.com\/portal\/prova-comentada-eca-mp-ms-promotor\/","og_site_name":"Blog - Carreiras Jur\u00eddicas - Estrat\u00e9gia","article_publisher":"https:\/\/www.facebook.com\/estrategiacarreirajuridica\/","article_published_time":"2024-11-27T22:13:48+00:00","article_modified_time":"2024-11-27T22:13:51+00:00","og_image":[{"width":768,"height":432,"url":"https:\/\/cj.estrategia.com\/portal\/wp-content\/uploads\/2022\/09\/04105129\/MP-MS-Promotor.jpg","type":"image\/jpeg"}],"author":"Coordena\u00e7\u00e3o","twitter_card":"summary_large_image","twitter_creator":"@EstratJuridica","twitter_site":"@EstratJuridica","twitter_misc":{"Escrito por":"Coordena\u00e7\u00e3o","Est. tempo de leitura":"11 minutos"},"schema":{"@context":"https:\/\/schema.org","@graph":[{"@type":"NewsArticle","@id":"https:\/\/cj.estrategia.com\/portal\/prova-comentada-eca-mp-ms-promotor\/#article","isPartOf":{"@id":"https:\/\/cj.estrategia.com\/portal\/prova-comentada-eca-mp-ms-promotor\/"},"author":{"name":"Coordena\u00e7\u00e3o","@id":"https:\/\/cj.estrategia.com\/portal\/#\/schema\/person\/4d70317d31449932b99102916b6637f5"},"headline":"Prova comentada ECA MP MS Promotor","datePublished":"2024-11-27T22:13:48+00:00","dateModified":"2024-11-27T22:13:51+00:00","mainEntityOfPage":{"@id":"https:\/\/cj.estrategia.com\/portal\/prova-comentada-eca-mp-ms-promotor\/"},"wordCount":2080,"commentCount":0,"publisher":{"@id":"https:\/\/cj.estrategia.com\/portal\/#organization"},"image":{"@id":"https:\/\/cj.estrategia.com\/portal\/prova-comentada-eca-mp-ms-promotor\/#primaryimage"},"thumbnailUrl":"https:\/\/cj.estrategia.com\/portal\/wp-content\/uploads\/2022\/09\/04105129\/MP-MS-Promotor.jpg","articleSection":["Carreiras Jur\u00eddicas","Promotoria"],"inLanguage":"pt-BR","potentialAction":[{"@type":"CommentAction","name":"Comment","target":["https:\/\/cj.estrategia.com\/portal\/prova-comentada-eca-mp-ms-promotor\/#respond"]}]},{"@type":"WebPage","@id":"https:\/\/cj.estrategia.com\/portal\/prova-comentada-eca-mp-ms-promotor\/","url":"https:\/\/cj.estrategia.com\/portal\/prova-comentada-eca-mp-ms-promotor\/","name":"Prova comentada ECA MP MS Promotor","isPartOf":{"@id":"https:\/\/cj.estrategia.com\/portal\/#website"},"primaryImageOfPage":{"@id":"https:\/\/cj.estrategia.com\/portal\/prova-comentada-eca-mp-ms-promotor\/#primaryimage"},"image":{"@id":"https:\/\/cj.estrategia.com\/portal\/prova-comentada-eca-mp-ms-promotor\/#primaryimage"},"thumbnailUrl":"https:\/\/cj.estrategia.com\/portal\/wp-content\/uploads\/2022\/09\/04105129\/MP-MS-Promotor.jpg","datePublished":"2024-11-27T22:13:48+00:00","dateModified":"2024-11-27T22:13:51+00:00","description":"Prova comentada ECA MP MS Promotor: confira os coment\u00e1rios dos nossos professores e tire suas d\u00favidas.","breadcrumb":{"@id":"https:\/\/cj.estrategia.com\/portal\/prova-comentada-eca-mp-ms-promotor\/#breadcrumb"},"inLanguage":"pt-BR","potentialAction":[{"@type":"ReadAction","target":["https:\/\/cj.estrategia.com\/portal\/prova-comentada-eca-mp-ms-promotor\/"]}]},{"@type":"ImageObject","inLanguage":"pt-BR","@id":"https:\/\/cj.estrategia.com\/portal\/prova-comentada-eca-mp-ms-promotor\/#primaryimage","url":"https:\/\/cj.estrategia.com\/portal\/wp-content\/uploads\/2022\/09\/04105129\/MP-MS-Promotor.jpg","contentUrl":"https:\/\/cj.estrategia.com\/portal\/wp-content\/uploads\/2022\/09\/04105129\/MP-MS-Promotor.jpg","width":768,"height":432,"caption":"Concurso MP MS Promotor"},{"@type":"BreadcrumbList","@id":"https:\/\/cj.estrategia.com\/portal\/prova-comentada-eca-mp-ms-promotor\/#breadcrumb","itemListElement":[{"@type":"ListItem","position":1,"name":"In\u00edcio","item":"https:\/\/cj.estrategia.com\/portal\/"},{"@type":"ListItem","position":2,"name":"Prova comentada ECA MP MS Promotor"}]},{"@type":"WebSite","@id":"https:\/\/cj.estrategia.com\/portal\/#website","url":"https:\/\/cj.estrategia.com\/portal\/","name":"Blog - Carreiras Jur\u00eddicas - Estrat\u00e9gia","description":"","publisher":{"@id":"https:\/\/cj.estrategia.com\/portal\/#organization"},"potentialAction":[{"@type":"SearchAction","target":{"@type":"EntryPoint","urlTemplate":"https:\/\/cj.estrategia.com\/portal\/?s={search_term_string}"},"query-input":{"@type":"PropertyValueSpecification","valueRequired":true,"valueName":"search_term_string"}}],"inLanguage":"pt-BR"},{"@type":"Organization","@id":"https:\/\/cj.estrategia.com\/portal\/#organization","name":"Estrat\u00e9gia - Carreiras Jur\u00eddicas","url":"https:\/\/cj.estrategia.com\/portal\/","logo":{"@type":"ImageObject","inLanguage":"pt-BR","@id":"https:\/\/cj.estrategia.com\/portal\/#\/schema\/logo\/image\/","url":"https:\/\/cj.estrategia.com\/portal\/wp-content\/uploads\/2022\/03\/11151052\/cj-logo.png","contentUrl":"https:\/\/cj.estrategia.com\/portal\/wp-content\/uploads\/2022\/03\/11151052\/cj-logo.png","width":150,"height":39,"caption":"Estrat\u00e9gia - Carreiras Jur\u00eddicas"},"image":{"@id":"https:\/\/cj.estrategia.com\/portal\/#\/schema\/logo\/image\/"},"sameAs":["https:\/\/www.facebook.com\/estrategiacarreirajuridica\/","https:\/\/x.com\/EstratJuridica","https:\/\/www.instagram.com\/estrategiacarreirajuridica\/","https:\/\/www.youtube.com\/channel\/UClbMGuYbj2Mh1m3w144ETWQ"]},{"@type":"Person","@id":"https:\/\/cj.estrategia.com\/portal\/#\/schema\/person\/4d70317d31449932b99102916b6637f5","name":"Coordena\u00e7\u00e3o","image":{"@type":"ImageObject","inLanguage":"pt-BR","@id":"https:\/\/cj.estrategia.com\/portal\/wp-content\/uploads\/2022\/05\/12164923\/estrategia-carreira-juridica-coordenacao-96x96.png","url":"https:\/\/cj.estrategia.com\/portal\/wp-content\/uploads\/2022\/05\/12164923\/estrategia-carreira-juridica-coordenacao-96x96.png","contentUrl":"https:\/\/cj.estrategia.com\/portal\/wp-content\/uploads\/2022\/05\/12164923\/estrategia-carreira-juridica-coordenacao-96x96.png","caption":"Coordena\u00e7\u00e3o"},"url":"https:\/\/cj.estrategia.com\/portal\/author\/coordenacao\/"}]}},"jetpack_featured_media_url":"https:\/\/cj.estrategia.com\/portal\/wp-content\/uploads\/2022\/09\/04105129\/MP-MS-Promotor.jpg","jetpack_sharing_enabled":true,"_links":{"self":[{"href":"https:\/\/cj.estrategia.com\/portal\/wp-json\/wp\/v2\/posts\/85449","targetHints":{"allow":["GET"]}}],"collection":[{"href":"https:\/\/cj.estrategia.com\/portal\/wp-json\/wp\/v2\/posts"}],"about":[{"href":"https:\/\/cj.estrategia.com\/portal\/wp-json\/wp\/v2\/types\/post"}],"author":[{"embeddable":true,"href":"https:\/\/cj.estrategia.com\/portal\/wp-json\/wp\/v2\/users\/12"}],"replies":[{"embeddable":true,"href":"https:\/\/cj.estrategia.com\/portal\/wp-json\/wp\/v2\/comments?post=85449"}],"version-history":[{"count":2,"href":"https:\/\/cj.estrategia.com\/portal\/wp-json\/wp\/v2\/posts\/85449\/revisions"}],"predecessor-version":[{"id":85451,"href":"https:\/\/cj.estrategia.com\/portal\/wp-json\/wp\/v2\/posts\/85449\/revisions\/85451"}],"wp:featuredmedia":[{"embeddable":true,"href":"https:\/\/cj.estrategia.com\/portal\/wp-json\/wp\/v2\/media\/20823"}],"wp:attachment":[{"href":"https:\/\/cj.estrategia.com\/portal\/wp-json\/wp\/v2\/media?parent=85449"}],"wp:term":[{"taxonomy":"category","embeddable":true,"href":"https:\/\/cj.estrategia.com\/portal\/wp-json\/wp\/v2\/categories?post=85449"},{"taxonomy":"post_tag","embeddable":true,"href":"https:\/\/cj.estrategia.com\/portal\/wp-json\/wp\/v2\/tags?post=85449"},{"taxonomy":"tax_estado","embeddable":true,"href":"https:\/\/cj.estrategia.com\/portal\/wp-json\/wp\/v2\/tax_estado?post=85449"}],"curies":[{"name":"wp","href":"https:\/\/api.w.org\/{rel}","templated":true}]}}