{"id":85428,"date":"2024-11-27T17:06:46","date_gmt":"2024-11-27T20:06:46","guid":{"rendered":"https:\/\/cj.estrategia.com\/portal\/?p=85428"},"modified":"2024-11-27T17:06:49","modified_gmt":"2024-11-27T20:06:49","slug":"prova-comentada-direitos-humanos-mp-ms-promotor","status":"publish","type":"post","link":"https:\/\/cj.estrategia.com\/portal\/prova-comentada-direitos-humanos-mp-ms-promotor\/","title":{"rendered":"Prova comentada Direitos Humanos MP MS Promotor"},"content":{"rendered":"\n<p>Ol\u00e1, pessoal, tudo certo?!<\/p>\n\n\n\n<p>Em 24\/11\/2024, foi aplicada a prova objetiva do concurso p\u00fablico para o <strong>Minist\u00e9rio P\u00fablico do Estado de Mato Grosso do Sul<\/strong>. Assim que divulgados o caderno de provas e o gabarito preliminar oficial, nosso time de professores analisou cada uma das quest\u00f5es que agora ser\u00e3o apresentadas em nossa <strong>PROVA COMENTADA<\/strong>.<\/p>\n\n\n\n<p>Este material visa a auxili\u00e1-los na aferi\u00e7\u00e3o das notas, elabora\u00e7\u00e3o de eventuais recursos, verifica\u00e7\u00e3o das chances de avan\u00e7o para fase discursiva, bem como na revis\u00e3o do conte\u00fado cobrado no certame.<\/p>\n\n\n\n<p>De modo complementar, elaboramos tamb\u00e9m o <strong><a href=\"https:\/\/cj.estrategia.com\/rankings\/3ff80d75-53af-4ba9-874e-2fbf8c2b2048\" target=\"_blank\" >RANKING do MP-MS<\/a><\/strong>, em que nossos alunos e seguidores poder\u00e3o inserir suas respostas \u00e0 prova, e, ao final, aferir sua nota, de acordo com o gabarito elaborado por nossos professores. Atrav\u00e9s do ranking, tamb\u00e9m poderemos estimar a nota de corte da 1\u00ba fase. Essa ferramenta \u00e9 gratuita!<\/p>\n\n\n\n<p>Al\u00e9m disso, montamos um caderno para nossos seguidores, alunos ou n\u00e3o, verem os coment\u00e1rios e comentar as quest\u00f5es da prova: confira <a href=\"https:\/\/cj.estrategia.com\/cadernos-e-simulados\/cadernos\/45deaef5-adc8-4eea-865b-f287638e9dca\/\">AQUI!<\/a><\/p>\n\n\n\n<p class=\"has-text-align-center has-very-light-gray-to-cyan-bluish-gray-gradient-background has-background\"><a href=\"https:\/\/cj.estrategia.com\/portal\/provas-comentadas-mp-ms-promotor\/\" target=\"_blank\" >Confira AQUI as provas comentadas de todas as disciplinas <\/a><\/p>\n\n\n\n<h2 class=\"wp-block-heading\" id=\"h-prova-comentada-direitos-humanos\"><span id=\"prova-comentada-direitos-humanos\">Prova comentada Direitos Humanos<\/span><\/h2>\n\n\n\n<p><strong>11.<\/strong><strong>\u2060<\/strong><strong> <\/strong><strong>\u2060<\/strong><strong>Os tratados e as conven<\/strong><strong>\u00e7\u00f5<\/strong><strong>es de Direitos Humanos s<\/strong><strong>\u00e3<\/strong><strong>o conquistas sociais que refletem os valores buscados pela sociedade internacional, correspondendo a um padr<\/strong><strong>\u00e3<\/strong><strong>o m<\/strong><strong>\u00ed<\/strong><strong>nimo de prote<\/strong><strong>\u00e7\u00e3<\/strong><strong>o. Sobre o controle de convencionalidade dos tratados internacionais de Direitos Humanos e sua rela<\/strong><strong>\u00e7\u00e3<\/strong><strong>o com o ordenamento jur<\/strong><strong>\u00ed<\/strong><strong>dico nacional, analise as afirmativas a seguir:<\/strong><\/p>\n\n\n\n<p><strong>I. Os tratados internacionais de Direitos Humanos em vigor no Brasil s\u00e3o tamb\u00e9m paradigma de controle da produ\u00e7\u00e3o normativa dom\u00e9stica.<\/strong><\/p>\n\n\n\n<p><strong>II. O controle de convencionalidade \u00e9 o exerc\u00edcio pelo qual a norma interna inconvencional \u00e9 declarada propriamente inv\u00e1lida pelo \u00f3rg\u00e3o com poder para tanto.<\/strong><\/p>\n\n\n\n<p><strong>III. A teoria do Controle de Convencionalidade foi formalmente adotada no Sistema Interamericano de Direitos Humanos, por meio do julgamento do Caso Almonacid Arellano e outros versus Chile pela Corte Interamericana de Direitos Humanos no ano de 2006.<\/strong><\/p>\n\n\n\n<p><strong>IV. No Brasil, todos os tratados internacionais de direitos humanos aprovados pelo Congresso Nacional possuem automaticamente status de Emenda Constitucional, prevalecendo sobre o ordenamento jur\u00eddico interno.<\/strong><\/p>\n\n\n\n<p><strong>V. A aplica\u00e7\u00e3o dos tratados internacionais de Direitos Humanos no Brasil \u00e9 limitada, uma vez que eles s\u00f3 podem ser utilizados para resolver conflitos entre normas internas de n\u00edvel infra-constitucional.<\/strong><\/p>\n\n\n\n<p><strong>VI. O Controle de Convencionalidade das leis pode se dar somente na via de a\u00e7\u00e3o de controle concentrado.<\/strong><\/p>\n\n\n\n<p><strong>Assinale a alternativa que contenha apenas as corretas.<\/strong><\/p>\n\n\n\n<p><strong>a) I, II e III, apenas.<\/strong><\/p>\n\n\n\n<p><strong>b) I, II, IV, apenas.<\/strong><\/p>\n\n\n\n<p><strong>c) I, II, III e VI, apenas.<\/strong><\/p>\n\n\n\n<p><strong>d) I, V e VI, apenas.<\/strong><\/p>\n\n\n\n<p><strong>e) I, II, III, IV, V e VI.<\/strong><\/p>\n\n\n\n<p><strong>Coment\u00e1rios<\/strong><\/p>\n\n\n\n<p>A alternativa correta \u00e9 a <strong>letra A. <\/strong>A quest\u00e3o trata sobre controle de convencionalidade.<\/p>\n\n\n\n<p>O item est\u00e1 correto, pois, de fato, os tratados internacionais de Direitos Humanos s\u00e3o refer\u00eancia para o controle das normas internas.<\/p>\n\n\n\n<p>O item II est\u00e1 correto. O controle de convencionalidade pode declarar uma norma interna incompat\u00edvel com tratados internacionais.<\/p>\n\n\n\n<p>O item III est\u00e1 correto. No caso Almonacid <em>vs <\/em>Chile (2006), a Corte Interamericana de Direitos Humanos explicitou o entendimento de que os tribunais internos dos pa\u00edses signat\u00e1rios da Conven\u00e7\u00e3o Americana de Direitos Humanos est\u00e3o obrigados a aplicar a Conven\u00e7\u00e3o e a jurisprud\u00eancia da Corte.<\/p>\n\n\n\n<p>O item IV est\u00e1 incorreto. Nem todos os tratados internacionais de direitos humanos t\u00eam status de emenda constitucional. Apenas ter\u00e3o tal status aqueles que atenderem os requisitos do art. 5\u00ba, \u00a7 3\u00ba da Constitui\u00e7\u00e3o Federal.<\/p>\n\n\n\n<p>O item V est\u00e1 incorreto. Os tratados internacionais de Direitos Humanos podem ser aplicados para resolver conflitos em normas constitucionais tamb\u00e9m.<\/p>\n\n\n\n<p>O item IV est\u00e1 incorreto. O controle de convencionalidade pode ser realizado tanto de forma concentrada quanto difusa.<strong><\/strong><\/p>\n\n\n\n<p><strong>QUEST\u00c3O 12.<\/strong><strong>\u2060<\/strong><strong> <\/strong><strong>\u2060<\/strong><strong>O m\u00ednimo existencial, de conceito intimamente ligado ao da dignidade da pessoa humana, pode ser entendido\/definido pelas seguintes assertivas, EXCETO:<\/strong><\/p>\n\n\n\n<p><strong>a) pode-se dizer que h\u00e1 previs\u00e3o expressa do m\u00ednimo existencial de forma sin\u00f4nima (m\u00ednimos sociais) na Lei n.\u00b0 8.742 de 1993 (Lei da Assist\u00eancia Social).<\/strong><\/p>\n\n\n\n<p><strong>b) o dever estatal na concess\u00e3o de benef\u00edcios sociais \u00e0s pessoas em situa\u00e7\u00e3o de vulnerabilidade est\u00e1 relacionado ao conte\u00fado do m\u00ednimo existencial.<\/strong><\/p>\n\n\n\n<p><strong>c) para Robert Alexy, o m\u00ednimo existencial se relaciona com a parcela dos direitos fundamentais sociais que exigem prote\u00e7\u00e3o mais intensa, vez que essa parcela diz respeito a normas vinculantes que tratam de direitos subjetivos definitivos a presta\u00e7\u00f5es.<\/strong><\/p>\n\n\n\n<p><strong>d) o m\u00ednimo existencial corresponde \u00e0s condi\u00e7\u00f5es elementares de educa\u00e7\u00e3o, sa\u00fade e renda que permitam, em determinada sociedade, o acesso aos valores civilizat\u00f3rios e a participa\u00e7\u00e3o esclarecida no processo pol\u00edtico e debate p\u00fablico.<\/strong><\/p>\n\n\n\n<p><strong>e) a doutrina especializada vincula os direitos difusos e coletivos ao conceito do m\u00ednimo existencial, \u00e0 medida que tais direitos integram o n\u00facleo de garantias indivis\u00edveis e transindividuais.<\/strong><\/p>\n\n\n\n<p><strong>Coment\u00e1rios<\/strong><\/p>\n\n\n\n<p>A alternativa incorreta \u00e9 a <strong>letra E. <\/strong>A quest\u00e3o trata sobre a dignidade da pessoa humana.<\/p>\n\n\n\n<p>A alternativa A est\u00e1 correta. A Lei n\u00ba 8.742 de 1993 (Lei Org\u00e2nica da Assist\u00eancia Social \u2013 LOAS) aborda a assist\u00eancia social como direito do cidad\u00e3o e como dever do Estado, especialmente a assist\u00eancia a indiv\u00edduos em situa\u00e7\u00e3o de vulnerabilidade, o que pode ser associado ao conceito de m\u00ednimo existencial ou m\u00ednimos sociais. A lei trata da garantia de um patamar m\u00ednimo de condi\u00e7\u00f5es para a sobreviv\u00eancia e dignidade das pessoas.<\/p>\n\n\n\n<p>A alternativa B est\u00e1 correta. O m\u00ednimo existencial refere-se \u00e0 ideia de que o Estado tem o dever de garantir condi\u00e7\u00f5es m\u00ednimas de sobreviv\u00eancia e dignidade, e isso inclui a concess\u00e3o de benef\u00edcios sociais a pessoas em situa\u00e7\u00e3o de vulnerabilidade, como no caso de programas de assist\u00eancia social e pol\u00edticas p\u00fablicas voltadas para a garantia de acesso a direitos b\u00e1sicos (como sa\u00fade, educa\u00e7\u00e3o e renda).<\/p>\n\n\n\n<p>A alternativa C est\u00e1 correta. Robert Alexy afirma que o m\u00ednimo existencial est\u00e1 ligado aos direitos sociais que exigem uma prote\u00e7\u00e3o mais intensa, porque envolvem presta\u00e7\u00f5es positivas do Estado, como servi\u00e7os p\u00fablicos essenciais (sa\u00fade, educa\u00e7\u00e3o, moradia etc.). O m\u00ednimo existencial, nesse sentido, \u00e9 uma parte fundamental dos direitos sociais que garantem condi\u00e7\u00f5es m\u00ednimas para uma vida digna.<\/p>\n\n\n\n<p>A alternativa D est\u00e1 correta. O conceito de m\u00ednimo existencial est\u00e1 relacionado a condi\u00e7\u00f5es m\u00ednimas de educa\u00e7\u00e3o, sa\u00fade e renda, pois s\u00e3o esses elementos essenciais que garantem que uma pessoa possa viver com dignidade, acessar os valores civilizat\u00f3rios da sociedade e participar do processo pol\u00edtico e do debate p\u00fablico de forma informada e consciente. Esses elementos s\u00e3o fundamentais para que se exer\u00e7am outros direitos e liberdades.<\/p>\n\n\n\n<p>A alternativa E est\u00e1 incorreta e, portanto, \u00e9 o nosso gabarito. A alternativa mistura o conceito de direitos difusos e coletivos com o conceito de m\u00ednimo existencial, que se refere a condi\u00e7\u00f5es m\u00ednimas de dignidade humana e n\u00e3o necessariamente \u00e0 garantia de direitos coletivos ou transindividuais.<\/p>\n\n\n\n<p><strong>QUEST\u00c3O 13.<\/strong><strong>\u2060<\/strong><strong> <\/strong><strong>\u2060<\/strong><strong>Para garantir o cumprimento de obriga<\/strong><strong>\u00e7\u00f5<\/strong><strong>es oriundas de tratados internacionais dos quais o Brasil seja parte, quando da ocorr<\/strong><strong>\u00ea<\/strong><strong>ncia de situa<\/strong><strong>\u00e7\u00f5<\/strong><strong>es de grave viola<\/strong><strong>\u00e7\u00e3<\/strong><strong>o de Direitos Humanos, incidente de deslocamento de compet<\/strong><strong>\u00ea<\/strong><strong>ncia para a Justi<\/strong><strong>\u00e7<\/strong><strong>a Federal poder<\/strong><strong>\u00e1<\/strong><strong> ser suscitado, em qualquer fase do inqu<\/strong><strong>\u00e9<\/strong><strong>rito ou processo, ao:<\/strong><\/p>\n\n\n\n<p><strong>a) Supremo Tribunal Federal pelo Procurador-Geral da Rep\u00fablica.<\/strong><\/p>\n\n\n\n<p><strong>b) Supremo Tribunal Federal pelo Procurador-Geral da Rep\u00fablica ou pelo Advogado-Geral da Uni\u00e3o.<\/strong><\/p>\n\n\n\n<p><strong>c) Supremo Tribunal Federal pelo Procurador-Geral da Rep\u00fablica, pelo Advogado-Geral da Uni\u00e3o ou pelo Presidente do Congresso Nacional.<\/strong><\/p>\n\n\n\n<p><strong>d) Superior Tribunal de Justi\u00e7a pelo Procurador-Geral da Rep\u00fablica.<\/strong><\/p>\n\n\n\n<p><strong>e) Superior Tribunal de Justi\u00e7a pelo Procurador-Geral da Rep\u00fablica ou pelo Advogado-Geral da Uni\u00e3o.<\/strong><\/p>\n\n\n\n<p><strong>Coment\u00e1rios<\/strong><\/p>\n\n\n\n<p>A alternativa correta \u00e9 a <strong>letra D.<\/strong> A quest\u00e3o trata sobre incidente de deslocamento de compet\u00eancia.<\/p>\n\n\n\n<p>As alternativas A, B, C e E est\u00e3o incorretas, pois o deslocamento dever\u00e1 ser suscitado perante o Superior Tribunal de Justi\u00e7a (STJ) e n\u00e3o ao Supremo Tribunal Federal (STF). Al\u00e9m disso, conforme o art. 109, \u00a7 5\u00ba, da CF, o pedido dever\u00e1 ser feito pelo Procurador-Geral da Rep\u00fablica e n\u00e3o pelo Advogado-Geral da Uni\u00e3o ou pelo Presidente do Congresso Nacional conforme prev\u00ea as alternativas.<\/p>\n\n\n\n<p>A alternativa D est\u00e1 correta, pois est\u00e1 em conformidade com o que prev\u00ea o art. 109, \u00a7 5\u00ba da Constitui\u00e7\u00e3o Federal: \u201cNas hip\u00f3teses de grave viola\u00e7\u00e3o de direitos humanos, o Procurador-Geral da Rep\u00fablica, com a finalidade de assegurar o cumprimento de obriga\u00e7\u00f5es decorrentes de tratados internacionais de direitos humanos dos quais o Brasil seja parte, poder\u00e1 suscitar, perante o Superior Tribunal de Justi\u00e7a, em qualquer fase do inqu\u00e9rito ou processo, incidente de deslocamento de compet\u00eancia para a Justi\u00e7a Federal\u201d.<\/p>\n\n\n\n<p class=\"has-text-align-center has-very-light-gray-to-cyan-bluish-gray-gradient-background has-background\">Saiba mais: <a href=\"https:\/\/cj.estrategia.com\/portal\/concurso-mp-ms-promotor\/\" target=\"_blank\" >concurso MP MS Promotor<\/a><\/p>\n\n\n\n<h2 class=\"wp-block-heading has-text-align-center\" id=\"cursos\"><span id=\"quer-saber-tudo-sobre-concursos-previstosconfira-nossos-artigos\">Quer saber tudo sobre concursos previstos?<br><strong>Confira nossos artigos!<\/strong><\/span><\/h2>\n\n\n\n\n\n<h2 class=\"wp-block-heading has-text-align-center\" id=\"curso\"><span id=\"cursos-para-o-concurso-mp-ms\">Cursos para o concurso MP MS<\/span><\/h2>\n\n\n\n<p class=\"has-text-align-center\"><em><strong>Gostou desta oportunidade e quer come\u00e7ar a se preparar agora mesmo para este concurso? Clique no link abaixo e confira os cursos que o Estrat\u00e9gia Carreira Jur\u00eddica possui para refor\u00e7ar seus estudos. Os nossos professores j\u00e1 est\u00e3o trabalhando em materiais espec\u00edficos para este certame.<\/strong><\/em><\/p>\n\n\n\n<div class=\"wp-block-cover\" style=\"min-height:155px;aspect-ratio:unset;\"><img decoding=\"async\" width=\"1890\" height=\"351\" class=\"wp-block-cover__image-background wp-image-8669\" alt=\"Assinaturas Jur\u00eddicas\" src=\"https:\/\/cj.estrategia.com\/portal\/wp-content\/uploads\/2022\/06\/20151253\/concurso-carreiras-juridicas-assinatura-juridica.jpg\" style=\"object-position:78% 43%\" data-object-fit=\"cover\" data-object-position=\"78% 43%\" srcset=\"https:\/\/cj.estrategia.com\/portal\/wp-content\/uploads\/2022\/06\/20151253\/concurso-carreiras-juridicas-assinatura-juridica.jpg 1890w, https:\/\/cj.estrategia.com\/portal\/wp-content\/uploads\/2022\/06\/20151253\/concurso-carreiras-juridicas-assinatura-juridica-300x56.jpg 300w, https:\/\/cj.estrategia.com\/portal\/wp-content\/uploads\/2022\/06\/20151253\/concurso-carreiras-juridicas-assinatura-juridica-1024x190.jpg 1024w, https:\/\/cj.estrategia.com\/portal\/wp-content\/uploads\/2022\/06\/20151253\/concurso-carreiras-juridicas-assinatura-juridica-768x143.jpg 768w, https:\/\/cj.estrategia.com\/portal\/wp-content\/uploads\/2022\/06\/20151253\/concurso-carreiras-juridicas-assinatura-juridica-1536x285.jpg 1536w, https:\/\/cj.estrategia.com\/portal\/wp-content\/uploads\/2022\/06\/20151253\/concurso-carreiras-juridicas-assinatura-juridica-380x71.jpg 380w, https:\/\/cj.estrategia.com\/portal\/wp-content\/uploads\/2022\/06\/20151253\/concurso-carreiras-juridicas-assinatura-juridica-800x149.jpg 800w, https:\/\/cj.estrategia.com\/portal\/wp-content\/uploads\/2022\/06\/20151253\/concurso-carreiras-juridicas-assinatura-juridica-1160x215.jpg 1160w\" sizes=\"(max-width: 1890px) 100vw, 1890px\" \/><span aria-hidden=\"true\" class=\"wp-block-cover__background has-background-dim\"><\/span><div class=\"wp-block-cover__inner-container is-layout-flow wp-block-cover-is-layout-flow\">\n<h3 id=\"faca-a-sua-assinatura\" class=\"titulo-assinatura\"><span style=\"color: #ffffff;\">Fa\u00e7a a sua assinatura!<\/span><\/h3>\n<p class=\"subtitulo-assinatura\" style=\"display:block!important; line-height: 0;\"><span style=\"color: #ffffff;\">Escolha a sua \u00e1rea.<\/span><\/p>\n<a target=\"_blank\" href=\"https:\/\/www.estrategiaconcursos.com.br\/assinaturas-ecj\/\" rel=\"noopener\"><button style=\"border-radius: 10px; text-transform: capitalize;\">Acessar<\/button><\/a>\n<\/div><\/div>\n","protected":false},"excerpt":{"rendered":"Ol\u00e1, pessoal, tudo certo?! Em 24\/11\/2024, foi aplicada a prova objetiva do concurso p\u00fablico para o Minist\u00e9rio P\u00fablico&hellip;\n","protected":false},"author":12,"featured_media":20823,"comment_status":"open","ping_status":"open","sticky":false,"template":"","format":"standard","meta":{"_jetpack_memberships_contains_paid_content":false,"footnotes":""},"categories":[1,25],"tags":[],"tax_estado":[42],"class_list":{"0":"post-85428","1":"post","2":"type-post","3":"status-publish","4":"format-standard","5":"has-post-thumbnail","7":"category-carreiras-juridicas","8":"category-promotoria","9":"tax_estado-ms"},"acf":[],"yoast_head":"<!-- This site is optimized with the Yoast SEO Premium plugin v27.4 (Yoast SEO v27.4) - https:\/\/yoast.com\/product\/yoast-seo-premium-wordpress\/ -->\n<title>Prova comentada Direitos Humanos MP MS Promotor<\/title>\n<meta name=\"description\" content=\"Prova comentada Direitos Humanos MP MS Promotor: confira os coment\u00e1rios dos nossos professores e tire suas d\u00favidas.\" \/>\n<meta name=\"robots\" content=\"index, follow, max-snippet:-1, max-image-preview:large, max-video-preview:-1\" \/>\n<link rel=\"canonical\" href=\"https:\/\/cj.estrategia.com\/portal\/prova-comentada-direitos-humanos-mp-ms-promotor\/\" \/>\n<meta property=\"og:locale\" content=\"pt_BR\" \/>\n<meta property=\"og:type\" content=\"article\" \/>\n<meta property=\"og:title\" content=\"Prova comentada Direitos Humanos MP MS Promotor\" \/>\n<meta property=\"og:description\" content=\"Prova comentada Direitos Humanos MP MS Promotor: confira os coment\u00e1rios dos nossos professores e tire suas d\u00favidas.\" \/>\n<meta property=\"og:url\" content=\"https:\/\/cj.estrategia.com\/portal\/prova-comentada-direitos-humanos-mp-ms-promotor\/\" \/>\n<meta property=\"og:site_name\" content=\"Blog - Carreiras Jur\u00eddicas - Estrat\u00e9gia\" \/>\n<meta property=\"article:publisher\" content=\"https:\/\/www.facebook.com\/estrategiacarreirajuridica\/\" \/>\n<meta property=\"article:published_time\" content=\"2024-11-27T20:06:46+00:00\" \/>\n<meta property=\"article:modified_time\" content=\"2024-11-27T20:06:49+00:00\" \/>\n<meta property=\"og:image\" content=\"https:\/\/cj.estrategia.com\/portal\/wp-content\/uploads\/2022\/09\/04105129\/MP-MS-Promotor.jpg\" \/>\n\t<meta property=\"og:image:width\" content=\"768\" \/>\n\t<meta property=\"og:image:height\" content=\"432\" \/>\n\t<meta property=\"og:image:type\" content=\"image\/jpeg\" \/>\n<meta name=\"author\" content=\"Coordena\u00e7\u00e3o\" \/>\n<meta name=\"twitter:card\" content=\"summary_large_image\" \/>\n<meta name=\"twitter:creator\" content=\"@EstratJuridica\" \/>\n<meta name=\"twitter:site\" content=\"@EstratJuridica\" \/>\n<meta name=\"twitter:label1\" content=\"Escrito por\" \/>\n\t<meta name=\"twitter:data1\" content=\"Coordena\u00e7\u00e3o\" \/>\n\t<meta name=\"twitter:label2\" content=\"Est. tempo de leitura\" \/>\n\t<meta name=\"twitter:data2\" content=\"9 minutos\" \/>\n<script type=\"application\/ld+json\" class=\"yoast-schema-graph\">{\"@context\":\"https:\\\/\\\/schema.org\",\"@graph\":[{\"@type\":\"NewsArticle\",\"@id\":\"https:\\\/\\\/cj.estrategia.com\\\/portal\\\/prova-comentada-direitos-humanos-mp-ms-promotor\\\/#article\",\"isPartOf\":{\"@id\":\"https:\\\/\\\/cj.estrategia.com\\\/portal\\\/prova-comentada-direitos-humanos-mp-ms-promotor\\\/\"},\"author\":{\"name\":\"Coordena\u00e7\u00e3o\",\"@id\":\"https:\\\/\\\/cj.estrategia.com\\\/portal\\\/#\\\/schema\\\/person\\\/4d70317d31449932b99102916b6637f5\"},\"headline\":\"Prova comentada Direitos Humanos MP MS Promotor\",\"datePublished\":\"2024-11-27T20:06:46+00:00\",\"dateModified\":\"2024-11-27T20:06:49+00:00\",\"mainEntityOfPage\":{\"@id\":\"https:\\\/\\\/cj.estrategia.com\\\/portal\\\/prova-comentada-direitos-humanos-mp-ms-promotor\\\/\"},\"wordCount\":1566,\"commentCount\":0,\"publisher\":{\"@id\":\"https:\\\/\\\/cj.estrategia.com\\\/portal\\\/#organization\"},\"image\":{\"@id\":\"https:\\\/\\\/cj.estrategia.com\\\/portal\\\/prova-comentada-direitos-humanos-mp-ms-promotor\\\/#primaryimage\"},\"thumbnailUrl\":\"https:\\\/\\\/cj.estrategia.com\\\/portal\\\/wp-content\\\/uploads\\\/2022\\\/09\\\/04105129\\\/MP-MS-Promotor.jpg\",\"articleSection\":[\"Carreiras Jur\u00eddicas\",\"Promotoria\"],\"inLanguage\":\"pt-BR\",\"potentialAction\":[{\"@type\":\"CommentAction\",\"name\":\"Comment\",\"target\":[\"https:\\\/\\\/cj.estrategia.com\\\/portal\\\/prova-comentada-direitos-humanos-mp-ms-promotor\\\/#respond\"]}]},{\"@type\":\"WebPage\",\"@id\":\"https:\\\/\\\/cj.estrategia.com\\\/portal\\\/prova-comentada-direitos-humanos-mp-ms-promotor\\\/\",\"url\":\"https:\\\/\\\/cj.estrategia.com\\\/portal\\\/prova-comentada-direitos-humanos-mp-ms-promotor\\\/\",\"name\":\"Prova comentada Direitos Humanos MP MS Promotor\",\"isPartOf\":{\"@id\":\"https:\\\/\\\/cj.estrategia.com\\\/portal\\\/#website\"},\"primaryImageOfPage\":{\"@id\":\"https:\\\/\\\/cj.estrategia.com\\\/portal\\\/prova-comentada-direitos-humanos-mp-ms-promotor\\\/#primaryimage\"},\"image\":{\"@id\":\"https:\\\/\\\/cj.estrategia.com\\\/portal\\\/prova-comentada-direitos-humanos-mp-ms-promotor\\\/#primaryimage\"},\"thumbnailUrl\":\"https:\\\/\\\/cj.estrategia.com\\\/portal\\\/wp-content\\\/uploads\\\/2022\\\/09\\\/04105129\\\/MP-MS-Promotor.jpg\",\"datePublished\":\"2024-11-27T20:06:46+00:00\",\"dateModified\":\"2024-11-27T20:06:49+00:00\",\"description\":\"Prova comentada Direitos Humanos MP MS Promotor: confira os coment\u00e1rios dos nossos professores e tire suas d\u00favidas.\",\"breadcrumb\":{\"@id\":\"https:\\\/\\\/cj.estrategia.com\\\/portal\\\/prova-comentada-direitos-humanos-mp-ms-promotor\\\/#breadcrumb\"},\"inLanguage\":\"pt-BR\",\"potentialAction\":[{\"@type\":\"ReadAction\",\"target\":[\"https:\\\/\\\/cj.estrategia.com\\\/portal\\\/prova-comentada-direitos-humanos-mp-ms-promotor\\\/\"]}]},{\"@type\":\"ImageObject\",\"inLanguage\":\"pt-BR\",\"@id\":\"https:\\\/\\\/cj.estrategia.com\\\/portal\\\/prova-comentada-direitos-humanos-mp-ms-promotor\\\/#primaryimage\",\"url\":\"https:\\\/\\\/cj.estrategia.com\\\/portal\\\/wp-content\\\/uploads\\\/2022\\\/09\\\/04105129\\\/MP-MS-Promotor.jpg\",\"contentUrl\":\"https:\\\/\\\/cj.estrategia.com\\\/portal\\\/wp-content\\\/uploads\\\/2022\\\/09\\\/04105129\\\/MP-MS-Promotor.jpg\",\"width\":768,\"height\":432,\"caption\":\"Concurso MP MS Promotor\"},{\"@type\":\"BreadcrumbList\",\"@id\":\"https:\\\/\\\/cj.estrategia.com\\\/portal\\\/prova-comentada-direitos-humanos-mp-ms-promotor\\\/#breadcrumb\",\"itemListElement\":[{\"@type\":\"ListItem\",\"position\":1,\"name\":\"In\u00edcio\",\"item\":\"https:\\\/\\\/cj.estrategia.com\\\/portal\\\/\"},{\"@type\":\"ListItem\",\"position\":2,\"name\":\"Prova comentada Direitos Humanos MP MS Promotor\"}]},{\"@type\":\"WebSite\",\"@id\":\"https:\\\/\\\/cj.estrategia.com\\\/portal\\\/#website\",\"url\":\"https:\\\/\\\/cj.estrategia.com\\\/portal\\\/\",\"name\":\"Blog - Carreiras Jur\u00eddicas - Estrat\u00e9gia\",\"description\":\"\",\"publisher\":{\"@id\":\"https:\\\/\\\/cj.estrategia.com\\\/portal\\\/#organization\"},\"potentialAction\":[{\"@type\":\"SearchAction\",\"target\":{\"@type\":\"EntryPoint\",\"urlTemplate\":\"https:\\\/\\\/cj.estrategia.com\\\/portal\\\/?s={search_term_string}\"},\"query-input\":{\"@type\":\"PropertyValueSpecification\",\"valueRequired\":true,\"valueName\":\"search_term_string\"}}],\"inLanguage\":\"pt-BR\"},{\"@type\":\"Organization\",\"@id\":\"https:\\\/\\\/cj.estrategia.com\\\/portal\\\/#organization\",\"name\":\"Estrat\u00e9gia - Carreiras Jur\u00eddicas\",\"url\":\"https:\\\/\\\/cj.estrategia.com\\\/portal\\\/\",\"logo\":{\"@type\":\"ImageObject\",\"inLanguage\":\"pt-BR\",\"@id\":\"https:\\\/\\\/cj.estrategia.com\\\/portal\\\/#\\\/schema\\\/logo\\\/image\\\/\",\"url\":\"https:\\\/\\\/cj.estrategia.com\\\/portal\\\/wp-content\\\/uploads\\\/2022\\\/03\\\/11151052\\\/cj-logo.png\",\"contentUrl\":\"https:\\\/\\\/cj.estrategia.com\\\/portal\\\/wp-content\\\/uploads\\\/2022\\\/03\\\/11151052\\\/cj-logo.png\",\"width\":150,\"height\":39,\"caption\":\"Estrat\u00e9gia - Carreiras Jur\u00eddicas\"},\"image\":{\"@id\":\"https:\\\/\\\/cj.estrategia.com\\\/portal\\\/#\\\/schema\\\/logo\\\/image\\\/\"},\"sameAs\":[\"https:\\\/\\\/www.facebook.com\\\/estrategiacarreirajuridica\\\/\",\"https:\\\/\\\/x.com\\\/EstratJuridica\",\"https:\\\/\\\/www.instagram.com\\\/estrategiacarreirajuridica\\\/\",\"https:\\\/\\\/www.youtube.com\\\/channel\\\/UClbMGuYbj2Mh1m3w144ETWQ\"]},{\"@type\":\"Person\",\"@id\":\"https:\\\/\\\/cj.estrategia.com\\\/portal\\\/#\\\/schema\\\/person\\\/4d70317d31449932b99102916b6637f5\",\"name\":\"Coordena\u00e7\u00e3o\",\"image\":{\"@type\":\"ImageObject\",\"inLanguage\":\"pt-BR\",\"@id\":\"https:\\\/\\\/cj.estrategia.com\\\/portal\\\/wp-content\\\/uploads\\\/2022\\\/05\\\/12164923\\\/estrategia-carreira-juridica-coordenacao-96x96.png\",\"url\":\"https:\\\/\\\/cj.estrategia.com\\\/portal\\\/wp-content\\\/uploads\\\/2022\\\/05\\\/12164923\\\/estrategia-carreira-juridica-coordenacao-96x96.png\",\"contentUrl\":\"https:\\\/\\\/cj.estrategia.com\\\/portal\\\/wp-content\\\/uploads\\\/2022\\\/05\\\/12164923\\\/estrategia-carreira-juridica-coordenacao-96x96.png\",\"caption\":\"Coordena\u00e7\u00e3o\"},\"url\":\"https:\\\/\\\/cj.estrategia.com\\\/portal\\\/author\\\/coordenacao\\\/\"}]}<\/script>\n<!-- \/ Yoast SEO Premium plugin. -->","yoast_head_json":{"title":"Prova comentada Direitos Humanos MP MS Promotor","description":"Prova comentada Direitos Humanos MP MS Promotor: confira os coment\u00e1rios dos nossos professores e tire suas d\u00favidas.","robots":{"index":"index","follow":"follow","max-snippet":"max-snippet:-1","max-image-preview":"max-image-preview:large","max-video-preview":"max-video-preview:-1"},"canonical":"https:\/\/cj.estrategia.com\/portal\/prova-comentada-direitos-humanos-mp-ms-promotor\/","og_locale":"pt_BR","og_type":"article","og_title":"Prova comentada Direitos Humanos MP MS Promotor","og_description":"Prova comentada Direitos Humanos MP MS Promotor: confira os coment\u00e1rios dos nossos professores e tire suas d\u00favidas.","og_url":"https:\/\/cj.estrategia.com\/portal\/prova-comentada-direitos-humanos-mp-ms-promotor\/","og_site_name":"Blog - Carreiras Jur\u00eddicas - Estrat\u00e9gia","article_publisher":"https:\/\/www.facebook.com\/estrategiacarreirajuridica\/","article_published_time":"2024-11-27T20:06:46+00:00","article_modified_time":"2024-11-27T20:06:49+00:00","og_image":[{"width":768,"height":432,"url":"https:\/\/cj.estrategia.com\/portal\/wp-content\/uploads\/2022\/09\/04105129\/MP-MS-Promotor.jpg","type":"image\/jpeg"}],"author":"Coordena\u00e7\u00e3o","twitter_card":"summary_large_image","twitter_creator":"@EstratJuridica","twitter_site":"@EstratJuridica","twitter_misc":{"Escrito por":"Coordena\u00e7\u00e3o","Est. tempo de leitura":"9 minutos"},"schema":{"@context":"https:\/\/schema.org","@graph":[{"@type":"NewsArticle","@id":"https:\/\/cj.estrategia.com\/portal\/prova-comentada-direitos-humanos-mp-ms-promotor\/#article","isPartOf":{"@id":"https:\/\/cj.estrategia.com\/portal\/prova-comentada-direitos-humanos-mp-ms-promotor\/"},"author":{"name":"Coordena\u00e7\u00e3o","@id":"https:\/\/cj.estrategia.com\/portal\/#\/schema\/person\/4d70317d31449932b99102916b6637f5"},"headline":"Prova comentada Direitos Humanos MP MS Promotor","datePublished":"2024-11-27T20:06:46+00:00","dateModified":"2024-11-27T20:06:49+00:00","mainEntityOfPage":{"@id":"https:\/\/cj.estrategia.com\/portal\/prova-comentada-direitos-humanos-mp-ms-promotor\/"},"wordCount":1566,"commentCount":0,"publisher":{"@id":"https:\/\/cj.estrategia.com\/portal\/#organization"},"image":{"@id":"https:\/\/cj.estrategia.com\/portal\/prova-comentada-direitos-humanos-mp-ms-promotor\/#primaryimage"},"thumbnailUrl":"https:\/\/cj.estrategia.com\/portal\/wp-content\/uploads\/2022\/09\/04105129\/MP-MS-Promotor.jpg","articleSection":["Carreiras Jur\u00eddicas","Promotoria"],"inLanguage":"pt-BR","potentialAction":[{"@type":"CommentAction","name":"Comment","target":["https:\/\/cj.estrategia.com\/portal\/prova-comentada-direitos-humanos-mp-ms-promotor\/#respond"]}]},{"@type":"WebPage","@id":"https:\/\/cj.estrategia.com\/portal\/prova-comentada-direitos-humanos-mp-ms-promotor\/","url":"https:\/\/cj.estrategia.com\/portal\/prova-comentada-direitos-humanos-mp-ms-promotor\/","name":"Prova comentada Direitos Humanos MP MS Promotor","isPartOf":{"@id":"https:\/\/cj.estrategia.com\/portal\/#website"},"primaryImageOfPage":{"@id":"https:\/\/cj.estrategia.com\/portal\/prova-comentada-direitos-humanos-mp-ms-promotor\/#primaryimage"},"image":{"@id":"https:\/\/cj.estrategia.com\/portal\/prova-comentada-direitos-humanos-mp-ms-promotor\/#primaryimage"},"thumbnailUrl":"https:\/\/cj.estrategia.com\/portal\/wp-content\/uploads\/2022\/09\/04105129\/MP-MS-Promotor.jpg","datePublished":"2024-11-27T20:06:46+00:00","dateModified":"2024-11-27T20:06:49+00:00","description":"Prova comentada Direitos Humanos MP MS Promotor: confira os coment\u00e1rios dos nossos professores e tire suas d\u00favidas.","breadcrumb":{"@id":"https:\/\/cj.estrategia.com\/portal\/prova-comentada-direitos-humanos-mp-ms-promotor\/#breadcrumb"},"inLanguage":"pt-BR","potentialAction":[{"@type":"ReadAction","target":["https:\/\/cj.estrategia.com\/portal\/prova-comentada-direitos-humanos-mp-ms-promotor\/"]}]},{"@type":"ImageObject","inLanguage":"pt-BR","@id":"https:\/\/cj.estrategia.com\/portal\/prova-comentada-direitos-humanos-mp-ms-promotor\/#primaryimage","url":"https:\/\/cj.estrategia.com\/portal\/wp-content\/uploads\/2022\/09\/04105129\/MP-MS-Promotor.jpg","contentUrl":"https:\/\/cj.estrategia.com\/portal\/wp-content\/uploads\/2022\/09\/04105129\/MP-MS-Promotor.jpg","width":768,"height":432,"caption":"Concurso MP MS Promotor"},{"@type":"BreadcrumbList","@id":"https:\/\/cj.estrategia.com\/portal\/prova-comentada-direitos-humanos-mp-ms-promotor\/#breadcrumb","itemListElement":[{"@type":"ListItem","position":1,"name":"In\u00edcio","item":"https:\/\/cj.estrategia.com\/portal\/"},{"@type":"ListItem","position":2,"name":"Prova comentada Direitos Humanos MP MS Promotor"}]},{"@type":"WebSite","@id":"https:\/\/cj.estrategia.com\/portal\/#website","url":"https:\/\/cj.estrategia.com\/portal\/","name":"Blog - Carreiras Jur\u00eddicas - Estrat\u00e9gia","description":"","publisher":{"@id":"https:\/\/cj.estrategia.com\/portal\/#organization"},"potentialAction":[{"@type":"SearchAction","target":{"@type":"EntryPoint","urlTemplate":"https:\/\/cj.estrategia.com\/portal\/?s={search_term_string}"},"query-input":{"@type":"PropertyValueSpecification","valueRequired":true,"valueName":"search_term_string"}}],"inLanguage":"pt-BR"},{"@type":"Organization","@id":"https:\/\/cj.estrategia.com\/portal\/#organization","name":"Estrat\u00e9gia - Carreiras Jur\u00eddicas","url":"https:\/\/cj.estrategia.com\/portal\/","logo":{"@type":"ImageObject","inLanguage":"pt-BR","@id":"https:\/\/cj.estrategia.com\/portal\/#\/schema\/logo\/image\/","url":"https:\/\/cj.estrategia.com\/portal\/wp-content\/uploads\/2022\/03\/11151052\/cj-logo.png","contentUrl":"https:\/\/cj.estrategia.com\/portal\/wp-content\/uploads\/2022\/03\/11151052\/cj-logo.png","width":150,"height":39,"caption":"Estrat\u00e9gia - Carreiras Jur\u00eddicas"},"image":{"@id":"https:\/\/cj.estrategia.com\/portal\/#\/schema\/logo\/image\/"},"sameAs":["https:\/\/www.facebook.com\/estrategiacarreirajuridica\/","https:\/\/x.com\/EstratJuridica","https:\/\/www.instagram.com\/estrategiacarreirajuridica\/","https:\/\/www.youtube.com\/channel\/UClbMGuYbj2Mh1m3w144ETWQ"]},{"@type":"Person","@id":"https:\/\/cj.estrategia.com\/portal\/#\/schema\/person\/4d70317d31449932b99102916b6637f5","name":"Coordena\u00e7\u00e3o","image":{"@type":"ImageObject","inLanguage":"pt-BR","@id":"https:\/\/cj.estrategia.com\/portal\/wp-content\/uploads\/2022\/05\/12164923\/estrategia-carreira-juridica-coordenacao-96x96.png","url":"https:\/\/cj.estrategia.com\/portal\/wp-content\/uploads\/2022\/05\/12164923\/estrategia-carreira-juridica-coordenacao-96x96.png","contentUrl":"https:\/\/cj.estrategia.com\/portal\/wp-content\/uploads\/2022\/05\/12164923\/estrategia-carreira-juridica-coordenacao-96x96.png","caption":"Coordena\u00e7\u00e3o"},"url":"https:\/\/cj.estrategia.com\/portal\/author\/coordenacao\/"}]}},"jetpack_featured_media_url":"https:\/\/cj.estrategia.com\/portal\/wp-content\/uploads\/2022\/09\/04105129\/MP-MS-Promotor.jpg","jetpack_sharing_enabled":true,"_links":{"self":[{"href":"https:\/\/cj.estrategia.com\/portal\/wp-json\/wp\/v2\/posts\/85428","targetHints":{"allow":["GET"]}}],"collection":[{"href":"https:\/\/cj.estrategia.com\/portal\/wp-json\/wp\/v2\/posts"}],"about":[{"href":"https:\/\/cj.estrategia.com\/portal\/wp-json\/wp\/v2\/types\/post"}],"author":[{"embeddable":true,"href":"https:\/\/cj.estrategia.com\/portal\/wp-json\/wp\/v2\/users\/12"}],"replies":[{"embeddable":true,"href":"https:\/\/cj.estrategia.com\/portal\/wp-json\/wp\/v2\/comments?post=85428"}],"version-history":[{"count":1,"href":"https:\/\/cj.estrategia.com\/portal\/wp-json\/wp\/v2\/posts\/85428\/revisions"}],"predecessor-version":[{"id":85434,"href":"https:\/\/cj.estrategia.com\/portal\/wp-json\/wp\/v2\/posts\/85428\/revisions\/85434"}],"wp:featuredmedia":[{"embeddable":true,"href":"https:\/\/cj.estrategia.com\/portal\/wp-json\/wp\/v2\/media\/20823"}],"wp:attachment":[{"href":"https:\/\/cj.estrategia.com\/portal\/wp-json\/wp\/v2\/media?parent=85428"}],"wp:term":[{"taxonomy":"category","embeddable":true,"href":"https:\/\/cj.estrategia.com\/portal\/wp-json\/wp\/v2\/categories?post=85428"},{"taxonomy":"post_tag","embeddable":true,"href":"https:\/\/cj.estrategia.com\/portal\/wp-json\/wp\/v2\/tags?post=85428"},{"taxonomy":"tax_estado","embeddable":true,"href":"https:\/\/cj.estrategia.com\/portal\/wp-json\/wp\/v2\/tax_estado?post=85428"}],"curies":[{"name":"wp","href":"https:\/\/api.w.org\/{rel}","templated":true}]}}