{"id":85092,"date":"2024-11-24T21:11:52","date_gmt":"2024-11-25T00:11:52","guid":{"rendered":"https:\/\/cj.estrategia.com\/portal\/?p=85092"},"modified":"2025-01-07T17:25:20","modified_gmt":"2025-01-07T20:25:20","slug":"divulgacao-inedita-beneficios-fiscais","status":"publish","type":"post","link":"https:\/\/cj.estrategia.com\/portal\/divulgacao-inedita-beneficios-fiscais\/","title":{"rendered":"Os maiores benef\u00edcios fiscais e como isso importa nas provas e na sua vida &#8211; An\u00e1lise Jur\u00eddica"},"content":{"rendered":"\n<p>Recentemente, houve um certo choque da sociedade com a divulga\u00e7\u00e3o de informa\u00e7\u00f5es relativas a BENEF\u00cdCIOS FISCAIS.<\/p>\n\n\n\n<div class=\"wp-block-media-text is-vertically-aligned-center has-background\" style=\"background-color:#cfeafa2e;grid-template-columns:25% auto\"><figure class=\"wp-block-media-text__media\"><img decoding=\"async\" width=\"500\" height=\"500\" src=\"https:\/\/cj.estrategia.com\/portal\/wp-content\/uploads\/2024\/11\/24200819\/Design-sem-nome-8.png\" alt=\"benef\u00edcios fiscais\" class=\"wp-image-85107 size-full\" srcset=\"https:\/\/cj.estrategia.com\/portal\/wp-content\/uploads\/2024\/11\/24200819\/Design-sem-nome-8.png 500w, https:\/\/cj.estrategia.com\/portal\/wp-content\/uploads\/2024\/11\/24200819\/Design-sem-nome-8-300x300.png 300w, https:\/\/cj.estrategia.com\/portal\/wp-content\/uploads\/2024\/11\/24200819\/Design-sem-nome-8-150x150.png 150w, https:\/\/cj.estrategia.com\/portal\/wp-content\/uploads\/2024\/11\/24200819\/Design-sem-nome-8-80x80.png 80w, https:\/\/cj.estrategia.com\/portal\/wp-content\/uploads\/2024\/11\/24200819\/Design-sem-nome-8-380x380.png 380w, https:\/\/cj.estrategia.com\/portal\/wp-content\/uploads\/2024\/11\/24200819\/Design-sem-nome-8-24x24.png 24w, https:\/\/cj.estrategia.com\/portal\/wp-content\/uploads\/2024\/11\/24200819\/Design-sem-nome-8-48x48.png 48w, https:\/\/cj.estrategia.com\/portal\/wp-content\/uploads\/2024\/11\/24200819\/Design-sem-nome-8-96x96.png 96w\" sizes=\"(max-width: 500px) 100vw, 500px\" \/><\/figure><div class=\"wp-block-media-text__content\">\n<p><strong>Voc\u00ea pode conferir as not\u00edcias aqui:<\/strong><\/p>\n\n\n\n<ul class=\"is-style-cnvs-list-styled wp-block-list\">\n<li><a href=\"https:\/\/www.metropoles.com\/brasil\/haddad-faz-sucesso-na-web-apos-revelar-maiores-beneficios-fiscais\">Haddad faz sucesso na web ap\u00f3s revelar maiores benef\u00edcios fiscais<\/a><\/li>\n\n\n\n<li><a href=\"https:\/\/www.cartacapital.com.br\/economia\/em-meio-a-debates-sobre-ajuste-fazenda-divulga-lista-inedita-de-empresas-e-setores-beneficiados-por-renuncias-fiscais\/\">Em meio a debates sobre ajuste, Fazenda divulga lista in\u00e9dita de empresas beneficiadas por ren\u00fancias fiscais<\/a><\/li>\n\n\n\n<li><a href=\"https:\/\/thenews.waffle.com.br\/big-story\/haddad-abre-lista-de-beneficios-fiscais-pela-1%E2%81%A0a-vez-na-historia\">Haddad abre lista de benef\u00edcios fiscais pela 1\u2060\u00aa vez na hist\u00f3ria<\/a><\/li>\n<\/ul>\n<\/div><\/div>\n\n\n\n<p>Em s\u00edntese, \u00e9 como se pela \u201cprimeira vez na hist\u00f3ria\u201d, houvesse uma divulga\u00e7\u00e3o p\u00fablica dos benef\u00edcios fiscais dados pelo Brasil.<\/p>\n\n\n\n<p>Como se tem noticiado, o ministro da Fazenda, Fernando Haddad, decidiu jogar os valores dos benef\u00edcios no ventilador&nbsp;<a href=\"https:\/\/g1.globo.com\/economia\/noticia\/2024\/10\/30\/haddad-entende-inquietacao-do-mercado-mas-diz-que-apresentara-cortes-de-gastos-para-manter-controle-sobre-as-contas-publicas.ghtml\">em meio \u00e0 press\u00e3o que tem sofrido \u2014 principalmente do mercado \u2014 para anunciar um corte nos gastos<\/a>.<\/p>\n\n\n\n<p>Isso porque, o presidente Lula tem assumido o assunto e, h\u00e1 quase um m\u00eas, tem tido reuni\u00f5es com seus ministros, para entender de quais \u00e1reas sair\u00e3o os bilh\u00f5es de reais que precisam ser cortados.<\/p>\n\n\n\n<p>Em verdade, o presidente tem a promessa de chegar ao tal \u201cd\u00e9ficit zero\u201d em 2025, ou seja, conseguir gastar menos do que arrecada. S\u00f3 para ter ideia, o governo registrou um&nbsp;<a href=\"https:\/\/www.poder360.com.br\/economia\/governo-lula-tem-deficit-de-r-2305-bi-em-2023-pior-desde-2020\/\">rombo de R$ 230 bilh\u00f5es<\/a>&nbsp;em 2023.<\/p>\n\n\n\n<div class=\"wp-block-group is-style-cnvs-block-bordered\"><div class=\"wp-block-group__inner-container is-layout-constrained wp-block-group-is-layout-constrained\">\n<p>Imagine que, com dificuldade de&nbsp;<strong>cortar gastos<\/strong>, outra op\u00e7\u00e3o do governo \u00e9&nbsp;<strong>aumentar sua receita<\/strong>. E uma das formas de arrecadar mais em impostos seria&nbsp;<strong>acabando com isen\u00e7\u00f5es a empresas<\/strong>.<\/p>\n<\/div><\/div>\n\n\n\n<h3 class=\"wp-block-heading\" id=\"h-transparencia-e-a-divulgacao-inedita-dos-beneficios-fiscais\" style=\"font-style:normal;font-weight:400\"><span id=\"transparencia-e-a-divulgacao-inedita-dos-beneficios-fiscais\"><strong>Transpar\u00eancia e a divulga\u00e7\u00e3o in\u00e9dita dos benef\u00edcios fiscais<\/strong><\/span><\/h3>\n\n\n\n<p>Nessa linha, a transpar\u00eancia fiscal alcan\u00e7ou novo patamar com essa in\u00e9dita divulga\u00e7\u00e3o pela Receita Federal dos benef\u00edcios fiscais concedidos, totalizando expressivos R$97 bilh\u00f5es entre janeiro e agosto de 2024.<\/p>\n\n\n\n<p>S\u00f3 para ter uma ideia veja algumas empresas que tiveram um dos maiores benef\u00edcios fiscais divulgados:<\/p>\n\n\n\n<figure class=\"wp-block-table\"><table><tbody><tr><td>BRF S.A.<\/td><td>488.060.157,76<\/td><\/tr><tr><td>IFOOD&nbsp;&nbsp;<\/td><td>336.003.094,12<\/td><\/tr><tr><td>GLOBO COMUNICACAO E PARTICIPACOES S\/A<\/td><td>150.042.801,12<\/td><\/tr><\/tbody><\/table><\/figure>\n\n\n\n<div class=\"wp-block-group has-background\" style=\"background-color:#fff8b873\"><div class=\"wp-block-group__inner-container is-layout-constrained wp-block-group-is-layout-constrained\">\n<div class=\"wp-block-media-text\" style=\"grid-template-columns:21% auto\"><figure class=\"wp-block-media-text__media\"><img decoding=\"async\" width=\"500\" height=\"500\" src=\"https:\/\/cj.estrategia.com\/portal\/wp-content\/uploads\/2024\/11\/24210524\/Design-sem-nome-9.png\" alt=\"\" class=\"wp-image-85165 size-full\" srcset=\"https:\/\/cj.estrategia.com\/portal\/wp-content\/uploads\/2024\/11\/24210524\/Design-sem-nome-9.png 500w, https:\/\/cj.estrategia.com\/portal\/wp-content\/uploads\/2024\/11\/24210524\/Design-sem-nome-9-300x300.png 300w, https:\/\/cj.estrategia.com\/portal\/wp-content\/uploads\/2024\/11\/24210524\/Design-sem-nome-9-150x150.png 150w, https:\/\/cj.estrategia.com\/portal\/wp-content\/uploads\/2024\/11\/24210524\/Design-sem-nome-9-80x80.png 80w, https:\/\/cj.estrategia.com\/portal\/wp-content\/uploads\/2024\/11\/24210524\/Design-sem-nome-9-380x380.png 380w, https:\/\/cj.estrategia.com\/portal\/wp-content\/uploads\/2024\/11\/24210524\/Design-sem-nome-9-24x24.png 24w, https:\/\/cj.estrategia.com\/portal\/wp-content\/uploads\/2024\/11\/24210524\/Design-sem-nome-9-48x48.png 48w, https:\/\/cj.estrategia.com\/portal\/wp-content\/uploads\/2024\/11\/24210524\/Design-sem-nome-9-96x96.png 96w\" sizes=\"(max-width: 500px) 100vw, 500px\" \/><\/figure><div class=\"wp-block-media-text__content\">\n<p class=\"has-text-align-center\"><a href=\"https:\/\/docs.google.com\/spreadsheets\/d\/1dcl8jgaZYCd5nucPqsWDBa6Y8xYCrXx9\/edit?gid=223834867#gid=223834867\">A lista c<\/a><a href=\"https:\/\/docs.google.com\/spreadsheets\/d\/1dcl8jgaZYCd5nucPqsWDBa6Y8xYCrXx9\/edit?gid=223834867#gid=223834867\" target=\"_blank\" >ompleta pode ser vista aqui<\/a><\/p>\n<\/div><\/div>\n<\/div><\/div>\n\n\n\n<p>Aos defensores dos benef\u00edcios fiscais, n\u00e3o se pode ignorar que existe uma correla\u00e7\u00e3o dessa desonera\u00e7\u00e3o com a taxa de desemprego, que hoje est\u00e1 em 6,4% segundo o IBGE, um dos menores n\u00edveis da hist\u00f3ria.<\/p>\n\n\n\n<p>Na nossa seara, o que se cumpre aqui \u00e9 fazer uma an\u00e1lise a partir do Direito Tribut\u00e1rio e do Direito Financeiro sobre o tema \u201cbenef\u00edcios fiscais\u201d.<\/p>\n\n\n\n<h3 class=\"wp-block-heading\" id=\"h-ok-mas-quais-sao-os-fundamentos-juridicos-que-regulamentam-a-concessao-destes-beneficios-no-brasil-e-possivel-ficar-livremente-dando-beneficios-fiscais\" style=\"font-style:normal;font-weight:400\"><span id=\"ok-mas-quais-sao-os-fundamentos-juridicos-que-regulamentam-a-concessao-destes-beneficios-no-brasil-e-possivel-ficar-livremente-dando-beneficios-fiscais\"><strong><em>Ok, mas quais s\u00e3o os fundamentos jur\u00eddicos que regulamentam a concess\u00e3o destes benef\u00edcios no Brasil? \u00c9 poss\u00edvel ficar livremente dando benef\u00edcios fiscais?<\/em><\/strong><\/span><\/h3>\n\n\n\n<p>Para responder a esta indaga\u00e7\u00e3o, precisamos inicialmente compreender o que a Constitui\u00e7\u00e3o Federal estabelece sobre o tema. O art. 150, \u00a76\u00ba \u00e9 cristalino ao determinar:<\/p>\n\n\n\n<div class=\"wp-block-group is-style-cnvs-block-bordered\"><div class=\"wp-block-group__inner-container is-layout-constrained wp-block-group-is-layout-constrained\">\n<p>&#8220;Qualquer subs\u00eddio ou isen\u00e7\u00e3o, redu\u00e7\u00e3o de base de c\u00e1lculo, concess\u00e3o de cr\u00e9dito presumido, anistia ou remiss\u00e3o, relativos a impostos, taxas ou contribui\u00e7\u00f5es, s\u00f3 poder\u00e1 ser concedido mediante lei espec\u00edfica, federal, estadual ou municipal, que regule exclusivamente as mat\u00e9rias acima enumeradas ou o correspondente tributo ou contribui\u00e7\u00e3o.&#8221;<\/p>\n<\/div><\/div>\n\n\n\n<p>Ou seja, perceba que o legislador foi muito claro que muitas coisas podem ser \u201cbenef\u00edcio fiscal\u201d no nosso pa\u00eds. Veja, benef\u00edcios fiscais, no fundo, s\u00e3o instrumentos previstos em lei que reduzem a carga tribut\u00e1ria de determinados contribuintes ou setores econ\u00f4micos com o objetivo de promover pol\u00edticas p\u00fablicas, estimular o desenvolvimento econ\u00f4mico ou corrigir desigualdades sociais.&nbsp;<\/p>\n\n\n\n<p>Exemplos pr\u00e1ticos, incluem isen\u00e7\u00f5es de impostos, como a isen\u00e7\u00e3o de IPTU para aposentados com baixa renda, ou a redu\u00e7\u00e3o da base de c\u00e1lculo do ICMS para produtos da cesta b\u00e1sica, como arroz e feij\u00e3o, que visa tornar esses itens mais acess\u00edveis \u00e0 popula\u00e7\u00e3o.&nbsp;<\/p>\n\n\n\n<p>Tamb\u00e9m se enquadram nessa categoria os cr\u00e9ditos presumidos, como os concedidos a empresas exportadoras para incentivar a competitividade internacional, que \u00e9 o caso da maioria dos benef\u00edcios fiscais adotados no nosso pa\u00eds, hoje.<\/p>\n\n\n\n<p>Lado outro, benef\u00edcios fiscais podem incluir anistias e remiss\u00f5es de d\u00e9bitos tribut\u00e1rios.&nbsp;<\/p>\n\n\n\n<div class=\"wp-block-group is-style-cnvs-block-bordered\"><div class=\"wp-block-group__inner-container is-layout-constrained wp-block-group-is-layout-constrained\">\n<p><strong>Por exemplo, um munic\u00edpio pode conceder anistia de multas para pequenos empres\u00e1rios que regularizem sua situa\u00e7\u00e3o fiscal at\u00e9 uma data espec\u00edfica, ou remiss\u00e3o de d\u00edvidas de IPTU em \u00e1reas afetadas por desastres naturais, como enchentes, como por exemplo o que aconteceu no Rio Grande do Sul devido \u00e0s enchentes de abril de 2024.&nbsp;<\/strong><\/p>\n\n\n\n<p><a href=\"https:\/\/www.estado.rs.gov.br\/devolucao-do-icms-a-pessoas-atingidas-pelas-enchentes-que-compraram-eletrodomesticos-comeca-segunda-19-8#:~:text=Cada%20cidad%C3%A3o%20pode%20ter%20uma,Grande%20do%20Sul%20do%20futuro.\"><strong>E isso aconteceu a t\u00edtulo de ICMS, no Rio grande do Sul<\/strong>.<\/a><\/p>\n<\/div><\/div>\n\n\n\n<p>Contudo, como visto, a Constitui\u00e7\u00e3o Federal exige que tais benef\u00edcios sejam concedidos exclusivamente por meio de lei espec\u00edfica, respeitando os princ\u00edpios da legalidade e da transpar\u00eancia fiscal, conforme disposto no artigo 150, \u00a76\u00ba. Dessa forma, o objetivo \u00e9 garantir que a concess\u00e3o desses benef\u00edcios esteja devidamente regulamentada e seja utilizada de maneira respons\u00e1vel.<\/p>\n\n\n\n<p>Ent\u00e3o, por exemplo, n\u00e3o \u00e9 poss\u00edvel que uma lei que trate sobre a \u201ccria\u00e7\u00e3o de uma pra\u00e7a municipal\u201d ela estipule um benef\u00edcio fiscal, porque isso seria \u201cdisfar\u00e7ar\u201d um benef\u00edcio fiscal que precisa de uma lei espec\u00edfica.<\/p>\n\n\n\n<p>Isto \u00e9, torna-se necess\u00e1rio que haja somente uma lei para tratar do assunto benef\u00edcio fiscal. Isso evita o que chamamos de \u201cor\u00e7amentos rabilongos\u201d, ou t\u00e9cnicas que escondam benef\u00edcios tribut\u00e1rios \u00e0s escuras.<\/p>\n\n\n\n<h3 class=\"wp-block-heading\" id=\"h-mas-aqui-surge-outro-questionamento-fundamental-quais-sao-os-requisitos-especificos-para-a-concessao-destes-beneficios\" style=\"font-style:normal;font-weight:400\"><span id=\"mas-aqui-surge-outro-questionamento-fundamental-quais-sao-os-requisitos-especificos-para-a-concessao-destes-beneficios\"><strong><em>Mas aqui surge outro questionamento fundamental: quais s\u00e3o os requisitos espec\u00edficos para a concess\u00e3o destes benef\u00edcios?<\/em><\/strong><\/span><\/h3>\n\n\n\n<p>A Lei de Responsabilidade Fiscal (LC 101\/2000) estabelece em seu art. 14 crit\u00e9rios rigorosos:<\/p>\n\n\n\n<pre class=\"wp-block-preformatted\">\"A concess\u00e3o ou amplia\u00e7\u00e3o de incentivo ou benef\u00edcio de natureza tribut\u00e1ria da qual decorra ren\u00fancia de receita dever\u00e1 estar acompanhada de estimativa do impacto or\u00e7ament\u00e1rio-financeiro no exerc\u00edcio em que deva iniciar sua vig\u00eancia e nos dois seguintes, atender ao disposto na lei de diretrizes or\u00e7ament\u00e1rias e a pelo menos uma das seguintes condi\u00e7\u00f5es:&nbsp;\n\nI - demonstra\u00e7\u00e3o pelo proponente de que a ren\u00fancia foi considerada na estimativa de receita da lei or\u00e7ament\u00e1ria e de que n\u00e3o afetar\u00e1 as metas de resultados fiscais;&nbsp;\n\nII - estar acompanhada de medidas de compensa\u00e7\u00e3o.\"<\/pre>\n\n\n\n<p>Assim, os <strong>requisitos legais podem ser divididos em <mark style=\"background-color:rgba(0, 0, 0, 0);color:#003acb\" class=\"has-inline-color\">tr\u00eas etapas fundamentais<\/mark>.<\/strong> <\/p>\n\n\n\n<div class=\"wp-block-group is-style-cnvs-block-bordered\"><div class=\"wp-block-group__inner-container is-layout-constrained wp-block-group-is-layout-constrained\">\n<p><mark style=\"background-color:#8ed1fc\" class=\"has-inline-color\">Primeiro<\/mark>, a concess\u00e3o ou amplia\u00e7\u00e3o do benef\u00edcio deve estar acompanhada de uma <strong>estimativa do impacto or\u00e7ament\u00e1rio-financeiro<\/strong>, abrangendo tanto o exerc\u00edcio em que o benef\u00edcio come\u00e7ar\u00e1 a valer quanto os dois exerc\u00edcios subsequentes. Isso \u00e9 importante para que o governo possa prever e controlar os efeitos da redu\u00e7\u00e3o de receita.\u00a0<\/p>\n<\/div><\/div>\n\n\n\n<div class=\"wp-block-group is-style-cnvs-block-bg-light\"><div class=\"wp-block-group__inner-container is-layout-constrained wp-block-group-is-layout-constrained\">\n<p><strong>Ou seja, os benef\u00edcios fiscais devem ser considerados o QUANTUM ser\u00e1 deixado de arrecadar, sob pena de ser algo irrespons\u00e1vel<\/strong>.<\/p>\n<\/div><\/div>\n\n\n\n<div class=\"wp-block-group is-style-cnvs-block-bordered\"><div class=\"wp-block-group__inner-container is-layout-constrained wp-block-group-is-layout-constrained\">\n<p><mark style=\"background-color:#8ed1fc\" class=\"has-inline-color has-black-color\">Segundo<\/mark>, o benef\u00edcio precisa <strong>respeitar as disposi\u00e7\u00f5es da Lei de Diretrizes Or\u00e7ament\u00e1rias (LDO)<\/strong>, que \u00e9 o documento que orienta as prioridades fiscais e or\u00e7ament\u00e1rias anuais.<\/p>\n<\/div><\/div>\n\n\n\n<div class=\"wp-block-group is-style-cnvs-block-bordered\"><div class=\"wp-block-group__inner-container is-layout-constrained wp-block-group-is-layout-constrained\">\n<p><mark style=\"background-color:#8ed1fc\" class=\"has-inline-color\">Por fim<\/mark>, deve <strong>atender a uma das seguintes condi\u00e7\u00f5es:\u00a0<\/strong><\/p>\n\n\n\n<ul class=\"wp-block-list\">\n<li>demonstrar que a <strong>ren\u00fancia j\u00e1 foi considerada na estimativa de receitas <\/strong>e <strong>n\u00e3o prejudicar\u00e1 as metas fiscais previstas<\/strong>, <mark style=\"background-color:rgba(0, 0, 0, 0)\" class=\"has-inline-color has-vivid-red-color\"><strong>OU<\/strong><\/mark><\/li>\n\n\n\n<li>apresentar <strong>medidas de compensa\u00e7\u00e3o<\/strong>, como a cria\u00e7\u00e3o de novas fontes de receita ou a redu\u00e7\u00e3o de despesas p\u00fablicas.&nbsp;<\/li>\n<\/ul>\n<\/div><\/div>\n\n\n\n<div class=\"wp-block-group is-style-cnvs-block-bg-light\"><div class=\"wp-block-group__inner-container is-layout-constrained wp-block-group-is-layout-constrained\">\n<p><strong>Os casos s\u00e3o bem pr\u00e1ticos, ou seja, n\u00e3o ir\u00e3o prejudicar o cumprimento das metas no or\u00e7amento.<\/strong><\/p>\n\n\n\n<p><strong>E que, ou n\u00f3s AUMENTAMOS o valor de tributos\/fonte de receitas em outros casos, ou n\u00f3s REDUZIMOS o nosso gasto cortando gastos.<\/strong><\/p>\n<\/div><\/div>\n\n\n\n<p>Inclusive, vale afirmar que o art. 14 da LRF que influenciou tamb\u00e9m o art. 113 do ADCT \u00e9 v\u00e1lido para todos os entes da federa\u00e7\u00e3o, conforme entendimento do STF:<\/p>\n\n\n\n<pre class=\"wp-block-preformatted\">A aus\u00eancia de pr\u00e9via estimativa de impacto financeiro e or\u00e7ament\u00e1rio na proposta legislativa que implique ren\u00fancia de receita tribut\u00e1ria acarreta inconstitucionalidade formal, nos termos do art.&nbsp;113&nbsp;do&nbsp;ADCT, que \u00e9 aplic\u00e1vel a todos os entes federativos.\n<strong>STF. Plen\u00e1rio. RE 1.343.429\/SP, Rel. Min. Dias Toffoli, julgado em 9\/04\/2024 (Info 1131).<\/strong><\/pre>\n\n\n\n<figure class=\"wp-block-table is-style-regular cnvs-block-core-table-1732491487508\" style=\"font-style:normal;font-weight:100\"><table><thead><tr><th>Como o tema j\u00e1 caiu em provas:<\/th><\/tr><\/thead><tbody><tr><td><strong>COPEVE-UFAL &#8211; 2022 &#8211; TCE-AL<\/strong><br><strong><br><\/strong>De acordo com entendimento firmado pelo Supremo Tribunal Federal, \u00e9 constitucional lei estadual que concede benef\u00edcio fiscal sem a pr\u00e9via estimativa de impacto or\u00e7ament\u00e1rio e financeiro exigida pelo Art. 113 do ADCT, quando presentes motivos considerados socialmente relevantes pelo chefe do Poder Executivo, observadas as demais exig\u00eancias constitucionais e legais .<br><br><strong>Gabarito: Errado<\/strong><\/td><\/tr><\/tbody><\/table><\/figure>\n\n\n\n<p>Portanto, fique ligado, n\u00e3o s\u00f3 do ponto de vista do dia a dia pr\u00e1tico \u00e9 importante, bem como nas provas esse tema CAI BASTANTE!<\/p>\n\n\n\n<p><mark style=\"background-color:rgba(0, 0, 0, 0)\" class=\"has-inline-color has-white-color\">benef\u00edcios fiscais<\/mark><\/p>\n\n\n\n<p class=\"has-text-align-center\" style=\"font-size:26px\"><strong>Quer estudar para Concursos de Direito?<\/strong><\/p>\n\n\n\n<p class=\"has-text-align-center\">Confira nossos&nbsp;<a href=\"https:\/\/cj.estrategia.com\/portal\/\" target=\"_blank\" >artigos para Carreiras Jur\u00eddicas<\/a>!<\/p>\n\n\n\n<p class=\"has-text-align-center has-white-color has-pale-cyan-blue-background-color has-text-color has-background has-link-color wp-elements-1452b92fd003dcb03b27128cfbd399ee\"><a href=\"https:\/\/www.estrategiaconcursos.com.br\/blog\/concursos-abertos\/\" target=\"_blank\" ><strong>Confira os concursos p\u00fablicos abertos<\/strong><\/a><\/p>\n\n\n\n<p class=\"has-text-align-center has-white-color has-pale-cyan-blue-background-color has-text-color has-background has-link-color wp-elements-4342691eed34cfab132bf084a4b5a528\"><a href=\"https:\/\/cj.estrategia.com\/portal\/concursos-2025-carreiras-juridicas\/\" target=\"_blank\" ><strong>Concursos 2025<\/strong><\/a><\/p>\n\n\n\n<p>O Estrat\u00e9gia Carreira Jur\u00eddica \u00e9 campe\u00e3o de aprova\u00e7\u00f5es nos concursos para Carreiras Jur\u00eddicas com um corpo docente qualificado e materiais completos. Conhe\u00e7a nossos cursos e garanta sua aprova\u00e7\u00e3o:<\/p>\n\n\n\n<div class=\"wp-block-cover\" style=\"min-height:155px;aspect-ratio:unset;\"><img decoding=\"async\" width=\"1890\" height=\"351\" class=\"wp-block-cover__image-background wp-image-8669\" alt=\"Assinaturas Jur\u00eddicas\" src=\"https:\/\/cj.estrategia.com\/portal\/wp-content\/uploads\/2022\/06\/20151253\/concurso-carreiras-juridicas-assinatura-juridica.jpg\" style=\"object-position:78% 43%\" data-object-fit=\"cover\" data-object-position=\"78% 43%\" srcset=\"https:\/\/cj.estrategia.com\/portal\/wp-content\/uploads\/2022\/06\/20151253\/concurso-carreiras-juridicas-assinatura-juridica.jpg 1890w, https:\/\/cj.estrategia.com\/portal\/wp-content\/uploads\/2022\/06\/20151253\/concurso-carreiras-juridicas-assinatura-juridica-300x56.jpg 300w, https:\/\/cj.estrategia.com\/portal\/wp-content\/uploads\/2022\/06\/20151253\/concurso-carreiras-juridicas-assinatura-juridica-1024x190.jpg 1024w, https:\/\/cj.estrategia.com\/portal\/wp-content\/uploads\/2022\/06\/20151253\/concurso-carreiras-juridicas-assinatura-juridica-768x143.jpg 768w, https:\/\/cj.estrategia.com\/portal\/wp-content\/uploads\/2022\/06\/20151253\/concurso-carreiras-juridicas-assinatura-juridica-1536x285.jpg 1536w, https:\/\/cj.estrategia.com\/portal\/wp-content\/uploads\/2022\/06\/20151253\/concurso-carreiras-juridicas-assinatura-juridica-380x71.jpg 380w, https:\/\/cj.estrategia.com\/portal\/wp-content\/uploads\/2022\/06\/20151253\/concurso-carreiras-juridicas-assinatura-juridica-800x149.jpg 800w, https:\/\/cj.estrategia.com\/portal\/wp-content\/uploads\/2022\/06\/20151253\/concurso-carreiras-juridicas-assinatura-juridica-1160x215.jpg 1160w\" sizes=\"(max-width: 1890px) 100vw, 1890px\" \/><span aria-hidden=\"true\" class=\"wp-block-cover__background has-background-dim\"><\/span><div class=\"wp-block-cover__inner-container is-layout-flow wp-block-cover-is-layout-flow\">\n<h3 id=\"faca-a-sua-assinatura\" class=\"titulo-assinatura\"><span style=\"color: #ffffff;\">Fa\u00e7a a sua assinatura!<\/span><\/h3>\n<p class=\"subtitulo-assinatura\" style=\"display:block!important; line-height: 0;\"><span style=\"color: #ffffff;\">Escolha a sua \u00e1rea.<\/span><\/p>\n<a target=\"_blank\" href=\"https:\/\/www.estrategiaconcursos.com.br\/assinaturas-ecj\/\" rel=\"noopener\"><button style=\"border-radius: 10px; text-transform: capitalize;\">Acessar<\/button><\/a>\n<\/div><\/div>\n\n\n\n<div id=\"boxes\" class=\"container\">\n<div class=\"row\">\n<div class=\"col-sm\">\n<div id=\"box-assinatura\" class=\"banner-estrategia-concursos-juridicos\">\n<h3 id=\"curso-para-carreiras-juridicas\" class=\"titulo-assinatura\"><span style=\"color: #ffffff; font-size: 23px; \">Curso para Carreiras Jur\u00eddicas<\/span><\/h3>\n<p class=\"subtitulo-assinatura\">Cursos focados no edital do concurso<\/p>\n<div class=\"box-botao\"><a class=\"btn-assinatura-juridica\" role=\"button\" href=\"https:\/\/cj.estrategia.com\/cursos\/\" target=\"_blank\" rel=\"noopener noreferrer\">Conhe\u00e7a mais<\/a><\/div>\n<\/div>\n<p class=\"texto-auxiliar\">Prepare-se com o melhor material e com quem mais aprova em concursos em todo o pa\u00eds.<\/p>\n<\/div>\n<\/div>\n<\/div>\n","protected":false},"excerpt":{"rendered":"Recentemente, houve um certo choque da sociedade com a divulga\u00e7\u00e3o de informa\u00e7\u00f5es relativas a BENEF\u00cdCIOS FISCAIS. Em s\u00edntese,&hellip;\n","protected":false},"author":93,"featured_media":85123,"comment_status":"open","ping_status":"open","sticky":false,"template":"","format":"standard","meta":{"_jetpack_memberships_contains_paid_content":false,"footnotes":""},"categories":[1],"tags":[336,1510,1512,1511],"tax_estado":[30,31,32,33,34,35,36,37,38,39,40,41,42,43,44,45,46,47,48,49,50,51,52,53,54,55,56,57],"class_list":{"0":"post-85092","1":"post","2":"type-post","3":"status-publish","4":"format-standard","5":"has-post-thumbnail","7":"category-carreiras-juridicas","8":"tag-analise-juridica","9":"tag-beneficios-fiscais","10":"tag-ldo","11":"tag-receita-federal","12":"tax_estado-ac","13":"tax_estado-al","14":"tax_estado-am","15":"tax_estado-ap","16":"tax_estado-ba","17":"tax_estado-ce","18":"tax_estado-concursos-federais","19":"tax_estado-df","20":"tax_estado-es","21":"tax_estado-go","22":"tax_estado-ma","23":"tax_estado-mg","24":"tax_estado-ms","25":"tax_estado-mt","26":"tax_estado-pa","27":"tax_estado-pb","28":"tax_estado-pe","29":"tax_estado-pi","30":"tax_estado-pr","31":"tax_estado-rj","32":"tax_estado-rn","33":"tax_estado-ro","34":"tax_estado-rr","35":"tax_estado-rs","36":"tax_estado-sc","37":"tax_estado-se","38":"tax_estado-sp","39":"tax_estado-to"},"acf":[],"yoast_head":"<!-- This site is optimized with the Yoast SEO Premium plugin v27.4 (Yoast SEO v27.4) - https:\/\/yoast.com\/product\/yoast-seo-premium-wordpress\/ -->\n<title>Benef\u00edcios Fiscais: Lista \u00e9 divulgada pela 1\u2060\u00aa vez na hist\u00f3ria<\/title>\n<meta name=\"description\" content=\"Entenda o impacto da divulga\u00e7\u00e3o dos benef\u00edcios fiscais no Brasil, seus fundamentos, efeitos econ\u00f4micos e como pode ser explorado em provas.\" \/>\n<meta name=\"robots\" content=\"index, follow, max-snippet:-1, max-image-preview:large, max-video-preview:-1\" \/>\n<link rel=\"canonical\" href=\"https:\/\/cj.estrategia.com\/portal\/divulgacao-inedita-beneficios-fiscais\/\" \/>\n<meta property=\"og:locale\" content=\"pt_BR\" \/>\n<meta property=\"og:type\" content=\"article\" \/>\n<meta property=\"og:title\" content=\"Os maiores benef\u00edcios fiscais e como isso importa nas provas e na sua vida - An\u00e1lise Jur\u00eddica\" \/>\n<meta property=\"og:description\" content=\"Entenda o impacto da divulga\u00e7\u00e3o dos benef\u00edcios fiscais no Brasil, seus fundamentos, efeitos econ\u00f4micos e como pode ser explorado em provas.\" \/>\n<meta property=\"og:url\" content=\"https:\/\/cj.estrategia.com\/portal\/divulgacao-inedita-beneficios-fiscais\/\" \/>\n<meta property=\"og:site_name\" content=\"Blog - Carreiras Jur\u00eddicas - Estrat\u00e9gia\" \/>\n<meta property=\"article:publisher\" content=\"https:\/\/www.facebook.com\/estrategiacarreirajuridica\/\" \/>\n<meta property=\"article:published_time\" content=\"2024-11-25T00:11:52+00:00\" \/>\n<meta property=\"article:modified_time\" content=\"2025-01-07T20:25:20+00:00\" \/>\n<meta property=\"og:image\" content=\"https:\/\/cj.estrategia.com\/portal\/wp-content\/uploads\/2024\/11\/24202832\/hadad.jpg\" \/>\n\t<meta property=\"og:image:width\" content=\"675\" \/>\n\t<meta property=\"og:image:height\" content=\"450\" \/>\n\t<meta property=\"og:image:type\" content=\"image\/jpeg\" \/>\n<meta name=\"author\" content=\"Felipe Duque\" \/>\n<meta name=\"twitter:card\" content=\"summary_large_image\" \/>\n<meta name=\"twitter:creator\" content=\"@https:\/\/x.com\/ProfessorDuque\" \/>\n<meta name=\"twitter:site\" content=\"@EstratJuridica\" \/>\n<meta name=\"twitter:label1\" content=\"Escrito por\" \/>\n\t<meta name=\"twitter:data1\" content=\"Felipe Duque\" \/>\n\t<meta name=\"twitter:label2\" content=\"Est. tempo de leitura\" \/>\n\t<meta name=\"twitter:data2\" content=\"8 minutos\" \/>\n<script type=\"application\/ld+json\" class=\"yoast-schema-graph\">{\"@context\":\"https:\\\/\\\/schema.org\",\"@graph\":[{\"@type\":\"NewsArticle\",\"@id\":\"https:\\\/\\\/cj.estrategia.com\\\/portal\\\/divulgacao-inedita-beneficios-fiscais\\\/#article\",\"isPartOf\":{\"@id\":\"https:\\\/\\\/cj.estrategia.com\\\/portal\\\/divulgacao-inedita-beneficios-fiscais\\\/\"},\"author\":{\"name\":\"Felipe Duque\",\"@id\":\"https:\\\/\\\/cj.estrategia.com\\\/portal\\\/#\\\/schema\\\/person\\\/b5b0253b269d7130d1f7770b1ba29285\"},\"headline\":\"Os maiores benef\u00edcios fiscais e como isso importa nas provas e na sua vida &#8211; An\u00e1lise Jur\u00eddica\",\"datePublished\":\"2024-11-25T00:11:52+00:00\",\"dateModified\":\"2025-01-07T20:25:20+00:00\",\"mainEntityOfPage\":{\"@id\":\"https:\\\/\\\/cj.estrategia.com\\\/portal\\\/divulgacao-inedita-beneficios-fiscais\\\/\"},\"wordCount\":1361,\"commentCount\":0,\"publisher\":{\"@id\":\"https:\\\/\\\/cj.estrategia.com\\\/portal\\\/#organization\"},\"image\":{\"@id\":\"https:\\\/\\\/cj.estrategia.com\\\/portal\\\/divulgacao-inedita-beneficios-fiscais\\\/#primaryimage\"},\"thumbnailUrl\":\"https:\\\/\\\/cj.estrategia.com\\\/portal\\\/wp-content\\\/uploads\\\/2024\\\/11\\\/24202832\\\/hadad.jpg\",\"keywords\":[\"an\u00e1lise jur\u00eddica\",\"benef\u00edcios fiscais\",\"LDO\",\"receita federal\"],\"articleSection\":[\"Carreiras Jur\u00eddicas\"],\"inLanguage\":\"pt-BR\",\"potentialAction\":[{\"@type\":\"CommentAction\",\"name\":\"Comment\",\"target\":[\"https:\\\/\\\/cj.estrategia.com\\\/portal\\\/divulgacao-inedita-beneficios-fiscais\\\/#respond\"]}]},{\"@type\":\"WebPage\",\"@id\":\"https:\\\/\\\/cj.estrategia.com\\\/portal\\\/divulgacao-inedita-beneficios-fiscais\\\/\",\"url\":\"https:\\\/\\\/cj.estrategia.com\\\/portal\\\/divulgacao-inedita-beneficios-fiscais\\\/\",\"name\":\"Benef\u00edcios Fiscais: Lista \u00e9 divulgada pela 1\u2060\u00aa vez na hist\u00f3ria\",\"isPartOf\":{\"@id\":\"https:\\\/\\\/cj.estrategia.com\\\/portal\\\/#website\"},\"primaryImageOfPage\":{\"@id\":\"https:\\\/\\\/cj.estrategia.com\\\/portal\\\/divulgacao-inedita-beneficios-fiscais\\\/#primaryimage\"},\"image\":{\"@id\":\"https:\\\/\\\/cj.estrategia.com\\\/portal\\\/divulgacao-inedita-beneficios-fiscais\\\/#primaryimage\"},\"thumbnailUrl\":\"https:\\\/\\\/cj.estrategia.com\\\/portal\\\/wp-content\\\/uploads\\\/2024\\\/11\\\/24202832\\\/hadad.jpg\",\"datePublished\":\"2024-11-25T00:11:52+00:00\",\"dateModified\":\"2025-01-07T20:25:20+00:00\",\"description\":\"Entenda o impacto da divulga\u00e7\u00e3o dos benef\u00edcios fiscais no Brasil, seus fundamentos, efeitos econ\u00f4micos e como pode ser explorado em provas.\",\"breadcrumb\":{\"@id\":\"https:\\\/\\\/cj.estrategia.com\\\/portal\\\/divulgacao-inedita-beneficios-fiscais\\\/#breadcrumb\"},\"inLanguage\":\"pt-BR\",\"potentialAction\":[{\"@type\":\"ReadAction\",\"target\":[\"https:\\\/\\\/cj.estrategia.com\\\/portal\\\/divulgacao-inedita-beneficios-fiscais\\\/\"]}]},{\"@type\":\"ImageObject\",\"inLanguage\":\"pt-BR\",\"@id\":\"https:\\\/\\\/cj.estrategia.com\\\/portal\\\/divulgacao-inedita-beneficios-fiscais\\\/#primaryimage\",\"url\":\"https:\\\/\\\/cj.estrategia.com\\\/portal\\\/wp-content\\\/uploads\\\/2024\\\/11\\\/24202832\\\/hadad.jpg\",\"contentUrl\":\"https:\\\/\\\/cj.estrategia.com\\\/portal\\\/wp-content\\\/uploads\\\/2024\\\/11\\\/24202832\\\/hadad.jpg\",\"width\":675,\"height\":450},{\"@type\":\"BreadcrumbList\",\"@id\":\"https:\\\/\\\/cj.estrategia.com\\\/portal\\\/divulgacao-inedita-beneficios-fiscais\\\/#breadcrumb\",\"itemListElement\":[{\"@type\":\"ListItem\",\"position\":1,\"name\":\"In\u00edcio\",\"item\":\"https:\\\/\\\/cj.estrategia.com\\\/portal\\\/\"},{\"@type\":\"ListItem\",\"position\":2,\"name\":\"Os maiores benef\u00edcios fiscais e como isso importa nas provas e na sua vida &#8211; An\u00e1lise Jur\u00eddica\"}]},{\"@type\":\"WebSite\",\"@id\":\"https:\\\/\\\/cj.estrategia.com\\\/portal\\\/#website\",\"url\":\"https:\\\/\\\/cj.estrategia.com\\\/portal\\\/\",\"name\":\"Blog - Carreiras Jur\u00eddicas - Estrat\u00e9gia\",\"description\":\"\",\"publisher\":{\"@id\":\"https:\\\/\\\/cj.estrategia.com\\\/portal\\\/#organization\"},\"potentialAction\":[{\"@type\":\"SearchAction\",\"target\":{\"@type\":\"EntryPoint\",\"urlTemplate\":\"https:\\\/\\\/cj.estrategia.com\\\/portal\\\/?s={search_term_string}\"},\"query-input\":{\"@type\":\"PropertyValueSpecification\",\"valueRequired\":true,\"valueName\":\"search_term_string\"}}],\"inLanguage\":\"pt-BR\"},{\"@type\":\"Organization\",\"@id\":\"https:\\\/\\\/cj.estrategia.com\\\/portal\\\/#organization\",\"name\":\"Estrat\u00e9gia - Carreiras Jur\u00eddicas\",\"url\":\"https:\\\/\\\/cj.estrategia.com\\\/portal\\\/\",\"logo\":{\"@type\":\"ImageObject\",\"inLanguage\":\"pt-BR\",\"@id\":\"https:\\\/\\\/cj.estrategia.com\\\/portal\\\/#\\\/schema\\\/logo\\\/image\\\/\",\"url\":\"https:\\\/\\\/cj.estrategia.com\\\/portal\\\/wp-content\\\/uploads\\\/2022\\\/03\\\/11151052\\\/cj-logo.png\",\"contentUrl\":\"https:\\\/\\\/cj.estrategia.com\\\/portal\\\/wp-content\\\/uploads\\\/2022\\\/03\\\/11151052\\\/cj-logo.png\",\"width\":150,\"height\":39,\"caption\":\"Estrat\u00e9gia - Carreiras Jur\u00eddicas\"},\"image\":{\"@id\":\"https:\\\/\\\/cj.estrategia.com\\\/portal\\\/#\\\/schema\\\/logo\\\/image\\\/\"},\"sameAs\":[\"https:\\\/\\\/www.facebook.com\\\/estrategiacarreirajuridica\\\/\",\"https:\\\/\\\/x.com\\\/EstratJuridica\",\"https:\\\/\\\/www.instagram.com\\\/estrategiacarreirajuridica\\\/\",\"https:\\\/\\\/www.youtube.com\\\/channel\\\/UClbMGuYbj2Mh1m3w144ETWQ\"]},{\"@type\":\"Person\",\"@id\":\"https:\\\/\\\/cj.estrategia.com\\\/portal\\\/#\\\/schema\\\/person\\\/b5b0253b269d7130d1f7770b1ba29285\",\"name\":\"Felipe Duque\",\"image\":{\"@type\":\"ImageObject\",\"inLanguage\":\"pt-BR\",\"@id\":\"https:\\\/\\\/cj.estrategia.com\\\/portal\\\/wp-content\\\/uploads\\\/2024\\\/08\\\/06162009\\\/Captura-de-Tela-2024-08-06-as-16.19.26-96x96.png\",\"url\":\"https:\\\/\\\/cj.estrategia.com\\\/portal\\\/wp-content\\\/uploads\\\/2024\\\/08\\\/06162009\\\/Captura-de-Tela-2024-08-06-as-16.19.26-96x96.png\",\"contentUrl\":\"https:\\\/\\\/cj.estrategia.com\\\/portal\\\/wp-content\\\/uploads\\\/2024\\\/08\\\/06162009\\\/Captura-de-Tela-2024-08-06-as-16.19.26-96x96.png\",\"caption\":\"Felipe Duque\"},\"description\":\"Felipe Duque - Mestre em Direito Pol\u00edtico e Econ\u00f4mico na Mackenzie-SP. Graduado em Direito pela Universidade Cat\u00f3lica de Pernambuco, com conclus\u00e3o pelo regime de Aproveitamento Extraordin\u00e1rio nos Estudos (art. 47, \u00a7 2\u00ba, da Lei n\u00ba 9.394\\\/96). Ex-Assessor de Desembargador no TJPE. Procurador da Fazenda Nacional. Integra voluntariamente a Coordena\u00e7\u00e3o de Assuntos Estrat\u00e9gicos Judiciais da PGFN. Professor do Estrat\u00e9gia Carreira Jur\u00eddica, Estrat\u00e9gia OAB e Buscador Dizer o Direito. Autor do livro \u201cReforma Tribut\u00e1ria Comentada e Esquematizada\u201d, \\\"Manual de Processo Tribut\u00e1rio: Administrativo e Judicial\\\" pela editora Juspodivm Parecerista na Revista de Estudos Jur\u00eddicos do Superior Tribunal de Justi\u00e7a (REJuriSTJ)\",\"sameAs\":[\"http:\\\/\\\/lattes.cnpq.br\\\/5755137268084324\",\"https:\\\/\\\/www.instagram.com\\\/felipe_duque\\\/\",\"https:\\\/\\\/br.linkedin.com\\\/in\\\/felipe-duque-56954638\",\"https:\\\/\\\/x.com\\\/https:\\\/\\\/x.com\\\/ProfessorDuque\",\"https:\\\/\\\/www.youtube.com\\\/@felipeduque-experienciasco5797\"],\"url\":\"https:\\\/\\\/cj.estrategia.com\\\/portal\\\/author\\\/felipe-duque\\\/\"}]}<\/script>\n<!-- \/ Yoast SEO Premium plugin. -->","yoast_head_json":{"title":"Benef\u00edcios Fiscais: Lista \u00e9 divulgada pela 1\u2060\u00aa vez na hist\u00f3ria","description":"Entenda o impacto da divulga\u00e7\u00e3o dos benef\u00edcios fiscais no Brasil, seus fundamentos, efeitos econ\u00f4micos e como pode ser explorado em provas.","robots":{"index":"index","follow":"follow","max-snippet":"max-snippet:-1","max-image-preview":"max-image-preview:large","max-video-preview":"max-video-preview:-1"},"canonical":"https:\/\/cj.estrategia.com\/portal\/divulgacao-inedita-beneficios-fiscais\/","og_locale":"pt_BR","og_type":"article","og_title":"Os maiores benef\u00edcios fiscais e como isso importa nas provas e na sua vida - An\u00e1lise Jur\u00eddica","og_description":"Entenda o impacto da divulga\u00e7\u00e3o dos benef\u00edcios fiscais no Brasil, seus fundamentos, efeitos econ\u00f4micos e como pode ser explorado em provas.","og_url":"https:\/\/cj.estrategia.com\/portal\/divulgacao-inedita-beneficios-fiscais\/","og_site_name":"Blog - Carreiras Jur\u00eddicas - Estrat\u00e9gia","article_publisher":"https:\/\/www.facebook.com\/estrategiacarreirajuridica\/","article_published_time":"2024-11-25T00:11:52+00:00","article_modified_time":"2025-01-07T20:25:20+00:00","og_image":[{"width":675,"height":450,"url":"https:\/\/cj.estrategia.com\/portal\/wp-content\/uploads\/2024\/11\/24202832\/hadad.jpg","type":"image\/jpeg"}],"author":"Felipe Duque","twitter_card":"summary_large_image","twitter_creator":"@https:\/\/x.com\/ProfessorDuque","twitter_site":"@EstratJuridica","twitter_misc":{"Escrito por":"Felipe Duque","Est. tempo de leitura":"8 minutos"},"schema":{"@context":"https:\/\/schema.org","@graph":[{"@type":"NewsArticle","@id":"https:\/\/cj.estrategia.com\/portal\/divulgacao-inedita-beneficios-fiscais\/#article","isPartOf":{"@id":"https:\/\/cj.estrategia.com\/portal\/divulgacao-inedita-beneficios-fiscais\/"},"author":{"name":"Felipe Duque","@id":"https:\/\/cj.estrategia.com\/portal\/#\/schema\/person\/b5b0253b269d7130d1f7770b1ba29285"},"headline":"Os maiores benef\u00edcios fiscais e como isso importa nas provas e na sua vida &#8211; An\u00e1lise Jur\u00eddica","datePublished":"2024-11-25T00:11:52+00:00","dateModified":"2025-01-07T20:25:20+00:00","mainEntityOfPage":{"@id":"https:\/\/cj.estrategia.com\/portal\/divulgacao-inedita-beneficios-fiscais\/"},"wordCount":1361,"commentCount":0,"publisher":{"@id":"https:\/\/cj.estrategia.com\/portal\/#organization"},"image":{"@id":"https:\/\/cj.estrategia.com\/portal\/divulgacao-inedita-beneficios-fiscais\/#primaryimage"},"thumbnailUrl":"https:\/\/cj.estrategia.com\/portal\/wp-content\/uploads\/2024\/11\/24202832\/hadad.jpg","keywords":["an\u00e1lise jur\u00eddica","benef\u00edcios fiscais","LDO","receita federal"],"articleSection":["Carreiras Jur\u00eddicas"],"inLanguage":"pt-BR","potentialAction":[{"@type":"CommentAction","name":"Comment","target":["https:\/\/cj.estrategia.com\/portal\/divulgacao-inedita-beneficios-fiscais\/#respond"]}]},{"@type":"WebPage","@id":"https:\/\/cj.estrategia.com\/portal\/divulgacao-inedita-beneficios-fiscais\/","url":"https:\/\/cj.estrategia.com\/portal\/divulgacao-inedita-beneficios-fiscais\/","name":"Benef\u00edcios Fiscais: Lista \u00e9 divulgada pela 1\u2060\u00aa vez na hist\u00f3ria","isPartOf":{"@id":"https:\/\/cj.estrategia.com\/portal\/#website"},"primaryImageOfPage":{"@id":"https:\/\/cj.estrategia.com\/portal\/divulgacao-inedita-beneficios-fiscais\/#primaryimage"},"image":{"@id":"https:\/\/cj.estrategia.com\/portal\/divulgacao-inedita-beneficios-fiscais\/#primaryimage"},"thumbnailUrl":"https:\/\/cj.estrategia.com\/portal\/wp-content\/uploads\/2024\/11\/24202832\/hadad.jpg","datePublished":"2024-11-25T00:11:52+00:00","dateModified":"2025-01-07T20:25:20+00:00","description":"Entenda o impacto da divulga\u00e7\u00e3o dos benef\u00edcios fiscais no Brasil, seus fundamentos, efeitos econ\u00f4micos e como pode ser explorado em provas.","breadcrumb":{"@id":"https:\/\/cj.estrategia.com\/portal\/divulgacao-inedita-beneficios-fiscais\/#breadcrumb"},"inLanguage":"pt-BR","potentialAction":[{"@type":"ReadAction","target":["https:\/\/cj.estrategia.com\/portal\/divulgacao-inedita-beneficios-fiscais\/"]}]},{"@type":"ImageObject","inLanguage":"pt-BR","@id":"https:\/\/cj.estrategia.com\/portal\/divulgacao-inedita-beneficios-fiscais\/#primaryimage","url":"https:\/\/cj.estrategia.com\/portal\/wp-content\/uploads\/2024\/11\/24202832\/hadad.jpg","contentUrl":"https:\/\/cj.estrategia.com\/portal\/wp-content\/uploads\/2024\/11\/24202832\/hadad.jpg","width":675,"height":450},{"@type":"BreadcrumbList","@id":"https:\/\/cj.estrategia.com\/portal\/divulgacao-inedita-beneficios-fiscais\/#breadcrumb","itemListElement":[{"@type":"ListItem","position":1,"name":"In\u00edcio","item":"https:\/\/cj.estrategia.com\/portal\/"},{"@type":"ListItem","position":2,"name":"Os maiores benef\u00edcios fiscais e como isso importa nas provas e na sua vida &#8211; An\u00e1lise Jur\u00eddica"}]},{"@type":"WebSite","@id":"https:\/\/cj.estrategia.com\/portal\/#website","url":"https:\/\/cj.estrategia.com\/portal\/","name":"Blog - Carreiras Jur\u00eddicas - Estrat\u00e9gia","description":"","publisher":{"@id":"https:\/\/cj.estrategia.com\/portal\/#organization"},"potentialAction":[{"@type":"SearchAction","target":{"@type":"EntryPoint","urlTemplate":"https:\/\/cj.estrategia.com\/portal\/?s={search_term_string}"},"query-input":{"@type":"PropertyValueSpecification","valueRequired":true,"valueName":"search_term_string"}}],"inLanguage":"pt-BR"},{"@type":"Organization","@id":"https:\/\/cj.estrategia.com\/portal\/#organization","name":"Estrat\u00e9gia - Carreiras Jur\u00eddicas","url":"https:\/\/cj.estrategia.com\/portal\/","logo":{"@type":"ImageObject","inLanguage":"pt-BR","@id":"https:\/\/cj.estrategia.com\/portal\/#\/schema\/logo\/image\/","url":"https:\/\/cj.estrategia.com\/portal\/wp-content\/uploads\/2022\/03\/11151052\/cj-logo.png","contentUrl":"https:\/\/cj.estrategia.com\/portal\/wp-content\/uploads\/2022\/03\/11151052\/cj-logo.png","width":150,"height":39,"caption":"Estrat\u00e9gia - Carreiras Jur\u00eddicas"},"image":{"@id":"https:\/\/cj.estrategia.com\/portal\/#\/schema\/logo\/image\/"},"sameAs":["https:\/\/www.facebook.com\/estrategiacarreirajuridica\/","https:\/\/x.com\/EstratJuridica","https:\/\/www.instagram.com\/estrategiacarreirajuridica\/","https:\/\/www.youtube.com\/channel\/UClbMGuYbj2Mh1m3w144ETWQ"]},{"@type":"Person","@id":"https:\/\/cj.estrategia.com\/portal\/#\/schema\/person\/b5b0253b269d7130d1f7770b1ba29285","name":"Felipe Duque","image":{"@type":"ImageObject","inLanguage":"pt-BR","@id":"https:\/\/cj.estrategia.com\/portal\/wp-content\/uploads\/2024\/08\/06162009\/Captura-de-Tela-2024-08-06-as-16.19.26-96x96.png","url":"https:\/\/cj.estrategia.com\/portal\/wp-content\/uploads\/2024\/08\/06162009\/Captura-de-Tela-2024-08-06-as-16.19.26-96x96.png","contentUrl":"https:\/\/cj.estrategia.com\/portal\/wp-content\/uploads\/2024\/08\/06162009\/Captura-de-Tela-2024-08-06-as-16.19.26-96x96.png","caption":"Felipe Duque"},"description":"Felipe Duque - Mestre em Direito Pol\u00edtico e Econ\u00f4mico na Mackenzie-SP. Graduado em Direito pela Universidade Cat\u00f3lica de Pernambuco, com conclus\u00e3o pelo regime de Aproveitamento Extraordin\u00e1rio nos Estudos (art. 47, \u00a7 2\u00ba, da Lei n\u00ba 9.394\/96). Ex-Assessor de Desembargador no TJPE. Procurador da Fazenda Nacional. Integra voluntariamente a Coordena\u00e7\u00e3o de Assuntos Estrat\u00e9gicos Judiciais da PGFN. Professor do Estrat\u00e9gia Carreira Jur\u00eddica, Estrat\u00e9gia OAB e Buscador Dizer o Direito. Autor do livro \u201cReforma Tribut\u00e1ria Comentada e Esquematizada\u201d, \"Manual de Processo Tribut\u00e1rio: Administrativo e Judicial\" pela editora Juspodivm Parecerista na Revista de Estudos Jur\u00eddicos do Superior Tribunal de Justi\u00e7a (REJuriSTJ)","sameAs":["http:\/\/lattes.cnpq.br\/5755137268084324","https:\/\/www.instagram.com\/felipe_duque\/","https:\/\/br.linkedin.com\/in\/felipe-duque-56954638","https:\/\/x.com\/https:\/\/x.com\/ProfessorDuque","https:\/\/www.youtube.com\/@felipeduque-experienciasco5797"],"url":"https:\/\/cj.estrategia.com\/portal\/author\/felipe-duque\/"}]}},"jetpack_featured_media_url":"https:\/\/cj.estrategia.com\/portal\/wp-content\/uploads\/2024\/11\/24202832\/hadad.jpg","jetpack_sharing_enabled":true,"_links":{"self":[{"href":"https:\/\/cj.estrategia.com\/portal\/wp-json\/wp\/v2\/posts\/85092","targetHints":{"allow":["GET"]}}],"collection":[{"href":"https:\/\/cj.estrategia.com\/portal\/wp-json\/wp\/v2\/posts"}],"about":[{"href":"https:\/\/cj.estrategia.com\/portal\/wp-json\/wp\/v2\/types\/post"}],"author":[{"embeddable":true,"href":"https:\/\/cj.estrategia.com\/portal\/wp-json\/wp\/v2\/users\/93"}],"replies":[{"embeddable":true,"href":"https:\/\/cj.estrategia.com\/portal\/wp-json\/wp\/v2\/comments?post=85092"}],"version-history":[{"count":65,"href":"https:\/\/cj.estrategia.com\/portal\/wp-json\/wp\/v2\/posts\/85092\/revisions"}],"predecessor-version":[{"id":85174,"href":"https:\/\/cj.estrategia.com\/portal\/wp-json\/wp\/v2\/posts\/85092\/revisions\/85174"}],"wp:featuredmedia":[{"embeddable":true,"href":"https:\/\/cj.estrategia.com\/portal\/wp-json\/wp\/v2\/media\/85123"}],"wp:attachment":[{"href":"https:\/\/cj.estrategia.com\/portal\/wp-json\/wp\/v2\/media?parent=85092"}],"wp:term":[{"taxonomy":"category","embeddable":true,"href":"https:\/\/cj.estrategia.com\/portal\/wp-json\/wp\/v2\/categories?post=85092"},{"taxonomy":"post_tag","embeddable":true,"href":"https:\/\/cj.estrategia.com\/portal\/wp-json\/wp\/v2\/tags?post=85092"},{"taxonomy":"tax_estado","embeddable":true,"href":"https:\/\/cj.estrategia.com\/portal\/wp-json\/wp\/v2\/tax_estado?post=85092"}],"curies":[{"name":"wp","href":"https:\/\/api.w.org\/{rel}","templated":true}]}}