{"id":84143,"date":"2024-11-16T23:58:01","date_gmt":"2024-11-17T02:58:01","guid":{"rendered":"https:\/\/cj.estrategia.com\/portal\/?p=84143"},"modified":"2024-12-01T12:52:38","modified_gmt":"2024-12-01T15:52:38","slug":"fazenda-arbitrar-valor-itcmd","status":"publish","type":"post","link":"https:\/\/cj.estrategia.com\/portal\/fazenda-arbitrar-valor-itcmd\/","title":{"rendered":"REsp 2.580.956 \u2013 Fazenda pode arbitrar o valor do ITCMD se o valor venal diferir do valor de mercado"},"content":{"rendered":"\n<p><em>Decis\u00e3o do STJ no REsp 2.580.956 confirma que a Fazenda P\u00fablica pode arbitrar o valor do ITCMD caso o valor venal do im\u00f3vel seja inferior ao valor de mercado.<\/em><\/p>\n\n\n\n<figure class=\"wp-block-image size-large\"><img decoding=\"async\" width=\"1024\" height=\"683\" src=\"https:\/\/cj.estrategia.com\/portal\/wp-content\/uploads\/2024\/11\/16234259\/closeup-shot-person-writing-book-with-gavel-table-1-1-1024x683.jpg\" alt=\"ITCMD\" class=\"wp-image-84151\" srcset=\"https:\/\/cj.estrategia.com\/portal\/wp-content\/uploads\/2024\/11\/16234259\/closeup-shot-person-writing-book-with-gavel-table-1-1-1024x683.jpg 1024w, https:\/\/cj.estrategia.com\/portal\/wp-content\/uploads\/2024\/11\/16234259\/closeup-shot-person-writing-book-with-gavel-table-1-1-300x200.jpg 300w, https:\/\/cj.estrategia.com\/portal\/wp-content\/uploads\/2024\/11\/16234259\/closeup-shot-person-writing-book-with-gavel-table-1-1-768x512.jpg 768w, https:\/\/cj.estrategia.com\/portal\/wp-content\/uploads\/2024\/11\/16234259\/closeup-shot-person-writing-book-with-gavel-table-1-1-1536x1024.jpg 1536w, https:\/\/cj.estrategia.com\/portal\/wp-content\/uploads\/2024\/11\/16234259\/closeup-shot-person-writing-book-with-gavel-table-1-1-2048x1365.jpg 2048w, https:\/\/cj.estrategia.com\/portal\/wp-content\/uploads\/2024\/11\/16234259\/closeup-shot-person-writing-book-with-gavel-table-1-1-380x253.jpg 380w, https:\/\/cj.estrategia.com\/portal\/wp-content\/uploads\/2024\/11\/16234259\/closeup-shot-person-writing-book-with-gavel-table-1-1-800x533.jpg 800w, https:\/\/cj.estrategia.com\/portal\/wp-content\/uploads\/2024\/11\/16234259\/closeup-shot-person-writing-book-with-gavel-table-1-1-1160x773.jpg 1160w, https:\/\/cj.estrategia.com\/portal\/wp-content\/uploads\/2024\/11\/16234259\/closeup-shot-person-writing-book-with-gavel-table-1-1-150x100.jpg 150w, https:\/\/cj.estrategia.com\/portal\/wp-content\/uploads\/2024\/11\/16234259\/closeup-shot-person-writing-book-with-gavel-table-1-1-scaled.jpg 2560w\" sizes=\"(max-width: 1024px) 100vw, 1024px\" \/><\/figure>\n\n\n\n<div class=\"wp-block-group is-style-cnvs-block-bordered has-background\" style=\"background-color:#fff26859\"><div class=\"wp-block-group__inner-container is-layout-constrained wp-block-group-is-layout-constrained\">\n<p>Imagine que voc\u00ea recebeu um im\u00f3vel por heran\u00e7a e precisa pagar o Imposto de Transmiss\u00e3o Causa Mortis e Doa\u00e7\u00e3o (ITCMD).&nbsp;<\/p>\n\n\n\n<p>Ao declarar o valor do bem, voc\u00ea utiliza como refer\u00eancia o valor do IPTU, isto \u00e9, voc\u00ea pega o valor que est\u00e1 declarado como \u201cValor Venal do Im\u00f3vel\u201d e declara que o valor \u00e9 R$ 100.000,00.&nbsp;<\/p>\n\n\n\n<p>No entanto, a Fazenda P\u00fablica discorda deste valor, alegando que ele est\u00e1 muito abaixo do pre\u00e7o de mercado, e que o im\u00f3vel vale, por exemplo, R$ 200.000,00.<\/p>\n<\/div><\/div>\n\n\n\n<p>Esta foi exatamente a quest\u00e3o enfrentada recentemente pelo Superior Tribunal de Justi\u00e7a no julgamento do AREsp 2.580.956\/SP, estabelecendo um importante precedente sobre o tema.<\/p>\n\n\n\n<h4 class=\"wp-block-heading\" id=\"h-assim-pergunta-se-como-devemos-arbitrar-o-valor-do-itcmd-nbsp\" style=\"font-style:normal;font-weight:400\"><span id=\"assim-pergunta-se-como-devemos-arbitrar-o-valor-do-itcmd\"><strong>Assim, pergunta-se como devemos arbitrar o valor do ITCMD?&nbsp;<\/strong><\/span><\/h4>\n\n\n\n<div class=\"wp-block-group is-style-cnvs-block-bordered\"><div class=\"wp-block-group__inner-container is-layout-constrained wp-block-group-is-layout-constrained\">\n<div class=\"wp-block-media-text\" style=\"grid-template-columns:26% auto\"><figure class=\"wp-block-media-text__media\"><img decoding=\"async\" width=\"500\" height=\"500\" src=\"https:\/\/cj.estrategia.com\/portal\/wp-content\/uploads\/2024\/09\/27231137\/Design-sem-nome-2-2.png\" alt=\"\" class=\"wp-image-77605 size-full\" srcset=\"https:\/\/cj.estrategia.com\/portal\/wp-content\/uploads\/2024\/09\/27231137\/Design-sem-nome-2-2.png 500w, https:\/\/cj.estrategia.com\/portal\/wp-content\/uploads\/2024\/09\/27231137\/Design-sem-nome-2-2-300x300.png 300w, https:\/\/cj.estrategia.com\/portal\/wp-content\/uploads\/2024\/09\/27231137\/Design-sem-nome-2-2-150x150.png 150w, https:\/\/cj.estrategia.com\/portal\/wp-content\/uploads\/2024\/09\/27231137\/Design-sem-nome-2-2-80x80.png 80w, https:\/\/cj.estrategia.com\/portal\/wp-content\/uploads\/2024\/09\/27231137\/Design-sem-nome-2-2-380x380.png 380w, https:\/\/cj.estrategia.com\/portal\/wp-content\/uploads\/2024\/09\/27231137\/Design-sem-nome-2-2-24x24.png 24w, https:\/\/cj.estrategia.com\/portal\/wp-content\/uploads\/2024\/09\/27231137\/Design-sem-nome-2-2-48x48.png 48w, https:\/\/cj.estrategia.com\/portal\/wp-content\/uploads\/2024\/09\/27231137\/Design-sem-nome-2-2-96x96.png 96w\" sizes=\"(max-width: 500px) 100vw, 500px\" \/><\/figure><div class=\"wp-block-media-text__content\">\n<p><strong><mark style=\"background-color:rgba(0, 0, 0, 0)\" class=\"has-inline-color has-vivid-red-color\">Antes, o que \u00e9 o ITCMD?<\/mark><\/strong><\/p>\n\n\n\n<p>O ITCMD \u00e9 um imposto estadual que incide em duas situa\u00e7\u00f5es distintas:<\/p>\n\n\n\n<ol class=\"is-style-cnvs-list-styled wp-block-list\">\n<li><strong>Transmiss\u00e3o causa mortis<\/strong>: quando ocorre transfer\u00eancia de bens e direitos por motivo de falecimento (heran\u00e7a ou legado)<\/li>\n\n\n\n<li><strong>Doa\u00e7\u00e3o<\/strong>: quando h\u00e1 transfer\u00eancia gratuita de bens ou direitos entre pessoas vivas<\/li>\n<\/ol>\n<\/div><\/div>\n<\/div><\/div>\n\n\n\n<p>\u00c9 importante notar que este imposto \u00e9 de compet\u00eancia dos Estados e do Distrito Federal, conforme estabelece o art. 155, I, da Constitui\u00e7\u00e3o Federal. No caso analisado, tratava-se especificamente da legisla\u00e7\u00e3o do Estado de S\u00e3o Paulo (Lei estadual n. 10.705\/2000).<\/p>\n\n\n\n<h2 class=\"wp-block-heading\" id=\"h-caso-concreto-itcmd\" style=\"font-style:normal;font-weight:400\"><span id=\"caso-concreto-itcmd\"><strong>Caso concreto<\/strong> <mark style=\"background-color:rgba(0, 0, 0, 0)\" class=\"has-inline-color has-white-color\">ITCMD<\/mark><\/span><\/h2>\n\n\n\n<p>A controv\u00e9rsia teve in\u00edcio quando um grupo de herdeiros recebeu im\u00f3veis por heran\u00e7a e, ao calcular o ITCMD devido, utilizou como base o valor venal do IPTU.&nbsp;<\/p>\n\n\n\n<p>A Fazenda P\u00fablica de S\u00e3o Paulo, no entanto, n\u00e3o concordou com este valor e realizou um arbitramento, estabelecendo um valor de refer\u00eancia significativamente maior &#8211; a diferen\u00e7a chegava a R$ 29.680,64.<\/p>\n\n\n\n<p>Assim, insatisfeitos com a cobran\u00e7a, os contribuintes impetraram mandado de seguran\u00e7a, argumentando que o valor do IPTU deveria ser respeitado como base de c\u00e1lculo do ITCMD.<\/p>\n\n\n\n<p><mark style=\"background-color:rgba(0, 0, 0, 0)\" class=\"has-inline-color has-vivid-red-color\"><strong>E o que decidiu os tribunais at\u00e9 chegar ao STJ?<\/strong><\/mark><\/p>\n\n\n\n<div class=\"wp-block-group is-style-cnvs-block-bordered\"><div class=\"wp-block-group__inner-container is-layout-constrained wp-block-group-is-layout-constrained\">\n<p><strong><mark style=\"background-color:#fbfa79\" class=\"has-inline-color has-black-color\">Primeira Inst\u00e2ncia: <\/mark><\/strong>O juiz concedeu a seguran\u00e7a, determinando que o ITCMD fosse calculado com base no valor venal do IPTU.<br><\/p>\n\n\n\n<p><strong><mark style=\"background-color:#fbfa79\" class=\"has-inline-color\">Tribunal de Justi\u00e7a:<\/mark><\/strong> Manteve a decis\u00e3o, entendendo que o Decreto estadual n. 55.002\/2009 n\u00e3o poderia estabelecer base de c\u00e1lculo diferente daquela prevista na Lei estadual n. 10.705\/2000.<\/p>\n<\/div><\/div>\n\n\n\n<h2 class=\"wp-block-heading\" id=\"h-e-finalmente-o-que-decidiu-o-stj-itcmd\" style=\"font-style:normal;font-weight:400\"><span id=\"e-finalmente-o-que-decidiu-o-stj-itcmd\"><strong>E, finalmente, o que decidiu o STJ?<\/strong> <mark style=\"background-color:rgba(0, 0, 0, 0)\" class=\"has-inline-color has-white-color\">ITCMD<\/mark><\/span><\/h2>\n\n\n\n<p>Em s\u00edntese, o STJ <strong>reconheceu o direito do Fisco de arbitrar o valor quando houver discrep\u00e2ncia com o mercado.<\/strong><\/p>\n\n\n\n<p>Isto porque, o fundamento central da decis\u00e3o parte da premissa de que o ITCMD, como imposto que incide sobre a transmiss\u00e3o de bens e direitos, deve ter como base de c\u00e1lculo o valor real da transfer\u00eancia patrimonial.&nbsp;<\/p>\n\n\n\n<p>Neste sentido, o valor venal utilizado para fins de IPTU nem sempre reflete adequadamente a realidade do mercado imobili\u00e1rio.<\/p>\n\n\n\n<p>Inclusive, a decis\u00e3o do STJ baseia-se em um precedente espec\u00edfico &#8211; o AgInt no RMS n. 70.528\/MS &#8211; que j\u00e1 havia estabelecido que:<\/p>\n\n\n\n<pre class=\"wp-block-preformatted\">\"<strong>a base de c\u00e1lculo do ITCMD \u00e9 o valor venal dos bens e direitos transmitidos, assim compreendido como aquele que corresponde ao valor de mercado<\/strong>\".&nbsp;<\/pre>\n\n\n\n<p>Em outras palavras, este precedente, citado expressamente no ac\u00f3rd\u00e3o, refor\u00e7a a compreens\u00e3o de que o Fisco tem n\u00e3o apenas o direito, <strong>mas o dever de buscar a verdade material no processo tribut\u00e1rio.<\/strong><\/p>\n\n\n\n<p>Ademais, o STJ enfrentou tamb\u00e9m a quest\u00e3o da legalidade tribut\u00e1ria, afastando o argumento de que o arbitramento via decreto violaria este princ\u00edpio. Na vis\u00e3o do Relator, o poder de arbitramento decorre diretamente da lei &#8211; especificamente dos artigos 38, 97, IV, 142 e 148 do C\u00f3digo Tribut\u00e1rio Nacional &#8211; n\u00e3o se tratando de inova\u00e7\u00e3o por norma infralegal, mas de aplica\u00e7\u00e3o concreta de prerrogativa legalmente estabelecida.<\/p>\n\n\n\n<p>Obviamente, \u00e9 importante destacar que a decis\u00e3o n\u00e3o confere ao Fisco um poder ilimitado de arbitramento. Ao contr\u00e1rio, o STJ ressalta a necessidade de que este poder seja exercido dentro dos par\u00e2metros legais, com respeito ao contradit\u00f3rio e \u00e0 ampla defesa.&nbsp;<\/p>\n\n\n\n<p>Assim, o contribuinte deve ter a oportunidade de demonstrar que o valor por ele declarado corresponde \u00e0 realidade do mercado, ou de questionar os crit\u00e9rios utilizados pela Fazenda P\u00fablica.<\/p>\n\n\n\n<p>Isto porque, n\u00e3o se trata apenas de maximizar a arrecada\u00e7\u00e3o, mas de garantir que a base de c\u00e1lculo do ITCMD reflita, com a maior precis\u00e3o poss\u00edvel, o real valor econ\u00f4mico da transmiss\u00e3o.<\/p>\n\n\n\n<div class=\"wp-block-group is-style-cnvs-block-bg-light has-background\" style=\"background-color:#fff26859\"><div class=\"wp-block-group__inner-container is-layout-constrained wp-block-group-is-layout-constrained\">\n<p><strong>Em outras palavras, ao estabelecer que o valor de mercado \u00e9 o par\u00e2metro adequado para a base de c\u00e1lculo do ITCMD, a decis\u00e3o oferece um crit\u00e9rio objetivo para orientar tanto a atua\u00e7\u00e3o do Fisco quanto o comportamento dos contribuintes.&nbsp;<\/strong><\/p>\n<\/div><\/div>\n\n\n\n<p>N\u00e3o tenho d\u00favidas que esse tema cair\u00e1 em prova!<\/p>\n\n\n\n<p class=\"has-text-align-center\" style=\"font-size:26px\"><strong>Quer estudar para Concursos de Direito?<\/strong><\/p>\n\n\n\n<p class=\"has-text-align-center\">Confira nossos&nbsp;<a href=\"https:\/\/cj.estrategia.com\/portal\/\" target=\"_blank\" >artigos para Carreiras Jur\u00eddicas<\/a>!<\/p>\n\n\n\n<p class=\"has-text-align-center has-white-color has-pale-cyan-blue-background-color has-text-color has-background has-link-color wp-elements-1452b92fd003dcb03b27128cfbd399ee\"><a href=\"https:\/\/www.estrategiaconcursos.com.br\/blog\/concursos-abertos\/\" target=\"_blank\" ><strong>Confira os concursos p\u00fablicos abertos<\/strong><\/a><\/p>\n\n\n\n<p class=\"has-text-align-center has-white-color has-pale-cyan-blue-background-color has-text-color has-background has-link-color wp-elements-4342691eed34cfab132bf084a4b5a528\"><a href=\"https:\/\/cj.estrategia.com\/portal\/concursos-2025-carreiras-juridicas\/\" target=\"_blank\" ><strong>Concursos 2025<\/strong><\/a><\/p>\n\n\n\n<p>O Estrat\u00e9gia Carreira Jur\u00eddica \u00e9 campe\u00e3o de aprova\u00e7\u00f5es nos concursos para Carreiras Jur\u00eddicas com um corpo docente qualificado e materiais completos. Conhe\u00e7a nossos cursos e garanta sua aprova\u00e7\u00e3o:<\/p>\n\n\n\n<div class=\"wp-block-cover\" style=\"min-height:155px;aspect-ratio:unset;\"><img decoding=\"async\" width=\"1890\" height=\"351\" class=\"wp-block-cover__image-background wp-image-8669\" alt=\"Assinaturas Jur\u00eddicas\" src=\"https:\/\/cj.estrategia.com\/portal\/wp-content\/uploads\/2022\/06\/20151253\/concurso-carreiras-juridicas-assinatura-juridica.jpg\" style=\"object-position:78% 43%\" data-object-fit=\"cover\" data-object-position=\"78% 43%\" srcset=\"https:\/\/cj.estrategia.com\/portal\/wp-content\/uploads\/2022\/06\/20151253\/concurso-carreiras-juridicas-assinatura-juridica.jpg 1890w, https:\/\/cj.estrategia.com\/portal\/wp-content\/uploads\/2022\/06\/20151253\/concurso-carreiras-juridicas-assinatura-juridica-300x56.jpg 300w, https:\/\/cj.estrategia.com\/portal\/wp-content\/uploads\/2022\/06\/20151253\/concurso-carreiras-juridicas-assinatura-juridica-1024x190.jpg 1024w, https:\/\/cj.estrategia.com\/portal\/wp-content\/uploads\/2022\/06\/20151253\/concurso-carreiras-juridicas-assinatura-juridica-768x143.jpg 768w, https:\/\/cj.estrategia.com\/portal\/wp-content\/uploads\/2022\/06\/20151253\/concurso-carreiras-juridicas-assinatura-juridica-1536x285.jpg 1536w, https:\/\/cj.estrategia.com\/portal\/wp-content\/uploads\/2022\/06\/20151253\/concurso-carreiras-juridicas-assinatura-juridica-380x71.jpg 380w, https:\/\/cj.estrategia.com\/portal\/wp-content\/uploads\/2022\/06\/20151253\/concurso-carreiras-juridicas-assinatura-juridica-800x149.jpg 800w, https:\/\/cj.estrategia.com\/portal\/wp-content\/uploads\/2022\/06\/20151253\/concurso-carreiras-juridicas-assinatura-juridica-1160x215.jpg 1160w\" sizes=\"(max-width: 1890px) 100vw, 1890px\" \/><span aria-hidden=\"true\" class=\"wp-block-cover__background has-background-dim\"><\/span><div class=\"wp-block-cover__inner-container is-layout-flow wp-block-cover-is-layout-flow\">\n<h3 id=\"faca-a-sua-assinatura\" class=\"titulo-assinatura\"><span style=\"color: #ffffff;\">Fa\u00e7a a sua assinatura!<\/span><\/h3>\n<p class=\"subtitulo-assinatura\" style=\"display:block!important; line-height: 0;\"><span style=\"color: #ffffff;\">Escolha a sua \u00e1rea.<\/span><\/p>\n<a target=\"_blank\" href=\"https:\/\/www.estrategiaconcursos.com.br\/assinaturas-ecj\/\" rel=\"noopener\"><button style=\"border-radius: 10px; text-transform: capitalize;\">Acessar<\/button><\/a>\n<\/div><\/div>\n\n\n\n<div id=\"boxes\" class=\"container\">\n<div class=\"row\">\n<div class=\"col-sm\">\n<div id=\"box-assinatura\" class=\"banner-estrategia-concursos-juridicos\">\n<h3 id=\"curso-para-carreiras-juridicas\" class=\"titulo-assinatura\"><span style=\"color: #ffffff; font-size: 23px; \">Curso para Carreiras Jur\u00eddicas<\/span><\/h3>\n<p class=\"subtitulo-assinatura\">Cursos focados no edital do concurso<\/p>\n<div class=\"box-botao\"><a class=\"btn-assinatura-juridica\" role=\"button\" href=\"https:\/\/cj.estrategia.com\/cursos\/\" target=\"_blank\" rel=\"noopener noreferrer\">Conhe\u00e7a mais<\/a><\/div>\n<\/div>\n<p class=\"texto-auxiliar\">Prepare-se com o melhor material e com quem mais aprova em concursos em todo o pa\u00eds.<\/p>\n<\/div>\n<\/div>\n<\/div>\n","protected":false},"excerpt":{"rendered":"Decis\u00e3o do STJ no REsp 2.580.956 confirma que a Fazenda P\u00fablica pode arbitrar o valor do ITCMD caso&hellip;\n","protected":false},"author":93,"featured_media":84151,"comment_status":"open","ping_status":"open","sticky":false,"template":"","format":"standard","meta":{"_jetpack_memberships_contains_paid_content":false,"footnotes":""},"categories":[1],"tags":[336,1100,1455,1454],"tax_estado":[30,31,32,33,34,35,36,37,38,39,40,41,42,43,44,45,46,47,48,49,50,51,52,53,54,55,56,57],"class_list":{"0":"post-84143","1":"post","2":"type-post","3":"status-publish","4":"format-standard","5":"has-post-thumbnail","7":"category-carreiras-juridicas","8":"tag-analise-juridica","9":"tag-direito-tributario","10":"tag-itcmd","11":"tag-resp-2-580-956","12":"tax_estado-ac","13":"tax_estado-al","14":"tax_estado-am","15":"tax_estado-ap","16":"tax_estado-ba","17":"tax_estado-ce","18":"tax_estado-concursos-federais","19":"tax_estado-df","20":"tax_estado-es","21":"tax_estado-go","22":"tax_estado-ma","23":"tax_estado-mg","24":"tax_estado-ms","25":"tax_estado-mt","26":"tax_estado-pa","27":"tax_estado-pb","28":"tax_estado-pe","29":"tax_estado-pi","30":"tax_estado-pr","31":"tax_estado-rj","32":"tax_estado-rn","33":"tax_estado-ro","34":"tax_estado-rr","35":"tax_estado-rs","36":"tax_estado-sc","37":"tax_estado-se","38":"tax_estado-sp","39":"tax_estado-to"},"acf":[],"yoast_head":"<!-- This site is optimized with the Yoast SEO Premium plugin v27.4 (Yoast SEO v27.4) - https:\/\/yoast.com\/product\/yoast-seo-premium-wordpress\/ -->\n<title>ITCMD: STJ decide que Fazenda pode arbitrar valor<\/title>\n<meta name=\"description\" content=\"Decis\u00e3o do STJ no REsp 2.580.956 confirma que Fazenda pode arbitrar valor do ITCMD caso o valor venal do im\u00f3vel seja inferior ao de mercado.\" \/>\n<meta name=\"robots\" content=\"index, follow, max-snippet:-1, max-image-preview:large, max-video-preview:-1\" \/>\n<link rel=\"canonical\" href=\"https:\/\/cj.estrategia.com\/portal\/fazenda-arbitrar-valor-itcmd\/\" \/>\n<meta property=\"og:locale\" content=\"pt_BR\" \/>\n<meta property=\"og:type\" content=\"article\" \/>\n<meta property=\"og:title\" content=\"REsp 2.580.956 \u2013 Fazenda pode arbitrar o valor do ITCMD se o valor venal diferir do valor de mercado\" \/>\n<meta property=\"og:description\" content=\"Decis\u00e3o do STJ no REsp 2.580.956 confirma que Fazenda pode arbitrar valor do ITCMD caso o valor venal do im\u00f3vel seja inferior ao de mercado.\" \/>\n<meta property=\"og:url\" content=\"https:\/\/cj.estrategia.com\/portal\/fazenda-arbitrar-valor-itcmd\/\" \/>\n<meta property=\"og:site_name\" content=\"Blog - Carreiras Jur\u00eddicas - Estrat\u00e9gia\" \/>\n<meta property=\"article:publisher\" content=\"https:\/\/www.facebook.com\/estrategiacarreirajuridica\/\" \/>\n<meta property=\"article:published_time\" content=\"2024-11-17T02:58:01+00:00\" \/>\n<meta property=\"article:modified_time\" content=\"2024-12-01T15:52:38+00:00\" \/>\n<meta property=\"og:image\" content=\"https:\/\/cj.estrategia.com\/portal\/wp-content\/uploads\/2024\/11\/16234259\/closeup-shot-person-writing-book-with-gavel-table-1-1-scaled.jpg\" \/>\n\t<meta property=\"og:image:width\" content=\"2560\" \/>\n\t<meta property=\"og:image:height\" content=\"1707\" \/>\n\t<meta property=\"og:image:type\" content=\"image\/jpeg\" \/>\n<meta name=\"author\" content=\"Felipe Duque\" \/>\n<meta name=\"twitter:card\" content=\"summary_large_image\" \/>\n<meta name=\"twitter:creator\" content=\"@https:\/\/x.com\/ProfessorDuque\" \/>\n<meta name=\"twitter:site\" content=\"@EstratJuridica\" \/>\n<meta name=\"twitter:label1\" content=\"Escrito por\" \/>\n\t<meta name=\"twitter:data1\" content=\"Felipe Duque\" \/>\n\t<meta name=\"twitter:label2\" content=\"Est. tempo de leitura\" \/>\n\t<meta name=\"twitter:data2\" content=\"6 minutos\" \/>\n<script type=\"application\/ld+json\" class=\"yoast-schema-graph\">{\"@context\":\"https:\\\/\\\/schema.org\",\"@graph\":[{\"@type\":\"NewsArticle\",\"@id\":\"https:\\\/\\\/cj.estrategia.com\\\/portal\\\/fazenda-arbitrar-valor-itcmd\\\/#article\",\"isPartOf\":{\"@id\":\"https:\\\/\\\/cj.estrategia.com\\\/portal\\\/fazenda-arbitrar-valor-itcmd\\\/\"},\"author\":{\"name\":\"Felipe Duque\",\"@id\":\"https:\\\/\\\/cj.estrategia.com\\\/portal\\\/#\\\/schema\\\/person\\\/b5b0253b269d7130d1f7770b1ba29285\"},\"headline\":\"REsp 2.580.956 \u2013 Fazenda pode arbitrar o valor do ITCMD se o valor venal diferir do valor de mercado\",\"datePublished\":\"2024-11-17T02:58:01+00:00\",\"dateModified\":\"2024-12-01T15:52:38+00:00\",\"mainEntityOfPage\":{\"@id\":\"https:\\\/\\\/cj.estrategia.com\\\/portal\\\/fazenda-arbitrar-valor-itcmd\\\/\"},\"wordCount\":905,\"commentCount\":0,\"publisher\":{\"@id\":\"https:\\\/\\\/cj.estrategia.com\\\/portal\\\/#organization\"},\"image\":{\"@id\":\"https:\\\/\\\/cj.estrategia.com\\\/portal\\\/fazenda-arbitrar-valor-itcmd\\\/#primaryimage\"},\"thumbnailUrl\":\"https:\\\/\\\/cj.estrategia.com\\\/portal\\\/wp-content\\\/uploads\\\/2024\\\/11\\\/16234259\\\/closeup-shot-person-writing-book-with-gavel-table-1-1-scaled.jpg\",\"keywords\":[\"an\u00e1lise jur\u00eddica\",\"direito tribut\u00e1rio\",\"itcmd\",\"REsp 2.580.956\"],\"articleSection\":[\"Carreiras Jur\u00eddicas\"],\"inLanguage\":\"pt-BR\",\"potentialAction\":[{\"@type\":\"CommentAction\",\"name\":\"Comment\",\"target\":[\"https:\\\/\\\/cj.estrategia.com\\\/portal\\\/fazenda-arbitrar-valor-itcmd\\\/#respond\"]}]},{\"@type\":\"WebPage\",\"@id\":\"https:\\\/\\\/cj.estrategia.com\\\/portal\\\/fazenda-arbitrar-valor-itcmd\\\/\",\"url\":\"https:\\\/\\\/cj.estrategia.com\\\/portal\\\/fazenda-arbitrar-valor-itcmd\\\/\",\"name\":\"ITCMD: STJ decide que Fazenda pode arbitrar valor\",\"isPartOf\":{\"@id\":\"https:\\\/\\\/cj.estrategia.com\\\/portal\\\/#website\"},\"primaryImageOfPage\":{\"@id\":\"https:\\\/\\\/cj.estrategia.com\\\/portal\\\/fazenda-arbitrar-valor-itcmd\\\/#primaryimage\"},\"image\":{\"@id\":\"https:\\\/\\\/cj.estrategia.com\\\/portal\\\/fazenda-arbitrar-valor-itcmd\\\/#primaryimage\"},\"thumbnailUrl\":\"https:\\\/\\\/cj.estrategia.com\\\/portal\\\/wp-content\\\/uploads\\\/2024\\\/11\\\/16234259\\\/closeup-shot-person-writing-book-with-gavel-table-1-1-scaled.jpg\",\"datePublished\":\"2024-11-17T02:58:01+00:00\",\"dateModified\":\"2024-12-01T15:52:38+00:00\",\"description\":\"Decis\u00e3o do STJ no REsp 2.580.956 confirma que Fazenda pode arbitrar valor do ITCMD caso o valor venal do im\u00f3vel seja inferior ao de mercado.\",\"breadcrumb\":{\"@id\":\"https:\\\/\\\/cj.estrategia.com\\\/portal\\\/fazenda-arbitrar-valor-itcmd\\\/#breadcrumb\"},\"inLanguage\":\"pt-BR\",\"potentialAction\":[{\"@type\":\"ReadAction\",\"target\":[\"https:\\\/\\\/cj.estrategia.com\\\/portal\\\/fazenda-arbitrar-valor-itcmd\\\/\"]}]},{\"@type\":\"ImageObject\",\"inLanguage\":\"pt-BR\",\"@id\":\"https:\\\/\\\/cj.estrategia.com\\\/portal\\\/fazenda-arbitrar-valor-itcmd\\\/#primaryimage\",\"url\":\"https:\\\/\\\/cj.estrategia.com\\\/portal\\\/wp-content\\\/uploads\\\/2024\\\/11\\\/16234259\\\/closeup-shot-person-writing-book-with-gavel-table-1-1-scaled.jpg\",\"contentUrl\":\"https:\\\/\\\/cj.estrategia.com\\\/portal\\\/wp-content\\\/uploads\\\/2024\\\/11\\\/16234259\\\/closeup-shot-person-writing-book-with-gavel-table-1-1-scaled.jpg\",\"width\":2560,\"height\":1707},{\"@type\":\"BreadcrumbList\",\"@id\":\"https:\\\/\\\/cj.estrategia.com\\\/portal\\\/fazenda-arbitrar-valor-itcmd\\\/#breadcrumb\",\"itemListElement\":[{\"@type\":\"ListItem\",\"position\":1,\"name\":\"In\u00edcio\",\"item\":\"https:\\\/\\\/cj.estrategia.com\\\/portal\\\/\"},{\"@type\":\"ListItem\",\"position\":2,\"name\":\"REsp 2.580.956 \u2013 Fazenda pode arbitrar o valor do ITCMD se o valor venal diferir do valor de mercado\"}]},{\"@type\":\"WebSite\",\"@id\":\"https:\\\/\\\/cj.estrategia.com\\\/portal\\\/#website\",\"url\":\"https:\\\/\\\/cj.estrategia.com\\\/portal\\\/\",\"name\":\"Blog - Carreiras Jur\u00eddicas - Estrat\u00e9gia\",\"description\":\"\",\"publisher\":{\"@id\":\"https:\\\/\\\/cj.estrategia.com\\\/portal\\\/#organization\"},\"potentialAction\":[{\"@type\":\"SearchAction\",\"target\":{\"@type\":\"EntryPoint\",\"urlTemplate\":\"https:\\\/\\\/cj.estrategia.com\\\/portal\\\/?s={search_term_string}\"},\"query-input\":{\"@type\":\"PropertyValueSpecification\",\"valueRequired\":true,\"valueName\":\"search_term_string\"}}],\"inLanguage\":\"pt-BR\"},{\"@type\":\"Organization\",\"@id\":\"https:\\\/\\\/cj.estrategia.com\\\/portal\\\/#organization\",\"name\":\"Estrat\u00e9gia - Carreiras Jur\u00eddicas\",\"url\":\"https:\\\/\\\/cj.estrategia.com\\\/portal\\\/\",\"logo\":{\"@type\":\"ImageObject\",\"inLanguage\":\"pt-BR\",\"@id\":\"https:\\\/\\\/cj.estrategia.com\\\/portal\\\/#\\\/schema\\\/logo\\\/image\\\/\",\"url\":\"https:\\\/\\\/cj.estrategia.com\\\/portal\\\/wp-content\\\/uploads\\\/2022\\\/03\\\/11151052\\\/cj-logo.png\",\"contentUrl\":\"https:\\\/\\\/cj.estrategia.com\\\/portal\\\/wp-content\\\/uploads\\\/2022\\\/03\\\/11151052\\\/cj-logo.png\",\"width\":150,\"height\":39,\"caption\":\"Estrat\u00e9gia - Carreiras Jur\u00eddicas\"},\"image\":{\"@id\":\"https:\\\/\\\/cj.estrategia.com\\\/portal\\\/#\\\/schema\\\/logo\\\/image\\\/\"},\"sameAs\":[\"https:\\\/\\\/www.facebook.com\\\/estrategiacarreirajuridica\\\/\",\"https:\\\/\\\/x.com\\\/EstratJuridica\",\"https:\\\/\\\/www.instagram.com\\\/estrategiacarreirajuridica\\\/\",\"https:\\\/\\\/www.youtube.com\\\/channel\\\/UClbMGuYbj2Mh1m3w144ETWQ\"]},{\"@type\":\"Person\",\"@id\":\"https:\\\/\\\/cj.estrategia.com\\\/portal\\\/#\\\/schema\\\/person\\\/b5b0253b269d7130d1f7770b1ba29285\",\"name\":\"Felipe Duque\",\"image\":{\"@type\":\"ImageObject\",\"inLanguage\":\"pt-BR\",\"@id\":\"https:\\\/\\\/cj.estrategia.com\\\/portal\\\/wp-content\\\/uploads\\\/2024\\\/08\\\/06162009\\\/Captura-de-Tela-2024-08-06-as-16.19.26-96x96.png\",\"url\":\"https:\\\/\\\/cj.estrategia.com\\\/portal\\\/wp-content\\\/uploads\\\/2024\\\/08\\\/06162009\\\/Captura-de-Tela-2024-08-06-as-16.19.26-96x96.png\",\"contentUrl\":\"https:\\\/\\\/cj.estrategia.com\\\/portal\\\/wp-content\\\/uploads\\\/2024\\\/08\\\/06162009\\\/Captura-de-Tela-2024-08-06-as-16.19.26-96x96.png\",\"caption\":\"Felipe Duque\"},\"description\":\"Felipe Duque - Mestre em Direito Pol\u00edtico e Econ\u00f4mico na Mackenzie-SP. Graduado em Direito pela Universidade Cat\u00f3lica de Pernambuco, com conclus\u00e3o pelo regime de Aproveitamento Extraordin\u00e1rio nos Estudos (art. 47, \u00a7 2\u00ba, da Lei n\u00ba 9.394\\\/96). Ex-Assessor de Desembargador no TJPE. Procurador da Fazenda Nacional. Integra voluntariamente a Coordena\u00e7\u00e3o de Assuntos Estrat\u00e9gicos Judiciais da PGFN. Professor do Estrat\u00e9gia Carreira Jur\u00eddica, Estrat\u00e9gia OAB e Buscador Dizer o Direito. Autor do livro \u201cReforma Tribut\u00e1ria Comentada e Esquematizada\u201d, \\\"Manual de Processo Tribut\u00e1rio: Administrativo e Judicial\\\" pela editora Juspodivm Parecerista na Revista de Estudos Jur\u00eddicos do Superior Tribunal de Justi\u00e7a (REJuriSTJ)\",\"sameAs\":[\"http:\\\/\\\/lattes.cnpq.br\\\/5755137268084324\",\"https:\\\/\\\/www.instagram.com\\\/felipe_duque\\\/\",\"https:\\\/\\\/br.linkedin.com\\\/in\\\/felipe-duque-56954638\",\"https:\\\/\\\/x.com\\\/https:\\\/\\\/x.com\\\/ProfessorDuque\",\"https:\\\/\\\/www.youtube.com\\\/@felipeduque-experienciasco5797\"],\"url\":\"https:\\\/\\\/cj.estrategia.com\\\/portal\\\/author\\\/felipe-duque\\\/\"}]}<\/script>\n<!-- \/ Yoast SEO Premium plugin. -->","yoast_head_json":{"title":"ITCMD: STJ decide que Fazenda pode arbitrar valor","description":"Decis\u00e3o do STJ no REsp 2.580.956 confirma que Fazenda pode arbitrar valor do ITCMD caso o valor venal do im\u00f3vel seja inferior ao de mercado.","robots":{"index":"index","follow":"follow","max-snippet":"max-snippet:-1","max-image-preview":"max-image-preview:large","max-video-preview":"max-video-preview:-1"},"canonical":"https:\/\/cj.estrategia.com\/portal\/fazenda-arbitrar-valor-itcmd\/","og_locale":"pt_BR","og_type":"article","og_title":"REsp 2.580.956 \u2013 Fazenda pode arbitrar o valor do ITCMD se o valor venal diferir do valor de mercado","og_description":"Decis\u00e3o do STJ no REsp 2.580.956 confirma que Fazenda pode arbitrar valor do ITCMD caso o valor venal do im\u00f3vel seja inferior ao de mercado.","og_url":"https:\/\/cj.estrategia.com\/portal\/fazenda-arbitrar-valor-itcmd\/","og_site_name":"Blog - Carreiras Jur\u00eddicas - Estrat\u00e9gia","article_publisher":"https:\/\/www.facebook.com\/estrategiacarreirajuridica\/","article_published_time":"2024-11-17T02:58:01+00:00","article_modified_time":"2024-12-01T15:52:38+00:00","og_image":[{"width":2560,"height":1707,"url":"https:\/\/cj.estrategia.com\/portal\/wp-content\/uploads\/2024\/11\/16234259\/closeup-shot-person-writing-book-with-gavel-table-1-1-scaled.jpg","type":"image\/jpeg"}],"author":"Felipe Duque","twitter_card":"summary_large_image","twitter_creator":"@https:\/\/x.com\/ProfessorDuque","twitter_site":"@EstratJuridica","twitter_misc":{"Escrito por":"Felipe Duque","Est. tempo de leitura":"6 minutos"},"schema":{"@context":"https:\/\/schema.org","@graph":[{"@type":"NewsArticle","@id":"https:\/\/cj.estrategia.com\/portal\/fazenda-arbitrar-valor-itcmd\/#article","isPartOf":{"@id":"https:\/\/cj.estrategia.com\/portal\/fazenda-arbitrar-valor-itcmd\/"},"author":{"name":"Felipe Duque","@id":"https:\/\/cj.estrategia.com\/portal\/#\/schema\/person\/b5b0253b269d7130d1f7770b1ba29285"},"headline":"REsp 2.580.956 \u2013 Fazenda pode arbitrar o valor do ITCMD se o valor venal diferir do valor de mercado","datePublished":"2024-11-17T02:58:01+00:00","dateModified":"2024-12-01T15:52:38+00:00","mainEntityOfPage":{"@id":"https:\/\/cj.estrategia.com\/portal\/fazenda-arbitrar-valor-itcmd\/"},"wordCount":905,"commentCount":0,"publisher":{"@id":"https:\/\/cj.estrategia.com\/portal\/#organization"},"image":{"@id":"https:\/\/cj.estrategia.com\/portal\/fazenda-arbitrar-valor-itcmd\/#primaryimage"},"thumbnailUrl":"https:\/\/cj.estrategia.com\/portal\/wp-content\/uploads\/2024\/11\/16234259\/closeup-shot-person-writing-book-with-gavel-table-1-1-scaled.jpg","keywords":["an\u00e1lise jur\u00eddica","direito tribut\u00e1rio","itcmd","REsp 2.580.956"],"articleSection":["Carreiras Jur\u00eddicas"],"inLanguage":"pt-BR","potentialAction":[{"@type":"CommentAction","name":"Comment","target":["https:\/\/cj.estrategia.com\/portal\/fazenda-arbitrar-valor-itcmd\/#respond"]}]},{"@type":"WebPage","@id":"https:\/\/cj.estrategia.com\/portal\/fazenda-arbitrar-valor-itcmd\/","url":"https:\/\/cj.estrategia.com\/portal\/fazenda-arbitrar-valor-itcmd\/","name":"ITCMD: STJ decide que Fazenda pode arbitrar valor","isPartOf":{"@id":"https:\/\/cj.estrategia.com\/portal\/#website"},"primaryImageOfPage":{"@id":"https:\/\/cj.estrategia.com\/portal\/fazenda-arbitrar-valor-itcmd\/#primaryimage"},"image":{"@id":"https:\/\/cj.estrategia.com\/portal\/fazenda-arbitrar-valor-itcmd\/#primaryimage"},"thumbnailUrl":"https:\/\/cj.estrategia.com\/portal\/wp-content\/uploads\/2024\/11\/16234259\/closeup-shot-person-writing-book-with-gavel-table-1-1-scaled.jpg","datePublished":"2024-11-17T02:58:01+00:00","dateModified":"2024-12-01T15:52:38+00:00","description":"Decis\u00e3o do STJ no REsp 2.580.956 confirma que Fazenda pode arbitrar valor do ITCMD caso o valor venal do im\u00f3vel seja inferior ao de mercado.","breadcrumb":{"@id":"https:\/\/cj.estrategia.com\/portal\/fazenda-arbitrar-valor-itcmd\/#breadcrumb"},"inLanguage":"pt-BR","potentialAction":[{"@type":"ReadAction","target":["https:\/\/cj.estrategia.com\/portal\/fazenda-arbitrar-valor-itcmd\/"]}]},{"@type":"ImageObject","inLanguage":"pt-BR","@id":"https:\/\/cj.estrategia.com\/portal\/fazenda-arbitrar-valor-itcmd\/#primaryimage","url":"https:\/\/cj.estrategia.com\/portal\/wp-content\/uploads\/2024\/11\/16234259\/closeup-shot-person-writing-book-with-gavel-table-1-1-scaled.jpg","contentUrl":"https:\/\/cj.estrategia.com\/portal\/wp-content\/uploads\/2024\/11\/16234259\/closeup-shot-person-writing-book-with-gavel-table-1-1-scaled.jpg","width":2560,"height":1707},{"@type":"BreadcrumbList","@id":"https:\/\/cj.estrategia.com\/portal\/fazenda-arbitrar-valor-itcmd\/#breadcrumb","itemListElement":[{"@type":"ListItem","position":1,"name":"In\u00edcio","item":"https:\/\/cj.estrategia.com\/portal\/"},{"@type":"ListItem","position":2,"name":"REsp 2.580.956 \u2013 Fazenda pode arbitrar o valor do ITCMD se o valor venal diferir do valor de mercado"}]},{"@type":"WebSite","@id":"https:\/\/cj.estrategia.com\/portal\/#website","url":"https:\/\/cj.estrategia.com\/portal\/","name":"Blog - Carreiras Jur\u00eddicas - Estrat\u00e9gia","description":"","publisher":{"@id":"https:\/\/cj.estrategia.com\/portal\/#organization"},"potentialAction":[{"@type":"SearchAction","target":{"@type":"EntryPoint","urlTemplate":"https:\/\/cj.estrategia.com\/portal\/?s={search_term_string}"},"query-input":{"@type":"PropertyValueSpecification","valueRequired":true,"valueName":"search_term_string"}}],"inLanguage":"pt-BR"},{"@type":"Organization","@id":"https:\/\/cj.estrategia.com\/portal\/#organization","name":"Estrat\u00e9gia - Carreiras Jur\u00eddicas","url":"https:\/\/cj.estrategia.com\/portal\/","logo":{"@type":"ImageObject","inLanguage":"pt-BR","@id":"https:\/\/cj.estrategia.com\/portal\/#\/schema\/logo\/image\/","url":"https:\/\/cj.estrategia.com\/portal\/wp-content\/uploads\/2022\/03\/11151052\/cj-logo.png","contentUrl":"https:\/\/cj.estrategia.com\/portal\/wp-content\/uploads\/2022\/03\/11151052\/cj-logo.png","width":150,"height":39,"caption":"Estrat\u00e9gia - Carreiras Jur\u00eddicas"},"image":{"@id":"https:\/\/cj.estrategia.com\/portal\/#\/schema\/logo\/image\/"},"sameAs":["https:\/\/www.facebook.com\/estrategiacarreirajuridica\/","https:\/\/x.com\/EstratJuridica","https:\/\/www.instagram.com\/estrategiacarreirajuridica\/","https:\/\/www.youtube.com\/channel\/UClbMGuYbj2Mh1m3w144ETWQ"]},{"@type":"Person","@id":"https:\/\/cj.estrategia.com\/portal\/#\/schema\/person\/b5b0253b269d7130d1f7770b1ba29285","name":"Felipe Duque","image":{"@type":"ImageObject","inLanguage":"pt-BR","@id":"https:\/\/cj.estrategia.com\/portal\/wp-content\/uploads\/2024\/08\/06162009\/Captura-de-Tela-2024-08-06-as-16.19.26-96x96.png","url":"https:\/\/cj.estrategia.com\/portal\/wp-content\/uploads\/2024\/08\/06162009\/Captura-de-Tela-2024-08-06-as-16.19.26-96x96.png","contentUrl":"https:\/\/cj.estrategia.com\/portal\/wp-content\/uploads\/2024\/08\/06162009\/Captura-de-Tela-2024-08-06-as-16.19.26-96x96.png","caption":"Felipe Duque"},"description":"Felipe Duque - Mestre em Direito Pol\u00edtico e Econ\u00f4mico na Mackenzie-SP. Graduado em Direito pela Universidade Cat\u00f3lica de Pernambuco, com conclus\u00e3o pelo regime de Aproveitamento Extraordin\u00e1rio nos Estudos (art. 47, \u00a7 2\u00ba, da Lei n\u00ba 9.394\/96). Ex-Assessor de Desembargador no TJPE. Procurador da Fazenda Nacional. Integra voluntariamente a Coordena\u00e7\u00e3o de Assuntos Estrat\u00e9gicos Judiciais da PGFN. Professor do Estrat\u00e9gia Carreira Jur\u00eddica, Estrat\u00e9gia OAB e Buscador Dizer o Direito. Autor do livro \u201cReforma Tribut\u00e1ria Comentada e Esquematizada\u201d, \"Manual de Processo Tribut\u00e1rio: Administrativo e Judicial\" pela editora Juspodivm Parecerista na Revista de Estudos Jur\u00eddicos do Superior Tribunal de Justi\u00e7a (REJuriSTJ)","sameAs":["http:\/\/lattes.cnpq.br\/5755137268084324","https:\/\/www.instagram.com\/felipe_duque\/","https:\/\/br.linkedin.com\/in\/felipe-duque-56954638","https:\/\/x.com\/https:\/\/x.com\/ProfessorDuque","https:\/\/www.youtube.com\/@felipeduque-experienciasco5797"],"url":"https:\/\/cj.estrategia.com\/portal\/author\/felipe-duque\/"}]}},"jetpack_featured_media_url":"https:\/\/cj.estrategia.com\/portal\/wp-content\/uploads\/2024\/11\/16234259\/closeup-shot-person-writing-book-with-gavel-table-1-1-scaled.jpg","jetpack_sharing_enabled":true,"_links":{"self":[{"href":"https:\/\/cj.estrategia.com\/portal\/wp-json\/wp\/v2\/posts\/84143","targetHints":{"allow":["GET"]}}],"collection":[{"href":"https:\/\/cj.estrategia.com\/portal\/wp-json\/wp\/v2\/posts"}],"about":[{"href":"https:\/\/cj.estrategia.com\/portal\/wp-json\/wp\/v2\/types\/post"}],"author":[{"embeddable":true,"href":"https:\/\/cj.estrategia.com\/portal\/wp-json\/wp\/v2\/users\/93"}],"replies":[{"embeddable":true,"href":"https:\/\/cj.estrategia.com\/portal\/wp-json\/wp\/v2\/comments?post=84143"}],"version-history":[{"count":23,"href":"https:\/\/cj.estrategia.com\/portal\/wp-json\/wp\/v2\/posts\/84143\/revisions"}],"predecessor-version":[{"id":85694,"href":"https:\/\/cj.estrategia.com\/portal\/wp-json\/wp\/v2\/posts\/84143\/revisions\/85694"}],"wp:featuredmedia":[{"embeddable":true,"href":"https:\/\/cj.estrategia.com\/portal\/wp-json\/wp\/v2\/media\/84151"}],"wp:attachment":[{"href":"https:\/\/cj.estrategia.com\/portal\/wp-json\/wp\/v2\/media?parent=84143"}],"wp:term":[{"taxonomy":"category","embeddable":true,"href":"https:\/\/cj.estrategia.com\/portal\/wp-json\/wp\/v2\/categories?post=84143"},{"taxonomy":"post_tag","embeddable":true,"href":"https:\/\/cj.estrategia.com\/portal\/wp-json\/wp\/v2\/tags?post=84143"},{"taxonomy":"tax_estado","embeddable":true,"href":"https:\/\/cj.estrategia.com\/portal\/wp-json\/wp\/v2\/tax_estado?post=84143"}],"curies":[{"name":"wp","href":"https:\/\/api.w.org\/{rel}","templated":true}]}}