{"id":8412,"date":"2026-03-23T16:30:59","date_gmt":"2026-03-23T19:30:59","guid":{"rendered":"https:\/\/cj.estrategia.com\/portal\/?p=8412"},"modified":"2026-03-23T16:31:04","modified_gmt":"2026-03-23T19:31:04","slug":"concurso-cartorio-rj","status":"publish","type":"post","link":"https:\/\/cj.estrategia.com\/portal\/concurso-cartorio-rj\/","title":{"rendered":"Concurso Cart\u00f3rio RJ: lista de serventias vagas atualizada!"},"content":{"rendered":"\n<p><strong>Comiss\u00e3o formada! <\/strong><\/p>\n\n\n<a id=\"cta-icon\" href=\"https:\/\/sndflw.com\/i\/cartorios-grupo\" target=\"blank\" style=\"background:rgb(41,166,26)\">\n            <img decoding=\"async\" src=\"https:\/\/cj.estrategia.com\/portal\/wp-content\/uploads\/2023\/12\/07160657\/whatsapp_1385.webp\" alt=\"\" alt=\"whatsapp_1385\"><span > Acesse agora o Grupo de Estudos para Concursos Cart\u00f3rio <\/span><\/a>\n\n\n\n<p>O <strong>Tribunal de Justi\u00e7a do Estado do Rio de Janeiro<\/strong> (<strong>TJ RJ<\/strong>) publicou a<strong> lista de serventias vagas <\/strong>atualizada! Esta publica\u00e7\u00e3o refor\u00e7a que o concurso est\u00e1 em andamento e pode ter edital publicado ainda em 2026. Confira o documento completo:<\/p>\n\n\n\n<ul class=\"wp-block-list\">\n<li><a href=\"https:\/\/cj.estrategia.com\/portal\/wp-content\/uploads\/2025\/12\/30104030\/Cartorio-RJ.pdf\">Lista de serventias atualizada<\/a>.<\/li>\n<\/ul>\n\n\n\n<p>Vale lembrar que o Tribunal instituiu a <strong><a href=\"https:\/\/cj.estrategia.com\/portal\/wp-content\/uploads\/2025\/12\/18233102\/Screenshot-2025-12-18-at-23-19-10-diarioOficial.pdf.png\">comiss\u00e3o respons\u00e1vel<\/a><\/strong> pelo LX Concurso P\u00fablico de Provas e T\u00edtulos para Outorga de Delega\u00e7\u00f5es das Atividades Notariais e\/ou Registrais.<\/p>\n\n\n\n<p>O certame ter\u00e1 <strong>quatro etapas<\/strong>: prova objetiva (ou, quando previsto no edital, o <strong>Exame Nacional dos Cart\u00f3rios \u2013 ENAC<\/strong>), prova escrita e pr\u00e1tica, prova oral e exame de t\u00edtulos. <\/p>\n\n\n\n<p>A participa\u00e7\u00e3o em cada fase <strong>depende da aprova\u00e7\u00e3o na etapa anterior<\/strong>, e a nota do ENAC <strong>n\u00e3o ser\u00e1 usada para desempate<\/strong>. Os candidatos devem ter <strong>bacharelado em Direito ou 10 anos de experi\u00eancia<\/strong>, <strong>nacionalidade brasileira<\/strong>, <strong>bons antecedentes<\/strong> e n\u00e3o podem exercer advocacia ou cargo p\u00fablico simultaneamente.<\/p>\n\n\n\n<p><strong><em>Regra de cotas e crit\u00e9rios de sele\u00e7\u00e3o s\u00e3o atualizados<\/em><\/strong><\/p>\n\n\n\n<p>Publicaram-se <a href=\"https:\/\/cj.estrategia.com\/portal\/wp-content\/uploads\/2026\/03\/23163034\/ecj-rj.pdf\" target=\"_blank\" >altera\u00e7\u00f5es<\/a> nas regras do concurso, com destaque para a <strong>reserva m\u00ednima de 30% das vagas para candidatos negros, quilombolas e ind\u00edgenas<\/strong>, al\u00e9m da <strong>dispensa de nota de corte espec\u00edfica na prova objetiva<\/strong>. A norma tamb\u00e9m prev\u00ea a cria\u00e7\u00e3o de <strong>comiss\u00f5es de heteroidentifica\u00e7\u00e3o<\/strong> para valida\u00e7\u00e3o das cotas, tornando o certame mais inclusivo e alinhado \u00e0s diretrizes do CNJ.<\/p>\n\n\n\n<ul class=\"wp-block-list has-very-light-gray-to-cyan-bluish-gray-gradient-background has-background\">\n<li><strong>Concurso Cart\u00f3rio RJ<\/strong><\/li>\n\n\n\n<li><strong>Status:<\/strong> comiss\u00e3o formada<\/li>\n\n\n\n<li><strong>Banca:\u00a0<\/strong>a definir<\/li>\n\n\n\n<li><strong>Vagas:\u00a0<\/strong>a definir<\/li>\n<\/ul>\n\n\n\n<div class=\"container\" id=\"boxes\">\n  <div class=\"row\">\n\n    <div class=\"col-sm\">\n      <div class=\"banner-ecj-cartorios\" id=\"box-assinatura\">\n        <h2 id=\"cursos-para-cartorios-tj-rj\" class=\"titulo-assinatura\"><span style=\"color: #ffffff; font-size: 23px; \">Cursos para Cart\u00f3rios TJ RJ<\/span><\/h2>\n        <p class=\"subtitulo-assinatura\">Cursos focados no edital!<\/p>\n        <div class=\"box-botao\">\n          <a class=\"btn-assinatura-juridica\" target=\"_blank\" href=\"https:\/\/cj.estrategia.com\/concurso\/cartorios-do-tj-rj\" role=\"button\" rel=\"noopener noreferrer\">CLIQUE AQUI<\/a>\n        <\/div>\n      <\/div>\n      <p class=\"texto-auxiliar\">Prepare-se com o melhor material e com quem mais aprova em concursos em todo o pa\u00eds. \n<\/p>\n    <\/div>\n\n  <\/div>\n<\/div>\n\n\n\n<div class=\"wp-block-yoast-seo-table-of-contents yoast-table-of-contents\"><h3 id=\"o-que-voce-vai-encontrar-neste-artigo\">O que voc\u00ea vai encontrar neste artigo?<\/h3><ul><li><a href=\"#atual\" data-level=\"2\">Concurso Cart\u00f3rio RJ: situa\u00e7\u00e3o atual<\/a><\/li><li><a href=\"#h-concurso-cartorio-rj-quais-as-etapas\" data-level=\"2\">Concurso Cart\u00f3rio RJ: quais as etapas?<\/a><\/li><li><a href=\"#carreira\" data-level=\"2\">Carreira no Cart\u00f3rio RJ<\/a><ul><li><a href=\"#requisitos\" data-level=\"3\">Requisitos<\/a><\/li><li><a href=\"#atribuicoes\" data-level=\"3\">Atribui\u00e7\u00f5es<\/a><\/li><\/ul><\/li><li><a href=\"#h-concurso-cartorio-rj-como-foi-o-edital-de-2017\" data-level=\"2\">Concurso Cart\u00f3rio RJ: como foi o edital de 2017?<\/a><ul><li><a href=\"#h-resultados\" data-level=\"3\">Resultados<\/a><\/li><\/ul><\/li><li><a href=\"#etapas\" data-level=\"2\">Etapas do \u00faltimo concurso Cart\u00f3rio RJ<\/a><ul><li><a href=\"#objetiva\" data-level=\"3\">Prova objetiva<\/a><\/li><li><a href=\"#escrita\" data-level=\"3\">Prova escrita<\/a><\/li><li><a href=\"#oral\" data-level=\"3\">Prova oral<\/a><\/li><li><a href=\"#titulos\" data-level=\"3\">Avalia\u00e7\u00e3o de T\u00edtulos e nota final<\/a><\/li><\/ul><\/li><li><a href=\"#cursos\" data-level=\"2\">Quer saber tudo sobre concursos previstos? Confira nossos artigos!<\/a><\/li><li><a href=\"#cursos\" data-level=\"2\">Cursos Estrat\u00e9gia Concurso Cart\u00f3rio RJ<\/a><\/li><\/ul><\/div>\n\n\n\n<h2 class=\"wp-block-heading\" id=\"atual\"><span id=\"concurso-cartorio-rj-situacao-atual\">Concurso Cart\u00f3rio RJ: situa\u00e7\u00e3o atual<\/span><\/h2>\n\n\n\n<p>O <strong>Tribunal de Justi\u00e7a do Estado do Rio de Janeiro<\/strong> (<strong>TJ RJ<\/strong>) instituiu a <a href=\"https:\/\/cj.estrategia.com\/portal\/wp-content\/uploads\/2025\/12\/18233102\/Screenshot-2025-12-18-at-23-19-10-diarioOficial.pdf.png\" target=\"_blank\" rel=\"noreferrer noopener nofollow\">comiss\u00e3o respons\u00e1vel<\/a> pelo LX Concurso P\u00fablico de Provas e T\u00edtulos para Outorga de Delega\u00e7\u00f5es das Atividades Notariais e\/ou Registrais.<\/p>\n\n\n\n<p>Lembrando que j\u00e1 havia sido divulgada a <a href=\"https:\/\/cj.estrategia.com\/portal\/wp-content\/uploads\/2025\/10\/30203558\/CARTORIO-RJ-REGULAMENTO.pdf\" target=\"_blank\" >resolu\u00e7\u00e3o<\/a> que regulamenta o pr\u00f3ximo <strong>Concurso P\u00fablico de Provas e T\u00edtulos para Outorga das Delega\u00e7\u00f5es das Atividades Notariais e\/ou Registrais<\/strong>.<\/p>\n\n\n\n<h2 class=\"wp-block-heading\" id=\"h-concurso-cartorio-rj-quais-as-etapas\"><span id=\"concurso-cartorio-rj-quais-as-etapas\">Concurso Cart\u00f3rio RJ: quais as etapas?<\/span><\/h2>\n\n\n\n<p>De acordo com o regulamento, o concurso ter\u00e1 quatro fases:<\/p>\n\n\n\n<ul class=\"wp-block-list\">\n<li><strong>Prova objetiva de sele\u00e7\u00e3o<\/strong> (eliminat\u00f3ria)<\/li>\n\n\n\n<li><strong>Prova escrita e pr\u00e1tica<\/strong> (eliminat\u00f3ria e classificat\u00f3ria)<\/li>\n\n\n\n<li><strong>Prova oral<\/strong> (eliminat\u00f3ria e classificat\u00f3ria)<\/li>\n\n\n\n<li><strong>Exame de t\u00edtulos<\/strong> (classificat\u00f3rio)<\/li>\n<\/ul>\n\n\n\n<h2 class=\"wp-block-heading\" id=\"carreira\"><span id=\"carreira-no-cartorio-rj\">Carreira no Cart\u00f3rio RJ<\/span><\/h2>\n\n\n\n<h3 class=\"wp-block-heading\" id=\"requisitos\">Requisitos<\/h3>\n\n\n\n<p>Entre os requisitos est\u00e3o: nacionalidade brasileira, capacidade civil, aptid\u00e3o f\u00edsica e mental, bons antecedentes, bacharelado em Direito ou 10 anos de experi\u00eancia em servi\u00e7os notariais\/registral, al\u00e9m da proibi\u00e7\u00e3o de exercer advocacia ou cargo p\u00fablico simultaneamente.<\/p>\n\n\n\n<h3 class=\"wp-block-heading\" id=\"atribuicoes\">Atribui\u00e7\u00f5es<\/h3>\n\n\n\n<p>Conforme a Lei n.\u00ba 8.935, de 18 de novembro de 1994, s\u00e3o atribui\u00e7\u00f5es dos not\u00e1rios:<\/p>\n\n\n\n<ul class=\"wp-block-list\">\n<li>formalizar juridicamente a vontade das partes;<\/li>\n\n\n\n<li>intervir nos atos e neg\u00f3cios jur\u00eddicos a que as partes devam ou queiram dar forma legal, ou autenticidade, autorizando a reda\u00e7\u00e3o ou redigindo os instrumentos adequados, conservando os originais e expedindo c\u00f3pias fidedignas de seu conte\u00fado;<\/li>\n\n\n\n<li>autenticar fatos.<\/li>\n<\/ul>\n\n\n\n<h2 class=\"wp-block-heading\" id=\"h-concurso-cartorio-rj-como-foi-o-edital-de-2017\"><span id=\"concurso-cartorio-rj-como-foi-o-edital-de-2017\">Concurso Cart\u00f3rio RJ: como foi o edital de 2017?<\/span><\/h2>\n\n\n\n<h3 class=\"wp-block-heading has-medium-font-size\" id=\"h-resultados\"><span id=\"resultados\">Resultados<\/span><\/h3>\n\n\n\n<ul class=\"wp-block-list\">\n<li><a href=\"https:\/\/cj.estrategia.com\/portal\/wp-content\/uploads\/2025\/01\/10170300\/aviso-tj-no-198-2024-resultado-final-do-lix-concurso-publico.pdf\" target=\"_blank\" >Resultado final<\/a>;<\/li>\n\n\n\n<li><a href=\"https:\/\/cj.estrategia.com\/portal\/wp-content\/uploads\/2024\/05\/03204817\/resultado-cartorio-rj.pdf\">Resultado final Prova de t\u00edtulos<\/a>;<\/li>\n\n\n\n<li><a href=\"https:\/\/cj.estrategia.com\/portal\/wp-content\/uploads\/2023\/05\/04191519\/Resultado-final-provas-escrita-e-pratica.pdf\" target=\"_blank\" >Resultado final Provas escrita e pratica<\/a>.<\/li>\n<\/ul>\n\n\n\n<h2 class=\"wp-block-heading\" id=\"etapas\"><span id=\"etapas-do-ultimo-concurso-cartorio-rj\">Etapas do \u00faltimo concurso Cart\u00f3rio RJ<\/span><\/h2>\n\n\n\n<p>O certame contou, ao todo, com <strong>quatro etapas<\/strong>, divididas da seguinte forma:<\/p>\n\n\n\n<ul class=\"wp-block-list\">\n<li><strong>Prova Objetiva de Sele\u00e7\u00e3o<\/strong>, de car\u00e1ter eliminat\u00f3rio;<\/li>\n\n\n\n<li><strong>Prova Escrita e Pr\u00e1tica<\/strong>, de car\u00e1ter eliminat\u00f3rio e classificat\u00f3rio;<\/li>\n\n\n\n<li><strong>Prova Oral<\/strong>, de car\u00e1ter eliminat\u00f3rio e classificat\u00f3rio;<\/li>\n\n\n\n<li><strong>Exame de T\u00edtulos<\/strong>, de car\u00e1ter classificat\u00f3rio.<\/li>\n<\/ul>\n\n\n\n<h3 class=\"wp-block-heading\" id=\"objetiva\"><span id=\"prova-objetiva\">Prova objetiva<\/span><\/h3>\n\n\n\n<p>As <strong>provas objetivas<\/strong> foram aplicadas no munic\u00edpio do Rio de Janeiro no dia 21 de maio de 2017 e tiveram a dura\u00e7\u00e3o de 3h30.<\/p>\n\n\n\n<p>As provas objetivas tiveram 60 quest\u00f5es de m\u00faltipla escolha. Cada quest\u00e3o contou com 5 op\u00e7\u00f5es e somente uma resposta a ser marcada. Os candidatos foram avaliados por meio das seguintes disciplinas:<\/p>\n\n\n\n<ul class=\"wp-block-list\">\n<li>Registros p\u00fablicos \u2013 8 quest\u00f5es<\/li>\n\n\n\n<li>Direito Constitucional \u2013 6 quest\u00f5es<\/li>\n\n\n\n<li>Direito Administrativo \u2013 6 quest\u00f5es<\/li>\n\n\n\n<li>Direito Tribut\u00e1rio \u2013 6 quest\u00f5es<\/li>\n\n\n\n<li>Direito Civil \u2013 6 quest\u00f5es<\/li>\n\n\n\n<li>Direito Processual Civil \u2013 6 quest\u00f5es<\/li>\n\n\n\n<li>Direito Penal \u2013 6 quest\u00f5es<\/li>\n\n\n\n<li>Direito Processual Penal \u2013 6 quest\u00f5es<\/li>\n\n\n\n<li>Direito Empresarial \u2013 6 quest\u00f5es<\/li>\n\n\n\n<li>Conhecimentos gerais \u2013 4 quest\u00f5es<\/li>\n<\/ul>\n\n\n\n<p>Somente foram considerados habilitados e convocados para a Prova Escrita e Pr\u00e1tica os candidatos que alcan\u00e7aram maior pontua\u00e7\u00e3o, inclu\u00eddos os empatados na \u00faltima coloca\u00e7\u00e3o, dentro da propor\u00e7\u00e3o de 8 candidatos por Servi\u00e7o dispon\u00edvel no Edital, em cada op\u00e7\u00e3o de inscri\u00e7\u00e3o.<\/p>\n\n\n\n<h3 class=\"wp-block-heading\" id=\"escrita\"><span id=\"prova-escrita\">Prova escrita <\/span><\/h3>\n\n\n\n<p>A <strong>Prova Escrita e Pr\u00e1tica<\/strong> consistiu numa disserta\u00e7\u00e3o e na elabora\u00e7\u00e3o de pe\u00e7a pr\u00e1tica, al\u00e9m de 05 quest\u00f5es discursivas, totalizando 10 pontos e peso 4, sendo considerados aprovados nesta fase e habilitados os candidatos que obtiveram nota igual ou superior a 5 pontos.<\/p>\n\n\n\n<p>A pontua\u00e7\u00e3o da Prova Escrita e Pr\u00e1tica foi distribu\u00edda da seguinte forma: a disserta\u00e7\u00e3o e a pe\u00e7a pr\u00e1tica valeram 2 pontos cada, e as quest\u00f5es discursivas valeram 6 pontos no total. O dom\u00ednio da L\u00edngua Portuguesa tamb\u00e9m foi objeto de avalia\u00e7\u00e3o nesta etapa do Concurso P\u00fablico.<\/p>\n\n\n\n<h3 class=\"wp-block-heading\" id=\"oral\"><span id=\"prova-oral\">Prova oral<\/span><\/h3>\n\n\n\n<p>A<strong> Prova Oral,<\/strong> distinta para cada crit\u00e9rio de ingresso, foi realizada de acordo com normas que foram fixadas pela Comiss\u00e3o do Concurso em at\u00e9 02 dias \u00fateis ap\u00f3s a divulga\u00e7\u00e3o da rela\u00e7\u00e3o dos habilitados na Prova Escrita e Pr\u00e1tica.<\/p>\n\n\n\n<p>A Prova Oral consistiu na argui\u00e7\u00e3o em sess\u00e3o p\u00fablica dos candidatos pela comiss\u00e3o examinadora. Ela valeu 10 pontos e teve peso 4. Os candidatos foram arguidos sobre os temas e as disciplinas constantes no edital.<\/p>\n\n\n\n<h3 class=\"wp-block-heading\" id=\"titulos\"><span id=\"avaliacao-de-titulos-e-nota-final\">Avalia\u00e7\u00e3o de T\u00edtulos e nota final<\/span><\/h3>\n\n\n\n<p>O exame de t\u00edtulos foi de car\u00e1ter classificat\u00f3rio e valeu no m\u00e1ximo 10 pontos, com peso 2, desprezando-se pontua\u00e7\u00e3o superior. Participaram do Exame de T\u00edtulos todos os candidatos habilitados na Prova Oral. Foram considerados os seguintes t\u00edtulos:<\/p>\n\n\n\n<figure class=\"wp-block-table is-style-stripes\"><table class=\"has-very-light-gray-to-cyan-bluish-gray-gradient-background has-background\"><thead><tr><th>Crit\u00e9rio<\/th><th>Descri\u00e7\u00e3o<\/th><th>Pontua\u00e7\u00e3o<\/th><\/tr><\/thead><tbody><tr><td>I<\/td><td>Exerc\u00edcio da advocacia ou de delega\u00e7\u00e3o, ou cargo, ou emprego, ou fun\u00e7\u00e3o p\u00fablica privativa de bacharel em Direito, todos por um m\u00ednimo de tr\u00eas anos at\u00e9 a data da primeira publica\u00e7\u00e3o do Edital<\/td><td>2 pontos<\/td><\/tr><tr><td>II<\/td><td>Exerc\u00edcio na atividade notarial ou de registro, por n\u00e3o bacharel em Direito, por um m\u00ednimo de dez anos at\u00e9 a data da primeira publica\u00e7\u00e3o do Edital<\/td><td>2 pontos<\/td><\/tr><tr><td>IIIa<\/td><td>Exerc\u00edcio do Magist\u00e9rio Superior na \u00e1rea jur\u00eddica mediante admiss\u00e3o no corpo docente por concurso ou processo seletivo p\u00fablico de provas e\/ou t\u00edtulos, pelo per\u00edodo m\u00ednimo de 5 anos<\/td><td>1,5 ponto<\/td><\/tr><tr><td>IIIb<\/td><td>Exerc\u00edcio do Magist\u00e9rio Superior na \u00e1rea jur\u00eddica mediante admiss\u00e3o no corpo docente sem concurso ou processo seletivo p\u00fablico de provas e\/ou t\u00edtulos, pelo per\u00edodo m\u00ednimo de 5 anos<\/td><td>1 ponto<\/td><\/tr><tr><td>IVa<\/td><td>Doutorado reconhecido ou revalidado em Direito ou em Ci\u00eancias Sociais ou Humanas<\/td><td>2 pontos<\/td><\/tr><tr><td>IVb<\/td><td>Mestrado reconhecido ou revalidado em Direito ou em Ci\u00eancias Sociais ou Humanas<\/td><td>1 ponto<\/td><\/tr><tr><td>IVc<\/td><td>Especializa\u00e7\u00e3o em Direito, na forma da legisla\u00e7\u00e3o educacional vigente, com carga hor\u00e1ria m\u00ednima de 360 horas-aula, cuja avalia\u00e7\u00e3o tenha considerado monografia de final de curso<\/td><td>0,5 ponto<\/td><\/tr><tr><td>V<\/td><td>Exerc\u00edcio, no m\u00ednimo durante 1 ano, por ao menos 16 horas mensais, das atribui\u00e7\u00f5es de conciliador volunt\u00e1rio, ou na presta\u00e7\u00e3o de assist\u00eancia jur\u00eddica volunt\u00e1ria<\/td><td>0,5 ponto<\/td><\/tr><tr><td>VI<\/td><td>Per\u00edodo igual a 3 elei\u00e7\u00f5es, contado uma s\u00f3 vez, de servi\u00e7o prestado, em qualquer condi\u00e7\u00e3o, \u00e0 Justi\u00e7a Eleitoral. Nas elei\u00e7\u00f5es com dois turnos, considerar-se-\u00e1 um \u00fanico per\u00edodo<\/td><td>0,5 ponto<\/td><\/tr><\/tbody><\/table><\/figure>\n\n\n\n<p><strong><em>Leia tamb\u00e9m: <\/em><\/strong><\/p>\n\n\n\n<ul class=\"wp-block-list\">\n<li><em><a href=\"https:\/\/cj.estrategia.com\/portal\/provas-comentadas-de-cartorios\/\" target=\"_blank\" >Provas comentadas de Cart\u00f3rios: estude com estrat\u00e9gia<\/a><\/em><\/li>\n<\/ul>\n\n\n\n<h2 class=\"wp-block-heading has-text-align-center\" id=\"cursos\"><span id=\"quer-saber-tudo-sobre-concursos-previstos-confira-nossos-artigos\">Quer saber tudo sobre concursos previstos? Confira nossos artigos!<\/span><\/h2>\n\n\n\n<ul class=\"wp-block-list\">\n<li><a href=\"https:\/\/cj.estrategia.com\/portal\/concursos-abertos-carreiras-juridicas\/\" target=\"_blank\" >Concursos jur\u00eddicos abertos<\/a><\/li>\n\n\n\n<li><a href=\"https:\/\/cj.estrategia.com\/portal\/concursos-juridicos-2026-prepare-se-para-os-proximos-editais\/\" target=\"_blank\" >Concursos Jur\u00eddicos 2026<\/a><\/li>\n\n\n\n<li><a href=\"https:\/\/cj.estrategia.com\/portal\/concursos-de-cartorio\/\">Concursos Cart\u00f3rios<\/a><\/li>\n\n\n\n<li><a href=\"https:\/\/cj.estrategia.com\/portal\/exame-nacional-de-cartorios\/\" target=\"_blank\" >Exame Nacional de Cart\u00f3rios<\/a><\/li>\n<\/ul>\n\n\n\n<h2 class=\"wp-block-heading has-text-align-center\" id=\"cursos\"><span id=\"cursos-estrategia-concurso-cartorio-rj\">Cursos Estrat\u00e9gia Concurso Cart\u00f3rio RJ<\/span><\/h2>\n\n\n\n<div class=\"wp-block-cover\" style=\"min-height:155px;aspect-ratio:unset;\"><img decoding=\"async\" width=\"1890\" height=\"351\" class=\"wp-block-cover__image-background wp-image-8669\" alt=\"Assinaturas Jur\u00eddicas\" src=\"https:\/\/cj.estrategia.com\/portal\/wp-content\/uploads\/2022\/06\/20151253\/concurso-carreiras-juridicas-assinatura-juridica.jpg\" style=\"object-position:78% 43%\" data-object-fit=\"cover\" data-object-position=\"78% 43%\" srcset=\"https:\/\/cj.estrategia.com\/portal\/wp-content\/uploads\/2022\/06\/20151253\/concurso-carreiras-juridicas-assinatura-juridica.jpg 1890w, https:\/\/cj.estrategia.com\/portal\/wp-content\/uploads\/2022\/06\/20151253\/concurso-carreiras-juridicas-assinatura-juridica-300x56.jpg 300w, https:\/\/cj.estrategia.com\/portal\/wp-content\/uploads\/2022\/06\/20151253\/concurso-carreiras-juridicas-assinatura-juridica-1024x190.jpg 1024w, https:\/\/cj.estrategia.com\/portal\/wp-content\/uploads\/2022\/06\/20151253\/concurso-carreiras-juridicas-assinatura-juridica-768x143.jpg 768w, https:\/\/cj.estrategia.com\/portal\/wp-content\/uploads\/2022\/06\/20151253\/concurso-carreiras-juridicas-assinatura-juridica-1536x285.jpg 1536w, https:\/\/cj.estrategia.com\/portal\/wp-content\/uploads\/2022\/06\/20151253\/concurso-carreiras-juridicas-assinatura-juridica-380x71.jpg 380w, https:\/\/cj.estrategia.com\/portal\/wp-content\/uploads\/2022\/06\/20151253\/concurso-carreiras-juridicas-assinatura-juridica-800x149.jpg 800w, https:\/\/cj.estrategia.com\/portal\/wp-content\/uploads\/2022\/06\/20151253\/concurso-carreiras-juridicas-assinatura-juridica-1160x215.jpg 1160w\" sizes=\"(max-width: 1890px) 100vw, 1890px\" \/><span aria-hidden=\"true\" class=\"wp-block-cover__background has-background-dim\"><\/span><div class=\"wp-block-cover__inner-container is-layout-flow wp-block-cover-is-layout-flow\">\n<h3 id=\"faca-a-sua-assinatura\" class=\"titulo-assinatura\"><span style=\"color: #ffffff;\">Fa\u00e7a a sua assinatura!<\/span><\/h3>\n<p class=\"subtitulo-assinatura\" style=\"display:block!important; line-height: 0;\"><span style=\"color: #ffffff;\">Escolha a sua \u00e1rea.<\/span><\/p>\n<a target=\"_blank\" href=\"https:\/\/www.estrategiaconcursos.com.br\/assinaturas-ecj\/\" rel=\"noopener\"><button style=\"border-radius: 10px; text-transform: capitalize;\">Acessar<\/button><\/a>\n<\/div><\/div>\n\n\n\n<figure class=\"wp-block-image size-large is-resized\"><img decoding=\"async\" src=\"https:\/\/dhg1h5j42swfq.cloudfront.net\/2021\/04\/05154617\/ficha-tecnica-12-1024x632.png\" alt=\"ficha t\u00e9cnica concurso Cart\u00f3rio RJ\" class=\"wp-image-707675\" style=\"width:256px;height:158px\"\/><\/figure>\n\n\n\n<h4 class=\"wp-block-heading\" id=\"ficha\"><span id=\"informacoes-sobre-o-concurso-cartorio-rj\">Informa\u00e7\u00f5es sobre o concurso Cart\u00f3rio RJ<\/span><\/h4>\n\n\n\n<ul class=\"wp-block-list\">\n<li><strong>Vagas<\/strong>: a definir<\/li>\n\n\n\n<li><strong>Cargos<\/strong>: Not\u00e1rio ou Registrador<\/li>\n\n\n\n<li><strong>Lota\u00e7\u00f5es<\/strong>: Rio de Janeiro<\/li>\n\n\n\n<li><strong>Banca<\/strong>: a definir<\/li>\n\n\n\n<li><strong>Escolaridade<\/strong>: Bacharelado em Direito ou 10 anos de atividade notarial ou de registro<\/li>\n\n\n\n<li><strong>\u00daltimo edital<\/strong>: <a href=\"https:\/\/dhg1h5j42swfq.cloudfront.net\/2021\/11\/09075049\/edital-12o-concurso-sp.pdf\" target=\"_blank\" rel=\"noreferrer noopener nofollow\"><\/a><a href=\"https:\/\/cj.estrategia.com\/portal\/wp-content\/uploads\/2022\/06\/15192553\/edital-anexos-09-01-2017.pdf\" target=\"_blank\" rel=\"noreferrer noopener nofollow\">Cart\u00f3rio TJ RJ 2017<\/a><\/li>\n<\/ul>\n","protected":false},"excerpt":{"rendered":"Comiss\u00e3o formada! O Tribunal de Justi\u00e7a do Estado do Rio de Janeiro (TJ RJ) publicou a lista de&hellip;\n","protected":false},"author":12,"featured_media":177772,"comment_status":"open","ping_status":"open","sticky":false,"template":"","format":"standard","meta":{"_jetpack_memberships_contains_paid_content":false,"footnotes":""},"categories":[1,29],"tags":[],"tax_estado":[49],"class_list":{"0":"post-8412","1":"post","2":"type-post","3":"status-publish","4":"format-standard","5":"has-post-thumbnail","7":"category-carreiras-juridicas","8":"category-cartorio","9":"tax_estado-rj"},"acf":[],"yoast_head":"<!-- This site is optimized with the Yoast SEO Premium plugin v27.5 (Yoast SEO v27.5) - https:\/\/yoast.com\/product\/yoast-seo-premium-wordpress\/ -->\n<title>Concurso Cart\u00f3rio RJ: lista de serventias vagas atualizada!<\/title>\n<meta name=\"description\" content=\"Concurso Cart\u00f3rio RJ: \u00faltima sele\u00e7\u00e3o aconteceu em 2017! Com a lista de serventias vagas divulgada, aumenta expectativa pelo edital!\" \/>\n<meta name=\"robots\" content=\"index, follow, max-snippet:-1, max-image-preview:large, max-video-preview:-1\" \/>\n<link rel=\"canonical\" href=\"https:\/\/cj.estrategia.com\/portal\/concurso-cartorio-rj\/\" \/>\n<meta property=\"og:locale\" content=\"pt_BR\" \/>\n<meta property=\"og:type\" content=\"article\" \/>\n<meta property=\"og:title\" content=\"Concurso Cart\u00f3rio RJ: lista de serventias vagas atualizada!\" \/>\n<meta property=\"og:description\" content=\"Concurso Cart\u00f3rio RJ: \u00faltima sele\u00e7\u00e3o aconteceu em 2017! Com a lista de serventias vagas divulgada, aumenta expectativa pelo edital!\" \/>\n<meta property=\"og:url\" content=\"https:\/\/cj.estrategia.com\/portal\/concurso-cartorio-rj\/\" \/>\n<meta property=\"og:site_name\" content=\"Blog - Carreiras Jur\u00eddicas - Estrat\u00e9gia\" \/>\n<meta property=\"article:publisher\" content=\"https:\/\/www.facebook.com\/estrategiacarreirajuridica\/\" \/>\n<meta property=\"article:published_time\" content=\"2026-03-23T19:30:59+00:00\" \/>\n<meta property=\"article:modified_time\" content=\"2026-03-23T19:31:04+00:00\" \/>\n<meta property=\"og:image\" content=\"https:\/\/cj.estrategia.com\/portal\/wp-content\/uploads\/2026\/02\/04114812\/cartorios.jpg\" \/>\n\t<meta property=\"og:image:width\" content=\"2459\" \/>\n\t<meta property=\"og:image:height\" content=\"1383\" \/>\n\t<meta property=\"og:image:type\" content=\"image\/jpeg\" \/>\n<meta name=\"author\" content=\"Coordena\u00e7\u00e3o\" \/>\n<meta name=\"twitter:card\" content=\"summary_large_image\" \/>\n<meta name=\"twitter:creator\" content=\"@EstratJuridica\" \/>\n<meta name=\"twitter:site\" content=\"@EstratJuridica\" \/>\n<meta name=\"twitter:label1\" content=\"Escrito por\" \/>\n\t<meta name=\"twitter:data1\" content=\"Coordena\u00e7\u00e3o\" \/>\n\t<meta name=\"twitter:label2\" content=\"Est. tempo de leitura\" \/>\n\t<meta name=\"twitter:data2\" content=\"8 minutos\" \/>\n<script type=\"application\/ld+json\" class=\"yoast-schema-graph\">{\"@context\":\"https:\\\/\\\/schema.org\",\"@graph\":[{\"@type\":\"NewsArticle\",\"@id\":\"https:\\\/\\\/cj.estrategia.com\\\/portal\\\/concurso-cartorio-rj\\\/#article\",\"isPartOf\":{\"@id\":\"https:\\\/\\\/cj.estrategia.com\\\/portal\\\/concurso-cartorio-rj\\\/\"},\"author\":{\"name\":\"Coordena\u00e7\u00e3o\",\"@id\":\"https:\\\/\\\/cj.estrategia.com\\\/portal\\\/#\\\/schema\\\/person\\\/4d70317d31449932b99102916b6637f5\"},\"headline\":\"Concurso Cart\u00f3rio RJ: lista de serventias vagas atualizada!\",\"datePublished\":\"2026-03-23T19:30:59+00:00\",\"dateModified\":\"2026-03-23T19:31:04+00:00\",\"mainEntityOfPage\":{\"@id\":\"https:\\\/\\\/cj.estrategia.com\\\/portal\\\/concurso-cartorio-rj\\\/\"},\"wordCount\":1459,\"commentCount\":0,\"publisher\":{\"@id\":\"https:\\\/\\\/cj.estrategia.com\\\/portal\\\/#organization\"},\"image\":{\"@id\":\"https:\\\/\\\/cj.estrategia.com\\\/portal\\\/concurso-cartorio-rj\\\/#primaryimage\"},\"thumbnailUrl\":\"https:\\\/\\\/cj.estrategia.com\\\/portal\\\/wp-content\\\/uploads\\\/2026\\\/02\\\/04114812\\\/cartorios.jpg\",\"articleSection\":[\"Carreiras Jur\u00eddicas\",\"Cart\u00f3rio\"],\"inLanguage\":\"pt-BR\",\"potentialAction\":[{\"@type\":\"CommentAction\",\"name\":\"Comment\",\"target\":[\"https:\\\/\\\/cj.estrategia.com\\\/portal\\\/concurso-cartorio-rj\\\/#respond\"]}],\"accessibilityFeature\":[\"tableOfContents\"]},{\"@type\":\"WebPage\",\"@id\":\"https:\\\/\\\/cj.estrategia.com\\\/portal\\\/concurso-cartorio-rj\\\/\",\"url\":\"https:\\\/\\\/cj.estrategia.com\\\/portal\\\/concurso-cartorio-rj\\\/\",\"name\":\"Concurso Cart\u00f3rio RJ: lista de serventias vagas atualizada!\",\"isPartOf\":{\"@id\":\"https:\\\/\\\/cj.estrategia.com\\\/portal\\\/#website\"},\"primaryImageOfPage\":{\"@id\":\"https:\\\/\\\/cj.estrategia.com\\\/portal\\\/concurso-cartorio-rj\\\/#primaryimage\"},\"image\":{\"@id\":\"https:\\\/\\\/cj.estrategia.com\\\/portal\\\/concurso-cartorio-rj\\\/#primaryimage\"},\"thumbnailUrl\":\"https:\\\/\\\/cj.estrategia.com\\\/portal\\\/wp-content\\\/uploads\\\/2026\\\/02\\\/04114812\\\/cartorios.jpg\",\"datePublished\":\"2026-03-23T19:30:59+00:00\",\"dateModified\":\"2026-03-23T19:31:04+00:00\",\"description\":\"Concurso Cart\u00f3rio RJ: \u00faltima sele\u00e7\u00e3o aconteceu em 2017! Com a lista de serventias vagas divulgada, aumenta expectativa pelo edital!\",\"breadcrumb\":{\"@id\":\"https:\\\/\\\/cj.estrategia.com\\\/portal\\\/concurso-cartorio-rj\\\/#breadcrumb\"},\"inLanguage\":\"pt-BR\",\"potentialAction\":[{\"@type\":\"ReadAction\",\"target\":[\"https:\\\/\\\/cj.estrategia.com\\\/portal\\\/concurso-cartorio-rj\\\/\"]}]},{\"@type\":\"ImageObject\",\"inLanguage\":\"pt-BR\",\"@id\":\"https:\\\/\\\/cj.estrategia.com\\\/portal\\\/concurso-cartorio-rj\\\/#primaryimage\",\"url\":\"https:\\\/\\\/cj.estrategia.com\\\/portal\\\/wp-content\\\/uploads\\\/2026\\\/02\\\/04114812\\\/cartorios.jpg\",\"contentUrl\":\"https:\\\/\\\/cj.estrategia.com\\\/portal\\\/wp-content\\\/uploads\\\/2026\\\/02\\\/04114812\\\/cartorios.jpg\",\"width\":2459,\"height\":1383},{\"@type\":\"BreadcrumbList\",\"@id\":\"https:\\\/\\\/cj.estrategia.com\\\/portal\\\/concurso-cartorio-rj\\\/#breadcrumb\",\"itemListElement\":[{\"@type\":\"ListItem\",\"position\":1,\"name\":\"In\u00edcio\",\"item\":\"https:\\\/\\\/cj.estrategia.com\\\/portal\\\/\"},{\"@type\":\"ListItem\",\"position\":2,\"name\":\"Concurso Cart\u00f3rio RJ: lista de serventias vagas atualizada!\"}]},{\"@type\":\"WebSite\",\"@id\":\"https:\\\/\\\/cj.estrategia.com\\\/portal\\\/#website\",\"url\":\"https:\\\/\\\/cj.estrategia.com\\\/portal\\\/\",\"name\":\"Blog - Carreiras Jur\u00eddicas - Estrat\u00e9gia\",\"description\":\"\",\"publisher\":{\"@id\":\"https:\\\/\\\/cj.estrategia.com\\\/portal\\\/#organization\"},\"potentialAction\":[{\"@type\":\"SearchAction\",\"target\":{\"@type\":\"EntryPoint\",\"urlTemplate\":\"https:\\\/\\\/cj.estrategia.com\\\/portal\\\/?s={search_term_string}\"},\"query-input\":{\"@type\":\"PropertyValueSpecification\",\"valueRequired\":true,\"valueName\":\"search_term_string\"}}],\"inLanguage\":\"pt-BR\"},{\"@type\":\"Organization\",\"@id\":\"https:\\\/\\\/cj.estrategia.com\\\/portal\\\/#organization\",\"name\":\"Estrat\u00e9gia - Carreiras Jur\u00eddicas\",\"url\":\"https:\\\/\\\/cj.estrategia.com\\\/portal\\\/\",\"logo\":{\"@type\":\"ImageObject\",\"inLanguage\":\"pt-BR\",\"@id\":\"https:\\\/\\\/cj.estrategia.com\\\/portal\\\/#\\\/schema\\\/logo\\\/image\\\/\",\"url\":\"https:\\\/\\\/cj.estrategia.com\\\/portal\\\/wp-content\\\/uploads\\\/2022\\\/03\\\/11151052\\\/cj-logo.png\",\"contentUrl\":\"https:\\\/\\\/cj.estrategia.com\\\/portal\\\/wp-content\\\/uploads\\\/2022\\\/03\\\/11151052\\\/cj-logo.png\",\"width\":150,\"height\":39,\"caption\":\"Estrat\u00e9gia - Carreiras Jur\u00eddicas\"},\"image\":{\"@id\":\"https:\\\/\\\/cj.estrategia.com\\\/portal\\\/#\\\/schema\\\/logo\\\/image\\\/\"},\"sameAs\":[\"https:\\\/\\\/www.facebook.com\\\/estrategiacarreirajuridica\\\/\",\"https:\\\/\\\/x.com\\\/EstratJuridica\",\"https:\\\/\\\/www.instagram.com\\\/estrategiacarreirajuridica\\\/\",\"https:\\\/\\\/www.youtube.com\\\/channel\\\/UClbMGuYbj2Mh1m3w144ETWQ\"]},{\"@type\":\"Person\",\"@id\":\"https:\\\/\\\/cj.estrategia.com\\\/portal\\\/#\\\/schema\\\/person\\\/4d70317d31449932b99102916b6637f5\",\"name\":\"Coordena\u00e7\u00e3o\",\"image\":{\"@type\":\"ImageObject\",\"inLanguage\":\"pt-BR\",\"@id\":\"https:\\\/\\\/cj.estrategia.com\\\/portal\\\/wp-content\\\/uploads\\\/2022\\\/05\\\/12164923\\\/estrategia-carreira-juridica-coordenacao-96x96.png\",\"url\":\"https:\\\/\\\/cj.estrategia.com\\\/portal\\\/wp-content\\\/uploads\\\/2022\\\/05\\\/12164923\\\/estrategia-carreira-juridica-coordenacao-96x96.png\",\"contentUrl\":\"https:\\\/\\\/cj.estrategia.com\\\/portal\\\/wp-content\\\/uploads\\\/2022\\\/05\\\/12164923\\\/estrategia-carreira-juridica-coordenacao-96x96.png\",\"caption\":\"Coordena\u00e7\u00e3o\"},\"url\":\"https:\\\/\\\/cj.estrategia.com\\\/portal\\\/author\\\/coordenacao\\\/\"}]}<\/script>\n<!-- \/ Yoast SEO Premium plugin. -->","yoast_head_json":{"title":"Concurso Cart\u00f3rio RJ: lista de serventias vagas atualizada!","description":"Concurso Cart\u00f3rio RJ: \u00faltima sele\u00e7\u00e3o aconteceu em 2017! Com a lista de serventias vagas divulgada, aumenta expectativa pelo edital!","robots":{"index":"index","follow":"follow","max-snippet":"max-snippet:-1","max-image-preview":"max-image-preview:large","max-video-preview":"max-video-preview:-1"},"canonical":"https:\/\/cj.estrategia.com\/portal\/concurso-cartorio-rj\/","og_locale":"pt_BR","og_type":"article","og_title":"Concurso Cart\u00f3rio RJ: lista de serventias vagas atualizada!","og_description":"Concurso Cart\u00f3rio RJ: \u00faltima sele\u00e7\u00e3o aconteceu em 2017! Com a lista de serventias vagas divulgada, aumenta expectativa pelo edital!","og_url":"https:\/\/cj.estrategia.com\/portal\/concurso-cartorio-rj\/","og_site_name":"Blog - Carreiras Jur\u00eddicas - Estrat\u00e9gia","article_publisher":"https:\/\/www.facebook.com\/estrategiacarreirajuridica\/","article_published_time":"2026-03-23T19:30:59+00:00","article_modified_time":"2026-03-23T19:31:04+00:00","og_image":[{"width":2459,"height":1383,"url":"https:\/\/cj.estrategia.com\/portal\/wp-content\/uploads\/2026\/02\/04114812\/cartorios.jpg","type":"image\/jpeg"}],"author":"Coordena\u00e7\u00e3o","twitter_card":"summary_large_image","twitter_creator":"@EstratJuridica","twitter_site":"@EstratJuridica","twitter_misc":{"Escrito por":"Coordena\u00e7\u00e3o","Est. tempo de leitura":"8 minutos"},"schema":{"@context":"https:\/\/schema.org","@graph":[{"@type":"NewsArticle","@id":"https:\/\/cj.estrategia.com\/portal\/concurso-cartorio-rj\/#article","isPartOf":{"@id":"https:\/\/cj.estrategia.com\/portal\/concurso-cartorio-rj\/"},"author":{"name":"Coordena\u00e7\u00e3o","@id":"https:\/\/cj.estrategia.com\/portal\/#\/schema\/person\/4d70317d31449932b99102916b6637f5"},"headline":"Concurso Cart\u00f3rio RJ: lista de serventias vagas atualizada!","datePublished":"2026-03-23T19:30:59+00:00","dateModified":"2026-03-23T19:31:04+00:00","mainEntityOfPage":{"@id":"https:\/\/cj.estrategia.com\/portal\/concurso-cartorio-rj\/"},"wordCount":1459,"commentCount":0,"publisher":{"@id":"https:\/\/cj.estrategia.com\/portal\/#organization"},"image":{"@id":"https:\/\/cj.estrategia.com\/portal\/concurso-cartorio-rj\/#primaryimage"},"thumbnailUrl":"https:\/\/cj.estrategia.com\/portal\/wp-content\/uploads\/2026\/02\/04114812\/cartorios.jpg","articleSection":["Carreiras Jur\u00eddicas","Cart\u00f3rio"],"inLanguage":"pt-BR","potentialAction":[{"@type":"CommentAction","name":"Comment","target":["https:\/\/cj.estrategia.com\/portal\/concurso-cartorio-rj\/#respond"]}],"accessibilityFeature":["tableOfContents"]},{"@type":"WebPage","@id":"https:\/\/cj.estrategia.com\/portal\/concurso-cartorio-rj\/","url":"https:\/\/cj.estrategia.com\/portal\/concurso-cartorio-rj\/","name":"Concurso Cart\u00f3rio RJ: lista de serventias vagas atualizada!","isPartOf":{"@id":"https:\/\/cj.estrategia.com\/portal\/#website"},"primaryImageOfPage":{"@id":"https:\/\/cj.estrategia.com\/portal\/concurso-cartorio-rj\/#primaryimage"},"image":{"@id":"https:\/\/cj.estrategia.com\/portal\/concurso-cartorio-rj\/#primaryimage"},"thumbnailUrl":"https:\/\/cj.estrategia.com\/portal\/wp-content\/uploads\/2026\/02\/04114812\/cartorios.jpg","datePublished":"2026-03-23T19:30:59+00:00","dateModified":"2026-03-23T19:31:04+00:00","description":"Concurso Cart\u00f3rio RJ: \u00faltima sele\u00e7\u00e3o aconteceu em 2017! Com a lista de serventias vagas divulgada, aumenta expectativa pelo edital!","breadcrumb":{"@id":"https:\/\/cj.estrategia.com\/portal\/concurso-cartorio-rj\/#breadcrumb"},"inLanguage":"pt-BR","potentialAction":[{"@type":"ReadAction","target":["https:\/\/cj.estrategia.com\/portal\/concurso-cartorio-rj\/"]}]},{"@type":"ImageObject","inLanguage":"pt-BR","@id":"https:\/\/cj.estrategia.com\/portal\/concurso-cartorio-rj\/#primaryimage","url":"https:\/\/cj.estrategia.com\/portal\/wp-content\/uploads\/2026\/02\/04114812\/cartorios.jpg","contentUrl":"https:\/\/cj.estrategia.com\/portal\/wp-content\/uploads\/2026\/02\/04114812\/cartorios.jpg","width":2459,"height":1383},{"@type":"BreadcrumbList","@id":"https:\/\/cj.estrategia.com\/portal\/concurso-cartorio-rj\/#breadcrumb","itemListElement":[{"@type":"ListItem","position":1,"name":"In\u00edcio","item":"https:\/\/cj.estrategia.com\/portal\/"},{"@type":"ListItem","position":2,"name":"Concurso Cart\u00f3rio RJ: lista de serventias vagas atualizada!"}]},{"@type":"WebSite","@id":"https:\/\/cj.estrategia.com\/portal\/#website","url":"https:\/\/cj.estrategia.com\/portal\/","name":"Blog - Carreiras Jur\u00eddicas - Estrat\u00e9gia","description":"","publisher":{"@id":"https:\/\/cj.estrategia.com\/portal\/#organization"},"potentialAction":[{"@type":"SearchAction","target":{"@type":"EntryPoint","urlTemplate":"https:\/\/cj.estrategia.com\/portal\/?s={search_term_string}"},"query-input":{"@type":"PropertyValueSpecification","valueRequired":true,"valueName":"search_term_string"}}],"inLanguage":"pt-BR"},{"@type":"Organization","@id":"https:\/\/cj.estrategia.com\/portal\/#organization","name":"Estrat\u00e9gia - Carreiras Jur\u00eddicas","url":"https:\/\/cj.estrategia.com\/portal\/","logo":{"@type":"ImageObject","inLanguage":"pt-BR","@id":"https:\/\/cj.estrategia.com\/portal\/#\/schema\/logo\/image\/","url":"https:\/\/cj.estrategia.com\/portal\/wp-content\/uploads\/2022\/03\/11151052\/cj-logo.png","contentUrl":"https:\/\/cj.estrategia.com\/portal\/wp-content\/uploads\/2022\/03\/11151052\/cj-logo.png","width":150,"height":39,"caption":"Estrat\u00e9gia - Carreiras Jur\u00eddicas"},"image":{"@id":"https:\/\/cj.estrategia.com\/portal\/#\/schema\/logo\/image\/"},"sameAs":["https:\/\/www.facebook.com\/estrategiacarreirajuridica\/","https:\/\/x.com\/EstratJuridica","https:\/\/www.instagram.com\/estrategiacarreirajuridica\/","https:\/\/www.youtube.com\/channel\/UClbMGuYbj2Mh1m3w144ETWQ"]},{"@type":"Person","@id":"https:\/\/cj.estrategia.com\/portal\/#\/schema\/person\/4d70317d31449932b99102916b6637f5","name":"Coordena\u00e7\u00e3o","image":{"@type":"ImageObject","inLanguage":"pt-BR","@id":"https:\/\/cj.estrategia.com\/portal\/wp-content\/uploads\/2022\/05\/12164923\/estrategia-carreira-juridica-coordenacao-96x96.png","url":"https:\/\/cj.estrategia.com\/portal\/wp-content\/uploads\/2022\/05\/12164923\/estrategia-carreira-juridica-coordenacao-96x96.png","contentUrl":"https:\/\/cj.estrategia.com\/portal\/wp-content\/uploads\/2022\/05\/12164923\/estrategia-carreira-juridica-coordenacao-96x96.png","caption":"Coordena\u00e7\u00e3o"},"url":"https:\/\/cj.estrategia.com\/portal\/author\/coordenacao\/"}]}},"jetpack_featured_media_url":"https:\/\/cj.estrategia.com\/portal\/wp-content\/uploads\/2026\/02\/04114812\/cartorios.jpg","jetpack_sharing_enabled":true,"_links":{"self":[{"href":"https:\/\/cj.estrategia.com\/portal\/wp-json\/wp\/v2\/posts\/8412","targetHints":{"allow":["GET"]}}],"collection":[{"href":"https:\/\/cj.estrategia.com\/portal\/wp-json\/wp\/v2\/posts"}],"about":[{"href":"https:\/\/cj.estrategia.com\/portal\/wp-json\/wp\/v2\/types\/post"}],"author":[{"embeddable":true,"href":"https:\/\/cj.estrategia.com\/portal\/wp-json\/wp\/v2\/users\/12"}],"replies":[{"embeddable":true,"href":"https:\/\/cj.estrategia.com\/portal\/wp-json\/wp\/v2\/comments?post=8412"}],"version-history":[{"count":0,"href":"https:\/\/cj.estrategia.com\/portal\/wp-json\/wp\/v2\/posts\/8412\/revisions"}],"wp:featuredmedia":[{"embeddable":true,"href":"https:\/\/cj.estrategia.com\/portal\/wp-json\/wp\/v2\/media\/177772"}],"wp:attachment":[{"href":"https:\/\/cj.estrategia.com\/portal\/wp-json\/wp\/v2\/media?parent=8412"}],"wp:term":[{"taxonomy":"category","embeddable":true,"href":"https:\/\/cj.estrategia.com\/portal\/wp-json\/wp\/v2\/categories?post=8412"},{"taxonomy":"post_tag","embeddable":true,"href":"https:\/\/cj.estrategia.com\/portal\/wp-json\/wp\/v2\/tags?post=8412"},{"taxonomy":"tax_estado","embeddable":true,"href":"https:\/\/cj.estrategia.com\/portal\/wp-json\/wp\/v2\/tax_estado?post=8412"}],"curies":[{"name":"wp","href":"https:\/\/api.w.org\/{rel}","templated":true}]}}