{"id":84094,"date":"2024-11-16T23:25:10","date_gmt":"2024-11-17T02:25:10","guid":{"rendered":"https:\/\/cj.estrategia.com\/portal\/?p=84094"},"modified":"2024-12-01T17:23:58","modified_gmt":"2024-12-01T20:23:58","slug":"uso-da-inteligencia-artificial-na-advocacia","status":"publish","type":"post","link":"https:\/\/cj.estrategia.com\/portal\/uso-da-inteligencia-artificial-na-advocacia\/","title":{"rendered":"OAB aprova recomenda\u00e7\u00f5es para uso da intelig\u00eancia artificial na advocacia"},"content":{"rendered":"\n<p><em>OAB aprova diretrizes para o uso \u00e9tico e eficiente da intelig\u00eancia artificial generativa na advocacia.<\/em><\/p>\n\n\n\n<p><strong>* Thiago de Paula Leite \u00e9 procurador do Estado de S\u00e3o Paulo e professor de direito ambiental e agr\u00e1rio do Estrat\u00e9gia.<\/strong><\/p>\n\n\n\n<figure class=\"wp-block-image size-full\"><img decoding=\"async\" width=\"825\" height=\"471\" src=\"https:\/\/cj.estrategia.com\/portal\/wp-content\/uploads\/2024\/11\/16231317\/IA.png\" alt=\"intelig\u00eancia artificial generativa\" class=\"wp-image-84118\" srcset=\"https:\/\/cj.estrategia.com\/portal\/wp-content\/uploads\/2024\/11\/16231317\/IA.png 825w, https:\/\/cj.estrategia.com\/portal\/wp-content\/uploads\/2024\/11\/16231317\/IA-300x171.png 300w, https:\/\/cj.estrategia.com\/portal\/wp-content\/uploads\/2024\/11\/16231317\/IA-768x438.png 768w, https:\/\/cj.estrategia.com\/portal\/wp-content\/uploads\/2024\/11\/16231317\/IA-380x217.png 380w, https:\/\/cj.estrategia.com\/portal\/wp-content\/uploads\/2024\/11\/16231317\/IA-800x457.png 800w, https:\/\/cj.estrategia.com\/portal\/wp-content\/uploads\/2024\/11\/16231317\/IA-150x86.png 150w\" sizes=\"(max-width: 825px) 100vw, 825px\" \/><\/figure>\n\n\n\n<h2 class=\"wp-block-heading\" id=\"h-o-que-foi-aprovado-na-oab\" style=\"font-style:normal;font-weight:400\"><span id=\"o-que-foi-aprovado-na-oab\"><strong>O que foi aprovado na OAB?<\/strong><\/span><\/h2>\n\n\n\n<p>O Conselho Federal da Ordem dos Advogados do Brasil acaba de aprovar uma s\u00e9rie de <mark style=\"background-color:rgba(0, 0, 0, 0)\" class=\"has-inline-color has-vivid-red-color\"><strong>recomenda\u00e7\u00f5es sobre o uso da intelig\u00eancia artificial generativa na pr\u00e1tica da advocacia<\/strong>.<\/mark><\/p>\n\n\n\n<p>O documento foi elaborado pelo Observat\u00f3rio Nacional de Ciberseguran\u00e7a, Intelig\u00eancia Artificial e Prote\u00e7\u00e3o de Dados da OAB Nacional.<\/p>\n\n\n\n<p>As recomenda\u00e7\u00f5es da OAB se fundamentam em quatro pilares (diretrizes), a saber:<\/p>\n\n\n\n<div class=\"wp-block-group is-style-cnvs-block-bg-light\"><div class=\"wp-block-group__inner-container is-layout-constrained wp-block-group-is-layout-constrained\">\n<p style=\"font-size:20px\"><strong><mark style=\"background-color:rgba(0, 0, 0, 0);color:#565656\" class=\"has-inline-color\">Legisla\u00e7\u00e3o aplic\u00e1vel:<\/mark><\/strong><\/p>\n\n\n\n<ul class=\"wp-block-list\">\n<li><\/li>\n<\/ul>\n\n\n\n<p>A IA deve ser utilizada em conformidade com o ordenamento jur\u00eddico, em especial: o Estatuto da OAB, o C\u00f3digo de \u00c9tica da OAB, a Lei Geral de Prote\u00e7\u00e3o de Dados e o C\u00f3digo de Processo Civil.<\/p>\n<\/div><\/div>\n\n\n\n<div class=\"wp-block-group is-style-cnvs-block-bg-light\"><div class=\"wp-block-group__inner-container is-layout-constrained wp-block-group-is-layout-constrained\">\n<p style=\"font-size:20px\"><strong><mark style=\"background-color:rgba(0, 0, 0, 0);color:#565656\" class=\"has-inline-color\">Confidencialidade e Privacidade:<\/mark><\/strong><\/p>\n\n\n\n<ul class=\"wp-block-list\">\n<li><\/li>\n<\/ul>\n\n\n\n<p>Ao incluir informa\u00e7\u00f5es e dados em sistema de IA, o advogado deve prezar pela observ\u00e2ncia da confidencialidade e sigilo profissional, passando pela dilig\u00eancia na escolha da empresa respons\u00e1vel pela tecnologia.&nbsp;<\/p>\n\n\n\n<p>Importante deixar claro que a utiliza\u00e7\u00e3o de <em>chatbots<\/em> (assistentes virtuais de atendimento) n\u00e3o deve incluir atividades privativas da advocacia.<\/p>\n<\/div><\/div>\n\n\n\n<div class=\"wp-block-group is-style-cnvs-block-bg-light\"><div class=\"wp-block-group__inner-container is-layout-constrained wp-block-group-is-layout-constrained\">\n<p style=\"font-size:20px\"><strong><mark style=\"background-color:rgba(0, 0, 0, 0);color:#565656\" class=\"has-inline-color\">Pr\u00e1tica Jur\u00eddica \u00c9tica:<\/mark><\/strong><\/p>\n\n\n\n<ul class=\"wp-block-list\">\n<li><\/li>\n<\/ul>\n\n\n\n<p>O advogado deve garantir o uso \u00e9tico da ferramenta, de modo que o julgamento profissional n\u00e3o seja realizado pela IA sem supervis\u00e3o humana.<\/p>\n\n\n\n<p>Em rela\u00e7\u00e3o ao levantamento de jurisprud\u00eancia e legisla\u00e7\u00e3o, o advogado deve especial aten\u00e7\u00e3o aos deveres de veracidade e boa-f\u00e9, previstos no artigo 77, do CPC.<\/p>\n<\/div><\/div>\n\n\n\n<div class=\"wp-block-group is-style-cnvs-block-bg-light\"><div class=\"wp-block-group__inner-container is-layout-constrained wp-block-group-is-layout-constrained\">\n<p style=\"font-size:20px\"><strong><mark style=\"background-color:rgba(0, 0, 0, 0);color:#565656\" class=\"has-inline-color\">Comunica\u00e7\u00e3o sobre o uso da IA:<\/mark><\/strong><\/p>\n\n\n\n<ul class=\"wp-block-list\">\n<li><\/li>\n<\/ul>\n\n\n\n<p>O advogado deve ser transparente com seu cliente quanto ao uso da IA generativa em seu processo, podendo se utilizar de avisos, contratos, e-mail.<\/p>\n\n\n\n<p>O grande objetivo da tecnologia \u00e9 aprimorar, qualificar o servi\u00e7o de advocacia que \u00e9 prestado, e n\u00e3o substituir o advogado, que \u00e9, como ressalta a pr\u00f3pria Constitui\u00e7\u00e3o Federal, em seu artigo 133, indispens\u00e1vel \u00e0 administra\u00e7\u00e3o da justi\u00e7a, sendo inviol\u00e1vel por seus atos e manifesta\u00e7\u00f5es no exerc\u00edcio da profiss\u00e3o, nos limites da lei.<\/p>\n<\/div><\/div>\n\n\n\n<h2 class=\"wp-block-heading\" id=\"h-inteligencia-artificial-generativa\" style=\"font-style:normal;font-weight:400\"><span id=\"inteligencia-artificial-generativa\"><strong>Intelig\u00eancia Artificial Generativa<\/strong><\/span><\/h2>\n\n\n\n<p>Mas voc\u00ea sabe o que significa essa IA generativa? De forma simples, podemos dizer que:<\/p>\n\n\n\n<div class=\"wp-block-group is-style-cnvs-block-bordered\"><div class=\"wp-block-group__inner-container is-layout-constrained wp-block-group-is-layout-constrained\">\n<div class=\"wp-block-media-text\" style=\"grid-template-columns:23% auto\"><figure class=\"wp-block-media-text__media\"><img decoding=\"async\" width=\"1024\" height=\"1024\" src=\"https:\/\/cj.estrategia.com\/portal\/wp-content\/uploads\/2024\/11\/06170528\/lupa-investigacao-1024x1024.jpg\" alt=\"\" class=\"wp-image-83047 size-full\" srcset=\"https:\/\/cj.estrategia.com\/portal\/wp-content\/uploads\/2024\/11\/06170528\/lupa-investigacao-1024x1024.jpg 1024w, https:\/\/cj.estrategia.com\/portal\/wp-content\/uploads\/2024\/11\/06170528\/lupa-investigacao-300x300.jpg 300w, https:\/\/cj.estrategia.com\/portal\/wp-content\/uploads\/2024\/11\/06170528\/lupa-investigacao-150x150.jpg 150w, https:\/\/cj.estrategia.com\/portal\/wp-content\/uploads\/2024\/11\/06170528\/lupa-investigacao-768x768.jpg 768w, https:\/\/cj.estrategia.com\/portal\/wp-content\/uploads\/2024\/11\/06170528\/lupa-investigacao-1536x1536.jpg 1536w, https:\/\/cj.estrategia.com\/portal\/wp-content\/uploads\/2024\/11\/06170528\/lupa-investigacao-80x80.jpg 80w, https:\/\/cj.estrategia.com\/portal\/wp-content\/uploads\/2024\/11\/06170528\/lupa-investigacao-380x380.jpg 380w, https:\/\/cj.estrategia.com\/portal\/wp-content\/uploads\/2024\/11\/06170528\/lupa-investigacao-800x800.jpg 800w, https:\/\/cj.estrategia.com\/portal\/wp-content\/uploads\/2024\/11\/06170528\/lupa-investigacao-1160x1160.jpg 1160w, https:\/\/cj.estrategia.com\/portal\/wp-content\/uploads\/2024\/11\/06170528\/lupa-investigacao-24x24.jpg 24w, https:\/\/cj.estrategia.com\/portal\/wp-content\/uploads\/2024\/11\/06170528\/lupa-investigacao-48x48.jpg 48w, https:\/\/cj.estrategia.com\/portal\/wp-content\/uploads\/2024\/11\/06170528\/lupa-investigacao-96x96.jpg 96w, https:\/\/cj.estrategia.com\/portal\/wp-content\/uploads\/2024\/11\/06170528\/lupa-investigacao.jpg 2000w\" sizes=\"(max-width: 1024px) 100vw, 1024px\" \/><\/figure><div class=\"wp-block-media-text__content\">\n<p><strong><mark style=\"background-color:rgba(0, 0, 0, 0);color:#072fe3\" class=\"has-inline-color\">A intelig\u00eancia artificial generativa, tamb\u00e9m conhecida como \u201cgen AI\u201d, \u00e9 uma tecnologia (tipo de intelig\u00eancia artificial) que pode criar novos conte\u00fados e ideias, incluindo m\u00fasicas, imagens, v\u00eddeos, peti\u00e7\u00f5es, conversas, hist\u00f3rias, ap\u00f3s passar por um treinamento a partir de uma base de dados. Ela pode aprender linguagem humana, linguagens de programa\u00e7\u00e3o ou qualquer assunto complexo.<\/mark><\/strong><\/p>\n<\/div><\/div>\n<\/div><\/div>\n\n\n\n<p>O grande tra\u00e7o que torna a IA generativa t\u00e3o poderosa \u00e9 que <strong>ela vai \u201caprendendo\u201d, evoluindo \u00e0 medida que ela vai interagindo com o usu\u00e1rio, sem necessidade de uma programa\u00e7\u00e3o humana espec\u00edfica nesse sentido<\/strong>.<\/p>\n\n\n\n<p>Uma estimativa da Goldman Sachs indica que a IA generativa poderia impulsionar um aumento de 7% (ou quase 7 trilh\u00f5es de d\u00f3lares) no produto interno bruto (PIB) global e elevar o crescimento da produtividade em 1,5 ponto percentual em dez anos.<\/p>\n\n\n\n<p><strong>Mas afinal, como essa tecnologia \u00e9 treinada?<\/strong><\/p>\n\n\n\n<p>Quando a IA d\u00e1 uma resposta que n\u00e3o corresponde \u00e0 realidade, ou quando n\u00e3o se enquadra no comando dado pelo ser humano, os desenvolvedores enviam um feedback com uma bandeira vermelha para a assimila\u00e7\u00e3o da falha. Quando a resposta \u00e9 correta, \u00e9 enviada uma mensagem positiva de acerto, que tamb\u00e9m \u00e9 incorporada ao modelo, e a partir desse sistema de resposta-feedback, a IA vai se tornando cada vez mais assertiva.<\/p>\n\n\n\n<p>A IA generativa mais conhecida, e muito utilizada no meio jur\u00eddico, \u00e9 o ChatGPT.<\/p>\n\n\n\n<p>Muitos escrit\u00f3rios e in\u00fameros advogados t\u00eam se utilizado do ChatGPT para criar peti\u00e7\u00f5es, em especial naquelas demandas de massa, buscar jurisprud\u00eancia relevante, al\u00e9m de legisla\u00e7\u00e3o atualizada e pertinente.<\/p>\n\n\n\n<p>Portanto, os ganhos s\u00e3o enormes n\u00e3o s\u00f3 para a \u00e1rea jur\u00eddica, mas tamb\u00e9m em outras \u00e1reas, como na medicina, onde diagn\u00f3sticos poderiam ser dados com base nessa tecnologia.<\/p>\n\n\n\n<h2 class=\"wp-block-heading\" id=\"h-ia-ja-e-usado-no-sistema-de-justica\" style=\"font-style:normal;font-weight:400\"><span id=\"ia-ja-e-usado-no-sistema-de-justica\"><strong>IA j\u00e1 \u00e9 usado no Sistema de Justi\u00e7a<\/strong><\/span><\/h2>\n\n\n\n<p>A Advocacia Geral da Uni\u00e3o (AGU) adotou um novo software de intelig\u00eancia artificial desenvolvido pela Microsoft, com o objetivo de aprimorar suas atividades jur\u00eddicas e de produ\u00e7\u00e3o textual. Essa ferramenta \u00e9 a mesma que fornece servi\u00e7os para a OpenAI (criadora do ChatGPT). Foram destinados 25 milh\u00f5es de reais para a aquisi\u00e7\u00e3o (em cr\u00e9ditos suplementares do Minist\u00e9rio do Planejamento).<\/p>\n\n\n\n<p>Segundo informa\u00e7\u00f5es do Governo Federal, o novo sistema atuar\u00e1 de forma integrada com <em>Sistema AGU de Intelig\u00eancia Jur\u00eddica \u2013 Sapiens<\/em>, que \u00e9 o sistema j\u00e1 utilizado pela AGU.&nbsp;<\/p>\n\n\n\n<p>Mas o que essa intelig\u00eancia artificial ir\u00e1 fazer? Existem tr\u00eas eixos b\u00e1sicos de atua\u00e7\u00e3o em que a Advocacia-Geral da Uni\u00e3o pretende focar:<\/p>\n\n\n\n<ol class=\"is-style-cnvs-list-styled wp-block-list\">\n<li><strong>Triagem de processos:<\/strong> A ferramenta aprimorar\u00e1 a capacidade de identificar rapidamente as caracter\u00edsticas das pe\u00e7as jur\u00eddicas, al\u00e9m de fornecer sugest\u00f5es de modelos e teses para os servidores.<\/li>\n\n\n\n<li><strong>Produ\u00e7\u00e3o textual:<\/strong> A IA ser\u00e1 utilizada para criar resumos e auxiliar na elabora\u00e7\u00e3o de manifesta\u00e7\u00f5es, empregando a vasta base de dados j\u00e1 existente na AGU.<\/li>\n\n\n\n<li><strong>Jurimetria:<\/strong> O software tamb\u00e9m realizar\u00e1 levantamentos estat\u00edsticos e an\u00e1lises de dados, contribuindo para uma gest\u00e3o mais eficiente das informa\u00e7\u00f5es.<\/li>\n<\/ol>\n\n\n\n<p>Essa utiliza\u00e7\u00e3o de <em>bots<\/em> (rob\u00f4s virtuais) para o aux\u00edlio de fun\u00e7\u00f5es no sistema de justi\u00e7a tamb\u00e9m j\u00e1 \u00e9 feita pelo <strong><mark style=\"background-color:rgba(0, 0, 0, 0)\" class=\"has-inline-color has-vivid-red-color\">Supremo Tribunal Federal<\/mark><\/strong>. L\u00e1, j\u00e1 existem 3 desses rob\u00f4s: o <strong>Victor<\/strong>, a <strong>Rafa<\/strong> e a <strong>Vict\u00f3ria<\/strong>.<\/p>\n\n\n\n<div class=\"wp-block-group is-style-cnvs-block-bg-light has-background\" style=\"background-color:#94ffd891\"><div class=\"wp-block-group__inner-container is-layout-constrained wp-block-group-is-layout-constrained\">\n<p><strong>Victor:<\/strong> Rob\u00f4 utilizado desde 2017 para an\u00e1lise de temas de repercuss\u00e3o geral na triagem de recursos recebidos de todo pa\u00eds;<\/p>\n<\/div><\/div>\n\n\n\n<div class=\"wp-block-group is-style-cnvs-block-bg-light has-background\" style=\"background-color:#fcf5a4a3\"><div class=\"wp-block-group__inner-container is-layout-constrained wp-block-group-is-layout-constrained\">\n<p><strong>Rafa<\/strong>: Rob\u00f4 desenvolvida para integrar a Agenda 2030 da ONU ao STF, por meio da classifica\u00e7\u00e3o dos processos de acordo com os Objetivos de Desenvolvimento Sustent\u00e1vel (ODS) definidos pelas Na\u00e7\u00f5es Unidas; e<\/p>\n<\/div><\/div>\n\n\n\n<div class=\"wp-block-group is-style-cnvs-block-bg-light has-background\" style=\"background-color:#d4b0f769\"><div class=\"wp-block-group__inner-container is-layout-constrained wp-block-group-is-layout-constrained\">\n<p><strong>Vict\u00f3ria<\/strong>: Rob\u00f4 que amplia o conhecimento sobre o perfil dos processos recebidos no STF e permite o tratamento conjunto de temas repetidos ou similares. A ferramenta identifica, no acervo de processos do Tribunal, os que tratam do mesmo assunto e os agrupa automaticamente. Assim, \u00e9 poss\u00edvel identificar, com mais agilidade e seguran\u00e7a, por exemplo, processos aptos a tratamento conjunto ou que podem resultar em novos temas de repercuss\u00e3o geral.<\/p>\n<\/div><\/div>\n\n\n\n<h2 class=\"wp-block-heading\" id=\"h-ganhos-e-desafios-da-inteligencia-artificial-generativa\" style=\"font-style:normal;font-weight:400\"><span id=\"ganhos-e-desafios-da-inteligencia-artificial-generativa\"><strong>Ganhos e Desafios da Intelig\u00eancia Artificial Generativa<\/strong><\/span><\/h2>\n\n\n\n<h3 class=\"wp-block-heading\" id=\"h-ganhos\" style=\"font-style:normal;font-weight:400\"><span id=\"ganhos\"><strong>Ganhos<\/strong><\/span><\/h3>\n\n\n\n<p>Os que defendem a utiliza\u00e7\u00e3o da intelig\u00eancia artificial destacam que a ferramenta \u00e9 essencial, nos dias de hoje, para garantir celeridade (razo\u00e1vel dura\u00e7\u00e3o do processo) e seguran\u00e7a jur\u00eddica, e chamam a aten\u00e7\u00e3o para os seguintes benef\u00edcios:<\/p>\n\n\n\n<div class=\"wp-block-group is-style-cnvs-block-bordered\"><div class=\"wp-block-group__inner-container is-layout-constrained wp-block-group-is-layout-constrained\">\n<ul class=\"is-style-cnvs-list-styled-positive wp-block-list\">\n<li>Agiliza\u00e7\u00e3o da an\u00e1lise processual;<\/li>\n\n\n\n<li>Economia de tempo;<\/li>\n\n\n\n<li>Economia de recursos;<\/li>\n\n\n\n<li>Seguran\u00e7a jur\u00eddica atrav\u00e9s da uniformiza\u00e7\u00e3o dos julgados;<\/li>\n\n\n\n<li>Mapeamento mais eficaz dos processos existentes;<\/li>\n\n\n\n<li>Maior capacidade de planejamento.<\/li>\n<\/ul>\n<\/div><\/div>\n\n\n\n<h3 class=\"wp-block-heading\" id=\"h-desafios\" style=\"font-style:normal;font-weight:400\"><span id=\"desafios\"><strong>Desafios<\/strong><\/span><\/h3>\n\n\n\n<p>Apesar do enorme potencial da IA generativa, n\u00e3o podemos deixar de apontar os desafios que se apresentam.&nbsp;<\/p>\n\n\n\n<p>Os que criticam a utiliza\u00e7\u00e3o dos rob\u00f4s temem que estejamos criando uma ditadura dos algoritmos, causando injusti\u00e7as ao n\u00e3o analisar, de forma detida, o caso espec\u00edfico em seus detalhes diferenciadores. Ter\u00edamos, portanto, os seguintes problemas a serem enfrentados:<\/p>\n\n\n\n<div class=\"wp-block-group is-style-cnvs-block-bordered\"><div class=\"wp-block-group__inner-container is-layout-constrained wp-block-group-is-layout-constrained\">\n<ul class=\"is-style-cnvs-list-styled-negative wp-block-list\">\n<li>Perigo de inobserv\u00e2ncia do devido processo legal;<\/li>\n\n\n\n<li>Falta de an\u00e1lise detida sobre pontos que s\u00e3o suficientes para caracterizar o <em>distinguish<\/em> do caso com o paradigma, jogando o processo para a vala comum, mesmo n\u00e3o sendo esta a melhor solu\u00e7\u00e3o;<\/li>\n\n\n\n<li>Risco de relativiza\u00e7\u00e3o do <em>jus postulandi<\/em> dos advogados (confec\u00e7\u00e3o de pe\u00e7as sem a necessidade de um advogado);&nbsp;&nbsp;<\/li>\n\n\n\n<li>Sucateamento da profiss\u00e3o de advogado;<\/li>\n\n\n\n<li>A justi\u00e7a seria guiada por algoritmos, e n\u00e3o por pessoas;<\/li>\n\n\n\n<li>Falta de uma legisla\u00e7\u00e3o processual totalmente adaptada \u00e0 utiliza\u00e7\u00e3o dos <em>bots<\/em>;<\/li>\n\n\n\n<li>Dificuldade de saber o posicionamento jur\u00eddico de determinado juiz, desembargador, ministro ou \u00f3rg\u00e3o colegiado;<\/li>\n\n\n\n<li>Cometimento de injusti\u00e7as pontuais;<\/li>\n\n\n\n<li>Cria\u00e7\u00e3o de uma justi\u00e7a mecanizada, no estilo <em>linha de produ\u00e7\u00e3o<\/em>.<\/li>\n<\/ul>\n<\/div><\/div>\n\n\n\n<p>Se, de um lado, a utiliza\u00e7\u00e3o dos <em>bots<\/em> no sistema de justi\u00e7a \u00e9 um caminho sem volta, especialmente em virtude do aumento da litigiosidade repetitiva, que abarrota os tribunais e eternizam o tr\u00e2mite processual, do outro, a ferramenta precisa ser concebida, utilizada e fiscalizada de forma a evitar que fiquemos sujeitos a uma ditadura dos algoritmos, presos em um sistema mecanizado de justi\u00e7a, sem levar em considera\u00e7\u00e3o os detalhes e circunst\u00e2ncias espec\u00edficas que distinguem os casos uns dos outros.<\/p>\n\n\n\n<p>\u00d3timo tema para provas de \u00e9tica, processo civil e para o exame da Ordem.<\/p>\n\n\n\n<p class=\"has-text-align-center\" style=\"font-size:26px\"><strong>Quer estudar para Concursos de Direito?<\/strong><\/p>\n\n\n\n<p class=\"has-text-align-center\">Confira nossos&nbsp;<a href=\"https:\/\/cj.estrategia.com\/portal\/\" target=\"_blank\" >artigos para Carreiras Jur\u00eddicas<\/a>!<\/p>\n\n\n\n<p class=\"has-text-align-center has-white-color has-pale-cyan-blue-background-color has-text-color has-background has-link-color wp-elements-1452b92fd003dcb03b27128cfbd399ee\"><a href=\"https:\/\/www.estrategiaconcursos.com.br\/blog\/concursos-abertos\/\" target=\"_blank\" ><strong>Confira os concursos p\u00fablicos abertos<\/strong><\/a><\/p>\n\n\n\n<p class=\"has-text-align-center has-white-color has-pale-cyan-blue-background-color has-text-color has-background has-link-color wp-elements-4342691eed34cfab132bf084a4b5a528\"><a href=\"https:\/\/cj.estrategia.com\/portal\/concursos-2025-carreiras-juridicas\/\" target=\"_blank\" ><strong>Concursos 2025<\/strong><\/a><\/p>\n\n\n\n<p>O Estrat\u00e9gia Carreira Jur\u00eddica \u00e9 campe\u00e3o de aprova\u00e7\u00f5es nos concursos para Carreiras Jur\u00eddicas com um corpo docente qualificado e materiais completos. Conhe\u00e7a nossos cursos e garanta sua aprova\u00e7\u00e3o:<\/p>\n\n\n\n<div class=\"wp-block-cover\" style=\"min-height:155px;aspect-ratio:unset;\"><img decoding=\"async\" width=\"1890\" height=\"351\" class=\"wp-block-cover__image-background wp-image-8669\" alt=\"Assinaturas Jur\u00eddicas\" src=\"https:\/\/cj.estrategia.com\/portal\/wp-content\/uploads\/2022\/06\/20151253\/concurso-carreiras-juridicas-assinatura-juridica.jpg\" style=\"object-position:78% 43%\" data-object-fit=\"cover\" data-object-position=\"78% 43%\" srcset=\"https:\/\/cj.estrategia.com\/portal\/wp-content\/uploads\/2022\/06\/20151253\/concurso-carreiras-juridicas-assinatura-juridica.jpg 1890w, https:\/\/cj.estrategia.com\/portal\/wp-content\/uploads\/2022\/06\/20151253\/concurso-carreiras-juridicas-assinatura-juridica-300x56.jpg 300w, https:\/\/cj.estrategia.com\/portal\/wp-content\/uploads\/2022\/06\/20151253\/concurso-carreiras-juridicas-assinatura-juridica-1024x190.jpg 1024w, https:\/\/cj.estrategia.com\/portal\/wp-content\/uploads\/2022\/06\/20151253\/concurso-carreiras-juridicas-assinatura-juridica-768x143.jpg 768w, https:\/\/cj.estrategia.com\/portal\/wp-content\/uploads\/2022\/06\/20151253\/concurso-carreiras-juridicas-assinatura-juridica-1536x285.jpg 1536w, https:\/\/cj.estrategia.com\/portal\/wp-content\/uploads\/2022\/06\/20151253\/concurso-carreiras-juridicas-assinatura-juridica-380x71.jpg 380w, https:\/\/cj.estrategia.com\/portal\/wp-content\/uploads\/2022\/06\/20151253\/concurso-carreiras-juridicas-assinatura-juridica-800x149.jpg 800w, https:\/\/cj.estrategia.com\/portal\/wp-content\/uploads\/2022\/06\/20151253\/concurso-carreiras-juridicas-assinatura-juridica-1160x215.jpg 1160w\" sizes=\"(max-width: 1890px) 100vw, 1890px\" \/><span aria-hidden=\"true\" class=\"wp-block-cover__background has-background-dim\"><\/span><div class=\"wp-block-cover__inner-container is-layout-flow wp-block-cover-is-layout-flow\">\n<h3 id=\"faca-a-sua-assinatura\" class=\"titulo-assinatura\"><span style=\"color: #ffffff;\">Fa\u00e7a a sua assinatura!<\/span><\/h3>\n<p class=\"subtitulo-assinatura\" style=\"display:block!important; line-height: 0;\"><span style=\"color: #ffffff;\">Escolha a sua \u00e1rea.<\/span><\/p>\n<a target=\"_blank\" href=\"https:\/\/www.estrategiaconcursos.com.br\/assinaturas-ecj\/\" rel=\"noopener\"><button style=\"border-radius: 10px; text-transform: capitalize;\">Acessar<\/button><\/a>\n<\/div><\/div>\n\n\n\n<div id=\"boxes\" class=\"container\">\n<div class=\"row\">\n<div class=\"col-sm\">\n<div id=\"box-assinatura\" class=\"banner-estrategia-concursos-juridicos\">\n<h3 id=\"curso-para-carreiras-juridicas\" class=\"titulo-assinatura\"><span style=\"color: #ffffff; font-size: 23px; \">Curso para Carreiras Jur\u00eddicas<\/span><\/h3>\n<p class=\"subtitulo-assinatura\">Cursos focados no edital do concurso<\/p>\n<div class=\"box-botao\"><a class=\"btn-assinatura-juridica\" role=\"button\" href=\"https:\/\/cj.estrategia.com\/cursos\/\" target=\"_blank\" rel=\"noopener noreferrer\">Conhe\u00e7a mais<\/a><\/div>\n<\/div>\n<p class=\"texto-auxiliar\">Prepare-se com o melhor material e com quem mais aprova em concursos em todo o pa\u00eds.<\/p>\n<\/div>\n<\/div>\n<\/div>\n\n\n\n<p><span id=\"docs-internal-guid-6e026840-7fff-b2b4-b26e-ad8007723187\"><p dir=\"ltr\" style=\"line-height:1.7999999999999998;text-indent: 35.4pt;text-align: justify;margin-top:6pt;margin-bottom:6pt;\"><span style=\"font-size: 12pt; font-family: Calibri, sans-serif; background-color: transparent; font-variant-numeric: normal; font-variant-east-asian: normal; font-variant-alternates: normal; font-variant-position: normal; vertical-align: baseline;\">\u00a0<\/span><\/p><\/span><\/p>\n","protected":false},"excerpt":{"rendered":"OAB aprova diretrizes para o uso \u00e9tico e eficiente da intelig\u00eancia artificial generativa na advocacia. * Thiago de&hellip;\n","protected":false},"author":81,"featured_media":84118,"comment_status":"open","ping_status":"open","sticky":false,"template":"","format":"standard","meta":{"_jetpack_memberships_contains_paid_content":false,"footnotes":""},"categories":[1],"tags":[130,1452,1453],"tax_estado":[30,31,32,33,34,35,36,37,38,39,40,41,42,43,44,45,46,47,48,49,50,51,52,53,54,55,56,57],"class_list":{"0":"post-84094","1":"post","2":"type-post","3":"status-publish","4":"format-standard","5":"has-post-thumbnail","7":"category-carreiras-juridicas","8":"tag-inteligencia-artificial","9":"tag-inteligencia-artificial-na-advocacia","10":"tag-oab","11":"tax_estado-ac","12":"tax_estado-al","13":"tax_estado-am","14":"tax_estado-ap","15":"tax_estado-ba","16":"tax_estado-ce","17":"tax_estado-concursos-federais","18":"tax_estado-df","19":"tax_estado-es","20":"tax_estado-go","21":"tax_estado-ma","22":"tax_estado-mg","23":"tax_estado-ms","24":"tax_estado-mt","25":"tax_estado-pa","26":"tax_estado-pb","27":"tax_estado-pe","28":"tax_estado-pi","29":"tax_estado-pr","30":"tax_estado-rj","31":"tax_estado-rn","32":"tax_estado-ro","33":"tax_estado-rr","34":"tax_estado-rs","35":"tax_estado-sc","36":"tax_estado-se","37":"tax_estado-sp","38":"tax_estado-to"},"acf":[],"yoast_head":"<!-- This site is optimized with the Yoast SEO Premium plugin v27.4 (Yoast SEO v27.4) - https:\/\/yoast.com\/product\/yoast-seo-premium-wordpress\/ -->\n<title>Intelig\u00eancia artificial generativa na advocacia<\/title>\n<meta name=\"description\" content=\"OAB aprova diretrizes para o uso \u00e9tico e eficiente da intelig\u00eancia artificial generativa na advocacia, aumentando o debate sobre o tema.\" \/>\n<meta name=\"robots\" content=\"index, follow, max-snippet:-1, max-image-preview:large, max-video-preview:-1\" \/>\n<link rel=\"canonical\" href=\"https:\/\/cj.estrategia.com\/portal\/uso-da-inteligencia-artificial-na-advocacia\/\" \/>\n<meta property=\"og:locale\" content=\"pt_BR\" \/>\n<meta property=\"og:type\" content=\"article\" \/>\n<meta property=\"og:title\" content=\"OAB aprova recomenda\u00e7\u00f5es para uso da intelig\u00eancia artificial na advocacia\" \/>\n<meta property=\"og:description\" content=\"OAB aprova diretrizes para o uso \u00e9tico e eficiente da intelig\u00eancia artificial generativa na advocacia, aumentando o debate sobre o tema.\" \/>\n<meta property=\"og:url\" content=\"https:\/\/cj.estrategia.com\/portal\/uso-da-inteligencia-artificial-na-advocacia\/\" \/>\n<meta property=\"og:site_name\" content=\"Blog - Carreiras Jur\u00eddicas - Estrat\u00e9gia\" \/>\n<meta property=\"article:publisher\" content=\"https:\/\/www.facebook.com\/estrategiacarreirajuridica\/\" \/>\n<meta property=\"article:published_time\" content=\"2024-11-17T02:25:10+00:00\" \/>\n<meta property=\"article:modified_time\" content=\"2024-12-01T20:23:58+00:00\" \/>\n<meta property=\"og:image\" content=\"https:\/\/cj.estrategia.com\/portal\/wp-content\/uploads\/2024\/11\/16231317\/IA.png\" \/>\n\t<meta property=\"og:image:width\" content=\"825\" \/>\n\t<meta property=\"og:image:height\" content=\"471\" \/>\n\t<meta property=\"og:image:type\" content=\"image\/png\" \/>\n<meta name=\"author\" content=\"Thiago Leite\" \/>\n<meta name=\"twitter:card\" content=\"summary_large_image\" \/>\n<meta name=\"twitter:creator\" content=\"@EstratJuridica\" \/>\n<meta name=\"twitter:site\" content=\"@EstratJuridica\" \/>\n<meta name=\"twitter:label1\" content=\"Escrito por\" \/>\n\t<meta name=\"twitter:data1\" content=\"Thiago Leite\" \/>\n\t<meta name=\"twitter:label2\" content=\"Est. tempo de leitura\" \/>\n\t<meta name=\"twitter:data2\" content=\"9 minutos\" \/>\n<script type=\"application\/ld+json\" class=\"yoast-schema-graph\">{\"@context\":\"https:\\\/\\\/schema.org\",\"@graph\":[{\"@type\":\"NewsArticle\",\"@id\":\"https:\\\/\\\/cj.estrategia.com\\\/portal\\\/uso-da-inteligencia-artificial-na-advocacia\\\/#article\",\"isPartOf\":{\"@id\":\"https:\\\/\\\/cj.estrategia.com\\\/portal\\\/uso-da-inteligencia-artificial-na-advocacia\\\/\"},\"author\":{\"name\":\"Thiago Leite\",\"@id\":\"https:\\\/\\\/cj.estrategia.com\\\/portal\\\/#\\\/schema\\\/person\\\/7d7d2b1c8386e2eeacc0b09cfbc1d0ff\"},\"headline\":\"OAB aprova recomenda\u00e7\u00f5es para uso da intelig\u00eancia artificial na advocacia\",\"datePublished\":\"2024-11-17T02:25:10+00:00\",\"dateModified\":\"2024-12-01T20:23:58+00:00\",\"mainEntityOfPage\":{\"@id\":\"https:\\\/\\\/cj.estrategia.com\\\/portal\\\/uso-da-inteligencia-artificial-na-advocacia\\\/\"},\"wordCount\":1537,\"commentCount\":0,\"publisher\":{\"@id\":\"https:\\\/\\\/cj.estrategia.com\\\/portal\\\/#organization\"},\"image\":{\"@id\":\"https:\\\/\\\/cj.estrategia.com\\\/portal\\\/uso-da-inteligencia-artificial-na-advocacia\\\/#primaryimage\"},\"thumbnailUrl\":\"https:\\\/\\\/cj.estrategia.com\\\/portal\\\/wp-content\\\/uploads\\\/2024\\\/11\\\/16231317\\\/IA.png\",\"keywords\":[\"intelig\u00eancia artificial\",\"intelig\u00eancia artificial na advocacia\",\"oab\"],\"articleSection\":[\"Carreiras Jur\u00eddicas\"],\"inLanguage\":\"pt-BR\",\"potentialAction\":[{\"@type\":\"CommentAction\",\"name\":\"Comment\",\"target\":[\"https:\\\/\\\/cj.estrategia.com\\\/portal\\\/uso-da-inteligencia-artificial-na-advocacia\\\/#respond\"]}]},{\"@type\":\"WebPage\",\"@id\":\"https:\\\/\\\/cj.estrategia.com\\\/portal\\\/uso-da-inteligencia-artificial-na-advocacia\\\/\",\"url\":\"https:\\\/\\\/cj.estrategia.com\\\/portal\\\/uso-da-inteligencia-artificial-na-advocacia\\\/\",\"name\":\"Intelig\u00eancia artificial generativa na advocacia\",\"isPartOf\":{\"@id\":\"https:\\\/\\\/cj.estrategia.com\\\/portal\\\/#website\"},\"primaryImageOfPage\":{\"@id\":\"https:\\\/\\\/cj.estrategia.com\\\/portal\\\/uso-da-inteligencia-artificial-na-advocacia\\\/#primaryimage\"},\"image\":{\"@id\":\"https:\\\/\\\/cj.estrategia.com\\\/portal\\\/uso-da-inteligencia-artificial-na-advocacia\\\/#primaryimage\"},\"thumbnailUrl\":\"https:\\\/\\\/cj.estrategia.com\\\/portal\\\/wp-content\\\/uploads\\\/2024\\\/11\\\/16231317\\\/IA.png\",\"datePublished\":\"2024-11-17T02:25:10+00:00\",\"dateModified\":\"2024-12-01T20:23:58+00:00\",\"description\":\"OAB aprova diretrizes para o uso \u00e9tico e eficiente da intelig\u00eancia artificial generativa na advocacia, aumentando o debate sobre o tema.\",\"breadcrumb\":{\"@id\":\"https:\\\/\\\/cj.estrategia.com\\\/portal\\\/uso-da-inteligencia-artificial-na-advocacia\\\/#breadcrumb\"},\"inLanguage\":\"pt-BR\",\"potentialAction\":[{\"@type\":\"ReadAction\",\"target\":[\"https:\\\/\\\/cj.estrategia.com\\\/portal\\\/uso-da-inteligencia-artificial-na-advocacia\\\/\"]}]},{\"@type\":\"ImageObject\",\"inLanguage\":\"pt-BR\",\"@id\":\"https:\\\/\\\/cj.estrategia.com\\\/portal\\\/uso-da-inteligencia-artificial-na-advocacia\\\/#primaryimage\",\"url\":\"https:\\\/\\\/cj.estrategia.com\\\/portal\\\/wp-content\\\/uploads\\\/2024\\\/11\\\/16231317\\\/IA.png\",\"contentUrl\":\"https:\\\/\\\/cj.estrategia.com\\\/portal\\\/wp-content\\\/uploads\\\/2024\\\/11\\\/16231317\\\/IA.png\",\"width\":825,\"height\":471},{\"@type\":\"BreadcrumbList\",\"@id\":\"https:\\\/\\\/cj.estrategia.com\\\/portal\\\/uso-da-inteligencia-artificial-na-advocacia\\\/#breadcrumb\",\"itemListElement\":[{\"@type\":\"ListItem\",\"position\":1,\"name\":\"In\u00edcio\",\"item\":\"https:\\\/\\\/cj.estrategia.com\\\/portal\\\/\"},{\"@type\":\"ListItem\",\"position\":2,\"name\":\"OAB aprova recomenda\u00e7\u00f5es para uso da intelig\u00eancia artificial na advocacia\"}]},{\"@type\":\"WebSite\",\"@id\":\"https:\\\/\\\/cj.estrategia.com\\\/portal\\\/#website\",\"url\":\"https:\\\/\\\/cj.estrategia.com\\\/portal\\\/\",\"name\":\"Blog - Carreiras Jur\u00eddicas - Estrat\u00e9gia\",\"description\":\"\",\"publisher\":{\"@id\":\"https:\\\/\\\/cj.estrategia.com\\\/portal\\\/#organization\"},\"potentialAction\":[{\"@type\":\"SearchAction\",\"target\":{\"@type\":\"EntryPoint\",\"urlTemplate\":\"https:\\\/\\\/cj.estrategia.com\\\/portal\\\/?s={search_term_string}\"},\"query-input\":{\"@type\":\"PropertyValueSpecification\",\"valueRequired\":true,\"valueName\":\"search_term_string\"}}],\"inLanguage\":\"pt-BR\"},{\"@type\":\"Organization\",\"@id\":\"https:\\\/\\\/cj.estrategia.com\\\/portal\\\/#organization\",\"name\":\"Estrat\u00e9gia - Carreiras Jur\u00eddicas\",\"url\":\"https:\\\/\\\/cj.estrategia.com\\\/portal\\\/\",\"logo\":{\"@type\":\"ImageObject\",\"inLanguage\":\"pt-BR\",\"@id\":\"https:\\\/\\\/cj.estrategia.com\\\/portal\\\/#\\\/schema\\\/logo\\\/image\\\/\",\"url\":\"https:\\\/\\\/cj.estrategia.com\\\/portal\\\/wp-content\\\/uploads\\\/2022\\\/03\\\/11151052\\\/cj-logo.png\",\"contentUrl\":\"https:\\\/\\\/cj.estrategia.com\\\/portal\\\/wp-content\\\/uploads\\\/2022\\\/03\\\/11151052\\\/cj-logo.png\",\"width\":150,\"height\":39,\"caption\":\"Estrat\u00e9gia - Carreiras Jur\u00eddicas\"},\"image\":{\"@id\":\"https:\\\/\\\/cj.estrategia.com\\\/portal\\\/#\\\/schema\\\/logo\\\/image\\\/\"},\"sameAs\":[\"https:\\\/\\\/www.facebook.com\\\/estrategiacarreirajuridica\\\/\",\"https:\\\/\\\/x.com\\\/EstratJuridica\",\"https:\\\/\\\/www.instagram.com\\\/estrategiacarreirajuridica\\\/\",\"https:\\\/\\\/www.youtube.com\\\/channel\\\/UClbMGuYbj2Mh1m3w144ETWQ\"]},{\"@type\":\"Person\",\"@id\":\"https:\\\/\\\/cj.estrategia.com\\\/portal\\\/#\\\/schema\\\/person\\\/7d7d2b1c8386e2eeacc0b09cfbc1d0ff\",\"name\":\"Thiago Leite\",\"image\":{\"@type\":\"ImageObject\",\"inLanguage\":\"pt-BR\",\"@id\":\"https:\\\/\\\/secure.gravatar.com\\\/avatar\\\/15ff5746ff9e313f1248fe2373ce03309054e96387bb9249055458d0c1aaa297?s=96&d=mm&r=g\",\"url\":\"https:\\\/\\\/secure.gravatar.com\\\/avatar\\\/15ff5746ff9e313f1248fe2373ce03309054e96387bb9249055458d0c1aaa297?s=96&d=mm&r=g\",\"contentUrl\":\"https:\\\/\\\/secure.gravatar.com\\\/avatar\\\/15ff5746ff9e313f1248fe2373ce03309054e96387bb9249055458d0c1aaa297?s=96&d=mm&r=g\",\"caption\":\"Thiago Leite\"},\"description\":\"Thiago de Paula Leite \u00e9 procurador do Estado de S\u00e3o Paulo e professor de direito ambiental e agr\u00e1rio do Estrat\u00e9gia.\",\"url\":\"https:\\\/\\\/cj.estrategia.com\\\/portal\\\/author\\\/thiago-leite\\\/\"}]}<\/script>\n<!-- \/ Yoast SEO Premium plugin. -->","yoast_head_json":{"title":"Intelig\u00eancia artificial generativa na advocacia","description":"OAB aprova diretrizes para o uso \u00e9tico e eficiente da intelig\u00eancia artificial generativa na advocacia, aumentando o debate sobre o tema.","robots":{"index":"index","follow":"follow","max-snippet":"max-snippet:-1","max-image-preview":"max-image-preview:large","max-video-preview":"max-video-preview:-1"},"canonical":"https:\/\/cj.estrategia.com\/portal\/uso-da-inteligencia-artificial-na-advocacia\/","og_locale":"pt_BR","og_type":"article","og_title":"OAB aprova recomenda\u00e7\u00f5es para uso da intelig\u00eancia artificial na advocacia","og_description":"OAB aprova diretrizes para o uso \u00e9tico e eficiente da intelig\u00eancia artificial generativa na advocacia, aumentando o debate sobre o tema.","og_url":"https:\/\/cj.estrategia.com\/portal\/uso-da-inteligencia-artificial-na-advocacia\/","og_site_name":"Blog - Carreiras Jur\u00eddicas - Estrat\u00e9gia","article_publisher":"https:\/\/www.facebook.com\/estrategiacarreirajuridica\/","article_published_time":"2024-11-17T02:25:10+00:00","article_modified_time":"2024-12-01T20:23:58+00:00","og_image":[{"width":825,"height":471,"url":"https:\/\/cj.estrategia.com\/portal\/wp-content\/uploads\/2024\/11\/16231317\/IA.png","type":"image\/png"}],"author":"Thiago Leite","twitter_card":"summary_large_image","twitter_creator":"@EstratJuridica","twitter_site":"@EstratJuridica","twitter_misc":{"Escrito por":"Thiago Leite","Est. tempo de leitura":"9 minutos"},"schema":{"@context":"https:\/\/schema.org","@graph":[{"@type":"NewsArticle","@id":"https:\/\/cj.estrategia.com\/portal\/uso-da-inteligencia-artificial-na-advocacia\/#article","isPartOf":{"@id":"https:\/\/cj.estrategia.com\/portal\/uso-da-inteligencia-artificial-na-advocacia\/"},"author":{"name":"Thiago Leite","@id":"https:\/\/cj.estrategia.com\/portal\/#\/schema\/person\/7d7d2b1c8386e2eeacc0b09cfbc1d0ff"},"headline":"OAB aprova recomenda\u00e7\u00f5es para uso da intelig\u00eancia artificial na advocacia","datePublished":"2024-11-17T02:25:10+00:00","dateModified":"2024-12-01T20:23:58+00:00","mainEntityOfPage":{"@id":"https:\/\/cj.estrategia.com\/portal\/uso-da-inteligencia-artificial-na-advocacia\/"},"wordCount":1537,"commentCount":0,"publisher":{"@id":"https:\/\/cj.estrategia.com\/portal\/#organization"},"image":{"@id":"https:\/\/cj.estrategia.com\/portal\/uso-da-inteligencia-artificial-na-advocacia\/#primaryimage"},"thumbnailUrl":"https:\/\/cj.estrategia.com\/portal\/wp-content\/uploads\/2024\/11\/16231317\/IA.png","keywords":["intelig\u00eancia artificial","intelig\u00eancia artificial na advocacia","oab"],"articleSection":["Carreiras Jur\u00eddicas"],"inLanguage":"pt-BR","potentialAction":[{"@type":"CommentAction","name":"Comment","target":["https:\/\/cj.estrategia.com\/portal\/uso-da-inteligencia-artificial-na-advocacia\/#respond"]}]},{"@type":"WebPage","@id":"https:\/\/cj.estrategia.com\/portal\/uso-da-inteligencia-artificial-na-advocacia\/","url":"https:\/\/cj.estrategia.com\/portal\/uso-da-inteligencia-artificial-na-advocacia\/","name":"Intelig\u00eancia artificial generativa na advocacia","isPartOf":{"@id":"https:\/\/cj.estrategia.com\/portal\/#website"},"primaryImageOfPage":{"@id":"https:\/\/cj.estrategia.com\/portal\/uso-da-inteligencia-artificial-na-advocacia\/#primaryimage"},"image":{"@id":"https:\/\/cj.estrategia.com\/portal\/uso-da-inteligencia-artificial-na-advocacia\/#primaryimage"},"thumbnailUrl":"https:\/\/cj.estrategia.com\/portal\/wp-content\/uploads\/2024\/11\/16231317\/IA.png","datePublished":"2024-11-17T02:25:10+00:00","dateModified":"2024-12-01T20:23:58+00:00","description":"OAB aprova diretrizes para o uso \u00e9tico e eficiente da intelig\u00eancia artificial generativa na advocacia, aumentando o debate sobre o tema.","breadcrumb":{"@id":"https:\/\/cj.estrategia.com\/portal\/uso-da-inteligencia-artificial-na-advocacia\/#breadcrumb"},"inLanguage":"pt-BR","potentialAction":[{"@type":"ReadAction","target":["https:\/\/cj.estrategia.com\/portal\/uso-da-inteligencia-artificial-na-advocacia\/"]}]},{"@type":"ImageObject","inLanguage":"pt-BR","@id":"https:\/\/cj.estrategia.com\/portal\/uso-da-inteligencia-artificial-na-advocacia\/#primaryimage","url":"https:\/\/cj.estrategia.com\/portal\/wp-content\/uploads\/2024\/11\/16231317\/IA.png","contentUrl":"https:\/\/cj.estrategia.com\/portal\/wp-content\/uploads\/2024\/11\/16231317\/IA.png","width":825,"height":471},{"@type":"BreadcrumbList","@id":"https:\/\/cj.estrategia.com\/portal\/uso-da-inteligencia-artificial-na-advocacia\/#breadcrumb","itemListElement":[{"@type":"ListItem","position":1,"name":"In\u00edcio","item":"https:\/\/cj.estrategia.com\/portal\/"},{"@type":"ListItem","position":2,"name":"OAB aprova recomenda\u00e7\u00f5es para uso da intelig\u00eancia artificial na advocacia"}]},{"@type":"WebSite","@id":"https:\/\/cj.estrategia.com\/portal\/#website","url":"https:\/\/cj.estrategia.com\/portal\/","name":"Blog - Carreiras Jur\u00eddicas - Estrat\u00e9gia","description":"","publisher":{"@id":"https:\/\/cj.estrategia.com\/portal\/#organization"},"potentialAction":[{"@type":"SearchAction","target":{"@type":"EntryPoint","urlTemplate":"https:\/\/cj.estrategia.com\/portal\/?s={search_term_string}"},"query-input":{"@type":"PropertyValueSpecification","valueRequired":true,"valueName":"search_term_string"}}],"inLanguage":"pt-BR"},{"@type":"Organization","@id":"https:\/\/cj.estrategia.com\/portal\/#organization","name":"Estrat\u00e9gia - Carreiras Jur\u00eddicas","url":"https:\/\/cj.estrategia.com\/portal\/","logo":{"@type":"ImageObject","inLanguage":"pt-BR","@id":"https:\/\/cj.estrategia.com\/portal\/#\/schema\/logo\/image\/","url":"https:\/\/cj.estrategia.com\/portal\/wp-content\/uploads\/2022\/03\/11151052\/cj-logo.png","contentUrl":"https:\/\/cj.estrategia.com\/portal\/wp-content\/uploads\/2022\/03\/11151052\/cj-logo.png","width":150,"height":39,"caption":"Estrat\u00e9gia - Carreiras Jur\u00eddicas"},"image":{"@id":"https:\/\/cj.estrategia.com\/portal\/#\/schema\/logo\/image\/"},"sameAs":["https:\/\/www.facebook.com\/estrategiacarreirajuridica\/","https:\/\/x.com\/EstratJuridica","https:\/\/www.instagram.com\/estrategiacarreirajuridica\/","https:\/\/www.youtube.com\/channel\/UClbMGuYbj2Mh1m3w144ETWQ"]},{"@type":"Person","@id":"https:\/\/cj.estrategia.com\/portal\/#\/schema\/person\/7d7d2b1c8386e2eeacc0b09cfbc1d0ff","name":"Thiago Leite","image":{"@type":"ImageObject","inLanguage":"pt-BR","@id":"https:\/\/secure.gravatar.com\/avatar\/15ff5746ff9e313f1248fe2373ce03309054e96387bb9249055458d0c1aaa297?s=96&d=mm&r=g","url":"https:\/\/secure.gravatar.com\/avatar\/15ff5746ff9e313f1248fe2373ce03309054e96387bb9249055458d0c1aaa297?s=96&d=mm&r=g","contentUrl":"https:\/\/secure.gravatar.com\/avatar\/15ff5746ff9e313f1248fe2373ce03309054e96387bb9249055458d0c1aaa297?s=96&d=mm&r=g","caption":"Thiago Leite"},"description":"Thiago de Paula Leite \u00e9 procurador do Estado de S\u00e3o Paulo e professor de direito ambiental e agr\u00e1rio do Estrat\u00e9gia.","url":"https:\/\/cj.estrategia.com\/portal\/author\/thiago-leite\/"}]}},"jetpack_featured_media_url":"https:\/\/cj.estrategia.com\/portal\/wp-content\/uploads\/2024\/11\/16231317\/IA.png","jetpack_sharing_enabled":true,"_links":{"self":[{"href":"https:\/\/cj.estrategia.com\/portal\/wp-json\/wp\/v2\/posts\/84094","targetHints":{"allow":["GET"]}}],"collection":[{"href":"https:\/\/cj.estrategia.com\/portal\/wp-json\/wp\/v2\/posts"}],"about":[{"href":"https:\/\/cj.estrategia.com\/portal\/wp-json\/wp\/v2\/types\/post"}],"author":[{"embeddable":true,"href":"https:\/\/cj.estrategia.com\/portal\/wp-json\/wp\/v2\/users\/81"}],"replies":[{"embeddable":true,"href":"https:\/\/cj.estrategia.com\/portal\/wp-json\/wp\/v2\/comments?post=84094"}],"version-history":[{"count":37,"href":"https:\/\/cj.estrategia.com\/portal\/wp-json\/wp\/v2\/posts\/84094\/revisions"}],"predecessor-version":[{"id":85712,"href":"https:\/\/cj.estrategia.com\/portal\/wp-json\/wp\/v2\/posts\/84094\/revisions\/85712"}],"wp:featuredmedia":[{"embeddable":true,"href":"https:\/\/cj.estrategia.com\/portal\/wp-json\/wp\/v2\/media\/84118"}],"wp:attachment":[{"href":"https:\/\/cj.estrategia.com\/portal\/wp-json\/wp\/v2\/media?parent=84094"}],"wp:term":[{"taxonomy":"category","embeddable":true,"href":"https:\/\/cj.estrategia.com\/portal\/wp-json\/wp\/v2\/categories?post=84094"},{"taxonomy":"post_tag","embeddable":true,"href":"https:\/\/cj.estrategia.com\/portal\/wp-json\/wp\/v2\/tags?post=84094"},{"taxonomy":"tax_estado","embeddable":true,"href":"https:\/\/cj.estrategia.com\/portal\/wp-json\/wp\/v2\/tax_estado?post=84094"}],"curies":[{"name":"wp","href":"https:\/\/api.w.org\/{rel}","templated":true}]}}