{"id":84079,"date":"2024-11-16T19:04:00","date_gmt":"2024-11-16T22:04:00","guid":{"rendered":"https:\/\/cj.estrategia.com\/portal\/?p=84079"},"modified":"2024-12-01T12:09:55","modified_gmt":"2024-12-01T15:09:55","slug":"alcance-global-decisoes-judiciais-brasileiras","status":"publish","type":"post","link":"https:\/\/cj.estrategia.com\/portal\/alcance-global-decisoes-judiciais-brasileiras\/","title":{"rendered":"REsp 2.147.711 \u2013 STJ e o alcance global das decis\u00f5es judiciais: pode o juiz brasileiro determinar que nenhum pa\u00eds veja determinado v\u00eddeo?"},"content":{"rendered":"\n<p>A internet, desde sua concep\u00e7\u00e3o, sempre desafiou os conceitos tradicionais de territorialidade e jurisdi\u00e7\u00e3o.<\/p>\n\n\n\n<p>O debate sobre a <strong><mark style=\"background-color:rgba(0, 0, 0, 0)\" class=\"has-inline-color has-vivid-cyan-blue-color\">extens\u00e3o territorial das decis\u00f5es judiciais brasileiras que determinam a remo\u00e7\u00e3o de conte\u00fado na internet<\/mark><\/strong> tem suas ra\u00edzes em casos emblem\u00e1ticos. Um dos processos envolveu a apresentadora Xuxa Meneghel e o Google (REsp 1.316.921), em 2012, que, embora tratasse de quest\u00f5es diferentes, j\u00e1 sinalizava a complexidade da modera\u00e7\u00e3o de conte\u00fado na internet.<\/p>\n\n\n\n<p>Com o crescimento exponencial das plataformas digitais e a multiplica\u00e7\u00e3o de casos envolvendo <em>fake news<\/em>, difama\u00e7\u00e3o e outros il\u00edcitos online, o Judici\u00e1rio brasileiro passou a enfrentar um dilema fundamental: <strong><mark style=\"background-color:#fcb900\" class=\"has-inline-color\">como garantir a efetividade de suas decis\u00f5es em um ambiente intrinsecamente global?<\/mark><\/strong><\/p>\n\n\n\n<h2 class=\"wp-block-heading\" id=\"h-antes-do-marco-civil\"><span id=\"antes-do-marco-civil\">Antes do Marco Civil<\/span><\/h2>\n\n\n\n<p>Antes da <strong>Lei 12.965\/2014<\/strong> (Marco Civil da Internet), o Brasil carecia de legisla\u00e7\u00e3o espec\u00edfica para regular as rela\u00e7\u00f5es no ambiente digital. As decis\u00f5es judiciais baseavam-se principalmente no: 1) <strong><mark style=\"background-color:rgba(0, 0, 0, 0)\" class=\"has-inline-color has-vivid-cyan-blue-color\">C\u00f3digo Civil<\/mark><\/strong>; 2) <strong><mark style=\"background-color:rgba(0, 0, 0, 0)\" class=\"has-inline-color has-vivid-cyan-blue-color\">C\u00f3digo de Defesa do Consumidor<\/mark><\/strong>; e assim, a 3) <strong><mark style=\"background-color:rgba(0, 0, 0, 0)\" class=\"has-inline-color has-vivid-cyan-blue-color\">jurisprud\u00eancia<\/mark><\/strong> constru\u00edda caso a caso.<\/p>\n\n\n\n<p>Com o Marco Civil da Internet, temos hoje princ\u00edpios fundamentais sobre o uso da internet, direitos e garantias dos usu\u00e1rios e sobre a responsabilidade dos provedores. Por exemplo, o artigo 11 da Lei 12.965\/2014 \u00e9 pe\u00e7a fundamental nessa discuss\u00e3o ao estabelecer:<\/p>\n\n\n\n<pre class=\"wp-block-preformatted\">\"Em qualquer opera\u00e7\u00e3o de coleta, armazenamento, guarda e tratamento de registros, de dados pessoais ou de comunica\u00e7\u00f5es por provedores de conex\u00e3o e de aplica\u00e7\u00f5es de internet em que pelo menos um desses atos ocorra em territ\u00f3rio nacional, dever\u00e3o ser obrigatoriamente respeitados a legisla\u00e7\u00e3o brasileira.\"<\/pre>\n\n\n\n<h2 class=\"wp-block-heading\" id=\"h-o-resp-2-147-711\"><span id=\"o-resp-2-147-711\">O REsp 2.147.711 <\/span><\/h2>\n\n\n\n<p>Nesse sentido, um lit\u00edgio teve origem quando uma importante empresa do setor aliment\u00edcio tornou-se alvo de um v\u00eddeo publicado no YouTube. A m\u00eddia apresentava supostas imagens de infesta\u00e7\u00e3o de ratos em seus produtos.<\/p>\n\n\n\n<p>Assim, o conte\u00fado, comprovadamente falso, foi produzido e divulgado de forma maliciosa. Havia apresenta\u00e7\u00e3o de grava\u00e7\u00f5es manipuladas das instala\u00e7\u00f5es supostamente pertencentes \u00e0 empresa, com imagens de roedores junto aos produtos aliment\u00edcios e uma narrativa que sugeria neglig\u00eancia nos processos de produ\u00e7\u00e3o.<\/p>\n\n\n\n<p>Narra o autor que o potencial lesivo do conte\u00fado mostrou-se particularmente grave, n\u00e3o apenas pelo <strong>impacto imediato na reputa\u00e7\u00e3o da marca<\/strong>, mas principalmente pelo efeito multiplicador caracter\u00edstico das redes sociais.<\/p>\n\n\n\n<p>Alegou que a viraliza\u00e7\u00e3o do conte\u00fado falso gerou uma r\u00e1pida dissemina\u00e7\u00e3o das alega\u00e7\u00f5es infundadas. Isso causou um significativo dano \u00e0 imagem da empresa e colocando em xeque a <strong>confian\u00e7a dos consumidores<\/strong> em seus produtos.<\/p>\n\n\n\n<p>Diante dessa situa\u00e7\u00e3o, a empresa ajuizou a\u00e7\u00e3o com <strong>pedido de tutela de urg\u00eancia<\/strong>, demonstrando de forma inequ\u00edvoca a falsidade do conte\u00fado e seu potencial danoso.<\/p>\n\n\n\n<p>O ju\u00edzo de primeira inst\u00e2ncia, reconhecendo a gravidade da situa\u00e7\u00e3o, concedeu a liminar determinando a imediata remo\u00e7\u00e3o do v\u00eddeo <span style=\"text-decoration: underline;\"><strong><mark style=\"background-color:rgba(0, 0, 0, 0)\" class=\"has-inline-color has-vivid-cyan-blue-color\">somente no Brasil<\/mark><\/strong><\/span>. Inclusive, posteriormente, o Tribunal de Justi\u00e7a de S\u00e3o Paulo confirmou a decis\u00e3o, e foi al\u00e9m: <span style=\"text-decoration: underline;\"><strong><mark style=\"background-color:rgba(0, 0, 0, 0)\" class=\"has-inline-color has-vivid-cyan-blue-color\">ampliou o escopo da remo\u00e7\u00e3o para alcance global, fundamentando sua decis\u00e3o na pr\u00f3pria natureza transnacional da internet<\/mark><\/strong><\/span>.<\/p>\n\n\n\n<p>Por outro lado, o Google, empresa controladora do YouTube, adotou uma postura que viria a ser o cerne da controv\u00e9rsia: <strong>procedeu ao bloqueio do acesso ao v\u00eddeo apenas em territ\u00f3rio brasileiro, mantendo o conte\u00fado acess\u00edvel em outros pa\u00edses<\/strong>.<\/p>\n\n\n\n<p>A empresa justificou sua conduta alegando respeito \u00e0 <strong>soberania de outras na\u00e7\u00f5es<\/strong>. Ela apontou, ainda, <strong>limita\u00e7\u00f5es t\u00e9cnicas e operacionais<\/strong>, al\u00e9m de invocar precedentes internacionais e princ\u00edpios de direito internacional.<\/p>\n\n\n\n<h3 class=\"wp-block-heading\" id=\"h-decisao\"><span id=\"decisao\">Decis\u00e3o<\/span><\/h3>\n\n\n\n<pre class=\"wp-block-verse has-pale-cyan-blue-background-color has-background\"><strong>Apenas para voc\u00ea se lembrar, o Supremo Tribunal Federal (STF) j\u00e1 tinha determinado a suspens\u00e3o do Twitter \u201cX\u201d por descumprir normas brasileiras, entretanto, a suspens\u00e3o limitou-se ao territ\u00f3rio brasileiro, tanto que tamb\u00e9m houve a fixa\u00e7\u00e3o de multa para quem acessasse o v\u00eddeo por VPN.<\/strong><\/pre>\n\n\n\n<p class=\"has-background\" style=\"background-color:#ced5da\">A Primeira Turma do STF confirmou decis\u00e3o do ministro Alexandre de Moraes que <strong>suspendeu a plataforma X<\/strong>, antigo Twitter, em todo o territ\u00f3rio nacional. Por <strong>unanimidade<\/strong>, o colegiado referendou a decis\u00e3o na sess\u00e3o extraordin\u00e1ria virtual realizada nesta segunda-feira (2).<\/p>\n\n\n\n<div class=\"wp-block-media-text is-stacked-on-mobile\"><figure class=\"wp-block-media-text__media\"><img decoding=\"async\" width=\"1024\" height=\"705\" src=\"https:\/\/cj.estrategia.com\/portal\/wp-content\/uploads\/2024\/08\/28230223\/x-twitter-musk-1024x705.jpg\" alt=\"decis\u00f5es\" class=\"wp-image-74094 size-full\" srcset=\"https:\/\/cj.estrategia.com\/portal\/wp-content\/uploads\/2024\/08\/28230223\/x-twitter-musk-1024x705.jpg 1024w, https:\/\/cj.estrategia.com\/portal\/wp-content\/uploads\/2024\/08\/28230223\/x-twitter-musk-300x207.jpg 300w, https:\/\/cj.estrategia.com\/portal\/wp-content\/uploads\/2024\/08\/28230223\/x-twitter-musk-768x529.jpg 768w, https:\/\/cj.estrategia.com\/portal\/wp-content\/uploads\/2024\/08\/28230223\/x-twitter-musk-1536x1058.jpg 1536w, https:\/\/cj.estrategia.com\/portal\/wp-content\/uploads\/2024\/08\/28230223\/x-twitter-musk-2048x1410.jpg 2048w, https:\/\/cj.estrategia.com\/portal\/wp-content\/uploads\/2024\/08\/28230223\/x-twitter-musk-380x262.jpg 380w, https:\/\/cj.estrategia.com\/portal\/wp-content\/uploads\/2024\/08\/28230223\/x-twitter-musk-800x551.jpg 800w, https:\/\/cj.estrategia.com\/portal\/wp-content\/uploads\/2024\/08\/28230223\/x-twitter-musk-1160x799.jpg 1160w, https:\/\/cj.estrategia.com\/portal\/wp-content\/uploads\/2024\/08\/28230223\/x-twitter-musk-150x103.jpg 150w, https:\/\/cj.estrategia.com\/portal\/wp-content\/uploads\/2024\/08\/28230223\/x-twitter-musk-scaled.jpg 2560w\" sizes=\"(max-width: 1024px) 100vw, 1024px\" \/><\/figure><div class=\"wp-block-media-text__content\">\n<p>O ministro tomou a decis\u00e3o na sexta (30\/8), na Peti\u00e7\u00e3o\u00a0<a href=\"https:\/\/portal.stf.jus.br\/processos\/detalhe.asp?incidente=6888934\" target=\"_blank\" ><strong><u><strong>(PET) 12404<\/strong><\/u><\/strong><\/a>, ap\u00f3s o STF realizar todos os esfor\u00e7os poss\u00edveis para que o X cumprisse ordens judiciais e pagasse as multas impostas. Em seu voto na sess\u00e3o virtual, o relator reiterou os fundamentos da sua medida. Ele esclareceu que a multa di\u00e1ria de R$ 50 mil se aplica a pessoas e empresas que tentarem fraudar a decis\u00e3o judicial, utilizando subterf\u00fagios tecnol\u00f3gicos (como o uso de VPN, entre outros) para continuar a usar e a se comunicar pelo X.<\/p>\n<\/div><\/div>\n\n\n\n<h4 class=\"wp-block-heading\" id=\"h-votos-dos-ministros\"><span id=\"votos-dos-ministros\">Votos dos ministros<\/span><\/h4>\n\n\n\n<p class=\"has-background\" style=\"background-color:#ced5da\">Ao acompanhar o relator, o ministro Fl\u00e1vio Dino ressaltou que o Judici\u00e1rio garante acesso a recursos contra decis\u00f5es, mas n\u00e3o permite obstru\u00e7\u00e3o ou escolha de quais ordens se cumprir\u00e3o. \u201cO poder econ\u00f4mico e o tamanho da conta banc\u00e1ria n\u00e3o fazem nascer uma esdr\u00faxula imunidade de jurisdi\u00e7\u00e3o\u201d, frisou.<\/p>\n\n\n\n<p class=\"has-background\" style=\"background-color:#ced5da\">A ministra C\u00e1rmen L\u00facia destacou, em seu voto, que o Poder Judici\u00e1rio \u00e9 um sistema de \u00f3rg\u00e3os decorrentes da soberania nacional, e, portanto, sua decis\u00e3o tem de ser \u201cacatada, respeitada e legitimada\u201d. Ela reiterou que ordens judiciais devem ser questionadas na forma da legisla\u00e7\u00e3o processual, \u201cn\u00e3o segundo os humores e voluntarismos de quem quer que seja, nacional ou estrangeiro\u201d.<\/p>\n\n\n\n<p class=\"has-background\" style=\"background-color:#ced5da\">Para o ministro Cristiano Zanin, o descumprimento reiterado das decis\u00f5es do STF \u00e9 grave. \u201cNingu\u00e9m pode pretender desenvolver suas atividades no Brasil sem observar as leis e a Constitui\u00e7\u00e3o Federal\u201d, disse.<\/p>\n\n\n\n<p class=\"has-background\" style=\"background-color:#ced5da\">O ministro Luiz Fux tamb\u00e9m acompanhou o relator. No entanto, fez a ressalva de que a decis\u00e3o n\u00e3o atinja pessoas ou empresas indiscriminadas e sem participa\u00e7\u00e3o no processo, a n\u00e3o ser as que utilizarem a plataforma para fraudar a decis\u00e3o com manifesta\u00e7\u00f5es de racismo, fascismo, nazismo, que obstruam investiga\u00e7\u00f5es criminais ou incitem aos crimes em geral.<\/p>\n\n\n\n<p><strong><a href=\"https:\/\/noticias.stf.jus.br\/postsnoticias\/stf-confirma-decisao-que-suspendeu-o-x-antigo-twitter-em-todo-o-pais\/\" target=\"_blank\" >STF confirma decis\u00e3o que suspendeu o X, antigo Twitter, em todo o pa\u00eds<\/a><\/strong><\/p>\n\n\n\n<p>Nessa linha, o pensamento do Google era razo\u00e1vel em dizer que estava seguindo uma orienta\u00e7\u00e3o do STF que pensava ser majorit\u00e1ria: as decis\u00f5es dos ju\u00edzes brasileiros s\u00f3 podem impedir que usu\u00e1rios no Brasil sejam afetados por suas decis\u00f5es.<\/p>\n\n\n\n<p><strong>Certo?!<\/strong><strong><\/strong><\/p>\n\n\n\n<p><strong>Mas o que decidiu o STJ?<\/strong><\/p>\n\n\n\n<h2 class=\"wp-block-heading\" id=\"h-do-entendimento-majoritario-a-extensao-global-da-jurisdicao-brasileira\"><span id=\"do-entendimento-majoritario-a-extensao-global-da-jurisdicao-brasileira\">Do entendimento majorit\u00e1rio: a extens\u00e3o global da jurisdi\u00e7\u00e3o brasileira<\/span><\/h2>\n\n\n\n<pre class=\"wp-block-verse\">A Terceira Turma do Superior Tribunal de Justi\u00e7a (STJ), sob a relatoria da Ministra Nancy Andrighi, sedimentou entendimento inovador acerca dos limites territoriais da jurisdi\u00e7\u00e3o brasileira no \u00e2mbito virtual. A Turma consolidou interpreta\u00e7\u00e3o extensiva do Marco Civil da Internet.<\/pre>\n\n\n\n<p><em>In casu<\/em>, a eminente relatora, ao perscrutar os fundamentos do art. 11 da Lei 12.965\/2014, desenvolveu exegese que privilegia a efetividade da presta\u00e7\u00e3o jurisdicional em detrimento de formalismos territoriais anacr\u00f4nicos.<\/p>\n\n\n\n<p>Com efeito, sustentou a Min. Relatora que <span style=\"text-decoration: underline;\">o simples fato de haver coleta de dados em territ\u00f3rio p\u00e1trio j\u00e1 seria suficiente para atrair a jurisdi\u00e7\u00e3o brasileira em sua integralidade, inclusive quanto aos efeitos extraterritoriais das decis\u00f5es judiciais<\/span>.<\/p>\n\n\n\n<p>Destarte, ao examinar a natureza intr\u00ednseca dos servi\u00e7os prestados por plataformas digitais, Nancy pontuou que estas operam em escala global integrada. Assim, seria desarrazoada qualquer tentativa de fragmenta\u00e7\u00e3o territorial de seus efeitos. Em verdade, tal compreens\u00e3o coaduna-se com a pr\u00f3pria ess\u00eancia do ambiente virtual, <span style=\"text-decoration: underline;\"><strong><mark style=\"background-color:rgba(0, 0, 0, 0)\" class=\"has-inline-color has-vivid-cyan-blue-color\">que transcende, per se, as tradicionais fronteiras geogr\u00e1ficas<\/mark><\/strong><\/span>.<\/p>\n\n\n\n<pre class=\"wp-block-verse has-pale-cyan-blue-background-color has-background\"><strong>Nessa esteira, merece especial destaque o argumento referente \u00e0 efetividade da tutela jurisdicional. Conforme bem pontuado no voto condutor, restringir territorialmente a remo\u00e7\u00e3o de conte\u00fado il\u00edcito equivaleria a negar efic\u00e1cia \u00e0 pr\u00f3pria presta\u00e7\u00e3o jurisdicional, porquanto o material permaneceria acess\u00edvel mediante simples utiliza\u00e7\u00e3o de mecanismos de mascaramento de localiza\u00e7\u00e3o ou acesso a partir de jurisdi\u00e7\u00f5es estrangeiras.<\/strong><strong><\/strong><\/pre>\n\n\n\n<p>Al\u00e9m disso, vale destacar que o pr\u00f3prio entendimento do STJ \u00e9 que<\/p>\n\n\n\n<blockquote class=\"wp-block-quote is-layout-flow wp-block-quote-is-layout-flow\">\n<p><\/p>\n<cite>\u201cA plataforma de v\u00eddeos Youtube, provedor de aplica\u00e7\u00e3o de internet de propriedade da Google, pode remover, suspender ou tornar indispon\u00edveis conte\u00fados de usu\u00e1rio que viole seus termos de uso aplic\u00e1veis, especialmente no contexto da pandemia da Covid19. Essa modera\u00e7\u00e3o de conte\u00fado encontra amparo no ordenamento jur\u00eddico, n\u00e3o representando viola\u00e7\u00e3o \u00e0 liberdade de express\u00e3o nem censura. Os termos de uso dos provedores de aplica\u00e7\u00e3o, que autorizam a modera\u00e7\u00e3o de conte\u00fado, devem estar subordinados \u00e0 Constitui\u00e7\u00e3o, \u00e0s leis e a toda regulamenta\u00e7\u00e3o aplic\u00e1vel direta ou indiretamente ao ecossistema da internet, sob pena de responsabiliza\u00e7\u00e3o da plataforma.\u201d&nbsp;<strong>(STJ. 3\u00aa Turma. REsp 2.139.749-SP, Rel. Min. Ricardo Villas B\u00f4as Cueva, julgado em 27\/8\/2024 (Informativo 823)<\/strong>.<\/cite><\/blockquote>\n\n\n\n<h2 class=\"wp-block-heading\" id=\"h-da-tese-vencida\"><span id=\"da-tese-vencida\">Da tese vencida <\/span><\/h2>\n\n\n\n<pre class=\"wp-block-verse\">Em que pese a robustez da tese vencedora, impende destacar os n\u00e3o menos relevantes argumentos trazidos \u00e0 baila pelos Ministros Ricardo Villas B\u00f4as Cueva e Marco Aur\u00e9lio Bellizze, que, <em>data maxima venia<\/em>, apresentaram preocupa\u00e7\u00f5es pertinentes acerca dos limites constitucionais da jurisdi\u00e7\u00e3o nacional.<\/pre>\n\n\n\n<p><em>Ex vi<\/em> do artigo 4\u00ba da Constitui\u00e7\u00e3o Federal, os Ministros sustentaram que a <span style=\"text-decoration: underline;\">extens\u00e3o irrestrita dos efeitos das decis\u00f5es judiciais brasileiras poderia configurar viola\u00e7\u00e3o \u00e0 autodetermina\u00e7\u00e3o dos povos, princ\u00edpio basilar das rela\u00e7\u00f5es internacionais<\/span>.<\/p>\n\n\n\n<p>Outrossim, no que tange aos aspectos pr\u00e1ticos da quest\u00e3o, a diverg\u00eancia suscitou relevante debate acerca dos mecanismos de efetiva\u00e7\u00e3o das decis\u00f5es judiciais em territ\u00f3rio alien\u00edgena. Com propriedade, questionou-se: <strong>quais instrumentos coercitivos estariam \u00e0 disposi\u00e7\u00e3o do Judici\u00e1rio brasileiro para garantir o cumprimento de suas determina\u00e7\u00f5es al\u00e9m-fronteiras?<\/strong><\/p>\n\n\n\n<p>Ademais, n\u00e3o se pode olvidar o risco concreto de decis\u00f5es conflitantes entre diferentes jurisdi\u00e7\u00f5es, mormente considerando <strong><span style=\"text-decoration: underline;\"><mark style=\"background-color:rgba(0, 0, 0, 0)\" class=\"has-inline-color has-vivid-cyan-blue-color\">a aus\u00eancia de tratados internacionais espec\u00edficos sobre a mat\u00e9ria<\/mark><\/span><\/strong>.<\/p>\n\n\n\n<p class=\"has-cyan-bluish-gray-background-color has-background\"><strong>Seria poss\u00edvel considerar um mesmo conte\u00fado virtual como il\u00edcito em determinada jurisdi\u00e7\u00e3o e perfeitamente legal em outra, gerando potencial conflito normativo internacional de dif\u00edcil solu\u00e7\u00e3o.<\/strong><\/p>\n\n\n\n<p>Assim, em nossa opini\u00e3o, o tema suscita fortes debates, que certamente o STF decidir\u00e1 definitivamente, j\u00e1 que a vota\u00e7\u00e3o foi em 3 a 2. Isso demanda que voc\u00ea saiba os fundamentos relevantes das duas correntes.<\/p>\n\n\n\n<h2 class=\"wp-block-heading\" id=\"h-como-o-tema-ja-foi-cobrado-em-provas\"><span id=\"como-o-tema-ja-foi-cobrado-em-provas\">Como o tema j\u00e1 foi cobrado em provas<\/span><\/h2>\n\n\n\n<pre class=\"wp-block-preformatted\"><strong>FGV - 2024 - AL-PR - Procurador<\/strong>\n\nAcerca da jurisprud\u00eancia do Superior Tribunal de Justi\u00e7a sobre o Marco Civil da Internet (Lei n\u00ba 12.965\/14) e a prote\u00e7\u00e3o dos direitos da personalidade, assinale a afirmativa&nbsp;incorreta.\n\n<strong>Alternativas<\/strong>\n\nA) A desindexa\u00e7\u00e3o de conte\u00fados n\u00e3o se confunde com o direito ao esquecimento, pois n\u00e3o implica a exclus\u00e3o de resultados, mas t\u00e3o somente a desvincula\u00e7\u00e3o de determinados conte\u00fados obtidos por meio dos provedores de busca.&nbsp;\n\nB) Para o Marco Civil da Internet, a exposi\u00e7\u00e3o pornogr\u00e1fica sem consentimento n\u00e3o se limita a nudez total, nem a atos sexuais que somente envolvam conjun\u00e7\u00e3o carnal, mas a conduta que possa gerar dano \u00e0 personalidade da v\u00edtima.&nbsp;\n\nC) Na exposi\u00e7\u00e3o pornogr\u00e1fica n\u00e3o consentida, o fato de o rosto da v\u00edtima n\u00e3o estar evidenciado nas fotos de maneira flagrante \u00e9 irrelevante para a configura\u00e7\u00e3o dos danos morais.\n\nD) O direito ao esquecimento pode ser compreendido como o direito que uma pessoa natural possui de n\u00e3o permitir que um fato, ainda que ver\u00eddico, ocorrido em determinado momento de sua vida, seja exposto ao p\u00fablico em geral, causando-lhe sofrimento ou transtornos\n\nE) A tese do direito ao esquecimento, entendido como a possiblidade de obstar, em raz\u00e3o da passagem do tempo, a divulga\u00e7\u00e3o de fatos ou dados ver\u00eddicos e licitamente obtidos e publicados em meios de comunica\u00e7\u00e3o social, anal\u00f3gicos ou digitais, vem sendo confirmada nas rela\u00e7\u00f5es pelos tribunais superiores no pa\u00eds.\n\n<strong>Gabarito: E<\/strong><\/pre>\n\n\n\n<hr class=\"wp-block-separator has-alpha-channel-opacity\"\/>\n\n\n\n<h2 class=\"wp-block-heading has-text-align-center\" id=\"h-quer-saber-quais-serao-os-proximos-concursos\"><span id=\"quer-saber-quais-serao-os-proximos-concursos\">Quer saber quais ser\u00e3o os pr\u00f3ximos concursos?<\/span><\/h2>\n\n\n\n<p class=\"has-text-align-center\">Confira nossos&nbsp;<a href=\"https:\/\/cj.estrategia.com\/portal\/\" target=\"_blank\" >artigos para Carreiras Jur\u00eddicas<\/a>!<\/p>\n\n\n\n<p class=\"has-text-align-center has-white-color has-pale-cyan-blue-background-color has-text-color has-background has-link-color wp-elements-f3d5123bb0c8e11604d0c8c7f1ea8be8\"><a href=\"https:\/\/www.estrategiaconcursos.com.br\/blog\/concursos-abertos\/\" target=\"_blank\" >Confira os concursos p\u00fablicos abertos<\/a><\/p>\n\n\n\n<p class=\"has-text-align-center has-white-color has-pale-cyan-blue-background-color has-text-color has-background has-link-color wp-elements-94f2aad2f2b05ea3152ac5320a17d121\"><a href=\"https:\/\/cj.estrategia.com\/portal\/web-stories\/\" target=\"_blank\" >Concursos 2024<\/a><\/p>\n\n\n\n<p class=\"has-text-align-center has-white-color has-pale-cyan-blue-background-color has-text-color has-background has-link-color wp-elements-726d644a58045568574d2c1541b18807\"><a href=\"https:\/\/cj.estrategia.com\/portal\/concursos-2025-carreiras-juridicas\/\" target=\"_blank\" >Concursos 2025<\/a><\/p>\n","protected":false},"excerpt":{"rendered":"A internet, desde sua concep\u00e7\u00e3o, sempre desafiou os conceitos tradicionais de territorialidade e jurisdi\u00e7\u00e3o. O debate sobre a&hellip;\n","protected":false},"author":93,"featured_media":84089,"comment_status":"open","ping_status":"open","sticky":false,"template":"","format":"standard","meta":{"_jetpack_memberships_contains_paid_content":false,"footnotes":""},"categories":[1],"tags":[1451,1143,1450,1448,134,202,1449],"tax_estado":[30,31,32,33,34,35,36,37,38,39,40,41,42,43,44,45,46,47,48,49,50,51,52,53,54,55,56,57],"class_list":{"0":"post-84079","1":"post","2":"type-post","3":"status-publish","4":"format-standard","5":"has-post-thumbnail","7":"category-carreiras-juridicas","8":"tag-alcance-global-da-jurisdicao-brasileira","9":"tag-marco-civil-da-internet","10":"tag-resp-1-316-921","11":"tag-resp-2-147-711-stj","12":"tag-stf","13":"tag-stj","14":"tag-territorialidade","15":"tax_estado-ac","16":"tax_estado-al","17":"tax_estado-am","18":"tax_estado-ap","19":"tax_estado-ba","20":"tax_estado-ce","21":"tax_estado-concursos-federais","22":"tax_estado-df","23":"tax_estado-es","24":"tax_estado-go","25":"tax_estado-ma","26":"tax_estado-mg","27":"tax_estado-ms","28":"tax_estado-mt","29":"tax_estado-pa","30":"tax_estado-pb","31":"tax_estado-pe","32":"tax_estado-pi","33":"tax_estado-pr","34":"tax_estado-rj","35":"tax_estado-rn","36":"tax_estado-ro","37":"tax_estado-rr","38":"tax_estado-rs","39":"tax_estado-sc","40":"tax_estado-se","41":"tax_estado-sp","42":"tax_estado-to"},"acf":[],"yoast_head":"<!-- This site is optimized with the Yoast SEO Premium plugin v27.4 (Yoast SEO v27.4) - https:\/\/yoast.com\/product\/yoast-seo-premium-wordpress\/ -->\n<title>Decis\u00f5es judiciais brasileiras e seu alcance global<\/title>\n<meta name=\"description\" content=\"STJ e o alcance global das decis\u00f5es judiciais: pode um juiz brasileiro determinar que nenhum pa\u00eds veja determinado v\u00eddeo?\" \/>\n<meta name=\"robots\" content=\"index, follow, max-snippet:-1, max-image-preview:large, max-video-preview:-1\" \/>\n<link rel=\"canonical\" href=\"https:\/\/cj.estrategia.com\/portal\/alcance-global-decisoes-judiciais-brasileiras\/\" \/>\n<meta property=\"og:locale\" content=\"pt_BR\" \/>\n<meta property=\"og:type\" content=\"article\" \/>\n<meta property=\"og:title\" content=\"REsp 2.147.711 \u2013 STJ e o alcance global das decis\u00f5es judiciais: pode o juiz brasileiro determinar que nenhum pa\u00eds veja determinado v\u00eddeo?\" \/>\n<meta property=\"og:description\" content=\"STJ e o alcance global das decis\u00f5es judiciais: pode um juiz brasileiro determinar que nenhum pa\u00eds veja determinado v\u00eddeo?\" \/>\n<meta property=\"og:url\" content=\"https:\/\/cj.estrategia.com\/portal\/alcance-global-decisoes-judiciais-brasileiras\/\" \/>\n<meta property=\"og:site_name\" content=\"Blog - Carreiras Jur\u00eddicas - Estrat\u00e9gia\" \/>\n<meta property=\"article:publisher\" content=\"https:\/\/www.facebook.com\/estrategiacarreirajuridica\/\" \/>\n<meta property=\"article:published_time\" content=\"2024-11-16T22:04:00+00:00\" \/>\n<meta property=\"article:modified_time\" content=\"2024-12-01T15:09:55+00:00\" \/>\n<meta property=\"og:image\" content=\"https:\/\/cj.estrategia.com\/portal\/wp-content\/uploads\/2024\/11\/16190013\/jurisdicao-brasil-global-scaled.jpg\" \/>\n\t<meta property=\"og:image:width\" content=\"2560\" \/>\n\t<meta property=\"og:image:height\" content=\"1422\" \/>\n\t<meta property=\"og:image:type\" content=\"image\/jpeg\" \/>\n<meta name=\"author\" content=\"Felipe Duque\" \/>\n<meta name=\"twitter:card\" content=\"summary_large_image\" \/>\n<meta name=\"twitter:creator\" content=\"@https:\/\/x.com\/ProfessorDuque\" \/>\n<meta name=\"twitter:site\" content=\"@EstratJuridica\" \/>\n<meta name=\"twitter:label1\" content=\"Escrito por\" \/>\n\t<meta name=\"twitter:data1\" content=\"Felipe Duque\" \/>\n\t<meta name=\"twitter:label2\" content=\"Est. tempo de leitura\" \/>\n\t<meta name=\"twitter:data2\" content=\"8 minutos\" \/>\n<script type=\"application\/ld+json\" class=\"yoast-schema-graph\">{\"@context\":\"https:\\\/\\\/schema.org\",\"@graph\":[{\"@type\":\"NewsArticle\",\"@id\":\"https:\\\/\\\/cj.estrategia.com\\\/portal\\\/alcance-global-decisoes-judiciais-brasileiras\\\/#article\",\"isPartOf\":{\"@id\":\"https:\\\/\\\/cj.estrategia.com\\\/portal\\\/alcance-global-decisoes-judiciais-brasileiras\\\/\"},\"author\":{\"name\":\"Felipe Duque\",\"@id\":\"https:\\\/\\\/cj.estrategia.com\\\/portal\\\/#\\\/schema\\\/person\\\/b5b0253b269d7130d1f7770b1ba29285\"},\"headline\":\"REsp 2.147.711 \u2013 STJ e o alcance global das decis\u00f5es judiciais: pode o juiz brasileiro determinar que nenhum pa\u00eds veja determinado v\u00eddeo?\",\"datePublished\":\"2024-11-16T22:04:00+00:00\",\"dateModified\":\"2024-12-01T15:09:55+00:00\",\"mainEntityOfPage\":{\"@id\":\"https:\\\/\\\/cj.estrategia.com\\\/portal\\\/alcance-global-decisoes-judiciais-brasileiras\\\/\"},\"wordCount\":1512,\"commentCount\":0,\"publisher\":{\"@id\":\"https:\\\/\\\/cj.estrategia.com\\\/portal\\\/#organization\"},\"image\":{\"@id\":\"https:\\\/\\\/cj.estrategia.com\\\/portal\\\/alcance-global-decisoes-judiciais-brasileiras\\\/#primaryimage\"},\"thumbnailUrl\":\"https:\\\/\\\/cj.estrategia.com\\\/portal\\\/wp-content\\\/uploads\\\/2024\\\/11\\\/16190013\\\/jurisdicao-brasil-global-scaled.jpg\",\"keywords\":[\"alcance global da jurisdi\u00e7\u00e3o brasileira\",\"marco civil da internet\",\"REsp 1.316.921\",\"REsp 2.147.711 STJ\",\"STF\",\"STJ\",\"territorialidade\"],\"articleSection\":[\"Carreiras Jur\u00eddicas\"],\"inLanguage\":\"pt-BR\",\"potentialAction\":[{\"@type\":\"CommentAction\",\"name\":\"Comment\",\"target\":[\"https:\\\/\\\/cj.estrategia.com\\\/portal\\\/alcance-global-decisoes-judiciais-brasileiras\\\/#respond\"]}]},{\"@type\":\"WebPage\",\"@id\":\"https:\\\/\\\/cj.estrategia.com\\\/portal\\\/alcance-global-decisoes-judiciais-brasileiras\\\/\",\"url\":\"https:\\\/\\\/cj.estrategia.com\\\/portal\\\/alcance-global-decisoes-judiciais-brasileiras\\\/\",\"name\":\"Decis\u00f5es judiciais brasileiras e seu alcance global\",\"isPartOf\":{\"@id\":\"https:\\\/\\\/cj.estrategia.com\\\/portal\\\/#website\"},\"primaryImageOfPage\":{\"@id\":\"https:\\\/\\\/cj.estrategia.com\\\/portal\\\/alcance-global-decisoes-judiciais-brasileiras\\\/#primaryimage\"},\"image\":{\"@id\":\"https:\\\/\\\/cj.estrategia.com\\\/portal\\\/alcance-global-decisoes-judiciais-brasileiras\\\/#primaryimage\"},\"thumbnailUrl\":\"https:\\\/\\\/cj.estrategia.com\\\/portal\\\/wp-content\\\/uploads\\\/2024\\\/11\\\/16190013\\\/jurisdicao-brasil-global-scaled.jpg\",\"datePublished\":\"2024-11-16T22:04:00+00:00\",\"dateModified\":\"2024-12-01T15:09:55+00:00\",\"description\":\"STJ e o alcance global das decis\u00f5es judiciais: pode um juiz brasileiro determinar que nenhum pa\u00eds veja determinado v\u00eddeo?\",\"breadcrumb\":{\"@id\":\"https:\\\/\\\/cj.estrategia.com\\\/portal\\\/alcance-global-decisoes-judiciais-brasileiras\\\/#breadcrumb\"},\"inLanguage\":\"pt-BR\",\"potentialAction\":[{\"@type\":\"ReadAction\",\"target\":[\"https:\\\/\\\/cj.estrategia.com\\\/portal\\\/alcance-global-decisoes-judiciais-brasileiras\\\/\"]}]},{\"@type\":\"ImageObject\",\"inLanguage\":\"pt-BR\",\"@id\":\"https:\\\/\\\/cj.estrategia.com\\\/portal\\\/alcance-global-decisoes-judiciais-brasileiras\\\/#primaryimage\",\"url\":\"https:\\\/\\\/cj.estrategia.com\\\/portal\\\/wp-content\\\/uploads\\\/2024\\\/11\\\/16190013\\\/jurisdicao-brasil-global-scaled.jpg\",\"contentUrl\":\"https:\\\/\\\/cj.estrategia.com\\\/portal\\\/wp-content\\\/uploads\\\/2024\\\/11\\\/16190013\\\/jurisdicao-brasil-global-scaled.jpg\",\"width\":2560,\"height\":1422},{\"@type\":\"BreadcrumbList\",\"@id\":\"https:\\\/\\\/cj.estrategia.com\\\/portal\\\/alcance-global-decisoes-judiciais-brasileiras\\\/#breadcrumb\",\"itemListElement\":[{\"@type\":\"ListItem\",\"position\":1,\"name\":\"In\u00edcio\",\"item\":\"https:\\\/\\\/cj.estrategia.com\\\/portal\\\/\"},{\"@type\":\"ListItem\",\"position\":2,\"name\":\"REsp 2.147.711 \u2013 STJ e o alcance global das decis\u00f5es judiciais: pode o juiz brasileiro determinar que nenhum pa\u00eds veja determinado v\u00eddeo?\"}]},{\"@type\":\"WebSite\",\"@id\":\"https:\\\/\\\/cj.estrategia.com\\\/portal\\\/#website\",\"url\":\"https:\\\/\\\/cj.estrategia.com\\\/portal\\\/\",\"name\":\"Blog - Carreiras Jur\u00eddicas - Estrat\u00e9gia\",\"description\":\"\",\"publisher\":{\"@id\":\"https:\\\/\\\/cj.estrategia.com\\\/portal\\\/#organization\"},\"potentialAction\":[{\"@type\":\"SearchAction\",\"target\":{\"@type\":\"EntryPoint\",\"urlTemplate\":\"https:\\\/\\\/cj.estrategia.com\\\/portal\\\/?s={search_term_string}\"},\"query-input\":{\"@type\":\"PropertyValueSpecification\",\"valueRequired\":true,\"valueName\":\"search_term_string\"}}],\"inLanguage\":\"pt-BR\"},{\"@type\":\"Organization\",\"@id\":\"https:\\\/\\\/cj.estrategia.com\\\/portal\\\/#organization\",\"name\":\"Estrat\u00e9gia - Carreiras Jur\u00eddicas\",\"url\":\"https:\\\/\\\/cj.estrategia.com\\\/portal\\\/\",\"logo\":{\"@type\":\"ImageObject\",\"inLanguage\":\"pt-BR\",\"@id\":\"https:\\\/\\\/cj.estrategia.com\\\/portal\\\/#\\\/schema\\\/logo\\\/image\\\/\",\"url\":\"https:\\\/\\\/cj.estrategia.com\\\/portal\\\/wp-content\\\/uploads\\\/2022\\\/03\\\/11151052\\\/cj-logo.png\",\"contentUrl\":\"https:\\\/\\\/cj.estrategia.com\\\/portal\\\/wp-content\\\/uploads\\\/2022\\\/03\\\/11151052\\\/cj-logo.png\",\"width\":150,\"height\":39,\"caption\":\"Estrat\u00e9gia - Carreiras Jur\u00eddicas\"},\"image\":{\"@id\":\"https:\\\/\\\/cj.estrategia.com\\\/portal\\\/#\\\/schema\\\/logo\\\/image\\\/\"},\"sameAs\":[\"https:\\\/\\\/www.facebook.com\\\/estrategiacarreirajuridica\\\/\",\"https:\\\/\\\/x.com\\\/EstratJuridica\",\"https:\\\/\\\/www.instagram.com\\\/estrategiacarreirajuridica\\\/\",\"https:\\\/\\\/www.youtube.com\\\/channel\\\/UClbMGuYbj2Mh1m3w144ETWQ\"]},{\"@type\":\"Person\",\"@id\":\"https:\\\/\\\/cj.estrategia.com\\\/portal\\\/#\\\/schema\\\/person\\\/b5b0253b269d7130d1f7770b1ba29285\",\"name\":\"Felipe Duque\",\"image\":{\"@type\":\"ImageObject\",\"inLanguage\":\"pt-BR\",\"@id\":\"https:\\\/\\\/cj.estrategia.com\\\/portal\\\/wp-content\\\/uploads\\\/2024\\\/08\\\/06162009\\\/Captura-de-Tela-2024-08-06-as-16.19.26-96x96.png\",\"url\":\"https:\\\/\\\/cj.estrategia.com\\\/portal\\\/wp-content\\\/uploads\\\/2024\\\/08\\\/06162009\\\/Captura-de-Tela-2024-08-06-as-16.19.26-96x96.png\",\"contentUrl\":\"https:\\\/\\\/cj.estrategia.com\\\/portal\\\/wp-content\\\/uploads\\\/2024\\\/08\\\/06162009\\\/Captura-de-Tela-2024-08-06-as-16.19.26-96x96.png\",\"caption\":\"Felipe Duque\"},\"description\":\"Felipe Duque - Mestre em Direito Pol\u00edtico e Econ\u00f4mico na Mackenzie-SP. Graduado em Direito pela Universidade Cat\u00f3lica de Pernambuco, com conclus\u00e3o pelo regime de Aproveitamento Extraordin\u00e1rio nos Estudos (art. 47, \u00a7 2\u00ba, da Lei n\u00ba 9.394\\\/96). Ex-Assessor de Desembargador no TJPE. Procurador da Fazenda Nacional. Integra voluntariamente a Coordena\u00e7\u00e3o de Assuntos Estrat\u00e9gicos Judiciais da PGFN. Professor do Estrat\u00e9gia Carreira Jur\u00eddica, Estrat\u00e9gia OAB e Buscador Dizer o Direito. Autor do livro \u201cReforma Tribut\u00e1ria Comentada e Esquematizada\u201d, \\\"Manual de Processo Tribut\u00e1rio: Administrativo e Judicial\\\" pela editora Juspodivm Parecerista na Revista de Estudos Jur\u00eddicos do Superior Tribunal de Justi\u00e7a (REJuriSTJ)\",\"sameAs\":[\"http:\\\/\\\/lattes.cnpq.br\\\/5755137268084324\",\"https:\\\/\\\/www.instagram.com\\\/felipe_duque\\\/\",\"https:\\\/\\\/br.linkedin.com\\\/in\\\/felipe-duque-56954638\",\"https:\\\/\\\/x.com\\\/https:\\\/\\\/x.com\\\/ProfessorDuque\",\"https:\\\/\\\/www.youtube.com\\\/@felipeduque-experienciasco5797\"],\"url\":\"https:\\\/\\\/cj.estrategia.com\\\/portal\\\/author\\\/felipe-duque\\\/\"}]}<\/script>\n<!-- \/ Yoast SEO Premium plugin. -->","yoast_head_json":{"title":"Decis\u00f5es judiciais brasileiras e seu alcance global","description":"STJ e o alcance global das decis\u00f5es judiciais: pode um juiz brasileiro determinar que nenhum pa\u00eds veja determinado v\u00eddeo?","robots":{"index":"index","follow":"follow","max-snippet":"max-snippet:-1","max-image-preview":"max-image-preview:large","max-video-preview":"max-video-preview:-1"},"canonical":"https:\/\/cj.estrategia.com\/portal\/alcance-global-decisoes-judiciais-brasileiras\/","og_locale":"pt_BR","og_type":"article","og_title":"REsp 2.147.711 \u2013 STJ e o alcance global das decis\u00f5es judiciais: pode o juiz brasileiro determinar que nenhum pa\u00eds veja determinado v\u00eddeo?","og_description":"STJ e o alcance global das decis\u00f5es judiciais: pode um juiz brasileiro determinar que nenhum pa\u00eds veja determinado v\u00eddeo?","og_url":"https:\/\/cj.estrategia.com\/portal\/alcance-global-decisoes-judiciais-brasileiras\/","og_site_name":"Blog - Carreiras Jur\u00eddicas - Estrat\u00e9gia","article_publisher":"https:\/\/www.facebook.com\/estrategiacarreirajuridica\/","article_published_time":"2024-11-16T22:04:00+00:00","article_modified_time":"2024-12-01T15:09:55+00:00","og_image":[{"width":2560,"height":1422,"url":"https:\/\/cj.estrategia.com\/portal\/wp-content\/uploads\/2024\/11\/16190013\/jurisdicao-brasil-global-scaled.jpg","type":"image\/jpeg"}],"author":"Felipe Duque","twitter_card":"summary_large_image","twitter_creator":"@https:\/\/x.com\/ProfessorDuque","twitter_site":"@EstratJuridica","twitter_misc":{"Escrito por":"Felipe Duque","Est. tempo de leitura":"8 minutos"},"schema":{"@context":"https:\/\/schema.org","@graph":[{"@type":"NewsArticle","@id":"https:\/\/cj.estrategia.com\/portal\/alcance-global-decisoes-judiciais-brasileiras\/#article","isPartOf":{"@id":"https:\/\/cj.estrategia.com\/portal\/alcance-global-decisoes-judiciais-brasileiras\/"},"author":{"name":"Felipe Duque","@id":"https:\/\/cj.estrategia.com\/portal\/#\/schema\/person\/b5b0253b269d7130d1f7770b1ba29285"},"headline":"REsp 2.147.711 \u2013 STJ e o alcance global das decis\u00f5es judiciais: pode o juiz brasileiro determinar que nenhum pa\u00eds veja determinado v\u00eddeo?","datePublished":"2024-11-16T22:04:00+00:00","dateModified":"2024-12-01T15:09:55+00:00","mainEntityOfPage":{"@id":"https:\/\/cj.estrategia.com\/portal\/alcance-global-decisoes-judiciais-brasileiras\/"},"wordCount":1512,"commentCount":0,"publisher":{"@id":"https:\/\/cj.estrategia.com\/portal\/#organization"},"image":{"@id":"https:\/\/cj.estrategia.com\/portal\/alcance-global-decisoes-judiciais-brasileiras\/#primaryimage"},"thumbnailUrl":"https:\/\/cj.estrategia.com\/portal\/wp-content\/uploads\/2024\/11\/16190013\/jurisdicao-brasil-global-scaled.jpg","keywords":["alcance global da jurisdi\u00e7\u00e3o brasileira","marco civil da internet","REsp 1.316.921","REsp 2.147.711 STJ","STF","STJ","territorialidade"],"articleSection":["Carreiras Jur\u00eddicas"],"inLanguage":"pt-BR","potentialAction":[{"@type":"CommentAction","name":"Comment","target":["https:\/\/cj.estrategia.com\/portal\/alcance-global-decisoes-judiciais-brasileiras\/#respond"]}]},{"@type":"WebPage","@id":"https:\/\/cj.estrategia.com\/portal\/alcance-global-decisoes-judiciais-brasileiras\/","url":"https:\/\/cj.estrategia.com\/portal\/alcance-global-decisoes-judiciais-brasileiras\/","name":"Decis\u00f5es judiciais brasileiras e seu alcance global","isPartOf":{"@id":"https:\/\/cj.estrategia.com\/portal\/#website"},"primaryImageOfPage":{"@id":"https:\/\/cj.estrategia.com\/portal\/alcance-global-decisoes-judiciais-brasileiras\/#primaryimage"},"image":{"@id":"https:\/\/cj.estrategia.com\/portal\/alcance-global-decisoes-judiciais-brasileiras\/#primaryimage"},"thumbnailUrl":"https:\/\/cj.estrategia.com\/portal\/wp-content\/uploads\/2024\/11\/16190013\/jurisdicao-brasil-global-scaled.jpg","datePublished":"2024-11-16T22:04:00+00:00","dateModified":"2024-12-01T15:09:55+00:00","description":"STJ e o alcance global das decis\u00f5es judiciais: pode um juiz brasileiro determinar que nenhum pa\u00eds veja determinado v\u00eddeo?","breadcrumb":{"@id":"https:\/\/cj.estrategia.com\/portal\/alcance-global-decisoes-judiciais-brasileiras\/#breadcrumb"},"inLanguage":"pt-BR","potentialAction":[{"@type":"ReadAction","target":["https:\/\/cj.estrategia.com\/portal\/alcance-global-decisoes-judiciais-brasileiras\/"]}]},{"@type":"ImageObject","inLanguage":"pt-BR","@id":"https:\/\/cj.estrategia.com\/portal\/alcance-global-decisoes-judiciais-brasileiras\/#primaryimage","url":"https:\/\/cj.estrategia.com\/portal\/wp-content\/uploads\/2024\/11\/16190013\/jurisdicao-brasil-global-scaled.jpg","contentUrl":"https:\/\/cj.estrategia.com\/portal\/wp-content\/uploads\/2024\/11\/16190013\/jurisdicao-brasil-global-scaled.jpg","width":2560,"height":1422},{"@type":"BreadcrumbList","@id":"https:\/\/cj.estrategia.com\/portal\/alcance-global-decisoes-judiciais-brasileiras\/#breadcrumb","itemListElement":[{"@type":"ListItem","position":1,"name":"In\u00edcio","item":"https:\/\/cj.estrategia.com\/portal\/"},{"@type":"ListItem","position":2,"name":"REsp 2.147.711 \u2013 STJ e o alcance global das decis\u00f5es judiciais: pode o juiz brasileiro determinar que nenhum pa\u00eds veja determinado v\u00eddeo?"}]},{"@type":"WebSite","@id":"https:\/\/cj.estrategia.com\/portal\/#website","url":"https:\/\/cj.estrategia.com\/portal\/","name":"Blog - Carreiras Jur\u00eddicas - Estrat\u00e9gia","description":"","publisher":{"@id":"https:\/\/cj.estrategia.com\/portal\/#organization"},"potentialAction":[{"@type":"SearchAction","target":{"@type":"EntryPoint","urlTemplate":"https:\/\/cj.estrategia.com\/portal\/?s={search_term_string}"},"query-input":{"@type":"PropertyValueSpecification","valueRequired":true,"valueName":"search_term_string"}}],"inLanguage":"pt-BR"},{"@type":"Organization","@id":"https:\/\/cj.estrategia.com\/portal\/#organization","name":"Estrat\u00e9gia - Carreiras Jur\u00eddicas","url":"https:\/\/cj.estrategia.com\/portal\/","logo":{"@type":"ImageObject","inLanguage":"pt-BR","@id":"https:\/\/cj.estrategia.com\/portal\/#\/schema\/logo\/image\/","url":"https:\/\/cj.estrategia.com\/portal\/wp-content\/uploads\/2022\/03\/11151052\/cj-logo.png","contentUrl":"https:\/\/cj.estrategia.com\/portal\/wp-content\/uploads\/2022\/03\/11151052\/cj-logo.png","width":150,"height":39,"caption":"Estrat\u00e9gia - Carreiras Jur\u00eddicas"},"image":{"@id":"https:\/\/cj.estrategia.com\/portal\/#\/schema\/logo\/image\/"},"sameAs":["https:\/\/www.facebook.com\/estrategiacarreirajuridica\/","https:\/\/x.com\/EstratJuridica","https:\/\/www.instagram.com\/estrategiacarreirajuridica\/","https:\/\/www.youtube.com\/channel\/UClbMGuYbj2Mh1m3w144ETWQ"]},{"@type":"Person","@id":"https:\/\/cj.estrategia.com\/portal\/#\/schema\/person\/b5b0253b269d7130d1f7770b1ba29285","name":"Felipe Duque","image":{"@type":"ImageObject","inLanguage":"pt-BR","@id":"https:\/\/cj.estrategia.com\/portal\/wp-content\/uploads\/2024\/08\/06162009\/Captura-de-Tela-2024-08-06-as-16.19.26-96x96.png","url":"https:\/\/cj.estrategia.com\/portal\/wp-content\/uploads\/2024\/08\/06162009\/Captura-de-Tela-2024-08-06-as-16.19.26-96x96.png","contentUrl":"https:\/\/cj.estrategia.com\/portal\/wp-content\/uploads\/2024\/08\/06162009\/Captura-de-Tela-2024-08-06-as-16.19.26-96x96.png","caption":"Felipe Duque"},"description":"Felipe Duque - Mestre em Direito Pol\u00edtico e Econ\u00f4mico na Mackenzie-SP. Graduado em Direito pela Universidade Cat\u00f3lica de Pernambuco, com conclus\u00e3o pelo regime de Aproveitamento Extraordin\u00e1rio nos Estudos (art. 47, \u00a7 2\u00ba, da Lei n\u00ba 9.394\/96). Ex-Assessor de Desembargador no TJPE. Procurador da Fazenda Nacional. Integra voluntariamente a Coordena\u00e7\u00e3o de Assuntos Estrat\u00e9gicos Judiciais da PGFN. Professor do Estrat\u00e9gia Carreira Jur\u00eddica, Estrat\u00e9gia OAB e Buscador Dizer o Direito. Autor do livro \u201cReforma Tribut\u00e1ria Comentada e Esquematizada\u201d, \"Manual de Processo Tribut\u00e1rio: Administrativo e Judicial\" pela editora Juspodivm Parecerista na Revista de Estudos Jur\u00eddicos do Superior Tribunal de Justi\u00e7a (REJuriSTJ)","sameAs":["http:\/\/lattes.cnpq.br\/5755137268084324","https:\/\/www.instagram.com\/felipe_duque\/","https:\/\/br.linkedin.com\/in\/felipe-duque-56954638","https:\/\/x.com\/https:\/\/x.com\/ProfessorDuque","https:\/\/www.youtube.com\/@felipeduque-experienciasco5797"],"url":"https:\/\/cj.estrategia.com\/portal\/author\/felipe-duque\/"}]}},"jetpack_featured_media_url":"https:\/\/cj.estrategia.com\/portal\/wp-content\/uploads\/2024\/11\/16190013\/jurisdicao-brasil-global-scaled.jpg","jetpack_sharing_enabled":true,"_links":{"self":[{"href":"https:\/\/cj.estrategia.com\/portal\/wp-json\/wp\/v2\/posts\/84079","targetHints":{"allow":["GET"]}}],"collection":[{"href":"https:\/\/cj.estrategia.com\/portal\/wp-json\/wp\/v2\/posts"}],"about":[{"href":"https:\/\/cj.estrategia.com\/portal\/wp-json\/wp\/v2\/types\/post"}],"author":[{"embeddable":true,"href":"https:\/\/cj.estrategia.com\/portal\/wp-json\/wp\/v2\/users\/93"}],"replies":[{"embeddable":true,"href":"https:\/\/cj.estrategia.com\/portal\/wp-json\/wp\/v2\/comments?post=84079"}],"version-history":[{"count":6,"href":"https:\/\/cj.estrategia.com\/portal\/wp-json\/wp\/v2\/posts\/84079\/revisions"}],"predecessor-version":[{"id":84090,"href":"https:\/\/cj.estrategia.com\/portal\/wp-json\/wp\/v2\/posts\/84079\/revisions\/84090"}],"wp:featuredmedia":[{"embeddable":true,"href":"https:\/\/cj.estrategia.com\/portal\/wp-json\/wp\/v2\/media\/84089"}],"wp:attachment":[{"href":"https:\/\/cj.estrategia.com\/portal\/wp-json\/wp\/v2\/media?parent=84079"}],"wp:term":[{"taxonomy":"category","embeddable":true,"href":"https:\/\/cj.estrategia.com\/portal\/wp-json\/wp\/v2\/categories?post=84079"},{"taxonomy":"post_tag","embeddable":true,"href":"https:\/\/cj.estrategia.com\/portal\/wp-json\/wp\/v2\/tags?post=84079"},{"taxonomy":"tax_estado","embeddable":true,"href":"https:\/\/cj.estrategia.com\/portal\/wp-json\/wp\/v2\/tax_estado?post=84079"}],"curies":[{"name":"wp","href":"https:\/\/api.w.org\/{rel}","templated":true}]}}