{"id":83738,"date":"2024-11-13T16:28:29","date_gmt":"2024-11-13T19:28:29","guid":{"rendered":"https:\/\/cj.estrategia.com\/portal\/?p=83738"},"modified":"2024-12-01T17:23:11","modified_gmt":"2024-12-01T20:23:11","slug":"prisao-preventiva-automatica-crimes-hediondos","status":"publish","type":"post","link":"https:\/\/cj.estrategia.com\/portal\/prisao-preventiva-automatica-crimes-hediondos\/","title":{"rendered":"PL 714\/2023: Pris\u00e3o preventiva autom\u00e1tica em crimes hediondos \u00e9 constitucional?"},"content":{"rendered":"\n<p><em>An\u00e1lise sobre a constitucionalidade da pris\u00e3o preventiva autom\u00e1tica em crimes hediondos proposta pelo Projeto de Lei 714\/2023.<\/em><\/p>\n\n\n\n<p><\/p>\n\n\n\n<figure class=\"wp-block-image size-large\"><img decoding=\"async\" width=\"1024\" height=\"683\" src=\"https:\/\/cj.estrategia.com\/portal\/wp-content\/uploads\/2024\/11\/13145724\/middle-aged-man-spending-time-jail-1-1024x683.jpg\" alt=\"Pris\u00e3o autom\u00e1tica\" class=\"wp-image-83755\" srcset=\"https:\/\/cj.estrategia.com\/portal\/wp-content\/uploads\/2024\/11\/13145724\/middle-aged-man-spending-time-jail-1-1024x683.jpg 1024w, https:\/\/cj.estrategia.com\/portal\/wp-content\/uploads\/2024\/11\/13145724\/middle-aged-man-spending-time-jail-1-300x200.jpg 300w, https:\/\/cj.estrategia.com\/portal\/wp-content\/uploads\/2024\/11\/13145724\/middle-aged-man-spending-time-jail-1-768x512.jpg 768w, https:\/\/cj.estrategia.com\/portal\/wp-content\/uploads\/2024\/11\/13145724\/middle-aged-man-spending-time-jail-1-1536x1024.jpg 1536w, https:\/\/cj.estrategia.com\/portal\/wp-content\/uploads\/2024\/11\/13145724\/middle-aged-man-spending-time-jail-1-2048x1365.jpg 2048w, https:\/\/cj.estrategia.com\/portal\/wp-content\/uploads\/2024\/11\/13145724\/middle-aged-man-spending-time-jail-1-380x253.jpg 380w, https:\/\/cj.estrategia.com\/portal\/wp-content\/uploads\/2024\/11\/13145724\/middle-aged-man-spending-time-jail-1-800x533.jpg 800w, https:\/\/cj.estrategia.com\/portal\/wp-content\/uploads\/2024\/11\/13145724\/middle-aged-man-spending-time-jail-1-1160x773.jpg 1160w, https:\/\/cj.estrategia.com\/portal\/wp-content\/uploads\/2024\/11\/13145724\/middle-aged-man-spending-time-jail-1-150x100.jpg 150w, https:\/\/cj.estrategia.com\/portal\/wp-content\/uploads\/2024\/11\/13145724\/middle-aged-man-spending-time-jail-1-scaled.jpg 2560w\" sizes=\"(max-width: 1024px) 100vw, 1024px\" \/><\/figure>\n\n\n\n<p>Imagine a seguinte situa\u00e7\u00e3o hipot\u00e9tica:\u00a0<\/p>\n\n\n\n<p>Jo\u00e3o \u00e9 preso em flagrante, acusado de um crime classificado como hediondo.<\/p>\n\n\n\n<p>Professor, mais quais s\u00e3o os crimes hediondos? Vamos a exemplos\u2026<\/p>\n\n\n\n<p>Homic\u00eddio qualificado; Latroc\u00ednio (roubo seguido de morte)<\/p>\n\n\n\n<p>Extors\u00e3o qualificada pela morte; Estupro e estupro de vulner\u00e1vel (\u2026)<\/p>\n\n\n\n<p>Como acontece hoje? Se Jo\u00e3o \u00e9 preso, atualmente, ele \u00e9 levado a uma audi\u00eancia de cust\u00f3dia dentro de 24 horas.\u00a0<\/p>\n\n\n\n<h2 class=\"wp-block-heading\" id=\"h-qual-o-objetivo-da-audiencia-de-custodia\" style=\"font-style:normal;font-weight:400\"><span id=\"qual-o-objetivo-da-audiencia-de-custodia\"><strong>Qual o objetivo da audi\u00eancia de cust\u00f3dia?<\/strong><\/span><\/h2>\n\n\n\n<p><strong><mark style=\"background-color:rgba(0, 0, 0, 0)\" class=\"has-inline-color has-vivid-red-color\">Audi\u00eancia de cust\u00f3dia consiste\u2026<\/mark><\/strong><\/p>\n\n\n\n<div class=\"wp-block-group is-style-cnvs-block-bordered has-background\" style=\"background-color:#edf8ff\"><div class=\"wp-block-group__inner-container is-layout-constrained wp-block-group-is-layout-constrained\">\n<ul class=\"is-style-cnvs-list-styled-positive wp-block-list\">\n<li>no direito que a pessoa presa possui<\/li>\n\n\n\n<li>de ser conduzida (levada),<\/li>\n\n\n\n<li>sem demora (CPP adotou o m\u00e1ximo de 24h),<\/li>\n\n\n\n<li>\u00e0 presen\u00e7a de uma autoridade judicial (magistrado)<\/li>\n\n\n\n<li>que ir\u00e1 analisar se os direitos fundamentais dessa pessoa foram respeitados (ex: se n\u00e3o houve tortura)<\/li>\n\n\n\n<li>se a pris\u00e3o em flagrante foi legal ou se deve ser relaxada (art. 310, I, do CPP)<\/li>\n\n\n\n<li>e se a pris\u00e3o cautelar (antes do tr\u00e2nsito em julgado) deve ser decretada (art. 310, II) ou se o preso poder\u00e1 receber a liberdade provis\u00f3ria (art. 310, III) ou medida cautelar diversa da pris\u00e3o (art. 319).<\/li>\n<\/ul>\n<\/div><\/div>\n\n\n\n<p>A audi\u00eancia de cust\u00f3dia \u00e9 prevista na Conven\u00e7\u00e3o Americana de Direitos Humanos (CADH), que ficou conhecida como \u201cPacto de San Jose da Costa Rica\u201d, promulgada no Brasil pelo Decreto 678\/92.<\/p>\n\n\n\n<p>Veja o que diz o artigo 7\u00ba, item 5, da Conven\u00e7\u00e3o:<\/p>\n\n\n\n<pre class=\"wp-block-preformatted\">Artigo 7\u00ba - Direito \u00e0 liberdade pessoal\n\n(...)\n5. Toda pessoa presa, detida ou retida deve ser conduzida, sem demora, \u00e0 presen\u00e7a de um juiz ou outra autoridade autorizada por lei a exercer fun\u00e7\u00f5es judiciais (...)<\/pre>\n\n\n\n<p>Ent\u00e3o, em s\u00edntese, na audi\u00eancia, um juiz analisa cuidadosamente o caso, levando em conta as circunst\u00e2ncias do crime, o hist\u00f3rico de Jo\u00e3o e os requisitos legais da pris\u00e3o preventiva\u2026\u00a0<\/p>\n\n\n\n<p>Logo, com base nessa an\u00e1lise, o juiz decide se a pris\u00e3o deve ser mantida ou n\u00e3o, considerando as peculiaridades do caso.<\/p>\n\n\n\n<p>No entanto, se o Projeto de Lei 714\/2023 for aprovado, essa an\u00e1lise individualizada n\u00e3o ser\u00e1 mais necess\u00e1ria, porque ela ser\u00e1 eliminada.\u00a0<\/p>\n\n\n\n<p>Isto porque, a pris\u00e3o preventiva <strong>seria decretada automaticamente, sem avalia\u00e7\u00e3o das particularidades do caso, bastando que o crime se enquadre nos crit\u00e9rios do PL<\/strong>.\u00a0<\/p>\n\n\n\n<p>Dessa forma, o PL tem provocado debates sobre sua constitucionalidade, especialmente ap\u00f3s a C\u00e2mara dos Deputados aprov\u00e1-la em regime de urg\u00eancia.<\/p>\n\n\n\n<p>E eis ent\u00e3o, a nossa an\u00e1lise aqui no blog.<\/p>\n\n\n\n<h2 class=\"wp-block-heading\" id=\"h-o-que-em-sintese-consiste-a-proposta\" style=\"font-style:normal;font-weight:400\"><span id=\"o-que-em-sintese-consiste-a-proposta\"><strong>O que em s\u00edntese consiste a proposta?<\/strong><\/span><\/h2>\n\n\n\n<p>Em s\u00edntese, a lei visa modificar o artigo 310 do C\u00f3digo de Processo Penal, <strong>tornando obrigat\u00f3ria a decreta\u00e7\u00e3o de pris\u00e3o preventiva na audi\u00eancia de cust\u00f3dia n\u00e3o s\u00f3 para crimes hediondos, mas tamb\u00e9m para casos de roubo, associa\u00e7\u00e3o criminosa qualificada e reincid\u00eancia criminal.<\/strong>\u00a0<\/p>\n\n\n\n<p>Al\u00e9m disso, prop\u00f5e <strong>ampliar o prazo da audi\u00eancia de cust\u00f3dia de 24 para 72 horas,<\/strong> o que afeta a agilidade de resposta do sistema de justi\u00e7a em casos de pris\u00e3o em flagrante.<\/p>\n\n\n\n<div class=\"wp-block-group is-style-cnvs-block-bordered has-background\" style=\"background-color:#edf8ff\"><div class=\"wp-block-group__inner-container is-layout-constrained wp-block-group-is-layout-constrained\">\n<p class=\"has-text-align-center\"><strong><em>Ok, mas quais s\u00e3o as teses em confronto?<\/em><\/strong><\/p>\n<\/div><\/div>\n\n\n\n<p>Para tanto levamos em conta as manifesta\u00e7\u00f5es dos <a href=\"https:\/\/www.conjur.com.br\/2024-nov-11\/pl-que-torna-prisao-preventiva-automatica-para-crimes-hediondos-contraria-stf\/\">especialistas<\/a> e do pensamento da jurisprud\u00eancia do STF.<\/p>\n\n\n\n<h2 class=\"wp-block-heading\" id=\"h-defensores-do-projeto-pela-constitucionalidade-da-prisao-automatica\" style=\"font-style:normal;font-weight:400\"><span id=\"defensores-do-projeto-pela-constitucionalidade-da-prisao-automatica\"><strong>Defensores do projeto \u2013 pela constitucionalidade da pris\u00e3o autom\u00e1tica<\/strong><\/span><\/h2>\n\n\n\n<ol class=\"wp-block-list\">\n<li><\/li>\n<\/ol>\n\n\n\n<p>O relator do projeto, deputado Kim Kataguiri (Uni\u00e3o-SP), estruturou sua argumenta\u00e7\u00e3o em <strong><mark style=\"background-color:rgba(0, 0, 0, 0);color:#02a926\" class=\"has-inline-color\">tr\u00eas ideias centrais:<\/mark><\/strong><\/p>\n\n\n\n<div class=\"wp-block-group is-style-cnvs-block-bordered\"><div class=\"wp-block-group__inner-container is-layout-constrained wp-block-group-is-layout-constrained\">\n<ol class=\"is-style-cnvs-list-styled-positive wp-block-list\">\n<li><strong>Melhor prote\u00e7\u00e3o \u00e0 seguran\u00e7a:<\/strong><br><br>A liberdade provis\u00f3ria \u00e9 negada em poucos casos; se a pessoa for solta isso comprometeria a seguran\u00e7a p\u00fablica e no fim, h\u00e1 uma dificuldade de elucida\u00e7\u00e3o de crimes<\/li>\n\n\n\n<li><strong>Aumento do tempo da audi\u00eancia:<\/strong><br><br>Amplia\u00e7\u00e3o do prazo da audi\u00eancia de cust\u00f3dia de 24 para 72 horas significaria maior tempo para an\u00e1lise policial\u00a0<\/li>\n\n\n\n<li><strong>3) Clamor social:<\/strong><br><br>Argumenta que a sociedade clama por maior rigor penal e pelo combate da sensa\u00e7\u00e3o de impunidade com solturas r\u00e1pidas<\/li>\n<\/ol>\n<\/div><\/div>\n\n\n\n<h2 class=\"wp-block-heading\" id=\"h-opositores-ao-projeto-pela-inconstitucionalidade-da-prisao-automatica\" style=\"font-style:normal;font-weight:400\"><span id=\"opositores-ao-projeto-pela-inconstitucionalidade-da-prisao-automatica\"><strong>Opositores ao projeto \u2013 pela inconstitucionalidade da pris\u00e3o autom\u00e1tica<\/strong><\/span><\/h2>\n\n\n\n<div class=\"wp-block-group is-style-cnvs-block-bordered\"><div class=\"wp-block-group__inner-container is-layout-constrained wp-block-group-is-layout-constrained\">\n<ol class=\"is-style-cnvs-list-styled-positive wp-block-list\">\n<li><strong>Haveria viola\u00e7\u00e3o \u00e0 presun\u00e7\u00e3o de inoc\u00eancia:<\/strong><br><br>Conforme not\u00edcia da CONJUR, Pierpaolo Cruz Bottini, professor da USP, aponta que pris\u00e3o preventiva autom\u00e1tica, sem fundamentos concretos, configura antecipa\u00e7\u00e3o de pena, o que seria expressamente vedada pela Constitui\u00e7\u00e3o Federal.<\/li>\n\n\n\n<li><strong>Haveria uma ofensa ao devido processo legal:<\/strong><br><br>Segundo a not\u00edcia da CONJUR, o professor Aury Lopes Jr., destaca tr\u00eas pontos fundamentais contr\u00e1rios ao projeto:\u00a0 <br><br>\u2013 que a pris\u00e3o preventiva exige necessidade concreta;\u00a0<br>\u2013 que a pris\u00e3o sem necessidade n\u00e3o \u00e9 cautelar e por fim,\u00a0<br>\u2013 que axecu\u00e7\u00e3o antecipada da pena \u00e9 inconstitucional<br><br>Assim, aprovar o projeto seria atentar frontalmente contra os princ\u00edpios fundamentais da individualiza\u00e7\u00e3o da pena.<\/li>\n\n\n\n<li><strong>Suposta contrariedade \u00e0 jurisprud\u00eancia do STF:<\/strong><\/li>\n<\/ol>\n\n\n\n<ul class=\"wp-block-list\">\n<li><\/li>\n<\/ul>\n\n\n\n<ul class=\"is-style-cnvs-list-styled-positive wp-block-list\">\n<li><\/li>\n<\/ul>\n\n\n\n<ol class=\"wp-block-list\">\n<li><\/li>\n<\/ol>\n\n\n\n<p>De in\u00edcio, vale salientar que em 2006, o STF ao analisar a Lei dos Crimes Hediondo na ocasi\u00e3o do julgamento do HC 82.959, declarou a inconstitucionalidade do \u00a71\u00ba do art. 2\u00ba da Lei 8.072\/1990, que estabelecia o cumprimento integral da pena em regime fechado.\u00a0<\/p>\n\n\n\n<p>Isto \u00e9, a partir desta decis\u00e3o, consolidou-se o entendimento de que disposi\u00e7\u00f5es autom\u00e1ticas em mat\u00e9ria penal violam frontalmente o princ\u00edpio constitucional da individualiza\u00e7\u00e3o da pena.<\/p>\n\n\n\n<p>Inclusive, este entendimento foi posteriormente refor\u00e7ado em 2007, quando o STF, ao julgar a ADI 3.112, enfrentou a quest\u00e3o da veda\u00e7\u00e3o abstrata \u00e0 liberdade provis\u00f3ria prevista no Estatuto do Desarmamento.\u00a0<\/p>\n\n\n\n<p>Ou seja, n\u00e3o havia previs\u00e3o de liberdade provis\u00f3ria que foi declarado inconstitucional.<\/p>\n\n\n\n<p>Dessa vez, o STF n\u00e3o apenas reafirmou sua posi\u00e7\u00e3o contr\u00e1ria aos automatismos penais, mas tamb\u00e9m <strong>estabeleceu uma conex\u00e3o direta entre a necessidade de an\u00e1lise individualizada e os princ\u00edpios da presun\u00e7\u00e3o de inoc\u00eancia e do devido processo legal.\u00a0<\/strong><\/p>\n\n\n\n<p>Por fim, em 2017, com o julgamento do ARE 1.052.700, que resultou na Tese de Repercuss\u00e3o Geral 972, o STF foi al\u00e9m da mera declara\u00e7\u00e3o de inconstitucionalidade do regime inicial fechado autom\u00e1tico, de maneira mais abrangente sobre <strong>a incompatibilidade de qualquer automatismo penal com o sistema constitucional brasileiro<\/strong>.\u00a0<\/p>\n<\/div><\/div>\n\n\n\n<div class=\"wp-block-group is-style-cnvs-block-bordered has-background\" style=\"background-color:#edf8ff\"><div class=\"wp-block-group__inner-container is-layout-constrained wp-block-group-is-layout-constrained\">\n<p><strong>Em outras palavras, a tese firmada estabeleceu definitivamente que a fixa\u00e7\u00e3o de regime prisional deve sempre observar os par\u00e2metros individualizados previstos no art. 33 do C\u00f3digo Penal.<\/strong><\/p>\n<\/div><\/div>\n\n\n\n<h2 class=\"wp-block-heading\" id=\"h-e-qual-foi-os-pilares-da-decisao-do-stf\" style=\"font-style:normal;font-weight:400\"><span id=\"e-qual-foi-os-pilares-da-decisao-do-stf\"><strong>E qual foi os pilares da decis\u00e3o do STF?<\/strong><\/span><\/h2>\n\n\n\n<p>De in\u00edcio, o <strong>primeiro<\/strong> \u00e9 a <mark style=\"background-color:#edf8ff\" class=\"has-inline-color has-black-color\"><strong>presun\u00e7\u00e3o de inoc\u00eancia<\/strong><\/mark>, prevista no art. 5\u00ba, LVII da Constitui\u00e7\u00e3o, que impede que qualquer pessoa seja considerada culpada antes do tr\u00e2nsito em julgado da senten\u00e7a penal condenat\u00f3ria.\u00a0<\/p>\n\n\n\n<p>Depois, o <strong>segundo pilar<\/strong> \u00e9 a<mark style=\"background-color:#edf8ff\" class=\"has-inline-color\"> <strong>individualiza\u00e7\u00e3o da pena<\/strong><\/mark>, garantia fundamental estabelecida no art. 5\u00ba, XLVI, que exige a an\u00e1lise pormenorizada das circunst\u00e2ncias de cada caso concreto.\u00a0<\/p>\n\n\n\n<p>Por fim, o <mark style=\"background-color:#edf8ff\" class=\"has-inline-color\"><strong>devido processo legal<\/strong>,<\/mark> consagrado no art. 5\u00ba, LIV, que assegura a necessidade de um procedimento adequado e com garantias plenas de defesa antes de qualquer restri\u00e7\u00e3o \u00e0 liberdade.<\/p>\n\n\n\n<h2 class=\"wp-block-heading\" id=\"h-como-o-tema-ja-caiu-em-concursos-prisao-automatica\" style=\"font-style:normal;font-weight:400\"><span id=\"como-o-tema-ja-caiu-em-concursos-prisao-automatica\"><strong>Como o tema j\u00e1 caiu em concursos<\/strong> <mark style=\"background-color:rgba(0, 0, 0, 0)\" class=\"has-inline-color has-white-color\">Pris\u00e3o autom\u00e1tica<\/mark><\/span><\/h2>\n\n\n\n<div class=\"wp-block-group is-style-cnvs-block-bordered\"><div class=\"wp-block-group__inner-container is-layout-constrained wp-block-group-is-layout-constrained\">\n<p>\u00a0<a href=\"https:\/\/www.qconcursos.com\/questoes-de-concursos\/provas\/cespe-2019-tj-am-analista-judiciario-direito\"><strong>CESPE \u2013 2019 \u2013 TJ-AM \u2013 Analista Judici\u00e1rio \u2013 Direito<\/strong><\/a><\/p>\n\n\n\n<p>J\u00fania, de quatorze anos de idade, acusa Pierre, de dezoito anos de idade, de ter praticado crime de natureza sexual consistente em conjun\u00e7\u00e3o carnal for\u00e7ada no dia do \u00faltimo anivers\u00e1rio da jovem. Pierre, contudo, alega que o ato sexual foi consentido.<\/p>\n\n\n\n<p>A respeito dessa situa\u00e7\u00e3o hipot\u00e9tica, julgue o item a seguir, tendo como refer\u00eancia aspectos legais e jurisprudenciais a ela relacionados.<\/p>\n\n\n\n<p>Se Pierre for condenado por estupro, o regime de cumprimento de pena ser\u00e1 integralmente fechado, por se tratar de crime hediondo <strong><mark style=\"background-color:rgba(0, 0, 0, 0)\" class=\"has-inline-color has-vivid-red-color\">(Errado)<\/mark><\/strong><\/p>\n\n\n\n<p><strong>TRF \u2013 4\u00aa REGI\u00c3O \u2013 2012 \u2013 TRF \u2013 4\u00aa REGI\u00c3O \u2013 Juiz Federal\u00a0<\/strong><\/p>\n\n\n\n<p>De acordo com o entendimento do Supremo Tribunal Federal, \u00e9 inconstitucional o artigo 2\u00ba, \u00a7 1\u00ba, da Lei n\u00ba 8.072\/1990 (Lei dos Crimes Hediondos), que determina o cumprimento da pena em regime integralmente fechado, competindo ao juiz da condena\u00e7\u00e3o analisar os requisitos objetivos e subjetivos previstos na Lei de Execu\u00e7\u00f5es Penais quanto \u00e0 possibilidade de progress\u00e3o para regime menos severo, ainda que de forma superveniente ao tr\u00e2nsito em julgado da senten\u00e7a penal condenat\u00f3ria <strong><mark style=\"background-color:rgba(0, 0, 0, 0)\" class=\"has-inline-color has-vivid-red-color\">(Errado)<\/mark><\/strong><br><br><\/p>\n<\/div><\/div>\n\n\n\n<p>Fato \u00e9 que, isso cair\u00e1 em provas. Ou melhor, a discuss\u00e3o em sua profundidade \u00e9 terma de quest\u00f5es objetivas, discursivas e de prova oral. Fique ligado!<\/p>\n\n\n\n<p class=\"has-text-align-center\" style=\"font-size:26px\"><strong>Quer estudar para Concursos de Direito?<\/strong><\/p>\n\n\n\n<p class=\"has-text-align-center\">Confira nossos\u00a0<a href=\"https:\/\/cj.estrategia.com\/portal\/\" target=\"_blank\" >artigos para Carreiras Jur\u00eddicas<\/a>!<\/p>\n\n\n\n<p class=\"has-text-align-center has-white-color has-pale-cyan-blue-background-color has-text-color has-background has-link-color wp-elements-1452b92fd003dcb03b27128cfbd399ee\"><a href=\"https:\/\/www.estrategiaconcursos.com.br\/blog\/concursos-abertos\/\" target=\"_blank\" ><strong>Confira os concursos p\u00fablicos abertos<\/strong><\/a><\/p>\n\n\n\n<p class=\"has-text-align-center has-white-color has-pale-cyan-blue-background-color has-text-color has-background has-link-color wp-elements-4342691eed34cfab132bf084a4b5a528\"><a href=\"https:\/\/cj.estrategia.com\/portal\/concursos-2025-carreiras-juridicas\/\" target=\"_blank\" ><strong>Concursos 2025<\/strong><\/a><\/p>\n\n\n\n<p>O Estrat\u00e9gia Carreira Jur\u00eddica \u00e9 campe\u00e3o de aprova\u00e7\u00f5es nos concursos para Carreiras Jur\u00eddicas com um corpo docente qualificado e materiais completos. Conhe\u00e7a nossos cursos e garanta sua aprova\u00e7\u00e3o:<\/p>\n\n\n\n<div class=\"wp-block-cover\" style=\"min-height:155px;aspect-ratio:unset;\"><img decoding=\"async\" width=\"1890\" height=\"351\" class=\"wp-block-cover__image-background wp-image-8669\" alt=\"Assinaturas Jur\u00eddicas\" src=\"https:\/\/cj.estrategia.com\/portal\/wp-content\/uploads\/2022\/06\/20151253\/concurso-carreiras-juridicas-assinatura-juridica.jpg\" style=\"object-position:78% 43%\" data-object-fit=\"cover\" data-object-position=\"78% 43%\" srcset=\"https:\/\/cj.estrategia.com\/portal\/wp-content\/uploads\/2022\/06\/20151253\/concurso-carreiras-juridicas-assinatura-juridica.jpg 1890w, https:\/\/cj.estrategia.com\/portal\/wp-content\/uploads\/2022\/06\/20151253\/concurso-carreiras-juridicas-assinatura-juridica-300x56.jpg 300w, https:\/\/cj.estrategia.com\/portal\/wp-content\/uploads\/2022\/06\/20151253\/concurso-carreiras-juridicas-assinatura-juridica-1024x190.jpg 1024w, https:\/\/cj.estrategia.com\/portal\/wp-content\/uploads\/2022\/06\/20151253\/concurso-carreiras-juridicas-assinatura-juridica-768x143.jpg 768w, https:\/\/cj.estrategia.com\/portal\/wp-content\/uploads\/2022\/06\/20151253\/concurso-carreiras-juridicas-assinatura-juridica-1536x285.jpg 1536w, https:\/\/cj.estrategia.com\/portal\/wp-content\/uploads\/2022\/06\/20151253\/concurso-carreiras-juridicas-assinatura-juridica-380x71.jpg 380w, https:\/\/cj.estrategia.com\/portal\/wp-content\/uploads\/2022\/06\/20151253\/concurso-carreiras-juridicas-assinatura-juridica-800x149.jpg 800w, https:\/\/cj.estrategia.com\/portal\/wp-content\/uploads\/2022\/06\/20151253\/concurso-carreiras-juridicas-assinatura-juridica-1160x215.jpg 1160w\" sizes=\"(max-width: 1890px) 100vw, 1890px\" \/><span aria-hidden=\"true\" class=\"wp-block-cover__background has-background-dim\"><\/span><div class=\"wp-block-cover__inner-container is-layout-flow wp-block-cover-is-layout-flow\">\n<h3 id=\"faca-a-sua-assinatura\" class=\"titulo-assinatura\"><span style=\"color: #ffffff;\">Fa\u00e7a a sua assinatura!<\/span><\/h3>\n<p class=\"subtitulo-assinatura\" style=\"display:block!important; line-height: 0;\"><span style=\"color: #ffffff;\">Escolha a sua \u00e1rea.<\/span><\/p>\n<a target=\"_blank\" href=\"https:\/\/www.estrategiaconcursos.com.br\/assinaturas-ecj\/\" rel=\"noopener\"><button style=\"border-radius: 10px; text-transform: capitalize;\">Acessar<\/button><\/a>\n<\/div><\/div>\n\n\n\n<div id=\"boxes\" class=\"container\">\n<div class=\"row\">\n<div class=\"col-sm\">\n<div id=\"box-assinatura\" class=\"banner-estrategia-concursos-juridicos\">\n<h3 id=\"curso-para-carreiras-juridicas\" class=\"titulo-assinatura\"><span style=\"color: #ffffff; font-size: 23px; \">Curso para Carreiras Jur\u00eddicas<\/span><\/h3>\n<p class=\"subtitulo-assinatura\">Cursos focados no edital do concurso<\/p>\n<div class=\"box-botao\"><a class=\"btn-assinatura-juridica\" role=\"button\" href=\"https:\/\/cj.estrategia.com\/cursos\/\" target=\"_blank\" rel=\"noopener noreferrer\">Conhe\u00e7a mais<\/a><\/div>\n<\/div>\n<p class=\"texto-auxiliar\">Prepare-se com o melhor material e com quem mais aprova em concursos em todo o pa\u00eds.<\/p>\n<\/div>\n<\/div>\n<\/div>\n","protected":false},"excerpt":{"rendered":"An\u00e1lise sobre a constitucionalidade da pris\u00e3o preventiva autom\u00e1tica em crimes hediondos proposta pelo Projeto de Lei 714\/2023. Imagine&hellip;\n","protected":false},"author":93,"featured_media":83755,"comment_status":"open","ping_status":"open","sticky":false,"template":"","format":"standard","meta":{"_jetpack_memberships_contains_paid_content":false,"footnotes":""},"categories":[1],"tags":[336,1414,1413,1030,134],"tax_estado":[30,31,32,33,34,35,36,37,38,39,40,41,42,43,44,45,46,47,48,49,50,51,52,53,54,55,56,57],"class_list":{"0":"post-83738","1":"post","2":"type-post","3":"status-publish","4":"format-standard","5":"has-post-thumbnail","7":"category-carreiras-juridicas","8":"tag-analise-juridica","9":"tag-crimes-hediondos","10":"tag-pl-714-2023","11":"tag-prisao-preventiva","12":"tag-stf","13":"tax_estado-ac","14":"tax_estado-al","15":"tax_estado-am","16":"tax_estado-ap","17":"tax_estado-ba","18":"tax_estado-ce","19":"tax_estado-concursos-federais","20":"tax_estado-df","21":"tax_estado-es","22":"tax_estado-go","23":"tax_estado-ma","24":"tax_estado-mg","25":"tax_estado-ms","26":"tax_estado-mt","27":"tax_estado-pa","28":"tax_estado-pb","29":"tax_estado-pe","30":"tax_estado-pi","31":"tax_estado-pr","32":"tax_estado-rj","33":"tax_estado-rn","34":"tax_estado-ro","35":"tax_estado-rr","36":"tax_estado-rs","37":"tax_estado-sc","38":"tax_estado-se","39":"tax_estado-sp","40":"tax_estado-to"},"acf":[],"yoast_head":"<!-- This site is optimized with the Yoast SEO Premium plugin v27.5 (Yoast SEO v27.5) - https:\/\/yoast.com\/product\/yoast-seo-premium-wordpress\/ -->\n<title>Pris\u00e3o autom\u00e1tica em crimes hediondos<\/title>\n<meta name=\"description\" content=\"An\u00e1lise sobre a constitucionalidade da pris\u00e3o preventiva autom\u00e1tica em crimes hediondos proposta pelo Projeto de Lei 714\/2023.\" \/>\n<meta name=\"robots\" content=\"index, follow, max-snippet:-1, max-image-preview:large, max-video-preview:-1\" \/>\n<link rel=\"canonical\" href=\"https:\/\/cj.estrategia.com\/portal\/prisao-preventiva-automatica-crimes-hediondos\/\" \/>\n<meta property=\"og:locale\" content=\"pt_BR\" \/>\n<meta property=\"og:type\" content=\"article\" \/>\n<meta property=\"og:title\" content=\"PL 714\/2023: Pris\u00e3o preventiva autom\u00e1tica em crimes hediondos \u00e9 constitucional?\" \/>\n<meta property=\"og:description\" content=\"An\u00e1lise sobre a constitucionalidade da pris\u00e3o preventiva autom\u00e1tica em crimes hediondos proposta pelo Projeto de Lei 714\/2023.\" \/>\n<meta property=\"og:url\" content=\"https:\/\/cj.estrategia.com\/portal\/prisao-preventiva-automatica-crimes-hediondos\/\" \/>\n<meta property=\"og:site_name\" content=\"Blog - Carreiras Jur\u00eddicas - Estrat\u00e9gia\" \/>\n<meta property=\"article:publisher\" content=\"https:\/\/www.facebook.com\/estrategiacarreirajuridica\/\" \/>\n<meta property=\"article:published_time\" content=\"2024-11-13T19:28:29+00:00\" \/>\n<meta property=\"article:modified_time\" content=\"2024-12-01T20:23:11+00:00\" \/>\n<meta property=\"og:image\" content=\"https:\/\/cj.estrategia.com\/portal\/wp-content\/uploads\/2024\/11\/13145724\/middle-aged-man-spending-time-jail-1-scaled.jpg\" \/>\n\t<meta property=\"og:image:width\" content=\"2560\" \/>\n\t<meta property=\"og:image:height\" content=\"1707\" \/>\n\t<meta property=\"og:image:type\" content=\"image\/jpeg\" \/>\n<meta name=\"author\" content=\"Felipe Duque\" \/>\n<meta name=\"twitter:card\" content=\"summary_large_image\" \/>\n<meta name=\"twitter:creator\" content=\"@https:\/\/x.com\/ProfessorDuque\" \/>\n<meta name=\"twitter:site\" content=\"@EstratJuridica\" \/>\n<meta name=\"twitter:label1\" content=\"Escrito por\" \/>\n\t<meta name=\"twitter:data1\" content=\"Felipe Duque\" \/>\n\t<meta name=\"twitter:label2\" content=\"Est. tempo de leitura\" \/>\n\t<meta name=\"twitter:data2\" content=\"8 minutos\" \/>\n<script type=\"application\/ld+json\" class=\"yoast-schema-graph\">{\"@context\":\"https:\\\/\\\/schema.org\",\"@graph\":[{\"@type\":\"NewsArticle\",\"@id\":\"https:\\\/\\\/cj.estrategia.com\\\/portal\\\/prisao-preventiva-automatica-crimes-hediondos\\\/#article\",\"isPartOf\":{\"@id\":\"https:\\\/\\\/cj.estrategia.com\\\/portal\\\/prisao-preventiva-automatica-crimes-hediondos\\\/\"},\"author\":{\"name\":\"Felipe Duque\",\"@id\":\"https:\\\/\\\/cj.estrategia.com\\\/portal\\\/#\\\/schema\\\/person\\\/b5b0253b269d7130d1f7770b1ba29285\"},\"headline\":\"PL 714\\\/2023: Pris\u00e3o preventiva autom\u00e1tica em crimes hediondos \u00e9 constitucional?\",\"datePublished\":\"2024-11-13T19:28:29+00:00\",\"dateModified\":\"2024-12-01T20:23:11+00:00\",\"mainEntityOfPage\":{\"@id\":\"https:\\\/\\\/cj.estrategia.com\\\/portal\\\/prisao-preventiva-automatica-crimes-hediondos\\\/\"},\"wordCount\":1445,\"commentCount\":0,\"publisher\":{\"@id\":\"https:\\\/\\\/cj.estrategia.com\\\/portal\\\/#organization\"},\"image\":{\"@id\":\"https:\\\/\\\/cj.estrategia.com\\\/portal\\\/prisao-preventiva-automatica-crimes-hediondos\\\/#primaryimage\"},\"thumbnailUrl\":\"https:\\\/\\\/cj.estrategia.com\\\/portal\\\/wp-content\\\/uploads\\\/2024\\\/11\\\/13145724\\\/middle-aged-man-spending-time-jail-1-scaled.jpg\",\"keywords\":[\"an\u00e1lise jur\u00eddica\",\"crimes hediondos\",\"PL 714\\\/2023\",\"pris\u00e3o preventiva\",\"STF\"],\"articleSection\":[\"Carreiras Jur\u00eddicas\"],\"inLanguage\":\"pt-BR\",\"potentialAction\":[{\"@type\":\"CommentAction\",\"name\":\"Comment\",\"target\":[\"https:\\\/\\\/cj.estrategia.com\\\/portal\\\/prisao-preventiva-automatica-crimes-hediondos\\\/#respond\"]}]},{\"@type\":\"WebPage\",\"@id\":\"https:\\\/\\\/cj.estrategia.com\\\/portal\\\/prisao-preventiva-automatica-crimes-hediondos\\\/\",\"url\":\"https:\\\/\\\/cj.estrategia.com\\\/portal\\\/prisao-preventiva-automatica-crimes-hediondos\\\/\",\"name\":\"Pris\u00e3o autom\u00e1tica em crimes hediondos\",\"isPartOf\":{\"@id\":\"https:\\\/\\\/cj.estrategia.com\\\/portal\\\/#website\"},\"primaryImageOfPage\":{\"@id\":\"https:\\\/\\\/cj.estrategia.com\\\/portal\\\/prisao-preventiva-automatica-crimes-hediondos\\\/#primaryimage\"},\"image\":{\"@id\":\"https:\\\/\\\/cj.estrategia.com\\\/portal\\\/prisao-preventiva-automatica-crimes-hediondos\\\/#primaryimage\"},\"thumbnailUrl\":\"https:\\\/\\\/cj.estrategia.com\\\/portal\\\/wp-content\\\/uploads\\\/2024\\\/11\\\/13145724\\\/middle-aged-man-spending-time-jail-1-scaled.jpg\",\"datePublished\":\"2024-11-13T19:28:29+00:00\",\"dateModified\":\"2024-12-01T20:23:11+00:00\",\"description\":\"An\u00e1lise sobre a constitucionalidade da pris\u00e3o preventiva autom\u00e1tica em crimes hediondos proposta pelo Projeto de Lei 714\\\/2023.\",\"breadcrumb\":{\"@id\":\"https:\\\/\\\/cj.estrategia.com\\\/portal\\\/prisao-preventiva-automatica-crimes-hediondos\\\/#breadcrumb\"},\"inLanguage\":\"pt-BR\",\"potentialAction\":[{\"@type\":\"ReadAction\",\"target\":[\"https:\\\/\\\/cj.estrategia.com\\\/portal\\\/prisao-preventiva-automatica-crimes-hediondos\\\/\"]}]},{\"@type\":\"ImageObject\",\"inLanguage\":\"pt-BR\",\"@id\":\"https:\\\/\\\/cj.estrategia.com\\\/portal\\\/prisao-preventiva-automatica-crimes-hediondos\\\/#primaryimage\",\"url\":\"https:\\\/\\\/cj.estrategia.com\\\/portal\\\/wp-content\\\/uploads\\\/2024\\\/11\\\/13145724\\\/middle-aged-man-spending-time-jail-1-scaled.jpg\",\"contentUrl\":\"https:\\\/\\\/cj.estrategia.com\\\/portal\\\/wp-content\\\/uploads\\\/2024\\\/11\\\/13145724\\\/middle-aged-man-spending-time-jail-1-scaled.jpg\",\"width\":2560,\"height\":1707},{\"@type\":\"BreadcrumbList\",\"@id\":\"https:\\\/\\\/cj.estrategia.com\\\/portal\\\/prisao-preventiva-automatica-crimes-hediondos\\\/#breadcrumb\",\"itemListElement\":[{\"@type\":\"ListItem\",\"position\":1,\"name\":\"In\u00edcio\",\"item\":\"https:\\\/\\\/cj.estrategia.com\\\/portal\\\/\"},{\"@type\":\"ListItem\",\"position\":2,\"name\":\"PL 714\\\/2023: Pris\u00e3o preventiva autom\u00e1tica em crimes hediondos \u00e9 constitucional?\"}]},{\"@type\":\"WebSite\",\"@id\":\"https:\\\/\\\/cj.estrategia.com\\\/portal\\\/#website\",\"url\":\"https:\\\/\\\/cj.estrategia.com\\\/portal\\\/\",\"name\":\"Blog - Carreiras Jur\u00eddicas - Estrat\u00e9gia\",\"description\":\"\",\"publisher\":{\"@id\":\"https:\\\/\\\/cj.estrategia.com\\\/portal\\\/#organization\"},\"potentialAction\":[{\"@type\":\"SearchAction\",\"target\":{\"@type\":\"EntryPoint\",\"urlTemplate\":\"https:\\\/\\\/cj.estrategia.com\\\/portal\\\/?s={search_term_string}\"},\"query-input\":{\"@type\":\"PropertyValueSpecification\",\"valueRequired\":true,\"valueName\":\"search_term_string\"}}],\"inLanguage\":\"pt-BR\"},{\"@type\":\"Organization\",\"@id\":\"https:\\\/\\\/cj.estrategia.com\\\/portal\\\/#organization\",\"name\":\"Estrat\u00e9gia - Carreiras Jur\u00eddicas\",\"url\":\"https:\\\/\\\/cj.estrategia.com\\\/portal\\\/\",\"logo\":{\"@type\":\"ImageObject\",\"inLanguage\":\"pt-BR\",\"@id\":\"https:\\\/\\\/cj.estrategia.com\\\/portal\\\/#\\\/schema\\\/logo\\\/image\\\/\",\"url\":\"https:\\\/\\\/cj.estrategia.com\\\/portal\\\/wp-content\\\/uploads\\\/2022\\\/03\\\/11151052\\\/cj-logo.png\",\"contentUrl\":\"https:\\\/\\\/cj.estrategia.com\\\/portal\\\/wp-content\\\/uploads\\\/2022\\\/03\\\/11151052\\\/cj-logo.png\",\"width\":150,\"height\":39,\"caption\":\"Estrat\u00e9gia - Carreiras Jur\u00eddicas\"},\"image\":{\"@id\":\"https:\\\/\\\/cj.estrategia.com\\\/portal\\\/#\\\/schema\\\/logo\\\/image\\\/\"},\"sameAs\":[\"https:\\\/\\\/www.facebook.com\\\/estrategiacarreirajuridica\\\/\",\"https:\\\/\\\/x.com\\\/EstratJuridica\",\"https:\\\/\\\/www.instagram.com\\\/estrategiacarreirajuridica\\\/\",\"https:\\\/\\\/www.youtube.com\\\/channel\\\/UClbMGuYbj2Mh1m3w144ETWQ\"]},{\"@type\":\"Person\",\"@id\":\"https:\\\/\\\/cj.estrategia.com\\\/portal\\\/#\\\/schema\\\/person\\\/b5b0253b269d7130d1f7770b1ba29285\",\"name\":\"Felipe Duque\",\"image\":{\"@type\":\"ImageObject\",\"inLanguage\":\"pt-BR\",\"@id\":\"https:\\\/\\\/cj.estrategia.com\\\/portal\\\/wp-content\\\/uploads\\\/2024\\\/08\\\/06162009\\\/Captura-de-Tela-2024-08-06-as-16.19.26-96x96.png\",\"url\":\"https:\\\/\\\/cj.estrategia.com\\\/portal\\\/wp-content\\\/uploads\\\/2024\\\/08\\\/06162009\\\/Captura-de-Tela-2024-08-06-as-16.19.26-96x96.png\",\"contentUrl\":\"https:\\\/\\\/cj.estrategia.com\\\/portal\\\/wp-content\\\/uploads\\\/2024\\\/08\\\/06162009\\\/Captura-de-Tela-2024-08-06-as-16.19.26-96x96.png\",\"caption\":\"Felipe Duque\"},\"description\":\"Felipe Duque - Mestre em Direito Pol\u00edtico e Econ\u00f4mico na Mackenzie-SP. Graduado em Direito pela Universidade Cat\u00f3lica de Pernambuco, com conclus\u00e3o pelo regime de Aproveitamento Extraordin\u00e1rio nos Estudos (art. 47, \u00a7 2\u00ba, da Lei n\u00ba 9.394\\\/96). Ex-Assessor de Desembargador no TJPE. Procurador da Fazenda Nacional. Integra voluntariamente a Coordena\u00e7\u00e3o de Assuntos Estrat\u00e9gicos Judiciais da PGFN. Professor do Estrat\u00e9gia Carreira Jur\u00eddica, Estrat\u00e9gia OAB e Buscador Dizer o Direito. Autor do livro \u201cReforma Tribut\u00e1ria Comentada e Esquematizada\u201d, \\\"Manual de Processo Tribut\u00e1rio: Administrativo e Judicial\\\" pela editora Juspodivm Parecerista na Revista de Estudos Jur\u00eddicos do Superior Tribunal de Justi\u00e7a (REJuriSTJ)\",\"sameAs\":[\"http:\\\/\\\/lattes.cnpq.br\\\/5755137268084324\",\"https:\\\/\\\/www.instagram.com\\\/felipe_duque\\\/\",\"https:\\\/\\\/br.linkedin.com\\\/in\\\/felipe-duque-56954638\",\"https:\\\/\\\/x.com\\\/https:\\\/\\\/x.com\\\/ProfessorDuque\",\"https:\\\/\\\/www.youtube.com\\\/@felipeduque-experienciasco5797\"],\"url\":\"https:\\\/\\\/cj.estrategia.com\\\/portal\\\/author\\\/felipe-duque\\\/\"}]}<\/script>\n<!-- \/ Yoast SEO Premium plugin. -->","yoast_head_json":{"title":"Pris\u00e3o autom\u00e1tica em crimes hediondos","description":"An\u00e1lise sobre a constitucionalidade da pris\u00e3o preventiva autom\u00e1tica em crimes hediondos proposta pelo Projeto de Lei 714\/2023.","robots":{"index":"index","follow":"follow","max-snippet":"max-snippet:-1","max-image-preview":"max-image-preview:large","max-video-preview":"max-video-preview:-1"},"canonical":"https:\/\/cj.estrategia.com\/portal\/prisao-preventiva-automatica-crimes-hediondos\/","og_locale":"pt_BR","og_type":"article","og_title":"PL 714\/2023: Pris\u00e3o preventiva autom\u00e1tica em crimes hediondos \u00e9 constitucional?","og_description":"An\u00e1lise sobre a constitucionalidade da pris\u00e3o preventiva autom\u00e1tica em crimes hediondos proposta pelo Projeto de Lei 714\/2023.","og_url":"https:\/\/cj.estrategia.com\/portal\/prisao-preventiva-automatica-crimes-hediondos\/","og_site_name":"Blog - Carreiras Jur\u00eddicas - Estrat\u00e9gia","article_publisher":"https:\/\/www.facebook.com\/estrategiacarreirajuridica\/","article_published_time":"2024-11-13T19:28:29+00:00","article_modified_time":"2024-12-01T20:23:11+00:00","og_image":[{"width":2560,"height":1707,"url":"https:\/\/cj.estrategia.com\/portal\/wp-content\/uploads\/2024\/11\/13145724\/middle-aged-man-spending-time-jail-1-scaled.jpg","type":"image\/jpeg"}],"author":"Felipe Duque","twitter_card":"summary_large_image","twitter_creator":"@https:\/\/x.com\/ProfessorDuque","twitter_site":"@EstratJuridica","twitter_misc":{"Escrito por":"Felipe Duque","Est. tempo de leitura":"8 minutos"},"schema":{"@context":"https:\/\/schema.org","@graph":[{"@type":"NewsArticle","@id":"https:\/\/cj.estrategia.com\/portal\/prisao-preventiva-automatica-crimes-hediondos\/#article","isPartOf":{"@id":"https:\/\/cj.estrategia.com\/portal\/prisao-preventiva-automatica-crimes-hediondos\/"},"author":{"name":"Felipe Duque","@id":"https:\/\/cj.estrategia.com\/portal\/#\/schema\/person\/b5b0253b269d7130d1f7770b1ba29285"},"headline":"PL 714\/2023: Pris\u00e3o preventiva autom\u00e1tica em crimes hediondos \u00e9 constitucional?","datePublished":"2024-11-13T19:28:29+00:00","dateModified":"2024-12-01T20:23:11+00:00","mainEntityOfPage":{"@id":"https:\/\/cj.estrategia.com\/portal\/prisao-preventiva-automatica-crimes-hediondos\/"},"wordCount":1445,"commentCount":0,"publisher":{"@id":"https:\/\/cj.estrategia.com\/portal\/#organization"},"image":{"@id":"https:\/\/cj.estrategia.com\/portal\/prisao-preventiva-automatica-crimes-hediondos\/#primaryimage"},"thumbnailUrl":"https:\/\/cj.estrategia.com\/portal\/wp-content\/uploads\/2024\/11\/13145724\/middle-aged-man-spending-time-jail-1-scaled.jpg","keywords":["an\u00e1lise jur\u00eddica","crimes hediondos","PL 714\/2023","pris\u00e3o preventiva","STF"],"articleSection":["Carreiras Jur\u00eddicas"],"inLanguage":"pt-BR","potentialAction":[{"@type":"CommentAction","name":"Comment","target":["https:\/\/cj.estrategia.com\/portal\/prisao-preventiva-automatica-crimes-hediondos\/#respond"]}]},{"@type":"WebPage","@id":"https:\/\/cj.estrategia.com\/portal\/prisao-preventiva-automatica-crimes-hediondos\/","url":"https:\/\/cj.estrategia.com\/portal\/prisao-preventiva-automatica-crimes-hediondos\/","name":"Pris\u00e3o autom\u00e1tica em crimes hediondos","isPartOf":{"@id":"https:\/\/cj.estrategia.com\/portal\/#website"},"primaryImageOfPage":{"@id":"https:\/\/cj.estrategia.com\/portal\/prisao-preventiva-automatica-crimes-hediondos\/#primaryimage"},"image":{"@id":"https:\/\/cj.estrategia.com\/portal\/prisao-preventiva-automatica-crimes-hediondos\/#primaryimage"},"thumbnailUrl":"https:\/\/cj.estrategia.com\/portal\/wp-content\/uploads\/2024\/11\/13145724\/middle-aged-man-spending-time-jail-1-scaled.jpg","datePublished":"2024-11-13T19:28:29+00:00","dateModified":"2024-12-01T20:23:11+00:00","description":"An\u00e1lise sobre a constitucionalidade da pris\u00e3o preventiva autom\u00e1tica em crimes hediondos proposta pelo Projeto de Lei 714\/2023.","breadcrumb":{"@id":"https:\/\/cj.estrategia.com\/portal\/prisao-preventiva-automatica-crimes-hediondos\/#breadcrumb"},"inLanguage":"pt-BR","potentialAction":[{"@type":"ReadAction","target":["https:\/\/cj.estrategia.com\/portal\/prisao-preventiva-automatica-crimes-hediondos\/"]}]},{"@type":"ImageObject","inLanguage":"pt-BR","@id":"https:\/\/cj.estrategia.com\/portal\/prisao-preventiva-automatica-crimes-hediondos\/#primaryimage","url":"https:\/\/cj.estrategia.com\/portal\/wp-content\/uploads\/2024\/11\/13145724\/middle-aged-man-spending-time-jail-1-scaled.jpg","contentUrl":"https:\/\/cj.estrategia.com\/portal\/wp-content\/uploads\/2024\/11\/13145724\/middle-aged-man-spending-time-jail-1-scaled.jpg","width":2560,"height":1707},{"@type":"BreadcrumbList","@id":"https:\/\/cj.estrategia.com\/portal\/prisao-preventiva-automatica-crimes-hediondos\/#breadcrumb","itemListElement":[{"@type":"ListItem","position":1,"name":"In\u00edcio","item":"https:\/\/cj.estrategia.com\/portal\/"},{"@type":"ListItem","position":2,"name":"PL 714\/2023: Pris\u00e3o preventiva autom\u00e1tica em crimes hediondos \u00e9 constitucional?"}]},{"@type":"WebSite","@id":"https:\/\/cj.estrategia.com\/portal\/#website","url":"https:\/\/cj.estrategia.com\/portal\/","name":"Blog - Carreiras Jur\u00eddicas - Estrat\u00e9gia","description":"","publisher":{"@id":"https:\/\/cj.estrategia.com\/portal\/#organization"},"potentialAction":[{"@type":"SearchAction","target":{"@type":"EntryPoint","urlTemplate":"https:\/\/cj.estrategia.com\/portal\/?s={search_term_string}"},"query-input":{"@type":"PropertyValueSpecification","valueRequired":true,"valueName":"search_term_string"}}],"inLanguage":"pt-BR"},{"@type":"Organization","@id":"https:\/\/cj.estrategia.com\/portal\/#organization","name":"Estrat\u00e9gia - Carreiras Jur\u00eddicas","url":"https:\/\/cj.estrategia.com\/portal\/","logo":{"@type":"ImageObject","inLanguage":"pt-BR","@id":"https:\/\/cj.estrategia.com\/portal\/#\/schema\/logo\/image\/","url":"https:\/\/cj.estrategia.com\/portal\/wp-content\/uploads\/2022\/03\/11151052\/cj-logo.png","contentUrl":"https:\/\/cj.estrategia.com\/portal\/wp-content\/uploads\/2022\/03\/11151052\/cj-logo.png","width":150,"height":39,"caption":"Estrat\u00e9gia - Carreiras Jur\u00eddicas"},"image":{"@id":"https:\/\/cj.estrategia.com\/portal\/#\/schema\/logo\/image\/"},"sameAs":["https:\/\/www.facebook.com\/estrategiacarreirajuridica\/","https:\/\/x.com\/EstratJuridica","https:\/\/www.instagram.com\/estrategiacarreirajuridica\/","https:\/\/www.youtube.com\/channel\/UClbMGuYbj2Mh1m3w144ETWQ"]},{"@type":"Person","@id":"https:\/\/cj.estrategia.com\/portal\/#\/schema\/person\/b5b0253b269d7130d1f7770b1ba29285","name":"Felipe Duque","image":{"@type":"ImageObject","inLanguage":"pt-BR","@id":"https:\/\/cj.estrategia.com\/portal\/wp-content\/uploads\/2024\/08\/06162009\/Captura-de-Tela-2024-08-06-as-16.19.26-96x96.png","url":"https:\/\/cj.estrategia.com\/portal\/wp-content\/uploads\/2024\/08\/06162009\/Captura-de-Tela-2024-08-06-as-16.19.26-96x96.png","contentUrl":"https:\/\/cj.estrategia.com\/portal\/wp-content\/uploads\/2024\/08\/06162009\/Captura-de-Tela-2024-08-06-as-16.19.26-96x96.png","caption":"Felipe Duque"},"description":"Felipe Duque - Mestre em Direito Pol\u00edtico e Econ\u00f4mico na Mackenzie-SP. Graduado em Direito pela Universidade Cat\u00f3lica de Pernambuco, com conclus\u00e3o pelo regime de Aproveitamento Extraordin\u00e1rio nos Estudos (art. 47, \u00a7 2\u00ba, da Lei n\u00ba 9.394\/96). Ex-Assessor de Desembargador no TJPE. Procurador da Fazenda Nacional. Integra voluntariamente a Coordena\u00e7\u00e3o de Assuntos Estrat\u00e9gicos Judiciais da PGFN. Professor do Estrat\u00e9gia Carreira Jur\u00eddica, Estrat\u00e9gia OAB e Buscador Dizer o Direito. Autor do livro \u201cReforma Tribut\u00e1ria Comentada e Esquematizada\u201d, \"Manual de Processo Tribut\u00e1rio: Administrativo e Judicial\" pela editora Juspodivm Parecerista na Revista de Estudos Jur\u00eddicos do Superior Tribunal de Justi\u00e7a (REJuriSTJ)","sameAs":["http:\/\/lattes.cnpq.br\/5755137268084324","https:\/\/www.instagram.com\/felipe_duque\/","https:\/\/br.linkedin.com\/in\/felipe-duque-56954638","https:\/\/x.com\/https:\/\/x.com\/ProfessorDuque","https:\/\/www.youtube.com\/@felipeduque-experienciasco5797"],"url":"https:\/\/cj.estrategia.com\/portal\/author\/felipe-duque\/"}]}},"jetpack_featured_media_url":"https:\/\/cj.estrategia.com\/portal\/wp-content\/uploads\/2024\/11\/13145724\/middle-aged-man-spending-time-jail-1-scaled.jpg","jetpack_sharing_enabled":true,"_links":{"self":[{"href":"https:\/\/cj.estrategia.com\/portal\/wp-json\/wp\/v2\/posts\/83738","targetHints":{"allow":["GET"]}}],"collection":[{"href":"https:\/\/cj.estrategia.com\/portal\/wp-json\/wp\/v2\/posts"}],"about":[{"href":"https:\/\/cj.estrategia.com\/portal\/wp-json\/wp\/v2\/types\/post"}],"author":[{"embeddable":true,"href":"https:\/\/cj.estrategia.com\/portal\/wp-json\/wp\/v2\/users\/93"}],"replies":[{"embeddable":true,"href":"https:\/\/cj.estrategia.com\/portal\/wp-json\/wp\/v2\/comments?post=83738"}],"version-history":[{"count":0,"href":"https:\/\/cj.estrategia.com\/portal\/wp-json\/wp\/v2\/posts\/83738\/revisions"}],"wp:featuredmedia":[{"embeddable":true,"href":"https:\/\/cj.estrategia.com\/portal\/wp-json\/wp\/v2\/media\/83755"}],"wp:attachment":[{"href":"https:\/\/cj.estrategia.com\/portal\/wp-json\/wp\/v2\/media?parent=83738"}],"wp:term":[{"taxonomy":"category","embeddable":true,"href":"https:\/\/cj.estrategia.com\/portal\/wp-json\/wp\/v2\/categories?post=83738"},{"taxonomy":"post_tag","embeddable":true,"href":"https:\/\/cj.estrategia.com\/portal\/wp-json\/wp\/v2\/tags?post=83738"},{"taxonomy":"tax_estado","embeddable":true,"href":"https:\/\/cj.estrategia.com\/portal\/wp-json\/wp\/v2\/tax_estado?post=83738"}],"curies":[{"name":"wp","href":"https:\/\/api.w.org\/{rel}","templated":true}]}}