{"id":83309,"date":"2024-11-08T07:02:11","date_gmt":"2024-11-08T10:02:11","guid":{"rendered":"https:\/\/cj.estrategia.com\/portal\/?p=83309"},"modified":"2024-12-01T12:50:23","modified_gmt":"2024-12-01T15:50:23","slug":"rejeicao-imposto-grande-fortuna","status":"publish","type":"post","link":"https:\/\/cj.estrategia.com\/portal\/rejeicao-imposto-grande-fortuna\/","title":{"rendered":"Rejei\u00e7\u00e3o do Imposto sobre Grande Fortuna na Reforma Tribut\u00e1ria: Omiss\u00e3o inconstitucional?"},"content":{"rendered":"\n<p><\/p>\n\n\n\n<figure class=\"wp-block-image size-full\"><img decoding=\"async\" width=\"647\" height=\"425\" src=\"https:\/\/cj.estrategia.com\/portal\/wp-content\/uploads\/2024\/11\/08064227\/dinheiro.png\" alt=\"Imposto sobre Grande Fortuna\" class=\"wp-image-83321\" srcset=\"https:\/\/cj.estrategia.com\/portal\/wp-content\/uploads\/2024\/11\/08064227\/dinheiro.png 647w, https:\/\/cj.estrategia.com\/portal\/wp-content\/uploads\/2024\/11\/08064227\/dinheiro-300x197.png 300w, https:\/\/cj.estrategia.com\/portal\/wp-content\/uploads\/2024\/11\/08064227\/dinheiro-380x250.png 380w, https:\/\/cj.estrategia.com\/portal\/wp-content\/uploads\/2024\/11\/08064227\/dinheiro-150x99.png 150w\" sizes=\"(max-width: 647px) 100vw, 647px\" \/><\/figure>\n\n\n\n<p>A recente vota\u00e7\u00e3o na C\u00e2mara dos Deputados, que rejeitou por 262 votos a 236 a implementa\u00e7\u00e3o do Imposto sobre Grandes Fortunas (IGF), marca mais um cap\u00edtulo significativo na hist\u00f3ria deste tributo constitucional.\u00a0<\/p>\n\n\n\n<p>A proposta, que previa a tributa\u00e7\u00e3o sobre patrim\u00f4nios <strong>superiores a R$ 10 milh\u00f5es,<\/strong> foi apresentada como destaque na an\u00e1lise do segundo projeto de regulamenta\u00e7\u00e3o da reforma tribut\u00e1ria, especificamente durante a discuss\u00e3o do Comit\u00ea Gestor do Imposto sobre Bens e Servi\u00e7os (IBS).<\/p>\n\n\n\n<div class=\"wp-block-group is-style-cnvs-block-bordered\"><div class=\"wp-block-group__inner-container is-layout-constrained wp-block-group-is-layout-constrained\">\n<h3 class=\"wp-block-heading has-text-align-center\" id=\"h-antes-vamos-fazer-uma-explicacao-completa-sobre-o-imposto-de-grandes-fortunas\" style=\"font-size:21px;font-style:normal;font-weight:400\"><span id=\"antes-vamos-fazer-uma-explicacao-completa-sobre-o-imposto-de-grandes-fortunas\"><mark style=\"background-color:rgba(0, 0, 0, 0)\" class=\"has-inline-color has-vivid-red-color\"><strong>Antes, vamos fazer uma explica\u00e7\u00e3o completa sobre o Imposto de Grandes Fortunas.<\/strong><\/mark><\/span><\/h3>\n<\/div><\/div>\n\n\n\n<p>Entre as peculiaridades de nosso sistema tribut\u00e1rio, talvez nenhuma seja t\u00e3o emblem\u00e1tica quanto o Imposto sobre Grandes Fortunas.\u00a0<\/p>\n\n\n\n<p>Como pode um tributo previsto na Constitui\u00e7\u00e3o Federal h\u00e1 mais de tr\u00eas d\u00e9cadas permanecer sem regulamenta\u00e7\u00e3o? A resposta n\u00e3o \u00e9 simples e envolve aspectos jur\u00eddicos, pol\u00edticos e econ\u00f4micos que merecem nossa aten\u00e7\u00e3o.<\/p>\n\n\n\n<p>Quando os constituintes de 1988 inclu\u00edram o IGF no rol de impostos da Uni\u00e3o, beberam diretamente da fonte francesa. O imp\u00f4t sur grandes fortunes, criado em 1982 durante o governo Mitterrand, serviu como inspira\u00e7\u00e3o para nosso modelo. No entanto, enquanto a Fran\u00e7a evoluiu seu sistema, transformando o tributo at\u00e9 chegar ao atual imp\u00f4t sur la fortune immobili\u00e8re, que incide apenas sobre ativos imobili\u00e1rios n\u00e3o empresariais, o Brasil permaneceu estagnado na previs\u00e3o constitucional.<\/p>\n\n\n\n<h2 class=\"wp-block-heading\" id=\"h-tentativas-de-regulamentacao-ao-longo-dos-anos\" style=\"font-style:normal;font-weight:400\"><span id=\"tentativas-de-regulamentacao-ao-longo-dos-anos\"><strong>Tentativas de regulamenta\u00e7\u00e3o ao longo dos anos<\/strong><\/span><\/h2>\n\n\n\n<p>Vale destacar que <strong>n\u00e3o faltaram tentativas de regulamenta\u00e7\u00e3o:<\/strong><\/p>\n\n\n\n<div class=\"wp-block-group is-style-cnvs-block-bg-light has-background\" style=\"background-color:#8dd2fc52\"><div class=\"wp-block-group__inner-container is-layout-constrained wp-block-group-is-layout-constrained\">\n<p><strong>O primeiro projeto significativo veio do ent\u00e3o senador Fernando Henrique Cardoso, em 1989, propondo al\u00edquotas moderadas entre 0,3% e 1%, com uma abordagem cautelosa que inclu\u00eda a exclus\u00e3o do im\u00f3vel residencial da base de c\u00e1lculo.\u00a0Anos depois, uma proposta mais ousada do PSOL elevaria essas al\u00edquotas para at\u00e9 5%, mirando patrim\u00f4nios a partir de R$ 2 milh\u00f5es.\u00a0<\/strong><\/p>\n<\/div><\/div>\n\n\n\n<p>Obviamente, s\u00e3o vis\u00f5es distintas sobre o mesmo instituto, refletindo diferentes concep\u00e7\u00f5es sobre justi\u00e7a fiscal e desenvolvimento econ\u00f4mico.<\/p>\n\n\n\n<h4 class=\"wp-block-heading\" id=\"h-riscos-de-evasao-fiscal-e-expatriacao-de-capital\" style=\"font-style:normal;font-weight:400\"><span id=\"riscos-de-evasao-fiscal-e-expatriacao-de-capital\"><strong>Riscos de Evas\u00e3o Fiscal e Expatria\u00e7\u00e3o de Capital<\/strong><\/span><\/h4>\n\n\n\n<p>Um ponto crucial neste debate \u00e9 o risco de expatria\u00e7\u00e3o de capital. O caso do ator G\u00e9rard Depardieu, que trocou a Fran\u00e7a pela B\u00e9lgica em 2012 para escapar da tributa\u00e7\u00e3o, \u00e9 frequentemente citado como exemplo dos desafios enfrentados por pa\u00edses que adotam esse tipo de imposto. Afinal, num mundo globalizado, o capital tem asas, e pol\u00edticas tribut\u00e1rias podem influenciar decisivamente seu destino.<\/p>\n\n\n\n<h4 class=\"wp-block-heading\" id=\"h-o-igf-e-a-vinculacao-constitucional-ao-combate-a-pobreza\" style=\"font-style:normal;font-weight:400\"><span id=\"o-igf-e-a-vinculacao-constitucional-ao-combate-a-pobreza\"><strong>O IGF e a Vincula\u00e7\u00e3o Constitucional ao Combate \u00e0 Pobreza<\/strong><\/span><\/h4>\n\n\n\n<div class=\"wp-block-group is-style-cnvs-block-bordered has-background\" style=\"background-color:#8dd2fc52\"><div class=\"wp-block-group__inner-container is-layout-constrained wp-block-group-is-layout-constrained\">\n<p><strong>Em 2000, uma mudan\u00e7a importante ocorreu com a Emenda Constitucional 31, que vinculou o IGF ao Fundo de Erradica\u00e7\u00e3o e Combate \u00e0 Pobreza. Esta altera\u00e7\u00e3o deu novo sentido ao tributo, refor\u00e7ando seu papel redistributivo e sua conex\u00e3o com os objetivos fundamentais da Rep\u00fablica. N\u00e3o se tratava mais apenas de tributar a riqueza, mas de usar essa arrecada\u00e7\u00e3o como instrumento de transforma\u00e7\u00e3o social.<\/strong><\/p>\n<\/div><\/div>\n\n\n\n<p>A frustra\u00e7\u00e3o com a n\u00e3o regulamenta\u00e7\u00e3o chegou ao Supremo Tribunal Federal atrav\u00e9s da ADO 31, proposta pelo ent\u00e3o governador do Maranh\u00e3o, Fl\u00e1vio Dino. O argumento era contundente: a omiss\u00e3o legislativa estaria impedindo a concretiza\u00e7\u00e3o de princ\u00edpios constitucionais fundamentais, como a constru\u00e7\u00e3o de uma sociedade mais justa e a redu\u00e7\u00e3o das desigualdades. No entanto, a a\u00e7\u00e3o esbarrou em quest\u00f5es processuais, sendo extinta por falta de legitimidade ativa do proponente.<\/p>\n\n\n\n<p>O que torna o caso do IGF particularmente interessante \u00e9 que ele se soma a um conjunto j\u00e1 existente de impostos sobre o patrim\u00f4nio \u2013 IPTU, ITR, IPVA, ITCMD e ITBI. Cada um desses tributos tem sua fun\u00e7\u00e3o espec\u00edfica, seja tributando a propriedade em si ou sua transfer\u00eancia. O IGF viria complementar esse sistema, alcan\u00e7ando especificamente as grandes fortunas, conceito que, por si s\u00f3, j\u00e1 gera intensos debates.<\/p>\n\n\n\n<p>A experi\u00eancia internacional mostra diferentes caminhos poss\u00edveis. Pa\u00edses como Espanha, Holanda, Argentina e Uruguai desenvolveram seus pr\u00f3prios modelos de tributa\u00e7\u00e3o sobre grandes fortunas, cada um adaptado \u00e0 sua realidade econ\u00f4mica e social.\u00a0<\/p>\n\n\n\n<p>Enquanto o Brasil mant\u00e9m uma tributa\u00e7\u00e3o relativamente baixa sobre o patrim\u00f4nio em compara\u00e7\u00e3o com outros pa\u00edses, a n\u00e3o regulamenta\u00e7\u00e3o do IGF permanece como um enigma jur\u00eddico e pol\u00edtico.\u00a0<\/p>\n\n\n\n<div class=\"wp-block-group is-style-default\"><div class=\"wp-block-group__inner-container is-layout-constrained wp-block-group-is-layout-constrained\">\n<div class=\"wp-block-media-text\" style=\"grid-template-columns:29% auto\"><figure class=\"wp-block-media-text__media\"><img decoding=\"async\" width=\"500\" height=\"500\" src=\"https:\/\/cj.estrategia.com\/portal\/wp-content\/uploads\/2024\/09\/27231137\/Design-sem-nome-2-2.png\" alt=\"\" class=\"wp-image-77605 size-full\" srcset=\"https:\/\/cj.estrategia.com\/portal\/wp-content\/uploads\/2024\/09\/27231137\/Design-sem-nome-2-2.png 500w, https:\/\/cj.estrategia.com\/portal\/wp-content\/uploads\/2024\/09\/27231137\/Design-sem-nome-2-2-300x300.png 300w, https:\/\/cj.estrategia.com\/portal\/wp-content\/uploads\/2024\/09\/27231137\/Design-sem-nome-2-2-150x150.png 150w, https:\/\/cj.estrategia.com\/portal\/wp-content\/uploads\/2024\/09\/27231137\/Design-sem-nome-2-2-80x80.png 80w, https:\/\/cj.estrategia.com\/portal\/wp-content\/uploads\/2024\/09\/27231137\/Design-sem-nome-2-2-380x380.png 380w, https:\/\/cj.estrategia.com\/portal\/wp-content\/uploads\/2024\/09\/27231137\/Design-sem-nome-2-2-24x24.png 24w, https:\/\/cj.estrategia.com\/portal\/wp-content\/uploads\/2024\/09\/27231137\/Design-sem-nome-2-2-48x48.png 48w, https:\/\/cj.estrategia.com\/portal\/wp-content\/uploads\/2024\/09\/27231137\/Design-sem-nome-2-2-96x96.png 96w\" sizes=\"(max-width: 500px) 100vw, 500px\" \/><\/figure><div class=\"wp-block-media-text__content\">\n<p><strong><mark style=\"background-color:rgba(0, 0, 0, 0)\" class=\"has-inline-color has-vivid-red-color\">Ser\u00e1 que chegou a hora de enfrentar esse desafio?\u00a0<\/mark><\/strong><\/p>\n<\/div><\/div>\n<\/div><\/div>\n\n\n\n<p>Bom, n\u00e3o foi com a regulamenta\u00e7\u00e3o da Reforma Tribut\u00e1ria.<\/p>\n\n\n\n<p>O <strong>debate continua aberto<\/strong>, e as <strong>quest\u00f5es fundamentais <\/strong>permanecem:\u00a0<\/p>\n\n\n\n<div class=\"wp-block-group is-style-cnvs-block-bordered\"><div class=\"wp-block-group__inner-container is-layout-constrained wp-block-group-is-layout-constrained\">\n<ul class=\"is-style-cnvs-list-styled-positive wp-block-list\">\n<li>Como definir \u201cgrande fortuna\u201d?\u00a0<\/li>\n\n\n\n<li>Quais al\u00edquotas seriam adequadas?\u00a0<\/li>\n\n\n\n<li>Como prevenir a evas\u00e3o fiscal?<\/li>\n<\/ul>\n<\/div><\/div>\n\n\n\n<p>S\u00e3o perguntas que aguardam resposta h\u00e1 mais de tr\u00eas d\u00e9cadas, enquanto o \u00fanico imposto constitucional n\u00e3o regulamentado segue como testemunha silenciosa de nossa incapacidade de encontrar consensos em temas tribut\u00e1rios fundamentais.<\/p>\n\n\n\n<p><strong>A proposta rejeitada estabelecia uma estrutura progressiva de al\u00edquotas:<\/strong><\/p>\n\n\n\n<div class=\"wp-block-group is-style-cnvs-block-bordered\"><div class=\"wp-block-group__inner-container is-layout-constrained wp-block-group-is-layout-constrained\">\n<ul class=\"is-style-cnvs-list-styled-positive wp-block-list\">\n<li>0,5% para patrim\u00f4nios entre R$ 10 milh\u00f5es e R$ 40 milh\u00f5es<\/li>\n\n\n\n<li>1% para valores entre R$ 40 milh\u00f5es e R$ 80 milh\u00f5es<\/li>\n\n\n\n<li>1,5% para fortunas acima de R$ 80 milh\u00f5es<\/li>\n<\/ul>\n<\/div><\/div>\n\n\n\n<p>Esta estrutura\u00e7\u00e3o n\u00e3o foi aleat\u00f3ria, mas baseada em estudos t\u00e9cnicos e na experi\u00eancia internacional. <\/p>\n\n\n\n<p>Como apontado pelo deputado Reginaldo Lopes (PT-MG), relator do grupo de trabalho da reforma na C\u00e2mara, <strong><mark style=\"background-color:rgba(0, 0, 0, 0);color:#0736e3\" class=\"has-inline-color\">os 38 pa\u00edses mais ricos da OCDE tributam o dobro do que o Brasil em termos de renda e patrim\u00f4nio, evidenciando uma op\u00e7\u00e3o hist\u00f3rica brasileira pela tributa\u00e7\u00e3o regressiva.<\/mark><\/strong><\/p>\n\n\n\n<h2 class=\"wp-block-heading\" id=\"h-argumentos-contrarios-e-favoraveis-sobre-o-imposto-sobre-grandes-fortunas\" style=\"font-style:normal;font-weight:400\"><span id=\"argumentos-contrarios-e-favoraveis-sobre-o-imposto-sobre-grandes-fortunas\"><strong>Argumentos contr\u00e1rios e favor\u00e1veis sobre o Imposto sobre Grandes Fortunas<\/strong><\/span><\/h2>\n\n\n\n<p>O debate parlamentar trouxe \u00e0 tona argumentos significativos de ambos os lados. Os opositores, como a deputada Eliza Virg\u00ednia (PP-PB), argumentaram que o imposto desestimularia investimentos e poderia provocar fuga de capitais. O deputado Gilson Marques (Novo-SC) destacou a complexidade da fiscaliza\u00e7\u00e3o e o risco de evas\u00e3o fiscal atrav\u00e9s de planejamentos tribut\u00e1rios sofisticados.<\/p>\n\n\n\n<p>Do lado favor\u00e1vel, destaca-se o argumento da justi\u00e7a fiscal e a necessidade de reequilibrar a matriz tribut\u00e1ria brasileira. A vincula\u00e7\u00e3o constitucional do Imposto sobre Grandes Fortunas ao Fundo de Erradica\u00e7\u00e3o e Combate \u00e0 Pobreza, estabelecida pela EC 31\/2000, refor\u00e7aria seu papel redistributivo.<\/p>\n\n\n\n<h2 class=\"wp-block-heading\" id=\"h-perspectivas-futuras-e-alternativas-juridicas\" style=\"font-style:normal;font-weight:400\"><span id=\"perspectivas-futuras-e-alternativas-juridicas\"><strong>Perspectivas futuras e alternativas jur\u00eddicas<\/strong><\/span><\/h2>\n\n\n\n<p>A rejei\u00e7\u00e3o pela C\u00e2mara n\u00e3o encerra definitivamente a quest\u00e3o. Tr\u00eas caminhos principais se apresentam:<\/p>\n\n\n\n<div class=\"wp-block-group is-style-cnvs-block-bordered\"><div class=\"wp-block-group__inner-container is-layout-constrained wp-block-group-is-layout-constrained\">\n<ol class=\"is-style-cnvs-list-styled-positive wp-block-list\">\n<li><strong>Via Legislativa:<\/strong> Possibilidade de apresenta\u00e7\u00e3o de novos projetos, possivelmente com estruturas diferentes ou al\u00edquotas mais moderadas. O PLP 162\/1989, de autoria do ent\u00e3o senador Fernando Henrique Cardoso, por exemplo, previa al\u00edquotas mais brandas, entre 0,3% e 1%.<\/li>\n\n\n\n<li><strong>Via Executiva:<\/strong> O governo federal pode apresentar nova proposta, especialmente considerando que o tema \u00e9 uma das bandeiras brasileiras no G20. A articula\u00e7\u00e3o internacional em torno da tributa\u00e7\u00e3o dos \u201csuper-ricos\u201d pode influenciar futuros debates internos.<\/li>\n\n\n\n<li><strong>Via Judicial:<\/strong> Permanece a possibilidade de questionamento da omiss\u00e3o legislativa por legitimados universais junto ao STF. Diferentemente da ADO 31, proposta pelo Governador do Maranh\u00e3o e rejeitada por quest\u00f5es formais, uma nova a\u00e7\u00e3o por legitimado universal poderia for\u00e7ar a an\u00e1lise do m\u00e9rito da quest\u00e3o.<\/li>\n<\/ol>\n<\/div><\/div>\n\n\n\n<p>Assim, com a rejei\u00e7\u00e3o da proposta e o encaminhamento do projeto ao Senado, o debate sobre o IGF entra em nova fase. O desafio continua sendo encontrar um modelo que concilie efici\u00eancia arrecadat\u00f3ria, justi\u00e7a fiscal e viabilidade administrativa, sem comprometer o desenvolvimento econ\u00f4mico do pa\u00eds.<\/p>\n\n\n\n<p>Por outro lado, h\u00e1 quem entenda que h\u00e1 uma omiss\u00e3o inconstitucional, sendo poss\u00edvel que o Poder Judici\u00e1rio enfrente o tema em a\u00e7\u00e3o direta de inconstitucionalidade por omiss\u00e3o.<\/p>\n\n\n\n<p class=\"has-text-align-center\" style=\"font-size:26px\"><strong>Quer estudar para Concursos de Direito?<\/strong><\/p>\n\n\n\n<p class=\"has-text-align-center\">Confira nossos\u00a0<a href=\"https:\/\/cj.estrategia.com\/portal\/\" target=\"_blank\" >artigos para Carreiras Jur\u00eddicas<\/a>!<\/p>\n\n\n\n<p class=\"has-text-align-center has-white-color has-pale-cyan-blue-background-color has-text-color has-background has-link-color wp-elements-1452b92fd003dcb03b27128cfbd399ee\"><a href=\"https:\/\/www.estrategiaconcursos.com.br\/blog\/concursos-abertos\/\" target=\"_blank\" ><strong>Confira os concursos p\u00fablicos abertos<\/strong><\/a><\/p>\n\n\n\n<p class=\"has-text-align-center has-white-color has-pale-cyan-blue-background-color has-text-color has-background has-link-color wp-elements-4342691eed34cfab132bf084a4b5a528\"><a href=\"https:\/\/cj.estrategia.com\/portal\/concursos-2025-carreiras-juridicas\/\" target=\"_blank\" ><strong>Concursos 2025<\/strong><\/a><\/p>\n\n\n\n<p>O Estrat\u00e9gia Carreira Jur\u00eddica \u00e9 campe\u00e3o de aprova\u00e7\u00f5es nos concursos para Carreiras Jur\u00eddicas com um corpo docente qualificado e materiais completos. Conhe\u00e7a nossos cursos e garanta sua aprova\u00e7\u00e3o:<\/p>\n\n\n\n<div class=\"wp-block-cover\" style=\"min-height:155px;aspect-ratio:unset;\"><img decoding=\"async\" width=\"1890\" height=\"351\" class=\"wp-block-cover__image-background wp-image-8669\" alt=\"Assinaturas Jur\u00eddicas\" src=\"https:\/\/cj.estrategia.com\/portal\/wp-content\/uploads\/2022\/06\/20151253\/concurso-carreiras-juridicas-assinatura-juridica.jpg\" style=\"object-position:78% 43%\" data-object-fit=\"cover\" data-object-position=\"78% 43%\" srcset=\"https:\/\/cj.estrategia.com\/portal\/wp-content\/uploads\/2022\/06\/20151253\/concurso-carreiras-juridicas-assinatura-juridica.jpg 1890w, https:\/\/cj.estrategia.com\/portal\/wp-content\/uploads\/2022\/06\/20151253\/concurso-carreiras-juridicas-assinatura-juridica-300x56.jpg 300w, https:\/\/cj.estrategia.com\/portal\/wp-content\/uploads\/2022\/06\/20151253\/concurso-carreiras-juridicas-assinatura-juridica-1024x190.jpg 1024w, https:\/\/cj.estrategia.com\/portal\/wp-content\/uploads\/2022\/06\/20151253\/concurso-carreiras-juridicas-assinatura-juridica-768x143.jpg 768w, https:\/\/cj.estrategia.com\/portal\/wp-content\/uploads\/2022\/06\/20151253\/concurso-carreiras-juridicas-assinatura-juridica-1536x285.jpg 1536w, https:\/\/cj.estrategia.com\/portal\/wp-content\/uploads\/2022\/06\/20151253\/concurso-carreiras-juridicas-assinatura-juridica-380x71.jpg 380w, https:\/\/cj.estrategia.com\/portal\/wp-content\/uploads\/2022\/06\/20151253\/concurso-carreiras-juridicas-assinatura-juridica-800x149.jpg 800w, https:\/\/cj.estrategia.com\/portal\/wp-content\/uploads\/2022\/06\/20151253\/concurso-carreiras-juridicas-assinatura-juridica-1160x215.jpg 1160w\" sizes=\"(max-width: 1890px) 100vw, 1890px\" \/><span aria-hidden=\"true\" class=\"wp-block-cover__background has-background-dim\"><\/span><div class=\"wp-block-cover__inner-container is-layout-flow wp-block-cover-is-layout-flow\">\n<h3 id=\"faca-a-sua-assinatura\" class=\"titulo-assinatura\"><span style=\"color: #ffffff;\">Fa\u00e7a a sua assinatura!<\/span><\/h3>\n<p class=\"subtitulo-assinatura\" style=\"display:block!important; line-height: 0;\"><span style=\"color: #ffffff;\">Escolha a sua \u00e1rea.<\/span><\/p>\n<a target=\"_blank\" href=\"https:\/\/www.estrategiaconcursos.com.br\/assinaturas-ecj\/\" rel=\"noopener\"><button style=\"border-radius: 10px; text-transform: capitalize;\">Acessar<\/button><\/a>\n<\/div><\/div>\n\n\n\n<div id=\"boxes\" class=\"container\">\n<div class=\"row\">\n<div class=\"col-sm\">\n<div id=\"box-assinatura\" class=\"banner-estrategia-concursos-juridicos\">\n<h3 id=\"curso-para-carreiras-juridicas\" class=\"titulo-assinatura\"><span style=\"color: #ffffff; font-size: 23px; \">Curso para Carreiras Jur\u00eddicas<\/span><\/h3>\n<p class=\"subtitulo-assinatura\">Cursos focados no edital do concurso<\/p>\n<div class=\"box-botao\"><a class=\"btn-assinatura-juridica\" role=\"button\" href=\"https:\/\/cj.estrategia.com\/cursos\/\" target=\"_blank\" rel=\"noopener noreferrer\">Conhe\u00e7a mais<\/a><\/div>\n<\/div>\n<p class=\"texto-auxiliar\">Prepare-se com o melhor material e com quem mais aprova em concursos em todo o pa\u00eds.<\/p>\n<\/div>\n<\/div>\n<\/div>\n","protected":false},"excerpt":{"rendered":"A recente vota\u00e7\u00e3o na C\u00e2mara dos Deputados, que rejeitou por 262 votos a 236 a implementa\u00e7\u00e3o do Imposto&hellip;\n","protected":false},"author":93,"featured_media":83321,"comment_status":"open","ping_status":"open","sticky":false,"template":"","format":"standard","meta":{"_jetpack_memberships_contains_paid_content":false,"footnotes":""},"categories":[1],"tags":[336],"tax_estado":[30,31,32,33,34,35,36,37,38,39,40,41,42,43,44,45,46,47,48,49,50,51,52,53,54,55,56,57],"class_list":{"0":"post-83309","1":"post","2":"type-post","3":"status-publish","4":"format-standard","5":"has-post-thumbnail","7":"category-carreiras-juridicas","8":"tag-analise-juridica","9":"tax_estado-ac","10":"tax_estado-al","11":"tax_estado-am","12":"tax_estado-ap","13":"tax_estado-ba","14":"tax_estado-ce","15":"tax_estado-concursos-federais","16":"tax_estado-df","17":"tax_estado-es","18":"tax_estado-go","19":"tax_estado-ma","20":"tax_estado-mg","21":"tax_estado-ms","22":"tax_estado-mt","23":"tax_estado-pa","24":"tax_estado-pb","25":"tax_estado-pe","26":"tax_estado-pi","27":"tax_estado-pr","28":"tax_estado-rj","29":"tax_estado-rn","30":"tax_estado-ro","31":"tax_estado-rr","32":"tax_estado-rs","33":"tax_estado-sc","34":"tax_estado-se","35":"tax_estado-sp","36":"tax_estado-to"},"acf":[],"yoast_head":"<!-- This site is optimized with the Yoast SEO Premium plugin v27.5 (Yoast SEO v27.5) - https:\/\/yoast.com\/product\/yoast-seo-premium-wordpress\/ -->\n<title>Imposto sobre Grande Fortuna rejeitado na Reforma Tribut\u00e1ria<\/title>\n<meta name=\"description\" content=\"Saiba se a rejei\u00e7\u00e3o do Imposto sobre Grandes Fortunas na reforma tribut\u00e1ria pode ser considerada uma omiss\u00e3o inconstitucional.\" \/>\n<meta name=\"robots\" content=\"index, follow, max-snippet:-1, max-image-preview:large, max-video-preview:-1\" \/>\n<link rel=\"canonical\" href=\"https:\/\/cj.estrategia.com\/portal\/rejeicao-imposto-grande-fortuna\/\" \/>\n<meta property=\"og:locale\" content=\"pt_BR\" \/>\n<meta property=\"og:type\" content=\"article\" \/>\n<meta property=\"og:title\" content=\"Rejei\u00e7\u00e3o do Imposto sobre Grande Fortuna na Reforma Tribut\u00e1ria: Omiss\u00e3o inconstitucional?\" \/>\n<meta property=\"og:description\" content=\"Saiba se a rejei\u00e7\u00e3o do Imposto sobre Grandes Fortunas na reforma tribut\u00e1ria pode ser considerada uma omiss\u00e3o inconstitucional.\" \/>\n<meta property=\"og:url\" content=\"https:\/\/cj.estrategia.com\/portal\/rejeicao-imposto-grande-fortuna\/\" \/>\n<meta property=\"og:site_name\" content=\"Blog - Carreiras Jur\u00eddicas - Estrat\u00e9gia\" \/>\n<meta property=\"article:publisher\" content=\"https:\/\/www.facebook.com\/estrategiacarreirajuridica\/\" \/>\n<meta property=\"article:published_time\" content=\"2024-11-08T10:02:11+00:00\" \/>\n<meta property=\"article:modified_time\" content=\"2024-12-01T15:50:23+00:00\" \/>\n<meta property=\"og:image\" content=\"https:\/\/cj.estrategia.com\/portal\/wp-content\/uploads\/2024\/11\/08064227\/dinheiro.png\" \/>\n\t<meta property=\"og:image:width\" content=\"647\" \/>\n\t<meta property=\"og:image:height\" content=\"425\" \/>\n\t<meta property=\"og:image:type\" content=\"image\/png\" \/>\n<meta name=\"author\" content=\"Felipe Duque\" \/>\n<meta name=\"twitter:card\" content=\"summary_large_image\" \/>\n<meta name=\"twitter:creator\" content=\"@https:\/\/x.com\/ProfessorDuque\" \/>\n<meta name=\"twitter:site\" content=\"@EstratJuridica\" \/>\n<meta name=\"twitter:label1\" content=\"Escrito por\" \/>\n\t<meta name=\"twitter:data1\" content=\"Felipe Duque\" \/>\n\t<meta name=\"twitter:label2\" content=\"Est. tempo de leitura\" \/>\n\t<meta name=\"twitter:data2\" content=\"15 minutos\" \/>\n<script type=\"application\/ld+json\" class=\"yoast-schema-graph\">{\"@context\":\"https:\\\/\\\/schema.org\",\"@graph\":[{\"@type\":\"NewsArticle\",\"@id\":\"https:\\\/\\\/cj.estrategia.com\\\/portal\\\/rejeicao-imposto-grande-fortuna\\\/#article\",\"isPartOf\":{\"@id\":\"https:\\\/\\\/cj.estrategia.com\\\/portal\\\/rejeicao-imposto-grande-fortuna\\\/\"},\"author\":{\"name\":\"Felipe Duque\",\"@id\":\"https:\\\/\\\/cj.estrategia.com\\\/portal\\\/#\\\/schema\\\/person\\\/b5b0253b269d7130d1f7770b1ba29285\"},\"headline\":\"Rejei\u00e7\u00e3o do Imposto sobre Grande Fortuna na Reforma Tribut\u00e1ria: Omiss\u00e3o inconstitucional?\",\"datePublished\":\"2024-11-08T10:02:11+00:00\",\"dateModified\":\"2024-12-01T15:50:23+00:00\",\"mainEntityOfPage\":{\"@id\":\"https:\\\/\\\/cj.estrategia.com\\\/portal\\\/rejeicao-imposto-grande-fortuna\\\/\"},\"wordCount\":1364,\"commentCount\":0,\"publisher\":{\"@id\":\"https:\\\/\\\/cj.estrategia.com\\\/portal\\\/#organization\"},\"image\":{\"@id\":\"https:\\\/\\\/cj.estrategia.com\\\/portal\\\/rejeicao-imposto-grande-fortuna\\\/#primaryimage\"},\"thumbnailUrl\":\"https:\\\/\\\/cj.estrategia.com\\\/portal\\\/wp-content\\\/uploads\\\/2024\\\/11\\\/08064227\\\/dinheiro.png\",\"keywords\":[\"an\u00e1lise jur\u00eddica\"],\"articleSection\":[\"Carreiras Jur\u00eddicas\"],\"inLanguage\":\"pt-BR\",\"potentialAction\":[{\"@type\":\"CommentAction\",\"name\":\"Comment\",\"target\":[\"https:\\\/\\\/cj.estrategia.com\\\/portal\\\/rejeicao-imposto-grande-fortuna\\\/#respond\"]}]},{\"@type\":\"WebPage\",\"@id\":\"https:\\\/\\\/cj.estrategia.com\\\/portal\\\/rejeicao-imposto-grande-fortuna\\\/\",\"url\":\"https:\\\/\\\/cj.estrategia.com\\\/portal\\\/rejeicao-imposto-grande-fortuna\\\/\",\"name\":\"Imposto sobre Grande Fortuna rejeitado na Reforma Tribut\u00e1ria\",\"isPartOf\":{\"@id\":\"https:\\\/\\\/cj.estrategia.com\\\/portal\\\/#website\"},\"primaryImageOfPage\":{\"@id\":\"https:\\\/\\\/cj.estrategia.com\\\/portal\\\/rejeicao-imposto-grande-fortuna\\\/#primaryimage\"},\"image\":{\"@id\":\"https:\\\/\\\/cj.estrategia.com\\\/portal\\\/rejeicao-imposto-grande-fortuna\\\/#primaryimage\"},\"thumbnailUrl\":\"https:\\\/\\\/cj.estrategia.com\\\/portal\\\/wp-content\\\/uploads\\\/2024\\\/11\\\/08064227\\\/dinheiro.png\",\"datePublished\":\"2024-11-08T10:02:11+00:00\",\"dateModified\":\"2024-12-01T15:50:23+00:00\",\"description\":\"Saiba se a rejei\u00e7\u00e3o do Imposto sobre Grandes Fortunas na reforma tribut\u00e1ria pode ser considerada uma omiss\u00e3o inconstitucional.\",\"breadcrumb\":{\"@id\":\"https:\\\/\\\/cj.estrategia.com\\\/portal\\\/rejeicao-imposto-grande-fortuna\\\/#breadcrumb\"},\"inLanguage\":\"pt-BR\",\"potentialAction\":[{\"@type\":\"ReadAction\",\"target\":[\"https:\\\/\\\/cj.estrategia.com\\\/portal\\\/rejeicao-imposto-grande-fortuna\\\/\"]}]},{\"@type\":\"ImageObject\",\"inLanguage\":\"pt-BR\",\"@id\":\"https:\\\/\\\/cj.estrategia.com\\\/portal\\\/rejeicao-imposto-grande-fortuna\\\/#primaryimage\",\"url\":\"https:\\\/\\\/cj.estrategia.com\\\/portal\\\/wp-content\\\/uploads\\\/2024\\\/11\\\/08064227\\\/dinheiro.png\",\"contentUrl\":\"https:\\\/\\\/cj.estrategia.com\\\/portal\\\/wp-content\\\/uploads\\\/2024\\\/11\\\/08064227\\\/dinheiro.png\",\"width\":647,\"height\":425},{\"@type\":\"BreadcrumbList\",\"@id\":\"https:\\\/\\\/cj.estrategia.com\\\/portal\\\/rejeicao-imposto-grande-fortuna\\\/#breadcrumb\",\"itemListElement\":[{\"@type\":\"ListItem\",\"position\":1,\"name\":\"In\u00edcio\",\"item\":\"https:\\\/\\\/cj.estrategia.com\\\/portal\\\/\"},{\"@type\":\"ListItem\",\"position\":2,\"name\":\"Rejei\u00e7\u00e3o do Imposto sobre Grande Fortuna na Reforma Tribut\u00e1ria: Omiss\u00e3o inconstitucional?\"}]},{\"@type\":\"WebSite\",\"@id\":\"https:\\\/\\\/cj.estrategia.com\\\/portal\\\/#website\",\"url\":\"https:\\\/\\\/cj.estrategia.com\\\/portal\\\/\",\"name\":\"Blog - Carreiras Jur\u00eddicas - Estrat\u00e9gia\",\"description\":\"\",\"publisher\":{\"@id\":\"https:\\\/\\\/cj.estrategia.com\\\/portal\\\/#organization\"},\"potentialAction\":[{\"@type\":\"SearchAction\",\"target\":{\"@type\":\"EntryPoint\",\"urlTemplate\":\"https:\\\/\\\/cj.estrategia.com\\\/portal\\\/?s={search_term_string}\"},\"query-input\":{\"@type\":\"PropertyValueSpecification\",\"valueRequired\":true,\"valueName\":\"search_term_string\"}}],\"inLanguage\":\"pt-BR\"},{\"@type\":\"Organization\",\"@id\":\"https:\\\/\\\/cj.estrategia.com\\\/portal\\\/#organization\",\"name\":\"Estrat\u00e9gia - Carreiras Jur\u00eddicas\",\"url\":\"https:\\\/\\\/cj.estrategia.com\\\/portal\\\/\",\"logo\":{\"@type\":\"ImageObject\",\"inLanguage\":\"pt-BR\",\"@id\":\"https:\\\/\\\/cj.estrategia.com\\\/portal\\\/#\\\/schema\\\/logo\\\/image\\\/\",\"url\":\"https:\\\/\\\/cj.estrategia.com\\\/portal\\\/wp-content\\\/uploads\\\/2022\\\/03\\\/11151052\\\/cj-logo.png\",\"contentUrl\":\"https:\\\/\\\/cj.estrategia.com\\\/portal\\\/wp-content\\\/uploads\\\/2022\\\/03\\\/11151052\\\/cj-logo.png\",\"width\":150,\"height\":39,\"caption\":\"Estrat\u00e9gia - Carreiras Jur\u00eddicas\"},\"image\":{\"@id\":\"https:\\\/\\\/cj.estrategia.com\\\/portal\\\/#\\\/schema\\\/logo\\\/image\\\/\"},\"sameAs\":[\"https:\\\/\\\/www.facebook.com\\\/estrategiacarreirajuridica\\\/\",\"https:\\\/\\\/x.com\\\/EstratJuridica\",\"https:\\\/\\\/www.instagram.com\\\/estrategiacarreirajuridica\\\/\",\"https:\\\/\\\/www.youtube.com\\\/channel\\\/UClbMGuYbj2Mh1m3w144ETWQ\"]},{\"@type\":\"Person\",\"@id\":\"https:\\\/\\\/cj.estrategia.com\\\/portal\\\/#\\\/schema\\\/person\\\/b5b0253b269d7130d1f7770b1ba29285\",\"name\":\"Felipe Duque\",\"image\":{\"@type\":\"ImageObject\",\"inLanguage\":\"pt-BR\",\"@id\":\"https:\\\/\\\/cj.estrategia.com\\\/portal\\\/wp-content\\\/uploads\\\/2024\\\/08\\\/06162009\\\/Captura-de-Tela-2024-08-06-as-16.19.26-96x96.png\",\"url\":\"https:\\\/\\\/cj.estrategia.com\\\/portal\\\/wp-content\\\/uploads\\\/2024\\\/08\\\/06162009\\\/Captura-de-Tela-2024-08-06-as-16.19.26-96x96.png\",\"contentUrl\":\"https:\\\/\\\/cj.estrategia.com\\\/portal\\\/wp-content\\\/uploads\\\/2024\\\/08\\\/06162009\\\/Captura-de-Tela-2024-08-06-as-16.19.26-96x96.png\",\"caption\":\"Felipe Duque\"},\"description\":\"Felipe Duque - Mestre em Direito Pol\u00edtico e Econ\u00f4mico na Mackenzie-SP. Graduado em Direito pela Universidade Cat\u00f3lica de Pernambuco, com conclus\u00e3o pelo regime de Aproveitamento Extraordin\u00e1rio nos Estudos (art. 47, \u00a7 2\u00ba, da Lei n\u00ba 9.394\\\/96). Ex-Assessor de Desembargador no TJPE. Procurador da Fazenda Nacional. Integra voluntariamente a Coordena\u00e7\u00e3o de Assuntos Estrat\u00e9gicos Judiciais da PGFN. Professor do Estrat\u00e9gia Carreira Jur\u00eddica, Estrat\u00e9gia OAB e Buscador Dizer o Direito. Autor do livro \u201cReforma Tribut\u00e1ria Comentada e Esquematizada\u201d, \\\"Manual de Processo Tribut\u00e1rio: Administrativo e Judicial\\\" pela editora Juspodivm Parecerista na Revista de Estudos Jur\u00eddicos do Superior Tribunal de Justi\u00e7a (REJuriSTJ)\",\"sameAs\":[\"http:\\\/\\\/lattes.cnpq.br\\\/5755137268084324\",\"https:\\\/\\\/www.instagram.com\\\/felipe_duque\\\/\",\"https:\\\/\\\/br.linkedin.com\\\/in\\\/felipe-duque-56954638\",\"https:\\\/\\\/x.com\\\/https:\\\/\\\/x.com\\\/ProfessorDuque\",\"https:\\\/\\\/www.youtube.com\\\/@felipeduque-experienciasco5797\"],\"url\":\"https:\\\/\\\/cj.estrategia.com\\\/portal\\\/author\\\/felipe-duque\\\/\"}]}<\/script>\n<!-- \/ Yoast SEO Premium plugin. -->","yoast_head_json":{"title":"Imposto sobre Grande Fortuna rejeitado na Reforma Tribut\u00e1ria","description":"Saiba se a rejei\u00e7\u00e3o do Imposto sobre Grandes Fortunas na reforma tribut\u00e1ria pode ser considerada uma omiss\u00e3o inconstitucional.","robots":{"index":"index","follow":"follow","max-snippet":"max-snippet:-1","max-image-preview":"max-image-preview:large","max-video-preview":"max-video-preview:-1"},"canonical":"https:\/\/cj.estrategia.com\/portal\/rejeicao-imposto-grande-fortuna\/","og_locale":"pt_BR","og_type":"article","og_title":"Rejei\u00e7\u00e3o do Imposto sobre Grande Fortuna na Reforma Tribut\u00e1ria: Omiss\u00e3o inconstitucional?","og_description":"Saiba se a rejei\u00e7\u00e3o do Imposto sobre Grandes Fortunas na reforma tribut\u00e1ria pode ser considerada uma omiss\u00e3o inconstitucional.","og_url":"https:\/\/cj.estrategia.com\/portal\/rejeicao-imposto-grande-fortuna\/","og_site_name":"Blog - Carreiras Jur\u00eddicas - Estrat\u00e9gia","article_publisher":"https:\/\/www.facebook.com\/estrategiacarreirajuridica\/","article_published_time":"2024-11-08T10:02:11+00:00","article_modified_time":"2024-12-01T15:50:23+00:00","og_image":[{"width":647,"height":425,"url":"https:\/\/cj.estrategia.com\/portal\/wp-content\/uploads\/2024\/11\/08064227\/dinheiro.png","type":"image\/png"}],"author":"Felipe Duque","twitter_card":"summary_large_image","twitter_creator":"@https:\/\/x.com\/ProfessorDuque","twitter_site":"@EstratJuridica","twitter_misc":{"Escrito por":"Felipe Duque","Est. tempo de leitura":"15 minutos"},"schema":{"@context":"https:\/\/schema.org","@graph":[{"@type":"NewsArticle","@id":"https:\/\/cj.estrategia.com\/portal\/rejeicao-imposto-grande-fortuna\/#article","isPartOf":{"@id":"https:\/\/cj.estrategia.com\/portal\/rejeicao-imposto-grande-fortuna\/"},"author":{"name":"Felipe Duque","@id":"https:\/\/cj.estrategia.com\/portal\/#\/schema\/person\/b5b0253b269d7130d1f7770b1ba29285"},"headline":"Rejei\u00e7\u00e3o do Imposto sobre Grande Fortuna na Reforma Tribut\u00e1ria: Omiss\u00e3o inconstitucional?","datePublished":"2024-11-08T10:02:11+00:00","dateModified":"2024-12-01T15:50:23+00:00","mainEntityOfPage":{"@id":"https:\/\/cj.estrategia.com\/portal\/rejeicao-imposto-grande-fortuna\/"},"wordCount":1364,"commentCount":0,"publisher":{"@id":"https:\/\/cj.estrategia.com\/portal\/#organization"},"image":{"@id":"https:\/\/cj.estrategia.com\/portal\/rejeicao-imposto-grande-fortuna\/#primaryimage"},"thumbnailUrl":"https:\/\/cj.estrategia.com\/portal\/wp-content\/uploads\/2024\/11\/08064227\/dinheiro.png","keywords":["an\u00e1lise jur\u00eddica"],"articleSection":["Carreiras Jur\u00eddicas"],"inLanguage":"pt-BR","potentialAction":[{"@type":"CommentAction","name":"Comment","target":["https:\/\/cj.estrategia.com\/portal\/rejeicao-imposto-grande-fortuna\/#respond"]}]},{"@type":"WebPage","@id":"https:\/\/cj.estrategia.com\/portal\/rejeicao-imposto-grande-fortuna\/","url":"https:\/\/cj.estrategia.com\/portal\/rejeicao-imposto-grande-fortuna\/","name":"Imposto sobre Grande Fortuna rejeitado na Reforma Tribut\u00e1ria","isPartOf":{"@id":"https:\/\/cj.estrategia.com\/portal\/#website"},"primaryImageOfPage":{"@id":"https:\/\/cj.estrategia.com\/portal\/rejeicao-imposto-grande-fortuna\/#primaryimage"},"image":{"@id":"https:\/\/cj.estrategia.com\/portal\/rejeicao-imposto-grande-fortuna\/#primaryimage"},"thumbnailUrl":"https:\/\/cj.estrategia.com\/portal\/wp-content\/uploads\/2024\/11\/08064227\/dinheiro.png","datePublished":"2024-11-08T10:02:11+00:00","dateModified":"2024-12-01T15:50:23+00:00","description":"Saiba se a rejei\u00e7\u00e3o do Imposto sobre Grandes Fortunas na reforma tribut\u00e1ria pode ser considerada uma omiss\u00e3o inconstitucional.","breadcrumb":{"@id":"https:\/\/cj.estrategia.com\/portal\/rejeicao-imposto-grande-fortuna\/#breadcrumb"},"inLanguage":"pt-BR","potentialAction":[{"@type":"ReadAction","target":["https:\/\/cj.estrategia.com\/portal\/rejeicao-imposto-grande-fortuna\/"]}]},{"@type":"ImageObject","inLanguage":"pt-BR","@id":"https:\/\/cj.estrategia.com\/portal\/rejeicao-imposto-grande-fortuna\/#primaryimage","url":"https:\/\/cj.estrategia.com\/portal\/wp-content\/uploads\/2024\/11\/08064227\/dinheiro.png","contentUrl":"https:\/\/cj.estrategia.com\/portal\/wp-content\/uploads\/2024\/11\/08064227\/dinheiro.png","width":647,"height":425},{"@type":"BreadcrumbList","@id":"https:\/\/cj.estrategia.com\/portal\/rejeicao-imposto-grande-fortuna\/#breadcrumb","itemListElement":[{"@type":"ListItem","position":1,"name":"In\u00edcio","item":"https:\/\/cj.estrategia.com\/portal\/"},{"@type":"ListItem","position":2,"name":"Rejei\u00e7\u00e3o do Imposto sobre Grande Fortuna na Reforma Tribut\u00e1ria: Omiss\u00e3o inconstitucional?"}]},{"@type":"WebSite","@id":"https:\/\/cj.estrategia.com\/portal\/#website","url":"https:\/\/cj.estrategia.com\/portal\/","name":"Blog - Carreiras Jur\u00eddicas - Estrat\u00e9gia","description":"","publisher":{"@id":"https:\/\/cj.estrategia.com\/portal\/#organization"},"potentialAction":[{"@type":"SearchAction","target":{"@type":"EntryPoint","urlTemplate":"https:\/\/cj.estrategia.com\/portal\/?s={search_term_string}"},"query-input":{"@type":"PropertyValueSpecification","valueRequired":true,"valueName":"search_term_string"}}],"inLanguage":"pt-BR"},{"@type":"Organization","@id":"https:\/\/cj.estrategia.com\/portal\/#organization","name":"Estrat\u00e9gia - Carreiras Jur\u00eddicas","url":"https:\/\/cj.estrategia.com\/portal\/","logo":{"@type":"ImageObject","inLanguage":"pt-BR","@id":"https:\/\/cj.estrategia.com\/portal\/#\/schema\/logo\/image\/","url":"https:\/\/cj.estrategia.com\/portal\/wp-content\/uploads\/2022\/03\/11151052\/cj-logo.png","contentUrl":"https:\/\/cj.estrategia.com\/portal\/wp-content\/uploads\/2022\/03\/11151052\/cj-logo.png","width":150,"height":39,"caption":"Estrat\u00e9gia - Carreiras Jur\u00eddicas"},"image":{"@id":"https:\/\/cj.estrategia.com\/portal\/#\/schema\/logo\/image\/"},"sameAs":["https:\/\/www.facebook.com\/estrategiacarreirajuridica\/","https:\/\/x.com\/EstratJuridica","https:\/\/www.instagram.com\/estrategiacarreirajuridica\/","https:\/\/www.youtube.com\/channel\/UClbMGuYbj2Mh1m3w144ETWQ"]},{"@type":"Person","@id":"https:\/\/cj.estrategia.com\/portal\/#\/schema\/person\/b5b0253b269d7130d1f7770b1ba29285","name":"Felipe Duque","image":{"@type":"ImageObject","inLanguage":"pt-BR","@id":"https:\/\/cj.estrategia.com\/portal\/wp-content\/uploads\/2024\/08\/06162009\/Captura-de-Tela-2024-08-06-as-16.19.26-96x96.png","url":"https:\/\/cj.estrategia.com\/portal\/wp-content\/uploads\/2024\/08\/06162009\/Captura-de-Tela-2024-08-06-as-16.19.26-96x96.png","contentUrl":"https:\/\/cj.estrategia.com\/portal\/wp-content\/uploads\/2024\/08\/06162009\/Captura-de-Tela-2024-08-06-as-16.19.26-96x96.png","caption":"Felipe Duque"},"description":"Felipe Duque - Mestre em Direito Pol\u00edtico e Econ\u00f4mico na Mackenzie-SP. Graduado em Direito pela Universidade Cat\u00f3lica de Pernambuco, com conclus\u00e3o pelo regime de Aproveitamento Extraordin\u00e1rio nos Estudos (art. 47, \u00a7 2\u00ba, da Lei n\u00ba 9.394\/96). Ex-Assessor de Desembargador no TJPE. Procurador da Fazenda Nacional. Integra voluntariamente a Coordena\u00e7\u00e3o de Assuntos Estrat\u00e9gicos Judiciais da PGFN. Professor do Estrat\u00e9gia Carreira Jur\u00eddica, Estrat\u00e9gia OAB e Buscador Dizer o Direito. Autor do livro \u201cReforma Tribut\u00e1ria Comentada e Esquematizada\u201d, \"Manual de Processo Tribut\u00e1rio: Administrativo e Judicial\" pela editora Juspodivm Parecerista na Revista de Estudos Jur\u00eddicos do Superior Tribunal de Justi\u00e7a (REJuriSTJ)","sameAs":["http:\/\/lattes.cnpq.br\/5755137268084324","https:\/\/www.instagram.com\/felipe_duque\/","https:\/\/br.linkedin.com\/in\/felipe-duque-56954638","https:\/\/x.com\/https:\/\/x.com\/ProfessorDuque","https:\/\/www.youtube.com\/@felipeduque-experienciasco5797"],"url":"https:\/\/cj.estrategia.com\/portal\/author\/felipe-duque\/"}]}},"jetpack_featured_media_url":"https:\/\/cj.estrategia.com\/portal\/wp-content\/uploads\/2024\/11\/08064227\/dinheiro.png","jetpack_sharing_enabled":true,"_links":{"self":[{"href":"https:\/\/cj.estrategia.com\/portal\/wp-json\/wp\/v2\/posts\/83309","targetHints":{"allow":["GET"]}}],"collection":[{"href":"https:\/\/cj.estrategia.com\/portal\/wp-json\/wp\/v2\/posts"}],"about":[{"href":"https:\/\/cj.estrategia.com\/portal\/wp-json\/wp\/v2\/types\/post"}],"author":[{"embeddable":true,"href":"https:\/\/cj.estrategia.com\/portal\/wp-json\/wp\/v2\/users\/93"}],"replies":[{"embeddable":true,"href":"https:\/\/cj.estrategia.com\/portal\/wp-json\/wp\/v2\/comments?post=83309"}],"version-history":[{"count":0,"href":"https:\/\/cj.estrategia.com\/portal\/wp-json\/wp\/v2\/posts\/83309\/revisions"}],"wp:featuredmedia":[{"embeddable":true,"href":"https:\/\/cj.estrategia.com\/portal\/wp-json\/wp\/v2\/media\/83321"}],"wp:attachment":[{"href":"https:\/\/cj.estrategia.com\/portal\/wp-json\/wp\/v2\/media?parent=83309"}],"wp:term":[{"taxonomy":"category","embeddable":true,"href":"https:\/\/cj.estrategia.com\/portal\/wp-json\/wp\/v2\/categories?post=83309"},{"taxonomy":"post_tag","embeddable":true,"href":"https:\/\/cj.estrategia.com\/portal\/wp-json\/wp\/v2\/tags?post=83309"},{"taxonomy":"tax_estado","embeddable":true,"href":"https:\/\/cj.estrategia.com\/portal\/wp-json\/wp\/v2\/tax_estado?post=83309"}],"curies":[{"name":"wp","href":"https:\/\/api.w.org\/{rel}","templated":true}]}}