{"id":81942,"date":"2024-10-29T23:32:18","date_gmt":"2024-10-30T02:32:18","guid":{"rendered":"https:\/\/cj.estrategia.com\/portal\/?p=81942"},"modified":"2024-12-01T12:28:33","modified_gmt":"2024-12-01T15:28:33","slug":"contratacao-servicos-juridicos-sem-licitacao","status":"publish","type":"post","link":"https:\/\/cj.estrategia.com\/portal\/contratacao-servicos-juridicos-sem-licitacao\/","title":{"rendered":"STF decide que entes p\u00fablicos podem contratar servi\u00e7os jur\u00eddicos sem licita\u00e7\u00e3o"},"content":{"rendered":"\n<p><em>O Supremo Tribunal Federal decidiu que entes p\u00fablicos podem contratar servi\u00e7os jur\u00eddicos especializados sem licita\u00e7\u00e3o em casos de not\u00f3ria especializa\u00e7\u00e3o, refor\u00e7ando a seguran\u00e7a jur\u00eddica e a autonomia administrativa.<\/em><\/p>\n\n\n\n<p><strong>*Jo\u00e3o Paulo Lawall Valle \u00e9 Advogado da Uni\u00e3o (AGU) e professor de direito administrativo, financeiro e econ\u00f4mico do Estrat\u00e9gia carreira jur\u00eddica.<\/strong><\/p>\n\n\n\n<p><\/p>\n\n\n\n<figure class=\"wp-block-image size-large\"><img decoding=\"async\" width=\"1024\" height=\"683\" src=\"https:\/\/cj.estrategia.com\/portal\/wp-content\/uploads\/2024\/10\/29224446\/business-people-studying-contract-terms-1024x683.jpg\" alt=\"sem licita\u00e7\u00e3o\" class=\"wp-image-81969\" srcset=\"https:\/\/cj.estrategia.com\/portal\/wp-content\/uploads\/2024\/10\/29224446\/business-people-studying-contract-terms-1024x683.jpg 1024w, https:\/\/cj.estrategia.com\/portal\/wp-content\/uploads\/2024\/10\/29224446\/business-people-studying-contract-terms-300x200.jpg 300w, https:\/\/cj.estrategia.com\/portal\/wp-content\/uploads\/2024\/10\/29224446\/business-people-studying-contract-terms-768x512.jpg 768w, https:\/\/cj.estrategia.com\/portal\/wp-content\/uploads\/2024\/10\/29224446\/business-people-studying-contract-terms-1536x1024.jpg 1536w, https:\/\/cj.estrategia.com\/portal\/wp-content\/uploads\/2024\/10\/29224446\/business-people-studying-contract-terms-2048x1365.jpg 2048w, https:\/\/cj.estrategia.com\/portal\/wp-content\/uploads\/2024\/10\/29224446\/business-people-studying-contract-terms-380x253.jpg 380w, https:\/\/cj.estrategia.com\/portal\/wp-content\/uploads\/2024\/10\/29224446\/business-people-studying-contract-terms-800x533.jpg 800w, https:\/\/cj.estrategia.com\/portal\/wp-content\/uploads\/2024\/10\/29224446\/business-people-studying-contract-terms-1160x773.jpg 1160w, https:\/\/cj.estrategia.com\/portal\/wp-content\/uploads\/2024\/10\/29224446\/business-people-studying-contract-terms-150x100.jpg 150w, https:\/\/cj.estrategia.com\/portal\/wp-content\/uploads\/2024\/10\/29224446\/business-people-studying-contract-terms-scaled.jpg 2560w\" sizes=\"(max-width: 1024px) 100vw, 1024px\" \/><\/figure>\n\n\n\n<h2 class=\"wp-block-heading\" id=\"h-entenda-o-caso-contratacao-de-servicos-juridicos\" style=\"font-style:normal;font-weight:400\"><span id=\"entenda-o-caso-contratacao-de-servicos-juridicos\"><strong>Entenda o caso &#8211; Contrata\u00e7\u00e3o de servi\u00e7os jur\u00eddicos<\/strong><\/span><\/h2>\n\n\n\n<p>O Supremo Tribunal Federal enfrentou nos <strong>recursos extraordin\u00e1rios n\u00ba 656.558\/SP e 610.523\/SP<\/strong> alguns temas relevantes para o <strong>direito administrativo<\/strong>, sendo destaque para este texto a defini\u00e7\u00e3o acerca da constitucionalidade de regra prevista na ent\u00e3o Lei de Licita\u00e7\u00f5es (Lei n\u00ba 8.666\/1993) acerca da possibilidade de <strong><mark style=\"background-color:rgba(0, 0, 0, 0)\" class=\"has-inline-color has-vivid-red-color\">contrata\u00e7\u00e3o de servi\u00e7os de advocacia de forma direta, por dispensa de licita\u00e7\u00e3o.<\/mark><\/strong><\/p>\n\n\n\n<p>Os recursos extraordin\u00e1rios julgados pelo STF foram <strong>interpostos pelo Minist\u00e9rio P\u00fablico do Estado de S\u00e3o Paulo<\/strong> questionando a contrata\u00e7\u00e3o realizada pelo munic\u00edpio de Itatiba (SP) de um escrit\u00f3rio de advocacia para a <strong>defesa dos interesses do ente municipal.<\/strong><\/p>\n\n\n\n<p>O julgamento em quest\u00e3o foi referente a aplica\u00e7\u00e3o de dispositivos da Lei n\u00ba 8.666\/1993 que <strong>dispensam a licita\u00e7\u00e3o<\/strong> quando houver <strong>inviabilidade de competi\u00e7\u00e3o<\/strong> e para a<strong> contrata\u00e7\u00e3o de servi\u00e7os t\u00e9cnicos<\/strong>, como o <strong>patroc\u00ednio ou defesa de causas judiciais e administrativas.<\/strong><\/p>\n\n\n\n<p>Al\u00e9m disso, discutiu-se e decidiu-se, nos recursos extraordin\u00e1rios, se tais contrata\u00e7\u00f5es configuram ato de improbidade administrativa.<\/p>\n\n\n\n<h3 class=\"wp-block-heading\" id=\"h-ponto-definidos-pelo-supremo\" style=\"font-style:normal;font-weight:400\"><span id=\"ponto-definidos-pelo-supremo\"><strong>Ponto definidos pelo Supremo <\/strong><\/span><\/h3>\n\n\n\n<p>Ap\u00f3s longa tramita\u00e7\u00e3o na Corte Suprema, o Supremo Tribunal Federal definiu  os seguintes pontos:<\/p>\n\n\n\n<div class=\"wp-block-group is-style-cnvs-block-bg-light\"><div class=\"wp-block-group__inner-container is-layout-constrained wp-block-group-is-layout-constrained\">\n<ol class=\"is-style-cnvs-list-styled-negative wp-block-list\">\n<li>O <strong>dolo<\/strong> \u00e9 necess\u00e1rio para a configura\u00e7\u00e3o de qualquer <strong>ato de improbidade administrativa<\/strong> (art. 37, \u00a7 4\u00ba, da Constitui\u00e7\u00e3o Federal), de modo que \u00e9 <strong><mark style=\"background-color:rgba(0, 0, 0, 0)\" class=\"has-inline-color has-vivid-red-color\">inconstitucional a modalidade culposa de ato de improbidade administrativa<\/mark><\/strong> prevista nos arts. 5\u00ba e 10 da Lei n\u00ba 8.429\/92, em sua reda\u00e7\u00e3o origin\u00e1ria.<\/li>\n\n\n\n<li>S\u00e3o <strong>constitucionais<\/strong> os arts. 13, V, e 25, II, da Lei n\u00ba 8.666\/1993, desde de que interpretados no sentido de que a<strong> contrata\u00e7\u00e3o direta de servi\u00e7os advocat\u00edcios pela Administra\u00e7\u00e3o P\u00fablica<\/strong>, por inexigibilidade de licita\u00e7\u00e3o, al\u00e9m dos crit\u00e9rios j\u00e1 previstos expressamente <strong>(necessidade de procedimento administrativo formal; not\u00f3ria especializa\u00e7\u00e3o profissional; natureza singular do servi\u00e7o)<\/strong>, deve observar: <strong>(i) inadequa\u00e7\u00e3o da presta\u00e7\u00e3o do servi\u00e7o pelos integrantes do Poder P\u00fablico; e (ii) cobran\u00e7a de pre\u00e7o compat\u00edvel <\/strong>com a responsabilidade profissional exigida pelo caso, observado, tamb\u00e9m, o valor m\u00e9dio cobrado pelo escrit\u00f3rio de advocacia contratado em situa\u00e7\u00f5es similares anteriores.<\/li>\n<\/ol>\n<\/div><\/div>\n\n\n\n<p>Assim, os recursos extraordin\u00e1rios n\u00ba 656.558\/SP e 610.523\/SP foram desprovidos e reconhecida a <strong>possibilidade de contrata\u00e7\u00e3o direta de servi\u00e7os de advocacia, por munic\u00edpio, mediante inexigibilidade de licita\u00e7\u00e3o.\u00a0<\/strong><\/p>\n\n\n\n<h2 class=\"wp-block-heading\" id=\"h-analise-juridica-contratacao-de-servicos-juridicos\" style=\"font-style:normal;font-weight:400\"><span id=\"analise-juridica-contratacao-de-servicos-juridicos\"><strong>An\u00e1lise Jur\u00eddica<\/strong> &#8211; <strong>Contrata\u00e7\u00e3o de servi\u00e7os jur\u00eddicos<\/strong><\/span><\/h2>\n\n\n\n<p>A an\u00e1lise do tema em estudo imp\u00f5e, de sa\u00edda, uma leitura comparativa entre a revogada Lei n\u00ba 8.666\/1993 (antiga lei de licita\u00e7\u00f5es) e a Lei n\u00b0 14.133\/2021 (atual lei de licita\u00e7\u00f5es), no que toca \u00e0s hip\u00f3teses de inexigibilidade do certame concorrencial.<\/p>\n\n\n\n<p>Dessa forma, vejamos as previs\u00f5es legais, focados no que importa para este estudo (servi\u00e7o de advocacia):<\/p>\n\n\n\n<figure class=\"wp-block-table\"><table><tbody><tr><td><strong>Lei 14.133\/2021<\/strong><\/td><td><strong>Lei 8.666\/1993<\/strong><\/td><\/tr><tr><td>Art. 74. \u00c9 inexig\u00edvel a licita\u00e7\u00e3o quando invi\u00e1vel a competi\u00e7\u00e3o, em especial nos casos de:III &#8211; contrata\u00e7\u00e3o dos seguintes servi\u00e7os t\u00e9cnicos especializados de natureza predominantemente intelectual com profissionais ou empresas de not\u00f3ria especializa\u00e7\u00e3o, vedada a inexigibilidade para servi\u00e7os de publicidade e divulga\u00e7\u00e3o:(&#8230;)e) patroc\u00ednio ou defesa de causas judiciais ou administrativas;<\/td><td>Art. 25.&nbsp; \u00c9 inexig\u00edvel a licita\u00e7\u00e3o quando houver inviabilidade de competi\u00e7\u00e3o, em especial:(&#8230;)II&nbsp;&#8211;&nbsp;para a contrata\u00e7\u00e3o de servi\u00e7os t\u00e9cnicos enumerados no art. 13 desta Lei, de natureza singular, com profissionais ou empresas de not\u00f3ria especializa\u00e7\u00e3o, vedada a inexigibilidade para servi\u00e7os de publicidade e divulga\u00e7\u00e3o;Art.&nbsp;13.&nbsp;&nbsp;Para os fins desta Lei, consideram-se servi\u00e7os t\u00e9cnicos profissionais especializados os trabalhos relativos a:(&#8230;)V&nbsp;&#8211;&nbsp;patroc\u00ednio ou defesa de causas judiciais ou administrativas;<\/td><\/tr><\/tbody><\/table><figcaption class=\"wp-element-caption\"><em>Contrata\u00e7\u00e3o de servi\u00e7os jur\u00eddicos<\/em><\/figcaption><\/figure>\n\n\n\n<p>Contudo, apesar das leis transcritas se valerem de t\u00e9cnicas legislativas diversas, a previs\u00e3o \u00e9 exatamente a mesma e podemos resumir da seguinte forma:<\/p>\n\n\n\n<figure class=\"wp-block-image size-full\"><img decoding=\"async\" width=\"736\" height=\"165\" src=\"https:\/\/cj.estrategia.com\/portal\/wp-content\/uploads\/2024\/10\/29230108\/imagem.png\" alt=\"\" class=\"wp-image-81980\" srcset=\"https:\/\/cj.estrategia.com\/portal\/wp-content\/uploads\/2024\/10\/29230108\/imagem.png 736w, https:\/\/cj.estrategia.com\/portal\/wp-content\/uploads\/2024\/10\/29230108\/imagem-300x67.png 300w, https:\/\/cj.estrategia.com\/portal\/wp-content\/uploads\/2024\/10\/29230108\/imagem-380x85.png 380w, https:\/\/cj.estrategia.com\/portal\/wp-content\/uploads\/2024\/10\/29230108\/imagem-150x34.png 150w\" sizes=\"(max-width: 736px) 100vw, 736px\" \/><\/figure>\n\n\n\n<p>Dessa forma, as conclus\u00f5es do STF sobre a constitucionalidade do (revogado) artigo 25, II c\/c artigo 13 da Lei 8.666\/1993, para a contrata\u00e7\u00e3o de servi\u00e7o de advocacia, aplica-se \u00e0 previs\u00e3o atual do artigo 74, III, <em>e <\/em>da Lei 14.133\/2021.<\/p>\n\n\n\n<h5 class=\"wp-block-heading\" id=\"h-a-exigencia-de-licitacao-para-as-contratacoes-tem-previsao-no-artigo-37-4\u00ba-da-constituicao-federal-de-1988\" style=\"font-size:17px;font-style:normal;font-weight:400\"><span id=\"a-exigencia-de-licitacao-para-as-contratacoes-tem-previsao-no-artigo-37-%c2%a74o-da-constituicao-federal-de-1988\">A exig\u00eancia de licita\u00e7\u00e3o para as contrata\u00e7\u00f5es tem previs\u00e3o no artigo 37, \u00a74\u00ba da Constitui\u00e7\u00e3o Federal de 1988:<\/span><\/h5>\n\n\n\n<pre class=\"wp-block-preformatted\">Art. 37. A administra\u00e7\u00e3o p\u00fablica direta e indireta de qualquer dos Poderes da Uni\u00e3o, dos Estados, do Distrito Federal e dos Munic\u00edpios obedecer\u00e1 aos princ\u00edpios de legalidade, impessoalidade, moralidade, publicidade e efici\u00eancia e, tamb\u00e9m, ao seguinte:\n\n(...)\n\nXXI - <strong>ressalvados os casos especificados na legisla\u00e7\u00e3o, as obras, servi\u00e7os, compras e aliena\u00e7\u00f5es ser\u00e3o contratados mediante processo de licita\u00e7\u00e3o p\u00fablica<\/strong> que assegure igualdade de condi\u00e7\u00f5es a todos os concorrentes, com cl\u00e1usulas que estabele\u00e7am obriga\u00e7\u00f5es de pagamento, mantidas as condi\u00e7\u00f5es efetivas da proposta, nos termos da lei, o qual somente permitir\u00e1 as exig\u00eancias de qualifica\u00e7\u00e3o t\u00e9cnica e econ\u00f4mica indispens\u00e1veis \u00e0 garantia do cumprimento das obriga\u00e7\u00f5es.<\/pre>\n\n\n\n<p>O texto constitucional traz como regra geral que as contrata\u00e7\u00f5es realizadas pelo Estado devem ser precedidas do processo de licita\u00e7\u00e3o p\u00fablica, com a ressalva de casos especificados na legisla\u00e7\u00e3o.<\/p>\n\n\n\n<p>O pressuposto l\u00f3gico do processo licitat\u00f3rio \u00e9 a exist\u00eancia de pluralidade de objetos e de fornecedores ou prestadores de servi\u00e7os. A licita\u00e7\u00e3o demanda competi\u00e7\u00e3o entre interessados que ofertem seus bens e servi\u00e7os.&nbsp;<\/p>\n\n\n\n<p>Diante disso, a inexigibilidade de licita\u00e7\u00e3o p\u00fablica ocorre em hip\u00f3teses nas quais mostra-se invi\u00e1vel a competi\u00e7\u00e3o, o que, por sua vez, pode-se manifestar por maneiras distintas.<\/p>\n\n\n\n<p>Assim, n\u00e3o se pode perder de vista que a impossibilidade de competi\u00e7\u00e3o ocorrer\u00e1 quando estivermos diante de servi\u00e7os t\u00e9cnicos profissionais especializados de natureza singular. Ou seja, atividades cuja presta\u00e7\u00e3o demande primor t\u00e9cnico diferenciado, detido por pequena ou individualizada parcela de pessoas, as quais imprimem neles caracter\u00edsticas diferenciadas e pessoais. Em suma, s\u00e3o servi\u00e7os cuja especializa\u00e7\u00e3o requer aporte subjetivo, o denominado \u201ctoque do especialista\u201d.<\/p>\n\n\n\n<h2 class=\"wp-block-heading\" id=\"h-servicos-singulares\" style=\"font-style:normal;font-weight:400\"><span id=\"servicos-singulares\"><strong>Servi\u00e7os singulares<\/strong><\/span><\/h2>\n\n\n\n<p>A doutrina discute profundamente os limites do conceito de servi\u00e7os singulares, fazendo da seguinte forma:<\/p>\n\n\n\n<div class=\"wp-block-group is-style-cnvs-block-bg-light\"><div class=\"wp-block-group__inner-container is-layout-constrained wp-block-group-is-layout-constrained\">\n<div class=\"wp-block-media-text\" style=\"grid-template-columns:18% auto\"><figure class=\"wp-block-media-text__media\"><img decoding=\"async\" width=\"292\" height=\"427\" src=\"https:\/\/cj.estrategia.com\/portal\/wp-content\/uploads\/2024\/10\/12002356\/292-427-max.png\" alt=\"\" class=\"wp-image-79681 size-full\" srcset=\"https:\/\/cj.estrategia.com\/portal\/wp-content\/uploads\/2024\/10\/12002356\/292-427-max.png 292w, https:\/\/cj.estrategia.com\/portal\/wp-content\/uploads\/2024\/10\/12002356\/292-427-max-205x300.png 205w, https:\/\/cj.estrategia.com\/portal\/wp-content\/uploads\/2024\/10\/12002356\/292-427-max-150x219.png 150w\" sizes=\"(max-width: 292px) 100vw, 292px\" \/><\/figure><div class=\"wp-block-media-text__content\">\n<p><strong><mark style=\"background-color:rgba(0, 0, 0, 0)\" class=\"has-inline-color has-vivid-red-color\">Servi\u00e7os singulares<\/mark><\/strong> s\u00e3o os que se revestem de an\u00e1logas caracter\u00edsticas. De modo geral s\u00e3o singulares todas as produ\u00e7\u00f5es intelectuais, realizadas isolada ou conjuntamente \u2013 por equipe \u2013 sempre que o trabalho a ser produzido se defina pela marca pessoal (ou coletiva), expressada em caracter\u00edsticas cient\u00edficas, t\u00e9cnicas ou art\u00edsticas importantes para o preenchimento da necessidade administrativa a ser suprida. Neste quadro cabem os mais variados servi\u00e7os; uma monografia escrita por experiente jurista; uma interven\u00e7\u00e3o cir\u00fargica realizada por qualificado cirurgi\u00e3o; uma pesquisa sociol\u00f3gica empreendida por uma equipe de planejamento urbano; um ciclo de confer\u00eancias efetuado por professores; uma exibi\u00e7\u00e3o de orquestra sinf\u00f4nica; uma per\u00edcia t\u00e9cnica sobre o estado de coisas ou das causas que o geraram. Todos esses servi\u00e7os se singularizam por um estilo ou uma orienta\u00e7\u00e3o pessoal. Note-se que a singularidade mencionada n\u00e3o significa que outros n\u00e3o possam realizar o mesmo servi\u00e7o. Isto \u00e9, s\u00e3o singulares, embora n\u00e3o sejam necessariamente \u00fanicos.<br><strong><em>(Celso Ant\u00f4nio Bandeira de Mello &#8211; Curso de Direito Administrativo. S\u00e3o Paulo: Malheiros. 2002. p. 482)<\/em><\/strong><\/p>\n<\/div><\/div>\n<\/div><\/div>\n\n\n\n<p>De acordo com o Ministro DIAS TOFFOLI, relator dos Recursos Extraordin\u00e1rios n\u00ba 656.558\/SP e 610.523\/SP os servi\u00e7os de advocacia tem caracter\u00edsticas pr\u00f3prias que tornam <em>latente a dificuldade de se proceder ao procedimento licitat\u00f3rio para a contrata\u00e7\u00e3o desses servi\u00e7os<\/em>.<\/p>\n\n\n\n<p>Para a completa an\u00e1lise do caso, al\u00e9m da constitucionalidade da norma que previa (e da atual norma, que prev\u00ea) a inexigibilidade de licita\u00e7\u00e3o para a contrata\u00e7\u00e3o de servi\u00e7o de patroc\u00ednio ou defesa de causas judiciais ou administrativas, a contrata\u00e7\u00e3o somente ser\u00e1 poss\u00edvel se preenchidos os requisitos da lei e desde que n\u00e3o haja impedimento espec\u00edfico para a contrata\u00e7\u00e3o desses servi\u00e7os.<\/p>\n\n\n\n<h5 class=\"wp-block-heading\" id=\"h-segundo-o-voto-do-ministro-relator\" style=\"font-size:17px;font-style:normal;font-weight:400\"><span id=\"segundo-o-voto-do-ministro-relator\">Segundo o voto do Ministro Relator:<\/span><\/h5>\n\n\n\n<div class=\"wp-block-group is-style-cnvs-block-bordered\"><div class=\"wp-block-group__inner-container is-layout-constrained wp-block-group-is-layout-constrained\">\n<p><em>a prop\u00f3sito dos servi\u00e7os advocat\u00edcios, n\u00e3o se vislumbra, na Constitui\u00e7\u00e3o Federal, primo ictu oculi, a obrigatoriedade de que, em todo munic\u00edpio, seja criada uma procuradoria municipal para a representa\u00e7\u00e3o judicial, extrajudicial, ou para a atividade de consultoria jur\u00eddica, embora tal desiderato fosse o ideal<\/em>.<\/p>\n<\/div><\/div>\n\n\n\n<p>N\u00e3o obstante a inexist\u00eancia de obriga\u00e7\u00e3o constitucional para exist\u00eancia de procuradoria municipal, n\u00e3o h\u00e1 impedimento para que determinada municipalidade, vislumbrando a exist\u00eancia de procuradores municipais aptos para o pleno exerc\u00edcio da representa\u00e7\u00e3o do munic\u00edpio, de seus \u00f3rg\u00e3os ou dos entes da administra\u00e7\u00e3o direta, ou at\u00e9 mesmo indireta, e para o cumprimento, com efici\u00eancia, das atividades de consultoria, possa editar norma a impedir a contrata\u00e7\u00e3o de advogados privados para o exerc\u00edcio dessas atividades. Nesse caso, haveria norma local expressamente proibindo a contrata\u00e7\u00e3o da presta\u00e7\u00e3o de servi\u00e7o de advocacia para representa\u00e7\u00e3o do ente municipal.<\/p>\n\n\n\n<p>Por outro lado, ausente impedimento espec\u00edfico, a simples exist\u00eancia de procuradores municipais concursados n\u00e3o impede, por si s\u00f3, para a contrata\u00e7\u00e3o de advogados qualificados sob o manto da inexigibilidade de licita\u00e7\u00e3o, quando houver real necessidade e preenchidos os requisitos sobre as quais j\u00e1 me referi.<\/p>\n\n\n\n<p>Por fim, com estes fundamentos, segundo o Ministro Relator, a contrata\u00e7\u00e3o de servi\u00e7os advocat\u00edcios, com inexigibilidade de pr\u00e9via licita\u00e7\u00e3o \u00e9 poss\u00edvel, e s\u00f3 ter\u00e1 validade se n\u00e3o houver norma impeditiva \u2013 no caso, municipal.<\/p>\n\n\n\n<h2 class=\"wp-block-heading\" id=\"h-tema-n\u00ba-309-contratacao-de-servicos-juridicos\" style=\"font-style:normal;font-weight:400\"><span id=\"tema-no-309-contratacao-de-servicos-juridicos\"><strong>Tema n\u00ba 309 &#8211; Contrata\u00e7\u00e3o de servi\u00e7os jur\u00eddicos<\/strong><\/span><\/h2>\n\n\n\n<p>Foi proposta a seguinte tese de repercuss\u00e3o geral (Tema n\u00ba 309):<\/p>\n\n\n\n<pre class=\"wp-block-preformatted\">S\u00e3o constitucionais os arts. 13, V, e 25, II, da Lei n\u00ba 8.666\/1993, desde de que interpretados no sentido de que a contrata\u00e7\u00e3o direta de servi\u00e7os advocat\u00edcios pela Administra\u00e7\u00e3o P\u00fablica, por inexigibilidade de licita\u00e7\u00e3o, al\u00e9m dos crit\u00e9rios j\u00e1 previstos expressamente (necessidade de procedimento administrativo formal; not\u00f3ria especializa\u00e7\u00e3o profissional; natureza singular do servi\u00e7o), deve observar: (i) inadequa\u00e7\u00e3o da presta\u00e7\u00e3o do servi\u00e7o pelos integrantes do Poder P\u00fablico; e (ii) cobran\u00e7a de pre\u00e7o compat\u00edvel com a responsabilidade profissional exigida pelo caso, observado, tamb\u00e9m, o valor m\u00e9dio cobrado pelo escrit\u00f3rio de advocacia contratado em situa\u00e7\u00f5es similares anteriores.<\/pre>\n\n\n\n<p class=\"has-text-align-center\" style=\"font-size:26px\"><strong>Quer estudar para Concursos de Direito?<\/strong><\/p>\n\n\n\n<p class=\"has-text-align-center\">Confira nossos&nbsp;<a href=\"https:\/\/cj.estrategia.com\/portal\/\" target=\"_blank\" >artigos para Carreiras Jur\u00eddicas<\/a>!<\/p>\n\n\n\n<p class=\"has-text-align-center has-white-color has-pale-cyan-blue-background-color has-text-color has-background has-link-color wp-elements-1452b92fd003dcb03b27128cfbd399ee\"><a href=\"https:\/\/www.estrategiaconcursos.com.br\/blog\/concursos-abertos\/\" target=\"_blank\" ><strong>Confira os concursos p\u00fablicos abertos<\/strong><\/a><\/p>\n\n\n\n<p class=\"has-text-align-center has-white-color has-pale-cyan-blue-background-color has-text-color has-background has-link-color wp-elements-4342691eed34cfab132bf084a4b5a528\"><a href=\"https:\/\/cj.estrategia.com\/portal\/concursos-2025-carreiras-juridicas\/\" target=\"_blank\" ><strong>Concursos 2025<\/strong><\/a><\/p>\n\n\n\n<p>O Estrat\u00e9gia Carreira Jur\u00eddica \u00e9 campe\u00e3o de aprova\u00e7\u00f5es nos concursos para Carreiras Jur\u00eddicas com um corpo docente qualificado e materiais completos. Conhe\u00e7a nossos cursos e garanta sua aprova\u00e7\u00e3o:<\/p>\n\n\n\n<div class=\"wp-block-cover\" style=\"min-height:155px;aspect-ratio:unset;\"><img decoding=\"async\" width=\"1890\" height=\"351\" class=\"wp-block-cover__image-background wp-image-8669\" alt=\"Assinaturas Jur\u00eddicas\" src=\"https:\/\/cj.estrategia.com\/portal\/wp-content\/uploads\/2022\/06\/20151253\/concurso-carreiras-juridicas-assinatura-juridica.jpg\" style=\"object-position:78% 43%\" data-object-fit=\"cover\" data-object-position=\"78% 43%\" srcset=\"https:\/\/cj.estrategia.com\/portal\/wp-content\/uploads\/2022\/06\/20151253\/concurso-carreiras-juridicas-assinatura-juridica.jpg 1890w, https:\/\/cj.estrategia.com\/portal\/wp-content\/uploads\/2022\/06\/20151253\/concurso-carreiras-juridicas-assinatura-juridica-300x56.jpg 300w, https:\/\/cj.estrategia.com\/portal\/wp-content\/uploads\/2022\/06\/20151253\/concurso-carreiras-juridicas-assinatura-juridica-1024x190.jpg 1024w, https:\/\/cj.estrategia.com\/portal\/wp-content\/uploads\/2022\/06\/20151253\/concurso-carreiras-juridicas-assinatura-juridica-768x143.jpg 768w, https:\/\/cj.estrategia.com\/portal\/wp-content\/uploads\/2022\/06\/20151253\/concurso-carreiras-juridicas-assinatura-juridica-1536x285.jpg 1536w, https:\/\/cj.estrategia.com\/portal\/wp-content\/uploads\/2022\/06\/20151253\/concurso-carreiras-juridicas-assinatura-juridica-380x71.jpg 380w, https:\/\/cj.estrategia.com\/portal\/wp-content\/uploads\/2022\/06\/20151253\/concurso-carreiras-juridicas-assinatura-juridica-800x149.jpg 800w, https:\/\/cj.estrategia.com\/portal\/wp-content\/uploads\/2022\/06\/20151253\/concurso-carreiras-juridicas-assinatura-juridica-1160x215.jpg 1160w\" sizes=\"(max-width: 1890px) 100vw, 1890px\" \/><span aria-hidden=\"true\" class=\"wp-block-cover__background has-background-dim\"><\/span><div class=\"wp-block-cover__inner-container is-layout-flow wp-block-cover-is-layout-flow\">\n<h3 id=\"faca-a-sua-assinatura\" class=\"titulo-assinatura\"><span style=\"color: #ffffff;\">Fa\u00e7a a sua assinatura!<\/span><\/h3>\n<p class=\"subtitulo-assinatura\" style=\"display:block!important; line-height: 0;\"><span style=\"color: #ffffff;\">Escolha a sua \u00e1rea.<\/span><\/p>\n<a target=\"_blank\" href=\"https:\/\/www.estrategiaconcursos.com.br\/assinaturas-ecj\/\" rel=\"noopener\"><button style=\"border-radius: 10px; text-transform: capitalize;\">Acessar<\/button><\/a>\n<\/div><\/div>\n\n\n\n<div id=\"boxes\" class=\"container\">\n<div class=\"row\">\n<div class=\"col-sm\">\n<div id=\"box-assinatura\" class=\"banner-estrategia-concursos-juridicos\">\n<h3 id=\"curso-para-carreiras-juridicas\" class=\"titulo-assinatura\"><span style=\"color: #ffffff; font-size: 23px; \">Curso para Carreiras Jur\u00eddicas<\/span><\/h3>\n<p class=\"subtitulo-assinatura\">Cursos focados no edital do concurso<\/p>\n<div class=\"box-botao\"><a class=\"btn-assinatura-juridica\" role=\"button\" href=\"https:\/\/cj.estrategia.com\/cursos\/\" target=\"_blank\" rel=\"noopener noreferrer\">Conhe\u00e7a mais<\/a><\/div>\n<\/div>\n<p class=\"texto-auxiliar\">Prepare-se com o melhor material e com quem mais aprova em concursos em todo o pa\u00eds.<\/p>\n<\/div>\n<\/div>\n<\/div>\n","protected":false},"excerpt":{"rendered":"O Supremo Tribunal Federal decidiu que entes p\u00fablicos podem contratar servi\u00e7os jur\u00eddicos especializados sem licita\u00e7\u00e3o em casos de&hellip;\n","protected":false},"author":97,"featured_media":81969,"comment_status":"open","ping_status":"open","sticky":false,"template":"","format":"standard","meta":{"_jetpack_memberships_contains_paid_content":false,"footnotes":""},"categories":[1],"tags":[336,1324,1326,1329,1328,1330,1325,1327,134,1331],"tax_estado":[30,31,32,33,34,35,36,37,38,39,40,41,42,43,44,45,46,47,48,49,50,51,52,53,54,55,56,57],"class_list":{"0":"post-81942","1":"post","2":"type-post","3":"status-publish","4":"format-standard","5":"has-post-thumbnail","7":"category-carreiras-juridicas","8":"tag-analise-juridica","9":"tag-entes-publicos","10":"tag-inexigibilidade","11":"tag-lei-14-133-2021","12":"tag-lei-8-666-1993","13":"tag-lei-de-licitacoes","14":"tag-servicos-juridicos","15":"tag-servicos-singulares","16":"tag-stf","17":"tag-tema-no-309","18":"tax_estado-ac","19":"tax_estado-al","20":"tax_estado-am","21":"tax_estado-ap","22":"tax_estado-ba","23":"tax_estado-ce","24":"tax_estado-concursos-federais","25":"tax_estado-df","26":"tax_estado-es","27":"tax_estado-go","28":"tax_estado-ma","29":"tax_estado-mg","30":"tax_estado-ms","31":"tax_estado-mt","32":"tax_estado-pa","33":"tax_estado-pb","34":"tax_estado-pe","35":"tax_estado-pi","36":"tax_estado-pr","37":"tax_estado-rj","38":"tax_estado-rn","39":"tax_estado-ro","40":"tax_estado-rr","41":"tax_estado-rs","42":"tax_estado-sc","43":"tax_estado-se","44":"tax_estado-sp","45":"tax_estado-to"},"acf":[],"yoast_head":"<!-- This site is optimized with the Yoast SEO Premium plugin v27.4 (Yoast SEO v27.4) - https:\/\/yoast.com\/product\/yoast-seo-premium-wordpress\/ -->\n<title>Servi\u00e7os Jur\u00eddicos podem ser contratados sem licita\u00e7\u00e3o<\/title>\n<meta name=\"description\" content=\"Supremo decide que entes p\u00fablicos podem contratar servi\u00e7os jur\u00eddicos especializados sem licita\u00e7\u00e3o em casos de not\u00f3ria especializa\u00e7\u00e3o.\" \/>\n<meta name=\"robots\" content=\"index, follow, max-snippet:-1, max-image-preview:large, max-video-preview:-1\" \/>\n<link rel=\"canonical\" href=\"https:\/\/cj.estrategia.com\/portal\/contratacao-servicos-juridicos-sem-licitacao\/\" \/>\n<meta property=\"og:locale\" content=\"pt_BR\" \/>\n<meta property=\"og:type\" content=\"article\" \/>\n<meta property=\"og:title\" content=\"STF decide que entes p\u00fablicos podem contratar servi\u00e7os jur\u00eddicos sem licita\u00e7\u00e3o\" \/>\n<meta property=\"og:description\" content=\"Supremo decide que entes p\u00fablicos podem contratar servi\u00e7os jur\u00eddicos especializados sem licita\u00e7\u00e3o em casos de not\u00f3ria especializa\u00e7\u00e3o.\" \/>\n<meta property=\"og:url\" content=\"https:\/\/cj.estrategia.com\/portal\/contratacao-servicos-juridicos-sem-licitacao\/\" \/>\n<meta property=\"og:site_name\" content=\"Blog - Carreiras Jur\u00eddicas - Estrat\u00e9gia\" \/>\n<meta property=\"article:publisher\" content=\"https:\/\/www.facebook.com\/estrategiacarreirajuridica\/\" \/>\n<meta property=\"article:published_time\" content=\"2024-10-30T02:32:18+00:00\" \/>\n<meta property=\"article:modified_time\" content=\"2024-12-01T15:28:33+00:00\" \/>\n<meta property=\"og:image\" content=\"https:\/\/cj.estrategia.com\/portal\/wp-content\/uploads\/2024\/10\/29224446\/business-people-studying-contract-terms-scaled.jpg\" \/>\n\t<meta property=\"og:image:width\" content=\"2560\" \/>\n\t<meta property=\"og:image:height\" content=\"1707\" \/>\n\t<meta property=\"og:image:type\" content=\"image\/jpeg\" \/>\n<meta name=\"author\" content=\"Jo\u00e3o Lawall\" \/>\n<meta name=\"twitter:card\" content=\"summary_large_image\" \/>\n<meta name=\"twitter:creator\" content=\"@EstratJuridica\" \/>\n<meta name=\"twitter:site\" content=\"@EstratJuridica\" \/>\n<meta name=\"twitter:label1\" content=\"Escrito por\" \/>\n\t<meta name=\"twitter:data1\" content=\"Jo\u00e3o Lawall\" \/>\n\t<meta name=\"twitter:label2\" content=\"Est. tempo de leitura\" \/>\n\t<meta name=\"twitter:data2\" content=\"17 minutos\" \/>\n<script type=\"application\/ld+json\" class=\"yoast-schema-graph\">{\"@context\":\"https:\\\/\\\/schema.org\",\"@graph\":[{\"@type\":\"NewsArticle\",\"@id\":\"https:\\\/\\\/cj.estrategia.com\\\/portal\\\/contratacao-servicos-juridicos-sem-licitacao\\\/#article\",\"isPartOf\":{\"@id\":\"https:\\\/\\\/cj.estrategia.com\\\/portal\\\/contratacao-servicos-juridicos-sem-licitacao\\\/\"},\"author\":{\"name\":\"Jo\u00e3o Lawall\",\"@id\":\"https:\\\/\\\/cj.estrategia.com\\\/portal\\\/#\\\/schema\\\/person\\\/a938c693b3129f719ab13aac0332b06e\"},\"headline\":\"STF decide que entes p\u00fablicos podem contratar servi\u00e7os jur\u00eddicos sem licita\u00e7\u00e3o\",\"datePublished\":\"2024-10-30T02:32:18+00:00\",\"dateModified\":\"2024-12-01T15:28:33+00:00\",\"mainEntityOfPage\":{\"@id\":\"https:\\\/\\\/cj.estrategia.com\\\/portal\\\/contratacao-servicos-juridicos-sem-licitacao\\\/\"},\"wordCount\":1653,\"commentCount\":0,\"publisher\":{\"@id\":\"https:\\\/\\\/cj.estrategia.com\\\/portal\\\/#organization\"},\"image\":{\"@id\":\"https:\\\/\\\/cj.estrategia.com\\\/portal\\\/contratacao-servicos-juridicos-sem-licitacao\\\/#primaryimage\"},\"thumbnailUrl\":\"https:\\\/\\\/cj.estrategia.com\\\/portal\\\/wp-content\\\/uploads\\\/2024\\\/10\\\/29224446\\\/business-people-studying-contract-terms-scaled.jpg\",\"keywords\":[\"an\u00e1lise jur\u00eddica\",\"entes p\u00fablicos\",\"inexigibilidade\",\"Lei 14.133\\\/2021\",\"Lei 8.666\\\/1993\",\"lei de licita\u00e7\u00f5es\",\"servi\u00e7os jur\u00eddicos\",\"servi\u00e7os singulares\",\"STF\",\"tema n\u00ba 309\"],\"articleSection\":[\"Carreiras Jur\u00eddicas\"],\"inLanguage\":\"pt-BR\",\"potentialAction\":[{\"@type\":\"CommentAction\",\"name\":\"Comment\",\"target\":[\"https:\\\/\\\/cj.estrategia.com\\\/portal\\\/contratacao-servicos-juridicos-sem-licitacao\\\/#respond\"]}]},{\"@type\":\"WebPage\",\"@id\":\"https:\\\/\\\/cj.estrategia.com\\\/portal\\\/contratacao-servicos-juridicos-sem-licitacao\\\/\",\"url\":\"https:\\\/\\\/cj.estrategia.com\\\/portal\\\/contratacao-servicos-juridicos-sem-licitacao\\\/\",\"name\":\"Servi\u00e7os Jur\u00eddicos podem ser contratados sem licita\u00e7\u00e3o\",\"isPartOf\":{\"@id\":\"https:\\\/\\\/cj.estrategia.com\\\/portal\\\/#website\"},\"primaryImageOfPage\":{\"@id\":\"https:\\\/\\\/cj.estrategia.com\\\/portal\\\/contratacao-servicos-juridicos-sem-licitacao\\\/#primaryimage\"},\"image\":{\"@id\":\"https:\\\/\\\/cj.estrategia.com\\\/portal\\\/contratacao-servicos-juridicos-sem-licitacao\\\/#primaryimage\"},\"thumbnailUrl\":\"https:\\\/\\\/cj.estrategia.com\\\/portal\\\/wp-content\\\/uploads\\\/2024\\\/10\\\/29224446\\\/business-people-studying-contract-terms-scaled.jpg\",\"datePublished\":\"2024-10-30T02:32:18+00:00\",\"dateModified\":\"2024-12-01T15:28:33+00:00\",\"description\":\"Supremo decide que entes p\u00fablicos podem contratar servi\u00e7os jur\u00eddicos especializados sem licita\u00e7\u00e3o em casos de not\u00f3ria especializa\u00e7\u00e3o.\",\"breadcrumb\":{\"@id\":\"https:\\\/\\\/cj.estrategia.com\\\/portal\\\/contratacao-servicos-juridicos-sem-licitacao\\\/#breadcrumb\"},\"inLanguage\":\"pt-BR\",\"potentialAction\":[{\"@type\":\"ReadAction\",\"target\":[\"https:\\\/\\\/cj.estrategia.com\\\/portal\\\/contratacao-servicos-juridicos-sem-licitacao\\\/\"]}]},{\"@type\":\"ImageObject\",\"inLanguage\":\"pt-BR\",\"@id\":\"https:\\\/\\\/cj.estrategia.com\\\/portal\\\/contratacao-servicos-juridicos-sem-licitacao\\\/#primaryimage\",\"url\":\"https:\\\/\\\/cj.estrategia.com\\\/portal\\\/wp-content\\\/uploads\\\/2024\\\/10\\\/29224446\\\/business-people-studying-contract-terms-scaled.jpg\",\"contentUrl\":\"https:\\\/\\\/cj.estrategia.com\\\/portal\\\/wp-content\\\/uploads\\\/2024\\\/10\\\/29224446\\\/business-people-studying-contract-terms-scaled.jpg\",\"width\":2560,\"height\":1707,\"caption\":\"Business people studying contract terms at meeting. Business man and women sitting at cafe table and reading documents. Paperwork closeup concept\"},{\"@type\":\"BreadcrumbList\",\"@id\":\"https:\\\/\\\/cj.estrategia.com\\\/portal\\\/contratacao-servicos-juridicos-sem-licitacao\\\/#breadcrumb\",\"itemListElement\":[{\"@type\":\"ListItem\",\"position\":1,\"name\":\"In\u00edcio\",\"item\":\"https:\\\/\\\/cj.estrategia.com\\\/portal\\\/\"},{\"@type\":\"ListItem\",\"position\":2,\"name\":\"STF decide que entes p\u00fablicos podem contratar servi\u00e7os jur\u00eddicos sem licita\u00e7\u00e3o\"}]},{\"@type\":\"WebSite\",\"@id\":\"https:\\\/\\\/cj.estrategia.com\\\/portal\\\/#website\",\"url\":\"https:\\\/\\\/cj.estrategia.com\\\/portal\\\/\",\"name\":\"Blog - Carreiras Jur\u00eddicas - Estrat\u00e9gia\",\"description\":\"\",\"publisher\":{\"@id\":\"https:\\\/\\\/cj.estrategia.com\\\/portal\\\/#organization\"},\"potentialAction\":[{\"@type\":\"SearchAction\",\"target\":{\"@type\":\"EntryPoint\",\"urlTemplate\":\"https:\\\/\\\/cj.estrategia.com\\\/portal\\\/?s={search_term_string}\"},\"query-input\":{\"@type\":\"PropertyValueSpecification\",\"valueRequired\":true,\"valueName\":\"search_term_string\"}}],\"inLanguage\":\"pt-BR\"},{\"@type\":\"Organization\",\"@id\":\"https:\\\/\\\/cj.estrategia.com\\\/portal\\\/#organization\",\"name\":\"Estrat\u00e9gia - Carreiras Jur\u00eddicas\",\"url\":\"https:\\\/\\\/cj.estrategia.com\\\/portal\\\/\",\"logo\":{\"@type\":\"ImageObject\",\"inLanguage\":\"pt-BR\",\"@id\":\"https:\\\/\\\/cj.estrategia.com\\\/portal\\\/#\\\/schema\\\/logo\\\/image\\\/\",\"url\":\"https:\\\/\\\/cj.estrategia.com\\\/portal\\\/wp-content\\\/uploads\\\/2022\\\/03\\\/11151052\\\/cj-logo.png\",\"contentUrl\":\"https:\\\/\\\/cj.estrategia.com\\\/portal\\\/wp-content\\\/uploads\\\/2022\\\/03\\\/11151052\\\/cj-logo.png\",\"width\":150,\"height\":39,\"caption\":\"Estrat\u00e9gia - Carreiras Jur\u00eddicas\"},\"image\":{\"@id\":\"https:\\\/\\\/cj.estrategia.com\\\/portal\\\/#\\\/schema\\\/logo\\\/image\\\/\"},\"sameAs\":[\"https:\\\/\\\/www.facebook.com\\\/estrategiacarreirajuridica\\\/\",\"https:\\\/\\\/x.com\\\/EstratJuridica\",\"https:\\\/\\\/www.instagram.com\\\/estrategiacarreirajuridica\\\/\",\"https:\\\/\\\/www.youtube.com\\\/channel\\\/UClbMGuYbj2Mh1m3w144ETWQ\"]},{\"@type\":\"Person\",\"@id\":\"https:\\\/\\\/cj.estrategia.com\\\/portal\\\/#\\\/schema\\\/person\\\/a938c693b3129f719ab13aac0332b06e\",\"name\":\"Jo\u00e3o Lawall\",\"image\":{\"@type\":\"ImageObject\",\"inLanguage\":\"pt-BR\",\"@id\":\"https:\\\/\\\/secure.gravatar.com\\\/avatar\\\/cf7a02c39d899eb1575ce4c3ad1a73df939f01629ae0c9f366ddf83725b3ea6c?s=96&d=mm&r=g\",\"url\":\"https:\\\/\\\/secure.gravatar.com\\\/avatar\\\/cf7a02c39d899eb1575ce4c3ad1a73df939f01629ae0c9f366ddf83725b3ea6c?s=96&d=mm&r=g\",\"contentUrl\":\"https:\\\/\\\/secure.gravatar.com\\\/avatar\\\/cf7a02c39d899eb1575ce4c3ad1a73df939f01629ae0c9f366ddf83725b3ea6c?s=96&d=mm&r=g\",\"caption\":\"Jo\u00e3o Lawall\"},\"url\":\"https:\\\/\\\/cj.estrategia.com\\\/portal\\\/author\\\/joao-lawall\\\/\"}]}<\/script>\n<!-- \/ Yoast SEO Premium plugin. -->","yoast_head_json":{"title":"Servi\u00e7os Jur\u00eddicos podem ser contratados sem licita\u00e7\u00e3o","description":"Supremo decide que entes p\u00fablicos podem contratar servi\u00e7os jur\u00eddicos especializados sem licita\u00e7\u00e3o em casos de not\u00f3ria especializa\u00e7\u00e3o.","robots":{"index":"index","follow":"follow","max-snippet":"max-snippet:-1","max-image-preview":"max-image-preview:large","max-video-preview":"max-video-preview:-1"},"canonical":"https:\/\/cj.estrategia.com\/portal\/contratacao-servicos-juridicos-sem-licitacao\/","og_locale":"pt_BR","og_type":"article","og_title":"STF decide que entes p\u00fablicos podem contratar servi\u00e7os jur\u00eddicos sem licita\u00e7\u00e3o","og_description":"Supremo decide que entes p\u00fablicos podem contratar servi\u00e7os jur\u00eddicos especializados sem licita\u00e7\u00e3o em casos de not\u00f3ria especializa\u00e7\u00e3o.","og_url":"https:\/\/cj.estrategia.com\/portal\/contratacao-servicos-juridicos-sem-licitacao\/","og_site_name":"Blog - Carreiras Jur\u00eddicas - Estrat\u00e9gia","article_publisher":"https:\/\/www.facebook.com\/estrategiacarreirajuridica\/","article_published_time":"2024-10-30T02:32:18+00:00","article_modified_time":"2024-12-01T15:28:33+00:00","og_image":[{"width":2560,"height":1707,"url":"https:\/\/cj.estrategia.com\/portal\/wp-content\/uploads\/2024\/10\/29224446\/business-people-studying-contract-terms-scaled.jpg","type":"image\/jpeg"}],"author":"Jo\u00e3o Lawall","twitter_card":"summary_large_image","twitter_creator":"@EstratJuridica","twitter_site":"@EstratJuridica","twitter_misc":{"Escrito por":"Jo\u00e3o Lawall","Est. tempo de leitura":"17 minutos"},"schema":{"@context":"https:\/\/schema.org","@graph":[{"@type":"NewsArticle","@id":"https:\/\/cj.estrategia.com\/portal\/contratacao-servicos-juridicos-sem-licitacao\/#article","isPartOf":{"@id":"https:\/\/cj.estrategia.com\/portal\/contratacao-servicos-juridicos-sem-licitacao\/"},"author":{"name":"Jo\u00e3o Lawall","@id":"https:\/\/cj.estrategia.com\/portal\/#\/schema\/person\/a938c693b3129f719ab13aac0332b06e"},"headline":"STF decide que entes p\u00fablicos podem contratar servi\u00e7os jur\u00eddicos sem licita\u00e7\u00e3o","datePublished":"2024-10-30T02:32:18+00:00","dateModified":"2024-12-01T15:28:33+00:00","mainEntityOfPage":{"@id":"https:\/\/cj.estrategia.com\/portal\/contratacao-servicos-juridicos-sem-licitacao\/"},"wordCount":1653,"commentCount":0,"publisher":{"@id":"https:\/\/cj.estrategia.com\/portal\/#organization"},"image":{"@id":"https:\/\/cj.estrategia.com\/portal\/contratacao-servicos-juridicos-sem-licitacao\/#primaryimage"},"thumbnailUrl":"https:\/\/cj.estrategia.com\/portal\/wp-content\/uploads\/2024\/10\/29224446\/business-people-studying-contract-terms-scaled.jpg","keywords":["an\u00e1lise jur\u00eddica","entes p\u00fablicos","inexigibilidade","Lei 14.133\/2021","Lei 8.666\/1993","lei de licita\u00e7\u00f5es","servi\u00e7os jur\u00eddicos","servi\u00e7os singulares","STF","tema n\u00ba 309"],"articleSection":["Carreiras Jur\u00eddicas"],"inLanguage":"pt-BR","potentialAction":[{"@type":"CommentAction","name":"Comment","target":["https:\/\/cj.estrategia.com\/portal\/contratacao-servicos-juridicos-sem-licitacao\/#respond"]}]},{"@type":"WebPage","@id":"https:\/\/cj.estrategia.com\/portal\/contratacao-servicos-juridicos-sem-licitacao\/","url":"https:\/\/cj.estrategia.com\/portal\/contratacao-servicos-juridicos-sem-licitacao\/","name":"Servi\u00e7os Jur\u00eddicos podem ser contratados sem licita\u00e7\u00e3o","isPartOf":{"@id":"https:\/\/cj.estrategia.com\/portal\/#website"},"primaryImageOfPage":{"@id":"https:\/\/cj.estrategia.com\/portal\/contratacao-servicos-juridicos-sem-licitacao\/#primaryimage"},"image":{"@id":"https:\/\/cj.estrategia.com\/portal\/contratacao-servicos-juridicos-sem-licitacao\/#primaryimage"},"thumbnailUrl":"https:\/\/cj.estrategia.com\/portal\/wp-content\/uploads\/2024\/10\/29224446\/business-people-studying-contract-terms-scaled.jpg","datePublished":"2024-10-30T02:32:18+00:00","dateModified":"2024-12-01T15:28:33+00:00","description":"Supremo decide que entes p\u00fablicos podem contratar servi\u00e7os jur\u00eddicos especializados sem licita\u00e7\u00e3o em casos de not\u00f3ria especializa\u00e7\u00e3o.","breadcrumb":{"@id":"https:\/\/cj.estrategia.com\/portal\/contratacao-servicos-juridicos-sem-licitacao\/#breadcrumb"},"inLanguage":"pt-BR","potentialAction":[{"@type":"ReadAction","target":["https:\/\/cj.estrategia.com\/portal\/contratacao-servicos-juridicos-sem-licitacao\/"]}]},{"@type":"ImageObject","inLanguage":"pt-BR","@id":"https:\/\/cj.estrategia.com\/portal\/contratacao-servicos-juridicos-sem-licitacao\/#primaryimage","url":"https:\/\/cj.estrategia.com\/portal\/wp-content\/uploads\/2024\/10\/29224446\/business-people-studying-contract-terms-scaled.jpg","contentUrl":"https:\/\/cj.estrategia.com\/portal\/wp-content\/uploads\/2024\/10\/29224446\/business-people-studying-contract-terms-scaled.jpg","width":2560,"height":1707,"caption":"Business people studying contract terms at meeting. Business man and women sitting at cafe table and reading documents. Paperwork closeup concept"},{"@type":"BreadcrumbList","@id":"https:\/\/cj.estrategia.com\/portal\/contratacao-servicos-juridicos-sem-licitacao\/#breadcrumb","itemListElement":[{"@type":"ListItem","position":1,"name":"In\u00edcio","item":"https:\/\/cj.estrategia.com\/portal\/"},{"@type":"ListItem","position":2,"name":"STF decide que entes p\u00fablicos podem contratar servi\u00e7os jur\u00eddicos sem licita\u00e7\u00e3o"}]},{"@type":"WebSite","@id":"https:\/\/cj.estrategia.com\/portal\/#website","url":"https:\/\/cj.estrategia.com\/portal\/","name":"Blog - Carreiras Jur\u00eddicas - Estrat\u00e9gia","description":"","publisher":{"@id":"https:\/\/cj.estrategia.com\/portal\/#organization"},"potentialAction":[{"@type":"SearchAction","target":{"@type":"EntryPoint","urlTemplate":"https:\/\/cj.estrategia.com\/portal\/?s={search_term_string}"},"query-input":{"@type":"PropertyValueSpecification","valueRequired":true,"valueName":"search_term_string"}}],"inLanguage":"pt-BR"},{"@type":"Organization","@id":"https:\/\/cj.estrategia.com\/portal\/#organization","name":"Estrat\u00e9gia - Carreiras Jur\u00eddicas","url":"https:\/\/cj.estrategia.com\/portal\/","logo":{"@type":"ImageObject","inLanguage":"pt-BR","@id":"https:\/\/cj.estrategia.com\/portal\/#\/schema\/logo\/image\/","url":"https:\/\/cj.estrategia.com\/portal\/wp-content\/uploads\/2022\/03\/11151052\/cj-logo.png","contentUrl":"https:\/\/cj.estrategia.com\/portal\/wp-content\/uploads\/2022\/03\/11151052\/cj-logo.png","width":150,"height":39,"caption":"Estrat\u00e9gia - Carreiras Jur\u00eddicas"},"image":{"@id":"https:\/\/cj.estrategia.com\/portal\/#\/schema\/logo\/image\/"},"sameAs":["https:\/\/www.facebook.com\/estrategiacarreirajuridica\/","https:\/\/x.com\/EstratJuridica","https:\/\/www.instagram.com\/estrategiacarreirajuridica\/","https:\/\/www.youtube.com\/channel\/UClbMGuYbj2Mh1m3w144ETWQ"]},{"@type":"Person","@id":"https:\/\/cj.estrategia.com\/portal\/#\/schema\/person\/a938c693b3129f719ab13aac0332b06e","name":"Jo\u00e3o Lawall","image":{"@type":"ImageObject","inLanguage":"pt-BR","@id":"https:\/\/secure.gravatar.com\/avatar\/cf7a02c39d899eb1575ce4c3ad1a73df939f01629ae0c9f366ddf83725b3ea6c?s=96&d=mm&r=g","url":"https:\/\/secure.gravatar.com\/avatar\/cf7a02c39d899eb1575ce4c3ad1a73df939f01629ae0c9f366ddf83725b3ea6c?s=96&d=mm&r=g","contentUrl":"https:\/\/secure.gravatar.com\/avatar\/cf7a02c39d899eb1575ce4c3ad1a73df939f01629ae0c9f366ddf83725b3ea6c?s=96&d=mm&r=g","caption":"Jo\u00e3o Lawall"},"url":"https:\/\/cj.estrategia.com\/portal\/author\/joao-lawall\/"}]}},"jetpack_featured_media_url":"https:\/\/cj.estrategia.com\/portal\/wp-content\/uploads\/2024\/10\/29224446\/business-people-studying-contract-terms-scaled.jpg","jetpack_sharing_enabled":true,"_links":{"self":[{"href":"https:\/\/cj.estrategia.com\/portal\/wp-json\/wp\/v2\/posts\/81942","targetHints":{"allow":["GET"]}}],"collection":[{"href":"https:\/\/cj.estrategia.com\/portal\/wp-json\/wp\/v2\/posts"}],"about":[{"href":"https:\/\/cj.estrategia.com\/portal\/wp-json\/wp\/v2\/types\/post"}],"author":[{"embeddable":true,"href":"https:\/\/cj.estrategia.com\/portal\/wp-json\/wp\/v2\/users\/97"}],"replies":[{"embeddable":true,"href":"https:\/\/cj.estrategia.com\/portal\/wp-json\/wp\/v2\/comments?post=81942"}],"version-history":[{"count":42,"href":"https:\/\/cj.estrategia.com\/portal\/wp-json\/wp\/v2\/posts\/81942\/revisions"}],"predecessor-version":[{"id":82007,"href":"https:\/\/cj.estrategia.com\/portal\/wp-json\/wp\/v2\/posts\/81942\/revisions\/82007"}],"wp:featuredmedia":[{"embeddable":true,"href":"https:\/\/cj.estrategia.com\/portal\/wp-json\/wp\/v2\/media\/81969"}],"wp:attachment":[{"href":"https:\/\/cj.estrategia.com\/portal\/wp-json\/wp\/v2\/media?parent=81942"}],"wp:term":[{"taxonomy":"category","embeddable":true,"href":"https:\/\/cj.estrategia.com\/portal\/wp-json\/wp\/v2\/categories?post=81942"},{"taxonomy":"post_tag","embeddable":true,"href":"https:\/\/cj.estrategia.com\/portal\/wp-json\/wp\/v2\/tags?post=81942"},{"taxonomy":"tax_estado","embeddable":true,"href":"https:\/\/cj.estrategia.com\/portal\/wp-json\/wp\/v2\/tax_estado?post=81942"}],"curies":[{"name":"wp","href":"https:\/\/api.w.org\/{rel}","templated":true}]}}