{"id":81756,"date":"2024-10-25T22:48:57","date_gmt":"2024-10-26T01:48:57","guid":{"rendered":"https:\/\/cj.estrategia.com\/portal\/?p=81756"},"modified":"2024-10-25T22:49:02","modified_gmt":"2024-10-26T01:49:02","slug":"entrega-adocao-sem-consulta-familia","status":"publish","type":"post","link":"https:\/\/cj.estrategia.com\/portal\/entrega-adocao-sem-consulta-familia\/","title":{"rendered":"STJ autoriza a entrega de beb\u00ea para ado\u00e7\u00e3o sem consulta da fam\u00edlia biol\u00f3gica ou extensa"},"content":{"rendered":"\n<p class=\"has-small-font-size\"><strong>*Jo\u00e3o Paulo Lawall Valle \u00e9 Advogado da Uni\u00e3o (AGU) e professor de direito administrativo, financeiro e econ\u00f4mico do Estrat\u00e9gia Carreira Jur\u00eddica.<\/strong><\/p>\n\n\n\n<h2 class=\"wp-block-heading\" id=\"h-entenda-o-caso\"><span id=\"entenda-o-caso\">Entenda o caso<\/span><\/h2>\n\n\n\n<p>Uma mulher, que j\u00e1 tem outros filhos, engravidou. Ap\u00f3s concluir que n\u00e3o teria condi\u00e7\u00f5es financeiras para cuidar de mais uma crian\u00e7a decidiu realizar a entrega volunt\u00e1ria do beb\u00ea para a ado\u00e7\u00e3o.<\/p>\n\n\n\n<p>Durante o processo de ado\u00e7\u00e3o, elaborou-se o relat\u00f3rio social indicando que seus familiares n\u00e3o teriam condi\u00e7\u00f5es de assumir essa responsabilidade pela nova crian\u00e7a. De acordo com o referido relat\u00f3rio, a m\u00e3e n\u00e3o cuidou dos pr\u00f3prios filhos e tem 12 netos. Al\u00e9m disso, os irm\u00e3os t\u00eam casamentos ruins e condi\u00e7\u00f5es financeiras complicadas.<\/p>\n\n\n\n<p>Ao analisar o processo de ado\u00e7\u00e3o, o magistrado competente, concluindo que a decis\u00e3o de dar a crian\u00e7a para ado\u00e7\u00e3o foi madura, baseada em argumentos l\u00f3gicos e concretos, <strong>homologou a ren\u00fancia ao poder familiar materno<\/strong>\u00a0e encaminhou o beb\u00ea para ado\u00e7\u00e3o.<\/p>\n\n\n\n<pre class=\"wp-block-verse\">O que chamou aten\u00e7\u00e3o neste caso \u00e9 que a entrega da crian\u00e7a para ado\u00e7\u00e3o ocorreu sem comunica\u00e7\u00e3o ao pai ou \u00e0 fam\u00edlia extensa, atendendo ao desejo da mulher de manter o processo em sigilo, sem consultar os parentes sobre o interesse em ficar com a crian\u00e7a.<\/pre>\n\n\n\n<h3 class=\"wp-block-heading\" id=\"h-sobre-a-sentenca\"><span id=\"sobre-a-sentenca\">Sobre a senten\u00e7a<\/span><\/h3>\n\n\n\n<p>O Minist\u00e9rio P\u00fablico (MP) discordou da senten\u00e7a que homologou a ado\u00e7\u00e3o realizada em sigilo. O MP fundamentou que, embora a m\u00e3e tivesse pedido sigilo, a fam\u00edlia extensa deveria ser consultada. Dessa forma, se respeitaria o direito do menor de conhecer e conviver com seus familiares.<\/p>\n\n\n\n<div class=\"wp-block-media-text is-stacked-on-mobile\"><figure class=\"wp-block-media-text__media\"><img decoding=\"async\" width=\"740\" height=\"493\" src=\"https:\/\/cj.estrategia.com\/portal\/wp-content\/uploads\/2024\/08\/29205556\/tribunal-julgamento.jpg\" alt=\"entrega de beb\u00ea para ado\u00e7\u00e3o, justi\u00e7a\" class=\"wp-image-74192 size-full\" srcset=\"https:\/\/cj.estrategia.com\/portal\/wp-content\/uploads\/2024\/08\/29205556\/tribunal-julgamento.jpg 740w, https:\/\/cj.estrategia.com\/portal\/wp-content\/uploads\/2024\/08\/29205556\/tribunal-julgamento-300x200.jpg 300w, https:\/\/cj.estrategia.com\/portal\/wp-content\/uploads\/2024\/08\/29205556\/tribunal-julgamento-380x253.jpg 380w, https:\/\/cj.estrategia.com\/portal\/wp-content\/uploads\/2024\/08\/29205556\/tribunal-julgamento-150x100.jpg 150w\" sizes=\"(max-width: 740px) 100vw, 740px\" \/><\/figure><div class=\"wp-block-media-text__content\">\n<p>No \u00e2mbito do Tribunal de Justi\u00e7a, a <strong>senten\u00e7a homologat\u00f3ria foi reformada<\/strong>\u00a0determinando que antes de se encaminhar a crian\u00e7a para ado\u00e7\u00e3o, fosse esgotada a possibilidade de inseri-la na fam\u00edlia natural.<\/p>\n<\/div><\/div>\n\n\n\n<p>O fundamento central no julgamento pela Corte Estadual foi que <em>a ado\u00e7\u00e3o \u00e9 uma medida excepcional e irrevog\u00e1vel, devendo ser aplicada apenas quando n\u00e3o h\u00e1 alternativas na fam\u00edlia extensa, conforme os princ\u00edpios de prote\u00e7\u00e3o integral e prioridade absoluta previstos na Constitui\u00e7\u00e3o Federal e no ECA<\/em>.<\/p>\n\n\n\n<p>Discordando da decis\u00e3o, a m\u00e3e, atrav\u00e9s da Defensoria P\u00fablica, recorreu da decis\u00e3o. Ela defendeu que o sigilo deve se estender para todos os membros da fam\u00edlia biol\u00f3gica, inclusive ao pai.<\/p>\n\n\n\n<p>Remeteu-se o processo para o Superior Tribunal de Justi\u00e7a (STJ). A Corte, atrav\u00e9s da sua Terceira Turma, deu provimento ao recurso da Defensoria fixando o entendimento de que <mark style=\"background-color:rgba(0, 0, 0, 0)\" class=\"has-inline-color has-vivid-purple-color\"><strong>o sigilo sobre o nascimento e a entrega volunt\u00e1ria da crian\u00e7a para ado\u00e7\u00e3o<\/strong> <\/mark>\u2013 um direito garantido \u00e0 genitora pela Lei 13.509\/2017, que inseriu o\u00a0<a href=\"#art19a\" target=\"_blank\" >artigo 19-A no Estatuto da Crian\u00e7a e do Adolescente (ECA)<\/a>\u00a0\u2013 <strong><mark style=\"background-color:rgba(0, 0, 0, 0)\" class=\"has-inline-color has-vivid-purple-color\">pode ser aplicado tamb\u00e9m em rela\u00e7\u00e3o ao suposto pai e \u00e0 fam\u00edlia extensa do rec\u00e9m-nascido<\/mark><\/strong>.\u00a0<\/p>\n\n\n\n<h2 class=\"wp-block-heading\" id=\"h-analise-juridica\"><span id=\"analise-juridica\">An\u00e1lise Jur\u00eddica<\/span><\/h2>\n\n\n\n<h3 class=\"wp-block-heading\" id=\"h-entrega-voluntaria-para-adocao\"><span id=\"entrega-voluntaria-para-adocao\">Entrega volunt\u00e1ria para ado\u00e7\u00e3o<\/span><\/h3>\n\n\n\n<pre class=\"wp-block-verse\">De acordo com a doutrina especializada (Carlos Roberto Gon\u00e7alves), a <strong>ado\u00e7\u00e3o<\/strong>\u00a0\u00e9\u00a0\u201cato jur\u00eddico solene pelo qual algu\u00e9m recebe em sua fam\u00edlia, na qualidade de filho, pessoa a ela estranha\u201d.<\/pre>\n\n\n\n<p>Por sua vez, para o ECA, a ado\u00e7\u00e3o \u00e9 uma medida excepcional e irrevog\u00e1vel, \u00e0 qual se deve recorrer apenas quando esgotados os recursos de manuten\u00e7\u00e3o da crian\u00e7a ou adolescente na fam\u00edlia natural ou extensa.<\/p>\n\n\n\n<p>Para a compreens\u00e3o jur\u00eddica adequada do caso \u00e9 fundamental conhecer o conceito de <strong>fam\u00edlia extensa<\/strong>&nbsp;(art. 25, par\u00e1grafo \u00fanico do ECA):<\/p>\n\n\n\n<pre class=\"wp-block-preformatted\">Art. 25.\n\n(...)\n\nPar\u00e1grafo \u00fanico.\u00a0 Entende-se por fam\u00edlia extensa ou ampliada aquela que se estende para al\u00e9m da unidade pais e filhos ou da unidade do casal, formada por parentes pr\u00f3ximos com os quais a crian\u00e7a ou adolescente convive e mant\u00e9m v\u00ednculos de afinidade e afetividade.<\/pre>\n\n\n\n<p>A partir da entrada em vigor da Lei 13.509\/2017, inseriu-se no ECA (Lei 8.069\/1990) a possibilidade de <strong><mark style=\"background-color:rgba(0, 0, 0, 0)\" class=\"has-inline-color has-vivid-purple-color\">entrega volunt\u00e1ria para ado\u00e7\u00e3o<\/mark><\/strong>. Assim, permitiu-se que a gestante ou parturiente, antes ou logo ap\u00f3s o parto, opte por entregar judicialmente o filho para ado\u00e7\u00e3o, sem exercer os direitos parentais.<\/p>\n\n\n\n<p>O objetivo da nova norma foi oferecer uma alternativa mais segura e humanizada \u00e0 gestante, voltada para a prote\u00e7\u00e3o da vida digna do rec\u00e9m-nascido e para evitar pr\u00e1ticas como o aborto clandestino e o abandono irregular de crian\u00e7as.<\/p>\n\n\n\n<p>O relator do processo no Superior Tribunal de Justi\u00e7a (Ministro Moura Ribeiro) afirmou o seguinte em seu voto:<\/p>\n\n\n\n<blockquote class=\"wp-block-quote is-layout-flow wp-block-quote-is-layout-flow\">\n<p><\/p>\n<cite>O instituto agrega, ao mesmo tempo, o indispon\u00edvel direito \u00e0 vida, \u00e0 sa\u00fade e \u00e0 dignidade do rec\u00e9m-nascido, assim como o direito de liberdade da m\u00e3e. A entrega da crian\u00e7a \u00e0s autoridades e institui\u00e7\u00f5es competentes permitir\u00e1 que ela conviva com uma fam\u00edlia substituta, enquanto a genitora ter\u00e1 a liberdade de dispor do filho sem ser prejulgada, discriminada ou responsabilizada na esfera criminal. (<strong>REsp 2.086.404<\/strong>)<\/cite><\/blockquote>\n\n\n\n<h3 class=\"wp-block-heading\" id=\"h-direito-ao-sigilo\"><span id=\"direito-ao-sigilo\">Direito ao sigilo<\/span><\/h3>\n\n\n\n<p>Neste contexto \u00e9 necess\u00e1rio destacar o artigo 19-A, \u00a79\u00ba do ECA que garante \u00e0 m\u00e3e o direito ao sigilo sobre o nascimento:\u00a0<\/p>\n\n\n\n<pre class=\"wp-block-preformatted\">Art. 19-A.\n\n(...)\n\n\u00a79\u00b0\u00a0\u00c9 garantido \u00e0 m\u00e3e o direito ao sigilo sobre o nascimento, respeitado o disposto no art. 48 desta Lei.<\/pre>\n\n\n\n<p>Ao julgar o Recurso Especial, o STJ ampliou o alcance do sigilo previsto no \u00a79\u00ba do artigo 19-A do ECA. O entendimento foi que <strong><mark style=\"background-color:rgba(0, 0, 0, 0)\" class=\"has-inline-color has-vivid-purple-color\">o sigilo se aplica tanto para o nascimento, quanto para a\u00a0entrega volunt\u00e1ria da crian\u00e7a para ado\u00e7\u00e3o<\/mark><\/strong>.<\/p>\n\n\n\n<p>De acordo com o relator do Recurso Especial, o direito da crian\u00e7a \u00e0 conviv\u00eancia familiar, especialmente com sua fam\u00edlia natural, <strong>n\u00e3o impede a entrega volunt\u00e1ria para ado\u00e7\u00e3o, quando a m\u00e3e opta por manter sigilo sobre o nascimento<\/strong>.<\/p>\n\n\n\n<p>Embora se deva considerar a ado\u00e7\u00e3o apenas ap\u00f3s todas as possibilidades de inser\u00e7\u00e3o na fam\u00edlia natural se esgotarem, <strong>essa solu\u00e7\u00e3o nem sempre representa o melhor interesse da crian\u00e7a<\/strong>. Em alguns casos, o ambiente familiar pode exp\u00f4-la a situa\u00e7\u00f5es de abandono, agress\u00e3o ou abuso, exigindo uma interven\u00e7\u00e3o imediata para garantir sua prote\u00e7\u00e3o e bem-estar.<\/p>\n\n\n\n<p>Neste contexto, deu-se preponder\u00e2ncia ao <strong><mark style=\"background-color:rgba(0, 0, 0, 0)\" class=\"has-inline-color has-vivid-purple-color\">princ\u00edpio do melhor interesse da crian\u00e7a e do adolescente<\/mark><\/strong>, norma de conte\u00fado jur\u00eddico indeterminado e que, no caso em tela, ficou melhor resguardado com a permiss\u00e3o para que a entrega volunt\u00e1ria para ado\u00e7\u00e3o ocorresse em sigilo.<\/p>\n\n\n\n<hr class=\"wp-block-separator has-alpha-channel-opacity\"\/>\n\n\n\n<h2 class=\"wp-block-heading has-text-align-center\" id=\"h-quer-saber-quais-serao-os-proximos-concursos\"><span id=\"quer-saber-quais-serao-os-proximos-concursos\">Quer saber quais ser\u00e3o os pr\u00f3ximos concursos?<\/span><\/h2>\n\n\n\n<p class=\"has-text-align-center\">Confira nossos&nbsp;<a href=\"https:\/\/cj.estrategia.com\/portal\/\" target=\"_blank\" >artigos para Carreiras Jur\u00eddicas<\/a>!<\/p>\n\n\n\n<p class=\"has-text-align-center has-white-color has-pale-cyan-blue-background-color has-text-color has-background has-link-color wp-elements-f3d5123bb0c8e11604d0c8c7f1ea8be8\"><a href=\"https:\/\/www.estrategiaconcursos.com.br\/blog\/concursos-abertos\/\" target=\"_blank\" >Confira os concursos p\u00fablicos abertos<\/a><\/p>\n\n\n\n<p class=\"has-text-align-center has-white-color has-pale-cyan-blue-background-color has-text-color has-background has-link-color wp-elements-94f2aad2f2b05ea3152ac5320a17d121\"><a href=\"https:\/\/cj.estrategia.com\/portal\/web-stories\/\" target=\"_blank\" >Concursos 2024<\/a><\/p>\n\n\n\n<p class=\"has-text-align-center has-white-color has-pale-cyan-blue-background-color has-text-color has-background has-link-color wp-elements-726d644a58045568574d2c1541b18807\"><a href=\"https:\/\/cj.estrategia.com\/portal\/concursos-2025-carreiras-juridicas\/\" target=\"_blank\" >Concursos 2025<\/a><\/p>\n","protected":false},"excerpt":{"rendered":"*Jo\u00e3o Paulo Lawall Valle \u00e9 Advogado da Uni\u00e3o (AGU) e professor de direito administrativo, financeiro e econ\u00f4mico do&hellip;\n","protected":false},"author":97,"featured_media":81774,"comment_status":"open","ping_status":"open","sticky":false,"template":"","format":"standard","meta":{"_jetpack_memberships_contains_paid_content":false,"footnotes":""},"categories":[1],"tags":[1297,175,1300,656,1299,1302,1298,1303,1301],"tax_estado":[30,31,32,33,34,35,36,37,38,39,40,41,42,43,44,45,46,47,48,49,50,51,52,53,54,55,56,57],"class_list":{"0":"post-81756","1":"post","2":"type-post","3":"status-publish","4":"format-standard","5":"has-post-thumbnail","7":"category-carreiras-juridicas","8":"tag-adocao","9":"tag-eca","10":"tag-entrega-voluntaria-para-adocao","11":"tag-estatuto-da-crianca-e-do-adolescente","12":"tag-familia-biologica-ou-extensa","13":"tag-principio-do-melhor-interesse-da-crianca-e-do-adolescente","14":"tag-relatorio-social","15":"tag-sigilo-sobre-a-adocao","16":"tag-sigilo-sobre-o-nascimento","17":"tax_estado-ac","18":"tax_estado-al","19":"tax_estado-am","20":"tax_estado-ap","21":"tax_estado-ba","22":"tax_estado-ce","23":"tax_estado-concursos-federais","24":"tax_estado-df","25":"tax_estado-es","26":"tax_estado-go","27":"tax_estado-ma","28":"tax_estado-mg","29":"tax_estado-ms","30":"tax_estado-mt","31":"tax_estado-pa","32":"tax_estado-pb","33":"tax_estado-pe","34":"tax_estado-pi","35":"tax_estado-pr","36":"tax_estado-rj","37":"tax_estado-rn","38":"tax_estado-ro","39":"tax_estado-rr","40":"tax_estado-rs","41":"tax_estado-sc","42":"tax_estado-se","43":"tax_estado-sp","44":"tax_estado-to"},"acf":[],"yoast_head":"<!-- This site is optimized with the Yoast SEO Premium plugin v27.4 (Yoast SEO v27.4) - https:\/\/yoast.com\/product\/yoast-seo-premium-wordpress\/ -->\n<title>Entrega de beb\u00ea para ado\u00e7\u00e3o sem consulta da fam\u00edlia<\/title>\n<meta name=\"description\" content=\"O STJ decidiu sobre um caso envolvendo a entrega volunt\u00e1ria de um beb\u00ea para ado\u00e7\u00e3o, sem comunica\u00e7\u00e3o ao pai ou \u00e0 fam\u00edlia extensa.\" \/>\n<meta name=\"robots\" content=\"index, follow, max-snippet:-1, max-image-preview:large, max-video-preview:-1\" \/>\n<link rel=\"canonical\" href=\"https:\/\/cj.estrategia.com\/portal\/entrega-adocao-sem-consulta-familia\/\" \/>\n<meta property=\"og:locale\" content=\"pt_BR\" \/>\n<meta property=\"og:type\" content=\"article\" \/>\n<meta property=\"og:title\" content=\"STJ autoriza a entrega de beb\u00ea para ado\u00e7\u00e3o sem consulta da fam\u00edlia biol\u00f3gica ou extensa\" \/>\n<meta property=\"og:description\" content=\"O STJ decidiu sobre um caso envolvendo a entrega volunt\u00e1ria de um beb\u00ea para ado\u00e7\u00e3o, sem comunica\u00e7\u00e3o ao pai ou \u00e0 fam\u00edlia extensa.\" \/>\n<meta property=\"og:url\" content=\"https:\/\/cj.estrategia.com\/portal\/entrega-adocao-sem-consulta-familia\/\" \/>\n<meta property=\"og:site_name\" content=\"Blog - Carreiras Jur\u00eddicas - Estrat\u00e9gia\" \/>\n<meta property=\"article:publisher\" content=\"https:\/\/www.facebook.com\/estrategiacarreirajuridica\/\" \/>\n<meta property=\"article:published_time\" content=\"2024-10-26T01:48:57+00:00\" \/>\n<meta property=\"article:modified_time\" content=\"2024-10-26T01:49:02+00:00\" \/>\n<meta property=\"og:image\" content=\"https:\/\/cj.estrategia.com\/portal\/wp-content\/uploads\/2024\/10\/25204026\/gravidez-adocao-scaled.jpg\" \/>\n\t<meta property=\"og:image:width\" content=\"2560\" \/>\n\t<meta property=\"og:image:height\" content=\"1707\" \/>\n\t<meta property=\"og:image:type\" content=\"image\/jpeg\" \/>\n<meta name=\"author\" content=\"Jo\u00e3o Lawall\" \/>\n<meta name=\"twitter:card\" content=\"summary_large_image\" \/>\n<meta name=\"twitter:creator\" content=\"@EstratJuridica\" \/>\n<meta name=\"twitter:site\" content=\"@EstratJuridica\" \/>\n<meta name=\"twitter:label1\" content=\"Escrito por\" \/>\n\t<meta name=\"twitter:data1\" content=\"Jo\u00e3o Lawall\" \/>\n\t<meta name=\"twitter:label2\" content=\"Est. tempo de leitura\" \/>\n\t<meta name=\"twitter:data2\" content=\"5 minutos\" \/>\n<script type=\"application\/ld+json\" class=\"yoast-schema-graph\">{\"@context\":\"https:\\\/\\\/schema.org\",\"@graph\":[{\"@type\":\"NewsArticle\",\"@id\":\"https:\\\/\\\/cj.estrategia.com\\\/portal\\\/entrega-adocao-sem-consulta-familia\\\/#article\",\"isPartOf\":{\"@id\":\"https:\\\/\\\/cj.estrategia.com\\\/portal\\\/entrega-adocao-sem-consulta-familia\\\/\"},\"author\":{\"name\":\"Jo\u00e3o Lawall\",\"@id\":\"https:\\\/\\\/cj.estrategia.com\\\/portal\\\/#\\\/schema\\\/person\\\/a938c693b3129f719ab13aac0332b06e\"},\"headline\":\"STJ autoriza a entrega de beb\u00ea para ado\u00e7\u00e3o sem consulta da fam\u00edlia biol\u00f3gica ou extensa\",\"datePublished\":\"2024-10-26T01:48:57+00:00\",\"dateModified\":\"2024-10-26T01:49:02+00:00\",\"mainEntityOfPage\":{\"@id\":\"https:\\\/\\\/cj.estrategia.com\\\/portal\\\/entrega-adocao-sem-consulta-familia\\\/\"},\"wordCount\":952,\"commentCount\":0,\"publisher\":{\"@id\":\"https:\\\/\\\/cj.estrategia.com\\\/portal\\\/#organization\"},\"image\":{\"@id\":\"https:\\\/\\\/cj.estrategia.com\\\/portal\\\/entrega-adocao-sem-consulta-familia\\\/#primaryimage\"},\"thumbnailUrl\":\"https:\\\/\\\/cj.estrategia.com\\\/portal\\\/wp-content\\\/uploads\\\/2024\\\/10\\\/25204026\\\/gravidez-adocao-scaled.jpg\",\"keywords\":[\"ado\u00e7\u00e3o\",\"ECA\",\"entrega volunt\u00e1ria para ado\u00e7\u00e3o\",\"Estatuto da Crian\u00e7a e do Adolescente\",\"fam\u00edlia biol\u00f3gica ou extensa\",\"princ\u00edpio do melhor interesse da crian\u00e7a e do adolescente\",\"relat\u00f3rio social\",\"sigilo sobre a ado\u00e7\u00e3o\",\"sigilo sobre o nascimento\"],\"articleSection\":[\"Carreiras Jur\u00eddicas\"],\"inLanguage\":\"pt-BR\",\"potentialAction\":[{\"@type\":\"CommentAction\",\"name\":\"Comment\",\"target\":[\"https:\\\/\\\/cj.estrategia.com\\\/portal\\\/entrega-adocao-sem-consulta-familia\\\/#respond\"]}]},{\"@type\":\"WebPage\",\"@id\":\"https:\\\/\\\/cj.estrategia.com\\\/portal\\\/entrega-adocao-sem-consulta-familia\\\/\",\"url\":\"https:\\\/\\\/cj.estrategia.com\\\/portal\\\/entrega-adocao-sem-consulta-familia\\\/\",\"name\":\"Entrega de beb\u00ea para ado\u00e7\u00e3o sem consulta da fam\u00edlia\",\"isPartOf\":{\"@id\":\"https:\\\/\\\/cj.estrategia.com\\\/portal\\\/#website\"},\"primaryImageOfPage\":{\"@id\":\"https:\\\/\\\/cj.estrategia.com\\\/portal\\\/entrega-adocao-sem-consulta-familia\\\/#primaryimage\"},\"image\":{\"@id\":\"https:\\\/\\\/cj.estrategia.com\\\/portal\\\/entrega-adocao-sem-consulta-familia\\\/#primaryimage\"},\"thumbnailUrl\":\"https:\\\/\\\/cj.estrategia.com\\\/portal\\\/wp-content\\\/uploads\\\/2024\\\/10\\\/25204026\\\/gravidez-adocao-scaled.jpg\",\"datePublished\":\"2024-10-26T01:48:57+00:00\",\"dateModified\":\"2024-10-26T01:49:02+00:00\",\"description\":\"O STJ decidiu sobre um caso envolvendo a entrega volunt\u00e1ria de um beb\u00ea para ado\u00e7\u00e3o, sem comunica\u00e7\u00e3o ao pai ou \u00e0 fam\u00edlia extensa.\",\"breadcrumb\":{\"@id\":\"https:\\\/\\\/cj.estrategia.com\\\/portal\\\/entrega-adocao-sem-consulta-familia\\\/#breadcrumb\"},\"inLanguage\":\"pt-BR\",\"potentialAction\":[{\"@type\":\"ReadAction\",\"target\":[\"https:\\\/\\\/cj.estrategia.com\\\/portal\\\/entrega-adocao-sem-consulta-familia\\\/\"]}]},{\"@type\":\"ImageObject\",\"inLanguage\":\"pt-BR\",\"@id\":\"https:\\\/\\\/cj.estrategia.com\\\/portal\\\/entrega-adocao-sem-consulta-familia\\\/#primaryimage\",\"url\":\"https:\\\/\\\/cj.estrategia.com\\\/portal\\\/wp-content\\\/uploads\\\/2024\\\/10\\\/25204026\\\/gravidez-adocao-scaled.jpg\",\"contentUrl\":\"https:\\\/\\\/cj.estrategia.com\\\/portal\\\/wp-content\\\/uploads\\\/2024\\\/10\\\/25204026\\\/gravidez-adocao-scaled.jpg\",\"width\":2560,\"height\":1707},{\"@type\":\"BreadcrumbList\",\"@id\":\"https:\\\/\\\/cj.estrategia.com\\\/portal\\\/entrega-adocao-sem-consulta-familia\\\/#breadcrumb\",\"itemListElement\":[{\"@type\":\"ListItem\",\"position\":1,\"name\":\"In\u00edcio\",\"item\":\"https:\\\/\\\/cj.estrategia.com\\\/portal\\\/\"},{\"@type\":\"ListItem\",\"position\":2,\"name\":\"STJ autoriza a entrega de beb\u00ea para ado\u00e7\u00e3o sem consulta da fam\u00edlia biol\u00f3gica ou extensa\"}]},{\"@type\":\"WebSite\",\"@id\":\"https:\\\/\\\/cj.estrategia.com\\\/portal\\\/#website\",\"url\":\"https:\\\/\\\/cj.estrategia.com\\\/portal\\\/\",\"name\":\"Blog - Carreiras Jur\u00eddicas - Estrat\u00e9gia\",\"description\":\"\",\"publisher\":{\"@id\":\"https:\\\/\\\/cj.estrategia.com\\\/portal\\\/#organization\"},\"potentialAction\":[{\"@type\":\"SearchAction\",\"target\":{\"@type\":\"EntryPoint\",\"urlTemplate\":\"https:\\\/\\\/cj.estrategia.com\\\/portal\\\/?s={search_term_string}\"},\"query-input\":{\"@type\":\"PropertyValueSpecification\",\"valueRequired\":true,\"valueName\":\"search_term_string\"}}],\"inLanguage\":\"pt-BR\"},{\"@type\":\"Organization\",\"@id\":\"https:\\\/\\\/cj.estrategia.com\\\/portal\\\/#organization\",\"name\":\"Estrat\u00e9gia - Carreiras Jur\u00eddicas\",\"url\":\"https:\\\/\\\/cj.estrategia.com\\\/portal\\\/\",\"logo\":{\"@type\":\"ImageObject\",\"inLanguage\":\"pt-BR\",\"@id\":\"https:\\\/\\\/cj.estrategia.com\\\/portal\\\/#\\\/schema\\\/logo\\\/image\\\/\",\"url\":\"https:\\\/\\\/cj.estrategia.com\\\/portal\\\/wp-content\\\/uploads\\\/2022\\\/03\\\/11151052\\\/cj-logo.png\",\"contentUrl\":\"https:\\\/\\\/cj.estrategia.com\\\/portal\\\/wp-content\\\/uploads\\\/2022\\\/03\\\/11151052\\\/cj-logo.png\",\"width\":150,\"height\":39,\"caption\":\"Estrat\u00e9gia - Carreiras Jur\u00eddicas\"},\"image\":{\"@id\":\"https:\\\/\\\/cj.estrategia.com\\\/portal\\\/#\\\/schema\\\/logo\\\/image\\\/\"},\"sameAs\":[\"https:\\\/\\\/www.facebook.com\\\/estrategiacarreirajuridica\\\/\",\"https:\\\/\\\/x.com\\\/EstratJuridica\",\"https:\\\/\\\/www.instagram.com\\\/estrategiacarreirajuridica\\\/\",\"https:\\\/\\\/www.youtube.com\\\/channel\\\/UClbMGuYbj2Mh1m3w144ETWQ\"]},{\"@type\":\"Person\",\"@id\":\"https:\\\/\\\/cj.estrategia.com\\\/portal\\\/#\\\/schema\\\/person\\\/a938c693b3129f719ab13aac0332b06e\",\"name\":\"Jo\u00e3o Lawall\",\"image\":{\"@type\":\"ImageObject\",\"inLanguage\":\"pt-BR\",\"@id\":\"https:\\\/\\\/secure.gravatar.com\\\/avatar\\\/cf7a02c39d899eb1575ce4c3ad1a73df939f01629ae0c9f366ddf83725b3ea6c?s=96&d=mm&r=g\",\"url\":\"https:\\\/\\\/secure.gravatar.com\\\/avatar\\\/cf7a02c39d899eb1575ce4c3ad1a73df939f01629ae0c9f366ddf83725b3ea6c?s=96&d=mm&r=g\",\"contentUrl\":\"https:\\\/\\\/secure.gravatar.com\\\/avatar\\\/cf7a02c39d899eb1575ce4c3ad1a73df939f01629ae0c9f366ddf83725b3ea6c?s=96&d=mm&r=g\",\"caption\":\"Jo\u00e3o Lawall\"},\"url\":\"https:\\\/\\\/cj.estrategia.com\\\/portal\\\/author\\\/joao-lawall\\\/\"}]}<\/script>\n<!-- \/ Yoast SEO Premium plugin. -->","yoast_head_json":{"title":"Entrega de beb\u00ea para ado\u00e7\u00e3o sem consulta da fam\u00edlia","description":"O STJ decidiu sobre um caso envolvendo a entrega volunt\u00e1ria de um beb\u00ea para ado\u00e7\u00e3o, sem comunica\u00e7\u00e3o ao pai ou \u00e0 fam\u00edlia extensa.","robots":{"index":"index","follow":"follow","max-snippet":"max-snippet:-1","max-image-preview":"max-image-preview:large","max-video-preview":"max-video-preview:-1"},"canonical":"https:\/\/cj.estrategia.com\/portal\/entrega-adocao-sem-consulta-familia\/","og_locale":"pt_BR","og_type":"article","og_title":"STJ autoriza a entrega de beb\u00ea para ado\u00e7\u00e3o sem consulta da fam\u00edlia biol\u00f3gica ou extensa","og_description":"O STJ decidiu sobre um caso envolvendo a entrega volunt\u00e1ria de um beb\u00ea para ado\u00e7\u00e3o, sem comunica\u00e7\u00e3o ao pai ou \u00e0 fam\u00edlia extensa.","og_url":"https:\/\/cj.estrategia.com\/portal\/entrega-adocao-sem-consulta-familia\/","og_site_name":"Blog - Carreiras Jur\u00eddicas - Estrat\u00e9gia","article_publisher":"https:\/\/www.facebook.com\/estrategiacarreirajuridica\/","article_published_time":"2024-10-26T01:48:57+00:00","article_modified_time":"2024-10-26T01:49:02+00:00","og_image":[{"width":2560,"height":1707,"url":"https:\/\/cj.estrategia.com\/portal\/wp-content\/uploads\/2024\/10\/25204026\/gravidez-adocao-scaled.jpg","type":"image\/jpeg"}],"author":"Jo\u00e3o Lawall","twitter_card":"summary_large_image","twitter_creator":"@EstratJuridica","twitter_site":"@EstratJuridica","twitter_misc":{"Escrito por":"Jo\u00e3o Lawall","Est. tempo de leitura":"5 minutos"},"schema":{"@context":"https:\/\/schema.org","@graph":[{"@type":"NewsArticle","@id":"https:\/\/cj.estrategia.com\/portal\/entrega-adocao-sem-consulta-familia\/#article","isPartOf":{"@id":"https:\/\/cj.estrategia.com\/portal\/entrega-adocao-sem-consulta-familia\/"},"author":{"name":"Jo\u00e3o Lawall","@id":"https:\/\/cj.estrategia.com\/portal\/#\/schema\/person\/a938c693b3129f719ab13aac0332b06e"},"headline":"STJ autoriza a entrega de beb\u00ea para ado\u00e7\u00e3o sem consulta da fam\u00edlia biol\u00f3gica ou extensa","datePublished":"2024-10-26T01:48:57+00:00","dateModified":"2024-10-26T01:49:02+00:00","mainEntityOfPage":{"@id":"https:\/\/cj.estrategia.com\/portal\/entrega-adocao-sem-consulta-familia\/"},"wordCount":952,"commentCount":0,"publisher":{"@id":"https:\/\/cj.estrategia.com\/portal\/#organization"},"image":{"@id":"https:\/\/cj.estrategia.com\/portal\/entrega-adocao-sem-consulta-familia\/#primaryimage"},"thumbnailUrl":"https:\/\/cj.estrategia.com\/portal\/wp-content\/uploads\/2024\/10\/25204026\/gravidez-adocao-scaled.jpg","keywords":["ado\u00e7\u00e3o","ECA","entrega volunt\u00e1ria para ado\u00e7\u00e3o","Estatuto da Crian\u00e7a e do Adolescente","fam\u00edlia biol\u00f3gica ou extensa","princ\u00edpio do melhor interesse da crian\u00e7a e do adolescente","relat\u00f3rio social","sigilo sobre a ado\u00e7\u00e3o","sigilo sobre o nascimento"],"articleSection":["Carreiras Jur\u00eddicas"],"inLanguage":"pt-BR","potentialAction":[{"@type":"CommentAction","name":"Comment","target":["https:\/\/cj.estrategia.com\/portal\/entrega-adocao-sem-consulta-familia\/#respond"]}]},{"@type":"WebPage","@id":"https:\/\/cj.estrategia.com\/portal\/entrega-adocao-sem-consulta-familia\/","url":"https:\/\/cj.estrategia.com\/portal\/entrega-adocao-sem-consulta-familia\/","name":"Entrega de beb\u00ea para ado\u00e7\u00e3o sem consulta da fam\u00edlia","isPartOf":{"@id":"https:\/\/cj.estrategia.com\/portal\/#website"},"primaryImageOfPage":{"@id":"https:\/\/cj.estrategia.com\/portal\/entrega-adocao-sem-consulta-familia\/#primaryimage"},"image":{"@id":"https:\/\/cj.estrategia.com\/portal\/entrega-adocao-sem-consulta-familia\/#primaryimage"},"thumbnailUrl":"https:\/\/cj.estrategia.com\/portal\/wp-content\/uploads\/2024\/10\/25204026\/gravidez-adocao-scaled.jpg","datePublished":"2024-10-26T01:48:57+00:00","dateModified":"2024-10-26T01:49:02+00:00","description":"O STJ decidiu sobre um caso envolvendo a entrega volunt\u00e1ria de um beb\u00ea para ado\u00e7\u00e3o, sem comunica\u00e7\u00e3o ao pai ou \u00e0 fam\u00edlia extensa.","breadcrumb":{"@id":"https:\/\/cj.estrategia.com\/portal\/entrega-adocao-sem-consulta-familia\/#breadcrumb"},"inLanguage":"pt-BR","potentialAction":[{"@type":"ReadAction","target":["https:\/\/cj.estrategia.com\/portal\/entrega-adocao-sem-consulta-familia\/"]}]},{"@type":"ImageObject","inLanguage":"pt-BR","@id":"https:\/\/cj.estrategia.com\/portal\/entrega-adocao-sem-consulta-familia\/#primaryimage","url":"https:\/\/cj.estrategia.com\/portal\/wp-content\/uploads\/2024\/10\/25204026\/gravidez-adocao-scaled.jpg","contentUrl":"https:\/\/cj.estrategia.com\/portal\/wp-content\/uploads\/2024\/10\/25204026\/gravidez-adocao-scaled.jpg","width":2560,"height":1707},{"@type":"BreadcrumbList","@id":"https:\/\/cj.estrategia.com\/portal\/entrega-adocao-sem-consulta-familia\/#breadcrumb","itemListElement":[{"@type":"ListItem","position":1,"name":"In\u00edcio","item":"https:\/\/cj.estrategia.com\/portal\/"},{"@type":"ListItem","position":2,"name":"STJ autoriza a entrega de beb\u00ea para ado\u00e7\u00e3o sem consulta da fam\u00edlia biol\u00f3gica ou extensa"}]},{"@type":"WebSite","@id":"https:\/\/cj.estrategia.com\/portal\/#website","url":"https:\/\/cj.estrategia.com\/portal\/","name":"Blog - Carreiras Jur\u00eddicas - Estrat\u00e9gia","description":"","publisher":{"@id":"https:\/\/cj.estrategia.com\/portal\/#organization"},"potentialAction":[{"@type":"SearchAction","target":{"@type":"EntryPoint","urlTemplate":"https:\/\/cj.estrategia.com\/portal\/?s={search_term_string}"},"query-input":{"@type":"PropertyValueSpecification","valueRequired":true,"valueName":"search_term_string"}}],"inLanguage":"pt-BR"},{"@type":"Organization","@id":"https:\/\/cj.estrategia.com\/portal\/#organization","name":"Estrat\u00e9gia - Carreiras Jur\u00eddicas","url":"https:\/\/cj.estrategia.com\/portal\/","logo":{"@type":"ImageObject","inLanguage":"pt-BR","@id":"https:\/\/cj.estrategia.com\/portal\/#\/schema\/logo\/image\/","url":"https:\/\/cj.estrategia.com\/portal\/wp-content\/uploads\/2022\/03\/11151052\/cj-logo.png","contentUrl":"https:\/\/cj.estrategia.com\/portal\/wp-content\/uploads\/2022\/03\/11151052\/cj-logo.png","width":150,"height":39,"caption":"Estrat\u00e9gia - Carreiras Jur\u00eddicas"},"image":{"@id":"https:\/\/cj.estrategia.com\/portal\/#\/schema\/logo\/image\/"},"sameAs":["https:\/\/www.facebook.com\/estrategiacarreirajuridica\/","https:\/\/x.com\/EstratJuridica","https:\/\/www.instagram.com\/estrategiacarreirajuridica\/","https:\/\/www.youtube.com\/channel\/UClbMGuYbj2Mh1m3w144ETWQ"]},{"@type":"Person","@id":"https:\/\/cj.estrategia.com\/portal\/#\/schema\/person\/a938c693b3129f719ab13aac0332b06e","name":"Jo\u00e3o Lawall","image":{"@type":"ImageObject","inLanguage":"pt-BR","@id":"https:\/\/secure.gravatar.com\/avatar\/cf7a02c39d899eb1575ce4c3ad1a73df939f01629ae0c9f366ddf83725b3ea6c?s=96&d=mm&r=g","url":"https:\/\/secure.gravatar.com\/avatar\/cf7a02c39d899eb1575ce4c3ad1a73df939f01629ae0c9f366ddf83725b3ea6c?s=96&d=mm&r=g","contentUrl":"https:\/\/secure.gravatar.com\/avatar\/cf7a02c39d899eb1575ce4c3ad1a73df939f01629ae0c9f366ddf83725b3ea6c?s=96&d=mm&r=g","caption":"Jo\u00e3o Lawall"},"url":"https:\/\/cj.estrategia.com\/portal\/author\/joao-lawall\/"}]}},"jetpack_featured_media_url":"https:\/\/cj.estrategia.com\/portal\/wp-content\/uploads\/2024\/10\/25204026\/gravidez-adocao-scaled.jpg","jetpack_sharing_enabled":true,"_links":{"self":[{"href":"https:\/\/cj.estrategia.com\/portal\/wp-json\/wp\/v2\/posts\/81756","targetHints":{"allow":["GET"]}}],"collection":[{"href":"https:\/\/cj.estrategia.com\/portal\/wp-json\/wp\/v2\/posts"}],"about":[{"href":"https:\/\/cj.estrategia.com\/portal\/wp-json\/wp\/v2\/types\/post"}],"author":[{"embeddable":true,"href":"https:\/\/cj.estrategia.com\/portal\/wp-json\/wp\/v2\/users\/97"}],"replies":[{"embeddable":true,"href":"https:\/\/cj.estrategia.com\/portal\/wp-json\/wp\/v2\/comments?post=81756"}],"version-history":[{"count":6,"href":"https:\/\/cj.estrategia.com\/portal\/wp-json\/wp\/v2\/posts\/81756\/revisions"}],"predecessor-version":[{"id":81779,"href":"https:\/\/cj.estrategia.com\/portal\/wp-json\/wp\/v2\/posts\/81756\/revisions\/81779"}],"wp:featuredmedia":[{"embeddable":true,"href":"https:\/\/cj.estrategia.com\/portal\/wp-json\/wp\/v2\/media\/81774"}],"wp:attachment":[{"href":"https:\/\/cj.estrategia.com\/portal\/wp-json\/wp\/v2\/media?parent=81756"}],"wp:term":[{"taxonomy":"category","embeddable":true,"href":"https:\/\/cj.estrategia.com\/portal\/wp-json\/wp\/v2\/categories?post=81756"},{"taxonomy":"post_tag","embeddable":true,"href":"https:\/\/cj.estrategia.com\/portal\/wp-json\/wp\/v2\/tags?post=81756"},{"taxonomy":"tax_estado","embeddable":true,"href":"https:\/\/cj.estrategia.com\/portal\/wp-json\/wp\/v2\/tax_estado?post=81756"}],"curies":[{"name":"wp","href":"https:\/\/api.w.org\/{rel}","templated":true}]}}