{"id":81450,"date":"2024-10-23T23:36:06","date_gmt":"2024-10-24T02:36:06","guid":{"rendered":"https:\/\/cj.estrategia.com\/portal\/?p=81450"},"modified":"2024-12-01T12:17:22","modified_gmt":"2024-12-01T15:17:22","slug":"responsabilidade-tributaria-arrematante-leiloes","status":"publish","type":"post","link":"https:\/\/cj.estrategia.com\/portal\/responsabilidade-tributaria-arrematante-leiloes\/","title":{"rendered":"Responsabilidade Tribut\u00e1ria do arrematante em leil\u00f5es: An\u00e1lise jur\u00eddica sobre o Tema 1134 do STJ"},"content":{"rendered":"\n<p><em>Responsabilidade Tribut\u00e1ria do arrematante em leil\u00f5es: Entenda o Tema 1134 do STJ abordado no Informativo 829, que discute a obriga\u00e7\u00e3o do arrematante quanto a d\u00e9bitos fiscais pendentes do im\u00f3vel adquirido.<\/em><\/p>\n\n\n\n<figure class=\"wp-block-image size-large\"><img decoding=\"async\" width=\"1024\" height=\"683\" src=\"https:\/\/cj.estrategia.com\/portal\/wp-content\/uploads\/2024\/10\/23231407\/top-view-arrangement-with-judge-gavel-book-money-1024x683.jpg\" alt=\"Responsabilidade Tribut\u00e1ria\" class=\"wp-image-81459\" srcset=\"https:\/\/cj.estrategia.com\/portal\/wp-content\/uploads\/2024\/10\/23231407\/top-view-arrangement-with-judge-gavel-book-money-1024x683.jpg 1024w, https:\/\/cj.estrategia.com\/portal\/wp-content\/uploads\/2024\/10\/23231407\/top-view-arrangement-with-judge-gavel-book-money-300x200.jpg 300w, https:\/\/cj.estrategia.com\/portal\/wp-content\/uploads\/2024\/10\/23231407\/top-view-arrangement-with-judge-gavel-book-money-768x512.jpg 768w, https:\/\/cj.estrategia.com\/portal\/wp-content\/uploads\/2024\/10\/23231407\/top-view-arrangement-with-judge-gavel-book-money-1536x1024.jpg 1536w, https:\/\/cj.estrategia.com\/portal\/wp-content\/uploads\/2024\/10\/23231407\/top-view-arrangement-with-judge-gavel-book-money-2048x1365.jpg 2048w, https:\/\/cj.estrategia.com\/portal\/wp-content\/uploads\/2024\/10\/23231407\/top-view-arrangement-with-judge-gavel-book-money-380x253.jpg 380w, https:\/\/cj.estrategia.com\/portal\/wp-content\/uploads\/2024\/10\/23231407\/top-view-arrangement-with-judge-gavel-book-money-800x533.jpg 800w, https:\/\/cj.estrategia.com\/portal\/wp-content\/uploads\/2024\/10\/23231407\/top-view-arrangement-with-judge-gavel-book-money-1160x773.jpg 1160w, https:\/\/cj.estrategia.com\/portal\/wp-content\/uploads\/2024\/10\/23231407\/top-view-arrangement-with-judge-gavel-book-money-150x100.jpg 150w, https:\/\/cj.estrategia.com\/portal\/wp-content\/uploads\/2024\/10\/23231407\/top-view-arrangement-with-judge-gavel-book-money-scaled.jpg 2560w\" sizes=\"(max-width: 1024px) 100vw, 1024px\" \/><\/figure>\n\n\n\n<p>Um assunto que h\u00e1 muito tempo provocava intensos debates no \u00e2mbito do direito tribut\u00e1rio foi recentemente pacificado pelo Superior Tribunal de Justi\u00e7a (STJ).\u00a0<\/p>\n\n\n\n<p>Trata-se da responsabilidade tribut\u00e1ria do arrematante em leil\u00f5es judiciais, tema que gerava significativa inseguran\u00e7a jur\u00eddica no ordenamento p\u00e1trio, especialmente pela aparente colis\u00e3o entre as disposi\u00e7\u00f5es edital\u00edcias e o comando normativo do C\u00f3digo Tribut\u00e1rio Nacional.<\/p>\n\n\n\n<p>Para compreender a dimens\u00e3o dessa quest\u00e3o, \u00e9 fundamental partir da an\u00e1lise do artigo 130 do CTN, que estabelece em seu caput:<\/p>\n\n\n\n<pre class=\"wp-block-preformatted\">\"Art. 130. Os cr\u00e9ditos tribut\u00e1rios relativos a impostos cujo fato gerador seja a propriedade, o dom\u00ednio \u00fatil ou a posse de bens im\u00f3veis, e bem assim os relativos a taxas pela presta\u00e7\u00e3o de servi\u00e7os referentes a tais bens, ou a contribui\u00e7\u00f5es de melhoria, sub-rogam-se na pessoa dos respectivos adquirentes, salvo quando conste do t\u00edtulo a prova de sua quita\u00e7\u00e3o.\"<\/pre>\n\n\n\n<p>O par\u00e1grafo \u00fanico do mesmo artigo, objeto central da controv\u00e9rsia, complementa:<\/p>\n\n\n\n<pre class=\"wp-block-preformatted\">\"Par\u00e1grafo \u00fanico. No caso de arremata\u00e7\u00e3o em hasta p\u00fablica, a sub-roga\u00e7\u00e3o ocorre sobre o respectivo pre\u00e7o.\"<\/pre>\n\n\n\n<p>Antes da pacifica\u00e7\u00e3o do tema pelo STJ, era comum encontrar em editais de leil\u00e3o cl\u00e1usulas que transferiam ao arrematante a responsabilidade pelos d\u00e9bitos tribut\u00e1rios preexistentes.\u00a0<\/p>\n\n\n\n<p>Essa pr\u00e1tica se fundamentava em uma interpreta\u00e7\u00e3o controversa do princ\u00edpio da autonomia da vontade, segundo a qual o participante do leil\u00e3o, ao aceitar as condi\u00e7\u00f5es do edital, estaria voluntariamente assumindo tais \u00f4nus.<\/p>\n\n\n\n<p>Para ilustrar a dimens\u00e3o pr\u00e1tica dessa quest\u00e3o, vejamos um exemplo concreto.<\/p>\n\n\n\n<div class=\"wp-block-group is-style-cnvs-block-bordered has-background\" style=\"background-color:#cf2d2d05\"><div class=\"wp-block-group__inner-container is-layout-constrained wp-block-group-is-layout-constrained\">\n<div class=\"wp-block-media-text\" style=\"grid-template-columns:27% auto\"><figure class=\"wp-block-media-text__media\"><img decoding=\"async\" width=\"484\" height=\"410\" src=\"https:\/\/cj.estrategia.com\/portal\/wp-content\/uploads\/2024\/10\/04222124\/484-410-max.png\" alt=\"\" class=\"wp-image-78419 size-full\" srcset=\"https:\/\/cj.estrategia.com\/portal\/wp-content\/uploads\/2024\/10\/04222124\/484-410-max.png 484w, https:\/\/cj.estrategia.com\/portal\/wp-content\/uploads\/2024\/10\/04222124\/484-410-max-300x254.png 300w, https:\/\/cj.estrategia.com\/portal\/wp-content\/uploads\/2024\/10\/04222124\/484-410-max-380x322.png 380w, https:\/\/cj.estrategia.com\/portal\/wp-content\/uploads\/2024\/10\/04222124\/484-410-max-150x127.png 150w\" sizes=\"(max-width: 484px) 100vw, 484px\" \/><\/figure><div class=\"wp-block-media-text__content\">\n<h2 class=\"wp-block-heading has-text-align-center\" id=\"h-situacao-hipotetica\" style=\"font-style:normal;font-weight:400\"><span id=\"situacao-hipotetica\"><strong><mark style=\"background-color:rgba(0, 0, 0, 0)\" class=\"has-inline-color has-vivid-red-color\">Situa\u00e7\u00e3o hipot\u00e9tica:<\/mark><\/strong><\/span><\/h2>\n\n\n\n<p>Imagine-se o seguinte cen\u00e1rio hipot\u00e9tico: Jo\u00e3o, interessado em expandir seu portf\u00f3lio de im\u00f3veis, participa de um leil\u00e3o judicial para adquirir um terreno localizado no centro da cidade.\u00a0<\/p>\n\n\n\n<p>O edital do leil\u00e3o menciona que o im\u00f3vel possui d\u00e9bitos pendentes de <strong>IPTU<\/strong> acumulados nos \u00faltimos cinco anos, mas tamb\u00e9m especifica que a responsabilidade pelo pagamento desses d\u00e9bitos seria transferida ao arrematante.<\/p>\n\n\n\n<p>Confiando no que previa o edital, Jo\u00e3o, que arremata o im\u00f3vel por R$ 500.000, logo ap\u00f3s o leil\u00e3o, \u00e9 informado pela prefeitura local de que ele precisa pagar mais R$ 600.000 referentes ao IPTU em atraso.<\/p>\n\n\n\n<p><br><\/p>\n<\/div><\/div>\n<\/div><\/div>\n\n\n\n<p>Veja, antes da decis\u00e3o do STJ no <strong>Tema 1134<\/strong>, Jo\u00e3o teria poucas alternativas para contestar essa cobran\u00e7a, j\u00e1 que a jurisprud\u00eancia anterior permitia que o edital imputasse a responsabilidade pelos d\u00e9bitos ao arrematante.\u00a0<\/p>\n\n\n\n<p>Ou seja, estando previsto no edital que o arrematante seria respons\u00e1vel pelas d\u00edvidas tribut\u00e1rias anteriores, ele teria que ter <strong><mark style=\"background-color:rgba(0, 0, 0, 0)\" class=\"has-inline-color has-vivid-red-color\">MUITO CUIDADO<\/mark><\/strong> para comprar um bem m\u00f3vel ou im\u00f3vel.<\/p>\n\n\n\n<p>No entanto, com a consolida\u00e7\u00e3o do <strong>novo entendimento<\/strong>, Jo\u00e3o <strong>poder\u00e1 questionar judicialmente essa cobran\u00e7a<\/strong>, alegando que o <strong>artigo 130, par\u00e1grafo \u00fanico, do CTN<\/strong> impede que ele seja responsabilizado por tributos anteriores \u00e0 arremata\u00e7\u00e3o.\u00a0<\/p>\n\n\n\n<p>Com base no novo precedente do STJ, Jo\u00e3o ter\u00e1 grandes chances de sucesso na sua demanda, assegurando que o valor de R$ 500.000 seja utilizado para quitar os d\u00e9bitos de IPTU, livrando-o de qualquer \u00f4nus adicional, ainda que o valor da d\u00edvida tribut\u00e1ria seja superior ao valor que ele pagou na arremata\u00e7\u00e3o.<\/p>\n\n\n\n<h2 class=\"wp-block-heading\" id=\"h-fundamentos-responsabilidade-tributaria\" style=\"font-style:normal;font-weight:400\"><span id=\"fundamentos-responsabilidade-tributaria\"><strong>Fundamentos\u00a0<\/strong><mark style=\"background-color:rgba(0, 0, 0, 0)\" class=\"has-inline-color has-white-color\">\u2013 Responsabilidade Tribut\u00e1ria<\/mark><\/span><\/h2>\n\n\n\n<p>O STJ fundamentou sua decis\u00e3o em <strong>tr\u00eas pilares principais<\/strong>:<\/p>\n\n\n\n<div class=\"wp-block-group is-style-cnvs-block-bordered\"><div class=\"wp-block-group__inner-container is-layout-constrained wp-block-group-is-layout-constrained\">\n<ol class=\"is-style-cnvs-list-styled-negative wp-block-list\">\n<li>Princ\u00edpio da Legalidade Tribut\u00e1ria: Apenas a lei pode estabelecer a sujei\u00e7\u00e3o passiva tribut\u00e1ria, sendo vedada sua cria\u00e7\u00e3o por instrumentos infralegais;<\/li>\n\n\n\n<li>Interpreta\u00e7\u00e3o Sistem\u00e1tica do CTN: O artigo 130, par\u00e1grafo \u00fanico, estabelece regra espec\u00edfica para arremata\u00e7\u00f5es em hasta p\u00fablica, que n\u00e3o pode ser afastada por disposi\u00e7\u00f5es edital\u00edcias;<\/li>\n\n\n\n<li>Seguran\u00e7a Jur\u00eddica: A sub-roga\u00e7\u00e3o no pre\u00e7o confere previsibilidade e transpar\u00eancia ao procedimento de arremata\u00e7\u00e3o.<\/li>\n<\/ol>\n<\/div><\/div>\n\n\n\n<p>Isto \u00e9, n\u00e3o \u00e9 poss\u00edvel que uma previs\u00e3o no edital crie uma obriga\u00e7\u00e3o tribut\u00e1ria que somente pode ser estipulada por lei, conforme o art. 128 do CTN enuncia.<\/p>\n\n\n\n<p>Logo, com base no <strong>artigo 130, par\u00e1grafo \u00fanico, do C\u00f3digo Tribut\u00e1rio Nacional (CTN)<\/strong>, o STJ fixou a tese de que \u00e9 inv\u00e1lida a previs\u00e3o em edital de leil\u00e3o que atribua ao arrematante a responsabilidade pelos d\u00e9bitos tribut\u00e1rios j\u00e1 incidentes sobre o im\u00f3vel na data de sua aliena\u00e7\u00e3o.<\/p>\n\n\n\n<p>Esse entendimento, consolidado no julgamento dos recursos repetitivos que discutiram a quest\u00e3o, pac\u00edfica uma controv\u00e9rsia de longa data, que gerava inseguran\u00e7a jur\u00eddica nas arremata\u00e7\u00f5es realizadas em hasta p\u00fablica.\u00a0<\/p>\n\n\n\n<p>Novamente, historicamente, os editais de leil\u00f5es judiciais, em muitos casos, transferiam ao arrematante a responsabilidade pelos d\u00e9bitos tribut\u00e1rios pendentes sobre o im\u00f3vel.\u00a0<\/p>\n\n\n\n<p>Isto porque, na pr\u00e1tica gerava in\u00fameros questionamentos judiciais, baseados na interpreta\u00e7\u00e3o do artigo 130 do CTN, que trata da sucess\u00e3o tribut\u00e1ria nas transmiss\u00f5es de bens im\u00f3veis.\u00a0<\/p>\n\n\n\n<p>Esse entendimento aumentava o custo das arremata\u00e7\u00f5es e trazia inseguran\u00e7a aos participantes dos leil\u00f5es judiciais.<\/p>\n\n\n\n<p>Com o julgamento do <strong>Tema 1134<\/strong>:<\/p>\n\n\n\n<div class=\"wp-block-group is-style-cnvs-block-bordered has-background\" style=\"background-color:#cf2d2d05\"><div class=\"wp-block-group__inner-container is-layout-constrained wp-block-group-is-layout-constrained\">\n<p>O STJ consolidou o entendimento de que a <strong>cl\u00e1usula edital\u00edcia que transfere ao arrematante a responsabilidade pelos d\u00e9bitos tribut\u00e1rios preexistentes \u00e9 inv\u00e1lida.\u00a0<\/strong><\/p>\n<\/div><\/div>\n\n\n\n<h2 class=\"wp-block-heading\" id=\"h-aprofundamento-fraude-a-execucao-em-casos-de-sucessao-disfarcada\" style=\"font-style:normal;font-weight:400\"><span id=\"aprofundamento-fraude-a-execucao-em-casos-de-sucessao-disfarcada\"><strong>Aprofundamento: Fraude \u00e0 Execu\u00e7\u00e3o em casos de sucess\u00e3o disfar\u00e7ada<\/strong><\/span><\/h2>\n\n\n\n<p>Cabe alertar que, embora o entendimento do <strong>STJ no Tema 1134<\/strong> assegure que o arrematante em leil\u00f5es judiciais n\u00e3o pode ser responsabilizado pelos d\u00e9bitos tribut\u00e1rios anteriores \u00e0 arremata\u00e7\u00e3o, existem exce\u00e7\u00f5es importantes, especialmente quando a aliena\u00e7\u00e3o judicial \u00e9 utilizada para fraudar a execu\u00e7\u00e3o fiscal ou ocultar a responsabilidade tribut\u00e1ria.<\/p>\n\n\n\n<p>Uma situa\u00e7\u00e3o que pode caracterizar fraude \u00e9 a <strong>sucess\u00e3o disfar\u00e7ada<\/strong> em que o im\u00f3vel \u00e9 arrematado por um dos herdeiros ou por uma empresa do mesmo grupo econ\u00f4mico que o propriet\u00e1rio anterior, com o objetivo de evitar o pagamento dos tributos devidos.\u00a0<\/p>\n\n\n\n<p>Nesse cen\u00e1rio, a transfer\u00eancia de propriedade n\u00e3o seria considerada genu\u00edna, mas uma forma de <strong>fraude \u00e0 execu\u00e7\u00e3o<\/strong> ou de <strong>sucess\u00e3o tribut\u00e1ria<\/strong>, implicando a responsabiliza\u00e7\u00e3o pelos d\u00e9bitos.<\/p>\n\n\n\n<h3 class=\"wp-block-heading\" id=\"h-como-o-tema-ja-caiu-em-concursos-responsabilidade-tributaria\" style=\"font-style:normal;font-weight:400\"><span id=\"como-o-tema-ja-caiu-em-concursos-responsabilidade-tributaria\"><strong>Como o tema j\u00e1 caiu em concursos:<\/strong> <strong><mark style=\"background-color:rgba(0, 0, 0, 0)\" class=\"has-inline-color has-white-color\">Responsabilidade Tribut\u00e1ria<\/mark><\/strong><\/span><\/h3>\n\n\n\n<div class=\"wp-block-group is-style-cnvs-block-bordered has-background\" style=\"background-color:#fff5f569\"><div class=\"wp-block-group__inner-container is-layout-constrained wp-block-group-is-layout-constrained\">\n<p><strong>FMP Concursos \u2013 2017 \u2013 PGE-AC \u2013 Procurador do Estado<\/strong><\/p>\n\n\n\n<p>Segundo o CTN, no que tange \u00e0 responsabilidade tribut\u00e1ria, \u00e9 CORRETO afirmar que<\/p>\n\n\n\n<p>d) o arrematante de bem im\u00f3vel, no caso de arremata\u00e7\u00e3o em hasta p\u00fablica, \u00e9 respons\u00e1vel pelos tributos devidos por fatos geradores anteriores \u00e0 arremata\u00e7\u00e3o <strong><mark style=\"background-color:rgba(0, 0, 0, 0)\" class=\"has-inline-color has-vivid-red-color\">(Errado)<\/mark><\/strong><\/p>\n<\/div><\/div>\n\n\n\n<p>De verdade, eu n\u00e3o tenho nenhuma d\u00favida que esse entendimento cair\u00e1 em provas objetivas, discursivas e provas orais.<\/p>\n\n\n\n<p class=\"has-text-align-center\" style=\"font-size:26px\"><strong>Quer estudar para Concursos de Direito?<\/strong><\/p>\n\n\n\n<p class=\"has-text-align-center\">Confira nossos\u00a0<a href=\"https:\/\/cj.estrategia.com\/portal\/\" target=\"_blank\" >artigos para Carreiras Jur\u00eddicas<\/a>!<\/p>\n\n\n\n<p class=\"has-text-align-center has-white-color has-pale-cyan-blue-background-color has-text-color has-background has-link-color wp-elements-1452b92fd003dcb03b27128cfbd399ee\"><a href=\"https:\/\/www.estrategiaconcursos.com.br\/blog\/concursos-abertos\/\" target=\"_blank\" ><strong>Confira os concursos p\u00fablicos abertos<\/strong><\/a><\/p>\n\n\n\n<p class=\"has-text-align-center has-white-color has-pale-cyan-blue-background-color has-text-color has-background has-link-color wp-elements-4342691eed34cfab132bf084a4b5a528\"><a href=\"https:\/\/cj.estrategia.com\/portal\/concursos-2025-carreiras-juridicas\/\" target=\"_blank\" ><strong>Concursos 2025<\/strong><\/a><\/p>\n\n\n\n<p>O Estrat\u00e9gia Carreira Jur\u00eddica \u00e9 campe\u00e3o de aprova\u00e7\u00f5es nos concursos para Carreiras Jur\u00eddicas com um corpo docente qualificado e materiais completos. Conhe\u00e7a nossos cursos e garanta sua aprova\u00e7\u00e3o:<\/p>\n\n\n\n<div class=\"wp-block-cover\" style=\"min-height:155px;aspect-ratio:unset;\"><img decoding=\"async\" width=\"1890\" height=\"351\" class=\"wp-block-cover__image-background wp-image-8669\" alt=\"Assinaturas Jur\u00eddicas\" src=\"https:\/\/cj.estrategia.com\/portal\/wp-content\/uploads\/2022\/06\/20151253\/concurso-carreiras-juridicas-assinatura-juridica.jpg\" style=\"object-position:78% 43%\" data-object-fit=\"cover\" data-object-position=\"78% 43%\" srcset=\"https:\/\/cj.estrategia.com\/portal\/wp-content\/uploads\/2022\/06\/20151253\/concurso-carreiras-juridicas-assinatura-juridica.jpg 1890w, https:\/\/cj.estrategia.com\/portal\/wp-content\/uploads\/2022\/06\/20151253\/concurso-carreiras-juridicas-assinatura-juridica-300x56.jpg 300w, https:\/\/cj.estrategia.com\/portal\/wp-content\/uploads\/2022\/06\/20151253\/concurso-carreiras-juridicas-assinatura-juridica-1024x190.jpg 1024w, https:\/\/cj.estrategia.com\/portal\/wp-content\/uploads\/2022\/06\/20151253\/concurso-carreiras-juridicas-assinatura-juridica-768x143.jpg 768w, https:\/\/cj.estrategia.com\/portal\/wp-content\/uploads\/2022\/06\/20151253\/concurso-carreiras-juridicas-assinatura-juridica-1536x285.jpg 1536w, https:\/\/cj.estrategia.com\/portal\/wp-content\/uploads\/2022\/06\/20151253\/concurso-carreiras-juridicas-assinatura-juridica-380x71.jpg 380w, https:\/\/cj.estrategia.com\/portal\/wp-content\/uploads\/2022\/06\/20151253\/concurso-carreiras-juridicas-assinatura-juridica-800x149.jpg 800w, https:\/\/cj.estrategia.com\/portal\/wp-content\/uploads\/2022\/06\/20151253\/concurso-carreiras-juridicas-assinatura-juridica-1160x215.jpg 1160w\" sizes=\"(max-width: 1890px) 100vw, 1890px\" \/><span aria-hidden=\"true\" class=\"wp-block-cover__background has-background-dim\"><\/span><div class=\"wp-block-cover__inner-container is-layout-flow wp-block-cover-is-layout-flow\">\n<h3 id=\"faca-a-sua-assinatura\" class=\"titulo-assinatura\"><span style=\"color: #ffffff;\">Fa\u00e7a a sua assinatura!<\/span><\/h3>\n<p class=\"subtitulo-assinatura\" style=\"display:block!important; line-height: 0;\"><span style=\"color: #ffffff;\">Escolha a sua \u00e1rea.<\/span><\/p>\n<a target=\"_blank\" href=\"https:\/\/www.estrategiaconcursos.com.br\/assinaturas-ecj\/\" rel=\"noopener\"><button style=\"border-radius: 10px; text-transform: capitalize;\">Acessar<\/button><\/a>\n<\/div><\/div>\n\n\n\n<div id=\"boxes\" class=\"container\">\n<div class=\"row\">\n<div class=\"col-sm\">\n<div id=\"box-assinatura\" class=\"banner-estrategia-concursos-juridicos\">\n<h3 id=\"curso-para-carreiras-juridicas\" class=\"titulo-assinatura\"><span style=\"color: #ffffff; font-size: 23px; \">Curso para Carreiras Jur\u00eddicas<\/span><\/h3>\n<p class=\"subtitulo-assinatura\">Cursos focados no edital do concurso<\/p>\n<div class=\"box-botao\"><a class=\"btn-assinatura-juridica\" role=\"button\" href=\"https:\/\/cj.estrategia.com\/cursos\/\" target=\"_blank\" rel=\"noopener noreferrer\">Conhe\u00e7a mais<\/a><\/div>\n<\/div>\n<p class=\"texto-auxiliar\">Prepare-se com o melhor material e com quem mais aprova em concursos em todo o pa\u00eds.<\/p>\n<\/div>\n<\/div>\n<\/div>\n","protected":false},"excerpt":{"rendered":"Responsabilidade Tribut\u00e1ria do arrematante em leil\u00f5es: Entenda o Tema 1134 do STJ abordado no Informativo 829, que discute&hellip;\n","protected":false},"author":93,"featured_media":81463,"comment_status":"open","ping_status":"open","sticky":false,"template":"","format":"standard","meta":{"_jetpack_memberships_contains_paid_content":false,"footnotes":""},"categories":[1],"tags":[336,1270,1100,1272,1269,202,1271],"tax_estado":[30,31,32,33,34,35,36,37,38,39,40,41,42,43,44,45,46,47,48,49,50,51,52,53,54,55,56,57],"class_list":{"0":"post-81450","1":"post","2":"type-post","3":"status-publish","4":"format-standard","5":"has-post-thumbnail","7":"category-carreiras-juridicas","8":"tag-analise-juridica","9":"tag-arrematante-em-leiloes","10":"tag-direito-tributario","11":"tag-informativo-829-do-stj","12":"tag-responsabilidade-tributaria","13":"tag-stj","14":"tag-tema-1134-do-stj","15":"tax_estado-ac","16":"tax_estado-al","17":"tax_estado-am","18":"tax_estado-ap","19":"tax_estado-ba","20":"tax_estado-ce","21":"tax_estado-concursos-federais","22":"tax_estado-df","23":"tax_estado-es","24":"tax_estado-go","25":"tax_estado-ma","26":"tax_estado-mg","27":"tax_estado-ms","28":"tax_estado-mt","29":"tax_estado-pa","30":"tax_estado-pb","31":"tax_estado-pe","32":"tax_estado-pi","33":"tax_estado-pr","34":"tax_estado-rj","35":"tax_estado-rn","36":"tax_estado-ro","37":"tax_estado-rr","38":"tax_estado-rs","39":"tax_estado-sc","40":"tax_estado-se","41":"tax_estado-sp","42":"tax_estado-to"},"acf":[],"yoast_head":"<!-- This site is optimized with the Yoast SEO Premium plugin v27.5 (Yoast SEO v27.5) - https:\/\/yoast.com\/product\/yoast-seo-premium-wordpress\/ -->\n<title>Responsabilidade Tribut\u00e1ria do arrematante em leil\u00f5es<\/title>\n<meta name=\"description\" content=\"Responsabilidade Tribut\u00e1ria do arrematante em leil\u00f5es: Entenda o Tema 1134 do STJ abordado no Informativo 829.\" \/>\n<meta name=\"robots\" content=\"index, follow, max-snippet:-1, max-image-preview:large, max-video-preview:-1\" \/>\n<link rel=\"canonical\" href=\"https:\/\/cj.estrategia.com\/portal\/responsabilidade-tributaria-arrematante-leiloes\/\" \/>\n<meta property=\"og:locale\" content=\"pt_BR\" \/>\n<meta property=\"og:type\" content=\"article\" \/>\n<meta property=\"og:title\" content=\"Responsabilidade Tribut\u00e1ria do arrematante em leil\u00f5es: An\u00e1lise jur\u00eddica sobre o Tema 1134 do STJ\" \/>\n<meta property=\"og:description\" content=\"Responsabilidade Tribut\u00e1ria do arrematante em leil\u00f5es: Entenda o Tema 1134 do STJ abordado no Informativo 829.\" \/>\n<meta property=\"og:url\" content=\"https:\/\/cj.estrategia.com\/portal\/responsabilidade-tributaria-arrematante-leiloes\/\" \/>\n<meta property=\"og:site_name\" content=\"Blog - Carreiras Jur\u00eddicas - Estrat\u00e9gia\" \/>\n<meta property=\"article:publisher\" content=\"https:\/\/www.facebook.com\/estrategiacarreirajuridica\/\" \/>\n<meta property=\"article:published_time\" content=\"2024-10-24T02:36:06+00:00\" \/>\n<meta property=\"article:modified_time\" content=\"2024-12-01T15:17:22+00:00\" \/>\n<meta property=\"og:image\" content=\"https:\/\/cj.estrategia.com\/portal\/wp-content\/uploads\/2024\/10\/23231600\/top-view-arrangement-with-judge-gavel-book-money-1-scaled.jpg\" \/>\n\t<meta property=\"og:image:width\" content=\"2560\" \/>\n\t<meta property=\"og:image:height\" content=\"1707\" \/>\n\t<meta property=\"og:image:type\" content=\"image\/jpeg\" \/>\n<meta name=\"author\" content=\"Felipe Duque\" \/>\n<meta name=\"twitter:card\" content=\"summary_large_image\" \/>\n<meta name=\"twitter:creator\" content=\"@https:\/\/x.com\/ProfessorDuque\" \/>\n<meta name=\"twitter:site\" content=\"@EstratJuridica\" \/>\n<meta name=\"twitter:label1\" content=\"Escrito por\" \/>\n\t<meta name=\"twitter:data1\" content=\"Felipe Duque\" \/>\n\t<meta name=\"twitter:label2\" content=\"Est. tempo de leitura\" \/>\n\t<meta name=\"twitter:data2\" content=\"12 minutos\" \/>\n<script type=\"application\/ld+json\" class=\"yoast-schema-graph\">{\"@context\":\"https:\\\/\\\/schema.org\",\"@graph\":[{\"@type\":\"NewsArticle\",\"@id\":\"https:\\\/\\\/cj.estrategia.com\\\/portal\\\/responsabilidade-tributaria-arrematante-leiloes\\\/#article\",\"isPartOf\":{\"@id\":\"https:\\\/\\\/cj.estrategia.com\\\/portal\\\/responsabilidade-tributaria-arrematante-leiloes\\\/\"},\"author\":{\"name\":\"Felipe Duque\",\"@id\":\"https:\\\/\\\/cj.estrategia.com\\\/portal\\\/#\\\/schema\\\/person\\\/b5b0253b269d7130d1f7770b1ba29285\"},\"headline\":\"Responsabilidade Tribut\u00e1ria do arrematante em leil\u00f5es: An\u00e1lise jur\u00eddica sobre o Tema 1134 do STJ\",\"datePublished\":\"2024-10-24T02:36:06+00:00\",\"dateModified\":\"2024-12-01T15:17:22+00:00\",\"mainEntityOfPage\":{\"@id\":\"https:\\\/\\\/cj.estrategia.com\\\/portal\\\/responsabilidade-tributaria-arrematante-leiloes\\\/\"},\"wordCount\":1147,\"commentCount\":0,\"publisher\":{\"@id\":\"https:\\\/\\\/cj.estrategia.com\\\/portal\\\/#organization\"},\"image\":{\"@id\":\"https:\\\/\\\/cj.estrategia.com\\\/portal\\\/responsabilidade-tributaria-arrematante-leiloes\\\/#primaryimage\"},\"thumbnailUrl\":\"https:\\\/\\\/cj.estrategia.com\\\/portal\\\/wp-content\\\/uploads\\\/2024\\\/10\\\/23231600\\\/top-view-arrangement-with-judge-gavel-book-money-1-scaled.jpg\",\"keywords\":[\"an\u00e1lise jur\u00eddica\",\"arrematante em leil\u00f5es\",\"direito tribut\u00e1rio\",\"Informativo 829 do STJ\",\"responsabilidade tribut\u00e1ria\",\"STJ\",\"tema 1134 do STJ\"],\"articleSection\":[\"Carreiras Jur\u00eddicas\"],\"inLanguage\":\"pt-BR\",\"potentialAction\":[{\"@type\":\"CommentAction\",\"name\":\"Comment\",\"target\":[\"https:\\\/\\\/cj.estrategia.com\\\/portal\\\/responsabilidade-tributaria-arrematante-leiloes\\\/#respond\"]}]},{\"@type\":\"WebPage\",\"@id\":\"https:\\\/\\\/cj.estrategia.com\\\/portal\\\/responsabilidade-tributaria-arrematante-leiloes\\\/\",\"url\":\"https:\\\/\\\/cj.estrategia.com\\\/portal\\\/responsabilidade-tributaria-arrematante-leiloes\\\/\",\"name\":\"Responsabilidade Tribut\u00e1ria do arrematante em leil\u00f5es\",\"isPartOf\":{\"@id\":\"https:\\\/\\\/cj.estrategia.com\\\/portal\\\/#website\"},\"primaryImageOfPage\":{\"@id\":\"https:\\\/\\\/cj.estrategia.com\\\/portal\\\/responsabilidade-tributaria-arrematante-leiloes\\\/#primaryimage\"},\"image\":{\"@id\":\"https:\\\/\\\/cj.estrategia.com\\\/portal\\\/responsabilidade-tributaria-arrematante-leiloes\\\/#primaryimage\"},\"thumbnailUrl\":\"https:\\\/\\\/cj.estrategia.com\\\/portal\\\/wp-content\\\/uploads\\\/2024\\\/10\\\/23231600\\\/top-view-arrangement-with-judge-gavel-book-money-1-scaled.jpg\",\"datePublished\":\"2024-10-24T02:36:06+00:00\",\"dateModified\":\"2024-12-01T15:17:22+00:00\",\"description\":\"Responsabilidade Tribut\u00e1ria do arrematante em leil\u00f5es: Entenda o Tema 1134 do STJ abordado no Informativo 829.\",\"breadcrumb\":{\"@id\":\"https:\\\/\\\/cj.estrategia.com\\\/portal\\\/responsabilidade-tributaria-arrematante-leiloes\\\/#breadcrumb\"},\"inLanguage\":\"pt-BR\",\"potentialAction\":[{\"@type\":\"ReadAction\",\"target\":[\"https:\\\/\\\/cj.estrategia.com\\\/portal\\\/responsabilidade-tributaria-arrematante-leiloes\\\/\"]}]},{\"@type\":\"ImageObject\",\"inLanguage\":\"pt-BR\",\"@id\":\"https:\\\/\\\/cj.estrategia.com\\\/portal\\\/responsabilidade-tributaria-arrematante-leiloes\\\/#primaryimage\",\"url\":\"https:\\\/\\\/cj.estrategia.com\\\/portal\\\/wp-content\\\/uploads\\\/2024\\\/10\\\/23231600\\\/top-view-arrangement-with-judge-gavel-book-money-1-scaled.jpg\",\"contentUrl\":\"https:\\\/\\\/cj.estrategia.com\\\/portal\\\/wp-content\\\/uploads\\\/2024\\\/10\\\/23231600\\\/top-view-arrangement-with-judge-gavel-book-money-1-scaled.jpg\",\"width\":2560,\"height\":1707},{\"@type\":\"BreadcrumbList\",\"@id\":\"https:\\\/\\\/cj.estrategia.com\\\/portal\\\/responsabilidade-tributaria-arrematante-leiloes\\\/#breadcrumb\",\"itemListElement\":[{\"@type\":\"ListItem\",\"position\":1,\"name\":\"In\u00edcio\",\"item\":\"https:\\\/\\\/cj.estrategia.com\\\/portal\\\/\"},{\"@type\":\"ListItem\",\"position\":2,\"name\":\"Responsabilidade Tribut\u00e1ria do arrematante em leil\u00f5es: An\u00e1lise jur\u00eddica sobre o Tema 1134 do STJ\"}]},{\"@type\":\"WebSite\",\"@id\":\"https:\\\/\\\/cj.estrategia.com\\\/portal\\\/#website\",\"url\":\"https:\\\/\\\/cj.estrategia.com\\\/portal\\\/\",\"name\":\"Blog - Carreiras Jur\u00eddicas - Estrat\u00e9gia\",\"description\":\"\",\"publisher\":{\"@id\":\"https:\\\/\\\/cj.estrategia.com\\\/portal\\\/#organization\"},\"potentialAction\":[{\"@type\":\"SearchAction\",\"target\":{\"@type\":\"EntryPoint\",\"urlTemplate\":\"https:\\\/\\\/cj.estrategia.com\\\/portal\\\/?s={search_term_string}\"},\"query-input\":{\"@type\":\"PropertyValueSpecification\",\"valueRequired\":true,\"valueName\":\"search_term_string\"}}],\"inLanguage\":\"pt-BR\"},{\"@type\":\"Organization\",\"@id\":\"https:\\\/\\\/cj.estrategia.com\\\/portal\\\/#organization\",\"name\":\"Estrat\u00e9gia - Carreiras Jur\u00eddicas\",\"url\":\"https:\\\/\\\/cj.estrategia.com\\\/portal\\\/\",\"logo\":{\"@type\":\"ImageObject\",\"inLanguage\":\"pt-BR\",\"@id\":\"https:\\\/\\\/cj.estrategia.com\\\/portal\\\/#\\\/schema\\\/logo\\\/image\\\/\",\"url\":\"https:\\\/\\\/cj.estrategia.com\\\/portal\\\/wp-content\\\/uploads\\\/2022\\\/03\\\/11151052\\\/cj-logo.png\",\"contentUrl\":\"https:\\\/\\\/cj.estrategia.com\\\/portal\\\/wp-content\\\/uploads\\\/2022\\\/03\\\/11151052\\\/cj-logo.png\",\"width\":150,\"height\":39,\"caption\":\"Estrat\u00e9gia - Carreiras Jur\u00eddicas\"},\"image\":{\"@id\":\"https:\\\/\\\/cj.estrategia.com\\\/portal\\\/#\\\/schema\\\/logo\\\/image\\\/\"},\"sameAs\":[\"https:\\\/\\\/www.facebook.com\\\/estrategiacarreirajuridica\\\/\",\"https:\\\/\\\/x.com\\\/EstratJuridica\",\"https:\\\/\\\/www.instagram.com\\\/estrategiacarreirajuridica\\\/\",\"https:\\\/\\\/www.youtube.com\\\/channel\\\/UClbMGuYbj2Mh1m3w144ETWQ\"]},{\"@type\":\"Person\",\"@id\":\"https:\\\/\\\/cj.estrategia.com\\\/portal\\\/#\\\/schema\\\/person\\\/b5b0253b269d7130d1f7770b1ba29285\",\"name\":\"Felipe Duque\",\"image\":{\"@type\":\"ImageObject\",\"inLanguage\":\"pt-BR\",\"@id\":\"https:\\\/\\\/cj.estrategia.com\\\/portal\\\/wp-content\\\/uploads\\\/2024\\\/08\\\/06162009\\\/Captura-de-Tela-2024-08-06-as-16.19.26-96x96.png\",\"url\":\"https:\\\/\\\/cj.estrategia.com\\\/portal\\\/wp-content\\\/uploads\\\/2024\\\/08\\\/06162009\\\/Captura-de-Tela-2024-08-06-as-16.19.26-96x96.png\",\"contentUrl\":\"https:\\\/\\\/cj.estrategia.com\\\/portal\\\/wp-content\\\/uploads\\\/2024\\\/08\\\/06162009\\\/Captura-de-Tela-2024-08-06-as-16.19.26-96x96.png\",\"caption\":\"Felipe Duque\"},\"description\":\"Felipe Duque - Mestre em Direito Pol\u00edtico e Econ\u00f4mico na Mackenzie-SP. Graduado em Direito pela Universidade Cat\u00f3lica de Pernambuco, com conclus\u00e3o pelo regime de Aproveitamento Extraordin\u00e1rio nos Estudos (art. 47, \u00a7 2\u00ba, da Lei n\u00ba 9.394\\\/96). Ex-Assessor de Desembargador no TJPE. Procurador da Fazenda Nacional. Integra voluntariamente a Coordena\u00e7\u00e3o de Assuntos Estrat\u00e9gicos Judiciais da PGFN. Professor do Estrat\u00e9gia Carreira Jur\u00eddica, Estrat\u00e9gia OAB e Buscador Dizer o Direito. Autor do livro \u201cReforma Tribut\u00e1ria Comentada e Esquematizada\u201d, \\\"Manual de Processo Tribut\u00e1rio: Administrativo e Judicial\\\" pela editora Juspodivm Parecerista na Revista de Estudos Jur\u00eddicos do Superior Tribunal de Justi\u00e7a (REJuriSTJ)\",\"sameAs\":[\"http:\\\/\\\/lattes.cnpq.br\\\/5755137268084324\",\"https:\\\/\\\/www.instagram.com\\\/felipe_duque\\\/\",\"https:\\\/\\\/br.linkedin.com\\\/in\\\/felipe-duque-56954638\",\"https:\\\/\\\/x.com\\\/https:\\\/\\\/x.com\\\/ProfessorDuque\",\"https:\\\/\\\/www.youtube.com\\\/@felipeduque-experienciasco5797\"],\"url\":\"https:\\\/\\\/cj.estrategia.com\\\/portal\\\/author\\\/felipe-duque\\\/\"}]}<\/script>\n<!-- \/ Yoast SEO Premium plugin. -->","yoast_head_json":{"title":"Responsabilidade Tribut\u00e1ria do arrematante em leil\u00f5es","description":"Responsabilidade Tribut\u00e1ria do arrematante em leil\u00f5es: Entenda o Tema 1134 do STJ abordado no Informativo 829.","robots":{"index":"index","follow":"follow","max-snippet":"max-snippet:-1","max-image-preview":"max-image-preview:large","max-video-preview":"max-video-preview:-1"},"canonical":"https:\/\/cj.estrategia.com\/portal\/responsabilidade-tributaria-arrematante-leiloes\/","og_locale":"pt_BR","og_type":"article","og_title":"Responsabilidade Tribut\u00e1ria do arrematante em leil\u00f5es: An\u00e1lise jur\u00eddica sobre o Tema 1134 do STJ","og_description":"Responsabilidade Tribut\u00e1ria do arrematante em leil\u00f5es: Entenda o Tema 1134 do STJ abordado no Informativo 829.","og_url":"https:\/\/cj.estrategia.com\/portal\/responsabilidade-tributaria-arrematante-leiloes\/","og_site_name":"Blog - Carreiras Jur\u00eddicas - Estrat\u00e9gia","article_publisher":"https:\/\/www.facebook.com\/estrategiacarreirajuridica\/","article_published_time":"2024-10-24T02:36:06+00:00","article_modified_time":"2024-12-01T15:17:22+00:00","og_image":[{"width":2560,"height":1707,"url":"https:\/\/cj.estrategia.com\/portal\/wp-content\/uploads\/2024\/10\/23231600\/top-view-arrangement-with-judge-gavel-book-money-1-scaled.jpg","type":"image\/jpeg"}],"author":"Felipe Duque","twitter_card":"summary_large_image","twitter_creator":"@https:\/\/x.com\/ProfessorDuque","twitter_site":"@EstratJuridica","twitter_misc":{"Escrito por":"Felipe Duque","Est. tempo de leitura":"12 minutos"},"schema":{"@context":"https:\/\/schema.org","@graph":[{"@type":"NewsArticle","@id":"https:\/\/cj.estrategia.com\/portal\/responsabilidade-tributaria-arrematante-leiloes\/#article","isPartOf":{"@id":"https:\/\/cj.estrategia.com\/portal\/responsabilidade-tributaria-arrematante-leiloes\/"},"author":{"name":"Felipe Duque","@id":"https:\/\/cj.estrategia.com\/portal\/#\/schema\/person\/b5b0253b269d7130d1f7770b1ba29285"},"headline":"Responsabilidade Tribut\u00e1ria do arrematante em leil\u00f5es: An\u00e1lise jur\u00eddica sobre o Tema 1134 do STJ","datePublished":"2024-10-24T02:36:06+00:00","dateModified":"2024-12-01T15:17:22+00:00","mainEntityOfPage":{"@id":"https:\/\/cj.estrategia.com\/portal\/responsabilidade-tributaria-arrematante-leiloes\/"},"wordCount":1147,"commentCount":0,"publisher":{"@id":"https:\/\/cj.estrategia.com\/portal\/#organization"},"image":{"@id":"https:\/\/cj.estrategia.com\/portal\/responsabilidade-tributaria-arrematante-leiloes\/#primaryimage"},"thumbnailUrl":"https:\/\/cj.estrategia.com\/portal\/wp-content\/uploads\/2024\/10\/23231600\/top-view-arrangement-with-judge-gavel-book-money-1-scaled.jpg","keywords":["an\u00e1lise jur\u00eddica","arrematante em leil\u00f5es","direito tribut\u00e1rio","Informativo 829 do STJ","responsabilidade tribut\u00e1ria","STJ","tema 1134 do STJ"],"articleSection":["Carreiras Jur\u00eddicas"],"inLanguage":"pt-BR","potentialAction":[{"@type":"CommentAction","name":"Comment","target":["https:\/\/cj.estrategia.com\/portal\/responsabilidade-tributaria-arrematante-leiloes\/#respond"]}]},{"@type":"WebPage","@id":"https:\/\/cj.estrategia.com\/portal\/responsabilidade-tributaria-arrematante-leiloes\/","url":"https:\/\/cj.estrategia.com\/portal\/responsabilidade-tributaria-arrematante-leiloes\/","name":"Responsabilidade Tribut\u00e1ria do arrematante em leil\u00f5es","isPartOf":{"@id":"https:\/\/cj.estrategia.com\/portal\/#website"},"primaryImageOfPage":{"@id":"https:\/\/cj.estrategia.com\/portal\/responsabilidade-tributaria-arrematante-leiloes\/#primaryimage"},"image":{"@id":"https:\/\/cj.estrategia.com\/portal\/responsabilidade-tributaria-arrematante-leiloes\/#primaryimage"},"thumbnailUrl":"https:\/\/cj.estrategia.com\/portal\/wp-content\/uploads\/2024\/10\/23231600\/top-view-arrangement-with-judge-gavel-book-money-1-scaled.jpg","datePublished":"2024-10-24T02:36:06+00:00","dateModified":"2024-12-01T15:17:22+00:00","description":"Responsabilidade Tribut\u00e1ria do arrematante em leil\u00f5es: Entenda o Tema 1134 do STJ abordado no Informativo 829.","breadcrumb":{"@id":"https:\/\/cj.estrategia.com\/portal\/responsabilidade-tributaria-arrematante-leiloes\/#breadcrumb"},"inLanguage":"pt-BR","potentialAction":[{"@type":"ReadAction","target":["https:\/\/cj.estrategia.com\/portal\/responsabilidade-tributaria-arrematante-leiloes\/"]}]},{"@type":"ImageObject","inLanguage":"pt-BR","@id":"https:\/\/cj.estrategia.com\/portal\/responsabilidade-tributaria-arrematante-leiloes\/#primaryimage","url":"https:\/\/cj.estrategia.com\/portal\/wp-content\/uploads\/2024\/10\/23231600\/top-view-arrangement-with-judge-gavel-book-money-1-scaled.jpg","contentUrl":"https:\/\/cj.estrategia.com\/portal\/wp-content\/uploads\/2024\/10\/23231600\/top-view-arrangement-with-judge-gavel-book-money-1-scaled.jpg","width":2560,"height":1707},{"@type":"BreadcrumbList","@id":"https:\/\/cj.estrategia.com\/portal\/responsabilidade-tributaria-arrematante-leiloes\/#breadcrumb","itemListElement":[{"@type":"ListItem","position":1,"name":"In\u00edcio","item":"https:\/\/cj.estrategia.com\/portal\/"},{"@type":"ListItem","position":2,"name":"Responsabilidade Tribut\u00e1ria do arrematante em leil\u00f5es: An\u00e1lise jur\u00eddica sobre o Tema 1134 do STJ"}]},{"@type":"WebSite","@id":"https:\/\/cj.estrategia.com\/portal\/#website","url":"https:\/\/cj.estrategia.com\/portal\/","name":"Blog - Carreiras Jur\u00eddicas - Estrat\u00e9gia","description":"","publisher":{"@id":"https:\/\/cj.estrategia.com\/portal\/#organization"},"potentialAction":[{"@type":"SearchAction","target":{"@type":"EntryPoint","urlTemplate":"https:\/\/cj.estrategia.com\/portal\/?s={search_term_string}"},"query-input":{"@type":"PropertyValueSpecification","valueRequired":true,"valueName":"search_term_string"}}],"inLanguage":"pt-BR"},{"@type":"Organization","@id":"https:\/\/cj.estrategia.com\/portal\/#organization","name":"Estrat\u00e9gia - Carreiras Jur\u00eddicas","url":"https:\/\/cj.estrategia.com\/portal\/","logo":{"@type":"ImageObject","inLanguage":"pt-BR","@id":"https:\/\/cj.estrategia.com\/portal\/#\/schema\/logo\/image\/","url":"https:\/\/cj.estrategia.com\/portal\/wp-content\/uploads\/2022\/03\/11151052\/cj-logo.png","contentUrl":"https:\/\/cj.estrategia.com\/portal\/wp-content\/uploads\/2022\/03\/11151052\/cj-logo.png","width":150,"height":39,"caption":"Estrat\u00e9gia - Carreiras Jur\u00eddicas"},"image":{"@id":"https:\/\/cj.estrategia.com\/portal\/#\/schema\/logo\/image\/"},"sameAs":["https:\/\/www.facebook.com\/estrategiacarreirajuridica\/","https:\/\/x.com\/EstratJuridica","https:\/\/www.instagram.com\/estrategiacarreirajuridica\/","https:\/\/www.youtube.com\/channel\/UClbMGuYbj2Mh1m3w144ETWQ"]},{"@type":"Person","@id":"https:\/\/cj.estrategia.com\/portal\/#\/schema\/person\/b5b0253b269d7130d1f7770b1ba29285","name":"Felipe Duque","image":{"@type":"ImageObject","inLanguage":"pt-BR","@id":"https:\/\/cj.estrategia.com\/portal\/wp-content\/uploads\/2024\/08\/06162009\/Captura-de-Tela-2024-08-06-as-16.19.26-96x96.png","url":"https:\/\/cj.estrategia.com\/portal\/wp-content\/uploads\/2024\/08\/06162009\/Captura-de-Tela-2024-08-06-as-16.19.26-96x96.png","contentUrl":"https:\/\/cj.estrategia.com\/portal\/wp-content\/uploads\/2024\/08\/06162009\/Captura-de-Tela-2024-08-06-as-16.19.26-96x96.png","caption":"Felipe Duque"},"description":"Felipe Duque - Mestre em Direito Pol\u00edtico e Econ\u00f4mico na Mackenzie-SP. Graduado em Direito pela Universidade Cat\u00f3lica de Pernambuco, com conclus\u00e3o pelo regime de Aproveitamento Extraordin\u00e1rio nos Estudos (art. 47, \u00a7 2\u00ba, da Lei n\u00ba 9.394\/96). Ex-Assessor de Desembargador no TJPE. Procurador da Fazenda Nacional. Integra voluntariamente a Coordena\u00e7\u00e3o de Assuntos Estrat\u00e9gicos Judiciais da PGFN. Professor do Estrat\u00e9gia Carreira Jur\u00eddica, Estrat\u00e9gia OAB e Buscador Dizer o Direito. Autor do livro \u201cReforma Tribut\u00e1ria Comentada e Esquematizada\u201d, \"Manual de Processo Tribut\u00e1rio: Administrativo e Judicial\" pela editora Juspodivm Parecerista na Revista de Estudos Jur\u00eddicos do Superior Tribunal de Justi\u00e7a (REJuriSTJ)","sameAs":["http:\/\/lattes.cnpq.br\/5755137268084324","https:\/\/www.instagram.com\/felipe_duque\/","https:\/\/br.linkedin.com\/in\/felipe-duque-56954638","https:\/\/x.com\/https:\/\/x.com\/ProfessorDuque","https:\/\/www.youtube.com\/@felipeduque-experienciasco5797"],"url":"https:\/\/cj.estrategia.com\/portal\/author\/felipe-duque\/"}]}},"jetpack_featured_media_url":"https:\/\/cj.estrategia.com\/portal\/wp-content\/uploads\/2024\/10\/23231600\/top-view-arrangement-with-judge-gavel-book-money-1-scaled.jpg","jetpack_sharing_enabled":true,"_links":{"self":[{"href":"https:\/\/cj.estrategia.com\/portal\/wp-json\/wp\/v2\/posts\/81450","targetHints":{"allow":["GET"]}}],"collection":[{"href":"https:\/\/cj.estrategia.com\/portal\/wp-json\/wp\/v2\/posts"}],"about":[{"href":"https:\/\/cj.estrategia.com\/portal\/wp-json\/wp\/v2\/types\/post"}],"author":[{"embeddable":true,"href":"https:\/\/cj.estrategia.com\/portal\/wp-json\/wp\/v2\/users\/93"}],"replies":[{"embeddable":true,"href":"https:\/\/cj.estrategia.com\/portal\/wp-json\/wp\/v2\/comments?post=81450"}],"version-history":[{"count":0,"href":"https:\/\/cj.estrategia.com\/portal\/wp-json\/wp\/v2\/posts\/81450\/revisions"}],"wp:featuredmedia":[{"embeddable":true,"href":"https:\/\/cj.estrategia.com\/portal\/wp-json\/wp\/v2\/media\/81463"}],"wp:attachment":[{"href":"https:\/\/cj.estrategia.com\/portal\/wp-json\/wp\/v2\/media?parent=81450"}],"wp:term":[{"taxonomy":"category","embeddable":true,"href":"https:\/\/cj.estrategia.com\/portal\/wp-json\/wp\/v2\/categories?post=81450"},{"taxonomy":"post_tag","embeddable":true,"href":"https:\/\/cj.estrategia.com\/portal\/wp-json\/wp\/v2\/tags?post=81450"},{"taxonomy":"tax_estado","embeddable":true,"href":"https:\/\/cj.estrategia.com\/portal\/wp-json\/wp\/v2\/tax_estado?post=81450"}],"curies":[{"name":"wp","href":"https:\/\/api.w.org\/{rel}","templated":true}]}}