{"id":81429,"date":"2024-10-23T20:28:33","date_gmt":"2024-10-23T23:28:33","guid":{"rendered":"https:\/\/cj.estrategia.com\/portal\/?p=81429"},"modified":"2024-10-23T20:28:38","modified_gmt":"2024-10-23T23:28:38","slug":"cintia-chagas-medidas-protetivas-urgencia","status":"publish","type":"post","link":"https:\/\/cj.estrategia.com\/portal\/cintia-chagas-medidas-protetivas-urgencia\/","title":{"rendered":"Caso C\u00edntia Chagas e a (in) efic\u00e1cia das medidas protetivas de urg\u00eancia"},"content":{"rendered":"\n<p>Ol\u00e1, pessoal. Aqui \u00e9 o professor Allan Joos e hoje vamos tratar de um assunto que vem dando o que falar nas p\u00e1ginas de not\u00edcias e que, no aspecto jur\u00eddico, poder\u00e1 ser importante para os estudos de voc\u00eas. \u00c9 o caso da suposta <strong><mark style=\"background-color:rgba(0, 0, 0, 0)\" class=\"has-inline-color has-vivid-purple-color\">viol\u00eancia dom\u00e9stica<\/mark><\/strong> vivenciada pela influenciadora C\u00edntia Chagas e o seu ex-marido, o deputado estadual Lucas Bove. Vamos l\u00e1?<\/p>\n\n\n\n<div class=\"wp-block-media-text is-stacked-on-mobile\"><figure class=\"wp-block-media-text__media\"><img decoding=\"async\" width=\"1024\" height=\"768\" src=\"https:\/\/cj.estrategia.com\/portal\/wp-content\/uploads\/2024\/10\/23201642\/cintia-chagas-e-lucas-bove-1024x768.jpg\" alt=\"medida protetiva, c\u00edntia chagas e lucas bove\" class=\"wp-image-81431 size-full\" srcset=\"https:\/\/cj.estrategia.com\/portal\/wp-content\/uploads\/2024\/10\/23201642\/cintia-chagas-e-lucas-bove-1024x768.jpg 1024w, https:\/\/cj.estrategia.com\/portal\/wp-content\/uploads\/2024\/10\/23201642\/cintia-chagas-e-lucas-bove-300x225.jpg 300w, https:\/\/cj.estrategia.com\/portal\/wp-content\/uploads\/2024\/10\/23201642\/cintia-chagas-e-lucas-bove-768x576.jpg 768w, https:\/\/cj.estrategia.com\/portal\/wp-content\/uploads\/2024\/10\/23201642\/cintia-chagas-e-lucas-bove-380x285.jpg 380w, https:\/\/cj.estrategia.com\/portal\/wp-content\/uploads\/2024\/10\/23201642\/cintia-chagas-e-lucas-bove-800x600.jpg 800w, https:\/\/cj.estrategia.com\/portal\/wp-content\/uploads\/2024\/10\/23201642\/cintia-chagas-e-lucas-bove-1160x870.jpg 1160w, https:\/\/cj.estrategia.com\/portal\/wp-content\/uploads\/2024\/10\/23201642\/cintia-chagas-e-lucas-bove-150x113.jpg 150w, https:\/\/cj.estrategia.com\/portal\/wp-content\/uploads\/2024\/10\/23201642\/cintia-chagas-e-lucas-bove.jpg 1200w\" sizes=\"(max-width: 1024px) 100vw, 1024px\" \/><\/figure><div class=\"wp-block-media-text__content\">\n<p>Segundo noticiado nas m\u00eddias e p\u00e1ginas de not\u00edcias, a influenciadora C\u00edntia Chagas denunciou seu ex-marido Lucas Bove por <strong>agress\u00f5es f\u00edsicas e psicol\u00f3gicas<\/strong> que ocorreram durante o breve casamento.<\/p>\n<\/div><\/div>\n\n\n\n<p>Entre as alega\u00e7\u00f5es, constam epis\u00f3dios de viol\u00eancia f\u00edsica, como o arremesso de uma faca em sua dire\u00e7\u00e3o e uma garrafa d\u2019\u00e1gua. Tais fatos, caso comprovados, evidentemente envolvem viol\u00eancia dom\u00e9stica e familiar contra a mulher, abrangidos pela denominada <strong><mark style=\"background-color:rgba(0, 0, 0, 0)\" class=\"has-inline-color has-vivid-purple-color\">Lei Maria da Penha (Lei n\u00ba 11.343\/06)<\/mark><\/strong>. Vale destacar que at\u00e9 mesmo as supostas viol\u00eancias psicol\u00f3gicas est\u00e3o no espectro normativo da referida legisla\u00e7\u00e3o.<\/p>\n\n\n\n<h2 class=\"wp-block-heading\" id=\"h-da-suposta-violencia-domestica\"><span id=\"da-suposta-violencia-domestica\">Da suposta viol\u00eancia dom\u00e9stica<\/span><\/h2>\n\n\n\n<pre class=\"wp-block-verse\">A denominada Lei Maria da Penha, conforme j\u00e1 mencionado, protege a mulher de todas as formas de viol\u00eancia, reconhecendo que a viol\u00eancia pode ocorrer em v\u00e1rias formas: f\u00edsica, psicol\u00f3gica, sexual, patrimonial e moral (<strong>art. 7\u00ba<\/strong>).<\/pre>\n\n\n\n<p>Os fatos narrados pela influenciadora aparentemente envolvem a viol\u00eancia f\u00edsica e psicol\u00f3gica. Segundo consta, Lucas Bove teria praticado atos de controle emocional e agress\u00f5es f\u00edsicas. Dentre tais ataques, est\u00e3o apertar os bra\u00e7os de C\u00edntia, arremessar objetos contra ela, al\u00e9m de amea\u00e7as verbais.<\/p>\n\n\n\n<p>Diante da gravidade das acusa\u00e7\u00f5es, a Justi\u00e7a concedeu a C\u00edntia <strong><mark style=\"background-color:rgba(0, 0, 0, 0)\" class=\"has-inline-color has-vivid-purple-color\">medidas protetivas de urg\u00eancia<\/mark><\/strong>, previstas no <strong>art. 22 da Lei Maria da Penha<\/strong>, que imp\u00f5em ao agressor o afastamento da v\u00edtima, proibi\u00e7\u00e3o de qualquer tipo de contato e a ordem de manter uma dist\u00e2ncia m\u00ednima de 300 metros.<\/p>\n\n\n\n<h2 class=\"wp-block-heading\" id=\"h-do-descumprimento-das-medidas-protetivas-e-do-pedido-de-prisao-pela-vitima\"><span id=\"do-descumprimento-das-medidas-protetivas-e-do-pedido-de-prisao-pela-vitima\">Do descumprimento das medidas protetivas e do pedido de pris\u00e3o, pela v\u00edtima<\/span><\/h2>\n\n\n\n<p>A viola\u00e7\u00e3o das medidas protetivas configura uma das situa\u00e7\u00f5es que permitem a decreta\u00e7\u00e3o da pris\u00e3o preventiva do agressor.<\/p>\n\n\n\n<p>Al\u00e9m disso, trata-se de fato t\u00edpico, previsto no <strong>artigo 24-A da Lei n\u00ba 11.340\/06<\/strong>.<\/p>\n\n\n\n<p>O descumprimento das ordens judiciais de prote\u00e7\u00e3o, como a aproxima\u00e7\u00e3o ou o contato n\u00e3o autorizado, demonstra um comportamento de desrespeito \u00e0s autoridades e coloca a v\u00edtima em situa\u00e7\u00e3o de <strong><mark style=\"background-color:rgba(0, 0, 0, 0)\" class=\"has-inline-color has-vivid-purple-color\">vulnerabilidade<\/mark><\/strong>.<\/p>\n\n\n\n<p>De sua vez, o C\u00f3digo de Processo Penal prev\u00ea expressamente a possibilidade de <strong><mark style=\"background-color:rgba(0, 0, 0, 0)\" class=\"has-inline-color has-vivid-purple-color\">pris\u00e3o preventiva<\/mark><\/strong> em caso de descumprimento das medidas protetivas, conforme o <strong>art. 313, inciso III<\/strong>.<\/p>\n\n\n\n<p>Pode-se decretar a pris\u00e3o como forma de evitar a continuidade ou o agravamento da viol\u00eancia, proteger a v\u00edtima e garantir a ordem p\u00fablica.<\/p>\n\n\n\n<p>Nesse sentido, o pedido de pris\u00e3o formulado por C\u00edntia Chagas \u00e9 juridicamente cab\u00edvel. Isso se deve ao fato de que, ao violar as medidas impostas, Lucas Bove teria demonstrado desprezo \u00e0s determina\u00e7\u00f5es judiciais.<\/p>\n\n\n\n<p>Note-se que, apesar de n\u00e3o constar expressamente que a v\u00edtima esteja habilitada como assistente de acusa\u00e7\u00e3o em eventual a\u00e7\u00e3o penal em andamento (persecu\u00e7\u00e3o tramita em segredo de justi\u00e7a), \u00e9 plenamente poss\u00edvel o seu pedido nos termos do <strong>art. 311 do C\u00f3digo de Processo Penal<\/strong>.<\/p>\n\n\n\n<pre class=\"wp-block-verse\">A decreta\u00e7\u00e3o da pris\u00e3o preventiva n\u00e3o exige a ocorr\u00eancia de um novo crime, bastando o desrespeito \u00e0s medidas protetivas.<\/pre>\n\n\n\n<p>O Superior Tribunal de Justi\u00e7a (STJ) j\u00e1 consolidou entendimento de que o simples descumprimento de uma medida judicial protetiva \u00e9 suficiente para autorizar a pris\u00e3o preventiva. Isso porque o agressor coloca em risco a integridade da v\u00edtima e desacata a autoridade judicial. Esse entendimento \u00e9 refor\u00e7ado pelo <strong>art. 20 da Lei Maria da Penha<\/strong>, que prev\u00ea a pris\u00e3o preventiva como forma de coa\u00e7\u00e3o para que o agressor cesse sua conduta violenta.<\/p>\n\n\n\n<h2 class=\"wp-block-heading\" id=\"h-prerrogativas-de-funcao-e-limites-de-atuacao\"><span id=\"prerrogativas-de-funcao-e-limites-de-atuacao\">Prerrogativas de Fun\u00e7\u00e3o e Limites de Atua\u00e7\u00e3o<\/span><\/h2>\n\n\n\n<p><strong>Lucas Bove \u00e9 deputado estadual<\/strong>, o que traz \u00e0 an\u00e1lise jur\u00eddica do caso uma particularidade: eventual compet\u00eancia privativa por prerrogativa de fun\u00e7\u00e3o e eventual imunidade parlamentar.<\/p>\n\n\n\n<p>Com efeito, a Constitui\u00e7\u00e3o Federal, em seu <strong>art. 53<\/strong>, garante aos deputados e senadores <strong><mark style=\"background-color:rgba(0, 0, 0, 0)\" class=\"has-inline-color has-vivid-purple-color\">imunidade parlamentar<\/mark><\/strong>, o que os protege contra processos penais por opini\u00f5es, palavras e votos no exerc\u00edcio da fun\u00e7\u00e3o.<\/p>\n\n\n\n<p>No entanto, essa imunidade <strong><mark style=\"background-color:rgba(0, 0, 0, 0)\" class=\"has-inline-color has-vivid-purple-color\">n\u00e3o se estende a crimes comuns<\/mark><\/strong> como o de viol\u00eancia dom\u00e9stica.<\/p>\n\n\n\n<p>Al\u00e9m disso, o fato de Bove possuir foro privilegiado n\u00e3o o exime de cumprir as medidas protetivas ou ser responsabilizado por eventuais crimes cometidos fora de suas atividades parlamentares.<\/p>\n\n\n\n<p>Vale dizer, inclusive, que no julgamento da <strong>AP 937<\/strong>, o Supremo Tribunal Federal decidiu, inclusive, que a prerrogativa de fun\u00e7\u00e3o somente se aplica a deputados quando os crimes forem praticados <strong><mark style=\"background-color:rgba(0, 0, 0, 0)\" class=\"has-inline-color has-vivid-purple-color\">no exerc\u00edcio<\/mark><\/strong>, ou em raz\u00e3o do cargo, o que poder\u00e1, inclusive, ensejar a compet\u00eancia para a justi\u00e7a de primeiro grau. \u00a0<\/p>\n\n\n\n<h2 class=\"wp-block-heading\" id=\"h-da-presuncao-de-vulnerabilidade\"><span id=\"da-presuncao-de-vulnerabilidade\">Da presun\u00e7\u00e3o de vulnerabilidade<\/span><\/h2>\n\n\n\n<p>\u00c9 importante ressaltar, inclusive, que para a jurisprud\u00eancia p\u00e1tria a vulnerabilidade da mulher \u00e9 presumida. Ou seja, mesmo a v\u00edtima sendo uma pessoa conhecida, renomada em sua \u00e1rea de atua\u00e7\u00e3o e de elevado poder aquisitivo, tais condi\u00e7\u00f5es <strong><mark style=\"background-color:rgba(0, 0, 0, 0)\" class=\"has-inline-color has-vivid-purple-color\">n\u00e3o a excluem do \u00e2mbito de prote\u00e7\u00e3o da Lei Maria da Penha<\/mark><\/strong>.<\/p>\n\n\n\n<p>Nesse sentido, j\u00e1 decidiu o Superior Tribunal de Justi\u00e7a:<\/p>\n\n\n\n<blockquote class=\"wp-block-quote is-layout-flow wp-block-quote-is-layout-flow\">\n<p><\/p>\n<cite>A orienta\u00e7\u00e3o mais condizente com o esp\u00edrito\u00a0da\u00a0Lei n\u00ba 11.340\/2006 \u00e9 no sentido de que a\u00a0vulnerabilidade\u00a0e a hipossufici\u00eancia\u00a0da\u00a0mulher s\u00e3o presumidas, sendo desnecess\u00e1ria a demonstra\u00e7\u00e3o\u00a0da\u00a0motiva\u00e7\u00e3o de g\u00eanero para que incida o sistema protetivo\u00a0da\u00a0Lei\u00a0Maria\u00a0da\u00a0Penha\u00a0e a compet\u00eancia\u00a0da\u00a0vara especializada. \u00c9 desnecess\u00e1ria, portanto, a demonstra\u00e7\u00e3o espec\u00edfica\u00a0da\u00a0subjuga\u00e7\u00e3o feminina para que seja aplicado o sistema protetivo\u00a0da\u00a0Lei\u00a0Maria\u00a0da\u00a0Penha, pois a organiza\u00e7\u00e3o social brasileira ainda \u00e9 fundada em um sistema hier\u00e1rquico de poder baseado no g\u00eanero, situa\u00e7\u00e3o que o referido diploma legal busca coibir.<br><br><strong>STJ. 5\u00aa Turma. AgRg no REsp 2.080.317-GO, Rel. Min. Joel Ilan Paciornik, julgado em 4\/3\/2024 (Info 803).<\/strong><\/cite><\/blockquote>\n\n\n\n<p class=\"has-pale-cyan-blue-background-color has-background\">A concess\u00e3o das medidas protetivas tem sido uma importante ferramenta para proteger mulheres em situa\u00e7\u00e3o de viol\u00eancia. A Lei Maria da Penha trouxe avan\u00e7os significativos na prote\u00e7\u00e3o das v\u00edtimas, mas os \u00edndices de viol\u00eancia dom\u00e9stica no Brasil continuam alarmantes, o que evidencia a necessidade de uma atua\u00e7\u00e3o mais eficaz por parte das autoridades.<\/p>\n\n\n\n<p>Segundo estat\u00edsticas divulgadas recentemente, a cada 24 horas, ao menos 8 mulheres morrem de feminic\u00eddio no nosso pa\u00eds. Tais dados s\u00e3o alarmantes e devem ser sopesados por ocasi\u00e3o das escolhas pol\u00edticas do nosso pa\u00eds.<\/p>\n\n\n\n<p>O assunto \u00e9 de extrema import\u00e2ncia nas provas de carreiras jur\u00eddicas, tanto no aspecto cr\u00edtico, quanto no aspecto normativo, conforme acima citado.<\/p>\n\n\n\n<p>Compartilhe o texto com seus amigos e n\u00e3o deixe de se manter informado!<\/p>\n\n\n\n<hr class=\"wp-block-separator has-alpha-channel-opacity\"\/>\n\n\n\n<h2 class=\"wp-block-heading has-text-align-center\" id=\"h-quer-saber-quais-serao-os-proximos-concursos\"><span id=\"quer-saber-quais-serao-os-proximos-concursos\">Quer saber quais ser\u00e3o os pr\u00f3ximos concursos?<\/span><\/h2>\n\n\n\n<p class=\"has-text-align-center\">Confira nossos\u00a0<a href=\"https:\/\/cj.estrategia.com\/portal\/\" target=\"_blank\" >artigos para Carreiras Jur\u00eddicas<\/a>!<\/p>\n\n\n\n<p class=\"has-text-align-center has-white-color has-pale-cyan-blue-background-color has-text-color has-background has-link-color wp-elements-f3d5123bb0c8e11604d0c8c7f1ea8be8\"><a href=\"https:\/\/www.estrategiaconcursos.com.br\/blog\/concursos-abertos\/\" target=\"_blank\" >Confira os concursos p\u00fablicos abertos<\/a><\/p>\n\n\n\n<p class=\"has-text-align-center has-white-color has-pale-cyan-blue-background-color has-text-color has-background has-link-color wp-elements-94f2aad2f2b05ea3152ac5320a17d121\"><a href=\"https:\/\/cj.estrategia.com\/portal\/web-stories\/\" target=\"_blank\" >Concursos 2024<\/a><\/p>\n\n\n\n<p class=\"has-text-align-center has-white-color has-pale-cyan-blue-background-color has-text-color has-background has-link-color wp-elements-726d644a58045568574d2c1541b18807\"><a href=\"https:\/\/cj.estrategia.com\/portal\/concursos-2025-carreiras-juridicas\/\" target=\"_blank\" >Concursos 2025<\/a><\/p>\n","protected":false},"excerpt":{"rendered":"Ol\u00e1, pessoal. Aqui \u00e9 o professor Allan Joos e hoje vamos tratar de um assunto que vem dando&hellip;\n","protected":false},"author":62,"featured_media":81432,"comment_status":"open","ping_status":"open","sticky":false,"template":"","format":"standard","meta":{"_jetpack_memberships_contains_paid_content":false,"footnotes":""},"categories":[1],"tags":[407,1262,1087,1261,1030,1093],"tax_estado":[30,31,32,33,34,35,36,37,38,39,40,41,42,43,44,45,46,47,48,49,50,51,52,53,54,55,56,57],"class_list":{"0":"post-81429","1":"post","2":"type-post","3":"status-publish","4":"format-standard","5":"has-post-thumbnail","7":"category-carreiras-juridicas","8":"tag-codigo-de-processo-penal","9":"tag-imunidade-parlamentar","10":"tag-lei-maria-da-penha","11":"tag-medida-protetiva-de-urgencia","12":"tag-prisao-preventiva","13":"tag-violencia-domestica-ou-familiar","14":"tax_estado-ac","15":"tax_estado-al","16":"tax_estado-am","17":"tax_estado-ap","18":"tax_estado-ba","19":"tax_estado-ce","20":"tax_estado-concursos-federais","21":"tax_estado-df","22":"tax_estado-es","23":"tax_estado-go","24":"tax_estado-ma","25":"tax_estado-mg","26":"tax_estado-ms","27":"tax_estado-mt","28":"tax_estado-pa","29":"tax_estado-pb","30":"tax_estado-pe","31":"tax_estado-pi","32":"tax_estado-pr","33":"tax_estado-rj","34":"tax_estado-rn","35":"tax_estado-ro","36":"tax_estado-rr","37":"tax_estado-rs","38":"tax_estado-sc","39":"tax_estado-se","40":"tax_estado-sp","41":"tax_estado-to"},"acf":[],"yoast_head":"<!-- This site is optimized with the Yoast SEO Premium plugin v27.5 (Yoast SEO v27.5) - https:\/\/yoast.com\/product\/yoast-seo-premium-wordpress\/ -->\n<title>Medida protetiva de urg\u00eancia e sua (in) efic\u00e1cia<\/title>\n<meta name=\"description\" content=\"Suposta viol\u00eancia dom\u00e9stica vivenciada por uma influenciadora e um deputado estadual traz \u00e0 tona imunidade parlamentar e viol\u00eancia dom\u00e9stica.\" \/>\n<meta name=\"robots\" content=\"index, follow, max-snippet:-1, max-image-preview:large, max-video-preview:-1\" \/>\n<link rel=\"canonical\" href=\"https:\/\/cj.estrategia.com\/portal\/cintia-chagas-medidas-protetivas-urgencia\/\" \/>\n<meta property=\"og:locale\" content=\"pt_BR\" \/>\n<meta property=\"og:type\" content=\"article\" \/>\n<meta property=\"og:title\" content=\"Caso C\u00edntia Chagas e a (in) efic\u00e1cia das medidas protetivas de urg\u00eancia\" \/>\n<meta property=\"og:description\" content=\"Suposta viol\u00eancia dom\u00e9stica vivenciada por uma influenciadora e um deputado estadual traz \u00e0 tona imunidade parlamentar e viol\u00eancia dom\u00e9stica.\" \/>\n<meta property=\"og:url\" content=\"https:\/\/cj.estrategia.com\/portal\/cintia-chagas-medidas-protetivas-urgencia\/\" \/>\n<meta property=\"og:site_name\" content=\"Blog - Carreiras Jur\u00eddicas - Estrat\u00e9gia\" \/>\n<meta property=\"article:publisher\" content=\"https:\/\/www.facebook.com\/estrategiacarreirajuridica\/\" \/>\n<meta property=\"article:published_time\" content=\"2024-10-23T23:28:33+00:00\" \/>\n<meta property=\"article:modified_time\" content=\"2024-10-23T23:28:38+00:00\" \/>\n<meta property=\"og:image\" content=\"https:\/\/cj.estrategia.com\/portal\/wp-content\/uploads\/2024\/10\/23201827\/violencia-domestica-maria-da-penha-scaled.jpg\" \/>\n\t<meta property=\"og:image:width\" content=\"2560\" \/>\n\t<meta property=\"og:image:height\" content=\"1707\" \/>\n\t<meta property=\"og:image:type\" content=\"image\/jpeg\" \/>\n<meta name=\"author\" content=\"Allan Joos\" \/>\n<meta name=\"twitter:card\" content=\"summary_large_image\" \/>\n<meta name=\"twitter:creator\" content=\"@EstratJuridica\" \/>\n<meta name=\"twitter:site\" content=\"@EstratJuridica\" \/>\n<meta name=\"twitter:label1\" content=\"Escrito por\" \/>\n\t<meta name=\"twitter:data1\" content=\"Allan Joos\" \/>\n\t<meta name=\"twitter:label2\" content=\"Est. tempo de leitura\" \/>\n\t<meta name=\"twitter:data2\" content=\"6 minutos\" \/>\n<script type=\"application\/ld+json\" class=\"yoast-schema-graph\">{\"@context\":\"https:\\\/\\\/schema.org\",\"@graph\":[{\"@type\":\"NewsArticle\",\"@id\":\"https:\\\/\\\/cj.estrategia.com\\\/portal\\\/cintia-chagas-medidas-protetivas-urgencia\\\/#article\",\"isPartOf\":{\"@id\":\"https:\\\/\\\/cj.estrategia.com\\\/portal\\\/cintia-chagas-medidas-protetivas-urgencia\\\/\"},\"author\":{\"name\":\"Allan Joos\",\"@id\":\"https:\\\/\\\/cj.estrategia.com\\\/portal\\\/#\\\/schema\\\/person\\\/c48648992c53b73c046825760c50c2f0\"},\"headline\":\"Caso C\u00edntia Chagas e a (in) efic\u00e1cia das medidas protetivas de urg\u00eancia\",\"datePublished\":\"2024-10-23T23:28:33+00:00\",\"dateModified\":\"2024-10-23T23:28:38+00:00\",\"mainEntityOfPage\":{\"@id\":\"https:\\\/\\\/cj.estrategia.com\\\/portal\\\/cintia-chagas-medidas-protetivas-urgencia\\\/\"},\"wordCount\":1133,\"commentCount\":0,\"publisher\":{\"@id\":\"https:\\\/\\\/cj.estrategia.com\\\/portal\\\/#organization\"},\"image\":{\"@id\":\"https:\\\/\\\/cj.estrategia.com\\\/portal\\\/cintia-chagas-medidas-protetivas-urgencia\\\/#primaryimage\"},\"thumbnailUrl\":\"https:\\\/\\\/cj.estrategia.com\\\/portal\\\/wp-content\\\/uploads\\\/2024\\\/10\\\/23201827\\\/violencia-domestica-maria-da-penha-scaled.jpg\",\"keywords\":[\"c\u00f3digo de processo penal\",\"imunidade parlamentar\",\"Lei Maria da Penha\",\"medida protetiva de urg\u00eancia\",\"pris\u00e3o preventiva\",\"viol\u00eancia dom\u00e9stica ou familiar\"],\"articleSection\":[\"Carreiras Jur\u00eddicas\"],\"inLanguage\":\"pt-BR\",\"potentialAction\":[{\"@type\":\"CommentAction\",\"name\":\"Comment\",\"target\":[\"https:\\\/\\\/cj.estrategia.com\\\/portal\\\/cintia-chagas-medidas-protetivas-urgencia\\\/#respond\"]}]},{\"@type\":\"WebPage\",\"@id\":\"https:\\\/\\\/cj.estrategia.com\\\/portal\\\/cintia-chagas-medidas-protetivas-urgencia\\\/\",\"url\":\"https:\\\/\\\/cj.estrategia.com\\\/portal\\\/cintia-chagas-medidas-protetivas-urgencia\\\/\",\"name\":\"Medida protetiva de urg\u00eancia e sua (in) efic\u00e1cia\",\"isPartOf\":{\"@id\":\"https:\\\/\\\/cj.estrategia.com\\\/portal\\\/#website\"},\"primaryImageOfPage\":{\"@id\":\"https:\\\/\\\/cj.estrategia.com\\\/portal\\\/cintia-chagas-medidas-protetivas-urgencia\\\/#primaryimage\"},\"image\":{\"@id\":\"https:\\\/\\\/cj.estrategia.com\\\/portal\\\/cintia-chagas-medidas-protetivas-urgencia\\\/#primaryimage\"},\"thumbnailUrl\":\"https:\\\/\\\/cj.estrategia.com\\\/portal\\\/wp-content\\\/uploads\\\/2024\\\/10\\\/23201827\\\/violencia-domestica-maria-da-penha-scaled.jpg\",\"datePublished\":\"2024-10-23T23:28:33+00:00\",\"dateModified\":\"2024-10-23T23:28:38+00:00\",\"description\":\"Suposta viol\u00eancia dom\u00e9stica vivenciada por uma influenciadora e um deputado estadual traz \u00e0 tona imunidade parlamentar e viol\u00eancia dom\u00e9stica.\",\"breadcrumb\":{\"@id\":\"https:\\\/\\\/cj.estrategia.com\\\/portal\\\/cintia-chagas-medidas-protetivas-urgencia\\\/#breadcrumb\"},\"inLanguage\":\"pt-BR\",\"potentialAction\":[{\"@type\":\"ReadAction\",\"target\":[\"https:\\\/\\\/cj.estrategia.com\\\/portal\\\/cintia-chagas-medidas-protetivas-urgencia\\\/\"]}]},{\"@type\":\"ImageObject\",\"inLanguage\":\"pt-BR\",\"@id\":\"https:\\\/\\\/cj.estrategia.com\\\/portal\\\/cintia-chagas-medidas-protetivas-urgencia\\\/#primaryimage\",\"url\":\"https:\\\/\\\/cj.estrategia.com\\\/portal\\\/wp-content\\\/uploads\\\/2024\\\/10\\\/23201827\\\/violencia-domestica-maria-da-penha-scaled.jpg\",\"contentUrl\":\"https:\\\/\\\/cj.estrategia.com\\\/portal\\\/wp-content\\\/uploads\\\/2024\\\/10\\\/23201827\\\/violencia-domestica-maria-da-penha-scaled.jpg\",\"width\":2560,\"height\":1707},{\"@type\":\"BreadcrumbList\",\"@id\":\"https:\\\/\\\/cj.estrategia.com\\\/portal\\\/cintia-chagas-medidas-protetivas-urgencia\\\/#breadcrumb\",\"itemListElement\":[{\"@type\":\"ListItem\",\"position\":1,\"name\":\"In\u00edcio\",\"item\":\"https:\\\/\\\/cj.estrategia.com\\\/portal\\\/\"},{\"@type\":\"ListItem\",\"position\":2,\"name\":\"Caso C\u00edntia Chagas e a (in) efic\u00e1cia das medidas protetivas de urg\u00eancia\"}]},{\"@type\":\"WebSite\",\"@id\":\"https:\\\/\\\/cj.estrategia.com\\\/portal\\\/#website\",\"url\":\"https:\\\/\\\/cj.estrategia.com\\\/portal\\\/\",\"name\":\"Blog - Carreiras Jur\u00eddicas - Estrat\u00e9gia\",\"description\":\"\",\"publisher\":{\"@id\":\"https:\\\/\\\/cj.estrategia.com\\\/portal\\\/#organization\"},\"potentialAction\":[{\"@type\":\"SearchAction\",\"target\":{\"@type\":\"EntryPoint\",\"urlTemplate\":\"https:\\\/\\\/cj.estrategia.com\\\/portal\\\/?s={search_term_string}\"},\"query-input\":{\"@type\":\"PropertyValueSpecification\",\"valueRequired\":true,\"valueName\":\"search_term_string\"}}],\"inLanguage\":\"pt-BR\"},{\"@type\":\"Organization\",\"@id\":\"https:\\\/\\\/cj.estrategia.com\\\/portal\\\/#organization\",\"name\":\"Estrat\u00e9gia - Carreiras Jur\u00eddicas\",\"url\":\"https:\\\/\\\/cj.estrategia.com\\\/portal\\\/\",\"logo\":{\"@type\":\"ImageObject\",\"inLanguage\":\"pt-BR\",\"@id\":\"https:\\\/\\\/cj.estrategia.com\\\/portal\\\/#\\\/schema\\\/logo\\\/image\\\/\",\"url\":\"https:\\\/\\\/cj.estrategia.com\\\/portal\\\/wp-content\\\/uploads\\\/2022\\\/03\\\/11151052\\\/cj-logo.png\",\"contentUrl\":\"https:\\\/\\\/cj.estrategia.com\\\/portal\\\/wp-content\\\/uploads\\\/2022\\\/03\\\/11151052\\\/cj-logo.png\",\"width\":150,\"height\":39,\"caption\":\"Estrat\u00e9gia - Carreiras Jur\u00eddicas\"},\"image\":{\"@id\":\"https:\\\/\\\/cj.estrategia.com\\\/portal\\\/#\\\/schema\\\/logo\\\/image\\\/\"},\"sameAs\":[\"https:\\\/\\\/www.facebook.com\\\/estrategiacarreirajuridica\\\/\",\"https:\\\/\\\/x.com\\\/EstratJuridica\",\"https:\\\/\\\/www.instagram.com\\\/estrategiacarreirajuridica\\\/\",\"https:\\\/\\\/www.youtube.com\\\/channel\\\/UClbMGuYbj2Mh1m3w144ETWQ\"]},{\"@type\":\"Person\",\"@id\":\"https:\\\/\\\/cj.estrategia.com\\\/portal\\\/#\\\/schema\\\/person\\\/c48648992c53b73c046825760c50c2f0\",\"name\":\"Allan Joos\",\"image\":{\"@type\":\"ImageObject\",\"inLanguage\":\"pt-BR\",\"@id\":\"https:\\\/\\\/secure.gravatar.com\\\/avatar\\\/1b8f33b5c8b83dae3a0e569e23f1e6d1898a7771af6690410413809652612016?s=96&d=mm&r=g\",\"url\":\"https:\\\/\\\/secure.gravatar.com\\\/avatar\\\/1b8f33b5c8b83dae3a0e569e23f1e6d1898a7771af6690410413809652612016?s=96&d=mm&r=g\",\"contentUrl\":\"https:\\\/\\\/secure.gravatar.com\\\/avatar\\\/1b8f33b5c8b83dae3a0e569e23f1e6d1898a7771af6690410413809652612016?s=96&d=mm&r=g\",\"caption\":\"Allan Joos\"},\"url\":\"https:\\\/\\\/cj.estrategia.com\\\/portal\\\/author\\\/allan-joos\\\/\"}]}<\/script>\n<!-- \/ Yoast SEO Premium plugin. -->","yoast_head_json":{"title":"Medida protetiva de urg\u00eancia e sua (in) efic\u00e1cia","description":"Suposta viol\u00eancia dom\u00e9stica vivenciada por uma influenciadora e um deputado estadual traz \u00e0 tona imunidade parlamentar e viol\u00eancia dom\u00e9stica.","robots":{"index":"index","follow":"follow","max-snippet":"max-snippet:-1","max-image-preview":"max-image-preview:large","max-video-preview":"max-video-preview:-1"},"canonical":"https:\/\/cj.estrategia.com\/portal\/cintia-chagas-medidas-protetivas-urgencia\/","og_locale":"pt_BR","og_type":"article","og_title":"Caso C\u00edntia Chagas e a (in) efic\u00e1cia das medidas protetivas de urg\u00eancia","og_description":"Suposta viol\u00eancia dom\u00e9stica vivenciada por uma influenciadora e um deputado estadual traz \u00e0 tona imunidade parlamentar e viol\u00eancia dom\u00e9stica.","og_url":"https:\/\/cj.estrategia.com\/portal\/cintia-chagas-medidas-protetivas-urgencia\/","og_site_name":"Blog - Carreiras Jur\u00eddicas - Estrat\u00e9gia","article_publisher":"https:\/\/www.facebook.com\/estrategiacarreirajuridica\/","article_published_time":"2024-10-23T23:28:33+00:00","article_modified_time":"2024-10-23T23:28:38+00:00","og_image":[{"width":2560,"height":1707,"url":"https:\/\/cj.estrategia.com\/portal\/wp-content\/uploads\/2024\/10\/23201827\/violencia-domestica-maria-da-penha-scaled.jpg","type":"image\/jpeg"}],"author":"Allan Joos","twitter_card":"summary_large_image","twitter_creator":"@EstratJuridica","twitter_site":"@EstratJuridica","twitter_misc":{"Escrito por":"Allan Joos","Est. tempo de leitura":"6 minutos"},"schema":{"@context":"https:\/\/schema.org","@graph":[{"@type":"NewsArticle","@id":"https:\/\/cj.estrategia.com\/portal\/cintia-chagas-medidas-protetivas-urgencia\/#article","isPartOf":{"@id":"https:\/\/cj.estrategia.com\/portal\/cintia-chagas-medidas-protetivas-urgencia\/"},"author":{"name":"Allan Joos","@id":"https:\/\/cj.estrategia.com\/portal\/#\/schema\/person\/c48648992c53b73c046825760c50c2f0"},"headline":"Caso C\u00edntia Chagas e a (in) efic\u00e1cia das medidas protetivas de urg\u00eancia","datePublished":"2024-10-23T23:28:33+00:00","dateModified":"2024-10-23T23:28:38+00:00","mainEntityOfPage":{"@id":"https:\/\/cj.estrategia.com\/portal\/cintia-chagas-medidas-protetivas-urgencia\/"},"wordCount":1133,"commentCount":0,"publisher":{"@id":"https:\/\/cj.estrategia.com\/portal\/#organization"},"image":{"@id":"https:\/\/cj.estrategia.com\/portal\/cintia-chagas-medidas-protetivas-urgencia\/#primaryimage"},"thumbnailUrl":"https:\/\/cj.estrategia.com\/portal\/wp-content\/uploads\/2024\/10\/23201827\/violencia-domestica-maria-da-penha-scaled.jpg","keywords":["c\u00f3digo de processo penal","imunidade parlamentar","Lei Maria da Penha","medida protetiva de urg\u00eancia","pris\u00e3o preventiva","viol\u00eancia dom\u00e9stica ou familiar"],"articleSection":["Carreiras Jur\u00eddicas"],"inLanguage":"pt-BR","potentialAction":[{"@type":"CommentAction","name":"Comment","target":["https:\/\/cj.estrategia.com\/portal\/cintia-chagas-medidas-protetivas-urgencia\/#respond"]}]},{"@type":"WebPage","@id":"https:\/\/cj.estrategia.com\/portal\/cintia-chagas-medidas-protetivas-urgencia\/","url":"https:\/\/cj.estrategia.com\/portal\/cintia-chagas-medidas-protetivas-urgencia\/","name":"Medida protetiva de urg\u00eancia e sua (in) efic\u00e1cia","isPartOf":{"@id":"https:\/\/cj.estrategia.com\/portal\/#website"},"primaryImageOfPage":{"@id":"https:\/\/cj.estrategia.com\/portal\/cintia-chagas-medidas-protetivas-urgencia\/#primaryimage"},"image":{"@id":"https:\/\/cj.estrategia.com\/portal\/cintia-chagas-medidas-protetivas-urgencia\/#primaryimage"},"thumbnailUrl":"https:\/\/cj.estrategia.com\/portal\/wp-content\/uploads\/2024\/10\/23201827\/violencia-domestica-maria-da-penha-scaled.jpg","datePublished":"2024-10-23T23:28:33+00:00","dateModified":"2024-10-23T23:28:38+00:00","description":"Suposta viol\u00eancia dom\u00e9stica vivenciada por uma influenciadora e um deputado estadual traz \u00e0 tona imunidade parlamentar e viol\u00eancia dom\u00e9stica.","breadcrumb":{"@id":"https:\/\/cj.estrategia.com\/portal\/cintia-chagas-medidas-protetivas-urgencia\/#breadcrumb"},"inLanguage":"pt-BR","potentialAction":[{"@type":"ReadAction","target":["https:\/\/cj.estrategia.com\/portal\/cintia-chagas-medidas-protetivas-urgencia\/"]}]},{"@type":"ImageObject","inLanguage":"pt-BR","@id":"https:\/\/cj.estrategia.com\/portal\/cintia-chagas-medidas-protetivas-urgencia\/#primaryimage","url":"https:\/\/cj.estrategia.com\/portal\/wp-content\/uploads\/2024\/10\/23201827\/violencia-domestica-maria-da-penha-scaled.jpg","contentUrl":"https:\/\/cj.estrategia.com\/portal\/wp-content\/uploads\/2024\/10\/23201827\/violencia-domestica-maria-da-penha-scaled.jpg","width":2560,"height":1707},{"@type":"BreadcrumbList","@id":"https:\/\/cj.estrategia.com\/portal\/cintia-chagas-medidas-protetivas-urgencia\/#breadcrumb","itemListElement":[{"@type":"ListItem","position":1,"name":"In\u00edcio","item":"https:\/\/cj.estrategia.com\/portal\/"},{"@type":"ListItem","position":2,"name":"Caso C\u00edntia Chagas e a (in) efic\u00e1cia das medidas protetivas de urg\u00eancia"}]},{"@type":"WebSite","@id":"https:\/\/cj.estrategia.com\/portal\/#website","url":"https:\/\/cj.estrategia.com\/portal\/","name":"Blog - Carreiras Jur\u00eddicas - Estrat\u00e9gia","description":"","publisher":{"@id":"https:\/\/cj.estrategia.com\/portal\/#organization"},"potentialAction":[{"@type":"SearchAction","target":{"@type":"EntryPoint","urlTemplate":"https:\/\/cj.estrategia.com\/portal\/?s={search_term_string}"},"query-input":{"@type":"PropertyValueSpecification","valueRequired":true,"valueName":"search_term_string"}}],"inLanguage":"pt-BR"},{"@type":"Organization","@id":"https:\/\/cj.estrategia.com\/portal\/#organization","name":"Estrat\u00e9gia - Carreiras Jur\u00eddicas","url":"https:\/\/cj.estrategia.com\/portal\/","logo":{"@type":"ImageObject","inLanguage":"pt-BR","@id":"https:\/\/cj.estrategia.com\/portal\/#\/schema\/logo\/image\/","url":"https:\/\/cj.estrategia.com\/portal\/wp-content\/uploads\/2022\/03\/11151052\/cj-logo.png","contentUrl":"https:\/\/cj.estrategia.com\/portal\/wp-content\/uploads\/2022\/03\/11151052\/cj-logo.png","width":150,"height":39,"caption":"Estrat\u00e9gia - Carreiras Jur\u00eddicas"},"image":{"@id":"https:\/\/cj.estrategia.com\/portal\/#\/schema\/logo\/image\/"},"sameAs":["https:\/\/www.facebook.com\/estrategiacarreirajuridica\/","https:\/\/x.com\/EstratJuridica","https:\/\/www.instagram.com\/estrategiacarreirajuridica\/","https:\/\/www.youtube.com\/channel\/UClbMGuYbj2Mh1m3w144ETWQ"]},{"@type":"Person","@id":"https:\/\/cj.estrategia.com\/portal\/#\/schema\/person\/c48648992c53b73c046825760c50c2f0","name":"Allan Joos","image":{"@type":"ImageObject","inLanguage":"pt-BR","@id":"https:\/\/secure.gravatar.com\/avatar\/1b8f33b5c8b83dae3a0e569e23f1e6d1898a7771af6690410413809652612016?s=96&d=mm&r=g","url":"https:\/\/secure.gravatar.com\/avatar\/1b8f33b5c8b83dae3a0e569e23f1e6d1898a7771af6690410413809652612016?s=96&d=mm&r=g","contentUrl":"https:\/\/secure.gravatar.com\/avatar\/1b8f33b5c8b83dae3a0e569e23f1e6d1898a7771af6690410413809652612016?s=96&d=mm&r=g","caption":"Allan Joos"},"url":"https:\/\/cj.estrategia.com\/portal\/author\/allan-joos\/"}]}},"jetpack_featured_media_url":"https:\/\/cj.estrategia.com\/portal\/wp-content\/uploads\/2024\/10\/23201827\/violencia-domestica-maria-da-penha-scaled.jpg","jetpack_sharing_enabled":true,"_links":{"self":[{"href":"https:\/\/cj.estrategia.com\/portal\/wp-json\/wp\/v2\/posts\/81429","targetHints":{"allow":["GET"]}}],"collection":[{"href":"https:\/\/cj.estrategia.com\/portal\/wp-json\/wp\/v2\/posts"}],"about":[{"href":"https:\/\/cj.estrategia.com\/portal\/wp-json\/wp\/v2\/types\/post"}],"author":[{"embeddable":true,"href":"https:\/\/cj.estrategia.com\/portal\/wp-json\/wp\/v2\/users\/62"}],"replies":[{"embeddable":true,"href":"https:\/\/cj.estrategia.com\/portal\/wp-json\/wp\/v2\/comments?post=81429"}],"version-history":[{"count":0,"href":"https:\/\/cj.estrategia.com\/portal\/wp-json\/wp\/v2\/posts\/81429\/revisions"}],"wp:featuredmedia":[{"embeddable":true,"href":"https:\/\/cj.estrategia.com\/portal\/wp-json\/wp\/v2\/media\/81432"}],"wp:attachment":[{"href":"https:\/\/cj.estrategia.com\/portal\/wp-json\/wp\/v2\/media?parent=81429"}],"wp:term":[{"taxonomy":"category","embeddable":true,"href":"https:\/\/cj.estrategia.com\/portal\/wp-json\/wp\/v2\/categories?post=81429"},{"taxonomy":"post_tag","embeddable":true,"href":"https:\/\/cj.estrategia.com\/portal\/wp-json\/wp\/v2\/tags?post=81429"},{"taxonomy":"tax_estado","embeddable":true,"href":"https:\/\/cj.estrategia.com\/portal\/wp-json\/wp\/v2\/tax_estado?post=81429"}],"curies":[{"name":"wp","href":"https:\/\/api.w.org\/{rel}","templated":true}]}}