{"id":81281,"date":"2024-10-22T20:03:36","date_gmt":"2024-10-22T23:03:36","guid":{"rendered":"https:\/\/cj.estrategia.com\/portal\/?p=81281"},"modified":"2024-10-22T20:03:42","modified_gmt":"2024-10-22T23:03:42","slug":"livros-reduzir-pena-sistema-prisional","status":"publish","type":"post","link":"https:\/\/cj.estrategia.com\/portal\/livros-reduzir-pena-sistema-prisional\/","title":{"rendered":"Leitura que liberta: como livros podem reduzir a pena no Sistema Prisional Brasileiro"},"content":{"rendered":"\n<p>A CCJ do Senado aprovou o Projeto de Lei 4.988\/19. Ele permite a <strong><mark style=\"background-color:rgba(0, 0, 0, 0)\" class=\"has-inline-color has-vivid-purple-color\">remi\u00e7\u00e3o de parte do tempo de execu\u00e7\u00e3o da pena mediante a participa\u00e7\u00e3o volunt\u00e1ria do preso em projeto de leitura<\/mark><\/strong> aprovado pelo ju\u00edzo da execu\u00e7\u00e3o e a apresenta\u00e7\u00e3o de resenha sobre o livro lido. Em seguida, tal resenha ser\u00e1 submetida ao ju\u00edzo para que se decida sobre o aproveitamento da leitura para a remi\u00e7\u00e3o.<\/p>\n\n\n\n<h2 class=\"wp-block-heading\" id=\"h-remissao\"><span id=\"remissao\">Remiss\u00e3o<\/span><\/h2>\n\n\n\n<p>Remiss\u00e3o vem do verbo remir e significa a <strong><mark style=\"background-color:rgba(0, 0, 0, 0)\" class=\"has-inline-color has-vivid-purple-color\">libera\u00e7\u00e3o da pena, da ofensa da d\u00edvida, perd\u00e3o, quita\u00e7\u00e3o ou resgate<\/mark><\/strong>. No \u00e2mbito da execu\u00e7\u00e3o de pena quer dizer a concess\u00e3o de perd\u00e3o, mediante imposi\u00e7\u00e3o de contrapartida ao sentenciado, designada por algum esfor\u00e7o como a leitura ou o trabalho.<\/p>\n\n\n\n<p>O instituto vem previsto nos <strong>artigos 126\/130, da LEP<\/strong>, permitida ao condenado que cumpre a pena em regime fechado ou semiaberto.<\/p>\n\n\n\n<p>Admitida originariamente apenas em raz\u00e3o do trabalho, passou a contar com um refor\u00e7o a partir da Lei 12.433, de 2011, que contemplou tamb\u00e9m a <strong>frequ\u00eancia escolar<\/strong>. O tempo remido ser\u00e1 computado como <strong>pena cumprida para todos os efeitos<\/strong>.<\/p>\n\n\n\n<h3 class=\"wp-block-heading\" id=\"h-remicao-pela-leitura\"><span id=\"remicao-pela-leitura\">Remi\u00e7\u00e3o pela leitura<\/span><\/h3>\n\n\n\n<div class=\"wp-block-media-text is-stacked-on-mobile\"><figure class=\"wp-block-media-text__media\"><img decoding=\"async\" width=\"1024\" height=\"574\" src=\"https:\/\/cj.estrategia.com\/portal\/wp-content\/uploads\/2024\/10\/22194049\/justica-lei-legislacao-1024x574.jpg\" alt=\"Livros, lei, sistema prisional\" class=\"wp-image-81288 size-full\" srcset=\"https:\/\/cj.estrategia.com\/portal\/wp-content\/uploads\/2024\/10\/22194049\/justica-lei-legislacao-1024x574.jpg 1024w, https:\/\/cj.estrategia.com\/portal\/wp-content\/uploads\/2024\/10\/22194049\/justica-lei-legislacao-300x168.jpg 300w, https:\/\/cj.estrategia.com\/portal\/wp-content\/uploads\/2024\/10\/22194049\/justica-lei-legislacao-768x430.jpg 768w, https:\/\/cj.estrategia.com\/portal\/wp-content\/uploads\/2024\/10\/22194049\/justica-lei-legislacao-1536x861.jpg 1536w, https:\/\/cj.estrategia.com\/portal\/wp-content\/uploads\/2024\/10\/22194049\/justica-lei-legislacao-2048x1148.jpg 2048w, https:\/\/cj.estrategia.com\/portal\/wp-content\/uploads\/2024\/10\/22194049\/justica-lei-legislacao-380x213.jpg 380w, https:\/\/cj.estrategia.com\/portal\/wp-content\/uploads\/2024\/10\/22194049\/justica-lei-legislacao-800x448.jpg 800w, https:\/\/cj.estrategia.com\/portal\/wp-content\/uploads\/2024\/10\/22194049\/justica-lei-legislacao-1160x650.jpg 1160w, https:\/\/cj.estrategia.com\/portal\/wp-content\/uploads\/2024\/10\/22194049\/justica-lei-legislacao-150x84.jpg 150w, https:\/\/cj.estrategia.com\/portal\/wp-content\/uploads\/2024\/10\/22194049\/justica-lei-legislacao-scaled.jpg 2560w\" sizes=\"(max-width: 1024px) 100vw, 1024px\" \/><\/figure><div class=\"wp-block-media-text__content\">\n<p>Em 2021, o CNJ editou a <strong>Resolu\u00e7\u00e3o 391<\/strong>, que estabeleceu\u00a0procedimentos e diretrizes a serem observados pelo Poder Judici\u00e1rio para o reconhecimento do direito \u00e0 remi\u00e7\u00e3o de pena por meio de pr\u00e1ticas sociais educativas em unidades de priva\u00e7\u00e3o de liberdade.<\/p>\n<\/div><\/div>\n\n\n\n<p>Na aludida normativa j\u00e1 havia previs\u00e3o da remi\u00e7\u00e3o pela leitura de qualquer obra liter\u00e1ria. Ao preso cabe retirar o livro do acervo da biblioteca da unidade e devolv\u00ea-lo entre 21 e 30 dias depois. Posteriormente, ele deve apresentar um <strong>relat\u00f3rio de leitura<\/strong> nos 10 dias subsequentes.<\/p>\n\n\n\n<p>O relat\u00f3rio passa por uma avalia\u00e7\u00e3o da Comiss\u00e3o de Valida\u00e7\u00e3o institu\u00edda pelo ju\u00edzo e deve levar em considera\u00e7\u00e3o o grau de letramento, alfabetiza\u00e7\u00e3o e escolariza\u00e7\u00e3o da pessoa privada de liberdade.<\/p>\n\n\n\n<pre class=\"wp-block-verse\">Cada obra lida corresponde \u00e0 remi\u00e7\u00e3o de 4 dias de pena, limitados a 48 dias por cada per\u00edodo de 12 meses.<\/pre>\n\n\n\n<p>Assim, a propor\u00e7\u00e3o de \u201c<em>esfor\u00e7o vs. cumprimento de pena<\/em>\u201d fica assim estabelecida:<\/p>\n\n\n\n<figure class=\"wp-block-table\"><table><tbody><tr><td><strong>Medida<\/strong><\/td><td><strong>Quantidade<\/strong><\/td><td><strong>Tempo perdoado<\/strong><\/td><\/tr><tr><td>Trabalho<\/td><td>3 dias<\/td><td>1 dia<\/td><\/tr><tr><td>Frequ\u00eancia escolar<\/td><td>12 (doze) horas de frequ\u00eancia escolar divididas, no m\u00ednimo, em 3 (tr\u00eas) dias<\/td><td>1 dia<\/td><\/tr><tr><td>Leitura<\/td><td>1 obra liter\u00e1ria<\/td><td>4 dias<\/td><\/tr><\/tbody><\/table><\/figure>\n\n\n\n<h2 class=\"wp-block-heading\" id=\"h-mudancas-trazidas-pelo-projeto-de-lei-4-988-19\"><span id=\"mudancas-trazidas-pelo-projeto-de-lei-4-988-19\">Mudan\u00e7as trazidas pelo Projeto de Lei 4.988\/19<\/span><\/h2>\n\n\n\n<p>O Projeto de Lei j\u00e1 mencionado prop\u00f5e uma altera\u00e7\u00e3o no <strong>art. 126, da LEP<\/strong>, mediante inclus\u00e3o de um inciso (III), ao \u00a71\u00ba. O dispositivo vem no mesmo sentido da regulamenta\u00e7\u00e3o do CNJ, estabelecendo a remi\u00e7\u00e3o pela leitura \u00e0 mesma propor\u00e7\u00e3o.<\/p>\n\n\n\n<p>Como se percebe, o Projeto n\u00e3o traz grande novidade, mas avan\u00e7a no sentido de regulamentar a provid\u00eancia por lei, trazendo maior seguran\u00e7a jur\u00eddica.<\/p>\n\n\n\n<p>Ele inova ao permitir a <strong>avalia\u00e7\u00e3o da leitura por <mark style=\"background-color:rgba(0, 0, 0, 0)\" class=\"has-inline-color has-vivid-purple-color\">exposi\u00e7\u00e3o oral<\/mark><\/strong> e <strong><mark style=\"background-color:rgba(0, 0, 0, 0)\" class=\"has-inline-color has-vivid-purple-color\">retira<\/mark> a necessidade de oitiva do Minist\u00e9rio P\u00fablico<\/strong> e da <strong>defesa antes da decis\u00e3o do juiz<\/strong> da execu\u00e7\u00e3o da pena.<\/p>\n\n\n\n<p>De acordo com o Projeto:<\/p>\n\n\n\n<ul class=\"wp-block-list\">\n<li>a remi\u00e7\u00e3o pela leitura deve estar vinculada a um projeto espec\u00edfico de leitura, institu\u00eddo pela autoridade penitenci\u00e1ria e aprovado pelo juiz da execu\u00e7\u00e3o. Esse projeto deve contar com crit\u00e9rios objetivos para a sele\u00e7\u00e3o de livros e para a elegibilidade dos presos participantes;<\/li>\n\n\n\n<li>a participa\u00e7\u00e3o volunt\u00e1ria do preso no projeto de leitura.<\/li>\n<\/ul>\n\n\n\n<p>Tamb\u00e9m h\u00e1 previs\u00e3o de inser\u00e7\u00e3o de presos submetidos \u00e0 <strong><mark style=\"background-color:rgba(0, 0, 0, 0)\" class=\"has-inline-color has-vivid-purple-color\">pris\u00e3o cautelar<\/mark><\/strong> no projeto, se vi\u00e1vel. Desta forma, aquele que est\u00e1 <strong>preso preventivamente<\/strong> (arts. 311 e seguintes do CPP) ou por for\u00e7a de <strong>pris\u00e3o tempor\u00e1ria<\/strong> (Lei 7.960\/89) tamb\u00e9m pode se beneficiar com o instituto.<\/p>\n\n\n\n<h2 class=\"wp-block-heading\" id=\"h-incentivo-a-leitura\"><span id=\"incentivo-a-leitura\">Incentivo \u00e0 leitura<\/span><\/h2>\n\n\n\n<p>O Senador proponente afirma que:<\/p>\n\n\n\n<pre class=\"wp-block-verse\">\u201cO incentivo \u00e0 leitura \u00e9 estrat\u00e9gia importante para compensar essa perda e preparar a pessoa para o retorno ao mercado, o que ajudar\u00e1 para reduzir a reincid\u00eancia criminosa\u201d.<\/pre>\n\n\n\n<p>A introdu\u00e7\u00e3o da leitura, como uma forma de remi\u00e7\u00e3o de pena no sistema penitenci\u00e1rio brasileiro, representa um avan\u00e7o na <strong><mark style=\"background-color:rgba(0, 0, 0, 0)\" class=\"has-inline-color has-vivid-purple-color\">humaniza\u00e7\u00e3o das penas<\/mark><\/strong> e na promo\u00e7\u00e3o da ressocializa\u00e7\u00e3o dos detentos.<\/p>\n\n\n\n<p>Ao ler, o preso n\u00e3o apenas consegue diminuir o tempo de sua condena\u00e7\u00e3o, mas tamb\u00e9m expande seus conhecimentos. Isto \u00e9, ele adquire novas compet\u00eancias e melhora suas chances de <strong><mark style=\"background-color:rgba(0, 0, 0, 0)\" class=\"has-inline-color has-vivid-purple-color\">reintegra\u00e7\u00e3o \u00e0 sociedade<\/mark><\/strong>.<\/p>\n\n\n\n<p>Entretanto, o sucesso dessa medida depende da implementa\u00e7\u00e3o eficaz dos projetos de leitura nas pris\u00f5es e do empenho das autoridades para garantir o <strong>acesso aos livros e um ambiente prop\u00edcio \u00e0 leitura<\/strong>.<\/p>\n\n\n\n<p>Al\u00e9m disso, a participa\u00e7\u00e3o volunt\u00e1ria dos presos e uma avalia\u00e7\u00e3o rigorosa s\u00e3o essenciais para que o processo de remi\u00e7\u00e3o pela leitura realmente contribua para sua <strong><mark style=\"background-color:rgba(0, 0, 0, 0)\" class=\"has-inline-color has-vivid-purple-color\">ressocializa\u00e7\u00e3o e transforma\u00e7\u00e3o pessoal<\/mark><\/strong>.<\/p>\n\n\n\n<hr class=\"wp-block-separator has-alpha-channel-opacity\"\/>\n\n\n\n<h2 class=\"wp-block-heading has-text-align-center\" id=\"h-quer-saber-quais-serao-os-proximos-concursos\"><span id=\"quer-saber-quais-serao-os-proximos-concursos\">Quer saber quais ser\u00e3o os pr\u00f3ximos concursos?<\/span><\/h2>\n\n\n\n<p class=\"has-text-align-center\">Confira nossos&nbsp;<a href=\"https:\/\/cj.estrategia.com\/portal\/\" target=\"_blank\" >artigos para Carreiras Jur\u00eddicas<\/a>!<\/p>\n\n\n\n<p class=\"has-text-align-center has-white-color has-pale-cyan-blue-background-color has-text-color has-background has-link-color wp-elements-f3d5123bb0c8e11604d0c8c7f1ea8be8\"><a href=\"https:\/\/www.estrategiaconcursos.com.br\/blog\/concursos-abertos\/\" target=\"_blank\" >Confira os concursos p\u00fablicos abertos<\/a><\/p>\n\n\n\n<p class=\"has-text-align-center has-white-color has-pale-cyan-blue-background-color has-text-color has-background has-link-color wp-elements-94f2aad2f2b05ea3152ac5320a17d121\"><a href=\"https:\/\/cj.estrategia.com\/portal\/web-stories\/\" target=\"_blank\" >Concursos 2024<\/a><\/p>\n\n\n\n<p class=\"has-text-align-center has-white-color has-pale-cyan-blue-background-color has-text-color has-background has-link-color wp-elements-e0fad6259ff69b2dd7aa34f440e84449\"><a href=\"https:\/\/cj.estrategia.com\/portal\/concursos-2025-carreiras-juridicas\/\" target=\"_blank\" >Concursos 2025<\/a><\/p>\n","protected":false},"excerpt":{"rendered":"A CCJ do Senado aprovou o Projeto de Lei 4.988\/19. Ele permite a remi\u00e7\u00e3o de parte do tempo&hellip;\n","protected":false},"author":63,"featured_media":81284,"comment_status":"open","ping_status":"open","sticky":false,"template":"","format":"standard","meta":{"_jetpack_memberships_contains_paid_content":false,"footnotes":""},"categories":[1],"tags":[1251,228,1167,1247,1248,1250,1249,583],"tax_estado":[30,31,32,33,34,35,36,37,38,39,40,41,42,43,44,45,46,47,48,49,50,51,52,53,54,55,56],"class_list":{"0":"post-81281","1":"post","2":"type-post","3":"status-publish","4":"format-standard","5":"has-post-thumbnail","7":"category-carreiras-juridicas","8":"tag-ccj-do-senado","9":"tag-cnj","10":"tag-lei-de-execucao-penal","11":"tag-projeto-de-lei-4-988-19","12":"tag-remicao-de-pena","13":"tag-remicao-pela-leitura","14":"tag-resolucao-391","15":"tag-sistema-prisional","16":"tax_estado-ac","17":"tax_estado-al","18":"tax_estado-am","19":"tax_estado-ap","20":"tax_estado-ba","21":"tax_estado-ce","22":"tax_estado-concursos-federais","23":"tax_estado-df","24":"tax_estado-es","25":"tax_estado-go","26":"tax_estado-ma","27":"tax_estado-mg","28":"tax_estado-ms","29":"tax_estado-mt","30":"tax_estado-pa","31":"tax_estado-pb","32":"tax_estado-pe","33":"tax_estado-pi","34":"tax_estado-pr","35":"tax_estado-rj","36":"tax_estado-rn","37":"tax_estado-ro","38":"tax_estado-rr","39":"tax_estado-rs","40":"tax_estado-sc","41":"tax_estado-se","42":"tax_estado-sp"},"acf":[],"yoast_head":"<!-- This site is optimized with the Yoast SEO Premium plugin v27.4 (Yoast SEO v27.4) - https:\/\/yoast.com\/product\/yoast-seo-premium-wordpress\/ -->\n<title>Livros podem reduzir a pena no Sistema Prisional Brasileiro<\/title>\n<meta name=\"description\" content=\"Foi aprovado o Projeto de Lei 4.988\/19, que permite a remi\u00e7\u00e3o de tempo de execu\u00e7\u00e3o da pena atrav\u00e9s da participa\u00e7\u00e3o do preso em leituras.\" \/>\n<meta name=\"robots\" content=\"index, follow, max-snippet:-1, max-image-preview:large, max-video-preview:-1\" \/>\n<link rel=\"canonical\" href=\"https:\/\/cj.estrategia.com\/portal\/livros-reduzir-pena-sistema-prisional\/\" \/>\n<meta property=\"og:locale\" content=\"pt_BR\" \/>\n<meta property=\"og:type\" content=\"article\" \/>\n<meta property=\"og:title\" content=\"Leitura que liberta: como livros podem reduzir a pena no Sistema Prisional Brasileiro\" \/>\n<meta property=\"og:description\" content=\"Foi aprovado o Projeto de Lei 4.988\/19, que permite a remi\u00e7\u00e3o de tempo de execu\u00e7\u00e3o da pena atrav\u00e9s da participa\u00e7\u00e3o do preso em leituras.\" \/>\n<meta property=\"og:url\" content=\"https:\/\/cj.estrategia.com\/portal\/livros-reduzir-pena-sistema-prisional\/\" \/>\n<meta property=\"og:site_name\" content=\"Blog - Carreiras Jur\u00eddicas - Estrat\u00e9gia\" \/>\n<meta property=\"article:publisher\" content=\"https:\/\/www.facebook.com\/estrategiacarreirajuridica\/\" \/>\n<meta property=\"article:published_time\" content=\"2024-10-22T23:03:36+00:00\" \/>\n<meta property=\"article:modified_time\" content=\"2024-10-22T23:03:42+00:00\" \/>\n<meta property=\"og:image\" content=\"https:\/\/cj.estrategia.com\/portal\/wp-content\/uploads\/2024\/10\/22192654\/leitura-remicao-preso-pena-scaled.jpg\" \/>\n\t<meta property=\"og:image:width\" content=\"2560\" \/>\n\t<meta property=\"og:image:height\" content=\"1707\" \/>\n\t<meta property=\"og:image:type\" content=\"image\/jpeg\" \/>\n<meta name=\"author\" content=\"Guilherme Rezende\" \/>\n<meta name=\"twitter:card\" content=\"summary_large_image\" \/>\n<meta name=\"twitter:creator\" content=\"@EstratJuridica\" \/>\n<meta name=\"twitter:site\" content=\"@EstratJuridica\" \/>\n<meta name=\"twitter:label1\" content=\"Escrito por\" \/>\n\t<meta name=\"twitter:data1\" content=\"Guilherme Rezende\" \/>\n\t<meta name=\"twitter:label2\" content=\"Est. tempo de leitura\" \/>\n\t<meta name=\"twitter:data2\" content=\"5 minutos\" \/>\n<script type=\"application\/ld+json\" class=\"yoast-schema-graph\">{\"@context\":\"https:\\\/\\\/schema.org\",\"@graph\":[{\"@type\":\"NewsArticle\",\"@id\":\"https:\\\/\\\/cj.estrategia.com\\\/portal\\\/livros-reduzir-pena-sistema-prisional\\\/#article\",\"isPartOf\":{\"@id\":\"https:\\\/\\\/cj.estrategia.com\\\/portal\\\/livros-reduzir-pena-sistema-prisional\\\/\"},\"author\":{\"name\":\"Guilherme Rezende\",\"@id\":\"https:\\\/\\\/cj.estrategia.com\\\/portal\\\/#\\\/schema\\\/person\\\/b8eb01d117c3441103d953565489f91a\"},\"headline\":\"Leitura que liberta: como livros podem reduzir a pena no Sistema Prisional Brasileiro\",\"datePublished\":\"2024-10-22T23:03:36+00:00\",\"dateModified\":\"2024-10-22T23:03:42+00:00\",\"mainEntityOfPage\":{\"@id\":\"https:\\\/\\\/cj.estrategia.com\\\/portal\\\/livros-reduzir-pena-sistema-prisional\\\/\"},\"wordCount\":787,\"commentCount\":0,\"publisher\":{\"@id\":\"https:\\\/\\\/cj.estrategia.com\\\/portal\\\/#organization\"},\"image\":{\"@id\":\"https:\\\/\\\/cj.estrategia.com\\\/portal\\\/livros-reduzir-pena-sistema-prisional\\\/#primaryimage\"},\"thumbnailUrl\":\"https:\\\/\\\/cj.estrategia.com\\\/portal\\\/wp-content\\\/uploads\\\/2024\\\/10\\\/22192654\\\/leitura-remicao-preso-pena-scaled.jpg\",\"keywords\":[\"CCJ do Senado\",\"CNJ\",\"lei de execu\u00e7\u00e3o penal\",\"Projeto de Lei 4.988\\\/19\",\"remi\u00e7\u00e3o de pena\",\"remi\u00e7\u00e3o pela leitura\",\"Resolu\u00e7\u00e3o 391\",\"sistema prisional\"],\"articleSection\":[\"Carreiras Jur\u00eddicas\"],\"inLanguage\":\"pt-BR\",\"potentialAction\":[{\"@type\":\"CommentAction\",\"name\":\"Comment\",\"target\":[\"https:\\\/\\\/cj.estrategia.com\\\/portal\\\/livros-reduzir-pena-sistema-prisional\\\/#respond\"]}]},{\"@type\":\"WebPage\",\"@id\":\"https:\\\/\\\/cj.estrategia.com\\\/portal\\\/livros-reduzir-pena-sistema-prisional\\\/\",\"url\":\"https:\\\/\\\/cj.estrategia.com\\\/portal\\\/livros-reduzir-pena-sistema-prisional\\\/\",\"name\":\"Livros podem reduzir a pena no Sistema Prisional Brasileiro\",\"isPartOf\":{\"@id\":\"https:\\\/\\\/cj.estrategia.com\\\/portal\\\/#website\"},\"primaryImageOfPage\":{\"@id\":\"https:\\\/\\\/cj.estrategia.com\\\/portal\\\/livros-reduzir-pena-sistema-prisional\\\/#primaryimage\"},\"image\":{\"@id\":\"https:\\\/\\\/cj.estrategia.com\\\/portal\\\/livros-reduzir-pena-sistema-prisional\\\/#primaryimage\"},\"thumbnailUrl\":\"https:\\\/\\\/cj.estrategia.com\\\/portal\\\/wp-content\\\/uploads\\\/2024\\\/10\\\/22192654\\\/leitura-remicao-preso-pena-scaled.jpg\",\"datePublished\":\"2024-10-22T23:03:36+00:00\",\"dateModified\":\"2024-10-22T23:03:42+00:00\",\"description\":\"Foi aprovado o Projeto de Lei 4.988\\\/19, que permite a remi\u00e7\u00e3o de tempo de execu\u00e7\u00e3o da pena atrav\u00e9s da participa\u00e7\u00e3o do preso em leituras.\",\"breadcrumb\":{\"@id\":\"https:\\\/\\\/cj.estrategia.com\\\/portal\\\/livros-reduzir-pena-sistema-prisional\\\/#breadcrumb\"},\"inLanguage\":\"pt-BR\",\"potentialAction\":[{\"@type\":\"ReadAction\",\"target\":[\"https:\\\/\\\/cj.estrategia.com\\\/portal\\\/livros-reduzir-pena-sistema-prisional\\\/\"]}]},{\"@type\":\"ImageObject\",\"inLanguage\":\"pt-BR\",\"@id\":\"https:\\\/\\\/cj.estrategia.com\\\/portal\\\/livros-reduzir-pena-sistema-prisional\\\/#primaryimage\",\"url\":\"https:\\\/\\\/cj.estrategia.com\\\/portal\\\/wp-content\\\/uploads\\\/2024\\\/10\\\/22192654\\\/leitura-remicao-preso-pena-scaled.jpg\",\"contentUrl\":\"https:\\\/\\\/cj.estrategia.com\\\/portal\\\/wp-content\\\/uploads\\\/2024\\\/10\\\/22192654\\\/leitura-remicao-preso-pena-scaled.jpg\",\"width\":2560,\"height\":1707},{\"@type\":\"BreadcrumbList\",\"@id\":\"https:\\\/\\\/cj.estrategia.com\\\/portal\\\/livros-reduzir-pena-sistema-prisional\\\/#breadcrumb\",\"itemListElement\":[{\"@type\":\"ListItem\",\"position\":1,\"name\":\"In\u00edcio\",\"item\":\"https:\\\/\\\/cj.estrategia.com\\\/portal\\\/\"},{\"@type\":\"ListItem\",\"position\":2,\"name\":\"Leitura que liberta: como livros podem reduzir a pena no Sistema Prisional Brasileiro\"}]},{\"@type\":\"WebSite\",\"@id\":\"https:\\\/\\\/cj.estrategia.com\\\/portal\\\/#website\",\"url\":\"https:\\\/\\\/cj.estrategia.com\\\/portal\\\/\",\"name\":\"Blog - Carreiras Jur\u00eddicas - Estrat\u00e9gia\",\"description\":\"\",\"publisher\":{\"@id\":\"https:\\\/\\\/cj.estrategia.com\\\/portal\\\/#organization\"},\"potentialAction\":[{\"@type\":\"SearchAction\",\"target\":{\"@type\":\"EntryPoint\",\"urlTemplate\":\"https:\\\/\\\/cj.estrategia.com\\\/portal\\\/?s={search_term_string}\"},\"query-input\":{\"@type\":\"PropertyValueSpecification\",\"valueRequired\":true,\"valueName\":\"search_term_string\"}}],\"inLanguage\":\"pt-BR\"},{\"@type\":\"Organization\",\"@id\":\"https:\\\/\\\/cj.estrategia.com\\\/portal\\\/#organization\",\"name\":\"Estrat\u00e9gia - Carreiras Jur\u00eddicas\",\"url\":\"https:\\\/\\\/cj.estrategia.com\\\/portal\\\/\",\"logo\":{\"@type\":\"ImageObject\",\"inLanguage\":\"pt-BR\",\"@id\":\"https:\\\/\\\/cj.estrategia.com\\\/portal\\\/#\\\/schema\\\/logo\\\/image\\\/\",\"url\":\"https:\\\/\\\/cj.estrategia.com\\\/portal\\\/wp-content\\\/uploads\\\/2022\\\/03\\\/11151052\\\/cj-logo.png\",\"contentUrl\":\"https:\\\/\\\/cj.estrategia.com\\\/portal\\\/wp-content\\\/uploads\\\/2022\\\/03\\\/11151052\\\/cj-logo.png\",\"width\":150,\"height\":39,\"caption\":\"Estrat\u00e9gia - Carreiras Jur\u00eddicas\"},\"image\":{\"@id\":\"https:\\\/\\\/cj.estrategia.com\\\/portal\\\/#\\\/schema\\\/logo\\\/image\\\/\"},\"sameAs\":[\"https:\\\/\\\/www.facebook.com\\\/estrategiacarreirajuridica\\\/\",\"https:\\\/\\\/x.com\\\/EstratJuridica\",\"https:\\\/\\\/www.instagram.com\\\/estrategiacarreirajuridica\\\/\",\"https:\\\/\\\/www.youtube.com\\\/channel\\\/UClbMGuYbj2Mh1m3w144ETWQ\"]},{\"@type\":\"Person\",\"@id\":\"https:\\\/\\\/cj.estrategia.com\\\/portal\\\/#\\\/schema\\\/person\\\/b8eb01d117c3441103d953565489f91a\",\"name\":\"Guilherme Rezende\",\"image\":{\"@type\":\"ImageObject\",\"inLanguage\":\"pt-BR\",\"@id\":\"https:\\\/\\\/cj.estrategia.com\\\/portal\\\/wp-content\\\/uploads\\\/2024\\\/02\\\/22174655\\\/professor-guilherme-resende-estrategia-concursos-ecj-96x96.jpeg\",\"url\":\"https:\\\/\\\/cj.estrategia.com\\\/portal\\\/wp-content\\\/uploads\\\/2024\\\/02\\\/22174655\\\/professor-guilherme-resende-estrategia-concursos-ecj-96x96.jpeg\",\"contentUrl\":\"https:\\\/\\\/cj.estrategia.com\\\/portal\\\/wp-content\\\/uploads\\\/2024\\\/02\\\/22174655\\\/professor-guilherme-resende-estrategia-concursos-ecj-96x96.jpeg\",\"caption\":\"Guilherme Rezende\"},\"description\":\"Professor Guilherme Rezende \u00e9 promotor de justi\u00e7a no Paran\u00e1, com uma carreira s\u00f3lida e impactante no campo jur\u00eddico. Al\u00e9m de sua atua\u00e7\u00e3o como promotor, ele possui mestrado em Direito e acumula experi\u00eancia como Ex-Procurador da Fazenda Nacional, Ex-Defensor P\u00fablico da Uni\u00e3o e Ex-Oficial de Apoio Judicial no TJMG. Destaca-se tamb\u00e9m por ter sido aprovado nos concursos de analista do TRF-1 e do MPU, consolidando sua compet\u00eancia e dedica\u00e7\u00e3o no universo jur\u00eddico.\",\"url\":\"https:\\\/\\\/cj.estrategia.com\\\/portal\\\/author\\\/guilherme-rezende\\\/\"}]}<\/script>\n<!-- \/ Yoast SEO Premium plugin. -->","yoast_head_json":{"title":"Livros podem reduzir a pena no Sistema Prisional Brasileiro","description":"Foi aprovado o Projeto de Lei 4.988\/19, que permite a remi\u00e7\u00e3o de tempo de execu\u00e7\u00e3o da pena atrav\u00e9s da participa\u00e7\u00e3o do preso em leituras.","robots":{"index":"index","follow":"follow","max-snippet":"max-snippet:-1","max-image-preview":"max-image-preview:large","max-video-preview":"max-video-preview:-1"},"canonical":"https:\/\/cj.estrategia.com\/portal\/livros-reduzir-pena-sistema-prisional\/","og_locale":"pt_BR","og_type":"article","og_title":"Leitura que liberta: como livros podem reduzir a pena no Sistema Prisional Brasileiro","og_description":"Foi aprovado o Projeto de Lei 4.988\/19, que permite a remi\u00e7\u00e3o de tempo de execu\u00e7\u00e3o da pena atrav\u00e9s da participa\u00e7\u00e3o do preso em leituras.","og_url":"https:\/\/cj.estrategia.com\/portal\/livros-reduzir-pena-sistema-prisional\/","og_site_name":"Blog - Carreiras Jur\u00eddicas - Estrat\u00e9gia","article_publisher":"https:\/\/www.facebook.com\/estrategiacarreirajuridica\/","article_published_time":"2024-10-22T23:03:36+00:00","article_modified_time":"2024-10-22T23:03:42+00:00","og_image":[{"width":2560,"height":1707,"url":"https:\/\/cj.estrategia.com\/portal\/wp-content\/uploads\/2024\/10\/22192654\/leitura-remicao-preso-pena-scaled.jpg","type":"image\/jpeg"}],"author":"Guilherme Rezende","twitter_card":"summary_large_image","twitter_creator":"@EstratJuridica","twitter_site":"@EstratJuridica","twitter_misc":{"Escrito por":"Guilherme Rezende","Est. tempo de leitura":"5 minutos"},"schema":{"@context":"https:\/\/schema.org","@graph":[{"@type":"NewsArticle","@id":"https:\/\/cj.estrategia.com\/portal\/livros-reduzir-pena-sistema-prisional\/#article","isPartOf":{"@id":"https:\/\/cj.estrategia.com\/portal\/livros-reduzir-pena-sistema-prisional\/"},"author":{"name":"Guilherme Rezende","@id":"https:\/\/cj.estrategia.com\/portal\/#\/schema\/person\/b8eb01d117c3441103d953565489f91a"},"headline":"Leitura que liberta: como livros podem reduzir a pena no Sistema Prisional Brasileiro","datePublished":"2024-10-22T23:03:36+00:00","dateModified":"2024-10-22T23:03:42+00:00","mainEntityOfPage":{"@id":"https:\/\/cj.estrategia.com\/portal\/livros-reduzir-pena-sistema-prisional\/"},"wordCount":787,"commentCount":0,"publisher":{"@id":"https:\/\/cj.estrategia.com\/portal\/#organization"},"image":{"@id":"https:\/\/cj.estrategia.com\/portal\/livros-reduzir-pena-sistema-prisional\/#primaryimage"},"thumbnailUrl":"https:\/\/cj.estrategia.com\/portal\/wp-content\/uploads\/2024\/10\/22192654\/leitura-remicao-preso-pena-scaled.jpg","keywords":["CCJ do Senado","CNJ","lei de execu\u00e7\u00e3o penal","Projeto de Lei 4.988\/19","remi\u00e7\u00e3o de pena","remi\u00e7\u00e3o pela leitura","Resolu\u00e7\u00e3o 391","sistema prisional"],"articleSection":["Carreiras Jur\u00eddicas"],"inLanguage":"pt-BR","potentialAction":[{"@type":"CommentAction","name":"Comment","target":["https:\/\/cj.estrategia.com\/portal\/livros-reduzir-pena-sistema-prisional\/#respond"]}]},{"@type":"WebPage","@id":"https:\/\/cj.estrategia.com\/portal\/livros-reduzir-pena-sistema-prisional\/","url":"https:\/\/cj.estrategia.com\/portal\/livros-reduzir-pena-sistema-prisional\/","name":"Livros podem reduzir a pena no Sistema Prisional Brasileiro","isPartOf":{"@id":"https:\/\/cj.estrategia.com\/portal\/#website"},"primaryImageOfPage":{"@id":"https:\/\/cj.estrategia.com\/portal\/livros-reduzir-pena-sistema-prisional\/#primaryimage"},"image":{"@id":"https:\/\/cj.estrategia.com\/portal\/livros-reduzir-pena-sistema-prisional\/#primaryimage"},"thumbnailUrl":"https:\/\/cj.estrategia.com\/portal\/wp-content\/uploads\/2024\/10\/22192654\/leitura-remicao-preso-pena-scaled.jpg","datePublished":"2024-10-22T23:03:36+00:00","dateModified":"2024-10-22T23:03:42+00:00","description":"Foi aprovado o Projeto de Lei 4.988\/19, que permite a remi\u00e7\u00e3o de tempo de execu\u00e7\u00e3o da pena atrav\u00e9s da participa\u00e7\u00e3o do preso em leituras.","breadcrumb":{"@id":"https:\/\/cj.estrategia.com\/portal\/livros-reduzir-pena-sistema-prisional\/#breadcrumb"},"inLanguage":"pt-BR","potentialAction":[{"@type":"ReadAction","target":["https:\/\/cj.estrategia.com\/portal\/livros-reduzir-pena-sistema-prisional\/"]}]},{"@type":"ImageObject","inLanguage":"pt-BR","@id":"https:\/\/cj.estrategia.com\/portal\/livros-reduzir-pena-sistema-prisional\/#primaryimage","url":"https:\/\/cj.estrategia.com\/portal\/wp-content\/uploads\/2024\/10\/22192654\/leitura-remicao-preso-pena-scaled.jpg","contentUrl":"https:\/\/cj.estrategia.com\/portal\/wp-content\/uploads\/2024\/10\/22192654\/leitura-remicao-preso-pena-scaled.jpg","width":2560,"height":1707},{"@type":"BreadcrumbList","@id":"https:\/\/cj.estrategia.com\/portal\/livros-reduzir-pena-sistema-prisional\/#breadcrumb","itemListElement":[{"@type":"ListItem","position":1,"name":"In\u00edcio","item":"https:\/\/cj.estrategia.com\/portal\/"},{"@type":"ListItem","position":2,"name":"Leitura que liberta: como livros podem reduzir a pena no Sistema Prisional Brasileiro"}]},{"@type":"WebSite","@id":"https:\/\/cj.estrategia.com\/portal\/#website","url":"https:\/\/cj.estrategia.com\/portal\/","name":"Blog - Carreiras Jur\u00eddicas - Estrat\u00e9gia","description":"","publisher":{"@id":"https:\/\/cj.estrategia.com\/portal\/#organization"},"potentialAction":[{"@type":"SearchAction","target":{"@type":"EntryPoint","urlTemplate":"https:\/\/cj.estrategia.com\/portal\/?s={search_term_string}"},"query-input":{"@type":"PropertyValueSpecification","valueRequired":true,"valueName":"search_term_string"}}],"inLanguage":"pt-BR"},{"@type":"Organization","@id":"https:\/\/cj.estrategia.com\/portal\/#organization","name":"Estrat\u00e9gia - Carreiras Jur\u00eddicas","url":"https:\/\/cj.estrategia.com\/portal\/","logo":{"@type":"ImageObject","inLanguage":"pt-BR","@id":"https:\/\/cj.estrategia.com\/portal\/#\/schema\/logo\/image\/","url":"https:\/\/cj.estrategia.com\/portal\/wp-content\/uploads\/2022\/03\/11151052\/cj-logo.png","contentUrl":"https:\/\/cj.estrategia.com\/portal\/wp-content\/uploads\/2022\/03\/11151052\/cj-logo.png","width":150,"height":39,"caption":"Estrat\u00e9gia - Carreiras Jur\u00eddicas"},"image":{"@id":"https:\/\/cj.estrategia.com\/portal\/#\/schema\/logo\/image\/"},"sameAs":["https:\/\/www.facebook.com\/estrategiacarreirajuridica\/","https:\/\/x.com\/EstratJuridica","https:\/\/www.instagram.com\/estrategiacarreirajuridica\/","https:\/\/www.youtube.com\/channel\/UClbMGuYbj2Mh1m3w144ETWQ"]},{"@type":"Person","@id":"https:\/\/cj.estrategia.com\/portal\/#\/schema\/person\/b8eb01d117c3441103d953565489f91a","name":"Guilherme Rezende","image":{"@type":"ImageObject","inLanguage":"pt-BR","@id":"https:\/\/cj.estrategia.com\/portal\/wp-content\/uploads\/2024\/02\/22174655\/professor-guilherme-resende-estrategia-concursos-ecj-96x96.jpeg","url":"https:\/\/cj.estrategia.com\/portal\/wp-content\/uploads\/2024\/02\/22174655\/professor-guilherme-resende-estrategia-concursos-ecj-96x96.jpeg","contentUrl":"https:\/\/cj.estrategia.com\/portal\/wp-content\/uploads\/2024\/02\/22174655\/professor-guilherme-resende-estrategia-concursos-ecj-96x96.jpeg","caption":"Guilherme Rezende"},"description":"Professor Guilherme Rezende \u00e9 promotor de justi\u00e7a no Paran\u00e1, com uma carreira s\u00f3lida e impactante no campo jur\u00eddico. Al\u00e9m de sua atua\u00e7\u00e3o como promotor, ele possui mestrado em Direito e acumula experi\u00eancia como Ex-Procurador da Fazenda Nacional, Ex-Defensor P\u00fablico da Uni\u00e3o e Ex-Oficial de Apoio Judicial no TJMG. Destaca-se tamb\u00e9m por ter sido aprovado nos concursos de analista do TRF-1 e do MPU, consolidando sua compet\u00eancia e dedica\u00e7\u00e3o no universo jur\u00eddico.","url":"https:\/\/cj.estrategia.com\/portal\/author\/guilherme-rezende\/"}]}},"jetpack_featured_media_url":"https:\/\/cj.estrategia.com\/portal\/wp-content\/uploads\/2024\/10\/22192654\/leitura-remicao-preso-pena-scaled.jpg","jetpack_sharing_enabled":true,"_links":{"self":[{"href":"https:\/\/cj.estrategia.com\/portal\/wp-json\/wp\/v2\/posts\/81281","targetHints":{"allow":["GET"]}}],"collection":[{"href":"https:\/\/cj.estrategia.com\/portal\/wp-json\/wp\/v2\/posts"}],"about":[{"href":"https:\/\/cj.estrategia.com\/portal\/wp-json\/wp\/v2\/types\/post"}],"author":[{"embeddable":true,"href":"https:\/\/cj.estrategia.com\/portal\/wp-json\/wp\/v2\/users\/63"}],"replies":[{"embeddable":true,"href":"https:\/\/cj.estrategia.com\/portal\/wp-json\/wp\/v2\/comments?post=81281"}],"version-history":[{"count":5,"href":"https:\/\/cj.estrategia.com\/portal\/wp-json\/wp\/v2\/posts\/81281\/revisions"}],"predecessor-version":[{"id":81291,"href":"https:\/\/cj.estrategia.com\/portal\/wp-json\/wp\/v2\/posts\/81281\/revisions\/81291"}],"wp:featuredmedia":[{"embeddable":true,"href":"https:\/\/cj.estrategia.com\/portal\/wp-json\/wp\/v2\/media\/81284"}],"wp:attachment":[{"href":"https:\/\/cj.estrategia.com\/portal\/wp-json\/wp\/v2\/media?parent=81281"}],"wp:term":[{"taxonomy":"category","embeddable":true,"href":"https:\/\/cj.estrategia.com\/portal\/wp-json\/wp\/v2\/categories?post=81281"},{"taxonomy":"post_tag","embeddable":true,"href":"https:\/\/cj.estrategia.com\/portal\/wp-json\/wp\/v2\/tags?post=81281"},{"taxonomy":"tax_estado","embeddable":true,"href":"https:\/\/cj.estrategia.com\/portal\/wp-json\/wp\/v2\/tax_estado?post=81281"}],"curies":[{"name":"wp","href":"https:\/\/api.w.org\/{rel}","templated":true}]}}