{"id":80994,"date":"2024-10-21T15:50:20","date_gmt":"2024-10-21T18:50:20","guid":{"rendered":"https:\/\/cj.estrategia.com\/portal\/?p=80994"},"modified":"2024-10-21T15:50:24","modified_gmt":"2024-10-21T18:50:24","slug":"prova-comentada-normas-constitucionais-do-processo-penal-ii-enam","status":"publish","type":"post","link":"https:\/\/cj.estrategia.com\/portal\/prova-comentada-normas-constitucionais-do-processo-penal-ii-enam\/","title":{"rendered":"Prova Comentada Normas Constitucionais do Processo Penal II ENAM"},"content":{"rendered":"<a id=\"cta-icon\" href=\"https:\/\/sndflw.com\/i\/enam-grupo\" target=\"blank\" style=\"background:rgb(83,193,88)\">\n            <img decoding=\"async\" src=\"https:\/\/cj.estrategia.com\/portal\/wp-content\/uploads\/2023\/12\/07160657\/whatsapp_1385.webp\" alt=\"\" alt=\"whatsapp_1385\"><span > Acesse agora o Grupo de Estudos do ENAM<\/span><\/a>\n\n\n\n<p>Ol\u00e1, pessoal, tudo certo?!<\/p>\n\n\n\n<p>Em 20\/10\/2024, foi aplicada a prova objetiva do concurso p\u00fablico para o <strong>II<\/strong> <strong>Exame Nacional da Magistratura<\/strong>. Assim que divulgados o caderno de provas e o gabarito preliminar oficial, nosso time de professores analisou cada uma das quest\u00f5es que agora ser\u00e3o apresentadas em nossa <strong>PROVA COMENTADA<\/strong>.<\/p>\n\n\n\n<p>Este material visa a auxili\u00e1-los na aferi\u00e7\u00e3o das notas, elabora\u00e7\u00e3o de eventuais recursos, verifica\u00e7\u00e3o das chances de avan\u00e7o para fase discursiva, bem como na revis\u00e3o do conte\u00fado cobrado no certame.<\/p>\n\n\n\n<p>Desde j\u00e1, destacamos que nosso time de professores identificou 2 quest\u00f5es pass\u00edveis de recurso e\/ou que devem ser anuladas, por apresentarem duas ou nenhuma alternativa correta, como veremos adiante. No tipo de prova comentado, trata-se das quest\u00f5es 13 e 22.<\/p>\n\n\n\n<p>De modo complementar, elaboramos tamb\u00e9m o <a href=\"https:\/\/cj.estrategia.com\/cadernos-e-simulados\/simulados\/cbd1b786-6547-4a93-a2f7-a73177cb403d\/\" target=\"_blank\" ><strong>RANKING do II ENAM<\/strong> <\/a>em que nossos alunos e seguidores poder\u00e3o inserir suas respostas \u00e0 prova, e, ao final, aferir sua nota, de acordo com o gabarito elaborado por nossos professores. Atrav\u00e9s do ranking, tamb\u00e9m poderemos estimar a nota de corte da 1\u00ba fase. Essa ferramenta \u00e9 gratuita!<\/p>\n\n\n\n<p>Al\u00e9m disso, montamos um caderno para nossos seguidores, alunos ou n\u00e3o, verem os coment\u00e1rios e comentar as quest\u00f5es da prova: <a href=\"https:\/\/cj.estrategia.com\/cadernos-e-simulados\/cadernos\/9d9edf5e-1f95-413f-b778-0122deb29cee\" target=\"_blank\" >confira AQUI!<\/a><\/p>\n\n\n\n<p>Por fim, comentaremos a prova, as quest\u00f5es mais pol\u00eamicas, as possibilidades de recurso, bem como a estimativa da nota de corte no <strong>TERM\u00d4METRO P\u00d3S-PROVA<\/strong>, no nosso canal do Youtube. Inscreva-se e ative as notifica\u00e7\u00f5es! <a href=\"https:\/\/www.youtube.com\/@EstrategiaCarreiraJuridica\"><strong>Estrat\u00e9gia Carreira Jur\u00eddica \u2013 YouTube<\/strong><\/a><\/p>\n\n\n\n<p class=\"has-text-align-center has-pale-ocean-gradient-background has-background\"><a href=\"https:\/\/cj.estrategia.com\/portal\/gabarito-extraoficial-ii-enam\/\" target=\"_blank\" >Confira AQUI as provas comentadas de todas as disciplinas<\/a><\/p>\n\n\n\n<h2 class=\"wp-block-heading has-vivid-red-color has-text-color has-link-color wp-elements-1c8caa9f9b2b4ef25ad4a0840350b777\" id=\"h-prova-comentada-normas-constitucionais-do-processo-penal\"><span id=\"prova-comentada-normas-constitucionais-do-processo-penal\">Prova Comentada Normas Constitucionais do Processo Penal<\/span><\/h2>\n\n\n\n<p><strong>QUEST\u00c3O 13. Sobre o tema pris\u00e3o tempor\u00e1ria, \u00e0 luz do entendimento do Supremo Tribunal Federal, analise as afirmativas a seguir.<\/strong><\/p>\n\n\n\n<p><strong>l. A decreta\u00e7\u00e3o da pris\u00e3o tempor\u00e1ria reclama sempre a presen\u00e7a do Art. 1\u00ba, inciso III, da Lei n\u00ba 7.960\/1989, que elenca o rol de crimes aptos a ensejar tal medida cautelar. O dispositivo, ao exigir a presen\u00e7a de fundadas raz\u00f5es de autoria ou participa\u00e7\u00e3o do indiciado nos crimes nele previstos, evidencia a necessidade do fumus commissi delicti, indispens\u00e1vel para a decreta\u00e7\u00e3o da medida cautelar. O citado rol de crimes possui natureza taxativa, desautorizada a analogia ou a interpreta\u00e7\u00e3o extensiva, em raz\u00e3o dos princ\u00edpios constitucionais da legalidade estrita e do devido processo legal substantivo.<\/strong><\/p>\n\n\n\n<p><strong>II. A pris\u00e3o tempor\u00e1ria deve estar fundamentada em fatos novos ou contempor\u00e2neos \u00e0 decreta\u00e7\u00e3o da medida (Art. 312, \u00a7 2\u00ba, do C\u00f3digo de Processo Penal). Ainda que se cuide de dispositivo voltado \u00e0 pris\u00e3o preventiva, a regra \u00e9 consequ\u00eancia l\u00f3gica da cautelaridade das pris\u00f5es provis\u00f3rias e do princ\u00edpio constitucional da n\u00e3o culpabilidade.<\/strong><\/p>\n\n\n\n<p><strong>III. O C\u00f3digo de Processo Penal disp\u00f5e que a pris\u00e3o preventiva somente ser\u00e1 determinada quando n\u00e3o for cab\u00edvel a sua substitui\u00e7\u00e3o por outra medida cautelar, observado o Art. 319 desse C\u00f3digo. O n\u00e3o cabimento da substitui\u00e7\u00e3o por outra medida cautelar dever\u00e1 ser justificado de forma fundamentada nos elementos presentes do caso concreto, de modo individualizado. A citada disposi\u00e7\u00e3o desse C\u00f3digo n\u00e3o se aplica \u00e0s pris\u00f5es tempor\u00e1rias, por possu\u00edrem natureza de medida cautelar na fase investigat\u00f3ria pr\u00e9-processual.<\/strong><\/p>\n\n\n\n<p><strong>Est\u00e1 correto o que se afirma em<\/strong><\/p>\n\n\n\n<p><strong>a) I, apenas.<\/strong><\/p>\n\n\n\n<p><strong>b) I e II, apenas.<\/strong><\/p>\n\n\n\n<p><strong>c) l e III, apenas.<\/strong><\/p>\n\n\n\n<p><strong>d) II e III, apenas.<\/strong><\/p>\n\n\n\n<p><strong>e) I, II e III.<\/strong><\/p>\n\n\n\n<p><strong>Coment\u00e1rios<\/strong><\/p>\n\n\n\n<p>A banca examinadora indicar\u00e1 como correta a <strong>letra B.<\/strong> Contudo, em nosso entendimento, a quest\u00e3o \u00e9 pass\u00edvel de anula\u00e7\u00e3o por n\u00e3o existir resposta correta.\u00a0 A quest\u00e3o aborda a interpreta\u00e7\u00e3o de dispositivos legais que regulam a pris\u00e3o tempor\u00e1ria, exigindo conhecimento do entendimento jurisprudencial recente do Supremo Tribunal Federal no julgamento das ADIs 4.109 e 3.360. Vamos analisar cada item.<\/p>\n\n\n\n<p>O item I ser\u00e1 apontado como correto pela banca examinadora, vez que repete trecho da ementa de julgamento das ADIs 4.109 e 3.360, em que o STF confirmou a natureza taxativa do rol de crimes da Lei de Pris\u00e3o Tempor\u00e1ria, impedindo o uso de analogia ou interpreta\u00e7\u00e3o extensiva, obrigando a observ\u00e2ncia dos princ\u00edpios da legalidade estrita e do devido processo legal.\u00a0 Contudo, o julgamento do STF pela constitucionalidade da Lei de Pris\u00e3o Tempor\u00e1ria (Lei n. 7.960\/1989) n\u00e3o afastou a validade da Lei de Crimes Hediondos (Lei n. 8.072\/90), que tamb\u00e9m prev\u00ea a pris\u00e3o tempor\u00e1ria aos crimes nela previstos, conforme Art. 2\u00ba, \u00a7 4\u00ba:\u00a0\u201cA pris\u00e3o tempor\u00e1ria, sobre a qual disp\u00f5e a Lei no 7.960, de 21 de dezembro de 1989, nos crimes previstos neste artigo, ter\u00e1 o prazo de 30 (trinta) dias, prorrog\u00e1vel por igual per\u00edodo em caso de extrema e comprovada necessidade\u201d. \u00c9 poss\u00edvel, portanto, que um crime previsto exclusivamente na Lei n. 8.072\/90 fundamente uma pris\u00e3o tempor\u00e1ria, o que torna incorreta a afirma\u00e7\u00e3o: \u201cA decreta\u00e7\u00e3o da pris\u00e3o tempor\u00e1ria reclama sempre a presen\u00e7a do Art. 1\u00ba, inciso III, da Lei n\u00ba 7.960\/1989\u201d.<\/p>\n\n\n\n<p>O item II est\u00e1 correto. A exig\u00eancia de fatos novos ou contempor\u00e2neos para a decreta\u00e7\u00e3o da pris\u00e3o tempor\u00e1ria, embora prevista para a pris\u00e3o preventiva no Art. 312, \u00a7 2\u00ba, do CPP, aplica-se tamb\u00e9m \u00e0 pris\u00e3o tempor\u00e1ria. O STF reconhece que a contemporaneidade deve ser aplicada por analogia \u00e0s pris\u00f5es tempor\u00e1rias dado o car\u00e1ter cautelar de ambas as pris\u00f5es e do princ\u00edpio da n\u00e3o culpabilidade, que impede a restri\u00e7\u00e3o da liberdade sem elementos concretos e atuais que a justifiquem: \u201cfixar o entendimento de que a decreta\u00e7\u00e3o de pris\u00e3o tempor\u00e1ria autoriza-se quando, cumulativamente: (\u2026) for justificada em fatos novos ou contempor\u00e2neos que fundamentem a medida (art. 312, \u00a7 2\u00ba, CPP)\u201d (STF. Plen\u00e1rio. ADI 4109\/DF e ADI 3360\/DF, Rel. Min. Carmen L\u00facia, redator para o ac\u00f3rd\u00e3o Min. Edson Fachin, julgado em 11\/2\/2022, Informativo 1043).<\/p>\n\n\n\n<p>O item III est\u00e1 incorreto. A regra da substitui\u00e7\u00e3o da pris\u00e3o preventiva por medidas cautelares alternativas (Art. 319 do CPP) tamb\u00e9m se aplica \u00e0 pris\u00e3o tempor\u00e1ria. O STF tem entendimento de que a pris\u00e3o tempor\u00e1ria, como medida excepcional que \u00e9, deve ser decretada somente quando as medidas cautelares diversas da pris\u00e3o se mostrarem inadequadas ou insuficientes: \u201cfixar o entendimento de que a decreta\u00e7\u00e3o de pris\u00e3o tempor\u00e1ria autoriza-se quando, cumulativamente: (\u2026) n\u00e3o for suficiente a imposi\u00e7\u00e3o de medidas cautelares diversas, previstas nos arts. 319 e 320 do CPP (art. 282, \u00a7 6\u00ba, CPP).\u201d (STF. Plen\u00e1rio. ADI 4109\/DF e ADI 3360\/DF, Rel. Min. Carmen L\u00facia, redator para o ac\u00f3rd\u00e3o Min. Edson Fachin, julgado em 11\/2\/2022, Informativo 1043).<\/p>\n\n\n\n<p>Como n\u00e3o existe alternativa que indique apenas o item II como correto, a quest\u00e3o \u00e9 pass\u00edvel de anula\u00e7\u00e3o por n\u00e3o existir resposta correta.\u00a0<\/p>\n\n\n\n<p><strong>QUEST\u00c3O 16. Em tema de \u201cDireitos e Garantias Fundamentais\u201d, a Constitui\u00e7\u00e3o Federal de 1988 disp\u00f5e, em seu Art. 5\u00ba, inciso LVII, que \u201cningu\u00e9m ser\u00e1 considerado culpado at\u00e9 o tr\u00e2nsito em julgado de senten\u00e7a penal condenat\u00f3ria\u201d.\u00a0<\/strong><\/p>\n\n\n\n<p><strong>A respeito do princ\u00edpio da n\u00e3o culpabilidade, considerando a jurisprud\u00eancia assentada do Supremo Tribunal Federal, analise as afirmativas a seguir.<\/strong><\/p>\n\n\n\n<p><strong>l. S\u00f3 \u00e9 l\u00edcito o uso de algemas em casos de resist\u00eancia e de fundado receio de fuga ou de perigo \u00e0 integridade f\u00edsica pr\u00f3pria ou alheia, por parte do preso ou de terceiros, justificada a excepcionalidade por escrito, sob pena de responsabilidade disciplinar, civil e penal do agente ou da autoridade e de nulidade da pris\u00e3o ou do ato processual a que se refere, sem preju\u00edzo da responsabilidade civil do Estado.<\/strong><\/p>\n\n\n\n<p><strong>II. A condu\u00e7\u00e3o coercitiva de pessoas investigadas ou r\u00e9us para fins de interrogat\u00f3rio policial ou judicial \u00e9 compat\u00edvel com a presun\u00e7\u00e3o de inoc\u00eancia, dada a possibilidade de o conduzido exercer livremente seu direito de n\u00e3o responder \u00e0s perguntas formuladas pela autoridade policial e de solicitar a presen\u00e7a de advogado para participar do ato.<\/strong><\/p>\n\n\n\n<p><strong>III. A norma constitucional que veda a concess\u00e3o de liberdade provis\u00f3ria em caso de crimes hediondos e equiparados \u00e9 compat\u00edvel com a presun\u00e7\u00e3o de inoc\u00eancia, dada a exig\u00eancia de interpreta\u00e7\u00e3o sistem\u00e1tica e harm\u00f4nica do texto constitucional. Havendo pris\u00e3o em flagrante de crime hediondo, o autor do fato deve permanecer preso durante toda a instru\u00e7\u00e3o, sendo-lhe, contudo, assegurado o direito de permanecer em estabelecimento prisional reservado a presos provis\u00f3rios.<\/strong><\/p>\n\n\n\n<p><strong>Est\u00e1 correto o que se afirma em<\/strong><\/p>\n\n\n\n<p><strong>a) I, apenas.<\/strong><\/p>\n\n\n\n<p><strong>b) l e II, apenas.<\/strong><\/p>\n\n\n\n<p><strong>c) l e III, apenas.<\/strong><\/p>\n\n\n\n<p><strong>d) II e III, apenas.<\/strong><\/p>\n\n\n\n<p><strong>e) I, II e III.<\/strong><\/p>\n\n\n\n<p><strong>Coment\u00e1rios<\/strong><\/p>\n\n\n\n<p>A alternativa correta \u00e9 a <strong>letra A.<\/strong> A quest\u00e3o aborda o princ\u00edpio da presun\u00e7\u00e3o de inoc\u00eancia (ou n\u00e3o culpabilidade) estabelecido no artigo 5\u00ba, inciso LVII, da Constitui\u00e7\u00e3o Federal de 1988, um dos pilares do sistema penal brasileiro, envolvendo tr\u00eas t\u00f3picos importantes \u00e0 luz da jurisprud\u00eancia do Supremo Tribunal Federal: o uso de algemas, a condu\u00e7\u00e3o coercitiva de investigados ou r\u00e9us, e a concess\u00e3o de liberdade provis\u00f3ria para crimes hediondos. Vamos analisar cada item.<\/p>\n\n\n\n<p>O item I est\u00e1 correto. Repete o texto do enunciado n. 11 da S\u00famula Vinculante do STF: \u201cS\u00f3 \u00e9 l\u00edcito o uso de algemas em casos de resist\u00eancia e de fundado receio de fuga ou de perigo \u00e0 integridade f\u00edsica pr\u00f3pria ou alheia, por parte do preso ou de terceiros, justificada a excepcionalidade por escrito, sob pena de responsabilidade disciplinar, civil e penal do agente ou da autoridade e de nulidade da pris\u00e3o ou do ato processual a que se refere, sem preju\u00edzo da responsabilidade civil do Estado.\u201d<\/p>\n\n\n\n<p>O item II est\u00e1 incorreto. A condu\u00e7\u00e3o coercitiva de investigados ou r\u00e9us para interrogat\u00f3rio foi declarada inconstitucional pelo STF em 2018, no julgamento das ADPFs 395 e 444. O tribunal entendeu que for\u00e7ar o comparecimento de uma pessoa para interrogat\u00f3rio, quando ela tem o direito de permanecer em sil\u00eancio e de n\u00e3o produzir provas contra si, \u00e9 incompat\u00edvel com a Constitui\u00e7\u00e3o e fere o princ\u00edpio da presun\u00e7\u00e3o de inoc\u00eancia e o direito \u00e0 n\u00e3o autoincrimina\u00e7\u00e3o. Al\u00e9m disso, foi ressaltado que o uso de condu\u00e7\u00e3o coercitiva sem intima\u00e7\u00e3o pr\u00e9via e sem justa causa \u00e9 uma pr\u00e1tica arbitr\u00e1ria que viola direitos fundamentais, sendo necess\u00e1ria a aplica\u00e7\u00e3o de medidas menos invasivas antes de se recorrer \u00e0 priva\u00e7\u00e3o tempor\u00e1ria de liberdade. Voto do Ministro Gilmar Mendes (relator da ADPF 395): \u201cA condu\u00e7\u00e3o coercitiva para interrogat\u00f3rio, enquanto modalidade de coa\u00e7\u00e3o estatal para compelir o investigado a comparecer em sede policial, afigura-se incompat\u00edvel com o sistema de direitos e garantias constitucionais, notadamente com a presun\u00e7\u00e3o de n\u00e3o culpabilidade, o direito ao sil\u00eancio e a liberdade de locomo\u00e7\u00e3o\u201d.<\/p>\n\n\n\n<p>O item III est\u00e1 incorreto. O STF firmou entendimento de que a proibi\u00e7\u00e3o autom\u00e1tica de concess\u00e3o de liberdade provis\u00f3ria para crimes hediondos \u00e9 inconstitucional, pois tal veda\u00e7\u00e3o absoluta contraria o princ\u00edpio da presun\u00e7\u00e3o de inoc\u00eancia e o direito \u00e0 individualiza\u00e7\u00e3o das medidas cautelares. Em 2012, no julgamento do HC 104.339, o Tribunal destacou que a an\u00e1lise para manuten\u00e7\u00e3o da pris\u00e3o preventiva deve ser feita de forma individualizada, levando em conta as circunst\u00e2ncias do caso concreto, e n\u00e3o apenas com base na natureza do crime.\u00a0 Cada caso deve ser analisado de forma individual, n\u00e3o sendo admitido o encarceramento preventivo obrigat\u00f3rio apenas pelo fato de se tratar de um crime hediondo.Tal jurisprud\u00eancia foi reafirmada em julgamento sobre a Lei de Drogas em Tese de Repercuss\u00e3o Geral firmada no\u00a0 Tema 959: \u201c\u00c9 inconstitucional a express\u00e3o \u2018e liberdade provis\u00f3ria\u2019, constante do caput do artigo 44 da Lei 11.343\/2006.\u201d (RE 1.038.925 RG, rel. min. Gilmar Mendes, P, j. 18-8-2017).<\/p>\n\n\n\n<p class=\"has-text-align-center has-very-light-gray-to-cyan-bluish-gray-gradient-background has-background\"><strong>Saiba mais: <a href=\"https:\/\/cj.estrategia.com\/portal\/exame-nacional-da-magistratura\/\">Exame Nacional da Magistratura <\/a><\/strong><\/p>\n\n\n\n<h2 class=\"wp-block-heading has-text-align-center\" id=\"cursos\"><span id=\"quer-saber-tudo-sobre-concursos-previstos-confira-nossos-artigos\">Quer saber tudo sobre concursos previstos? <br>Confira nossos artigos!<\/span><\/h2>\n\n\n\n\n\n<h2 class=\"wp-block-heading has-text-align-center\" id=\"CURSO\"><span id=\"cursos-e-assinaturas\">CURSOS E ASSINATURAS<\/span><\/h2>\n\n\n\n<div class=\"wp-block-cover\" style=\"min-height:155px;aspect-ratio:unset;\"><img decoding=\"async\" width=\"1890\" height=\"351\" class=\"wp-block-cover__image-background wp-image-8669\" alt=\"Assinaturas Jur\u00eddicas\" src=\"https:\/\/cj.estrategia.com\/portal\/wp-content\/uploads\/2022\/06\/20151253\/concurso-carreiras-juridicas-assinatura-juridica.jpg\" style=\"object-position:78% 43%\" data-object-fit=\"cover\" data-object-position=\"78% 43%\" srcset=\"https:\/\/cj.estrategia.com\/portal\/wp-content\/uploads\/2022\/06\/20151253\/concurso-carreiras-juridicas-assinatura-juridica.jpg 1890w, https:\/\/cj.estrategia.com\/portal\/wp-content\/uploads\/2022\/06\/20151253\/concurso-carreiras-juridicas-assinatura-juridica-300x56.jpg 300w, https:\/\/cj.estrategia.com\/portal\/wp-content\/uploads\/2022\/06\/20151253\/concurso-carreiras-juridicas-assinatura-juridica-1024x190.jpg 1024w, https:\/\/cj.estrategia.com\/portal\/wp-content\/uploads\/2022\/06\/20151253\/concurso-carreiras-juridicas-assinatura-juridica-768x143.jpg 768w, https:\/\/cj.estrategia.com\/portal\/wp-content\/uploads\/2022\/06\/20151253\/concurso-carreiras-juridicas-assinatura-juridica-1536x285.jpg 1536w, https:\/\/cj.estrategia.com\/portal\/wp-content\/uploads\/2022\/06\/20151253\/concurso-carreiras-juridicas-assinatura-juridica-380x71.jpg 380w, https:\/\/cj.estrategia.com\/portal\/wp-content\/uploads\/2022\/06\/20151253\/concurso-carreiras-juridicas-assinatura-juridica-800x149.jpg 800w, https:\/\/cj.estrategia.com\/portal\/wp-content\/uploads\/2022\/06\/20151253\/concurso-carreiras-juridicas-assinatura-juridica-1160x215.jpg 1160w\" sizes=\"(max-width: 1890px) 100vw, 1890px\" \/><span aria-hidden=\"true\" class=\"wp-block-cover__background has-background-dim\"><\/span><div class=\"wp-block-cover__inner-container is-layout-flow wp-block-cover-is-layout-flow\">\n<h3 id=\"faca-a-sua-assinatura\" class=\"titulo-assinatura\"><span style=\"color: #ffffff;\">Fa\u00e7a a sua assinatura!<\/span><\/h3>\n<p class=\"subtitulo-assinatura\" style=\"display:block!important; line-height: 0;\"><span style=\"color: #ffffff;\">Escolha a sua \u00e1rea.<\/span><\/p>\n<a target=\"_blank\" href=\"https:\/\/www.estrategiaconcursos.com.br\/assinaturas-ecj\/\" rel=\"noopener\"><button style=\"border-radius: 10px; text-transform: capitalize;\">Acessar<\/button><\/a>\n<\/div><\/div>\n","protected":false},"excerpt":{"rendered":"Ol\u00e1, pessoal, tudo certo?! Em 20\/10\/2024, foi aplicada a prova objetiva do concurso p\u00fablico para o II Exame&hellip;\n","protected":false},"author":12,"featured_media":30750,"comment_status":"open","ping_status":"open","sticky":false,"template":"","format":"standard","meta":{"_jetpack_memberships_contains_paid_content":false,"footnotes":""},"categories":[26],"tags":[],"tax_estado":[36],"class_list":{"0":"post-80994","1":"post","2":"type-post","3":"status-publish","4":"format-standard","5":"has-post-thumbnail","7":"category-magistratura","8":"tax_estado-concursos-federais"},"acf":[],"yoast_head":"<!-- This site is optimized with the Yoast SEO Premium plugin v27.5 (Yoast SEO v27.5) - https:\/\/yoast.com\/product\/yoast-seo-premium-wordpress\/ -->\n<title>Prova Comentada Normas Constitucionais do Processo Penal II ENAM<\/title>\n<meta name=\"description\" content=\"Prova Comentada Normas Constitucionais do Processo Penal II ENAM: confira AQUI os coment\u00e1rios dos nossos professores e tire as suas d\u00favidas!\" \/>\n<meta name=\"robots\" content=\"index, follow, max-snippet:-1, max-image-preview:large, max-video-preview:-1\" \/>\n<link rel=\"canonical\" href=\"https:\/\/cj.estrategia.com\/portal\/prova-comentada-normas-constitucionais-do-processo-penal-ii-enam\/\" \/>\n<meta property=\"og:locale\" content=\"pt_BR\" \/>\n<meta property=\"og:type\" content=\"article\" \/>\n<meta property=\"og:title\" content=\"Prova Comentada Normas Constitucionais do Processo Penal II ENAM\" \/>\n<meta property=\"og:description\" content=\"Prova Comentada Normas Constitucionais do Processo Penal II ENAM: confira AQUI os coment\u00e1rios dos nossos professores e tire as suas d\u00favidas!\" \/>\n<meta property=\"og:url\" content=\"https:\/\/cj.estrategia.com\/portal\/prova-comentada-normas-constitucionais-do-processo-penal-ii-enam\/\" \/>\n<meta property=\"og:site_name\" content=\"Blog - Carreiras Jur\u00eddicas - Estrat\u00e9gia\" \/>\n<meta property=\"article:publisher\" content=\"https:\/\/www.facebook.com\/estrategiacarreirajuridica\/\" \/>\n<meta property=\"article:published_time\" content=\"2024-10-21T18:50:20+00:00\" \/>\n<meta property=\"article:modified_time\" content=\"2024-10-21T18:50:24+00:00\" \/>\n<meta property=\"og:image\" content=\"https:\/\/cj.estrategia.com\/portal\/wp-content\/uploads\/2023\/03\/06105039\/concursos-juridicos-2023-carreira-juridica-magistratura-delegado-mp-dpe.png\" \/>\n\t<meta property=\"og:image:width\" content=\"960\" \/>\n\t<meta property=\"og:image:height\" content=\"540\" \/>\n\t<meta property=\"og:image:type\" content=\"image\/png\" \/>\n<meta name=\"author\" content=\"Coordena\u00e7\u00e3o\" \/>\n<meta name=\"twitter:card\" content=\"summary_large_image\" \/>\n<meta name=\"twitter:creator\" content=\"@EstratJuridica\" \/>\n<meta name=\"twitter:site\" content=\"@EstratJuridica\" \/>\n<meta name=\"twitter:label1\" content=\"Escrito por\" \/>\n\t<meta name=\"twitter:data1\" content=\"Coordena\u00e7\u00e3o\" \/>\n\t<meta name=\"twitter:label2\" content=\"Est. tempo de leitura\" \/>\n\t<meta name=\"twitter:data2\" content=\"11 minutos\" \/>\n<script type=\"application\/ld+json\" class=\"yoast-schema-graph\">{\"@context\":\"https:\\\/\\\/schema.org\",\"@graph\":[{\"@type\":\"NewsArticle\",\"@id\":\"https:\\\/\\\/cj.estrategia.com\\\/portal\\\/prova-comentada-normas-constitucionais-do-processo-penal-ii-enam\\\/#article\",\"isPartOf\":{\"@id\":\"https:\\\/\\\/cj.estrategia.com\\\/portal\\\/prova-comentada-normas-constitucionais-do-processo-penal-ii-enam\\\/\"},\"author\":{\"name\":\"Coordena\u00e7\u00e3o\",\"@id\":\"https:\\\/\\\/cj.estrategia.com\\\/portal\\\/#\\\/schema\\\/person\\\/4d70317d31449932b99102916b6637f5\"},\"headline\":\"Prova Comentada Normas Constitucionais do Processo Penal II ENAM\",\"datePublished\":\"2024-10-21T18:50:20+00:00\",\"dateModified\":\"2024-10-21T18:50:24+00:00\",\"mainEntityOfPage\":{\"@id\":\"https:\\\/\\\/cj.estrategia.com\\\/portal\\\/prova-comentada-normas-constitucionais-do-processo-penal-ii-enam\\\/\"},\"wordCount\":2006,\"commentCount\":0,\"publisher\":{\"@id\":\"https:\\\/\\\/cj.estrategia.com\\\/portal\\\/#organization\"},\"image\":{\"@id\":\"https:\\\/\\\/cj.estrategia.com\\\/portal\\\/prova-comentada-normas-constitucionais-do-processo-penal-ii-enam\\\/#primaryimage\"},\"thumbnailUrl\":\"https:\\\/\\\/cj.estrategia.com\\\/portal\\\/wp-content\\\/uploads\\\/2023\\\/03\\\/06105039\\\/concursos-juridicos-2023-carreira-juridica-magistratura-delegado-mp-dpe.png\",\"articleSection\":[\"Magistratura\"],\"inLanguage\":\"pt-BR\",\"potentialAction\":[{\"@type\":\"CommentAction\",\"name\":\"Comment\",\"target\":[\"https:\\\/\\\/cj.estrategia.com\\\/portal\\\/prova-comentada-normas-constitucionais-do-processo-penal-ii-enam\\\/#respond\"]}]},{\"@type\":\"WebPage\",\"@id\":\"https:\\\/\\\/cj.estrategia.com\\\/portal\\\/prova-comentada-normas-constitucionais-do-processo-penal-ii-enam\\\/\",\"url\":\"https:\\\/\\\/cj.estrategia.com\\\/portal\\\/prova-comentada-normas-constitucionais-do-processo-penal-ii-enam\\\/\",\"name\":\"Prova Comentada Normas Constitucionais do Processo Penal II ENAM\",\"isPartOf\":{\"@id\":\"https:\\\/\\\/cj.estrategia.com\\\/portal\\\/#website\"},\"primaryImageOfPage\":{\"@id\":\"https:\\\/\\\/cj.estrategia.com\\\/portal\\\/prova-comentada-normas-constitucionais-do-processo-penal-ii-enam\\\/#primaryimage\"},\"image\":{\"@id\":\"https:\\\/\\\/cj.estrategia.com\\\/portal\\\/prova-comentada-normas-constitucionais-do-processo-penal-ii-enam\\\/#primaryimage\"},\"thumbnailUrl\":\"https:\\\/\\\/cj.estrategia.com\\\/portal\\\/wp-content\\\/uploads\\\/2023\\\/03\\\/06105039\\\/concursos-juridicos-2023-carreira-juridica-magistratura-delegado-mp-dpe.png\",\"datePublished\":\"2024-10-21T18:50:20+00:00\",\"dateModified\":\"2024-10-21T18:50:24+00:00\",\"description\":\"Prova Comentada Normas Constitucionais do Processo Penal II ENAM: confira AQUI os coment\u00e1rios dos nossos professores e tire as suas d\u00favidas!\",\"breadcrumb\":{\"@id\":\"https:\\\/\\\/cj.estrategia.com\\\/portal\\\/prova-comentada-normas-constitucionais-do-processo-penal-ii-enam\\\/#breadcrumb\"},\"inLanguage\":\"pt-BR\",\"potentialAction\":[{\"@type\":\"ReadAction\",\"target\":[\"https:\\\/\\\/cj.estrategia.com\\\/portal\\\/prova-comentada-normas-constitucionais-do-processo-penal-ii-enam\\\/\"]}]},{\"@type\":\"ImageObject\",\"inLanguage\":\"pt-BR\",\"@id\":\"https:\\\/\\\/cj.estrategia.com\\\/portal\\\/prova-comentada-normas-constitucionais-do-processo-penal-ii-enam\\\/#primaryimage\",\"url\":\"https:\\\/\\\/cj.estrategia.com\\\/portal\\\/wp-content\\\/uploads\\\/2023\\\/03\\\/06105039\\\/concursos-juridicos-2023-carreira-juridica-magistratura-delegado-mp-dpe.png\",\"contentUrl\":\"https:\\\/\\\/cj.estrategia.com\\\/portal\\\/wp-content\\\/uploads\\\/2023\\\/03\\\/06105039\\\/concursos-juridicos-2023-carreira-juridica-magistratura-delegado-mp-dpe.png\",\"width\":960,\"height\":540},{\"@type\":\"BreadcrumbList\",\"@id\":\"https:\\\/\\\/cj.estrategia.com\\\/portal\\\/prova-comentada-normas-constitucionais-do-processo-penal-ii-enam\\\/#breadcrumb\",\"itemListElement\":[{\"@type\":\"ListItem\",\"position\":1,\"name\":\"In\u00edcio\",\"item\":\"https:\\\/\\\/cj.estrategia.com\\\/portal\\\/\"},{\"@type\":\"ListItem\",\"position\":2,\"name\":\"Prova Comentada Normas Constitucionais do Processo Penal II ENAM\"}]},{\"@type\":\"WebSite\",\"@id\":\"https:\\\/\\\/cj.estrategia.com\\\/portal\\\/#website\",\"url\":\"https:\\\/\\\/cj.estrategia.com\\\/portal\\\/\",\"name\":\"Blog - Carreiras Jur\u00eddicas - Estrat\u00e9gia\",\"description\":\"\",\"publisher\":{\"@id\":\"https:\\\/\\\/cj.estrategia.com\\\/portal\\\/#organization\"},\"potentialAction\":[{\"@type\":\"SearchAction\",\"target\":{\"@type\":\"EntryPoint\",\"urlTemplate\":\"https:\\\/\\\/cj.estrategia.com\\\/portal\\\/?s={search_term_string}\"},\"query-input\":{\"@type\":\"PropertyValueSpecification\",\"valueRequired\":true,\"valueName\":\"search_term_string\"}}],\"inLanguage\":\"pt-BR\"},{\"@type\":\"Organization\",\"@id\":\"https:\\\/\\\/cj.estrategia.com\\\/portal\\\/#organization\",\"name\":\"Estrat\u00e9gia - Carreiras Jur\u00eddicas\",\"url\":\"https:\\\/\\\/cj.estrategia.com\\\/portal\\\/\",\"logo\":{\"@type\":\"ImageObject\",\"inLanguage\":\"pt-BR\",\"@id\":\"https:\\\/\\\/cj.estrategia.com\\\/portal\\\/#\\\/schema\\\/logo\\\/image\\\/\",\"url\":\"https:\\\/\\\/cj.estrategia.com\\\/portal\\\/wp-content\\\/uploads\\\/2022\\\/03\\\/11151052\\\/cj-logo.png\",\"contentUrl\":\"https:\\\/\\\/cj.estrategia.com\\\/portal\\\/wp-content\\\/uploads\\\/2022\\\/03\\\/11151052\\\/cj-logo.png\",\"width\":150,\"height\":39,\"caption\":\"Estrat\u00e9gia - Carreiras Jur\u00eddicas\"},\"image\":{\"@id\":\"https:\\\/\\\/cj.estrategia.com\\\/portal\\\/#\\\/schema\\\/logo\\\/image\\\/\"},\"sameAs\":[\"https:\\\/\\\/www.facebook.com\\\/estrategiacarreirajuridica\\\/\",\"https:\\\/\\\/x.com\\\/EstratJuridica\",\"https:\\\/\\\/www.instagram.com\\\/estrategiacarreirajuridica\\\/\",\"https:\\\/\\\/www.youtube.com\\\/channel\\\/UClbMGuYbj2Mh1m3w144ETWQ\"]},{\"@type\":\"Person\",\"@id\":\"https:\\\/\\\/cj.estrategia.com\\\/portal\\\/#\\\/schema\\\/person\\\/4d70317d31449932b99102916b6637f5\",\"name\":\"Coordena\u00e7\u00e3o\",\"image\":{\"@type\":\"ImageObject\",\"inLanguage\":\"pt-BR\",\"@id\":\"https:\\\/\\\/cj.estrategia.com\\\/portal\\\/wp-content\\\/uploads\\\/2022\\\/05\\\/12164923\\\/estrategia-carreira-juridica-coordenacao-96x96.png\",\"url\":\"https:\\\/\\\/cj.estrategia.com\\\/portal\\\/wp-content\\\/uploads\\\/2022\\\/05\\\/12164923\\\/estrategia-carreira-juridica-coordenacao-96x96.png\",\"contentUrl\":\"https:\\\/\\\/cj.estrategia.com\\\/portal\\\/wp-content\\\/uploads\\\/2022\\\/05\\\/12164923\\\/estrategia-carreira-juridica-coordenacao-96x96.png\",\"caption\":\"Coordena\u00e7\u00e3o\"},\"url\":\"https:\\\/\\\/cj.estrategia.com\\\/portal\\\/author\\\/coordenacao\\\/\"}]}<\/script>\n<!-- \/ Yoast SEO Premium plugin. -->","yoast_head_json":{"title":"Prova Comentada Normas Constitucionais do Processo Penal II ENAM","description":"Prova Comentada Normas Constitucionais do Processo Penal II ENAM: confira AQUI os coment\u00e1rios dos nossos professores e tire as suas d\u00favidas!","robots":{"index":"index","follow":"follow","max-snippet":"max-snippet:-1","max-image-preview":"max-image-preview:large","max-video-preview":"max-video-preview:-1"},"canonical":"https:\/\/cj.estrategia.com\/portal\/prova-comentada-normas-constitucionais-do-processo-penal-ii-enam\/","og_locale":"pt_BR","og_type":"article","og_title":"Prova Comentada Normas Constitucionais do Processo Penal II ENAM","og_description":"Prova Comentada Normas Constitucionais do Processo Penal II ENAM: confira AQUI os coment\u00e1rios dos nossos professores e tire as suas d\u00favidas!","og_url":"https:\/\/cj.estrategia.com\/portal\/prova-comentada-normas-constitucionais-do-processo-penal-ii-enam\/","og_site_name":"Blog - Carreiras Jur\u00eddicas - Estrat\u00e9gia","article_publisher":"https:\/\/www.facebook.com\/estrategiacarreirajuridica\/","article_published_time":"2024-10-21T18:50:20+00:00","article_modified_time":"2024-10-21T18:50:24+00:00","og_image":[{"width":960,"height":540,"url":"https:\/\/cj.estrategia.com\/portal\/wp-content\/uploads\/2023\/03\/06105039\/concursos-juridicos-2023-carreira-juridica-magistratura-delegado-mp-dpe.png","type":"image\/png"}],"author":"Coordena\u00e7\u00e3o","twitter_card":"summary_large_image","twitter_creator":"@EstratJuridica","twitter_site":"@EstratJuridica","twitter_misc":{"Escrito por":"Coordena\u00e7\u00e3o","Est. tempo de leitura":"11 minutos"},"schema":{"@context":"https:\/\/schema.org","@graph":[{"@type":"NewsArticle","@id":"https:\/\/cj.estrategia.com\/portal\/prova-comentada-normas-constitucionais-do-processo-penal-ii-enam\/#article","isPartOf":{"@id":"https:\/\/cj.estrategia.com\/portal\/prova-comentada-normas-constitucionais-do-processo-penal-ii-enam\/"},"author":{"name":"Coordena\u00e7\u00e3o","@id":"https:\/\/cj.estrategia.com\/portal\/#\/schema\/person\/4d70317d31449932b99102916b6637f5"},"headline":"Prova Comentada Normas Constitucionais do Processo Penal II ENAM","datePublished":"2024-10-21T18:50:20+00:00","dateModified":"2024-10-21T18:50:24+00:00","mainEntityOfPage":{"@id":"https:\/\/cj.estrategia.com\/portal\/prova-comentada-normas-constitucionais-do-processo-penal-ii-enam\/"},"wordCount":2006,"commentCount":0,"publisher":{"@id":"https:\/\/cj.estrategia.com\/portal\/#organization"},"image":{"@id":"https:\/\/cj.estrategia.com\/portal\/prova-comentada-normas-constitucionais-do-processo-penal-ii-enam\/#primaryimage"},"thumbnailUrl":"https:\/\/cj.estrategia.com\/portal\/wp-content\/uploads\/2023\/03\/06105039\/concursos-juridicos-2023-carreira-juridica-magistratura-delegado-mp-dpe.png","articleSection":["Magistratura"],"inLanguage":"pt-BR","potentialAction":[{"@type":"CommentAction","name":"Comment","target":["https:\/\/cj.estrategia.com\/portal\/prova-comentada-normas-constitucionais-do-processo-penal-ii-enam\/#respond"]}]},{"@type":"WebPage","@id":"https:\/\/cj.estrategia.com\/portal\/prova-comentada-normas-constitucionais-do-processo-penal-ii-enam\/","url":"https:\/\/cj.estrategia.com\/portal\/prova-comentada-normas-constitucionais-do-processo-penal-ii-enam\/","name":"Prova Comentada Normas Constitucionais do Processo Penal II ENAM","isPartOf":{"@id":"https:\/\/cj.estrategia.com\/portal\/#website"},"primaryImageOfPage":{"@id":"https:\/\/cj.estrategia.com\/portal\/prova-comentada-normas-constitucionais-do-processo-penal-ii-enam\/#primaryimage"},"image":{"@id":"https:\/\/cj.estrategia.com\/portal\/prova-comentada-normas-constitucionais-do-processo-penal-ii-enam\/#primaryimage"},"thumbnailUrl":"https:\/\/cj.estrategia.com\/portal\/wp-content\/uploads\/2023\/03\/06105039\/concursos-juridicos-2023-carreira-juridica-magistratura-delegado-mp-dpe.png","datePublished":"2024-10-21T18:50:20+00:00","dateModified":"2024-10-21T18:50:24+00:00","description":"Prova Comentada Normas Constitucionais do Processo Penal II ENAM: confira AQUI os coment\u00e1rios dos nossos professores e tire as suas d\u00favidas!","breadcrumb":{"@id":"https:\/\/cj.estrategia.com\/portal\/prova-comentada-normas-constitucionais-do-processo-penal-ii-enam\/#breadcrumb"},"inLanguage":"pt-BR","potentialAction":[{"@type":"ReadAction","target":["https:\/\/cj.estrategia.com\/portal\/prova-comentada-normas-constitucionais-do-processo-penal-ii-enam\/"]}]},{"@type":"ImageObject","inLanguage":"pt-BR","@id":"https:\/\/cj.estrategia.com\/portal\/prova-comentada-normas-constitucionais-do-processo-penal-ii-enam\/#primaryimage","url":"https:\/\/cj.estrategia.com\/portal\/wp-content\/uploads\/2023\/03\/06105039\/concursos-juridicos-2023-carreira-juridica-magistratura-delegado-mp-dpe.png","contentUrl":"https:\/\/cj.estrategia.com\/portal\/wp-content\/uploads\/2023\/03\/06105039\/concursos-juridicos-2023-carreira-juridica-magistratura-delegado-mp-dpe.png","width":960,"height":540},{"@type":"BreadcrumbList","@id":"https:\/\/cj.estrategia.com\/portal\/prova-comentada-normas-constitucionais-do-processo-penal-ii-enam\/#breadcrumb","itemListElement":[{"@type":"ListItem","position":1,"name":"In\u00edcio","item":"https:\/\/cj.estrategia.com\/portal\/"},{"@type":"ListItem","position":2,"name":"Prova Comentada Normas Constitucionais do Processo Penal II ENAM"}]},{"@type":"WebSite","@id":"https:\/\/cj.estrategia.com\/portal\/#website","url":"https:\/\/cj.estrategia.com\/portal\/","name":"Blog - Carreiras Jur\u00eddicas - Estrat\u00e9gia","description":"","publisher":{"@id":"https:\/\/cj.estrategia.com\/portal\/#organization"},"potentialAction":[{"@type":"SearchAction","target":{"@type":"EntryPoint","urlTemplate":"https:\/\/cj.estrategia.com\/portal\/?s={search_term_string}"},"query-input":{"@type":"PropertyValueSpecification","valueRequired":true,"valueName":"search_term_string"}}],"inLanguage":"pt-BR"},{"@type":"Organization","@id":"https:\/\/cj.estrategia.com\/portal\/#organization","name":"Estrat\u00e9gia - Carreiras Jur\u00eddicas","url":"https:\/\/cj.estrategia.com\/portal\/","logo":{"@type":"ImageObject","inLanguage":"pt-BR","@id":"https:\/\/cj.estrategia.com\/portal\/#\/schema\/logo\/image\/","url":"https:\/\/cj.estrategia.com\/portal\/wp-content\/uploads\/2022\/03\/11151052\/cj-logo.png","contentUrl":"https:\/\/cj.estrategia.com\/portal\/wp-content\/uploads\/2022\/03\/11151052\/cj-logo.png","width":150,"height":39,"caption":"Estrat\u00e9gia - Carreiras Jur\u00eddicas"},"image":{"@id":"https:\/\/cj.estrategia.com\/portal\/#\/schema\/logo\/image\/"},"sameAs":["https:\/\/www.facebook.com\/estrategiacarreirajuridica\/","https:\/\/x.com\/EstratJuridica","https:\/\/www.instagram.com\/estrategiacarreirajuridica\/","https:\/\/www.youtube.com\/channel\/UClbMGuYbj2Mh1m3w144ETWQ"]},{"@type":"Person","@id":"https:\/\/cj.estrategia.com\/portal\/#\/schema\/person\/4d70317d31449932b99102916b6637f5","name":"Coordena\u00e7\u00e3o","image":{"@type":"ImageObject","inLanguage":"pt-BR","@id":"https:\/\/cj.estrategia.com\/portal\/wp-content\/uploads\/2022\/05\/12164923\/estrategia-carreira-juridica-coordenacao-96x96.png","url":"https:\/\/cj.estrategia.com\/portal\/wp-content\/uploads\/2022\/05\/12164923\/estrategia-carreira-juridica-coordenacao-96x96.png","contentUrl":"https:\/\/cj.estrategia.com\/portal\/wp-content\/uploads\/2022\/05\/12164923\/estrategia-carreira-juridica-coordenacao-96x96.png","caption":"Coordena\u00e7\u00e3o"},"url":"https:\/\/cj.estrategia.com\/portal\/author\/coordenacao\/"}]}},"jetpack_featured_media_url":"https:\/\/cj.estrategia.com\/portal\/wp-content\/uploads\/2023\/03\/06105039\/concursos-juridicos-2023-carreira-juridica-magistratura-delegado-mp-dpe.png","jetpack_sharing_enabled":true,"_links":{"self":[{"href":"https:\/\/cj.estrategia.com\/portal\/wp-json\/wp\/v2\/posts\/80994","targetHints":{"allow":["GET"]}}],"collection":[{"href":"https:\/\/cj.estrategia.com\/portal\/wp-json\/wp\/v2\/posts"}],"about":[{"href":"https:\/\/cj.estrategia.com\/portal\/wp-json\/wp\/v2\/types\/post"}],"author":[{"embeddable":true,"href":"https:\/\/cj.estrategia.com\/portal\/wp-json\/wp\/v2\/users\/12"}],"replies":[{"embeddable":true,"href":"https:\/\/cj.estrategia.com\/portal\/wp-json\/wp\/v2\/comments?post=80994"}],"version-history":[{"count":0,"href":"https:\/\/cj.estrategia.com\/portal\/wp-json\/wp\/v2\/posts\/80994\/revisions"}],"wp:featuredmedia":[{"embeddable":true,"href":"https:\/\/cj.estrategia.com\/portal\/wp-json\/wp\/v2\/media\/30750"}],"wp:attachment":[{"href":"https:\/\/cj.estrategia.com\/portal\/wp-json\/wp\/v2\/media?parent=80994"}],"wp:term":[{"taxonomy":"category","embeddable":true,"href":"https:\/\/cj.estrategia.com\/portal\/wp-json\/wp\/v2\/categories?post=80994"},{"taxonomy":"post_tag","embeddable":true,"href":"https:\/\/cj.estrategia.com\/portal\/wp-json\/wp\/v2\/tags?post=80994"},{"taxonomy":"tax_estado","embeddable":true,"href":"https:\/\/cj.estrategia.com\/portal\/wp-json\/wp\/v2\/tax_estado?post=80994"}],"curies":[{"name":"wp","href":"https:\/\/api.w.org\/{rel}","templated":true}]}}