{"id":80745,"date":"2024-10-17T15:21:50","date_gmt":"2024-10-17T18:21:50","guid":{"rendered":"https:\/\/cj.estrategia.com\/portal\/?p=80745"},"modified":"2024-10-17T15:21:57","modified_gmt":"2024-10-17T18:21:57","slug":"projeto-lei-proibir-cotas-transgenero","status":"publish","type":"post","link":"https:\/\/cj.estrategia.com\/portal\/projeto-lei-proibir-cotas-transgenero\/","title":{"rendered":"Projeto de Lei visa proibir cotas para pessoas transg\u00eanero em concursos p\u00fablicos"},"content":{"rendered":"\n<p>Ol\u00e1, pessoal. Aqui \u00e9 o professor Allan Joos e hoje, no nosso artigo, vamos tratar de um projeto de lei que promete gerar muita pol\u00eamica. O Projeto de Lei, <strong><mark style=\"background-color:rgba(0, 0, 0, 0)\" class=\"has-inline-color has-vivid-purple-color\">PL n\u00ba 3.914\/2024<\/mark><\/strong>, est\u00e1 sendo apresentado pela deputada federal J\u00falia Zanatta (PL\/SC).<\/p>\n\n\n\n<p>Tal PL pretende <strong><mark style=\"background-color:rgba(0, 0, 0, 0)\" class=\"has-inline-color has-vivid-purple-color\">vedar a reserva de vagas para pessoas trans<\/mark><\/strong> em concursos p\u00fablicos e institui\u00e7\u00f5es de ensino, nas esferas Federal, Estadual e municipal.<\/p>\n\n\n\n<p>O tema reacende o debate da exig\u00eancia de cotas em concursos p\u00fablicos no Brasil. Isso porque apesar de se tratar de importante <strong>pol\u00edtica afirmativa<\/strong>, ainda encontra resist\u00eancia nos setores mais conservadores da sociedade.<\/p>\n\n\n\n<h2 class=\"wp-block-heading\" id=\"h-quais-as-fundamentacoes-legais-das-politicas-de-cotas-no-brasil\"><span id=\"quais-as-fundamentacoes-legais-das-politicas-de-cotas-no-brasil\">Quais as fundamenta\u00e7\u00f5es legais das pol\u00edticas de cotas no Brasil?<\/span><\/h2>\n\n\n\n<p>As pol\u00edticas de cotas consistem em <strong>a\u00e7\u00f5es afirmativas<\/strong> que no Brasil possui amparo constitucional, lastreada na necessidade de se garantir a igualdade material da popula\u00e7\u00e3o.<\/p>\n\n\n\n<h3 class=\"wp-block-heading\" id=\"h-constituicao-federal-cf\"><span id=\"constituicao-federal-cf\">Constitui\u00e7\u00e3o Federal (CF)<\/span><\/h3>\n\n\n\n<p>O artigo 3\u00ba da CF\/88, ao estabelecer os objetivos fundamentais da Rep\u00fablica Federativa do Brasil, imp\u00f5e ao Estado o <strong>dever de promover o bem de todos, sem preconceitos de origem, ra\u00e7a, sexo, cor, idade e quaisquer outras formas de discrimina\u00e7\u00e3o<\/strong>. J\u00e1 o artigo 5\u00ba, caput, consagra a <strong><mark style=\"background-color:rgba(0, 0, 0, 0)\" class=\"has-inline-color has-vivid-purple-color\">isonomia formal<\/mark><\/strong>, assegurando que todos s\u00e3o iguais perante a lei.<\/p>\n\n\n\n<p>Assim, a ideia de igualdade consagrada pela Constitui\u00e7\u00e3o n\u00e3o se limita \u00e0 perspectiva formal, mas tamb\u00e9m se estende \u00e0 igualdade material, que vai muito al\u00e9m da mera garantia de igualdade perante a lei.<\/p>\n\n\n\n<div class=\"wp-block-media-text is-stacked-on-mobile\"><figure class=\"wp-block-media-text__media\"><img decoding=\"async\" width=\"512\" height=\"341\" src=\"https:\/\/cj.estrategia.com\/portal\/wp-content\/uploads\/2024\/10\/17151901\/justica-1.jpg\" alt=\"transg\u00eanero, justi\u00e7a\" class=\"wp-image-80767 size-full\" srcset=\"https:\/\/cj.estrategia.com\/portal\/wp-content\/uploads\/2024\/10\/17151901\/justica-1.jpg 512w, https:\/\/cj.estrategia.com\/portal\/wp-content\/uploads\/2024\/10\/17151901\/justica-1-300x200.jpg 300w, https:\/\/cj.estrategia.com\/portal\/wp-content\/uploads\/2024\/10\/17151901\/justica-1-380x253.jpg 380w, https:\/\/cj.estrategia.com\/portal\/wp-content\/uploads\/2024\/10\/17151901\/justica-1-150x100.jpg 150w\" sizes=\"(max-width: 512px) 100vw, 512px\" \/><\/figure><div class=\"wp-block-media-text__content\">\n<p>A <strong><mark style=\"background-color:rgba(0, 0, 0, 0)\" class=\"has-inline-color has-vivid-purple-color\">igualdade material<\/mark><\/strong>, assim, exige tratamento desigual para os desiguais, na medida de suas desigualdades. Exemplo de normativas que buscam a garantia da igualdade material s\u00e3o aquelas que garantem, por exemplo, pol\u00edticas p\u00fablicas de igualdade de g\u00eanero e a previs\u00e3o de cotas raciais nos concursos p\u00fablicos em geral.<\/p>\n<\/div><\/div>\n\n\n\n<p>Com a inser\u00e7\u00e3o, em alguns concursos p\u00fablicos, da previs\u00e3o das cotas para pessoas trans, o discurso sobre a igualdade material e suas consequ\u00eancias ganha ainda mais for\u00e7a. A tese de igualdade material, defendida por autores como Jos\u00e9 Afonso da Silva, sustenta que a igualdade n\u00e3o se realiza simplesmente com a aplica\u00e7\u00e3o uniforme da lei, mas atrav\u00e9s de <strong>medidas concretas que visam equilibrar oportunidades<\/strong>. A pol\u00edtica de cotas \u00e9 um cl\u00e1ssico exemplo desse tipo de medida.<\/p>\n\n\n\n<h3 class=\"wp-block-heading\" id=\"h-lei-de-cotas\"><span id=\"lei-de-cotas\">Lei de Cotas<\/span><\/h3>\n\n\n\n<p>No que tange \u00e0s cotas raciais, al\u00e9m de tais normativas constitucionais que a amparam, o legislador editou a Lei n\u00ba 12.990\/14.<\/p>\n\n\n\n<p>Ela tem por finalidade a reserva aos negros de <strong><mark style=\"background-color:rgba(0, 0, 0, 0)\" class=\"has-inline-color has-vivid-purple-color\">20% das vagas<\/mark><\/strong> oferecidas nos concursos p\u00fablicos para provimento de cargos efetivos no \u00e2mbito da administra\u00e7\u00e3o p\u00fablica Federal, autarquias, funda\u00e7\u00f5es p\u00fablicas, empresas p\u00fablicas e das sociedades de economia mista controladas pela Uni\u00e3o. A partir de referida normativa, diversas legisla\u00e7\u00f5es e regulamentos estaduais passaram a garantir a concess\u00e3o de referidas pol\u00edticas de cotas.<\/p>\n\n\n\n<p>Agora, especificamente no que tange \u00e0s cotas para pessoas trans, ainda inexiste normativa infraconstitucional que expressamente as prev\u00ea. Isso mant\u00e9m vivo o debate sobre sua legalidade. Ao nosso ver, <strong>os princ\u00edpios constitucionais acima citados viabilizam a sua cria\u00e7\u00e3o<\/strong>. Afinal, como j\u00e1 mencionado, a referida pol\u00edtica afirmativa tem por finalidade garantir igualdade material a esse grupo que vive situa\u00e7\u00e3o de extrema vulnerabilidade no nosso pa\u00eds.<\/p>\n\n\n\n<p>Al\u00e9m da previs\u00e3o constitucional, as cotas para transg\u00eaneros podem ser sustentadas por normativas internacionais ratificadas pelo Brasil, como o <strong>Pacto Internacional sobre Direitos Civis e Pol\u00edticos<\/strong> (art. 26) e a <strong>Conven\u00e7\u00e3o Americana sobre Direitos Humanos<\/strong> (art. 24). Ambos os diplomas asseguram o <strong><mark style=\"background-color:rgba(0, 0, 0, 0)\" class=\"has-inline-color has-vivid-purple-color\">direito \u00e0 igualdade e \u00e0 n\u00e3o discrimina\u00e7\u00e3o<\/mark><\/strong>. A identidade de g\u00eanero \u00e9 uma das categorias que devem ter prote\u00e7\u00e3o contra atos discriminat\u00f3rios. Assim \u00e9 o que j\u00e1 estabeleceu a Corte Interamericana de Direitos Humanos em julgados que tratam da prote\u00e7\u00e3o de pessoas LGBTQIA+.<\/p>\n\n\n\n<h2 class=\"wp-block-heading\" id=\"h-o-pl-de-vedacao-as-cotas-para-transgeneros-consiste-em-retrocesso\"><span id=\"o-pl-de-vedacao-as-cotas-para-transgeneros-consiste-em-retrocesso\">O PL de Veda\u00e7\u00e3o \u00e0s Cotas para Transg\u00eaneros consiste em retrocesso?<\/span><\/h2>\n\n\n\n<p>A proposta legislativa que visa proibir as cotas para pessoas transg\u00eanero em concursos p\u00fablicos, sob o argumento de que tais cotas criariam um &#8220;privil\u00e9gio injustificado&#8221;, enfrenta, a nosso ver, um grave obst\u00e1culo jur\u00eddico: a <strong><mark style=\"background-color:rgba(0, 0, 0, 0)\" class=\"has-inline-color has-vivid-purple-color\">incompatibilidade com os princ\u00edpios constitucionais de igualdade<\/mark><\/strong>, no seu aspecto material como j\u00e1 citado, e o da dignidade da pessoa humana.<\/p>\n\n\n\n<p>A situa\u00e7\u00e3o das pessoas trans no Brasil \u00e9 marcada por graves viola\u00e7\u00f5es de direitos humanos. Isso \u00e9 amplamente reconhecido por estudos e relat\u00f3rios de organiza\u00e7\u00f5es nacionais e internacionais. Com taxas alarmantes de exclus\u00e3o social e vulnerabilidade, especialmente no mercado de trabalho formal, a popula\u00e7\u00e3o trans necessita de pol\u00edticas espec\u00edficas que assegurem seu acesso a <strong><mark style=\"background-color:rgba(0, 0, 0, 0)\" class=\"has-inline-color has-vivid-purple-color\">direitos b\u00e1sicos<\/mark><\/strong>, como o emprego.<\/p>\n\n\n\n<p>A veda\u00e7\u00e3o de cotas, ao impedir a implementa\u00e7\u00e3o de medidas que promovem a inclus\u00e3o de pessoas transg\u00eanero, fere diretamente o princ\u00edpio da dignidade. Isto \u00e9, ao vedar, perpetuam-se as barreiras que limitam sua participa\u00e7\u00e3o no espa\u00e7o p\u00fablico e no mercado de trabalho.<\/p>\n\n\n\n<p>Como ensina Ingo Sarlet, o <strong><mark style=\"background-color:rgba(0, 0, 0, 0)\" class=\"has-inline-color has-vivid-purple-color\">princ\u00edpio da dignidade da pessoa humana<\/mark><\/strong> imp\u00f5e a prote\u00e7\u00e3o contra interven\u00e7\u00f5es estatais lesivas. Al\u00e9m disso, tal princ\u00edpio visa tamb\u00e9m a promo\u00e7\u00e3o de condi\u00e7\u00f5es que permitam a <strong>efetiva frui\u00e7\u00e3o dos direitos fundamentais<\/strong>.<\/p>\n\n\n\n<h2 class=\"wp-block-heading\" id=\"h-igualdade-substancial-e-precedentes-jurisprudenciais\"><span id=\"igualdade-substancial-e-precedentes-jurisprudenciais\">Igualdade Substancial e Precedentes Jurisprudenciais<\/span><\/h2>\n\n\n\n<p>O STF, em diversas oportunidades, reconheceu a constitucionalidade de a\u00e7\u00f5es afirmativas como instrumentos de promo\u00e7\u00e3o da igualdade substancial. Um exemplo paradigm\u00e1tico \u00e9 a <strong>A\u00e7\u00e3o Declarat\u00f3ria de Constitucionalidade (ADC) 41<\/strong>, que validou a j\u00e1 citada Lei n\u00ba 12.990\/2014, respons\u00e1vel pela cria\u00e7\u00e3o de cotas raciais em concursos p\u00fablicos.<\/p>\n\n\n\n<p>O Tribunal, nesse julgado, reafirmou que as a\u00e7\u00f5es afirmativas s\u00e3o compat\u00edveis com o <strong><mark style=\"background-color:rgba(0, 0, 0, 0)\" class=\"has-inline-color has-vivid-purple-color\">princ\u00edpio da igualdade<\/mark><\/strong> quando visam <strong>corrigir desequil\u00edbrios historicamente acumulados<\/strong>, oferecendo oportunidades reais de inclus\u00e3o a grupos desfavorecidos.<\/p>\n\n\n\n<p>Assim, a aplica\u00e7\u00e3o do mesmo racioc\u00ednio jur\u00eddico \u00e0s cotas para pessoas transg\u00eanero \u00e9 coerente com a evolu\u00e7\u00e3o jurisprudencial do STF. O Supremo j\u00e1 reconheceu a vulnerabilidade desse grupo em decis\u00f5es como a <strong>A\u00e7\u00e3o Direta de Inconstitucionalidade por Omiss\u00e3o (ADO) 26<\/strong>. A a\u00e7\u00e3o <strong>equiparou a homofobia e a transfobia ao crime de racismo<\/strong>.<\/p>\n\n\n\n<p>A decis\u00e3o deixou claro que pessoas LGBTQIA+ s\u00e3o alvo de discrimina\u00e7\u00e3o sistem\u00e1tica, exigindo a ado\u00e7\u00e3o de pol\u00edticas p\u00fablicas para sua prote\u00e7\u00e3o e inclus\u00e3o. Logo, a tentativa de vedar as cotas para transg\u00eaneros colide diretamente com esses precedentes.<\/p>\n\n\n\n<h2 class=\"wp-block-heading\" id=\"h-obrigacoes-internacionais-padroes-interamericanos-de-protecao\"><span id=\"obrigacoes-internacionais-padroes-interamericanos-de-protecao\">Obriga\u00e7\u00f5es Internacionais: Padr\u00f5es Interamericanos de Prote\u00e7\u00e3o<\/span><\/h2>\n\n\n\n<p>O Brasil, como signat\u00e1rio da <strong>Conven\u00e7\u00e3o Americana sobre Direitos Humanos<\/strong>, est\u00e1 juridicamente sujeito \u00e0s decis\u00f5es da Corte Interamericana de Direitos Humanos, que tem avan\u00e7ado na prote\u00e7\u00e3o das pessoas LGBTQIA+.<\/p>\n\n\n\n<p>A jurisprud\u00eancia da Corte, em casos como \u201cAtala Riffo e Filhas vs. Chile\u201d, estabeleceu que a identidade de g\u00eanero deve ser reconhecida como uma categoria protegida contra a discrimina\u00e7\u00e3o. A Corte imp\u00f4s aos Estados signat\u00e1rios o dever de adotar medidas afirmativas que assegurem a igualdade material e a prote\u00e7\u00e3o dos direitos dessa popula\u00e7\u00e3o.<\/p>\n\n\n\n<h2 class=\"wp-block-heading\" id=\"h-a-resolucao-csdpu-n\u00ba-222\"><span id=\"a-resolucao-csdpu-no-222\">A Resolu\u00e7\u00e3o CSDPU n\u00ba 222<\/span><\/h2>\n\n\n\n<p>A Defensoria P\u00fablica da Uni\u00e3o (DPU), em agosto de 2024, promulgou a <strong>Resolu\u00e7\u00e3o CSDPU n\u00ba 222<\/strong>, que reserva <strong><mark style=\"background-color:rgba(0, 0, 0, 0)\" class=\"has-inline-color has-vivid-purple-color\">2% das vagas<\/mark><\/strong> em seus concursos para pessoas transg\u00eanero e travestis.<\/p>\n\n\n\n<p>A referida normativa \u00e9 um exemplo de como as a\u00e7\u00f5es afirmativas j\u00e1 s\u00e3o uma realidade no Brasil. Isso porque elas s\u00e3o voltadas para corrigir as disparidades enfrentadas por grupos espec\u00edficos em seus processos de inclus\u00e3o social.<\/p>\n\n\n\n<p>Ao adotar essa medida, a DPU seguiu o mesmo caminho que justificou, em anos anteriores, as cotas raciais e para pessoas com defici\u00eancia. Dessa forma, consolidou-se como uma institui\u00e7\u00e3o que promove a <strong><mark style=\"background-color:rgba(0, 0, 0, 0)\" class=\"has-inline-color has-vivid-purple-color\">igualdade substancial<\/mark><\/strong>.<\/p>\n\n\n\n<h2 class=\"wp-block-heading\" id=\"h-impactos-da-vedacao-de-cotas-exclusao-e-vulnerabilidade\"><span id=\"impactos-da-vedacao-de-cotas-exclusao-e-vulnerabilidade\">Impactos da Veda\u00e7\u00e3o de Cotas: Exclus\u00e3o e Vulnerabilidade<\/span><\/h2>\n\n\n\n<p>Caso aprovado, o projeto <strong>refor\u00e7ar\u00e1 ainda mais a discrimina\u00e7\u00e3o contra a comunidade LGBTQIAPN+<\/strong>.<\/p>\n\n\n\n<p>De acordo com a Associa\u00e7\u00e3o Nacional de Travestis e Transexuais (ANTRA), grande parte da popula\u00e7\u00e3o trans \u00e9 for\u00e7ada a recorrer a empregos informais ou \u00e0 prostitui\u00e7\u00e3o. O motivo disso seria a falta de oportunidades no mercado formal de trabalho.<\/p>\n\n\n\n<p>A nega\u00e7\u00e3o de pol\u00edticas afirmativas aprofunda esse ciclo de exclus\u00e3o,<strong> impedindo que essas pessoas rompam com as din\u00e2micas de marginaliza\u00e7\u00e3o social e econ\u00f4mica<\/strong>.<\/p>\n\n\n\n<hr class=\"wp-block-separator has-alpha-channel-opacity\"\/>\n\n\n\n<h2 class=\"wp-block-heading has-text-align-center\" id=\"h-quer-saber-quais-serao-os-proximos-concursos\"><span id=\"quer-saber-quais-serao-os-proximos-concursos\">Quer saber quais ser\u00e3o os pr\u00f3ximos concursos?<\/span><\/h2>\n\n\n\n<p class=\"has-text-align-center\">Confira nossos&nbsp;<a href=\"https:\/\/cj.estrategia.com\/portal\/\" target=\"_blank\" >artigos para Carreiras Jur\u00eddicas<\/a>!<\/p>\n\n\n\n<p class=\"has-text-align-center has-white-color has-pale-cyan-blue-background-color has-text-color has-background has-link-color wp-elements-f3d5123bb0c8e11604d0c8c7f1ea8be8\"><a href=\"https:\/\/www.estrategiaconcursos.com.br\/blog\/concursos-abertos\/\" target=\"_blank\" >Confira os concursos p\u00fablicos abertos<\/a><\/p>\n\n\n\n<p class=\"has-text-align-center has-white-color has-pale-cyan-blue-background-color has-text-color has-background has-link-color wp-elements-94f2aad2f2b05ea3152ac5320a17d121\"><a href=\"https:\/\/cj.estrategia.com\/portal\/web-stories\/\" target=\"_blank\" >Concursos 2024<\/a><\/p>\n","protected":false},"excerpt":{"rendered":"Ol\u00e1, pessoal. Aqui \u00e9 o professor Allan Joos e hoje, no nosso artigo, vamos tratar de um projeto&hellip;\n","protected":false},"author":62,"featured_media":80749,"comment_status":"open","ping_status":"open","sticky":false,"template":"","format":"standard","meta":{"_jetpack_memberships_contains_paid_content":false,"footnotes":""},"categories":[1],"tags":[1214,844,456,1211,1207,507,1213,578,1209,1212,812,1206,1208,1215,1023],"tax_estado":[30,31,32,33,34,35,36,37,38,39,40,41,42,43,44,45,46,47,48,49,50,51,52,53,54,55,56,57],"class_list":{"0":"post-80745","1":"post","2":"type-post","3":"status-publish","4":"format-standard","5":"has-post-thumbnail","7":"category-carreiras-juridicas","8":"tag-adc-41","9":"tag-ado-26","10":"tag-concurso-publico","11":"tag-convencao-americana-sobre-direitos-humanos","12":"tag-cotas-para-pessoas-trans","13":"tag-dignidade-da-pessoa-humana","14":"tag-direito-a-igualdade-e-a-nao-discriminacao","15":"tag-direitos-humanos","16":"tag-igualdade-material","17":"tag-pacto-internacional-sobre-direitos-civis-e-politicos","18":"tag-pessoa-transgenero","19":"tag-pl-n-3-914-2024","20":"tag-politica-afirmativa","21":"tag-resolucao-csdpu-n-222","22":"tag-transgenero","23":"tax_estado-ac","24":"tax_estado-al","25":"tax_estado-am","26":"tax_estado-ap","27":"tax_estado-ba","28":"tax_estado-ce","29":"tax_estado-concursos-federais","30":"tax_estado-df","31":"tax_estado-es","32":"tax_estado-go","33":"tax_estado-ma","34":"tax_estado-mg","35":"tax_estado-ms","36":"tax_estado-mt","37":"tax_estado-pa","38":"tax_estado-pb","39":"tax_estado-pe","40":"tax_estado-pi","41":"tax_estado-pr","42":"tax_estado-rj","43":"tax_estado-rn","44":"tax_estado-ro","45":"tax_estado-rr","46":"tax_estado-rs","47":"tax_estado-sc","48":"tax_estado-se","49":"tax_estado-sp","50":"tax_estado-to"},"acf":[],"yoast_head":"<!-- This site is optimized with the Yoast SEO Premium plugin v27.4 (Yoast SEO v27.4) - https:\/\/yoast.com\/product\/yoast-seo-premium-wordpress\/ -->\n<title>Transg\u00eanero em concurso p\u00fablico: projeto de lei visa proibir cotas<\/title>\n<meta name=\"description\" content=\"Um PL pretende vedar a reserva de vagas para pessoas transg\u00eanero em concursos p\u00fablicos e institui\u00e7\u00f5es de ensino em todas as esferas.\" \/>\n<meta name=\"robots\" content=\"index, follow, max-snippet:-1, max-image-preview:large, max-video-preview:-1\" \/>\n<link rel=\"canonical\" href=\"https:\/\/cj.estrategia.com\/portal\/projeto-lei-proibir-cotas-transgenero\/\" \/>\n<meta property=\"og:locale\" content=\"pt_BR\" \/>\n<meta property=\"og:type\" content=\"article\" \/>\n<meta property=\"og:title\" content=\"Projeto de Lei visa proibir cotas para pessoas transg\u00eanero em concursos p\u00fablicos\" \/>\n<meta property=\"og:description\" content=\"Um PL pretende vedar a reserva de vagas para pessoas transg\u00eanero em concursos p\u00fablicos e institui\u00e7\u00f5es de ensino em todas as esferas.\" \/>\n<meta property=\"og:url\" content=\"https:\/\/cj.estrategia.com\/portal\/projeto-lei-proibir-cotas-transgenero\/\" \/>\n<meta property=\"og:site_name\" content=\"Blog - Carreiras Jur\u00eddicas - Estrat\u00e9gia\" \/>\n<meta property=\"article:publisher\" content=\"https:\/\/www.facebook.com\/estrategiacarreirajuridica\/\" \/>\n<meta property=\"article:published_time\" content=\"2024-10-17T18:21:50+00:00\" \/>\n<meta property=\"article:modified_time\" content=\"2024-10-17T18:21:57+00:00\" \/>\n<meta property=\"og:image\" content=\"https:\/\/cj.estrategia.com\/portal\/wp-content\/uploads\/2024\/10\/17140248\/trans-pessoas-cota-concurso-direitos.png\" \/>\n\t<meta property=\"og:image:width\" content=\"768\" \/>\n\t<meta property=\"og:image:height\" content=\"503\" \/>\n\t<meta property=\"og:image:type\" content=\"image\/png\" \/>\n<meta name=\"author\" content=\"Allan Joos\" \/>\n<meta name=\"twitter:card\" content=\"summary_large_image\" \/>\n<meta name=\"twitter:creator\" content=\"@EstratJuridica\" \/>\n<meta name=\"twitter:site\" content=\"@EstratJuridica\" \/>\n<meta name=\"twitter:label1\" content=\"Escrito por\" \/>\n\t<meta name=\"twitter:data1\" content=\"Allan Joos\" \/>\n\t<meta name=\"twitter:label2\" content=\"Est. tempo de leitura\" \/>\n\t<meta name=\"twitter:data2\" content=\"8 minutos\" \/>\n<script type=\"application\/ld+json\" class=\"yoast-schema-graph\">{\"@context\":\"https:\\\/\\\/schema.org\",\"@graph\":[{\"@type\":\"NewsArticle\",\"@id\":\"https:\\\/\\\/cj.estrategia.com\\\/portal\\\/projeto-lei-proibir-cotas-transgenero\\\/#article\",\"isPartOf\":{\"@id\":\"https:\\\/\\\/cj.estrategia.com\\\/portal\\\/projeto-lei-proibir-cotas-transgenero\\\/\"},\"author\":{\"name\":\"Allan Joos\",\"@id\":\"https:\\\/\\\/cj.estrategia.com\\\/portal\\\/#\\\/schema\\\/person\\\/c48648992c53b73c046825760c50c2f0\"},\"headline\":\"Projeto de Lei visa proibir cotas para pessoas transg\u00eanero em concursos p\u00fablicos\",\"datePublished\":\"2024-10-17T18:21:50+00:00\",\"dateModified\":\"2024-10-17T18:21:57+00:00\",\"mainEntityOfPage\":{\"@id\":\"https:\\\/\\\/cj.estrategia.com\\\/portal\\\/projeto-lei-proibir-cotas-transgenero\\\/\"},\"wordCount\":1416,\"commentCount\":0,\"publisher\":{\"@id\":\"https:\\\/\\\/cj.estrategia.com\\\/portal\\\/#organization\"},\"image\":{\"@id\":\"https:\\\/\\\/cj.estrategia.com\\\/portal\\\/projeto-lei-proibir-cotas-transgenero\\\/#primaryimage\"},\"thumbnailUrl\":\"https:\\\/\\\/cj.estrategia.com\\\/portal\\\/wp-content\\\/uploads\\\/2024\\\/10\\\/17140248\\\/trans-pessoas-cota-concurso-direitos.png\",\"keywords\":[\"ADC 41\",\"ADO 26\",\"concurso p\u00fablico\",\"Conven\u00e7\u00e3o Americana sobre Direitos Humanos\",\"cotas para pessoas trans\",\"dignidade da pessoa humana\",\"direito \u00e0 igualdade e \u00e0 n\u00e3o discrimina\u00e7\u00e3o\",\"direitos humanos\",\"igualdade material\",\"Pacto Internacional sobre Direitos Civis e Pol\u00edticos\",\"pessoa transg\u00eanero\",\"PL n\u00b0 3.914\\\/2024\",\"pol\u00edtica afirmativa\",\"Resolu\u00e7\u00e3o CSDPU n\u00b0 222\",\"transg\u00eanero\"],\"articleSection\":[\"Carreiras Jur\u00eddicas\"],\"inLanguage\":\"pt-BR\",\"potentialAction\":[{\"@type\":\"CommentAction\",\"name\":\"Comment\",\"target\":[\"https:\\\/\\\/cj.estrategia.com\\\/portal\\\/projeto-lei-proibir-cotas-transgenero\\\/#respond\"]}]},{\"@type\":\"WebPage\",\"@id\":\"https:\\\/\\\/cj.estrategia.com\\\/portal\\\/projeto-lei-proibir-cotas-transgenero\\\/\",\"url\":\"https:\\\/\\\/cj.estrategia.com\\\/portal\\\/projeto-lei-proibir-cotas-transgenero\\\/\",\"name\":\"Transg\u00eanero em concurso p\u00fablico: projeto de lei visa proibir cotas\",\"isPartOf\":{\"@id\":\"https:\\\/\\\/cj.estrategia.com\\\/portal\\\/#website\"},\"primaryImageOfPage\":{\"@id\":\"https:\\\/\\\/cj.estrategia.com\\\/portal\\\/projeto-lei-proibir-cotas-transgenero\\\/#primaryimage\"},\"image\":{\"@id\":\"https:\\\/\\\/cj.estrategia.com\\\/portal\\\/projeto-lei-proibir-cotas-transgenero\\\/#primaryimage\"},\"thumbnailUrl\":\"https:\\\/\\\/cj.estrategia.com\\\/portal\\\/wp-content\\\/uploads\\\/2024\\\/10\\\/17140248\\\/trans-pessoas-cota-concurso-direitos.png\",\"datePublished\":\"2024-10-17T18:21:50+00:00\",\"dateModified\":\"2024-10-17T18:21:57+00:00\",\"description\":\"Um PL pretende vedar a reserva de vagas para pessoas transg\u00eanero em concursos p\u00fablicos e institui\u00e7\u00f5es de ensino em todas as esferas.\",\"breadcrumb\":{\"@id\":\"https:\\\/\\\/cj.estrategia.com\\\/portal\\\/projeto-lei-proibir-cotas-transgenero\\\/#breadcrumb\"},\"inLanguage\":\"pt-BR\",\"potentialAction\":[{\"@type\":\"ReadAction\",\"target\":[\"https:\\\/\\\/cj.estrategia.com\\\/portal\\\/projeto-lei-proibir-cotas-transgenero\\\/\"]}]},{\"@type\":\"ImageObject\",\"inLanguage\":\"pt-BR\",\"@id\":\"https:\\\/\\\/cj.estrategia.com\\\/portal\\\/projeto-lei-proibir-cotas-transgenero\\\/#primaryimage\",\"url\":\"https:\\\/\\\/cj.estrategia.com\\\/portal\\\/wp-content\\\/uploads\\\/2024\\\/10\\\/17140248\\\/trans-pessoas-cota-concurso-direitos.png\",\"contentUrl\":\"https:\\\/\\\/cj.estrategia.com\\\/portal\\\/wp-content\\\/uploads\\\/2024\\\/10\\\/17140248\\\/trans-pessoas-cota-concurso-direitos.png\",\"width\":768,\"height\":503},{\"@type\":\"BreadcrumbList\",\"@id\":\"https:\\\/\\\/cj.estrategia.com\\\/portal\\\/projeto-lei-proibir-cotas-transgenero\\\/#breadcrumb\",\"itemListElement\":[{\"@type\":\"ListItem\",\"position\":1,\"name\":\"In\u00edcio\",\"item\":\"https:\\\/\\\/cj.estrategia.com\\\/portal\\\/\"},{\"@type\":\"ListItem\",\"position\":2,\"name\":\"Projeto de Lei visa proibir cotas para pessoas transg\u00eanero em concursos p\u00fablicos\"}]},{\"@type\":\"WebSite\",\"@id\":\"https:\\\/\\\/cj.estrategia.com\\\/portal\\\/#website\",\"url\":\"https:\\\/\\\/cj.estrategia.com\\\/portal\\\/\",\"name\":\"Blog - Carreiras Jur\u00eddicas - Estrat\u00e9gia\",\"description\":\"\",\"publisher\":{\"@id\":\"https:\\\/\\\/cj.estrategia.com\\\/portal\\\/#organization\"},\"potentialAction\":[{\"@type\":\"SearchAction\",\"target\":{\"@type\":\"EntryPoint\",\"urlTemplate\":\"https:\\\/\\\/cj.estrategia.com\\\/portal\\\/?s={search_term_string}\"},\"query-input\":{\"@type\":\"PropertyValueSpecification\",\"valueRequired\":true,\"valueName\":\"search_term_string\"}}],\"inLanguage\":\"pt-BR\"},{\"@type\":\"Organization\",\"@id\":\"https:\\\/\\\/cj.estrategia.com\\\/portal\\\/#organization\",\"name\":\"Estrat\u00e9gia - Carreiras Jur\u00eddicas\",\"url\":\"https:\\\/\\\/cj.estrategia.com\\\/portal\\\/\",\"logo\":{\"@type\":\"ImageObject\",\"inLanguage\":\"pt-BR\",\"@id\":\"https:\\\/\\\/cj.estrategia.com\\\/portal\\\/#\\\/schema\\\/logo\\\/image\\\/\",\"url\":\"https:\\\/\\\/cj.estrategia.com\\\/portal\\\/wp-content\\\/uploads\\\/2022\\\/03\\\/11151052\\\/cj-logo.png\",\"contentUrl\":\"https:\\\/\\\/cj.estrategia.com\\\/portal\\\/wp-content\\\/uploads\\\/2022\\\/03\\\/11151052\\\/cj-logo.png\",\"width\":150,\"height\":39,\"caption\":\"Estrat\u00e9gia - Carreiras Jur\u00eddicas\"},\"image\":{\"@id\":\"https:\\\/\\\/cj.estrategia.com\\\/portal\\\/#\\\/schema\\\/logo\\\/image\\\/\"},\"sameAs\":[\"https:\\\/\\\/www.facebook.com\\\/estrategiacarreirajuridica\\\/\",\"https:\\\/\\\/x.com\\\/EstratJuridica\",\"https:\\\/\\\/www.instagram.com\\\/estrategiacarreirajuridica\\\/\",\"https:\\\/\\\/www.youtube.com\\\/channel\\\/UClbMGuYbj2Mh1m3w144ETWQ\"]},{\"@type\":\"Person\",\"@id\":\"https:\\\/\\\/cj.estrategia.com\\\/portal\\\/#\\\/schema\\\/person\\\/c48648992c53b73c046825760c50c2f0\",\"name\":\"Allan Joos\",\"image\":{\"@type\":\"ImageObject\",\"inLanguage\":\"pt-BR\",\"@id\":\"https:\\\/\\\/secure.gravatar.com\\\/avatar\\\/1b8f33b5c8b83dae3a0e569e23f1e6d1898a7771af6690410413809652612016?s=96&d=mm&r=g\",\"url\":\"https:\\\/\\\/secure.gravatar.com\\\/avatar\\\/1b8f33b5c8b83dae3a0e569e23f1e6d1898a7771af6690410413809652612016?s=96&d=mm&r=g\",\"contentUrl\":\"https:\\\/\\\/secure.gravatar.com\\\/avatar\\\/1b8f33b5c8b83dae3a0e569e23f1e6d1898a7771af6690410413809652612016?s=96&d=mm&r=g\",\"caption\":\"Allan Joos\"},\"url\":\"https:\\\/\\\/cj.estrategia.com\\\/portal\\\/author\\\/allan-joos\\\/\"}]}<\/script>\n<!-- \/ Yoast SEO Premium plugin. -->","yoast_head_json":{"title":"Transg\u00eanero em concurso p\u00fablico: projeto de lei visa proibir cotas","description":"Um PL pretende vedar a reserva de vagas para pessoas transg\u00eanero em concursos p\u00fablicos e institui\u00e7\u00f5es de ensino em todas as esferas.","robots":{"index":"index","follow":"follow","max-snippet":"max-snippet:-1","max-image-preview":"max-image-preview:large","max-video-preview":"max-video-preview:-1"},"canonical":"https:\/\/cj.estrategia.com\/portal\/projeto-lei-proibir-cotas-transgenero\/","og_locale":"pt_BR","og_type":"article","og_title":"Projeto de Lei visa proibir cotas para pessoas transg\u00eanero em concursos p\u00fablicos","og_description":"Um PL pretende vedar a reserva de vagas para pessoas transg\u00eanero em concursos p\u00fablicos e institui\u00e7\u00f5es de ensino em todas as esferas.","og_url":"https:\/\/cj.estrategia.com\/portal\/projeto-lei-proibir-cotas-transgenero\/","og_site_name":"Blog - Carreiras Jur\u00eddicas - Estrat\u00e9gia","article_publisher":"https:\/\/www.facebook.com\/estrategiacarreirajuridica\/","article_published_time":"2024-10-17T18:21:50+00:00","article_modified_time":"2024-10-17T18:21:57+00:00","og_image":[{"width":768,"height":503,"url":"https:\/\/cj.estrategia.com\/portal\/wp-content\/uploads\/2024\/10\/17140248\/trans-pessoas-cota-concurso-direitos.png","type":"image\/png"}],"author":"Allan Joos","twitter_card":"summary_large_image","twitter_creator":"@EstratJuridica","twitter_site":"@EstratJuridica","twitter_misc":{"Escrito por":"Allan Joos","Est. tempo de leitura":"8 minutos"},"schema":{"@context":"https:\/\/schema.org","@graph":[{"@type":"NewsArticle","@id":"https:\/\/cj.estrategia.com\/portal\/projeto-lei-proibir-cotas-transgenero\/#article","isPartOf":{"@id":"https:\/\/cj.estrategia.com\/portal\/projeto-lei-proibir-cotas-transgenero\/"},"author":{"name":"Allan Joos","@id":"https:\/\/cj.estrategia.com\/portal\/#\/schema\/person\/c48648992c53b73c046825760c50c2f0"},"headline":"Projeto de Lei visa proibir cotas para pessoas transg\u00eanero em concursos p\u00fablicos","datePublished":"2024-10-17T18:21:50+00:00","dateModified":"2024-10-17T18:21:57+00:00","mainEntityOfPage":{"@id":"https:\/\/cj.estrategia.com\/portal\/projeto-lei-proibir-cotas-transgenero\/"},"wordCount":1416,"commentCount":0,"publisher":{"@id":"https:\/\/cj.estrategia.com\/portal\/#organization"},"image":{"@id":"https:\/\/cj.estrategia.com\/portal\/projeto-lei-proibir-cotas-transgenero\/#primaryimage"},"thumbnailUrl":"https:\/\/cj.estrategia.com\/portal\/wp-content\/uploads\/2024\/10\/17140248\/trans-pessoas-cota-concurso-direitos.png","keywords":["ADC 41","ADO 26","concurso p\u00fablico","Conven\u00e7\u00e3o Americana sobre Direitos Humanos","cotas para pessoas trans","dignidade da pessoa humana","direito \u00e0 igualdade e \u00e0 n\u00e3o discrimina\u00e7\u00e3o","direitos humanos","igualdade material","Pacto Internacional sobre Direitos Civis e Pol\u00edticos","pessoa transg\u00eanero","PL n\u00b0 3.914\/2024","pol\u00edtica afirmativa","Resolu\u00e7\u00e3o CSDPU n\u00b0 222","transg\u00eanero"],"articleSection":["Carreiras Jur\u00eddicas"],"inLanguage":"pt-BR","potentialAction":[{"@type":"CommentAction","name":"Comment","target":["https:\/\/cj.estrategia.com\/portal\/projeto-lei-proibir-cotas-transgenero\/#respond"]}]},{"@type":"WebPage","@id":"https:\/\/cj.estrategia.com\/portal\/projeto-lei-proibir-cotas-transgenero\/","url":"https:\/\/cj.estrategia.com\/portal\/projeto-lei-proibir-cotas-transgenero\/","name":"Transg\u00eanero em concurso p\u00fablico: projeto de lei visa proibir cotas","isPartOf":{"@id":"https:\/\/cj.estrategia.com\/portal\/#website"},"primaryImageOfPage":{"@id":"https:\/\/cj.estrategia.com\/portal\/projeto-lei-proibir-cotas-transgenero\/#primaryimage"},"image":{"@id":"https:\/\/cj.estrategia.com\/portal\/projeto-lei-proibir-cotas-transgenero\/#primaryimage"},"thumbnailUrl":"https:\/\/cj.estrategia.com\/portal\/wp-content\/uploads\/2024\/10\/17140248\/trans-pessoas-cota-concurso-direitos.png","datePublished":"2024-10-17T18:21:50+00:00","dateModified":"2024-10-17T18:21:57+00:00","description":"Um PL pretende vedar a reserva de vagas para pessoas transg\u00eanero em concursos p\u00fablicos e institui\u00e7\u00f5es de ensino em todas as esferas.","breadcrumb":{"@id":"https:\/\/cj.estrategia.com\/portal\/projeto-lei-proibir-cotas-transgenero\/#breadcrumb"},"inLanguage":"pt-BR","potentialAction":[{"@type":"ReadAction","target":["https:\/\/cj.estrategia.com\/portal\/projeto-lei-proibir-cotas-transgenero\/"]}]},{"@type":"ImageObject","inLanguage":"pt-BR","@id":"https:\/\/cj.estrategia.com\/portal\/projeto-lei-proibir-cotas-transgenero\/#primaryimage","url":"https:\/\/cj.estrategia.com\/portal\/wp-content\/uploads\/2024\/10\/17140248\/trans-pessoas-cota-concurso-direitos.png","contentUrl":"https:\/\/cj.estrategia.com\/portal\/wp-content\/uploads\/2024\/10\/17140248\/trans-pessoas-cota-concurso-direitos.png","width":768,"height":503},{"@type":"BreadcrumbList","@id":"https:\/\/cj.estrategia.com\/portal\/projeto-lei-proibir-cotas-transgenero\/#breadcrumb","itemListElement":[{"@type":"ListItem","position":1,"name":"In\u00edcio","item":"https:\/\/cj.estrategia.com\/portal\/"},{"@type":"ListItem","position":2,"name":"Projeto de Lei visa proibir cotas para pessoas transg\u00eanero em concursos p\u00fablicos"}]},{"@type":"WebSite","@id":"https:\/\/cj.estrategia.com\/portal\/#website","url":"https:\/\/cj.estrategia.com\/portal\/","name":"Blog - Carreiras Jur\u00eddicas - Estrat\u00e9gia","description":"","publisher":{"@id":"https:\/\/cj.estrategia.com\/portal\/#organization"},"potentialAction":[{"@type":"SearchAction","target":{"@type":"EntryPoint","urlTemplate":"https:\/\/cj.estrategia.com\/portal\/?s={search_term_string}"},"query-input":{"@type":"PropertyValueSpecification","valueRequired":true,"valueName":"search_term_string"}}],"inLanguage":"pt-BR"},{"@type":"Organization","@id":"https:\/\/cj.estrategia.com\/portal\/#organization","name":"Estrat\u00e9gia - Carreiras Jur\u00eddicas","url":"https:\/\/cj.estrategia.com\/portal\/","logo":{"@type":"ImageObject","inLanguage":"pt-BR","@id":"https:\/\/cj.estrategia.com\/portal\/#\/schema\/logo\/image\/","url":"https:\/\/cj.estrategia.com\/portal\/wp-content\/uploads\/2022\/03\/11151052\/cj-logo.png","contentUrl":"https:\/\/cj.estrategia.com\/portal\/wp-content\/uploads\/2022\/03\/11151052\/cj-logo.png","width":150,"height":39,"caption":"Estrat\u00e9gia - Carreiras Jur\u00eddicas"},"image":{"@id":"https:\/\/cj.estrategia.com\/portal\/#\/schema\/logo\/image\/"},"sameAs":["https:\/\/www.facebook.com\/estrategiacarreirajuridica\/","https:\/\/x.com\/EstratJuridica","https:\/\/www.instagram.com\/estrategiacarreirajuridica\/","https:\/\/www.youtube.com\/channel\/UClbMGuYbj2Mh1m3w144ETWQ"]},{"@type":"Person","@id":"https:\/\/cj.estrategia.com\/portal\/#\/schema\/person\/c48648992c53b73c046825760c50c2f0","name":"Allan Joos","image":{"@type":"ImageObject","inLanguage":"pt-BR","@id":"https:\/\/secure.gravatar.com\/avatar\/1b8f33b5c8b83dae3a0e569e23f1e6d1898a7771af6690410413809652612016?s=96&d=mm&r=g","url":"https:\/\/secure.gravatar.com\/avatar\/1b8f33b5c8b83dae3a0e569e23f1e6d1898a7771af6690410413809652612016?s=96&d=mm&r=g","contentUrl":"https:\/\/secure.gravatar.com\/avatar\/1b8f33b5c8b83dae3a0e569e23f1e6d1898a7771af6690410413809652612016?s=96&d=mm&r=g","caption":"Allan Joos"},"url":"https:\/\/cj.estrategia.com\/portal\/author\/allan-joos\/"}]}},"jetpack_featured_media_url":"https:\/\/cj.estrategia.com\/portal\/wp-content\/uploads\/2024\/10\/17140248\/trans-pessoas-cota-concurso-direitos.png","jetpack_sharing_enabled":true,"_links":{"self":[{"href":"https:\/\/cj.estrategia.com\/portal\/wp-json\/wp\/v2\/posts\/80745","targetHints":{"allow":["GET"]}}],"collection":[{"href":"https:\/\/cj.estrategia.com\/portal\/wp-json\/wp\/v2\/posts"}],"about":[{"href":"https:\/\/cj.estrategia.com\/portal\/wp-json\/wp\/v2\/types\/post"}],"author":[{"embeddable":true,"href":"https:\/\/cj.estrategia.com\/portal\/wp-json\/wp\/v2\/users\/62"}],"replies":[{"embeddable":true,"href":"https:\/\/cj.estrategia.com\/portal\/wp-json\/wp\/v2\/comments?post=80745"}],"version-history":[{"count":3,"href":"https:\/\/cj.estrategia.com\/portal\/wp-json\/wp\/v2\/posts\/80745\/revisions"}],"predecessor-version":[{"id":80768,"href":"https:\/\/cj.estrategia.com\/portal\/wp-json\/wp\/v2\/posts\/80745\/revisions\/80768"}],"wp:featuredmedia":[{"embeddable":true,"href":"https:\/\/cj.estrategia.com\/portal\/wp-json\/wp\/v2\/media\/80749"}],"wp:attachment":[{"href":"https:\/\/cj.estrategia.com\/portal\/wp-json\/wp\/v2\/media?parent=80745"}],"wp:term":[{"taxonomy":"category","embeddable":true,"href":"https:\/\/cj.estrategia.com\/portal\/wp-json\/wp\/v2\/categories?post=80745"},{"taxonomy":"post_tag","embeddable":true,"href":"https:\/\/cj.estrategia.com\/portal\/wp-json\/wp\/v2\/tags?post=80745"},{"taxonomy":"tax_estado","embeddable":true,"href":"https:\/\/cj.estrategia.com\/portal\/wp-json\/wp\/v2\/tax_estado?post=80745"}],"curies":[{"name":"wp","href":"https:\/\/api.w.org\/{rel}","templated":true}]}}