{"id":80659,"date":"2024-10-16T20:58:17","date_gmt":"2024-10-16T23:58:17","guid":{"rendered":"https:\/\/cj.estrategia.com\/portal\/?p=80659"},"modified":"2024-10-31T14:05:57","modified_gmt":"2024-10-31T17:05:57","slug":"cnj-pena-disponibilidade-temporaria-desembargador","status":"publish","type":"post","link":"https:\/\/cj.estrategia.com\/portal\/cnj-pena-disponibilidade-temporaria-desembargador\/","title":{"rendered":"CNJ aplica pena de \u201cdisponibilidade tempor\u00e1ria\u201d a Desembargador"},"content":{"rendered":"\n<p>De in\u00edcio, esse texto se pauta a fazer uma an\u00e1lise jur\u00eddica do processo disciplinar <strong>apenas<\/strong>, sem qualquer ju\u00edzo de valor.<\/p>\n\n\n\n<p>Isto porque, o Conselho Nacional de Justi\u00e7a (CNJ) recentemente proferiu uma decis\u00e3o que marca um ponto de inflex\u00e3o na jurisprud\u00eancia disciplinar aplic\u00e1vel aos magistrados brasileiros.<\/p>\n\n\n\n<p>Ao julgar o Processo Administrativo Disciplinar (PAD) n\u00ba 0007698-52.2021.2.00.0000, o Conselho n\u00e3o apenas reconheceu a gravidade da conduta de um desembargador do Tribunal Regional do Trabalho da 12\u00aa Regi\u00e3o (TRT-12), mas tamb\u00e9m inovou na aplica\u00e7\u00e3o da pena. Isso porque optou-se pela <strong><mark style=\"background-color:rgba(0, 0, 0, 0)\" class=\"has-inline-color has-vivid-cyan-blue-color\">disponibilidade com vencimentos proporcionais ao tempo de servi\u00e7o pelo prazo de 60 dias<\/mark><\/strong>.<\/p>\n\n\n\n<p>Esta decis\u00e3o, longe de ser uma mera aplica\u00e7\u00e3o rotineira das san\u00e7\u00f5es previstas na Lei Org\u00e2nica da Magistratura Nacional (<strong>LOMAN<\/strong>), representa uma evolu\u00e7\u00e3o significativa na forma como o \u00f3rg\u00e3o de controle lida com infra\u00e7\u00f5es disciplinares cometidas por membros do Judici\u00e1rio, especialmente aqueles que ocupam cargos nos tribunais de segundo grau.<\/p>\n\n\n\n<p>Nessa linha, vamos explicitar o voto da Cons. Renata Gil de Alcantara Videira do CNJ.<\/p>\n\n\n\n<h2 class=\"wp-block-heading\" id=\"h-contexto\"><span id=\"contexto\">Contexto <\/span><\/h2>\n\n\n\n<p>O caso que deu origem a esta decis\u00e3o paradigm\u00e1tica ocorreu em 29 de julho de 2020, durante uma sess\u00e3o virtual da 3\u00aa C\u00e2mara do TRT-12.<\/p>\n\n\n\n<p>Em um momento de aparente descuido, o Desembargador em quest\u00e3o proferiu uma frase profundamente ofensiva direcionada a uma advogada:<\/p>\n\n\n\n<pre class=\"wp-block-verse\"><strong>\"isso, faz essa carinha de filha da puta que voc\u00ea j\u00e1 vai ver\".<\/strong><\/pre>\n\n\n\n<p><strong><a href=\"https:\/\/www.migalhas.com.br\/quentes\/417470\/carinha-de-filha-da-puta--cnj-pune-desembargador-que-xingou-advogada\" target=\"_blank\" ><mark style=\"background-color:#8ed1fc\" class=\"has-inline-color\">Desembargador Jos\u00e9 Ernesto Manzi foi punido com afastamento de dois meses pela ofensa proferida \u00e0 advogada Roberta Neves durante audi\u00eancia virtual em 2020.<\/mark><\/a><\/strong><\/p>\n\n\n\n<p>O coment\u00e1rio, inadvertidamente captado pelo microfone aberto, n\u00e3o apenas chocou os presentes na sess\u00e3o virtual, mas tamb\u00e9m gerou ondas de indigna\u00e7\u00e3o na comunidade jur\u00eddica ao ser amplamente divulgado.<\/p>\n\n\n\n<p>Nessa linha, o caso teve grande repercuss\u00e3o na defesa de g\u00eanero e das prerrogativas da caus\u00eddica, vinculada \u00e0 OAB\/SC. A ordem catarinense realizou, naquele ano, ato de desagravo e cobrou explica\u00e7\u00f5es do magistrado.<\/p>\n\n\n\n<h3 class=\"wp-block-heading\" id=\"h-nota-da-oab-sc-acat-sc-e-iasc\"><span id=\"nota-da-oab-sc-acat-sc-e-iasc\">Nota da OAB-SC, ACAT-SC e IASC:<\/span><\/h3>\n\n\n\n<blockquote class=\"wp-block-quote is-layout-flow wp-block-quote-is-layout-flow\">\n<p><\/p>\n<cite>A Ordem dos Advogados do Brasil, por meio da Seccional de Santa Catarina e de suas Comiss\u00f5es de Direito do Trabalho, de Direito Sindical, e da Subse\u00e7\u00e3o de Joinville, juntamente com o Instituto dos Advogados de Santa Catarina \u2013 IASC e a Associa\u00e7\u00e3o Catarinense dos Advogados Trabalhistas \u2013 ACAT\/SC, emitem a presente NOTA CONJUNTA DE REP\u00daDIO, por conta do ocorrido na sess\u00e3o virtual de julgamento da 3\u00aa C\u00e2mara do TRT da 12\u00aa Regi\u00e3o, do dia 29\/07\/2020,&nbsp;<a href=\"https:\/\/www.youtube.com\/watch?v=34PinyyVo2c&amp;feature=youtu.be\" target=\"_blank\" ><strong><u><strong>dispon\u00edvel neste link,<\/strong><\/u><\/strong><\/a>&nbsp;em que o desembargador presidente da Sess\u00e3o, em meio ao julgamento de recurso, proferiu palavras de baixo cal\u00e3o durante a sustenta\u00e7\u00e3o oral realizada pela advogada de uma das partes.<br><br>Trata-se de conduta inapropriada, que viola o dever de urbanidade do magistrado, previsto no art. 35, IV, da LOMAN (Lei Complementar 35\/79), e o par\u00e1grafo \u00fanico do art. 6\u00ba do Estatuto da Advocacia e a Ordem dos Advogados do Brasil (Lei 8906\/94).<br><br>As institui\u00e7\u00f5es que em conjunto firmam a presente nota repudiam esta conduta, por atentar contra a atua\u00e7\u00e3o da advocacia e violar suas prerrogativas, expondo a classe e a magistratura ao vexame p\u00fablico.<br><br>As entidades signat\u00e1rias solidarizam-se com a advogada Roberta Martins Marinho Vianna Neves e tomar\u00e3o as medidas cab\u00edveis em rela\u00e7\u00e3o ao incidente que, veiculado nas redes sociais, repercutiu negativamente perante a comunidade jur\u00eddica e toda a sociedade. A OAB\/SC j\u00e1 oficiou o magistrado para que este se pronuncie sobre o ocorrido.<\/cite><\/blockquote>\n\n\n\n<h3 class=\"wp-block-heading\" id=\"h-nota-do-desembargador-que-proferiu-as-palavras\"><span id=\"nota-do-desembargador-que-proferiu-as-palavras\">Nota do Desembargador que proferiu as palavras:<\/span><\/h3>\n\n\n\n<blockquote class=\"wp-block-quote is-layout-flow wp-block-quote-is-layout-flow\">\n<p><\/p>\n<cite>Sobre os acontecimentos de ontem, na Sess\u00e3o da 3\u00aa C\u00e2mara do TRT-SC, sob a minha Presid\u00eancia, por dever de respeito \u00e0 Institui\u00e7\u00e3o, aos Colegas Magistrados, aos Advogados, Servidores e assistentes, dou as seguintes explica\u00e7\u00f5es:<br><br>a) Sou extremamente respeitoso com os advogados nas sess\u00f5es, inclusive utilizando o pronome Vossa Excel\u00eancia, quando me refiro a eles, ainda que por vezes tratado como Vossa Senhoria. N\u00e3o fa\u00e7o distin\u00e7\u00e3o alguma entre os patronos, nem considero isso apropriado a qualquer magistrado, por isso me mantenho absolutamente afastado, para poder julgar. Se tenho qualquer quest\u00e3o, simpatia ou antipatia que possa prejudicar minha imparcialidade, afasto-me do processo, voluntariamente.<br><br>b) As sess\u00f5es de julgamento chegam a durar 5 a 6 horas, durante as quais \u00e9 inevit\u00e1vel que respondamos alguma mensagem de WhatsApp, da fam\u00edlia ou de amigos, principalmente durante a leitura do voto do Relator, posto que a \u00edntegra dele j\u00e1 \u00e9 conhecida h\u00e1 v\u00e1rias semanas, nada acrescentando de novo ao nosso conhecimento dos fatos (diferentemente do que ocorre nas sustenta\u00e7\u00f5es orais). Essas respostas no WhatsApp podem se dar tanto de forma escrita, como em mensagem verbal e \u00e9 consabido ser poss\u00edvel que o Google Meet e outros aplicativos sejam utilizados no mesmo computador, monitor e microfone (pelo Web Whatts).<br><br>c) AFIRMO, COM VEEM\u00caNCIA, que n\u00e3o me dirigi a qualquer dos participantes da sess\u00e3o de julgamento, sejam partes, advogados, servidores ou magistrados. Qualquer afirma\u00e7\u00e3o nesse sentido e mais, que considere que, n\u00e3o s\u00f3 falei para os participantes da sess\u00e3o de julgamento, como, ainda, tinha a inten\u00e7\u00e3o de ofender determinada e espec\u00edfica pessoa, \u00e9 fruto de absoluta ila\u00e7\u00e3o, qui\u00e7\u00e1 com o intuito de obter algum proveito processual, pessoal ou de classe.<br><br>d) N\u00e3o sou hip\u00f3crita a ponto de afirmar que, mesmo em minha vida privada, n\u00e3o use, vez ou outra, alguma palavra pouco recomendada, mas \u00e9 pelo mesmo motivo que n\u00e3o ati\u00e7arei fogo a um debate in\u00fatil que sequer seria cogitado, h\u00e1 poucos anos atr\u00e1s, quando a sociedade se preocupava mais com a moral, do que com o moralismo.<br><br>e) Precisamos nos acostumar com os novos tempos e as novas tecnologias que diminuem n\u00e3o s\u00f3 o nosso direito de estar-s\u00f3, como at\u00e9 os deveres que nos eram impostos nessas ocasi\u00f5es, por conta da possibilidade de, inadvertidamente, tornarmos p\u00fablico o que t\u00ednhamos na esfera estritamente privada e mais, pessoal, j\u00e1 que, no momento do fato, me encontrava absolutamente sozinho em minha sala, ainda que mantivesse di\u00e1logo em alguns grupos de WhatsApp, de que participo, inclusive de magistrados e de familiares.<br><br>f) Informo que o dever de urbanidade se destina ao tratamento dado \u00e0s partes, servidores, advogados, colegas ou o p\u00fablico em geral e que, evidentemente, n\u00e3o inclui a possibilidade de, um microfone ligado, captar at\u00e9 um pensamento balbuciado, de uma express\u00e3o menos educada, pronunciada at\u00e9 por quem busca policiar-se nessa quest\u00e3o (e todos os que me conhecem, dos Porteiros do meu pr\u00e9dio, \u00e0 mais alta autoridade com quem j\u00e1 estive, passando por todas as camadas intermedi\u00e1rias) sabe que n\u00e3o fa\u00e7o acep\u00e7\u00e3o de pessoas, embora tenha um humor \u00e1cido para alguns, tratando a todos da mesm\u00edssima maneira que gostaria de ser tratado. De qualquer modo, exceto para os amigos \u00edntimos e em tom jocoso, nunca proferi palavras desse cal\u00e3o, com o intuito ofensivo.<br><br>g) Quanto \u00e0 Nota de Rep\u00fadio da OAB\/SC, nada a declarar. Ela est\u00e1 na defesa de uma advogada (que desconfio seja a do processo em que minha colega votava, sem certeza, apenas pelo momento da coincid\u00eancia) e, o fez, talvez, de forma apressada, sem conhecer todos os lados da quest\u00e3o e, mesmo que os conhecesse, em quest\u00e3o de prerrogativas, dela n\u00e3o se pode exigir sen\u00e3o uma vis\u00e3o unilateral, mais pr\u00f3xima do advogado, do que de magistrado, como ali\u00e1s fazem as Associa\u00e7\u00f5es de Classe da Magistratura, em situa\u00e7\u00f5es an\u00e1logas.<br><br>h) Por fim, nestes tempos em que a liberdade de express\u00e3o \u00e9 admitida apenas como um atributo pr\u00f3prio, mas absolutamente inadmitida como direito alheio, como se fosse poss\u00edvel essa concilia\u00e7\u00e3o, sou obrigado a lembrar que n\u00f3s, ju\u00edzes, apesar de nossa fun\u00e7\u00e3o de julgar, somos seres humanos, pass\u00edveis de erros, interjei\u00e7\u00f5es, ou vermos captadas nossas conversas paralelas, com interpreta\u00e7\u00f5es variadas e infinitas, que as redes sociais propiciam e a mentalidade superficial contempor\u00e2nea incentiva.<br><br>i) Se algu\u00e9m se sentiu ofendido, seguramente n\u00e3o foi o interlocutor a quem me dirigi, em paralelo, no meu \u00e1udio. Qualquer outra pessoa que assim se sinta, o faz sem que qualquer iniciativa minha tenha contribu\u00eddo para tal e, em raz\u00e3o do equ\u00edvoco ora esclarecido.<br><br>Florian\u00f3polis, 30 de julho de 2020.<\/cite><\/blockquote>\n\n\n\n<p>Em 2021, por unanimidade, um PAD foi&nbsp;instaurado&nbsp;no CNJ, contra o desembargador.<\/p>\n\n\n\n<h2 class=\"wp-block-heading\" id=\"h-analise-minuciosa-do-voto-vencedor-da-cons-renata-gil-de-alcantara-videira\"><span id=\"analise-minuciosa-do-voto-vencedor-da-cons-renata-gil-de-alcantara-videira\">An\u00e1lise minuciosa do Voto Vencedor da Cons. Renata Gil de Alcantara Videira<\/span><\/h2>\n\n\n\n<p>Em breve s\u00edntese, este processo buscou apurar a conduta espec\u00edfica do magistrado. Al\u00e9m disso, tornou-se um ponto focal para discuss\u00f5es mais amplas sobre <strong><mark style=\"background-color:rgba(0, 0, 0, 0)\" class=\"has-inline-color has-vivid-cyan-blue-color\">\u00e9tica judicial<\/mark><\/strong>, <strong><mark style=\"background-color:rgba(0, 0, 0, 0)\" class=\"has-inline-color has-vivid-cyan-blue-color\">respeito profissional<\/mark><\/strong> e <strong><mark style=\"background-color:rgba(0, 0, 0, 0)\" class=\"has-inline-color has-vivid-cyan-blue-color\">igualdade de g\u00eanero<\/mark><\/strong> no ambiente jur\u00eddico.<\/p>\n\n\n\n<p>O voto da Conselheira Renata Gil, relatora do ac\u00f3rd\u00e3o, merece uma an\u00e1lise detalhada, tocando em diversos pontos cr\u00edticos que merecem destaque.<\/p>\n\n\n\n<h3 class=\"wp-block-heading\" id=\"h-violacao-de-deveres-funcionais\"><span id=\"violacao-de-deveres-funcionais\">Viola\u00e7\u00e3o de deveres funcionais<\/span><\/h3>\n\n\n\n<p>De in\u00edcio, destacou que houve <span style=\"text-decoration: underline;\">viola\u00e7\u00e3o de deveres funcionais<\/span>:&nbsp;a relatora identificou m\u00faltiplas infra\u00e7\u00f5es aos deveres funcionais do magistrado. Ela referenciou n\u00e3o apenas a LOMAN, mas tamb\u00e9m o C\u00f3digo de \u00c9tica da Magistratura Nacional.<\/p>\n\n\n\n<p>Nessa linha, ao citar especificamente os artigos 35, IV e VIII da LOMAN, que tratam da <strong><mark style=\"background-color:rgba(0, 0, 0, 0)\" class=\"has-inline-color has-vivid-cyan-blue-color\">urbanidade<\/mark><\/strong> e da <strong><mark style=\"background-color:rgba(0, 0, 0, 0)\" class=\"has-inline-color has-vivid-cyan-blue-color\">conduta irrepreens\u00edvel<\/mark><\/strong> na vida p\u00fablica e particular, Gil estabeleceu um par\u00e2metro claro de que o comportamento inadequado de um magistrado, mesmo que moment\u00e2neo, pode ter consequ\u00eancias disciplinares.<\/p>\n\n\n\n<p>Ademais, um aspecto particularmente importante da an\u00e1lise foi a \u00eanfase dada ao contexto em que a ofensa ocorreu. Isto porque, a Conselheira n\u00e3o se limitou a avaliar as palavras proferidas isoladamente, mas considerou o momento preciso em que foram ditas &#8211; <span style=\"text-decoration: underline;\">logo ap\u00f3s a sustenta\u00e7\u00e3o oral da advogada e durante uma discuss\u00e3o sobre litig\u00e2ncia de m\u00e1-f\u00e9<\/span>.&nbsp;<\/p>\n\n\n\n<p>Dessa maneira, esta contextualiza\u00e7\u00e3o \u00e9 crucial para entender a gravidade da conduta, pois demonstra como o coment\u00e1rio poderia ser percebido como uma <span style=\"text-decoration: underline;\">rea\u00e7\u00e3o direta e hostil \u00e0 atua\u00e7\u00e3o profissional da advogada, potencialmente minando sua credibilidade e autoridade perante o tribunal<\/span>.<\/p>\n\n\n\n<p>De outro lado, o voto trouxe a inclus\u00e3o de uma <span style=\"text-decoration: underline;\">an\u00e1lise sob a perspectiva de g\u00eanero<\/span>. Isto porque, ao caracterizar o coment\u00e1rio como <span style=\"text-decoration: underline;\">mis\u00f3gino<\/span>, Gil reconheceu o impacto imediato sobre a advogada em quest\u00e3o. Al\u00e9m disso, ela tamb\u00e9m considerou as implica\u00e7\u00f5es mais amplas para as mulheres no campo jur\u00eddico.<\/p>\n\n\n\n<p>Um outro vi\u00e9s utilizado foi a aplica\u00e7\u00e3o do conceito do &#8220;<strong><u><strong>observador razo\u00e1vel<\/strong><\/u><\/strong>&#8220;, amplamente utilizado em jurisdi\u00e7\u00f5es internacionais, que serve como um padr\u00e3o objetivo para avaliar a percep\u00e7\u00e3o p\u00fablica de condutas judiciais.<\/p>\n\n\n\n<h3 class=\"wp-block-heading\" id=\"h-integridade-e-imparcialidade\"><span id=\"integridade-e-imparcialidade\">Integridade e imparcialidade<\/span><\/h3>\n\n\n\n<div class=\"wp-block-media-text is-stacked-on-mobile\"><figure class=\"wp-block-media-text__media\"><img decoding=\"async\" width=\"1024\" height=\"683\" src=\"https:\/\/cj.estrategia.com\/portal\/wp-content\/uploads\/2024\/08\/31142411\/juiza-julgamento-tribunal-magistrada-1024x683.jpg\" alt=\"Disponibilidade tempor\u00e1ria para desembargador\" class=\"wp-image-74392 size-full\" srcset=\"https:\/\/cj.estrategia.com\/portal\/wp-content\/uploads\/2024\/08\/31142411\/juiza-julgamento-tribunal-magistrada-1024x683.jpg 1024w, https:\/\/cj.estrategia.com\/portal\/wp-content\/uploads\/2024\/08\/31142411\/juiza-julgamento-tribunal-magistrada-300x200.jpg 300w, https:\/\/cj.estrategia.com\/portal\/wp-content\/uploads\/2024\/08\/31142411\/juiza-julgamento-tribunal-magistrada-768x512.jpg 768w, https:\/\/cj.estrategia.com\/portal\/wp-content\/uploads\/2024\/08\/31142411\/juiza-julgamento-tribunal-magistrada-1536x1024.jpg 1536w, https:\/\/cj.estrategia.com\/portal\/wp-content\/uploads\/2024\/08\/31142411\/juiza-julgamento-tribunal-magistrada-2048x1366.jpg 2048w, https:\/\/cj.estrategia.com\/portal\/wp-content\/uploads\/2024\/08\/31142411\/juiza-julgamento-tribunal-magistrada-380x253.jpg 380w, https:\/\/cj.estrategia.com\/portal\/wp-content\/uploads\/2024\/08\/31142411\/juiza-julgamento-tribunal-magistrada-800x533.jpg 800w, https:\/\/cj.estrategia.com\/portal\/wp-content\/uploads\/2024\/08\/31142411\/juiza-julgamento-tribunal-magistrada-1160x774.jpg 1160w, https:\/\/cj.estrategia.com\/portal\/wp-content\/uploads\/2024\/08\/31142411\/juiza-julgamento-tribunal-magistrada-150x100.jpg 150w, https:\/\/cj.estrategia.com\/portal\/wp-content\/uploads\/2024\/08\/31142411\/juiza-julgamento-tribunal-magistrada-scaled.jpg 2560w\" sizes=\"(max-width: 1024px) 100vw, 1024px\" \/><\/figure><div class=\"wp-block-media-text__content\">\n<p>Ou seja, ao considerar como um cidad\u00e3o comum interpretaria o incidente, Gil efetivamente ampliou o escopo da an\u00e1lise para al\u00e9m do ambiente jur\u00eddico imediato, reconhecendo o impacto potencial na confian\u00e7a p\u00fablica no Judici\u00e1rio.<\/p>\n<\/div><\/div>\n\n\n\n<p>Logo, demonstra uma compreens\u00e3o nuan\u00e7ada de que a legitimidade do Poder Judici\u00e1rio depende n\u00e3o apenas da corre\u00e7\u00e3o t\u00e9cnica de suas decis\u00f5es, mas tamb\u00e9m da percep\u00e7\u00e3o p\u00fablica de sua integridade e imparcialidade.<\/p>\n\n\n\n<h2 class=\"wp-block-heading\" id=\"h-sancoes-disciplinares-e-inovacao-jurisprudencial\"><span id=\"sancoes-disciplinares-e-inovacao-jurisprudencial\">San\u00e7\u00f5es disciplinares e inova\u00e7\u00e3o jurisprudencial<\/span><\/h2>\n\n\n\n<p>A decis\u00e3o do CNJ neste caso \u00e9 particularmente not\u00e1vel pela inova\u00e7\u00e3o na aplica\u00e7\u00e3o das san\u00e7\u00f5es disciplinares.<\/p>\n\n\n\n<p>Isto porque, a LOMAN prev\u00ea um rol de san\u00e7\u00f5es disciplinares para magistrados, que inclui:<\/p>\n\n\n\n<ul class=\"wp-block-list\">\n<li>Advert\u00eancia<\/li>\n\n\n\n<li>Censura<\/li>\n\n\n\n<li>Remo\u00e7\u00e3o compuls\u00f3ria<\/li>\n\n\n\n<li>Disponibilidade com vencimentos proporcionais<\/li>\n\n\n\n<li>Aposentadoria compuls\u00f3ria<\/li>\n\n\n\n<li>Demiss\u00e3o (apenas para ju\u00edzes n\u00e3o vital\u00edcios)<\/li>\n<\/ul>\n\n\n\n<p>No entanto, a pr\u00f3pria lei cria um desafio ao restringir a aplica\u00e7\u00e3o das penas de advert\u00eancia e censura apenas aos ju\u00edzes de primeira inst\u00e2ncia, conforme estabelecido no par\u00e1grafo \u00fanico do art. 42.<\/p>\n\n\n\n<p>Lembre-se que, no caso, tratava-se de uma san\u00e7\u00e3o a um Desembargador.<\/p>\n\n\n\n<p class=\"has-pale-cyan-blue-background-color has-background\"><strong>Logo, como destacou a Relatora esta limita\u00e7\u00e3o legal cria uma situa\u00e7\u00e3o paradoxal. Isto \u00e9, infra\u00e7\u00f5es cometidas por Desembargadores, que teoricamente deveriam servir como exemplos de conduta para os ju\u00edzes de primeiro grau, poderiam escapar de puni\u00e7\u00f5es mais brandas, saltando diretamente para san\u00e7\u00f5es mais severas. <\/strong><\/p>\n\n\n\n<p>Tal cen\u00e1rio comprometia a proporcionalidade na aplica\u00e7\u00e3o das penas. Em adi\u00e7\u00e3o, isso ainda limitava a capacidade do CNJ de responder adequadamente a uma gama diversificada de infra\u00e7\u00f5es.<\/p>\n\n\n\n<p>Logo, a inova\u00e7\u00e3o do Conselho ao aplicar a pena <strong><u><strong>de disponibilidade por tempo determinado<\/strong><\/u><\/strong>&nbsp;representa uma solu\u00e7\u00e3o criativa e juridicamente sofisticada para este dilema. Ao interpretar a lei de forma a permitir uma grada\u00e7\u00e3o mais refinada das san\u00e7\u00f5es, o CNJ demonstrou sua capacidade de adaptar o sistema disciplinar \u00e0s necessidades pr\u00e1ticas da administra\u00e7\u00e3o da justi\u00e7a, sem violar o <strong><mark style=\"background-color:rgba(0, 0, 0, 0)\" class=\"has-inline-color has-vivid-cyan-blue-color\">princ\u00edpio da legalidade<\/mark><\/strong>.<\/p>\n\n\n\n<p>Assim, apesar de n\u00e3o conter expressamente na LOMAN a disponibilidade \u201ctempor\u00e1ria\u201d, o CNJ determinou que houvesse a \u201cdisponibilidade tempor\u00e1ria\u201d pelo prazo de 60 sessenta dias, sendo poss\u00edvel que o Desembargador retorne as atividade ap\u00f3s o prazo.<\/p>\n\n\n\n<h2 class=\"wp-block-heading\" id=\"h-o-que-e-a-pena-de-disponibilidade-pura-e-ou-temporaria-para-juizes\"><span id=\"o-que-e-a-pena-de-disponibilidade-pura-e-ou-temporaria-para-juizes\">O que \u00e9 a pena de disponibilidade \u201cpura\u201d e\/ou \u201ctempor\u00e1ria\u201d para ju\u00edzes?<\/span><\/h2>\n\n\n\n<h3 class=\"wp-block-heading\" id=\"h-disponibilidade-pura-indeterminada\"><span id=\"disponibilidade-pura-indeterminada\">Disponibilidade pura (indeterminada)<\/span><\/h3>\n\n\n\n<p>Essa san\u00e7\u00e3o, prevista na <strong>Lei Org\u00e2nica da Magistratura Nacional (Loman)<\/strong>, \u00e9 uma das mais graves e afasta o juiz de suas fun\u00e7\u00f5es por tempo indeterminado, mantendo vencimentos proporcionais ao tempo de servi\u00e7o.<\/p>\n\n\n\n<p>O juiz pode retornar \u00e0s suas fun\u00e7\u00f5es ap\u00f3s o afastamento. Contudo, isso depende de uma reavalia\u00e7\u00e3o do tribunal, que pode demorar anos, como no caso do juiz mencionado, afastado por <a href=\"https:\/\/www.migalhas.com.br\/quentes\/408286\/cnj-aprova-novas-regras-para-pena-de-disponibilidade\" target=\"_blank\" ><u>32 anos sem retorno<\/u><\/a>.<\/p>\n\n\n\n<p>Recentemente, o CNJ alterou a <strong>Resolu\u00e7\u00e3o 135\/11<\/strong>, especificando que:<\/p>\n\n\n\n<ul class=\"wp-block-list\">\n<li>Para penas de at\u00e9 <strong>dois anos<\/strong>, o juiz pode retornar imediatamente, sem necessidade de realizar cursos de atualiza\u00e7\u00e3o.<\/li>\n\n\n\n<li>Para penas entre <strong>dois e cinco anos<\/strong>, o magistrado deve realizar cursos de atualiza\u00e7\u00e3o antes de voltar.<\/li>\n\n\n\n<li>Para afastamentos superiores a <strong>cinco anos<\/strong>, o tribunal deve instaurar um <strong>PAD<\/strong>&nbsp;(Processo Administrativo Disciplinar) para avaliar a possibilidade de aposentadoria compuls\u00f3ria do juiz, caso ele n\u00e3o seja mais considerado apto para o cargo.<\/li>\n<\/ul>\n\n\n\n<h3 class=\"wp-block-heading\" id=\"h-disponibilidade-temporaria-de-60-dias\"><span id=\"disponibilidade-temporaria-de-60-dias\">Disponibilidade tempor\u00e1ria de 60 dias<\/span><\/h3>\n\n\n\n<p>Esta \u00e9 uma san\u00e7\u00e3o disciplinar tempor\u00e1ria e espec\u00edfica, aplicada por um per\u00edodo fixo, como os 60 dias citados. Durante esse per\u00edodo, o juiz est\u00e1 afastado de suas fun\u00e7\u00f5es e recebe vencimentos proporcionais ao tempo de servi\u00e7o.<\/p>\n\n\n\n<p>Ao contr\u00e1rio da disponibilidade pura, a tempor\u00e1ria tem um <strong>prazo claramente definido<\/strong>, ap\u00f3s o qual o magistrado pode voltar \u00e0s suas fun\u00e7\u00f5es sem a necessidade de reavalia\u00e7\u00f5es ou de cumprimento de cursos.<\/p>\n\n\n\n<p>Nesse tipo de san\u00e7\u00e3o, o impacto na carreira \u00e9 muito menor, uma vez que o afastamento \u00e9 curto e o retorno \u00e9 praticamente garantido ap\u00f3s o cumprimento do prazo.<\/p>\n\n\n\n<p><strong>Resumo das principais diferen\u00e7as:<\/strong><\/p>\n\n\n\n<ul class=\"wp-block-list\">\n<li><strong>Disponibilidade pura<\/strong>: <mark style=\"background-color:rgba(0, 0, 0, 0)\" class=\"has-inline-color has-vivid-cyan-blue-color\"><strong>indeterminada<\/strong><\/mark>, exige reavalia\u00e7\u00e3o pelo tribunal e pode resultar em aposentadoria compuls\u00f3ria ap\u00f3s cinco anos sem reaproveitamento. Ju\u00edzes afastados por at\u00e9 dois anos retornam sem exig\u00eancia de cursos; entre dois e cinco anos, \u00e9 necess\u00e1rio passar por cursos de atualiza\u00e7\u00e3o.<\/li>\n\n\n\n<li><strong>Disponibilidade tempor\u00e1ria de 60 dias<\/strong>: <strong><mark style=\"background-color:rgba(0, 0, 0, 0)\" class=\"has-inline-color has-vivid-cyan-blue-color\">tem um prazo fixo<\/mark><\/strong>, ap\u00f3s o qual o juiz retorna \u00e0s suas fun\u00e7\u00f5es sem necessidade de reavalia\u00e7\u00e3o ou cursos de atualiza\u00e7\u00e3o.<\/li>\n<\/ul>\n\n\n\n<hr class=\"wp-block-separator has-alpha-channel-opacity\"\/>\n\n\n\n<h2 class=\"wp-block-heading has-text-align-center\" id=\"h-quer-saber-quais-serao-os-proximos-concursos\"><span id=\"quer-saber-quais-serao-os-proximos-concursos\">Quer saber quais ser\u00e3o os pr\u00f3ximos concursos?<\/span><\/h2>\n\n\n\n<p class=\"has-text-align-center\">Confira nossos&nbsp;<a href=\"https:\/\/cj.estrategia.com\/portal\/\" target=\"_blank\" >artigos para Carreiras Jur\u00eddicas<\/a>!<\/p>\n\n\n\n<p class=\"has-text-align-center has-white-color has-pale-cyan-blue-background-color has-text-color has-background has-link-color wp-elements-f3d5123bb0c8e11604d0c8c7f1ea8be8\"><a href=\"https:\/\/www.estrategiaconcursos.com.br\/blog\/concursos-abertos\/\" target=\"_blank\" >Confira os concursos p\u00fablicos abertos<\/a><\/p>\n\n\n\n<p class=\"has-text-align-center has-white-color has-pale-cyan-blue-background-color has-text-color has-background has-link-color wp-elements-94f2aad2f2b05ea3152ac5320a17d121\"><a href=\"https:\/\/cj.estrategia.com\/portal\/web-stories\/\" target=\"_blank\" >Concursos 2024<\/a><\/p>\n\n\n\n<p class=\"has-text-align-center has-white-color has-pale-cyan-blue-background-color has-text-color has-background has-link-color wp-elements-9fe8b848c454c38d7c5bb51fc50695dc\"><a href=\"https:\/\/cj.estrategia.com\/portal\/concursos-2025-carreiras-juridicas\/\" target=\"_blank\" >Concursos 2025<\/a><\/p>\n","protected":false},"excerpt":{"rendered":"De in\u00edcio, esse texto se pauta a fazer uma an\u00e1lise jur\u00eddica do processo disciplinar apenas, sem qualquer ju\u00edzo&hellip;\n","protected":false},"author":93,"featured_media":80677,"comment_status":"open","ping_status":"open","sticky":false,"template":"","format":"standard","meta":{"_jetpack_memberships_contains_paid_content":false,"footnotes":""},"categories":[1],"tags":[336,228,1205,214,1202,1201,1111,1203,1204],"tax_estado":[30,31,32,33,34,35,36,37,38,39,40,41,42,43,44,45,46,47,48,49,50,51,52,53,54,55,56,57],"class_list":{"0":"post-80659","1":"post","2":"type-post","3":"status-publish","4":"format-standard","5":"has-post-thumbnail","7":"category-carreiras-juridicas","8":"tag-analise-juridica","9":"tag-cnj","10":"tag-codigo-de-etica-da-magistratura-nacional","11":"tag-desembargador","12":"tag-disponibilidade-pura","13":"tag-disponibilidade-temporaria","14":"tag-lei-organica-da-magistratura","15":"tag-loman","16":"tag-sancoes-disciplinares","17":"tax_estado-ac","18":"tax_estado-al","19":"tax_estado-am","20":"tax_estado-ap","21":"tax_estado-ba","22":"tax_estado-ce","23":"tax_estado-concursos-federais","24":"tax_estado-df","25":"tax_estado-es","26":"tax_estado-go","27":"tax_estado-ma","28":"tax_estado-mg","29":"tax_estado-ms","30":"tax_estado-mt","31":"tax_estado-pa","32":"tax_estado-pb","33":"tax_estado-pe","34":"tax_estado-pi","35":"tax_estado-pr","36":"tax_estado-rj","37":"tax_estado-rn","38":"tax_estado-ro","39":"tax_estado-rr","40":"tax_estado-rs","41":"tax_estado-sc","42":"tax_estado-se","43":"tax_estado-sp","44":"tax_estado-to"},"acf":[],"yoast_head":"<!-- This site is optimized with the Yoast SEO Premium plugin v27.4 (Yoast SEO v27.4) - https:\/\/yoast.com\/product\/yoast-seo-premium-wordpress\/ -->\n<title>&quot;Disponibilidade tempor\u00e1ria&quot;: CNJ aplica pena a Desembargador<\/title>\n<meta name=\"description\" content=\"Recentemente o CNJ decidiu aplicar disponibilidade tempor\u00e1ria, inovando nas san\u00e7\u00f5es disciplinares aplic\u00e1veis aos magistrados brasileiros.\" \/>\n<meta name=\"robots\" content=\"index, follow, max-snippet:-1, max-image-preview:large, max-video-preview:-1\" \/>\n<link rel=\"canonical\" href=\"https:\/\/cj.estrategia.com\/portal\/cnj-pena-disponibilidade-temporaria-desembargador\/\" \/>\n<meta property=\"og:locale\" content=\"pt_BR\" \/>\n<meta property=\"og:type\" content=\"article\" \/>\n<meta property=\"og:title\" content=\"CNJ aplica pena de \u201cdisponibilidade tempor\u00e1ria\u201d a Desembargador\" \/>\n<meta property=\"og:description\" content=\"Recentemente o CNJ decidiu aplicar disponibilidade tempor\u00e1ria, inovando nas san\u00e7\u00f5es disciplinares aplic\u00e1veis aos magistrados brasileiros.\" \/>\n<meta property=\"og:url\" content=\"https:\/\/cj.estrategia.com\/portal\/cnj-pena-disponibilidade-temporaria-desembargador\/\" \/>\n<meta property=\"og:site_name\" content=\"Blog - Carreiras Jur\u00eddicas - Estrat\u00e9gia\" \/>\n<meta property=\"article:publisher\" content=\"https:\/\/www.facebook.com\/estrategiacarreirajuridica\/\" \/>\n<meta property=\"article:published_time\" content=\"2024-10-16T23:58:17+00:00\" \/>\n<meta property=\"article:modified_time\" content=\"2024-10-31T17:05:57+00:00\" \/>\n<meta property=\"og:image\" content=\"https:\/\/cj.estrategia.com\/portal\/wp-content\/uploads\/2024\/10\/16204152\/CNJ.png\" \/>\n\t<meta property=\"og:image:width\" content=\"1170\" \/>\n\t<meta property=\"og:image:height\" content=\"700\" \/>\n\t<meta property=\"og:image:type\" content=\"image\/png\" \/>\n<meta name=\"author\" content=\"Felipe Duque\" \/>\n<meta name=\"twitter:card\" content=\"summary_large_image\" \/>\n<meta name=\"twitter:creator\" content=\"@https:\/\/x.com\/ProfessorDuque\" \/>\n<meta name=\"twitter:site\" content=\"@EstratJuridica\" \/>\n<meta name=\"twitter:label1\" content=\"Escrito por\" \/>\n\t<meta name=\"twitter:data1\" content=\"Felipe Duque\" \/>\n\t<meta name=\"twitter:label2\" content=\"Est. tempo de leitura\" \/>\n\t<meta name=\"twitter:data2\" content=\"8 minutos\" \/>\n<script type=\"application\/ld+json\" class=\"yoast-schema-graph\">{\"@context\":\"https:\\\/\\\/schema.org\",\"@graph\":[{\"@type\":\"NewsArticle\",\"@id\":\"https:\\\/\\\/cj.estrategia.com\\\/portal\\\/cnj-pena-disponibilidade-temporaria-desembargador\\\/#article\",\"isPartOf\":{\"@id\":\"https:\\\/\\\/cj.estrategia.com\\\/portal\\\/cnj-pena-disponibilidade-temporaria-desembargador\\\/\"},\"author\":{\"name\":\"Felipe Duque\",\"@id\":\"https:\\\/\\\/cj.estrategia.com\\\/portal\\\/#\\\/schema\\\/person\\\/b5b0253b269d7130d1f7770b1ba29285\"},\"headline\":\"CNJ aplica pena de \u201cdisponibilidade tempor\u00e1ria\u201d a Desembargador\",\"datePublished\":\"2024-10-16T23:58:17+00:00\",\"dateModified\":\"2024-10-31T17:05:57+00:00\",\"mainEntityOfPage\":{\"@id\":\"https:\\\/\\\/cj.estrategia.com\\\/portal\\\/cnj-pena-disponibilidade-temporaria-desembargador\\\/\"},\"wordCount\":2570,\"commentCount\":0,\"publisher\":{\"@id\":\"https:\\\/\\\/cj.estrategia.com\\\/portal\\\/#organization\"},\"image\":{\"@id\":\"https:\\\/\\\/cj.estrategia.com\\\/portal\\\/cnj-pena-disponibilidade-temporaria-desembargador\\\/#primaryimage\"},\"thumbnailUrl\":\"https:\\\/\\\/cj.estrategia.com\\\/portal\\\/wp-content\\\/uploads\\\/2024\\\/10\\\/16204152\\\/CNJ.png\",\"keywords\":[\"an\u00e1lise jur\u00eddica\",\"CNJ\",\"C\u00f3digo de \u00c9tica da Magistratura Nacional\",\"desembargador\",\"disponibilidade pura\",\"disponibilidade tempor\u00e1ria\",\"Lei Org\u00e2nica da Magistratura\",\"LOMAN\",\"san\u00e7\u00f5es disciplinares\"],\"articleSection\":[\"Carreiras Jur\u00eddicas\"],\"inLanguage\":\"pt-BR\",\"potentialAction\":[{\"@type\":\"CommentAction\",\"name\":\"Comment\",\"target\":[\"https:\\\/\\\/cj.estrategia.com\\\/portal\\\/cnj-pena-disponibilidade-temporaria-desembargador\\\/#respond\"]}]},{\"@type\":\"WebPage\",\"@id\":\"https:\\\/\\\/cj.estrategia.com\\\/portal\\\/cnj-pena-disponibilidade-temporaria-desembargador\\\/\",\"url\":\"https:\\\/\\\/cj.estrategia.com\\\/portal\\\/cnj-pena-disponibilidade-temporaria-desembargador\\\/\",\"name\":\"\\\"Disponibilidade tempor\u00e1ria\\\": CNJ aplica pena a Desembargador\",\"isPartOf\":{\"@id\":\"https:\\\/\\\/cj.estrategia.com\\\/portal\\\/#website\"},\"primaryImageOfPage\":{\"@id\":\"https:\\\/\\\/cj.estrategia.com\\\/portal\\\/cnj-pena-disponibilidade-temporaria-desembargador\\\/#primaryimage\"},\"image\":{\"@id\":\"https:\\\/\\\/cj.estrategia.com\\\/portal\\\/cnj-pena-disponibilidade-temporaria-desembargador\\\/#primaryimage\"},\"thumbnailUrl\":\"https:\\\/\\\/cj.estrategia.com\\\/portal\\\/wp-content\\\/uploads\\\/2024\\\/10\\\/16204152\\\/CNJ.png\",\"datePublished\":\"2024-10-16T23:58:17+00:00\",\"dateModified\":\"2024-10-31T17:05:57+00:00\",\"description\":\"Recentemente o CNJ decidiu aplicar disponibilidade tempor\u00e1ria, inovando nas san\u00e7\u00f5es disciplinares aplic\u00e1veis aos magistrados brasileiros.\",\"breadcrumb\":{\"@id\":\"https:\\\/\\\/cj.estrategia.com\\\/portal\\\/cnj-pena-disponibilidade-temporaria-desembargador\\\/#breadcrumb\"},\"inLanguage\":\"pt-BR\",\"potentialAction\":[{\"@type\":\"ReadAction\",\"target\":[\"https:\\\/\\\/cj.estrategia.com\\\/portal\\\/cnj-pena-disponibilidade-temporaria-desembargador\\\/\"]}]},{\"@type\":\"ImageObject\",\"inLanguage\":\"pt-BR\",\"@id\":\"https:\\\/\\\/cj.estrategia.com\\\/portal\\\/cnj-pena-disponibilidade-temporaria-desembargador\\\/#primaryimage\",\"url\":\"https:\\\/\\\/cj.estrategia.com\\\/portal\\\/wp-content\\\/uploads\\\/2024\\\/10\\\/16204152\\\/CNJ.png\",\"contentUrl\":\"https:\\\/\\\/cj.estrategia.com\\\/portal\\\/wp-content\\\/uploads\\\/2024\\\/10\\\/16204152\\\/CNJ.png\",\"width\":1170,\"height\":700,\"caption\":\"Gil Ferreira\\\/Ag\u00eancia CNJ\"},{\"@type\":\"BreadcrumbList\",\"@id\":\"https:\\\/\\\/cj.estrategia.com\\\/portal\\\/cnj-pena-disponibilidade-temporaria-desembargador\\\/#breadcrumb\",\"itemListElement\":[{\"@type\":\"ListItem\",\"position\":1,\"name\":\"In\u00edcio\",\"item\":\"https:\\\/\\\/cj.estrategia.com\\\/portal\\\/\"},{\"@type\":\"ListItem\",\"position\":2,\"name\":\"CNJ aplica pena de \u201cdisponibilidade tempor\u00e1ria\u201d a Desembargador\"}]},{\"@type\":\"WebSite\",\"@id\":\"https:\\\/\\\/cj.estrategia.com\\\/portal\\\/#website\",\"url\":\"https:\\\/\\\/cj.estrategia.com\\\/portal\\\/\",\"name\":\"Blog - Carreiras Jur\u00eddicas - Estrat\u00e9gia\",\"description\":\"\",\"publisher\":{\"@id\":\"https:\\\/\\\/cj.estrategia.com\\\/portal\\\/#organization\"},\"potentialAction\":[{\"@type\":\"SearchAction\",\"target\":{\"@type\":\"EntryPoint\",\"urlTemplate\":\"https:\\\/\\\/cj.estrategia.com\\\/portal\\\/?s={search_term_string}\"},\"query-input\":{\"@type\":\"PropertyValueSpecification\",\"valueRequired\":true,\"valueName\":\"search_term_string\"}}],\"inLanguage\":\"pt-BR\"},{\"@type\":\"Organization\",\"@id\":\"https:\\\/\\\/cj.estrategia.com\\\/portal\\\/#organization\",\"name\":\"Estrat\u00e9gia - Carreiras Jur\u00eddicas\",\"url\":\"https:\\\/\\\/cj.estrategia.com\\\/portal\\\/\",\"logo\":{\"@type\":\"ImageObject\",\"inLanguage\":\"pt-BR\",\"@id\":\"https:\\\/\\\/cj.estrategia.com\\\/portal\\\/#\\\/schema\\\/logo\\\/image\\\/\",\"url\":\"https:\\\/\\\/cj.estrategia.com\\\/portal\\\/wp-content\\\/uploads\\\/2022\\\/03\\\/11151052\\\/cj-logo.png\",\"contentUrl\":\"https:\\\/\\\/cj.estrategia.com\\\/portal\\\/wp-content\\\/uploads\\\/2022\\\/03\\\/11151052\\\/cj-logo.png\",\"width\":150,\"height\":39,\"caption\":\"Estrat\u00e9gia - Carreiras Jur\u00eddicas\"},\"image\":{\"@id\":\"https:\\\/\\\/cj.estrategia.com\\\/portal\\\/#\\\/schema\\\/logo\\\/image\\\/\"},\"sameAs\":[\"https:\\\/\\\/www.facebook.com\\\/estrategiacarreirajuridica\\\/\",\"https:\\\/\\\/x.com\\\/EstratJuridica\",\"https:\\\/\\\/www.instagram.com\\\/estrategiacarreirajuridica\\\/\",\"https:\\\/\\\/www.youtube.com\\\/channel\\\/UClbMGuYbj2Mh1m3w144ETWQ\"]},{\"@type\":\"Person\",\"@id\":\"https:\\\/\\\/cj.estrategia.com\\\/portal\\\/#\\\/schema\\\/person\\\/b5b0253b269d7130d1f7770b1ba29285\",\"name\":\"Felipe Duque\",\"image\":{\"@type\":\"ImageObject\",\"inLanguage\":\"pt-BR\",\"@id\":\"https:\\\/\\\/cj.estrategia.com\\\/portal\\\/wp-content\\\/uploads\\\/2024\\\/08\\\/06162009\\\/Captura-de-Tela-2024-08-06-as-16.19.26-96x96.png\",\"url\":\"https:\\\/\\\/cj.estrategia.com\\\/portal\\\/wp-content\\\/uploads\\\/2024\\\/08\\\/06162009\\\/Captura-de-Tela-2024-08-06-as-16.19.26-96x96.png\",\"contentUrl\":\"https:\\\/\\\/cj.estrategia.com\\\/portal\\\/wp-content\\\/uploads\\\/2024\\\/08\\\/06162009\\\/Captura-de-Tela-2024-08-06-as-16.19.26-96x96.png\",\"caption\":\"Felipe Duque\"},\"description\":\"Felipe Duque - Mestre em Direito Pol\u00edtico e Econ\u00f4mico na Mackenzie-SP. Graduado em Direito pela Universidade Cat\u00f3lica de Pernambuco, com conclus\u00e3o pelo regime de Aproveitamento Extraordin\u00e1rio nos Estudos (art. 47, \u00a7 2\u00ba, da Lei n\u00ba 9.394\\\/96). Ex-Assessor de Desembargador no TJPE. Procurador da Fazenda Nacional. Integra voluntariamente a Coordena\u00e7\u00e3o de Assuntos Estrat\u00e9gicos Judiciais da PGFN. Professor do Estrat\u00e9gia Carreira Jur\u00eddica, Estrat\u00e9gia OAB e Buscador Dizer o Direito. Autor do livro \u201cReforma Tribut\u00e1ria Comentada e Esquematizada\u201d, \\\"Manual de Processo Tribut\u00e1rio: Administrativo e Judicial\\\" pela editora Juspodivm Parecerista na Revista de Estudos Jur\u00eddicos do Superior Tribunal de Justi\u00e7a (REJuriSTJ)\",\"sameAs\":[\"http:\\\/\\\/lattes.cnpq.br\\\/5755137268084324\",\"https:\\\/\\\/www.instagram.com\\\/felipe_duque\\\/\",\"https:\\\/\\\/br.linkedin.com\\\/in\\\/felipe-duque-56954638\",\"https:\\\/\\\/x.com\\\/https:\\\/\\\/x.com\\\/ProfessorDuque\",\"https:\\\/\\\/www.youtube.com\\\/@felipeduque-experienciasco5797\"],\"url\":\"https:\\\/\\\/cj.estrategia.com\\\/portal\\\/author\\\/felipe-duque\\\/\"}]}<\/script>\n<!-- \/ Yoast SEO Premium plugin. -->","yoast_head_json":{"title":"\"Disponibilidade tempor\u00e1ria\": CNJ aplica pena a Desembargador","description":"Recentemente o CNJ decidiu aplicar disponibilidade tempor\u00e1ria, inovando nas san\u00e7\u00f5es disciplinares aplic\u00e1veis aos magistrados brasileiros.","robots":{"index":"index","follow":"follow","max-snippet":"max-snippet:-1","max-image-preview":"max-image-preview:large","max-video-preview":"max-video-preview:-1"},"canonical":"https:\/\/cj.estrategia.com\/portal\/cnj-pena-disponibilidade-temporaria-desembargador\/","og_locale":"pt_BR","og_type":"article","og_title":"CNJ aplica pena de \u201cdisponibilidade tempor\u00e1ria\u201d a Desembargador","og_description":"Recentemente o CNJ decidiu aplicar disponibilidade tempor\u00e1ria, inovando nas san\u00e7\u00f5es disciplinares aplic\u00e1veis aos magistrados brasileiros.","og_url":"https:\/\/cj.estrategia.com\/portal\/cnj-pena-disponibilidade-temporaria-desembargador\/","og_site_name":"Blog - Carreiras Jur\u00eddicas - Estrat\u00e9gia","article_publisher":"https:\/\/www.facebook.com\/estrategiacarreirajuridica\/","article_published_time":"2024-10-16T23:58:17+00:00","article_modified_time":"2024-10-31T17:05:57+00:00","og_image":[{"width":1170,"height":700,"url":"https:\/\/cj.estrategia.com\/portal\/wp-content\/uploads\/2024\/10\/16204152\/CNJ.png","type":"image\/png"}],"author":"Felipe Duque","twitter_card":"summary_large_image","twitter_creator":"@https:\/\/x.com\/ProfessorDuque","twitter_site":"@EstratJuridica","twitter_misc":{"Escrito por":"Felipe Duque","Est. tempo de leitura":"8 minutos"},"schema":{"@context":"https:\/\/schema.org","@graph":[{"@type":"NewsArticle","@id":"https:\/\/cj.estrategia.com\/portal\/cnj-pena-disponibilidade-temporaria-desembargador\/#article","isPartOf":{"@id":"https:\/\/cj.estrategia.com\/portal\/cnj-pena-disponibilidade-temporaria-desembargador\/"},"author":{"name":"Felipe Duque","@id":"https:\/\/cj.estrategia.com\/portal\/#\/schema\/person\/b5b0253b269d7130d1f7770b1ba29285"},"headline":"CNJ aplica pena de \u201cdisponibilidade tempor\u00e1ria\u201d a Desembargador","datePublished":"2024-10-16T23:58:17+00:00","dateModified":"2024-10-31T17:05:57+00:00","mainEntityOfPage":{"@id":"https:\/\/cj.estrategia.com\/portal\/cnj-pena-disponibilidade-temporaria-desembargador\/"},"wordCount":2570,"commentCount":0,"publisher":{"@id":"https:\/\/cj.estrategia.com\/portal\/#organization"},"image":{"@id":"https:\/\/cj.estrategia.com\/portal\/cnj-pena-disponibilidade-temporaria-desembargador\/#primaryimage"},"thumbnailUrl":"https:\/\/cj.estrategia.com\/portal\/wp-content\/uploads\/2024\/10\/16204152\/CNJ.png","keywords":["an\u00e1lise jur\u00eddica","CNJ","C\u00f3digo de \u00c9tica da Magistratura Nacional","desembargador","disponibilidade pura","disponibilidade tempor\u00e1ria","Lei Org\u00e2nica da Magistratura","LOMAN","san\u00e7\u00f5es disciplinares"],"articleSection":["Carreiras Jur\u00eddicas"],"inLanguage":"pt-BR","potentialAction":[{"@type":"CommentAction","name":"Comment","target":["https:\/\/cj.estrategia.com\/portal\/cnj-pena-disponibilidade-temporaria-desembargador\/#respond"]}]},{"@type":"WebPage","@id":"https:\/\/cj.estrategia.com\/portal\/cnj-pena-disponibilidade-temporaria-desembargador\/","url":"https:\/\/cj.estrategia.com\/portal\/cnj-pena-disponibilidade-temporaria-desembargador\/","name":"\"Disponibilidade tempor\u00e1ria\": CNJ aplica pena a Desembargador","isPartOf":{"@id":"https:\/\/cj.estrategia.com\/portal\/#website"},"primaryImageOfPage":{"@id":"https:\/\/cj.estrategia.com\/portal\/cnj-pena-disponibilidade-temporaria-desembargador\/#primaryimage"},"image":{"@id":"https:\/\/cj.estrategia.com\/portal\/cnj-pena-disponibilidade-temporaria-desembargador\/#primaryimage"},"thumbnailUrl":"https:\/\/cj.estrategia.com\/portal\/wp-content\/uploads\/2024\/10\/16204152\/CNJ.png","datePublished":"2024-10-16T23:58:17+00:00","dateModified":"2024-10-31T17:05:57+00:00","description":"Recentemente o CNJ decidiu aplicar disponibilidade tempor\u00e1ria, inovando nas san\u00e7\u00f5es disciplinares aplic\u00e1veis aos magistrados brasileiros.","breadcrumb":{"@id":"https:\/\/cj.estrategia.com\/portal\/cnj-pena-disponibilidade-temporaria-desembargador\/#breadcrumb"},"inLanguage":"pt-BR","potentialAction":[{"@type":"ReadAction","target":["https:\/\/cj.estrategia.com\/portal\/cnj-pena-disponibilidade-temporaria-desembargador\/"]}]},{"@type":"ImageObject","inLanguage":"pt-BR","@id":"https:\/\/cj.estrategia.com\/portal\/cnj-pena-disponibilidade-temporaria-desembargador\/#primaryimage","url":"https:\/\/cj.estrategia.com\/portal\/wp-content\/uploads\/2024\/10\/16204152\/CNJ.png","contentUrl":"https:\/\/cj.estrategia.com\/portal\/wp-content\/uploads\/2024\/10\/16204152\/CNJ.png","width":1170,"height":700,"caption":"Gil Ferreira\/Ag\u00eancia CNJ"},{"@type":"BreadcrumbList","@id":"https:\/\/cj.estrategia.com\/portal\/cnj-pena-disponibilidade-temporaria-desembargador\/#breadcrumb","itemListElement":[{"@type":"ListItem","position":1,"name":"In\u00edcio","item":"https:\/\/cj.estrategia.com\/portal\/"},{"@type":"ListItem","position":2,"name":"CNJ aplica pena de \u201cdisponibilidade tempor\u00e1ria\u201d a Desembargador"}]},{"@type":"WebSite","@id":"https:\/\/cj.estrategia.com\/portal\/#website","url":"https:\/\/cj.estrategia.com\/portal\/","name":"Blog - Carreiras Jur\u00eddicas - Estrat\u00e9gia","description":"","publisher":{"@id":"https:\/\/cj.estrategia.com\/portal\/#organization"},"potentialAction":[{"@type":"SearchAction","target":{"@type":"EntryPoint","urlTemplate":"https:\/\/cj.estrategia.com\/portal\/?s={search_term_string}"},"query-input":{"@type":"PropertyValueSpecification","valueRequired":true,"valueName":"search_term_string"}}],"inLanguage":"pt-BR"},{"@type":"Organization","@id":"https:\/\/cj.estrategia.com\/portal\/#organization","name":"Estrat\u00e9gia - Carreiras Jur\u00eddicas","url":"https:\/\/cj.estrategia.com\/portal\/","logo":{"@type":"ImageObject","inLanguage":"pt-BR","@id":"https:\/\/cj.estrategia.com\/portal\/#\/schema\/logo\/image\/","url":"https:\/\/cj.estrategia.com\/portal\/wp-content\/uploads\/2022\/03\/11151052\/cj-logo.png","contentUrl":"https:\/\/cj.estrategia.com\/portal\/wp-content\/uploads\/2022\/03\/11151052\/cj-logo.png","width":150,"height":39,"caption":"Estrat\u00e9gia - Carreiras Jur\u00eddicas"},"image":{"@id":"https:\/\/cj.estrategia.com\/portal\/#\/schema\/logo\/image\/"},"sameAs":["https:\/\/www.facebook.com\/estrategiacarreirajuridica\/","https:\/\/x.com\/EstratJuridica","https:\/\/www.instagram.com\/estrategiacarreirajuridica\/","https:\/\/www.youtube.com\/channel\/UClbMGuYbj2Mh1m3w144ETWQ"]},{"@type":"Person","@id":"https:\/\/cj.estrategia.com\/portal\/#\/schema\/person\/b5b0253b269d7130d1f7770b1ba29285","name":"Felipe Duque","image":{"@type":"ImageObject","inLanguage":"pt-BR","@id":"https:\/\/cj.estrategia.com\/portal\/wp-content\/uploads\/2024\/08\/06162009\/Captura-de-Tela-2024-08-06-as-16.19.26-96x96.png","url":"https:\/\/cj.estrategia.com\/portal\/wp-content\/uploads\/2024\/08\/06162009\/Captura-de-Tela-2024-08-06-as-16.19.26-96x96.png","contentUrl":"https:\/\/cj.estrategia.com\/portal\/wp-content\/uploads\/2024\/08\/06162009\/Captura-de-Tela-2024-08-06-as-16.19.26-96x96.png","caption":"Felipe Duque"},"description":"Felipe Duque - Mestre em Direito Pol\u00edtico e Econ\u00f4mico na Mackenzie-SP. Graduado em Direito pela Universidade Cat\u00f3lica de Pernambuco, com conclus\u00e3o pelo regime de Aproveitamento Extraordin\u00e1rio nos Estudos (art. 47, \u00a7 2\u00ba, da Lei n\u00ba 9.394\/96). Ex-Assessor de Desembargador no TJPE. Procurador da Fazenda Nacional. Integra voluntariamente a Coordena\u00e7\u00e3o de Assuntos Estrat\u00e9gicos Judiciais da PGFN. Professor do Estrat\u00e9gia Carreira Jur\u00eddica, Estrat\u00e9gia OAB e Buscador Dizer o Direito. Autor do livro \u201cReforma Tribut\u00e1ria Comentada e Esquematizada\u201d, \"Manual de Processo Tribut\u00e1rio: Administrativo e Judicial\" pela editora Juspodivm Parecerista na Revista de Estudos Jur\u00eddicos do Superior Tribunal de Justi\u00e7a (REJuriSTJ)","sameAs":["http:\/\/lattes.cnpq.br\/5755137268084324","https:\/\/www.instagram.com\/felipe_duque\/","https:\/\/br.linkedin.com\/in\/felipe-duque-56954638","https:\/\/x.com\/https:\/\/x.com\/ProfessorDuque","https:\/\/www.youtube.com\/@felipeduque-experienciasco5797"],"url":"https:\/\/cj.estrategia.com\/portal\/author\/felipe-duque\/"}]}},"jetpack_featured_media_url":"https:\/\/cj.estrategia.com\/portal\/wp-content\/uploads\/2024\/10\/16204152\/CNJ.png","jetpack_sharing_enabled":true,"_links":{"self":[{"href":"https:\/\/cj.estrategia.com\/portal\/wp-json\/wp\/v2\/posts\/80659","targetHints":{"allow":["GET"]}}],"collection":[{"href":"https:\/\/cj.estrategia.com\/portal\/wp-json\/wp\/v2\/posts"}],"about":[{"href":"https:\/\/cj.estrategia.com\/portal\/wp-json\/wp\/v2\/types\/post"}],"author":[{"embeddable":true,"href":"https:\/\/cj.estrategia.com\/portal\/wp-json\/wp\/v2\/users\/93"}],"replies":[{"embeddable":true,"href":"https:\/\/cj.estrategia.com\/portal\/wp-json\/wp\/v2\/comments?post=80659"}],"version-history":[{"count":9,"href":"https:\/\/cj.estrategia.com\/portal\/wp-json\/wp\/v2\/posts\/80659\/revisions"}],"predecessor-version":[{"id":82249,"href":"https:\/\/cj.estrategia.com\/portal\/wp-json\/wp\/v2\/posts\/80659\/revisions\/82249"}],"wp:featuredmedia":[{"embeddable":true,"href":"https:\/\/cj.estrategia.com\/portal\/wp-json\/wp\/v2\/media\/80677"}],"wp:attachment":[{"href":"https:\/\/cj.estrategia.com\/portal\/wp-json\/wp\/v2\/media?parent=80659"}],"wp:term":[{"taxonomy":"category","embeddable":true,"href":"https:\/\/cj.estrategia.com\/portal\/wp-json\/wp\/v2\/categories?post=80659"},{"taxonomy":"post_tag","embeddable":true,"href":"https:\/\/cj.estrategia.com\/portal\/wp-json\/wp\/v2\/tags?post=80659"},{"taxonomy":"tax_estado","embeddable":true,"href":"https:\/\/cj.estrategia.com\/portal\/wp-json\/wp\/v2\/tax_estado?post=80659"}],"curies":[{"name":"wp","href":"https:\/\/api.w.org\/{rel}","templated":true}]}}