{"id":80579,"date":"2024-10-16T14:30:24","date_gmt":"2024-10-16T17:30:24","guid":{"rendered":"https:\/\/cj.estrategia.com\/portal\/?p=80579"},"modified":"2024-10-22T19:58:36","modified_gmt":"2024-10-22T22:58:36","slug":"responsabilizacao-crianca-maus-tratos-animais","status":"publish","type":"post","link":"https:\/\/cj.estrategia.com\/portal\/responsabilizacao-crianca-maus-tratos-animais\/","title":{"rendered":"An\u00e1lise jur\u00eddica da responsabiliza\u00e7\u00e3o da crian\u00e7a que invadiu hospital e esquartejou animais"},"content":{"rendered":"\n<p class=\"has-small-font-size\"><strong>* Thiago de Paula Leite \u00e9 procurador do Estado de S\u00e3o Paulo e professor de direito ambiental e agr\u00e1rio do Estrat\u00e9gia.<\/strong><\/p>\n\n\n\n<h2 class=\"wp-block-heading\" id=\"h-entenda-o-caso\"><span id=\"entenda-o-caso\"><mark style=\"background-color:rgba(0, 0, 0, 0)\" class=\"has-inline-color has-vivid-cyan-blue-color\">Entenda o caso<\/mark><\/span><\/h2>\n\n\n\n<p>Uma crian\u00e7a de 9 anos \u00e9 apontada como respons\u00e1vel por maus-tratos e morte de v\u00e1rios animais que eram mantidos por um hospital veterin\u00e1rio em Nova F\u00e1tima, no Paran\u00e1.<\/p>\n\n\n\n<p>O garoto invadiu, pulando a cerca, a \u00e1rea externa do hospital veterin\u00e1rio onde funcionava uma esp\u00e9cie de &#8220;fazendinha&#8221; na qual mantinham os animais. Depois de invadir o local o menor <strong>atacou os animais com chutes e arremessos contra a parede<\/strong>.<\/p>\n\n\n\n<p>O espa\u00e7o tinha acabado de ser inaugurado (um dia antes), e o garoto participou dessa inaugura\u00e7\u00e3o.<\/p>\n\n\n\n<p>A pol\u00edcia militar, acionada no mesmo dia, identificou o garoto pelas imagens das c\u00e2meras de seguran\u00e7a.<\/p>\n\n\n\n<p>De acordo com L\u00facio Barreto, veterin\u00e1rio e um dos respons\u00e1veis pelo espa\u00e7o, <strong><mark style=\"background-color:rgba(0, 0, 0, 0)\" class=\"has-inline-color has-vivid-red-color\">foram mortos 20 coelhos e tr\u00eas porquinhos-da-\u00edndia<\/mark><\/strong>.<\/p>\n\n\n\n<p>Entre as v\u00edtimas estavam coelhos, que foram <strong>violentamente arremessados contra a parede, esquartejados e mutilados, com alguns tendo as patas arrancadas<\/strong>.<\/p>\n\n\n\n<p>Por ter menos de 12 anos, o garoto n\u00e3o responder\u00e1 na esfera criminal. Os respons\u00e1veis pelo menor podem responder pelos danos na esfera c\u00edvel, mas o dono dos animais j\u00e1 adiantou que n\u00e3o pretende insistir nessa medida, arrematando:<\/p>\n\n\n\n<blockquote class=\"wp-block-quote is-layout-flow wp-block-quote-is-layout-flow\">\n<p><\/p>\n<cite>\u201cQuerendo ou n\u00e3o fez uma coisa horr\u00edvel, mas \u00e9 uma crian\u00e7a de 9 anos, a gente n\u00e3o queria isso. Na verdade, a gente s\u00f3 queria que o menino procurasse ajuda, que a fam\u00edlia procurasse ajuda para esse menino para que n\u00e3o acontecesse coisas piores no futuro\u201d.<\/cite><\/blockquote>\n\n\n\n<p>O Conselho Tutelar e o Minist\u00e9rio P\u00fablico est\u00e3o acompanhando o caso de perto, inclusive no que se refere a presta\u00e7\u00e3o de atendimento psicossocial ao menor.<\/p>\n\n\n\n<p>Ademais, segundo o Conselho Tutelar de Nova F\u00e1tima, a crian\u00e7a e familiares j\u00e1 est\u00e3o passando por tratamento psicol\u00f3gico e recebendo assist\u00eancia de profissionais.<\/p>\n\n\n\n<h2 class=\"wp-block-heading\" id=\"h-analise-juridica\"><span id=\"analise-juridica\"><mark style=\"background-color:rgba(0, 0, 0, 0)\" class=\"has-inline-color has-vivid-cyan-blue-color\">An\u00e1lise jur\u00eddica<\/mark><\/span><\/h2>\n\n\n\n<h3 class=\"wp-block-heading\" id=\"h-direito-dos-animais\"><span id=\"direito-dos-animais\">Direito dos animais<\/span><\/h3>\n\n\n\n<p>Qual a repercuss\u00e3o jur\u00eddica dessa barb\u00e1rie? A Constitui\u00e7\u00e3o Federal, em seu artigo 225, garante o direito dos animais:<\/p>\n\n\n\n<pre class=\"wp-block-preformatted\"><strong>CF\/88<\/strong>\n\nArt. 225. Todos t\u00eam direito ao meio ambiente ecologicamente equilibrado, bem de uso comum do povo e essencial \u00e0 sadia qualidade de vida, impondo-se ao Poder P\u00fablico e \u00e0 coletividade o dever de defend\u00ea-lo e preserv\u00e1-lo para as presentes e futuras gera\u00e7\u00f5es.\n\n\u00a7 1\u00ba Para assegurar a efetividade desse direito, incumbe ao Poder P\u00fablico:\n\n...\n\n<strong>VII - proteger a <mark style=\"background-color:rgba(0, 0, 0, 0)\" class=\"has-inline-color has-vivid-cyan-blue-color\">fauna<\/mark> e a flora, vedadas, na forma da lei, as pr\u00e1ticas que coloquem em risco sua fun\u00e7\u00e3o ecol\u00f3gica, provoquem a extin\u00e7\u00e3o de esp\u00e9cies ou submetam os animais a crueldade.<\/strong>&nbsp;&nbsp;\n\n...\n\n<strong>\u00a7 3\u00ba As condutas e atividades consideradas lesivas ao meio ambiente sujeitar\u00e3o os infratores, pessoas f\u00edsicas ou jur\u00eddicas, a san\u00e7\u00f5es penais e administrativas, independentemente da obriga\u00e7\u00e3o de reparar os danos causados.<\/strong><\/pre>\n\n\n\n<p>Os animais silvestres, ex\u00f3ticos e dom\u00e9sticos comp\u00f5em a nossa fauna. A Lei de crimes ambientais (Lei n\u00ba 9.605\/98) tipifica os maus-tratos e a morte de animais como crime ambiental. Vejamos:<\/p>\n\n\n\n<pre class=\"wp-block-preformatted\"><strong>Lei n\u00ba 9.605\/98<\/strong>\n\nArt. 29. Matar, perseguir, ca\u00e7ar, apanhar, utilizar esp\u00e9cimes da fauna silvestre, nativos ou em rota migrat\u00f3ria, sem a devida permiss\u00e3o, licen\u00e7a ou autoriza\u00e7\u00e3o da autoridade competente, ou em desacordo com a obtida:\n\nPena - deten\u00e7\u00e3o de seis meses a um ano, e multa.\n\n...\n\n\u00a7 3\u00b0 S\u00e3o esp\u00e9cimes da fauna silvestre todos aqueles pertencentes \u00e0s esp\u00e9cies nativas, migrat\u00f3rias e quaisquer outras, aqu\u00e1ticas ou terrestres, que tenham todo ou parte de seu ciclo de vida ocorrendo dentro dos limites do territ\u00f3rio brasileiro, ou \u00e1guas jurisdicionais brasileiras.\n\n...\n\nArt. 32. Praticar ato de abuso, maus-tratos, ferir ou mutilar animais silvestres, dom\u00e9sticos ou domesticados, nativos ou ex\u00f3ticos:&nbsp;&nbsp;\n\nPena - deten\u00e7\u00e3o, de tr\u00eas meses a um ano, e multa.\n\n\u00a7 1\u00ba Incorre nas mesmas penas quem realiza experi\u00eancia dolorosa ou cruel em animal vivo, ainda que para fins did\u00e1ticos ou cient\u00edficos, quando existirem recursos alternativos.&nbsp;&nbsp;&nbsp;&nbsp;&nbsp;&nbsp;\n\n\u00a7 1\u00ba-A Quando se tratar de c\u00e3o ou gato, a pena para as condutas descritas no caput deste artigo ser\u00e1 de reclus\u00e3o, de 2 (dois) a 5 (cinco) anos, multa e proibi\u00e7\u00e3o da guarda.&nbsp;&nbsp;&nbsp;&nbsp;\n\n\u00a7 2\u00ba A pena \u00e9 aumentada de um sexto a um ter\u00e7o, se ocorre morte do animal.<\/pre>\n\n\n\n<p>Importante ressaltar que <strong>tanto o coelho quanto o porquinho-da-\u00edndia s\u00e3o animais silvestres e n\u00e3o convencionais<\/strong>.<\/p>\n\n\n\n<div class=\"wp-block-media-text is-stacked-on-mobile\"><figure class=\"wp-block-media-text__media\"><img decoding=\"async\" width=\"1024\" height=\"768\" src=\"https:\/\/cj.estrategia.com\/portal\/wp-content\/uploads\/2024\/10\/16142256\/atencao-aviso-1024x768.jpg\" alt=\"crian\u00e7a, aten\u00e7\u00e3o\" class=\"wp-image-80585 size-full\" srcset=\"https:\/\/cj.estrategia.com\/portal\/wp-content\/uploads\/2024\/10\/16142256\/atencao-aviso-1024x768.jpg 1024w, https:\/\/cj.estrategia.com\/portal\/wp-content\/uploads\/2024\/10\/16142256\/atencao-aviso-300x225.jpg 300w, https:\/\/cj.estrategia.com\/portal\/wp-content\/uploads\/2024\/10\/16142256\/atencao-aviso-768x576.jpg 768w, https:\/\/cj.estrategia.com\/portal\/wp-content\/uploads\/2024\/10\/16142256\/atencao-aviso-1536x1152.jpg 1536w, https:\/\/cj.estrategia.com\/portal\/wp-content\/uploads\/2024\/10\/16142256\/atencao-aviso-2048x1536.jpg 2048w, https:\/\/cj.estrategia.com\/portal\/wp-content\/uploads\/2024\/10\/16142256\/atencao-aviso-380x285.jpg 380w, https:\/\/cj.estrategia.com\/portal\/wp-content\/uploads\/2024\/10\/16142256\/atencao-aviso-800x600.jpg 800w, https:\/\/cj.estrategia.com\/portal\/wp-content\/uploads\/2024\/10\/16142256\/atencao-aviso-1160x870.jpg 1160w, https:\/\/cj.estrategia.com\/portal\/wp-content\/uploads\/2024\/10\/16142256\/atencao-aviso-150x113.jpg 150w, https:\/\/cj.estrategia.com\/portal\/wp-content\/uploads\/2024\/10\/16142256\/atencao-aviso-scaled.jpg 2560w\" sizes=\"(max-width: 1024px) 100vw, 1024px\" \/><\/figure><div class=\"wp-block-media-text__content\">\n<p>Portanto, o fato praticado pelo menor \u00e9 tipificado, em tese, como crime ambiental. Ocorre que, segundo nossa legisla\u00e7\u00e3o, o menor de 18 anos \u00e9 inimput\u00e1vel. Ou seja, ele n\u00e3o receber\u00e1 condena\u00e7\u00e3o a penas pela pr\u00e1tica de crimes. <strong><mark style=\"background-color:#8ed1fc\" class=\"has-inline-color\">Ele n\u00e3o comete crime!<\/mark><\/strong><\/p>\n<\/div><\/div>\n\n\n\n<pre class=\"wp-block-preformatted\"><strong>ECA<\/strong>\n\nArt. 104. S\u00e3o penalmente inimput\u00e1veis os menores de dezoito anos, sujeitos \u00e0s medidas previstas nesta Lei.<\/pre>\n\n\n\n<p>A norma infraconstitucional por excel\u00eancia para a tutela dos jovens \u00e9 o Estatuto da Crian\u00e7a e do Adolescente &#8211; ECA (Lei n\u00ba 8.069\/90).<\/p>\n\n\n\n<p>Quem comete um crime (18 anos em diante) responde pelas penas previstas no C\u00f3digo Penal. J\u00e1 as crian\u00e7as e adolescentes infratores se submetem a medidas previstas no Estatuto da Crian\u00e7a e do Adolescente &#8211; Lei 8.069\/90.<\/p>\n\n\n\n<p>Assim, para o ECA temos os seguintes conceitos (artigo 2\u00ba):<\/p>\n\n\n\n<figure class=\"wp-block-pullquote\"><blockquote><p><strong><mark style=\"background-color:rgba(0, 0, 0, 0)\" class=\"has-inline-color has-vivid-cyan-blue-color\">Considera-se crian\u00e7a a pessoa at\u00e9 doze anos de idade incompletos, e adolescente aquela entre doze e dezoito anos de idade.<\/mark><\/strong><\/p><\/blockquote><\/figure>\n\n\n\n<h3 class=\"wp-block-heading\" id=\"h-ato-infracional\"><span id=\"ato-infracional\">Ato infracional<\/span><\/h3>\n\n\n\n<p>O artigo 103, do ECA, conceitua <strong><mark style=\"background-color:rgba(0, 0, 0, 0)\" class=\"has-inline-color has-vivid-red-color\">ato infracional<\/mark> <\/strong>como sendo <strong>a conduta descrita como crime ou contraven\u00e7\u00e3o penal, mas praticada por crian\u00e7a ou adolescente.<\/strong> No caso de ato infracional cometido por crian\u00e7a (menor de 12 anos) teremos as seguintes medidas aplic\u00e1veis (artigo 105 do ECA):<\/p>\n\n\n\n<p><strong>I &#8211; encaminhamento aos pais ou respons\u00e1vel, mediante termo de responsabilidade;<\/strong><\/p>\n\n\n\n<p><strong>II &#8211; orienta\u00e7\u00e3o, apoio e acompanhamento tempor\u00e1rios;<\/strong><\/p>\n\n\n\n<p><strong>III &#8211; matr\u00edcula e freq\u00fc\u00eancia obrigat\u00f3rias em estabelecimento oficial de ensino fundamental;<\/strong><\/p>\n\n\n\n<p><strong>IV &#8211; inclus\u00e3o em servi\u00e7os e programas oficiais ou comunit\u00e1rios de prote\u00e7\u00e3o, apoio e promo\u00e7\u00e3o da fam\u00edlia, da crian\u00e7a e do adolescente;<\/strong><\/p>\n\n\n\n<p><strong>V &#8211; requisi\u00e7\u00e3o de tratamento m\u00e9dico, psicol\u00f3gico ou psiqui\u00e1trico, em regime hospitalar ou ambulatorial;<\/strong><\/p>\n\n\n\n<p><strong>VI &#8211; inclus\u00e3o em programa oficial ou comunit\u00e1rio de aux\u00edlio, orienta\u00e7\u00e3o e tratamento a alco\u00f3latras e toxic\u00f4manos;<\/strong><\/p>\n\n\n\n<p><strong>VII &#8211; acolhimento institucional;<\/strong><\/p>\n\n\n\n<p><strong>VIII &#8211; inclus\u00e3o em programa de acolhimento familiar;<\/strong><\/p>\n\n\n\n<p><strong>IX &#8211; coloca\u00e7\u00e3o em fam\u00edlia substituta.<\/strong><\/p>\n\n\n\n<p>Enfim, o ato do garoto de 9 anos de maltratar e matar os animais n\u00e3o pode se enquadrar como crime, mas sim como ato infracional, e poder\u00e1 gerar a responsabiliza\u00e7\u00e3o dos respons\u00e1veis na esfera c\u00edvel por todos os danos causados (materiais e morais).<\/p>\n\n\n\n<p>Al\u00e9m do mais, recomenda-se que o menor passe por um intenso acompanhamento psicossocial, a fim de garantir seu bem-estar, com a detec\u00e7\u00e3o e tratamento de eventuais transtornos que possam acomet\u00ea-lo.<\/p>\n\n\n\n<p>\u00d3timo tema ent\u00e3o para prova de direito penal, ECA, processo penal e civil.<\/p>\n\n\n\n<hr class=\"wp-block-separator has-alpha-channel-opacity\"\/>\n\n\n\n<h2 class=\"wp-block-heading has-text-align-center\" id=\"h-quer-saber-quais-serao-os-proximos-concursos\"><span id=\"quer-saber-quais-serao-os-proximos-concursos\">Quer saber quais ser\u00e3o os pr\u00f3ximos concursos?<\/span><\/h2>\n\n\n\n<p class=\"has-text-align-center\">Confira nossos&nbsp;<a href=\"https:\/\/cj.estrategia.com\/portal\/\" target=\"_blank\" >artigos para Carreiras Jur\u00eddicas<\/a>!<\/p>\n\n\n\n<p class=\"has-text-align-center has-white-color has-pale-cyan-blue-background-color has-text-color has-background has-link-color wp-elements-f3d5123bb0c8e11604d0c8c7f1ea8be8\"><a href=\"https:\/\/www.estrategiaconcursos.com.br\/blog\/concursos-abertos\/\" target=\"_blank\" >Confira os concursos p\u00fablicos abertos<\/a><\/p>\n\n\n\n<p class=\"has-text-align-center has-white-color has-pale-cyan-blue-background-color has-text-color has-background has-link-color wp-elements-94f2aad2f2b05ea3152ac5320a17d121\"><a href=\"https:\/\/cj.estrategia.com\/portal\/web-stories\/\" target=\"_blank\" >Concursos 2024<\/a><\/p>\n\n\n\n<p class=\"has-text-align-center has-white-color has-pale-cyan-blue-background-color has-text-color has-background has-link-color wp-elements-39d5583f5e07927021e8942416a79d69\"><a href=\"https:\/\/cj.estrategia.com\/portal\/concursos-2025-carreiras-juridicas\/\" target=\"_blank\" >Concursos 2025<\/a><\/p>\n","protected":false},"excerpt":{"rendered":"* Thiago de Paula Leite \u00e9 procurador do Estado de S\u00e3o Paulo e professor de direito ambiental e&hellip;\n","protected":false},"author":81,"featured_media":80580,"comment_status":"open","ping_status":"open","sticky":false,"template":"","format":"standard","meta":{"_jetpack_memberships_contains_paid_content":false,"footnotes":""},"categories":[1],"tags":[336,1200,154,175,656,333],"tax_estado":[30,31,32,33,34,35,36,37,38,39,40,41,42,43,44,45,46,47,48,49,50,51,52,53,54,55,56,57],"class_list":{"0":"post-80579","1":"post","2":"type-post","3":"status-publish","4":"format-standard","5":"has-post-thumbnail","7":"category-carreiras-juridicas","8":"tag-analise-juridica","9":"tag-ato-infracional","10":"tag-direito-penal","11":"tag-eca","12":"tag-estatuto-da-crianca-e-do-adolescente","13":"tag-lei-de-crimes-ambientais","14":"tax_estado-ac","15":"tax_estado-al","16":"tax_estado-am","17":"tax_estado-ap","18":"tax_estado-ba","19":"tax_estado-ce","20":"tax_estado-concursos-federais","21":"tax_estado-df","22":"tax_estado-es","23":"tax_estado-go","24":"tax_estado-ma","25":"tax_estado-mg","26":"tax_estado-ms","27":"tax_estado-mt","28":"tax_estado-pa","29":"tax_estado-pb","30":"tax_estado-pe","31":"tax_estado-pi","32":"tax_estado-pr","33":"tax_estado-rj","34":"tax_estado-rn","35":"tax_estado-ro","36":"tax_estado-rr","37":"tax_estado-rs","38":"tax_estado-sc","39":"tax_estado-se","40":"tax_estado-sp","41":"tax_estado-to"},"acf":[],"yoast_head":"<!-- This site is optimized with the Yoast SEO Premium plugin v27.4 (Yoast SEO v27.4) - https:\/\/yoast.com\/product\/yoast-seo-premium-wordpress\/ -->\n<title>Crian\u00e7a acusada de maus-tratos a animais: ECA ou C\u00f3digo Penal?<\/title>\n<meta name=\"description\" content=\"Uma crian\u00e7a foi apontada como respons\u00e1vel por maus-tratos e morte de animais mantidos por hospital veterin\u00e1rio. Crime ou ato infracional?\" \/>\n<meta name=\"robots\" content=\"index, follow, max-snippet:-1, max-image-preview:large, max-video-preview:-1\" \/>\n<link rel=\"canonical\" href=\"https:\/\/cj.estrategia.com\/portal\/responsabilizacao-crianca-maus-tratos-animais\/\" \/>\n<meta property=\"og:locale\" content=\"pt_BR\" \/>\n<meta property=\"og:type\" content=\"article\" \/>\n<meta property=\"og:title\" content=\"An\u00e1lise jur\u00eddica da responsabiliza\u00e7\u00e3o da crian\u00e7a que invadiu hospital e esquartejou animais\" \/>\n<meta property=\"og:description\" content=\"Uma crian\u00e7a foi apontada como respons\u00e1vel por maus-tratos e morte de animais mantidos por hospital veterin\u00e1rio. Crime ou ato infracional?\" \/>\n<meta property=\"og:url\" content=\"https:\/\/cj.estrategia.com\/portal\/responsabilizacao-crianca-maus-tratos-animais\/\" \/>\n<meta property=\"og:site_name\" content=\"Blog - Carreiras Jur\u00eddicas - Estrat\u00e9gia\" \/>\n<meta property=\"article:publisher\" content=\"https:\/\/www.facebook.com\/estrategiacarreirajuridica\/\" \/>\n<meta property=\"article:published_time\" content=\"2024-10-16T17:30:24+00:00\" \/>\n<meta property=\"article:modified_time\" content=\"2024-10-22T22:58:36+00:00\" \/>\n<meta property=\"og:image\" content=\"https:\/\/cj.estrategia.com\/portal\/wp-content\/uploads\/2024\/10\/16134614\/crianca-mata-animais.png\" \/>\n\t<meta property=\"og:image:width\" content=\"1200\" \/>\n\t<meta property=\"og:image:height\" content=\"675\" \/>\n\t<meta property=\"og:image:type\" content=\"image\/png\" \/>\n<meta name=\"author\" content=\"Thiago Leite\" \/>\n<meta name=\"twitter:card\" content=\"summary_large_image\" \/>\n<meta name=\"twitter:creator\" content=\"@EstratJuridica\" \/>\n<meta name=\"twitter:site\" content=\"@EstratJuridica\" \/>\n<meta name=\"twitter:label1\" content=\"Escrito por\" \/>\n\t<meta name=\"twitter:data1\" content=\"Thiago Leite\" \/>\n\t<meta name=\"twitter:label2\" content=\"Est. tempo de leitura\" \/>\n\t<meta name=\"twitter:data2\" content=\"5 minutos\" \/>\n<script type=\"application\/ld+json\" class=\"yoast-schema-graph\">{\"@context\":\"https:\\\/\\\/schema.org\",\"@graph\":[{\"@type\":\"NewsArticle\",\"@id\":\"https:\\\/\\\/cj.estrategia.com\\\/portal\\\/responsabilizacao-crianca-maus-tratos-animais\\\/#article\",\"isPartOf\":{\"@id\":\"https:\\\/\\\/cj.estrategia.com\\\/portal\\\/responsabilizacao-crianca-maus-tratos-animais\\\/\"},\"author\":{\"name\":\"Thiago Leite\",\"@id\":\"https:\\\/\\\/cj.estrategia.com\\\/portal\\\/#\\\/schema\\\/person\\\/7d7d2b1c8386e2eeacc0b09cfbc1d0ff\"},\"headline\":\"An\u00e1lise jur\u00eddica da responsabiliza\u00e7\u00e3o da crian\u00e7a que invadiu hospital e esquartejou animais\",\"datePublished\":\"2024-10-16T17:30:24+00:00\",\"dateModified\":\"2024-10-22T22:58:36+00:00\",\"mainEntityOfPage\":{\"@id\":\"https:\\\/\\\/cj.estrategia.com\\\/portal\\\/responsabilizacao-crianca-maus-tratos-animais\\\/\"},\"wordCount\":850,\"commentCount\":0,\"publisher\":{\"@id\":\"https:\\\/\\\/cj.estrategia.com\\\/portal\\\/#organization\"},\"image\":{\"@id\":\"https:\\\/\\\/cj.estrategia.com\\\/portal\\\/responsabilizacao-crianca-maus-tratos-animais\\\/#primaryimage\"},\"thumbnailUrl\":\"https:\\\/\\\/cj.estrategia.com\\\/portal\\\/wp-content\\\/uploads\\\/2024\\\/10\\\/16134614\\\/crianca-mata-animais.png\",\"keywords\":[\"an\u00e1lise jur\u00eddica\",\"ato infracional\",\"direito penal\",\"ECA\",\"Estatuto da Crian\u00e7a e do Adolescente\",\"lei de crimes ambientais\"],\"articleSection\":[\"Carreiras Jur\u00eddicas\"],\"inLanguage\":\"pt-BR\",\"potentialAction\":[{\"@type\":\"CommentAction\",\"name\":\"Comment\",\"target\":[\"https:\\\/\\\/cj.estrategia.com\\\/portal\\\/responsabilizacao-crianca-maus-tratos-animais\\\/#respond\"]}]},{\"@type\":\"WebPage\",\"@id\":\"https:\\\/\\\/cj.estrategia.com\\\/portal\\\/responsabilizacao-crianca-maus-tratos-animais\\\/\",\"url\":\"https:\\\/\\\/cj.estrategia.com\\\/portal\\\/responsabilizacao-crianca-maus-tratos-animais\\\/\",\"name\":\"Crian\u00e7a acusada de maus-tratos a animais: ECA ou C\u00f3digo Penal?\",\"isPartOf\":{\"@id\":\"https:\\\/\\\/cj.estrategia.com\\\/portal\\\/#website\"},\"primaryImageOfPage\":{\"@id\":\"https:\\\/\\\/cj.estrategia.com\\\/portal\\\/responsabilizacao-crianca-maus-tratos-animais\\\/#primaryimage\"},\"image\":{\"@id\":\"https:\\\/\\\/cj.estrategia.com\\\/portal\\\/responsabilizacao-crianca-maus-tratos-animais\\\/#primaryimage\"},\"thumbnailUrl\":\"https:\\\/\\\/cj.estrategia.com\\\/portal\\\/wp-content\\\/uploads\\\/2024\\\/10\\\/16134614\\\/crianca-mata-animais.png\",\"datePublished\":\"2024-10-16T17:30:24+00:00\",\"dateModified\":\"2024-10-22T22:58:36+00:00\",\"description\":\"Uma crian\u00e7a foi apontada como respons\u00e1vel por maus-tratos e morte de animais mantidos por hospital veterin\u00e1rio. Crime ou ato infracional?\",\"breadcrumb\":{\"@id\":\"https:\\\/\\\/cj.estrategia.com\\\/portal\\\/responsabilizacao-crianca-maus-tratos-animais\\\/#breadcrumb\"},\"inLanguage\":\"pt-BR\",\"potentialAction\":[{\"@type\":\"ReadAction\",\"target\":[\"https:\\\/\\\/cj.estrategia.com\\\/portal\\\/responsabilizacao-crianca-maus-tratos-animais\\\/\"]}]},{\"@type\":\"ImageObject\",\"inLanguage\":\"pt-BR\",\"@id\":\"https:\\\/\\\/cj.estrategia.com\\\/portal\\\/responsabilizacao-crianca-maus-tratos-animais\\\/#primaryimage\",\"url\":\"https:\\\/\\\/cj.estrategia.com\\\/portal\\\/wp-content\\\/uploads\\\/2024\\\/10\\\/16134614\\\/crianca-mata-animais.png\",\"contentUrl\":\"https:\\\/\\\/cj.estrategia.com\\\/portal\\\/wp-content\\\/uploads\\\/2024\\\/10\\\/16134614\\\/crianca-mata-animais.png\",\"width\":1200,\"height\":675},{\"@type\":\"BreadcrumbList\",\"@id\":\"https:\\\/\\\/cj.estrategia.com\\\/portal\\\/responsabilizacao-crianca-maus-tratos-animais\\\/#breadcrumb\",\"itemListElement\":[{\"@type\":\"ListItem\",\"position\":1,\"name\":\"In\u00edcio\",\"item\":\"https:\\\/\\\/cj.estrategia.com\\\/portal\\\/\"},{\"@type\":\"ListItem\",\"position\":2,\"name\":\"An\u00e1lise jur\u00eddica da responsabiliza\u00e7\u00e3o da crian\u00e7a que invadiu hospital e esquartejou animais\"}]},{\"@type\":\"WebSite\",\"@id\":\"https:\\\/\\\/cj.estrategia.com\\\/portal\\\/#website\",\"url\":\"https:\\\/\\\/cj.estrategia.com\\\/portal\\\/\",\"name\":\"Blog - Carreiras Jur\u00eddicas - Estrat\u00e9gia\",\"description\":\"\",\"publisher\":{\"@id\":\"https:\\\/\\\/cj.estrategia.com\\\/portal\\\/#organization\"},\"potentialAction\":[{\"@type\":\"SearchAction\",\"target\":{\"@type\":\"EntryPoint\",\"urlTemplate\":\"https:\\\/\\\/cj.estrategia.com\\\/portal\\\/?s={search_term_string}\"},\"query-input\":{\"@type\":\"PropertyValueSpecification\",\"valueRequired\":true,\"valueName\":\"search_term_string\"}}],\"inLanguage\":\"pt-BR\"},{\"@type\":\"Organization\",\"@id\":\"https:\\\/\\\/cj.estrategia.com\\\/portal\\\/#organization\",\"name\":\"Estrat\u00e9gia - Carreiras Jur\u00eddicas\",\"url\":\"https:\\\/\\\/cj.estrategia.com\\\/portal\\\/\",\"logo\":{\"@type\":\"ImageObject\",\"inLanguage\":\"pt-BR\",\"@id\":\"https:\\\/\\\/cj.estrategia.com\\\/portal\\\/#\\\/schema\\\/logo\\\/image\\\/\",\"url\":\"https:\\\/\\\/cj.estrategia.com\\\/portal\\\/wp-content\\\/uploads\\\/2022\\\/03\\\/11151052\\\/cj-logo.png\",\"contentUrl\":\"https:\\\/\\\/cj.estrategia.com\\\/portal\\\/wp-content\\\/uploads\\\/2022\\\/03\\\/11151052\\\/cj-logo.png\",\"width\":150,\"height\":39,\"caption\":\"Estrat\u00e9gia - Carreiras Jur\u00eddicas\"},\"image\":{\"@id\":\"https:\\\/\\\/cj.estrategia.com\\\/portal\\\/#\\\/schema\\\/logo\\\/image\\\/\"},\"sameAs\":[\"https:\\\/\\\/www.facebook.com\\\/estrategiacarreirajuridica\\\/\",\"https:\\\/\\\/x.com\\\/EstratJuridica\",\"https:\\\/\\\/www.instagram.com\\\/estrategiacarreirajuridica\\\/\",\"https:\\\/\\\/www.youtube.com\\\/channel\\\/UClbMGuYbj2Mh1m3w144ETWQ\"]},{\"@type\":\"Person\",\"@id\":\"https:\\\/\\\/cj.estrategia.com\\\/portal\\\/#\\\/schema\\\/person\\\/7d7d2b1c8386e2eeacc0b09cfbc1d0ff\",\"name\":\"Thiago Leite\",\"image\":{\"@type\":\"ImageObject\",\"inLanguage\":\"pt-BR\",\"@id\":\"https:\\\/\\\/secure.gravatar.com\\\/avatar\\\/15ff5746ff9e313f1248fe2373ce03309054e96387bb9249055458d0c1aaa297?s=96&d=mm&r=g\",\"url\":\"https:\\\/\\\/secure.gravatar.com\\\/avatar\\\/15ff5746ff9e313f1248fe2373ce03309054e96387bb9249055458d0c1aaa297?s=96&d=mm&r=g\",\"contentUrl\":\"https:\\\/\\\/secure.gravatar.com\\\/avatar\\\/15ff5746ff9e313f1248fe2373ce03309054e96387bb9249055458d0c1aaa297?s=96&d=mm&r=g\",\"caption\":\"Thiago Leite\"},\"description\":\"Thiago de Paula Leite \u00e9 procurador do Estado de S\u00e3o Paulo e professor de direito ambiental e agr\u00e1rio do Estrat\u00e9gia.\",\"url\":\"https:\\\/\\\/cj.estrategia.com\\\/portal\\\/author\\\/thiago-leite\\\/\"}]}<\/script>\n<!-- \/ Yoast SEO Premium plugin. -->","yoast_head_json":{"title":"Crian\u00e7a acusada de maus-tratos a animais: ECA ou C\u00f3digo Penal?","description":"Uma crian\u00e7a foi apontada como respons\u00e1vel por maus-tratos e morte de animais mantidos por hospital veterin\u00e1rio. Crime ou ato infracional?","robots":{"index":"index","follow":"follow","max-snippet":"max-snippet:-1","max-image-preview":"max-image-preview:large","max-video-preview":"max-video-preview:-1"},"canonical":"https:\/\/cj.estrategia.com\/portal\/responsabilizacao-crianca-maus-tratos-animais\/","og_locale":"pt_BR","og_type":"article","og_title":"An\u00e1lise jur\u00eddica da responsabiliza\u00e7\u00e3o da crian\u00e7a que invadiu hospital e esquartejou animais","og_description":"Uma crian\u00e7a foi apontada como respons\u00e1vel por maus-tratos e morte de animais mantidos por hospital veterin\u00e1rio. Crime ou ato infracional?","og_url":"https:\/\/cj.estrategia.com\/portal\/responsabilizacao-crianca-maus-tratos-animais\/","og_site_name":"Blog - Carreiras Jur\u00eddicas - Estrat\u00e9gia","article_publisher":"https:\/\/www.facebook.com\/estrategiacarreirajuridica\/","article_published_time":"2024-10-16T17:30:24+00:00","article_modified_time":"2024-10-22T22:58:36+00:00","og_image":[{"width":1200,"height":675,"url":"https:\/\/cj.estrategia.com\/portal\/wp-content\/uploads\/2024\/10\/16134614\/crianca-mata-animais.png","type":"image\/png"}],"author":"Thiago Leite","twitter_card":"summary_large_image","twitter_creator":"@EstratJuridica","twitter_site":"@EstratJuridica","twitter_misc":{"Escrito por":"Thiago Leite","Est. tempo de leitura":"5 minutos"},"schema":{"@context":"https:\/\/schema.org","@graph":[{"@type":"NewsArticle","@id":"https:\/\/cj.estrategia.com\/portal\/responsabilizacao-crianca-maus-tratos-animais\/#article","isPartOf":{"@id":"https:\/\/cj.estrategia.com\/portal\/responsabilizacao-crianca-maus-tratos-animais\/"},"author":{"name":"Thiago Leite","@id":"https:\/\/cj.estrategia.com\/portal\/#\/schema\/person\/7d7d2b1c8386e2eeacc0b09cfbc1d0ff"},"headline":"An\u00e1lise jur\u00eddica da responsabiliza\u00e7\u00e3o da crian\u00e7a que invadiu hospital e esquartejou animais","datePublished":"2024-10-16T17:30:24+00:00","dateModified":"2024-10-22T22:58:36+00:00","mainEntityOfPage":{"@id":"https:\/\/cj.estrategia.com\/portal\/responsabilizacao-crianca-maus-tratos-animais\/"},"wordCount":850,"commentCount":0,"publisher":{"@id":"https:\/\/cj.estrategia.com\/portal\/#organization"},"image":{"@id":"https:\/\/cj.estrategia.com\/portal\/responsabilizacao-crianca-maus-tratos-animais\/#primaryimage"},"thumbnailUrl":"https:\/\/cj.estrategia.com\/portal\/wp-content\/uploads\/2024\/10\/16134614\/crianca-mata-animais.png","keywords":["an\u00e1lise jur\u00eddica","ato infracional","direito penal","ECA","Estatuto da Crian\u00e7a e do Adolescente","lei de crimes ambientais"],"articleSection":["Carreiras Jur\u00eddicas"],"inLanguage":"pt-BR","potentialAction":[{"@type":"CommentAction","name":"Comment","target":["https:\/\/cj.estrategia.com\/portal\/responsabilizacao-crianca-maus-tratos-animais\/#respond"]}]},{"@type":"WebPage","@id":"https:\/\/cj.estrategia.com\/portal\/responsabilizacao-crianca-maus-tratos-animais\/","url":"https:\/\/cj.estrategia.com\/portal\/responsabilizacao-crianca-maus-tratos-animais\/","name":"Crian\u00e7a acusada de maus-tratos a animais: ECA ou C\u00f3digo Penal?","isPartOf":{"@id":"https:\/\/cj.estrategia.com\/portal\/#website"},"primaryImageOfPage":{"@id":"https:\/\/cj.estrategia.com\/portal\/responsabilizacao-crianca-maus-tratos-animais\/#primaryimage"},"image":{"@id":"https:\/\/cj.estrategia.com\/portal\/responsabilizacao-crianca-maus-tratos-animais\/#primaryimage"},"thumbnailUrl":"https:\/\/cj.estrategia.com\/portal\/wp-content\/uploads\/2024\/10\/16134614\/crianca-mata-animais.png","datePublished":"2024-10-16T17:30:24+00:00","dateModified":"2024-10-22T22:58:36+00:00","description":"Uma crian\u00e7a foi apontada como respons\u00e1vel por maus-tratos e morte de animais mantidos por hospital veterin\u00e1rio. Crime ou ato infracional?","breadcrumb":{"@id":"https:\/\/cj.estrategia.com\/portal\/responsabilizacao-crianca-maus-tratos-animais\/#breadcrumb"},"inLanguage":"pt-BR","potentialAction":[{"@type":"ReadAction","target":["https:\/\/cj.estrategia.com\/portal\/responsabilizacao-crianca-maus-tratos-animais\/"]}]},{"@type":"ImageObject","inLanguage":"pt-BR","@id":"https:\/\/cj.estrategia.com\/portal\/responsabilizacao-crianca-maus-tratos-animais\/#primaryimage","url":"https:\/\/cj.estrategia.com\/portal\/wp-content\/uploads\/2024\/10\/16134614\/crianca-mata-animais.png","contentUrl":"https:\/\/cj.estrategia.com\/portal\/wp-content\/uploads\/2024\/10\/16134614\/crianca-mata-animais.png","width":1200,"height":675},{"@type":"BreadcrumbList","@id":"https:\/\/cj.estrategia.com\/portal\/responsabilizacao-crianca-maus-tratos-animais\/#breadcrumb","itemListElement":[{"@type":"ListItem","position":1,"name":"In\u00edcio","item":"https:\/\/cj.estrategia.com\/portal\/"},{"@type":"ListItem","position":2,"name":"An\u00e1lise jur\u00eddica da responsabiliza\u00e7\u00e3o da crian\u00e7a que invadiu hospital e esquartejou animais"}]},{"@type":"WebSite","@id":"https:\/\/cj.estrategia.com\/portal\/#website","url":"https:\/\/cj.estrategia.com\/portal\/","name":"Blog - Carreiras Jur\u00eddicas - Estrat\u00e9gia","description":"","publisher":{"@id":"https:\/\/cj.estrategia.com\/portal\/#organization"},"potentialAction":[{"@type":"SearchAction","target":{"@type":"EntryPoint","urlTemplate":"https:\/\/cj.estrategia.com\/portal\/?s={search_term_string}"},"query-input":{"@type":"PropertyValueSpecification","valueRequired":true,"valueName":"search_term_string"}}],"inLanguage":"pt-BR"},{"@type":"Organization","@id":"https:\/\/cj.estrategia.com\/portal\/#organization","name":"Estrat\u00e9gia - Carreiras Jur\u00eddicas","url":"https:\/\/cj.estrategia.com\/portal\/","logo":{"@type":"ImageObject","inLanguage":"pt-BR","@id":"https:\/\/cj.estrategia.com\/portal\/#\/schema\/logo\/image\/","url":"https:\/\/cj.estrategia.com\/portal\/wp-content\/uploads\/2022\/03\/11151052\/cj-logo.png","contentUrl":"https:\/\/cj.estrategia.com\/portal\/wp-content\/uploads\/2022\/03\/11151052\/cj-logo.png","width":150,"height":39,"caption":"Estrat\u00e9gia - Carreiras Jur\u00eddicas"},"image":{"@id":"https:\/\/cj.estrategia.com\/portal\/#\/schema\/logo\/image\/"},"sameAs":["https:\/\/www.facebook.com\/estrategiacarreirajuridica\/","https:\/\/x.com\/EstratJuridica","https:\/\/www.instagram.com\/estrategiacarreirajuridica\/","https:\/\/www.youtube.com\/channel\/UClbMGuYbj2Mh1m3w144ETWQ"]},{"@type":"Person","@id":"https:\/\/cj.estrategia.com\/portal\/#\/schema\/person\/7d7d2b1c8386e2eeacc0b09cfbc1d0ff","name":"Thiago Leite","image":{"@type":"ImageObject","inLanguage":"pt-BR","@id":"https:\/\/secure.gravatar.com\/avatar\/15ff5746ff9e313f1248fe2373ce03309054e96387bb9249055458d0c1aaa297?s=96&d=mm&r=g","url":"https:\/\/secure.gravatar.com\/avatar\/15ff5746ff9e313f1248fe2373ce03309054e96387bb9249055458d0c1aaa297?s=96&d=mm&r=g","contentUrl":"https:\/\/secure.gravatar.com\/avatar\/15ff5746ff9e313f1248fe2373ce03309054e96387bb9249055458d0c1aaa297?s=96&d=mm&r=g","caption":"Thiago Leite"},"description":"Thiago de Paula Leite \u00e9 procurador do Estado de S\u00e3o Paulo e professor de direito ambiental e agr\u00e1rio do Estrat\u00e9gia.","url":"https:\/\/cj.estrategia.com\/portal\/author\/thiago-leite\/"}]}},"jetpack_featured_media_url":"https:\/\/cj.estrategia.com\/portal\/wp-content\/uploads\/2024\/10\/16134614\/crianca-mata-animais.png","jetpack_sharing_enabled":true,"_links":{"self":[{"href":"https:\/\/cj.estrategia.com\/portal\/wp-json\/wp\/v2\/posts\/80579","targetHints":{"allow":["GET"]}}],"collection":[{"href":"https:\/\/cj.estrategia.com\/portal\/wp-json\/wp\/v2\/posts"}],"about":[{"href":"https:\/\/cj.estrategia.com\/portal\/wp-json\/wp\/v2\/types\/post"}],"author":[{"embeddable":true,"href":"https:\/\/cj.estrategia.com\/portal\/wp-json\/wp\/v2\/users\/81"}],"replies":[{"embeddable":true,"href":"https:\/\/cj.estrategia.com\/portal\/wp-json\/wp\/v2\/comments?post=80579"}],"version-history":[{"count":4,"href":"https:\/\/cj.estrategia.com\/portal\/wp-json\/wp\/v2\/posts\/80579\/revisions"}],"predecessor-version":[{"id":81293,"href":"https:\/\/cj.estrategia.com\/portal\/wp-json\/wp\/v2\/posts\/80579\/revisions\/81293"}],"wp:featuredmedia":[{"embeddable":true,"href":"https:\/\/cj.estrategia.com\/portal\/wp-json\/wp\/v2\/media\/80580"}],"wp:attachment":[{"href":"https:\/\/cj.estrategia.com\/portal\/wp-json\/wp\/v2\/media?parent=80579"}],"wp:term":[{"taxonomy":"category","embeddable":true,"href":"https:\/\/cj.estrategia.com\/portal\/wp-json\/wp\/v2\/categories?post=80579"},{"taxonomy":"post_tag","embeddable":true,"href":"https:\/\/cj.estrategia.com\/portal\/wp-json\/wp\/v2\/tags?post=80579"},{"taxonomy":"tax_estado","embeddable":true,"href":"https:\/\/cj.estrategia.com\/portal\/wp-json\/wp\/v2\/tax_estado?post=80579"}],"curies":[{"name":"wp","href":"https:\/\/api.w.org\/{rel}","templated":true}]}}