{"id":80443,"date":"2024-10-15T15:09:19","date_gmt":"2024-10-15T18:09:19","guid":{"rendered":"https:\/\/cj.estrategia.com\/portal\/?p=80443"},"modified":"2024-10-15T15:09:25","modified_gmt":"2024-10-15T18:09:25","slug":"prova-comentada-legislacao-penal-especial-juiz-tj-sc","status":"publish","type":"post","link":"https:\/\/cj.estrategia.com\/portal\/prova-comentada-legislacao-penal-especial-juiz-tj-sc\/","title":{"rendered":"Prova comentada Legisla\u00e7\u00e3o Penal Especial Juiz TJ SC"},"content":{"rendered":"<a id=\"cta-icon\" href=\"https:\/\/sndflw.com\/i\/magistratura-estadual-grupo\" target=\"blank\" style=\"background:rgb(41,166,26)\">\n            <img decoding=\"async\" src=\"https:\/\/cj.estrategia.com\/portal\/wp-content\/uploads\/2023\/12\/07160657\/whatsapp_1385.webp\" alt=\"\" alt=\"whatsapp_1385\"><span > Acesse agora o Grupo de Estudos para Magistratura Estadual <\/span><\/a>\n\n\n\n<p>Ol\u00e1, pessoal, tudo certo?!<\/p>\n\n\n\n<p>Em 13\/10\/2024, foi aplicada a prova objetiva do concurso p\u00fablico para o <strong>Tribunal de Justi\u00e7a de Santa Catarina<\/strong>. Assim que divulgados o caderno de provas e o gabarito preliminar oficial, nosso time de professores analisou cada uma das quest\u00f5es que agora ser\u00e3o apresentadas em nossa <strong>PROVA COMENTADA<\/strong>.<\/p>\n\n\n\n<p>Este material visa a auxili\u00e1-los na aferi\u00e7\u00e3o das notas, elabora\u00e7\u00e3o de eventuais recursos, verifica\u00e7\u00e3o das chances de avan\u00e7o para fase discursiva, bem como na revis\u00e3o do conte\u00fado cobrado no certame.<\/p>\n\n\n\n<p>Desde j\u00e1, destacamos que nosso time de professores identificou 12 quest\u00f5es pass\u00edveis de recurso e\/ou que devem ser anuladas, por apresentarem duas ou nenhuma alternativa correta, como veremos adiante. No tipo de prova comentado, trata-se das quest\u00f5es 06, 27, 33, 35, 37, 39, 48, 53, 69, 75, 95 e 96.<\/p>\n\n\n\n<p>De modo complementar, elaboramos tamb\u00e9m o <strong><a href=\"https:\/\/cj.estrategia.com\/cadernos-e-simulados\/simulados\/e61f9c06-02a4-4597-9374-f7cedf6dc6ee\" target=\"_blank\" >RANKING do TJ-SC<\/a> <\/strong>em que nossos alunos e seguidores poder\u00e3o inserir suas respostas \u00e0 prova, e, ao final, aferir sua nota, de acordo com o gabarito elaborado por nossos professores. Atrav\u00e9s do ranking, tamb\u00e9m poderemos estimar a nota de corte da 1\u00ba fase. Essa ferramenta \u00e9 gratuita!<\/p>\n\n\n\n<p>Al\u00e9m disso, montamos um caderno para nossos seguidores, alunos ou n\u00e3o, verem os coment\u00e1rios e comentar as quest\u00f5es da prova!<a href=\"https:\/\/cj.estrategia.com\/cadernos-e-simulados\/cadernos\/190ce6ae-a8b7-452e-9c4a-779ebcf31637\" target=\"_blank\" > Confira AQUI!<\/a><\/p>\n\n\n\n<p>Por fim, comentaremos a prova, as quest\u00f5es mais pol\u00eamicas, as possibilidades de recurso, bem como a estimativa da nota de corte no <strong>TERM\u00d4METRO P\u00d3S-PROVA<\/strong>, no nosso canal do Youtube. Inscreva-se e ative as notifica\u00e7\u00f5es! <a href=\"https:\/\/www.youtube.com\/@EstrategiaCarreiraJuridica\"><strong>Estrat\u00e9gia Carreira Jur\u00eddica &#8211; YouTube<\/strong><\/a><\/p>\n\n\n\n<p class=\"has-text-align-center has-pale-ocean-gradient-background has-background\"><a href=\"https:\/\/cj.estrategia.com\/portal\/gabarito-extraoficial-tj-sc-juiz\/\">Confira AQUI as provas comentadas de todas as disciplinas <\/a><\/p>\n\n\n\n<h2 class=\"wp-block-heading has-vivid-red-color has-text-color has-link-color wp-elements-9bba1dd21e21952bd93e1ddda7e33f96\" id=\"h-prova-comentada-legislacao-penal-especial\"><span id=\"prova-comentada-legislacao-penal-especial\">Prova Comentada Legisla\u00e7\u00e3o Penal Especial<\/span><\/h2>\n\n\n\n<p><strong>QUEST\u00c3O 45. Jorge encontra-se preso devido a v\u00e1rias condena\u00e7\u00f5es pelo mesmo tipo penal, todas com tr\u00e2nsito em julgado. Em peti\u00e7\u00e3o apresentada pela sua defesa junto \u00e0 Vara de Execu\u00e7\u00e3o Penal, ele alega que entrou em vigor nova lei penal mais benigna, revogando causa de aumento de pena que fora aplicada nas condena\u00e7\u00f5es e demonstrando, ainda, que os delitos foram praticados em continuidade delitiva, tendo em vista serem da mesma esp\u00e9cie e terem sido cometidos sob as mesmas condi\u00e7\u00f5es de tempo, lugar e modo de execu\u00e7\u00e3o. Explica que as penas foram aplicadas em processos criminais distintos e foram, por isso, somadas no processo de execu\u00e7\u00e3o penal, prejudicando-o. Quanto \u00e0 peti\u00e7\u00e3o da defesa, \u00e9 correto afirmar que: A<\/strong><\/p>\n\n\n\n<p><strong>a) ambas as teses apresentadas pela defesa de Jorge s\u00e3o de compet\u00eancia do ju\u00edzo de execu\u00e7\u00e3o penal e podem ser por ele apreciadas e decididas;&nbsp;<\/strong><\/p>\n\n\n\n<p><strong>b) somente a aplica\u00e7\u00e3o da lei penal mais benigna compete ao ju\u00edzo de execu\u00e7\u00e3o penal, devendo a tese de continuidade delitiva ser objeto de revis\u00e3o criminal;&nbsp;<\/strong><\/p>\n\n\n\n<p><strong>c) somente a an\u00e1lise e o reconhecimento da continuidade delitiva competem ao ju\u00edzo de execu\u00e7\u00e3o penal, devendo a aplica\u00e7\u00e3o de lei penal mais benigna ser objeto de revis\u00e3o criminal;<\/strong><\/p>\n\n\n\n<p><strong>d) a aplica\u00e7\u00e3o da lei penal mais benigna compete ao ju\u00edzo da condena\u00e7\u00e3o e a aprecia\u00e7\u00e3o do pedido de reconhecimento da continuidade delitiva entre as condena\u00e7\u00f5es cabe ao ju\u00edzo de execu\u00e7\u00e3o penal;<\/strong><\/p>\n\n\n\n<p><strong>e) ambas as teses apresentadas pela defesa de Jorge devem ser objeto de uma ou mais a\u00e7\u00f5es de revis\u00e3o criminal junto ao Tribunal de Justi\u00e7a de Santa Catarina, n\u00e3o sendo compet\u00eancia do ju\u00edzo de execu\u00e7\u00e3o penal apreciar o pedido.<\/strong><\/p>\n\n\n\n<p><strong>Coment\u00e1rios<\/strong><\/p>\n\n\n\n<p>A alternativa correta \u00e9 a <strong>letra A<\/strong>. A quest\u00e3o trata da compet\u00eancia do ju\u00edzo da Execu\u00e7\u00e3o Penal.&nbsp;<\/p>\n\n\n\n<p>O art. 66, inc. I, da Lei de Execu\u00e7\u00e3o Penal trata do assunto, dispondo: \u201cArt. 66. Compete ao Juiz da execu\u00e7\u00e3o: I &#8211; aplicar aos casos julgados lei posterior que de qualquer modo favorecer o condenado\u201d. Portanto, quanto \u00e0 aplica\u00e7\u00e3o da lei penal mais benigna, \u00e9 de compet\u00eancia do ju\u00edzo da execu\u00e7\u00e3o penal por for\u00e7a de previs\u00e3o legal. No que tange \u00e0 possibilidade de aplica\u00e7\u00e3o da continuidade delitiva pelo juiz da execu\u00e7\u00e3o, o Superior Tribunal de Justi\u00e7a j\u00e1 se manifestou no sentido de que \u200b\u200bo juiz da Vara de Execu\u00e7\u00f5es Penais (VEC) tem compet\u00eancia para examinar a ocorr\u00eancia de continuidade delitiva (<a href=\"http:\/\/www.planalto.gov.br\/ccivil_03\/decreto-lei\/del2848.htm#art71\">artigo 71<\/a> do C\u00f3digo Penal \u2013 CP) no caso em que o r\u00e9u for condenado em diferentes processos (STJ, AgRg no AGRAVO EM RECURSO ESPECIAL N\u00ba 1422493 &#8211; DF (2018\/0345882-9).\u00a0 Dessa forma, como o caso em quest\u00e3o deixa claro haver v\u00e1rias condena\u00e7\u00f5es em processos distintos, pois menciona mais de um tr\u00e2nsito em julgado, conclui-se que seria poss\u00edvel a an\u00e1lise pelo magistrado da fase da execu\u00e7\u00e3o. Assim, correta a alternativa A, j\u00e1 que ambas as teses podem ser analisadas pelo juiz da execu\u00e7\u00e3o.<\/p>\n\n\n\n<p><strong>QUEST\u00c3O 53 Jos\u00e9 cometeu crime de les\u00e3o corporal de natureza leve, no contexto de viol\u00eancia dom\u00e9stica e familiar contra a sua esposa Fab\u00edola, tendo-a agredido com socos e pontap\u00e9s. Relatado o inqu\u00e9rito policial que indiciou Jos\u00e9, verificou-se que este n\u00e3o ostenta qualquer anota\u00e7\u00e3o criminal em sua folha de antecedentes, tampouco foi beneficiado anteriormente com qualquer instituto despenalizador.<\/strong><\/p>\n\n\n\n<p><strong>Nesse contexto, \u00e9 correto afirmar que:<\/strong><\/p>\n\n\n\n<p><strong>a) poder\u00e1 o Minist\u00e9rio P\u00fablico, com o oferecimento da den\u00fancia, propor a Jos\u00e9 o benef\u00edcio da suspens\u00e3o condicional do processo;<\/strong><\/p>\n\n\n\n<p><strong>b) poder\u00e1 o Minist\u00e9rio P\u00fablico, antes da den\u00fancia, oferecer a Jos\u00e9 o acordo de n\u00e3o persecu\u00e7\u00e3o penal desde que haja repara\u00e7\u00e3o do dano \u00e0 v\u00edtima;<\/strong><\/p>\n\n\n\n<p><strong>c) poder\u00e1 o juiz designar, a pedido de Fabiola, audi\u00eancia para que esta se retrate da representa\u00e7\u00e3o, antes de recebida a den\u00fancia e ouvido o Minist\u00e9rio P\u00fablico;&nbsp;<\/strong><\/p>\n\n\n\n<p><strong>d) poder\u00e1 o Minist\u00e9rio P\u00fablico oferecer proposta de transa\u00e7\u00e3o penal a Jos\u00e9, consistente em presta\u00e7\u00e3o pecuni\u00e1ria e presta\u00e7\u00e3o de servi\u00e7os \u00e0 comunidade;<\/strong><\/p>\n\n\n\n<p><strong>e) poder\u00e1 o juiz designar audi\u00eancia de composi\u00e7\u00e3o civil dos danos, a qual, se homologada, importar\u00e1 ren\u00fancia ao direito de representa\u00e7\u00e3o.<\/strong><\/p>\n\n\n\n<p><strong>Coment\u00e1rios<\/strong><\/p>\n\n\n\n<p>Em nossa vis\u00e3o, n\u00e3o h\u00e1 alternativa correta nesta quest\u00e3o. A quest\u00e3o trata sobre viol\u00eancia dom\u00e9stica e familiar.<\/p>\n\n\n\n<p>A alternativa A est\u00e1 incorreta. O benef\u00edcio da suspens\u00e3o condicional do processo \u00e9 previsto no art. 89 da Lei n. 9.099\/95, que prev\u00ea:&nbsp; \u201cNos crimes em que a pena m\u00ednima cominada for igual ou inferior a um ano, abrangidas ou n\u00e3o por esta Lei, o Minist\u00e9rio P\u00fablico, ao oferecer a den\u00fancia, poder\u00e1 propor a suspens\u00e3o do processo, por dois a quatro anos, desde que o acusado n\u00e3o esteja sendo processado ou n\u00e3o tenha sido condenado por outro crime, presentes os demais requisitos que autorizariam a suspens\u00e3o condicional da pena (art. 77 do C\u00f3digo Penal)\u201d. Ocorre que o enunciado explana situa\u00e7\u00e3o envolvendo viol\u00eancia dom\u00e9stica e familiar contra a mulher. A Lei Maria da Penha (Lei n. 11.340\/06) veda a aplica\u00e7\u00e3o da Lei n. 9.099\/95: \u201cArt. 41. Aos crimes praticados com viol\u00eancia dom\u00e9stica e familiar contra a mulher, independentemente da pena prevista, n\u00e3o se aplica a Lei n\u00ba 9.099, de 26 de setembro de 1995\u201d.<\/p>\n\n\n\n<p>A alternativa B est\u00e1 incorreta. O ANPP, previsto no art. 28-A do C\u00f3digo de Processo Penal, pressup\u00f5e que o crime n\u00e3o seja cometido com viol\u00eancia, bem como veda a aplica\u00e7\u00e3o no \u00e2mbito de viol\u00eancia dom\u00e9stica ou familiar, ou praticados contra a mulher por raz\u00f5es da condi\u00e7\u00e3o de sexo feminino, em favor do agressor: \u201cArt. 28-A. N\u00e3o sendo caso de arquivamento e tendo o investigado confessado formal e circunstancialmente a pr\u00e1tica de infra\u00e7\u00e3o penal sem viol\u00eancia ou grave amea\u00e7a e com pena m\u00ednima inferior a 4 (quatro) anos, o Minist\u00e9rio P\u00fablico poder\u00e1 propor acordo de n\u00e3o persecu\u00e7\u00e3o penal, desde que necess\u00e1rio e suficiente para reprova\u00e7\u00e3o e preven\u00e7\u00e3o do crime, mediante as seguintes condi\u00e7\u00f5es ajustadas cumulativa e alternativamente:\u00a72\u00baO disposto no caput deste artigo n\u00e3o se aplica nas seguintes hip\u00f3teses: (&#8230;) IV &#8211; nos crimes praticados no \u00e2mbito de viol\u00eancia dom\u00e9stica ou familiar, ou praticados contra a mulher por raz\u00f5es da condi\u00e7\u00e3o de sexo feminino, em favor do agressor.\u201d.<\/p>\n\n\n\n<p>A alternativa C est\u00e1 incorreta. O crime de les\u00e3o corporal leve, quando cometido no contexto de viol\u00eancia dom\u00e9stica, procede-se mediante a\u00e7\u00e3o penal p\u00fablica incondicionada \u00e0 representa\u00e7\u00e3o da ofendida.&nbsp; Nesse sentido \u00e9 a S\u00famula 542 do STJ: &#8220;A a\u00e7\u00e3o penal relativa ao crime de les\u00e3o corporal resultante de viol\u00eancia dom\u00e9stica contra a mulher \u00e9 p\u00fablica incondicionada&#8221;.&nbsp;<\/p>\n\n\n\n<p>A alternativa D est\u00e1 incorreta. A transa\u00e7\u00e3o penal \u00e9 prevista no art. 76 da Lei n. 9.099\/95 (Art. 76. Havendo representa\u00e7\u00e3o ou tratando-se de crime de a\u00e7\u00e3o penal p\u00fablica incondicionada, n\u00e3o sendo caso de arquivamento, o Minist\u00e9rio P\u00fablico poder\u00e1 propor a aplica\u00e7\u00e3o imediata de pena restritiva de direitos ou multas, a ser especificada na proposta) e a Lei Maria da Penha (Lei n. 11.340\/06) veda tal aplica\u00e7\u00e3o (art. 41).<\/p>\n\n\n\n<p>A alternativa E est\u00e1 incorreta. Neste caso n\u00e3o h\u00e1 que se falar em representa\u00e7\u00e3o, nos termos da S\u00famula 542 do STJ: &#8220;A a\u00e7\u00e3o penal relativa ao crime de les\u00e3o corporal resultante de viol\u00eancia dom\u00e9stica contra a mulher \u00e9 p\u00fablica incondicionada&#8221;.\u00a0<\/p>\n\n\n\n<p><strong>QUEST\u00c3O 59 Em investiga\u00e7\u00e3o criminal apurando crime de constitui\u00e7\u00e3o de organiza\u00e7\u00e3o criminosa, Greg\u00f3rio, que n\u00e3o era o l\u00edder da organiza\u00e7\u00e3o, resolveu celebrar, antes dos outros investigados, acordo de colabora\u00e7\u00e3o com o Minist\u00e9rio P\u00fablico.&nbsp;<\/strong><\/p>\n\n\n\n<p><strong>Nesse particular, relativamente ao acordo de colabora\u00e7\u00e3o e suas regras, \u00e9 correto afirmar que:<\/strong><\/p>\n\n\n\n<p><strong>a) o Minist\u00e9rio P\u00fablico poder\u00e1 deixar de oferecer den\u00fancia se a proposta de acordo de colabora\u00e7\u00e3o referir-se a infra\u00e7\u00e3o de cuja exist\u00eancia n\u00e3o tenha pr\u00e9vio conhecimento;<\/strong><\/p>\n\n\n\n<p><strong>b) o prazo para oferecimento de den\u00fancia relativo ao colaborador poder\u00e1 ser suspenso por at\u00e9 seis meses, n\u00e3o se suspendendo o respectivo prazo prescricional;<\/strong><\/p>\n\n\n\n<p><strong>c) o juiz poder\u00e1 participar das negocia\u00e7\u00f5es realizadas entre as partes para formaliza\u00e7\u00e3o do acordo de colabora\u00e7\u00e3o, se o pr\u00eamio acordado envolver o perd\u00e3o judicial;<\/strong><\/p>\n\n\n\n<p><strong>d) o colaborador poder\u00e1 retratar-se da proposta, caso em que as provas autoincriminat\u00f3rias por ele produzidas poder\u00e3o ser utilizadas em seu desfavor;<\/strong><\/p>\n\n\n\n<p><strong>e) o acordo homologado n\u00e3o poder\u00e1 ser rescindido em caso de omiss\u00e3o do colaborador sobre os fatos objeto da colabora\u00e7\u00e3o.<\/strong><\/p>\n\n\n\n<p><strong>Coment\u00e1rios<\/strong><\/p>\n\n\n\n<p>A alternativa correta \u00e9 a <strong>letra A<\/strong>. A quest\u00e3o trata sobre investiga\u00e7\u00e3o criminal.<\/p>\n\n\n\n<p>A alternativa A est\u00e1 correta. A Lei n. 12.850\/13 prev\u00ea expressamente tal possibilidade: \u201cArt. 4\u00ba (&#8230;) \u00a7 4\u00ba Nas mesmas hip\u00f3teses do caput deste artigo, o Minist\u00e9rio P\u00fablico poder\u00e1 deixar de oferecer den\u00fancia se a proposta de acordo de colabora\u00e7\u00e3o referir-se a infra\u00e7\u00e3o de cuja exist\u00eancia n\u00e3o tenha pr\u00e9vio conhecimento e o colaborador:&nbsp; I &#8211; n\u00e3o for o l\u00edder da organiza\u00e7\u00e3o criminosa; II &#8211; for o primeiro a prestar efetiva colabora\u00e7\u00e3o nos termos deste artigo\u201d.<\/p>\n\n\n\n<p>A alternativa B est\u00e1 incorreta. pois suspende o prazo prescricional, conforme art. 4, \u00a73\u00ba: \u201cO prazo para oferecimento de den\u00fancia ou o processo, relativos ao colaborador, poder\u00e1 ser suspenso por at\u00e9 6 (seis) meses, prorrog\u00e1veis por igual per\u00edodo, at\u00e9 que sejam cumpridas as medidas de colabora\u00e7\u00e3o, suspendendo-se o respectivo prazo prescricional.\u201d<\/p>\n\n\n\n<p>A alternativa C est\u00e1 incorreta. Uma vez que \u00e9 expressamente vedada a participa\u00e7\u00e3o do juiz na negocia\u00e7\u00e3o. Art. 4\u00ba, \u00a76\u00ba: \u201cO juiz n\u00e3o participar\u00e1 das negocia\u00e7\u00f5es realizadas entre as partes para a formaliza\u00e7\u00e3o do acordo de colabora\u00e7\u00e3o, que ocorrer\u00e1 entre o delegado de pol\u00edcia, o investigado e o defensor, com a manifesta\u00e7\u00e3o do Minist\u00e9rio P\u00fablico, ou, conforme o caso, entre o Minist\u00e9rio P\u00fablico e o investigado ou acusado e seu defensor\u201d.<\/p>\n\n\n\n<p>A alternativa D est\u00e1 incorreta. Pois a lei veda expressamente que as provas produzidas sejam utilizadas exclusivamente em desfavor do colaborador. Art. 4\u00ba, \u00a7 10: \u201cAs partes podem retratar-se da proposta, caso em que as provas autoincriminat\u00f3rias produzidas pelo colaborador n\u00e3o poder\u00e3o ser utilizadas exclusivamente em seu desfavor.\u201d.<\/p>\n\n\n\n<p>A alternativa E est\u00e1 incorreta. Pode ser rescindido em caso de omiss\u00e3o dolosa, nos termos do art. 4\u00ba, \u00a7 17: \u201cO acordo homologado poder\u00e1 ser rescindido em caso de omiss\u00e3o dolosa sobre os fatos objeto da colabora\u00e7\u00e3o.\u201d.<\/p>\n\n\n\n<p class=\"has-text-align-center has-very-light-gray-to-cyan-bluish-gray-gradient-background has-background\"><strong>Saiba mais: <a href=\"https:\/\/cj.estrategia.com\/portal\/concurso-magistratura-sc\/\">Concurso Magistratura SC<\/a><\/strong><\/p>\n\n\n\n<h2 class=\"wp-block-heading has-text-align-center\" id=\"cursos\"><span id=\"quer-saber-tudo-sobre-concursos-previstos-confira-nossos-artigos\">Quer saber tudo sobre concursos previstos? <br>Confira nossos artigos!<\/span><\/h2>\n\n\n\n\n\n<div class=\"container\" id=\"boxes\">\r\n  <div class=\"row\">\r\n\r\n    <div class=\"col-sm\">\r\n      <div class=\"banner-estrategia-concursos-juridicos\" id=\"box-assinatura\">\r\n        <h2 id=\"curso-para-magistratura-sc\" class=\"titulo-assinatura\"><span style=\"color: #ffffff; font-size: 23px; \">Curso para Magistratura SC <\/span><\/h2>\r\n        <p class=\"subtitulo-assinatura\">Cursos focados no edital do concurso<\/p>\r\n        <div class=\"box-botao\">\r\n          <a class=\"btn-assinatura-juridica\" target=\"_blank\" href=\"https:\/\/cj.estrategia.com\/curso\/tj-sc-juiz-substituto-pacote-teorico-pos-edital\/\" role=\"button\" rel=\"noopener noreferrer\">Conhe\u00e7a mais<\/a>\r\n        <\/div>\r\n      <\/div>\r\n      <p class=\"texto-auxiliar\">Prepare-se com o melhor material e com quem mais aprova em concursos de Procuradorias em todo o pa\u00eds. \r\n<\/p>\r\n    <\/div>\r\n\r\n  <\/div>\r\n<\/div>\n","protected":false},"excerpt":{"rendered":"Ol\u00e1, pessoal, tudo certo?! Em 13\/10\/2024, foi aplicada a prova objetiva do concurso p\u00fablico para o Tribunal de&hellip;\n","protected":false},"author":12,"featured_media":32260,"comment_status":"open","ping_status":"open","sticky":false,"template":"","format":"standard","meta":{"_jetpack_memberships_contains_paid_content":false,"footnotes":""},"categories":[26],"tags":[],"tax_estado":[54],"class_list":{"0":"post-80443","1":"post","2":"type-post","3":"status-publish","4":"format-standard","5":"has-post-thumbnail","7":"category-magistratura","8":"tax_estado-sc"},"acf":[],"yoast_head":"<!-- This site is optimized with the Yoast SEO Premium plugin v27.4 (Yoast SEO v27.4) - https:\/\/yoast.com\/product\/yoast-seo-premium-wordpress\/ -->\n<title>Prova comentada Legisla\u00e7\u00e3o Penal Especial Juiz TJ SC<\/title>\n<meta name=\"description\" content=\"Prova comentada Legisla\u00e7\u00e3o Penal Especial Juiz TJ SC: confira AQUI os coment\u00e1rios dos nossos professores e tire as suas d\u00favidas!\" \/>\n<meta name=\"robots\" content=\"index, follow, max-snippet:-1, max-image-preview:large, max-video-preview:-1\" \/>\n<link rel=\"canonical\" href=\"https:\/\/cj.estrategia.com\/portal\/prova-comentada-legislacao-penal-especial-juiz-tj-sc\/\" \/>\n<meta property=\"og:locale\" content=\"pt_BR\" \/>\n<meta property=\"og:type\" content=\"article\" \/>\n<meta property=\"og:title\" content=\"Prova comentada Legisla\u00e7\u00e3o Penal Especial Juiz TJ SC\" \/>\n<meta property=\"og:description\" content=\"Prova comentada Legisla\u00e7\u00e3o Penal Especial Juiz TJ SC: confira AQUI os coment\u00e1rios dos nossos professores e tire as suas d\u00favidas!\" \/>\n<meta property=\"og:url\" content=\"https:\/\/cj.estrategia.com\/portal\/prova-comentada-legislacao-penal-especial-juiz-tj-sc\/\" \/>\n<meta property=\"og:site_name\" content=\"Blog - Carreiras Jur\u00eddicas - Estrat\u00e9gia\" \/>\n<meta property=\"article:publisher\" content=\"https:\/\/www.facebook.com\/estrategiacarreirajuridica\/\" \/>\n<meta property=\"article:published_time\" content=\"2024-10-15T18:09:19+00:00\" \/>\n<meta property=\"article:modified_time\" content=\"2024-10-15T18:09:25+00:00\" \/>\n<meta property=\"og:image\" content=\"https:\/\/cj.estrategia.com\/portal\/wp-content\/uploads\/2023\/02\/27141038\/concurso-magistratura-sc-santa-catarina-juiz.jpg\" \/>\n\t<meta property=\"og:image:width\" content=\"960\" \/>\n\t<meta property=\"og:image:height\" content=\"540\" \/>\n\t<meta property=\"og:image:type\" content=\"image\/jpeg\" \/>\n<meta name=\"author\" content=\"Coordena\u00e7\u00e3o\" \/>\n<meta name=\"twitter:card\" content=\"summary_large_image\" \/>\n<meta name=\"twitter:creator\" content=\"@EstratJuridica\" \/>\n<meta name=\"twitter:site\" content=\"@EstratJuridica\" \/>\n<meta name=\"twitter:label1\" content=\"Escrito por\" \/>\n\t<meta name=\"twitter:data1\" content=\"Coordena\u00e7\u00e3o\" \/>\n\t<meta name=\"twitter:label2\" content=\"Est. tempo de leitura\" \/>\n\t<meta name=\"twitter:data2\" content=\"11 minutos\" \/>\n<script type=\"application\/ld+json\" class=\"yoast-schema-graph\">{\"@context\":\"https:\\\/\\\/schema.org\",\"@graph\":[{\"@type\":\"NewsArticle\",\"@id\":\"https:\\\/\\\/cj.estrategia.com\\\/portal\\\/prova-comentada-legislacao-penal-especial-juiz-tj-sc\\\/#article\",\"isPartOf\":{\"@id\":\"https:\\\/\\\/cj.estrategia.com\\\/portal\\\/prova-comentada-legislacao-penal-especial-juiz-tj-sc\\\/\"},\"author\":{\"name\":\"Coordena\u00e7\u00e3o\",\"@id\":\"https:\\\/\\\/cj.estrategia.com\\\/portal\\\/#\\\/schema\\\/person\\\/4d70317d31449932b99102916b6637f5\"},\"headline\":\"Prova comentada Legisla\u00e7\u00e3o Penal Especial Juiz TJ SC\",\"datePublished\":\"2024-10-15T18:09:19+00:00\",\"dateModified\":\"2024-10-15T18:09:25+00:00\",\"mainEntityOfPage\":{\"@id\":\"https:\\\/\\\/cj.estrategia.com\\\/portal\\\/prova-comentada-legislacao-penal-especial-juiz-tj-sc\\\/\"},\"wordCount\":2136,\"commentCount\":0,\"publisher\":{\"@id\":\"https:\\\/\\\/cj.estrategia.com\\\/portal\\\/#organization\"},\"image\":{\"@id\":\"https:\\\/\\\/cj.estrategia.com\\\/portal\\\/prova-comentada-legislacao-penal-especial-juiz-tj-sc\\\/#primaryimage\"},\"thumbnailUrl\":\"https:\\\/\\\/cj.estrategia.com\\\/portal\\\/wp-content\\\/uploads\\\/2023\\\/02\\\/27141038\\\/concurso-magistratura-sc-santa-catarina-juiz.jpg\",\"articleSection\":[\"Magistratura\"],\"inLanguage\":\"pt-BR\",\"potentialAction\":[{\"@type\":\"CommentAction\",\"name\":\"Comment\",\"target\":[\"https:\\\/\\\/cj.estrategia.com\\\/portal\\\/prova-comentada-legislacao-penal-especial-juiz-tj-sc\\\/#respond\"]}]},{\"@type\":\"WebPage\",\"@id\":\"https:\\\/\\\/cj.estrategia.com\\\/portal\\\/prova-comentada-legislacao-penal-especial-juiz-tj-sc\\\/\",\"url\":\"https:\\\/\\\/cj.estrategia.com\\\/portal\\\/prova-comentada-legislacao-penal-especial-juiz-tj-sc\\\/\",\"name\":\"Prova comentada Legisla\u00e7\u00e3o Penal Especial Juiz TJ SC\",\"isPartOf\":{\"@id\":\"https:\\\/\\\/cj.estrategia.com\\\/portal\\\/#website\"},\"primaryImageOfPage\":{\"@id\":\"https:\\\/\\\/cj.estrategia.com\\\/portal\\\/prova-comentada-legislacao-penal-especial-juiz-tj-sc\\\/#primaryimage\"},\"image\":{\"@id\":\"https:\\\/\\\/cj.estrategia.com\\\/portal\\\/prova-comentada-legislacao-penal-especial-juiz-tj-sc\\\/#primaryimage\"},\"thumbnailUrl\":\"https:\\\/\\\/cj.estrategia.com\\\/portal\\\/wp-content\\\/uploads\\\/2023\\\/02\\\/27141038\\\/concurso-magistratura-sc-santa-catarina-juiz.jpg\",\"datePublished\":\"2024-10-15T18:09:19+00:00\",\"dateModified\":\"2024-10-15T18:09:25+00:00\",\"description\":\"Prova comentada Legisla\u00e7\u00e3o Penal Especial Juiz TJ SC: confira AQUI os coment\u00e1rios dos nossos professores e tire as suas d\u00favidas!\",\"breadcrumb\":{\"@id\":\"https:\\\/\\\/cj.estrategia.com\\\/portal\\\/prova-comentada-legislacao-penal-especial-juiz-tj-sc\\\/#breadcrumb\"},\"inLanguage\":\"pt-BR\",\"potentialAction\":[{\"@type\":\"ReadAction\",\"target\":[\"https:\\\/\\\/cj.estrategia.com\\\/portal\\\/prova-comentada-legislacao-penal-especial-juiz-tj-sc\\\/\"]}]},{\"@type\":\"ImageObject\",\"inLanguage\":\"pt-BR\",\"@id\":\"https:\\\/\\\/cj.estrategia.com\\\/portal\\\/prova-comentada-legislacao-penal-especial-juiz-tj-sc\\\/#primaryimage\",\"url\":\"https:\\\/\\\/cj.estrategia.com\\\/portal\\\/wp-content\\\/uploads\\\/2023\\\/02\\\/27141038\\\/concurso-magistratura-sc-santa-catarina-juiz.jpg\",\"contentUrl\":\"https:\\\/\\\/cj.estrategia.com\\\/portal\\\/wp-content\\\/uploads\\\/2023\\\/02\\\/27141038\\\/concurso-magistratura-sc-santa-catarina-juiz.jpg\",\"width\":960,\"height\":540,\"caption\":\"Concurso Juiz SC\"},{\"@type\":\"BreadcrumbList\",\"@id\":\"https:\\\/\\\/cj.estrategia.com\\\/portal\\\/prova-comentada-legislacao-penal-especial-juiz-tj-sc\\\/#breadcrumb\",\"itemListElement\":[{\"@type\":\"ListItem\",\"position\":1,\"name\":\"In\u00edcio\",\"item\":\"https:\\\/\\\/cj.estrategia.com\\\/portal\\\/\"},{\"@type\":\"ListItem\",\"position\":2,\"name\":\"Prova comentada Legisla\u00e7\u00e3o Penal Especial Juiz TJ SC\"}]},{\"@type\":\"WebSite\",\"@id\":\"https:\\\/\\\/cj.estrategia.com\\\/portal\\\/#website\",\"url\":\"https:\\\/\\\/cj.estrategia.com\\\/portal\\\/\",\"name\":\"Blog - Carreiras Jur\u00eddicas - Estrat\u00e9gia\",\"description\":\"\",\"publisher\":{\"@id\":\"https:\\\/\\\/cj.estrategia.com\\\/portal\\\/#organization\"},\"potentialAction\":[{\"@type\":\"SearchAction\",\"target\":{\"@type\":\"EntryPoint\",\"urlTemplate\":\"https:\\\/\\\/cj.estrategia.com\\\/portal\\\/?s={search_term_string}\"},\"query-input\":{\"@type\":\"PropertyValueSpecification\",\"valueRequired\":true,\"valueName\":\"search_term_string\"}}],\"inLanguage\":\"pt-BR\"},{\"@type\":\"Organization\",\"@id\":\"https:\\\/\\\/cj.estrategia.com\\\/portal\\\/#organization\",\"name\":\"Estrat\u00e9gia - Carreiras Jur\u00eddicas\",\"url\":\"https:\\\/\\\/cj.estrategia.com\\\/portal\\\/\",\"logo\":{\"@type\":\"ImageObject\",\"inLanguage\":\"pt-BR\",\"@id\":\"https:\\\/\\\/cj.estrategia.com\\\/portal\\\/#\\\/schema\\\/logo\\\/image\\\/\",\"url\":\"https:\\\/\\\/cj.estrategia.com\\\/portal\\\/wp-content\\\/uploads\\\/2022\\\/03\\\/11151052\\\/cj-logo.png\",\"contentUrl\":\"https:\\\/\\\/cj.estrategia.com\\\/portal\\\/wp-content\\\/uploads\\\/2022\\\/03\\\/11151052\\\/cj-logo.png\",\"width\":150,\"height\":39,\"caption\":\"Estrat\u00e9gia - Carreiras Jur\u00eddicas\"},\"image\":{\"@id\":\"https:\\\/\\\/cj.estrategia.com\\\/portal\\\/#\\\/schema\\\/logo\\\/image\\\/\"},\"sameAs\":[\"https:\\\/\\\/www.facebook.com\\\/estrategiacarreirajuridica\\\/\",\"https:\\\/\\\/x.com\\\/EstratJuridica\",\"https:\\\/\\\/www.instagram.com\\\/estrategiacarreirajuridica\\\/\",\"https:\\\/\\\/www.youtube.com\\\/channel\\\/UClbMGuYbj2Mh1m3w144ETWQ\"]},{\"@type\":\"Person\",\"@id\":\"https:\\\/\\\/cj.estrategia.com\\\/portal\\\/#\\\/schema\\\/person\\\/4d70317d31449932b99102916b6637f5\",\"name\":\"Coordena\u00e7\u00e3o\",\"image\":{\"@type\":\"ImageObject\",\"inLanguage\":\"pt-BR\",\"@id\":\"https:\\\/\\\/cj.estrategia.com\\\/portal\\\/wp-content\\\/uploads\\\/2022\\\/05\\\/12164923\\\/estrategia-carreira-juridica-coordenacao-96x96.png\",\"url\":\"https:\\\/\\\/cj.estrategia.com\\\/portal\\\/wp-content\\\/uploads\\\/2022\\\/05\\\/12164923\\\/estrategia-carreira-juridica-coordenacao-96x96.png\",\"contentUrl\":\"https:\\\/\\\/cj.estrategia.com\\\/portal\\\/wp-content\\\/uploads\\\/2022\\\/05\\\/12164923\\\/estrategia-carreira-juridica-coordenacao-96x96.png\",\"caption\":\"Coordena\u00e7\u00e3o\"},\"url\":\"https:\\\/\\\/cj.estrategia.com\\\/portal\\\/author\\\/coordenacao\\\/\"}]}<\/script>\n<!-- \/ Yoast SEO Premium plugin. -->","yoast_head_json":{"title":"Prova comentada Legisla\u00e7\u00e3o Penal Especial Juiz TJ SC","description":"Prova comentada Legisla\u00e7\u00e3o Penal Especial Juiz TJ SC: confira AQUI os coment\u00e1rios dos nossos professores e tire as suas d\u00favidas!","robots":{"index":"index","follow":"follow","max-snippet":"max-snippet:-1","max-image-preview":"max-image-preview:large","max-video-preview":"max-video-preview:-1"},"canonical":"https:\/\/cj.estrategia.com\/portal\/prova-comentada-legislacao-penal-especial-juiz-tj-sc\/","og_locale":"pt_BR","og_type":"article","og_title":"Prova comentada Legisla\u00e7\u00e3o Penal Especial Juiz TJ SC","og_description":"Prova comentada Legisla\u00e7\u00e3o Penal Especial Juiz TJ SC: confira AQUI os coment\u00e1rios dos nossos professores e tire as suas d\u00favidas!","og_url":"https:\/\/cj.estrategia.com\/portal\/prova-comentada-legislacao-penal-especial-juiz-tj-sc\/","og_site_name":"Blog - Carreiras Jur\u00eddicas - Estrat\u00e9gia","article_publisher":"https:\/\/www.facebook.com\/estrategiacarreirajuridica\/","article_published_time":"2024-10-15T18:09:19+00:00","article_modified_time":"2024-10-15T18:09:25+00:00","og_image":[{"width":960,"height":540,"url":"https:\/\/cj.estrategia.com\/portal\/wp-content\/uploads\/2023\/02\/27141038\/concurso-magistratura-sc-santa-catarina-juiz.jpg","type":"image\/jpeg"}],"author":"Coordena\u00e7\u00e3o","twitter_card":"summary_large_image","twitter_creator":"@EstratJuridica","twitter_site":"@EstratJuridica","twitter_misc":{"Escrito por":"Coordena\u00e7\u00e3o","Est. tempo de leitura":"11 minutos"},"schema":{"@context":"https:\/\/schema.org","@graph":[{"@type":"NewsArticle","@id":"https:\/\/cj.estrategia.com\/portal\/prova-comentada-legislacao-penal-especial-juiz-tj-sc\/#article","isPartOf":{"@id":"https:\/\/cj.estrategia.com\/portal\/prova-comentada-legislacao-penal-especial-juiz-tj-sc\/"},"author":{"name":"Coordena\u00e7\u00e3o","@id":"https:\/\/cj.estrategia.com\/portal\/#\/schema\/person\/4d70317d31449932b99102916b6637f5"},"headline":"Prova comentada Legisla\u00e7\u00e3o Penal Especial Juiz TJ SC","datePublished":"2024-10-15T18:09:19+00:00","dateModified":"2024-10-15T18:09:25+00:00","mainEntityOfPage":{"@id":"https:\/\/cj.estrategia.com\/portal\/prova-comentada-legislacao-penal-especial-juiz-tj-sc\/"},"wordCount":2136,"commentCount":0,"publisher":{"@id":"https:\/\/cj.estrategia.com\/portal\/#organization"},"image":{"@id":"https:\/\/cj.estrategia.com\/portal\/prova-comentada-legislacao-penal-especial-juiz-tj-sc\/#primaryimage"},"thumbnailUrl":"https:\/\/cj.estrategia.com\/portal\/wp-content\/uploads\/2023\/02\/27141038\/concurso-magistratura-sc-santa-catarina-juiz.jpg","articleSection":["Magistratura"],"inLanguage":"pt-BR","potentialAction":[{"@type":"CommentAction","name":"Comment","target":["https:\/\/cj.estrategia.com\/portal\/prova-comentada-legislacao-penal-especial-juiz-tj-sc\/#respond"]}]},{"@type":"WebPage","@id":"https:\/\/cj.estrategia.com\/portal\/prova-comentada-legislacao-penal-especial-juiz-tj-sc\/","url":"https:\/\/cj.estrategia.com\/portal\/prova-comentada-legislacao-penal-especial-juiz-tj-sc\/","name":"Prova comentada Legisla\u00e7\u00e3o Penal Especial Juiz TJ SC","isPartOf":{"@id":"https:\/\/cj.estrategia.com\/portal\/#website"},"primaryImageOfPage":{"@id":"https:\/\/cj.estrategia.com\/portal\/prova-comentada-legislacao-penal-especial-juiz-tj-sc\/#primaryimage"},"image":{"@id":"https:\/\/cj.estrategia.com\/portal\/prova-comentada-legislacao-penal-especial-juiz-tj-sc\/#primaryimage"},"thumbnailUrl":"https:\/\/cj.estrategia.com\/portal\/wp-content\/uploads\/2023\/02\/27141038\/concurso-magistratura-sc-santa-catarina-juiz.jpg","datePublished":"2024-10-15T18:09:19+00:00","dateModified":"2024-10-15T18:09:25+00:00","description":"Prova comentada Legisla\u00e7\u00e3o Penal Especial Juiz TJ SC: confira AQUI os coment\u00e1rios dos nossos professores e tire as suas d\u00favidas!","breadcrumb":{"@id":"https:\/\/cj.estrategia.com\/portal\/prova-comentada-legislacao-penal-especial-juiz-tj-sc\/#breadcrumb"},"inLanguage":"pt-BR","potentialAction":[{"@type":"ReadAction","target":["https:\/\/cj.estrategia.com\/portal\/prova-comentada-legislacao-penal-especial-juiz-tj-sc\/"]}]},{"@type":"ImageObject","inLanguage":"pt-BR","@id":"https:\/\/cj.estrategia.com\/portal\/prova-comentada-legislacao-penal-especial-juiz-tj-sc\/#primaryimage","url":"https:\/\/cj.estrategia.com\/portal\/wp-content\/uploads\/2023\/02\/27141038\/concurso-magistratura-sc-santa-catarina-juiz.jpg","contentUrl":"https:\/\/cj.estrategia.com\/portal\/wp-content\/uploads\/2023\/02\/27141038\/concurso-magistratura-sc-santa-catarina-juiz.jpg","width":960,"height":540,"caption":"Concurso Juiz SC"},{"@type":"BreadcrumbList","@id":"https:\/\/cj.estrategia.com\/portal\/prova-comentada-legislacao-penal-especial-juiz-tj-sc\/#breadcrumb","itemListElement":[{"@type":"ListItem","position":1,"name":"In\u00edcio","item":"https:\/\/cj.estrategia.com\/portal\/"},{"@type":"ListItem","position":2,"name":"Prova comentada Legisla\u00e7\u00e3o Penal Especial Juiz TJ SC"}]},{"@type":"WebSite","@id":"https:\/\/cj.estrategia.com\/portal\/#website","url":"https:\/\/cj.estrategia.com\/portal\/","name":"Blog - Carreiras Jur\u00eddicas - Estrat\u00e9gia","description":"","publisher":{"@id":"https:\/\/cj.estrategia.com\/portal\/#organization"},"potentialAction":[{"@type":"SearchAction","target":{"@type":"EntryPoint","urlTemplate":"https:\/\/cj.estrategia.com\/portal\/?s={search_term_string}"},"query-input":{"@type":"PropertyValueSpecification","valueRequired":true,"valueName":"search_term_string"}}],"inLanguage":"pt-BR"},{"@type":"Organization","@id":"https:\/\/cj.estrategia.com\/portal\/#organization","name":"Estrat\u00e9gia - Carreiras Jur\u00eddicas","url":"https:\/\/cj.estrategia.com\/portal\/","logo":{"@type":"ImageObject","inLanguage":"pt-BR","@id":"https:\/\/cj.estrategia.com\/portal\/#\/schema\/logo\/image\/","url":"https:\/\/cj.estrategia.com\/portal\/wp-content\/uploads\/2022\/03\/11151052\/cj-logo.png","contentUrl":"https:\/\/cj.estrategia.com\/portal\/wp-content\/uploads\/2022\/03\/11151052\/cj-logo.png","width":150,"height":39,"caption":"Estrat\u00e9gia - Carreiras Jur\u00eddicas"},"image":{"@id":"https:\/\/cj.estrategia.com\/portal\/#\/schema\/logo\/image\/"},"sameAs":["https:\/\/www.facebook.com\/estrategiacarreirajuridica\/","https:\/\/x.com\/EstratJuridica","https:\/\/www.instagram.com\/estrategiacarreirajuridica\/","https:\/\/www.youtube.com\/channel\/UClbMGuYbj2Mh1m3w144ETWQ"]},{"@type":"Person","@id":"https:\/\/cj.estrategia.com\/portal\/#\/schema\/person\/4d70317d31449932b99102916b6637f5","name":"Coordena\u00e7\u00e3o","image":{"@type":"ImageObject","inLanguage":"pt-BR","@id":"https:\/\/cj.estrategia.com\/portal\/wp-content\/uploads\/2022\/05\/12164923\/estrategia-carreira-juridica-coordenacao-96x96.png","url":"https:\/\/cj.estrategia.com\/portal\/wp-content\/uploads\/2022\/05\/12164923\/estrategia-carreira-juridica-coordenacao-96x96.png","contentUrl":"https:\/\/cj.estrategia.com\/portal\/wp-content\/uploads\/2022\/05\/12164923\/estrategia-carreira-juridica-coordenacao-96x96.png","caption":"Coordena\u00e7\u00e3o"},"url":"https:\/\/cj.estrategia.com\/portal\/author\/coordenacao\/"}]}},"jetpack_featured_media_url":"https:\/\/cj.estrategia.com\/portal\/wp-content\/uploads\/2023\/02\/27141038\/concurso-magistratura-sc-santa-catarina-juiz.jpg","jetpack_sharing_enabled":true,"_links":{"self":[{"href":"https:\/\/cj.estrategia.com\/portal\/wp-json\/wp\/v2\/posts\/80443","targetHints":{"allow":["GET"]}}],"collection":[{"href":"https:\/\/cj.estrategia.com\/portal\/wp-json\/wp\/v2\/posts"}],"about":[{"href":"https:\/\/cj.estrategia.com\/portal\/wp-json\/wp\/v2\/types\/post"}],"author":[{"embeddable":true,"href":"https:\/\/cj.estrategia.com\/portal\/wp-json\/wp\/v2\/users\/12"}],"replies":[{"embeddable":true,"href":"https:\/\/cj.estrategia.com\/portal\/wp-json\/wp\/v2\/comments?post=80443"}],"version-history":[{"count":1,"href":"https:\/\/cj.estrategia.com\/portal\/wp-json\/wp\/v2\/posts\/80443\/revisions"}],"predecessor-version":[{"id":80459,"href":"https:\/\/cj.estrategia.com\/portal\/wp-json\/wp\/v2\/posts\/80443\/revisions\/80459"}],"wp:featuredmedia":[{"embeddable":true,"href":"https:\/\/cj.estrategia.com\/portal\/wp-json\/wp\/v2\/media\/32260"}],"wp:attachment":[{"href":"https:\/\/cj.estrategia.com\/portal\/wp-json\/wp\/v2\/media?parent=80443"}],"wp:term":[{"taxonomy":"category","embeddable":true,"href":"https:\/\/cj.estrategia.com\/portal\/wp-json\/wp\/v2\/categories?post=80443"},{"taxonomy":"post_tag","embeddable":true,"href":"https:\/\/cj.estrategia.com\/portal\/wp-json\/wp\/v2\/tags?post=80443"},{"taxonomy":"tax_estado","embeddable":true,"href":"https:\/\/cj.estrategia.com\/portal\/wp-json\/wp\/v2\/tax_estado?post=80443"}],"curies":[{"name":"wp","href":"https:\/\/api.w.org\/{rel}","templated":true}]}}