{"id":79192,"date":"2024-10-10T07:11:17","date_gmt":"2024-10-10T10:11:17","guid":{"rendered":"https:\/\/cj.estrategia.com\/portal\/?p=79192"},"modified":"2024-10-10T07:11:22","modified_gmt":"2024-10-10T10:11:22","slug":"licenca-maternidade-nao-gestante-homoafetiva","status":"publish","type":"post","link":"https:\/\/cj.estrategia.com\/portal\/licenca-maternidade-nao-gestante-homoafetiva\/","title":{"rendered":"Concess\u00e3o de licen\u00e7a-maternidade \u00e0 m\u00e3e n\u00e3o gestante em uma rela\u00e7\u00e3o homoafetiva: entendimento do STF"},"content":{"rendered":"\n<p class=\"has-small-font-size\"><strong>* Thiago de Paula Leite \u00e9 procurador do Estado de S\u00e3o Paulo e professor de direito ambiental e agr\u00e1rio do Estrat\u00e9gia.<\/strong>&nbsp;<\/p>\n\n\n\n<h2 class=\"wp-block-heading\" id=\"h-entenda-o-caso\"><span id=\"entenda-o-caso\"><mark style=\"background-color:rgba(0, 0, 0, 0)\" class=\"has-inline-color has-vivid-cyan-blue-color\">Entenda o caso<\/mark>\u00a0<\/span><\/h2>\n\n\n\n<p>Uma m\u00e9dica conseguiu na Justi\u00e7a do Trabalho o direito \u00e0 licen\u00e7a-maternidade pelo nascimento de sua filha. Ela \u00e9 l\u00e9sbica e vive em uni\u00e3o est\u00e1vel com sua companheira, que \u00e9 enfermeira. Ambas trabalham para a Empresa Brasileira de Servi\u00e7os Hospitalares (EBSERH).&nbsp;<\/p>\n\n\n\n<p>A enfermeira gerou o beb\u00ea, enquanto a m\u00e9dica fez tratamento para tamb\u00e9m amament\u00e1-lo. A empregadora (EBSERH) havia negado \u00e0 m\u00e9dica o direito \u00e0 licen\u00e7a-maternidade. No entanto, o Tribunal Regional do Trabalho da 5\u00aa Regi\u00e3o (BA) manteve a decis\u00e3o da 37\u00aa Vara do Trabalho de Salvador, concedendo o benef\u00edcio \u00e0 m\u00e3e.&nbsp;&nbsp;<\/p>\n\n\n\n<p>A empresa alegou que <strong><mark style=\"background-color:rgba(0, 0, 0, 0)\" class=\"has-inline-color has-vivid-red-color\">n\u00e3o havia previs\u00e3o legal<\/mark> para o caso e que o direito seria concedido apenas \u00e0 mulher que gestou a crian\u00e7a<\/strong>. Segundo a EBSERH, a Consolida\u00e7\u00e3o das Leis do Trabalho (CLT) prev\u00ea o direito \u00e0 licen\u00e7a-maternidade apenas para a m\u00e3e gestante, ou para quem adotar ou tiver a guarda judicial de uma crian\u00e7a. Inclusive, em caso de ado\u00e7\u00e3o conjunta apenas uma das m\u00e3es teria direito \u00e0 licen\u00e7a.\u00a0<\/p>\n\n\n\n<p>N\u00e3o satisfeita com a negativa, a m\u00e9dica ingressou com uma reclama\u00e7\u00e3o trabalhista, a fim de ver garantido o direito \u00e0 licen\u00e7a-maternidade.\u00a0<\/p>\n\n\n\n<h3 class=\"wp-block-heading\" id=\"h-decisao\"><span id=\"decisao\">Decis\u00e3o<\/span><\/h3>\n\n\n\n<div class=\"wp-block-media-text is-stacked-on-mobile\"><figure class=\"wp-block-media-text__media\"><img decoding=\"async\" width=\"1024\" height=\"683\" src=\"https:\/\/cj.estrategia.com\/portal\/wp-content\/uploads\/2024\/10\/10070652\/justica-julgamento-decisao-1024x683.jpg\" alt=\"Licen\u00e7a-maternidade, entendimento STF, decis\u00e3o\" class=\"wp-image-79212 size-full\" srcset=\"https:\/\/cj.estrategia.com\/portal\/wp-content\/uploads\/2024\/10\/10070652\/justica-julgamento-decisao-1024x683.jpg 1024w, https:\/\/cj.estrategia.com\/portal\/wp-content\/uploads\/2024\/10\/10070652\/justica-julgamento-decisao-300x200.jpg 300w, https:\/\/cj.estrategia.com\/portal\/wp-content\/uploads\/2024\/10\/10070652\/justica-julgamento-decisao-768x512.jpg 768w, https:\/\/cj.estrategia.com\/portal\/wp-content\/uploads\/2024\/10\/10070652\/justica-julgamento-decisao-1536x1024.jpg 1536w, https:\/\/cj.estrategia.com\/portal\/wp-content\/uploads\/2024\/10\/10070652\/justica-julgamento-decisao-2048x1365.jpg 2048w, https:\/\/cj.estrategia.com\/portal\/wp-content\/uploads\/2024\/10\/10070652\/justica-julgamento-decisao-380x253.jpg 380w, https:\/\/cj.estrategia.com\/portal\/wp-content\/uploads\/2024\/10\/10070652\/justica-julgamento-decisao-800x533.jpg 800w, https:\/\/cj.estrategia.com\/portal\/wp-content\/uploads\/2024\/10\/10070652\/justica-julgamento-decisao-1160x773.jpg 1160w, https:\/\/cj.estrategia.com\/portal\/wp-content\/uploads\/2024\/10\/10070652\/justica-julgamento-decisao-150x100.jpg 150w, https:\/\/cj.estrategia.com\/portal\/wp-content\/uploads\/2024\/10\/10070652\/justica-julgamento-decisao-scaled.jpg 2560w\" sizes=\"(max-width: 1024px) 100vw, 1024px\" \/><\/figure><div class=\"wp-block-media-text__content\">\n<p>A magistrada da vara do trabalho entendeu que o nascimento de uma crian\u00e7a em uma fam\u00edlia formada por um casal do mesmo sexo garante os mesmos direitos e deveres de qualquer outro casal.<\/p>\n<\/div><\/div>\n\n\n\n<p>Isso inclui o reconhecimento de ambos como pais ou m\u00e3es, com todas as responsabilidades legais, como o de cuidado, educa\u00e7\u00e3o e prote\u00e7\u00e3o. E, como a uni\u00e3o est\u00e1vel e o casamento homoafetivos s\u00e3o legalmente reconhecidos, n\u00e3o h\u00e1 porque negar o direito a licen\u00e7a-maternidade de ambas.<\/p>\n\n\n\n<p>Houve recurso da empresa para o Tribunal Regional do Trabalho, que confirmou o entendimento da magistrada de 1\u00ba grau.\u00a0<\/p>\n\n\n\n<p>O TRT informou que considerou a n\u00e3o concess\u00e3o da licen\u00e7a \u00e0 m\u00e3e n\u00e3o gestante como <strong>discriminat\u00f3ria<\/strong>, j\u00e1 que negar o direito significa consider\u00e1-la \u201cmenos m\u00e3e\u201d ou \u201cm\u00e3e desnecess\u00e1ria\u201d.\u00a0<\/p>\n\n\n\n<p class=\"has-text-align-left\">Ao final, tanto a m\u00e9dica quanto a enfermeira tiveram garantida, judicialmente, a licen\u00e7a-maternidade decorrente do nascimento do beb\u00ea.\u00a0<\/p>\n\n\n\n<h2 class=\"wp-block-heading\" id=\"h-analise-juridica\"><span id=\"analise-juridica\"><mark style=\"background-color:rgba(0, 0, 0, 0)\" class=\"has-inline-color has-vivid-cyan-blue-color\">An\u00e1lise jur\u00eddica<\/mark>\u00a0<\/span><\/h2>\n\n\n\n<p>A frui\u00e7\u00e3o da licen\u00e7a-maternidade n\u00e3o se limita \u00e0 recupera\u00e7\u00e3o do parto, mas visa ao fortalecimento do v\u00ednculo afetivo com a crian\u00e7a. Protege, portanto, a pr\u00f3pria fam\u00edlia. A aus\u00eancia de uma norma espec\u00edfica n\u00e3o pode ser impeditiva para o exerc\u00edcio da maternidade e dos direitos dela decorrentes.\u00a0<\/p>\n\n\n\n<p>A Constitui\u00e7\u00e3o Federal garante, em seus artigos 6\u00ba e 7\u00ba, XVIII, a prote\u00e7\u00e3o \u00e0 maternidade e \u00e0 inf\u00e2ncia como <strong><mark style=\"background-color:rgba(0, 0, 0, 0)\" class=\"has-inline-color has-vivid-red-color\">direitos sociais<\/mark><\/strong>.\u00a0\u00a0<\/p>\n\n\n\n<pre class=\"wp-block-preformatted\">CF\/88\u00a0\n\nArt. 6\u00ba S\u00e3o direitos sociais a educa\u00e7\u00e3o, a sa\u00fade, a alimenta\u00e7\u00e3o, o trabalho, a moradia, o transporte, o lazer, a seguran\u00e7a, a previd\u00eancia social, a prote\u00e7\u00e3o \u00e0 maternidade e \u00e0 inf\u00e2ncia, a assist\u00eancia aos desamparados, na forma desta Constitui\u00e7\u00e3o.\u00a0\n\n...\u00a0\n\nArt. 7\u00ba S\u00e3o direitos dos trabalhadores urbanos e rurais, al\u00e9m de outros que visem \u00e0 melhoria de sua condi\u00e7\u00e3o social:\u00a0\n\nXVIII - licen\u00e7a \u00e0 gestante, sem preju\u00edzo do emprego e do sal\u00e1rio, com a dura\u00e7\u00e3o de cento e vinte dias;<\/pre>\n\n\n\n<p>A Carta Magna continua indicando que a previd\u00eancia social e a assist\u00eancia social devem atender a prote\u00e7\u00e3o \u00e0 maternidade e \u00e0 fam\u00edlia.&nbsp;<\/p>\n\n\n\n<pre class=\"wp-block-preformatted\"><em>CF\/88<\/em>\n\n<em>Art. 201. A previd\u00eancia social ser\u00e1 organizada sob a forma do Regime Geral de Previd\u00eancia Social, de car\u00e1ter contributivo e de filia\u00e7\u00e3o obrigat\u00f3ria, observados crit\u00e9rios que preservem o equil\u00edbrio financeiro e atuarial, e atender\u00e1, na forma da lei, a:<\/em>\n\n<strong><em>II - prote\u00e7\u00e3o \u00e0 maternidade, especialmente \u00e0 gestante;<\/em><\/strong>\n\n...\n\n<em>Art. 203. A assist\u00eancia social ser\u00e1 prestada a quem dela necessitar, independentemente de contribui\u00e7\u00e3o \u00e0 seguridade social, e tem por objetivos:<\/em>\n\n<strong><em>I - a prote\u00e7\u00e3o \u00e0 fam\u00edlia, \u00e0 maternidade, \u00e0 inf\u00e2ncia, \u00e0 adolesc\u00eancia e \u00e0 velhice;<\/em><\/strong><\/pre>\n\n\n\n<p>O Judici\u00e1rio tem entendido que o tratamento desigual dado \u00e0 m\u00e3e n\u00e3o gestante acaba por resultar em uma <strong>conclus\u00e3o perpetuadora das desigualdades<\/strong>, o que deve ser corrigido pelo sistema de justi\u00e7a.\u00a0<\/p>\n\n\n\n<p>A desembargadora que julgou o recurso no TRT disparou:\u00a0<\/p>\n\n\n\n<blockquote class=\"wp-block-quote is-layout-flow wp-block-quote-is-layout-flow\">\n<p><\/p>\n<cite><em>\u201cAs particularidades devem ser examinadas caso a caso, e n\u00e3o com um padr\u00e3o preconceituoso de que todas as rela\u00e7\u00f5es homossexuais s\u00e3o iguais\u201d<\/em>.<\/cite><\/blockquote>\n\n\n\n<p>Deve ser considerada inaceit\u00e1vel uma interpreta\u00e7\u00e3o normativa limitada dos direitos de casais homoafetivos. Conceder licen\u00e7a-maternidade apenas \u00e0 m\u00e3e que gestou, quando ambas podem amamentar, cria uma distin\u00e7\u00e3o de direitos baseada em quest\u00f5es biol\u00f3gicas. Isso gera uma desigualdade jur\u00eddica e desconsidera a prote\u00e7\u00e3o \u00e0 maternidade da outra m\u00e3e.\u00a0<\/p>\n\n\n\n<h3 class=\"wp-block-heading\" id=\"h-tema-no-cnj\"><span id=\"tema-no-cnj\">Tema no CNJ\u00a0<\/span><\/h3>\n\n\n\n<p>A Resolu\u00e7\u00e3o CNJ n\u00ba 492\/2023 tornou obrigat\u00f3rias as diretrizes do <strong><mark style=\"background-color:rgba(0, 0, 0, 0)\" class=\"has-inline-color has-vivid-cyan-blue-color\">Protocolo para Julgamento com Perspectiva de G\u00eanero<\/mark> <\/strong>pelo Poder Judici\u00e1rio, instituindo obrigatoriedade de capacita\u00e7\u00e3o de magistrados e magistradas, relacionada a direitos humanos, g\u00eanero, ra\u00e7a e etnia.\u00a0<\/p>\n\n\n\n<p>Esse Protocolo tem influenciado magistrados e magistradas de todo o pa\u00eds a implementarem os direitos das mulheres, o que inclui a concess\u00e3o da licen\u00e7a-maternidade a m\u00e3es n\u00e3o gestantes.&nbsp;&nbsp;<\/p>\n\n\n\n<h3 class=\"wp-block-heading\" id=\"h-entendimento-do-stf\"><span id=\"entendimento-do-stf\">Entendimento do STF\u00a0<\/span><\/h3>\n\n\n\n<p>A Suprema Corte se se pronunciou, no TEMA 1.072, sobre a possibilidade de concess\u00e3o de licen\u00e7a-maternidade \u00e0 m\u00e3e n\u00e3o gestante, em uni\u00e3o est\u00e1vel homoafetiva, cuja companheira engravidou ap\u00f3s procedimento de insemina\u00e7\u00e3o artificial.&nbsp;&nbsp;<\/p>\n\n\n\n<p>A tese aprovada foi a seguinte:<\/p>\n\n\n\n<figure class=\"wp-block-pullquote\"><blockquote><p><strong><em><mark style=\"background-color:rgba(0, 0, 0, 0)\" class=\"has-inline-color has-vivid-cyan-blue-color\">A m\u00e3e servidora ou trabalhadora n\u00e3o gestante em uni\u00e3o homoafetiva tem direito ao gozo de licen\u00e7a-maternidade. Caso a companheira tenha utilizado o benef\u00edcio, far\u00e1 jus \u00e0 licen\u00e7a pelo per\u00edodo equivalente ao da licen\u00e7a-paternidade.<\/mark><\/em><\/strong><\/p><\/blockquote><\/figure>\n\n\n\n<p>Conforme ficou registrado na ementa, <em>a licen\u00e7a-maternidade constitui benef\u00edcio previdenci\u00e1rio destinado, em conjunto com outras previs\u00f5es, a concretizar o <\/em><strong><em>direito fundamental social de prote\u00e7\u00e3o \u00e0 maternidade e \u00e0 inf\u00e2ncia<\/em><\/strong><em>.<\/em>\u00a0<\/p>\n\n\n\n<pre class=\"wp-block-verse\"><em>A tem\u00e1tica relaciona-se \u00e0 inser\u00e7\u00e3o da mulher no mercado de trabalho, que conduziu os Estados a promoverem pol\u00edticas p\u00fablicas que conciliassem a vida familiar e o melhor interesse dos filhos com a atividade laboral, para o desenvolvimento pessoal e profissional da mulher.<\/em>&nbsp;<\/pre>\n\n\n\n<pre class=\"wp-block-verse\"><em>A prote\u00e7\u00e3o \u00e0 maternidade constitui medida de <\/em><strong><em><mark style=\"background-color:rgba(0, 0, 0, 0)\" class=\"has-inline-color has-vivid-red-color\">discrimina\u00e7\u00e3o positiva<\/mark><\/em><\/strong><em>, que reconhece a especial condi\u00e7\u00e3o ou papel da mulher no que concerne \u00e0 gera\u00e7\u00e3o de filhos e aos cuidados da primeira inf\u00e2ncia, tendo como ratio essendi primordial o bem estar da crian\u00e7a rec\u00e9m-nascida ou rec\u00e9m-incorporada \u00e0 unidade familiar.<\/em>\u00a0<\/pre>\n\n\n\n<p class=\"has-text-align-left cnvs-block-core-paragraph-1728552367116\"><em><strong>O conv\u00edvio pr\u00f3ximo com a genitora na primeira inf\u00e2ncia \u00e9 de fundamental import\u00e2ncia para o desenvolvimento ps\u00edquico saud\u00e1vel da crian\u00e7a<\/strong>.<\/em><\/p>\n\n\n\n<pre class=\"wp-block-verse\"><em>As normas constitucionais relativas ao direito \u00e0 licen\u00e7a-maternidade \u00e0 m\u00e3e n\u00e3o gestante em uni\u00e3o homoafetiva n\u00e3o podem ser interpretadas fora do contexto social em que o ordenamento jur\u00eddico brasileiro se insere, impondo-se op\u00e7\u00e3o por interpreta\u00e7\u00e3o que confira m\u00e1xima efetividade \u00e0s finalidades perseguidas pelo Texto Constitucional.<\/em>&nbsp;<\/pre>\n\n\n\n<pre class=\"wp-block-verse\"><em>\u00c0 luz da isonomia, n\u00e3o h\u00e1 que se falar exclus\u00e3o da licen\u00e7a-maternidade \u00e0s m\u00e3es n\u00e3o gestantes em uni\u00e3o homoafetiva. A Constitui\u00e7\u00e3o Federal de 1988 concede \u00e0 universalidade das mulheres a prote\u00e7\u00e3o constitucional \u00e0 maternidade, independentemente do pr\u00e9vio estado de gravidez.<\/em>&nbsp;<\/pre>\n\n\n\n<pre class=\"wp-block-verse\"><em>O reconhecimento da condi\u00e7\u00e3o de m\u00e3e \u00e0 mulher n\u00e3o gestante, em uni\u00e3o homoafetiva, no que concerne \u00e0 concess\u00e3o da licen\u00e7a-maternidade, tem o cond\u00e3o de fortalecer o direito \u00e0 igualdade material e, simbolicamente, de exteriorizar o respeito estatal \u00e0s diversas escolhas de vida e configura\u00e7\u00e3o familiares existentes.<\/em>&nbsp;<\/pre>\n\n\n\n<h2 class=\"wp-block-heading\" id=\"h-conclusao\"><span id=\"conclusao\"><mark style=\"background-color:rgba(0, 0, 0, 0)\" class=\"has-inline-color has-vivid-cyan-blue-color\">Conclus\u00e3o\u00a0<\/mark><\/span><\/h2>\n\n\n\n<p>Podemos concluir, portanto, que o ordenamento jur\u00eddico relacionado a concess\u00e3o da licen\u00e7a-maternidade deve ser interpretado dentro de um contexto voltado \u00e0 necessidade de garantir aos casais homoafetivos a prote\u00e7\u00e3o \u00e0 inf\u00e2ncia, \u00e0 maternidade e \u00e0 fam\u00edlia. Isso inclui o direito da m\u00e3e n\u00e3o gestante de usufruir do benef\u00edcio previdenci\u00e1rio em quest\u00e3o.\u00a0<\/p>\n\n\n\n<p>Tal conclus\u00e3o encontra amparo, como vimos, em entendimento vinculante do Supremo Tribunal Federal (TEMA 1.072), o que obriga os demais ju\u00edzes e tribunais a seguir essa normativa.&nbsp;<\/p>\n\n\n\n<p>Tema instigante e atual, com boas chances de cair em prova da magistratura, minist\u00e9rio p\u00fablico ou defensoria. Portanto, muita aten\u00e7\u00e3o!<\/p>\n\n\n\n<hr class=\"wp-block-separator has-alpha-channel-opacity\"\/>\n\n\n\n<h2 class=\"wp-block-heading has-text-align-center\" id=\"h-quer-saber-quais-serao-os-proximos-concursos\"><span id=\"quer-saber-quais-serao-os-proximos-concursos\">Quer saber quais ser\u00e3o os pr\u00f3ximos concursos?<\/span><\/h2>\n\n\n\n<p class=\"has-text-align-center\">Confira nossos&nbsp;<a href=\"https:\/\/cj.estrategia.com\/portal\/\" target=\"_blank\" >artigos para Carreiras Jur\u00eddicas<\/a>!<\/p>\n\n\n\n<p class=\"has-text-align-center has-white-color has-pale-cyan-blue-background-color has-text-color has-background has-link-color wp-elements-f3d5123bb0c8e11604d0c8c7f1ea8be8\"><a href=\"https:\/\/www.estrategiaconcursos.com.br\/blog\/concursos-abertos\/\" target=\"_blank\" >Confira os concursos p\u00fablicos abertos<\/a><\/p>\n\n\n\n<p class=\"has-text-align-center has-white-color has-pale-cyan-blue-background-color has-text-color has-background has-link-color wp-elements-94f2aad2f2b05ea3152ac5320a17d121\"><a href=\"https:\/\/cj.estrategia.com\/portal\/web-stories\/\" target=\"_blank\" >Concursos 2024<\/a><\/p>\n","protected":false},"excerpt":{"rendered":"* Thiago de Paula Leite \u00e9 procurador do Estado de S\u00e3o Paulo e professor de direito ambiental e&hellip;\n","protected":false},"author":81,"featured_media":79203,"comment_status":"open","ping_status":"open","sticky":false,"template":"","format":"standard","meta":{"_jetpack_memberships_contains_paid_content":false,"footnotes":""},"categories":[1],"tags":[336,228,1155,1151,1154,1156,1150,134,1153],"tax_estado":[30,31,32,33,34,35,36,37,38,39,40,41,42,43,44,45,46,47,48,49,50,51,52,53,54,55,56,57],"class_list":{"0":"post-79192","1":"post","2":"type-post","3":"status-publish","4":"format-standard","5":"has-post-thumbnail","7":"category-carreiras-juridicas","8":"tag-analise-juridica","9":"tag-cnj","10":"tag-discriminacao-positiva","11":"tag-licenca-maternidade","12":"tag-protecao-a-maternidade-e-a-infancia","13":"tag-protocolo-para-julgamento-com-perspectiva-de-genero","14":"tag-relacao-homoafetiva","15":"tag-stf","16":"tag-tema-1-072","17":"tax_estado-ac","18":"tax_estado-al","19":"tax_estado-am","20":"tax_estado-ap","21":"tax_estado-ba","22":"tax_estado-ce","23":"tax_estado-concursos-federais","24":"tax_estado-df","25":"tax_estado-es","26":"tax_estado-go","27":"tax_estado-ma","28":"tax_estado-mg","29":"tax_estado-ms","30":"tax_estado-mt","31":"tax_estado-pa","32":"tax_estado-pb","33":"tax_estado-pe","34":"tax_estado-pi","35":"tax_estado-pr","36":"tax_estado-rj","37":"tax_estado-rn","38":"tax_estado-ro","39":"tax_estado-rr","40":"tax_estado-rs","41":"tax_estado-sc","42":"tax_estado-se","43":"tax_estado-sp","44":"tax_estado-to"},"acf":[],"yoast_head":"<!-- This site is optimized with the Yoast SEO Premium plugin v27.4 (Yoast SEO v27.4) - https:\/\/yoast.com\/product\/yoast-seo-premium-wordpress\/ -->\n<title>Licen\u00e7a-maternidade \u00e0 m\u00e3e n\u00e3o gestante em rela\u00e7\u00e3o homoafetiva<\/title>\n<meta name=\"description\" content=\"A concess\u00e3o de licen\u00e7a-maternidade deve ter o intuito de garantir aos casais homoafetivos a prote\u00e7\u00e3o \u00e0 inf\u00e2ncia, \u00e0 maternidade e \u00e0 fam\u00edlia.\" \/>\n<meta name=\"robots\" content=\"index, follow, max-snippet:-1, max-image-preview:large, max-video-preview:-1\" \/>\n<link rel=\"canonical\" href=\"https:\/\/cj.estrategia.com\/portal\/licenca-maternidade-nao-gestante-homoafetiva\/\" \/>\n<meta property=\"og:locale\" content=\"pt_BR\" \/>\n<meta property=\"og:type\" content=\"article\" \/>\n<meta property=\"og:title\" content=\"Concess\u00e3o de licen\u00e7a-maternidade \u00e0 m\u00e3e n\u00e3o gestante em uma rela\u00e7\u00e3o homoafetiva: entendimento do STF\" \/>\n<meta property=\"og:description\" content=\"A concess\u00e3o de licen\u00e7a-maternidade deve ter o intuito de garantir aos casais homoafetivos a prote\u00e7\u00e3o \u00e0 inf\u00e2ncia, \u00e0 maternidade e \u00e0 fam\u00edlia.\" \/>\n<meta property=\"og:url\" content=\"https:\/\/cj.estrategia.com\/portal\/licenca-maternidade-nao-gestante-homoafetiva\/\" \/>\n<meta property=\"og:site_name\" content=\"Blog - Carreiras Jur\u00eddicas - Estrat\u00e9gia\" \/>\n<meta property=\"article:publisher\" content=\"https:\/\/www.facebook.com\/estrategiacarreirajuridica\/\" \/>\n<meta property=\"article:published_time\" content=\"2024-10-10T10:11:17+00:00\" \/>\n<meta property=\"article:modified_time\" content=\"2024-10-10T10:11:22+00:00\" \/>\n<meta property=\"og:image\" content=\"https:\/\/cj.estrategia.com\/portal\/wp-content\/uploads\/2024\/10\/10064058\/uniao-homoafetiva-gravidez.jpg\" \/>\n\t<meta property=\"og:image:width\" content=\"880\" \/>\n\t<meta property=\"og:image:height\" content=\"509\" \/>\n\t<meta property=\"og:image:type\" content=\"image\/jpeg\" \/>\n<meta name=\"author\" content=\"Thiago Leite\" \/>\n<meta name=\"twitter:card\" content=\"summary_large_image\" \/>\n<meta name=\"twitter:creator\" content=\"@EstratJuridica\" \/>\n<meta name=\"twitter:site\" content=\"@EstratJuridica\" \/>\n<meta name=\"twitter:label1\" content=\"Escrito por\" \/>\n\t<meta name=\"twitter:data1\" content=\"Thiago Leite\" \/>\n\t<meta name=\"twitter:label2\" content=\"Est. tempo de leitura\" \/>\n\t<meta name=\"twitter:data2\" content=\"5 minutos\" \/>\n<script type=\"application\/ld+json\" class=\"yoast-schema-graph\">{\"@context\":\"https:\\\/\\\/schema.org\",\"@graph\":[{\"@type\":\"NewsArticle\",\"@id\":\"https:\\\/\\\/cj.estrategia.com\\\/portal\\\/licenca-maternidade-nao-gestante-homoafetiva\\\/#article\",\"isPartOf\":{\"@id\":\"https:\\\/\\\/cj.estrategia.com\\\/portal\\\/licenca-maternidade-nao-gestante-homoafetiva\\\/\"},\"author\":{\"name\":\"Thiago Leite\",\"@id\":\"https:\\\/\\\/cj.estrategia.com\\\/portal\\\/#\\\/schema\\\/person\\\/7d7d2b1c8386e2eeacc0b09cfbc1d0ff\"},\"headline\":\"Concess\u00e3o de licen\u00e7a-maternidade \u00e0 m\u00e3e n\u00e3o gestante em uma rela\u00e7\u00e3o homoafetiva: entendimento do STF\",\"datePublished\":\"2024-10-10T10:11:17+00:00\",\"dateModified\":\"2024-10-10T10:11:22+00:00\",\"mainEntityOfPage\":{\"@id\":\"https:\\\/\\\/cj.estrategia.com\\\/portal\\\/licenca-maternidade-nao-gestante-homoafetiva\\\/\"},\"wordCount\":1005,\"commentCount\":0,\"publisher\":{\"@id\":\"https:\\\/\\\/cj.estrategia.com\\\/portal\\\/#organization\"},\"image\":{\"@id\":\"https:\\\/\\\/cj.estrategia.com\\\/portal\\\/licenca-maternidade-nao-gestante-homoafetiva\\\/#primaryimage\"},\"thumbnailUrl\":\"https:\\\/\\\/cj.estrategia.com\\\/portal\\\/wp-content\\\/uploads\\\/2024\\\/10\\\/10064058\\\/uniao-homoafetiva-gravidez.jpg\",\"keywords\":[\"an\u00e1lise jur\u00eddica\",\"CNJ\",\"discrimina\u00e7\u00e3o positiva\",\"licen\u00e7a-maternidade\",\"prote\u00e7\u00e3o \u00e0 maternidade e \u00e0 inf\u00e2ncia\",\"Protocolo para Julgamento com Perspectiva de G\u00eanero\",\"rela\u00e7\u00e3o homoafetiva\",\"STF\",\"Tema 1.072\"],\"articleSection\":[\"Carreiras Jur\u00eddicas\"],\"inLanguage\":\"pt-BR\",\"potentialAction\":[{\"@type\":\"CommentAction\",\"name\":\"Comment\",\"target\":[\"https:\\\/\\\/cj.estrategia.com\\\/portal\\\/licenca-maternidade-nao-gestante-homoafetiva\\\/#respond\"]}]},{\"@type\":\"WebPage\",\"@id\":\"https:\\\/\\\/cj.estrategia.com\\\/portal\\\/licenca-maternidade-nao-gestante-homoafetiva\\\/\",\"url\":\"https:\\\/\\\/cj.estrategia.com\\\/portal\\\/licenca-maternidade-nao-gestante-homoafetiva\\\/\",\"name\":\"Licen\u00e7a-maternidade \u00e0 m\u00e3e n\u00e3o gestante em rela\u00e7\u00e3o homoafetiva\",\"isPartOf\":{\"@id\":\"https:\\\/\\\/cj.estrategia.com\\\/portal\\\/#website\"},\"primaryImageOfPage\":{\"@id\":\"https:\\\/\\\/cj.estrategia.com\\\/portal\\\/licenca-maternidade-nao-gestante-homoafetiva\\\/#primaryimage\"},\"image\":{\"@id\":\"https:\\\/\\\/cj.estrategia.com\\\/portal\\\/licenca-maternidade-nao-gestante-homoafetiva\\\/#primaryimage\"},\"thumbnailUrl\":\"https:\\\/\\\/cj.estrategia.com\\\/portal\\\/wp-content\\\/uploads\\\/2024\\\/10\\\/10064058\\\/uniao-homoafetiva-gravidez.jpg\",\"datePublished\":\"2024-10-10T10:11:17+00:00\",\"dateModified\":\"2024-10-10T10:11:22+00:00\",\"description\":\"A concess\u00e3o de licen\u00e7a-maternidade deve ter o intuito de garantir aos casais homoafetivos a prote\u00e7\u00e3o \u00e0 inf\u00e2ncia, \u00e0 maternidade e \u00e0 fam\u00edlia.\",\"breadcrumb\":{\"@id\":\"https:\\\/\\\/cj.estrategia.com\\\/portal\\\/licenca-maternidade-nao-gestante-homoafetiva\\\/#breadcrumb\"},\"inLanguage\":\"pt-BR\",\"potentialAction\":[{\"@type\":\"ReadAction\",\"target\":[\"https:\\\/\\\/cj.estrategia.com\\\/portal\\\/licenca-maternidade-nao-gestante-homoafetiva\\\/\"]}]},{\"@type\":\"ImageObject\",\"inLanguage\":\"pt-BR\",\"@id\":\"https:\\\/\\\/cj.estrategia.com\\\/portal\\\/licenca-maternidade-nao-gestante-homoafetiva\\\/#primaryimage\",\"url\":\"https:\\\/\\\/cj.estrategia.com\\\/portal\\\/wp-content\\\/uploads\\\/2024\\\/10\\\/10064058\\\/uniao-homoafetiva-gravidez.jpg\",\"contentUrl\":\"https:\\\/\\\/cj.estrategia.com\\\/portal\\\/wp-content\\\/uploads\\\/2024\\\/10\\\/10064058\\\/uniao-homoafetiva-gravidez.jpg\",\"width\":880,\"height\":509},{\"@type\":\"BreadcrumbList\",\"@id\":\"https:\\\/\\\/cj.estrategia.com\\\/portal\\\/licenca-maternidade-nao-gestante-homoafetiva\\\/#breadcrumb\",\"itemListElement\":[{\"@type\":\"ListItem\",\"position\":1,\"name\":\"In\u00edcio\",\"item\":\"https:\\\/\\\/cj.estrategia.com\\\/portal\\\/\"},{\"@type\":\"ListItem\",\"position\":2,\"name\":\"Concess\u00e3o de licen\u00e7a-maternidade \u00e0 m\u00e3e n\u00e3o gestante em uma rela\u00e7\u00e3o homoafetiva: entendimento do STF\"}]},{\"@type\":\"WebSite\",\"@id\":\"https:\\\/\\\/cj.estrategia.com\\\/portal\\\/#website\",\"url\":\"https:\\\/\\\/cj.estrategia.com\\\/portal\\\/\",\"name\":\"Blog - Carreiras Jur\u00eddicas - Estrat\u00e9gia\",\"description\":\"\",\"publisher\":{\"@id\":\"https:\\\/\\\/cj.estrategia.com\\\/portal\\\/#organization\"},\"potentialAction\":[{\"@type\":\"SearchAction\",\"target\":{\"@type\":\"EntryPoint\",\"urlTemplate\":\"https:\\\/\\\/cj.estrategia.com\\\/portal\\\/?s={search_term_string}\"},\"query-input\":{\"@type\":\"PropertyValueSpecification\",\"valueRequired\":true,\"valueName\":\"search_term_string\"}}],\"inLanguage\":\"pt-BR\"},{\"@type\":\"Organization\",\"@id\":\"https:\\\/\\\/cj.estrategia.com\\\/portal\\\/#organization\",\"name\":\"Estrat\u00e9gia - Carreiras Jur\u00eddicas\",\"url\":\"https:\\\/\\\/cj.estrategia.com\\\/portal\\\/\",\"logo\":{\"@type\":\"ImageObject\",\"inLanguage\":\"pt-BR\",\"@id\":\"https:\\\/\\\/cj.estrategia.com\\\/portal\\\/#\\\/schema\\\/logo\\\/image\\\/\",\"url\":\"https:\\\/\\\/cj.estrategia.com\\\/portal\\\/wp-content\\\/uploads\\\/2022\\\/03\\\/11151052\\\/cj-logo.png\",\"contentUrl\":\"https:\\\/\\\/cj.estrategia.com\\\/portal\\\/wp-content\\\/uploads\\\/2022\\\/03\\\/11151052\\\/cj-logo.png\",\"width\":150,\"height\":39,\"caption\":\"Estrat\u00e9gia - Carreiras Jur\u00eddicas\"},\"image\":{\"@id\":\"https:\\\/\\\/cj.estrategia.com\\\/portal\\\/#\\\/schema\\\/logo\\\/image\\\/\"},\"sameAs\":[\"https:\\\/\\\/www.facebook.com\\\/estrategiacarreirajuridica\\\/\",\"https:\\\/\\\/x.com\\\/EstratJuridica\",\"https:\\\/\\\/www.instagram.com\\\/estrategiacarreirajuridica\\\/\",\"https:\\\/\\\/www.youtube.com\\\/channel\\\/UClbMGuYbj2Mh1m3w144ETWQ\"]},{\"@type\":\"Person\",\"@id\":\"https:\\\/\\\/cj.estrategia.com\\\/portal\\\/#\\\/schema\\\/person\\\/7d7d2b1c8386e2eeacc0b09cfbc1d0ff\",\"name\":\"Thiago Leite\",\"image\":{\"@type\":\"ImageObject\",\"inLanguage\":\"pt-BR\",\"@id\":\"https:\\\/\\\/secure.gravatar.com\\\/avatar\\\/15ff5746ff9e313f1248fe2373ce03309054e96387bb9249055458d0c1aaa297?s=96&d=mm&r=g\",\"url\":\"https:\\\/\\\/secure.gravatar.com\\\/avatar\\\/15ff5746ff9e313f1248fe2373ce03309054e96387bb9249055458d0c1aaa297?s=96&d=mm&r=g\",\"contentUrl\":\"https:\\\/\\\/secure.gravatar.com\\\/avatar\\\/15ff5746ff9e313f1248fe2373ce03309054e96387bb9249055458d0c1aaa297?s=96&d=mm&r=g\",\"caption\":\"Thiago Leite\"},\"description\":\"Thiago de Paula Leite \u00e9 procurador do Estado de S\u00e3o Paulo e professor de direito ambiental e agr\u00e1rio do Estrat\u00e9gia.\",\"url\":\"https:\\\/\\\/cj.estrategia.com\\\/portal\\\/author\\\/thiago-leite\\\/\"}]}<\/script>\n<!-- \/ Yoast SEO Premium plugin. -->","yoast_head_json":{"title":"Licen\u00e7a-maternidade \u00e0 m\u00e3e n\u00e3o gestante em rela\u00e7\u00e3o homoafetiva","description":"A concess\u00e3o de licen\u00e7a-maternidade deve ter o intuito de garantir aos casais homoafetivos a prote\u00e7\u00e3o \u00e0 inf\u00e2ncia, \u00e0 maternidade e \u00e0 fam\u00edlia.","robots":{"index":"index","follow":"follow","max-snippet":"max-snippet:-1","max-image-preview":"max-image-preview:large","max-video-preview":"max-video-preview:-1"},"canonical":"https:\/\/cj.estrategia.com\/portal\/licenca-maternidade-nao-gestante-homoafetiva\/","og_locale":"pt_BR","og_type":"article","og_title":"Concess\u00e3o de licen\u00e7a-maternidade \u00e0 m\u00e3e n\u00e3o gestante em uma rela\u00e7\u00e3o homoafetiva: entendimento do STF","og_description":"A concess\u00e3o de licen\u00e7a-maternidade deve ter o intuito de garantir aos casais homoafetivos a prote\u00e7\u00e3o \u00e0 inf\u00e2ncia, \u00e0 maternidade e \u00e0 fam\u00edlia.","og_url":"https:\/\/cj.estrategia.com\/portal\/licenca-maternidade-nao-gestante-homoafetiva\/","og_site_name":"Blog - Carreiras Jur\u00eddicas - Estrat\u00e9gia","article_publisher":"https:\/\/www.facebook.com\/estrategiacarreirajuridica\/","article_published_time":"2024-10-10T10:11:17+00:00","article_modified_time":"2024-10-10T10:11:22+00:00","og_image":[{"width":880,"height":509,"url":"https:\/\/cj.estrategia.com\/portal\/wp-content\/uploads\/2024\/10\/10064058\/uniao-homoafetiva-gravidez.jpg","type":"image\/jpeg"}],"author":"Thiago Leite","twitter_card":"summary_large_image","twitter_creator":"@EstratJuridica","twitter_site":"@EstratJuridica","twitter_misc":{"Escrito por":"Thiago Leite","Est. tempo de leitura":"5 minutos"},"schema":{"@context":"https:\/\/schema.org","@graph":[{"@type":"NewsArticle","@id":"https:\/\/cj.estrategia.com\/portal\/licenca-maternidade-nao-gestante-homoafetiva\/#article","isPartOf":{"@id":"https:\/\/cj.estrategia.com\/portal\/licenca-maternidade-nao-gestante-homoafetiva\/"},"author":{"name":"Thiago Leite","@id":"https:\/\/cj.estrategia.com\/portal\/#\/schema\/person\/7d7d2b1c8386e2eeacc0b09cfbc1d0ff"},"headline":"Concess\u00e3o de licen\u00e7a-maternidade \u00e0 m\u00e3e n\u00e3o gestante em uma rela\u00e7\u00e3o homoafetiva: entendimento do STF","datePublished":"2024-10-10T10:11:17+00:00","dateModified":"2024-10-10T10:11:22+00:00","mainEntityOfPage":{"@id":"https:\/\/cj.estrategia.com\/portal\/licenca-maternidade-nao-gestante-homoafetiva\/"},"wordCount":1005,"commentCount":0,"publisher":{"@id":"https:\/\/cj.estrategia.com\/portal\/#organization"},"image":{"@id":"https:\/\/cj.estrategia.com\/portal\/licenca-maternidade-nao-gestante-homoafetiva\/#primaryimage"},"thumbnailUrl":"https:\/\/cj.estrategia.com\/portal\/wp-content\/uploads\/2024\/10\/10064058\/uniao-homoafetiva-gravidez.jpg","keywords":["an\u00e1lise jur\u00eddica","CNJ","discrimina\u00e7\u00e3o positiva","licen\u00e7a-maternidade","prote\u00e7\u00e3o \u00e0 maternidade e \u00e0 inf\u00e2ncia","Protocolo para Julgamento com Perspectiva de G\u00eanero","rela\u00e7\u00e3o homoafetiva","STF","Tema 1.072"],"articleSection":["Carreiras Jur\u00eddicas"],"inLanguage":"pt-BR","potentialAction":[{"@type":"CommentAction","name":"Comment","target":["https:\/\/cj.estrategia.com\/portal\/licenca-maternidade-nao-gestante-homoafetiva\/#respond"]}]},{"@type":"WebPage","@id":"https:\/\/cj.estrategia.com\/portal\/licenca-maternidade-nao-gestante-homoafetiva\/","url":"https:\/\/cj.estrategia.com\/portal\/licenca-maternidade-nao-gestante-homoafetiva\/","name":"Licen\u00e7a-maternidade \u00e0 m\u00e3e n\u00e3o gestante em rela\u00e7\u00e3o homoafetiva","isPartOf":{"@id":"https:\/\/cj.estrategia.com\/portal\/#website"},"primaryImageOfPage":{"@id":"https:\/\/cj.estrategia.com\/portal\/licenca-maternidade-nao-gestante-homoafetiva\/#primaryimage"},"image":{"@id":"https:\/\/cj.estrategia.com\/portal\/licenca-maternidade-nao-gestante-homoafetiva\/#primaryimage"},"thumbnailUrl":"https:\/\/cj.estrategia.com\/portal\/wp-content\/uploads\/2024\/10\/10064058\/uniao-homoafetiva-gravidez.jpg","datePublished":"2024-10-10T10:11:17+00:00","dateModified":"2024-10-10T10:11:22+00:00","description":"A concess\u00e3o de licen\u00e7a-maternidade deve ter o intuito de garantir aos casais homoafetivos a prote\u00e7\u00e3o \u00e0 inf\u00e2ncia, \u00e0 maternidade e \u00e0 fam\u00edlia.","breadcrumb":{"@id":"https:\/\/cj.estrategia.com\/portal\/licenca-maternidade-nao-gestante-homoafetiva\/#breadcrumb"},"inLanguage":"pt-BR","potentialAction":[{"@type":"ReadAction","target":["https:\/\/cj.estrategia.com\/portal\/licenca-maternidade-nao-gestante-homoafetiva\/"]}]},{"@type":"ImageObject","inLanguage":"pt-BR","@id":"https:\/\/cj.estrategia.com\/portal\/licenca-maternidade-nao-gestante-homoafetiva\/#primaryimage","url":"https:\/\/cj.estrategia.com\/portal\/wp-content\/uploads\/2024\/10\/10064058\/uniao-homoafetiva-gravidez.jpg","contentUrl":"https:\/\/cj.estrategia.com\/portal\/wp-content\/uploads\/2024\/10\/10064058\/uniao-homoafetiva-gravidez.jpg","width":880,"height":509},{"@type":"BreadcrumbList","@id":"https:\/\/cj.estrategia.com\/portal\/licenca-maternidade-nao-gestante-homoafetiva\/#breadcrumb","itemListElement":[{"@type":"ListItem","position":1,"name":"In\u00edcio","item":"https:\/\/cj.estrategia.com\/portal\/"},{"@type":"ListItem","position":2,"name":"Concess\u00e3o de licen\u00e7a-maternidade \u00e0 m\u00e3e n\u00e3o gestante em uma rela\u00e7\u00e3o homoafetiva: entendimento do STF"}]},{"@type":"WebSite","@id":"https:\/\/cj.estrategia.com\/portal\/#website","url":"https:\/\/cj.estrategia.com\/portal\/","name":"Blog - Carreiras Jur\u00eddicas - Estrat\u00e9gia","description":"","publisher":{"@id":"https:\/\/cj.estrategia.com\/portal\/#organization"},"potentialAction":[{"@type":"SearchAction","target":{"@type":"EntryPoint","urlTemplate":"https:\/\/cj.estrategia.com\/portal\/?s={search_term_string}"},"query-input":{"@type":"PropertyValueSpecification","valueRequired":true,"valueName":"search_term_string"}}],"inLanguage":"pt-BR"},{"@type":"Organization","@id":"https:\/\/cj.estrategia.com\/portal\/#organization","name":"Estrat\u00e9gia - Carreiras Jur\u00eddicas","url":"https:\/\/cj.estrategia.com\/portal\/","logo":{"@type":"ImageObject","inLanguage":"pt-BR","@id":"https:\/\/cj.estrategia.com\/portal\/#\/schema\/logo\/image\/","url":"https:\/\/cj.estrategia.com\/portal\/wp-content\/uploads\/2022\/03\/11151052\/cj-logo.png","contentUrl":"https:\/\/cj.estrategia.com\/portal\/wp-content\/uploads\/2022\/03\/11151052\/cj-logo.png","width":150,"height":39,"caption":"Estrat\u00e9gia - Carreiras Jur\u00eddicas"},"image":{"@id":"https:\/\/cj.estrategia.com\/portal\/#\/schema\/logo\/image\/"},"sameAs":["https:\/\/www.facebook.com\/estrategiacarreirajuridica\/","https:\/\/x.com\/EstratJuridica","https:\/\/www.instagram.com\/estrategiacarreirajuridica\/","https:\/\/www.youtube.com\/channel\/UClbMGuYbj2Mh1m3w144ETWQ"]},{"@type":"Person","@id":"https:\/\/cj.estrategia.com\/portal\/#\/schema\/person\/7d7d2b1c8386e2eeacc0b09cfbc1d0ff","name":"Thiago Leite","image":{"@type":"ImageObject","inLanguage":"pt-BR","@id":"https:\/\/secure.gravatar.com\/avatar\/15ff5746ff9e313f1248fe2373ce03309054e96387bb9249055458d0c1aaa297?s=96&d=mm&r=g","url":"https:\/\/secure.gravatar.com\/avatar\/15ff5746ff9e313f1248fe2373ce03309054e96387bb9249055458d0c1aaa297?s=96&d=mm&r=g","contentUrl":"https:\/\/secure.gravatar.com\/avatar\/15ff5746ff9e313f1248fe2373ce03309054e96387bb9249055458d0c1aaa297?s=96&d=mm&r=g","caption":"Thiago Leite"},"description":"Thiago de Paula Leite \u00e9 procurador do Estado de S\u00e3o Paulo e professor de direito ambiental e agr\u00e1rio do Estrat\u00e9gia.","url":"https:\/\/cj.estrategia.com\/portal\/author\/thiago-leite\/"}]}},"jetpack_featured_media_url":"https:\/\/cj.estrategia.com\/portal\/wp-content\/uploads\/2024\/10\/10064058\/uniao-homoafetiva-gravidez.jpg","jetpack_sharing_enabled":true,"_links":{"self":[{"href":"https:\/\/cj.estrategia.com\/portal\/wp-json\/wp\/v2\/posts\/79192","targetHints":{"allow":["GET"]}}],"collection":[{"href":"https:\/\/cj.estrategia.com\/portal\/wp-json\/wp\/v2\/posts"}],"about":[{"href":"https:\/\/cj.estrategia.com\/portal\/wp-json\/wp\/v2\/types\/post"}],"author":[{"embeddable":true,"href":"https:\/\/cj.estrategia.com\/portal\/wp-json\/wp\/v2\/users\/81"}],"replies":[{"embeddable":true,"href":"https:\/\/cj.estrategia.com\/portal\/wp-json\/wp\/v2\/comments?post=79192"}],"version-history":[{"count":10,"href":"https:\/\/cj.estrategia.com\/portal\/wp-json\/wp\/v2\/posts\/79192\/revisions"}],"predecessor-version":[{"id":79216,"href":"https:\/\/cj.estrategia.com\/portal\/wp-json\/wp\/v2\/posts\/79192\/revisions\/79216"}],"wp:featuredmedia":[{"embeddable":true,"href":"https:\/\/cj.estrategia.com\/portal\/wp-json\/wp\/v2\/media\/79203"}],"wp:attachment":[{"href":"https:\/\/cj.estrategia.com\/portal\/wp-json\/wp\/v2\/media?parent=79192"}],"wp:term":[{"taxonomy":"category","embeddable":true,"href":"https:\/\/cj.estrategia.com\/portal\/wp-json\/wp\/v2\/categories?post=79192"},{"taxonomy":"post_tag","embeddable":true,"href":"https:\/\/cj.estrategia.com\/portal\/wp-json\/wp\/v2\/tags?post=79192"},{"taxonomy":"tax_estado","embeddable":true,"href":"https:\/\/cj.estrategia.com\/portal\/wp-json\/wp\/v2\/tax_estado?post=79192"}],"curies":[{"name":"wp","href":"https:\/\/api.w.org\/{rel}","templated":true}]}}